{"id":168383,"date":"2026-07-07T18:59:57","date_gmt":"2026-07-07T15:59:57","guid":{"rendered":"https:\/\/epochtimestr.com\/?p=168383"},"modified":"2026-07-07T18:59:59","modified_gmt":"2026-07-07T15:59:59","slug":"merdan-yanardag-kilicdarogluyla-gorusmem-dedi","status":"publish","type":"post","link":"https:\/\/epochtimestr.com\/index.php\/merdan-yanardag-kilicdarogluyla-gorusmem-dedi","title":{"rendered":"Merdan Yanarda\u011f &#8220;K\u0131l\u0131\u00e7daro\u011flu&#8217;yla G\u00f6r\u00fc\u015fmem&#8221; Dedi"},"content":{"rendered":"<div class=\"wp-block-image\">\n<figure class=\"aligncenter size-full\"><img loading=\"lazy\" decoding=\"async\" width=\"1280\" height=\"720\" src=\"https:\/\/epochtimestr.com\/wp-content\/uploads\/2011y\/tele1.webp\" alt=\"Merdan Yanarda\u011f &quot;K\u0131l\u0131\u00e7daro\u011flu'yla g\u00f6r\u00fc\u015fmem&quot; dedi (Foto\u011fraf: TELE1 Merdan Yanarda\u011f 17\/07\/2024 tarihli ar\u015fiv)\" class=\"wp-image-168384\" srcset=\"https:\/\/epochtimestr.com\/wp-content\/uploads\/2011y\/tele1.webp 1280w, https:\/\/epochtimestr.com\/wp-content\/uploads\/2011y\/tele1-300x169.webp 300w, https:\/\/epochtimestr.com\/wp-content\/uploads\/2011y\/tele1-150x84.webp 150w, https:\/\/epochtimestr.com\/wp-content\/uploads\/2011y\/tele1-768x432.webp 768w\" sizes=\"(max-width: 1280px) 100vw, 1280px\" \/><figcaption class=\"wp-element-caption\">Merdan Yanarda\u011f &#8220;K\u0131l\u0131\u00e7daro\u011flu&#8217;yla g\u00f6r\u00fc\u015fmem&#8221; dedi (Foto\u011fraf: TELE1 Merdan Yanarda\u011f 17\/07\/2024 tarihli ar\u015fiv)<\/figcaption><\/figure><\/div>\n\n\n<h2 class=\"wp-block-heading\">Silivri&#8217;de g\u00f6r\u00fclen davan\u0131n duru\u015fmas\u0131nda ifade veren TELE1 Genel Yay\u0131n Y\u00f6netmeni Yanarda\u011f, duru\u015fma aras\u0131nda gazetecilere a\u00e7\u0131klama yapt\u0131.<\/h2>\n\n\n\n<p>Tutuklu \u0130stanbul B\u00fcy\u00fck\u015fehir Belediye (\u0130BB) Ba\u015fkan\u0131 <a href=\"https:\/\/epochtimestr.com\/index.php\/ibb-davasinda-ekrem-imamoglu-salondan-cikarildi\" target=\"_blank\" rel=\"noreferrer noopener\">Ekrem \u0130mamo\u011flu<\/a>, se\u00e7im kampanyas\u0131 direkt\u00f6r\u00fc Necati \u00d6zkan ve TELE1 Genel Yay\u0131n Y\u00f6netmeni Merdan Yanarda\u011f\u2019\u0131n &#8220;siyasal casusluk&#8221; su\u00e7lamas\u0131yla yarg\u0131land\u0131\u011f\u0131 davan\u0131n ikinci duru\u015fmas\u0131 bug\u00fcn \u0130stanbul 25. A\u011f\u0131r Ceza Mahkemesince <a href=\"https:\/\/epochtimestr.com\/index.php\/silivride-tutuklu-gencler-tahliye-edildi\" target=\"_blank\" rel=\"noreferrer noopener\">Silivri Cezaevi <\/a>yerle\u015fkesinde g\u00f6r\u00fcld\u00fc. Duru\u015fma 29 Eyl\u00fcl tarihine ertelendi.<\/p>\n\n\n\n<p>Kayy\u0131m atanan <a href=\"https:\/\/epochtimestr.com\/index.php\/imamoglu-silivride-ayni-gun-uc-davadan-yargilandi\" target=\"_blank\" rel=\"noreferrer noopener\">TELE1&#8217;in Genel Yay\u0131n Y\u00f6netmeni<\/a> Merdan Yanarda\u011f savunma yapt\u0131. Gazetecilere K\u0131l\u0131\u00e7daro\u011flu\u2019nun kendisi ile g\u00f6r\u00fc\u015fmek istedi\u011fini anlatan Merdan Yanarda\u011f, \u201cPek niyetim yok ama de\u011ferlendiriyorum. G\u00f6r\u00fc\u015fmeyi kabul etmem i\u00e7in biri arac\u0131 oldu, rica etti\u201d s\u00f6zlerini dile getirdi.<\/p>\n\n\n\n<p><strong>K\u0131l\u0131\u00e7daro\u011flu&#8217;na yak\u0131n isimlerden Deniz Demir sosyal medya hesab\u0131ndan yapt\u0131\u011f\u0131 a\u00e7\u0131klamada;<\/strong><\/p>\n\n\n\n<p>&#8220;Genel Ba\u015fkan\u0131m\u0131z Say\u0131n Kemal K\u0131l\u0131\u00e7daro\u011flu\u2019nun, s\u00f6z konusu haberde iddia edildi\u011finin aksine, do\u011frudan ya da dolayl\u0131 hi\u00e7bir g\u00f6r\u00fc\u015fme talebi olmam\u0131\u015ft\u0131r. Bu as\u0131ls\u0131z iddiay\u0131, konunun muhatab\u0131 olan Say\u0131n Genel Ba\u015fkan\u0131m\u0131za do\u011frulatmadan yay\u0131nlamak, bas\u0131n meslek ilkeleriyle ba\u011fda\u015fmamaktad\u0131r. Bizler bas\u0131n \u00f6zg\u00fcrl\u00fc\u011f\u00fcn\u00fc kararl\u0131l\u0131kla savunurken, bas\u0131n kurulu\u015flar\u0131n\u0131n da habercilik eti\u011fi ve sorumluluk bilinci konusunda gerekli \u00f6zeni g\u00f6stermelerini bekliyoruz.&#8221; dedi.<\/p>\n\n\n\n<p>Yanarda\u011f, Kemal K\u0131l\u0131\u00e7daro\u011flu&#8217;nun canl\u0131 yay\u0131nda sorular\u0131 yan\u0131tlad\u0131\u011f\u0131 programa &#8220;Niyetiniz ne olursa olsun iktidar ile paralel bir g\u00f6r\u00fcnt\u00fc sergiliyorsunuz. \u00d6yle ki benim iddianamemde sizinle yapt\u0131\u011f\u0131m r\u00f6portaj tutuklanmama sebep olarak g\u00f6sterilirken bu konuda tek bir yorum yapmad\u0131n\u0131z&#8221; ifadelerini kulland\u0131\u011f\u0131 mesaj\u0131n\u0131 yollam\u0131\u015f ve &#8220;\u0130ddianamemi okudunuz mu? Sizinle yapt\u0131\u011f\u0131m programda bir su\u00e7 i\u015fledim mi?&#8221; sorusunu y\u00f6neltmi\u015fti.<\/p>\n\n\n\n<p>Halk TV&#8217;de daha \u00f6nce yapt\u0131\u011f\u0131 programda mahkeme karar\u0131 ile CHP Genel Ba\u015fkanl\u0131\u011f\u0131\u2019na &#8220;atanan&#8221; Kemal K\u0131l\u0131\u00e7daro\u011flu, Yanarda\u011f&#8217;\u0131n dosyas\u0131nda kendisi ile yap\u0131lan g\u00f6r\u00fc\u015fmenin oldu\u011fundan haberdar olmad\u0131\u011f\u0131n\u0131 s\u00f6ylemi\u015fti.<\/p>\n\n\n\n<h3 class=\"wp-block-heading\">Deniz Demir kimdir?<\/h3>\n\n\n\n<p>2018 y\u0131l\u0131nda do\u011frudan Kemal K\u0131l\u0131\u00e7daro\u011flu&#8217;nun ba\u015fdan\u0131\u015fmanl\u0131\u011f\u0131na getirilmi\u015ftir. 2023 se\u00e7imlerinde CHP&#8217;den Ankara Milletvekili se\u00e7ilen Demir, uzun y\u0131llar boyunca K\u0131l\u0131\u00e7daro\u011flu&#8217;nun medya ve halkla ili\u015fkiler koordinasyonundan sorumlu genel ba\u015fkan yard\u0131mc\u0131s\u0131 olarak g\u00f6rev yapm\u0131\u015ft\u0131r. CHP 37. Ola\u011fan Kurultay\u0131&#8217;nda Parti Meclisi \u00dcyeli\u011fine se\u00e7ildi. Mahkemenin verdi\u011fi mutlak butlan karar\u0131 sonras\u0131 eski y\u00f6netimin g\u00f6reve d\u00f6nmesiyle birlikte Deniz Demir, CHP Medya ve Halkla \u0130li\u015fkilerden Sorumlu Genel Ba\u015fkan Yard\u0131mc\u0131s\u0131 ve Ankara Milletvekili olarak g\u00f6revine devam etmektedir.<\/p>\n\n\n\n<figure class=\"wp-block-embed is-type-rich is-provider-x wp-block-embed-x\"><div class=\"wp-block-embed__wrapper\">\n<blockquote class=\"twitter-tweet\" data-width=\"550\" data-dnt=\"true\"><p lang=\"tr\" dir=\"ltr\">Genel Ba\u015fkan\u0131m\u0131z Say\u0131n Kemal K\u0131l\u0131\u00e7daro\u011flu\u2019nun, s\u00f6z konusu haberde iddia edildi\u011finin aksine, do\u011frudan ya da dolayl\u0131 hi\u00e7bir g\u00f6r\u00fc\u015fme talebi olmam\u0131\u015ft\u0131r.<br><br>Bu as\u0131ls\u0131z iddiay\u0131, konunun muhatab\u0131 olan Say\u0131n Genel Ba\u015fkan\u0131m\u0131za do\u011frulatmadan yay\u0131nlamak, bas\u0131n meslek ilkeleriyle\u2026 <a href=\"https:\/\/t.co\/0XCkFjIb4C\">https:\/\/t.co\/0XCkFjIb4C<\/a><\/p>&mdash; Deniz Demir \ud83c\uddf9\ud83c\uddf7 (@demirdenizchp) <a href=\"https:\/\/x.com\/demirdenizchp\/status\/2074192108722790737?ref_src=twsrc%5Etfw\">July 6, 2026<\/a><\/blockquote><script async src=\"https:\/\/platform.x.com\/widgets.js\" charset=\"utf-8\"><\/script>\n<\/div><\/figure>\n","protected":false},"excerpt":{"rendered":"<p>Silivri&#8217;de g\u00f6r\u00fclen davan\u0131n duru\u015fmas\u0131nda ifade veren TELE1 Genel Yay\u0131n Y\u00f6netmeni Yanarda\u011f, duru\u015fma aras\u0131nda gazetecilere a\u00e7\u0131klama yapt\u0131. Tutuklu \u0130stanbul B\u00fcy\u00fck\u015fehir Belediye (\u0130BB) Ba\u015fkan\u0131 Ekrem \u0130mamo\u011flu, se\u00e7im kampanyas\u0131 direkt\u00f6r\u00fc Necati \u00d6zkan ve TELE1 Genel Yay\u0131n Y\u00f6netmeni Merdan Yanarda\u011f\u2019\u0131n &#8220;siyasal casusluk&#8221; su\u00e7lamas\u0131yla yarg\u0131land\u0131\u011f\u0131 davan\u0131n ikinci duru\u015fmas\u0131 bug\u00fcn \u0130stanbul 25. A\u011f\u0131r Ceza Mahkemesince Silivri Cezaevi yerle\u015fkesinde g\u00f6r\u00fcld\u00fc. Duru\u015fma 29 [&hellip;]<\/p>\n","protected":false},"author":12791,"featured_media":168384,"comment_status":"open","ping_status":"open","sticky":false,"template":"","format":"standard","meta":{"_yoast_wpseo_focuskw":"merdan yanarda\u011f","_yoast_wpseo_title":"","_yoast_wpseo_metadesc":"Silivri'de g\u00f6r\u00fclen davan\u0131n duru\u015fmas\u0131nda ifade veren TELE1 Genel Yay\u0131n Y\u00f6netmeni Merdan Yanarda\u011f, duru\u015fma aras\u0131nda gazetecilere a\u00e7\u0131klama yapt\u0131.","_bbp_topic_count":0,"_bbp_reply_count":0,"_bbp_total_topic_count":0,"_bbp_total_reply_count":0,"_bbp_voice_count":0,"_bbp_anonymous_reply_count":0,"_bbp_topic_count_hidden":0,"_bbp_reply_count_hidden":0,"_bbp_forum_subforum_count":0,"footnotes":"","_yoast_wpseo_focuskw_text_input":""},"categories":[1,8138,8226,37],"tags":[1932,11658,3534],"yoast_head":"<!-- This site is optimized with the Yoast SEO plugin v23.0 - https:\/\/yoast.com\/wordpress\/plugins\/seo\/ -->\n<title>Merdan Yanarda\u011f &quot;K\u0131l\u0131\u00e7daro\u011flu&#039;yla G\u00f6r\u00fc\u015fmem&quot; Dedi - The Epoch Times TR<\/title>\n<meta name=\"description\" content=\"Silivri&#039;de g\u00f6r\u00fclen davan\u0131n duru\u015fmas\u0131nda ifade veren TELE1 Genel Yay\u0131n Y\u00f6netmeni Merdan Yanarda\u011f, duru\u015fma aras\u0131nda gazetecilere a\u00e7\u0131klama yapt\u0131.\" \/>\n<meta name=\"robots\" content=\"index, follow, max-snippet:-1, max-image-preview:large, max-video-preview:-1\" \/>\n<link rel=\"canonical\" href=\"https:\/\/epochtimestr.com\/index.php\/merdan-yanardag-kilicdarogluyla-gorusmem-dedi\" \/>\n<meta property=\"og:locale\" content=\"tr_TR\" \/>\n<meta property=\"og:type\" content=\"article\" \/>\n<meta property=\"og:title\" content=\"Merdan Yanarda\u011f &quot;K\u0131l\u0131\u00e7daro\u011flu&#039;yla G\u00f6r\u00fc\u015fmem&quot; Dedi - The Epoch Times TR\" \/>\n<meta property=\"og:description\" content=\"Silivri&#039;de g\u00f6r\u00fclen davan\u0131n duru\u015fmas\u0131nda ifade veren TELE1 Genel Yay\u0131n Y\u00f6netmeni Merdan Yanarda\u011f, duru\u015fma aras\u0131nda gazetecilere a\u00e7\u0131klama yapt\u0131.\" \/>\n<meta property=\"og:url\" content=\"https:\/\/epochtimestr.com\/index.php\/merdan-yanardag-kilicdarogluyla-gorusmem-dedi\" \/>\n<meta property=\"og:site_name\" content=\"The Epoch Times TR\" \/>\n<meta property=\"article:publisher\" content=\"https:\/\/www.facebook.com\/theepochtimestr\" \/>\n<meta property=\"article:published_time\" content=\"2026-07-07T15:59:57+00:00\" \/>\n<meta property=\"article:modified_time\" content=\"2026-07-07T15:59:59+00:00\" \/>\n<meta property=\"og:image\" content=\"https:\/\/epochtimestr.com\/wp-content\/uploads\/2011y\/tele1.webp\" \/>\n\t<meta property=\"og:image:width\" content=\"1280\" \/>\n\t<meta property=\"og:image:height\" content=\"720\" \/>\n\t<meta property=\"og:image:type\" content=\"image\/webp\" \/>\n<meta name=\"author\" content=\"Haber Merkezi\" \/>\n<meta name=\"twitter:card\" content=\"summary_large_image\" \/>\n<meta name=\"twitter:creator\" content=\"@TheEpochTimesTR\" \/>\n<meta name=\"twitter:site\" content=\"@TheEpochTimesTR\" \/>\n<meta name=\"twitter:label1\" content=\"Yazan:\" \/>\n\t<meta name=\"twitter:data1\" content=\"Haber Merkezi\" \/>\n\t<meta name=\"twitter:label2\" content=\"Tahmini okuma s\u00fcresi\" \/>\n\t<meta name=\"twitter:data2\" content=\"3 dakika\" \/>\n<script type=\"application\/ld+json\" class=\"yoast-schema-graph\">{\"@context\":\"https:\/\/schema.org\",\"@graph\":[{\"@type\":\"Article\",\"@id\":\"https:\/\/epochtimestr.com\/index.php\/merdan-yanardag-kilicdarogluyla-gorusmem-dedi#article\",\"isPartOf\":{\"@id\":\"https:\/\/epochtimestr.com\/index.php\/merdan-yanardag-kilicdarogluyla-gorusmem-dedi\"},\"author\":{\"name\":\"Haber Merkezi\",\"@id\":\"https:\/\/epochtimestr.com\/#\/schema\/person\/3dc5c3adeb9f43923c5aa85889172fdd\"},\"headline\":\"Merdan Yanarda\u011f &#8220;K\u0131l\u0131\u00e7daro\u011flu&#8217;yla G\u00f6r\u00fc\u015fmem&#8221; Dedi\",\"datePublished\":\"2026-07-07T15:59:57+00:00\",\"dateModified\":\"2026-07-07T15:59:59+00:00\",\"mainEntityOfPage\":{\"@id\":\"https:\/\/epochtimestr.com\/index.php\/merdan-yanardag-kilicdarogluyla-gorusmem-dedi\"},\"wordCount\":493,\"commentCount\":0,\"publisher\":{\"@id\":\"https:\/\/epochtimestr.com\/#organization\"},\"image\":{\"@id\":\"https:\/\/epochtimestr.com\/index.php\/merdan-yanardag-kilicdarogluyla-gorusmem-dedi#primaryimage\"},\"thumbnailUrl\":\"https:\/\/epochtimestr.com\/wp-content\/uploads\/2011y\/tele1.webp\",\"keywords\":[\"k\u0131l\u0131\u00e7daro\u011flu\",\"Merdan Yanarda\u011f\",\"Silivri cezaevi\"],\"articleSection\":[\"G\u00dcNDEM\",\"MAN\u015eET\",\"Siyaset\",\"T\u00dcRK\u0130YE\"],\"inLanguage\":\"tr\",\"potentialAction\":[{\"@type\":\"CommentAction\",\"name\":\"Comment\",\"target\":[\"https:\/\/epochtimestr.com\/index.php\/merdan-yanardag-kilicdarogluyla-gorusmem-dedi#respond\"]}]},{\"@type\":\"WebPage\",\"@id\":\"https:\/\/epochtimestr.com\/index.php\/merdan-yanardag-kilicdarogluyla-gorusmem-dedi\",\"url\":\"https:\/\/epochtimestr.com\/index.php\/merdan-yanardag-kilicdarogluyla-gorusmem-dedi\",\"name\":\"Merdan Yanarda\u011f \\\"K\u0131l\u0131\u00e7daro\u011flu'yla G\u00f6r\u00fc\u015fmem\\\" Dedi - The Epoch Times TR\",\"isPartOf\":{\"@id\":\"https:\/\/epochtimestr.com\/#website\"},\"primaryImageOfPage\":{\"@id\":\"https:\/\/epochtimestr.com\/index.php\/merdan-yanardag-kilicdarogluyla-gorusmem-dedi#primaryimage\"},\"image\":{\"@id\":\"https:\/\/epochtimestr.com\/index.php\/merdan-yanardag-kilicdarogluyla-gorusmem-dedi#primaryimage\"},\"thumbnailUrl\":\"https:\/\/epochtimestr.com\/wp-content\/uploads\/2011y\/tele1.webp\",\"datePublished\":\"2026-07-07T15:59:57+00:00\",\"dateModified\":\"2026-07-07T15:59:59+00:00\",\"description\":\"Silivri'de g\u00f6r\u00fclen davan\u0131n duru\u015fmas\u0131nda ifade veren TELE1 Genel Yay\u0131n Y\u00f6netmeni Merdan Yanarda\u011f, duru\u015fma aras\u0131nda gazetecilere a\u00e7\u0131klama yapt\u0131.\",\"inLanguage\":\"tr\",\"potentialAction\":[{\"@type\":\"ReadAction\",\"target\":[\"https:\/\/epochtimestr.com\/index.php\/merdan-yanardag-kilicdarogluyla-gorusmem-dedi\"]}]},{\"@type\":\"ImageObject\",\"inLanguage\":\"tr\",\"@id\":\"https:\/\/epochtimestr.com\/index.php\/merdan-yanardag-kilicdarogluyla-gorusmem-dedi#primaryimage\",\"url\":\"https:\/\/epochtimestr.com\/wp-content\/uploads\/2011y\/tele1.webp\",\"contentUrl\":\"https:\/\/epochtimestr.com\/wp-content\/uploads\/2011y\/tele1.webp\",\"width\":1280,\"height\":720},{\"@type\":\"WebSite\",\"@id\":\"https:\/\/epochtimestr.com\/#website\",\"url\":\"https:\/\/epochtimestr.com\/\",\"name\":\"The Epoch Times TR\",\"description\":\"De\u011fi\u015fen D\u00fcnyam\u0131za Taze Bir Bak\u0131\u015f\",\"publisher\":{\"@id\":\"https:\/\/epochtimestr.com\/#organization\"},\"potentialAction\":[{\"@type\":\"SearchAction\",\"target\":{\"@type\":\"EntryPoint\",\"urlTemplate\":\"https:\/\/epochtimestr.com\/?s={search_term_string}\"},\"query-input\":\"required name=search_term_string\"}],\"inLanguage\":\"tr\"},{\"@type\":\"Organization\",\"@id\":\"https:\/\/epochtimestr.com\/#organization\",\"name\":\"The EpochTimes T\u00fcrkiye\",\"url\":\"https:\/\/epochtimestr.com\/\",\"logo\":{\"@type\":\"ImageObject\",\"inLanguage\":\"tr\",\"@id\":\"https:\/\/epochtimestr.com\/#\/schema\/logo\/image\/\",\"url\":\"https:\/\/epochtimestr.com\/wp-content\/uploads\/2011y\/ET-Logo-YG.jpg\",\"contentUrl\":\"https:\/\/epochtimestr.com\/wp-content\/uploads\/2011y\/ET-Logo-YG.jpg\",\"width\":346,\"height\":29,\"caption\":\"The EpochTimes T\u00fcrkiye\"},\"image\":{\"@id\":\"https:\/\/epochtimestr.com\/#\/schema\/logo\/image\/\"},\"sameAs\":[\"https:\/\/www.facebook.com\/theepochtimestr\",\"https:\/\/x.com\/TheEpochTimesTR\",\"https:\/\/www.instagram.com\/epochtimestr\"]},{\"@type\":\"Person\",\"@id\":\"https:\/\/epochtimestr.com\/#\/schema\/person\/3dc5c3adeb9f43923c5aa85889172fdd\",\"name\":\"Haber Merkezi\",\"image\":{\"@type\":\"ImageObject\",\"inLanguage\":\"tr\",\"@id\":\"https:\/\/epochtimestr.com\/#\/schema\/person\/image\/\",\"url\":\"https:\/\/secure.gravatar.com\/avatar\/d73f772ba5a74f28601361e17c2f93e6?s=96&d=mm&r=g\",\"contentUrl\":\"https:\/\/secure.gravatar.com\/avatar\/d73f772ba5a74f28601361e17c2f93e6?s=96&d=mm&r=g\",\"caption\":\"Haber Merkezi\"},\"url\":\"https:\/\/epochtimestr.com\/index.php\/author\/sendag\"}]}<\/script>\n<!-- \/ Yoast SEO plugin. -->","yoast_head_json":{"title":"Merdan Yanarda\u011f \"K\u0131l\u0131\u00e7daro\u011flu'yla G\u00f6r\u00fc\u015fmem\" Dedi - The Epoch Times TR","description":"Silivri'de g\u00f6r\u00fclen davan\u0131n duru\u015fmas\u0131nda ifade veren TELE1 Genel Yay\u0131n Y\u00f6netmeni Merdan Yanarda\u011f, duru\u015fma aras\u0131nda gazetecilere a\u00e7\u0131klama yapt\u0131.","robots":{"index":"index","follow":"follow","max-snippet":"max-snippet:-1","max-image-preview":"max-image-preview:large","max-video-preview":"max-video-preview:-1"},"canonical":"https:\/\/epochtimestr.com\/index.php\/merdan-yanardag-kilicdarogluyla-gorusmem-dedi","og_locale":"tr_TR","og_type":"article","og_title":"Merdan Yanarda\u011f \"K\u0131l\u0131\u00e7daro\u011flu'yla G\u00f6r\u00fc\u015fmem\" Dedi - The Epoch Times TR","og_description":"Silivri'de g\u00f6r\u00fclen davan\u0131n duru\u015fmas\u0131nda ifade veren TELE1 Genel Yay\u0131n Y\u00f6netmeni Merdan Yanarda\u011f, duru\u015fma aras\u0131nda gazetecilere a\u00e7\u0131klama yapt\u0131.","og_url":"https:\/\/epochtimestr.com\/index.php\/merdan-yanardag-kilicdarogluyla-gorusmem-dedi","og_site_name":"The Epoch Times TR","article_publisher":"https:\/\/www.facebook.com\/theepochtimestr","article_published_time":"2026-07-07T15:59:57+00:00","article_modified_time":"2026-07-07T15:59:59+00:00","og_image":[{"width":1280,"height":720,"url":"https:\/\/epochtimestr.com\/wp-content\/uploads\/2011y\/tele1.webp","type":"image\/webp"}],"author":"Haber Merkezi","twitter_card":"summary_large_image","twitter_creator":"@TheEpochTimesTR","twitter_site":"@TheEpochTimesTR","twitter_misc":{"Yazan:":"Haber Merkezi","Tahmini okuma s\u00fcresi":"3 dakika"},"schema":{"@context":"https:\/\/schema.org","@graph":[{"@type":"Article","@id":"https:\/\/epochtimestr.com\/index.php\/merdan-yanardag-kilicdarogluyla-gorusmem-dedi#article","isPartOf":{"@id":"https:\/\/epochtimestr.com\/index.php\/merdan-yanardag-kilicdarogluyla-gorusmem-dedi"},"author":{"name":"Haber Merkezi","@id":"https:\/\/epochtimestr.com\/#\/schema\/person\/3dc5c3adeb9f43923c5aa85889172fdd"},"headline":"Merdan Yanarda\u011f &#8220;K\u0131l\u0131\u00e7daro\u011flu&#8217;yla G\u00f6r\u00fc\u015fmem&#8221; Dedi","datePublished":"2026-07-07T15:59:57+00:00","dateModified":"2026-07-07T15:59:59+00:00","mainEntityOfPage":{"@id":"https:\/\/epochtimestr.com\/index.php\/merdan-yanardag-kilicdarogluyla-gorusmem-dedi"},"wordCount":493,"commentCount":0,"publisher":{"@id":"https:\/\/epochtimestr.com\/#organization"},"image":{"@id":"https:\/\/epochtimestr.com\/index.php\/merdan-yanardag-kilicdarogluyla-gorusmem-dedi#primaryimage"},"thumbnailUrl":"https:\/\/epochtimestr.com\/wp-content\/uploads\/2011y\/tele1.webp","keywords":["k\u0131l\u0131\u00e7daro\u011flu","Merdan Yanarda\u011f","Silivri cezaevi"],"articleSection":["G\u00dcNDEM","MAN\u015eET","Siyaset","T\u00dcRK\u0130YE"],"inLanguage":"tr","potentialAction":[{"@type":"CommentAction","name":"Comment","target":["https:\/\/epochtimestr.com\/index.php\/merdan-yanardag-kilicdarogluyla-gorusmem-dedi#respond"]}]},{"@type":"WebPage","@id":"https:\/\/epochtimestr.com\/index.php\/merdan-yanardag-kilicdarogluyla-gorusmem-dedi","url":"https:\/\/epochtimestr.com\/index.php\/merdan-yanardag-kilicdarogluyla-gorusmem-dedi","name":"Merdan Yanarda\u011f \"K\u0131l\u0131\u00e7daro\u011flu'yla G\u00f6r\u00fc\u015fmem\" Dedi - The Epoch Times TR","isPartOf":{"@id":"https:\/\/epochtimestr.com\/#website"},"primaryImageOfPage":{"@id":"https:\/\/epochtimestr.com\/index.php\/merdan-yanardag-kilicdarogluyla-gorusmem-dedi#primaryimage"},"image":{"@id":"https:\/\/epochtimestr.com\/index.php\/merdan-yanardag-kilicdarogluyla-gorusmem-dedi#primaryimage"},"thumbnailUrl":"https:\/\/epochtimestr.com\/wp-content\/uploads\/2011y\/tele1.webp","datePublished":"2026-07-07T15:59:57+00:00","dateModified":"2026-07-07T15:59:59+00:00","description":"Silivri'de g\u00f6r\u00fclen davan\u0131n duru\u015fmas\u0131nda ifade veren TELE1 Genel Yay\u0131n Y\u00f6netmeni Merdan Yanarda\u011f, duru\u015fma aras\u0131nda gazetecilere a\u00e7\u0131klama yapt\u0131.","inLanguage":"tr","potentialAction":[{"@type":"ReadAction","target":["https:\/\/epochtimestr.com\/index.php\/merdan-yanardag-kilicdarogluyla-gorusmem-dedi"]}]},{"@type":"ImageObject","inLanguage":"tr","@id":"https:\/\/epochtimestr.com\/index.php\/merdan-yanardag-kilicdarogluyla-gorusmem-dedi#primaryimage","url":"https:\/\/epochtimestr.com\/wp-content\/uploads\/2011y\/tele1.webp","contentUrl":"https:\/\/epochtimestr.com\/wp-content\/uploads\/2011y\/tele1.webp","width":1280,"height":720},{"@type":"WebSite","@id":"https:\/\/epochtimestr.com\/#website","url":"https:\/\/epochtimestr.com\/","name":"The Epoch Times TR","description":"De\u011fi\u015fen D\u00fcnyam\u0131za Taze Bir Bak\u0131\u015f","publisher":{"@id":"https:\/\/epochtimestr.com\/#organization"},"potentialAction":[{"@type":"SearchAction","target":{"@type":"EntryPoint","urlTemplate":"https:\/\/epochtimestr.com\/?s={search_term_string}"},"query-input":"required name=search_term_string"}],"inLanguage":"tr"},{"@type":"Organization","@id":"https:\/\/epochtimestr.com\/#organization","name":"The EpochTimes T\u00fcrkiye","url":"https:\/\/epochtimestr.com\/","logo":{"@type":"ImageObject","inLanguage":"tr","@id":"https:\/\/epochtimestr.com\/#\/schema\/logo\/image\/","url":"https:\/\/epochtimestr.com\/wp-content\/uploads\/2011y\/ET-Logo-YG.jpg","contentUrl":"https:\/\/epochtimestr.com\/wp-content\/uploads\/2011y\/ET-Logo-YG.jpg","width":346,"height":29,"caption":"The EpochTimes T\u00fcrkiye"},"image":{"@id":"https:\/\/epochtimestr.com\/#\/schema\/logo\/image\/"},"sameAs":["https:\/\/www.facebook.com\/theepochtimestr","https:\/\/x.com\/TheEpochTimesTR","https:\/\/www.instagram.com\/epochtimestr"]},{"@type":"Person","@id":"https:\/\/epochtimestr.com\/#\/schema\/person\/3dc5c3adeb9f43923c5aa85889172fdd","name":"Haber Merkezi","image":{"@type":"ImageObject","inLanguage":"tr","@id":"https:\/\/epochtimestr.com\/#\/schema\/person\/image\/","url":"https:\/\/secure.gravatar.com\/avatar\/d73f772ba5a74f28601361e17c2f93e6?s=96&d=mm&r=g","contentUrl":"https:\/\/secure.gravatar.com\/avatar\/d73f772ba5a74f28601361e17c2f93e6?s=96&d=mm&r=g","caption":"Haber Merkezi"},"url":"https:\/\/epochtimestr.com\/index.php\/author\/sendag"}]}},"_links":{"self":[{"href":"https:\/\/epochtimestr.com\/index.php\/wp-json\/wp\/v2\/posts\/168383"}],"collection":[{"href":"https:\/\/epochtimestr.com\/index.php\/wp-json\/wp\/v2\/posts"}],"about":[{"href":"https:\/\/epochtimestr.com\/index.php\/wp-json\/wp\/v2\/types\/post"}],"author":[{"embeddable":true,"href":"https:\/\/epochtimestr.com\/index.php\/wp-json\/wp\/v2\/users\/12791"}],"replies":[{"embeddable":true,"href":"https:\/\/epochtimestr.com\/index.php\/wp-json\/wp\/v2\/comments?post=168383"}],"version-history":[{"count":2,"href":"https:\/\/epochtimestr.com\/index.php\/wp-json\/wp\/v2\/posts\/168383\/revisions"}],"predecessor-version":[{"id":168387,"href":"https:\/\/epochtimestr.com\/index.php\/wp-json\/wp\/v2\/posts\/168383\/revisions\/168387"}],"wp:featuredmedia":[{"embeddable":true,"href":"https:\/\/epochtimestr.com\/index.php\/wp-json\/wp\/v2\/media\/168384"}],"wp:attachment":[{"href":"https:\/\/epochtimestr.com\/index.php\/wp-json\/wp\/v2\/media?parent=168383"}],"wp:term":[{"taxonomy":"category","embeddable":true,"href":"https:\/\/epochtimestr.com\/index.php\/wp-json\/wp\/v2\/categories?post=168383"},{"taxonomy":"post_tag","embeddable":true,"href":"https:\/\/epochtimestr.com\/index.php\/wp-json\/wp\/v2\/tags?post=168383"}],"curies":[{"name":"wp","href":"https:\/\/api.w.org\/{rel}","templated":true}]}}