{"id":168388,"date":"2026-07-08T07:00:00","date_gmt":"2026-07-08T04:00:00","guid":{"rendered":"https:\/\/epochtimestr.com\/?p=168388"},"modified":"2026-07-07T22:29:08","modified_gmt":"2026-07-07T19:29:08","slug":"timsahin-gozyaslari-ve-ikiyuzlulugun-soguk-topragi","status":"publish","type":"post","link":"https:\/\/epochtimestr.com\/index.php\/timsahin-gozyaslari-ve-ikiyuzlulugun-soguk-topragi","title":{"rendered":"Timsah\u0131n G\u00f6zya\u015flar\u0131 ve \u0130kiy\u00fczl\u00fcl\u00fc\u011f\u00fcn So\u011fuk Topra\u011f\u0131"},"content":{"rendered":"\n<p>Hayat, bazen en a\u011f\u0131r ihanetlerin en zarif maskelerle servis edildi\u011fi bir sahneye d\u00f6n\u00fc\u015f\u00fcyor. \u0130nsan ili\u015fkilerinde, i\u015f d\u00fcnyas\u0131nda veya toplumsal arenada s\u0131k\u00e7a kar\u015f\u0131la\u015ft\u0131\u011f\u0131m\u0131z o t\u00fcyler \u00fcrpertici tablo tam olarak budur:&nbsp;<strong>Kendi elleriyle kazd\u0131\u011f\u0131 mezar\u0131n ba\u015f\u0131nda, t\u00fcm d\u00fcnyan\u0131n g\u00f6z\u00fc \u00f6n\u00fcnde yas tutan cellat.<\/strong><\/p>\n\n\n\n<p>Bu, sadece bir kurnazl\u0131k de\u011fil, vicdan\u0131n en karanl\u0131k k\u00f6\u015fesinde yuvalanm\u0131\u015f bir ahlaki \u00e7\u00fcr\u00fcmedir.<\/p>\n\n\n\n<p><strong>Maskeli Balo ve Sahte G\u00f6zya\u015flar\u0131<\/strong><\/p>\n\n\n\n<p>Birini yok etmek i\u00e7in sadece fiziksel bir hamleye gerek yoktur. Bazen bir insan\u0131n onurunu, itibar\u0131n\u0131 veya gelece\u011fini ellerinden almak, onu topra\u011fa g\u00f6mmekten \u00e7ok daha derin bir yara a\u00e7ar. \u0130lgin\u00e7 olan ise, bu y\u0131k\u0131m\u0131 ger\u00e7ekle\u015ftiren ki\u015finin, cenaze merasiminin en \u00f6n s\u0131ras\u0131nda yer al\u0131p en y\u00fcksek sesle a\u011flayabilmesidir.<\/p>\n\n\n\n<p>Toplum, bu sahnelere \u00e7o\u011fu zaman aldanmaya meyillidir. \u00c7\u00fcnk\u00fc insanlar, g\u00f6zya\u015f\u0131n\u0131n &#8220;ac\u0131dan&#8221; geldi\u011fine inanmak isterler. Oysa o an d\u00f6k\u00fclenler kederin de\u011fil,\u00a0kurtulmu\u015f olman\u0131n verdi\u011fi rahatlaman\u0131n veya &#8220;g\u00f6revini ba\u015far\u0131yla tamamlam\u0131\u015f olman\u0131n&#8221; sa\u011flad\u0131\u011f\u0131 \u00e7arp\u0131k bir tatminin d\u0131\u015favurumudur.<\/p>\n\n\n\n<h3 class=\"wp-block-heading\">\u0130kiy\u00fczl\u00fcl\u00fc\u011f\u00fcn Psikolojik Z\u0131rh\u0131<\/h3>\n\n\n\n<p>Bu karakterler i\u00e7in mezar ba\u015f\u0131, yas tutulan bir yer de\u011fil zaferlerini tescilledikleri bir k\u00fcrs\u00fcd\u00fcr. Neden bu kadar \u00e7aba sarf ederler?<\/p>\n\n\n\n<ul>\n<li><strong>Su\u00e7luluk Duygusunu Bast\u0131rmak:<\/strong>\u00a0Kendilerini, \u00e7evrelerini ve belki de biraz vicdanlar\u0131n\u0131 &#8220;iyi insan&#8221; olduklar\u0131na inand\u0131rmak zorundad\u0131rlar.<\/li>\n\n\n\n<li><strong>\u015e\u00fcpheleri Da\u011f\u0131tmak:<\/strong>\u00a0&#8220;Bu kadar \u00e7ok \u00fcz\u00fclen biri, ona zarar vermi\u015f olabilir mi?&#8221; sorusunu \u00e7evrelerine sordurarak, dikkatleri \u00fczerlerinden uzakla\u015ft\u0131r\u0131rlar.<\/li>\n\n\n\n<li><strong>Sosyal Stat\u00fc:<\/strong>\u00a0Toplum g\u00f6z\u00fcndeki &#8220;sad\u0131k dost&#8221; veya &#8220;merhametli insan&#8221; imaj\u0131n\u0131 koruyarak, bir sonraki hamleleri i\u00e7in gereken g\u00fcven kredisini toplamaya devam ederler.<\/li>\n<\/ul>\n\n\n\n<p><strong>\u00c7\u0131plak Hakikat<\/strong><\/p>\n\n\n\n<p>Ancak hayat\u0131n ilgin\u00e7 bir dengesi vard\u0131r: maskeler eninde sonunda d\u00fc\u015fer. Bir g\u00fcn o sahte g\u00f6zya\u015flar\u0131 kurur, mezar ba\u015f\u0131ndaki kalabal\u0131k da\u011f\u0131l\u0131r ve geriye sadece so\u011fuk ger\u00e7ek kal\u0131r. \u0130nsan, kendi vicdan\u0131yla ba\u015f ba\u015fa kald\u0131\u011f\u0131 o sessiz anlarda, asl\u0131nda ne kadar k\u00fc\u00e7\u00fcld\u00fc\u011f\u00fcn\u00fc ve nas\u0131l bir enkaz yaratt\u0131\u011f\u0131n\u0131 fark etmeye mahk\u00fbmdur.<\/p>\n\n\n\n<p>Ger\u00e7ek g\u00fc\u00e7 birini yok edip arkas\u0131ndan sahte a\u011f\u0131tlar yakmak de\u011fil, hayat\u0131n\u0131 d\u00fcr\u00fcstl\u00fckle in\u015fa etmek ve hatalarla y\u00fczle\u015febilmektir. Toplum olarak yapmam\u0131z gereken, d\u00f6k\u00fclen ya\u015f\u0131n rengine de\u011fil, o ya\u015f\u0131n d\u00f6k\u00fcld\u00fc\u011f\u00fc kalbin niyetine bakmay\u0131 \u00f6\u011frenmektir. \u00c7\u00fcnk\u00fc en derin yaralar k\u0131l\u0131\u00e7la de\u011fil, g\u00fcven maskesi takm\u0131\u015f ellerle a\u00e7\u0131l\u0131r.<\/p>\n\n\n\n<p>Unutmay\u0131n\u00a0bir mezar\u0131n ba\u015f\u0131nda a\u011fl\u0131yor olmak, o mezar\u0131 sizin kazd\u0131\u011f\u0131n\u0131z ger\u00e7e\u011fini topra\u011f\u0131n alt\u0131na g\u00f6mmez.<\/p>\n","protected":false},"excerpt":{"rendered":"<p>Hayat, bazen en a\u011f\u0131r ihanetlerin en zarif maskelerle servis edildi\u011fi bir sahneye d\u00f6n\u00fc\u015f\u00fcyor. \u0130nsan ili\u015fkilerinde, i\u015f d\u00fcnyas\u0131nda veya toplumsal arenada s\u0131k\u00e7a kar\u015f\u0131la\u015ft\u0131\u011f\u0131m\u0131z o t\u00fcyler \u00fcrpertici tablo tam olarak budur:&nbsp;Kendi elleriyle kazd\u0131\u011f\u0131 mezar\u0131n ba\u015f\u0131nda, t\u00fcm d\u00fcnyan\u0131n g\u00f6z\u00fc \u00f6n\u00fcnde yas tutan cellat. Bu, sadece bir kurnazl\u0131k de\u011fil, vicdan\u0131n en karanl\u0131k k\u00f6\u015fesinde yuvalanm\u0131\u015f bir ahlaki \u00e7\u00fcr\u00fcmedir. Maskeli Balo [&hellip;]<\/p>\n","protected":false},"author":14013,"featured_media":167144,"comment_status":"open","ping_status":"open","sticky":false,"template":"","format":"standard","meta":{"_yoast_wpseo_focuskw":"ikiy\u00fczl\u00fcl\u00fck","_yoast_wpseo_title":"","_yoast_wpseo_metadesc":"\u0130nsan ili\u015fkilerinde, i\u015f d\u00fcnyas\u0131nda veya toplumsal arenada s\u0131k\u00e7a kar\u015f\u0131la\u015ft\u0131\u011f\u0131m\u0131z o t\u00fcyler \u00fcrpertici tablo tam olarak budur.","_bbp_topic_count":0,"_bbp_reply_count":0,"_bbp_total_topic_count":0,"_bbp_total_reply_count":0,"_bbp_voice_count":0,"_bbp_anonymous_reply_count":0,"_bbp_topic_count_hidden":0,"_bbp_reply_count_hidden":0,"_bbp_forum_subforum_count":0,"footnotes":"","_yoast_wpseo_focuskw_text_input":""},"categories":[11361],"tags":[],"yoast_head":"<!-- This site is optimized with the Yoast SEO plugin v23.0 - https:\/\/yoast.com\/wordpress\/plugins\/seo\/ -->\n<title>Timsah\u0131n G\u00f6zya\u015flar\u0131 ve \u0130kiy\u00fczl\u00fcl\u00fc\u011f\u00fcn So\u011fuk Topra\u011f\u0131 - The Epoch Times TR<\/title>\n<meta name=\"description\" content=\"\u0130nsan ili\u015fkilerinde, i\u015f d\u00fcnyas\u0131nda veya toplumsal arenada s\u0131k\u00e7a kar\u015f\u0131la\u015ft\u0131\u011f\u0131m\u0131z o t\u00fcyler \u00fcrpertici tablo tam olarak budur.\" \/>\n<meta name=\"robots\" content=\"index, follow, max-snippet:-1, max-image-preview:large, max-video-preview:-1\" \/>\n<link rel=\"canonical\" href=\"https:\/\/epochtimestr.com\/index.php\/timsahin-gozyaslari-ve-ikiyuzlulugun-soguk-topragi\" \/>\n<meta property=\"og:locale\" content=\"tr_TR\" \/>\n<meta property=\"og:type\" content=\"article\" \/>\n<meta property=\"og:title\" content=\"Timsah\u0131n G\u00f6zya\u015flar\u0131 ve \u0130kiy\u00fczl\u00fcl\u00fc\u011f\u00fcn So\u011fuk Topra\u011f\u0131 - The Epoch Times TR\" \/>\n<meta property=\"og:description\" content=\"\u0130nsan ili\u015fkilerinde, i\u015f d\u00fcnyas\u0131nda veya toplumsal arenada s\u0131k\u00e7a kar\u015f\u0131la\u015ft\u0131\u011f\u0131m\u0131z o t\u00fcyler \u00fcrpertici tablo tam olarak budur.\" \/>\n<meta property=\"og:url\" content=\"https:\/\/epochtimestr.com\/index.php\/timsahin-gozyaslari-ve-ikiyuzlulugun-soguk-topragi\" \/>\n<meta property=\"og:site_name\" content=\"The Epoch Times TR\" \/>\n<meta property=\"article:publisher\" content=\"https:\/\/www.facebook.com\/theepochtimestr\" \/>\n<meta property=\"article:published_time\" content=\"2026-07-08T04:00:00+00:00\" \/>\n<meta property=\"article:modified_time\" content=\"2026-07-07T19:29:08+00:00\" \/>\n<meta property=\"og:image\" content=\"https:\/\/epochtimestr.com\/wp-content\/uploads\/2011y\/ali-kekliktepe-SM.jpeg\" \/>\n\t<meta property=\"og:image:width\" content=\"1200\" \/>\n\t<meta property=\"og:image:height\" content=\"630\" \/>\n\t<meta property=\"og:image:type\" content=\"image\/jpeg\" \/>\n<meta name=\"author\" content=\"Ali Kekliktepe\" \/>\n<meta name=\"twitter:card\" content=\"summary_large_image\" \/>\n<meta name=\"twitter:creator\" content=\"@TheEpochTimesTR\" \/>\n<meta name=\"twitter:site\" content=\"@TheEpochTimesTR\" \/>\n<meta name=\"twitter:label1\" content=\"Yazan:\" \/>\n\t<meta name=\"twitter:data1\" content=\"Ali Kekliktepe\" \/>\n\t<meta name=\"twitter:label2\" content=\"Tahmini okuma s\u00fcresi\" \/>\n\t<meta name=\"twitter:data2\" content=\"3 dakika\" \/>\n<script type=\"application\/ld+json\" class=\"yoast-schema-graph\">{\"@context\":\"https:\/\/schema.org\",\"@graph\":[{\"@type\":\"Article\",\"@id\":\"https:\/\/epochtimestr.com\/index.php\/timsahin-gozyaslari-ve-ikiyuzlulugun-soguk-topragi#article\",\"isPartOf\":{\"@id\":\"https:\/\/epochtimestr.com\/index.php\/timsahin-gozyaslari-ve-ikiyuzlulugun-soguk-topragi\"},\"author\":{\"name\":\"Ali Kekliktepe\",\"@id\":\"https:\/\/epochtimestr.com\/#\/schema\/person\/da94a416fed1aed029d0a47e85673b95\"},\"headline\":\"Timsah\u0131n G\u00f6zya\u015flar\u0131 ve \u0130kiy\u00fczl\u00fcl\u00fc\u011f\u00fcn So\u011fuk Topra\u011f\u0131\",\"datePublished\":\"2026-07-08T04:00:00+00:00\",\"dateModified\":\"2026-07-07T19:29:08+00:00\",\"mainEntityOfPage\":{\"@id\":\"https:\/\/epochtimestr.com\/index.php\/timsahin-gozyaslari-ve-ikiyuzlulugun-soguk-topragi\"},\"wordCount\":485,\"commentCount\":0,\"publisher\":{\"@id\":\"https:\/\/epochtimestr.com\/#organization\"},\"image\":{\"@id\":\"https:\/\/epochtimestr.com\/index.php\/timsahin-gozyaslari-ve-ikiyuzlulugun-soguk-topragi#primaryimage\"},\"thumbnailUrl\":\"https:\/\/epochtimestr.com\/wp-content\/uploads\/2011y\/Ali-Kekliktepe.jpg\",\"articleSection\":[\"K\u00f6\u015fe Yaz\u0131lar\u0131 Ali Kekliktepe\"],\"inLanguage\":\"tr\",\"potentialAction\":[{\"@type\":\"CommentAction\",\"name\":\"Comment\",\"target\":[\"https:\/\/epochtimestr.com\/index.php\/timsahin-gozyaslari-ve-ikiyuzlulugun-soguk-topragi#respond\"]}]},{\"@type\":\"WebPage\",\"@id\":\"https:\/\/epochtimestr.com\/index.php\/timsahin-gozyaslari-ve-ikiyuzlulugun-soguk-topragi\",\"url\":\"https:\/\/epochtimestr.com\/index.php\/timsahin-gozyaslari-ve-ikiyuzlulugun-soguk-topragi\",\"name\":\"Timsah\u0131n G\u00f6zya\u015flar\u0131 ve \u0130kiy\u00fczl\u00fcl\u00fc\u011f\u00fcn So\u011fuk Topra\u011f\u0131 - The Epoch Times TR\",\"isPartOf\":{\"@id\":\"https:\/\/epochtimestr.com\/#website\"},\"primaryImageOfPage\":{\"@id\":\"https:\/\/epochtimestr.com\/index.php\/timsahin-gozyaslari-ve-ikiyuzlulugun-soguk-topragi#primaryimage\"},\"image\":{\"@id\":\"https:\/\/epochtimestr.com\/index.php\/timsahin-gozyaslari-ve-ikiyuzlulugun-soguk-topragi#primaryimage\"},\"thumbnailUrl\":\"https:\/\/epochtimestr.com\/wp-content\/uploads\/2011y\/Ali-Kekliktepe.jpg\",\"datePublished\":\"2026-07-08T04:00:00+00:00\",\"dateModified\":\"2026-07-07T19:29:08+00:00\",\"description\":\"\u0130nsan ili\u015fkilerinde, i\u015f d\u00fcnyas\u0131nda veya toplumsal arenada s\u0131k\u00e7a kar\u015f\u0131la\u015ft\u0131\u011f\u0131m\u0131z o t\u00fcyler \u00fcrpertici tablo tam olarak budur.\",\"inLanguage\":\"tr\",\"potentialAction\":[{\"@type\":\"ReadAction\",\"target\":[\"https:\/\/epochtimestr.com\/index.php\/timsahin-gozyaslari-ve-ikiyuzlulugun-soguk-topragi\"]}]},{\"@type\":\"ImageObject\",\"inLanguage\":\"tr\",\"@id\":\"https:\/\/epochtimestr.com\/index.php\/timsahin-gozyaslari-ve-ikiyuzlulugun-soguk-topragi#primaryimage\",\"url\":\"https:\/\/epochtimestr.com\/wp-content\/uploads\/2011y\/Ali-Kekliktepe.jpg\",\"contentUrl\":\"https:\/\/epochtimestr.com\/wp-content\/uploads\/2011y\/Ali-Kekliktepe.jpg\",\"width\":600,\"height\":600},{\"@type\":\"WebSite\",\"@id\":\"https:\/\/epochtimestr.com\/#website\",\"url\":\"https:\/\/epochtimestr.com\/\",\"name\":\"The Epoch Times TR\",\"description\":\"De\u011fi\u015fen D\u00fcnyam\u0131za Taze Bir Bak\u0131\u015f\",\"publisher\":{\"@id\":\"https:\/\/epochtimestr.com\/#organization\"},\"potentialAction\":[{\"@type\":\"SearchAction\",\"target\":{\"@type\":\"EntryPoint\",\"urlTemplate\":\"https:\/\/epochtimestr.com\/?s={search_term_string}\"},\"query-input\":\"required name=search_term_string\"}],\"inLanguage\":\"tr\"},{\"@type\":\"Organization\",\"@id\":\"https:\/\/epochtimestr.com\/#organization\",\"name\":\"The EpochTimes T\u00fcrkiye\",\"url\":\"https:\/\/epochtimestr.com\/\",\"logo\":{\"@type\":\"ImageObject\",\"inLanguage\":\"tr\",\"@id\":\"https:\/\/epochtimestr.com\/#\/schema\/logo\/image\/\",\"url\":\"https:\/\/epochtimestr.com\/wp-content\/uploads\/2011y\/ET-Logo-YG.jpg\",\"contentUrl\":\"https:\/\/epochtimestr.com\/wp-content\/uploads\/2011y\/ET-Logo-YG.jpg\",\"width\":346,\"height\":29,\"caption\":\"The EpochTimes T\u00fcrkiye\"},\"image\":{\"@id\":\"https:\/\/epochtimestr.com\/#\/schema\/logo\/image\/\"},\"sameAs\":[\"https:\/\/www.facebook.com\/theepochtimestr\",\"https:\/\/x.com\/TheEpochTimesTR\",\"https:\/\/www.instagram.com\/epochtimestr\"]},{\"@type\":\"Person\",\"@id\":\"https:\/\/epochtimestr.com\/#\/schema\/person\/da94a416fed1aed029d0a47e85673b95\",\"name\":\"Ali Kekliktepe\",\"image\":{\"@type\":\"ImageObject\",\"inLanguage\":\"tr\",\"@id\":\"https:\/\/epochtimestr.com\/#\/schema\/person\/image\/\",\"url\":\"https:\/\/secure.gravatar.com\/avatar\/6c965c3fc374c8f4af759baef4f38bcd?s=96&d=mm&r=g\",\"contentUrl\":\"https:\/\/secure.gravatar.com\/avatar\/6c965c3fc374c8f4af759baef4f38bcd?s=96&d=mm&r=g\",\"caption\":\"Ali Kekliktepe\"},\"description\":\"Ben Ali Kekliktepe; hayat\u0131n\u0131 \u00f6\u011frenmeye, \u00f6\u011fretmeye ve toplumsal fayda yaratmaya adam\u0131\u015f bir yazar ve profesyonelim. Kalemi sadece ka\u011f\u0131da dokunan bir ara\u00e7 de\u011fil, toplumun aksayan y\u00f6nlerine \u015fifa olan bir enstr\u00fcman olarak g\u00f6r\u00fcyorum.\",\"sameAs\":[\"https:\/\/alikekliktepemersin33.blogspot.com\/\"],\"url\":\"https:\/\/epochtimestr.com\/index.php\/author\/ali\"}]}<\/script>\n<!-- \/ Yoast SEO plugin. -->","yoast_head_json":{"title":"Timsah\u0131n G\u00f6zya\u015flar\u0131 ve \u0130kiy\u00fczl\u00fcl\u00fc\u011f\u00fcn So\u011fuk Topra\u011f\u0131 - The Epoch Times TR","description":"\u0130nsan ili\u015fkilerinde, i\u015f d\u00fcnyas\u0131nda veya toplumsal arenada s\u0131k\u00e7a kar\u015f\u0131la\u015ft\u0131\u011f\u0131m\u0131z o t\u00fcyler \u00fcrpertici tablo tam olarak budur.","robots":{"index":"index","follow":"follow","max-snippet":"max-snippet:-1","max-image-preview":"max-image-preview:large","max-video-preview":"max-video-preview:-1"},"canonical":"https:\/\/epochtimestr.com\/index.php\/timsahin-gozyaslari-ve-ikiyuzlulugun-soguk-topragi","og_locale":"tr_TR","og_type":"article","og_title":"Timsah\u0131n G\u00f6zya\u015flar\u0131 ve \u0130kiy\u00fczl\u00fcl\u00fc\u011f\u00fcn So\u011fuk Topra\u011f\u0131 - The Epoch Times TR","og_description":"\u0130nsan ili\u015fkilerinde, i\u015f d\u00fcnyas\u0131nda veya toplumsal arenada s\u0131k\u00e7a kar\u015f\u0131la\u015ft\u0131\u011f\u0131m\u0131z o t\u00fcyler \u00fcrpertici tablo tam olarak budur.","og_url":"https:\/\/epochtimestr.com\/index.php\/timsahin-gozyaslari-ve-ikiyuzlulugun-soguk-topragi","og_site_name":"The Epoch Times TR","article_publisher":"https:\/\/www.facebook.com\/theepochtimestr","article_published_time":"2026-07-08T04:00:00+00:00","article_modified_time":"2026-07-07T19:29:08+00:00","og_image":[{"width":1200,"height":630,"url":"https:\/\/epochtimestr.com\/wp-content\/uploads\/2011y\/ali-kekliktepe-SM.jpeg","type":"image\/jpeg"}],"author":"Ali Kekliktepe","twitter_card":"summary_large_image","twitter_creator":"@TheEpochTimesTR","twitter_site":"@TheEpochTimesTR","twitter_misc":{"Yazan:":"Ali Kekliktepe","Tahmini okuma s\u00fcresi":"3 dakika"},"schema":{"@context":"https:\/\/schema.org","@graph":[{"@type":"Article","@id":"https:\/\/epochtimestr.com\/index.php\/timsahin-gozyaslari-ve-ikiyuzlulugun-soguk-topragi#article","isPartOf":{"@id":"https:\/\/epochtimestr.com\/index.php\/timsahin-gozyaslari-ve-ikiyuzlulugun-soguk-topragi"},"author":{"name":"Ali Kekliktepe","@id":"https:\/\/epochtimestr.com\/#\/schema\/person\/da94a416fed1aed029d0a47e85673b95"},"headline":"Timsah\u0131n G\u00f6zya\u015flar\u0131 ve \u0130kiy\u00fczl\u00fcl\u00fc\u011f\u00fcn So\u011fuk Topra\u011f\u0131","datePublished":"2026-07-08T04:00:00+00:00","dateModified":"2026-07-07T19:29:08+00:00","mainEntityOfPage":{"@id":"https:\/\/epochtimestr.com\/index.php\/timsahin-gozyaslari-ve-ikiyuzlulugun-soguk-topragi"},"wordCount":485,"commentCount":0,"publisher":{"@id":"https:\/\/epochtimestr.com\/#organization"},"image":{"@id":"https:\/\/epochtimestr.com\/index.php\/timsahin-gozyaslari-ve-ikiyuzlulugun-soguk-topragi#primaryimage"},"thumbnailUrl":"https:\/\/epochtimestr.com\/wp-content\/uploads\/2011y\/Ali-Kekliktepe.jpg","articleSection":["K\u00f6\u015fe Yaz\u0131lar\u0131 Ali Kekliktepe"],"inLanguage":"tr","potentialAction":[{"@type":"CommentAction","name":"Comment","target":["https:\/\/epochtimestr.com\/index.php\/timsahin-gozyaslari-ve-ikiyuzlulugun-soguk-topragi#respond"]}]},{"@type":"WebPage","@id":"https:\/\/epochtimestr.com\/index.php\/timsahin-gozyaslari-ve-ikiyuzlulugun-soguk-topragi","url":"https:\/\/epochtimestr.com\/index.php\/timsahin-gozyaslari-ve-ikiyuzlulugun-soguk-topragi","name":"Timsah\u0131n G\u00f6zya\u015flar\u0131 ve \u0130kiy\u00fczl\u00fcl\u00fc\u011f\u00fcn So\u011fuk Topra\u011f\u0131 - The Epoch Times TR","isPartOf":{"@id":"https:\/\/epochtimestr.com\/#website"},"primaryImageOfPage":{"@id":"https:\/\/epochtimestr.com\/index.php\/timsahin-gozyaslari-ve-ikiyuzlulugun-soguk-topragi#primaryimage"},"image":{"@id":"https:\/\/epochtimestr.com\/index.php\/timsahin-gozyaslari-ve-ikiyuzlulugun-soguk-topragi#primaryimage"},"thumbnailUrl":"https:\/\/epochtimestr.com\/wp-content\/uploads\/2011y\/Ali-Kekliktepe.jpg","datePublished":"2026-07-08T04:00:00+00:00","dateModified":"2026-07-07T19:29:08+00:00","description":"\u0130nsan ili\u015fkilerinde, i\u015f d\u00fcnyas\u0131nda veya toplumsal arenada s\u0131k\u00e7a kar\u015f\u0131la\u015ft\u0131\u011f\u0131m\u0131z o t\u00fcyler \u00fcrpertici tablo tam olarak budur.","inLanguage":"tr","potentialAction":[{"@type":"ReadAction","target":["https:\/\/epochtimestr.com\/index.php\/timsahin-gozyaslari-ve-ikiyuzlulugun-soguk-topragi"]}]},{"@type":"ImageObject","inLanguage":"tr","@id":"https:\/\/epochtimestr.com\/index.php\/timsahin-gozyaslari-ve-ikiyuzlulugun-soguk-topragi#primaryimage","url":"https:\/\/epochtimestr.com\/wp-content\/uploads\/2011y\/Ali-Kekliktepe.jpg","contentUrl":"https:\/\/epochtimestr.com\/wp-content\/uploads\/2011y\/Ali-Kekliktepe.jpg","width":600,"height":600},{"@type":"WebSite","@id":"https:\/\/epochtimestr.com\/#website","url":"https:\/\/epochtimestr.com\/","name":"The Epoch Times TR","description":"De\u011fi\u015fen D\u00fcnyam\u0131za Taze Bir Bak\u0131\u015f","publisher":{"@id":"https:\/\/epochtimestr.com\/#organization"},"potentialAction":[{"@type":"SearchAction","target":{"@type":"EntryPoint","urlTemplate":"https:\/\/epochtimestr.com\/?s={search_term_string}"},"query-input":"required name=search_term_string"}],"inLanguage":"tr"},{"@type":"Organization","@id":"https:\/\/epochtimestr.com\/#organization","name":"The EpochTimes T\u00fcrkiye","url":"https:\/\/epochtimestr.com\/","logo":{"@type":"ImageObject","inLanguage":"tr","@id":"https:\/\/epochtimestr.com\/#\/schema\/logo\/image\/","url":"https:\/\/epochtimestr.com\/wp-content\/uploads\/2011y\/ET-Logo-YG.jpg","contentUrl":"https:\/\/epochtimestr.com\/wp-content\/uploads\/2011y\/ET-Logo-YG.jpg","width":346,"height":29,"caption":"The EpochTimes T\u00fcrkiye"},"image":{"@id":"https:\/\/epochtimestr.com\/#\/schema\/logo\/image\/"},"sameAs":["https:\/\/www.facebook.com\/theepochtimestr","https:\/\/x.com\/TheEpochTimesTR","https:\/\/www.instagram.com\/epochtimestr"]},{"@type":"Person","@id":"https:\/\/epochtimestr.com\/#\/schema\/person\/da94a416fed1aed029d0a47e85673b95","name":"Ali Kekliktepe","image":{"@type":"ImageObject","inLanguage":"tr","@id":"https:\/\/epochtimestr.com\/#\/schema\/person\/image\/","url":"https:\/\/secure.gravatar.com\/avatar\/6c965c3fc374c8f4af759baef4f38bcd?s=96&d=mm&r=g","contentUrl":"https:\/\/secure.gravatar.com\/avatar\/6c965c3fc374c8f4af759baef4f38bcd?s=96&d=mm&r=g","caption":"Ali Kekliktepe"},"description":"Ben Ali Kekliktepe; hayat\u0131n\u0131 \u00f6\u011frenmeye, \u00f6\u011fretmeye ve toplumsal fayda yaratmaya adam\u0131\u015f bir yazar ve profesyonelim. Kalemi sadece ka\u011f\u0131da dokunan bir ara\u00e7 de\u011fil, toplumun aksayan y\u00f6nlerine \u015fifa olan bir enstr\u00fcman olarak g\u00f6r\u00fcyorum.","sameAs":["https:\/\/alikekliktepemersin33.blogspot.com\/"],"url":"https:\/\/epochtimestr.com\/index.php\/author\/ali"}]}},"_links":{"self":[{"href":"https:\/\/epochtimestr.com\/index.php\/wp-json\/wp\/v2\/posts\/168388"}],"collection":[{"href":"https:\/\/epochtimestr.com\/index.php\/wp-json\/wp\/v2\/posts"}],"about":[{"href":"https:\/\/epochtimestr.com\/index.php\/wp-json\/wp\/v2\/types\/post"}],"author":[{"embeddable":true,"href":"https:\/\/epochtimestr.com\/index.php\/wp-json\/wp\/v2\/users\/14013"}],"replies":[{"embeddable":true,"href":"https:\/\/epochtimestr.com\/index.php\/wp-json\/wp\/v2\/comments?post=168388"}],"version-history":[{"count":1,"href":"https:\/\/epochtimestr.com\/index.php\/wp-json\/wp\/v2\/posts\/168388\/revisions"}],"predecessor-version":[{"id":168389,"href":"https:\/\/epochtimestr.com\/index.php\/wp-json\/wp\/v2\/posts\/168388\/revisions\/168389"}],"wp:featuredmedia":[{"embeddable":true,"href":"https:\/\/epochtimestr.com\/index.php\/wp-json\/wp\/v2\/media\/167144"}],"wp:attachment":[{"href":"https:\/\/epochtimestr.com\/index.php\/wp-json\/wp\/v2\/media?parent=168388"}],"wp:term":[{"taxonomy":"category","embeddable":true,"href":"https:\/\/epochtimestr.com\/index.php\/wp-json\/wp\/v2\/categories?post=168388"},{"taxonomy":"post_tag","embeddable":true,"href":"https:\/\/epochtimestr.com\/index.php\/wp-json\/wp\/v2\/tags?post=168388"}],"curies":[{"name":"wp","href":"https:\/\/api.w.org\/{rel}","templated":true}]}}