{"id":168400,"date":"2026-07-08T18:15:35","date_gmt":"2026-07-08T15:15:35","guid":{"rendered":"https:\/\/epochtimestr.com\/?p=168400"},"modified":"2026-07-08T18:15:37","modified_gmt":"2026-07-08T15:15:37","slug":"apple-ab-davasini-kaybetti","status":"publish","type":"post","link":"https:\/\/epochtimestr.com\/index.php\/apple-ab-davasini-kaybetti","title":{"rendered":"Apple AB Davas\u0131n\u0131 Kaybetti"},"content":{"rendered":"<div class=\"wp-block-image\">\n<figure class=\"aligncenter size-full\"><img loading=\"lazy\" decoding=\"async\" width=\"1200\" height=\"800\" src=\"https:\/\/epochtimestr.com\/wp-content\/uploads\/2011y\/1000043944.webp\" alt=\"Apple AB davas\u0131n\u0131 kaybetti. Apple logosu, 19 Eyl\u00fcl 2019 tarihinde New York'taki yenilenen Apple Fifth Avenue ma\u011fazas\u0131n\u0131n tan\u0131t\u0131m\u0131 s\u0131ras\u0131nda g\u00f6r\u00fcnt\u00fclendi. (Brendan McDermid\/Reuters)\" class=\"wp-image-168401\" srcset=\"https:\/\/epochtimestr.com\/wp-content\/uploads\/2011y\/1000043944.webp 1200w, https:\/\/epochtimestr.com\/wp-content\/uploads\/2011y\/1000043944-300x200.webp 300w, https:\/\/epochtimestr.com\/wp-content\/uploads\/2011y\/1000043944-150x100.webp 150w, https:\/\/epochtimestr.com\/wp-content\/uploads\/2011y\/1000043944-768x512.webp 768w\" sizes=\"(max-width: 1200px) 100vw, 1200px\" \/><figcaption class=\"wp-element-caption\">Apple AB davas\u0131n\u0131 kaybetti. 19 Eyl\u00fcl 2019 tarihinde New York&#8217;taki yenilenen Apple Fifth Avenue ma\u011fazas\u0131n\u0131n tan\u0131t\u0131m\u0131 s\u0131ras\u0131nda Apple logosu. (Foto\u011fraf: Brendan McDermid, Reuters, The Epoch Times arac\u0131l\u0131\u011f\u0131yla)<\/figcaption><\/figure><\/div>\n\n\n<p>Apple, Avrupa Birli\u011finde a\u00e7t\u0131\u011f\u0131 \u00f6nemli davada istedi\u011fi sonucu alamad\u0131. Avrupa Birli\u011fi Genel Mahkemesi, <a href=\"https:\/\/www.theepochtimes.com\/world\/apple-loses-eu-court-fight-over-app-store-gatekeeper-rules-6058868\" target=\"_blank\" rel=\"noreferrer noopener\">8 Temmuz&#8217;da<\/a> karar\u0131n\u0131 a\u00e7\u0131klayarak, Apple&#8217;\u0131n App Store ve iOS i\u00e7in &#8220;Gatekeeper-kap\u0131 bek\u00e7isi&#8221; olarak s\u0131n\u0131fland\u0131r\u0131lmas\u0131n\u0131 hukuka uygun buldu.<\/p>\n\n\n\n<p>Karar, Avrupa Birli\u011fi&#8217;nin Dijital Pazarlar Yasas\u0131 kapsam\u0131ndaki y\u00fck\u00fcml\u00fcl\u00fckleri korudu. B\u00f6ylece Apple, dijital pazarlarda rekabeti art\u0131rmay\u0131 ama\u00e7layan kurallara uymay\u0131 s\u00fcrd\u00fcrecek.<\/p>\n\n\n\n<p>Apple, farkl\u0131 cihazlara y\u00f6nelik uygulama ma\u011fazalar\u0131n\u0131n ayr\u0131 de\u011ferlendirilmesi gerekti\u011fini \u00f6ne s\u00fcrd\u00fc. \u015eirket, iPhone, iPad, Mac, Apple Watch ve Apple TV ma\u011fazalar\u0131n\u0131n farkl\u0131 donan\u0131mlara hizmet verdi\u011fini belirtti. Ancak mahkeme bu g\u00f6r\u00fc\u015f\u00fc kabul etmedi. Hakimler, t\u00fcm ma\u011fazalar\u0131n ayn\u0131 temel i\u015flevi yerine getirdi\u011fini,  bu nedenle platformlar tek bir \u00e7ekirdek platform hizmeti olarak kabul edilece\u011fini de\u011ferlendirdi.<\/p>\n\n\n\n<p>Bununla birlikte mahkeme, Apple&#8217;\u0131n birlikte \u00e7al\u0131\u015fabilirlik y\u00fck\u00fcml\u00fcl\u00fcklerine ili\u015fkin itiraz\u0131n\u0131 da reddetti. Hakimler, bu d\u00fczenlemenin Gatekeeper-kap\u0131 bek\u00e7isi karar\u0131n\u0131n hukuki dayana\u011f\u0131 olmad\u0131\u011f\u0131n\u0131 belirtti. Dolay\u0131s\u0131yla bu davada ayr\u0131ca incelenemeyece\u011fine h\u00fckmetti.<\/p>\n\n\n\n<p>Avrupa Komisyonu, ge\u00e7en y\u0131l <a href=\"https:\/\/epochtimestr.com\/index.php\/apple-abden-teknoloji-yasasini-gozden-gecirmesini-istedi\" target=\"_blank\" rel=\"noreferrer noopener\">Apple ve Meta<\/a>&#8216;n\u0131n baz\u0131 DMA y\u00fck\u00fcml\u00fcl\u00fcklerini yerine getirmedi\u011fini a\u00e7\u0131klam\u0131\u015ft\u0131. Komisyon, kullan\u0131c\u0131lar\u0131n daha az ki\u015fisel veri kullanan hizmetleri se\u00e7ebilmesini sa\u011flayan kurallar\u0131n ihlal edildi\u011fini bildirmi\u015fti.<\/p>\n\n\n\n<p>Apple, iMessage ile ilgili iki ayr\u0131 karara da itiraz etti. Ancak mahkeme bu ba\u015fvurular\u0131 usul y\u00f6n\u00fcnden kabul edilemez buldu ve s\u00f6z konusu kararlar\u0131n Apple&#8217;\u0131n hukuki durumunu do\u011frudan de\u011fi\u015ftirmedi\u011fine karar verdi.<\/p>\n\n\n\n<p>\u00d6te yandan Avrupa Komisyonu, 2024 y\u0131l\u0131nda iMessage&#8217;\u0131 Gatekeeper-kap\u0131 bek\u00e7isi hizmeti olarak tan\u0131mlamam\u0131\u015ft\u0131. Bu nedenle Dijital Pazarlar Yasas\u0131 kapsam\u0131ndaki y\u00fck\u00fcml\u00fcl\u00fckler iMessage i\u00e7in uygulanmad\u0131.<\/p>\n\n\n\n<p>Ayr\u0131ca mahkeme, Apple&#8217;\u0131n mevcut Gatekeeper-kap\u0131 bek\u00e7isi y\u00fck\u00fcml\u00fcl\u00fcklerinin y\u00fcr\u00fcrl\u00fckte kalaca\u011f\u0131n\u0131 a\u00e7\u0131klad\u0131. \u015eirket, karar\u0131 yaln\u0131zca hukuki gerek\u00e7eler y\u00f6n\u00fcnden temyize g\u00f6t\u00fcrebilecek. Ba\u015fvurunun, karar\u0131n tebli\u011finden itibaren iki ay on g\u00fcn i\u00e7inde yap\u0131lmas\u0131 gerekiyor.<\/p>\n\n\n\n<p>Son olarak Apple, karar hakk\u0131nda hen\u00fcz kamuoyuna resmi bir a\u00e7\u0131klama yapmad\u0131. Avrupa Komisyonu&#8217;nun \u00f6nceki para cezalar\u0131 ise y\u00fcr\u00fcrl\u00fckte kal\u0131yor. Apple&#8217;a 500 milyon avro, Meta&#8217;ya ise 200 milyon avro idari para cezas\u0131 uygulanm\u0131\u015ft\u0131.<\/p>\n","protected":false},"excerpt":{"rendered":"<p>Apple, Avrupa Birli\u011finde a\u00e7t\u0131\u011f\u0131 \u00f6nemli davada istedi\u011fi sonucu alamad\u0131. Avrupa Birli\u011fi Genel Mahkemesi, 8 Temmuz&#8217;da karar\u0131n\u0131 a\u00e7\u0131klayarak, Apple&#8217;\u0131n App Store ve iOS i\u00e7in &#8220;Gatekeeper-kap\u0131 bek\u00e7isi&#8221; olarak s\u0131n\u0131fland\u0131r\u0131lmas\u0131n\u0131 hukuka uygun buldu. Karar, Avrupa Birli\u011fi&#8217;nin Dijital Pazarlar Yasas\u0131 kapsam\u0131ndaki y\u00fck\u00fcml\u00fcl\u00fckleri korudu. B\u00f6ylece Apple, dijital pazarlarda rekabeti art\u0131rmay\u0131 ama\u00e7layan kurallara uymay\u0131 s\u00fcrd\u00fcrecek. Apple, farkl\u0131 cihazlara y\u00f6nelik uygulama ma\u011fazalar\u0131n\u0131n [&hellip;]<\/p>\n","protected":false},"author":13996,"featured_media":168401,"comment_status":"open","ping_status":"open","sticky":false,"template":"","format":"standard","meta":{"_yoast_wpseo_focuskw":"Apple AB","_yoast_wpseo_title":"","_yoast_wpseo_metadesc":"Apple AB davas\u0131n\u0131 kaybetti. AB Genel Mahkemesi, App Store ve iOS'un Dijital Pazarlar Yasas\u0131 kapsam\u0131ndaki kap\u0131 bek\u00e7isi stat\u00fcs\u00fcn\u00fc onaylad\u0131.","_bbp_topic_count":0,"_bbp_reply_count":0,"_bbp_total_topic_count":0,"_bbp_total_reply_count":0,"_bbp_voice_count":0,"_bbp_anonymous_reply_count":0,"_bbp_topic_count_hidden":0,"_bbp_reply_count_hidden":0,"_bbp_forum_subforum_count":0,"footnotes":"","_yoast_wpseo_focuskw_text_input":""},"categories":[5,1,8138],"tags":[11663,11660,11661,10244],"yoast_head":"<!-- This site is optimized with the Yoast SEO plugin v23.0 - https:\/\/yoast.com\/wordpress\/plugins\/seo\/ -->\n<title>Apple AB Davas\u0131n\u0131 Kaybetti - The Epoch Times TR<\/title>\n<meta name=\"description\" content=\"Apple AB davas\u0131n\u0131 kaybetti. AB Genel Mahkemesi, App Store ve iOS&#039;un Dijital Pazarlar Yasas\u0131 kapsam\u0131ndaki kap\u0131 bek\u00e7isi stat\u00fcs\u00fcn\u00fc onaylad\u0131.\" \/>\n<meta name=\"robots\" content=\"index, follow, max-snippet:-1, max-image-preview:large, max-video-preview:-1\" \/>\n<link rel=\"canonical\" href=\"https:\/\/epochtimestr.com\/index.php\/apple-ab-davasini-kaybetti\" \/>\n<meta property=\"og:locale\" content=\"tr_TR\" \/>\n<meta property=\"og:type\" content=\"article\" \/>\n<meta property=\"og:title\" content=\"Apple AB Davas\u0131n\u0131 Kaybetti - The Epoch Times TR\" \/>\n<meta property=\"og:description\" content=\"Apple AB davas\u0131n\u0131 kaybetti. AB Genel Mahkemesi, App Store ve iOS&#039;un Dijital Pazarlar Yasas\u0131 kapsam\u0131ndaki kap\u0131 bek\u00e7isi stat\u00fcs\u00fcn\u00fc onaylad\u0131.\" \/>\n<meta property=\"og:url\" content=\"https:\/\/epochtimestr.com\/index.php\/apple-ab-davasini-kaybetti\" \/>\n<meta property=\"og:site_name\" content=\"The Epoch Times TR\" \/>\n<meta property=\"article:publisher\" content=\"https:\/\/www.facebook.com\/theepochtimestr\" \/>\n<meta property=\"article:published_time\" content=\"2026-07-08T15:15:35+00:00\" \/>\n<meta property=\"article:modified_time\" content=\"2026-07-08T15:15:37+00:00\" \/>\n<meta property=\"og:image\" content=\"https:\/\/epochtimestr.com\/wp-content\/uploads\/2011y\/1000043944.webp\" \/>\n\t<meta property=\"og:image:width\" content=\"1200\" \/>\n\t<meta property=\"og:image:height\" content=\"800\" \/>\n\t<meta property=\"og:image:type\" content=\"image\/webp\" \/>\n<meta name=\"author\" content=\"Leo Bajelan\" \/>\n<meta name=\"twitter:card\" content=\"summary_large_image\" \/>\n<meta name=\"twitter:creator\" content=\"@TheEpochTimesTR\" \/>\n<meta name=\"twitter:site\" content=\"@TheEpochTimesTR\" \/>\n<meta name=\"twitter:label1\" content=\"Yazan:\" \/>\n\t<meta name=\"twitter:data1\" content=\"Leo Bajelan\" \/>\n\t<meta name=\"twitter:label2\" content=\"Tahmini okuma s\u00fcresi\" \/>\n\t<meta name=\"twitter:data2\" content=\"3 dakika\" \/>\n<script type=\"application\/ld+json\" class=\"yoast-schema-graph\">{\"@context\":\"https:\/\/schema.org\",\"@graph\":[{\"@type\":\"Article\",\"@id\":\"https:\/\/epochtimestr.com\/index.php\/apple-ab-davasini-kaybetti#article\",\"isPartOf\":{\"@id\":\"https:\/\/epochtimestr.com\/index.php\/apple-ab-davasini-kaybetti\"},\"author\":{\"name\":\"Leo Bajelan\",\"@id\":\"https:\/\/epochtimestr.com\/#\/schema\/person\/5fef218711d76d8f232b0e1f1d7e4c0d\"},\"headline\":\"Apple AB Davas\u0131n\u0131 Kaybetti\",\"datePublished\":\"2026-07-08T15:15:35+00:00\",\"dateModified\":\"2026-07-08T15:15:37+00:00\",\"mainEntityOfPage\":{\"@id\":\"https:\/\/epochtimestr.com\/index.php\/apple-ab-davasini-kaybetti\"},\"wordCount\":441,\"commentCount\":0,\"publisher\":{\"@id\":\"https:\/\/epochtimestr.com\/#organization\"},\"image\":{\"@id\":\"https:\/\/epochtimestr.com\/index.php\/apple-ab-davasini-kaybetti#primaryimage\"},\"thumbnailUrl\":\"https:\/\/epochtimestr.com\/wp-content\/uploads\/2011y\/1000043944.webp\",\"keywords\":[\"App astore-iOS\",\"Apple AB\",\"Apple davas\u0131\",\"Avrupa komisyonu\"],\"articleSection\":[\"D\u00dcNYA\",\"G\u00dcNDEM\",\"MAN\u015eET\"],\"inLanguage\":\"tr\",\"potentialAction\":[{\"@type\":\"CommentAction\",\"name\":\"Comment\",\"target\":[\"https:\/\/epochtimestr.com\/index.php\/apple-ab-davasini-kaybetti#respond\"]}]},{\"@type\":\"WebPage\",\"@id\":\"https:\/\/epochtimestr.com\/index.php\/apple-ab-davasini-kaybetti\",\"url\":\"https:\/\/epochtimestr.com\/index.php\/apple-ab-davasini-kaybetti\",\"name\":\"Apple AB Davas\u0131n\u0131 Kaybetti - The Epoch Times TR\",\"isPartOf\":{\"@id\":\"https:\/\/epochtimestr.com\/#website\"},\"primaryImageOfPage\":{\"@id\":\"https:\/\/epochtimestr.com\/index.php\/apple-ab-davasini-kaybetti#primaryimage\"},\"image\":{\"@id\":\"https:\/\/epochtimestr.com\/index.php\/apple-ab-davasini-kaybetti#primaryimage\"},\"thumbnailUrl\":\"https:\/\/epochtimestr.com\/wp-content\/uploads\/2011y\/1000043944.webp\",\"datePublished\":\"2026-07-08T15:15:35+00:00\",\"dateModified\":\"2026-07-08T15:15:37+00:00\",\"description\":\"Apple AB davas\u0131n\u0131 kaybetti. AB Genel Mahkemesi, App Store ve iOS'un Dijital Pazarlar Yasas\u0131 kapsam\u0131ndaki kap\u0131 bek\u00e7isi stat\u00fcs\u00fcn\u00fc onaylad\u0131.\",\"inLanguage\":\"tr\",\"potentialAction\":[{\"@type\":\"ReadAction\",\"target\":[\"https:\/\/epochtimestr.com\/index.php\/apple-ab-davasini-kaybetti\"]}]},{\"@type\":\"ImageObject\",\"inLanguage\":\"tr\",\"@id\":\"https:\/\/epochtimestr.com\/index.php\/apple-ab-davasini-kaybetti#primaryimage\",\"url\":\"https:\/\/epochtimestr.com\/wp-content\/uploads\/2011y\/1000043944.webp\",\"contentUrl\":\"https:\/\/epochtimestr.com\/wp-content\/uploads\/2011y\/1000043944.webp\",\"width\":1200,\"height\":800},{\"@type\":\"WebSite\",\"@id\":\"https:\/\/epochtimestr.com\/#website\",\"url\":\"https:\/\/epochtimestr.com\/\",\"name\":\"The Epoch Times TR\",\"description\":\"De\u011fi\u015fen D\u00fcnyam\u0131za Taze Bir Bak\u0131\u015f\",\"publisher\":{\"@id\":\"https:\/\/epochtimestr.com\/#organization\"},\"potentialAction\":[{\"@type\":\"SearchAction\",\"target\":{\"@type\":\"EntryPoint\",\"urlTemplate\":\"https:\/\/epochtimestr.com\/?s={search_term_string}\"},\"query-input\":\"required name=search_term_string\"}],\"inLanguage\":\"tr\"},{\"@type\":\"Organization\",\"@id\":\"https:\/\/epochtimestr.com\/#organization\",\"name\":\"The EpochTimes T\u00fcrkiye\",\"url\":\"https:\/\/epochtimestr.com\/\",\"logo\":{\"@type\":\"ImageObject\",\"inLanguage\":\"tr\",\"@id\":\"https:\/\/epochtimestr.com\/#\/schema\/logo\/image\/\",\"url\":\"https:\/\/epochtimestr.com\/wp-content\/uploads\/2011y\/ET-Logo-YG.jpg\",\"contentUrl\":\"https:\/\/epochtimestr.com\/wp-content\/uploads\/2011y\/ET-Logo-YG.jpg\",\"width\":346,\"height\":29,\"caption\":\"The EpochTimes T\u00fcrkiye\"},\"image\":{\"@id\":\"https:\/\/epochtimestr.com\/#\/schema\/logo\/image\/\"},\"sameAs\":[\"https:\/\/www.facebook.com\/theepochtimestr\",\"https:\/\/x.com\/TheEpochTimesTR\",\"https:\/\/www.instagram.com\/epochtimestr\"]},{\"@type\":\"Person\",\"@id\":\"https:\/\/epochtimestr.com\/#\/schema\/person\/5fef218711d76d8f232b0e1f1d7e4c0d\",\"name\":\"Leo Bajelan\",\"image\":{\"@type\":\"ImageObject\",\"inLanguage\":\"tr\",\"@id\":\"https:\/\/epochtimestr.com\/#\/schema\/person\/image\/\",\"url\":\"https:\/\/secure.gravatar.com\/avatar\/917669146f489549e548a2e9af272df5?s=96&d=mm&r=g\",\"contentUrl\":\"https:\/\/secure.gravatar.com\/avatar\/917669146f489549e548a2e9af272df5?s=96&d=mm&r=g\",\"caption\":\"Leo Bajelan\"},\"url\":\"https:\/\/epochtimestr.com\/index.php\/author\/leo\"}]}<\/script>\n<!-- \/ Yoast SEO plugin. -->","yoast_head_json":{"title":"Apple AB Davas\u0131n\u0131 Kaybetti - The Epoch Times TR","description":"Apple AB davas\u0131n\u0131 kaybetti. AB Genel Mahkemesi, App Store ve iOS'un Dijital Pazarlar Yasas\u0131 kapsam\u0131ndaki kap\u0131 bek\u00e7isi stat\u00fcs\u00fcn\u00fc onaylad\u0131.","robots":{"index":"index","follow":"follow","max-snippet":"max-snippet:-1","max-image-preview":"max-image-preview:large","max-video-preview":"max-video-preview:-1"},"canonical":"https:\/\/epochtimestr.com\/index.php\/apple-ab-davasini-kaybetti","og_locale":"tr_TR","og_type":"article","og_title":"Apple AB Davas\u0131n\u0131 Kaybetti - The Epoch Times TR","og_description":"Apple AB davas\u0131n\u0131 kaybetti. AB Genel Mahkemesi, App Store ve iOS'un Dijital Pazarlar Yasas\u0131 kapsam\u0131ndaki kap\u0131 bek\u00e7isi stat\u00fcs\u00fcn\u00fc onaylad\u0131.","og_url":"https:\/\/epochtimestr.com\/index.php\/apple-ab-davasini-kaybetti","og_site_name":"The Epoch Times TR","article_publisher":"https:\/\/www.facebook.com\/theepochtimestr","article_published_time":"2026-07-08T15:15:35+00:00","article_modified_time":"2026-07-08T15:15:37+00:00","og_image":[{"width":1200,"height":800,"url":"https:\/\/epochtimestr.com\/wp-content\/uploads\/2011y\/1000043944.webp","type":"image\/webp"}],"author":"Leo Bajelan","twitter_card":"summary_large_image","twitter_creator":"@TheEpochTimesTR","twitter_site":"@TheEpochTimesTR","twitter_misc":{"Yazan:":"Leo Bajelan","Tahmini okuma s\u00fcresi":"3 dakika"},"schema":{"@context":"https:\/\/schema.org","@graph":[{"@type":"Article","@id":"https:\/\/epochtimestr.com\/index.php\/apple-ab-davasini-kaybetti#article","isPartOf":{"@id":"https:\/\/epochtimestr.com\/index.php\/apple-ab-davasini-kaybetti"},"author":{"name":"Leo Bajelan","@id":"https:\/\/epochtimestr.com\/#\/schema\/person\/5fef218711d76d8f232b0e1f1d7e4c0d"},"headline":"Apple AB Davas\u0131n\u0131 Kaybetti","datePublished":"2026-07-08T15:15:35+00:00","dateModified":"2026-07-08T15:15:37+00:00","mainEntityOfPage":{"@id":"https:\/\/epochtimestr.com\/index.php\/apple-ab-davasini-kaybetti"},"wordCount":441,"commentCount":0,"publisher":{"@id":"https:\/\/epochtimestr.com\/#organization"},"image":{"@id":"https:\/\/epochtimestr.com\/index.php\/apple-ab-davasini-kaybetti#primaryimage"},"thumbnailUrl":"https:\/\/epochtimestr.com\/wp-content\/uploads\/2011y\/1000043944.webp","keywords":["App astore-iOS","Apple AB","Apple davas\u0131","Avrupa komisyonu"],"articleSection":["D\u00dcNYA","G\u00dcNDEM","MAN\u015eET"],"inLanguage":"tr","potentialAction":[{"@type":"CommentAction","name":"Comment","target":["https:\/\/epochtimestr.com\/index.php\/apple-ab-davasini-kaybetti#respond"]}]},{"@type":"WebPage","@id":"https:\/\/epochtimestr.com\/index.php\/apple-ab-davasini-kaybetti","url":"https:\/\/epochtimestr.com\/index.php\/apple-ab-davasini-kaybetti","name":"Apple AB Davas\u0131n\u0131 Kaybetti - The Epoch Times TR","isPartOf":{"@id":"https:\/\/epochtimestr.com\/#website"},"primaryImageOfPage":{"@id":"https:\/\/epochtimestr.com\/index.php\/apple-ab-davasini-kaybetti#primaryimage"},"image":{"@id":"https:\/\/epochtimestr.com\/index.php\/apple-ab-davasini-kaybetti#primaryimage"},"thumbnailUrl":"https:\/\/epochtimestr.com\/wp-content\/uploads\/2011y\/1000043944.webp","datePublished":"2026-07-08T15:15:35+00:00","dateModified":"2026-07-08T15:15:37+00:00","description":"Apple AB davas\u0131n\u0131 kaybetti. AB Genel Mahkemesi, App Store ve iOS'un Dijital Pazarlar Yasas\u0131 kapsam\u0131ndaki kap\u0131 bek\u00e7isi stat\u00fcs\u00fcn\u00fc onaylad\u0131.","inLanguage":"tr","potentialAction":[{"@type":"ReadAction","target":["https:\/\/epochtimestr.com\/index.php\/apple-ab-davasini-kaybetti"]}]},{"@type":"ImageObject","inLanguage":"tr","@id":"https:\/\/epochtimestr.com\/index.php\/apple-ab-davasini-kaybetti#primaryimage","url":"https:\/\/epochtimestr.com\/wp-content\/uploads\/2011y\/1000043944.webp","contentUrl":"https:\/\/epochtimestr.com\/wp-content\/uploads\/2011y\/1000043944.webp","width":1200,"height":800},{"@type":"WebSite","@id":"https:\/\/epochtimestr.com\/#website","url":"https:\/\/epochtimestr.com\/","name":"The Epoch Times TR","description":"De\u011fi\u015fen D\u00fcnyam\u0131za Taze Bir Bak\u0131\u015f","publisher":{"@id":"https:\/\/epochtimestr.com\/#organization"},"potentialAction":[{"@type":"SearchAction","target":{"@type":"EntryPoint","urlTemplate":"https:\/\/epochtimestr.com\/?s={search_term_string}"},"query-input":"required name=search_term_string"}],"inLanguage":"tr"},{"@type":"Organization","@id":"https:\/\/epochtimestr.com\/#organization","name":"The EpochTimes T\u00fcrkiye","url":"https:\/\/epochtimestr.com\/","logo":{"@type":"ImageObject","inLanguage":"tr","@id":"https:\/\/epochtimestr.com\/#\/schema\/logo\/image\/","url":"https:\/\/epochtimestr.com\/wp-content\/uploads\/2011y\/ET-Logo-YG.jpg","contentUrl":"https:\/\/epochtimestr.com\/wp-content\/uploads\/2011y\/ET-Logo-YG.jpg","width":346,"height":29,"caption":"The EpochTimes T\u00fcrkiye"},"image":{"@id":"https:\/\/epochtimestr.com\/#\/schema\/logo\/image\/"},"sameAs":["https:\/\/www.facebook.com\/theepochtimestr","https:\/\/x.com\/TheEpochTimesTR","https:\/\/www.instagram.com\/epochtimestr"]},{"@type":"Person","@id":"https:\/\/epochtimestr.com\/#\/schema\/person\/5fef218711d76d8f232b0e1f1d7e4c0d","name":"Leo Bajelan","image":{"@type":"ImageObject","inLanguage":"tr","@id":"https:\/\/epochtimestr.com\/#\/schema\/person\/image\/","url":"https:\/\/secure.gravatar.com\/avatar\/917669146f489549e548a2e9af272df5?s=96&d=mm&r=g","contentUrl":"https:\/\/secure.gravatar.com\/avatar\/917669146f489549e548a2e9af272df5?s=96&d=mm&r=g","caption":"Leo Bajelan"},"url":"https:\/\/epochtimestr.com\/index.php\/author\/leo"}]}},"_links":{"self":[{"href":"https:\/\/epochtimestr.com\/index.php\/wp-json\/wp\/v2\/posts\/168400"}],"collection":[{"href":"https:\/\/epochtimestr.com\/index.php\/wp-json\/wp\/v2\/posts"}],"about":[{"href":"https:\/\/epochtimestr.com\/index.php\/wp-json\/wp\/v2\/types\/post"}],"author":[{"embeddable":true,"href":"https:\/\/epochtimestr.com\/index.php\/wp-json\/wp\/v2\/users\/13996"}],"replies":[{"embeddable":true,"href":"https:\/\/epochtimestr.com\/index.php\/wp-json\/wp\/v2\/comments?post=168400"}],"version-history":[{"count":2,"href":"https:\/\/epochtimestr.com\/index.php\/wp-json\/wp\/v2\/posts\/168400\/revisions"}],"predecessor-version":[{"id":168416,"href":"https:\/\/epochtimestr.com\/index.php\/wp-json\/wp\/v2\/posts\/168400\/revisions\/168416"}],"wp:featuredmedia":[{"embeddable":true,"href":"https:\/\/epochtimestr.com\/index.php\/wp-json\/wp\/v2\/media\/168401"}],"wp:attachment":[{"href":"https:\/\/epochtimestr.com\/index.php\/wp-json\/wp\/v2\/media?parent=168400"}],"wp:term":[{"taxonomy":"category","embeddable":true,"href":"https:\/\/epochtimestr.com\/index.php\/wp-json\/wp\/v2\/categories?post=168400"},{"taxonomy":"post_tag","embeddable":true,"href":"https:\/\/epochtimestr.com\/index.php\/wp-json\/wp\/v2\/tags?post=168400"}],"curies":[{"name":"wp","href":"https:\/\/api.w.org\/{rel}","templated":true}]}}