{"id":168419,"date":"2026-07-08T22:13:53","date_gmt":"2026-07-08T19:13:53","guid":{"rendered":"https:\/\/epochtimestr.com\/?p=168419"},"modified":"2026-07-08T22:13:56","modified_gmt":"2026-07-08T19:13:56","slug":"chpli-kale-belediye-baskani-erkan-hayla-zafer-partisine-katildi","status":"publish","type":"post","link":"https:\/\/epochtimestr.com\/index.php\/chpli-kale-belediye-baskani-erkan-hayla-zafer-partisine-katildi","title":{"rendered":"CHP&#8217;li Kale Belediye Ba\u015fkan\u0131 Erkan Hayla Zafer Partisi&#8217;ne Kat\u0131ld\u0131"},"content":{"rendered":"<div class=\"wp-block-image\">\n<figure class=\"aligncenter size-full is-resized\"><img loading=\"lazy\" decoding=\"async\" width=\"835\" height=\"896\" src=\"https:\/\/epochtimestr.com\/wp-content\/uploads\/2011y\/zafer-partisi.png\" alt=\"\" class=\"wp-image-168420\" style=\"width:835px;height:auto\" srcset=\"https:\/\/epochtimestr.com\/wp-content\/uploads\/2011y\/zafer-partisi.png 835w, https:\/\/epochtimestr.com\/wp-content\/uploads\/2011y\/zafer-partisi-280x300.png 280w, https:\/\/epochtimestr.com\/wp-content\/uploads\/2011y\/zafer-partisi-140x150.png 140w, https:\/\/epochtimestr.com\/wp-content\/uploads\/2011y\/zafer-partisi-768x824.png 768w\" sizes=\"(max-width: 835px) 100vw, 835px\" \/><figcaption class=\"wp-element-caption\">CHP&#8217;li Kale Belediye Ba\u015fkan\u0131 Erkan Hayla Zafer Partisi&#8217;ne kat\u0131ld\u0131. (Foto\u011fraf: \u00dcmit \u00d6zda\u011f sosyal medya hesab\u0131ndan)<\/figcaption><\/figure><\/div>\n\n\n<h2 class=\"wp-block-heading\">CHP&#8217;li Kale Belediye Ba\u015fkan\u0131 Erkan Hayla, Zafer Partisi&#8217;ne kat\u0131ld\u0131. Hayla&#8217;n\u0131n rozetini Zafer Partisi Genel Ba\u015fkan\u0131 \u00dcmit \u00d6zda\u011f takt\u0131.<\/h2>\n\n\n\n<p>Denizli&#8217;de, 31 Mart 2024 yerel se\u00e7imlerinde CHP&#8217;den Kale Belediye Ba\u015fkan\u0131 se\u00e7ilen Erkan Hayla, Zafer Partisi\u2019ne ge\u00e7ti. Hayla\u2019n\u0131n <a href=\"https:\/\/epochtimestr.com\/index.php\/zafer-partisi-3-kurulus-yil-donumunu-kutladi\" target=\"_blank\" rel=\"noreferrer noopener\">Zafer Partisi<\/a>\u2019ne ge\u00e7ti\u011fini, Zafer Partisi Genel Ba\u015fkan\u0131 <a href=\"https:\/\/epochtimestr.com\/index.php\/umit-ozdagdan-chpye-destek-ziyareti\" target=\"_blank\" rel=\"noreferrer noopener\">\u00dcmit \u00d6zda\u011f<\/a>, sosyal medya hesab\u0131ndan duyurdu.<\/p>\n\n\n\n<p>\u00d6zda\u011f sosyal medya payla\u015f\u0131m\u0131nda: &#8220;Denizli Kale Belediye Ba\u015fkan\u0131 Erkan Hayla, Genel Ba\u015fkan\u0131m\u0131z Prof. Dr. \u00dcmit \u00d6zda\u011f ile bir araya gelerek Zafer Partisi ailemize kat\u0131lm\u0131\u015ft\u0131r. Burdur Tefenni Belediye Ba\u015fkan\u0131m\u0131z \u00dcmit Alag\u00f6z\u2019\u00fcn ard\u0131ndan, Denizli Kale Belediyesi ile birlikte Zafer Partisi\u2019nin belediyecilik anlay\u0131\u015f\u0131 ikinci belediyemizde de temsil edilecektir. Bu \u00f6nemli kat\u0131l\u0131m s\u00fcrecindeki emekleri ve katk\u0131lar\u0131 i\u00e7in Denizli \u0130l Ba\u015fkan\u0131m\u0131z Av. Yurdahan \u00d6zhan\u2019a, belediye ba\u015fkanlar\u0131m\u0131za ve parti yetkililerimize te\u015fekk\u00fcr ediyoruz.&#8221; ifadelerini kulland\u0131.<\/p>\n\n\n<div class=\"wp-block-image\">\n<figure class=\"aligncenter size-full\"><img loading=\"lazy\" decoding=\"async\" width=\"1158\" height=\"1200\" src=\"https:\/\/epochtimestr.com\/wp-content\/uploads\/2011y\/umit-ozdag-2.jpg\" alt=\"\" class=\"wp-image-168421\" srcset=\"https:\/\/epochtimestr.com\/wp-content\/uploads\/2011y\/umit-ozdag-2.jpg 1158w, https:\/\/epochtimestr.com\/wp-content\/uploads\/2011y\/umit-ozdag-2-290x300.jpg 290w, https:\/\/epochtimestr.com\/wp-content\/uploads\/2011y\/umit-ozdag-2-145x150.jpg 145w, https:\/\/epochtimestr.com\/wp-content\/uploads\/2011y\/umit-ozdag-2-768x796.jpg 768w\" sizes=\"(max-width: 1158px) 100vw, 1158px\" \/><\/figure><\/div>\n\n\n<p>Erkan Hayla da sosyal medya hesab\u0131ndan yapt\u0131\u011f\u0131 a\u00e7\u0131klamada \u015fu ifadeleri kulland\u0131:<br \/>&#8220;Arkada\u015flar bir kahvalt\u0131 program\u0131nda \u00dcmit hocamla bulu\u015ftuk. Kendileri ile sohbet ederken rozeti birden g\u00f6\u011fs\u00fcm\u00fcze tak\u0131verdi. Kendileri ile \u00fclke meseleleri konusunda her daim hemfikiriz. G\u00f6sterdikleri tevazunun benim i\u00e7in de\u011feri \u00e7ok b\u00fcy\u00fck te\u015fekk\u00fcr ediyorum. L\u00e2kin ben, g\u00f6rev s\u00fcrem devam ederken parti de\u011fi\u015ftirecek karakterde bir adam de\u011filim. Yola \u00e7\u0131kt\u0131klar\u0131m zor zamanlardan ge\u00e7erken, \u00d6zg\u00fcr Ba\u015fkan\u0131m ve Silivri&#8217;de zul\u00fcm g\u00f6ren arkada\u015flar\u0131 bu kadar b\u00fcy\u00fck bir sava\u015f verirken, onlar\u0131 s\u0131rt\u0131ndan vurmam. Ali Osman Horzum ba\u015fkan\u0131m, B\u00fclent Nuri \u00c7avu\u015fo\u011flu ba\u015fkan\u0131m ve oylar\u0131 ile beni se\u00e7en se\u00e7menim git diyene kadar partimdeyim. Sayg\u0131lar\u0131mla.&#8221;<\/p>\n\n\n<div class=\"wp-block-image\">\n<figure class=\"aligncenter size-full\"><img loading=\"lazy\" decoding=\"async\" width=\"590\" height=\"607\" src=\"https:\/\/epochtimestr.com\/wp-content\/uploads\/2011y\/erkan-hayla.jpg\" alt=\"\" class=\"wp-image-168422\" srcset=\"https:\/\/epochtimestr.com\/wp-content\/uploads\/2011y\/erkan-hayla.jpg 590w, https:\/\/epochtimestr.com\/wp-content\/uploads\/2011y\/erkan-hayla-292x300.jpg 292w, https:\/\/epochtimestr.com\/wp-content\/uploads\/2011y\/erkan-hayla-146x150.jpg 146w\" sizes=\"(max-width: 590px) 100vw, 590px\" \/><\/figure><\/div>\n\n\n<p><\/p>\n","protected":false},"excerpt":{"rendered":"<p>CHP&#8217;li Kale Belediye Ba\u015fkan\u0131 Erkan Hayla, Zafer Partisi&#8217;ne kat\u0131ld\u0131. Hayla&#8217;n\u0131n rozetini Zafer Partisi Genel Ba\u015fkan\u0131 \u00dcmit \u00d6zda\u011f takt\u0131. Denizli&#8217;de, 31 Mart 2024 yerel se\u00e7imlerinde CHP&#8217;den Kale Belediye Ba\u015fkan\u0131 se\u00e7ilen Erkan Hayla, Zafer Partisi\u2019ne ge\u00e7ti. Hayla\u2019n\u0131n Zafer Partisi\u2019ne ge\u00e7ti\u011fini, Zafer Partisi Genel Ba\u015fkan\u0131 \u00dcmit \u00d6zda\u011f, sosyal medya hesab\u0131ndan duyurdu. \u00d6zda\u011f sosyal medya payla\u015f\u0131m\u0131nda: &#8220;Denizli Kale Belediye [&hellip;]<\/p>\n","protected":false},"author":12791,"featured_media":168420,"comment_status":"open","ping_status":"open","sticky":false,"template":"","format":"standard","meta":{"_yoast_wpseo_focuskw":"CHP'li","_yoast_wpseo_title":"","_yoast_wpseo_metadesc":"CHP'li Kale Belediye Ba\u015fkan\u0131 Erkan Hayla, Zafer Partisi'ne kat\u0131ld\u0131. Hayla'n\u0131n rozetini Zafer Partisi Genel Ba\u015fkan\u0131 \u00dcmit \u00d6zda\u011f takt\u0131.","_bbp_topic_count":0,"_bbp_reply_count":0,"_bbp_total_topic_count":0,"_bbp_total_reply_count":0,"_bbp_voice_count":0,"_bbp_anonymous_reply_count":0,"_bbp_topic_count_hidden":0,"_bbp_reply_count_hidden":0,"_bbp_forum_subforum_count":0,"footnotes":"","_yoast_wpseo_focuskw_text_input":""},"categories":[1,8226,37],"tags":[583,11664,8490,8491],"yoast_head":"<!-- This site is optimized with the Yoast SEO plugin v23.0 - https:\/\/yoast.com\/wordpress\/plugins\/seo\/ -->\n<title>CHP&#039;li Kale Belediye Ba\u015fkan\u0131 Erkan Hayla Zafer Partisi&#039;ne Kat\u0131ld\u0131 - The Epoch Times TR<\/title>\n<meta name=\"description\" content=\"CHP&#039;li Kale Belediye Ba\u015fkan\u0131 Erkan Hayla, Zafer Partisi&#039;ne kat\u0131ld\u0131. Hayla&#039;n\u0131n rozetini Zafer Partisi Genel Ba\u015fkan\u0131 \u00dcmit \u00d6zda\u011f takt\u0131.\" \/>\n<meta name=\"robots\" content=\"index, follow, max-snippet:-1, max-image-preview:large, max-video-preview:-1\" \/>\n<link rel=\"canonical\" href=\"https:\/\/epochtimestr.com\/index.php\/chpli-kale-belediye-baskani-erkan-hayla-zafer-partisine-katildi\" \/>\n<meta property=\"og:locale\" content=\"tr_TR\" \/>\n<meta property=\"og:type\" content=\"article\" \/>\n<meta property=\"og:title\" content=\"CHP&#039;li Kale Belediye Ba\u015fkan\u0131 Erkan Hayla Zafer Partisi&#039;ne Kat\u0131ld\u0131 - The Epoch Times TR\" \/>\n<meta property=\"og:description\" content=\"CHP&#039;li Kale Belediye Ba\u015fkan\u0131 Erkan Hayla, Zafer Partisi&#039;ne kat\u0131ld\u0131. Hayla&#039;n\u0131n rozetini Zafer Partisi Genel Ba\u015fkan\u0131 \u00dcmit \u00d6zda\u011f takt\u0131.\" \/>\n<meta property=\"og:url\" content=\"https:\/\/epochtimestr.com\/index.php\/chpli-kale-belediye-baskani-erkan-hayla-zafer-partisine-katildi\" \/>\n<meta property=\"og:site_name\" content=\"The Epoch Times TR\" \/>\n<meta property=\"article:publisher\" content=\"https:\/\/www.facebook.com\/theepochtimestr\" \/>\n<meta property=\"article:published_time\" content=\"2026-07-08T19:13:53+00:00\" \/>\n<meta property=\"article:modified_time\" content=\"2026-07-08T19:13:56+00:00\" \/>\n<meta property=\"og:image\" content=\"https:\/\/epochtimestr.com\/wp-content\/uploads\/2011y\/zafer-partisi.png\" \/>\n\t<meta property=\"og:image:width\" content=\"835\" \/>\n\t<meta property=\"og:image:height\" content=\"896\" \/>\n\t<meta property=\"og:image:type\" content=\"image\/png\" \/>\n<meta name=\"author\" content=\"Haber Merkezi\" \/>\n<meta name=\"twitter:card\" content=\"summary_large_image\" \/>\n<meta name=\"twitter:creator\" content=\"@TheEpochTimesTR\" \/>\n<meta name=\"twitter:site\" content=\"@TheEpochTimesTR\" \/>\n<meta name=\"twitter:label1\" content=\"Yazan:\" \/>\n\t<meta name=\"twitter:data1\" content=\"Haber Merkezi\" \/>\n\t<meta name=\"twitter:label2\" content=\"Tahmini okuma s\u00fcresi\" \/>\n\t<meta name=\"twitter:data2\" content=\"3 dakika\" \/>\n<script type=\"application\/ld+json\" class=\"yoast-schema-graph\">{\"@context\":\"https:\/\/schema.org\",\"@graph\":[{\"@type\":\"Article\",\"@id\":\"https:\/\/epochtimestr.com\/index.php\/chpli-kale-belediye-baskani-erkan-hayla-zafer-partisine-katildi#article\",\"isPartOf\":{\"@id\":\"https:\/\/epochtimestr.com\/index.php\/chpli-kale-belediye-baskani-erkan-hayla-zafer-partisine-katildi\"},\"author\":{\"name\":\"Haber Merkezi\",\"@id\":\"https:\/\/epochtimestr.com\/#\/schema\/person\/3dc5c3adeb9f43923c5aa85889172fdd\"},\"headline\":\"CHP&#8217;li Kale Belediye Ba\u015fkan\u0131 Erkan Hayla Zafer Partisi&#8217;ne Kat\u0131ld\u0131\",\"datePublished\":\"2026-07-08T19:13:53+00:00\",\"dateModified\":\"2026-07-08T19:13:56+00:00\",\"mainEntityOfPage\":{\"@id\":\"https:\/\/epochtimestr.com\/index.php\/chpli-kale-belediye-baskani-erkan-hayla-zafer-partisine-katildi\"},\"wordCount\":331,\"commentCount\":0,\"publisher\":{\"@id\":\"https:\/\/epochtimestr.com\/#organization\"},\"image\":{\"@id\":\"https:\/\/epochtimestr.com\/index.php\/chpli-kale-belediye-baskani-erkan-hayla-zafer-partisine-katildi#primaryimage\"},\"thumbnailUrl\":\"https:\/\/epochtimestr.com\/wp-content\/uploads\/2011y\/zafer-partisi.png\",\"keywords\":[\"CHP\",\"Erkan Hayla\",\"\u00dcmit \u00d6zda\u011f\",\"Zafer Partisi\"],\"articleSection\":[\"G\u00dcNDEM\",\"Siyaset\",\"T\u00dcRK\u0130YE\"],\"inLanguage\":\"tr\",\"potentialAction\":[{\"@type\":\"CommentAction\",\"name\":\"Comment\",\"target\":[\"https:\/\/epochtimestr.com\/index.php\/chpli-kale-belediye-baskani-erkan-hayla-zafer-partisine-katildi#respond\"]}]},{\"@type\":\"WebPage\",\"@id\":\"https:\/\/epochtimestr.com\/index.php\/chpli-kale-belediye-baskani-erkan-hayla-zafer-partisine-katildi\",\"url\":\"https:\/\/epochtimestr.com\/index.php\/chpli-kale-belediye-baskani-erkan-hayla-zafer-partisine-katildi\",\"name\":\"CHP'li Kale Belediye Ba\u015fkan\u0131 Erkan Hayla Zafer Partisi'ne Kat\u0131ld\u0131 - The Epoch Times TR\",\"isPartOf\":{\"@id\":\"https:\/\/epochtimestr.com\/#website\"},\"primaryImageOfPage\":{\"@id\":\"https:\/\/epochtimestr.com\/index.php\/chpli-kale-belediye-baskani-erkan-hayla-zafer-partisine-katildi#primaryimage\"},\"image\":{\"@id\":\"https:\/\/epochtimestr.com\/index.php\/chpli-kale-belediye-baskani-erkan-hayla-zafer-partisine-katildi#primaryimage\"},\"thumbnailUrl\":\"https:\/\/epochtimestr.com\/wp-content\/uploads\/2011y\/zafer-partisi.png\",\"datePublished\":\"2026-07-08T19:13:53+00:00\",\"dateModified\":\"2026-07-08T19:13:56+00:00\",\"description\":\"CHP'li Kale Belediye Ba\u015fkan\u0131 Erkan Hayla, Zafer Partisi'ne kat\u0131ld\u0131. Hayla'n\u0131n rozetini Zafer Partisi Genel Ba\u015fkan\u0131 \u00dcmit \u00d6zda\u011f takt\u0131.\",\"inLanguage\":\"tr\",\"potentialAction\":[{\"@type\":\"ReadAction\",\"target\":[\"https:\/\/epochtimestr.com\/index.php\/chpli-kale-belediye-baskani-erkan-hayla-zafer-partisine-katildi\"]}]},{\"@type\":\"ImageObject\",\"inLanguage\":\"tr\",\"@id\":\"https:\/\/epochtimestr.com\/index.php\/chpli-kale-belediye-baskani-erkan-hayla-zafer-partisine-katildi#primaryimage\",\"url\":\"https:\/\/epochtimestr.com\/wp-content\/uploads\/2011y\/zafer-partisi.png\",\"contentUrl\":\"https:\/\/epochtimestr.com\/wp-content\/uploads\/2011y\/zafer-partisi.png\",\"width\":835,\"height\":896},{\"@type\":\"WebSite\",\"@id\":\"https:\/\/epochtimestr.com\/#website\",\"url\":\"https:\/\/epochtimestr.com\/\",\"name\":\"The Epoch Times TR\",\"description\":\"De\u011fi\u015fen D\u00fcnyam\u0131za Taze Bir Bak\u0131\u015f\",\"publisher\":{\"@id\":\"https:\/\/epochtimestr.com\/#organization\"},\"potentialAction\":[{\"@type\":\"SearchAction\",\"target\":{\"@type\":\"EntryPoint\",\"urlTemplate\":\"https:\/\/epochtimestr.com\/?s={search_term_string}\"},\"query-input\":\"required name=search_term_string\"}],\"inLanguage\":\"tr\"},{\"@type\":\"Organization\",\"@id\":\"https:\/\/epochtimestr.com\/#organization\",\"name\":\"The EpochTimes T\u00fcrkiye\",\"url\":\"https:\/\/epochtimestr.com\/\",\"logo\":{\"@type\":\"ImageObject\",\"inLanguage\":\"tr\",\"@id\":\"https:\/\/epochtimestr.com\/#\/schema\/logo\/image\/\",\"url\":\"https:\/\/epochtimestr.com\/wp-content\/uploads\/2011y\/ET-Logo-YG.jpg\",\"contentUrl\":\"https:\/\/epochtimestr.com\/wp-content\/uploads\/2011y\/ET-Logo-YG.jpg\",\"width\":346,\"height\":29,\"caption\":\"The EpochTimes T\u00fcrkiye\"},\"image\":{\"@id\":\"https:\/\/epochtimestr.com\/#\/schema\/logo\/image\/\"},\"sameAs\":[\"https:\/\/www.facebook.com\/theepochtimestr\",\"https:\/\/x.com\/TheEpochTimesTR\",\"https:\/\/www.instagram.com\/epochtimestr\"]},{\"@type\":\"Person\",\"@id\":\"https:\/\/epochtimestr.com\/#\/schema\/person\/3dc5c3adeb9f43923c5aa85889172fdd\",\"name\":\"Haber Merkezi\",\"image\":{\"@type\":\"ImageObject\",\"inLanguage\":\"tr\",\"@id\":\"https:\/\/epochtimestr.com\/#\/schema\/person\/image\/\",\"url\":\"https:\/\/secure.gravatar.com\/avatar\/d73f772ba5a74f28601361e17c2f93e6?s=96&d=mm&r=g\",\"contentUrl\":\"https:\/\/secure.gravatar.com\/avatar\/d73f772ba5a74f28601361e17c2f93e6?s=96&d=mm&r=g\",\"caption\":\"Haber Merkezi\"},\"url\":\"https:\/\/epochtimestr.com\/index.php\/author\/sendag\"}]}<\/script>\n<!-- \/ Yoast SEO plugin. -->","yoast_head_json":{"title":"CHP'li Kale Belediye Ba\u015fkan\u0131 Erkan Hayla Zafer Partisi'ne Kat\u0131ld\u0131 - The Epoch Times TR","description":"CHP'li Kale Belediye Ba\u015fkan\u0131 Erkan Hayla, Zafer Partisi'ne kat\u0131ld\u0131. Hayla'n\u0131n rozetini Zafer Partisi Genel Ba\u015fkan\u0131 \u00dcmit \u00d6zda\u011f takt\u0131.","robots":{"index":"index","follow":"follow","max-snippet":"max-snippet:-1","max-image-preview":"max-image-preview:large","max-video-preview":"max-video-preview:-1"},"canonical":"https:\/\/epochtimestr.com\/index.php\/chpli-kale-belediye-baskani-erkan-hayla-zafer-partisine-katildi","og_locale":"tr_TR","og_type":"article","og_title":"CHP'li Kale Belediye Ba\u015fkan\u0131 Erkan Hayla Zafer Partisi'ne Kat\u0131ld\u0131 - The Epoch Times TR","og_description":"CHP'li Kale Belediye Ba\u015fkan\u0131 Erkan Hayla, Zafer Partisi'ne kat\u0131ld\u0131. Hayla'n\u0131n rozetini Zafer Partisi Genel Ba\u015fkan\u0131 \u00dcmit \u00d6zda\u011f takt\u0131.","og_url":"https:\/\/epochtimestr.com\/index.php\/chpli-kale-belediye-baskani-erkan-hayla-zafer-partisine-katildi","og_site_name":"The Epoch Times TR","article_publisher":"https:\/\/www.facebook.com\/theepochtimestr","article_published_time":"2026-07-08T19:13:53+00:00","article_modified_time":"2026-07-08T19:13:56+00:00","og_image":[{"width":835,"height":896,"url":"https:\/\/epochtimestr.com\/wp-content\/uploads\/2011y\/zafer-partisi.png","type":"image\/png"}],"author":"Haber Merkezi","twitter_card":"summary_large_image","twitter_creator":"@TheEpochTimesTR","twitter_site":"@TheEpochTimesTR","twitter_misc":{"Yazan:":"Haber Merkezi","Tahmini okuma s\u00fcresi":"3 dakika"},"schema":{"@context":"https:\/\/schema.org","@graph":[{"@type":"Article","@id":"https:\/\/epochtimestr.com\/index.php\/chpli-kale-belediye-baskani-erkan-hayla-zafer-partisine-katildi#article","isPartOf":{"@id":"https:\/\/epochtimestr.com\/index.php\/chpli-kale-belediye-baskani-erkan-hayla-zafer-partisine-katildi"},"author":{"name":"Haber Merkezi","@id":"https:\/\/epochtimestr.com\/#\/schema\/person\/3dc5c3adeb9f43923c5aa85889172fdd"},"headline":"CHP&#8217;li Kale Belediye Ba\u015fkan\u0131 Erkan Hayla Zafer Partisi&#8217;ne Kat\u0131ld\u0131","datePublished":"2026-07-08T19:13:53+00:00","dateModified":"2026-07-08T19:13:56+00:00","mainEntityOfPage":{"@id":"https:\/\/epochtimestr.com\/index.php\/chpli-kale-belediye-baskani-erkan-hayla-zafer-partisine-katildi"},"wordCount":331,"commentCount":0,"publisher":{"@id":"https:\/\/epochtimestr.com\/#organization"},"image":{"@id":"https:\/\/epochtimestr.com\/index.php\/chpli-kale-belediye-baskani-erkan-hayla-zafer-partisine-katildi#primaryimage"},"thumbnailUrl":"https:\/\/epochtimestr.com\/wp-content\/uploads\/2011y\/zafer-partisi.png","keywords":["CHP","Erkan Hayla","\u00dcmit \u00d6zda\u011f","Zafer Partisi"],"articleSection":["G\u00dcNDEM","Siyaset","T\u00dcRK\u0130YE"],"inLanguage":"tr","potentialAction":[{"@type":"CommentAction","name":"Comment","target":["https:\/\/epochtimestr.com\/index.php\/chpli-kale-belediye-baskani-erkan-hayla-zafer-partisine-katildi#respond"]}]},{"@type":"WebPage","@id":"https:\/\/epochtimestr.com\/index.php\/chpli-kale-belediye-baskani-erkan-hayla-zafer-partisine-katildi","url":"https:\/\/epochtimestr.com\/index.php\/chpli-kale-belediye-baskani-erkan-hayla-zafer-partisine-katildi","name":"CHP'li Kale Belediye Ba\u015fkan\u0131 Erkan Hayla Zafer Partisi'ne Kat\u0131ld\u0131 - The Epoch Times TR","isPartOf":{"@id":"https:\/\/epochtimestr.com\/#website"},"primaryImageOfPage":{"@id":"https:\/\/epochtimestr.com\/index.php\/chpli-kale-belediye-baskani-erkan-hayla-zafer-partisine-katildi#primaryimage"},"image":{"@id":"https:\/\/epochtimestr.com\/index.php\/chpli-kale-belediye-baskani-erkan-hayla-zafer-partisine-katildi#primaryimage"},"thumbnailUrl":"https:\/\/epochtimestr.com\/wp-content\/uploads\/2011y\/zafer-partisi.png","datePublished":"2026-07-08T19:13:53+00:00","dateModified":"2026-07-08T19:13:56+00:00","description":"CHP'li Kale Belediye Ba\u015fkan\u0131 Erkan Hayla, Zafer Partisi'ne kat\u0131ld\u0131. Hayla'n\u0131n rozetini Zafer Partisi Genel Ba\u015fkan\u0131 \u00dcmit \u00d6zda\u011f takt\u0131.","inLanguage":"tr","potentialAction":[{"@type":"ReadAction","target":["https:\/\/epochtimestr.com\/index.php\/chpli-kale-belediye-baskani-erkan-hayla-zafer-partisine-katildi"]}]},{"@type":"ImageObject","inLanguage":"tr","@id":"https:\/\/epochtimestr.com\/index.php\/chpli-kale-belediye-baskani-erkan-hayla-zafer-partisine-katildi#primaryimage","url":"https:\/\/epochtimestr.com\/wp-content\/uploads\/2011y\/zafer-partisi.png","contentUrl":"https:\/\/epochtimestr.com\/wp-content\/uploads\/2011y\/zafer-partisi.png","width":835,"height":896},{"@type":"WebSite","@id":"https:\/\/epochtimestr.com\/#website","url":"https:\/\/epochtimestr.com\/","name":"The Epoch Times TR","description":"De\u011fi\u015fen D\u00fcnyam\u0131za Taze Bir Bak\u0131\u015f","publisher":{"@id":"https:\/\/epochtimestr.com\/#organization"},"potentialAction":[{"@type":"SearchAction","target":{"@type":"EntryPoint","urlTemplate":"https:\/\/epochtimestr.com\/?s={search_term_string}"},"query-input":"required name=search_term_string"}],"inLanguage":"tr"},{"@type":"Organization","@id":"https:\/\/epochtimestr.com\/#organization","name":"The EpochTimes T\u00fcrkiye","url":"https:\/\/epochtimestr.com\/","logo":{"@type":"ImageObject","inLanguage":"tr","@id":"https:\/\/epochtimestr.com\/#\/schema\/logo\/image\/","url":"https:\/\/epochtimestr.com\/wp-content\/uploads\/2011y\/ET-Logo-YG.jpg","contentUrl":"https:\/\/epochtimestr.com\/wp-content\/uploads\/2011y\/ET-Logo-YG.jpg","width":346,"height":29,"caption":"The EpochTimes T\u00fcrkiye"},"image":{"@id":"https:\/\/epochtimestr.com\/#\/schema\/logo\/image\/"},"sameAs":["https:\/\/www.facebook.com\/theepochtimestr","https:\/\/x.com\/TheEpochTimesTR","https:\/\/www.instagram.com\/epochtimestr"]},{"@type":"Person","@id":"https:\/\/epochtimestr.com\/#\/schema\/person\/3dc5c3adeb9f43923c5aa85889172fdd","name":"Haber Merkezi","image":{"@type":"ImageObject","inLanguage":"tr","@id":"https:\/\/epochtimestr.com\/#\/schema\/person\/image\/","url":"https:\/\/secure.gravatar.com\/avatar\/d73f772ba5a74f28601361e17c2f93e6?s=96&d=mm&r=g","contentUrl":"https:\/\/secure.gravatar.com\/avatar\/d73f772ba5a74f28601361e17c2f93e6?s=96&d=mm&r=g","caption":"Haber Merkezi"},"url":"https:\/\/epochtimestr.com\/index.php\/author\/sendag"}]}},"_links":{"self":[{"href":"https:\/\/epochtimestr.com\/index.php\/wp-json\/wp\/v2\/posts\/168419"}],"collection":[{"href":"https:\/\/epochtimestr.com\/index.php\/wp-json\/wp\/v2\/posts"}],"about":[{"href":"https:\/\/epochtimestr.com\/index.php\/wp-json\/wp\/v2\/types\/post"}],"author":[{"embeddable":true,"href":"https:\/\/epochtimestr.com\/index.php\/wp-json\/wp\/v2\/users\/12791"}],"replies":[{"embeddable":true,"href":"https:\/\/epochtimestr.com\/index.php\/wp-json\/wp\/v2\/comments?post=168419"}],"version-history":[{"count":2,"href":"https:\/\/epochtimestr.com\/index.php\/wp-json\/wp\/v2\/posts\/168419\/revisions"}],"predecessor-version":[{"id":168426,"href":"https:\/\/epochtimestr.com\/index.php\/wp-json\/wp\/v2\/posts\/168419\/revisions\/168426"}],"wp:featuredmedia":[{"embeddable":true,"href":"https:\/\/epochtimestr.com\/index.php\/wp-json\/wp\/v2\/media\/168420"}],"wp:attachment":[{"href":"https:\/\/epochtimestr.com\/index.php\/wp-json\/wp\/v2\/media?parent=168419"}],"wp:term":[{"taxonomy":"category","embeddable":true,"href":"https:\/\/epochtimestr.com\/index.php\/wp-json\/wp\/v2\/categories?post=168419"},{"taxonomy":"post_tag","embeddable":true,"href":"https:\/\/epochtimestr.com\/index.php\/wp-json\/wp\/v2\/tags?post=168419"}],"curies":[{"name":"wp","href":"https:\/\/api.w.org\/{rel}","templated":true}]}}