{"id":168427,"date":"2026-07-09T08:30:00","date_gmt":"2026-07-09T05:30:00","guid":{"rendered":"https:\/\/epochtimestr.com\/?p=168427"},"modified":"2026-07-08T22:40:13","modified_gmt":"2026-07-08T19:40:13","slug":"nato-zirvesinin-ardindan","status":"publish","type":"post","link":"https:\/\/epochtimestr.com\/index.php\/nato-zirvesinin-ardindan","title":{"rendered":"NATO Zirvesinin Ard\u0131ndan"},"content":{"rendered":"\n<p class=\"has-text-align-right\">&#8220;Zaruretler, mahzuru m\u00fcbah k\u0131lar&#8221;<\/p>\n\n\n\n<p>NATO Ankara zirvesinden ne anlad\u0131k? Ben kendi ad\u0131ma zirvenin kamuoyuna yans\u0131d\u0131\u011f\u0131 kadar\u0131yla, T\u00fcrkiye&#8217;nin \u00e7ok iyi ev sahipli\u011fi yapt\u0131\u011f\u0131n\u0131 ve \u00fclke tan\u0131t\u0131m\u0131na g\u00fczel katk\u0131 sundu\u011funu d\u00fc\u015f\u00fcn\u00fcyorum. Onun d\u0131\u015f\u0131nda yeterli bilgi s\u0131zmad\u0131 d\u0131\u015far\u0131ya &#8211; ki bu tarz toplant\u0131lar\u0131n do\u011fas\u0131nda vard\u0131r. Bir taraftan d\u0131\u015far\u0131ya olumlu mesajlar verilir. Aile foto\u011fraf\u0131 \u00e7ektirilir. Di\u011fer taraftan \u00f6nemli ve bizlerin duymad\u0131\u011f\u0131, bilmedi\u011fi \u015feyler olur. As\u0131l \u00f6nemli olan, kapal\u0131 kap\u0131lar ard\u0131nda nelerin konu\u015fuldu\u011fu ve hangi kararlar al\u0131nd\u0131\u011f\u0131d\u0131r.<\/p>\n\n\n\n<p>G\u00f6r\u00fcn\u00fcrde T\u00fcrk misafirperverli\u011fi, T\u00fcrk Ordusu ve T\u00fcrk savunma sanayiinin geldi\u011fi nokta \u00f6ne \u00e7\u0131kt\u0131 ve herkes buna vurgu yapt\u0131. T\u00fcrkiye, zirvede ABD yapt\u0131r\u0131mlar\u0131n\u0131n kalkmas\u0131 konusunda g\u00fcvence ald\u0131.&nbsp;Ayr\u0131ca T\u00fcrkiye, Avrupa savunma b\u00fct\u00e7esinden pay alabilecek. Kaan i\u00e7in 110 adet F-16 motoru gelecek. F-35 projesine d\u00f6nme konusu ise h\u00e2l\u00e2 belirsizli\u011fini koruyor.<\/p>\n\n\n\n<p>Avrupa 800 milyar avroluk b\u00fct\u00e7e ay\u0131rd\u0131 ve bunun 150 milyar avrosunu ilk etapta serbest b\u0131rakt\u0131. Ayr\u0131ca Ukrayna&#8217;ya 70 milyar dolarl\u0131k ek sava\u015f \u00f6dene\u011fi kararla\u015ft\u0131r\u0131ld\u0131.<\/p>\n\n\n\n<p>D\u00fcnyan\u0131n derdi parad\u0131r. Para i\u015fin i\u00e7ine girdi\u011finde d\u00fc\u015fmanl\u0131klar da sava\u015flar da ka\u00e7\u0131n\u0131lmazd\u0131r.&nbsp;Sava\u015f b\u00fct\u00e7eleri para yutmaktad\u0131r. Bug\u00fcne de\u011fin a\u011f\u0131rl\u0131kla ABD, Avrupa&#8217;n\u0131n savunmas\u0131n\u0131 \u00fcstlendi. \u015eimdi ise ABD t\u00fcm \u00fcyelerden GSY\u0130H&#8217;n\u0131n % 5&#8217;ini NATO harcamalar\u0131na ay\u0131rmas\u0131n\u0131 bekliyor ama her \u00fcye buna s\u0131cak bakm\u0131yor veya g\u00fcc\u00fc yetmiyor.<\/p>\n\n\n\n<p>T\u00fcrkiye \u00f6rne\u011fin GSY\u0130H&#8217;n\u0131n h\u00e2lihaz\u0131rda y\u00fczde 3,8&#8217;ini savunma harcamalar\u0131na ay\u0131r\u0131yor ve bu oran\u0131 2030 y\u0131l\u0131na de\u011fin y\u00fczde 5 seviyesine \u00e7ekmeyi \u00f6ng\u00f6r\u00fcyor. T\u00fcrkiye bu konuda \u0130ttifak\u2019a bir y\u00fck olu\u015fturmuyor ve \u0130ttifak\u2019\u0131n ikinci b\u00fcy\u00fck ordusunu besliyor.<\/p>\n\n\n\n<p>Zirveye T\u00fcrkiye&#8217;nin g\u00fczel ev sahipli\u011fi, ba\u015far\u0131l\u0131 organizasyon, bol ikram \u00e7e\u015fitlili\u011fi ve Trump &#8211; Erdo\u011fan yak\u0131nl\u0131\u011f\u0131 damga vurdu. Onun d\u0131\u015f\u0131nda dedi\u011fimiz gibi pek bilgi s\u0131zmad\u0131 &#8211; ki zirve \u00f6ncesinde b\u00fcy\u00fck beklentiler olu\u015fturuldu. Bilhassa T\u00fcrk medyas\u0131 zirve i\u00e7in ola\u011fan\u00fcst\u00fc \u00e7aba g\u00f6sterdi. T\u00fcrk medyas\u0131ndaki a\u015f\u0131r\u0131 ilgi ve NATO hayranl\u0131\u011f\u0131 dikkatleri \u00e7ekti.<\/p>\n\n\n\n<p>Genel olarak benim zirveden anlad\u0131\u011f\u0131m, T\u00fcrkiye&#8217;ye \u0130ttifak\u2019\u0131n g\u00fcney kanad\u0131n\u0131n g\u00fcvenli\u011fi veriliyor. Yeni olu\u015fan enerji g\u00fcvenli\u011fi ve nakli konusunda b\u00fcy\u00fck paradigma de\u011fi\u015fimleri vard\u0131r. K\u00f6rfez&#8217;den \u00e7\u0131kan enerji kaynaklar\u0131 H\u00fcrm\u00fcz Bo\u011faz\u0131&#8217;ndan \u00e7\u0131kt\u0131\u011f\u0131nda y\u00f6n\u00fc Hint Okyanusu ve \u00c7in&#8217;dir. Oysa K\u00f6rfez enerjisini Suriye ve T\u00fcrkiye \u00fczerinden Bat\u0131&#8217;ya ula\u015ft\u0131rma plan\u0131 vard\u0131r &#8211; ki i\u015fte bu planda T\u00fcrkiye&#8217;ye NATO \u00e7er\u00e7evesinde b\u00fcy\u00fck g\u00f6revler d\u00fc\u015fmektedir.<\/p>\n\n\n\n<p>T\u00fcrkiye, g\u00fc\u00e7l\u00fc ordusu, mill\u00ee silahlar\u0131, iyi yeti\u015fmi\u015f insan kayna\u011f\u0131, m\u00fczakere g\u00fcc\u00fc ve yetene\u011fiyle NATO i\u00e7erisinde \u015fansl\u0131, g\u00fcvenilir ve iyi bir durumdad\u0131r. Zira bir\u00e7ok \u00fclke sava\u015facak asker bulmakta g\u00fc\u00e7l\u00fck \u00e7ekmektedir. Baz\u0131 \u00fcyelerde savunmaya ay\u0131racak fazla para bulunamamaktad\u0131r. Avrupa&#8217;n\u0131n bu s\u0131k\u0131nt\u0131l\u0131 durumu, T\u00fcrkiye&#8217;nin \u00f6nemini daha da artt\u0131rmaktad\u0131r.<\/p>\n\n\n\n<p>Zirve T\u00fcrkiye&#8217;nin orta g\u00fc\u00e7 bir \u00fclke konumuna y\u00fckseldi\u011fini g\u00f6sterdi. Ayr\u0131ca zirve T\u00fcrkiye&#8217;nin kanat \u00fclke pozisyonundan, merkez \u00fclke seviyesine \u00e7\u0131kt\u0131\u011f\u0131n\u0131 da g\u00f6sterdi.<\/p>\n\n\n\n<p>Her zaman s\u00f6ylerim, T\u00fcrkiye i\u00e7eriden bak\u0131ld\u0131\u011f\u0131nda farkl\u0131, d\u0131\u015f d\u00fcnyadan bak\u0131ld\u0131\u011f\u0131nda farkl\u0131 bir foto\u011fraf vermektedir. D\u0131\u015far\u0131daki T\u00fcrkiye alg\u0131s\u0131 i\u00e7eridekinden hep \u00f6ndedir.<\/p>\n\n\n\n<p>Zirve \u00f6ncesinde yazd\u0131\u011f\u0131m yaz\u0131, zirve sonras\u0131nda b\u00fcy\u00fck \u00f6l\u00e7\u00fcde do\u011fruland\u0131. T\u00fcrkiye, Bat\u0131 \u0130ttifak\u0131&#8217;nda kalma konusunda g\u00fc\u00e7l\u00fc bir irade tazeledi. E\u011fer T\u00fcrkiye bug\u00fcne de\u011fin oldu\u011fu gibi yeni bir maceraya girmeden, denge politikas\u0131n\u0131 s\u00fcrd\u00fcrebilirse ve NATO&#8217;ya silah sat\u0131\u015flar\u0131n\u0131 artt\u0131rabilirse \u00f6n\u00fcm\u00fczdeki d\u00f6nemde k\u00e2rl\u0131 \u00e7\u0131kabilir. Elbette bu \u00f6ng\u00f6r\u00fc bar\u0131\u015f zamanlar\u0131 i\u00e7in ge\u00e7erlidir. Olas\u0131 bir sava\u015f herkesin felaketi olacakt\u0131r. T\u00fcrkiye, stratejik co\u011frafi konumunun, avantajlar\u0131 ve dezavantajlar\u0131n\u0131 s\u00fcrekli bir arada ya\u015fayan belki de yeg\u00e2ne \u00fclkedir d\u00fcnyada.<\/p>\n","protected":false},"excerpt":{"rendered":"<p>&#8220;Zaruretler, mahzuru m\u00fcbah k\u0131lar&#8221; NATO Ankara zirvesinden ne anlad\u0131k? Ben kendi ad\u0131ma zirvenin kamuoyuna yans\u0131d\u0131\u011f\u0131 kadar\u0131yla, T\u00fcrkiye&#8217;nin \u00e7ok iyi ev sahipli\u011fi yapt\u0131\u011f\u0131n\u0131 ve \u00fclke tan\u0131t\u0131m\u0131na g\u00fczel katk\u0131 sundu\u011funu d\u00fc\u015f\u00fcn\u00fcyorum. Onun d\u0131\u015f\u0131nda yeterli bilgi s\u0131zmad\u0131 d\u0131\u015far\u0131ya &#8211; ki bu tarz toplant\u0131lar\u0131n do\u011fas\u0131nda vard\u0131r. Bir taraftan d\u0131\u015far\u0131ya olumlu mesajlar verilir. Aile foto\u011fraf\u0131 \u00e7ektirilir. Di\u011fer taraftan \u00f6nemli ve [&hellip;]<\/p>\n","protected":false},"author":14001,"featured_media":161038,"comment_status":"open","ping_status":"open","sticky":false,"template":"","format":"standard","meta":{"_yoast_wpseo_focuskw":"NATO","_yoast_wpseo_title":"","_yoast_wpseo_metadesc":"NATO Ankara zirvesinden ne anlad\u0131k? Ben T\u00fcrkiye'nin \u00e7ok iyi ev sahipli\u011fi yapt\u0131\u011f\u0131n\u0131 ve \u00fclke tan\u0131t\u0131m\u0131na g\u00fczel katk\u0131 sundu\u011funu d\u00fc\u015f\u00fcn\u00fcyorum.","_bbp_topic_count":0,"_bbp_reply_count":0,"_bbp_total_topic_count":0,"_bbp_total_reply_count":0,"_bbp_voice_count":0,"_bbp_anonymous_reply_count":0,"_bbp_topic_count_hidden":0,"_bbp_reply_count_hidden":0,"_bbp_forum_subforum_count":0,"footnotes":"","_yoast_wpseo_focuskw_text_input":""},"categories":[9170],"tags":[],"yoast_head":"<!-- This site is optimized with the Yoast SEO plugin v23.0 - https:\/\/yoast.com\/wordpress\/plugins\/seo\/ -->\n<title>NATO Zirvesinin Ard\u0131ndan - The Epoch Times TR<\/title>\n<meta name=\"description\" content=\"NATO Ankara zirvesinden ne anlad\u0131k? Ben T\u00fcrkiye&#039;nin \u00e7ok iyi ev sahipli\u011fi yapt\u0131\u011f\u0131n\u0131 ve \u00fclke tan\u0131t\u0131m\u0131na g\u00fczel katk\u0131 sundu\u011funu d\u00fc\u015f\u00fcn\u00fcyorum.\" \/>\n<meta name=\"robots\" content=\"index, follow, max-snippet:-1, max-image-preview:large, max-video-preview:-1\" \/>\n<link rel=\"canonical\" href=\"https:\/\/epochtimestr.com\/index.php\/nato-zirvesinin-ardindan\" \/>\n<meta property=\"og:locale\" content=\"tr_TR\" \/>\n<meta property=\"og:type\" content=\"article\" \/>\n<meta property=\"og:title\" content=\"NATO Zirvesinin Ard\u0131ndan - The Epoch Times TR\" \/>\n<meta property=\"og:description\" content=\"NATO Ankara zirvesinden ne anlad\u0131k? Ben T\u00fcrkiye&#039;nin \u00e7ok iyi ev sahipli\u011fi yapt\u0131\u011f\u0131n\u0131 ve \u00fclke tan\u0131t\u0131m\u0131na g\u00fczel katk\u0131 sundu\u011funu d\u00fc\u015f\u00fcn\u00fcyorum.\" \/>\n<meta property=\"og:url\" content=\"https:\/\/epochtimestr.com\/index.php\/nato-zirvesinin-ardindan\" \/>\n<meta property=\"og:site_name\" content=\"The Epoch Times TR\" \/>\n<meta property=\"article:publisher\" content=\"https:\/\/www.facebook.com\/theepochtimestr\" \/>\n<meta property=\"article:published_time\" content=\"2026-07-09T05:30:00+00:00\" \/>\n<meta property=\"article:modified_time\" content=\"2026-07-08T19:40:13+00:00\" \/>\n<meta property=\"og:image\" content=\"https:\/\/epochtimestr.com\/wp-content\/uploads\/2011y\/BEKIR-ZORBA-SM-2.png\" \/>\n\t<meta property=\"og:image:width\" content=\"1200\" \/>\n\t<meta property=\"og:image:height\" content=\"630\" \/>\n\t<meta property=\"og:image:type\" content=\"image\/png\" \/>\n<meta name=\"author\" content=\"Bekir Zorba\" \/>\n<meta name=\"twitter:card\" content=\"summary_large_image\" \/>\n<meta name=\"twitter:creator\" content=\"@TheEpochTimesTR\" \/>\n<meta name=\"twitter:site\" content=\"@TheEpochTimesTR\" \/>\n<meta name=\"twitter:label1\" content=\"Yazan:\" \/>\n\t<meta name=\"twitter:data1\" content=\"Bekir Zorba\" \/>\n\t<meta name=\"twitter:label2\" content=\"Tahmini okuma s\u00fcresi\" \/>\n\t<meta name=\"twitter:data2\" content=\"4 dakika\" \/>\n<script type=\"application\/ld+json\" class=\"yoast-schema-graph\">{\"@context\":\"https:\/\/schema.org\",\"@graph\":[{\"@type\":\"Article\",\"@id\":\"https:\/\/epochtimestr.com\/index.php\/nato-zirvesinin-ardindan#article\",\"isPartOf\":{\"@id\":\"https:\/\/epochtimestr.com\/index.php\/nato-zirvesinin-ardindan\"},\"author\":{\"name\":\"Bekir Zorba\",\"@id\":\"https:\/\/epochtimestr.com\/#\/schema\/person\/da1ad104599611965442ed3e7e9acb2b\"},\"headline\":\"NATO Zirvesinin Ard\u0131ndan\",\"datePublished\":\"2026-07-09T05:30:00+00:00\",\"dateModified\":\"2026-07-08T19:40:13+00:00\",\"mainEntityOfPage\":{\"@id\":\"https:\/\/epochtimestr.com\/index.php\/nato-zirvesinin-ardindan\"},\"wordCount\":740,\"commentCount\":0,\"publisher\":{\"@id\":\"https:\/\/epochtimestr.com\/#organization\"},\"image\":{\"@id\":\"https:\/\/epochtimestr.com\/index.php\/nato-zirvesinin-ardindan#primaryimage\"},\"thumbnailUrl\":\"https:\/\/epochtimestr.com\/wp-content\/uploads\/2011y\/Bekir-Zorba.png\",\"articleSection\":[\"K\u00f6\u015fe Yaz\u0131lar\u0131 Bekir Zorba\"],\"inLanguage\":\"tr\",\"potentialAction\":[{\"@type\":\"CommentAction\",\"name\":\"Comment\",\"target\":[\"https:\/\/epochtimestr.com\/index.php\/nato-zirvesinin-ardindan#respond\"]}]},{\"@type\":\"WebPage\",\"@id\":\"https:\/\/epochtimestr.com\/index.php\/nato-zirvesinin-ardindan\",\"url\":\"https:\/\/epochtimestr.com\/index.php\/nato-zirvesinin-ardindan\",\"name\":\"NATO Zirvesinin Ard\u0131ndan - The Epoch Times TR\",\"isPartOf\":{\"@id\":\"https:\/\/epochtimestr.com\/#website\"},\"primaryImageOfPage\":{\"@id\":\"https:\/\/epochtimestr.com\/index.php\/nato-zirvesinin-ardindan#primaryimage\"},\"image\":{\"@id\":\"https:\/\/epochtimestr.com\/index.php\/nato-zirvesinin-ardindan#primaryimage\"},\"thumbnailUrl\":\"https:\/\/epochtimestr.com\/wp-content\/uploads\/2011y\/Bekir-Zorba.png\",\"datePublished\":\"2026-07-09T05:30:00+00:00\",\"dateModified\":\"2026-07-08T19:40:13+00:00\",\"description\":\"NATO Ankara zirvesinden ne anlad\u0131k? Ben T\u00fcrkiye'nin \u00e7ok iyi ev sahipli\u011fi yapt\u0131\u011f\u0131n\u0131 ve \u00fclke tan\u0131t\u0131m\u0131na g\u00fczel katk\u0131 sundu\u011funu d\u00fc\u015f\u00fcn\u00fcyorum.\",\"inLanguage\":\"tr\",\"potentialAction\":[{\"@type\":\"ReadAction\",\"target\":[\"https:\/\/epochtimestr.com\/index.php\/nato-zirvesinin-ardindan\"]}]},{\"@type\":\"ImageObject\",\"inLanguage\":\"tr\",\"@id\":\"https:\/\/epochtimestr.com\/index.php\/nato-zirvesinin-ardindan#primaryimage\",\"url\":\"https:\/\/epochtimestr.com\/wp-content\/uploads\/2011y\/Bekir-Zorba.png\",\"contentUrl\":\"https:\/\/epochtimestr.com\/wp-content\/uploads\/2011y\/Bekir-Zorba.png\",\"width\":600,\"height\":600},{\"@type\":\"WebSite\",\"@id\":\"https:\/\/epochtimestr.com\/#website\",\"url\":\"https:\/\/epochtimestr.com\/\",\"name\":\"The Epoch Times TR\",\"description\":\"De\u011fi\u015fen D\u00fcnyam\u0131za Taze Bir Bak\u0131\u015f\",\"publisher\":{\"@id\":\"https:\/\/epochtimestr.com\/#organization\"},\"potentialAction\":[{\"@type\":\"SearchAction\",\"target\":{\"@type\":\"EntryPoint\",\"urlTemplate\":\"https:\/\/epochtimestr.com\/?s={search_term_string}\"},\"query-input\":\"required name=search_term_string\"}],\"inLanguage\":\"tr\"},{\"@type\":\"Organization\",\"@id\":\"https:\/\/epochtimestr.com\/#organization\",\"name\":\"The EpochTimes T\u00fcrkiye\",\"url\":\"https:\/\/epochtimestr.com\/\",\"logo\":{\"@type\":\"ImageObject\",\"inLanguage\":\"tr\",\"@id\":\"https:\/\/epochtimestr.com\/#\/schema\/logo\/image\/\",\"url\":\"https:\/\/epochtimestr.com\/wp-content\/uploads\/2011y\/ET-Logo-YG.jpg\",\"contentUrl\":\"https:\/\/epochtimestr.com\/wp-content\/uploads\/2011y\/ET-Logo-YG.jpg\",\"width\":346,\"height\":29,\"caption\":\"The EpochTimes T\u00fcrkiye\"},\"image\":{\"@id\":\"https:\/\/epochtimestr.com\/#\/schema\/logo\/image\/\"},\"sameAs\":[\"https:\/\/www.facebook.com\/theepochtimestr\",\"https:\/\/x.com\/TheEpochTimesTR\",\"https:\/\/www.instagram.com\/epochtimestr\"]},{\"@type\":\"Person\",\"@id\":\"https:\/\/epochtimestr.com\/#\/schema\/person\/da1ad104599611965442ed3e7e9acb2b\",\"name\":\"Bekir Zorba\",\"image\":{\"@type\":\"ImageObject\",\"inLanguage\":\"tr\",\"@id\":\"https:\/\/epochtimestr.com\/#\/schema\/person\/image\/\",\"url\":\"https:\/\/secure.gravatar.com\/avatar\/eafd40d9b77b1fbf7c565a3d4916b79c?s=96&d=mm&r=g\",\"contentUrl\":\"https:\/\/secure.gravatar.com\/avatar\/eafd40d9b77b1fbf7c565a3d4916b79c?s=96&d=mm&r=g\",\"caption\":\"Bekir Zorba\"},\"url\":\"https:\/\/epochtimestr.com\/index.php\/author\/bekir\"}]}<\/script>\n<!-- \/ Yoast SEO plugin. -->","yoast_head_json":{"title":"NATO Zirvesinin Ard\u0131ndan - The Epoch Times TR","description":"NATO Ankara zirvesinden ne anlad\u0131k? Ben T\u00fcrkiye'nin \u00e7ok iyi ev sahipli\u011fi yapt\u0131\u011f\u0131n\u0131 ve \u00fclke tan\u0131t\u0131m\u0131na g\u00fczel katk\u0131 sundu\u011funu d\u00fc\u015f\u00fcn\u00fcyorum.","robots":{"index":"index","follow":"follow","max-snippet":"max-snippet:-1","max-image-preview":"max-image-preview:large","max-video-preview":"max-video-preview:-1"},"canonical":"https:\/\/epochtimestr.com\/index.php\/nato-zirvesinin-ardindan","og_locale":"tr_TR","og_type":"article","og_title":"NATO Zirvesinin Ard\u0131ndan - The Epoch Times TR","og_description":"NATO Ankara zirvesinden ne anlad\u0131k? Ben T\u00fcrkiye'nin \u00e7ok iyi ev sahipli\u011fi yapt\u0131\u011f\u0131n\u0131 ve \u00fclke tan\u0131t\u0131m\u0131na g\u00fczel katk\u0131 sundu\u011funu d\u00fc\u015f\u00fcn\u00fcyorum.","og_url":"https:\/\/epochtimestr.com\/index.php\/nato-zirvesinin-ardindan","og_site_name":"The Epoch Times TR","article_publisher":"https:\/\/www.facebook.com\/theepochtimestr","article_published_time":"2026-07-09T05:30:00+00:00","article_modified_time":"2026-07-08T19:40:13+00:00","og_image":[{"width":1200,"height":630,"url":"https:\/\/epochtimestr.com\/wp-content\/uploads\/2011y\/BEKIR-ZORBA-SM-2.png","type":"image\/png"}],"author":"Bekir Zorba","twitter_card":"summary_large_image","twitter_creator":"@TheEpochTimesTR","twitter_site":"@TheEpochTimesTR","twitter_misc":{"Yazan:":"Bekir Zorba","Tahmini okuma s\u00fcresi":"4 dakika"},"schema":{"@context":"https:\/\/schema.org","@graph":[{"@type":"Article","@id":"https:\/\/epochtimestr.com\/index.php\/nato-zirvesinin-ardindan#article","isPartOf":{"@id":"https:\/\/epochtimestr.com\/index.php\/nato-zirvesinin-ardindan"},"author":{"name":"Bekir Zorba","@id":"https:\/\/epochtimestr.com\/#\/schema\/person\/da1ad104599611965442ed3e7e9acb2b"},"headline":"NATO Zirvesinin Ard\u0131ndan","datePublished":"2026-07-09T05:30:00+00:00","dateModified":"2026-07-08T19:40:13+00:00","mainEntityOfPage":{"@id":"https:\/\/epochtimestr.com\/index.php\/nato-zirvesinin-ardindan"},"wordCount":740,"commentCount":0,"publisher":{"@id":"https:\/\/epochtimestr.com\/#organization"},"image":{"@id":"https:\/\/epochtimestr.com\/index.php\/nato-zirvesinin-ardindan#primaryimage"},"thumbnailUrl":"https:\/\/epochtimestr.com\/wp-content\/uploads\/2011y\/Bekir-Zorba.png","articleSection":["K\u00f6\u015fe Yaz\u0131lar\u0131 Bekir Zorba"],"inLanguage":"tr","potentialAction":[{"@type":"CommentAction","name":"Comment","target":["https:\/\/epochtimestr.com\/index.php\/nato-zirvesinin-ardindan#respond"]}]},{"@type":"WebPage","@id":"https:\/\/epochtimestr.com\/index.php\/nato-zirvesinin-ardindan","url":"https:\/\/epochtimestr.com\/index.php\/nato-zirvesinin-ardindan","name":"NATO Zirvesinin Ard\u0131ndan - The Epoch Times TR","isPartOf":{"@id":"https:\/\/epochtimestr.com\/#website"},"primaryImageOfPage":{"@id":"https:\/\/epochtimestr.com\/index.php\/nato-zirvesinin-ardindan#primaryimage"},"image":{"@id":"https:\/\/epochtimestr.com\/index.php\/nato-zirvesinin-ardindan#primaryimage"},"thumbnailUrl":"https:\/\/epochtimestr.com\/wp-content\/uploads\/2011y\/Bekir-Zorba.png","datePublished":"2026-07-09T05:30:00+00:00","dateModified":"2026-07-08T19:40:13+00:00","description":"NATO Ankara zirvesinden ne anlad\u0131k? Ben T\u00fcrkiye'nin \u00e7ok iyi ev sahipli\u011fi yapt\u0131\u011f\u0131n\u0131 ve \u00fclke tan\u0131t\u0131m\u0131na g\u00fczel katk\u0131 sundu\u011funu d\u00fc\u015f\u00fcn\u00fcyorum.","inLanguage":"tr","potentialAction":[{"@type":"ReadAction","target":["https:\/\/epochtimestr.com\/index.php\/nato-zirvesinin-ardindan"]}]},{"@type":"ImageObject","inLanguage":"tr","@id":"https:\/\/epochtimestr.com\/index.php\/nato-zirvesinin-ardindan#primaryimage","url":"https:\/\/epochtimestr.com\/wp-content\/uploads\/2011y\/Bekir-Zorba.png","contentUrl":"https:\/\/epochtimestr.com\/wp-content\/uploads\/2011y\/Bekir-Zorba.png","width":600,"height":600},{"@type":"WebSite","@id":"https:\/\/epochtimestr.com\/#website","url":"https:\/\/epochtimestr.com\/","name":"The Epoch Times TR","description":"De\u011fi\u015fen D\u00fcnyam\u0131za Taze Bir Bak\u0131\u015f","publisher":{"@id":"https:\/\/epochtimestr.com\/#organization"},"potentialAction":[{"@type":"SearchAction","target":{"@type":"EntryPoint","urlTemplate":"https:\/\/epochtimestr.com\/?s={search_term_string}"},"query-input":"required name=search_term_string"}],"inLanguage":"tr"},{"@type":"Organization","@id":"https:\/\/epochtimestr.com\/#organization","name":"The EpochTimes T\u00fcrkiye","url":"https:\/\/epochtimestr.com\/","logo":{"@type":"ImageObject","inLanguage":"tr","@id":"https:\/\/epochtimestr.com\/#\/schema\/logo\/image\/","url":"https:\/\/epochtimestr.com\/wp-content\/uploads\/2011y\/ET-Logo-YG.jpg","contentUrl":"https:\/\/epochtimestr.com\/wp-content\/uploads\/2011y\/ET-Logo-YG.jpg","width":346,"height":29,"caption":"The EpochTimes T\u00fcrkiye"},"image":{"@id":"https:\/\/epochtimestr.com\/#\/schema\/logo\/image\/"},"sameAs":["https:\/\/www.facebook.com\/theepochtimestr","https:\/\/x.com\/TheEpochTimesTR","https:\/\/www.instagram.com\/epochtimestr"]},{"@type":"Person","@id":"https:\/\/epochtimestr.com\/#\/schema\/person\/da1ad104599611965442ed3e7e9acb2b","name":"Bekir Zorba","image":{"@type":"ImageObject","inLanguage":"tr","@id":"https:\/\/epochtimestr.com\/#\/schema\/person\/image\/","url":"https:\/\/secure.gravatar.com\/avatar\/eafd40d9b77b1fbf7c565a3d4916b79c?s=96&d=mm&r=g","contentUrl":"https:\/\/secure.gravatar.com\/avatar\/eafd40d9b77b1fbf7c565a3d4916b79c?s=96&d=mm&r=g","caption":"Bekir Zorba"},"url":"https:\/\/epochtimestr.com\/index.php\/author\/bekir"}]}},"_links":{"self":[{"href":"https:\/\/epochtimestr.com\/index.php\/wp-json\/wp\/v2\/posts\/168427"}],"collection":[{"href":"https:\/\/epochtimestr.com\/index.php\/wp-json\/wp\/v2\/posts"}],"about":[{"href":"https:\/\/epochtimestr.com\/index.php\/wp-json\/wp\/v2\/types\/post"}],"author":[{"embeddable":true,"href":"https:\/\/epochtimestr.com\/index.php\/wp-json\/wp\/v2\/users\/14001"}],"replies":[{"embeddable":true,"href":"https:\/\/epochtimestr.com\/index.php\/wp-json\/wp\/v2\/comments?post=168427"}],"version-history":[{"count":1,"href":"https:\/\/epochtimestr.com\/index.php\/wp-json\/wp\/v2\/posts\/168427\/revisions"}],"predecessor-version":[{"id":168428,"href":"https:\/\/epochtimestr.com\/index.php\/wp-json\/wp\/v2\/posts\/168427\/revisions\/168428"}],"wp:featuredmedia":[{"embeddable":true,"href":"https:\/\/epochtimestr.com\/index.php\/wp-json\/wp\/v2\/media\/161038"}],"wp:attachment":[{"href":"https:\/\/epochtimestr.com\/index.php\/wp-json\/wp\/v2\/media?parent=168427"}],"wp:term":[{"taxonomy":"category","embeddable":true,"href":"https:\/\/epochtimestr.com\/index.php\/wp-json\/wp\/v2\/categories?post=168427"},{"taxonomy":"post_tag","embeddable":true,"href":"https:\/\/epochtimestr.com\/index.php\/wp-json\/wp\/v2\/tags?post=168427"}],"curies":[{"name":"wp","href":"https:\/\/api.w.org\/{rel}","templated":true}]}}