{"id":168429,"date":"2026-07-09T07:00:00","date_gmt":"2026-07-09T04:00:00","guid":{"rendered":"https:\/\/epochtimestr.com\/?p=168429"},"modified":"2026-07-08T22:49:48","modified_gmt":"2026-07-08T19:49:48","slug":"adalet-ve-iletisim-bir-raporun-otesindeki-insan","status":"publish","type":"post","link":"https:\/\/epochtimestr.com\/index.php\/adalet-ve-iletisim-bir-raporun-otesindeki-insan","title":{"rendered":"Adalet ve \u0130leti\u015fim: Bir Raporun \u00d6tesindeki \u0130nsan"},"content":{"rendered":"\n<p>Hukuk sistemimiz, bireylerin haklar\u0131n\u0131 korumak ve onlar\u0131 ya\u015fanabilecek ma\u011fduriyetlerden uzak tutmak i\u00e7in tasarlanm\u0131\u015ft\u0131r. Bu sistemin en \u00f6nemli basamaklar\u0131ndan biri de &#8220;vesayet&#8221; kurumudur. Ancak bazen t\u0131bbi s\u00fcre\u00e7lerin karma\u015f\u0131kl\u0131\u011f\u0131 ile bireyin ya\u015fam\u0131ndaki ger\u00e7eklikler aras\u0131ndaki bo\u015fluk, do\u011fru kararlar\u0131n al\u0131nmas\u0131n\u0131 zorla\u015ft\u0131rabilir.<\/p>\n\n\n\n<p><strong>Raporlar Bir \u0130nsan\u0131 Tam Olarak Anlatabilir mi?<\/strong><\/p>\n\n\n\n<p>Bir sa\u011fl\u0131k kurulu raporu, ka\u011f\u0131t \u00fczerinde net veriler sunsa da o verilerin arkas\u0131ndaki &#8220;insan hikayesini&#8221; her zaman tam olarak yans\u0131tmayabilir. Bir ki\u015finin T\u00fcrk\u00e7e diline hakimiyetinin s\u0131n\u0131rl\u0131 olmas\u0131, i\u015fitme kayb\u0131 ya\u015famas\u0131 veya kendini ifade ederken kar\u015f\u0131la\u015ft\u0131\u011f\u0131 ileti\u015fim bariyerleri, standart &#8220;mental testlerin&#8221; sonu\u00e7lar\u0131n\u0131 do\u011frudan etkileyebilir.<\/p>\n\n\n\n<p>Bu noktada sormam\u0131z gereken soru \u015fudur:&nbsp;<strong>E\u011fer bir ki\u015fi duydu\u011funu anlam\u0131yor veya dil fark\u0131 nedeniyle y\u00f6nergelere yan\u0131t veremiyorsa, yap\u0131lan test onun zihinsel kapasitesini mi \u00f6l\u00e7\u00fcyor, yoksa sadece ileti\u015fim engelini mi?<\/strong><\/p>\n\n\n\n<h3 class=\"wp-block-heading\">\u0130leti\u015fim Engelinin G\u00f6lgesinde Kalan Ger\u00e7ekler<\/h3>\n\n\n\n<p>\u0130\u015fitme kayb\u0131 veya dil bariyeri gibi fizyolojik ve k\u00fclt\u00fcrel fakt\u00f6rler, klinik de\u011ferlendirmelerde &#8220;kar\u0131\u015ft\u0131r\u0131c\u0131 de\u011fi\u015fkenler&#8221; olarak adland\u0131r\u0131l\u0131r. E\u011fer bu unsurlar g\u00f6z ard\u0131 edilirse, al\u0131nan &#8220;vasi tayini&#8221; veya &#8220;hafif demans&#8221; gibi kararlar, bireyin ger\u00e7ek durumunu yans\u0131tmaktan uzakla\u015fabilir. Adaletin temel ta\u015f\u0131 &#8220;hakkaniyet&#8221; ise, her bireyin kendi dilinde ve kendi d\u00fcnyas\u0131nda anla\u015f\u0131ld\u0131\u011f\u0131ndan emin olunmas\u0131 bir zorunluluktur.<\/p>\n\n\n\n<p><strong>Hakk\u0131n\u0131z\u0131 Aray\u0131n, Sesinizi Y\u00fckseltin<\/strong><\/p>\n\n\n\n<p>E\u011fer bir raporun, ki\u015finin ger\u00e7ek ya\u015fam ko\u015fullar\u0131n\u0131 yans\u0131tmad\u0131\u011f\u0131na dair ciddi \u015f\u00fcpheleriniz varsa, hukuk sistemimiz bu durumu d\u00fczeltmek i\u00e7in yollar sunar. \u0130lgili mahkemeye ba\u015fvurarak,<\/p>\n\n\n\n<ul>\n<li>Durumun yeniden g\u00f6zden ge\u00e7irilmesini talep etmek,<\/li>\n\n\n\n<li>\u0130\u015fitme kayb\u0131 veya dil bariyeri gibi etkenlerin test sonucuna olan etkisini belgelemek,<\/li>\n\n\n\n<li>M\u00fcmk\u00fcnse terc\u00fcman deste\u011fi veya yard\u0131mc\u0131 ara\u00e7larla (i\u015fitme cihaz\u0131 vb.) yeniden muayene talep etmek, en temel hakk\u0131n\u0131zd\u0131r.<\/li>\n<\/ul>\n\n\n\n<p><strong>\u0130nsan Odakl\u0131 Adalet<\/strong><\/p>\n\n\n\n<p>Vesayet s\u00fcreci, bir ki\u015fiyi k\u0131s\u0131tlamak i\u00e7in de\u011fil, onun hayat\u0131n\u0131 kolayla\u015ft\u0131rmak ve haklar\u0131n\u0131 korumak i\u00e7indir. Bu nedenle, s\u00fcrecin her a\u015famas\u0131nda &#8220;insan\u0131&#8221; merkeze koymak gerekir. Bir dilek\u00e7e ile mahkemeye ba\u015fvurmak, sadece bir ka\u011f\u0131t par\u00e7as\u0131na yaz\u0131lm\u0131\u015f bir istek de\u011fil, sevdi\u011finiz bir insan\u0131n durumunun &#8220;ger\u00e7ekten&#8221; anla\u015f\u0131lmas\u0131n\u0131 sa\u011flama \u00e7abas\u0131d\u0131r.<\/p>\n\n\n\n<p>Hukuk, bireyin sessiz \u00e7\u0131\u011fl\u0131\u011f\u0131n\u0131 duymakla y\u00fck\u00fcml\u00fcd\u00fcr. E\u011fer baban\u0131z\u0131n durumu, ileti\u015fim engelleri y\u00fcz\u00fcnden yanl\u0131\u015f bir perspektiften de\u011ferlendirildiyse, bu engelleri a\u015fmak i\u00e7in hukuki yollar\u0131 kullanmaktan \u00e7ekinmeyin. \u00c7\u00fcnk\u00fc en do\u011fru karar, ki\u015finin hem zihinsel hem de fiziksel d\u00fcnyas\u0131n\u0131n bir b\u00fct\u00fcn olarak g\u00f6r\u00fcld\u00fc\u011f\u00fc karard\u0131r.<\/p>\n\n\n\n<p><strong>Adalet sadece belgelerde de\u011fil, o belgelerin arkas\u0131ndaki insan\u0131n ger\u00e7ek sesinde sakl\u0131d\u0131r.<\/strong><\/p>\n","protected":false},"excerpt":{"rendered":"<p>Hukuk sistemimiz, bireylerin haklar\u0131n\u0131 korumak ve onlar\u0131 ya\u015fanabilecek ma\u011fduriyetlerden uzak tutmak i\u00e7in tasarlanm\u0131\u015ft\u0131r. Bu sistemin en \u00f6nemli basamaklar\u0131ndan biri de &#8220;vesayet&#8221; kurumudur. Ancak bazen t\u0131bbi s\u00fcre\u00e7lerin karma\u015f\u0131kl\u0131\u011f\u0131 ile bireyin ya\u015fam\u0131ndaki ger\u00e7eklikler aras\u0131ndaki bo\u015fluk, do\u011fru kararlar\u0131n al\u0131nmas\u0131n\u0131 zorla\u015ft\u0131rabilir. Raporlar Bir \u0130nsan\u0131 Tam Olarak Anlatabilir mi? Bir sa\u011fl\u0131k kurulu raporu, ka\u011f\u0131t \u00fczerinde net veriler sunsa da o [&hellip;]<\/p>\n","protected":false},"author":14013,"featured_media":167144,"comment_status":"open","ping_status":"open","sticky":false,"template":"","format":"standard","meta":{"_yoast_wpseo_focuskw":"adalet","_yoast_wpseo_title":"","_yoast_wpseo_metadesc":"Hukuk sistemimiz, bireylerin haklar\u0131n\u0131 korumak ve onlar\u0131 ya\u015fanabilecek ma\u011fduriyetlerden uzak tutmak i\u00e7in tasarlanm\u0131\u015ft\u0131r.","_bbp_topic_count":0,"_bbp_reply_count":0,"_bbp_total_topic_count":0,"_bbp_total_reply_count":0,"_bbp_voice_count":0,"_bbp_anonymous_reply_count":0,"_bbp_topic_count_hidden":0,"_bbp_reply_count_hidden":0,"_bbp_forum_subforum_count":0,"footnotes":"","_yoast_wpseo_focuskw_text_input":""},"categories":[11361],"tags":[],"yoast_head":"<!-- This site is optimized with the Yoast SEO plugin v23.0 - https:\/\/yoast.com\/wordpress\/plugins\/seo\/ -->\n<title>Adalet ve \u0130leti\u015fim: Bir Raporun \u00d6tesindeki \u0130nsan - The Epoch Times TR<\/title>\n<meta name=\"description\" content=\"Hukuk sistemimiz, bireylerin haklar\u0131n\u0131 korumak ve onlar\u0131 ya\u015fanabilecek ma\u011fduriyetlerden uzak tutmak i\u00e7in tasarlanm\u0131\u015ft\u0131r.\" \/>\n<meta name=\"robots\" content=\"index, follow, max-snippet:-1, max-image-preview:large, max-video-preview:-1\" \/>\n<link rel=\"canonical\" href=\"https:\/\/epochtimestr.com\/index.php\/adalet-ve-iletisim-bir-raporun-otesindeki-insan\" \/>\n<meta property=\"og:locale\" content=\"tr_TR\" \/>\n<meta property=\"og:type\" content=\"article\" \/>\n<meta property=\"og:title\" content=\"Adalet ve \u0130leti\u015fim: Bir Raporun \u00d6tesindeki \u0130nsan - The Epoch Times TR\" \/>\n<meta property=\"og:description\" content=\"Hukuk sistemimiz, bireylerin haklar\u0131n\u0131 korumak ve onlar\u0131 ya\u015fanabilecek ma\u011fduriyetlerden uzak tutmak i\u00e7in tasarlanm\u0131\u015ft\u0131r.\" \/>\n<meta property=\"og:url\" content=\"https:\/\/epochtimestr.com\/index.php\/adalet-ve-iletisim-bir-raporun-otesindeki-insan\" \/>\n<meta property=\"og:site_name\" content=\"The Epoch Times TR\" \/>\n<meta property=\"article:publisher\" content=\"https:\/\/www.facebook.com\/theepochtimestr\" \/>\n<meta property=\"article:published_time\" content=\"2026-07-09T04:00:00+00:00\" \/>\n<meta property=\"article:modified_time\" content=\"2026-07-08T19:49:48+00:00\" \/>\n<meta property=\"og:image\" content=\"https:\/\/epochtimestr.com\/wp-content\/uploads\/2011y\/ali-kekliktepe-SM.jpeg\" \/>\n\t<meta property=\"og:image:width\" content=\"1200\" \/>\n\t<meta property=\"og:image:height\" content=\"630\" \/>\n\t<meta property=\"og:image:type\" content=\"image\/jpeg\" \/>\n<meta name=\"author\" content=\"Ali Kekliktepe\" \/>\n<meta name=\"twitter:card\" content=\"summary_large_image\" \/>\n<meta name=\"twitter:creator\" content=\"@TheEpochTimesTR\" \/>\n<meta name=\"twitter:site\" content=\"@TheEpochTimesTR\" \/>\n<meta name=\"twitter:label1\" content=\"Yazan:\" \/>\n\t<meta name=\"twitter:data1\" content=\"Ali Kekliktepe\" \/>\n\t<meta name=\"twitter:label2\" content=\"Tahmini okuma s\u00fcresi\" \/>\n\t<meta name=\"twitter:data2\" content=\"3 dakika\" \/>\n<script type=\"application\/ld+json\" class=\"yoast-schema-graph\">{\"@context\":\"https:\/\/schema.org\",\"@graph\":[{\"@type\":\"Article\",\"@id\":\"https:\/\/epochtimestr.com\/index.php\/adalet-ve-iletisim-bir-raporun-otesindeki-insan#article\",\"isPartOf\":{\"@id\":\"https:\/\/epochtimestr.com\/index.php\/adalet-ve-iletisim-bir-raporun-otesindeki-insan\"},\"author\":{\"name\":\"Ali Kekliktepe\",\"@id\":\"https:\/\/epochtimestr.com\/#\/schema\/person\/da94a416fed1aed029d0a47e85673b95\"},\"headline\":\"Adalet ve \u0130leti\u015fim: Bir Raporun \u00d6tesindeki \u0130nsan\",\"datePublished\":\"2026-07-09T04:00:00+00:00\",\"dateModified\":\"2026-07-08T19:49:48+00:00\",\"mainEntityOfPage\":{\"@id\":\"https:\/\/epochtimestr.com\/index.php\/adalet-ve-iletisim-bir-raporun-otesindeki-insan\"},\"wordCount\":503,\"commentCount\":0,\"publisher\":{\"@id\":\"https:\/\/epochtimestr.com\/#organization\"},\"image\":{\"@id\":\"https:\/\/epochtimestr.com\/index.php\/adalet-ve-iletisim-bir-raporun-otesindeki-insan#primaryimage\"},\"thumbnailUrl\":\"https:\/\/epochtimestr.com\/wp-content\/uploads\/2011y\/Ali-Kekliktepe.jpg\",\"articleSection\":[\"K\u00f6\u015fe Yaz\u0131lar\u0131 Ali Kekliktepe\"],\"inLanguage\":\"tr\",\"potentialAction\":[{\"@type\":\"CommentAction\",\"name\":\"Comment\",\"target\":[\"https:\/\/epochtimestr.com\/index.php\/adalet-ve-iletisim-bir-raporun-otesindeki-insan#respond\"]}]},{\"@type\":\"WebPage\",\"@id\":\"https:\/\/epochtimestr.com\/index.php\/adalet-ve-iletisim-bir-raporun-otesindeki-insan\",\"url\":\"https:\/\/epochtimestr.com\/index.php\/adalet-ve-iletisim-bir-raporun-otesindeki-insan\",\"name\":\"Adalet ve \u0130leti\u015fim: Bir Raporun \u00d6tesindeki \u0130nsan - The Epoch Times TR\",\"isPartOf\":{\"@id\":\"https:\/\/epochtimestr.com\/#website\"},\"primaryImageOfPage\":{\"@id\":\"https:\/\/epochtimestr.com\/index.php\/adalet-ve-iletisim-bir-raporun-otesindeki-insan#primaryimage\"},\"image\":{\"@id\":\"https:\/\/epochtimestr.com\/index.php\/adalet-ve-iletisim-bir-raporun-otesindeki-insan#primaryimage\"},\"thumbnailUrl\":\"https:\/\/epochtimestr.com\/wp-content\/uploads\/2011y\/Ali-Kekliktepe.jpg\",\"datePublished\":\"2026-07-09T04:00:00+00:00\",\"dateModified\":\"2026-07-08T19:49:48+00:00\",\"description\":\"Hukuk sistemimiz, bireylerin haklar\u0131n\u0131 korumak ve onlar\u0131 ya\u015fanabilecek ma\u011fduriyetlerden uzak tutmak i\u00e7in tasarlanm\u0131\u015ft\u0131r.\",\"inLanguage\":\"tr\",\"potentialAction\":[{\"@type\":\"ReadAction\",\"target\":[\"https:\/\/epochtimestr.com\/index.php\/adalet-ve-iletisim-bir-raporun-otesindeki-insan\"]}]},{\"@type\":\"ImageObject\",\"inLanguage\":\"tr\",\"@id\":\"https:\/\/epochtimestr.com\/index.php\/adalet-ve-iletisim-bir-raporun-otesindeki-insan#primaryimage\",\"url\":\"https:\/\/epochtimestr.com\/wp-content\/uploads\/2011y\/Ali-Kekliktepe.jpg\",\"contentUrl\":\"https:\/\/epochtimestr.com\/wp-content\/uploads\/2011y\/Ali-Kekliktepe.jpg\",\"width\":600,\"height\":600},{\"@type\":\"WebSite\",\"@id\":\"https:\/\/epochtimestr.com\/#website\",\"url\":\"https:\/\/epochtimestr.com\/\",\"name\":\"The Epoch Times TR\",\"description\":\"De\u011fi\u015fen D\u00fcnyam\u0131za Taze Bir Bak\u0131\u015f\",\"publisher\":{\"@id\":\"https:\/\/epochtimestr.com\/#organization\"},\"potentialAction\":[{\"@type\":\"SearchAction\",\"target\":{\"@type\":\"EntryPoint\",\"urlTemplate\":\"https:\/\/epochtimestr.com\/?s={search_term_string}\"},\"query-input\":\"required name=search_term_string\"}],\"inLanguage\":\"tr\"},{\"@type\":\"Organization\",\"@id\":\"https:\/\/epochtimestr.com\/#organization\",\"name\":\"The EpochTimes T\u00fcrkiye\",\"url\":\"https:\/\/epochtimestr.com\/\",\"logo\":{\"@type\":\"ImageObject\",\"inLanguage\":\"tr\",\"@id\":\"https:\/\/epochtimestr.com\/#\/schema\/logo\/image\/\",\"url\":\"https:\/\/epochtimestr.com\/wp-content\/uploads\/2011y\/ET-Logo-YG.jpg\",\"contentUrl\":\"https:\/\/epochtimestr.com\/wp-content\/uploads\/2011y\/ET-Logo-YG.jpg\",\"width\":346,\"height\":29,\"caption\":\"The EpochTimes T\u00fcrkiye\"},\"image\":{\"@id\":\"https:\/\/epochtimestr.com\/#\/schema\/logo\/image\/\"},\"sameAs\":[\"https:\/\/www.facebook.com\/theepochtimestr\",\"https:\/\/x.com\/TheEpochTimesTR\",\"https:\/\/www.instagram.com\/epochtimestr\"]},{\"@type\":\"Person\",\"@id\":\"https:\/\/epochtimestr.com\/#\/schema\/person\/da94a416fed1aed029d0a47e85673b95\",\"name\":\"Ali Kekliktepe\",\"image\":{\"@type\":\"ImageObject\",\"inLanguage\":\"tr\",\"@id\":\"https:\/\/epochtimestr.com\/#\/schema\/person\/image\/\",\"url\":\"https:\/\/secure.gravatar.com\/avatar\/6c965c3fc374c8f4af759baef4f38bcd?s=96&d=mm&r=g\",\"contentUrl\":\"https:\/\/secure.gravatar.com\/avatar\/6c965c3fc374c8f4af759baef4f38bcd?s=96&d=mm&r=g\",\"caption\":\"Ali Kekliktepe\"},\"description\":\"Ben Ali Kekliktepe; hayat\u0131n\u0131 \u00f6\u011frenmeye, \u00f6\u011fretmeye ve toplumsal fayda yaratmaya adam\u0131\u015f bir yazar ve profesyonelim. Kalemi sadece ka\u011f\u0131da dokunan bir ara\u00e7 de\u011fil, toplumun aksayan y\u00f6nlerine \u015fifa olan bir enstr\u00fcman olarak g\u00f6r\u00fcyorum.\",\"sameAs\":[\"https:\/\/alikekliktepemersin33.blogspot.com\/\"],\"url\":\"https:\/\/epochtimestr.com\/index.php\/author\/ali\"}]}<\/script>\n<!-- \/ Yoast SEO plugin. -->","yoast_head_json":{"title":"Adalet ve \u0130leti\u015fim: Bir Raporun \u00d6tesindeki \u0130nsan - The Epoch Times TR","description":"Hukuk sistemimiz, bireylerin haklar\u0131n\u0131 korumak ve onlar\u0131 ya\u015fanabilecek ma\u011fduriyetlerden uzak tutmak i\u00e7in tasarlanm\u0131\u015ft\u0131r.","robots":{"index":"index","follow":"follow","max-snippet":"max-snippet:-1","max-image-preview":"max-image-preview:large","max-video-preview":"max-video-preview:-1"},"canonical":"https:\/\/epochtimestr.com\/index.php\/adalet-ve-iletisim-bir-raporun-otesindeki-insan","og_locale":"tr_TR","og_type":"article","og_title":"Adalet ve \u0130leti\u015fim: Bir Raporun \u00d6tesindeki \u0130nsan - The Epoch Times TR","og_description":"Hukuk sistemimiz, bireylerin haklar\u0131n\u0131 korumak ve onlar\u0131 ya\u015fanabilecek ma\u011fduriyetlerden uzak tutmak i\u00e7in tasarlanm\u0131\u015ft\u0131r.","og_url":"https:\/\/epochtimestr.com\/index.php\/adalet-ve-iletisim-bir-raporun-otesindeki-insan","og_site_name":"The Epoch Times TR","article_publisher":"https:\/\/www.facebook.com\/theepochtimestr","article_published_time":"2026-07-09T04:00:00+00:00","article_modified_time":"2026-07-08T19:49:48+00:00","og_image":[{"width":1200,"height":630,"url":"https:\/\/epochtimestr.com\/wp-content\/uploads\/2011y\/ali-kekliktepe-SM.jpeg","type":"image\/jpeg"}],"author":"Ali Kekliktepe","twitter_card":"summary_large_image","twitter_creator":"@TheEpochTimesTR","twitter_site":"@TheEpochTimesTR","twitter_misc":{"Yazan:":"Ali Kekliktepe","Tahmini okuma s\u00fcresi":"3 dakika"},"schema":{"@context":"https:\/\/schema.org","@graph":[{"@type":"Article","@id":"https:\/\/epochtimestr.com\/index.php\/adalet-ve-iletisim-bir-raporun-otesindeki-insan#article","isPartOf":{"@id":"https:\/\/epochtimestr.com\/index.php\/adalet-ve-iletisim-bir-raporun-otesindeki-insan"},"author":{"name":"Ali Kekliktepe","@id":"https:\/\/epochtimestr.com\/#\/schema\/person\/da94a416fed1aed029d0a47e85673b95"},"headline":"Adalet ve \u0130leti\u015fim: Bir Raporun \u00d6tesindeki \u0130nsan","datePublished":"2026-07-09T04:00:00+00:00","dateModified":"2026-07-08T19:49:48+00:00","mainEntityOfPage":{"@id":"https:\/\/epochtimestr.com\/index.php\/adalet-ve-iletisim-bir-raporun-otesindeki-insan"},"wordCount":503,"commentCount":0,"publisher":{"@id":"https:\/\/epochtimestr.com\/#organization"},"image":{"@id":"https:\/\/epochtimestr.com\/index.php\/adalet-ve-iletisim-bir-raporun-otesindeki-insan#primaryimage"},"thumbnailUrl":"https:\/\/epochtimestr.com\/wp-content\/uploads\/2011y\/Ali-Kekliktepe.jpg","articleSection":["K\u00f6\u015fe Yaz\u0131lar\u0131 Ali Kekliktepe"],"inLanguage":"tr","potentialAction":[{"@type":"CommentAction","name":"Comment","target":["https:\/\/epochtimestr.com\/index.php\/adalet-ve-iletisim-bir-raporun-otesindeki-insan#respond"]}]},{"@type":"WebPage","@id":"https:\/\/epochtimestr.com\/index.php\/adalet-ve-iletisim-bir-raporun-otesindeki-insan","url":"https:\/\/epochtimestr.com\/index.php\/adalet-ve-iletisim-bir-raporun-otesindeki-insan","name":"Adalet ve \u0130leti\u015fim: Bir Raporun \u00d6tesindeki \u0130nsan - The Epoch Times TR","isPartOf":{"@id":"https:\/\/epochtimestr.com\/#website"},"primaryImageOfPage":{"@id":"https:\/\/epochtimestr.com\/index.php\/adalet-ve-iletisim-bir-raporun-otesindeki-insan#primaryimage"},"image":{"@id":"https:\/\/epochtimestr.com\/index.php\/adalet-ve-iletisim-bir-raporun-otesindeki-insan#primaryimage"},"thumbnailUrl":"https:\/\/epochtimestr.com\/wp-content\/uploads\/2011y\/Ali-Kekliktepe.jpg","datePublished":"2026-07-09T04:00:00+00:00","dateModified":"2026-07-08T19:49:48+00:00","description":"Hukuk sistemimiz, bireylerin haklar\u0131n\u0131 korumak ve onlar\u0131 ya\u015fanabilecek ma\u011fduriyetlerden uzak tutmak i\u00e7in tasarlanm\u0131\u015ft\u0131r.","inLanguage":"tr","potentialAction":[{"@type":"ReadAction","target":["https:\/\/epochtimestr.com\/index.php\/adalet-ve-iletisim-bir-raporun-otesindeki-insan"]}]},{"@type":"ImageObject","inLanguage":"tr","@id":"https:\/\/epochtimestr.com\/index.php\/adalet-ve-iletisim-bir-raporun-otesindeki-insan#primaryimage","url":"https:\/\/epochtimestr.com\/wp-content\/uploads\/2011y\/Ali-Kekliktepe.jpg","contentUrl":"https:\/\/epochtimestr.com\/wp-content\/uploads\/2011y\/Ali-Kekliktepe.jpg","width":600,"height":600},{"@type":"WebSite","@id":"https:\/\/epochtimestr.com\/#website","url":"https:\/\/epochtimestr.com\/","name":"The Epoch Times TR","description":"De\u011fi\u015fen D\u00fcnyam\u0131za Taze Bir Bak\u0131\u015f","publisher":{"@id":"https:\/\/epochtimestr.com\/#organization"},"potentialAction":[{"@type":"SearchAction","target":{"@type":"EntryPoint","urlTemplate":"https:\/\/epochtimestr.com\/?s={search_term_string}"},"query-input":"required name=search_term_string"}],"inLanguage":"tr"},{"@type":"Organization","@id":"https:\/\/epochtimestr.com\/#organization","name":"The EpochTimes T\u00fcrkiye","url":"https:\/\/epochtimestr.com\/","logo":{"@type":"ImageObject","inLanguage":"tr","@id":"https:\/\/epochtimestr.com\/#\/schema\/logo\/image\/","url":"https:\/\/epochtimestr.com\/wp-content\/uploads\/2011y\/ET-Logo-YG.jpg","contentUrl":"https:\/\/epochtimestr.com\/wp-content\/uploads\/2011y\/ET-Logo-YG.jpg","width":346,"height":29,"caption":"The EpochTimes T\u00fcrkiye"},"image":{"@id":"https:\/\/epochtimestr.com\/#\/schema\/logo\/image\/"},"sameAs":["https:\/\/www.facebook.com\/theepochtimestr","https:\/\/x.com\/TheEpochTimesTR","https:\/\/www.instagram.com\/epochtimestr"]},{"@type":"Person","@id":"https:\/\/epochtimestr.com\/#\/schema\/person\/da94a416fed1aed029d0a47e85673b95","name":"Ali Kekliktepe","image":{"@type":"ImageObject","inLanguage":"tr","@id":"https:\/\/epochtimestr.com\/#\/schema\/person\/image\/","url":"https:\/\/secure.gravatar.com\/avatar\/6c965c3fc374c8f4af759baef4f38bcd?s=96&d=mm&r=g","contentUrl":"https:\/\/secure.gravatar.com\/avatar\/6c965c3fc374c8f4af759baef4f38bcd?s=96&d=mm&r=g","caption":"Ali Kekliktepe"},"description":"Ben Ali Kekliktepe; hayat\u0131n\u0131 \u00f6\u011frenmeye, \u00f6\u011fretmeye ve toplumsal fayda yaratmaya adam\u0131\u015f bir yazar ve profesyonelim. Kalemi sadece ka\u011f\u0131da dokunan bir ara\u00e7 de\u011fil, toplumun aksayan y\u00f6nlerine \u015fifa olan bir enstr\u00fcman olarak g\u00f6r\u00fcyorum.","sameAs":["https:\/\/alikekliktepemersin33.blogspot.com\/"],"url":"https:\/\/epochtimestr.com\/index.php\/author\/ali"}]}},"_links":{"self":[{"href":"https:\/\/epochtimestr.com\/index.php\/wp-json\/wp\/v2\/posts\/168429"}],"collection":[{"href":"https:\/\/epochtimestr.com\/index.php\/wp-json\/wp\/v2\/posts"}],"about":[{"href":"https:\/\/epochtimestr.com\/index.php\/wp-json\/wp\/v2\/types\/post"}],"author":[{"embeddable":true,"href":"https:\/\/epochtimestr.com\/index.php\/wp-json\/wp\/v2\/users\/14013"}],"replies":[{"embeddable":true,"href":"https:\/\/epochtimestr.com\/index.php\/wp-json\/wp\/v2\/comments?post=168429"}],"version-history":[{"count":1,"href":"https:\/\/epochtimestr.com\/index.php\/wp-json\/wp\/v2\/posts\/168429\/revisions"}],"predecessor-version":[{"id":168430,"href":"https:\/\/epochtimestr.com\/index.php\/wp-json\/wp\/v2\/posts\/168429\/revisions\/168430"}],"wp:featuredmedia":[{"embeddable":true,"href":"https:\/\/epochtimestr.com\/index.php\/wp-json\/wp\/v2\/media\/167144"}],"wp:attachment":[{"href":"https:\/\/epochtimestr.com\/index.php\/wp-json\/wp\/v2\/media?parent=168429"}],"wp:term":[{"taxonomy":"category","embeddable":true,"href":"https:\/\/epochtimestr.com\/index.php\/wp-json\/wp\/v2\/categories?post=168429"},{"taxonomy":"post_tag","embeddable":true,"href":"https:\/\/epochtimestr.com\/index.php\/wp-json\/wp\/v2\/tags?post=168429"}],"curies":[{"name":"wp","href":"https:\/\/api.w.org\/{rel}","templated":true}]}}