{"id":168434,"date":"2026-07-09T08:31:55","date_gmt":"2026-07-09T05:31:55","guid":{"rendered":"https:\/\/epochtimestr.com\/?p=168434"},"modified":"2026-07-09T11:03:19","modified_gmt":"2026-07-09T08:03:19","slug":"secilmis-chp-lideri-ozgur-ozel-ibb-davasi-sonrasi-aciklama-yapti","status":"publish","type":"post","link":"https:\/\/epochtimestr.com\/index.php\/secilmis-chp-lideri-ozgur-ozel-ibb-davasi-sonrasi-aciklama-yapti","title":{"rendered":"Se\u00e7ilmi\u015f CHP lideri \u00d6zg\u00fcr \u00d6zel \u0130BB Davas\u0131 Sonras\u0131 A\u00e7\u0131klama Yapt\u0131"},"content":{"rendered":"<div class=\"wp-block-image\">\n<figure class=\"aligncenter size-full\"><img loading=\"lazy\" decoding=\"async\" width=\"1200\" height=\"750\" src=\"https:\/\/epochtimestr.com\/wp-content\/uploads\/2011y\/ozgur-ozel-36.jpg\" alt=\"\" class=\"wp-image-168435\" srcset=\"https:\/\/epochtimestr.com\/wp-content\/uploads\/2011y\/ozgur-ozel-36.jpg 1200w, https:\/\/epochtimestr.com\/wp-content\/uploads\/2011y\/ozgur-ozel-36-300x188.jpg 300w, https:\/\/epochtimestr.com\/wp-content\/uploads\/2011y\/ozgur-ozel-36-150x94.jpg 150w, https:\/\/epochtimestr.com\/wp-content\/uploads\/2011y\/ozgur-ozel-36-768x480.jpg 768w\" sizes=\"(max-width: 1200px) 100vw, 1200px\" \/><figcaption class=\"wp-element-caption\">                                                           Se\u00e7ilmi\u015f CHP lideri \u00d6zg\u00fcr \u00d6zel \u0130BB davas\u0131 Sonras\u0131 A\u00e7\u0131klama Yapt\u0131(Foto\u011fraf. \u00d6zg\u00fcr \u00d6zel x hesab\u0131)<\/figcaption><\/figure><\/div>\n\n\n<h2 class=\"wp-block-heading\">Se\u00e7ilmi\u015f CHP lideri \u00d6zg\u00fcr \u00d6zel &#8220;En evrensel hukuk kural\u0131d\u0131r. Savunma hakk\u0131 k\u0131s\u0131tlanamaz. Bunu bilmeyen kimse yok bu d\u00fcnya \u00fcst\u00fcnde, bu mahkemedekiler ya da ona talimat verenler d\u0131\u015f\u0131nda&#8221; ifadelerini kulland\u0131.<\/h2>\n\n\n\n<p>Se\u00e7ilmi\u015f <a href=\"https:\/\/epochtimestr.com\/index.php\/cumhuriyet-halk-partisi-lideri-ozgur-ozel-tayyip-bey-gariban-koylu-sevmiyor-zengin-seviyor\" target=\"_blank\" rel=\"noreferrer noopener\">Cumhuriyet Halk Partisi lideri \u00d6zg\u00fcr \u00d6zel<\/a>, cezaevi \u00e7\u0131k\u0131\u015f\u0131nda bas\u0131n mensuplar\u0131na a\u00e7\u0131klamada bulundu. \u00d6zel &#8220;En evrensel hukuk kural\u0131d\u0131r. Savunma hakk\u0131 k\u0131s\u0131tlanamaz. Bunu bilmeyen kimse yok bu d\u00fcnya \u00fcst\u00fcnde, bu mahkemedekiler ya da ona talimat verenler d\u0131\u015f\u0131nda&#8221; ifadelerini kulland\u0131.<\/p>\n\n\n\n<p><strong>\u00d6zel&#8217;in a\u00e7\u0131klamas\u0131ndan \u00f6ne \u00e7\u0131kan ba\u015fl\u0131klar \u015fu \u015fekilde:<\/strong><\/p>\n\n\n\n<p>\u201cDe\u011ferli arkada\u015flar, bug\u00fcn \u2018<a href=\"https:\/\/epochtimestr.com\/index.php\/ibb-davasinda-bir-kez-daha-ekrem-imamoglu-salondan-cikarildi\" target=\"_blank\" rel=\"noreferrer noopener\">Ekrem \u0130mamo\u011flu<\/a> su\u00e7 \u00f6rg\u00fct\u00fc\u2019 diye ifade etmeye ve yaftalamaya \u00e7al\u0131\u015ft\u0131klar\u0131, partimizin ald\u0131\u011f\u0131 karar gere\u011fince 23 Mart g\u00fcn\u00fc 2 milyon \u00fcyemizle \u00f6n se\u00e7ime girip <a href=\"https:\/\/epochtimestr.com\/index.php\/peru-cumhurbaskani-jose-jeri-gorevden-alindi\" target=\"_blank\" rel=\"noreferrer noopener\">Cumhurba\u015fkan\u0131<\/a> aday\u0131 olma konusundaki \u00f6n se\u00e7imde yer almak \u00fczere haz\u0131rl\u0131k yaparken, tam d\u00f6rt g\u00fcn \u00f6nce 19 Mart g\u00fcn\u00fc g\u00f6zalt\u0131na al\u0131nan, bundan da bir gece \u00f6nce 33 y\u0131ll\u0131k diplomas\u0131 iptal edilen, 23\u2019\u00fcnde t\u00fcm T\u00fcrkiye\u2019de 2 milyon \u00fcyemiz sand\u0131\u011fa gidecekken dayan\u0131\u015fma sand\u0131klar\u0131 kurdu\u011fumuzda 15,5 milyon vatanda\u015f\u0131m\u0131z\u0131n gidip oylar\u0131yla aday g\u00f6sterdi\u011fi, o saatlerde tutuklan\u0131p bu cezaevine konan ve o g\u00fcnden bug\u00fcne de 16 ayd\u0131r cezaevinde tutuklu olan Cumhurba\u015fkan\u0131 Aday\u0131m\u0131z Ekrem \u0130mamo\u011flu\u2019nun savunma yapmaya ba\u015flayaca\u011f\u0131 g\u00fcnd\u00fc bug\u00fcn. Hep birlikte bug\u00fcn Silivri Cezaevi i\u00e7indeki \u00f6zel yap\u0131lm\u0131\u015f mahkeme salonundayd\u0131k. Siz 9 Mart\u2019tan itibaren kesintisiz olarak bu duru\u015fmay\u0131 izliyor, tarihe tan\u0131kl\u0131k ediyorsunuz. Tarihi kayda ge\u00e7iriyorsunuz ve vatanda\u015flar\u0131m\u0131z\u0131n da burada olan biteni \u00f6\u011frenmesine katk\u0131 sa\u011fl\u0131yorsunuz. T\u00fcm bas\u0131n emek\u00e7ilerine ilk g\u00fcnden \u015fu ana kadar g\u00f6sterdikleri emek i\u00e7in de te\u015fekk\u00fcr ediyoruz\u201d dedi.<\/p>\n\n\n\n<h3 class=\"wp-block-heading\">&#8220;Hedef benim, onun i\u00e7in b\u0131rak\u0131n bu masum insanlarla u\u011fra\u015fmay\u0131.&#8221;<\/h3>\n\n\n\n<p>\u201cAllah \u015fahittir ki, hepiniz \u015fahitsiniz ki, hepimiz \u015fahidiz ki ilk g\u00fcnden beri Ekrem \u0130mamo\u011flu, \u2018\u0130lk savunmay\u0131 ben yapmal\u0131y\u0131m\u2019 diyor. \u2018S\u00f6z verin bana savunma yapaca\u011f\u0131m. \u00c7\u00fcnk\u00fc mesele bu insanlarla ilgili de\u011fil\u2019 diyor. \u2018Burada 400\u2019\u00fcn \u00fczerinde ki\u015fiyi yarg\u0131l\u0131yorsunuz. \u0130lk g\u00fcn i\u00e7in 100\u2019\u00fcn \u00fczerinde tutuklu vard\u0131, bug\u00fcn 53\u2019e indi. Bu insanlarla kimsenin bir meselesi yok. Mesele benim, hedef benim. Ben bu \u00fclkenin bir sonraki Cumhurba\u015fkan\u0131y\u0131m, partimin ve milletimin Cumhurba\u015fkan\u0131 Aday\u0131y\u0131m ve bug\u00fcnk\u00fc Cumhurba\u015fkan\u0131 benim onu bir kez daha yenmeme, partimin onu bir kez daha yenmesine, T\u00fcrkiye\u2019de iktidar\u0131n de\u011fi\u015fmesine engel olmak i\u00e7in partime ve bana darbe yap\u0131yor. Hedef benim. Onun i\u00e7in b\u0131rak\u0131n bu masum insanlarla u\u011fra\u015fmay\u0131, b\u0131rak\u0131n onlar\u0131\u2019 dedi. G\u00fcn geldi ve o kadar k\u0131zd\u0131 ki \u2018B\u00fct\u00fcn su\u00e7lar\u0131 bana at\u0131n. Herkes \u00e7\u0131ks\u0131n\u2019 dedi. \u2018Ama mesele benimle onun aras\u0131nda\u2019 diye s\u00f6yledi. Hepiniz duydunuz.<\/p>\n\n\n\n<h2 class=\"wp-block-heading\"><strong>&#8220;\u0130mamo\u011flu&#8217;na az s\u00f6z vermemek i\u00e7in elinden ne geliyorsa onu yapt\u0131.&#8221;<\/strong><\/h2>\n\n\n\n<p>Allah \u015fahittir ki, bas\u0131n \u015fahittir ki, hepimiz \u015fahidiz ki o g\u00fcnden beri mahkeme ba\u015fkan\u0131 Ekrem \u0130mamo\u011flu\u2019na savunma yapt\u0131rmamak i\u00e7in, m\u00fcmk\u00fcn oldu\u011fu kadar ge\u00e7 yapt\u0131rmak i\u00e7in, ona m\u00fcmk\u00fcn oldu\u011fu kadar az s\u00f6z vermek i\u00e7in elinden ne geliyorsa onu yapt\u0131. Bir s\u00fcre sonra da baz\u0131 kal\u0131plar geli\u015ftirdi. En \u00e7ok da siz duydunuz. Sona do\u011fru gelince mahkeme ba\u015fkan\u0131, mahkemeyi 9 Temmuz&#8217;da bitirece\u011fim dedi. \u015e\u00f6yle bir durum \u00e7\u0131k\u0131yor ortaya; 143 eylemle su\u00e7lan\u0131yor. Her eylemden ona da ceza isteniyor. Bir \u015feyler s\u00f6ylemesi, kendisini savunmas\u0131 ve b\u00fct\u00fcnc\u00fcl bir savunma yapmas\u0131 laz\u0131m. \u0130mamo\u011flu &#8216;3-4 g\u00fcnde savunmam\u0131 bitirebilirim&#8217; dedi. &#8216;Yar\u0131m g\u00fcn, belki biraz daha fazla bir s\u00fcre verebilirim sana&#8217; diyor.<\/p>\n\n\n\n<p>En evrensel hukuk kural\u0131d\u0131r. Savunma hakk\u0131 k\u0131s\u0131tlanamaz. Bunu bilmeyen kimse yok bu d\u00fcnya \u00fcst\u00fcnde, bu mahkemedekiler ya da ona talimat verenler d\u0131\u015f\u0131nda. En korkun\u00e7 d\u00f6nemleri anlat\u0131rken, hep darbe d\u00f6nemleri konu\u015fulur. Abdullah Ba\u015ft\u00fcrk 109 g\u00fcn savunma yapt\u0131. Fehmi I\u015f\u0131k 7 g\u00fcn aral\u0131ks\u0131z savunma yapt\u0131. O mahkemeler bunu yapt\u0131.<\/p>\n\n\n\n<p>Alpaslan Aslan, Dan\u0131\u015ftay katili, Ergenekon&#8217;dan yarg\u0131land\u0131 \u015furada. Tam 76 saat savunma yapt\u0131. FET\u00d6 yarg\u0131s\u0131 dedi ki &#8216;Savunma hakk\u0131 k\u0131s\u0131tlanamaz&#8217;. Alpaslan Aslan&#8217;a 76 saat tahamm\u00fcl etti FET\u00d6 yarg\u0131s\u0131. Erdo\u011fan yarg\u0131s\u0131; kendisini 4 kez \u00fcst \u00fcste yenmek d\u0131\u015f\u0131nda hi\u00e7bir su\u00e7u olmayan, 16 ayd\u0131r TRT\u2019siyle, b\u00fct\u00fcn yanda\u015f kanallar\u0131yla, servis etti\u011fi yalan bilgi notlar\u0131yla, b\u00fct\u00fcn merkez medyas\u0131yla haysiyet cellatl\u0131\u011f\u0131 yapt\u0131\u011f\u0131, onurunu ayaklar alt\u0131na almaya \u00e7al\u0131\u015ft\u0131\u011f\u0131 Ekrem \u0130mamo\u011flu\u2026 9 Mart\u2019tan beri de \u015fu an\u0131 bekleyen Ekrem \u0130mamo\u011flu\u2019na &#8216;Bu devletin Alpaslan Aslan\u2019a 76 saat savunma yapt\u0131rma imkan\u0131 var ama senin s\u00fcren 6 saat&#8217; dedi arkada\u015flar.<\/p>\n\n\n\n<h3 class=\"wp-block-heading\">&#8220;Cesareti olan gelsin, buradaki hukuk katliam\u0131n\u0131 g\u00f6rs\u00fcn.&#8221;<\/h3>\n\n\n\n<p>Korkuyorlar. Saray rejimin par\u00e7a pin\u00e7ik olaca\u011f\u0131 g\u00fcn bug\u00fcn ya\u2026 Savc\u0131 oradan &#8216;CMK 203&#8217;\u00fc uygula&#8217; diye ba\u011f\u0131r\u0131yor. Bug\u00fcn s\u00f6ylenen s\u00f6z\u00fc, basit bir s\u00f6z olarak almas\u0131n kimse. Mandela &#8216;\u00d6lmeye haz\u0131r\u0131m&#8217; diye bitirdi s\u00f6zlerini. Bunlar\u0131 duyun, sonra uyuyun bu ak\u015fam. Tarihin en b\u00fcy\u00fck iftiras\u0131na muhatap oldu\u011fumuz ger\u00e7e\u011fiyle uyuyaca\u011f\u0131z. Mandela, Castro kazand\u0131, darbelerde zul\u00fcm g\u00f6renler kazand\u0131. Bu davada yarg\u0131lananlar kazanacak. Savunmay\u0131 susturmaya \u00e7al\u0131\u015fmak bunun millete bir sesleni\u015f oldu\u011funu bildiklerinden. \u015ea\u015f\u0131r\u0131yoruz mu san\u0131yorsunuz? T\u00fcm zamanlar\u0131n en b\u00fcy\u00fck \u00f6zg\u00fcveniyle buraday\u0131z. \u0130\u015f birlik\u00e7iler, yalakalar ne derse desin. Cesareti olan gelsin, buradaki hukuk katliam\u0131n\u0131 g\u00f6rs\u00fcn. Biz, millete sesleniyoruz, millete. Yoksa 12 Eyl\u00fcl darbecilerinin esirgemedi\u011fi savunma hakk\u0131n\u0131 bizden esirgeyenlere, FET\u00d6\u2019c\u00fclerin Dan\u0131\u015ftay katilinden esirgemedi\u011fi savunma hakk\u0131n\u0131 bizden esirgeyenlere \u015fa\u015f\u0131r\u0131yoruz mu san\u0131yorsunuz? T\u00fcm zamanlar\u0131n en b\u00fcy\u00fck k\u00f6t\u00fcl\u00fc\u011f\u00fc ile kar\u015f\u0131 kar\u015f\u0131yay\u0131z.<\/p>\n\n\n\n<h2 class=\"wp-block-heading\"><strong>&#8220;Bizi y\u0131kamayacaklar, biz kazanaca\u011f\u0131z.&#8221;<\/strong><\/h2>\n\n\n\n<p>Bug\u00fcn tutuksuz yarg\u0131lanmalar\u0131na karar verilen az say\u0131da arkada\u015f\u0131m\u0131z i\u00e7in seviniyoruz, ailelerin mutlulu\u011funu payla\u015f\u0131yoruz. 16 ay sonra halen daha 53 tutuklulu bu dosyadan utan\u0131yoruz. Tarih \u00f6n\u00fcnde sabretmeye devam ediyoruz. Bizim sabr\u0131m\u0131z da\u011f\u0131 delecek. Bu milletin sand\u0131k sabr\u0131 da b\u00fct\u00fcn hesaplar\u0131 de\u011fi\u015ftirecek. G\u00f6receksiniz, bir g\u00fcn hem de \u00e7ok ge\u00e7meden bir g\u00fcn, nas\u0131l ge\u00e7mi\u015fin b\u00fct\u00fcn darbe rejimleri mahkum olduysa ya da darbeye kalk\u0131\u015fanlar\u0131n buradaki yarg\u0131lamalar\u0131 mahkum olduysa, burada yap\u0131lanlar da bir g\u00fcn mahkum olacaklar. Biz arkada\u015flar\u0131m\u0131za g\u00fcveniyoruz. Ailelerine s\u0131ms\u0131k\u0131 sar\u0131l\u0131yoruz. Hakikatten ald\u0131\u011f\u0131m\u0131z g\u00fc\u00e7le, su\u00e7suzluktan ald\u0131\u011f\u0131m\u0131z g\u00fc\u00e7le ve hakl\u0131 olman\u0131n verdi\u011fi cesaret ve enerjiyle dimdik ayaktay\u0131z. Bizi y\u0131kamayacaklar, biz kazanaca\u011f\u0131z. Te\u015fekk\u00fcr ediyorum arkada\u015flar.\u201d<\/p>\n\n\n\n<figure class=\"wp-block-embed is-type-rich is-provider-x wp-block-embed-x\"><div class=\"wp-block-embed__wrapper\">\n<blockquote class=\"twitter-tweet\" data-width=\"550\" data-dnt=\"true\"><p lang=\"tr\" dir=\"ltr\">Silivri\u2019de a\u00e7\u0131klama yap\u0131yorum. <a href=\"https:\/\/t.co\/FRuwkVdTRv\">https:\/\/t.co\/FRuwkVdTRv<\/a><\/p>&mdash; \u00d6zg\u00fcr \u00d6zel (@eczozgurozel) <a href=\"https:\/\/x.com\/eczozgurozel\/status\/2074876651629138215?ref_src=twsrc%5Etfw\">July 8, 2026<\/a><\/blockquote><script async src=\"https:\/\/platform.x.com\/widgets.js\" charset=\"utf-8\"><\/script>\n<\/div><\/figure>\n","protected":false},"excerpt":{"rendered":"<p>Se\u00e7ilmi\u015f CHP lideri \u00d6zg\u00fcr \u00d6zel &#8220;En evrensel hukuk kural\u0131d\u0131r. Savunma hakk\u0131 k\u0131s\u0131tlanamaz. Bunu bilmeyen kimse yok bu d\u00fcnya \u00fcst\u00fcnde, bu mahkemedekiler ya da ona talimat verenler d\u0131\u015f\u0131nda&#8221; ifadelerini kulland\u0131. Se\u00e7ilmi\u015f Cumhuriyet Halk Partisi lideri \u00d6zg\u00fcr \u00d6zel, cezaevi \u00e7\u0131k\u0131\u015f\u0131nda bas\u0131n mensuplar\u0131na a\u00e7\u0131klamada bulundu. \u00d6zel &#8220;En evrensel hukuk kural\u0131d\u0131r. Savunma hakk\u0131 k\u0131s\u0131tlanamaz. Bunu bilmeyen kimse yok bu [&hellip;]<\/p>\n","protected":false},"author":12791,"featured_media":168435,"comment_status":"open","ping_status":"open","sticky":false,"template":"","format":"standard","meta":{"_yoast_wpseo_focuskw":"\u00d6zel","_yoast_wpseo_title":"","_yoast_wpseo_metadesc":"Se\u00e7ilmi\u015f CHP lideri \u00d6zg\u00fcr \u00d6zel \"En evrensel hukuk kural\u0131d\u0131r. Savunma hakk\u0131 k\u0131s\u0131tlanamaz.\" ifadelerini kulland\u0131.","_bbp_topic_count":0,"_bbp_reply_count":0,"_bbp_total_topic_count":0,"_bbp_total_reply_count":0,"_bbp_voice_count":0,"_bbp_anonymous_reply_count":0,"_bbp_topic_count_hidden":0,"_bbp_reply_count_hidden":0,"_bbp_forum_subforum_count":0,"footnotes":"","_yoast_wpseo_focuskw_text_input":""},"categories":[1,8138,8226,37],"tags":[583,7419,8492,3961,8717],"yoast_head":"<!-- This site is optimized with the Yoast SEO plugin v23.0 - https:\/\/yoast.com\/wordpress\/plugins\/seo\/ -->\n<title>Se\u00e7ilmi\u015f CHP lideri \u00d6zg\u00fcr \u00d6zel \u0130BB Davas\u0131 Sonras\u0131 A\u00e7\u0131klama Yapt\u0131 - The Epoch Times TR<\/title>\n<meta name=\"description\" content=\"Se\u00e7ilmi\u015f CHP lideri \u00d6zg\u00fcr \u00d6zel &quot;En evrensel hukuk kural\u0131d\u0131r. Savunma hakk\u0131 k\u0131s\u0131tlanamaz.&quot; ifadelerini kulland\u0131.\" \/>\n<meta name=\"robots\" content=\"index, follow, max-snippet:-1, max-image-preview:large, max-video-preview:-1\" \/>\n<link rel=\"canonical\" href=\"https:\/\/epochtimestr.com\/index.php\/secilmis-chp-lideri-ozgur-ozel-ibb-davasi-sonrasi-aciklama-yapti\" \/>\n<meta property=\"og:locale\" content=\"tr_TR\" \/>\n<meta property=\"og:type\" content=\"article\" \/>\n<meta property=\"og:title\" content=\"Se\u00e7ilmi\u015f CHP lideri \u00d6zg\u00fcr \u00d6zel \u0130BB Davas\u0131 Sonras\u0131 A\u00e7\u0131klama Yapt\u0131 - The Epoch Times TR\" \/>\n<meta property=\"og:description\" content=\"Se\u00e7ilmi\u015f CHP lideri \u00d6zg\u00fcr \u00d6zel &quot;En evrensel hukuk kural\u0131d\u0131r. Savunma hakk\u0131 k\u0131s\u0131tlanamaz.&quot; ifadelerini kulland\u0131.\" \/>\n<meta property=\"og:url\" content=\"https:\/\/epochtimestr.com\/index.php\/secilmis-chp-lideri-ozgur-ozel-ibb-davasi-sonrasi-aciklama-yapti\" \/>\n<meta property=\"og:site_name\" content=\"The Epoch Times TR\" \/>\n<meta property=\"article:publisher\" content=\"https:\/\/www.facebook.com\/theepochtimestr\" \/>\n<meta property=\"article:published_time\" content=\"2026-07-09T05:31:55+00:00\" \/>\n<meta property=\"article:modified_time\" content=\"2026-07-09T08:03:19+00:00\" \/>\n<meta property=\"og:image\" content=\"https:\/\/epochtimestr.com\/wp-content\/uploads\/2011y\/ozgur-ozel-36.jpg\" \/>\n\t<meta property=\"og:image:width\" content=\"1200\" \/>\n\t<meta property=\"og:image:height\" content=\"750\" \/>\n\t<meta property=\"og:image:type\" content=\"image\/jpeg\" \/>\n<meta name=\"author\" content=\"Haber Merkezi\" \/>\n<meta name=\"twitter:card\" content=\"summary_large_image\" \/>\n<meta name=\"twitter:creator\" content=\"@TheEpochTimesTR\" \/>\n<meta name=\"twitter:site\" content=\"@TheEpochTimesTR\" \/>\n<meta name=\"twitter:label1\" content=\"Yazan:\" \/>\n\t<meta name=\"twitter:data1\" content=\"Haber Merkezi\" \/>\n\t<meta name=\"twitter:label2\" content=\"Tahmini okuma s\u00fcresi\" \/>\n\t<meta name=\"twitter:data2\" content=\"6 dakika\" \/>\n<script type=\"application\/ld+json\" class=\"yoast-schema-graph\">{\"@context\":\"https:\/\/schema.org\",\"@graph\":[{\"@type\":\"Article\",\"@id\":\"https:\/\/epochtimestr.com\/index.php\/secilmis-chp-lideri-ozgur-ozel-ibb-davasi-sonrasi-aciklama-yapti#article\",\"isPartOf\":{\"@id\":\"https:\/\/epochtimestr.com\/index.php\/secilmis-chp-lideri-ozgur-ozel-ibb-davasi-sonrasi-aciklama-yapti\"},\"author\":{\"name\":\"Haber Merkezi\",\"@id\":\"https:\/\/epochtimestr.com\/#\/schema\/person\/3dc5c3adeb9f43923c5aa85889172fdd\"},\"headline\":\"Se\u00e7ilmi\u015f CHP lideri \u00d6zg\u00fcr \u00d6zel \u0130BB Davas\u0131 Sonras\u0131 A\u00e7\u0131klama Yapt\u0131\",\"datePublished\":\"2026-07-09T05:31:55+00:00\",\"dateModified\":\"2026-07-09T08:03:19+00:00\",\"mainEntityOfPage\":{\"@id\":\"https:\/\/epochtimestr.com\/index.php\/secilmis-chp-lideri-ozgur-ozel-ibb-davasi-sonrasi-aciklama-yapti\"},\"wordCount\":1206,\"commentCount\":0,\"publisher\":{\"@id\":\"https:\/\/epochtimestr.com\/#organization\"},\"image\":{\"@id\":\"https:\/\/epochtimestr.com\/index.php\/secilmis-chp-lideri-ozgur-ozel-ibb-davasi-sonrasi-aciklama-yapti#primaryimage\"},\"thumbnailUrl\":\"https:\/\/epochtimestr.com\/wp-content\/uploads\/2011y\/ozgur-ozel-36.jpg\",\"keywords\":[\"CHP\",\"Ekrem \u0130mamo\u011flu\",\"\u00d6zg\u00fcr \u00d6zel\",\"silivri\",\"Tutuklu\"],\"articleSection\":[\"G\u00dcNDEM\",\"MAN\u015eET\",\"Siyaset\",\"T\u00dcRK\u0130YE\"],\"inLanguage\":\"tr\",\"potentialAction\":[{\"@type\":\"CommentAction\",\"name\":\"Comment\",\"target\":[\"https:\/\/epochtimestr.com\/index.php\/secilmis-chp-lideri-ozgur-ozel-ibb-davasi-sonrasi-aciklama-yapti#respond\"]}]},{\"@type\":\"WebPage\",\"@id\":\"https:\/\/epochtimestr.com\/index.php\/secilmis-chp-lideri-ozgur-ozel-ibb-davasi-sonrasi-aciklama-yapti\",\"url\":\"https:\/\/epochtimestr.com\/index.php\/secilmis-chp-lideri-ozgur-ozel-ibb-davasi-sonrasi-aciklama-yapti\",\"name\":\"Se\u00e7ilmi\u015f CHP lideri \u00d6zg\u00fcr \u00d6zel \u0130BB Davas\u0131 Sonras\u0131 A\u00e7\u0131klama Yapt\u0131 - The Epoch Times TR\",\"isPartOf\":{\"@id\":\"https:\/\/epochtimestr.com\/#website\"},\"primaryImageOfPage\":{\"@id\":\"https:\/\/epochtimestr.com\/index.php\/secilmis-chp-lideri-ozgur-ozel-ibb-davasi-sonrasi-aciklama-yapti#primaryimage\"},\"image\":{\"@id\":\"https:\/\/epochtimestr.com\/index.php\/secilmis-chp-lideri-ozgur-ozel-ibb-davasi-sonrasi-aciklama-yapti#primaryimage\"},\"thumbnailUrl\":\"https:\/\/epochtimestr.com\/wp-content\/uploads\/2011y\/ozgur-ozel-36.jpg\",\"datePublished\":\"2026-07-09T05:31:55+00:00\",\"dateModified\":\"2026-07-09T08:03:19+00:00\",\"description\":\"Se\u00e7ilmi\u015f CHP lideri \u00d6zg\u00fcr \u00d6zel \\\"En evrensel hukuk kural\u0131d\u0131r. Savunma hakk\u0131 k\u0131s\u0131tlanamaz.\\\" ifadelerini kulland\u0131.\",\"inLanguage\":\"tr\",\"potentialAction\":[{\"@type\":\"ReadAction\",\"target\":[\"https:\/\/epochtimestr.com\/index.php\/secilmis-chp-lideri-ozgur-ozel-ibb-davasi-sonrasi-aciklama-yapti\"]}]},{\"@type\":\"ImageObject\",\"inLanguage\":\"tr\",\"@id\":\"https:\/\/epochtimestr.com\/index.php\/secilmis-chp-lideri-ozgur-ozel-ibb-davasi-sonrasi-aciklama-yapti#primaryimage\",\"url\":\"https:\/\/epochtimestr.com\/wp-content\/uploads\/2011y\/ozgur-ozel-36.jpg\",\"contentUrl\":\"https:\/\/epochtimestr.com\/wp-content\/uploads\/2011y\/ozgur-ozel-36.jpg\",\"width\":1200,\"height\":750},{\"@type\":\"WebSite\",\"@id\":\"https:\/\/epochtimestr.com\/#website\",\"url\":\"https:\/\/epochtimestr.com\/\",\"name\":\"The Epoch Times TR\",\"description\":\"De\u011fi\u015fen D\u00fcnyam\u0131za Taze Bir Bak\u0131\u015f\",\"publisher\":{\"@id\":\"https:\/\/epochtimestr.com\/#organization\"},\"potentialAction\":[{\"@type\":\"SearchAction\",\"target\":{\"@type\":\"EntryPoint\",\"urlTemplate\":\"https:\/\/epochtimestr.com\/?s={search_term_string}\"},\"query-input\":\"required name=search_term_string\"}],\"inLanguage\":\"tr\"},{\"@type\":\"Organization\",\"@id\":\"https:\/\/epochtimestr.com\/#organization\",\"name\":\"The EpochTimes T\u00fcrkiye\",\"url\":\"https:\/\/epochtimestr.com\/\",\"logo\":{\"@type\":\"ImageObject\",\"inLanguage\":\"tr\",\"@id\":\"https:\/\/epochtimestr.com\/#\/schema\/logo\/image\/\",\"url\":\"https:\/\/epochtimestr.com\/wp-content\/uploads\/2011y\/ET-Logo-YG.jpg\",\"contentUrl\":\"https:\/\/epochtimestr.com\/wp-content\/uploads\/2011y\/ET-Logo-YG.jpg\",\"width\":346,\"height\":29,\"caption\":\"The EpochTimes T\u00fcrkiye\"},\"image\":{\"@id\":\"https:\/\/epochtimestr.com\/#\/schema\/logo\/image\/\"},\"sameAs\":[\"https:\/\/www.facebook.com\/theepochtimestr\",\"https:\/\/x.com\/TheEpochTimesTR\",\"https:\/\/www.instagram.com\/epochtimestr\"]},{\"@type\":\"Person\",\"@id\":\"https:\/\/epochtimestr.com\/#\/schema\/person\/3dc5c3adeb9f43923c5aa85889172fdd\",\"name\":\"Haber Merkezi\",\"image\":{\"@type\":\"ImageObject\",\"inLanguage\":\"tr\",\"@id\":\"https:\/\/epochtimestr.com\/#\/schema\/person\/image\/\",\"url\":\"https:\/\/secure.gravatar.com\/avatar\/d73f772ba5a74f28601361e17c2f93e6?s=96&d=mm&r=g\",\"contentUrl\":\"https:\/\/secure.gravatar.com\/avatar\/d73f772ba5a74f28601361e17c2f93e6?s=96&d=mm&r=g\",\"caption\":\"Haber Merkezi\"},\"url\":\"https:\/\/epochtimestr.com\/index.php\/author\/sendag\"}]}<\/script>\n<!-- \/ Yoast SEO plugin. -->","yoast_head_json":{"title":"Se\u00e7ilmi\u015f CHP lideri \u00d6zg\u00fcr \u00d6zel \u0130BB Davas\u0131 Sonras\u0131 A\u00e7\u0131klama Yapt\u0131 - The Epoch Times TR","description":"Se\u00e7ilmi\u015f CHP lideri \u00d6zg\u00fcr \u00d6zel \"En evrensel hukuk kural\u0131d\u0131r. Savunma hakk\u0131 k\u0131s\u0131tlanamaz.\" ifadelerini kulland\u0131.","robots":{"index":"index","follow":"follow","max-snippet":"max-snippet:-1","max-image-preview":"max-image-preview:large","max-video-preview":"max-video-preview:-1"},"canonical":"https:\/\/epochtimestr.com\/index.php\/secilmis-chp-lideri-ozgur-ozel-ibb-davasi-sonrasi-aciklama-yapti","og_locale":"tr_TR","og_type":"article","og_title":"Se\u00e7ilmi\u015f CHP lideri \u00d6zg\u00fcr \u00d6zel \u0130BB Davas\u0131 Sonras\u0131 A\u00e7\u0131klama Yapt\u0131 - The Epoch Times TR","og_description":"Se\u00e7ilmi\u015f CHP lideri \u00d6zg\u00fcr \u00d6zel \"En evrensel hukuk kural\u0131d\u0131r. Savunma hakk\u0131 k\u0131s\u0131tlanamaz.\" ifadelerini kulland\u0131.","og_url":"https:\/\/epochtimestr.com\/index.php\/secilmis-chp-lideri-ozgur-ozel-ibb-davasi-sonrasi-aciklama-yapti","og_site_name":"The Epoch Times TR","article_publisher":"https:\/\/www.facebook.com\/theepochtimestr","article_published_time":"2026-07-09T05:31:55+00:00","article_modified_time":"2026-07-09T08:03:19+00:00","og_image":[{"width":1200,"height":750,"url":"https:\/\/epochtimestr.com\/wp-content\/uploads\/2011y\/ozgur-ozel-36.jpg","type":"image\/jpeg"}],"author":"Haber Merkezi","twitter_card":"summary_large_image","twitter_creator":"@TheEpochTimesTR","twitter_site":"@TheEpochTimesTR","twitter_misc":{"Yazan:":"Haber Merkezi","Tahmini okuma s\u00fcresi":"6 dakika"},"schema":{"@context":"https:\/\/schema.org","@graph":[{"@type":"Article","@id":"https:\/\/epochtimestr.com\/index.php\/secilmis-chp-lideri-ozgur-ozel-ibb-davasi-sonrasi-aciklama-yapti#article","isPartOf":{"@id":"https:\/\/epochtimestr.com\/index.php\/secilmis-chp-lideri-ozgur-ozel-ibb-davasi-sonrasi-aciklama-yapti"},"author":{"name":"Haber Merkezi","@id":"https:\/\/epochtimestr.com\/#\/schema\/person\/3dc5c3adeb9f43923c5aa85889172fdd"},"headline":"Se\u00e7ilmi\u015f CHP lideri \u00d6zg\u00fcr \u00d6zel \u0130BB Davas\u0131 Sonras\u0131 A\u00e7\u0131klama Yapt\u0131","datePublished":"2026-07-09T05:31:55+00:00","dateModified":"2026-07-09T08:03:19+00:00","mainEntityOfPage":{"@id":"https:\/\/epochtimestr.com\/index.php\/secilmis-chp-lideri-ozgur-ozel-ibb-davasi-sonrasi-aciklama-yapti"},"wordCount":1206,"commentCount":0,"publisher":{"@id":"https:\/\/epochtimestr.com\/#organization"},"image":{"@id":"https:\/\/epochtimestr.com\/index.php\/secilmis-chp-lideri-ozgur-ozel-ibb-davasi-sonrasi-aciklama-yapti#primaryimage"},"thumbnailUrl":"https:\/\/epochtimestr.com\/wp-content\/uploads\/2011y\/ozgur-ozel-36.jpg","keywords":["CHP","Ekrem \u0130mamo\u011flu","\u00d6zg\u00fcr \u00d6zel","silivri","Tutuklu"],"articleSection":["G\u00dcNDEM","MAN\u015eET","Siyaset","T\u00dcRK\u0130YE"],"inLanguage":"tr","potentialAction":[{"@type":"CommentAction","name":"Comment","target":["https:\/\/epochtimestr.com\/index.php\/secilmis-chp-lideri-ozgur-ozel-ibb-davasi-sonrasi-aciklama-yapti#respond"]}]},{"@type":"WebPage","@id":"https:\/\/epochtimestr.com\/index.php\/secilmis-chp-lideri-ozgur-ozel-ibb-davasi-sonrasi-aciklama-yapti","url":"https:\/\/epochtimestr.com\/index.php\/secilmis-chp-lideri-ozgur-ozel-ibb-davasi-sonrasi-aciklama-yapti","name":"Se\u00e7ilmi\u015f CHP lideri \u00d6zg\u00fcr \u00d6zel \u0130BB Davas\u0131 Sonras\u0131 A\u00e7\u0131klama Yapt\u0131 - The Epoch Times TR","isPartOf":{"@id":"https:\/\/epochtimestr.com\/#website"},"primaryImageOfPage":{"@id":"https:\/\/epochtimestr.com\/index.php\/secilmis-chp-lideri-ozgur-ozel-ibb-davasi-sonrasi-aciklama-yapti#primaryimage"},"image":{"@id":"https:\/\/epochtimestr.com\/index.php\/secilmis-chp-lideri-ozgur-ozel-ibb-davasi-sonrasi-aciklama-yapti#primaryimage"},"thumbnailUrl":"https:\/\/epochtimestr.com\/wp-content\/uploads\/2011y\/ozgur-ozel-36.jpg","datePublished":"2026-07-09T05:31:55+00:00","dateModified":"2026-07-09T08:03:19+00:00","description":"Se\u00e7ilmi\u015f CHP lideri \u00d6zg\u00fcr \u00d6zel \"En evrensel hukuk kural\u0131d\u0131r. Savunma hakk\u0131 k\u0131s\u0131tlanamaz.\" ifadelerini kulland\u0131.","inLanguage":"tr","potentialAction":[{"@type":"ReadAction","target":["https:\/\/epochtimestr.com\/index.php\/secilmis-chp-lideri-ozgur-ozel-ibb-davasi-sonrasi-aciklama-yapti"]}]},{"@type":"ImageObject","inLanguage":"tr","@id":"https:\/\/epochtimestr.com\/index.php\/secilmis-chp-lideri-ozgur-ozel-ibb-davasi-sonrasi-aciklama-yapti#primaryimage","url":"https:\/\/epochtimestr.com\/wp-content\/uploads\/2011y\/ozgur-ozel-36.jpg","contentUrl":"https:\/\/epochtimestr.com\/wp-content\/uploads\/2011y\/ozgur-ozel-36.jpg","width":1200,"height":750},{"@type":"WebSite","@id":"https:\/\/epochtimestr.com\/#website","url":"https:\/\/epochtimestr.com\/","name":"The Epoch Times TR","description":"De\u011fi\u015fen D\u00fcnyam\u0131za Taze Bir Bak\u0131\u015f","publisher":{"@id":"https:\/\/epochtimestr.com\/#organization"},"potentialAction":[{"@type":"SearchAction","target":{"@type":"EntryPoint","urlTemplate":"https:\/\/epochtimestr.com\/?s={search_term_string}"},"query-input":"required name=search_term_string"}],"inLanguage":"tr"},{"@type":"Organization","@id":"https:\/\/epochtimestr.com\/#organization","name":"The EpochTimes T\u00fcrkiye","url":"https:\/\/epochtimestr.com\/","logo":{"@type":"ImageObject","inLanguage":"tr","@id":"https:\/\/epochtimestr.com\/#\/schema\/logo\/image\/","url":"https:\/\/epochtimestr.com\/wp-content\/uploads\/2011y\/ET-Logo-YG.jpg","contentUrl":"https:\/\/epochtimestr.com\/wp-content\/uploads\/2011y\/ET-Logo-YG.jpg","width":346,"height":29,"caption":"The EpochTimes T\u00fcrkiye"},"image":{"@id":"https:\/\/epochtimestr.com\/#\/schema\/logo\/image\/"},"sameAs":["https:\/\/www.facebook.com\/theepochtimestr","https:\/\/x.com\/TheEpochTimesTR","https:\/\/www.instagram.com\/epochtimestr"]},{"@type":"Person","@id":"https:\/\/epochtimestr.com\/#\/schema\/person\/3dc5c3adeb9f43923c5aa85889172fdd","name":"Haber Merkezi","image":{"@type":"ImageObject","inLanguage":"tr","@id":"https:\/\/epochtimestr.com\/#\/schema\/person\/image\/","url":"https:\/\/secure.gravatar.com\/avatar\/d73f772ba5a74f28601361e17c2f93e6?s=96&d=mm&r=g","contentUrl":"https:\/\/secure.gravatar.com\/avatar\/d73f772ba5a74f28601361e17c2f93e6?s=96&d=mm&r=g","caption":"Haber Merkezi"},"url":"https:\/\/epochtimestr.com\/index.php\/author\/sendag"}]}},"_links":{"self":[{"href":"https:\/\/epochtimestr.com\/index.php\/wp-json\/wp\/v2\/posts\/168434"}],"collection":[{"href":"https:\/\/epochtimestr.com\/index.php\/wp-json\/wp\/v2\/posts"}],"about":[{"href":"https:\/\/epochtimestr.com\/index.php\/wp-json\/wp\/v2\/types\/post"}],"author":[{"embeddable":true,"href":"https:\/\/epochtimestr.com\/index.php\/wp-json\/wp\/v2\/users\/12791"}],"replies":[{"embeddable":true,"href":"https:\/\/epochtimestr.com\/index.php\/wp-json\/wp\/v2\/comments?post=168434"}],"version-history":[{"count":3,"href":"https:\/\/epochtimestr.com\/index.php\/wp-json\/wp\/v2\/posts\/168434\/revisions"}],"predecessor-version":[{"id":168440,"href":"https:\/\/epochtimestr.com\/index.php\/wp-json\/wp\/v2\/posts\/168434\/revisions\/168440"}],"wp:featuredmedia":[{"embeddable":true,"href":"https:\/\/epochtimestr.com\/index.php\/wp-json\/wp\/v2\/media\/168435"}],"wp:attachment":[{"href":"https:\/\/epochtimestr.com\/index.php\/wp-json\/wp\/v2\/media?parent=168434"}],"wp:term":[{"taxonomy":"category","embeddable":true,"href":"https:\/\/epochtimestr.com\/index.php\/wp-json\/wp\/v2\/categories?post=168434"},{"taxonomy":"post_tag","embeddable":true,"href":"https:\/\/epochtimestr.com\/index.php\/wp-json\/wp\/v2\/tags?post=168434"}],"curies":[{"name":"wp","href":"https:\/\/api.w.org\/{rel}","templated":true}]}}