{"id":168447,"date":"2026-07-09T12:29:05","date_gmt":"2026-07-09T09:29:05","guid":{"rendered":"https:\/\/epochtimestr.com\/?p=168447"},"modified":"2026-07-09T12:29:06","modified_gmt":"2026-07-09T09:29:06","slug":"beyoglu-belediye-baskani-inan-guney-tahliye-oldu","status":"publish","type":"post","link":"https:\/\/epochtimestr.com\/index.php\/beyoglu-belediye-baskani-inan-guney-tahliye-oldu","title":{"rendered":"Beyo\u011flu Belediye Ba\u015fkan\u0131 \u0130nan G\u00fcney Tahliye Oldu"},"content":{"rendered":"<div class=\"wp-block-image\">\n<figure class=\"aligncenter size-full is-resized\"><img loading=\"lazy\" decoding=\"async\" width=\"1280\" height=\"720\" src=\"https:\/\/epochtimestr.com\/wp-content\/uploads\/2011y\/inan-guney.webp\" alt=\"Beyo\u011flu Belediye Ba\u015fkan\u0131 \u0130nan G\u00fcney tahliye oldu. (Foto\u011fraf: \u00d6zg\u00fcr \u00c7elik X hesab\u0131)\" class=\"wp-image-168448\" style=\"width:840px;height:auto\" srcset=\"https:\/\/epochtimestr.com\/wp-content\/uploads\/2011y\/inan-guney.webp 1280w, https:\/\/epochtimestr.com\/wp-content\/uploads\/2011y\/inan-guney-300x169.webp 300w, https:\/\/epochtimestr.com\/wp-content\/uploads\/2011y\/inan-guney-150x84.webp 150w, https:\/\/epochtimestr.com\/wp-content\/uploads\/2011y\/inan-guney-768x432.webp 768w\" sizes=\"(max-width: 1280px) 100vw, 1280px\" \/><figcaption class=\"wp-element-caption\">Beyo\u011flu Belediye Ba\u015fkan\u0131 \u0130nan G\u00fcney tahliye oldu. (Foto\u011fraf: \u00d6zg\u00fcr \u00c7elik X hesab\u0131)<\/figcaption><\/figure><\/div>\n\n\n<h2 class=\"wp-block-heading\">Tahliye edilen Beyo\u011flu Belediye Ba\u015fkan\u0131 \u0130nan G\u00fcney, cezaevinden \u00e7\u0131kt\u0131ktan sonra ilk olarak babas\u0131n\u0131n evine gitti.<\/h2>\n\n\n\n<p>CHP&#8217;nin Cumhurba\u015fkan\u0131 Aday\u0131 ve \u0130stanbul B\u00fcy\u00fck\u015fehir Belediye (\u0130BB) Ba\u015fkan\u0131 <a href=\"https:\/\/epochtimestr.com\/index.php\/ibb-davasinda-bir-kez-daha-ekrem-imamoglu-salondan-cikarildi\" target=\"_blank\" rel=\"noreferrer noopener\">Ekrem \u0130mamo\u011flu<\/a>&#8216;nun da aralar\u0131nda bulundu\u011fu 59&#8217;u tutuklu 414 ki\u015finin yarg\u0131land\u0131\u011f\u0131 \u0130BB davas\u0131nda 64\u2019\u00fcnc\u00fc celse g\u00f6r\u00fcld\u00fc. \u0130BB davas\u0131nda tutuklu san\u0131klar <a href=\"https:\/\/epochtimestr.com\/index.php\/beyoglu-belediyesi-yoneticilerinin-kaymakamlik-binasina-girisi-engellendi\" target=\"_blank\" rel=\"noreferrer noopener\">Beyo\u011flu Belediye Ba\u015fkan\u0131 \u0130nan G\u00fcney<\/a>, eski Medya A.\u015e. \u00e7al\u0131\u015fan\u0131 Ceyda K\u0131ryak ve \u0130BB Halkla \u0130li\u015fkiler \u015eube M\u00fcd\u00fcr\u00fc Serap Karay ile Metin Bal, Mehmet Karata\u015f ve Seyfullah Demirel&#8217;in tahliyesine karar verildi. Duru\u015fma, 17 A\u011fustos\u2019a ertelendi.<\/p>\n\n\n\n<p>Beyo\u011flu Belediye Ba\u015fkan\u0131 \u0130nan G\u00fcney, \u0130BB davas\u0131n\u0131n 62. g\u00fcn\u00fcnde savunma yapt\u0131. G\u00fcney savunmas\u0131na, Mad\u0131mak Katliam\u0131\u2019n\u0131n 33. y\u0131ld\u00f6n\u00fcm\u00fcnde, hayat\u0131n\u0131 kaybedenleri anarak ba\u015flad\u0131. G\u00fcney, \u201cV\u00fccudumuz esaretle terbiye edilmeye \u00e7al\u0131\u015f\u0131l\u0131rken, biz g\u00f6n\u00fclle, y\u00fcrekle, fikirle m\u00fccadele etmeye devam ediyoruz\u201d dedi.<\/p>\n\n\n\n<p>Tahliye karar\u0131n\u0131n ard\u0131ndan \u0130nan G\u00fcney, cezaevinden \u00e7\u0131kt\u0131. G\u00fcney, cezaevinden \u00e7\u0131kt\u0131ktan sonra babas\u0131n\u0131n evine giderek ailesiyle bir araya geldi. \u0130nan&#8217;\u0131 burada CHP \u0130stanbul \u0130l Ba\u015fkan\u0131 \u00d6zg\u00fcr \u00c7elik ve partililer kar\u015f\u0131lad\u0131.<\/p>\n\n\n\n<p>\u201cYine s\u0131rt\u0131m\u0131z\u0131 dayad\u0131\u011f\u0131m\u0131z babam\u0131z, da\u011f\u0131m\u0131z, ulu \u00e7\u0131nar\u0131m\u0131z; cezaevine girdi\u011fimizde dimdik ayaktayd\u0131. Birinci aydaki aile g\u00f6r\u00fc\u015f\u00fcne tekerlekli sandalyeyle, kanser tedavisine ba\u015flam\u0131\u015f olarak geldi. T\u00fcm bunlar\u0131 burada arkada\u015flar\u0131m\u0131zla ya\u015fad\u0131k, ya\u015famaya devam ediyoruz\u201d diyen G\u00fcney, \u201cSekiz ay iddianamesiz yatt\u0131k kolay de\u011fil\u201d ifadelerini kulland\u0131.<\/p>\n\n\n\n<figure class=\"wp-block-embed is-type-rich is-provider-x wp-block-embed-x\"><div class=\"wp-block-embed__wrapper\">\n<blockquote class=\"twitter-tweet\" data-width=\"550\" data-dnt=\"true\"><p lang=\"tr\" dir=\"ltr\">Beyo\u011flu\u2019nun evlad\u0131 \u0130nan G\u00fcney Merhaba!<a href=\"https:\/\/x.com\/inanguney?ref_src=twsrc%5Etfw\">@inanguney<\/a> <a href=\"https:\/\/t.co\/mFKTYFU5hI\">pic.twitter.com\/mFKTYFU5hI<\/a><\/p>&mdash; \u00d6zg\u00fcr \u00c7elik (@ozgurcelikchp) <a href=\"https:\/\/x.com\/ozgurcelikchp\/status\/2074985544103166094?ref_src=twsrc%5Etfw\">July 8, 2026<\/a><\/blockquote><script async src=\"https:\/\/platform.x.com\/widgets.js\" charset=\"utf-8\"><\/script>\n<\/div><\/figure>\n","protected":false},"excerpt":{"rendered":"<p>Tahliye edilen Beyo\u011flu Belediye Ba\u015fkan\u0131 \u0130nan G\u00fcney, cezaevinden \u00e7\u0131kt\u0131ktan sonra ilk olarak babas\u0131n\u0131n evine gitti. CHP&#8217;nin Cumhurba\u015fkan\u0131 Aday\u0131 ve \u0130stanbul B\u00fcy\u00fck\u015fehir Belediye (\u0130BB) Ba\u015fkan\u0131 Ekrem \u0130mamo\u011flu&#8216;nun da aralar\u0131nda bulundu\u011fu 59&#8217;u tutuklu 414 ki\u015finin yarg\u0131land\u0131\u011f\u0131 \u0130BB davas\u0131nda 64\u2019\u00fcnc\u00fc celse g\u00f6r\u00fcld\u00fc. \u0130BB davas\u0131nda tutuklu san\u0131klar Beyo\u011flu Belediye Ba\u015fkan\u0131 \u0130nan G\u00fcney, eski Medya A.\u015e. \u00e7al\u0131\u015fan\u0131 Ceyda K\u0131ryak ve [&hellip;]<\/p>\n","protected":false},"author":12791,"featured_media":168448,"comment_status":"open","ping_status":"open","sticky":false,"template":"","format":"standard","meta":{"_yoast_wpseo_focuskw":"Beyo\u011flu","_yoast_wpseo_title":"","_yoast_wpseo_metadesc":"Tahliye edilen Beyo\u011flu Belediye Ba\u015fkan\u0131 \u0130nan G\u00fcney, cezaevinden \u00e7\u0131kt\u0131ktan sonra ilk olarak babas\u0131n\u0131n evine gitti.","_bbp_topic_count":0,"_bbp_reply_count":0,"_bbp_total_topic_count":0,"_bbp_total_reply_count":0,"_bbp_voice_count":0,"_bbp_anonymous_reply_count":0,"_bbp_topic_count_hidden":0,"_bbp_reply_count_hidden":0,"_bbp_forum_subforum_count":0,"footnotes":"","_yoast_wpseo_focuskw_text_input":""},"categories":[1,8138,8226,37],"tags":[11667,5532,583,11668,2002],"yoast_head":"<!-- This site is optimized with the Yoast SEO plugin v23.0 - https:\/\/yoast.com\/wordpress\/plugins\/seo\/ -->\n<title>Beyo\u011flu Belediye Ba\u015fkan\u0131 \u0130nan G\u00fcney Tahliye Oldu - The Epoch Times TR<\/title>\n<meta name=\"description\" content=\"Tahliye edilen Beyo\u011flu Belediye Ba\u015fkan\u0131 \u0130nan G\u00fcney, cezaevinden \u00e7\u0131kt\u0131ktan sonra ilk olarak babas\u0131n\u0131n evine gitti.\" \/>\n<meta name=\"robots\" content=\"index, follow, max-snippet:-1, max-image-preview:large, max-video-preview:-1\" \/>\n<link rel=\"canonical\" href=\"https:\/\/epochtimestr.com\/index.php\/beyoglu-belediye-baskani-inan-guney-tahliye-oldu\" \/>\n<meta property=\"og:locale\" content=\"tr_TR\" \/>\n<meta property=\"og:type\" content=\"article\" \/>\n<meta property=\"og:title\" content=\"Beyo\u011flu Belediye Ba\u015fkan\u0131 \u0130nan G\u00fcney Tahliye Oldu - The Epoch Times TR\" \/>\n<meta property=\"og:description\" content=\"Tahliye edilen Beyo\u011flu Belediye Ba\u015fkan\u0131 \u0130nan G\u00fcney, cezaevinden \u00e7\u0131kt\u0131ktan sonra ilk olarak babas\u0131n\u0131n evine gitti.\" \/>\n<meta property=\"og:url\" content=\"https:\/\/epochtimestr.com\/index.php\/beyoglu-belediye-baskani-inan-guney-tahliye-oldu\" \/>\n<meta property=\"og:site_name\" content=\"The Epoch Times TR\" \/>\n<meta property=\"article:publisher\" content=\"https:\/\/www.facebook.com\/theepochtimestr\" \/>\n<meta property=\"article:published_time\" content=\"2026-07-09T09:29:05+00:00\" \/>\n<meta property=\"article:modified_time\" content=\"2026-07-09T09:29:06+00:00\" \/>\n<meta property=\"og:image\" content=\"https:\/\/epochtimestr.com\/wp-content\/uploads\/2011y\/inan-guney.webp\" \/>\n\t<meta property=\"og:image:width\" content=\"1280\" \/>\n\t<meta property=\"og:image:height\" content=\"720\" \/>\n\t<meta property=\"og:image:type\" content=\"image\/webp\" \/>\n<meta name=\"author\" content=\"Haber Merkezi\" \/>\n<meta name=\"twitter:card\" content=\"summary_large_image\" \/>\n<meta name=\"twitter:creator\" content=\"@TheEpochTimesTR\" \/>\n<meta name=\"twitter:site\" content=\"@TheEpochTimesTR\" \/>\n<meta name=\"twitter:label1\" content=\"Yazan:\" \/>\n\t<meta name=\"twitter:data1\" content=\"Haber Merkezi\" \/>\n\t<meta name=\"twitter:label2\" content=\"Tahmini okuma s\u00fcresi\" \/>\n\t<meta name=\"twitter:data2\" content=\"2 dakika\" \/>\n<script type=\"application\/ld+json\" class=\"yoast-schema-graph\">{\"@context\":\"https:\/\/schema.org\",\"@graph\":[{\"@type\":\"Article\",\"@id\":\"https:\/\/epochtimestr.com\/index.php\/beyoglu-belediye-baskani-inan-guney-tahliye-oldu#article\",\"isPartOf\":{\"@id\":\"https:\/\/epochtimestr.com\/index.php\/beyoglu-belediye-baskani-inan-guney-tahliye-oldu\"},\"author\":{\"name\":\"Haber Merkezi\",\"@id\":\"https:\/\/epochtimestr.com\/#\/schema\/person\/3dc5c3adeb9f43923c5aa85889172fdd\"},\"headline\":\"Beyo\u011flu Belediye Ba\u015fkan\u0131 \u0130nan G\u00fcney Tahliye Oldu\",\"datePublished\":\"2026-07-09T09:29:05+00:00\",\"dateModified\":\"2026-07-09T09:29:06+00:00\",\"mainEntityOfPage\":{\"@id\":\"https:\/\/epochtimestr.com\/index.php\/beyoglu-belediye-baskani-inan-guney-tahliye-oldu\"},\"wordCount\":303,\"commentCount\":0,\"publisher\":{\"@id\":\"https:\/\/epochtimestr.com\/#organization\"},\"image\":{\"@id\":\"https:\/\/epochtimestr.com\/index.php\/beyoglu-belediye-baskani-inan-guney-tahliye-oldu#primaryimage\"},\"thumbnailUrl\":\"https:\/\/epochtimestr.com\/wp-content\/uploads\/2011y\/inan-guney.webp\",\"keywords\":[\"Beyo\u011flu Belediye Ba\u015fkan\u0131\",\"Cezaevi\",\"CHP\",\"\u0130nan G\u00fcney\",\"Tahliye\"],\"articleSection\":[\"G\u00dcNDEM\",\"MAN\u015eET\",\"Siyaset\",\"T\u00dcRK\u0130YE\"],\"inLanguage\":\"tr\",\"potentialAction\":[{\"@type\":\"CommentAction\",\"name\":\"Comment\",\"target\":[\"https:\/\/epochtimestr.com\/index.php\/beyoglu-belediye-baskani-inan-guney-tahliye-oldu#respond\"]}]},{\"@type\":\"WebPage\",\"@id\":\"https:\/\/epochtimestr.com\/index.php\/beyoglu-belediye-baskani-inan-guney-tahliye-oldu\",\"url\":\"https:\/\/epochtimestr.com\/index.php\/beyoglu-belediye-baskani-inan-guney-tahliye-oldu\",\"name\":\"Beyo\u011flu Belediye Ba\u015fkan\u0131 \u0130nan G\u00fcney Tahliye Oldu - The Epoch Times TR\",\"isPartOf\":{\"@id\":\"https:\/\/epochtimestr.com\/#website\"},\"primaryImageOfPage\":{\"@id\":\"https:\/\/epochtimestr.com\/index.php\/beyoglu-belediye-baskani-inan-guney-tahliye-oldu#primaryimage\"},\"image\":{\"@id\":\"https:\/\/epochtimestr.com\/index.php\/beyoglu-belediye-baskani-inan-guney-tahliye-oldu#primaryimage\"},\"thumbnailUrl\":\"https:\/\/epochtimestr.com\/wp-content\/uploads\/2011y\/inan-guney.webp\",\"datePublished\":\"2026-07-09T09:29:05+00:00\",\"dateModified\":\"2026-07-09T09:29:06+00:00\",\"description\":\"Tahliye edilen Beyo\u011flu Belediye Ba\u015fkan\u0131 \u0130nan G\u00fcney, cezaevinden \u00e7\u0131kt\u0131ktan sonra ilk olarak babas\u0131n\u0131n evine gitti.\",\"inLanguage\":\"tr\",\"potentialAction\":[{\"@type\":\"ReadAction\",\"target\":[\"https:\/\/epochtimestr.com\/index.php\/beyoglu-belediye-baskani-inan-guney-tahliye-oldu\"]}]},{\"@type\":\"ImageObject\",\"inLanguage\":\"tr\",\"@id\":\"https:\/\/epochtimestr.com\/index.php\/beyoglu-belediye-baskani-inan-guney-tahliye-oldu#primaryimage\",\"url\":\"https:\/\/epochtimestr.com\/wp-content\/uploads\/2011y\/inan-guney.webp\",\"contentUrl\":\"https:\/\/epochtimestr.com\/wp-content\/uploads\/2011y\/inan-guney.webp\",\"width\":1280,\"height\":720},{\"@type\":\"WebSite\",\"@id\":\"https:\/\/epochtimestr.com\/#website\",\"url\":\"https:\/\/epochtimestr.com\/\",\"name\":\"The Epoch Times TR\",\"description\":\"De\u011fi\u015fen D\u00fcnyam\u0131za Taze Bir Bak\u0131\u015f\",\"publisher\":{\"@id\":\"https:\/\/epochtimestr.com\/#organization\"},\"potentialAction\":[{\"@type\":\"SearchAction\",\"target\":{\"@type\":\"EntryPoint\",\"urlTemplate\":\"https:\/\/epochtimestr.com\/?s={search_term_string}\"},\"query-input\":\"required name=search_term_string\"}],\"inLanguage\":\"tr\"},{\"@type\":\"Organization\",\"@id\":\"https:\/\/epochtimestr.com\/#organization\",\"name\":\"The EpochTimes T\u00fcrkiye\",\"url\":\"https:\/\/epochtimestr.com\/\",\"logo\":{\"@type\":\"ImageObject\",\"inLanguage\":\"tr\",\"@id\":\"https:\/\/epochtimestr.com\/#\/schema\/logo\/image\/\",\"url\":\"https:\/\/epochtimestr.com\/wp-content\/uploads\/2011y\/ET-Logo-YG.jpg\",\"contentUrl\":\"https:\/\/epochtimestr.com\/wp-content\/uploads\/2011y\/ET-Logo-YG.jpg\",\"width\":346,\"height\":29,\"caption\":\"The EpochTimes T\u00fcrkiye\"},\"image\":{\"@id\":\"https:\/\/epochtimestr.com\/#\/schema\/logo\/image\/\"},\"sameAs\":[\"https:\/\/www.facebook.com\/theepochtimestr\",\"https:\/\/x.com\/TheEpochTimesTR\",\"https:\/\/www.instagram.com\/epochtimestr\"]},{\"@type\":\"Person\",\"@id\":\"https:\/\/epochtimestr.com\/#\/schema\/person\/3dc5c3adeb9f43923c5aa85889172fdd\",\"name\":\"Haber Merkezi\",\"image\":{\"@type\":\"ImageObject\",\"inLanguage\":\"tr\",\"@id\":\"https:\/\/epochtimestr.com\/#\/schema\/person\/image\/\",\"url\":\"https:\/\/secure.gravatar.com\/avatar\/d73f772ba5a74f28601361e17c2f93e6?s=96&d=mm&r=g\",\"contentUrl\":\"https:\/\/secure.gravatar.com\/avatar\/d73f772ba5a74f28601361e17c2f93e6?s=96&d=mm&r=g\",\"caption\":\"Haber Merkezi\"},\"url\":\"https:\/\/epochtimestr.com\/index.php\/author\/sendag\"}]}<\/script>\n<!-- \/ Yoast SEO plugin. -->","yoast_head_json":{"title":"Beyo\u011flu Belediye Ba\u015fkan\u0131 \u0130nan G\u00fcney Tahliye Oldu - The Epoch Times TR","description":"Tahliye edilen Beyo\u011flu Belediye Ba\u015fkan\u0131 \u0130nan G\u00fcney, cezaevinden \u00e7\u0131kt\u0131ktan sonra ilk olarak babas\u0131n\u0131n evine gitti.","robots":{"index":"index","follow":"follow","max-snippet":"max-snippet:-1","max-image-preview":"max-image-preview:large","max-video-preview":"max-video-preview:-1"},"canonical":"https:\/\/epochtimestr.com\/index.php\/beyoglu-belediye-baskani-inan-guney-tahliye-oldu","og_locale":"tr_TR","og_type":"article","og_title":"Beyo\u011flu Belediye Ba\u015fkan\u0131 \u0130nan G\u00fcney Tahliye Oldu - The Epoch Times TR","og_description":"Tahliye edilen Beyo\u011flu Belediye Ba\u015fkan\u0131 \u0130nan G\u00fcney, cezaevinden \u00e7\u0131kt\u0131ktan sonra ilk olarak babas\u0131n\u0131n evine gitti.","og_url":"https:\/\/epochtimestr.com\/index.php\/beyoglu-belediye-baskani-inan-guney-tahliye-oldu","og_site_name":"The Epoch Times TR","article_publisher":"https:\/\/www.facebook.com\/theepochtimestr","article_published_time":"2026-07-09T09:29:05+00:00","article_modified_time":"2026-07-09T09:29:06+00:00","og_image":[{"width":1280,"height":720,"url":"https:\/\/epochtimestr.com\/wp-content\/uploads\/2011y\/inan-guney.webp","type":"image\/webp"}],"author":"Haber Merkezi","twitter_card":"summary_large_image","twitter_creator":"@TheEpochTimesTR","twitter_site":"@TheEpochTimesTR","twitter_misc":{"Yazan:":"Haber Merkezi","Tahmini okuma s\u00fcresi":"2 dakika"},"schema":{"@context":"https:\/\/schema.org","@graph":[{"@type":"Article","@id":"https:\/\/epochtimestr.com\/index.php\/beyoglu-belediye-baskani-inan-guney-tahliye-oldu#article","isPartOf":{"@id":"https:\/\/epochtimestr.com\/index.php\/beyoglu-belediye-baskani-inan-guney-tahliye-oldu"},"author":{"name":"Haber Merkezi","@id":"https:\/\/epochtimestr.com\/#\/schema\/person\/3dc5c3adeb9f43923c5aa85889172fdd"},"headline":"Beyo\u011flu Belediye Ba\u015fkan\u0131 \u0130nan G\u00fcney Tahliye Oldu","datePublished":"2026-07-09T09:29:05+00:00","dateModified":"2026-07-09T09:29:06+00:00","mainEntityOfPage":{"@id":"https:\/\/epochtimestr.com\/index.php\/beyoglu-belediye-baskani-inan-guney-tahliye-oldu"},"wordCount":303,"commentCount":0,"publisher":{"@id":"https:\/\/epochtimestr.com\/#organization"},"image":{"@id":"https:\/\/epochtimestr.com\/index.php\/beyoglu-belediye-baskani-inan-guney-tahliye-oldu#primaryimage"},"thumbnailUrl":"https:\/\/epochtimestr.com\/wp-content\/uploads\/2011y\/inan-guney.webp","keywords":["Beyo\u011flu Belediye Ba\u015fkan\u0131","Cezaevi","CHP","\u0130nan G\u00fcney","Tahliye"],"articleSection":["G\u00dcNDEM","MAN\u015eET","Siyaset","T\u00dcRK\u0130YE"],"inLanguage":"tr","potentialAction":[{"@type":"CommentAction","name":"Comment","target":["https:\/\/epochtimestr.com\/index.php\/beyoglu-belediye-baskani-inan-guney-tahliye-oldu#respond"]}]},{"@type":"WebPage","@id":"https:\/\/epochtimestr.com\/index.php\/beyoglu-belediye-baskani-inan-guney-tahliye-oldu","url":"https:\/\/epochtimestr.com\/index.php\/beyoglu-belediye-baskani-inan-guney-tahliye-oldu","name":"Beyo\u011flu Belediye Ba\u015fkan\u0131 \u0130nan G\u00fcney Tahliye Oldu - The Epoch Times TR","isPartOf":{"@id":"https:\/\/epochtimestr.com\/#website"},"primaryImageOfPage":{"@id":"https:\/\/epochtimestr.com\/index.php\/beyoglu-belediye-baskani-inan-guney-tahliye-oldu#primaryimage"},"image":{"@id":"https:\/\/epochtimestr.com\/index.php\/beyoglu-belediye-baskani-inan-guney-tahliye-oldu#primaryimage"},"thumbnailUrl":"https:\/\/epochtimestr.com\/wp-content\/uploads\/2011y\/inan-guney.webp","datePublished":"2026-07-09T09:29:05+00:00","dateModified":"2026-07-09T09:29:06+00:00","description":"Tahliye edilen Beyo\u011flu Belediye Ba\u015fkan\u0131 \u0130nan G\u00fcney, cezaevinden \u00e7\u0131kt\u0131ktan sonra ilk olarak babas\u0131n\u0131n evine gitti.","inLanguage":"tr","potentialAction":[{"@type":"ReadAction","target":["https:\/\/epochtimestr.com\/index.php\/beyoglu-belediye-baskani-inan-guney-tahliye-oldu"]}]},{"@type":"ImageObject","inLanguage":"tr","@id":"https:\/\/epochtimestr.com\/index.php\/beyoglu-belediye-baskani-inan-guney-tahliye-oldu#primaryimage","url":"https:\/\/epochtimestr.com\/wp-content\/uploads\/2011y\/inan-guney.webp","contentUrl":"https:\/\/epochtimestr.com\/wp-content\/uploads\/2011y\/inan-guney.webp","width":1280,"height":720},{"@type":"WebSite","@id":"https:\/\/epochtimestr.com\/#website","url":"https:\/\/epochtimestr.com\/","name":"The Epoch Times TR","description":"De\u011fi\u015fen D\u00fcnyam\u0131za Taze Bir Bak\u0131\u015f","publisher":{"@id":"https:\/\/epochtimestr.com\/#organization"},"potentialAction":[{"@type":"SearchAction","target":{"@type":"EntryPoint","urlTemplate":"https:\/\/epochtimestr.com\/?s={search_term_string}"},"query-input":"required name=search_term_string"}],"inLanguage":"tr"},{"@type":"Organization","@id":"https:\/\/epochtimestr.com\/#organization","name":"The EpochTimes T\u00fcrkiye","url":"https:\/\/epochtimestr.com\/","logo":{"@type":"ImageObject","inLanguage":"tr","@id":"https:\/\/epochtimestr.com\/#\/schema\/logo\/image\/","url":"https:\/\/epochtimestr.com\/wp-content\/uploads\/2011y\/ET-Logo-YG.jpg","contentUrl":"https:\/\/epochtimestr.com\/wp-content\/uploads\/2011y\/ET-Logo-YG.jpg","width":346,"height":29,"caption":"The EpochTimes T\u00fcrkiye"},"image":{"@id":"https:\/\/epochtimestr.com\/#\/schema\/logo\/image\/"},"sameAs":["https:\/\/www.facebook.com\/theepochtimestr","https:\/\/x.com\/TheEpochTimesTR","https:\/\/www.instagram.com\/epochtimestr"]},{"@type":"Person","@id":"https:\/\/epochtimestr.com\/#\/schema\/person\/3dc5c3adeb9f43923c5aa85889172fdd","name":"Haber Merkezi","image":{"@type":"ImageObject","inLanguage":"tr","@id":"https:\/\/epochtimestr.com\/#\/schema\/person\/image\/","url":"https:\/\/secure.gravatar.com\/avatar\/d73f772ba5a74f28601361e17c2f93e6?s=96&d=mm&r=g","contentUrl":"https:\/\/secure.gravatar.com\/avatar\/d73f772ba5a74f28601361e17c2f93e6?s=96&d=mm&r=g","caption":"Haber Merkezi"},"url":"https:\/\/epochtimestr.com\/index.php\/author\/sendag"}]}},"_links":{"self":[{"href":"https:\/\/epochtimestr.com\/index.php\/wp-json\/wp\/v2\/posts\/168447"}],"collection":[{"href":"https:\/\/epochtimestr.com\/index.php\/wp-json\/wp\/v2\/posts"}],"about":[{"href":"https:\/\/epochtimestr.com\/index.php\/wp-json\/wp\/v2\/types\/post"}],"author":[{"embeddable":true,"href":"https:\/\/epochtimestr.com\/index.php\/wp-json\/wp\/v2\/users\/12791"}],"replies":[{"embeddable":true,"href":"https:\/\/epochtimestr.com\/index.php\/wp-json\/wp\/v2\/comments?post=168447"}],"version-history":[{"count":2,"href":"https:\/\/epochtimestr.com\/index.php\/wp-json\/wp\/v2\/posts\/168447\/revisions"}],"predecessor-version":[{"id":168463,"href":"https:\/\/epochtimestr.com\/index.php\/wp-json\/wp\/v2\/posts\/168447\/revisions\/168463"}],"wp:featuredmedia":[{"embeddable":true,"href":"https:\/\/epochtimestr.com\/index.php\/wp-json\/wp\/v2\/media\/168448"}],"wp:attachment":[{"href":"https:\/\/epochtimestr.com\/index.php\/wp-json\/wp\/v2\/media?parent=168447"}],"wp:term":[{"taxonomy":"category","embeddable":true,"href":"https:\/\/epochtimestr.com\/index.php\/wp-json\/wp\/v2\/categories?post=168447"},{"taxonomy":"post_tag","embeddable":true,"href":"https:\/\/epochtimestr.com\/index.php\/wp-json\/wp\/v2\/tags?post=168447"}],"curies":[{"name":"wp","href":"https:\/\/api.w.org\/{rel}","templated":true}]}}