{"id":168471,"date":"2026-07-09T22:42:58","date_gmt":"2026-07-09T19:42:58","guid":{"rendered":"https:\/\/epochtimestr.com\/?p=168471"},"modified":"2026-07-09T22:42:59","modified_gmt":"2026-07-09T19:42:59","slug":"yanlis-kisiye-nato-operasyonu","status":"publish","type":"post","link":"https:\/\/epochtimestr.com\/index.php\/yanlis-kisiye-nato-operasyonu","title":{"rendered":"Yanl\u0131\u015f Ki\u015fiye NATO Operasyonu"},"content":{"rendered":"\n<figure class=\"wp-block-image aligncenter size-full is-resized\"><img loading=\"lazy\" decoding=\"async\" width=\"447\" height=\"447\" src=\"https:\/\/epochtimestr.com\/wp-content\/uploads\/2011y\/bedisa-eloglu.jpg\" alt=\"Yanl\u0131\u015f ki\u015fiye NATO operasyonu yap\u0131ld\u0131. Tiyatro e\u011fitmeni Bedisa Elo\u011flu. (Foto\u011fraf: Bedi Sanat web sitesi)\n\" class=\"wp-image-168472\" style=\"width:447px;height:auto\" srcset=\"https:\/\/epochtimestr.com\/wp-content\/uploads\/2011y\/bedisa-eloglu.jpg 447w, https:\/\/epochtimestr.com\/wp-content\/uploads\/2011y\/bedisa-eloglu-300x300.jpg 300w, https:\/\/epochtimestr.com\/wp-content\/uploads\/2011y\/bedisa-eloglu-150x150.jpg 150w\" sizes=\"(max-width: 447px) 100vw, 447px\" \/><figcaption class=\"wp-element-caption\">Yanl\u0131\u015f ki\u015fiye NATO operasyonu yap\u0131ld\u0131. Tiyatro e\u011fitmeni Bedisa Elo\u011flu. (Foto\u011fraf: Bedi Sanat web sitesi)<br \/><\/figcaption><\/figure>\n\n\n\n<h2 class=\"wp-block-heading\">Tiyatro e\u011fitmeni Bedisa Elo\u011flu yaln\u0131zca \u00fc\u00e7 ayd\u0131r ya\u015fad\u0131\u011f\u0131 evde 5 Temmuz Pazar sabah\u0131 polis ekiplerinin bask\u0131na u\u011frad\u0131.<\/h2>\n\n\n\n<p>Ankara\u2019da 7-8 Temmuz\u2019da d\u00fczenlenen<a href=\"https:\/\/epochtimestr.com\/index.php\/nato-zirvesinin-ardindan\" rel=\"nofollow\"> NATO Zirvesi<\/a> \u00f6ncesi yap\u0131lan operasyonlarda, yanl\u0131\u015f ki\u015finin evine bask\u0131n yap\u0131ld\u0131. Bedisa Elo\u011flu, \u00e7ocuklara ve gen\u00e7lere yarat\u0131c\u0131 drama ve sanat alan\u0131nda e\u011fitimler veren, tiyatro oyunlar\u0131 \u00fcreten, Ankara merkezli bir olu\u015fum, <a href=\"https:\/\/www.instagram.com\/bedi.sanat\/\" target=\"_blank\" rel=\"noreferrer noopener\">Bedi Sanat<\/a>&#8216;\u0131n kurucusudur.<\/p>\n\n\n\n<p>S\u00f6zc\u00fc Televizyonu\u2019na konu\u015fan Tiyatro e\u011fitmeni Bedisa Elo\u011flu&#8217;nun anlatt\u0131\u011f\u0131na g\u00f6re, ekipler eve girdikten sonra kira s\u00f6zle\u015fmesini ve di\u011fer belgeleri inceledi. Bunun ard\u0131ndan aranan ki\u015finin, yakla\u015f\u0131k 2,5 y\u0131l \u00f6nce ayn\u0131 adreste oturan eski kirac\u0131n\u0131n kefili oldu\u011fu belirlendi. Elo\u011flu, aranan ki\u015filerle herhangi bir ba\u011flant\u0131s\u0131n\u0131n bulunmad\u0131\u011f\u0131n\u0131 s\u00f6yledi.<\/p>\n\n\n\n<p>Elo\u011flu, operasyonun ard\u0131ndan polis ekiplerinin, kap\u0131da olu\u015fan maddi hasar\u0131n kar\u015f\u0131lanabilmesi i\u00e7in faturayla birlikte Valili\u011fe ba\u015fvurmas\u0131n\u0131 \u00f6nerdi\u011fini s\u00f6yledi. Kap\u0131n\u0131n onar\u0131m\u0131 i\u00e7in 10 bin 800 liral\u0131k fatura \u00e7\u0131kar\u0131ld\u0131\u011f\u0131n\u0131 belirten Elo\u011flu, ya\u015fad\u0131\u011f\u0131 olay\u0131n ard\u0131ndan psikolojik destek almaya ba\u015flad\u0131\u011f\u0131n\u0131 da dile getirdi.<\/p>\n","protected":false},"excerpt":{"rendered":"<p>Tiyatro e\u011fitmeni Bedisa Elo\u011flu yaln\u0131zca \u00fc\u00e7 ayd\u0131r ya\u015fad\u0131\u011f\u0131 evde 5 Temmuz Pazar sabah\u0131 polis ekiplerinin bask\u0131na u\u011frad\u0131. Ankara\u2019da 7-8 Temmuz\u2019da d\u00fczenlenen NATO Zirvesi \u00f6ncesi yap\u0131lan operasyonlarda, yanl\u0131\u015f ki\u015finin evine bask\u0131n yap\u0131ld\u0131. Bedisa Elo\u011flu, \u00e7ocuklara ve gen\u00e7lere yarat\u0131c\u0131 drama ve sanat alan\u0131nda e\u011fitimler veren, tiyatro oyunlar\u0131 \u00fcreten, Ankara merkezli bir olu\u015fum, Bedi Sanat&#8216;\u0131n kurucusudur. S\u00f6zc\u00fc Televizyonu\u2019na [&hellip;]<\/p>\n","protected":false},"author":12791,"featured_media":168472,"comment_status":"open","ping_status":"open","sticky":false,"template":"","format":"standard","meta":{"_yoast_wpseo_focuskw":"Bedisa Elo\u011flu","_yoast_wpseo_title":"","_yoast_wpseo_metadesc":"Tiyatro e\u011fitmeni Bedisa Elo\u011flu, yaln\u0131zca \u00fc\u00e7 ayd\u0131r ya\u015fad\u0131\u011f\u0131 evde, 5 Temmuz Pazar sabah\u0131 polis ekiplerince yap\u0131lan bask\u0131na maruz kald\u0131.","_bbp_topic_count":0,"_bbp_reply_count":0,"_bbp_total_topic_count":0,"_bbp_total_reply_count":0,"_bbp_voice_count":0,"_bbp_anonymous_reply_count":0,"_bbp_topic_count_hidden":0,"_bbp_reply_count_hidden":0,"_bbp_forum_subforum_count":0,"footnotes":"","_yoast_wpseo_focuskw_text_input":""},"categories":[1,8226,37],"tags":[4726,11679,8873,833],"yoast_head":"<!-- This site is optimized with the Yoast SEO plugin v23.0 - https:\/\/yoast.com\/wordpress\/plugins\/seo\/ -->\n<title>Yanl\u0131\u015f Ki\u015fiye NATO Operasyonu - The Epoch Times TR<\/title>\n<meta name=\"description\" content=\"Tiyatro e\u011fitmeni Bedisa Elo\u011flu, yaln\u0131zca \u00fc\u00e7 ayd\u0131r ya\u015fad\u0131\u011f\u0131 evde, 5 Temmuz Pazar sabah\u0131 polis ekiplerince yap\u0131lan bask\u0131na maruz kald\u0131.\" \/>\n<meta name=\"robots\" content=\"index, follow, max-snippet:-1, max-image-preview:large, max-video-preview:-1\" \/>\n<link rel=\"canonical\" href=\"https:\/\/epochtimestr.com\/index.php\/yanlis-kisiye-nato-operasyonu\" \/>\n<meta property=\"og:locale\" content=\"tr_TR\" \/>\n<meta property=\"og:type\" content=\"article\" \/>\n<meta property=\"og:title\" content=\"Yanl\u0131\u015f Ki\u015fiye NATO Operasyonu - The Epoch Times TR\" \/>\n<meta property=\"og:description\" content=\"Tiyatro e\u011fitmeni Bedisa Elo\u011flu, yaln\u0131zca \u00fc\u00e7 ayd\u0131r ya\u015fad\u0131\u011f\u0131 evde, 5 Temmuz Pazar sabah\u0131 polis ekiplerince yap\u0131lan bask\u0131na maruz kald\u0131.\" \/>\n<meta property=\"og:url\" content=\"https:\/\/epochtimestr.com\/index.php\/yanlis-kisiye-nato-operasyonu\" \/>\n<meta property=\"og:site_name\" content=\"The Epoch Times TR\" \/>\n<meta property=\"article:publisher\" content=\"https:\/\/www.facebook.com\/theepochtimestr\" \/>\n<meta property=\"article:published_time\" content=\"2026-07-09T19:42:58+00:00\" \/>\n<meta property=\"article:modified_time\" content=\"2026-07-09T19:42:59+00:00\" \/>\n<meta property=\"og:image\" content=\"https:\/\/epochtimestr.com\/wp-content\/uploads\/2011y\/bedisa-eloglu.jpg\" \/>\n\t<meta property=\"og:image:width\" content=\"447\" \/>\n\t<meta property=\"og:image:height\" content=\"447\" \/>\n\t<meta property=\"og:image:type\" content=\"image\/jpeg\" \/>\n<meta name=\"author\" content=\"Haber Merkezi\" \/>\n<meta name=\"twitter:card\" content=\"summary_large_image\" \/>\n<meta name=\"twitter:creator\" content=\"@TheEpochTimesTR\" \/>\n<meta name=\"twitter:site\" content=\"@TheEpochTimesTR\" \/>\n<meta name=\"twitter:label1\" content=\"Yazan:\" \/>\n\t<meta name=\"twitter:data1\" content=\"Haber Merkezi\" \/>\n\t<meta name=\"twitter:label2\" content=\"Tahmini okuma s\u00fcresi\" \/>\n\t<meta name=\"twitter:data2\" content=\"2 dakika\" \/>\n<script type=\"application\/ld+json\" class=\"yoast-schema-graph\">{\"@context\":\"https:\/\/schema.org\",\"@graph\":[{\"@type\":\"Article\",\"@id\":\"https:\/\/epochtimestr.com\/index.php\/yanlis-kisiye-nato-operasyonu#article\",\"isPartOf\":{\"@id\":\"https:\/\/epochtimestr.com\/index.php\/yanlis-kisiye-nato-operasyonu\"},\"author\":{\"name\":\"Haber Merkezi\",\"@id\":\"https:\/\/epochtimestr.com\/#\/schema\/person\/3dc5c3adeb9f43923c5aa85889172fdd\"},\"headline\":\"Yanl\u0131\u015f Ki\u015fiye NATO Operasyonu\",\"datePublished\":\"2026-07-09T19:42:58+00:00\",\"dateModified\":\"2026-07-09T19:42:59+00:00\",\"mainEntityOfPage\":{\"@id\":\"https:\/\/epochtimestr.com\/index.php\/yanlis-kisiye-nato-operasyonu\"},\"wordCount\":224,\"commentCount\":0,\"publisher\":{\"@id\":\"https:\/\/epochtimestr.com\/#organization\"},\"image\":{\"@id\":\"https:\/\/epochtimestr.com\/index.php\/yanlis-kisiye-nato-operasyonu#primaryimage\"},\"thumbnailUrl\":\"https:\/\/epochtimestr.com\/wp-content\/uploads\/2011y\/bedisa-eloglu.jpg\",\"keywords\":[\"bask\u0131n\",\"Bedi sanat\",\"NATO zirvesi\",\"Operasyon\"],\"articleSection\":[\"G\u00dcNDEM\",\"Siyaset\",\"T\u00dcRK\u0130YE\"],\"inLanguage\":\"tr\",\"potentialAction\":[{\"@type\":\"CommentAction\",\"name\":\"Comment\",\"target\":[\"https:\/\/epochtimestr.com\/index.php\/yanlis-kisiye-nato-operasyonu#respond\"]}]},{\"@type\":\"WebPage\",\"@id\":\"https:\/\/epochtimestr.com\/index.php\/yanlis-kisiye-nato-operasyonu\",\"url\":\"https:\/\/epochtimestr.com\/index.php\/yanlis-kisiye-nato-operasyonu\",\"name\":\"Yanl\u0131\u015f Ki\u015fiye NATO Operasyonu - The Epoch Times TR\",\"isPartOf\":{\"@id\":\"https:\/\/epochtimestr.com\/#website\"},\"primaryImageOfPage\":{\"@id\":\"https:\/\/epochtimestr.com\/index.php\/yanlis-kisiye-nato-operasyonu#primaryimage\"},\"image\":{\"@id\":\"https:\/\/epochtimestr.com\/index.php\/yanlis-kisiye-nato-operasyonu#primaryimage\"},\"thumbnailUrl\":\"https:\/\/epochtimestr.com\/wp-content\/uploads\/2011y\/bedisa-eloglu.jpg\",\"datePublished\":\"2026-07-09T19:42:58+00:00\",\"dateModified\":\"2026-07-09T19:42:59+00:00\",\"description\":\"Tiyatro e\u011fitmeni Bedisa Elo\u011flu, yaln\u0131zca \u00fc\u00e7 ayd\u0131r ya\u015fad\u0131\u011f\u0131 evde, 5 Temmuz Pazar sabah\u0131 polis ekiplerince yap\u0131lan bask\u0131na maruz kald\u0131.\",\"inLanguage\":\"tr\",\"potentialAction\":[{\"@type\":\"ReadAction\",\"target\":[\"https:\/\/epochtimestr.com\/index.php\/yanlis-kisiye-nato-operasyonu\"]}]},{\"@type\":\"ImageObject\",\"inLanguage\":\"tr\",\"@id\":\"https:\/\/epochtimestr.com\/index.php\/yanlis-kisiye-nato-operasyonu#primaryimage\",\"url\":\"https:\/\/epochtimestr.com\/wp-content\/uploads\/2011y\/bedisa-eloglu.jpg\",\"contentUrl\":\"https:\/\/epochtimestr.com\/wp-content\/uploads\/2011y\/bedisa-eloglu.jpg\",\"width\":447,\"height\":447},{\"@type\":\"WebSite\",\"@id\":\"https:\/\/epochtimestr.com\/#website\",\"url\":\"https:\/\/epochtimestr.com\/\",\"name\":\"The Epoch Times TR\",\"description\":\"De\u011fi\u015fen D\u00fcnyam\u0131za Taze Bir Bak\u0131\u015f\",\"publisher\":{\"@id\":\"https:\/\/epochtimestr.com\/#organization\"},\"potentialAction\":[{\"@type\":\"SearchAction\",\"target\":{\"@type\":\"EntryPoint\",\"urlTemplate\":\"https:\/\/epochtimestr.com\/?s={search_term_string}\"},\"query-input\":\"required name=search_term_string\"}],\"inLanguage\":\"tr\"},{\"@type\":\"Organization\",\"@id\":\"https:\/\/epochtimestr.com\/#organization\",\"name\":\"The EpochTimes T\u00fcrkiye\",\"url\":\"https:\/\/epochtimestr.com\/\",\"logo\":{\"@type\":\"ImageObject\",\"inLanguage\":\"tr\",\"@id\":\"https:\/\/epochtimestr.com\/#\/schema\/logo\/image\/\",\"url\":\"https:\/\/epochtimestr.com\/wp-content\/uploads\/2011y\/ET-Logo-YG.jpg\",\"contentUrl\":\"https:\/\/epochtimestr.com\/wp-content\/uploads\/2011y\/ET-Logo-YG.jpg\",\"width\":346,\"height\":29,\"caption\":\"The EpochTimes T\u00fcrkiye\"},\"image\":{\"@id\":\"https:\/\/epochtimestr.com\/#\/schema\/logo\/image\/\"},\"sameAs\":[\"https:\/\/www.facebook.com\/theepochtimestr\",\"https:\/\/x.com\/TheEpochTimesTR\",\"https:\/\/www.instagram.com\/epochtimestr\"]},{\"@type\":\"Person\",\"@id\":\"https:\/\/epochtimestr.com\/#\/schema\/person\/3dc5c3adeb9f43923c5aa85889172fdd\",\"name\":\"Haber Merkezi\",\"image\":{\"@type\":\"ImageObject\",\"inLanguage\":\"tr\",\"@id\":\"https:\/\/epochtimestr.com\/#\/schema\/person\/image\/\",\"url\":\"https:\/\/secure.gravatar.com\/avatar\/d73f772ba5a74f28601361e17c2f93e6?s=96&d=mm&r=g\",\"contentUrl\":\"https:\/\/secure.gravatar.com\/avatar\/d73f772ba5a74f28601361e17c2f93e6?s=96&d=mm&r=g\",\"caption\":\"Haber Merkezi\"},\"url\":\"https:\/\/epochtimestr.com\/index.php\/author\/sendag\"}]}<\/script>\n<!-- \/ Yoast SEO plugin. -->","yoast_head_json":{"title":"Yanl\u0131\u015f Ki\u015fiye NATO Operasyonu - The Epoch Times TR","description":"Tiyatro e\u011fitmeni Bedisa Elo\u011flu, yaln\u0131zca \u00fc\u00e7 ayd\u0131r ya\u015fad\u0131\u011f\u0131 evde, 5 Temmuz Pazar sabah\u0131 polis ekiplerince yap\u0131lan bask\u0131na maruz kald\u0131.","robots":{"index":"index","follow":"follow","max-snippet":"max-snippet:-1","max-image-preview":"max-image-preview:large","max-video-preview":"max-video-preview:-1"},"canonical":"https:\/\/epochtimestr.com\/index.php\/yanlis-kisiye-nato-operasyonu","og_locale":"tr_TR","og_type":"article","og_title":"Yanl\u0131\u015f Ki\u015fiye NATO Operasyonu - The Epoch Times TR","og_description":"Tiyatro e\u011fitmeni Bedisa Elo\u011flu, yaln\u0131zca \u00fc\u00e7 ayd\u0131r ya\u015fad\u0131\u011f\u0131 evde, 5 Temmuz Pazar sabah\u0131 polis ekiplerince yap\u0131lan bask\u0131na maruz kald\u0131.","og_url":"https:\/\/epochtimestr.com\/index.php\/yanlis-kisiye-nato-operasyonu","og_site_name":"The Epoch Times TR","article_publisher":"https:\/\/www.facebook.com\/theepochtimestr","article_published_time":"2026-07-09T19:42:58+00:00","article_modified_time":"2026-07-09T19:42:59+00:00","og_image":[{"width":447,"height":447,"url":"https:\/\/epochtimestr.com\/wp-content\/uploads\/2011y\/bedisa-eloglu.jpg","type":"image\/jpeg"}],"author":"Haber Merkezi","twitter_card":"summary_large_image","twitter_creator":"@TheEpochTimesTR","twitter_site":"@TheEpochTimesTR","twitter_misc":{"Yazan:":"Haber Merkezi","Tahmini okuma s\u00fcresi":"2 dakika"},"schema":{"@context":"https:\/\/schema.org","@graph":[{"@type":"Article","@id":"https:\/\/epochtimestr.com\/index.php\/yanlis-kisiye-nato-operasyonu#article","isPartOf":{"@id":"https:\/\/epochtimestr.com\/index.php\/yanlis-kisiye-nato-operasyonu"},"author":{"name":"Haber Merkezi","@id":"https:\/\/epochtimestr.com\/#\/schema\/person\/3dc5c3adeb9f43923c5aa85889172fdd"},"headline":"Yanl\u0131\u015f Ki\u015fiye NATO Operasyonu","datePublished":"2026-07-09T19:42:58+00:00","dateModified":"2026-07-09T19:42:59+00:00","mainEntityOfPage":{"@id":"https:\/\/epochtimestr.com\/index.php\/yanlis-kisiye-nato-operasyonu"},"wordCount":224,"commentCount":0,"publisher":{"@id":"https:\/\/epochtimestr.com\/#organization"},"image":{"@id":"https:\/\/epochtimestr.com\/index.php\/yanlis-kisiye-nato-operasyonu#primaryimage"},"thumbnailUrl":"https:\/\/epochtimestr.com\/wp-content\/uploads\/2011y\/bedisa-eloglu.jpg","keywords":["bask\u0131n","Bedi sanat","NATO zirvesi","Operasyon"],"articleSection":["G\u00dcNDEM","Siyaset","T\u00dcRK\u0130YE"],"inLanguage":"tr","potentialAction":[{"@type":"CommentAction","name":"Comment","target":["https:\/\/epochtimestr.com\/index.php\/yanlis-kisiye-nato-operasyonu#respond"]}]},{"@type":"WebPage","@id":"https:\/\/epochtimestr.com\/index.php\/yanlis-kisiye-nato-operasyonu","url":"https:\/\/epochtimestr.com\/index.php\/yanlis-kisiye-nato-operasyonu","name":"Yanl\u0131\u015f Ki\u015fiye NATO Operasyonu - The Epoch Times TR","isPartOf":{"@id":"https:\/\/epochtimestr.com\/#website"},"primaryImageOfPage":{"@id":"https:\/\/epochtimestr.com\/index.php\/yanlis-kisiye-nato-operasyonu#primaryimage"},"image":{"@id":"https:\/\/epochtimestr.com\/index.php\/yanlis-kisiye-nato-operasyonu#primaryimage"},"thumbnailUrl":"https:\/\/epochtimestr.com\/wp-content\/uploads\/2011y\/bedisa-eloglu.jpg","datePublished":"2026-07-09T19:42:58+00:00","dateModified":"2026-07-09T19:42:59+00:00","description":"Tiyatro e\u011fitmeni Bedisa Elo\u011flu, yaln\u0131zca \u00fc\u00e7 ayd\u0131r ya\u015fad\u0131\u011f\u0131 evde, 5 Temmuz Pazar sabah\u0131 polis ekiplerince yap\u0131lan bask\u0131na maruz kald\u0131.","inLanguage":"tr","potentialAction":[{"@type":"ReadAction","target":["https:\/\/epochtimestr.com\/index.php\/yanlis-kisiye-nato-operasyonu"]}]},{"@type":"ImageObject","inLanguage":"tr","@id":"https:\/\/epochtimestr.com\/index.php\/yanlis-kisiye-nato-operasyonu#primaryimage","url":"https:\/\/epochtimestr.com\/wp-content\/uploads\/2011y\/bedisa-eloglu.jpg","contentUrl":"https:\/\/epochtimestr.com\/wp-content\/uploads\/2011y\/bedisa-eloglu.jpg","width":447,"height":447},{"@type":"WebSite","@id":"https:\/\/epochtimestr.com\/#website","url":"https:\/\/epochtimestr.com\/","name":"The Epoch Times TR","description":"De\u011fi\u015fen D\u00fcnyam\u0131za Taze Bir Bak\u0131\u015f","publisher":{"@id":"https:\/\/epochtimestr.com\/#organization"},"potentialAction":[{"@type":"SearchAction","target":{"@type":"EntryPoint","urlTemplate":"https:\/\/epochtimestr.com\/?s={search_term_string}"},"query-input":"required name=search_term_string"}],"inLanguage":"tr"},{"@type":"Organization","@id":"https:\/\/epochtimestr.com\/#organization","name":"The EpochTimes T\u00fcrkiye","url":"https:\/\/epochtimestr.com\/","logo":{"@type":"ImageObject","inLanguage":"tr","@id":"https:\/\/epochtimestr.com\/#\/schema\/logo\/image\/","url":"https:\/\/epochtimestr.com\/wp-content\/uploads\/2011y\/ET-Logo-YG.jpg","contentUrl":"https:\/\/epochtimestr.com\/wp-content\/uploads\/2011y\/ET-Logo-YG.jpg","width":346,"height":29,"caption":"The EpochTimes T\u00fcrkiye"},"image":{"@id":"https:\/\/epochtimestr.com\/#\/schema\/logo\/image\/"},"sameAs":["https:\/\/www.facebook.com\/theepochtimestr","https:\/\/x.com\/TheEpochTimesTR","https:\/\/www.instagram.com\/epochtimestr"]},{"@type":"Person","@id":"https:\/\/epochtimestr.com\/#\/schema\/person\/3dc5c3adeb9f43923c5aa85889172fdd","name":"Haber Merkezi","image":{"@type":"ImageObject","inLanguage":"tr","@id":"https:\/\/epochtimestr.com\/#\/schema\/person\/image\/","url":"https:\/\/secure.gravatar.com\/avatar\/d73f772ba5a74f28601361e17c2f93e6?s=96&d=mm&r=g","contentUrl":"https:\/\/secure.gravatar.com\/avatar\/d73f772ba5a74f28601361e17c2f93e6?s=96&d=mm&r=g","caption":"Haber Merkezi"},"url":"https:\/\/epochtimestr.com\/index.php\/author\/sendag"}]}},"_links":{"self":[{"href":"https:\/\/epochtimestr.com\/index.php\/wp-json\/wp\/v2\/posts\/168471"}],"collection":[{"href":"https:\/\/epochtimestr.com\/index.php\/wp-json\/wp\/v2\/posts"}],"about":[{"href":"https:\/\/epochtimestr.com\/index.php\/wp-json\/wp\/v2\/types\/post"}],"author":[{"embeddable":true,"href":"https:\/\/epochtimestr.com\/index.php\/wp-json\/wp\/v2\/users\/12791"}],"replies":[{"embeddable":true,"href":"https:\/\/epochtimestr.com\/index.php\/wp-json\/wp\/v2\/comments?post=168471"}],"version-history":[{"count":2,"href":"https:\/\/epochtimestr.com\/index.php\/wp-json\/wp\/v2\/posts\/168471\/revisions"}],"predecessor-version":[{"id":168479,"href":"https:\/\/epochtimestr.com\/index.php\/wp-json\/wp\/v2\/posts\/168471\/revisions\/168479"}],"wp:featuredmedia":[{"embeddable":true,"href":"https:\/\/epochtimestr.com\/index.php\/wp-json\/wp\/v2\/media\/168472"}],"wp:attachment":[{"href":"https:\/\/epochtimestr.com\/index.php\/wp-json\/wp\/v2\/media?parent=168471"}],"wp:term":[{"taxonomy":"category","embeddable":true,"href":"https:\/\/epochtimestr.com\/index.php\/wp-json\/wp\/v2\/categories?post=168471"},{"taxonomy":"post_tag","embeddable":true,"href":"https:\/\/epochtimestr.com\/index.php\/wp-json\/wp\/v2\/tags?post=168471"}],"curies":[{"name":"wp","href":"https:\/\/api.w.org\/{rel}","templated":true}]}}