{"id":168474,"date":"2026-07-09T22:56:01","date_gmt":"2026-07-09T19:56:01","guid":{"rendered":"https:\/\/epochtimestr.com\/?p=168474"},"modified":"2026-07-09T22:56:04","modified_gmt":"2026-07-09T19:56:04","slug":"erdogan-nato-liderlerine-gumusay-tabancasi-hediye-etti","status":"publish","type":"post","link":"https:\/\/epochtimestr.com\/index.php\/erdogan-nato-liderlerine-gumusay-tabancasi-hediye-etti","title":{"rendered":"Erdo\u011fan NATO Liderlerine &#8220;G\u00fcm\u00fc\u015fay&#8221; Tabancas\u0131 Hediye Etti"},"content":{"rendered":"<div class=\"wp-block-image\">\n<figure class=\"aligncenter size-full\"><img loading=\"lazy\" decoding=\"async\" width=\"1296\" height=\"876\" src=\"https:\/\/epochtimestr.com\/wp-content\/uploads\/2011y\/tc-cumhurbaskanligi-1.jpg\" alt=\"\" class=\"wp-image-168475\" srcset=\"https:\/\/epochtimestr.com\/wp-content\/uploads\/2011y\/tc-cumhurbaskanligi-1.jpg 1296w, https:\/\/epochtimestr.com\/wp-content\/uploads\/2011y\/tc-cumhurbaskanligi-1-300x203.jpg 300w, https:\/\/epochtimestr.com\/wp-content\/uploads\/2011y\/tc-cumhurbaskanligi-1-150x101.jpg 150w, https:\/\/epochtimestr.com\/wp-content\/uploads\/2011y\/tc-cumhurbaskanligi-1-768x519.jpg 768w\" sizes=\"(max-width: 1296px) 100vw, 1296px\" \/><figcaption class=\"wp-element-caption\">Erdo\u011fan&#8217;\u0131n NATO liderlerine hediye etti\u011fi silah &#8220;G\u00fcm\u00fc\u015fay&#8221; tabancas\u0131 oldu. (Foto\u011fraf: TC Cumhurba\u015fkanl\u0131\u011f\u0131 sitesi)<\/figcaption><\/figure><\/div>\n\n\n<h2 class=\"wp-block-heading\">Cumhurba\u015fkan\u0131 Recep Tayyip Erdo\u011fan, NATO zirvesi s\u0131ras\u0131nda liderlere \u00f6zel \u00fcretim &#8220;G\u00fcm\u00fc\u015fay&#8221; tabancas\u0131 hediye etti.<\/h2>\n\n\n\n<p>NATO zirvelerinde geleneksel olarak k\u00fclt\u00fcrel ve sembolik hediyeler tercih edilirken, Ankara&#8217;daki zirvede al\u0131\u015f\u0131lm\u0131\u015f\u0131n d\u0131\u015f\u0131na \u00e7\u0131k\u0131ld\u0131. Cumhurba\u015fkan\u0131 Recep Tayyip Erdo\u011fan&#8217;\u0131n, zirveye kat\u0131lan 32 devlet ve h\u00fck\u00fcmet ba\u015fkan\u0131na isimlerine \u00f6zel haz\u0131rlanan &#8220;G\u00fcm\u00fc\u015fay&#8221; tabancas\u0131 hediye etmesi, uluslararas\u0131 diplomasi \u00e7evrelerinde dikkat \u00e7ekti. Silah ve m\u00fchimmat\u0131n \u00fclkelerine sorunsuz \u015fekilde g\u00f6t\u00fcr\u00fclebilmesi i\u00e7in gerekli g\u00fcmr\u00fck belgelerinin de liderlere teslim edildi\u011fi belirtildi.<\/p>\n\n\n\n<p>Bel\u00e7ika Ba\u015fbakan\u0131 Bart De Wever ve heyeti, u\u00e7a\u011fa y\u00fcklenen paketin i\u00e7inde ger\u00e7ek bir silah oldu\u011funu ancak Br\u00fcksel\u2019e indiklerinde fark etti. Ambalaj ka\u011f\u0131tlar\u0131 havaliman\u0131nda s\u00f6k\u00fcld\u00fc\u011f\u00fcnde, haberlerin tamamen do\u011fru oldu\u011fu anla\u015f\u0131ld\u0131.<\/p>\n\n\n\n<p>\u0130ngiltere Ba\u015fbakan\u0131 Keir Starmer ve Almanya h\u00fck\u00fcmet s\u00f6zc\u00fcs\u00fc \u015eans\u00f6lye Friedrich Merz&#8217;e hediye edilen silahlar\u0131n \u00fclkelerine g\u00f6t\u00fcr\u00fclmeyip T\u00fcrkiye&#8217;deki b\u00fcy\u00fckel\u00e7iliklere teslim edildi\u011fi \u00f6\u011frenildi. The Guardian&#8217;da yer alan habere g\u00f6re \u0130ngiltere Ba\u015fbakan\u0131 Keir Starmer, hediye tabancay\u0131 Ankara&#8217;da b\u0131rakmak zorunda kald\u0131. Haz\u0131rlanan muafiyet belgesine kar\u015f\u0131n g\u00fcmr\u00fckten ge\u00e7irmenin yasalara ayk\u0131r\u0131 olaca\u011f\u0131 gerek\u00e7esiyle tabanca ve mermiler imha edilmek \u00fczere \u0130ngiliz b\u00fcy\u00fckel\u00e7ili\u011finde kald\u0131.<\/p>\n\n\n\n<p>Global Affairs Canada ise, Kanada\u2019ya verilen silah\u0131n ger\u00e7ek mermi atamaz hale getirilmesi i\u00e7in imha amac\u0131yla Kanada Kraliyet Atl\u0131 Polisi\u2019ne (RCMP) teslim edildi\u011fini bildirdi.<\/p>\n\n\n\n<figure class=\"wp-block-embed is-type-rich is-provider-x wp-block-embed-x\"><div class=\"wp-block-embed__wrapper\">\n<blockquote class=\"twitter-tweet\" data-width=\"550\" data-dnt=\"true\"><p lang=\"en\" dir=\"ltr\">An unusual gift from President <a href=\"https:\/\/x.com\/RTErdogan?ref_src=twsrc%5Etfw\">@RTErdogan<\/a> at the NATO Summit: a Magnum revolver with ammunition, engraved with my name\u2026 <a href=\"https:\/\/t.co\/Bni4asgPDl\">pic.twitter.com\/Bni4asgPDl<\/a><\/p>&mdash; Magyar P\u00e9ter (Ne f\u00e9ljetek) (@magyarpeterMP) <a href=\"https:\/\/x.com\/magyarpeterMP\/status\/2075232326993232123?ref_src=twsrc%5Etfw\">July 9, 2026<\/a><\/blockquote><script async src=\"https:\/\/platform.x.com\/widgets.js\" charset=\"utf-8\"><\/script>\n<\/div><\/figure>\n","protected":false},"excerpt":{"rendered":"<p>Cumhurba\u015fkan\u0131 Recep Tayyip Erdo\u011fan, NATO zirvesi s\u0131ras\u0131nda liderlere \u00f6zel \u00fcretim &#8220;G\u00fcm\u00fc\u015fay&#8221; tabancas\u0131 hediye etti. NATO zirvelerinde geleneksel olarak k\u00fclt\u00fcrel ve sembolik hediyeler tercih edilirken, Ankara&#8217;daki zirvede al\u0131\u015f\u0131lm\u0131\u015f\u0131n d\u0131\u015f\u0131na \u00e7\u0131k\u0131ld\u0131. Cumhurba\u015fkan\u0131 Recep Tayyip Erdo\u011fan&#8217;\u0131n, zirveye kat\u0131lan 32 devlet ve h\u00fck\u00fcmet ba\u015fkan\u0131na isimlerine \u00f6zel haz\u0131rlanan &#8220;G\u00fcm\u00fc\u015fay&#8221; tabancas\u0131 hediye etmesi, uluslararas\u0131 diplomasi \u00e7evrelerinde dikkat \u00e7ekti. Silah ve m\u00fchimmat\u0131n [&hellip;]<\/p>\n","protected":false},"author":12791,"featured_media":168475,"comment_status":"open","ping_status":"open","sticky":false,"template":"","format":"standard","meta":{"_yoast_wpseo_focuskw":"NATO - G\u00fcm\u00fc\u015fay","_yoast_wpseo_title":"","_yoast_wpseo_metadesc":"Cumhurba\u015fkan\u0131 Recep Tayyip Erdo\u011fan, NATO zirvesi s\u0131ras\u0131nda liderlere \u00f6zel \u00fcretim \"G\u00fcm\u00fc\u015fay\" tabancas\u0131 hediye etti.","_bbp_topic_count":0,"_bbp_reply_count":0,"_bbp_total_topic_count":0,"_bbp_total_reply_count":0,"_bbp_voice_count":0,"_bbp_anonymous_reply_count":0,"_bbp_topic_count_hidden":0,"_bbp_reply_count_hidden":0,"_bbp_forum_subforum_count":0,"footnotes":"","_yoast_wpseo_focuskw_text_input":""},"categories":[1,8138,8226,37],"tags":[895,7108,8873,936],"yoast_head":"<!-- This site is optimized with the Yoast SEO plugin v23.0 - https:\/\/yoast.com\/wordpress\/plugins\/seo\/ -->\n<title>Erdo\u011fan NATO Liderlerine &quot;G\u00fcm\u00fc\u015fay&quot; Tabancas\u0131 Hediye Etti - The Epoch Times TR<\/title>\n<meta name=\"description\" content=\"Cumhurba\u015fkan\u0131 Recep Tayyip Erdo\u011fan, NATO zirvesi s\u0131ras\u0131nda liderlere \u00f6zel \u00fcretim &quot;G\u00fcm\u00fc\u015fay&quot; tabancas\u0131 hediye etti.\" \/>\n<meta name=\"robots\" content=\"index, follow, max-snippet:-1, max-image-preview:large, max-video-preview:-1\" \/>\n<link rel=\"canonical\" href=\"https:\/\/epochtimestr.com\/index.php\/erdogan-nato-liderlerine-gumusay-tabancasi-hediye-etti\" \/>\n<meta property=\"og:locale\" content=\"tr_TR\" \/>\n<meta property=\"og:type\" content=\"article\" \/>\n<meta property=\"og:title\" content=\"Erdo\u011fan NATO Liderlerine &quot;G\u00fcm\u00fc\u015fay&quot; Tabancas\u0131 Hediye Etti - The Epoch Times TR\" \/>\n<meta property=\"og:description\" content=\"Cumhurba\u015fkan\u0131 Recep Tayyip Erdo\u011fan, NATO zirvesi s\u0131ras\u0131nda liderlere \u00f6zel \u00fcretim &quot;G\u00fcm\u00fc\u015fay&quot; tabancas\u0131 hediye etti.\" \/>\n<meta property=\"og:url\" content=\"https:\/\/epochtimestr.com\/index.php\/erdogan-nato-liderlerine-gumusay-tabancasi-hediye-etti\" \/>\n<meta property=\"og:site_name\" content=\"The Epoch Times TR\" \/>\n<meta property=\"article:publisher\" content=\"https:\/\/www.facebook.com\/theepochtimestr\" \/>\n<meta property=\"article:published_time\" content=\"2026-07-09T19:56:01+00:00\" \/>\n<meta property=\"article:modified_time\" content=\"2026-07-09T19:56:04+00:00\" \/>\n<meta property=\"og:image\" content=\"https:\/\/epochtimestr.com\/wp-content\/uploads\/2011y\/tc-cumhurbaskanligi-1.jpg\" \/>\n\t<meta property=\"og:image:width\" content=\"1296\" \/>\n\t<meta property=\"og:image:height\" content=\"876\" \/>\n\t<meta property=\"og:image:type\" content=\"image\/jpeg\" \/>\n<meta name=\"author\" content=\"Haber Merkezi\" \/>\n<meta name=\"twitter:card\" content=\"summary_large_image\" \/>\n<meta name=\"twitter:creator\" content=\"@TheEpochTimesTR\" \/>\n<meta name=\"twitter:site\" content=\"@TheEpochTimesTR\" \/>\n<meta name=\"twitter:label1\" content=\"Yazan:\" \/>\n\t<meta name=\"twitter:data1\" content=\"Haber Merkezi\" \/>\n\t<meta name=\"twitter:label2\" content=\"Tahmini okuma s\u00fcresi\" \/>\n\t<meta name=\"twitter:data2\" content=\"2 dakika\" \/>\n<script type=\"application\/ld+json\" class=\"yoast-schema-graph\">{\"@context\":\"https:\/\/schema.org\",\"@graph\":[{\"@type\":\"Article\",\"@id\":\"https:\/\/epochtimestr.com\/index.php\/erdogan-nato-liderlerine-gumusay-tabancasi-hediye-etti#article\",\"isPartOf\":{\"@id\":\"https:\/\/epochtimestr.com\/index.php\/erdogan-nato-liderlerine-gumusay-tabancasi-hediye-etti\"},\"author\":{\"name\":\"Haber Merkezi\",\"@id\":\"https:\/\/epochtimestr.com\/#\/schema\/person\/3dc5c3adeb9f43923c5aa85889172fdd\"},\"headline\":\"Erdo\u011fan NATO Liderlerine &#8220;G\u00fcm\u00fc\u015fay&#8221; Tabancas\u0131 Hediye Etti\",\"datePublished\":\"2026-07-09T19:56:01+00:00\",\"dateModified\":\"2026-07-09T19:56:04+00:00\",\"mainEntityOfPage\":{\"@id\":\"https:\/\/epochtimestr.com\/index.php\/erdogan-nato-liderlerine-gumusay-tabancasi-hediye-etti\"},\"wordCount\":296,\"commentCount\":0,\"publisher\":{\"@id\":\"https:\/\/epochtimestr.com\/#organization\"},\"image\":{\"@id\":\"https:\/\/epochtimestr.com\/index.php\/erdogan-nato-liderlerine-gumusay-tabancasi-hediye-etti#primaryimage\"},\"thumbnailUrl\":\"https:\/\/epochtimestr.com\/wp-content\/uploads\/2011y\/tc-cumhurbaskanligi-1.jpg\",\"keywords\":[\"erdo\u011fan\",\"hediye\",\"NATO zirvesi\",\"Silah\"],\"articleSection\":[\"G\u00dcNDEM\",\"MAN\u015eET\",\"Siyaset\",\"T\u00dcRK\u0130YE\"],\"inLanguage\":\"tr\",\"potentialAction\":[{\"@type\":\"CommentAction\",\"name\":\"Comment\",\"target\":[\"https:\/\/epochtimestr.com\/index.php\/erdogan-nato-liderlerine-gumusay-tabancasi-hediye-etti#respond\"]}]},{\"@type\":\"WebPage\",\"@id\":\"https:\/\/epochtimestr.com\/index.php\/erdogan-nato-liderlerine-gumusay-tabancasi-hediye-etti\",\"url\":\"https:\/\/epochtimestr.com\/index.php\/erdogan-nato-liderlerine-gumusay-tabancasi-hediye-etti\",\"name\":\"Erdo\u011fan NATO Liderlerine \\\"G\u00fcm\u00fc\u015fay\\\" Tabancas\u0131 Hediye Etti - The Epoch Times TR\",\"isPartOf\":{\"@id\":\"https:\/\/epochtimestr.com\/#website\"},\"primaryImageOfPage\":{\"@id\":\"https:\/\/epochtimestr.com\/index.php\/erdogan-nato-liderlerine-gumusay-tabancasi-hediye-etti#primaryimage\"},\"image\":{\"@id\":\"https:\/\/epochtimestr.com\/index.php\/erdogan-nato-liderlerine-gumusay-tabancasi-hediye-etti#primaryimage\"},\"thumbnailUrl\":\"https:\/\/epochtimestr.com\/wp-content\/uploads\/2011y\/tc-cumhurbaskanligi-1.jpg\",\"datePublished\":\"2026-07-09T19:56:01+00:00\",\"dateModified\":\"2026-07-09T19:56:04+00:00\",\"description\":\"Cumhurba\u015fkan\u0131 Recep Tayyip Erdo\u011fan, NATO zirvesi s\u0131ras\u0131nda liderlere \u00f6zel \u00fcretim \\\"G\u00fcm\u00fc\u015fay\\\" tabancas\u0131 hediye etti.\",\"inLanguage\":\"tr\",\"potentialAction\":[{\"@type\":\"ReadAction\",\"target\":[\"https:\/\/epochtimestr.com\/index.php\/erdogan-nato-liderlerine-gumusay-tabancasi-hediye-etti\"]}]},{\"@type\":\"ImageObject\",\"inLanguage\":\"tr\",\"@id\":\"https:\/\/epochtimestr.com\/index.php\/erdogan-nato-liderlerine-gumusay-tabancasi-hediye-etti#primaryimage\",\"url\":\"https:\/\/epochtimestr.com\/wp-content\/uploads\/2011y\/tc-cumhurbaskanligi-1.jpg\",\"contentUrl\":\"https:\/\/epochtimestr.com\/wp-content\/uploads\/2011y\/tc-cumhurbaskanligi-1.jpg\",\"width\":1296,\"height\":876},{\"@type\":\"WebSite\",\"@id\":\"https:\/\/epochtimestr.com\/#website\",\"url\":\"https:\/\/epochtimestr.com\/\",\"name\":\"The Epoch Times TR\",\"description\":\"De\u011fi\u015fen D\u00fcnyam\u0131za Taze Bir Bak\u0131\u015f\",\"publisher\":{\"@id\":\"https:\/\/epochtimestr.com\/#organization\"},\"potentialAction\":[{\"@type\":\"SearchAction\",\"target\":{\"@type\":\"EntryPoint\",\"urlTemplate\":\"https:\/\/epochtimestr.com\/?s={search_term_string}\"},\"query-input\":\"required name=search_term_string\"}],\"inLanguage\":\"tr\"},{\"@type\":\"Organization\",\"@id\":\"https:\/\/epochtimestr.com\/#organization\",\"name\":\"The EpochTimes T\u00fcrkiye\",\"url\":\"https:\/\/epochtimestr.com\/\",\"logo\":{\"@type\":\"ImageObject\",\"inLanguage\":\"tr\",\"@id\":\"https:\/\/epochtimestr.com\/#\/schema\/logo\/image\/\",\"url\":\"https:\/\/epochtimestr.com\/wp-content\/uploads\/2011y\/ET-Logo-YG.jpg\",\"contentUrl\":\"https:\/\/epochtimestr.com\/wp-content\/uploads\/2011y\/ET-Logo-YG.jpg\",\"width\":346,\"height\":29,\"caption\":\"The EpochTimes T\u00fcrkiye\"},\"image\":{\"@id\":\"https:\/\/epochtimestr.com\/#\/schema\/logo\/image\/\"},\"sameAs\":[\"https:\/\/www.facebook.com\/theepochtimestr\",\"https:\/\/x.com\/TheEpochTimesTR\",\"https:\/\/www.instagram.com\/epochtimestr\"]},{\"@type\":\"Person\",\"@id\":\"https:\/\/epochtimestr.com\/#\/schema\/person\/3dc5c3adeb9f43923c5aa85889172fdd\",\"name\":\"Haber Merkezi\",\"image\":{\"@type\":\"ImageObject\",\"inLanguage\":\"tr\",\"@id\":\"https:\/\/epochtimestr.com\/#\/schema\/person\/image\/\",\"url\":\"https:\/\/secure.gravatar.com\/avatar\/d73f772ba5a74f28601361e17c2f93e6?s=96&d=mm&r=g\",\"contentUrl\":\"https:\/\/secure.gravatar.com\/avatar\/d73f772ba5a74f28601361e17c2f93e6?s=96&d=mm&r=g\",\"caption\":\"Haber Merkezi\"},\"url\":\"https:\/\/epochtimestr.com\/index.php\/author\/sendag\"}]}<\/script>\n<!-- \/ Yoast SEO plugin. -->","yoast_head_json":{"title":"Erdo\u011fan NATO Liderlerine \"G\u00fcm\u00fc\u015fay\" Tabancas\u0131 Hediye Etti - The Epoch Times TR","description":"Cumhurba\u015fkan\u0131 Recep Tayyip Erdo\u011fan, NATO zirvesi s\u0131ras\u0131nda liderlere \u00f6zel \u00fcretim \"G\u00fcm\u00fc\u015fay\" tabancas\u0131 hediye etti.","robots":{"index":"index","follow":"follow","max-snippet":"max-snippet:-1","max-image-preview":"max-image-preview:large","max-video-preview":"max-video-preview:-1"},"canonical":"https:\/\/epochtimestr.com\/index.php\/erdogan-nato-liderlerine-gumusay-tabancasi-hediye-etti","og_locale":"tr_TR","og_type":"article","og_title":"Erdo\u011fan NATO Liderlerine \"G\u00fcm\u00fc\u015fay\" Tabancas\u0131 Hediye Etti - The Epoch Times TR","og_description":"Cumhurba\u015fkan\u0131 Recep Tayyip Erdo\u011fan, NATO zirvesi s\u0131ras\u0131nda liderlere \u00f6zel \u00fcretim \"G\u00fcm\u00fc\u015fay\" tabancas\u0131 hediye etti.","og_url":"https:\/\/epochtimestr.com\/index.php\/erdogan-nato-liderlerine-gumusay-tabancasi-hediye-etti","og_site_name":"The Epoch Times TR","article_publisher":"https:\/\/www.facebook.com\/theepochtimestr","article_published_time":"2026-07-09T19:56:01+00:00","article_modified_time":"2026-07-09T19:56:04+00:00","og_image":[{"width":1296,"height":876,"url":"https:\/\/epochtimestr.com\/wp-content\/uploads\/2011y\/tc-cumhurbaskanligi-1.jpg","type":"image\/jpeg"}],"author":"Haber Merkezi","twitter_card":"summary_large_image","twitter_creator":"@TheEpochTimesTR","twitter_site":"@TheEpochTimesTR","twitter_misc":{"Yazan:":"Haber Merkezi","Tahmini okuma s\u00fcresi":"2 dakika"},"schema":{"@context":"https:\/\/schema.org","@graph":[{"@type":"Article","@id":"https:\/\/epochtimestr.com\/index.php\/erdogan-nato-liderlerine-gumusay-tabancasi-hediye-etti#article","isPartOf":{"@id":"https:\/\/epochtimestr.com\/index.php\/erdogan-nato-liderlerine-gumusay-tabancasi-hediye-etti"},"author":{"name":"Haber Merkezi","@id":"https:\/\/epochtimestr.com\/#\/schema\/person\/3dc5c3adeb9f43923c5aa85889172fdd"},"headline":"Erdo\u011fan NATO Liderlerine &#8220;G\u00fcm\u00fc\u015fay&#8221; Tabancas\u0131 Hediye Etti","datePublished":"2026-07-09T19:56:01+00:00","dateModified":"2026-07-09T19:56:04+00:00","mainEntityOfPage":{"@id":"https:\/\/epochtimestr.com\/index.php\/erdogan-nato-liderlerine-gumusay-tabancasi-hediye-etti"},"wordCount":296,"commentCount":0,"publisher":{"@id":"https:\/\/epochtimestr.com\/#organization"},"image":{"@id":"https:\/\/epochtimestr.com\/index.php\/erdogan-nato-liderlerine-gumusay-tabancasi-hediye-etti#primaryimage"},"thumbnailUrl":"https:\/\/epochtimestr.com\/wp-content\/uploads\/2011y\/tc-cumhurbaskanligi-1.jpg","keywords":["erdo\u011fan","hediye","NATO zirvesi","Silah"],"articleSection":["G\u00dcNDEM","MAN\u015eET","Siyaset","T\u00dcRK\u0130YE"],"inLanguage":"tr","potentialAction":[{"@type":"CommentAction","name":"Comment","target":["https:\/\/epochtimestr.com\/index.php\/erdogan-nato-liderlerine-gumusay-tabancasi-hediye-etti#respond"]}]},{"@type":"WebPage","@id":"https:\/\/epochtimestr.com\/index.php\/erdogan-nato-liderlerine-gumusay-tabancasi-hediye-etti","url":"https:\/\/epochtimestr.com\/index.php\/erdogan-nato-liderlerine-gumusay-tabancasi-hediye-etti","name":"Erdo\u011fan NATO Liderlerine \"G\u00fcm\u00fc\u015fay\" Tabancas\u0131 Hediye Etti - The Epoch Times TR","isPartOf":{"@id":"https:\/\/epochtimestr.com\/#website"},"primaryImageOfPage":{"@id":"https:\/\/epochtimestr.com\/index.php\/erdogan-nato-liderlerine-gumusay-tabancasi-hediye-etti#primaryimage"},"image":{"@id":"https:\/\/epochtimestr.com\/index.php\/erdogan-nato-liderlerine-gumusay-tabancasi-hediye-etti#primaryimage"},"thumbnailUrl":"https:\/\/epochtimestr.com\/wp-content\/uploads\/2011y\/tc-cumhurbaskanligi-1.jpg","datePublished":"2026-07-09T19:56:01+00:00","dateModified":"2026-07-09T19:56:04+00:00","description":"Cumhurba\u015fkan\u0131 Recep Tayyip Erdo\u011fan, NATO zirvesi s\u0131ras\u0131nda liderlere \u00f6zel \u00fcretim \"G\u00fcm\u00fc\u015fay\" tabancas\u0131 hediye etti.","inLanguage":"tr","potentialAction":[{"@type":"ReadAction","target":["https:\/\/epochtimestr.com\/index.php\/erdogan-nato-liderlerine-gumusay-tabancasi-hediye-etti"]}]},{"@type":"ImageObject","inLanguage":"tr","@id":"https:\/\/epochtimestr.com\/index.php\/erdogan-nato-liderlerine-gumusay-tabancasi-hediye-etti#primaryimage","url":"https:\/\/epochtimestr.com\/wp-content\/uploads\/2011y\/tc-cumhurbaskanligi-1.jpg","contentUrl":"https:\/\/epochtimestr.com\/wp-content\/uploads\/2011y\/tc-cumhurbaskanligi-1.jpg","width":1296,"height":876},{"@type":"WebSite","@id":"https:\/\/epochtimestr.com\/#website","url":"https:\/\/epochtimestr.com\/","name":"The Epoch Times TR","description":"De\u011fi\u015fen D\u00fcnyam\u0131za Taze Bir Bak\u0131\u015f","publisher":{"@id":"https:\/\/epochtimestr.com\/#organization"},"potentialAction":[{"@type":"SearchAction","target":{"@type":"EntryPoint","urlTemplate":"https:\/\/epochtimestr.com\/?s={search_term_string}"},"query-input":"required name=search_term_string"}],"inLanguage":"tr"},{"@type":"Organization","@id":"https:\/\/epochtimestr.com\/#organization","name":"The EpochTimes T\u00fcrkiye","url":"https:\/\/epochtimestr.com\/","logo":{"@type":"ImageObject","inLanguage":"tr","@id":"https:\/\/epochtimestr.com\/#\/schema\/logo\/image\/","url":"https:\/\/epochtimestr.com\/wp-content\/uploads\/2011y\/ET-Logo-YG.jpg","contentUrl":"https:\/\/epochtimestr.com\/wp-content\/uploads\/2011y\/ET-Logo-YG.jpg","width":346,"height":29,"caption":"The EpochTimes T\u00fcrkiye"},"image":{"@id":"https:\/\/epochtimestr.com\/#\/schema\/logo\/image\/"},"sameAs":["https:\/\/www.facebook.com\/theepochtimestr","https:\/\/x.com\/TheEpochTimesTR","https:\/\/www.instagram.com\/epochtimestr"]},{"@type":"Person","@id":"https:\/\/epochtimestr.com\/#\/schema\/person\/3dc5c3adeb9f43923c5aa85889172fdd","name":"Haber Merkezi","image":{"@type":"ImageObject","inLanguage":"tr","@id":"https:\/\/epochtimestr.com\/#\/schema\/person\/image\/","url":"https:\/\/secure.gravatar.com\/avatar\/d73f772ba5a74f28601361e17c2f93e6?s=96&d=mm&r=g","contentUrl":"https:\/\/secure.gravatar.com\/avatar\/d73f772ba5a74f28601361e17c2f93e6?s=96&d=mm&r=g","caption":"Haber Merkezi"},"url":"https:\/\/epochtimestr.com\/index.php\/author\/sendag"}]}},"_links":{"self":[{"href":"https:\/\/epochtimestr.com\/index.php\/wp-json\/wp\/v2\/posts\/168474"}],"collection":[{"href":"https:\/\/epochtimestr.com\/index.php\/wp-json\/wp\/v2\/posts"}],"about":[{"href":"https:\/\/epochtimestr.com\/index.php\/wp-json\/wp\/v2\/types\/post"}],"author":[{"embeddable":true,"href":"https:\/\/epochtimestr.com\/index.php\/wp-json\/wp\/v2\/users\/12791"}],"replies":[{"embeddable":true,"href":"https:\/\/epochtimestr.com\/index.php\/wp-json\/wp\/v2\/comments?post=168474"}],"version-history":[{"count":3,"href":"https:\/\/epochtimestr.com\/index.php\/wp-json\/wp\/v2\/posts\/168474\/revisions"}],"predecessor-version":[{"id":168483,"href":"https:\/\/epochtimestr.com\/index.php\/wp-json\/wp\/v2\/posts\/168474\/revisions\/168483"}],"wp:featuredmedia":[{"embeddable":true,"href":"https:\/\/epochtimestr.com\/index.php\/wp-json\/wp\/v2\/media\/168475"}],"wp:attachment":[{"href":"https:\/\/epochtimestr.com\/index.php\/wp-json\/wp\/v2\/media?parent=168474"}],"wp:term":[{"taxonomy":"category","embeddable":true,"href":"https:\/\/epochtimestr.com\/index.php\/wp-json\/wp\/v2\/categories?post=168474"},{"taxonomy":"post_tag","embeddable":true,"href":"https:\/\/epochtimestr.com\/index.php\/wp-json\/wp\/v2\/tags?post=168474"}],"curies":[{"name":"wp","href":"https:\/\/api.w.org\/{rel}","templated":true}]}}