{"id":168487,"date":"2026-07-10T09:24:46","date_gmt":"2026-07-10T06:24:46","guid":{"rendered":"https:\/\/epochtimestr.com\/?p=168487"},"modified":"2026-07-10T09:24:49","modified_gmt":"2026-07-10T06:24:49","slug":"dunyaca-unlu-sarkici-bonnie-tyler-yasamini-yitirdi","status":"publish","type":"post","link":"https:\/\/epochtimestr.com\/index.php\/dunyaca-unlu-sarkici-bonnie-tyler-yasamini-yitirdi","title":{"rendered":"D\u00fcnyaca \u00dcnl\u00fc \u015eark\u0131c\u0131 Bonnie Tyler Ya\u015fam\u0131n\u0131 Yitirdi"},"content":{"rendered":"<div class=\"wp-block-image\">\n<figure class=\"aligncenter size-full\"><img loading=\"lazy\" decoding=\"async\" width=\"1000\" height=\"667\" src=\"https:\/\/epochtimestr.com\/wp-content\/uploads\/2011y\/bonnie-trler.webp\" alt=\"\" class=\"wp-image-168488\" srcset=\"https:\/\/epochtimestr.com\/wp-content\/uploads\/2011y\/bonnie-trler.webp 1000w, https:\/\/epochtimestr.com\/wp-content\/uploads\/2011y\/bonnie-trler-300x200.webp 300w, https:\/\/epochtimestr.com\/wp-content\/uploads\/2011y\/bonnie-trler-150x100.webp 150w, https:\/\/epochtimestr.com\/wp-content\/uploads\/2011y\/bonnie-trler-768x512.webp 768w\" sizes=\"(max-width: 1000px) 100vw, 1000px\" \/><figcaption class=\"wp-element-caption\">D\u00fcnyaca \u00fcnl\u00fc \u015fark\u0131c\u0131 Bonnie Tyler ya\u015fam\u0131n\u0131 yitirdi (Foto\u011fraf: Bonnietyler.com)<\/figcaption><\/figure><\/div>\n\n\n<h2 class=\"wp-block-heading\">&#8220;Total Eclipse of the Heart&#8221; \u015fark\u0131s\u0131yla \u00fcnl\u00fc \u015fark\u0131c\u0131 Bonnie Tyler, Portekiz&#8217;de 75 ya\u015f\u0131nda hayat\u0131n\u0131 kaybetti.<\/h2>\n\n\n\n<p>Gallerli \u015fark\u0131c\u0131 Bonnie Tyler, Portekiz&#8217;de haftalard\u0131r tedavi g\u00f6rd\u00fc\u011f\u00fc hayat\u0131n\u0131 kaybetti. Tyler&#8217;in facebook sayfas\u0131nda yer alan mesajda \u015fu ifadeler yer al\u0131yor: &#8220;Bonnie&#8217;nin ailesi ve ekibi, Bonnie&#8217;nin d\u00fcn gece Portekiz&#8217;deki bir hastanede tedavi g\u00f6rd\u00fc\u011f\u00fc hastal\u0131\u011f\u0131n sonucu olarak beklenmedik bir \u015fekilde vefat etti\u011fini \u00fcz\u00fcnt\u00fcyle duyuruyor.&#8221;<\/p>\n\n\n\n<p>May\u0131s ay\u0131nda Tyler, ya\u015fad\u0131\u011f\u0131 Portekiz&#8217;in Faro kenti yak\u0131nlar\u0131ndaki bir hastanede acil ba\u011f\u0131rsak ameliyat\u0131 ge\u00e7irmi\u015fti. \u0130yile\u015fmesine yard\u0131mc\u0131 olmak amac\u0131yla daha sonra yapay komaya sokuldu. Ard\u0131ndan komadan \u00e7\u0131kar\u0131ld\u0131 ancak bir temsilci, durumunun &#8220;\u00e7ok k\u00f6t\u00fc oldu\u011funu ve yo\u011fun bak\u0131mda&#8221; kald\u0131\u011f\u0131n\u0131 s\u00f6yledi.<\/p>\n\n\n\n<p>Sesi bo\u011fuk olan <a href=\"https:\/\/tr.wikipedia.org\/wiki\/Bonnie_Tyler\" target=\"_blank\" rel=\"noreferrer noopener\">Gallerli \u015fark\u0131c\u0131<\/a> Tyler, 1970&#8217;ler ve 1980&#8217;lerde &#8220;Holding Out for a Hero&#8221; ve &#8220;It&#8217;s a Heartache&#8221; gibi g\u00fc\u00e7l\u00fc baladlar\u0131yla d\u00fcnya \u00e7ap\u0131nda pop\u00fclerlik kazand\u0131.<\/p>\n\n\n<div class=\"wp-block-image\">\n<figure class=\"aligncenter size-full is-resized\"><img loading=\"lazy\" decoding=\"async\" width=\"275\" height=\"465\" src=\"https:\/\/epochtimestr.com\/wp-content\/uploads\/2011y\/image-410.png\" alt=\"\" class=\"wp-image-168498\" style=\"width:275px;height:auto\" srcset=\"https:\/\/epochtimestr.com\/wp-content\/uploads\/2011y\/image-410.png 275w, https:\/\/epochtimestr.com\/wp-content\/uploads\/2011y\/image-410-177x300.png 177w, https:\/\/epochtimestr.com\/wp-content\/uploads\/2011y\/image-410-89x150.png 89w\" sizes=\"(max-width: 275px) 100vw, 275px\" \/><figcaption class=\"wp-element-caption\">Bonnie Tyler 1977 (Foto\u011fraf: <a href=\"https:\/\/commons.wikimedia.org\/wiki\/File:Bonnie_Tyler_(1977).png\" target=\"_blank\" rel=\"noreferrer noopener\">Wikimedia<\/a>)<\/figcaption><\/figure><\/div>\n\n\n<h3 class=\"wp-block-heading\">Bonnie Tyler Kimdir?<\/h3>\n\n\n\n<p>Gallerli bir k\u00f6m\u00fcr madencisinin k\u0131z\u0131 olan Tyler, 1951&#8217;de Gaynor Hopkins ad\u0131yla do\u011fdu. Galler&#8217;in Swansea \u015fehrinin yakla\u015f\u0131k 7 mil d\u0131\u015f\u0131nda, Skewen&#8217;de, tuvaleti d\u0131\u015far\u0131da olan bir evde b\u00fcy\u00fcd\u00fc. Alt\u0131 \u00e7ocuktan biri olan Tyler, Tina Turner ve Janis Joplin&#8217;e hayranl\u0131k duyarak ve ailesinin gitti\u011fi Anglikan kilisesinde ilahiler s\u00f6yleyerek b\u00fcy\u00fcd\u00fc. Kendine \u00f6zg\u00fc sert sesi nedeniyle &#8220;kad\u0131n Rod Stewart&#8221; olarak adland\u0131r\u0131lan Tyler, g\u00fcnd\u00fczleri bir bakkalda \u00e7al\u0131\u015f\u0131rken gece kul\u00fcplerinde pop \u015fark\u0131lar\u0131n\u0131n cover&#8217;lar\u0131n\u0131 s\u00f6yleyerek m\u00fczik kariyerine ba\u015flad\u0131. 1975&#8217;te RCA Records ile s\u00f6zle\u015fme imzalad\u0131 ve Bonnie Tyler sahne ad\u0131n\u0131 ald\u0131.<br \/>Swansea&#8217;deki bir kul\u00fcpte sahne ald\u0131\u011f\u0131 s\u0131rada yetenek avc\u0131s\u0131 Roger Bell taraf\u0131ndan ke\u015ffedilen sanat\u00e7\u0131, profesyonel m\u00fczik d\u00fcnyas\u0131na ad\u0131m att\u0131.<\/p>\n\n\n\n<p>1980&#8217;lerde, en b\u00fcy\u00fck hitleri olan &#8220;Total Eclipse of the Heart&#8221; ve &#8220;Holding Out for a Hero&#8221; \u015fark\u0131lar\u0131n\u0131 yazan yap\u0131mc\u0131 Jim Steinman ile bir araya gelmesiyle y\u00fckseli\u015fe ge\u00e7ti. Tyler \u00fc\u00e7 Grammy adayl\u0131\u011f\u0131 kazand\u0131, 2013 Eurovision \u015eark\u0131 Yar\u0131\u015fmas\u0131&#8217;nda Britanya&#8217;y\u0131 temsil etti ve 2023&#8217;te Krali\u00e7e II. Elizabeth taraf\u0131ndan m\u00fczi\u011fe yapt\u0131\u011f\u0131 hizmetlerden dolay\u0131 onur madalyas\u0131yla \u00f6d\u00fcllendirildi. Tyler, e\u015fi Robert Sullivan ile Portekiz&#8217;in g\u00fcneyindeki Faro \u015fehrinde ya\u015f\u0131yordu. \u00c7ift 1973&#8217;te evlenmi\u015fti ancak \u00e7ocuklar\u0131 yoktu.<\/p>\n","protected":false},"excerpt":{"rendered":"<p>&#8220;Total Eclipse of the Heart&#8221; \u015fark\u0131s\u0131yla \u00fcnl\u00fc \u015fark\u0131c\u0131 Bonnie Tyler, Portekiz&#8217;de 75 ya\u015f\u0131nda hayat\u0131n\u0131 kaybetti. Gallerli \u015fark\u0131c\u0131 Bonnie Tyler, Portekiz&#8217;de haftalard\u0131r tedavi g\u00f6rd\u00fc\u011f\u00fc hayat\u0131n\u0131 kaybetti. Tyler&#8217;in facebook sayfas\u0131nda yer alan mesajda \u015fu ifadeler yer al\u0131yor: &#8220;Bonnie&#8217;nin ailesi ve ekibi, Bonnie&#8217;nin d\u00fcn gece Portekiz&#8217;deki bir hastanede tedavi g\u00f6rd\u00fc\u011f\u00fc hastal\u0131\u011f\u0131n sonucu olarak beklenmedik bir \u015fekilde vefat etti\u011fini [&hellip;]<\/p>\n","protected":false},"author":12791,"featured_media":168488,"comment_status":"open","ping_status":"open","sticky":false,"template":"","format":"standard","meta":{"_yoast_wpseo_focuskw":"Bonnie Tyler","_yoast_wpseo_title":"","_yoast_wpseo_metadesc":"\"Total Eclipse of the Heart\" \u015fark\u0131s\u0131yla \u00fcnl\u00fc \u015fark\u0131c\u0131 Bonnie Tyler, Portekiz'de 75 ya\u015f\u0131nda hayat\u0131n\u0131 kaybetti.","_bbp_topic_count":0,"_bbp_reply_count":0,"_bbp_total_topic_count":0,"_bbp_total_reply_count":0,"_bbp_voice_count":0,"_bbp_anonymous_reply_count":0,"_bbp_topic_count_hidden":0,"_bbp_reply_count_hidden":0,"_bbp_forum_subforum_count":0,"footnotes":"","_yoast_wpseo_focuskw_text_input":""},"categories":[5,1,16],"tags":[11683,4914,11684],"yoast_head":"<!-- This site is optimized with the Yoast SEO plugin v23.0 - https:\/\/yoast.com\/wordpress\/plugins\/seo\/ -->\n<title>D\u00fcnyaca \u00dcnl\u00fc \u015eark\u0131c\u0131 Bonnie Tyler Ya\u015fam\u0131n\u0131 Yitirdi - The Epoch Times TR<\/title>\n<meta name=\"description\" content=\"&quot;Total Eclipse of the Heart&quot; \u015fark\u0131s\u0131yla \u00fcnl\u00fc \u015fark\u0131c\u0131 Bonnie Tyler, Portekiz&#039;de 75 ya\u015f\u0131nda hayat\u0131n\u0131 kaybetti.\" \/>\n<meta name=\"robots\" content=\"index, follow, max-snippet:-1, max-image-preview:large, max-video-preview:-1\" \/>\n<link rel=\"canonical\" href=\"https:\/\/epochtimestr.com\/index.php\/dunyaca-unlu-sarkici-bonnie-tyler-yasamini-yitirdi\" \/>\n<meta property=\"og:locale\" content=\"tr_TR\" \/>\n<meta property=\"og:type\" content=\"article\" \/>\n<meta property=\"og:title\" content=\"D\u00fcnyaca \u00dcnl\u00fc \u015eark\u0131c\u0131 Bonnie Tyler Ya\u015fam\u0131n\u0131 Yitirdi - The Epoch Times TR\" \/>\n<meta property=\"og:description\" content=\"&quot;Total Eclipse of the Heart&quot; \u015fark\u0131s\u0131yla \u00fcnl\u00fc \u015fark\u0131c\u0131 Bonnie Tyler, Portekiz&#039;de 75 ya\u015f\u0131nda hayat\u0131n\u0131 kaybetti.\" \/>\n<meta property=\"og:url\" content=\"https:\/\/epochtimestr.com\/index.php\/dunyaca-unlu-sarkici-bonnie-tyler-yasamini-yitirdi\" \/>\n<meta property=\"og:site_name\" content=\"The Epoch Times TR\" \/>\n<meta property=\"article:publisher\" content=\"https:\/\/www.facebook.com\/theepochtimestr\" \/>\n<meta property=\"article:published_time\" content=\"2026-07-10T06:24:46+00:00\" \/>\n<meta property=\"article:modified_time\" content=\"2026-07-10T06:24:49+00:00\" \/>\n<meta property=\"og:image\" content=\"https:\/\/epochtimestr.com\/wp-content\/uploads\/2011y\/bonnie-trler.webp\" \/>\n\t<meta property=\"og:image:width\" content=\"1000\" \/>\n\t<meta property=\"og:image:height\" content=\"667\" \/>\n\t<meta property=\"og:image:type\" content=\"image\/webp\" \/>\n<meta name=\"author\" content=\"Haber Merkezi\" \/>\n<meta name=\"twitter:card\" content=\"summary_large_image\" \/>\n<meta name=\"twitter:creator\" content=\"@TheEpochTimesTR\" \/>\n<meta name=\"twitter:site\" content=\"@TheEpochTimesTR\" \/>\n<meta name=\"twitter:label1\" content=\"Yazan:\" \/>\n\t<meta name=\"twitter:data1\" content=\"Haber Merkezi\" \/>\n\t<meta name=\"twitter:label2\" content=\"Tahmini okuma s\u00fcresi\" \/>\n\t<meta name=\"twitter:data2\" content=\"3 dakika\" \/>\n<script type=\"application\/ld+json\" class=\"yoast-schema-graph\">{\"@context\":\"https:\/\/schema.org\",\"@graph\":[{\"@type\":\"Article\",\"@id\":\"https:\/\/epochtimestr.com\/index.php\/dunyaca-unlu-sarkici-bonnie-tyler-yasamini-yitirdi#article\",\"isPartOf\":{\"@id\":\"https:\/\/epochtimestr.com\/index.php\/dunyaca-unlu-sarkici-bonnie-tyler-yasamini-yitirdi\"},\"author\":{\"name\":\"Haber Merkezi\",\"@id\":\"https:\/\/epochtimestr.com\/#\/schema\/person\/3dc5c3adeb9f43923c5aa85889172fdd\"},\"headline\":\"D\u00fcnyaca \u00dcnl\u00fc \u015eark\u0131c\u0131 Bonnie Tyler Ya\u015fam\u0131n\u0131 Yitirdi\",\"datePublished\":\"2026-07-10T06:24:46+00:00\",\"dateModified\":\"2026-07-10T06:24:49+00:00\",\"mainEntityOfPage\":{\"@id\":\"https:\/\/epochtimestr.com\/index.php\/dunyaca-unlu-sarkici-bonnie-tyler-yasamini-yitirdi\"},\"wordCount\":423,\"commentCount\":0,\"publisher\":{\"@id\":\"https:\/\/epochtimestr.com\/#organization\"},\"image\":{\"@id\":\"https:\/\/epochtimestr.com\/index.php\/dunyaca-unlu-sarkici-bonnie-tyler-yasamini-yitirdi#primaryimage\"},\"thumbnailUrl\":\"https:\/\/epochtimestr.com\/wp-content\/uploads\/2011y\/bonnie-trler.webp\",\"keywords\":[\"Bonnie Tyler\",\"m\u00fczik\",\"ya\u015fam\u0131 yitirmek\"],\"articleSection\":[\"D\u00dcNYA\",\"G\u00dcNDEM\",\"SANAT ve K\u00dcLT\u00dcR\"],\"inLanguage\":\"tr\",\"potentialAction\":[{\"@type\":\"CommentAction\",\"name\":\"Comment\",\"target\":[\"https:\/\/epochtimestr.com\/index.php\/dunyaca-unlu-sarkici-bonnie-tyler-yasamini-yitirdi#respond\"]}]},{\"@type\":\"WebPage\",\"@id\":\"https:\/\/epochtimestr.com\/index.php\/dunyaca-unlu-sarkici-bonnie-tyler-yasamini-yitirdi\",\"url\":\"https:\/\/epochtimestr.com\/index.php\/dunyaca-unlu-sarkici-bonnie-tyler-yasamini-yitirdi\",\"name\":\"D\u00fcnyaca \u00dcnl\u00fc \u015eark\u0131c\u0131 Bonnie Tyler Ya\u015fam\u0131n\u0131 Yitirdi - The Epoch Times TR\",\"isPartOf\":{\"@id\":\"https:\/\/epochtimestr.com\/#website\"},\"primaryImageOfPage\":{\"@id\":\"https:\/\/epochtimestr.com\/index.php\/dunyaca-unlu-sarkici-bonnie-tyler-yasamini-yitirdi#primaryimage\"},\"image\":{\"@id\":\"https:\/\/epochtimestr.com\/index.php\/dunyaca-unlu-sarkici-bonnie-tyler-yasamini-yitirdi#primaryimage\"},\"thumbnailUrl\":\"https:\/\/epochtimestr.com\/wp-content\/uploads\/2011y\/bonnie-trler.webp\",\"datePublished\":\"2026-07-10T06:24:46+00:00\",\"dateModified\":\"2026-07-10T06:24:49+00:00\",\"description\":\"\\\"Total Eclipse of the Heart\\\" \u015fark\u0131s\u0131yla \u00fcnl\u00fc \u015fark\u0131c\u0131 Bonnie Tyler, Portekiz'de 75 ya\u015f\u0131nda hayat\u0131n\u0131 kaybetti.\",\"inLanguage\":\"tr\",\"potentialAction\":[{\"@type\":\"ReadAction\",\"target\":[\"https:\/\/epochtimestr.com\/index.php\/dunyaca-unlu-sarkici-bonnie-tyler-yasamini-yitirdi\"]}]},{\"@type\":\"ImageObject\",\"inLanguage\":\"tr\",\"@id\":\"https:\/\/epochtimestr.com\/index.php\/dunyaca-unlu-sarkici-bonnie-tyler-yasamini-yitirdi#primaryimage\",\"url\":\"https:\/\/epochtimestr.com\/wp-content\/uploads\/2011y\/bonnie-trler.webp\",\"contentUrl\":\"https:\/\/epochtimestr.com\/wp-content\/uploads\/2011y\/bonnie-trler.webp\",\"width\":1000,\"height\":667},{\"@type\":\"WebSite\",\"@id\":\"https:\/\/epochtimestr.com\/#website\",\"url\":\"https:\/\/epochtimestr.com\/\",\"name\":\"The Epoch Times TR\",\"description\":\"De\u011fi\u015fen D\u00fcnyam\u0131za Taze Bir Bak\u0131\u015f\",\"publisher\":{\"@id\":\"https:\/\/epochtimestr.com\/#organization\"},\"potentialAction\":[{\"@type\":\"SearchAction\",\"target\":{\"@type\":\"EntryPoint\",\"urlTemplate\":\"https:\/\/epochtimestr.com\/?s={search_term_string}\"},\"query-input\":\"required name=search_term_string\"}],\"inLanguage\":\"tr\"},{\"@type\":\"Organization\",\"@id\":\"https:\/\/epochtimestr.com\/#organization\",\"name\":\"The EpochTimes T\u00fcrkiye\",\"url\":\"https:\/\/epochtimestr.com\/\",\"logo\":{\"@type\":\"ImageObject\",\"inLanguage\":\"tr\",\"@id\":\"https:\/\/epochtimestr.com\/#\/schema\/logo\/image\/\",\"url\":\"https:\/\/epochtimestr.com\/wp-content\/uploads\/2011y\/ET-Logo-YG.jpg\",\"contentUrl\":\"https:\/\/epochtimestr.com\/wp-content\/uploads\/2011y\/ET-Logo-YG.jpg\",\"width\":346,\"height\":29,\"caption\":\"The EpochTimes T\u00fcrkiye\"},\"image\":{\"@id\":\"https:\/\/epochtimestr.com\/#\/schema\/logo\/image\/\"},\"sameAs\":[\"https:\/\/www.facebook.com\/theepochtimestr\",\"https:\/\/x.com\/TheEpochTimesTR\",\"https:\/\/www.instagram.com\/epochtimestr\"]},{\"@type\":\"Person\",\"@id\":\"https:\/\/epochtimestr.com\/#\/schema\/person\/3dc5c3adeb9f43923c5aa85889172fdd\",\"name\":\"Haber Merkezi\",\"image\":{\"@type\":\"ImageObject\",\"inLanguage\":\"tr\",\"@id\":\"https:\/\/epochtimestr.com\/#\/schema\/person\/image\/\",\"url\":\"https:\/\/secure.gravatar.com\/avatar\/d73f772ba5a74f28601361e17c2f93e6?s=96&d=mm&r=g\",\"contentUrl\":\"https:\/\/secure.gravatar.com\/avatar\/d73f772ba5a74f28601361e17c2f93e6?s=96&d=mm&r=g\",\"caption\":\"Haber Merkezi\"},\"url\":\"https:\/\/epochtimestr.com\/index.php\/author\/sendag\"}]}<\/script>\n<!-- \/ Yoast SEO plugin. -->","yoast_head_json":{"title":"D\u00fcnyaca \u00dcnl\u00fc \u015eark\u0131c\u0131 Bonnie Tyler Ya\u015fam\u0131n\u0131 Yitirdi - The Epoch Times TR","description":"\"Total Eclipse of the Heart\" \u015fark\u0131s\u0131yla \u00fcnl\u00fc \u015fark\u0131c\u0131 Bonnie Tyler, Portekiz'de 75 ya\u015f\u0131nda hayat\u0131n\u0131 kaybetti.","robots":{"index":"index","follow":"follow","max-snippet":"max-snippet:-1","max-image-preview":"max-image-preview:large","max-video-preview":"max-video-preview:-1"},"canonical":"https:\/\/epochtimestr.com\/index.php\/dunyaca-unlu-sarkici-bonnie-tyler-yasamini-yitirdi","og_locale":"tr_TR","og_type":"article","og_title":"D\u00fcnyaca \u00dcnl\u00fc \u015eark\u0131c\u0131 Bonnie Tyler Ya\u015fam\u0131n\u0131 Yitirdi - The Epoch Times TR","og_description":"\"Total Eclipse of the Heart\" \u015fark\u0131s\u0131yla \u00fcnl\u00fc \u015fark\u0131c\u0131 Bonnie Tyler, Portekiz'de 75 ya\u015f\u0131nda hayat\u0131n\u0131 kaybetti.","og_url":"https:\/\/epochtimestr.com\/index.php\/dunyaca-unlu-sarkici-bonnie-tyler-yasamini-yitirdi","og_site_name":"The Epoch Times TR","article_publisher":"https:\/\/www.facebook.com\/theepochtimestr","article_published_time":"2026-07-10T06:24:46+00:00","article_modified_time":"2026-07-10T06:24:49+00:00","og_image":[{"width":1000,"height":667,"url":"https:\/\/epochtimestr.com\/wp-content\/uploads\/2011y\/bonnie-trler.webp","type":"image\/webp"}],"author":"Haber Merkezi","twitter_card":"summary_large_image","twitter_creator":"@TheEpochTimesTR","twitter_site":"@TheEpochTimesTR","twitter_misc":{"Yazan:":"Haber Merkezi","Tahmini okuma s\u00fcresi":"3 dakika"},"schema":{"@context":"https:\/\/schema.org","@graph":[{"@type":"Article","@id":"https:\/\/epochtimestr.com\/index.php\/dunyaca-unlu-sarkici-bonnie-tyler-yasamini-yitirdi#article","isPartOf":{"@id":"https:\/\/epochtimestr.com\/index.php\/dunyaca-unlu-sarkici-bonnie-tyler-yasamini-yitirdi"},"author":{"name":"Haber Merkezi","@id":"https:\/\/epochtimestr.com\/#\/schema\/person\/3dc5c3adeb9f43923c5aa85889172fdd"},"headline":"D\u00fcnyaca \u00dcnl\u00fc \u015eark\u0131c\u0131 Bonnie Tyler Ya\u015fam\u0131n\u0131 Yitirdi","datePublished":"2026-07-10T06:24:46+00:00","dateModified":"2026-07-10T06:24:49+00:00","mainEntityOfPage":{"@id":"https:\/\/epochtimestr.com\/index.php\/dunyaca-unlu-sarkici-bonnie-tyler-yasamini-yitirdi"},"wordCount":423,"commentCount":0,"publisher":{"@id":"https:\/\/epochtimestr.com\/#organization"},"image":{"@id":"https:\/\/epochtimestr.com\/index.php\/dunyaca-unlu-sarkici-bonnie-tyler-yasamini-yitirdi#primaryimage"},"thumbnailUrl":"https:\/\/epochtimestr.com\/wp-content\/uploads\/2011y\/bonnie-trler.webp","keywords":["Bonnie Tyler","m\u00fczik","ya\u015fam\u0131 yitirmek"],"articleSection":["D\u00dcNYA","G\u00dcNDEM","SANAT ve K\u00dcLT\u00dcR"],"inLanguage":"tr","potentialAction":[{"@type":"CommentAction","name":"Comment","target":["https:\/\/epochtimestr.com\/index.php\/dunyaca-unlu-sarkici-bonnie-tyler-yasamini-yitirdi#respond"]}]},{"@type":"WebPage","@id":"https:\/\/epochtimestr.com\/index.php\/dunyaca-unlu-sarkici-bonnie-tyler-yasamini-yitirdi","url":"https:\/\/epochtimestr.com\/index.php\/dunyaca-unlu-sarkici-bonnie-tyler-yasamini-yitirdi","name":"D\u00fcnyaca \u00dcnl\u00fc \u015eark\u0131c\u0131 Bonnie Tyler Ya\u015fam\u0131n\u0131 Yitirdi - The Epoch Times TR","isPartOf":{"@id":"https:\/\/epochtimestr.com\/#website"},"primaryImageOfPage":{"@id":"https:\/\/epochtimestr.com\/index.php\/dunyaca-unlu-sarkici-bonnie-tyler-yasamini-yitirdi#primaryimage"},"image":{"@id":"https:\/\/epochtimestr.com\/index.php\/dunyaca-unlu-sarkici-bonnie-tyler-yasamini-yitirdi#primaryimage"},"thumbnailUrl":"https:\/\/epochtimestr.com\/wp-content\/uploads\/2011y\/bonnie-trler.webp","datePublished":"2026-07-10T06:24:46+00:00","dateModified":"2026-07-10T06:24:49+00:00","description":"\"Total Eclipse of the Heart\" \u015fark\u0131s\u0131yla \u00fcnl\u00fc \u015fark\u0131c\u0131 Bonnie Tyler, Portekiz'de 75 ya\u015f\u0131nda hayat\u0131n\u0131 kaybetti.","inLanguage":"tr","potentialAction":[{"@type":"ReadAction","target":["https:\/\/epochtimestr.com\/index.php\/dunyaca-unlu-sarkici-bonnie-tyler-yasamini-yitirdi"]}]},{"@type":"ImageObject","inLanguage":"tr","@id":"https:\/\/epochtimestr.com\/index.php\/dunyaca-unlu-sarkici-bonnie-tyler-yasamini-yitirdi#primaryimage","url":"https:\/\/epochtimestr.com\/wp-content\/uploads\/2011y\/bonnie-trler.webp","contentUrl":"https:\/\/epochtimestr.com\/wp-content\/uploads\/2011y\/bonnie-trler.webp","width":1000,"height":667},{"@type":"WebSite","@id":"https:\/\/epochtimestr.com\/#website","url":"https:\/\/epochtimestr.com\/","name":"The Epoch Times TR","description":"De\u011fi\u015fen D\u00fcnyam\u0131za Taze Bir Bak\u0131\u015f","publisher":{"@id":"https:\/\/epochtimestr.com\/#organization"},"potentialAction":[{"@type":"SearchAction","target":{"@type":"EntryPoint","urlTemplate":"https:\/\/epochtimestr.com\/?s={search_term_string}"},"query-input":"required name=search_term_string"}],"inLanguage":"tr"},{"@type":"Organization","@id":"https:\/\/epochtimestr.com\/#organization","name":"The EpochTimes T\u00fcrkiye","url":"https:\/\/epochtimestr.com\/","logo":{"@type":"ImageObject","inLanguage":"tr","@id":"https:\/\/epochtimestr.com\/#\/schema\/logo\/image\/","url":"https:\/\/epochtimestr.com\/wp-content\/uploads\/2011y\/ET-Logo-YG.jpg","contentUrl":"https:\/\/epochtimestr.com\/wp-content\/uploads\/2011y\/ET-Logo-YG.jpg","width":346,"height":29,"caption":"The EpochTimes T\u00fcrkiye"},"image":{"@id":"https:\/\/epochtimestr.com\/#\/schema\/logo\/image\/"},"sameAs":["https:\/\/www.facebook.com\/theepochtimestr","https:\/\/x.com\/TheEpochTimesTR","https:\/\/www.instagram.com\/epochtimestr"]},{"@type":"Person","@id":"https:\/\/epochtimestr.com\/#\/schema\/person\/3dc5c3adeb9f43923c5aa85889172fdd","name":"Haber Merkezi","image":{"@type":"ImageObject","inLanguage":"tr","@id":"https:\/\/epochtimestr.com\/#\/schema\/person\/image\/","url":"https:\/\/secure.gravatar.com\/avatar\/d73f772ba5a74f28601361e17c2f93e6?s=96&d=mm&r=g","contentUrl":"https:\/\/secure.gravatar.com\/avatar\/d73f772ba5a74f28601361e17c2f93e6?s=96&d=mm&r=g","caption":"Haber Merkezi"},"url":"https:\/\/epochtimestr.com\/index.php\/author\/sendag"}]}},"_links":{"self":[{"href":"https:\/\/epochtimestr.com\/index.php\/wp-json\/wp\/v2\/posts\/168487"}],"collection":[{"href":"https:\/\/epochtimestr.com\/index.php\/wp-json\/wp\/v2\/posts"}],"about":[{"href":"https:\/\/epochtimestr.com\/index.php\/wp-json\/wp\/v2\/types\/post"}],"author":[{"embeddable":true,"href":"https:\/\/epochtimestr.com\/index.php\/wp-json\/wp\/v2\/users\/12791"}],"replies":[{"embeddable":true,"href":"https:\/\/epochtimestr.com\/index.php\/wp-json\/wp\/v2\/comments?post=168487"}],"version-history":[{"count":4,"href":"https:\/\/epochtimestr.com\/index.php\/wp-json\/wp\/v2\/posts\/168487\/revisions"}],"predecessor-version":[{"id":168499,"href":"https:\/\/epochtimestr.com\/index.php\/wp-json\/wp\/v2\/posts\/168487\/revisions\/168499"}],"wp:featuredmedia":[{"embeddable":true,"href":"https:\/\/epochtimestr.com\/index.php\/wp-json\/wp\/v2\/media\/168488"}],"wp:attachment":[{"href":"https:\/\/epochtimestr.com\/index.php\/wp-json\/wp\/v2\/media?parent=168487"}],"wp:term":[{"taxonomy":"category","embeddable":true,"href":"https:\/\/epochtimestr.com\/index.php\/wp-json\/wp\/v2\/categories?post=168487"},{"taxonomy":"post_tag","embeddable":true,"href":"https:\/\/epochtimestr.com\/index.php\/wp-json\/wp\/v2\/tags?post=168487"}],"curies":[{"name":"wp","href":"https:\/\/api.w.org\/{rel}","templated":true}]}}