{"id":168500,"date":"2026-07-11T08:30:00","date_gmt":"2026-07-11T05:30:00","guid":{"rendered":"https:\/\/epochtimestr.com\/?p=168500"},"modified":"2026-07-10T22:03:42","modified_gmt":"2026-07-10T19:03:42","slug":"uc-mevsim-mektuplari","status":"publish","type":"post","link":"https:\/\/epochtimestr.com\/index.php\/uc-mevsim-mektuplari","title":{"rendered":"\u00dc\u00e7 Mevsim Mektuplar\u0131"},"content":{"rendered":"\n<p><em>Bu yaz\u0131 ilk olarak 22 Kas\u0131m 2017 tarihinde inovatifhaber.com\u2019da yay\u0131mlanm\u0131\u015ft\u0131r.<\/em><\/p>\n\n\n\n<p class=\"has-text-align-right\">\u201cBaz\u0131lar\u0131na g\u00f6re g\u00fcz, hazan mevsimidir. Utanga\u00e7, korkak ve \u00fcrkek yan\u0131m\u0131z\u0131n isyan ertesidir\u201d <br \/>A. Ero\u011flu<\/p>\n\n\n\n<p>Mektup t\u00fcr\u00fc edebiyatta \u00f6nemlidir. Edebi mektuplar yazarlar\u0131, i\u00e7erikleri, ifade \u015fekilleri ile \u00f6zel mektuplar i\u00e7inde ayr\u0131cal\u0131kl\u0131 konumdad\u0131r. Edebi mektuplarda, mektubun yaz\u0131ld\u0131\u011f\u0131 d\u00f6nemin edebiyat ve d\u00fc\u015f\u00fcnce olaylar\u0131 yer al\u0131r. Yazar kar\u015f\u0131s\u0131ndakine \u00f6\u011f\u00fct verir, yol g\u00f6sterir ya da \u201c\u00dc\u00e7 Mevsim Mektuplar\u0131\u201d kitab\u0131nda oldu\u011fu gibi bir i\u00e7sel yolculu\u011fun, i\u00e7 d\u00f6k\u00fcm\u00fcn\u00fcn denemesidir yap\u0131lan.<\/p>\n\n\n\n<p>Mektup yazmak, mektupla\u015fmak, daha \u00e7ok okuryazar kesimin ba\u015fvurdu\u011fu bir ileti\u015fim y\u00f6ntemiydi. Y\u00f6ntemiydi diyorum, \u00e7\u00fcnk\u00fc art\u0131k ne yaz\u0131k ki bu t\u00fcr yaz\u0131\u015fmalar\u0131n ger\u00e7ekle\u015fmedi\u011fini s\u00f6ylemek isterim. \u015eimdilerde telefonlu, internetli ortamda etkisini tamamen yitirmi\u015f denebilir. Fakat edebi dille yaz\u0131lan mektuplar\u0131n b\u0131rakt\u0131\u011f\u0131 iz, hi\u00e7bir zaman haf\u0131zalardan silinmez. T\u0131pk\u0131 Ahmet Ero\u011flu\u2019nun hayali arkada\u015f\u0131 Can Dost\u2019a ula\u015ft\u0131rd\u0131klar\u0131 gibi. Bu mektuplarda \u201cBir t\u0131rm\u0131\u011f\u0131n topra\u011f\u0131 tarad\u0131\u011f\u0131 gibi\u201d belle\u011fini tarayan yazar\u0131n kendi i\u00e7 d\u00fcnyas\u0131na, ge\u00e7mi\u015fine, pi\u015fmanl\u0131klar\u0131na, g\u00fcn\u00fcm\u00fcz d\u00fcnyas\u0131n\u0131n a\u00e7mazlar\u0131na, umutlar\u0131na ve umutsuzluklar\u0131na dair ipu\u00e7lar\u0131 bulacaks\u0131n\u0131z.<\/p>\n\n\n\n<p>Ahmet Ero\u011flu e\u011fitimci kimli\u011fine ilaveten, bir\u00e7ok vasf\u0131 daha b\u00fcnyesinde ta\u015f\u0131m\u0131\u015f ve ta\u015f\u0131maya da devam etmektedir. Yazarl\u0131\u011f\u0131n\u0131n yan\u0131 s\u0131ra sendikac\u0131l\u0131\u011f\u0131, program yap\u0131mc\u0131l\u0131\u011f\u0131, giri\u015fimcili\u011fi ve sivil toplumculu\u011fu ile tan\u0131nm\u0131\u015f bir simad\u0131r. \u00d6zellikle Mersin edebiyat hayat\u0131n\u0131n sevilen, aran\u0131lan ismidir. T\u00fcrl\u00fc etkinliklerle sevenlerinin, dostlar\u0131n\u0131n kar\u015f\u0131s\u0131na \u00e7\u0131kar s\u0131k s\u0131k.<\/p>\n\n\n\n<p>Ge\u00e7enlerde \u201cNaz\u0131m Hikmet\u2019in A\u015fklar\u0131\u201d adl\u0131 bir sunumla yine bizlerleydi. Sunum sonras\u0131 yeni \u00e7\u0131kan ikinci kitab\u0131 \u00dc\u00e7 Mevsim Mektuplar\u0131\u2019n\u0131 imzalatarak temin ettim. D\u00f6rt b\u00f6l\u00fcmde, yirmi iki mektuptan ve seksen sayfadan olu\u015fan kitap, bir solukta okunabilecek g\u00fczellikte kaleme al\u0131nm\u0131\u015f; yer yer ba\u015fka \u015fair ve yazarlardan al\u0131nt\u0131lar ile zenginle\u015ftirilmi\u015f. Ayr\u0131ca bu ikinci bas\u0131mda her mektup, Serap Cesur taraf\u0131ndan birer \u00f6zg\u00fcn resimle s\u00fcslenmi\u015f. \u0130nan\u0131n resimler de en az mektuplar kadar dikkat \u00e7ekiyor ve onlarla adeta b\u00fct\u00fcnle\u015fiyor. Mektuplar\u0131n yaz\u0131ld\u0131\u011f\u0131 mevsimlerin renklerini ta\u015f\u0131yor sayfalara\u2026 H\u00fcz\u00fcnl\u00fc ve \u201cal\u0131p g\u00f6t\u00fcren\u201d bi\u00e7imde.<\/p>\n\n\n\n<p>\u201c\u0130mge y\u00fckl\u00fc, biraz \u015fiirsel, biraz da \u00f6yk\u00fcsel\u201d anlat\u0131ml\u0131 kitapta, zaman kavram\u0131, kendiyle y\u00fczle\u015fme, sevgi ve \u00f6zlem ana temalar\u0131 olu\u015fturmu\u015f, \u201csol yan\u0131\u201d hep \u00fc\u015f\u00fcm\u00fc\u015f, s\u0131zlam\u0131\u015f duyarl\u0131 yazar\u0131m\u0131z\u0131n. O, mutlulu\u011fu ararken, ger\u00e7ek mutlulu\u011fun mutluluk aray\u0131\u015f\u0131 oldu\u011funu ke\u015ffetmi\u015f, bir t\u00fcrl\u00fc beceremedi\u011fimiz \u201can\u0131\u201d ya\u015faman\u0131n \u00f6nemini, keyfini s\u00fcrmeyi \u00f6nermi\u015f.<\/p>\n\n\n\n<p>\u00dc\u00e7 Mevsim Mektuplar\u0131 bana g\u00f6re \u00e7o\u011fu duyarl\u0131 insan\u0131n ba\u015f ba\u015fa kald\u0131\u011f\u0131 ortamlarda kendisiyle s\u00f6yle\u015fmesini yans\u0131tan duygular b\u00fct\u00fcn\u00fcd\u00fcr. Fakat aradaki fark, herkesin bunu ayn\u0131 zenginlikte t\u00fcmcelere d\u00f6kememesinde yatar. Ero\u011flu ise bunu, a\u015fa\u011f\u0131daki gibi ustaca ba\u015far\u0131r:<\/p>\n\n\n\n<p>\u201cCan Dost! Hi\u00e7bir zaman senin, sen renkli g\u00f6zlerinin gizlerindeki g\u00fczelli\u011fi unutmayaca\u011f\u0131m. Benim ku\u015fatma alt\u0131ndaki d\u00fc\u015flerimi ve d\u00fc\u015flerimdeki g\u00fcl\u00fc\u015flerimi de senin kanatmayaca\u011f\u0131n\u0131 anlad\u0131m. Ama biliyorsun, senden mektup alamayaca\u011f\u0131m\u0131 bile bile, sana yazmay\u0131 \u015fu ana kadar sonlayamad\u0131m. \u015eimdi itiraf ediyorum ki asl\u0131nda anlatmak istediklerimi, bu yazma yolculu\u011fumda da tam anlatamad\u0131m. Seni anlatmak i\u00e7in k\u0131rd\u0131\u011f\u0131m b\u00fct\u00fcn k\u0131r\u0131k t\u00fcmceleri, hep senin onarabilece\u011fini sand\u0131m. Zaman zaman tam anlatt\u0131m dedi\u011fim anda bile, yaz\u0131lar\u0131mda hep eksik ve yoksul kald\u0131m.\u201d<\/p>\n","protected":false},"excerpt":{"rendered":"<p>Bu yaz\u0131 ilk olarak 22 Kas\u0131m 2017 tarihinde inovatifhaber.com\u2019da yay\u0131mlanm\u0131\u015ft\u0131r. \u201cBaz\u0131lar\u0131na g\u00f6re g\u00fcz, hazan mevsimidir. Utanga\u00e7, korkak ve \u00fcrkek yan\u0131m\u0131z\u0131n isyan ertesidir\u201d A. Ero\u011flu Mektup t\u00fcr\u00fc edebiyatta \u00f6nemlidir. Edebi mektuplar yazarlar\u0131, i\u00e7erikleri, ifade \u015fekilleri ile \u00f6zel mektuplar i\u00e7inde ayr\u0131cal\u0131kl\u0131 konumdad\u0131r. Edebi mektuplarda, mektubun yaz\u0131ld\u0131\u011f\u0131 d\u00f6nemin edebiyat ve d\u00fc\u015f\u00fcnce olaylar\u0131 yer al\u0131r. Yazar kar\u015f\u0131s\u0131ndakine \u00f6\u011f\u00fct verir, [&hellip;]<\/p>\n","protected":false},"author":14001,"featured_media":161038,"comment_status":"open","ping_status":"open","sticky":false,"template":"","format":"standard","meta":{"_yoast_wpseo_focuskw":"Edebi mektuplar","_yoast_wpseo_title":"","_yoast_wpseo_metadesc":"Mektup t\u00fcr\u00fc edebiyatta \u00f6nemlidir. Edebi mektuplar yazarlar\u0131, i\u00e7erikleri, ifade \u015fekilleri ile \u00f6zel mektuplar i\u00e7inde ayr\u0131cal\u0131kl\u0131 konumdad\u0131r.","_bbp_topic_count":0,"_bbp_reply_count":0,"_bbp_total_topic_count":0,"_bbp_total_reply_count":0,"_bbp_voice_count":0,"_bbp_anonymous_reply_count":0,"_bbp_topic_count_hidden":0,"_bbp_reply_count_hidden":0,"_bbp_forum_subforum_count":0,"footnotes":"","_yoast_wpseo_focuskw_text_input":""},"categories":[9170],"tags":[],"yoast_head":"<!-- This site is optimized with the Yoast SEO plugin v23.0 - https:\/\/yoast.com\/wordpress\/plugins\/seo\/ -->\n<title>\u00dc\u00e7 Mevsim Mektuplar\u0131 - The Epoch Times TR<\/title>\n<meta name=\"description\" content=\"Mektup t\u00fcr\u00fc edebiyatta \u00f6nemlidir. Edebi mektuplar yazarlar\u0131, i\u00e7erikleri, ifade \u015fekilleri ile \u00f6zel mektuplar i\u00e7inde ayr\u0131cal\u0131kl\u0131 konumdad\u0131r.\" \/>\n<meta name=\"robots\" content=\"index, follow, max-snippet:-1, max-image-preview:large, max-video-preview:-1\" \/>\n<link rel=\"canonical\" href=\"https:\/\/epochtimestr.com\/index.php\/uc-mevsim-mektuplari\" \/>\n<meta property=\"og:locale\" content=\"tr_TR\" \/>\n<meta property=\"og:type\" content=\"article\" \/>\n<meta property=\"og:title\" content=\"\u00dc\u00e7 Mevsim Mektuplar\u0131 - The Epoch Times TR\" \/>\n<meta property=\"og:description\" content=\"Mektup t\u00fcr\u00fc edebiyatta \u00f6nemlidir. Edebi mektuplar yazarlar\u0131, i\u00e7erikleri, ifade \u015fekilleri ile \u00f6zel mektuplar i\u00e7inde ayr\u0131cal\u0131kl\u0131 konumdad\u0131r.\" \/>\n<meta property=\"og:url\" content=\"https:\/\/epochtimestr.com\/index.php\/uc-mevsim-mektuplari\" \/>\n<meta property=\"og:site_name\" content=\"The Epoch Times TR\" \/>\n<meta property=\"article:publisher\" content=\"https:\/\/www.facebook.com\/theepochtimestr\" \/>\n<meta property=\"article:published_time\" content=\"2026-07-11T05:30:00+00:00\" \/>\n<meta property=\"article:modified_time\" content=\"2026-07-10T19:03:42+00:00\" \/>\n<meta property=\"og:image\" content=\"https:\/\/epochtimestr.com\/wp-content\/uploads\/2011y\/bzct-ae.jpg\" \/>\n\t<meta property=\"og:image:width\" content=\"1200\" \/>\n\t<meta property=\"og:image:height\" content=\"630\" \/>\n\t<meta property=\"og:image:type\" content=\"image\/jpeg\" \/>\n<meta name=\"author\" content=\"Bekir Zorba\" \/>\n<meta name=\"twitter:card\" content=\"summary_large_image\" \/>\n<meta name=\"twitter:creator\" content=\"@TheEpochTimesTR\" \/>\n<meta name=\"twitter:site\" content=\"@TheEpochTimesTR\" \/>\n<meta name=\"twitter:label1\" content=\"Yazan:\" \/>\n\t<meta name=\"twitter:data1\" content=\"Bekir Zorba\" \/>\n\t<meta name=\"twitter:label2\" content=\"Tahmini okuma s\u00fcresi\" \/>\n\t<meta name=\"twitter:data2\" content=\"3 dakika\" \/>\n<script type=\"application\/ld+json\" class=\"yoast-schema-graph\">{\"@context\":\"https:\/\/schema.org\",\"@graph\":[{\"@type\":\"Article\",\"@id\":\"https:\/\/epochtimestr.com\/index.php\/uc-mevsim-mektuplari#article\",\"isPartOf\":{\"@id\":\"https:\/\/epochtimestr.com\/index.php\/uc-mevsim-mektuplari\"},\"author\":{\"name\":\"Bekir Zorba\",\"@id\":\"https:\/\/epochtimestr.com\/#\/schema\/person\/da1ad104599611965442ed3e7e9acb2b\"},\"headline\":\"\u00dc\u00e7 Mevsim Mektuplar\u0131\",\"datePublished\":\"2026-07-11T05:30:00+00:00\",\"dateModified\":\"2026-07-10T19:03:42+00:00\",\"mainEntityOfPage\":{\"@id\":\"https:\/\/epochtimestr.com\/index.php\/uc-mevsim-mektuplari\"},\"wordCount\":641,\"commentCount\":0,\"publisher\":{\"@id\":\"https:\/\/epochtimestr.com\/#organization\"},\"image\":{\"@id\":\"https:\/\/epochtimestr.com\/index.php\/uc-mevsim-mektuplari#primaryimage\"},\"thumbnailUrl\":\"https:\/\/epochtimestr.com\/wp-content\/uploads\/2011y\/Bekir-Zorba.png\",\"articleSection\":[\"K\u00f6\u015fe Yaz\u0131lar\u0131 Bekir Zorba\"],\"inLanguage\":\"tr\",\"potentialAction\":[{\"@type\":\"CommentAction\",\"name\":\"Comment\",\"target\":[\"https:\/\/epochtimestr.com\/index.php\/uc-mevsim-mektuplari#respond\"]}]},{\"@type\":\"WebPage\",\"@id\":\"https:\/\/epochtimestr.com\/index.php\/uc-mevsim-mektuplari\",\"url\":\"https:\/\/epochtimestr.com\/index.php\/uc-mevsim-mektuplari\",\"name\":\"\u00dc\u00e7 Mevsim Mektuplar\u0131 - The Epoch Times TR\",\"isPartOf\":{\"@id\":\"https:\/\/epochtimestr.com\/#website\"},\"primaryImageOfPage\":{\"@id\":\"https:\/\/epochtimestr.com\/index.php\/uc-mevsim-mektuplari#primaryimage\"},\"image\":{\"@id\":\"https:\/\/epochtimestr.com\/index.php\/uc-mevsim-mektuplari#primaryimage\"},\"thumbnailUrl\":\"https:\/\/epochtimestr.com\/wp-content\/uploads\/2011y\/Bekir-Zorba.png\",\"datePublished\":\"2026-07-11T05:30:00+00:00\",\"dateModified\":\"2026-07-10T19:03:42+00:00\",\"description\":\"Mektup t\u00fcr\u00fc edebiyatta \u00f6nemlidir. Edebi mektuplar yazarlar\u0131, i\u00e7erikleri, ifade \u015fekilleri ile \u00f6zel mektuplar i\u00e7inde ayr\u0131cal\u0131kl\u0131 konumdad\u0131r.\",\"inLanguage\":\"tr\",\"potentialAction\":[{\"@type\":\"ReadAction\",\"target\":[\"https:\/\/epochtimestr.com\/index.php\/uc-mevsim-mektuplari\"]}]},{\"@type\":\"ImageObject\",\"inLanguage\":\"tr\",\"@id\":\"https:\/\/epochtimestr.com\/index.php\/uc-mevsim-mektuplari#primaryimage\",\"url\":\"https:\/\/epochtimestr.com\/wp-content\/uploads\/2011y\/Bekir-Zorba.png\",\"contentUrl\":\"https:\/\/epochtimestr.com\/wp-content\/uploads\/2011y\/Bekir-Zorba.png\",\"width\":600,\"height\":600},{\"@type\":\"WebSite\",\"@id\":\"https:\/\/epochtimestr.com\/#website\",\"url\":\"https:\/\/epochtimestr.com\/\",\"name\":\"The Epoch Times TR\",\"description\":\"De\u011fi\u015fen D\u00fcnyam\u0131za Taze Bir Bak\u0131\u015f\",\"publisher\":{\"@id\":\"https:\/\/epochtimestr.com\/#organization\"},\"potentialAction\":[{\"@type\":\"SearchAction\",\"target\":{\"@type\":\"EntryPoint\",\"urlTemplate\":\"https:\/\/epochtimestr.com\/?s={search_term_string}\"},\"query-input\":\"required name=search_term_string\"}],\"inLanguage\":\"tr\"},{\"@type\":\"Organization\",\"@id\":\"https:\/\/epochtimestr.com\/#organization\",\"name\":\"The EpochTimes T\u00fcrkiye\",\"url\":\"https:\/\/epochtimestr.com\/\",\"logo\":{\"@type\":\"ImageObject\",\"inLanguage\":\"tr\",\"@id\":\"https:\/\/epochtimestr.com\/#\/schema\/logo\/image\/\",\"url\":\"https:\/\/epochtimestr.com\/wp-content\/uploads\/2011y\/ET-Logo-YG.jpg\",\"contentUrl\":\"https:\/\/epochtimestr.com\/wp-content\/uploads\/2011y\/ET-Logo-YG.jpg\",\"width\":346,\"height\":29,\"caption\":\"The EpochTimes T\u00fcrkiye\"},\"image\":{\"@id\":\"https:\/\/epochtimestr.com\/#\/schema\/logo\/image\/\"},\"sameAs\":[\"https:\/\/www.facebook.com\/theepochtimestr\",\"https:\/\/x.com\/TheEpochTimesTR\",\"https:\/\/www.instagram.com\/epochtimestr\"]},{\"@type\":\"Person\",\"@id\":\"https:\/\/epochtimestr.com\/#\/schema\/person\/da1ad104599611965442ed3e7e9acb2b\",\"name\":\"Bekir Zorba\",\"image\":{\"@type\":\"ImageObject\",\"inLanguage\":\"tr\",\"@id\":\"https:\/\/epochtimestr.com\/#\/schema\/person\/image\/\",\"url\":\"https:\/\/secure.gravatar.com\/avatar\/eafd40d9b77b1fbf7c565a3d4916b79c?s=96&d=mm&r=g\",\"contentUrl\":\"https:\/\/secure.gravatar.com\/avatar\/eafd40d9b77b1fbf7c565a3d4916b79c?s=96&d=mm&r=g\",\"caption\":\"Bekir Zorba\"},\"url\":\"https:\/\/epochtimestr.com\/index.php\/author\/bekir\"}]}<\/script>\n<!-- \/ Yoast SEO plugin. -->","yoast_head_json":{"title":"\u00dc\u00e7 Mevsim Mektuplar\u0131 - The Epoch Times TR","description":"Mektup t\u00fcr\u00fc edebiyatta \u00f6nemlidir. Edebi mektuplar yazarlar\u0131, i\u00e7erikleri, ifade \u015fekilleri ile \u00f6zel mektuplar i\u00e7inde ayr\u0131cal\u0131kl\u0131 konumdad\u0131r.","robots":{"index":"index","follow":"follow","max-snippet":"max-snippet:-1","max-image-preview":"max-image-preview:large","max-video-preview":"max-video-preview:-1"},"canonical":"https:\/\/epochtimestr.com\/index.php\/uc-mevsim-mektuplari","og_locale":"tr_TR","og_type":"article","og_title":"\u00dc\u00e7 Mevsim Mektuplar\u0131 - The Epoch Times TR","og_description":"Mektup t\u00fcr\u00fc edebiyatta \u00f6nemlidir. Edebi mektuplar yazarlar\u0131, i\u00e7erikleri, ifade \u015fekilleri ile \u00f6zel mektuplar i\u00e7inde ayr\u0131cal\u0131kl\u0131 konumdad\u0131r.","og_url":"https:\/\/epochtimestr.com\/index.php\/uc-mevsim-mektuplari","og_site_name":"The Epoch Times TR","article_publisher":"https:\/\/www.facebook.com\/theepochtimestr","article_published_time":"2026-07-11T05:30:00+00:00","article_modified_time":"2026-07-10T19:03:42+00:00","og_image":[{"width":1200,"height":630,"url":"https:\/\/epochtimestr.com\/wp-content\/uploads\/2011y\/bzct-ae.jpg","type":"image\/jpeg"}],"author":"Bekir Zorba","twitter_card":"summary_large_image","twitter_creator":"@TheEpochTimesTR","twitter_site":"@TheEpochTimesTR","twitter_misc":{"Yazan:":"Bekir Zorba","Tahmini okuma s\u00fcresi":"3 dakika"},"schema":{"@context":"https:\/\/schema.org","@graph":[{"@type":"Article","@id":"https:\/\/epochtimestr.com\/index.php\/uc-mevsim-mektuplari#article","isPartOf":{"@id":"https:\/\/epochtimestr.com\/index.php\/uc-mevsim-mektuplari"},"author":{"name":"Bekir Zorba","@id":"https:\/\/epochtimestr.com\/#\/schema\/person\/da1ad104599611965442ed3e7e9acb2b"},"headline":"\u00dc\u00e7 Mevsim Mektuplar\u0131","datePublished":"2026-07-11T05:30:00+00:00","dateModified":"2026-07-10T19:03:42+00:00","mainEntityOfPage":{"@id":"https:\/\/epochtimestr.com\/index.php\/uc-mevsim-mektuplari"},"wordCount":641,"commentCount":0,"publisher":{"@id":"https:\/\/epochtimestr.com\/#organization"},"image":{"@id":"https:\/\/epochtimestr.com\/index.php\/uc-mevsim-mektuplari#primaryimage"},"thumbnailUrl":"https:\/\/epochtimestr.com\/wp-content\/uploads\/2011y\/Bekir-Zorba.png","articleSection":["K\u00f6\u015fe Yaz\u0131lar\u0131 Bekir Zorba"],"inLanguage":"tr","potentialAction":[{"@type":"CommentAction","name":"Comment","target":["https:\/\/epochtimestr.com\/index.php\/uc-mevsim-mektuplari#respond"]}]},{"@type":"WebPage","@id":"https:\/\/epochtimestr.com\/index.php\/uc-mevsim-mektuplari","url":"https:\/\/epochtimestr.com\/index.php\/uc-mevsim-mektuplari","name":"\u00dc\u00e7 Mevsim Mektuplar\u0131 - The Epoch Times TR","isPartOf":{"@id":"https:\/\/epochtimestr.com\/#website"},"primaryImageOfPage":{"@id":"https:\/\/epochtimestr.com\/index.php\/uc-mevsim-mektuplari#primaryimage"},"image":{"@id":"https:\/\/epochtimestr.com\/index.php\/uc-mevsim-mektuplari#primaryimage"},"thumbnailUrl":"https:\/\/epochtimestr.com\/wp-content\/uploads\/2011y\/Bekir-Zorba.png","datePublished":"2026-07-11T05:30:00+00:00","dateModified":"2026-07-10T19:03:42+00:00","description":"Mektup t\u00fcr\u00fc edebiyatta \u00f6nemlidir. Edebi mektuplar yazarlar\u0131, i\u00e7erikleri, ifade \u015fekilleri ile \u00f6zel mektuplar i\u00e7inde ayr\u0131cal\u0131kl\u0131 konumdad\u0131r.","inLanguage":"tr","potentialAction":[{"@type":"ReadAction","target":["https:\/\/epochtimestr.com\/index.php\/uc-mevsim-mektuplari"]}]},{"@type":"ImageObject","inLanguage":"tr","@id":"https:\/\/epochtimestr.com\/index.php\/uc-mevsim-mektuplari#primaryimage","url":"https:\/\/epochtimestr.com\/wp-content\/uploads\/2011y\/Bekir-Zorba.png","contentUrl":"https:\/\/epochtimestr.com\/wp-content\/uploads\/2011y\/Bekir-Zorba.png","width":600,"height":600},{"@type":"WebSite","@id":"https:\/\/epochtimestr.com\/#website","url":"https:\/\/epochtimestr.com\/","name":"The Epoch Times TR","description":"De\u011fi\u015fen D\u00fcnyam\u0131za Taze Bir Bak\u0131\u015f","publisher":{"@id":"https:\/\/epochtimestr.com\/#organization"},"potentialAction":[{"@type":"SearchAction","target":{"@type":"EntryPoint","urlTemplate":"https:\/\/epochtimestr.com\/?s={search_term_string}"},"query-input":"required name=search_term_string"}],"inLanguage":"tr"},{"@type":"Organization","@id":"https:\/\/epochtimestr.com\/#organization","name":"The EpochTimes T\u00fcrkiye","url":"https:\/\/epochtimestr.com\/","logo":{"@type":"ImageObject","inLanguage":"tr","@id":"https:\/\/epochtimestr.com\/#\/schema\/logo\/image\/","url":"https:\/\/epochtimestr.com\/wp-content\/uploads\/2011y\/ET-Logo-YG.jpg","contentUrl":"https:\/\/epochtimestr.com\/wp-content\/uploads\/2011y\/ET-Logo-YG.jpg","width":346,"height":29,"caption":"The EpochTimes T\u00fcrkiye"},"image":{"@id":"https:\/\/epochtimestr.com\/#\/schema\/logo\/image\/"},"sameAs":["https:\/\/www.facebook.com\/theepochtimestr","https:\/\/x.com\/TheEpochTimesTR","https:\/\/www.instagram.com\/epochtimestr"]},{"@type":"Person","@id":"https:\/\/epochtimestr.com\/#\/schema\/person\/da1ad104599611965442ed3e7e9acb2b","name":"Bekir Zorba","image":{"@type":"ImageObject","inLanguage":"tr","@id":"https:\/\/epochtimestr.com\/#\/schema\/person\/image\/","url":"https:\/\/secure.gravatar.com\/avatar\/eafd40d9b77b1fbf7c565a3d4916b79c?s=96&d=mm&r=g","contentUrl":"https:\/\/secure.gravatar.com\/avatar\/eafd40d9b77b1fbf7c565a3d4916b79c?s=96&d=mm&r=g","caption":"Bekir Zorba"},"url":"https:\/\/epochtimestr.com\/index.php\/author\/bekir"}]}},"_links":{"self":[{"href":"https:\/\/epochtimestr.com\/index.php\/wp-json\/wp\/v2\/posts\/168500"}],"collection":[{"href":"https:\/\/epochtimestr.com\/index.php\/wp-json\/wp\/v2\/posts"}],"about":[{"href":"https:\/\/epochtimestr.com\/index.php\/wp-json\/wp\/v2\/types\/post"}],"author":[{"embeddable":true,"href":"https:\/\/epochtimestr.com\/index.php\/wp-json\/wp\/v2\/users\/14001"}],"replies":[{"embeddable":true,"href":"https:\/\/epochtimestr.com\/index.php\/wp-json\/wp\/v2\/comments?post=168500"}],"version-history":[{"count":1,"href":"https:\/\/epochtimestr.com\/index.php\/wp-json\/wp\/v2\/posts\/168500\/revisions"}],"predecessor-version":[{"id":168502,"href":"https:\/\/epochtimestr.com\/index.php\/wp-json\/wp\/v2\/posts\/168500\/revisions\/168502"}],"wp:featuredmedia":[{"embeddable":true,"href":"https:\/\/epochtimestr.com\/index.php\/wp-json\/wp\/v2\/media\/161038"}],"wp:attachment":[{"href":"https:\/\/epochtimestr.com\/index.php\/wp-json\/wp\/v2\/media?parent=168500"}],"wp:term":[{"taxonomy":"category","embeddable":true,"href":"https:\/\/epochtimestr.com\/index.php\/wp-json\/wp\/v2\/categories?post=168500"},{"taxonomy":"post_tag","embeddable":true,"href":"https:\/\/epochtimestr.com\/index.php\/wp-json\/wp\/v2\/tags?post=168500"}],"curies":[{"name":"wp","href":"https:\/\/api.w.org\/{rel}","templated":true}]}}