{"id":168511,"date":"2026-07-11T08:28:32","date_gmt":"2026-07-11T05:28:32","guid":{"rendered":"https:\/\/epochtimestr.com\/?p=168511"},"modified":"2026-07-11T08:32:33","modified_gmt":"2026-07-11T05:32:33","slug":"ibb-baskani-ekrem-imamoglu-benimle-yarismaktan-korkuyor","status":"publish","type":"post","link":"https:\/\/epochtimestr.com\/index.php\/ibb-baskani-ekrem-imamoglu-benimle-yarismaktan-korkuyor","title":{"rendered":"\u0130BB Ba\u015fkan\u0131 Ekrem \u0130mamo\u011flu: &#8220;Benimle Yar\u0131\u015fmaktan Korkuyor&#8221;"},"content":{"rendered":"<div class=\"wp-block-image\">\n<figure class=\"aligncenter size-large is-resized\"><img loading=\"lazy\" decoding=\"async\" width=\"749\" height=\"934\" src=\"https:\/\/epochtimestr.com\/wp-content\/uploads\/2011y\/imamoglu-22-edited.webp\" alt=\"\u0130BB Ba\u015fkan\u0131 Ekrem \u0130mamo\u011flu &quot;Benimle yar\u0131\u015fmaktan korkuyor&quot; dedi. (Foto\u011fraf: ekremimamoglu.com)\" class=\"wp-image-168525\" style=\"width:840px;height:auto\" srcset=\"https:\/\/epochtimestr.com\/wp-content\/uploads\/2011y\/imamoglu-22-edited.webp 749w, https:\/\/epochtimestr.com\/wp-content\/uploads\/2011y\/imamoglu-22-edited-241x300.webp 241w, https:\/\/epochtimestr.com\/wp-content\/uploads\/2011y\/imamoglu-22-edited-120x150.webp 120w\" sizes=\"(max-width: 749px) 100vw, 749px\" \/><figcaption class=\"wp-element-caption\">\u0130BB Ba\u015fkan\u0131 Ekrem \u0130mamo\u011flu &#8220;Benimle yar\u0131\u015fmaktan korkuyor&#8221; dedi. (Foto\u011fraf: <a href=\"http:\/\/www.ekremimamoglu.com\" target=\"_blank\" rel=\"noreferrer noopener\">ekremimamoglu.com<\/a>)<\/figcaption><\/figure><\/div>\n\n\n<h2 class=\"wp-block-heading\">\u0130BB Ba\u015fkan\u0131 Ekrem \u0130mamo\u011flu, davas\u0131n\u0131n son celsesinde savunma yapmas\u0131n\u0131n engellenmesi hakk\u0131nda a\u00e7\u0131klama yapt\u0131.<\/h2>\n\n\n\n<p>Tutuklu \u0130stanbul B\u00fcy\u00fck\u015fehir Belediye (\u0130BB) Ba\u015fkan\u0131 Ekrem \u0130mamo\u011flu, <a href=\"https:\/\/epochtimestr.com\/index.php\/secilmis-chp-lideri-ozgur-ozel-ibb-davasi-sonrasi-aciklama-yapti\" target=\"_blank\" rel=\"noreferrer noopener\">\u0130BB davas\u0131<\/a>n\u0131n son celsesinde savunma yapmas\u0131n\u0131n engellenmesi hakk\u0131nda a\u00e7\u0131klama yapt\u0131. <a href=\"https:\/\/epochtimestr.com\/index.php\/abd-federal-mahkemesinden-gumruk-tarifelerini-surdurme-karari\" target=\"_blank\" rel=\"noreferrer noopener\">Mahkeme<\/a> karar\u0131yla duru\u015fma salonuna gelmesi <a href=\"https:\/\/epochtimestr.com\/index.php\/kilicdaroglu-yonetimi-ekrem-imamoglu-afisini-indirdi\" target=\"_blank\" rel=\"noreferrer noopener\">engellenen<\/a> Ekrem \u0130mamo\u011flu, yapt\u0131\u011f\u0131 a\u00e7\u0131klamada maruz kald\u0131\u011f\u0131 k\u0131s\u0131tlamalar\u0131 s\u0131ralad\u0131.<\/p>\n\n\n\n<p>Cumhurba\u015fkanl\u0131\u011f\u0131 Aday Ofisi&#8217;nin X hesab\u0131ndan yap\u0131lan payla\u015f\u0131mda \u015funlar\u0131 kaydetti:<\/p>\n\n\n\n<p>&#8220;Benimle yar\u0131\u015fmaktan korkuyor. Sesimden, s\u00f6z\u00fcmden, g\u00f6r\u00fcnt\u00fcmden, ismimden korkuyor.<br \/>O y\u00fczden:<br \/>Sesim yasak, g\u00f6r\u00fcnt\u00fcm yasak, foto\u011fraf\u0131m yasak, X hesab\u0131m yasak, mahkemeye gelmem yasak, savunma yapmam yasak!&#8221;<\/p>\n\n\n\n<figure class=\"wp-block-embed is-type-rich is-provider-x wp-block-embed-x\"><div class=\"wp-block-embed__wrapper\">\n<blockquote class=\"twitter-tweet\" data-width=\"550\" data-dnt=\"true\"><p lang=\"tr\" dir=\"ltr\">Benimle yar\u0131\u015fmaktan korkuyor. Sesimden, s\u00f6z\u00fcmden, g\u00f6r\u00fcnt\u00fcmden, ismimden korkuyor. O y\u00fczden:<br><br>Sesim yasak,<br>g\u00f6r\u00fcnt\u00fcm yasak,<br>foto\u011fraf\u0131m yasak,<br>X hesab\u0131m yasak,<br>mahkemeye gelmem yasak,<br>savunma yapmam yasak!<\/p>&mdash; Cumhurba\u015fkanl\u0131\u011f\u0131 Aday Ofisi (@CAOIletisim1) <a href=\"https:\/\/x.com\/CAOIletisim1\/status\/2075523699399151641?ref_src=twsrc%5Etfw\">July 10, 2026<\/a><\/blockquote><script async src=\"https:\/\/platform.x.com\/widgets.js\" charset=\"utf-8\"><\/script>\n<\/div><\/figure>\n","protected":false},"excerpt":{"rendered":"<p>\u0130BB Ba\u015fkan\u0131 Ekrem \u0130mamo\u011flu, davas\u0131n\u0131n son celsesinde savunma yapmas\u0131n\u0131n engellenmesi hakk\u0131nda a\u00e7\u0131klama yapt\u0131. Tutuklu \u0130stanbul B\u00fcy\u00fck\u015fehir Belediye (\u0130BB) Ba\u015fkan\u0131 Ekrem \u0130mamo\u011flu, \u0130BB davas\u0131n\u0131n son celsesinde savunma yapmas\u0131n\u0131n engellenmesi hakk\u0131nda a\u00e7\u0131klama yapt\u0131. Mahkeme karar\u0131yla duru\u015fma salonuna gelmesi engellenen Ekrem \u0130mamo\u011flu, yapt\u0131\u011f\u0131 a\u00e7\u0131klamada maruz kald\u0131\u011f\u0131 k\u0131s\u0131tlamalar\u0131 s\u0131ralad\u0131. Cumhurba\u015fkanl\u0131\u011f\u0131 Aday Ofisi&#8217;nin X hesab\u0131ndan yap\u0131lan payla\u015f\u0131mda \u015funlar\u0131 kaydetti: &#8220;Benimle [&hellip;]<\/p>\n","protected":false},"author":12791,"featured_media":168525,"comment_status":"open","ping_status":"open","sticky":false,"template":"","format":"standard","meta":{"_yoast_wpseo_focuskw":"Ekrem \u0130mamo\u011flu","_yoast_wpseo_title":"","_yoast_wpseo_metadesc":"\u0130BB Ba\u015fkan\u0131 Ekrem \u0130mamo\u011flu, davas\u0131n\u0131n son celsesinde savunma yapmas\u0131n\u0131n engellenmesi hakk\u0131nda a\u00e7\u0131klama yapt\u0131.","_bbp_topic_count":0,"_bbp_reply_count":0,"_bbp_total_topic_count":0,"_bbp_total_reply_count":0,"_bbp_voice_count":0,"_bbp_anonymous_reply_count":0,"_bbp_topic_count_hidden":0,"_bbp_reply_count_hidden":0,"_bbp_forum_subforum_count":0,"footnotes":"","_yoast_wpseo_focuskw_text_input":""},"categories":[1,8138,8226,37],"tags":[7419,11616,7125,8717],"yoast_head":"<!-- This site is optimized with the Yoast SEO plugin v23.0 - https:\/\/yoast.com\/wordpress\/plugins\/seo\/ -->\n<title>\u0130BB Ba\u015fkan\u0131 Ekrem \u0130mamo\u011flu: &quot;Benimle Yar\u0131\u015fmaktan Korkuyor&quot; - The Epoch Times TR<\/title>\n<meta name=\"description\" content=\"\u0130BB Ba\u015fkan\u0131 Ekrem \u0130mamo\u011flu, davas\u0131n\u0131n son celsesinde savunma yapmas\u0131n\u0131n engellenmesi hakk\u0131nda a\u00e7\u0131klama yapt\u0131.\" \/>\n<meta name=\"robots\" content=\"index, follow, max-snippet:-1, max-image-preview:large, max-video-preview:-1\" \/>\n<link rel=\"canonical\" href=\"https:\/\/epochtimestr.com\/index.php\/ibb-baskani-ekrem-imamoglu-benimle-yarismaktan-korkuyor\" \/>\n<meta property=\"og:locale\" content=\"tr_TR\" \/>\n<meta property=\"og:type\" content=\"article\" \/>\n<meta property=\"og:title\" content=\"\u0130BB Ba\u015fkan\u0131 Ekrem \u0130mamo\u011flu: &quot;Benimle Yar\u0131\u015fmaktan Korkuyor&quot; - The Epoch Times TR\" \/>\n<meta property=\"og:description\" content=\"\u0130BB Ba\u015fkan\u0131 Ekrem \u0130mamo\u011flu, davas\u0131n\u0131n son celsesinde savunma yapmas\u0131n\u0131n engellenmesi hakk\u0131nda a\u00e7\u0131klama yapt\u0131.\" \/>\n<meta property=\"og:url\" content=\"https:\/\/epochtimestr.com\/index.php\/ibb-baskani-ekrem-imamoglu-benimle-yarismaktan-korkuyor\" \/>\n<meta property=\"og:site_name\" content=\"The Epoch Times TR\" \/>\n<meta property=\"article:publisher\" content=\"https:\/\/www.facebook.com\/theepochtimestr\" \/>\n<meta property=\"article:published_time\" content=\"2026-07-11T05:28:32+00:00\" \/>\n<meta property=\"article:modified_time\" content=\"2026-07-11T05:32:33+00:00\" \/>\n<meta property=\"og:image\" content=\"https:\/\/epochtimestr.com\/wp-content\/uploads\/2011y\/imamoglu-22-edited.webp\" \/>\n\t<meta property=\"og:image:width\" content=\"749\" \/>\n\t<meta property=\"og:image:height\" content=\"934\" \/>\n\t<meta property=\"og:image:type\" content=\"image\/webp\" \/>\n<meta name=\"author\" content=\"Haber Merkezi\" \/>\n<meta name=\"twitter:card\" content=\"summary_large_image\" \/>\n<meta name=\"twitter:creator\" content=\"@TheEpochTimesTR\" \/>\n<meta name=\"twitter:site\" content=\"@TheEpochTimesTR\" \/>\n<meta name=\"twitter:label1\" content=\"Yazan:\" \/>\n\t<meta name=\"twitter:data1\" content=\"Haber Merkezi\" \/>\n\t<meta name=\"twitter:label2\" content=\"Tahmini okuma s\u00fcresi\" \/>\n\t<meta name=\"twitter:data2\" content=\"1 dakika\" \/>\n<script type=\"application\/ld+json\" class=\"yoast-schema-graph\">{\"@context\":\"https:\/\/schema.org\",\"@graph\":[{\"@type\":\"Article\",\"@id\":\"https:\/\/epochtimestr.com\/index.php\/ibb-baskani-ekrem-imamoglu-benimle-yarismaktan-korkuyor#article\",\"isPartOf\":{\"@id\":\"https:\/\/epochtimestr.com\/index.php\/ibb-baskani-ekrem-imamoglu-benimle-yarismaktan-korkuyor\"},\"author\":{\"name\":\"Haber Merkezi\",\"@id\":\"https:\/\/epochtimestr.com\/#\/schema\/person\/3dc5c3adeb9f43923c5aa85889172fdd\"},\"headline\":\"\u0130BB Ba\u015fkan\u0131 Ekrem \u0130mamo\u011flu: &#8220;Benimle Yar\u0131\u015fmaktan Korkuyor&#8221;\",\"datePublished\":\"2026-07-11T05:28:32+00:00\",\"dateModified\":\"2026-07-11T05:32:33+00:00\",\"mainEntityOfPage\":{\"@id\":\"https:\/\/epochtimestr.com\/index.php\/ibb-baskani-ekrem-imamoglu-benimle-yarismaktan-korkuyor\"},\"wordCount\":152,\"commentCount\":0,\"publisher\":{\"@id\":\"https:\/\/epochtimestr.com\/#organization\"},\"image\":{\"@id\":\"https:\/\/epochtimestr.com\/index.php\/ibb-baskani-ekrem-imamoglu-benimle-yarismaktan-korkuyor#primaryimage\"},\"thumbnailUrl\":\"https:\/\/epochtimestr.com\/wp-content\/uploads\/2011y\/imamoglu-22-edited.webp\",\"keywords\":[\"Ekrem \u0130mamo\u011flu\",\"\u0130BB davas\u0131\",\"savunma\",\"Tutuklu\"],\"articleSection\":[\"G\u00dcNDEM\",\"MAN\u015eET\",\"Siyaset\",\"T\u00dcRK\u0130YE\"],\"inLanguage\":\"tr\",\"potentialAction\":[{\"@type\":\"CommentAction\",\"name\":\"Comment\",\"target\":[\"https:\/\/epochtimestr.com\/index.php\/ibb-baskani-ekrem-imamoglu-benimle-yarismaktan-korkuyor#respond\"]}]},{\"@type\":\"WebPage\",\"@id\":\"https:\/\/epochtimestr.com\/index.php\/ibb-baskani-ekrem-imamoglu-benimle-yarismaktan-korkuyor\",\"url\":\"https:\/\/epochtimestr.com\/index.php\/ibb-baskani-ekrem-imamoglu-benimle-yarismaktan-korkuyor\",\"name\":\"\u0130BB Ba\u015fkan\u0131 Ekrem \u0130mamo\u011flu: \\\"Benimle Yar\u0131\u015fmaktan Korkuyor\\\" - The Epoch Times TR\",\"isPartOf\":{\"@id\":\"https:\/\/epochtimestr.com\/#website\"},\"primaryImageOfPage\":{\"@id\":\"https:\/\/epochtimestr.com\/index.php\/ibb-baskani-ekrem-imamoglu-benimle-yarismaktan-korkuyor#primaryimage\"},\"image\":{\"@id\":\"https:\/\/epochtimestr.com\/index.php\/ibb-baskani-ekrem-imamoglu-benimle-yarismaktan-korkuyor#primaryimage\"},\"thumbnailUrl\":\"https:\/\/epochtimestr.com\/wp-content\/uploads\/2011y\/imamoglu-22-edited.webp\",\"datePublished\":\"2026-07-11T05:28:32+00:00\",\"dateModified\":\"2026-07-11T05:32:33+00:00\",\"description\":\"\u0130BB Ba\u015fkan\u0131 Ekrem \u0130mamo\u011flu, davas\u0131n\u0131n son celsesinde savunma yapmas\u0131n\u0131n engellenmesi hakk\u0131nda a\u00e7\u0131klama yapt\u0131.\",\"inLanguage\":\"tr\",\"potentialAction\":[{\"@type\":\"ReadAction\",\"target\":[\"https:\/\/epochtimestr.com\/index.php\/ibb-baskani-ekrem-imamoglu-benimle-yarismaktan-korkuyor\"]}]},{\"@type\":\"ImageObject\",\"inLanguage\":\"tr\",\"@id\":\"https:\/\/epochtimestr.com\/index.php\/ibb-baskani-ekrem-imamoglu-benimle-yarismaktan-korkuyor#primaryimage\",\"url\":\"https:\/\/epochtimestr.com\/wp-content\/uploads\/2011y\/imamoglu-22-edited.webp\",\"contentUrl\":\"https:\/\/epochtimestr.com\/wp-content\/uploads\/2011y\/imamoglu-22-edited.webp\",\"width\":749,\"height\":934},{\"@type\":\"WebSite\",\"@id\":\"https:\/\/epochtimestr.com\/#website\",\"url\":\"https:\/\/epochtimestr.com\/\",\"name\":\"The Epoch Times TR\",\"description\":\"De\u011fi\u015fen D\u00fcnyam\u0131za Taze Bir Bak\u0131\u015f\",\"publisher\":{\"@id\":\"https:\/\/epochtimestr.com\/#organization\"},\"potentialAction\":[{\"@type\":\"SearchAction\",\"target\":{\"@type\":\"EntryPoint\",\"urlTemplate\":\"https:\/\/epochtimestr.com\/?s={search_term_string}\"},\"query-input\":\"required name=search_term_string\"}],\"inLanguage\":\"tr\"},{\"@type\":\"Organization\",\"@id\":\"https:\/\/epochtimestr.com\/#organization\",\"name\":\"The EpochTimes T\u00fcrkiye\",\"url\":\"https:\/\/epochtimestr.com\/\",\"logo\":{\"@type\":\"ImageObject\",\"inLanguage\":\"tr\",\"@id\":\"https:\/\/epochtimestr.com\/#\/schema\/logo\/image\/\",\"url\":\"https:\/\/epochtimestr.com\/wp-content\/uploads\/2011y\/ET-Logo-YG.jpg\",\"contentUrl\":\"https:\/\/epochtimestr.com\/wp-content\/uploads\/2011y\/ET-Logo-YG.jpg\",\"width\":346,\"height\":29,\"caption\":\"The EpochTimes T\u00fcrkiye\"},\"image\":{\"@id\":\"https:\/\/epochtimestr.com\/#\/schema\/logo\/image\/\"},\"sameAs\":[\"https:\/\/www.facebook.com\/theepochtimestr\",\"https:\/\/x.com\/TheEpochTimesTR\",\"https:\/\/www.instagram.com\/epochtimestr\"]},{\"@type\":\"Person\",\"@id\":\"https:\/\/epochtimestr.com\/#\/schema\/person\/3dc5c3adeb9f43923c5aa85889172fdd\",\"name\":\"Haber Merkezi\",\"image\":{\"@type\":\"ImageObject\",\"inLanguage\":\"tr\",\"@id\":\"https:\/\/epochtimestr.com\/#\/schema\/person\/image\/\",\"url\":\"https:\/\/secure.gravatar.com\/avatar\/d73f772ba5a74f28601361e17c2f93e6?s=96&d=mm&r=g\",\"contentUrl\":\"https:\/\/secure.gravatar.com\/avatar\/d73f772ba5a74f28601361e17c2f93e6?s=96&d=mm&r=g\",\"caption\":\"Haber Merkezi\"},\"url\":\"https:\/\/epochtimestr.com\/index.php\/author\/sendag\"}]}<\/script>\n<!-- \/ Yoast SEO plugin. -->","yoast_head_json":{"title":"\u0130BB Ba\u015fkan\u0131 Ekrem \u0130mamo\u011flu: \"Benimle Yar\u0131\u015fmaktan Korkuyor\" - The Epoch Times TR","description":"\u0130BB Ba\u015fkan\u0131 Ekrem \u0130mamo\u011flu, davas\u0131n\u0131n son celsesinde savunma yapmas\u0131n\u0131n engellenmesi hakk\u0131nda a\u00e7\u0131klama yapt\u0131.","robots":{"index":"index","follow":"follow","max-snippet":"max-snippet:-1","max-image-preview":"max-image-preview:large","max-video-preview":"max-video-preview:-1"},"canonical":"https:\/\/epochtimestr.com\/index.php\/ibb-baskani-ekrem-imamoglu-benimle-yarismaktan-korkuyor","og_locale":"tr_TR","og_type":"article","og_title":"\u0130BB Ba\u015fkan\u0131 Ekrem \u0130mamo\u011flu: \"Benimle Yar\u0131\u015fmaktan Korkuyor\" - The Epoch Times TR","og_description":"\u0130BB Ba\u015fkan\u0131 Ekrem \u0130mamo\u011flu, davas\u0131n\u0131n son celsesinde savunma yapmas\u0131n\u0131n engellenmesi hakk\u0131nda a\u00e7\u0131klama yapt\u0131.","og_url":"https:\/\/epochtimestr.com\/index.php\/ibb-baskani-ekrem-imamoglu-benimle-yarismaktan-korkuyor","og_site_name":"The Epoch Times TR","article_publisher":"https:\/\/www.facebook.com\/theepochtimestr","article_published_time":"2026-07-11T05:28:32+00:00","article_modified_time":"2026-07-11T05:32:33+00:00","og_image":[{"width":749,"height":934,"url":"https:\/\/epochtimestr.com\/wp-content\/uploads\/2011y\/imamoglu-22-edited.webp","type":"image\/webp"}],"author":"Haber Merkezi","twitter_card":"summary_large_image","twitter_creator":"@TheEpochTimesTR","twitter_site":"@TheEpochTimesTR","twitter_misc":{"Yazan:":"Haber Merkezi","Tahmini okuma s\u00fcresi":"1 dakika"},"schema":{"@context":"https:\/\/schema.org","@graph":[{"@type":"Article","@id":"https:\/\/epochtimestr.com\/index.php\/ibb-baskani-ekrem-imamoglu-benimle-yarismaktan-korkuyor#article","isPartOf":{"@id":"https:\/\/epochtimestr.com\/index.php\/ibb-baskani-ekrem-imamoglu-benimle-yarismaktan-korkuyor"},"author":{"name":"Haber Merkezi","@id":"https:\/\/epochtimestr.com\/#\/schema\/person\/3dc5c3adeb9f43923c5aa85889172fdd"},"headline":"\u0130BB Ba\u015fkan\u0131 Ekrem \u0130mamo\u011flu: &#8220;Benimle Yar\u0131\u015fmaktan Korkuyor&#8221;","datePublished":"2026-07-11T05:28:32+00:00","dateModified":"2026-07-11T05:32:33+00:00","mainEntityOfPage":{"@id":"https:\/\/epochtimestr.com\/index.php\/ibb-baskani-ekrem-imamoglu-benimle-yarismaktan-korkuyor"},"wordCount":152,"commentCount":0,"publisher":{"@id":"https:\/\/epochtimestr.com\/#organization"},"image":{"@id":"https:\/\/epochtimestr.com\/index.php\/ibb-baskani-ekrem-imamoglu-benimle-yarismaktan-korkuyor#primaryimage"},"thumbnailUrl":"https:\/\/epochtimestr.com\/wp-content\/uploads\/2011y\/imamoglu-22-edited.webp","keywords":["Ekrem \u0130mamo\u011flu","\u0130BB davas\u0131","savunma","Tutuklu"],"articleSection":["G\u00dcNDEM","MAN\u015eET","Siyaset","T\u00dcRK\u0130YE"],"inLanguage":"tr","potentialAction":[{"@type":"CommentAction","name":"Comment","target":["https:\/\/epochtimestr.com\/index.php\/ibb-baskani-ekrem-imamoglu-benimle-yarismaktan-korkuyor#respond"]}]},{"@type":"WebPage","@id":"https:\/\/epochtimestr.com\/index.php\/ibb-baskani-ekrem-imamoglu-benimle-yarismaktan-korkuyor","url":"https:\/\/epochtimestr.com\/index.php\/ibb-baskani-ekrem-imamoglu-benimle-yarismaktan-korkuyor","name":"\u0130BB Ba\u015fkan\u0131 Ekrem \u0130mamo\u011flu: \"Benimle Yar\u0131\u015fmaktan Korkuyor\" - The Epoch Times TR","isPartOf":{"@id":"https:\/\/epochtimestr.com\/#website"},"primaryImageOfPage":{"@id":"https:\/\/epochtimestr.com\/index.php\/ibb-baskani-ekrem-imamoglu-benimle-yarismaktan-korkuyor#primaryimage"},"image":{"@id":"https:\/\/epochtimestr.com\/index.php\/ibb-baskani-ekrem-imamoglu-benimle-yarismaktan-korkuyor#primaryimage"},"thumbnailUrl":"https:\/\/epochtimestr.com\/wp-content\/uploads\/2011y\/imamoglu-22-edited.webp","datePublished":"2026-07-11T05:28:32+00:00","dateModified":"2026-07-11T05:32:33+00:00","description":"\u0130BB Ba\u015fkan\u0131 Ekrem \u0130mamo\u011flu, davas\u0131n\u0131n son celsesinde savunma yapmas\u0131n\u0131n engellenmesi hakk\u0131nda a\u00e7\u0131klama yapt\u0131.","inLanguage":"tr","potentialAction":[{"@type":"ReadAction","target":["https:\/\/epochtimestr.com\/index.php\/ibb-baskani-ekrem-imamoglu-benimle-yarismaktan-korkuyor"]}]},{"@type":"ImageObject","inLanguage":"tr","@id":"https:\/\/epochtimestr.com\/index.php\/ibb-baskani-ekrem-imamoglu-benimle-yarismaktan-korkuyor#primaryimage","url":"https:\/\/epochtimestr.com\/wp-content\/uploads\/2011y\/imamoglu-22-edited.webp","contentUrl":"https:\/\/epochtimestr.com\/wp-content\/uploads\/2011y\/imamoglu-22-edited.webp","width":749,"height":934},{"@type":"WebSite","@id":"https:\/\/epochtimestr.com\/#website","url":"https:\/\/epochtimestr.com\/","name":"The Epoch Times TR","description":"De\u011fi\u015fen D\u00fcnyam\u0131za Taze Bir Bak\u0131\u015f","publisher":{"@id":"https:\/\/epochtimestr.com\/#organization"},"potentialAction":[{"@type":"SearchAction","target":{"@type":"EntryPoint","urlTemplate":"https:\/\/epochtimestr.com\/?s={search_term_string}"},"query-input":"required name=search_term_string"}],"inLanguage":"tr"},{"@type":"Organization","@id":"https:\/\/epochtimestr.com\/#organization","name":"The EpochTimes T\u00fcrkiye","url":"https:\/\/epochtimestr.com\/","logo":{"@type":"ImageObject","inLanguage":"tr","@id":"https:\/\/epochtimestr.com\/#\/schema\/logo\/image\/","url":"https:\/\/epochtimestr.com\/wp-content\/uploads\/2011y\/ET-Logo-YG.jpg","contentUrl":"https:\/\/epochtimestr.com\/wp-content\/uploads\/2011y\/ET-Logo-YG.jpg","width":346,"height":29,"caption":"The EpochTimes T\u00fcrkiye"},"image":{"@id":"https:\/\/epochtimestr.com\/#\/schema\/logo\/image\/"},"sameAs":["https:\/\/www.facebook.com\/theepochtimestr","https:\/\/x.com\/TheEpochTimesTR","https:\/\/www.instagram.com\/epochtimestr"]},{"@type":"Person","@id":"https:\/\/epochtimestr.com\/#\/schema\/person\/3dc5c3adeb9f43923c5aa85889172fdd","name":"Haber Merkezi","image":{"@type":"ImageObject","inLanguage":"tr","@id":"https:\/\/epochtimestr.com\/#\/schema\/person\/image\/","url":"https:\/\/secure.gravatar.com\/avatar\/d73f772ba5a74f28601361e17c2f93e6?s=96&d=mm&r=g","contentUrl":"https:\/\/secure.gravatar.com\/avatar\/d73f772ba5a74f28601361e17c2f93e6?s=96&d=mm&r=g","caption":"Haber Merkezi"},"url":"https:\/\/epochtimestr.com\/index.php\/author\/sendag"}]}},"_links":{"self":[{"href":"https:\/\/epochtimestr.com\/index.php\/wp-json\/wp\/v2\/posts\/168511"}],"collection":[{"href":"https:\/\/epochtimestr.com\/index.php\/wp-json\/wp\/v2\/posts"}],"about":[{"href":"https:\/\/epochtimestr.com\/index.php\/wp-json\/wp\/v2\/types\/post"}],"author":[{"embeddable":true,"href":"https:\/\/epochtimestr.com\/index.php\/wp-json\/wp\/v2\/users\/12791"}],"replies":[{"embeddable":true,"href":"https:\/\/epochtimestr.com\/index.php\/wp-json\/wp\/v2\/comments?post=168511"}],"version-history":[{"count":3,"href":"https:\/\/epochtimestr.com\/index.php\/wp-json\/wp\/v2\/posts\/168511\/revisions"}],"predecessor-version":[{"id":168526,"href":"https:\/\/epochtimestr.com\/index.php\/wp-json\/wp\/v2\/posts\/168511\/revisions\/168526"}],"wp:featuredmedia":[{"embeddable":true,"href":"https:\/\/epochtimestr.com\/index.php\/wp-json\/wp\/v2\/media\/168525"}],"wp:attachment":[{"href":"https:\/\/epochtimestr.com\/index.php\/wp-json\/wp\/v2\/media?parent=168511"}],"wp:term":[{"taxonomy":"category","embeddable":true,"href":"https:\/\/epochtimestr.com\/index.php\/wp-json\/wp\/v2\/categories?post=168511"},{"taxonomy":"post_tag","embeddable":true,"href":"https:\/\/epochtimestr.com\/index.php\/wp-json\/wp\/v2\/tags?post=168511"}],"curies":[{"name":"wp","href":"https:\/\/api.w.org\/{rel}","templated":true}]}}