{"id":168548,"date":"2026-07-12T07:00:00","date_gmt":"2026-07-12T04:00:00","guid":{"rendered":"https:\/\/epochtimestr.com\/?p=168548"},"modified":"2026-07-11T22:14:59","modified_gmt":"2026-07-11T19:14:59","slug":"vesayet-altinda-adalet","status":"publish","type":"post","link":"https:\/\/epochtimestr.com\/index.php\/vesayet-altinda-adalet","title":{"rendered":"Vesayet Alt\u0131nda Adalet"},"content":{"rendered":"\n<h2 class=\"wp-block-heading\">&#8220;Babam\u0131n Paras\u0131n\u0131 Harcayabilir miyim?&#8221;<\/h2>\n\n\n\n<p>Vesayet, hukuk sistemimizde olduk\u00e7a hassas bir denge \u00fczerine kuruludur. Bir yak\u0131n\u0131n\u0131z\u0131n sa\u011fl\u0131\u011f\u0131 veya idrak yetisi nedeniyle mahkeme taraf\u0131ndan &#8220;k\u0131s\u0131tl\u0131&#8221; ilan edilmesi ve sizin &#8220;vasi&#8221; olarak atanman\u0131z, sadece bir ka\u011f\u0131t par\u00e7as\u0131 de\u011fil, ciddi bir sorumluluk ve g\u00fcven ili\u015fkisidir.<\/p>\n\n\n\n<p>Bu s\u00fcre\u00e7te en \u00e7ok merak edilen ve zaman zaman vasi olan yak\u0131nlar\u0131 ikilemde b\u0131rakan soru \u015fudur:&nbsp;<em>&#8220;Babama bir avukat tutmam gerekiyor, haberi yok veya istemiyor; \u00fccretini babam\u0131n hesab\u0131ndan \u00f6deyebilir miyim?&#8221;<\/em><\/p>\n\n\n\n<h3 class=\"wp-block-heading\">Hukukun Pusulas\u0131: &#8220;Ki\u015finin Menfaati&#8221;<\/h3>\n\n\n\n<p>Hukuk, vesayet alt\u0131ndaki ki\u015fiyi korumak i\u00e7in tasarlanm\u0131\u015ft\u0131r. Bu sistemin merkezinde &#8220;k\u0131s\u0131tl\u0131n\u0131n menfaati&#8221; yatar. E\u011fer baban\u0131z bir hukuki s\u00fcre\u00e7le kar\u015f\u0131 kar\u015f\u0131yaysa, miras\u0131n\u0131 korumak ad\u0131na bir ad\u0131m at\u0131lmas\u0131 gerekiyorsa veya yasal haklar\u0131n\u0131 savunmak i\u00e7in profesyonel bir deste\u011fe ihtiya\u00e7 duyuyorsa, vasi olarak sizin bu ad\u0131m\u0131 atman\u0131z sadece bir hak de\u011fil, ayn\u0131 zamanda bir g\u00f6revdir.<\/p>\n\n\n\n<p>Baban\u0131z\u0131n bu avukatl\u0131k hizmetinden haberdar olmas\u0131 veya buna onay vermesi \u015fart de\u011fildir. Hukuk, k\u0131s\u0131tl\u0131n\u0131n iradesinin zay\u0131flad\u0131\u011f\u0131 noktada devreye girer. Dolay\u0131s\u0131yla,\u00a0<strong>&#8220;Babam istemiyor \/ bilmiyor&#8221;<\/strong>\u00a0gerek\u00e7esi, onun haklar\u0131n\u0131 savunman\u0131za engel te\u015fkil etmez.<\/p>\n\n\n\n<h3 class=\"wp-block-heading\">&#8220;Kendi Param\u0131z De\u011fil, Emanet&#8221;<\/h3>\n\n\n\n<p>Ancak burada en kritik ayr\u0131m \u015fudur: Baban\u0131z\u0131n hesab\u0131, sizin \u015fahsi banka hesab\u0131n\u0131z de\u011fildir. Vasi olarak siz, o paran\u0131n sadece &#8220;yediemini&#8221; (emanet\u00e7isi) konumundas\u0131n\u0131z. Bu nedenle, baban\u0131z\u0131n haberi olsa da olmasa da yapaca\u011f\u0131n\u0131z her kuru\u015fluk harcaman\u0131n&nbsp;<strong>&#8220;hesap verebilir&#8221;<\/strong>&nbsp;olmas\u0131 \u015fartt\u0131r.<\/p>\n\n\n\n<p>Peki, bu hesap verilebilirlik nas\u0131l sa\u011flan\u0131r?<\/p>\n\n\n\n<ol start=\"1\">\n<li><strong>Mahkemenin G\u00f6z\u00fc \u00dczerinizde:<\/strong>\u00a0Mahkemeden izinsiz yap\u0131lan her b\u00fcy\u00fck harcama, yar\u0131n bir g\u00fcn &#8220;vasi g\u00f6revi k\u00f6t\u00fcye kullan\u0131ld\u0131 m\u0131?&#8221; sorusunu do\u011furur. Avukatl\u0131k \u00fccreti gibi ciddi bir \u00f6demeyi, mahkemeden\u00a0<strong>&#8220;vasiye, k\u0131s\u0131tl\u0131 ad\u0131na avukat tutma yetkisi verilmesi&#8221;<\/strong>\u00a0karar\u0131n\u0131 almadan yaparsan\u0131z, ileride mahkemeye sunaca\u011f\u0131n\u0131z hesap d\u00f6k\u00fcmlerinde a\u00e7\u0131klama yapamaz hale gelirsiniz.<\/li>\n\n\n\n<li><strong>Belgelendirme:<\/strong>\u00a0\u00d6denen her kuru\u015fun fatural\u0131, makbuzlu ve \u015feffaf olmas\u0131 gerekir. \u0130leride olu\u015fabilecek bir miras\u0131 reddeden akraba itiraz\u0131 veya denetim makam\u0131 sorgulamas\u0131 kar\u015f\u0131s\u0131nda, avukatla aran\u0131zdaki s\u00f6zle\u015fme ve mahkeme izni sizin en g\u00fc\u00e7l\u00fc kalkan\u0131n\u0131zd\u0131r.<\/li>\n<\/ol>\n\n\n\n<h3 class=\"wp-block-heading\">Sonu\u00e7: \u015eeffafl\u0131k G\u00fcvenin Temelidir<\/h3>\n\n\n\n<p>Vasilik, sadece bir evrak i\u015fi de\u011fil, k\u0131s\u0131tl\u0131ya kar\u015f\u0131 duyulan vicdani bir sorumluluktur. Baban\u0131z\u0131n ad\u0131na avukat tutmak i\u00e7in onun onay\u0131n\u0131 araman\u0131za gerek yoktur, ancak&nbsp;<strong>hukuki s\u00fcre\u00e7lerin \u015feffafl\u0131\u011f\u0131na<\/strong>&nbsp;ihtiyac\u0131n\u0131z vard\u0131r.<\/p>\n\n\n\n<p>Siz baban\u0131z\u0131n haklar\u0131n\u0131 korumak i\u00e7in elinizden geleni yaparken, mahkemeyi s\u00fcre\u00e7ten haberdar etmek (yani izin almak) hem sizin yasal sorumlulu\u011funuzu ortadan kald\u0131r\u0131r hem de &#8220;acaba bir g\u00fcn yanl\u0131\u015f m\u0131 anla\u015f\u0131l\u0131r\u0131m?&#8221; korkunuzu bertaraf eder. Unutmay\u0131n iyi bir vasi, k\u0131s\u0131tl\u0131n\u0131n sadece paras\u0131n\u0131 de\u011fil, ona olan g\u00fcveni ve yasal haklar\u0131n\u0131 da mahkeme huzurunda titizlikle koruyan ki\u015fidir.<\/p>\n\n\n\n<p>Hukuki s\u00fcre\u00e7lerinizi resmiyete d\u00f6kmek, att\u0131\u011f\u0131n\u0131z her ad\u0131m\u0131 bir mahkeme karar\u0131 ile sa\u011flamla\u015ft\u0131rmak, hem baban\u0131z\u0131 hem de sizi g\u00fcvende tutacakt\u0131r.<\/p>\n","protected":false},"excerpt":{"rendered":"<p>&#8220;Babam\u0131n Paras\u0131n\u0131 Harcayabilir miyim?&#8221; Vesayet, hukuk sistemimizde olduk\u00e7a hassas bir denge \u00fczerine kuruludur. Bir yak\u0131n\u0131n\u0131z\u0131n sa\u011fl\u0131\u011f\u0131 veya idrak yetisi nedeniyle mahkeme taraf\u0131ndan &#8220;k\u0131s\u0131tl\u0131&#8221; ilan edilmesi ve sizin &#8220;vasi&#8221; olarak atanman\u0131z, sadece bir ka\u011f\u0131t par\u00e7as\u0131 de\u011fil, ciddi bir sorumluluk ve g\u00fcven ili\u015fkisidir. Bu s\u00fcre\u00e7te en \u00e7ok merak edilen ve zaman zaman vasi olan yak\u0131nlar\u0131 ikilemde b\u0131rakan [&hellip;]<\/p>\n","protected":false},"author":14013,"featured_media":167144,"comment_status":"open","ping_status":"open","sticky":false,"template":"","format":"standard","meta":{"_yoast_wpseo_focuskw":"Vesayet","_yoast_wpseo_title":"","_yoast_wpseo_metadesc":"Vesayet, hukuk sistemimizde olduk\u00e7a hassas bir denge \u00fczerine kuruludur. Vasilik, k\u0131s\u0131tl\u0131ya kar\u015f\u0131 duyulan vicdani bir sorumluluktur.","_bbp_topic_count":0,"_bbp_reply_count":0,"_bbp_total_topic_count":0,"_bbp_total_reply_count":0,"_bbp_voice_count":0,"_bbp_anonymous_reply_count":0,"_bbp_topic_count_hidden":0,"_bbp_reply_count_hidden":0,"_bbp_forum_subforum_count":0,"footnotes":"","_yoast_wpseo_focuskw_text_input":""},"categories":[11361],"tags":[],"yoast_head":"<!-- This site is optimized with the Yoast SEO plugin v23.0 - https:\/\/yoast.com\/wordpress\/plugins\/seo\/ -->\n<title>Vesayet Alt\u0131nda Adalet - The Epoch Times TR<\/title>\n<meta name=\"description\" content=\"Vesayet, hukuk sistemimizde olduk\u00e7a hassas bir denge \u00fczerine kuruludur. Vasilik, k\u0131s\u0131tl\u0131ya kar\u015f\u0131 duyulan vicdani bir sorumluluktur.\" \/>\n<meta name=\"robots\" content=\"index, follow, max-snippet:-1, max-image-preview:large, max-video-preview:-1\" \/>\n<link rel=\"canonical\" href=\"https:\/\/epochtimestr.com\/index.php\/vesayet-altinda-adalet\" \/>\n<meta property=\"og:locale\" content=\"tr_TR\" \/>\n<meta property=\"og:type\" content=\"article\" \/>\n<meta property=\"og:title\" content=\"Vesayet Alt\u0131nda Adalet - The Epoch Times TR\" \/>\n<meta property=\"og:description\" content=\"Vesayet, hukuk sistemimizde olduk\u00e7a hassas bir denge \u00fczerine kuruludur. Vasilik, k\u0131s\u0131tl\u0131ya kar\u015f\u0131 duyulan vicdani bir sorumluluktur.\" \/>\n<meta property=\"og:url\" content=\"https:\/\/epochtimestr.com\/index.php\/vesayet-altinda-adalet\" \/>\n<meta property=\"og:site_name\" content=\"The Epoch Times TR\" \/>\n<meta property=\"article:publisher\" content=\"https:\/\/www.facebook.com\/theepochtimestr\" \/>\n<meta property=\"article:published_time\" content=\"2026-07-12T04:00:00+00:00\" \/>\n<meta property=\"article:modified_time\" content=\"2026-07-11T19:14:59+00:00\" \/>\n<meta property=\"og:image\" content=\"https:\/\/epochtimestr.com\/wp-content\/uploads\/2011y\/ali-kekliktepe-SM.jpeg\" \/>\n\t<meta property=\"og:image:width\" content=\"1200\" \/>\n\t<meta property=\"og:image:height\" content=\"630\" \/>\n\t<meta property=\"og:image:type\" content=\"image\/jpeg\" \/>\n<meta name=\"author\" content=\"Ali Kekliktepe\" \/>\n<meta name=\"twitter:card\" content=\"summary_large_image\" \/>\n<meta name=\"twitter:creator\" content=\"@TheEpochTimesTR\" \/>\n<meta name=\"twitter:site\" content=\"@TheEpochTimesTR\" \/>\n<meta name=\"twitter:label1\" content=\"Yazan:\" \/>\n\t<meta name=\"twitter:data1\" content=\"Ali Kekliktepe\" \/>\n\t<meta name=\"twitter:label2\" content=\"Tahmini okuma s\u00fcresi\" \/>\n\t<meta name=\"twitter:data2\" content=\"3 dakika\" \/>\n<script type=\"application\/ld+json\" class=\"yoast-schema-graph\">{\"@context\":\"https:\/\/schema.org\",\"@graph\":[{\"@type\":\"Article\",\"@id\":\"https:\/\/epochtimestr.com\/index.php\/vesayet-altinda-adalet#article\",\"isPartOf\":{\"@id\":\"https:\/\/epochtimestr.com\/index.php\/vesayet-altinda-adalet\"},\"author\":{\"name\":\"Ali Kekliktepe\",\"@id\":\"https:\/\/epochtimestr.com\/#\/schema\/person\/da94a416fed1aed029d0a47e85673b95\"},\"headline\":\"Vesayet Alt\u0131nda Adalet\",\"datePublished\":\"2026-07-12T04:00:00+00:00\",\"dateModified\":\"2026-07-11T19:14:59+00:00\",\"mainEntityOfPage\":{\"@id\":\"https:\/\/epochtimestr.com\/index.php\/vesayet-altinda-adalet\"},\"wordCount\":566,\"commentCount\":0,\"publisher\":{\"@id\":\"https:\/\/epochtimestr.com\/#organization\"},\"image\":{\"@id\":\"https:\/\/epochtimestr.com\/index.php\/vesayet-altinda-adalet#primaryimage\"},\"thumbnailUrl\":\"https:\/\/epochtimestr.com\/wp-content\/uploads\/2011y\/Ali-Kekliktepe.jpg\",\"articleSection\":[\"K\u00f6\u015fe Yaz\u0131lar\u0131 Ali Kekliktepe\"],\"inLanguage\":\"tr\",\"potentialAction\":[{\"@type\":\"CommentAction\",\"name\":\"Comment\",\"target\":[\"https:\/\/epochtimestr.com\/index.php\/vesayet-altinda-adalet#respond\"]}]},{\"@type\":\"WebPage\",\"@id\":\"https:\/\/epochtimestr.com\/index.php\/vesayet-altinda-adalet\",\"url\":\"https:\/\/epochtimestr.com\/index.php\/vesayet-altinda-adalet\",\"name\":\"Vesayet Alt\u0131nda Adalet - The Epoch Times TR\",\"isPartOf\":{\"@id\":\"https:\/\/epochtimestr.com\/#website\"},\"primaryImageOfPage\":{\"@id\":\"https:\/\/epochtimestr.com\/index.php\/vesayet-altinda-adalet#primaryimage\"},\"image\":{\"@id\":\"https:\/\/epochtimestr.com\/index.php\/vesayet-altinda-adalet#primaryimage\"},\"thumbnailUrl\":\"https:\/\/epochtimestr.com\/wp-content\/uploads\/2011y\/Ali-Kekliktepe.jpg\",\"datePublished\":\"2026-07-12T04:00:00+00:00\",\"dateModified\":\"2026-07-11T19:14:59+00:00\",\"description\":\"Vesayet, hukuk sistemimizde olduk\u00e7a hassas bir denge \u00fczerine kuruludur. Vasilik, k\u0131s\u0131tl\u0131ya kar\u015f\u0131 duyulan vicdani bir sorumluluktur.\",\"inLanguage\":\"tr\",\"potentialAction\":[{\"@type\":\"ReadAction\",\"target\":[\"https:\/\/epochtimestr.com\/index.php\/vesayet-altinda-adalet\"]}]},{\"@type\":\"ImageObject\",\"inLanguage\":\"tr\",\"@id\":\"https:\/\/epochtimestr.com\/index.php\/vesayet-altinda-adalet#primaryimage\",\"url\":\"https:\/\/epochtimestr.com\/wp-content\/uploads\/2011y\/Ali-Kekliktepe.jpg\",\"contentUrl\":\"https:\/\/epochtimestr.com\/wp-content\/uploads\/2011y\/Ali-Kekliktepe.jpg\",\"width\":600,\"height\":600},{\"@type\":\"WebSite\",\"@id\":\"https:\/\/epochtimestr.com\/#website\",\"url\":\"https:\/\/epochtimestr.com\/\",\"name\":\"The Epoch Times TR\",\"description\":\"De\u011fi\u015fen D\u00fcnyam\u0131za Taze Bir Bak\u0131\u015f\",\"publisher\":{\"@id\":\"https:\/\/epochtimestr.com\/#organization\"},\"potentialAction\":[{\"@type\":\"SearchAction\",\"target\":{\"@type\":\"EntryPoint\",\"urlTemplate\":\"https:\/\/epochtimestr.com\/?s={search_term_string}\"},\"query-input\":\"required name=search_term_string\"}],\"inLanguage\":\"tr\"},{\"@type\":\"Organization\",\"@id\":\"https:\/\/epochtimestr.com\/#organization\",\"name\":\"The EpochTimes T\u00fcrkiye\",\"url\":\"https:\/\/epochtimestr.com\/\",\"logo\":{\"@type\":\"ImageObject\",\"inLanguage\":\"tr\",\"@id\":\"https:\/\/epochtimestr.com\/#\/schema\/logo\/image\/\",\"url\":\"https:\/\/epochtimestr.com\/wp-content\/uploads\/2011y\/ET-Logo-YG.jpg\",\"contentUrl\":\"https:\/\/epochtimestr.com\/wp-content\/uploads\/2011y\/ET-Logo-YG.jpg\",\"width\":346,\"height\":29,\"caption\":\"The EpochTimes T\u00fcrkiye\"},\"image\":{\"@id\":\"https:\/\/epochtimestr.com\/#\/schema\/logo\/image\/\"},\"sameAs\":[\"https:\/\/www.facebook.com\/theepochtimestr\",\"https:\/\/x.com\/TheEpochTimesTR\",\"https:\/\/www.instagram.com\/epochtimestr\"]},{\"@type\":\"Person\",\"@id\":\"https:\/\/epochtimestr.com\/#\/schema\/person\/da94a416fed1aed029d0a47e85673b95\",\"name\":\"Ali Kekliktepe\",\"image\":{\"@type\":\"ImageObject\",\"inLanguage\":\"tr\",\"@id\":\"https:\/\/epochtimestr.com\/#\/schema\/person\/image\/\",\"url\":\"https:\/\/secure.gravatar.com\/avatar\/6c965c3fc374c8f4af759baef4f38bcd?s=96&d=mm&r=g\",\"contentUrl\":\"https:\/\/secure.gravatar.com\/avatar\/6c965c3fc374c8f4af759baef4f38bcd?s=96&d=mm&r=g\",\"caption\":\"Ali Kekliktepe\"},\"description\":\"Ben Ali Kekliktepe; hayat\u0131n\u0131 \u00f6\u011frenmeye, \u00f6\u011fretmeye ve toplumsal fayda yaratmaya adam\u0131\u015f bir yazar ve profesyonelim. Kalemi sadece ka\u011f\u0131da dokunan bir ara\u00e7 de\u011fil, toplumun aksayan y\u00f6nlerine \u015fifa olan bir enstr\u00fcman olarak g\u00f6r\u00fcyorum.\",\"sameAs\":[\"https:\/\/alikekliktepemersin33.blogspot.com\/\"],\"url\":\"https:\/\/epochtimestr.com\/index.php\/author\/ali\"}]}<\/script>\n<!-- \/ Yoast SEO plugin. -->","yoast_head_json":{"title":"Vesayet Alt\u0131nda Adalet - The Epoch Times TR","description":"Vesayet, hukuk sistemimizde olduk\u00e7a hassas bir denge \u00fczerine kuruludur. Vasilik, k\u0131s\u0131tl\u0131ya kar\u015f\u0131 duyulan vicdani bir sorumluluktur.","robots":{"index":"index","follow":"follow","max-snippet":"max-snippet:-1","max-image-preview":"max-image-preview:large","max-video-preview":"max-video-preview:-1"},"canonical":"https:\/\/epochtimestr.com\/index.php\/vesayet-altinda-adalet","og_locale":"tr_TR","og_type":"article","og_title":"Vesayet Alt\u0131nda Adalet - The Epoch Times TR","og_description":"Vesayet, hukuk sistemimizde olduk\u00e7a hassas bir denge \u00fczerine kuruludur. Vasilik, k\u0131s\u0131tl\u0131ya kar\u015f\u0131 duyulan vicdani bir sorumluluktur.","og_url":"https:\/\/epochtimestr.com\/index.php\/vesayet-altinda-adalet","og_site_name":"The Epoch Times TR","article_publisher":"https:\/\/www.facebook.com\/theepochtimestr","article_published_time":"2026-07-12T04:00:00+00:00","article_modified_time":"2026-07-11T19:14:59+00:00","og_image":[{"width":1200,"height":630,"url":"https:\/\/epochtimestr.com\/wp-content\/uploads\/2011y\/ali-kekliktepe-SM.jpeg","type":"image\/jpeg"}],"author":"Ali Kekliktepe","twitter_card":"summary_large_image","twitter_creator":"@TheEpochTimesTR","twitter_site":"@TheEpochTimesTR","twitter_misc":{"Yazan:":"Ali Kekliktepe","Tahmini okuma s\u00fcresi":"3 dakika"},"schema":{"@context":"https:\/\/schema.org","@graph":[{"@type":"Article","@id":"https:\/\/epochtimestr.com\/index.php\/vesayet-altinda-adalet#article","isPartOf":{"@id":"https:\/\/epochtimestr.com\/index.php\/vesayet-altinda-adalet"},"author":{"name":"Ali Kekliktepe","@id":"https:\/\/epochtimestr.com\/#\/schema\/person\/da94a416fed1aed029d0a47e85673b95"},"headline":"Vesayet Alt\u0131nda Adalet","datePublished":"2026-07-12T04:00:00+00:00","dateModified":"2026-07-11T19:14:59+00:00","mainEntityOfPage":{"@id":"https:\/\/epochtimestr.com\/index.php\/vesayet-altinda-adalet"},"wordCount":566,"commentCount":0,"publisher":{"@id":"https:\/\/epochtimestr.com\/#organization"},"image":{"@id":"https:\/\/epochtimestr.com\/index.php\/vesayet-altinda-adalet#primaryimage"},"thumbnailUrl":"https:\/\/epochtimestr.com\/wp-content\/uploads\/2011y\/Ali-Kekliktepe.jpg","articleSection":["K\u00f6\u015fe Yaz\u0131lar\u0131 Ali Kekliktepe"],"inLanguage":"tr","potentialAction":[{"@type":"CommentAction","name":"Comment","target":["https:\/\/epochtimestr.com\/index.php\/vesayet-altinda-adalet#respond"]}]},{"@type":"WebPage","@id":"https:\/\/epochtimestr.com\/index.php\/vesayet-altinda-adalet","url":"https:\/\/epochtimestr.com\/index.php\/vesayet-altinda-adalet","name":"Vesayet Alt\u0131nda Adalet - The Epoch Times TR","isPartOf":{"@id":"https:\/\/epochtimestr.com\/#website"},"primaryImageOfPage":{"@id":"https:\/\/epochtimestr.com\/index.php\/vesayet-altinda-adalet#primaryimage"},"image":{"@id":"https:\/\/epochtimestr.com\/index.php\/vesayet-altinda-adalet#primaryimage"},"thumbnailUrl":"https:\/\/epochtimestr.com\/wp-content\/uploads\/2011y\/Ali-Kekliktepe.jpg","datePublished":"2026-07-12T04:00:00+00:00","dateModified":"2026-07-11T19:14:59+00:00","description":"Vesayet, hukuk sistemimizde olduk\u00e7a hassas bir denge \u00fczerine kuruludur. Vasilik, k\u0131s\u0131tl\u0131ya kar\u015f\u0131 duyulan vicdani bir sorumluluktur.","inLanguage":"tr","potentialAction":[{"@type":"ReadAction","target":["https:\/\/epochtimestr.com\/index.php\/vesayet-altinda-adalet"]}]},{"@type":"ImageObject","inLanguage":"tr","@id":"https:\/\/epochtimestr.com\/index.php\/vesayet-altinda-adalet#primaryimage","url":"https:\/\/epochtimestr.com\/wp-content\/uploads\/2011y\/Ali-Kekliktepe.jpg","contentUrl":"https:\/\/epochtimestr.com\/wp-content\/uploads\/2011y\/Ali-Kekliktepe.jpg","width":600,"height":600},{"@type":"WebSite","@id":"https:\/\/epochtimestr.com\/#website","url":"https:\/\/epochtimestr.com\/","name":"The Epoch Times TR","description":"De\u011fi\u015fen D\u00fcnyam\u0131za Taze Bir Bak\u0131\u015f","publisher":{"@id":"https:\/\/epochtimestr.com\/#organization"},"potentialAction":[{"@type":"SearchAction","target":{"@type":"EntryPoint","urlTemplate":"https:\/\/epochtimestr.com\/?s={search_term_string}"},"query-input":"required name=search_term_string"}],"inLanguage":"tr"},{"@type":"Organization","@id":"https:\/\/epochtimestr.com\/#organization","name":"The EpochTimes T\u00fcrkiye","url":"https:\/\/epochtimestr.com\/","logo":{"@type":"ImageObject","inLanguage":"tr","@id":"https:\/\/epochtimestr.com\/#\/schema\/logo\/image\/","url":"https:\/\/epochtimestr.com\/wp-content\/uploads\/2011y\/ET-Logo-YG.jpg","contentUrl":"https:\/\/epochtimestr.com\/wp-content\/uploads\/2011y\/ET-Logo-YG.jpg","width":346,"height":29,"caption":"The EpochTimes T\u00fcrkiye"},"image":{"@id":"https:\/\/epochtimestr.com\/#\/schema\/logo\/image\/"},"sameAs":["https:\/\/www.facebook.com\/theepochtimestr","https:\/\/x.com\/TheEpochTimesTR","https:\/\/www.instagram.com\/epochtimestr"]},{"@type":"Person","@id":"https:\/\/epochtimestr.com\/#\/schema\/person\/da94a416fed1aed029d0a47e85673b95","name":"Ali Kekliktepe","image":{"@type":"ImageObject","inLanguage":"tr","@id":"https:\/\/epochtimestr.com\/#\/schema\/person\/image\/","url":"https:\/\/secure.gravatar.com\/avatar\/6c965c3fc374c8f4af759baef4f38bcd?s=96&d=mm&r=g","contentUrl":"https:\/\/secure.gravatar.com\/avatar\/6c965c3fc374c8f4af759baef4f38bcd?s=96&d=mm&r=g","caption":"Ali Kekliktepe"},"description":"Ben Ali Kekliktepe; hayat\u0131n\u0131 \u00f6\u011frenmeye, \u00f6\u011fretmeye ve toplumsal fayda yaratmaya adam\u0131\u015f bir yazar ve profesyonelim. Kalemi sadece ka\u011f\u0131da dokunan bir ara\u00e7 de\u011fil, toplumun aksayan y\u00f6nlerine \u015fifa olan bir enstr\u00fcman olarak g\u00f6r\u00fcyorum.","sameAs":["https:\/\/alikekliktepemersin33.blogspot.com\/"],"url":"https:\/\/epochtimestr.com\/index.php\/author\/ali"}]}},"_links":{"self":[{"href":"https:\/\/epochtimestr.com\/index.php\/wp-json\/wp\/v2\/posts\/168548"}],"collection":[{"href":"https:\/\/epochtimestr.com\/index.php\/wp-json\/wp\/v2\/posts"}],"about":[{"href":"https:\/\/epochtimestr.com\/index.php\/wp-json\/wp\/v2\/types\/post"}],"author":[{"embeddable":true,"href":"https:\/\/epochtimestr.com\/index.php\/wp-json\/wp\/v2\/users\/14013"}],"replies":[{"embeddable":true,"href":"https:\/\/epochtimestr.com\/index.php\/wp-json\/wp\/v2\/comments?post=168548"}],"version-history":[{"count":1,"href":"https:\/\/epochtimestr.com\/index.php\/wp-json\/wp\/v2\/posts\/168548\/revisions"}],"predecessor-version":[{"id":168549,"href":"https:\/\/epochtimestr.com\/index.php\/wp-json\/wp\/v2\/posts\/168548\/revisions\/168549"}],"wp:featuredmedia":[{"embeddable":true,"href":"https:\/\/epochtimestr.com\/index.php\/wp-json\/wp\/v2\/media\/167144"}],"wp:attachment":[{"href":"https:\/\/epochtimestr.com\/index.php\/wp-json\/wp\/v2\/media?parent=168548"}],"wp:term":[{"taxonomy":"category","embeddable":true,"href":"https:\/\/epochtimestr.com\/index.php\/wp-json\/wp\/v2\/categories?post=168548"},{"taxonomy":"post_tag","embeddable":true,"href":"https:\/\/epochtimestr.com\/index.php\/wp-json\/wp\/v2\/tags?post=168548"}],"curies":[{"name":"wp","href":"https:\/\/api.w.org\/{rel}","templated":true}]}}