{"id":168574,"date":"2026-07-12T21:17:08","date_gmt":"2026-07-12T18:17:08","guid":{"rendered":"https:\/\/epochtimestr.com\/?p=168574"},"modified":"2026-07-12T21:17:09","modified_gmt":"2026-07-12T18:17:09","slug":"ozgur-ozel-adanada-yurttaslarla-bir-araya-geldi","status":"publish","type":"post","link":"https:\/\/epochtimestr.com\/index.php\/ozgur-ozel-adanada-yurttaslarla-bir-araya-geldi","title":{"rendered":"\u00d6zg\u00fcr \u00d6zel Adana&#8217;da Yurtta\u015flarla Bir Araya Geldi"},"content":{"rendered":"<div class=\"wp-block-image\">\n<figure class=\"aligncenter size-full\"><img loading=\"lazy\" decoding=\"async\" width=\"1280\" height=\"720\" src=\"https:\/\/epochtimestr.com\/wp-content\/uploads\/2011y\/o.o.jpg\" alt=\"\u00d6zg\u00fcr \u00d6zel Adana'da yurtta\u015flarla bir araya geldi. (Foto\u011fraf: \u00d6zg\u00fcr \u00d6zel x hesab\u0131)\" class=\"wp-image-168576\" srcset=\"https:\/\/epochtimestr.com\/wp-content\/uploads\/2011y\/o.o.jpg 1280w, https:\/\/epochtimestr.com\/wp-content\/uploads\/2011y\/o.o-300x169.jpg 300w, https:\/\/epochtimestr.com\/wp-content\/uploads\/2011y\/o.o-150x84.jpg 150w, https:\/\/epochtimestr.com\/wp-content\/uploads\/2011y\/o.o-768x432.jpg 768w\" sizes=\"(max-width: 1280px) 100vw, 1280px\" \/><figcaption class=\"wp-element-caption\">\u00d6zg\u00fcr \u00d6zel Adana&#8217;da yurtta\u015flarla bir araya geldi. (Foto\u011fraf: \u00d6zg\u00fcr \u00d6zel x hesab\u0131)<\/figcaption><\/figure><\/div>\n\n\n<h2 class=\"wp-block-heading\">CHP Grup Ba\u015fkan\u0131 \u00d6zg\u00fcr \u00d6zel, d\u00fcn Adana ziyaretinde &#8220;\u0130ktidar y\u00fcr\u00fcy\u00fc\u015f\u00fcnden asla vazge\u00e7meyece\u011fiz. Hukuk m\u00fccadelemizi s\u00fcrd\u00fcrece\u011fiz&#8221; dedi.<\/h2>\n\n\n\n<p><a href=\"https:\/\/epochtimestr.com\/index.php\/secilmis-chp-lideri-ozgur-ozel-ibb-davasi-sonrasi-aciklama-yapti\" target=\"_blank\" rel=\"noreferrer noopener\">\u00d6zg\u00fcr \u00d6zel<\/a>, butlan karar\u0131n\u0131n ard\u0131ndan ba\u015flatt\u0131\u011f\u0131 kent ziyaretlerine devam ediyor. <a href=\"https:\/\/epochtimestr.com\/index.php\/gunesin-ve-lezzetin-cografyasi-adanayi-anlamak\" target=\"_blank\" rel=\"noreferrer noopener\">Adana<\/a>&#8216;da pek \u00e7ok ki\u015fi y\u00fcr\u00fcd\u00fc\u011f\u00fc s\u0131rada \u00d6zel&#8217;i durdurarak sar\u0131ld\u0131, foto\u011fraf \u00e7ekildi. \u00d6zel, Pozant\u0131 il\u00e7esi Tekir Yaylas\u0131&#8217;nda vatanda\u015flarla bir araya geldi. \u00d6zel&#8217;e CHP\u2019li milletvekillerinin yan\u0131 s\u0131ra Mersin B\u00fcy\u00fck\u015fehir Belediye Ba\u015fkan\u0131 <a href=\"https:\/\/epochtimestr.com\/index.php\/vahap-secer-sgk-borcu-nedeniyle-belediyenin-hesaplarimiza-haciz-koydular\">Vahap Se\u00e7er<\/a> e\u015flik etti.<\/p>\n\n\n\n<p>Mutlak butlan karar\u0131yla CHP Genel Ba\u015fkanl\u0131\u011f\u0131&#8217;ndan uzakla\u015ft\u0131r\u0131lan \u00d6zg\u00fcr \u00d6zel, bir dizi ziyarette bulunmak i\u00e7in geldi\u011fi Adana&#8217;da ilk dura\u011f\u0131 olan Ak\u00e7atekir Yaylas\u0131&#8217;nda konu\u015ftu. Kendisine e\u015flik edenlerle Toros B\u00fcy\u00fcktekir Caddesi&#8217;nde y\u00fcr\u00fcyen \u00d6zel, bir trakt\u00f6r r\u00f6morku \u00fczerinde vatanda\u015flara hitap etti.<\/p>\n\n\n\n<p>11 Temmuz sabah saatlerinde <a href=\"https:\/\/epochtimestr.com\/index.php\/chpli-baskan-huseyin-can-guner-dahil-36-kisi-gozaltina-alindi\" target=\"_blank\" rel=\"noreferrer noopener\">\u00c7ankaya Belediyesi<\/a>\u2019ne y\u00f6nelik operasyon ba\u015flat\u0131lmas\u0131 ve Belediye Ba\u015fkan\u0131 H\u00fcseyin Can G\u00fcner\u2019in de aralar\u0131nda oldu\u011fu 36 ki\u015fi hakk\u0131nda g\u00f6zalt\u0131 karar\u0131 verilmesinin ard\u0131ndan \u00d6zel, ba\u015fsavc\u0131l\u0131k ve savc\u0131l\u0131k kadrolar\u0131nda yap\u0131lan de\u011fi\u015fikliklere i\u015faret etti. <\/p>\n\n\n\n<p>\u00d6zel&#8217;in konu\u015fmas\u0131ndan \u00f6ne \u00e7\u0131kanlar:<\/p>\n\n\n\n<p>\u201cBu sabah 05.30\u2019da ilk kez Ankara\u2019da ne oldu? Gizli tan\u0131k oldu. Kimli\u011fi belli de\u011fil, y\u00fcz\u00fc belli de\u011fil. Bir iftiray\u0131 at\u0131yor, ortaya \u00e7\u0131km\u0131yor. Onunla belediyemize operasyon yap\u0131l\u0131yor. Bunun nas\u0131l bir siyasi operasyon oldu\u011fu apa\u00e7\u0131k ortadad\u0131r.\u201d<\/p>\n\n\n\n<h3 class=\"wp-block-heading\">\u201cBizi durdurmaya \u00e7al\u0131\u015fanlara \u015funu s\u00f6yl\u00fcyoruz: Dimdik ayaktay\u0131z\u201d<\/h3>\n\n\n\n<p>\u201cY\u0131llard\u0131r \u015fu konu\u015fuluyor: Ankara\u2019da g\u00f6rev yapan savc\u0131 ve hakimler \u0130stanbul\u2019daki gibi de\u011fil. Yalanc\u0131 tan\u0131\u011fa, iftirac\u0131ya de\u011fil kan\u0131ta bakarlar. Belediyelerin nas\u0131l denetlenece\u011fi belli. O usul\u00fcn d\u0131\u015f\u0131na \u00e7\u0131k\u0131lmaz, haks\u0131zl\u0131k varsa g\u00f6z a\u00e7t\u0131rmazlar ama kimseye de siyasi operasyon \u00e7ekmezler. Y\u0131llard\u0131r di\u011fer \u015fehirlerde olup da Ankara\u2019da olmamas\u0131 b\u00f6yle konu\u015fuluyordu. Bu d\u00f6nem atamalar\u0131na dediler ki \u2018Adalet Bakan\u0131\u2019n\u0131n ekibi geliyor. \u0130stanbul\u2019dan ba\u015fsavc\u0131 yard\u0131mc\u0131s\u0131 Ankara\u2019ya ba\u015fsavc\u0131 yap\u0131ld\u0131. B\u00fct\u00fcn ba\u015fsavc\u0131 vekillerini de\u011fi\u015ftirdiler. Hepsini kendilerine yak\u0131n isimlerden yapt\u0131lar.\u201d<\/p>\n\n\n<div class=\"wp-block-image\">\n<figure class=\"aligncenter size-full\"><img loading=\"lazy\" decoding=\"async\" width=\"1280\" height=\"720\" src=\"https:\/\/epochtimestr.com\/wp-content\/uploads\/2011y\/ozel-7.webp\" alt=\"(Foto\u011fraf: \u00d6zg\u00fcr \u00d6zel x hesab\u0131)\" class=\"wp-image-168578\" srcset=\"https:\/\/epochtimestr.com\/wp-content\/uploads\/2011y\/ozel-7.webp 1280w, https:\/\/epochtimestr.com\/wp-content\/uploads\/2011y\/ozel-7-300x169.webp 300w, https:\/\/epochtimestr.com\/wp-content\/uploads\/2011y\/ozel-7-150x84.webp 150w, https:\/\/epochtimestr.com\/wp-content\/uploads\/2011y\/ozel-7-768x432.webp 768w\" sizes=\"(max-width: 1280px) 100vw, 1280px\" \/><figcaption class=\"wp-element-caption\">(Foto\u011fraf: \u00d6zg\u00fcr \u00d6zel x hesab\u0131)<\/figcaption><\/figure><\/div>\n\n\n<p><strong>&#8220;Siz y\u00fcr\u00fcmezseniz her \u015fey durur. Siz y\u00fcr\u00fcyeceksiniz\u201d<\/strong><\/p>\n\n\n\n<p>\u00d6zel, \u201c\u0130stanbul\u2019dan Ankara\u2019ya operasyon savc\u0131lar\u0131 dev\u015firenlere, y\u00fcr\u00fcy\u00fc\u015f\u00fcm\u00fcz\u00fc kesintiye u\u011fratmaya \u00e7al\u0131\u015fanlara s\u00f6yl\u00fcyorum\u201d diyerek operasyon haberini ald\u0131ktan sonra G\u00fcner ile konu\u015ftu\u011funu anlatt\u0131. G\u00fcner i\u00e7in \u201cEvlad\u0131m gibidir evlad\u0131m\u201d diyen \u00d6zel, program\u0131n\u0131 iptal edip Ankara\u2019ya d\u00f6nebilece\u011fini s\u00f6yledi\u011fini belirtti. Bunun \u00fczerine G\u00fcner\u2019in \u201cGenel Ba\u015fkan\u0131m siz program\u0131n\u0131za devam edin. Siz y\u00fcr\u00fcmezseniz her \u015fey durur. Siz y\u00fcr\u00fcyeceksiniz\u201d dedi\u011fini aktaran \u00d6zel \u201cOnun i\u00e7in bizi durdurmaya \u00e7al\u0131\u015fanlara, AK Parti yarg\u0131 kollar\u0131na \u015funu s\u00f6yleyelim. Dimdik ayaktay\u0131z. Bu da size dert olsun\u201d ifadelerini kulland\u0131.<\/p>\n\n\n\n<p><strong>&#8220;\u0130yi ki Adana\u2019n\u0131n gen\u00e7leri var<\/strong>&#8220;<\/p>\n\n\n\n<p>&#8220;\u0130yi ki Adana\u2019n\u0131n gen\u00e7leri var. \u0130yi ki Adana\u2019da gencecik bir il ba\u015fkan\u0131m\u0131z, An\u0131l Ba\u015fkan\u0131m\u0131z var. Partimiz ad\u0131na darbeye direniyor, butlana direniyor. Demokrasinin arkas\u0131nda. Adana\u2019y\u0131 arkas\u0131na takt\u0131. Tarihi bir m\u00fccadele veriyor. Gen\u00e7 \u0130l Ba\u015fkan\u0131m\u0131za bir y\u00fcrekten alk\u0131\u015f. Adana Gen\u00e7lik Kollar\u0131\u2019na sayg\u0131lar sunuyorum. Gen\u00e7lik Kollar\u0131 Ba\u015fkan\u0131m\u0131za, Kad\u0131n Kollar\u0131 Ba\u015fkan\u0131m\u0131za, Adana\u2019daki t\u00fcm il\u00e7e ba\u015fkanlar\u0131m\u0131za y\u00fcrekten te\u015fekk\u00fcr ediyorum. \u0130yi ki varlar. Onlar\u0131 sayg\u0131yla selaml\u0131yorum. Toros Caddesi esnaf\u0131n\u0131 &#8211; ki trafi\u011fi de zorlad\u0131k, Adana\u2019da bizim i\u00e7in m\u00fccadele veren t\u00fcm arkada\u015flar\u0131m\u0131z\u0131, bug\u00fcn g\u00fcvenli\u011fimizi sa\u011flayan kahraman polislerimizi, Toros Caddesi\u2019nin b\u00fct\u00fcn esnaf\u0131n\u0131 ve sakinlerini sayg\u0131yla selaml\u0131yorum. <\/p>\n\n\n\n<p>\u015eimdi hepinize soruyorum: \u015eunu g\u00f6r\u00fcyor musunuz? Adana\u2019da iktidar y\u00fcr\u00fcy\u00fc\u015f\u00fcnden yana olanlar hep bir arada. Milletvekillerimizin hepsi burada. Belediye ba\u015fkanlar\u0131m\u0131z burada. \u0130l, il\u00e7e ba\u015fkanlar\u0131m\u0131z burada. Biz hep beraberiz. Adana\u2019n\u0131n bu birlikte iradesinin kar\u015f\u0131s\u0131nda sayg\u0131yla e\u011filiyorum. \u0130yi ki vars\u0131n\u0131z.<\/p>\n\n\n\n<h3 class=\"wp-block-heading\">&#8220;Bu iktidar y\u00fcr\u00fcy\u00fc\u015f\u00fcnden asla vazge\u00e7meyece\u011fiz&#8221;<\/h3>\n\n\n\n<p>Buradan hepinize s\u00f6z veriyorum. Biraz \u00f6nce teyzemler geldiler, sard\u0131lar. Diyorlar ki \u2018Sen y\u00fcr\u00fc, do\u011fru yoldas\u0131n. Biz senin arkanday\u0131z. Duan\u0131 ediyoruz. Sana sar\u0131l\u0131yoruz.\u2019 \u015eundan emin olun: Bu iktidar y\u00fcr\u00fcy\u00fc\u015f\u00fcnden asla vazge\u00e7meyece\u011fiz. Birinci m\u00fccadelemiz, partimizin hukuk m\u00fccadelesini s\u00fcrd\u00fcr\u00fcyoruz. Partimizi geri almak istiyoruz. Ama bu s\u00fcre\u00e7leri uzatarak, yarg\u0131ya bask\u0131lar yaparak, operasyonlar yaparak; bu s\u00fcreci uzat\u0131p bu heyecan\u0131, bu \u00f6fkeyi, bu m\u00fccadele ruhunu dindirmeye \u00e7al\u0131\u015fanlar \u015funu bilsin: \u00d6yle bizi durduramaz, sindiremez, s\u00f6nd\u00fcremezsiniz. Halk\u0131n co\u015fkun akan selinin \u00f6n\u00fcnde kimse duramaz. <\/p>\n\n\n\n<p>Ant olsun ki ya bir yol bulaca\u011f\u0131z, ya bir yol a\u00e7aca\u011f\u0131z. Bizimle birlikte kuruldu\u011fundan 103 y\u0131l sonra bir Kurtulu\u015f Sava\u015f\u0131\u2019na var m\u0131s\u0131n\u0131z? Memleketi yeniden kurtarmaya, demokrasiyi yeniden kurmaya, Cumhuriyet\u2019in en b\u00fcy\u00fck kazan\u0131m\u0131 sand\u0131\u011fa sonuna kadar sahip \u00e7\u0131kmaya var m\u0131s\u0131n\u0131z? Bu iktidar y\u00fcr\u00fcy\u00fc\u015f\u00fcnde yan yana duracak m\u0131y\u0131z? Kol kola girecek miyiz? Bug\u00fcn oldu\u011fu gibi sonuna kadar iktidara y\u00fcr\u00fcyecek miyiz? O zaman yolunuz a\u00e7\u0131k olsun, yolumuz a\u00e7\u0131k olsun. Biz kazanaca\u011f\u0131z.\u201d<\/p>\n\n\n\n<figure class=\"wp-block-embed is-type-rich is-provider-x wp-block-embed-x\"><div class=\"wp-block-embed__wrapper\">\n<blockquote class=\"twitter-tweet\" data-width=\"550\" data-dnt=\"true\"><p lang=\"tr\" dir=\"ltr\">Millet do\u011frulup yola koyulal\u0131 \u00e7ok oldu.<br><br>Bu saatten sonra bask\u0131yla, operasyonla y\u00fcr\u00fcy\u00fc\u015f\u00fcm\u00fcz\u00fc durduraca\u011f\u0131n\u0131 sanan\u0131n akl\u0131na \u015fa\u015far\u0131m.<br><br>Adana\u2019day\u0131z.<br>Milletin aras\u0131nday\u0131z.<br>Dimdik ayaktay\u0131z.<br><br>Bu da size dert olsun! <a href=\"https:\/\/t.co\/IoP3T4KPOd\">pic.twitter.com\/IoP3T4KPOd<\/a><\/p>&mdash; \u00d6zg\u00fcr \u00d6zel (@eczozgurozel) <a href=\"https:\/\/x.com\/eczozgurozel\/status\/2076015912734359642?ref_src=twsrc%5Etfw\">July 11, 2026<\/a><\/blockquote><script async src=\"https:\/\/platform.x.com\/widgets.js\" charset=\"utf-8\"><\/script>\n<\/div><\/figure>\n\n\n\n<p><strong>&#8220;Hep beraber iktidara y\u00fcr\u00fcmeye var m\u0131y\u0131z?<\/strong>&#8220;<\/p>\n\n\n\n<p>Benimle birlikte iktidara y\u00fcr\u00fcmeye var m\u0131s\u0131n\u0131z? Benimle birlikte gen\u00e7lerin iktidar\u0131n\u0131 kurmaya var m\u0131s\u0131n\u0131z? Yasaks\u0131z bir T\u00fcrkiye i\u00e7in benimle birlikte y\u00fcr\u00fcmeye gen\u00e7ler haz\u0131r m\u0131? Hep beraber miyiz? Birlikte y\u00fcr\u00fcyecek, yasaks\u0131z T\u00fcrkiye\u2019yi ve vizesiz Avrupa\u2019y\u0131 hep beraber hayata ge\u00e7irecek miyiz? Gen\u00e7ler, size s\u00f6z veriyorum. \u0130ktidar\u0131m\u0131zda yasak olan tek \u015fey, yasaklar\u0131n kendisi olacak. Yasaklar\u0131 yasaklamaya, gen\u00e7leri \u00f6zg\u00fcrle\u015ftirmeye, ya\u015fl\u0131 erkeklerin gen\u00e7lere, kad\u0131nlara kar\u0131\u015fmas\u0131na de\u011fil; gen\u00e7lerin, kad\u0131nlar\u0131n hayat\u0131n i\u00e7inde olmas\u0131na teminat\u0131z biz. T\u00fcm gen\u00e7leri sayg\u0131yla selaml\u0131yorum. Toroslar Caddesi beni duyuyor musun? Gen\u00e7ler beni duyuyor mu? Hep beraber iktidara y\u00fcr\u00fcmeye var m\u0131y\u0131z? Haydi bakal\u0131m o zaman. Yolumuz a\u00e7\u0131k olsun. Yolunuz a\u00e7\u0131k olsun. Y\u00fcr\u00fcyelim arkada\u015flar.&#8221;<\/p>\n\n\n\n<p>\u00d6te yandan \u00d6zel&#8217;in Adana ziyareti s\u0131ras\u0131nda dikkat \u00e7eken anlar da ya\u015fand\u0131. \u00d6zel, yan\u0131na gelen ya\u015fl\u0131 bir kad\u0131n\u0131 iten korumas\u0131na &#8220;Yava\u015f! &#8216;\u015e\u00f6yle ge\u00e7&#8217; diyece\u011fine\u2026 Balya m\u0131 at\u0131yorsun oraya?&#8221; diyerek tepki g\u00f6sterdi.<\/p>\n\n\n\n<figure class=\"wp-block-embed is-type-rich is-provider-x wp-block-embed-x\"><div class=\"wp-block-embed__wrapper\">\n<blockquote class=\"twitter-tweet\" data-width=\"550\" data-dnt=\"true\"><p lang=\"tr\" dir=\"ltr\">Adana \u00c7ukurova\u2019da vatanda\u015flar\u0131m\u0131zla bulu\u015fuyoruz. <a href=\"https:\/\/t.co\/SNQEWZLYrd\">https:\/\/t.co\/SNQEWZLYrd<\/a><\/p>&mdash; \u00d6zg\u00fcr \u00d6zel (@eczozgurozel) <a href=\"https:\/\/x.com\/eczozgurozel\/status\/2075977376237060376?ref_src=twsrc%5Etfw\">July 11, 2026<\/a><\/blockquote><script async src=\"https:\/\/platform.x.com\/widgets.js\" charset=\"utf-8\"><\/script>\n<\/div><\/figure>\n","protected":false},"excerpt":{"rendered":"<p>CHP Grup Ba\u015fkan\u0131 \u00d6zg\u00fcr \u00d6zel, d\u00fcn Adana ziyaretinde &#8220;\u0130ktidar y\u00fcr\u00fcy\u00fc\u015f\u00fcnden asla vazge\u00e7meyece\u011fiz. Hukuk m\u00fccadelemizi s\u00fcrd\u00fcrece\u011fiz&#8221; dedi. \u00d6zg\u00fcr \u00d6zel, butlan karar\u0131n\u0131n ard\u0131ndan ba\u015flatt\u0131\u011f\u0131 kent ziyaretlerine devam ediyor. Adana&#8216;da pek \u00e7ok ki\u015fi y\u00fcr\u00fcd\u00fc\u011f\u00fc s\u0131rada \u00d6zel&#8217;i durdurarak sar\u0131ld\u0131, foto\u011fraf \u00e7ekildi. \u00d6zel, Pozant\u0131 il\u00e7esi Tekir Yaylas\u0131&#8217;nda vatanda\u015flarla bir araya geldi. \u00d6zel&#8217;e CHP\u2019li milletvekillerinin yan\u0131 s\u0131ra Mersin B\u00fcy\u00fck\u015fehir Belediye Ba\u015fkan\u0131 [&hellip;]<\/p>\n","protected":false},"author":12791,"featured_media":168576,"comment_status":"open","ping_status":"open","sticky":false,"template":"","format":"standard","meta":{"_yoast_wpseo_focuskw":"\u00f6zg\u00fcr","_yoast_wpseo_title":"","_yoast_wpseo_metadesc":"CHP Grup Ba\u015fkan\u0131 \u00d6zg\u00fcr \u00d6zel, d\u00fcn Adana ziyaretinde \u201c\u0130ktidar y\u00fcr\u00fcy\u00fc\u015f\u00fcnden asla vazge\u00e7meyece\u011fiz. Hukuk m\u00fccadelemizi s\u00fcrd\u00fcrece\u011fiz dedi.","_bbp_topic_count":0,"_bbp_reply_count":0,"_bbp_total_topic_count":0,"_bbp_total_reply_count":0,"_bbp_voice_count":0,"_bbp_anonymous_reply_count":0,"_bbp_topic_count_hidden":0,"_bbp_reply_count_hidden":0,"_bbp_forum_subforum_count":0,"footnotes":"","_yoast_wpseo_focuskw_text_input":""},"categories":[1,8138,8226,37],"tags":[2765,11704,8492],"yoast_head":"<!-- This site is optimized with the Yoast SEO plugin v23.0 - https:\/\/yoast.com\/wordpress\/plugins\/seo\/ -->\n<title>\u00d6zg\u00fcr \u00d6zel Adana&#039;da Yurtta\u015flarla Bir Araya Geldi - The Epoch Times TR<\/title>\n<meta name=\"description\" content=\"CHP Grup Ba\u015fkan\u0131 \u00d6zg\u00fcr \u00d6zel, d\u00fcn Adana ziyaretinde \u201c\u0130ktidar y\u00fcr\u00fcy\u00fc\u015f\u00fcnden asla vazge\u00e7meyece\u011fiz. Hukuk m\u00fccadelemizi s\u00fcrd\u00fcrece\u011fiz dedi.\" \/>\n<meta name=\"robots\" content=\"index, follow, max-snippet:-1, max-image-preview:large, max-video-preview:-1\" \/>\n<link rel=\"canonical\" href=\"https:\/\/epochtimestr.com\/index.php\/ozgur-ozel-adanada-yurttaslarla-bir-araya-geldi\" \/>\n<meta property=\"og:locale\" content=\"tr_TR\" \/>\n<meta property=\"og:type\" content=\"article\" \/>\n<meta property=\"og:title\" content=\"\u00d6zg\u00fcr \u00d6zel Adana&#039;da Yurtta\u015flarla Bir Araya Geldi - The Epoch Times TR\" \/>\n<meta property=\"og:description\" content=\"CHP Grup Ba\u015fkan\u0131 \u00d6zg\u00fcr \u00d6zel, d\u00fcn Adana ziyaretinde \u201c\u0130ktidar y\u00fcr\u00fcy\u00fc\u015f\u00fcnden asla vazge\u00e7meyece\u011fiz. Hukuk m\u00fccadelemizi s\u00fcrd\u00fcrece\u011fiz dedi.\" \/>\n<meta property=\"og:url\" content=\"https:\/\/epochtimestr.com\/index.php\/ozgur-ozel-adanada-yurttaslarla-bir-araya-geldi\" \/>\n<meta property=\"og:site_name\" content=\"The Epoch Times TR\" \/>\n<meta property=\"article:publisher\" content=\"https:\/\/www.facebook.com\/theepochtimestr\" \/>\n<meta property=\"article:published_time\" content=\"2026-07-12T18:17:08+00:00\" \/>\n<meta property=\"article:modified_time\" content=\"2026-07-12T18:17:09+00:00\" \/>\n<meta property=\"og:image\" content=\"https:\/\/epochtimestr.com\/wp-content\/uploads\/2011y\/o.o.jpg\" \/>\n\t<meta property=\"og:image:width\" content=\"1280\" \/>\n\t<meta property=\"og:image:height\" content=\"720\" \/>\n\t<meta property=\"og:image:type\" content=\"image\/jpeg\" \/>\n<meta name=\"author\" content=\"Haber Merkezi\" \/>\n<meta name=\"twitter:card\" content=\"summary_large_image\" \/>\n<meta name=\"twitter:creator\" content=\"@TheEpochTimesTR\" \/>\n<meta name=\"twitter:site\" content=\"@TheEpochTimesTR\" \/>\n<meta name=\"twitter:label1\" content=\"Yazan:\" \/>\n\t<meta name=\"twitter:data1\" content=\"Haber Merkezi\" \/>\n\t<meta name=\"twitter:label2\" content=\"Tahmini okuma s\u00fcresi\" \/>\n\t<meta name=\"twitter:data2\" content=\"6 dakika\" \/>\n<script type=\"application\/ld+json\" class=\"yoast-schema-graph\">{\"@context\":\"https:\/\/schema.org\",\"@graph\":[{\"@type\":\"Article\",\"@id\":\"https:\/\/epochtimestr.com\/index.php\/ozgur-ozel-adanada-yurttaslarla-bir-araya-geldi#article\",\"isPartOf\":{\"@id\":\"https:\/\/epochtimestr.com\/index.php\/ozgur-ozel-adanada-yurttaslarla-bir-araya-geldi\"},\"author\":{\"name\":\"Haber Merkezi\",\"@id\":\"https:\/\/epochtimestr.com\/#\/schema\/person\/3dc5c3adeb9f43923c5aa85889172fdd\"},\"headline\":\"\u00d6zg\u00fcr \u00d6zel Adana&#8217;da Yurtta\u015flarla Bir Araya Geldi\",\"datePublished\":\"2026-07-12T18:17:08+00:00\",\"dateModified\":\"2026-07-12T18:17:09+00:00\",\"mainEntityOfPage\":{\"@id\":\"https:\/\/epochtimestr.com\/index.php\/ozgur-ozel-adanada-yurttaslarla-bir-araya-geldi\"},\"wordCount\":1191,\"commentCount\":0,\"publisher\":{\"@id\":\"https:\/\/epochtimestr.com\/#organization\"},\"image\":{\"@id\":\"https:\/\/epochtimestr.com\/index.php\/ozgur-ozel-adanada-yurttaslarla-bir-araya-geldi#primaryimage\"},\"thumbnailUrl\":\"https:\/\/epochtimestr.com\/wp-content\/uploads\/2011y\/o.o.jpg\",\"keywords\":[\"adana\",\"kent ziyareti\",\"\u00d6zg\u00fcr \u00d6zel\"],\"articleSection\":[\"G\u00dcNDEM\",\"MAN\u015eET\",\"Siyaset\",\"T\u00dcRK\u0130YE\"],\"inLanguage\":\"tr\",\"potentialAction\":[{\"@type\":\"CommentAction\",\"name\":\"Comment\",\"target\":[\"https:\/\/epochtimestr.com\/index.php\/ozgur-ozel-adanada-yurttaslarla-bir-araya-geldi#respond\"]}]},{\"@type\":\"WebPage\",\"@id\":\"https:\/\/epochtimestr.com\/index.php\/ozgur-ozel-adanada-yurttaslarla-bir-araya-geldi\",\"url\":\"https:\/\/epochtimestr.com\/index.php\/ozgur-ozel-adanada-yurttaslarla-bir-araya-geldi\",\"name\":\"\u00d6zg\u00fcr \u00d6zel Adana'da Yurtta\u015flarla Bir Araya Geldi - The Epoch Times TR\",\"isPartOf\":{\"@id\":\"https:\/\/epochtimestr.com\/#website\"},\"primaryImageOfPage\":{\"@id\":\"https:\/\/epochtimestr.com\/index.php\/ozgur-ozel-adanada-yurttaslarla-bir-araya-geldi#primaryimage\"},\"image\":{\"@id\":\"https:\/\/epochtimestr.com\/index.php\/ozgur-ozel-adanada-yurttaslarla-bir-araya-geldi#primaryimage\"},\"thumbnailUrl\":\"https:\/\/epochtimestr.com\/wp-content\/uploads\/2011y\/o.o.jpg\",\"datePublished\":\"2026-07-12T18:17:08+00:00\",\"dateModified\":\"2026-07-12T18:17:09+00:00\",\"description\":\"CHP Grup Ba\u015fkan\u0131 \u00d6zg\u00fcr \u00d6zel, d\u00fcn Adana ziyaretinde \u201c\u0130ktidar y\u00fcr\u00fcy\u00fc\u015f\u00fcnden asla vazge\u00e7meyece\u011fiz. Hukuk m\u00fccadelemizi s\u00fcrd\u00fcrece\u011fiz dedi.\",\"inLanguage\":\"tr\",\"potentialAction\":[{\"@type\":\"ReadAction\",\"target\":[\"https:\/\/epochtimestr.com\/index.php\/ozgur-ozel-adanada-yurttaslarla-bir-araya-geldi\"]}]},{\"@type\":\"ImageObject\",\"inLanguage\":\"tr\",\"@id\":\"https:\/\/epochtimestr.com\/index.php\/ozgur-ozel-adanada-yurttaslarla-bir-araya-geldi#primaryimage\",\"url\":\"https:\/\/epochtimestr.com\/wp-content\/uploads\/2011y\/o.o.jpg\",\"contentUrl\":\"https:\/\/epochtimestr.com\/wp-content\/uploads\/2011y\/o.o.jpg\",\"width\":1280,\"height\":720},{\"@type\":\"WebSite\",\"@id\":\"https:\/\/epochtimestr.com\/#website\",\"url\":\"https:\/\/epochtimestr.com\/\",\"name\":\"The Epoch Times TR\",\"description\":\"De\u011fi\u015fen D\u00fcnyam\u0131za Taze Bir Bak\u0131\u015f\",\"publisher\":{\"@id\":\"https:\/\/epochtimestr.com\/#organization\"},\"potentialAction\":[{\"@type\":\"SearchAction\",\"target\":{\"@type\":\"EntryPoint\",\"urlTemplate\":\"https:\/\/epochtimestr.com\/?s={search_term_string}\"},\"query-input\":\"required name=search_term_string\"}],\"inLanguage\":\"tr\"},{\"@type\":\"Organization\",\"@id\":\"https:\/\/epochtimestr.com\/#organization\",\"name\":\"The EpochTimes T\u00fcrkiye\",\"url\":\"https:\/\/epochtimestr.com\/\",\"logo\":{\"@type\":\"ImageObject\",\"inLanguage\":\"tr\",\"@id\":\"https:\/\/epochtimestr.com\/#\/schema\/logo\/image\/\",\"url\":\"https:\/\/epochtimestr.com\/wp-content\/uploads\/2011y\/ET-Logo-YG.jpg\",\"contentUrl\":\"https:\/\/epochtimestr.com\/wp-content\/uploads\/2011y\/ET-Logo-YG.jpg\",\"width\":346,\"height\":29,\"caption\":\"The EpochTimes T\u00fcrkiye\"},\"image\":{\"@id\":\"https:\/\/epochtimestr.com\/#\/schema\/logo\/image\/\"},\"sameAs\":[\"https:\/\/www.facebook.com\/theepochtimestr\",\"https:\/\/x.com\/TheEpochTimesTR\",\"https:\/\/www.instagram.com\/epochtimestr\"]},{\"@type\":\"Person\",\"@id\":\"https:\/\/epochtimestr.com\/#\/schema\/person\/3dc5c3adeb9f43923c5aa85889172fdd\",\"name\":\"Haber Merkezi\",\"image\":{\"@type\":\"ImageObject\",\"inLanguage\":\"tr\",\"@id\":\"https:\/\/epochtimestr.com\/#\/schema\/person\/image\/\",\"url\":\"https:\/\/secure.gravatar.com\/avatar\/d73f772ba5a74f28601361e17c2f93e6?s=96&d=mm&r=g\",\"contentUrl\":\"https:\/\/secure.gravatar.com\/avatar\/d73f772ba5a74f28601361e17c2f93e6?s=96&d=mm&r=g\",\"caption\":\"Haber Merkezi\"},\"url\":\"https:\/\/epochtimestr.com\/index.php\/author\/sendag\"}]}<\/script>\n<!-- \/ Yoast SEO plugin. -->","yoast_head_json":{"title":"\u00d6zg\u00fcr \u00d6zel Adana'da Yurtta\u015flarla Bir Araya Geldi - The Epoch Times TR","description":"CHP Grup Ba\u015fkan\u0131 \u00d6zg\u00fcr \u00d6zel, d\u00fcn Adana ziyaretinde \u201c\u0130ktidar y\u00fcr\u00fcy\u00fc\u015f\u00fcnden asla vazge\u00e7meyece\u011fiz. Hukuk m\u00fccadelemizi s\u00fcrd\u00fcrece\u011fiz dedi.","robots":{"index":"index","follow":"follow","max-snippet":"max-snippet:-1","max-image-preview":"max-image-preview:large","max-video-preview":"max-video-preview:-1"},"canonical":"https:\/\/epochtimestr.com\/index.php\/ozgur-ozel-adanada-yurttaslarla-bir-araya-geldi","og_locale":"tr_TR","og_type":"article","og_title":"\u00d6zg\u00fcr \u00d6zel Adana'da Yurtta\u015flarla Bir Araya Geldi - The Epoch Times TR","og_description":"CHP Grup Ba\u015fkan\u0131 \u00d6zg\u00fcr \u00d6zel, d\u00fcn Adana ziyaretinde \u201c\u0130ktidar y\u00fcr\u00fcy\u00fc\u015f\u00fcnden asla vazge\u00e7meyece\u011fiz. Hukuk m\u00fccadelemizi s\u00fcrd\u00fcrece\u011fiz dedi.","og_url":"https:\/\/epochtimestr.com\/index.php\/ozgur-ozel-adanada-yurttaslarla-bir-araya-geldi","og_site_name":"The Epoch Times TR","article_publisher":"https:\/\/www.facebook.com\/theepochtimestr","article_published_time":"2026-07-12T18:17:08+00:00","article_modified_time":"2026-07-12T18:17:09+00:00","og_image":[{"width":1280,"height":720,"url":"https:\/\/epochtimestr.com\/wp-content\/uploads\/2011y\/o.o.jpg","type":"image\/jpeg"}],"author":"Haber Merkezi","twitter_card":"summary_large_image","twitter_creator":"@TheEpochTimesTR","twitter_site":"@TheEpochTimesTR","twitter_misc":{"Yazan:":"Haber Merkezi","Tahmini okuma s\u00fcresi":"6 dakika"},"schema":{"@context":"https:\/\/schema.org","@graph":[{"@type":"Article","@id":"https:\/\/epochtimestr.com\/index.php\/ozgur-ozel-adanada-yurttaslarla-bir-araya-geldi#article","isPartOf":{"@id":"https:\/\/epochtimestr.com\/index.php\/ozgur-ozel-adanada-yurttaslarla-bir-araya-geldi"},"author":{"name":"Haber Merkezi","@id":"https:\/\/epochtimestr.com\/#\/schema\/person\/3dc5c3adeb9f43923c5aa85889172fdd"},"headline":"\u00d6zg\u00fcr \u00d6zel Adana&#8217;da Yurtta\u015flarla Bir Araya Geldi","datePublished":"2026-07-12T18:17:08+00:00","dateModified":"2026-07-12T18:17:09+00:00","mainEntityOfPage":{"@id":"https:\/\/epochtimestr.com\/index.php\/ozgur-ozel-adanada-yurttaslarla-bir-araya-geldi"},"wordCount":1191,"commentCount":0,"publisher":{"@id":"https:\/\/epochtimestr.com\/#organization"},"image":{"@id":"https:\/\/epochtimestr.com\/index.php\/ozgur-ozel-adanada-yurttaslarla-bir-araya-geldi#primaryimage"},"thumbnailUrl":"https:\/\/epochtimestr.com\/wp-content\/uploads\/2011y\/o.o.jpg","keywords":["adana","kent ziyareti","\u00d6zg\u00fcr \u00d6zel"],"articleSection":["G\u00dcNDEM","MAN\u015eET","Siyaset","T\u00dcRK\u0130YE"],"inLanguage":"tr","potentialAction":[{"@type":"CommentAction","name":"Comment","target":["https:\/\/epochtimestr.com\/index.php\/ozgur-ozel-adanada-yurttaslarla-bir-araya-geldi#respond"]}]},{"@type":"WebPage","@id":"https:\/\/epochtimestr.com\/index.php\/ozgur-ozel-adanada-yurttaslarla-bir-araya-geldi","url":"https:\/\/epochtimestr.com\/index.php\/ozgur-ozel-adanada-yurttaslarla-bir-araya-geldi","name":"\u00d6zg\u00fcr \u00d6zel Adana'da Yurtta\u015flarla Bir Araya Geldi - The Epoch Times TR","isPartOf":{"@id":"https:\/\/epochtimestr.com\/#website"},"primaryImageOfPage":{"@id":"https:\/\/epochtimestr.com\/index.php\/ozgur-ozel-adanada-yurttaslarla-bir-araya-geldi#primaryimage"},"image":{"@id":"https:\/\/epochtimestr.com\/index.php\/ozgur-ozel-adanada-yurttaslarla-bir-araya-geldi#primaryimage"},"thumbnailUrl":"https:\/\/epochtimestr.com\/wp-content\/uploads\/2011y\/o.o.jpg","datePublished":"2026-07-12T18:17:08+00:00","dateModified":"2026-07-12T18:17:09+00:00","description":"CHP Grup Ba\u015fkan\u0131 \u00d6zg\u00fcr \u00d6zel, d\u00fcn Adana ziyaretinde \u201c\u0130ktidar y\u00fcr\u00fcy\u00fc\u015f\u00fcnden asla vazge\u00e7meyece\u011fiz. Hukuk m\u00fccadelemizi s\u00fcrd\u00fcrece\u011fiz dedi.","inLanguage":"tr","potentialAction":[{"@type":"ReadAction","target":["https:\/\/epochtimestr.com\/index.php\/ozgur-ozel-adanada-yurttaslarla-bir-araya-geldi"]}]},{"@type":"ImageObject","inLanguage":"tr","@id":"https:\/\/epochtimestr.com\/index.php\/ozgur-ozel-adanada-yurttaslarla-bir-araya-geldi#primaryimage","url":"https:\/\/epochtimestr.com\/wp-content\/uploads\/2011y\/o.o.jpg","contentUrl":"https:\/\/epochtimestr.com\/wp-content\/uploads\/2011y\/o.o.jpg","width":1280,"height":720},{"@type":"WebSite","@id":"https:\/\/epochtimestr.com\/#website","url":"https:\/\/epochtimestr.com\/","name":"The Epoch Times TR","description":"De\u011fi\u015fen D\u00fcnyam\u0131za Taze Bir Bak\u0131\u015f","publisher":{"@id":"https:\/\/epochtimestr.com\/#organization"},"potentialAction":[{"@type":"SearchAction","target":{"@type":"EntryPoint","urlTemplate":"https:\/\/epochtimestr.com\/?s={search_term_string}"},"query-input":"required name=search_term_string"}],"inLanguage":"tr"},{"@type":"Organization","@id":"https:\/\/epochtimestr.com\/#organization","name":"The EpochTimes T\u00fcrkiye","url":"https:\/\/epochtimestr.com\/","logo":{"@type":"ImageObject","inLanguage":"tr","@id":"https:\/\/epochtimestr.com\/#\/schema\/logo\/image\/","url":"https:\/\/epochtimestr.com\/wp-content\/uploads\/2011y\/ET-Logo-YG.jpg","contentUrl":"https:\/\/epochtimestr.com\/wp-content\/uploads\/2011y\/ET-Logo-YG.jpg","width":346,"height":29,"caption":"The EpochTimes T\u00fcrkiye"},"image":{"@id":"https:\/\/epochtimestr.com\/#\/schema\/logo\/image\/"},"sameAs":["https:\/\/www.facebook.com\/theepochtimestr","https:\/\/x.com\/TheEpochTimesTR","https:\/\/www.instagram.com\/epochtimestr"]},{"@type":"Person","@id":"https:\/\/epochtimestr.com\/#\/schema\/person\/3dc5c3adeb9f43923c5aa85889172fdd","name":"Haber Merkezi","image":{"@type":"ImageObject","inLanguage":"tr","@id":"https:\/\/epochtimestr.com\/#\/schema\/person\/image\/","url":"https:\/\/secure.gravatar.com\/avatar\/d73f772ba5a74f28601361e17c2f93e6?s=96&d=mm&r=g","contentUrl":"https:\/\/secure.gravatar.com\/avatar\/d73f772ba5a74f28601361e17c2f93e6?s=96&d=mm&r=g","caption":"Haber Merkezi"},"url":"https:\/\/epochtimestr.com\/index.php\/author\/sendag"}]}},"_links":{"self":[{"href":"https:\/\/epochtimestr.com\/index.php\/wp-json\/wp\/v2\/posts\/168574"}],"collection":[{"href":"https:\/\/epochtimestr.com\/index.php\/wp-json\/wp\/v2\/posts"}],"about":[{"href":"https:\/\/epochtimestr.com\/index.php\/wp-json\/wp\/v2\/types\/post"}],"author":[{"embeddable":true,"href":"https:\/\/epochtimestr.com\/index.php\/wp-json\/wp\/v2\/users\/12791"}],"replies":[{"embeddable":true,"href":"https:\/\/epochtimestr.com\/index.php\/wp-json\/wp\/v2\/comments?post=168574"}],"version-history":[{"count":2,"href":"https:\/\/epochtimestr.com\/index.php\/wp-json\/wp\/v2\/posts\/168574\/revisions"}],"predecessor-version":[{"id":168581,"href":"https:\/\/epochtimestr.com\/index.php\/wp-json\/wp\/v2\/posts\/168574\/revisions\/168581"}],"wp:featuredmedia":[{"embeddable":true,"href":"https:\/\/epochtimestr.com\/index.php\/wp-json\/wp\/v2\/media\/168576"}],"wp:attachment":[{"href":"https:\/\/epochtimestr.com\/index.php\/wp-json\/wp\/v2\/media?parent=168574"}],"wp:term":[{"taxonomy":"category","embeddable":true,"href":"https:\/\/epochtimestr.com\/index.php\/wp-json\/wp\/v2\/categories?post=168574"},{"taxonomy":"post_tag","embeddable":true,"href":"https:\/\/epochtimestr.com\/index.php\/wp-json\/wp\/v2\/tags?post=168574"}],"curies":[{"name":"wp","href":"https:\/\/api.w.org\/{rel}","templated":true}]}}