{"id":168586,"date":"2026-07-13T08:02:12","date_gmt":"2026-07-13T05:02:12","guid":{"rendered":"https:\/\/epochtimestr.com\/?p=168586"},"modified":"2026-07-13T08:02:15","modified_gmt":"2026-07-13T05:02:15","slug":"feto-ile-iltisakli-2-bin-702-sosyal-medya-hesabina-erisim-engeli","status":"publish","type":"post","link":"https:\/\/epochtimestr.com\/index.php\/feto-ile-iltisakli-2-bin-702-sosyal-medya-hesabina-erisim-engeli","title":{"rendered":"FET\u00d6 \u0130le \u0130ltisakl\u0131 2 Bin 702 Sosyal Medya Hesab\u0131na Eri\u015fim Engeli"},"content":{"rendered":"<div class=\"wp-block-image\">\n<figure class=\"aligncenter size-full is-resized\"><img loading=\"lazy\" decoding=\"async\" width=\"864\" height=\"486\" src=\"https:\/\/epochtimestr.com\/wp-content\/uploads\/2011y\/burhanettin-duran.webp\" alt=\"\" class=\"wp-image-168587\" style=\"width:841px;height:auto\" srcset=\"https:\/\/epochtimestr.com\/wp-content\/uploads\/2011y\/burhanettin-duran.webp 864w, https:\/\/epochtimestr.com\/wp-content\/uploads\/2011y\/burhanettin-duran-300x169.webp 300w, https:\/\/epochtimestr.com\/wp-content\/uploads\/2011y\/burhanettin-duran-150x84.webp 150w, https:\/\/epochtimestr.com\/wp-content\/uploads\/2011y\/burhanettin-duran-768x432.webp 768w\" sizes=\"(max-width: 864px) 100vw, 864px\" \/><figcaption class=\"wp-element-caption\">Burhanettin Duran FET\u00d6 ile iltisakl\u0131 2 Bin 702 sosyal medya hesab\u0131na eri\u015fim engeli getirildi\u011fini a\u00e7\u0131klad\u0131. (Foto\u011fraf: \u0130leti\u015fim Ba\u015fkanl\u0131\u011f\u0131 web sitesi) <\/figcaption><\/figure><\/div>\n\n\n<h2 class=\"wp-block-heading\">\u0130leti\u015fim Ba\u015fkan\u0131 Burhanettin Duran: FET\u00d6 ba\u011flant\u0131l\u0131 2 bin 702 sosyal medya hesab\u0131na eri\u015fim engeli getirildi.<\/h2>\n\n\n\n<p>Cumhurba\u015fkanl\u0131\u011f\u0131 <a href=\"https:\/\/epochtimestr.com\/index.php\/cumhurbaskanligi-iletisim-baskani-altundan-bassagligi-mesaji\" target=\"_blank\" rel=\"noreferrer noopener\">\u0130leti\u015fim Ba\u015fkan\u0131<\/a> Prof. Dr. Burhanettin <a href=\"https:\/\/epochtimestr.com\/index.php\/cumhurbaskanligi-politika-kurullarina-140-isim-erdoganin-imzasiyla-atandi\" target=\"_blank\" rel=\"noreferrer noopener\">Duran<\/a>, sosyal medya hesab\u0131ndan yapt\u0131\u011f\u0131 a\u00e7\u0131klamada, Cumhurba\u015fkanl\u0131\u011f\u0131 \u0130leti\u015fim Ba\u015fkanl\u0131\u011f\u0131 koordinasyonunda y\u00fcr\u00fct\u00fclen dijital izleme ve analiz \u00e7al\u0131\u015fmalar\u0131 kapsam\u0131nda, son bir ay i\u00e7inde FET\u00d6 ile iltisakl\u0131 oldu\u011fu tespit edilen 2 bin 702 sosyal medya hesab\u0131na eri\u015fim engeli tedbirlerinin uyguland\u0131\u011f\u0131n\u0131 duyurdu.<\/p>\n\n\n\n<p>A\u00e7\u0131klamaya g\u00f6re, son iki ayda yap\u0131lan teknik incelemeler ve dijital a\u011f analizleri sonucunda, ter\u00f6rizmi \u00f6vd\u00fc\u011f\u00fc, te\u015fvik etti\u011fi, dezenformasyon yayd\u0131\u011f\u0131 ve T\u00fcrkiye&#8217;ye y\u00f6nelik psikolojik harek\u00e2t faaliyetlerinde bulundu\u011fu de\u011ferlendirilen 1.652 sosyal medya hesab\u0131 hakk\u0131nda da Adalet ve \u0130\u00e7i\u015fleri Bakanl\u0131klar\u0131 ba\u015fta olmak \u00fczere ilgili kurumlar\u0131n koordinasyonuyla hukuki ve idari i\u015flemler y\u00fcr\u00fct\u00fcld\u00fc, bu hesaplara y\u00f6nelik eri\u015fim engeli kararlar\u0131 uyguland\u0131.<\/p>\n\n\n\n<p><strong>\u0130leti\u015fim Ba\u015fkan\u0131 Burhanettin Duran, sosyal medya hesab\u0131ndan yapt\u0131\u011f\u0131 payla\u015f\u0131m:<\/strong><\/p>\n\n\n\n<p>&#8220;Cumhurba\u015fkanl\u0131\u011f\u0131 \u0130leti\u015fim Ba\u015fkanl\u0131\u011f\u0131m\u0131z taraf\u0131ndan y\u00fcr\u00fct\u00fclen kapsaml\u0131 dijital izleme, analiz ve koordinasyon faaliyetleri, ilgili t\u00fcm kurumlar\u0131m\u0131zla tam bir e\u015f g\u00fcd\u00fcm i\u00e7erisinde kesintisiz \u015fekilde s\u00fcrd\u00fcr\u00fclmektedir.<\/p>\n\n\n\n<p>Dijital mecralar \u00fczerinden y\u00fcr\u00fct\u00fclen ter\u00f6r propagandas\u0131, dezenformasyon faaliyetleri ve psikolojik harek\u00e2t giri\u015fimlerine kar\u015f\u0131 devletimizin b\u00fct\u00fcn imk\u00e2nlar\u0131yla y\u00fcr\u00fctt\u00fc\u011f\u00fc m\u00fccadele kararl\u0131l\u0131kla devam etmektedir. Bu kapsamda, Cumhurba\u015fkanl\u0131\u011f\u0131 \u0130leti\u015fim Ba\u015fkanl\u0131\u011f\u0131m\u0131z\u0131n koordinasyonunda; Emniyet Genel M\u00fcd\u00fcrl\u00fc\u011f\u00fc Siber Su\u00e7larla M\u00fccadele Daire Ba\u015fkanl\u0131\u011f\u0131, Cumhuriyet Ba\u015fsavc\u0131l\u0131klar\u0131 ile Bilgi Teknolojileri ve \u0130leti\u015fim Kurumumuzun (BTK) ortak \u00e7al\u0131\u015fmalar\u0131 neticesinde, son bir ay i\u00e7erisinde FET\u00d6 ve FET\u00d6 ile iltisakl\u0131 oldu\u011fu tespit edilen 2.702 sosyal medya hesab\u0131 hakk\u0131nda eri\u015fim engeli tedbirleri derhal uygulanm\u0131\u015ft\u0131r.<\/p>\n\n\n\n<p>Bunun yan\u0131 s\u0131ra, son iki ay i\u00e7erisinde ger\u00e7ekle\u015ftirilen detayl\u0131 teknik incelemeler ve dijital a\u011f analizleri sonucunda; ter\u00f6rizmi \u00f6ven, te\u015fvik eden, dezenformasyon yayan ve \u00fclkemize y\u00f6nelik psikolojik harek\u00e2t faaliyetlerinde bulundu\u011fu belirlenen 1.652 sosyal medya hesab\u0131 hakk\u0131nda da Adalet ve \u0130\u00e7i\u015fleri Bakanl\u0131klar\u0131m\u0131z ba\u015fta olmak \u00fczere ilgili kurumlar\u0131m\u0131z\u0131n koordinasyonuyla gerekli hukuki ve idari i\u015flemler tesis edilmi\u015f, bu hesaplara y\u00f6nelik eri\u015fim engeli kararlar\u0131 uygulanm\u0131\u015ft\u0131r. Y\u00fcr\u00fct\u00fclen analizler, ter\u00f6r \u00f6rg\u00fctlerinin yaln\u0131zca fiziki alanda de\u011fil, dijital platformlarda da organize, koordineli ve sistematik y\u00f6ntemlerle propaganda faaliyetleri y\u00fcr\u00fctt\u00fc\u011f\u00fcn\u00fc; manip\u00fclasyon, alg\u0131 y\u00f6netimi ve dezenformasyon yoluyla toplumsal huzuru, mill\u00ee birli\u011fimizi ve kamu d\u00fczenini hedef ald\u0131\u011f\u0131n\u0131 a\u00e7\u0131k\u00e7a ortaya koymaktad\u0131r.<\/p>\n\n\n\n<figure class=\"wp-block-embed is-type-rich is-provider-x wp-block-embed-x\"><div class=\"wp-block-embed__wrapper\">\n<blockquote class=\"twitter-tweet\" data-width=\"550\" data-dnt=\"true\"><p lang=\"tr\" dir=\"ltr\">Cumhurba\u015fkanl\u0131\u011f\u0131 \u0130leti\u015fim Ba\u015fkanl\u0131\u011f\u0131m\u0131z taraf\u0131ndan y\u00fcr\u00fct\u00fclen kapsaml\u0131 dijital izleme, analiz ve koordinasyon faaliyetleri, ilgili t\u00fcm kurumlar\u0131m\u0131zla tam bir e\u015f g\u00fcd\u00fcm i\u00e7erisinde kesintisiz \u015fekilde s\u00fcrd\u00fcr\u00fclmektedir.<br><br>Dijital mecralar \u00fczerinden y\u00fcr\u00fct\u00fclen ter\u00f6r propagandas\u0131,\u2026<\/p>&mdash; Burhanettin Duran (@burhanduran) <a href=\"https:\/\/x.com\/burhanduran\/status\/2076212532268707845?ref_src=twsrc%5Etfw\">July 12, 2026<\/a><\/blockquote><script async src=\"https:\/\/platform.x.com\/widgets.js\" charset=\"utf-8\"><\/script>\n<\/div><\/figure>\n\n\n\n<h3 class=\"wp-block-heading\">&#8220;T\u00fcrkiye Cumhuriyeti, hi\u00e7bir dijital tehdide asla ge\u00e7it vermeyecektir&#8221;<\/h3>\n\n\n\n<p>Cumhurba\u015fkan\u0131m\u0131z Say\u0131n Recep Tayyip Erdo\u011fan&#8217;\u0131n liderli\u011finde T\u00fcrkiye; ter\u00f6rle m\u00fccadelesini sahada, s\u0131n\u0131r \u00f6tesinde ve dijital mecralarda ayn\u0131 kararl\u0131l\u0131k, ayn\u0131 hukuki me\u015fruiyet anlay\u0131\u015f\u0131 ve ayn\u0131 devlet ciddiyetiyle s\u00fcrd\u00fcrmektedir. Dijital alan, mill\u00ee g\u00fcvenli\u011fimizin ayr\u0131lmaz bir par\u00e7as\u0131d\u0131r. Ter\u00f6r \u00f6rg\u00fctlerinin sosyal medya ve dijital platformlar\u0131 propaganda, eleman temini, finansman, dezenformasyon ve psikolojik harek\u00e2t amac\u0131yla kullanmalar\u0131na hi\u00e7bir \u015fekilde m\u00fcsaade edilmeyecektir. Cumhurba\u015fkanl\u0131\u011f\u0131 \u0130leti\u015fim Ba\u015fkanl\u0131\u011f\u0131 olarak, ilgili t\u00fcm kurumlar\u0131m\u0131zla birlikte dijital ekosistemi s\u00fcrekli takip etmeye, mill\u00ee g\u00fcvenli\u011fimizi hedef alan her t\u00fcrl\u00fc tehdidi tespit ederek gerekli tedbirleri gecikmeksizin almaya ve vatanda\u015flar\u0131m\u0131z\u0131 dezenformasyona kar\u015f\u0131 do\u011fru bilgiyle bulu\u015fturmaya kararl\u0131l\u0131kla devam edece\u011fiz. Bu y\u0131l, 15 Temmuz hain darbe giri\u015fiminin 10. y\u0131l d\u00f6n\u00fcm\u00fcn\u00fc idrak ediyoruz.<\/p>\n\n\n\n<p>Aziz milletimizin iradesine kasteden FET\u00d6, o gece Cumhurba\u015fkan\u0131m\u0131z Say\u0131n Recep Tayyip Erdo\u011fan&#8217;\u0131n liderli\u011fi, milletimizin destans\u0131 direni\u015fi ve devletimizin kararl\u0131 m\u00fccadelesiyle h\u00fcsrana u\u011frat\u0131lm\u0131\u015ft\u0131r. Aradan ge\u00e7en on y\u0131lda da devletimiz, FET\u00d6 ba\u015fta olmak \u00fczere t\u00fcm ter\u00f6r \u00f6rg\u00fctlerine kar\u015f\u0131 m\u00fccadelesini ayn\u0131 azim ve kararl\u0131l\u0131kla s\u00fcrd\u00fcrmektedir. Vatan\u0131m\u0131z u\u011fruna canlar\u0131n\u0131 feda eden t\u00fcm aziz \u015fehitlerimizi rahmetle ve minnetle y\u00e2d ediyor, kahraman gazilerimize \u015f\u00fckranlar\u0131m\u0131 sunuyorum. T\u00fcrkiye Cumhuriyeti, mill\u00ee birlik ve beraberli\u011fine kasteden hi\u00e7bir yap\u0131ya, hi\u00e7bir ter\u00f6r \u00f6rg\u00fct\u00fcne ve hi\u00e7bir dijital tehdide asla ge\u00e7it vermeyecektir.&#8221;<\/p>\n","protected":false},"excerpt":{"rendered":"<p>\u0130leti\u015fim Ba\u015fkan\u0131 Burhanettin Duran: FET\u00d6 ba\u011flant\u0131l\u0131 2 bin 702 sosyal medya hesab\u0131na eri\u015fim engeli getirildi. Cumhurba\u015fkanl\u0131\u011f\u0131 \u0130leti\u015fim Ba\u015fkan\u0131 Prof. Dr. Burhanettin Duran, sosyal medya hesab\u0131ndan yapt\u0131\u011f\u0131 a\u00e7\u0131klamada, Cumhurba\u015fkanl\u0131\u011f\u0131 \u0130leti\u015fim Ba\u015fkanl\u0131\u011f\u0131 koordinasyonunda y\u00fcr\u00fct\u00fclen dijital izleme ve analiz \u00e7al\u0131\u015fmalar\u0131 kapsam\u0131nda, son bir ay i\u00e7inde FET\u00d6 ile iltisakl\u0131 oldu\u011fu tespit edilen 2 bin 702 sosyal medya hesab\u0131na eri\u015fim [&hellip;]<\/p>\n","protected":false},"author":12791,"featured_media":168587,"comment_status":"open","ping_status":"open","sticky":false,"template":"","format":"standard","meta":{"_yoast_wpseo_focuskw":"sosyal","_yoast_wpseo_title":"","_yoast_wpseo_metadesc":"\u0130leti\u015fim Ba\u015fkan\u0131 Burhanettin Duran: FET\u00d6 ba\u011flant\u0131l\u0131 2 bin 702 sosyal medya hesab\u0131na eri\u015fim engeli getirildi.","_bbp_topic_count":0,"_bbp_reply_count":0,"_bbp_total_topic_count":0,"_bbp_total_reply_count":0,"_bbp_voice_count":0,"_bbp_anonymous_reply_count":0,"_bbp_topic_count_hidden":0,"_bbp_reply_count_hidden":0,"_bbp_forum_subforum_count":0,"footnotes":"","_yoast_wpseo_focuskw_text_input":""},"categories":[1,8138,8226,37],"tags":[9020,7442,7001,1736],"yoast_head":"<!-- This site is optimized with the Yoast SEO plugin v23.0 - https:\/\/yoast.com\/wordpress\/plugins\/seo\/ -->\n<title>FET\u00d6 \u0130le \u0130ltisakl\u0131 2 Bin 702 Sosyal Medya Hesab\u0131na Eri\u015fim Engeli - The Epoch Times TR<\/title>\n<meta name=\"description\" content=\"\u0130leti\u015fim Ba\u015fkan\u0131 Burhanettin Duran: FET\u00d6 ba\u011flant\u0131l\u0131 2 bin 702 sosyal medya hesab\u0131na eri\u015fim engeli getirildi.\" \/>\n<meta name=\"robots\" content=\"index, follow, max-snippet:-1, max-image-preview:large, max-video-preview:-1\" \/>\n<link rel=\"canonical\" href=\"https:\/\/epochtimestr.com\/index.php\/feto-ile-iltisakli-2-bin-702-sosyal-medya-hesabina-erisim-engeli\" \/>\n<meta property=\"og:locale\" content=\"tr_TR\" \/>\n<meta property=\"og:type\" content=\"article\" \/>\n<meta property=\"og:title\" content=\"FET\u00d6 \u0130le \u0130ltisakl\u0131 2 Bin 702 Sosyal Medya Hesab\u0131na Eri\u015fim Engeli - The Epoch Times TR\" \/>\n<meta property=\"og:description\" content=\"\u0130leti\u015fim Ba\u015fkan\u0131 Burhanettin Duran: FET\u00d6 ba\u011flant\u0131l\u0131 2 bin 702 sosyal medya hesab\u0131na eri\u015fim engeli getirildi.\" \/>\n<meta property=\"og:url\" content=\"https:\/\/epochtimestr.com\/index.php\/feto-ile-iltisakli-2-bin-702-sosyal-medya-hesabina-erisim-engeli\" \/>\n<meta property=\"og:site_name\" content=\"The Epoch Times TR\" \/>\n<meta property=\"article:publisher\" content=\"https:\/\/www.facebook.com\/theepochtimestr\" \/>\n<meta property=\"article:published_time\" content=\"2026-07-13T05:02:12+00:00\" \/>\n<meta property=\"article:modified_time\" content=\"2026-07-13T05:02:15+00:00\" \/>\n<meta property=\"og:image\" content=\"https:\/\/epochtimestr.com\/wp-content\/uploads\/2011y\/burhanettin-duran.webp\" \/>\n\t<meta property=\"og:image:width\" content=\"864\" \/>\n\t<meta property=\"og:image:height\" content=\"486\" \/>\n\t<meta property=\"og:image:type\" content=\"image\/webp\" \/>\n<meta name=\"author\" content=\"Haber Merkezi\" \/>\n<meta name=\"twitter:card\" content=\"summary_large_image\" \/>\n<meta name=\"twitter:creator\" content=\"@TheEpochTimesTR\" \/>\n<meta name=\"twitter:site\" content=\"@TheEpochTimesTR\" \/>\n<meta name=\"twitter:label1\" content=\"Yazan:\" \/>\n\t<meta name=\"twitter:data1\" content=\"Haber Merkezi\" \/>\n\t<meta name=\"twitter:label2\" content=\"Tahmini okuma s\u00fcresi\" \/>\n\t<meta name=\"twitter:data2\" content=\"4 dakika\" \/>\n<script type=\"application\/ld+json\" class=\"yoast-schema-graph\">{\"@context\":\"https:\/\/schema.org\",\"@graph\":[{\"@type\":\"Article\",\"@id\":\"https:\/\/epochtimestr.com\/index.php\/feto-ile-iltisakli-2-bin-702-sosyal-medya-hesabina-erisim-engeli#article\",\"isPartOf\":{\"@id\":\"https:\/\/epochtimestr.com\/index.php\/feto-ile-iltisakli-2-bin-702-sosyal-medya-hesabina-erisim-engeli\"},\"author\":{\"name\":\"Haber Merkezi\",\"@id\":\"https:\/\/epochtimestr.com\/#\/schema\/person\/3dc5c3adeb9f43923c5aa85889172fdd\"},\"headline\":\"FET\u00d6 \u0130le \u0130ltisakl\u0131 2 Bin 702 Sosyal Medya Hesab\u0131na Eri\u015fim Engeli\",\"datePublished\":\"2026-07-13T05:02:12+00:00\",\"dateModified\":\"2026-07-13T05:02:15+00:00\",\"mainEntityOfPage\":{\"@id\":\"https:\/\/epochtimestr.com\/index.php\/feto-ile-iltisakli-2-bin-702-sosyal-medya-hesabina-erisim-engeli\"},\"wordCount\":778,\"commentCount\":0,\"publisher\":{\"@id\":\"https:\/\/epochtimestr.com\/#organization\"},\"image\":{\"@id\":\"https:\/\/epochtimestr.com\/index.php\/feto-ile-iltisakli-2-bin-702-sosyal-medya-hesabina-erisim-engeli#primaryimage\"},\"thumbnailUrl\":\"https:\/\/epochtimestr.com\/wp-content\/uploads\/2011y\/burhanettin-duran.webp\",\"keywords\":[\"Burhanettin Duran\",\"cumhurba\u015fkanl\u0131\u011f\u0131 ileti\u015fim ba\u015fkanl\u0131\u011f\u0131\",\"engel\",\"sosyal medya\"],\"articleSection\":[\"G\u00dcNDEM\",\"MAN\u015eET\",\"Siyaset\",\"T\u00dcRK\u0130YE\"],\"inLanguage\":\"tr\",\"potentialAction\":[{\"@type\":\"CommentAction\",\"name\":\"Comment\",\"target\":[\"https:\/\/epochtimestr.com\/index.php\/feto-ile-iltisakli-2-bin-702-sosyal-medya-hesabina-erisim-engeli#respond\"]}]},{\"@type\":\"WebPage\",\"@id\":\"https:\/\/epochtimestr.com\/index.php\/feto-ile-iltisakli-2-bin-702-sosyal-medya-hesabina-erisim-engeli\",\"url\":\"https:\/\/epochtimestr.com\/index.php\/feto-ile-iltisakli-2-bin-702-sosyal-medya-hesabina-erisim-engeli\",\"name\":\"FET\u00d6 \u0130le \u0130ltisakl\u0131 2 Bin 702 Sosyal Medya Hesab\u0131na Eri\u015fim Engeli - The Epoch Times TR\",\"isPartOf\":{\"@id\":\"https:\/\/epochtimestr.com\/#website\"},\"primaryImageOfPage\":{\"@id\":\"https:\/\/epochtimestr.com\/index.php\/feto-ile-iltisakli-2-bin-702-sosyal-medya-hesabina-erisim-engeli#primaryimage\"},\"image\":{\"@id\":\"https:\/\/epochtimestr.com\/index.php\/feto-ile-iltisakli-2-bin-702-sosyal-medya-hesabina-erisim-engeli#primaryimage\"},\"thumbnailUrl\":\"https:\/\/epochtimestr.com\/wp-content\/uploads\/2011y\/burhanettin-duran.webp\",\"datePublished\":\"2026-07-13T05:02:12+00:00\",\"dateModified\":\"2026-07-13T05:02:15+00:00\",\"description\":\"\u0130leti\u015fim Ba\u015fkan\u0131 Burhanettin Duran: FET\u00d6 ba\u011flant\u0131l\u0131 2 bin 702 sosyal medya hesab\u0131na eri\u015fim engeli getirildi.\",\"inLanguage\":\"tr\",\"potentialAction\":[{\"@type\":\"ReadAction\",\"target\":[\"https:\/\/epochtimestr.com\/index.php\/feto-ile-iltisakli-2-bin-702-sosyal-medya-hesabina-erisim-engeli\"]}]},{\"@type\":\"ImageObject\",\"inLanguage\":\"tr\",\"@id\":\"https:\/\/epochtimestr.com\/index.php\/feto-ile-iltisakli-2-bin-702-sosyal-medya-hesabina-erisim-engeli#primaryimage\",\"url\":\"https:\/\/epochtimestr.com\/wp-content\/uploads\/2011y\/burhanettin-duran.webp\",\"contentUrl\":\"https:\/\/epochtimestr.com\/wp-content\/uploads\/2011y\/burhanettin-duran.webp\",\"width\":864,\"height\":486},{\"@type\":\"WebSite\",\"@id\":\"https:\/\/epochtimestr.com\/#website\",\"url\":\"https:\/\/epochtimestr.com\/\",\"name\":\"The Epoch Times TR\",\"description\":\"De\u011fi\u015fen D\u00fcnyam\u0131za Taze Bir Bak\u0131\u015f\",\"publisher\":{\"@id\":\"https:\/\/epochtimestr.com\/#organization\"},\"potentialAction\":[{\"@type\":\"SearchAction\",\"target\":{\"@type\":\"EntryPoint\",\"urlTemplate\":\"https:\/\/epochtimestr.com\/?s={search_term_string}\"},\"query-input\":\"required name=search_term_string\"}],\"inLanguage\":\"tr\"},{\"@type\":\"Organization\",\"@id\":\"https:\/\/epochtimestr.com\/#organization\",\"name\":\"The EpochTimes T\u00fcrkiye\",\"url\":\"https:\/\/epochtimestr.com\/\",\"logo\":{\"@type\":\"ImageObject\",\"inLanguage\":\"tr\",\"@id\":\"https:\/\/epochtimestr.com\/#\/schema\/logo\/image\/\",\"url\":\"https:\/\/epochtimestr.com\/wp-content\/uploads\/2011y\/ET-Logo-YG.jpg\",\"contentUrl\":\"https:\/\/epochtimestr.com\/wp-content\/uploads\/2011y\/ET-Logo-YG.jpg\",\"width\":346,\"height\":29,\"caption\":\"The EpochTimes T\u00fcrkiye\"},\"image\":{\"@id\":\"https:\/\/epochtimestr.com\/#\/schema\/logo\/image\/\"},\"sameAs\":[\"https:\/\/www.facebook.com\/theepochtimestr\",\"https:\/\/x.com\/TheEpochTimesTR\",\"https:\/\/www.instagram.com\/epochtimestr\"]},{\"@type\":\"Person\",\"@id\":\"https:\/\/epochtimestr.com\/#\/schema\/person\/3dc5c3adeb9f43923c5aa85889172fdd\",\"name\":\"Haber Merkezi\",\"image\":{\"@type\":\"ImageObject\",\"inLanguage\":\"tr\",\"@id\":\"https:\/\/epochtimestr.com\/#\/schema\/person\/image\/\",\"url\":\"https:\/\/secure.gravatar.com\/avatar\/d73f772ba5a74f28601361e17c2f93e6?s=96&d=mm&r=g\",\"contentUrl\":\"https:\/\/secure.gravatar.com\/avatar\/d73f772ba5a74f28601361e17c2f93e6?s=96&d=mm&r=g\",\"caption\":\"Haber Merkezi\"},\"url\":\"https:\/\/epochtimestr.com\/index.php\/author\/sendag\"}]}<\/script>\n<!-- \/ Yoast SEO plugin. -->","yoast_head_json":{"title":"FET\u00d6 \u0130le \u0130ltisakl\u0131 2 Bin 702 Sosyal Medya Hesab\u0131na Eri\u015fim Engeli - The Epoch Times TR","description":"\u0130leti\u015fim Ba\u015fkan\u0131 Burhanettin Duran: FET\u00d6 ba\u011flant\u0131l\u0131 2 bin 702 sosyal medya hesab\u0131na eri\u015fim engeli getirildi.","robots":{"index":"index","follow":"follow","max-snippet":"max-snippet:-1","max-image-preview":"max-image-preview:large","max-video-preview":"max-video-preview:-1"},"canonical":"https:\/\/epochtimestr.com\/index.php\/feto-ile-iltisakli-2-bin-702-sosyal-medya-hesabina-erisim-engeli","og_locale":"tr_TR","og_type":"article","og_title":"FET\u00d6 \u0130le \u0130ltisakl\u0131 2 Bin 702 Sosyal Medya Hesab\u0131na Eri\u015fim Engeli - The Epoch Times TR","og_description":"\u0130leti\u015fim Ba\u015fkan\u0131 Burhanettin Duran: FET\u00d6 ba\u011flant\u0131l\u0131 2 bin 702 sosyal medya hesab\u0131na eri\u015fim engeli getirildi.","og_url":"https:\/\/epochtimestr.com\/index.php\/feto-ile-iltisakli-2-bin-702-sosyal-medya-hesabina-erisim-engeli","og_site_name":"The Epoch Times TR","article_publisher":"https:\/\/www.facebook.com\/theepochtimestr","article_published_time":"2026-07-13T05:02:12+00:00","article_modified_time":"2026-07-13T05:02:15+00:00","og_image":[{"width":864,"height":486,"url":"https:\/\/epochtimestr.com\/wp-content\/uploads\/2011y\/burhanettin-duran.webp","type":"image\/webp"}],"author":"Haber Merkezi","twitter_card":"summary_large_image","twitter_creator":"@TheEpochTimesTR","twitter_site":"@TheEpochTimesTR","twitter_misc":{"Yazan:":"Haber Merkezi","Tahmini okuma s\u00fcresi":"4 dakika"},"schema":{"@context":"https:\/\/schema.org","@graph":[{"@type":"Article","@id":"https:\/\/epochtimestr.com\/index.php\/feto-ile-iltisakli-2-bin-702-sosyal-medya-hesabina-erisim-engeli#article","isPartOf":{"@id":"https:\/\/epochtimestr.com\/index.php\/feto-ile-iltisakli-2-bin-702-sosyal-medya-hesabina-erisim-engeli"},"author":{"name":"Haber Merkezi","@id":"https:\/\/epochtimestr.com\/#\/schema\/person\/3dc5c3adeb9f43923c5aa85889172fdd"},"headline":"FET\u00d6 \u0130le \u0130ltisakl\u0131 2 Bin 702 Sosyal Medya Hesab\u0131na Eri\u015fim Engeli","datePublished":"2026-07-13T05:02:12+00:00","dateModified":"2026-07-13T05:02:15+00:00","mainEntityOfPage":{"@id":"https:\/\/epochtimestr.com\/index.php\/feto-ile-iltisakli-2-bin-702-sosyal-medya-hesabina-erisim-engeli"},"wordCount":778,"commentCount":0,"publisher":{"@id":"https:\/\/epochtimestr.com\/#organization"},"image":{"@id":"https:\/\/epochtimestr.com\/index.php\/feto-ile-iltisakli-2-bin-702-sosyal-medya-hesabina-erisim-engeli#primaryimage"},"thumbnailUrl":"https:\/\/epochtimestr.com\/wp-content\/uploads\/2011y\/burhanettin-duran.webp","keywords":["Burhanettin Duran","cumhurba\u015fkanl\u0131\u011f\u0131 ileti\u015fim ba\u015fkanl\u0131\u011f\u0131","engel","sosyal medya"],"articleSection":["G\u00dcNDEM","MAN\u015eET","Siyaset","T\u00dcRK\u0130YE"],"inLanguage":"tr","potentialAction":[{"@type":"CommentAction","name":"Comment","target":["https:\/\/epochtimestr.com\/index.php\/feto-ile-iltisakli-2-bin-702-sosyal-medya-hesabina-erisim-engeli#respond"]}]},{"@type":"WebPage","@id":"https:\/\/epochtimestr.com\/index.php\/feto-ile-iltisakli-2-bin-702-sosyal-medya-hesabina-erisim-engeli","url":"https:\/\/epochtimestr.com\/index.php\/feto-ile-iltisakli-2-bin-702-sosyal-medya-hesabina-erisim-engeli","name":"FET\u00d6 \u0130le \u0130ltisakl\u0131 2 Bin 702 Sosyal Medya Hesab\u0131na Eri\u015fim Engeli - The Epoch Times TR","isPartOf":{"@id":"https:\/\/epochtimestr.com\/#website"},"primaryImageOfPage":{"@id":"https:\/\/epochtimestr.com\/index.php\/feto-ile-iltisakli-2-bin-702-sosyal-medya-hesabina-erisim-engeli#primaryimage"},"image":{"@id":"https:\/\/epochtimestr.com\/index.php\/feto-ile-iltisakli-2-bin-702-sosyal-medya-hesabina-erisim-engeli#primaryimage"},"thumbnailUrl":"https:\/\/epochtimestr.com\/wp-content\/uploads\/2011y\/burhanettin-duran.webp","datePublished":"2026-07-13T05:02:12+00:00","dateModified":"2026-07-13T05:02:15+00:00","description":"\u0130leti\u015fim Ba\u015fkan\u0131 Burhanettin Duran: FET\u00d6 ba\u011flant\u0131l\u0131 2 bin 702 sosyal medya hesab\u0131na eri\u015fim engeli getirildi.","inLanguage":"tr","potentialAction":[{"@type":"ReadAction","target":["https:\/\/epochtimestr.com\/index.php\/feto-ile-iltisakli-2-bin-702-sosyal-medya-hesabina-erisim-engeli"]}]},{"@type":"ImageObject","inLanguage":"tr","@id":"https:\/\/epochtimestr.com\/index.php\/feto-ile-iltisakli-2-bin-702-sosyal-medya-hesabina-erisim-engeli#primaryimage","url":"https:\/\/epochtimestr.com\/wp-content\/uploads\/2011y\/burhanettin-duran.webp","contentUrl":"https:\/\/epochtimestr.com\/wp-content\/uploads\/2011y\/burhanettin-duran.webp","width":864,"height":486},{"@type":"WebSite","@id":"https:\/\/epochtimestr.com\/#website","url":"https:\/\/epochtimestr.com\/","name":"The Epoch Times TR","description":"De\u011fi\u015fen D\u00fcnyam\u0131za Taze Bir Bak\u0131\u015f","publisher":{"@id":"https:\/\/epochtimestr.com\/#organization"},"potentialAction":[{"@type":"SearchAction","target":{"@type":"EntryPoint","urlTemplate":"https:\/\/epochtimestr.com\/?s={search_term_string}"},"query-input":"required name=search_term_string"}],"inLanguage":"tr"},{"@type":"Organization","@id":"https:\/\/epochtimestr.com\/#organization","name":"The EpochTimes T\u00fcrkiye","url":"https:\/\/epochtimestr.com\/","logo":{"@type":"ImageObject","inLanguage":"tr","@id":"https:\/\/epochtimestr.com\/#\/schema\/logo\/image\/","url":"https:\/\/epochtimestr.com\/wp-content\/uploads\/2011y\/ET-Logo-YG.jpg","contentUrl":"https:\/\/epochtimestr.com\/wp-content\/uploads\/2011y\/ET-Logo-YG.jpg","width":346,"height":29,"caption":"The EpochTimes T\u00fcrkiye"},"image":{"@id":"https:\/\/epochtimestr.com\/#\/schema\/logo\/image\/"},"sameAs":["https:\/\/www.facebook.com\/theepochtimestr","https:\/\/x.com\/TheEpochTimesTR","https:\/\/www.instagram.com\/epochtimestr"]},{"@type":"Person","@id":"https:\/\/epochtimestr.com\/#\/schema\/person\/3dc5c3adeb9f43923c5aa85889172fdd","name":"Haber Merkezi","image":{"@type":"ImageObject","inLanguage":"tr","@id":"https:\/\/epochtimestr.com\/#\/schema\/person\/image\/","url":"https:\/\/secure.gravatar.com\/avatar\/d73f772ba5a74f28601361e17c2f93e6?s=96&d=mm&r=g","contentUrl":"https:\/\/secure.gravatar.com\/avatar\/d73f772ba5a74f28601361e17c2f93e6?s=96&d=mm&r=g","caption":"Haber Merkezi"},"url":"https:\/\/epochtimestr.com\/index.php\/author\/sendag"}]}},"_links":{"self":[{"href":"https:\/\/epochtimestr.com\/index.php\/wp-json\/wp\/v2\/posts\/168586"}],"collection":[{"href":"https:\/\/epochtimestr.com\/index.php\/wp-json\/wp\/v2\/posts"}],"about":[{"href":"https:\/\/epochtimestr.com\/index.php\/wp-json\/wp\/v2\/types\/post"}],"author":[{"embeddable":true,"href":"https:\/\/epochtimestr.com\/index.php\/wp-json\/wp\/v2\/users\/12791"}],"replies":[{"embeddable":true,"href":"https:\/\/epochtimestr.com\/index.php\/wp-json\/wp\/v2\/comments?post=168586"}],"version-history":[{"count":2,"href":"https:\/\/epochtimestr.com\/index.php\/wp-json\/wp\/v2\/posts\/168586\/revisions"}],"predecessor-version":[{"id":168591,"href":"https:\/\/epochtimestr.com\/index.php\/wp-json\/wp\/v2\/posts\/168586\/revisions\/168591"}],"wp:featuredmedia":[{"embeddable":true,"href":"https:\/\/epochtimestr.com\/index.php\/wp-json\/wp\/v2\/media\/168587"}],"wp:attachment":[{"href":"https:\/\/epochtimestr.com\/index.php\/wp-json\/wp\/v2\/media?parent=168586"}],"wp:term":[{"taxonomy":"category","embeddable":true,"href":"https:\/\/epochtimestr.com\/index.php\/wp-json\/wp\/v2\/categories?post=168586"},{"taxonomy":"post_tag","embeddable":true,"href":"https:\/\/epochtimestr.com\/index.php\/wp-json\/wp\/v2\/tags?post=168586"}],"curies":[{"name":"wp","href":"https:\/\/api.w.org\/{rel}","templated":true}]}}