{"id":168594,"date":"2026-07-13T08:15:37","date_gmt":"2026-07-13T05:15:37","guid":{"rendered":"https:\/\/epochtimestr.com\/?p=168594"},"modified":"2026-07-13T08:15:50","modified_gmt":"2026-07-13T05:15:50","slug":"adaletin-terazisi-parayla-tartilmaz","status":"publish","type":"post","link":"https:\/\/epochtimestr.com\/index.php\/adaletin-terazisi-parayla-tartilmaz","title":{"rendered":"Adaletin Terazisi Parayla Tart\u0131lmaz"},"content":{"rendered":"\n<h2 class=\"wp-block-heading\">Mahkeme Salonlar\u0131 Kimin?<\/h2>\n\n\n\n<p>Hukuk devletinin en temel vaadi, yasalar \u00f6n\u00fcnde herkesin e\u015fit oldu\u011fudur. Ancak g\u00fcn\u00fcm\u00fczde yarg\u0131 mekanizmas\u0131n\u0131n i\u015fleyi\u015fine bakt\u0131\u011f\u0131m\u0131zda, bu vaadin arkas\u0131nda derin \u00e7atlaklar oldu\u011funu g\u00f6rmek zor de\u011fil. Vatanda\u015f\u0131n zihninde hakl\u0131 olarak \u015fu soru uyan\u0131yor:&nbsp;<strong>Adalet, sadece bedelini \u00f6deyebilenlerin eri\u015febildi\u011fi bir ayr\u0131cal\u0131k m\u0131d\u0131r?<\/strong><\/p>\n\n\n\n<p>Bir davan\u0131n seyrini, ger\u00e7e\u011fin \u00e7\u0131plakl\u0131\u011f\u0131 de\u011fil de parayla tutulmu\u015f bir avukat\u0131n hitabet g\u00fcc\u00fc ve lobi yetene\u011fi belirliyorsa, orada adaletten s\u00f6z edilemez. Mahkeme heyeti, parayla tutulmu\u015f bir avukat\u0131n dedikleri do\u011frultusunda, s\u0131rf o unvana sahip diye tarafl\u0131 bir y\u00f6nelimle karar alamaz. E\u011fer yarg\u0131 organlar\u0131 o avukat\u0131 mahkeme salonuna ba\u015fk\u00f6\u015fede a\u011f\u0131rl\u0131yorsa, davan\u0131n as\u0131l \u00f6znesi olan vatanda\u015f\u0131 da ayn\u0131 \u00f6l\u00e7\u00fcde dinlemek, i\u00e7eri almak ve e\u015fit haklarla donatmak zorundad\u0131r.&nbsp;<strong>Para ile tutulmu\u015f bir avukata, s\u0131rf c\u00fcbbesinden ve ald\u0131\u011f\u0131 \u00fccretten \u00f6t\u00fcr\u00fc imtiyaz veya \u00f6ncelik tan\u0131namaz.<\/strong><\/p>\n\n\n\n<p><em>Adalet saraylar\u0131, avukatlar\u0131n veya m\u00fclk sahiplerinin tekelinde olan ticarethaneler de\u011fil milletin egemenlik hakk\u0131yla in\u015fa edilmi\u015f m\u00fclk\u00fcn temelidir.<\/em><\/p>\n\n\n\n<p>\u0130\u015fin bir di\u011fer vahim boyutu ise kararlar\u0131n kutsalla\u015ft\u0131r\u0131lmas\u0131d\u0131r. Toplumda k\u00f6r\u00fc k\u00f6r\u00fcne dayat\u0131lan bir alg\u0131 var:&nbsp;<em>&#8220;Mahkeme karar verdi, art\u0131k tart\u0131\u015f\u0131lmaz.&#8221;<\/em>&nbsp;Hay\u0131r, tam aksine!&nbsp;<strong>Vatanda\u015f, mahkeme kararlar\u0131n\u0131 sorgulama hakk\u0131na sonuna kadar sahiptir.<\/strong>&nbsp;Yarg\u0131, g\u00fcc\u00fcn\u00fc g\u00f6klerden de\u011fil, milletin ta kendisinden al\u0131r. Bu y\u00fczden, mahkeme kararlar\u0131n\u0131 hi\u00e7 kimse kay\u0131ts\u0131z ve \u015farts\u0131z kabul etmek zorunda de\u011fildir.<\/p>\n\n\n\n<p>Hatal\u0131, tarafl\u0131 ya da maddi g\u00fcc\u00fcn g\u00f6lgesinde verilmi\u015f kararlara boyun e\u011fmek adalete de\u011fil, adaletsizli\u011fe hizmet eder. Kararlar\u0131 sorgulamak, hukuka olan g\u00fcveni sarsmaz, tam tersine yarg\u0131y\u0131 hatas\u0131ndan d\u00f6nmeye zorlayarak onu daha adil ve \u015feffaf k\u0131lar.<\/p>\n\n\n\n<p>E\u011fer bir \u00fclkede vatanda\u015f kendi hak arama m\u00fccadelesinde &#8220;paral\u0131 akt\u00f6rlerin&#8221; gerisinde kal\u0131yorsa ve \u00e7\u0131kan karar\u0131 ele\u015ftirdi\u011finde su\u00e7lu ilan ediliyorsa, orada terazinin dengesi \u00e7oktan bozulmu\u015f demektir. Adalet, paran\u0131n sesini de\u011fil, hakl\u0131n\u0131n sesini duydu\u011fu g\u00fcn ger\u00e7ekten adalet olacakt\u0131r.<\/p>\n","protected":false},"excerpt":{"rendered":"<p>Mahkeme Salonlar\u0131 Kimin? Hukuk devletinin en temel vaadi, yasalar \u00f6n\u00fcnde herkesin e\u015fit oldu\u011fudur. Ancak g\u00fcn\u00fcm\u00fczde yarg\u0131 mekanizmas\u0131n\u0131n i\u015fleyi\u015fine bakt\u0131\u011f\u0131m\u0131zda, bu vaadin arkas\u0131nda derin \u00e7atlaklar oldu\u011funu g\u00f6rmek zor de\u011fil. Vatanda\u015f\u0131n zihninde hakl\u0131 olarak \u015fu soru uyan\u0131yor:&nbsp;Adalet, sadece bedelini \u00f6deyebilenlerin eri\u015febildi\u011fi bir ayr\u0131cal\u0131k m\u0131d\u0131r? Bir davan\u0131n seyrini, ger\u00e7e\u011fin \u00e7\u0131plakl\u0131\u011f\u0131 de\u011fil de parayla tutulmu\u015f bir avukat\u0131n hitabet g\u00fcc\u00fc [&hellip;]<\/p>\n","protected":false},"author":14013,"featured_media":167144,"comment_status":"open","ping_status":"open","sticky":false,"template":"","format":"standard","meta":{"_yoast_wpseo_focuskw":"adalet","_yoast_wpseo_title":"","_yoast_wpseo_metadesc":"G\u00fcn\u00fcm\u00fczde yarg\u0131 mekanizmas\u0131n\u0131n i\u015fleyi\u015fine bakt\u0131\u011f\u0131m\u0131zda, bu vaadin arkas\u0131nda derin \u00e7atlaklar oldu\u011funu g\u00f6rmek zor de\u011fil.","_bbp_topic_count":0,"_bbp_reply_count":0,"_bbp_total_topic_count":0,"_bbp_total_reply_count":0,"_bbp_voice_count":0,"_bbp_anonymous_reply_count":0,"_bbp_topic_count_hidden":0,"_bbp_reply_count_hidden":0,"_bbp_forum_subforum_count":0,"footnotes":"","_yoast_wpseo_focuskw_text_input":""},"categories":[11361],"tags":[],"yoast_head":"<!-- This site is optimized with the Yoast SEO plugin v23.0 - https:\/\/yoast.com\/wordpress\/plugins\/seo\/ -->\n<title>Adaletin Terazisi Parayla Tart\u0131lmaz - The Epoch Times TR<\/title>\n<meta name=\"description\" content=\"G\u00fcn\u00fcm\u00fczde yarg\u0131 mekanizmas\u0131n\u0131n i\u015fleyi\u015fine bakt\u0131\u011f\u0131m\u0131zda, bu vaadin arkas\u0131nda derin \u00e7atlaklar oldu\u011funu g\u00f6rmek zor de\u011fil.\" \/>\n<meta name=\"robots\" content=\"index, follow, max-snippet:-1, max-image-preview:large, max-video-preview:-1\" \/>\n<link rel=\"canonical\" href=\"https:\/\/epochtimestr.com\/index.php\/adaletin-terazisi-parayla-tartilmaz\" \/>\n<meta property=\"og:locale\" content=\"tr_TR\" \/>\n<meta property=\"og:type\" content=\"article\" \/>\n<meta property=\"og:title\" content=\"Adaletin Terazisi Parayla Tart\u0131lmaz - The Epoch Times TR\" \/>\n<meta property=\"og:description\" content=\"G\u00fcn\u00fcm\u00fczde yarg\u0131 mekanizmas\u0131n\u0131n i\u015fleyi\u015fine bakt\u0131\u011f\u0131m\u0131zda, bu vaadin arkas\u0131nda derin \u00e7atlaklar oldu\u011funu g\u00f6rmek zor de\u011fil.\" \/>\n<meta property=\"og:url\" content=\"https:\/\/epochtimestr.com\/index.php\/adaletin-terazisi-parayla-tartilmaz\" \/>\n<meta property=\"og:site_name\" content=\"The Epoch Times TR\" \/>\n<meta property=\"article:publisher\" content=\"https:\/\/www.facebook.com\/theepochtimestr\" \/>\n<meta property=\"article:published_time\" content=\"2026-07-13T05:15:37+00:00\" \/>\n<meta property=\"article:modified_time\" content=\"2026-07-13T05:15:50+00:00\" \/>\n<meta property=\"og:image\" content=\"https:\/\/epochtimestr.com\/wp-content\/uploads\/2011y\/ali-kekliktepe-SM.jpeg\" \/>\n\t<meta property=\"og:image:width\" content=\"1200\" \/>\n\t<meta property=\"og:image:height\" content=\"630\" \/>\n\t<meta property=\"og:image:type\" content=\"image\/jpeg\" \/>\n<meta name=\"author\" content=\"Ali Kekliktepe\" \/>\n<meta name=\"twitter:card\" content=\"summary_large_image\" \/>\n<meta name=\"twitter:creator\" content=\"@TheEpochTimesTR\" \/>\n<meta name=\"twitter:site\" content=\"@TheEpochTimesTR\" \/>\n<meta name=\"twitter:label1\" content=\"Yazan:\" \/>\n\t<meta name=\"twitter:data1\" content=\"Ali Kekliktepe\" \/>\n\t<meta name=\"twitter:label2\" content=\"Tahmini okuma s\u00fcresi\" \/>\n\t<meta name=\"twitter:data2\" content=\"2 dakika\" \/>\n<script type=\"application\/ld+json\" class=\"yoast-schema-graph\">{\"@context\":\"https:\/\/schema.org\",\"@graph\":[{\"@type\":\"Article\",\"@id\":\"https:\/\/epochtimestr.com\/index.php\/adaletin-terazisi-parayla-tartilmaz#article\",\"isPartOf\":{\"@id\":\"https:\/\/epochtimestr.com\/index.php\/adaletin-terazisi-parayla-tartilmaz\"},\"author\":{\"name\":\"Ali Kekliktepe\",\"@id\":\"https:\/\/epochtimestr.com\/#\/schema\/person\/da94a416fed1aed029d0a47e85673b95\"},\"headline\":\"Adaletin Terazisi Parayla Tart\u0131lmaz\",\"datePublished\":\"2026-07-13T05:15:37+00:00\",\"dateModified\":\"2026-07-13T05:15:50+00:00\",\"mainEntityOfPage\":{\"@id\":\"https:\/\/epochtimestr.com\/index.php\/adaletin-terazisi-parayla-tartilmaz\"},\"wordCount\":383,\"commentCount\":0,\"publisher\":{\"@id\":\"https:\/\/epochtimestr.com\/#organization\"},\"image\":{\"@id\":\"https:\/\/epochtimestr.com\/index.php\/adaletin-terazisi-parayla-tartilmaz#primaryimage\"},\"thumbnailUrl\":\"https:\/\/epochtimestr.com\/wp-content\/uploads\/2011y\/Ali-Kekliktepe.jpg\",\"articleSection\":[\"K\u00f6\u015fe Yaz\u0131lar\u0131 Ali Kekliktepe\"],\"inLanguage\":\"tr\",\"potentialAction\":[{\"@type\":\"CommentAction\",\"name\":\"Comment\",\"target\":[\"https:\/\/epochtimestr.com\/index.php\/adaletin-terazisi-parayla-tartilmaz#respond\"]}]},{\"@type\":\"WebPage\",\"@id\":\"https:\/\/epochtimestr.com\/index.php\/adaletin-terazisi-parayla-tartilmaz\",\"url\":\"https:\/\/epochtimestr.com\/index.php\/adaletin-terazisi-parayla-tartilmaz\",\"name\":\"Adaletin Terazisi Parayla Tart\u0131lmaz - The Epoch Times TR\",\"isPartOf\":{\"@id\":\"https:\/\/epochtimestr.com\/#website\"},\"primaryImageOfPage\":{\"@id\":\"https:\/\/epochtimestr.com\/index.php\/adaletin-terazisi-parayla-tartilmaz#primaryimage\"},\"image\":{\"@id\":\"https:\/\/epochtimestr.com\/index.php\/adaletin-terazisi-parayla-tartilmaz#primaryimage\"},\"thumbnailUrl\":\"https:\/\/epochtimestr.com\/wp-content\/uploads\/2011y\/Ali-Kekliktepe.jpg\",\"datePublished\":\"2026-07-13T05:15:37+00:00\",\"dateModified\":\"2026-07-13T05:15:50+00:00\",\"description\":\"G\u00fcn\u00fcm\u00fczde yarg\u0131 mekanizmas\u0131n\u0131n i\u015fleyi\u015fine bakt\u0131\u011f\u0131m\u0131zda, bu vaadin arkas\u0131nda derin \u00e7atlaklar oldu\u011funu g\u00f6rmek zor de\u011fil.\",\"inLanguage\":\"tr\",\"potentialAction\":[{\"@type\":\"ReadAction\",\"target\":[\"https:\/\/epochtimestr.com\/index.php\/adaletin-terazisi-parayla-tartilmaz\"]}]},{\"@type\":\"ImageObject\",\"inLanguage\":\"tr\",\"@id\":\"https:\/\/epochtimestr.com\/index.php\/adaletin-terazisi-parayla-tartilmaz#primaryimage\",\"url\":\"https:\/\/epochtimestr.com\/wp-content\/uploads\/2011y\/Ali-Kekliktepe.jpg\",\"contentUrl\":\"https:\/\/epochtimestr.com\/wp-content\/uploads\/2011y\/Ali-Kekliktepe.jpg\",\"width\":600,\"height\":600},{\"@type\":\"WebSite\",\"@id\":\"https:\/\/epochtimestr.com\/#website\",\"url\":\"https:\/\/epochtimestr.com\/\",\"name\":\"The Epoch Times TR\",\"description\":\"De\u011fi\u015fen D\u00fcnyam\u0131za Taze Bir Bak\u0131\u015f\",\"publisher\":{\"@id\":\"https:\/\/epochtimestr.com\/#organization\"},\"potentialAction\":[{\"@type\":\"SearchAction\",\"target\":{\"@type\":\"EntryPoint\",\"urlTemplate\":\"https:\/\/epochtimestr.com\/?s={search_term_string}\"},\"query-input\":\"required name=search_term_string\"}],\"inLanguage\":\"tr\"},{\"@type\":\"Organization\",\"@id\":\"https:\/\/epochtimestr.com\/#organization\",\"name\":\"The EpochTimes T\u00fcrkiye\",\"url\":\"https:\/\/epochtimestr.com\/\",\"logo\":{\"@type\":\"ImageObject\",\"inLanguage\":\"tr\",\"@id\":\"https:\/\/epochtimestr.com\/#\/schema\/logo\/image\/\",\"url\":\"https:\/\/epochtimestr.com\/wp-content\/uploads\/2011y\/ET-Logo-YG.jpg\",\"contentUrl\":\"https:\/\/epochtimestr.com\/wp-content\/uploads\/2011y\/ET-Logo-YG.jpg\",\"width\":346,\"height\":29,\"caption\":\"The EpochTimes T\u00fcrkiye\"},\"image\":{\"@id\":\"https:\/\/epochtimestr.com\/#\/schema\/logo\/image\/\"},\"sameAs\":[\"https:\/\/www.facebook.com\/theepochtimestr\",\"https:\/\/x.com\/TheEpochTimesTR\",\"https:\/\/www.instagram.com\/epochtimestr\"]},{\"@type\":\"Person\",\"@id\":\"https:\/\/epochtimestr.com\/#\/schema\/person\/da94a416fed1aed029d0a47e85673b95\",\"name\":\"Ali Kekliktepe\",\"image\":{\"@type\":\"ImageObject\",\"inLanguage\":\"tr\",\"@id\":\"https:\/\/epochtimestr.com\/#\/schema\/person\/image\/\",\"url\":\"https:\/\/secure.gravatar.com\/avatar\/6c965c3fc374c8f4af759baef4f38bcd?s=96&d=mm&r=g\",\"contentUrl\":\"https:\/\/secure.gravatar.com\/avatar\/6c965c3fc374c8f4af759baef4f38bcd?s=96&d=mm&r=g\",\"caption\":\"Ali Kekliktepe\"},\"description\":\"Ben Ali Kekliktepe; hayat\u0131n\u0131 \u00f6\u011frenmeye, \u00f6\u011fretmeye ve toplumsal fayda yaratmaya adam\u0131\u015f bir yazar ve profesyonelim. Kalemi sadece ka\u011f\u0131da dokunan bir ara\u00e7 de\u011fil, toplumun aksayan y\u00f6nlerine \u015fifa olan bir enstr\u00fcman olarak g\u00f6r\u00fcyorum.\",\"sameAs\":[\"https:\/\/alikekliktepemersin33.blogspot.com\/\"],\"url\":\"https:\/\/epochtimestr.com\/index.php\/author\/ali\"}]}<\/script>\n<!-- \/ Yoast SEO plugin. -->","yoast_head_json":{"title":"Adaletin Terazisi Parayla Tart\u0131lmaz - The Epoch Times TR","description":"G\u00fcn\u00fcm\u00fczde yarg\u0131 mekanizmas\u0131n\u0131n i\u015fleyi\u015fine bakt\u0131\u011f\u0131m\u0131zda, bu vaadin arkas\u0131nda derin \u00e7atlaklar oldu\u011funu g\u00f6rmek zor de\u011fil.","robots":{"index":"index","follow":"follow","max-snippet":"max-snippet:-1","max-image-preview":"max-image-preview:large","max-video-preview":"max-video-preview:-1"},"canonical":"https:\/\/epochtimestr.com\/index.php\/adaletin-terazisi-parayla-tartilmaz","og_locale":"tr_TR","og_type":"article","og_title":"Adaletin Terazisi Parayla Tart\u0131lmaz - The Epoch Times TR","og_description":"G\u00fcn\u00fcm\u00fczde yarg\u0131 mekanizmas\u0131n\u0131n i\u015fleyi\u015fine bakt\u0131\u011f\u0131m\u0131zda, bu vaadin arkas\u0131nda derin \u00e7atlaklar oldu\u011funu g\u00f6rmek zor de\u011fil.","og_url":"https:\/\/epochtimestr.com\/index.php\/adaletin-terazisi-parayla-tartilmaz","og_site_name":"The Epoch Times TR","article_publisher":"https:\/\/www.facebook.com\/theepochtimestr","article_published_time":"2026-07-13T05:15:37+00:00","article_modified_time":"2026-07-13T05:15:50+00:00","og_image":[{"width":1200,"height":630,"url":"https:\/\/epochtimestr.com\/wp-content\/uploads\/2011y\/ali-kekliktepe-SM.jpeg","type":"image\/jpeg"}],"author":"Ali Kekliktepe","twitter_card":"summary_large_image","twitter_creator":"@TheEpochTimesTR","twitter_site":"@TheEpochTimesTR","twitter_misc":{"Yazan:":"Ali Kekliktepe","Tahmini okuma s\u00fcresi":"2 dakika"},"schema":{"@context":"https:\/\/schema.org","@graph":[{"@type":"Article","@id":"https:\/\/epochtimestr.com\/index.php\/adaletin-terazisi-parayla-tartilmaz#article","isPartOf":{"@id":"https:\/\/epochtimestr.com\/index.php\/adaletin-terazisi-parayla-tartilmaz"},"author":{"name":"Ali Kekliktepe","@id":"https:\/\/epochtimestr.com\/#\/schema\/person\/da94a416fed1aed029d0a47e85673b95"},"headline":"Adaletin Terazisi Parayla Tart\u0131lmaz","datePublished":"2026-07-13T05:15:37+00:00","dateModified":"2026-07-13T05:15:50+00:00","mainEntityOfPage":{"@id":"https:\/\/epochtimestr.com\/index.php\/adaletin-terazisi-parayla-tartilmaz"},"wordCount":383,"commentCount":0,"publisher":{"@id":"https:\/\/epochtimestr.com\/#organization"},"image":{"@id":"https:\/\/epochtimestr.com\/index.php\/adaletin-terazisi-parayla-tartilmaz#primaryimage"},"thumbnailUrl":"https:\/\/epochtimestr.com\/wp-content\/uploads\/2011y\/Ali-Kekliktepe.jpg","articleSection":["K\u00f6\u015fe Yaz\u0131lar\u0131 Ali Kekliktepe"],"inLanguage":"tr","potentialAction":[{"@type":"CommentAction","name":"Comment","target":["https:\/\/epochtimestr.com\/index.php\/adaletin-terazisi-parayla-tartilmaz#respond"]}]},{"@type":"WebPage","@id":"https:\/\/epochtimestr.com\/index.php\/adaletin-terazisi-parayla-tartilmaz","url":"https:\/\/epochtimestr.com\/index.php\/adaletin-terazisi-parayla-tartilmaz","name":"Adaletin Terazisi Parayla Tart\u0131lmaz - The Epoch Times TR","isPartOf":{"@id":"https:\/\/epochtimestr.com\/#website"},"primaryImageOfPage":{"@id":"https:\/\/epochtimestr.com\/index.php\/adaletin-terazisi-parayla-tartilmaz#primaryimage"},"image":{"@id":"https:\/\/epochtimestr.com\/index.php\/adaletin-terazisi-parayla-tartilmaz#primaryimage"},"thumbnailUrl":"https:\/\/epochtimestr.com\/wp-content\/uploads\/2011y\/Ali-Kekliktepe.jpg","datePublished":"2026-07-13T05:15:37+00:00","dateModified":"2026-07-13T05:15:50+00:00","description":"G\u00fcn\u00fcm\u00fczde yarg\u0131 mekanizmas\u0131n\u0131n i\u015fleyi\u015fine bakt\u0131\u011f\u0131m\u0131zda, bu vaadin arkas\u0131nda derin \u00e7atlaklar oldu\u011funu g\u00f6rmek zor de\u011fil.","inLanguage":"tr","potentialAction":[{"@type":"ReadAction","target":["https:\/\/epochtimestr.com\/index.php\/adaletin-terazisi-parayla-tartilmaz"]}]},{"@type":"ImageObject","inLanguage":"tr","@id":"https:\/\/epochtimestr.com\/index.php\/adaletin-terazisi-parayla-tartilmaz#primaryimage","url":"https:\/\/epochtimestr.com\/wp-content\/uploads\/2011y\/Ali-Kekliktepe.jpg","contentUrl":"https:\/\/epochtimestr.com\/wp-content\/uploads\/2011y\/Ali-Kekliktepe.jpg","width":600,"height":600},{"@type":"WebSite","@id":"https:\/\/epochtimestr.com\/#website","url":"https:\/\/epochtimestr.com\/","name":"The Epoch Times TR","description":"De\u011fi\u015fen D\u00fcnyam\u0131za Taze Bir Bak\u0131\u015f","publisher":{"@id":"https:\/\/epochtimestr.com\/#organization"},"potentialAction":[{"@type":"SearchAction","target":{"@type":"EntryPoint","urlTemplate":"https:\/\/epochtimestr.com\/?s={search_term_string}"},"query-input":"required name=search_term_string"}],"inLanguage":"tr"},{"@type":"Organization","@id":"https:\/\/epochtimestr.com\/#organization","name":"The EpochTimes T\u00fcrkiye","url":"https:\/\/epochtimestr.com\/","logo":{"@type":"ImageObject","inLanguage":"tr","@id":"https:\/\/epochtimestr.com\/#\/schema\/logo\/image\/","url":"https:\/\/epochtimestr.com\/wp-content\/uploads\/2011y\/ET-Logo-YG.jpg","contentUrl":"https:\/\/epochtimestr.com\/wp-content\/uploads\/2011y\/ET-Logo-YG.jpg","width":346,"height":29,"caption":"The EpochTimes T\u00fcrkiye"},"image":{"@id":"https:\/\/epochtimestr.com\/#\/schema\/logo\/image\/"},"sameAs":["https:\/\/www.facebook.com\/theepochtimestr","https:\/\/x.com\/TheEpochTimesTR","https:\/\/www.instagram.com\/epochtimestr"]},{"@type":"Person","@id":"https:\/\/epochtimestr.com\/#\/schema\/person\/da94a416fed1aed029d0a47e85673b95","name":"Ali Kekliktepe","image":{"@type":"ImageObject","inLanguage":"tr","@id":"https:\/\/epochtimestr.com\/#\/schema\/person\/image\/","url":"https:\/\/secure.gravatar.com\/avatar\/6c965c3fc374c8f4af759baef4f38bcd?s=96&d=mm&r=g","contentUrl":"https:\/\/secure.gravatar.com\/avatar\/6c965c3fc374c8f4af759baef4f38bcd?s=96&d=mm&r=g","caption":"Ali Kekliktepe"},"description":"Ben Ali Kekliktepe; hayat\u0131n\u0131 \u00f6\u011frenmeye, \u00f6\u011fretmeye ve toplumsal fayda yaratmaya adam\u0131\u015f bir yazar ve profesyonelim. Kalemi sadece ka\u011f\u0131da dokunan bir ara\u00e7 de\u011fil, toplumun aksayan y\u00f6nlerine \u015fifa olan bir enstr\u00fcman olarak g\u00f6r\u00fcyorum.","sameAs":["https:\/\/alikekliktepemersin33.blogspot.com\/"],"url":"https:\/\/epochtimestr.com\/index.php\/author\/ali"}]}},"_links":{"self":[{"href":"https:\/\/epochtimestr.com\/index.php\/wp-json\/wp\/v2\/posts\/168594"}],"collection":[{"href":"https:\/\/epochtimestr.com\/index.php\/wp-json\/wp\/v2\/posts"}],"about":[{"href":"https:\/\/epochtimestr.com\/index.php\/wp-json\/wp\/v2\/types\/post"}],"author":[{"embeddable":true,"href":"https:\/\/epochtimestr.com\/index.php\/wp-json\/wp\/v2\/users\/14013"}],"replies":[{"embeddable":true,"href":"https:\/\/epochtimestr.com\/index.php\/wp-json\/wp\/v2\/comments?post=168594"}],"version-history":[{"count":1,"href":"https:\/\/epochtimestr.com\/index.php\/wp-json\/wp\/v2\/posts\/168594\/revisions"}],"predecessor-version":[{"id":168595,"href":"https:\/\/epochtimestr.com\/index.php\/wp-json\/wp\/v2\/posts\/168594\/revisions\/168595"}],"wp:featuredmedia":[{"embeddable":true,"href":"https:\/\/epochtimestr.com\/index.php\/wp-json\/wp\/v2\/media\/167144"}],"wp:attachment":[{"href":"https:\/\/epochtimestr.com\/index.php\/wp-json\/wp\/v2\/media?parent=168594"}],"wp:term":[{"taxonomy":"category","embeddable":true,"href":"https:\/\/epochtimestr.com\/index.php\/wp-json\/wp\/v2\/categories?post=168594"},{"taxonomy":"post_tag","embeddable":true,"href":"https:\/\/epochtimestr.com\/index.php\/wp-json\/wp\/v2\/tags?post=168594"}],"curies":[{"name":"wp","href":"https:\/\/api.w.org\/{rel}","templated":true}]}}