{"id":168618,"date":"2026-07-14T08:30:00","date_gmt":"2026-07-14T05:30:00","guid":{"rendered":"https:\/\/epochtimestr.com\/?p=168618"},"modified":"2026-07-15T13:30:58","modified_gmt":"2026-07-15T10:30:58","slug":"sag-sol-kalmadi","status":"publish","type":"post","link":"https:\/\/epochtimestr.com\/index.php\/sag-sol-kalmadi","title":{"rendered":"Sa\u011f Sol Kalmad\u0131"},"content":{"rendered":"\n<p class=\"has-text-align-right\">&#8220;\u0130nsanl\u0131k tarihindeki her mihenk ta\u015f\u0131n\u0131n ard\u0131nda bir canavar vard\u0131r&#8221;<\/p>\n\n\n\n<p>Elbette y\u00f6nleri tarif etmek bak\u0131m\u0131ndan sa\u011f-sol tabiri her daim vard\u0131r. Bizim burada s\u00f6ylemek istedi\u011fimiz ideolojik anlamdaki sa\u011f-sol kavramlar\u0131 ki bu kavramlar\u0131n i\u00e7i de kendi aralar\u0131nda bir\u00e7ok \u00e7e\u015fide ayr\u0131l\u0131r.<\/p>\n\n\n\n<p>1980 \u00f6ncesi sol fraksiyonlar 48 ayr\u0131 b\u00f6l\u00fcme ayr\u0131lm\u0131\u015ft\u0131. D\u00fc\u015f\u00fcn\u00fcn! 48 ayr\u0131 fraksiyon. Emperyalizmin en etkin y\u00f6netme bi\u00e7imi b\u00f6l-par\u00e7ala-y\u00f6net de\u011fil midir? Anlayaca\u011f\u0131n\u0131z bizim solcu garda\u015flar zokay\u0131 fena yutmu\u015flar. Sa\u011f cenah da par\u00e7al\u0131d\u0131r ama solcular kadar de\u011fil. Bu ayr\u0131\u015fma g\u00fcn\u00fcm\u00fcze de\u011fin d\u00fc\u015f\u00fck yo\u011funluklu da olsa s\u00fcr\u00fcyor. Sa\u011f-sol gruplar, partiler par\u00e7al\u0131 yap\u0131da.<\/p>\n\n\n\n<p>Tabii burada ideolojik ayr\u0131mlar kadar &#8216;adamc\u0131l\u0131k&#8217;, lidere ba\u011fl\u0131l\u0131k da vard\u0131r. Aralar\u0131nda teorik bak\u0131mdan fazla farkl\u0131l\u0131k yoktur ama tepede ki\u015fisel \u00e7eki\u015fme vard\u0131r. Sen-ben kavgas\u0131 b\u00f6l\u00fcnmeye yol a\u00e7ar. Bak\u0131n\u0131z MHP&#8217;den ka\u00e7 parti \u00e7\u0131kt\u0131? BBP, ATP, \u0130Y\u0130 Parti, Zafer Partisi, Anahtar Partisi ve Kutlu Parti. Bunlar benim bildiklerim. Belki daha \u00e7oktur &#8211; ki di\u011fer t\u00fcm partiler de hemen hemen ayn\u0131 kaderi payla\u015f\u0131r.<\/p>\n\n\n\n<p>Yaz\u0131m\u0131z\u0131n \u00f6zl\u00fc s\u00f6z\u00fc de \u00e7ok tumturakl\u0131 hani. &#8220;\u0130nsanl\u0131k tarihindeki her mihenk ta\u015f\u0131n\u0131n ard\u0131nda bir canavar vard\u0131r&#8221;. Bu s\u00f6z tarihte ve g\u00fcn\u00fcm\u00fczde de bir\u00e7ok meselenin, krizlerin, devrimlerin ard\u0131nda kan ve g\u00f6zya\u015f\u0131 oldu\u011funa i\u015faret eder. \u0130deolojiler, inan\u0131\u015flar, insan elinde k\u0131y\u0131m arac\u0131na d\u00f6n\u00fc\u015f\u00fcr. T\u00fcm d\u00f6n\u00fc\u015f\u00fcmler \u015fiddetle gelmi\u015ftir.<\/p>\n\n\n\n<p>D\u00fcnya de\u011fi\u015fmeye, d\u00f6n\u00fc\u015fmeye devam ediyor ve ona kan ve g\u00f6zya\u015f\u0131 e\u015flik ediyor. \u015eu aralar yine yeni olu\u015fumlar\u0131n sanc\u0131lar\u0131, \u00f6nc\u00fcl sars\u0131nt\u0131lar\u0131 s\u00fcrmektedir. Fakat bu kez m\u00fccadele, bildi\u011fimiz klasik sa\u011f-sol kutuplar\u0131 aras\u0131nda de\u011fildir. G\u00fcn\u00fcm\u00fcz farkl\u0131\u2026 Ba\u015fka \u015feylere i\u015faret ediyor.<\/p>\n\n\n\n<p>Ben bunu kendimce gelenek\u00e7iler ile k\u00fcreselciler veya enternasyonalistler aras\u0131ndaki yeni bir cephele\u015fmeye yoruyorum. Burada \u00e7o\u011fu kimsenin akl\u0131na gelmeyen bir teori ortaya atmak istiyorum. O da \u015fu: K\u00fcreselci, solcu, enternasyonalist d\u00fc\u015f\u00fcncenin kayna\u011f\u0131, daha \u00e7ok Yahudilere dayan\u0131r. Kendileri az\u0131nl\u0131k psikolojisiyle hareket ederler. Tarih boyu \u00f6telenmi\u015f ve ayr\u0131mc\u0131l\u0131\u011fa maruz b\u0131rak\u0131lan bu kesim, i\u00e7inde ya\u015fad\u0131klar\u0131 b\u00fcy\u00fck Hristiyan ve M\u00fcsl\u00fcman kitleyi d\u00f6n\u00fc\u015ft\u00fcrmek istemekteler.<\/p>\n\n\n\n<p>Bunu da ancak geleneksel y\u00f6ntemler yerine kendilerince k\u00fcreselci, e\u015fitleyen, s\u0131n\u0131r, \u0131rk, din, gelenek tan\u0131mak istemeyen bir ideolojiyle m\u00fcmk\u00fcn g\u00f6rmekteler. E\u011fer d\u00fcnya halklar\u0131 farkl\u0131l\u0131klar\u0131 t\u00f6rp\u00fcleyen b\u00f6yle bir sisteme y\u00f6nelirse, kendileri de ak\u0131l ve sermaye sahipleri olarak rahat edeceklerdir. T\u00fcm gelenek\u00e7i ve tarihsel k\u00f6\u015felerinden ar\u0131nan, unutan ve terk eden milletleri y\u00f6netmek daha sorunsuzdur.<\/p>\n\n\n\n<p>Yahudi elitist kesim bunu \u00f6rg\u00fctler, kurumlar, medya, finans ve devletlerin i\u00e7indeki adamlar\u0131yla s\u00fcrekli i\u015fler ve g\u00fcndemde tutar. Vekil g\u00fc\u00e7ler arac\u0131l\u0131\u011f\u0131yla istikrars\u0131zla\u015ft\u0131rmak, ter\u00f6rize etmek, ayr\u0131\u015ft\u0131rmak, bor\u00e7land\u0131rmak, sava\u015flar \u00e7\u0131kartmak da bunun bir par\u00e7as\u0131d\u0131r.<\/p>\n\n\n\n<p>B\u00f6ylece halklar birbirlerini yerken, kendileri rahat bi\u00e7imde s\u00f6m\u00fcr\u00fc d\u00fczenlerini devam ettireceklerdir. Hristiyanl\u0131\u011f\u0131n, M\u00fcsl\u00fcmanl\u0131\u011f\u0131n i\u00e7ini bo\u015faltmak, radikalle\u015ftirmek de buna d\u00e2hildir. Ama\u00e7 burada insanlar\u0131 aidiyet hissi besledikleri inan\u00e7lara, k\u00fclt\u00fcrlere ve geleneklere yabanc\u0131la\u015ft\u0131rmak; insanlar\u0131 farkl\u0131 aray\u0131\u015flara s\u00fcr\u00fcklemektir. Elbette t\u00fcm bunlara ekonomik y\u0131ld\u0131rma da d\u00e2hildir.<\/p>\n\n\n\n<p>Sokaktaki vatanda\u015f bunun fark\u0131na varamaz. Tehlikenin nereden ve nas\u0131l geldi\u011fini alg\u0131layamaz. O, daha \u00e7ok yerel siyasetle, \u00e7ar\u015f\u0131 pazar fiyatlar\u0131yla, magazin haberleri ve dizilerle ilgilidir. Yugoslavya par\u00e7alanmadan evvel bir vatanda\u015f \u015f\u00f6yle demi\u015ftir: &#8220;Sava\u015ftan \u00f6nce biz s\u00fcrekli dizi izliyorduk, ne oldu\u011funu anlayamad\u0131k. Bir de bakt\u0131k ki \u00fclke elden gitmi\u015f&#8221;.<\/p>\n\n\n\n<p>Dijital d\u00fcnya devleti iktidar\u0131nda a\u011f\u0131rl\u0131kla Yahudi elitler bulunacakt\u0131r. Hayal edilen budur. Dijital d\u00fcnya devletini ger\u00e7ekle\u015ftirmek, yine onlar\u0131n deyimiyle &#8216;yarat\u0131c\u0131 y\u0131k\u0131mlar&#8217; eliyle daha m\u00fcmk\u00fcnd\u00fcr. Krizler, salg\u0131nlar, ter\u00f6r, sava\u015flar bunun i\u00e7in vard\u0131r. Kovid pandemisinde d\u00fcnya devletine gidi\u015fte \u00f6nemli mesafeler katedilmi\u015ftir. Bu bak\u0131mdan her an yeni salg\u0131nlara ve beklenmedik geli\u015fmelere haz\u0131r olmak gerekiyor.<\/p>\n\n\n\n<p>Dijital d\u00fcnya devletinde her \u015fey ama her \u015fey kontrol alt\u0131ndad\u0131r. Bunun bir di\u011fer ad\u0131 &#8216;modern k\u00f6leci toplumdur&#8217;. Orada big brother&#8217;in -ana bilgisayar- iste\u011fi d\u0131\u015f\u0131nda bir \u015fey ger\u00e7ekle\u015femez. B\u00f6ylelikle insanlar ayn\u0131la\u015ft\u0131r\u0131larak, ana bilgisayar g\u00fcd\u00fcm\u00fcnde &#8216;sorunsuz yarat\u0131klara&#8217; d\u00f6n\u00fc\u015fecek ve tanr\u0131l\u0131k iddias\u0131 ta\u015f\u0131yan efendilerine kulluk edeceklerdir.<\/p>\n","protected":false},"excerpt":{"rendered":"<p>&#8220;\u0130nsanl\u0131k tarihindeki her mihenk ta\u015f\u0131n\u0131n ard\u0131nda bir canavar vard\u0131r&#8221; Elbette y\u00f6nleri tarif etmek bak\u0131m\u0131ndan sa\u011f-sol tabiri her daim vard\u0131r. Bizim burada s\u00f6ylemek istedi\u011fimiz ideolojik anlamdaki sa\u011f-sol kavramlar\u0131 ki bu kavramlar\u0131n i\u00e7i de kendi aralar\u0131nda bir\u00e7ok \u00e7e\u015fide ayr\u0131l\u0131r. 1980 \u00f6ncesi sol fraksiyonlar 48 ayr\u0131 b\u00f6l\u00fcme ayr\u0131lm\u0131\u015ft\u0131. D\u00fc\u015f\u00fcn\u00fcn! 48 ayr\u0131 fraksiyon. Emperyalizmin en etkin y\u00f6netme bi\u00e7imi b\u00f6l-par\u00e7ala-y\u00f6net [&hellip;]<\/p>\n","protected":false},"author":14001,"featured_media":161038,"comment_status":"open","ping_status":"open","sticky":false,"template":"","format":"standard","meta":{"_yoast_wpseo_focuskw":"sa\u011f-sol","_yoast_wpseo_title":"","_yoast_wpseo_metadesc":"Bizim burada s\u00f6ylemek istedi\u011fimiz ideolojik anlamdaki sa\u011f-sol kavramlar\u0131 ki bu kavramlar\u0131n i\u00e7i de kendi aralar\u0131nda bir\u00e7ok \u00e7e\u015fide ayr\u0131l\u0131r.","_bbp_topic_count":0,"_bbp_reply_count":0,"_bbp_total_topic_count":0,"_bbp_total_reply_count":0,"_bbp_voice_count":0,"_bbp_anonymous_reply_count":0,"_bbp_topic_count_hidden":0,"_bbp_reply_count_hidden":0,"_bbp_forum_subforum_count":0,"footnotes":"","_yoast_wpseo_focuskw_text_input":""},"categories":[9170],"tags":[11729],"yoast_head":"<!-- This site is optimized with the Yoast SEO plugin v23.0 - https:\/\/yoast.com\/wordpress\/plugins\/seo\/ -->\n<title>Sa\u011f Sol Kalmad\u0131 - The Epoch Times TR<\/title>\n<meta name=\"description\" content=\"Bizim burada s\u00f6ylemek istedi\u011fimiz ideolojik anlamdaki sa\u011f-sol kavramlar\u0131 ki bu kavramlar\u0131n i\u00e7i de kendi aralar\u0131nda bir\u00e7ok \u00e7e\u015fide ayr\u0131l\u0131r.\" \/>\n<meta name=\"robots\" content=\"index, follow, max-snippet:-1, max-image-preview:large, max-video-preview:-1\" \/>\n<link rel=\"canonical\" href=\"https:\/\/epochtimestr.com\/index.php\/sag-sol-kalmadi\" \/>\n<meta property=\"og:locale\" content=\"tr_TR\" \/>\n<meta property=\"og:type\" content=\"article\" \/>\n<meta property=\"og:title\" content=\"Sa\u011f Sol Kalmad\u0131 - The Epoch Times TR\" \/>\n<meta property=\"og:description\" content=\"Bizim burada s\u00f6ylemek istedi\u011fimiz ideolojik anlamdaki sa\u011f-sol kavramlar\u0131 ki bu kavramlar\u0131n i\u00e7i de kendi aralar\u0131nda bir\u00e7ok \u00e7e\u015fide ayr\u0131l\u0131r.\" \/>\n<meta property=\"og:url\" content=\"https:\/\/epochtimestr.com\/index.php\/sag-sol-kalmadi\" \/>\n<meta property=\"og:site_name\" content=\"The Epoch Times TR\" \/>\n<meta property=\"article:publisher\" content=\"https:\/\/www.facebook.com\/theepochtimestr\" \/>\n<meta property=\"article:published_time\" content=\"2026-07-14T05:30:00+00:00\" \/>\n<meta property=\"article:modified_time\" content=\"2026-07-15T10:30:58+00:00\" \/>\n<meta property=\"og:image\" content=\"https:\/\/epochtimestr.com\/wp-content\/uploads\/2011y\/BEKIR-ZORBA-SM-2.png\" \/>\n\t<meta property=\"og:image:width\" content=\"1200\" \/>\n\t<meta property=\"og:image:height\" content=\"630\" \/>\n\t<meta property=\"og:image:type\" content=\"image\/png\" \/>\n<meta name=\"author\" content=\"Bekir Zorba\" \/>\n<meta name=\"twitter:card\" content=\"summary_large_image\" \/>\n<meta name=\"twitter:creator\" content=\"@TheEpochTimesTR\" \/>\n<meta name=\"twitter:site\" content=\"@TheEpochTimesTR\" \/>\n<meta name=\"twitter:label1\" content=\"Yazan:\" \/>\n\t<meta name=\"twitter:data1\" content=\"Bekir Zorba\" \/>\n\t<meta name=\"twitter:label2\" content=\"Tahmini okuma s\u00fcresi\" \/>\n\t<meta name=\"twitter:data2\" content=\"4 dakika\" \/>\n<script type=\"application\/ld+json\" class=\"yoast-schema-graph\">{\"@context\":\"https:\/\/schema.org\",\"@graph\":[{\"@type\":\"Article\",\"@id\":\"https:\/\/epochtimestr.com\/index.php\/sag-sol-kalmadi#article\",\"isPartOf\":{\"@id\":\"https:\/\/epochtimestr.com\/index.php\/sag-sol-kalmadi\"},\"author\":{\"name\":\"Bekir Zorba\",\"@id\":\"https:\/\/epochtimestr.com\/#\/schema\/person\/da1ad104599611965442ed3e7e9acb2b\"},\"headline\":\"Sa\u011f Sol Kalmad\u0131\",\"datePublished\":\"2026-07-14T05:30:00+00:00\",\"dateModified\":\"2026-07-15T10:30:58+00:00\",\"mainEntityOfPage\":{\"@id\":\"https:\/\/epochtimestr.com\/index.php\/sag-sol-kalmadi\"},\"wordCount\":831,\"commentCount\":0,\"publisher\":{\"@id\":\"https:\/\/epochtimestr.com\/#organization\"},\"image\":{\"@id\":\"https:\/\/epochtimestr.com\/index.php\/sag-sol-kalmadi#primaryimage\"},\"thumbnailUrl\":\"https:\/\/epochtimestr.com\/wp-content\/uploads\/2011y\/Bekir-Zorba.png\",\"keywords\":[\"K\u00f6\u015fe\"],\"articleSection\":[\"K\u00f6\u015fe Yaz\u0131lar\u0131 Bekir Zorba\"],\"inLanguage\":\"tr\",\"potentialAction\":[{\"@type\":\"CommentAction\",\"name\":\"Comment\",\"target\":[\"https:\/\/epochtimestr.com\/index.php\/sag-sol-kalmadi#respond\"]}]},{\"@type\":\"WebPage\",\"@id\":\"https:\/\/epochtimestr.com\/index.php\/sag-sol-kalmadi\",\"url\":\"https:\/\/epochtimestr.com\/index.php\/sag-sol-kalmadi\",\"name\":\"Sa\u011f Sol Kalmad\u0131 - The Epoch Times TR\",\"isPartOf\":{\"@id\":\"https:\/\/epochtimestr.com\/#website\"},\"primaryImageOfPage\":{\"@id\":\"https:\/\/epochtimestr.com\/index.php\/sag-sol-kalmadi#primaryimage\"},\"image\":{\"@id\":\"https:\/\/epochtimestr.com\/index.php\/sag-sol-kalmadi#primaryimage\"},\"thumbnailUrl\":\"https:\/\/epochtimestr.com\/wp-content\/uploads\/2011y\/Bekir-Zorba.png\",\"datePublished\":\"2026-07-14T05:30:00+00:00\",\"dateModified\":\"2026-07-15T10:30:58+00:00\",\"description\":\"Bizim burada s\u00f6ylemek istedi\u011fimiz ideolojik anlamdaki sa\u011f-sol kavramlar\u0131 ki bu kavramlar\u0131n i\u00e7i de kendi aralar\u0131nda bir\u00e7ok \u00e7e\u015fide ayr\u0131l\u0131r.\",\"inLanguage\":\"tr\",\"potentialAction\":[{\"@type\":\"ReadAction\",\"target\":[\"https:\/\/epochtimestr.com\/index.php\/sag-sol-kalmadi\"]}]},{\"@type\":\"ImageObject\",\"inLanguage\":\"tr\",\"@id\":\"https:\/\/epochtimestr.com\/index.php\/sag-sol-kalmadi#primaryimage\",\"url\":\"https:\/\/epochtimestr.com\/wp-content\/uploads\/2011y\/Bekir-Zorba.png\",\"contentUrl\":\"https:\/\/epochtimestr.com\/wp-content\/uploads\/2011y\/Bekir-Zorba.png\",\"width\":600,\"height\":600},{\"@type\":\"WebSite\",\"@id\":\"https:\/\/epochtimestr.com\/#website\",\"url\":\"https:\/\/epochtimestr.com\/\",\"name\":\"The Epoch Times TR\",\"description\":\"De\u011fi\u015fen D\u00fcnyam\u0131za Taze Bir Bak\u0131\u015f\",\"publisher\":{\"@id\":\"https:\/\/epochtimestr.com\/#organization\"},\"potentialAction\":[{\"@type\":\"SearchAction\",\"target\":{\"@type\":\"EntryPoint\",\"urlTemplate\":\"https:\/\/epochtimestr.com\/?s={search_term_string}\"},\"query-input\":\"required name=search_term_string\"}],\"inLanguage\":\"tr\"},{\"@type\":\"Organization\",\"@id\":\"https:\/\/epochtimestr.com\/#organization\",\"name\":\"The EpochTimes T\u00fcrkiye\",\"url\":\"https:\/\/epochtimestr.com\/\",\"logo\":{\"@type\":\"ImageObject\",\"inLanguage\":\"tr\",\"@id\":\"https:\/\/epochtimestr.com\/#\/schema\/logo\/image\/\",\"url\":\"https:\/\/epochtimestr.com\/wp-content\/uploads\/2011y\/ET-Logo-YG.jpg\",\"contentUrl\":\"https:\/\/epochtimestr.com\/wp-content\/uploads\/2011y\/ET-Logo-YG.jpg\",\"width\":346,\"height\":29,\"caption\":\"The EpochTimes T\u00fcrkiye\"},\"image\":{\"@id\":\"https:\/\/epochtimestr.com\/#\/schema\/logo\/image\/\"},\"sameAs\":[\"https:\/\/www.facebook.com\/theepochtimestr\",\"https:\/\/x.com\/TheEpochTimesTR\",\"https:\/\/www.instagram.com\/epochtimestr\"]},{\"@type\":\"Person\",\"@id\":\"https:\/\/epochtimestr.com\/#\/schema\/person\/da1ad104599611965442ed3e7e9acb2b\",\"name\":\"Bekir Zorba\",\"image\":{\"@type\":\"ImageObject\",\"inLanguage\":\"tr\",\"@id\":\"https:\/\/epochtimestr.com\/#\/schema\/person\/image\/\",\"url\":\"https:\/\/secure.gravatar.com\/avatar\/eafd40d9b77b1fbf7c565a3d4916b79c?s=96&d=mm&r=g\",\"contentUrl\":\"https:\/\/secure.gravatar.com\/avatar\/eafd40d9b77b1fbf7c565a3d4916b79c?s=96&d=mm&r=g\",\"caption\":\"Bekir Zorba\"},\"url\":\"https:\/\/epochtimestr.com\/index.php\/author\/bekir\"}]}<\/script>\n<!-- \/ Yoast SEO plugin. -->","yoast_head_json":{"title":"Sa\u011f Sol Kalmad\u0131 - The Epoch Times TR","description":"Bizim burada s\u00f6ylemek istedi\u011fimiz ideolojik anlamdaki sa\u011f-sol kavramlar\u0131 ki bu kavramlar\u0131n i\u00e7i de kendi aralar\u0131nda bir\u00e7ok \u00e7e\u015fide ayr\u0131l\u0131r.","robots":{"index":"index","follow":"follow","max-snippet":"max-snippet:-1","max-image-preview":"max-image-preview:large","max-video-preview":"max-video-preview:-1"},"canonical":"https:\/\/epochtimestr.com\/index.php\/sag-sol-kalmadi","og_locale":"tr_TR","og_type":"article","og_title":"Sa\u011f Sol Kalmad\u0131 - The Epoch Times TR","og_description":"Bizim burada s\u00f6ylemek istedi\u011fimiz ideolojik anlamdaki sa\u011f-sol kavramlar\u0131 ki bu kavramlar\u0131n i\u00e7i de kendi aralar\u0131nda bir\u00e7ok \u00e7e\u015fide ayr\u0131l\u0131r.","og_url":"https:\/\/epochtimestr.com\/index.php\/sag-sol-kalmadi","og_site_name":"The Epoch Times TR","article_publisher":"https:\/\/www.facebook.com\/theepochtimestr","article_published_time":"2026-07-14T05:30:00+00:00","article_modified_time":"2026-07-15T10:30:58+00:00","og_image":[{"width":1200,"height":630,"url":"https:\/\/epochtimestr.com\/wp-content\/uploads\/2011y\/BEKIR-ZORBA-SM-2.png","type":"image\/png"}],"author":"Bekir Zorba","twitter_card":"summary_large_image","twitter_creator":"@TheEpochTimesTR","twitter_site":"@TheEpochTimesTR","twitter_misc":{"Yazan:":"Bekir Zorba","Tahmini okuma s\u00fcresi":"4 dakika"},"schema":{"@context":"https:\/\/schema.org","@graph":[{"@type":"Article","@id":"https:\/\/epochtimestr.com\/index.php\/sag-sol-kalmadi#article","isPartOf":{"@id":"https:\/\/epochtimestr.com\/index.php\/sag-sol-kalmadi"},"author":{"name":"Bekir Zorba","@id":"https:\/\/epochtimestr.com\/#\/schema\/person\/da1ad104599611965442ed3e7e9acb2b"},"headline":"Sa\u011f Sol Kalmad\u0131","datePublished":"2026-07-14T05:30:00+00:00","dateModified":"2026-07-15T10:30:58+00:00","mainEntityOfPage":{"@id":"https:\/\/epochtimestr.com\/index.php\/sag-sol-kalmadi"},"wordCount":831,"commentCount":0,"publisher":{"@id":"https:\/\/epochtimestr.com\/#organization"},"image":{"@id":"https:\/\/epochtimestr.com\/index.php\/sag-sol-kalmadi#primaryimage"},"thumbnailUrl":"https:\/\/epochtimestr.com\/wp-content\/uploads\/2011y\/Bekir-Zorba.png","keywords":["K\u00f6\u015fe"],"articleSection":["K\u00f6\u015fe Yaz\u0131lar\u0131 Bekir Zorba"],"inLanguage":"tr","potentialAction":[{"@type":"CommentAction","name":"Comment","target":["https:\/\/epochtimestr.com\/index.php\/sag-sol-kalmadi#respond"]}]},{"@type":"WebPage","@id":"https:\/\/epochtimestr.com\/index.php\/sag-sol-kalmadi","url":"https:\/\/epochtimestr.com\/index.php\/sag-sol-kalmadi","name":"Sa\u011f Sol Kalmad\u0131 - The Epoch Times TR","isPartOf":{"@id":"https:\/\/epochtimestr.com\/#website"},"primaryImageOfPage":{"@id":"https:\/\/epochtimestr.com\/index.php\/sag-sol-kalmadi#primaryimage"},"image":{"@id":"https:\/\/epochtimestr.com\/index.php\/sag-sol-kalmadi#primaryimage"},"thumbnailUrl":"https:\/\/epochtimestr.com\/wp-content\/uploads\/2011y\/Bekir-Zorba.png","datePublished":"2026-07-14T05:30:00+00:00","dateModified":"2026-07-15T10:30:58+00:00","description":"Bizim burada s\u00f6ylemek istedi\u011fimiz ideolojik anlamdaki sa\u011f-sol kavramlar\u0131 ki bu kavramlar\u0131n i\u00e7i de kendi aralar\u0131nda bir\u00e7ok \u00e7e\u015fide ayr\u0131l\u0131r.","inLanguage":"tr","potentialAction":[{"@type":"ReadAction","target":["https:\/\/epochtimestr.com\/index.php\/sag-sol-kalmadi"]}]},{"@type":"ImageObject","inLanguage":"tr","@id":"https:\/\/epochtimestr.com\/index.php\/sag-sol-kalmadi#primaryimage","url":"https:\/\/epochtimestr.com\/wp-content\/uploads\/2011y\/Bekir-Zorba.png","contentUrl":"https:\/\/epochtimestr.com\/wp-content\/uploads\/2011y\/Bekir-Zorba.png","width":600,"height":600},{"@type":"WebSite","@id":"https:\/\/epochtimestr.com\/#website","url":"https:\/\/epochtimestr.com\/","name":"The Epoch Times TR","description":"De\u011fi\u015fen D\u00fcnyam\u0131za Taze Bir Bak\u0131\u015f","publisher":{"@id":"https:\/\/epochtimestr.com\/#organization"},"potentialAction":[{"@type":"SearchAction","target":{"@type":"EntryPoint","urlTemplate":"https:\/\/epochtimestr.com\/?s={search_term_string}"},"query-input":"required name=search_term_string"}],"inLanguage":"tr"},{"@type":"Organization","@id":"https:\/\/epochtimestr.com\/#organization","name":"The EpochTimes T\u00fcrkiye","url":"https:\/\/epochtimestr.com\/","logo":{"@type":"ImageObject","inLanguage":"tr","@id":"https:\/\/epochtimestr.com\/#\/schema\/logo\/image\/","url":"https:\/\/epochtimestr.com\/wp-content\/uploads\/2011y\/ET-Logo-YG.jpg","contentUrl":"https:\/\/epochtimestr.com\/wp-content\/uploads\/2011y\/ET-Logo-YG.jpg","width":346,"height":29,"caption":"The EpochTimes T\u00fcrkiye"},"image":{"@id":"https:\/\/epochtimestr.com\/#\/schema\/logo\/image\/"},"sameAs":["https:\/\/www.facebook.com\/theepochtimestr","https:\/\/x.com\/TheEpochTimesTR","https:\/\/www.instagram.com\/epochtimestr"]},{"@type":"Person","@id":"https:\/\/epochtimestr.com\/#\/schema\/person\/da1ad104599611965442ed3e7e9acb2b","name":"Bekir Zorba","image":{"@type":"ImageObject","inLanguage":"tr","@id":"https:\/\/epochtimestr.com\/#\/schema\/person\/image\/","url":"https:\/\/secure.gravatar.com\/avatar\/eafd40d9b77b1fbf7c565a3d4916b79c?s=96&d=mm&r=g","contentUrl":"https:\/\/secure.gravatar.com\/avatar\/eafd40d9b77b1fbf7c565a3d4916b79c?s=96&d=mm&r=g","caption":"Bekir Zorba"},"url":"https:\/\/epochtimestr.com\/index.php\/author\/bekir"}]}},"_links":{"self":[{"href":"https:\/\/epochtimestr.com\/index.php\/wp-json\/wp\/v2\/posts\/168618"}],"collection":[{"href":"https:\/\/epochtimestr.com\/index.php\/wp-json\/wp\/v2\/posts"}],"about":[{"href":"https:\/\/epochtimestr.com\/index.php\/wp-json\/wp\/v2\/types\/post"}],"author":[{"embeddable":true,"href":"https:\/\/epochtimestr.com\/index.php\/wp-json\/wp\/v2\/users\/14001"}],"replies":[{"embeddable":true,"href":"https:\/\/epochtimestr.com\/index.php\/wp-json\/wp\/v2\/comments?post=168618"}],"version-history":[{"count":1,"href":"https:\/\/epochtimestr.com\/index.php\/wp-json\/wp\/v2\/posts\/168618\/revisions"}],"predecessor-version":[{"id":168619,"href":"https:\/\/epochtimestr.com\/index.php\/wp-json\/wp\/v2\/posts\/168618\/revisions\/168619"}],"wp:featuredmedia":[{"embeddable":true,"href":"https:\/\/epochtimestr.com\/index.php\/wp-json\/wp\/v2\/media\/161038"}],"wp:attachment":[{"href":"https:\/\/epochtimestr.com\/index.php\/wp-json\/wp\/v2\/media?parent=168618"}],"wp:term":[{"taxonomy":"category","embeddable":true,"href":"https:\/\/epochtimestr.com\/index.php\/wp-json\/wp\/v2\/categories?post=168618"},{"taxonomy":"post_tag","embeddable":true,"href":"https:\/\/epochtimestr.com\/index.php\/wp-json\/wp\/v2\/tags?post=168618"}],"curies":[{"name":"wp","href":"https:\/\/api.w.org\/{rel}","templated":true}]}}