{"id":168625,"date":"2026-07-13T22:43:41","date_gmt":"2026-07-13T19:43:41","guid":{"rendered":"https:\/\/epochtimestr.com\/?p=168625"},"modified":"2026-07-13T22:43:45","modified_gmt":"2026-07-13T19:43:45","slug":"arikan-edirne-cezaevinde-selahattin-demirtasi-ziyaret-etti","status":"publish","type":"post","link":"https:\/\/epochtimestr.com\/index.php\/arikan-edirne-cezaevinde-selahattin-demirtasi-ziyaret-etti","title":{"rendered":"Ar\u0131kan Edirne Cezaevinde Selahattin Demirta\u015f&#8217;\u0131 Ziyaret Etti"},"content":{"rendered":"<div class=\"wp-block-image\">\n<figure class=\"aligncenter size-large is-resized\"><img loading=\"lazy\" decoding=\"async\" width=\"1800\" height=\"1200\" src=\"https:\/\/epochtimestr.com\/wp-content\/uploads\/2011y\/arikan-1-1800x1200.jpg\" alt=\"Ar\u0131kan Edirne cezaevindeki Selahattin Demirta\u015f'\u0131 ziyaret etti. (Foto\u011fraf: Mahmut Ar\u0131kan Saadet Partisi web sitesi)\" class=\"wp-image-168626\" style=\"width:840px;height:auto\" srcset=\"https:\/\/epochtimestr.com\/wp-content\/uploads\/2011y\/arikan-1-1800x1200.jpg 1800w, https:\/\/epochtimestr.com\/wp-content\/uploads\/2011y\/arikan-1-300x200.jpg 300w, https:\/\/epochtimestr.com\/wp-content\/uploads\/2011y\/arikan-1-150x100.jpg 150w, https:\/\/epochtimestr.com\/wp-content\/uploads\/2011y\/arikan-1-768x512.jpg 768w, https:\/\/epochtimestr.com\/wp-content\/uploads\/2011y\/arikan-1-1536x1024.jpg 1536w, https:\/\/epochtimestr.com\/wp-content\/uploads\/2011y\/arikan-1-2048x1366.jpg 2048w\" sizes=\"(max-width: 1800px) 100vw, 1800px\" \/><figcaption class=\"wp-element-caption\">Ar\u0131kan Edirne cezaevindeki Selahattin Demirta\u015f&#8217;\u0131 ziyaret etti. (Foto\u011fraf: Mahmut Ar\u0131kan Saadet Partisi web sitesi)<\/figcaption><\/figure><\/div>\n\n\n<h2 class=\"wp-block-heading\">Saadet Partisi Genel Ba\u015fkan\u0131 Mahmut Ar\u0131kan, Edirne Cezaevi&#8217;nde bulunan eski HDP E\u015f Genel Ba\u015fkan\u0131 Selahattin Demirta\u015f&#8217;\u0131 ziyaret etti.<\/h2>\n\n\n\n<p>Saadet Partisi Genel Ba\u015fkan\u0131 <a href=\"https:\/\/epochtimestr.com\/index.php\/mahmut-arikan-aselsan-bu-milletin-bagimsizlik-iradesidir\" target=\"_blank\" rel=\"noreferrer noopener\">Mahmut Ar\u0131kan<\/a>, Edirne Cezaevi&#8217;nde bulunan eski HDP E\u015f Genel Ba\u015fkan\u0131 <a href=\"https:\/\/epochtimestr.com\/index.php\/selahattin-demirtas-bugun-cezaevinde-konusuyorum-yarin-bakarsiniz-iktidardan-konusurum\" target=\"_blank\" rel=\"noreferrer noopener\">Selahattin Demirta\u015f<\/a>&#8216;\u0131 ziyaret etti. G\u00f6r\u00fc\u015fmede T\u00fcrkiye\u2019nin siyasi ve hukuki sorunlar\u0131n\u0131n ele al\u0131nd\u0131\u011f\u0131n\u0131 belirten Ar\u0131kan, \u201cSay\u0131n Demirta\u015f, \u00fclke siyasetimiz a\u00e7\u0131s\u0131ndan \u00f6nemli bir akt\u00f6r ve politik \u015fahsiyettir\u201d dedi.<\/p>\n\n\n\n<p>Ar\u0131kan, g\u00f6r\u00fc\u015fmenin ard\u0131ndan yapt\u0131\u011f\u0131 a\u00e7\u0131klamada, \u00fclkenin kutupla\u015fma ve kampla\u015fma ikliminden \u00e7\u0131kabilmesi i\u00e7in diyalog kanallar\u0131n\u0131n a\u00e7\u0131k tutulmas\u0131n\u0131n \u00f6nemine dikkat \u00e7ekti. &#8220;T\u00fcrkiye \u00e7at\u0131\u015fma dilinden art\u0131k yoruldu&#8221; ifadelerini kullanan Ar\u0131kan, &#8220;\u00c7\u00f6z\u00fcm odakl\u0131 yakla\u015f\u0131mlara her zamankinden daha fazla ihtiya\u00e7 var&#8221; dedi.<\/p>\n\n\n\n<p>Ziyaretin ard\u0131ndan yaz\u0131l\u0131 a\u00e7\u0131klama yapan Ar\u0131kan, g\u00f6r\u00fc\u015fmede T\u00fcrkiye\u2019nin kar\u015f\u0131 kar\u015f\u0131ya bulundu\u011fu temel siyasi ve hukuki sorunlar\u0131 kapsaml\u0131 bi\u00e7imde de\u011ferlendirdiklerini bildirdi.<\/p>\n\n\n<div class=\"wp-block-image\">\n<figure class=\"aligncenter size-full\"><img loading=\"lazy\" decoding=\"async\" width=\"870\" height=\"580\" src=\"https:\/\/epochtimestr.com\/wp-content\/uploads\/2011y\/demirtas.webp\" alt=\"(Foto\u011fraf: Selahattin Demirta\u015f x hesab\u0131)\" class=\"wp-image-168627\" srcset=\"https:\/\/epochtimestr.com\/wp-content\/uploads\/2011y\/demirtas.webp 870w, https:\/\/epochtimestr.com\/wp-content\/uploads\/2011y\/demirtas-300x200.webp 300w, https:\/\/epochtimestr.com\/wp-content\/uploads\/2011y\/demirtas-150x100.webp 150w, https:\/\/epochtimestr.com\/wp-content\/uploads\/2011y\/demirtas-768x512.webp 768w\" sizes=\"(max-width: 870px) 100vw, 870px\" \/><figcaption class=\"wp-element-caption\">(Foto\u011fraf: Selahattin Demirta\u015f x hesab\u0131)<\/figcaption><\/figure><\/div>\n\n\n<p><strong>Mahmut Ar\u0131kan, a\u00e7\u0131klamas\u0131nda \u015fu ifadeleri kulland\u0131:<\/strong><\/p>\n\n\n\n<p>\u201cSay\u0131n Selahattin Demirta\u015f ile tutuklu bulundu\u011fu Edirne Cezaevi\u2019nde bir araya gelerek kar\u015f\u0131l\u0131kl\u0131 g\u00f6r\u00fc\u015f al\u0131\u015fveri\u015finde bulunduk. Kendisiyle, \u00fclkemizin kar\u015f\u0131 kar\u015f\u0131ya kald\u0131\u011f\u0131 temel siyasi ve hukuki sorunlar\u0131 kapsaml\u0131 bir \u015fekilde de\u011ferlendirme imk\u00e2n\u0131 bulduk.<\/p>\n\n\n\n<p>\u00dclkemizin i\u00e7ine s\u00fcr\u00fcklenmek istendi\u011fi kutupla\u015fma ve kampla\u015fma iklimine kar\u015f\u0131, diyalog zemininin her \u015fart ve f\u0131rsatta canl\u0131 tutulmas\u0131 ve geni\u015fletilmesi gerekti\u011fi, adaletsizliklere son verecek geni\u015f kapsaml\u0131 bir uzla\u015f\u0131 aray\u0131\u015f\u0131n\u0131n hayati de\u011fer ta\u015f\u0131d\u0131\u011f\u0131 konusunda ortak kanaatlere sahip oldu\u011fumuzu memnuniyetle m\u00fc\u015fahede ettik.<\/p>\n\n\n\n<p>Bu \u00fclkeyi ve yar\u0131nlar\u0131m\u0131z\u0131 d\u00fc\u015f\u00fcnen siyaset\u00e7iler olarak; adaleti, erdemi ve diyalo\u011fu merkeze alan ortak paydalar\u0131m\u0131z\u0131 h\u0131zla geni\u015fletmek zorunday\u0131z.<\/p>\n\n\n\n<p>T\u00fcrkiye art\u0131k g\u00fcnl\u00fck k\u0131s\u0131r \u00e7eki\u015fmelerden, gerilim ve \u00e7at\u0131\u015fma dilinden yorulmu\u015ftur. Bug\u00fcn, cesur, erdemli ve \u00e7\u00f6z\u00fcm odakl\u0131 yakla\u015f\u0131mlara her zamankinden daha \u00e7ok ihtiya\u00e7 oldu\u011fu a\u00e7\u0131kt\u0131r. Say\u0131n Demirta\u015f, \u00fclke siyasetimiz a\u00e7\u0131s\u0131ndan \u00f6nemli bir akt\u00f6r ve politik \u015fahsiyettir. Kendisinin demokratik ve me\u015fru siyaset \u00e7er\u00e7evesinde; toplumsal uzla\u015f\u0131m\u0131za, dayan\u0131\u015fma ve karde\u015flik \u00e7abalar\u0131m\u0131za \u00e7ok \u00f6nemli katk\u0131lar sunaca\u011f\u0131na inan\u0131yoruz.<\/p>\n\n\n\n<p>Bu vesileyle bir kez daha ifade etmek isterim ki; mahkemelerin kesinle\u015fmi\u015f bir h\u00fckm\u00fc olmadan y\u0131llarca s\u00fcrd\u00fcr\u00fclen tutukluluklar, sadece adalete olan g\u00fcveni zay\u0131flatmakla kalm\u0131yor, siyaset kurumuna olan g\u00fcveni de zedeliyor.<\/p>\n\n\n\n<p>Son olarak, Say\u0131n Demirta\u015f ile ger\u00e7ekle\u015ftirdi\u011fimiz bu insani ve siyasi temaslar\u0131n, kar\u015f\u0131l\u0131kl\u0131 g\u00f6r\u00fc\u015f al\u0131\u015fveri\u015flerimizin bundan sonraki s\u00fcre\u00e7te de devam edece\u011fini belirtmek isterim. Kamuoyuna sayg\u0131lar\u0131mla\u2026\u201d<\/p>\n","protected":false},"excerpt":{"rendered":"<p>Saadet Partisi Genel Ba\u015fkan\u0131 Mahmut Ar\u0131kan, Edirne Cezaevi&#8217;nde bulunan eski HDP E\u015f Genel Ba\u015fkan\u0131 Selahattin Demirta\u015f&#8217;\u0131 ziyaret etti. Saadet Partisi Genel Ba\u015fkan\u0131 Mahmut Ar\u0131kan, Edirne Cezaevi&#8217;nde bulunan eski HDP E\u015f Genel Ba\u015fkan\u0131 Selahattin Demirta\u015f&#8216;\u0131 ziyaret etti. G\u00f6r\u00fc\u015fmede T\u00fcrkiye\u2019nin siyasi ve hukuki sorunlar\u0131n\u0131n ele al\u0131nd\u0131\u011f\u0131n\u0131 belirten Ar\u0131kan, \u201cSay\u0131n Demirta\u015f, \u00fclke siyasetimiz a\u00e7\u0131s\u0131ndan \u00f6nemli bir akt\u00f6r ve [&hellip;]<\/p>\n","protected":false},"author":12791,"featured_media":168626,"comment_status":"open","ping_status":"open","sticky":false,"template":"","format":"standard","meta":{"_yoast_wpseo_focuskw":"Ar\u0131kan","_yoast_wpseo_title":"","_yoast_wpseo_metadesc":"Saadet Partisi Genel Ba\u015fkan\u0131 Mahmut Ar\u0131kan, Edirne Cezaevi'nde bulunan eski HDP E\u015f Genel Ba\u015fkan\u0131 Selahattin Demirta\u015f'\u0131 ziyaret etti.","_bbp_topic_count":0,"_bbp_reply_count":0,"_bbp_total_topic_count":0,"_bbp_total_reply_count":0,"_bbp_voice_count":0,"_bbp_anonymous_reply_count":0,"_bbp_topic_count_hidden":0,"_bbp_reply_count_hidden":0,"_bbp_forum_subforum_count":0,"footnotes":"","_yoast_wpseo_focuskw_text_input":""},"categories":[1,8138,8226,37],"tags":[5532,9043,2546,3392],"yoast_head":"<!-- This site is optimized with the Yoast SEO plugin v23.0 - https:\/\/yoast.com\/wordpress\/plugins\/seo\/ -->\n<title>Ar\u0131kan Edirne Cezaevinde Selahattin Demirta\u015f&#039;\u0131 Ziyaret Etti - The Epoch Times TR<\/title>\n<meta name=\"description\" content=\"Saadet Partisi Genel Ba\u015fkan\u0131 Mahmut Ar\u0131kan, Edirne Cezaevi&#039;nde bulunan eski HDP E\u015f Genel Ba\u015fkan\u0131 Selahattin Demirta\u015f&#039;\u0131 ziyaret etti.\" \/>\n<meta name=\"robots\" content=\"index, follow, max-snippet:-1, max-image-preview:large, max-video-preview:-1\" \/>\n<link rel=\"canonical\" href=\"https:\/\/epochtimestr.com\/index.php\/arikan-edirne-cezaevinde-selahattin-demirtasi-ziyaret-etti\" \/>\n<meta property=\"og:locale\" content=\"tr_TR\" \/>\n<meta property=\"og:type\" content=\"article\" \/>\n<meta property=\"og:title\" content=\"Ar\u0131kan Edirne Cezaevinde Selahattin Demirta\u015f&#039;\u0131 Ziyaret Etti - The Epoch Times TR\" \/>\n<meta property=\"og:description\" content=\"Saadet Partisi Genel Ba\u015fkan\u0131 Mahmut Ar\u0131kan, Edirne Cezaevi&#039;nde bulunan eski HDP E\u015f Genel Ba\u015fkan\u0131 Selahattin Demirta\u015f&#039;\u0131 ziyaret etti.\" \/>\n<meta property=\"og:url\" content=\"https:\/\/epochtimestr.com\/index.php\/arikan-edirne-cezaevinde-selahattin-demirtasi-ziyaret-etti\" \/>\n<meta property=\"og:site_name\" content=\"The Epoch Times TR\" \/>\n<meta property=\"article:publisher\" content=\"https:\/\/www.facebook.com\/theepochtimestr\" \/>\n<meta property=\"article:published_time\" content=\"2026-07-13T19:43:41+00:00\" \/>\n<meta property=\"article:modified_time\" content=\"2026-07-13T19:43:45+00:00\" \/>\n<meta property=\"og:image\" content=\"https:\/\/epochtimestr.com\/wp-content\/uploads\/2011y\/arikan-1-scaled.jpg\" \/>\n\t<meta property=\"og:image:width\" content=\"2560\" \/>\n\t<meta property=\"og:image:height\" content=\"1707\" \/>\n\t<meta property=\"og:image:type\" content=\"image\/jpeg\" \/>\n<meta name=\"author\" content=\"Haber Merkezi\" \/>\n<meta name=\"twitter:card\" content=\"summary_large_image\" \/>\n<meta name=\"twitter:creator\" content=\"@TheEpochTimesTR\" \/>\n<meta name=\"twitter:site\" content=\"@TheEpochTimesTR\" \/>\n<meta name=\"twitter:label1\" content=\"Yazan:\" \/>\n\t<meta name=\"twitter:data1\" content=\"Haber Merkezi\" \/>\n\t<meta name=\"twitter:label2\" content=\"Tahmini okuma s\u00fcresi\" \/>\n\t<meta name=\"twitter:data2\" content=\"3 dakika\" \/>\n<script type=\"application\/ld+json\" class=\"yoast-schema-graph\">{\"@context\":\"https:\/\/schema.org\",\"@graph\":[{\"@type\":\"Article\",\"@id\":\"https:\/\/epochtimestr.com\/index.php\/arikan-edirne-cezaevinde-selahattin-demirtasi-ziyaret-etti#article\",\"isPartOf\":{\"@id\":\"https:\/\/epochtimestr.com\/index.php\/arikan-edirne-cezaevinde-selahattin-demirtasi-ziyaret-etti\"},\"author\":{\"name\":\"Haber Merkezi\",\"@id\":\"https:\/\/epochtimestr.com\/#\/schema\/person\/3dc5c3adeb9f43923c5aa85889172fdd\"},\"headline\":\"Ar\u0131kan Edirne Cezaevinde Selahattin Demirta\u015f&#8217;\u0131 Ziyaret Etti\",\"datePublished\":\"2026-07-13T19:43:41+00:00\",\"dateModified\":\"2026-07-13T19:43:45+00:00\",\"mainEntityOfPage\":{\"@id\":\"https:\/\/epochtimestr.com\/index.php\/arikan-edirne-cezaevinde-selahattin-demirtasi-ziyaret-etti\"},\"wordCount\":494,\"commentCount\":0,\"publisher\":{\"@id\":\"https:\/\/epochtimestr.com\/#organization\"},\"image\":{\"@id\":\"https:\/\/epochtimestr.com\/index.php\/arikan-edirne-cezaevinde-selahattin-demirtasi-ziyaret-etti#primaryimage\"},\"thumbnailUrl\":\"https:\/\/epochtimestr.com\/wp-content\/uploads\/2011y\/arikan-1-scaled.jpg\",\"keywords\":[\"Cezaevi\",\"mahmut ar\u0131kan\",\"selahattin demirta\u015f\",\"ziyaret\"],\"articleSection\":[\"G\u00dcNDEM\",\"MAN\u015eET\",\"Siyaset\",\"T\u00dcRK\u0130YE\"],\"inLanguage\":\"tr\",\"potentialAction\":[{\"@type\":\"CommentAction\",\"name\":\"Comment\",\"target\":[\"https:\/\/epochtimestr.com\/index.php\/arikan-edirne-cezaevinde-selahattin-demirtasi-ziyaret-etti#respond\"]}]},{\"@type\":\"WebPage\",\"@id\":\"https:\/\/epochtimestr.com\/index.php\/arikan-edirne-cezaevinde-selahattin-demirtasi-ziyaret-etti\",\"url\":\"https:\/\/epochtimestr.com\/index.php\/arikan-edirne-cezaevinde-selahattin-demirtasi-ziyaret-etti\",\"name\":\"Ar\u0131kan Edirne Cezaevinde Selahattin Demirta\u015f'\u0131 Ziyaret Etti - The Epoch Times TR\",\"isPartOf\":{\"@id\":\"https:\/\/epochtimestr.com\/#website\"},\"primaryImageOfPage\":{\"@id\":\"https:\/\/epochtimestr.com\/index.php\/arikan-edirne-cezaevinde-selahattin-demirtasi-ziyaret-etti#primaryimage\"},\"image\":{\"@id\":\"https:\/\/epochtimestr.com\/index.php\/arikan-edirne-cezaevinde-selahattin-demirtasi-ziyaret-etti#primaryimage\"},\"thumbnailUrl\":\"https:\/\/epochtimestr.com\/wp-content\/uploads\/2011y\/arikan-1-scaled.jpg\",\"datePublished\":\"2026-07-13T19:43:41+00:00\",\"dateModified\":\"2026-07-13T19:43:45+00:00\",\"description\":\"Saadet Partisi Genel Ba\u015fkan\u0131 Mahmut Ar\u0131kan, Edirne Cezaevi'nde bulunan eski HDP E\u015f Genel Ba\u015fkan\u0131 Selahattin Demirta\u015f'\u0131 ziyaret etti.\",\"inLanguage\":\"tr\",\"potentialAction\":[{\"@type\":\"ReadAction\",\"target\":[\"https:\/\/epochtimestr.com\/index.php\/arikan-edirne-cezaevinde-selahattin-demirtasi-ziyaret-etti\"]}]},{\"@type\":\"ImageObject\",\"inLanguage\":\"tr\",\"@id\":\"https:\/\/epochtimestr.com\/index.php\/arikan-edirne-cezaevinde-selahattin-demirtasi-ziyaret-etti#primaryimage\",\"url\":\"https:\/\/epochtimestr.com\/wp-content\/uploads\/2011y\/arikan-1-scaled.jpg\",\"contentUrl\":\"https:\/\/epochtimestr.com\/wp-content\/uploads\/2011y\/arikan-1-scaled.jpg\",\"width\":2560,\"height\":1707},{\"@type\":\"WebSite\",\"@id\":\"https:\/\/epochtimestr.com\/#website\",\"url\":\"https:\/\/epochtimestr.com\/\",\"name\":\"The Epoch Times TR\",\"description\":\"De\u011fi\u015fen D\u00fcnyam\u0131za Taze Bir Bak\u0131\u015f\",\"publisher\":{\"@id\":\"https:\/\/epochtimestr.com\/#organization\"},\"potentialAction\":[{\"@type\":\"SearchAction\",\"target\":{\"@type\":\"EntryPoint\",\"urlTemplate\":\"https:\/\/epochtimestr.com\/?s={search_term_string}\"},\"query-input\":\"required name=search_term_string\"}],\"inLanguage\":\"tr\"},{\"@type\":\"Organization\",\"@id\":\"https:\/\/epochtimestr.com\/#organization\",\"name\":\"The EpochTimes T\u00fcrkiye\",\"url\":\"https:\/\/epochtimestr.com\/\",\"logo\":{\"@type\":\"ImageObject\",\"inLanguage\":\"tr\",\"@id\":\"https:\/\/epochtimestr.com\/#\/schema\/logo\/image\/\",\"url\":\"https:\/\/epochtimestr.com\/wp-content\/uploads\/2011y\/ET-Logo-YG.jpg\",\"contentUrl\":\"https:\/\/epochtimestr.com\/wp-content\/uploads\/2011y\/ET-Logo-YG.jpg\",\"width\":346,\"height\":29,\"caption\":\"The EpochTimes T\u00fcrkiye\"},\"image\":{\"@id\":\"https:\/\/epochtimestr.com\/#\/schema\/logo\/image\/\"},\"sameAs\":[\"https:\/\/www.facebook.com\/theepochtimestr\",\"https:\/\/x.com\/TheEpochTimesTR\",\"https:\/\/www.instagram.com\/epochtimestr\"]},{\"@type\":\"Person\",\"@id\":\"https:\/\/epochtimestr.com\/#\/schema\/person\/3dc5c3adeb9f43923c5aa85889172fdd\",\"name\":\"Haber Merkezi\",\"image\":{\"@type\":\"ImageObject\",\"inLanguage\":\"tr\",\"@id\":\"https:\/\/epochtimestr.com\/#\/schema\/person\/image\/\",\"url\":\"https:\/\/secure.gravatar.com\/avatar\/d73f772ba5a74f28601361e17c2f93e6?s=96&d=mm&r=g\",\"contentUrl\":\"https:\/\/secure.gravatar.com\/avatar\/d73f772ba5a74f28601361e17c2f93e6?s=96&d=mm&r=g\",\"caption\":\"Haber Merkezi\"},\"url\":\"https:\/\/epochtimestr.com\/index.php\/author\/sendag\"}]}<\/script>\n<!-- \/ Yoast SEO plugin. -->","yoast_head_json":{"title":"Ar\u0131kan Edirne Cezaevinde Selahattin Demirta\u015f'\u0131 Ziyaret Etti - The Epoch Times TR","description":"Saadet Partisi Genel Ba\u015fkan\u0131 Mahmut Ar\u0131kan, Edirne Cezaevi'nde bulunan eski HDP E\u015f Genel Ba\u015fkan\u0131 Selahattin Demirta\u015f'\u0131 ziyaret etti.","robots":{"index":"index","follow":"follow","max-snippet":"max-snippet:-1","max-image-preview":"max-image-preview:large","max-video-preview":"max-video-preview:-1"},"canonical":"https:\/\/epochtimestr.com\/index.php\/arikan-edirne-cezaevinde-selahattin-demirtasi-ziyaret-etti","og_locale":"tr_TR","og_type":"article","og_title":"Ar\u0131kan Edirne Cezaevinde Selahattin Demirta\u015f'\u0131 Ziyaret Etti - The Epoch Times TR","og_description":"Saadet Partisi Genel Ba\u015fkan\u0131 Mahmut Ar\u0131kan, Edirne Cezaevi'nde bulunan eski HDP E\u015f Genel Ba\u015fkan\u0131 Selahattin Demirta\u015f'\u0131 ziyaret etti.","og_url":"https:\/\/epochtimestr.com\/index.php\/arikan-edirne-cezaevinde-selahattin-demirtasi-ziyaret-etti","og_site_name":"The Epoch Times TR","article_publisher":"https:\/\/www.facebook.com\/theepochtimestr","article_published_time":"2026-07-13T19:43:41+00:00","article_modified_time":"2026-07-13T19:43:45+00:00","og_image":[{"width":2560,"height":1707,"url":"https:\/\/epochtimestr.com\/wp-content\/uploads\/2011y\/arikan-1-scaled.jpg","type":"image\/jpeg"}],"author":"Haber Merkezi","twitter_card":"summary_large_image","twitter_creator":"@TheEpochTimesTR","twitter_site":"@TheEpochTimesTR","twitter_misc":{"Yazan:":"Haber Merkezi","Tahmini okuma s\u00fcresi":"3 dakika"},"schema":{"@context":"https:\/\/schema.org","@graph":[{"@type":"Article","@id":"https:\/\/epochtimestr.com\/index.php\/arikan-edirne-cezaevinde-selahattin-demirtasi-ziyaret-etti#article","isPartOf":{"@id":"https:\/\/epochtimestr.com\/index.php\/arikan-edirne-cezaevinde-selahattin-demirtasi-ziyaret-etti"},"author":{"name":"Haber Merkezi","@id":"https:\/\/epochtimestr.com\/#\/schema\/person\/3dc5c3adeb9f43923c5aa85889172fdd"},"headline":"Ar\u0131kan Edirne Cezaevinde Selahattin Demirta\u015f&#8217;\u0131 Ziyaret Etti","datePublished":"2026-07-13T19:43:41+00:00","dateModified":"2026-07-13T19:43:45+00:00","mainEntityOfPage":{"@id":"https:\/\/epochtimestr.com\/index.php\/arikan-edirne-cezaevinde-selahattin-demirtasi-ziyaret-etti"},"wordCount":494,"commentCount":0,"publisher":{"@id":"https:\/\/epochtimestr.com\/#organization"},"image":{"@id":"https:\/\/epochtimestr.com\/index.php\/arikan-edirne-cezaevinde-selahattin-demirtasi-ziyaret-etti#primaryimage"},"thumbnailUrl":"https:\/\/epochtimestr.com\/wp-content\/uploads\/2011y\/arikan-1-scaled.jpg","keywords":["Cezaevi","mahmut ar\u0131kan","selahattin demirta\u015f","ziyaret"],"articleSection":["G\u00dcNDEM","MAN\u015eET","Siyaset","T\u00dcRK\u0130YE"],"inLanguage":"tr","potentialAction":[{"@type":"CommentAction","name":"Comment","target":["https:\/\/epochtimestr.com\/index.php\/arikan-edirne-cezaevinde-selahattin-demirtasi-ziyaret-etti#respond"]}]},{"@type":"WebPage","@id":"https:\/\/epochtimestr.com\/index.php\/arikan-edirne-cezaevinde-selahattin-demirtasi-ziyaret-etti","url":"https:\/\/epochtimestr.com\/index.php\/arikan-edirne-cezaevinde-selahattin-demirtasi-ziyaret-etti","name":"Ar\u0131kan Edirne Cezaevinde Selahattin Demirta\u015f'\u0131 Ziyaret Etti - The Epoch Times TR","isPartOf":{"@id":"https:\/\/epochtimestr.com\/#website"},"primaryImageOfPage":{"@id":"https:\/\/epochtimestr.com\/index.php\/arikan-edirne-cezaevinde-selahattin-demirtasi-ziyaret-etti#primaryimage"},"image":{"@id":"https:\/\/epochtimestr.com\/index.php\/arikan-edirne-cezaevinde-selahattin-demirtasi-ziyaret-etti#primaryimage"},"thumbnailUrl":"https:\/\/epochtimestr.com\/wp-content\/uploads\/2011y\/arikan-1-scaled.jpg","datePublished":"2026-07-13T19:43:41+00:00","dateModified":"2026-07-13T19:43:45+00:00","description":"Saadet Partisi Genel Ba\u015fkan\u0131 Mahmut Ar\u0131kan, Edirne Cezaevi'nde bulunan eski HDP E\u015f Genel Ba\u015fkan\u0131 Selahattin Demirta\u015f'\u0131 ziyaret etti.","inLanguage":"tr","potentialAction":[{"@type":"ReadAction","target":["https:\/\/epochtimestr.com\/index.php\/arikan-edirne-cezaevinde-selahattin-demirtasi-ziyaret-etti"]}]},{"@type":"ImageObject","inLanguage":"tr","@id":"https:\/\/epochtimestr.com\/index.php\/arikan-edirne-cezaevinde-selahattin-demirtasi-ziyaret-etti#primaryimage","url":"https:\/\/epochtimestr.com\/wp-content\/uploads\/2011y\/arikan-1-scaled.jpg","contentUrl":"https:\/\/epochtimestr.com\/wp-content\/uploads\/2011y\/arikan-1-scaled.jpg","width":2560,"height":1707},{"@type":"WebSite","@id":"https:\/\/epochtimestr.com\/#website","url":"https:\/\/epochtimestr.com\/","name":"The Epoch Times TR","description":"De\u011fi\u015fen D\u00fcnyam\u0131za Taze Bir Bak\u0131\u015f","publisher":{"@id":"https:\/\/epochtimestr.com\/#organization"},"potentialAction":[{"@type":"SearchAction","target":{"@type":"EntryPoint","urlTemplate":"https:\/\/epochtimestr.com\/?s={search_term_string}"},"query-input":"required name=search_term_string"}],"inLanguage":"tr"},{"@type":"Organization","@id":"https:\/\/epochtimestr.com\/#organization","name":"The EpochTimes T\u00fcrkiye","url":"https:\/\/epochtimestr.com\/","logo":{"@type":"ImageObject","inLanguage":"tr","@id":"https:\/\/epochtimestr.com\/#\/schema\/logo\/image\/","url":"https:\/\/epochtimestr.com\/wp-content\/uploads\/2011y\/ET-Logo-YG.jpg","contentUrl":"https:\/\/epochtimestr.com\/wp-content\/uploads\/2011y\/ET-Logo-YG.jpg","width":346,"height":29,"caption":"The EpochTimes T\u00fcrkiye"},"image":{"@id":"https:\/\/epochtimestr.com\/#\/schema\/logo\/image\/"},"sameAs":["https:\/\/www.facebook.com\/theepochtimestr","https:\/\/x.com\/TheEpochTimesTR","https:\/\/www.instagram.com\/epochtimestr"]},{"@type":"Person","@id":"https:\/\/epochtimestr.com\/#\/schema\/person\/3dc5c3adeb9f43923c5aa85889172fdd","name":"Haber Merkezi","image":{"@type":"ImageObject","inLanguage":"tr","@id":"https:\/\/epochtimestr.com\/#\/schema\/person\/image\/","url":"https:\/\/secure.gravatar.com\/avatar\/d73f772ba5a74f28601361e17c2f93e6?s=96&d=mm&r=g","contentUrl":"https:\/\/secure.gravatar.com\/avatar\/d73f772ba5a74f28601361e17c2f93e6?s=96&d=mm&r=g","caption":"Haber Merkezi"},"url":"https:\/\/epochtimestr.com\/index.php\/author\/sendag"}]}},"_links":{"self":[{"href":"https:\/\/epochtimestr.com\/index.php\/wp-json\/wp\/v2\/posts\/168625"}],"collection":[{"href":"https:\/\/epochtimestr.com\/index.php\/wp-json\/wp\/v2\/posts"}],"about":[{"href":"https:\/\/epochtimestr.com\/index.php\/wp-json\/wp\/v2\/types\/post"}],"author":[{"embeddable":true,"href":"https:\/\/epochtimestr.com\/index.php\/wp-json\/wp\/v2\/users\/12791"}],"replies":[{"embeddable":true,"href":"https:\/\/epochtimestr.com\/index.php\/wp-json\/wp\/v2\/comments?post=168625"}],"version-history":[{"count":2,"href":"https:\/\/epochtimestr.com\/index.php\/wp-json\/wp\/v2\/posts\/168625\/revisions"}],"predecessor-version":[{"id":168634,"href":"https:\/\/epochtimestr.com\/index.php\/wp-json\/wp\/v2\/posts\/168625\/revisions\/168634"}],"wp:featuredmedia":[{"embeddable":true,"href":"https:\/\/epochtimestr.com\/index.php\/wp-json\/wp\/v2\/media\/168626"}],"wp:attachment":[{"href":"https:\/\/epochtimestr.com\/index.php\/wp-json\/wp\/v2\/media?parent=168625"}],"wp:term":[{"taxonomy":"category","embeddable":true,"href":"https:\/\/epochtimestr.com\/index.php\/wp-json\/wp\/v2\/categories?post=168625"},{"taxonomy":"post_tag","embeddable":true,"href":"https:\/\/epochtimestr.com\/index.php\/wp-json\/wp\/v2\/tags?post=168625"}],"curies":[{"name":"wp","href":"https:\/\/api.w.org\/{rel}","templated":true}]}}