{"id":168638,"date":"2026-07-14T11:39:50","date_gmt":"2026-07-14T08:39:50","guid":{"rendered":"https:\/\/epochtimestr.com\/?p=168638"},"modified":"2026-07-14T11:39:52","modified_gmt":"2026-07-14T08:39:52","slug":"ozgur-ozelden-huseyin-can-gunere-destek-yuruyusu","status":"publish","type":"post","link":"https:\/\/epochtimestr.com\/index.php\/ozgur-ozelden-huseyin-can-gunere-destek-yuruyusu","title":{"rendered":"\u00d6zg\u00fcr \u00d6zel&#8217;den H\u00fcseyin Can G\u00fcner&#8217;e Destek Y\u00fcr\u00fcy\u00fc\u015f\u00fc"},"content":{"rendered":"<div class=\"wp-block-image\">\n<figure class=\"aligncenter size-full\"><img loading=\"lazy\" decoding=\"async\" width=\"1280\" height=\"720\" src=\"https:\/\/epochtimestr.com\/wp-content\/uploads\/2011y\/ozgur-ozel-38.jpg\" alt=\"\" class=\"wp-image-168641\" srcset=\"https:\/\/epochtimestr.com\/wp-content\/uploads\/2011y\/ozgur-ozel-38.jpg 1280w, https:\/\/epochtimestr.com\/wp-content\/uploads\/2011y\/ozgur-ozel-38-300x169.jpg 300w, https:\/\/epochtimestr.com\/wp-content\/uploads\/2011y\/ozgur-ozel-38-150x84.jpg 150w, https:\/\/epochtimestr.com\/wp-content\/uploads\/2011y\/ozgur-ozel-38-768x432.jpg 768w\" sizes=\"(max-width: 1280px) 100vw, 1280px\" \/><figcaption class=\"wp-element-caption\">\u00d6zg\u00fcr \u00d6zel&#8217;den H\u00fcseyin Can G\u00fcner&#8217;e destek y\u00fcr\u00fcy\u00fc\u015f\u00fc. (Foto\u011fraf: \u00d6zg\u00fcr \u00d6zel X hesab\u0131)<\/figcaption><\/figure><\/div>\n\n\n<h2 class=\"wp-block-heading\">\u00d6zg\u00fcr \u00d6zel, g\u00f6zalt\u0131na al\u0131nan \u00c7ankaya Belediye Ba\u015fkan\u0131 H\u00fcseyin Can G\u00fcner&#8217;e destek amac\u0131yla yurtta\u015flarla birlikte belediye binas\u0131na y\u00fcr\u00fcd\u00fc.<\/h2>\n\n\n\n<p>\u00d6zel, <a href=\"https:\/\/epochtimestr.com\/index.php\/chpli-baskan-huseyin-can-guner-dahil-36-kisi-gozaltina-alindi\" target=\"_blank\" rel=\"noreferrer noopener\">\u00c7ankaya Belediye Ba\u015fkan\u0131<\/a> H\u00fcseyin Can G\u00fcner&#8217;in g\u00f6zalt\u0131na al\u0131nmas\u0131n\u0131n ard\u0131ndan, G\u00fcner&#8217;e destek amac\u0131yla Ku\u011fulu Park&#8217;tan belediye binas\u0131na y\u00fcr\u00fcd\u00fc.<\/p>\n\n\n\n<p>Y\u00fcr\u00fcy\u00fc\u015fe se\u00e7ilmi\u015f <a href=\"https:\/\/epochtimestr.com\/index.php\/secilmis-chp-genel-baskani-ozgur-ozel-anitkabire-yurudu\" target=\"_blank\" rel=\"noreferrer noopener\">CHP Genel Ba\u015fkan\u0131<\/a> \u00d6zg\u00fcr \u00d6zel&#8217;in yan\u0131 s\u0131ra milletvekilleri Veli A\u011fbaba, Mahmut Tanal, Sezgin Tanr\u0131kulu, Asu Kaya, Ali Mahir Ba\u015far\u0131r, Murat Emir, Aliye Timisi Ersever, Cemal Enginyurt, Ula\u015f Karasu, Umut Akdo\u011fan, \u00d6zg\u00fcr Karabat, Ensar Aytekin ve Mamak Belediye Ba\u015fkan\u0131 Veli G\u00fcnd\u00fcz \u015eahin kat\u0131ld\u0131. CHP&#8217;nin se\u00e7ilmi\u015f y\u00f6netiminde g\u00f6rev yapan Genel Ba\u015fkan Yard\u0131mc\u0131lar\u0131 G\u00fcl \u00c7ift\u00e7i ile Yal\u00e7\u0131n Karatepe de y\u00fcr\u00fcy\u00fc\u015fte yer ald\u0131.<\/p>\n\n\n\n<p>G\u00fcner&#8217;in sorgusunda r\u00fc\u015fvet, su\u00e7 \u00f6rg\u00fct\u00fc ya da \u00e7ete su\u00e7lamalar\u0131na ili\u015fkin soru y\u00f6neltilmedi\u011fini s\u00f6yleyen \u00d6zel, adaletin yerini bulmas\u0131n\u0131 beklediklerini ifade etti. \u00d6zel, &#8220;18 ya\u015f\u0131n\u0131 doldurdu\u011fu g\u00fcnden beri partili olan, gen\u00e7lik kollar\u0131ndan yeti\u015fmi\u015f partimizin evlad\u0131na sahip \u00e7\u0131kmaya geldik&#8221; dedi.<\/p>\n\n\n\n<p>\u00c7ankaya Belediye Ba\u015fkan\u0131 H\u00fcseyin Can G\u00fcner&#8217;in g\u00f6zalt\u0131na al\u0131nmas\u0131n\u0131n ard\u0131ndan partililer, belediye \u00f6n\u00fcnde adalet n\u00f6betini s\u00fcrd\u00fcr\u00fcyor.<\/p>\n\n\n\n<p>Sosyal medya hesab\u0131ndan yapt\u0131\u011f\u0131 payla\u015f\u0131mda \u00d6zel, y\u00fcr\u00fcy\u00fc\u015f ile ilgili &#8220;<a href=\"https:\/\/epochtimestr.com\/index.php\/ozel-milletin-bizi-sececegine-inaniyoruz-onlar-da-buna-inaniyor-o-yuzden-kumpas-kuruyorlar\" target=\"_blank\" rel=\"noreferrer noopener\">Siyasi kumpas<\/a>lar\u0131 Ba\u015fkent Ankara&#8217;m\u0131za ta\u015f\u0131mak isteyenlere kar\u015f\u0131 y\u00fcr\u00fcyoruz. Se\u00e7me ve se\u00e7ilme hakk\u0131na sahip \u00e7\u0131kmak i\u00e7in egemenli\u011fin sahibi olan milletimizle y\u00fcr\u00fcyoruz. Rakiplerini hapse atarak engellemeye \u00e7al\u0131\u015fan bu yozla\u015fm\u0131\u015f kara d\u00fczeni reddediyoruz. Milletin co\u015fkun akan selinin kar\u015f\u0131s\u0131nda hi\u00e7bir g\u00fc\u00e7 duramayacak!&#8221; ifadelerini kullanm\u0131\u015ft\u0131. CHP Grup Ba\u015fkan\u0131 \u00d6zg\u00fcr \u00d6zel, yurtta\u015flarla birlikte Ku\u011fulu Park&#8217;tan \u00c7ankaya Belediyesi \u00f6n\u00fcne y\u00fcr\u00fcd\u00fc.<\/p>\n\n\n\n<figure class=\"wp-block-image aligncenter size-full\"><img loading=\"lazy\" decoding=\"async\" width=\"1280\" height=\"720\" src=\"https:\/\/epochtimestr.com\/wp-content\/uploads\/2011y\/ozel-26.jpg\" alt=\"\n(Foto\u011fraf: \u00d6zg\u00fcr \u00d6zel X hesab\u0131)\" class=\"wp-image-168642\" srcset=\"https:\/\/epochtimestr.com\/wp-content\/uploads\/2011y\/ozel-26.jpg 1280w, https:\/\/epochtimestr.com\/wp-content\/uploads\/2011y\/ozel-26-300x169.jpg 300w, https:\/\/epochtimestr.com\/wp-content\/uploads\/2011y\/ozel-26-150x84.jpg 150w, https:\/\/epochtimestr.com\/wp-content\/uploads\/2011y\/ozel-26-768x432.jpg 768w\" sizes=\"(max-width: 1280px) 100vw, 1280px\" \/><figcaption class=\"wp-element-caption\">(Foto\u011fraf: \u00d6zg\u00fcr \u00d6zel X hesab\u0131)<\/figcaption><\/figure>\n\n\n\n<h4 class=\"wp-block-heading\">\u00d6zel, belediye binas\u0131 \u00f6n\u00fcnde yapt\u0131\u011f\u0131 konu\u015fmada, \u015funlar\u0131 s\u00f6yledi:<\/h4>\n\n\n\n<p>&#8220;Bug\u00fcn H\u00fcseyin Can G\u00fcner, y\u0131llard\u0131r s\u00f6ylenen m\u00fcfetti\u015flerin kusur bulunmad\u0131\u011f\u0131, yap\u0131lan b\u00fct\u00fcn ihbarlara ra\u011fmen, s\u00fcrekli yap\u0131lan i\u015fte kamu zarar\u0131 de\u011fil, aksine kamu yarar\u0131 oldu\u011fu ispatlanan bir dosyada y\u0131llard\u0131r Ankara\u2019daki savc\u0131lara \u2018\u00c7ankaya\u2019ya operasyon yap\u0131n\u2019 deyip \u2018Burada operasyon yapacak bir \u015fey yok\u2019 cevab\u0131 alanlar\u0131n buradaki kadrolar\u0131 de\u011fi\u015ftirmesinden sonra yapt\u0131rd\u0131\u011f\u0131 \u0131smarlama bir operasyondur.<\/p>\n\n\n\n<p>Bug\u00fcn de sorgu s\u0131ras\u0131nda sorulan sorularda ne bir r\u00fc\u015fvet, ne bir \u00e7ete, ne bir su\u00e7 \u00f6rg\u00fct\u00fc. \u00dcmit ediyoruz, yar\u0131n adalet tecelli eder. Aksi bir durumun ya\u015fanmas\u0131 Ankara\u2019n\u0131n kalbine, Cumhuriyet\u2019in kalbine yap\u0131lan yeni bir darbe olur.<\/p>\n\n\n\n<p>H\u00fcseyin Can G\u00fcner\u2019in dedi\u011fi gibi onun ne bizi, ne ailesini utand\u0131racak, Ankara\u2019ya ve T\u00fcrkiye\u2019ye hesab\u0131n\u0131 veremeyece\u011fi hi\u00e7bir \u015fey yok. Bug\u00fcnk\u00fc b\u00fct\u00fcn sorgularda da bu ortaya \u00e7\u0131km\u0131\u015ft\u0131r. Partinin se\u00e7ildi\u011finde 30 ya\u015f\u0131nda olan, \u00f6mr\u00fc Gen\u00e7lik Kollar\u0131&#8217;nda m\u00fccadeleyle ge\u00e7mi\u015f, 18 ya\u015f\u0131n\u0131 doldurdu\u011fu g\u00fcnden beri partili olan partimizin evlad\u0131na sahip \u00e7\u0131kmaya geldik.\u201d<\/p>\n\n\n\n<figure class=\"wp-block-image aligncenter size-full is-resized\"><img loading=\"lazy\" decoding=\"async\" width=\"1280\" height=\"720\" src=\"https:\/\/epochtimestr.com\/wp-content\/uploads\/2011y\/ozel1-1.webp\" alt=\"\n(Foto\u011fraf: \u00d6zg\u00fcr \u00d6zel X hesab\u0131)\" class=\"wp-image-168644\" style=\"width:840px;height:auto\" srcset=\"https:\/\/epochtimestr.com\/wp-content\/uploads\/2011y\/ozel1-1.webp 1280w, https:\/\/epochtimestr.com\/wp-content\/uploads\/2011y\/ozel1-1-300x169.webp 300w, https:\/\/epochtimestr.com\/wp-content\/uploads\/2011y\/ozel1-1-150x84.webp 150w, https:\/\/epochtimestr.com\/wp-content\/uploads\/2011y\/ozel1-1-768x432.webp 768w\" sizes=\"(max-width: 1280px) 100vw, 1280px\" \/><figcaption class=\"wp-element-caption\"><em>(Foto\u011fraf: \u00d6zg\u00fcr \u00d6zel X hesab\u0131)<\/em><\/figcaption><\/figure>\n\n\n\n<h4 class=\"wp-block-heading\">&#8220;Erdo\u011fan\u2019a bir ya\u015fam hikayesi anlataca\u011f\u0131m, bunun ne anlama geldi\u011fini kendisine tarih \u00f6n\u00fcnde \u015ferh d\u00fc\u015ferek b\u0131rakaca\u011f\u0131m&#8221;<\/h4>\n\n\n\n<p>\u201c\u015eimdi buradan kimseye de\u011fil, Recep Tayyip Erdo\u011fan\u2019a bir hikaye, bir ya\u015fam hikayesi anlataca\u011f\u0131m. Sonra bug\u00fcn ne yapmaya \u00e7al\u0131\u015ft\u0131\u011f\u0131n\u0131n, bunun ne anlama geldi\u011fini kendisine tarih \u00f6n\u00fcnde \u015ferh d\u00fc\u015ferek b\u0131rakaca\u011f\u0131m. H\u00fcseyin Can G\u00fcner: Baba bir ya\u015f\u0131nda \u00f6l\u00fcr. Anne infaz koruma memuru. Halen 33\u2019nc\u00fc y\u0131l\u0131nda Aya\u015f Kad\u0131n A\u00e7\u0131k Cezaevinde infaz koruma memuru.<\/p>\n\n\n\n<p>K\u00fc\u00e7\u00fck H\u00fcseyin 10 ya\u015f\u0131ndan itibaren Adalet Bakanl\u0131\u011f\u0131\u2019ndan annesinin ald\u0131\u011f\u0131 maa\u015fla Adalet Bakanl\u0131\u011f\u0131\u2019n\u0131n lojmanlar\u0131nda, savc\u0131, hakim a\u011fabeylerine, ablalar\u0131na, teyzelerine bakarak, onlara \u00f6zenere, Adalet Bakanl\u0131\u011f\u0131\u2019ndan maa\u015f alan annesinin aya\u011f\u0131n\u0131 ald\u0131\u011f\u0131 \u00e7orapla, ayakkab\u0131yla, \u00fcst\u00fcne dikti\u011fi g\u00f6mlekle, yakas\u0131yla okullara gelir gider.<\/p>\n\n\n\n<p>O H\u00fcseyin her sene s\u0131n\u0131f\u0131n, okulun birincisidir. Lise sonunda \u00f6yle \u00f6zel dersler alamadan, dershanelere gidemeden k\u0131t kanaat b\u00fct\u00e7eyle okulun birincisi olur. Okul birincisi kontenjan\u0131ndan Ankara \u00dcniversitesi hukuk fak\u00fcltesini kazan\u0131r.<\/p>\n\n\n\n<p>O H\u00fcseyin Ankara hukukta hem derslerine \u00e7al\u0131\u015f\u0131r, hem d\u0131\u015far\u0131da kendisini okutan, b\u00fcy\u00fcten annesine yard\u0131mc\u0131 olmaya \u00e7al\u0131\u015f\u0131r. Oysa Ankara \u00dcniversitesi hukuk fak\u00fcltesi dereceyle, en \u00fcst dereceyle ve en k\u0131sa s\u00fcrede iftihara ge\u00e7erek bitirir.\u201d<\/p>\n\n\n\n<figure class=\"wp-block-image aligncenter size-full\"><img loading=\"lazy\" decoding=\"async\" width=\"1280\" height=\"720\" src=\"https:\/\/epochtimestr.com\/wp-content\/uploads\/2011y\/ozel2-8.jpg\" alt=\"\n(Foto\u011fraf: \u00d6zg\u00fcr \u00d6zel X hesab\u0131)\" class=\"wp-image-168646\" srcset=\"https:\/\/epochtimestr.com\/wp-content\/uploads\/2011y\/ozel2-8.jpg 1280w, https:\/\/epochtimestr.com\/wp-content\/uploads\/2011y\/ozel2-8-300x169.jpg 300w, https:\/\/epochtimestr.com\/wp-content\/uploads\/2011y\/ozel2-8-150x84.jpg 150w, https:\/\/epochtimestr.com\/wp-content\/uploads\/2011y\/ozel2-8-768x432.jpg 768w\" sizes=\"(max-width: 1280px) 100vw, 1280px\" \/><figcaption class=\"wp-element-caption\"><em>(Foto\u011fraf: \u00d6zg\u00fcr \u00d6zel X hesab\u0131)<\/em><\/figcaption><\/figure>\n\n\n\n<h4 class=\"wp-block-heading\">&#8220;20 bin aday aras\u0131ndan 114\u2019nc\u00fc olur, m\u00fclakata girer ve m\u00fclakatta elenir&#8221;<\/h4>\n\n\n\n<p>O H\u00fcseyin\u2019in akl\u0131 hala savc\u0131l\u0131ktad\u0131r, hakimliktedir. O d\u00f6nemde darbe giri\u015fimi olmu\u015f, Adalet Bakanl\u0131\u011f\u0131nda 3 bin 500 kadro bo\u015falm\u0131\u015f, 20 bin aday hakimlik, savc\u0131l\u0131k s\u0131nav\u0131na girer. O H\u00fcseyin, bizim H\u00fcseyin, Can H\u00fcseyin, H\u00fcseyin Can G\u00fcner o s\u0131nava girer ve 20 bin aday aras\u0131ndan 114\u2019nc\u00fc olur.<\/p>\n\n\n\n<p>H\u00fcseyin m\u00fclakata girer ve m\u00fclakatta elenir. Bunun \u00fczerine \u00e7ok \u00fcz\u00fcl\u00fcr, \u00e7ok kahrolur. Biz H\u00fcseyin\u2019i Meclis\u2019e geli\u015finden gidi\u015finden, bize g\u00f6n\u00fcll\u00fc dan\u0131\u015fmanl\u0131k edi\u015finden, hukuk konular\u0131nda gen\u00e7 ya\u015f\u0131na ra\u011fmen \u00e7ok \u00f6nemli bilgisinden ve birikiminden biliriz.<\/p>\n\n\n\n<p>O g\u00fcn Adalet Bakan\u0131 bug\u00fcnk\u00fc AK Parti Grup Ba\u015fkanvekili Abd\u00fclhamit G\u00fcl\u2019d\u00fcr. O zaman bakanlar Meclis\u2019tedir, salondad\u0131r. Yan\u0131na var\u0131r\u0131m, derim ki \u2018Bu H\u00fcseyin b\u00f6yle b\u00fcy\u00fcd\u00fc b\u00fcy\u00fcd\u00fc ve buraya geldi. Ankara hukuku dereceyle bitirdi.<\/p>\n\n\n\n<p>FET\u00d6\u2019c\u00fc olsa anas\u0131n\u0131 kurumda tutar m\u0131yd\u0131n\u0131z? PKK\u2019l\u0131 olsa anas\u0131n\u0131 kurumda tutar m\u0131yd\u0131n\u0131z? Sizin bakanl\u0131\u011f\u0131n\u0131z\u0131n maa\u015f\u0131ndan, kursa\u011f\u0131ndan ekmek ge\u00e7en, devletin ekme\u011fiyle b\u00fcy\u00fcyen, anas\u0131 halen daha cezaevinde infaz koruma memuru olan bu \u00e7ocuktan Adalet Bakanl\u0131\u011f\u0131 neden \u00e7ekinir de en y\u00fcksek puan\u0131 alan\u0131 nas\u0131l eler?\u2019 \u015ea\u015f\u0131rd\u0131 Adalet Bakan\u0131.<\/p>\n\n\n\n<p>Not ald\u0131 Adalet Bakan\u0131. Sonra bu konu \u00e7ok konu\u015fuldu. Bir kez daha s\u0131nav yap\u0131ld\u0131 ve daha \u00e7ok \u00f6\u011frenci kat\u0131ld\u0131. H\u00fcseyin daha iyi bir derece yapt\u0131 ama sonu\u00e7ta yine ikinci m\u00fclakatta da elendi. Sonra ombudsman raporu Meclis\u2019te g\u00f6r\u00fc\u015f\u00fcl\u00fcrken \u015eeref Malko\u00e7 orada, raporda not var.<\/p>\n\n\n\n<p>Diyor ki \u2018Adalet Bakanl\u0131\u011f\u0131\u2019n\u0131n s\u0131navlar\u0131nda, m\u00fclakatta subjektif kriterler uygulanmas\u0131 tenkit konusu olmu\u015ftur.\u2019 \u00c7\u0131kt\u0131m k\u00fcrs\u00fcye, anlatt\u0131m bu hikayeyi Say\u0131n Malko\u00e7\u2019un huzurunda. Dedim ki \u2018Bu meseleyi acaba Kamu Ba\u015f Denet\u00e7ili\u011fi binas\u0131nda m\u0131 konu\u015fursunuz, yoksa damad\u0131n\u0131z Adalet Bakan\u0131yla m\u0131?<\/p>\n\n\n\n<p>\u00c7\u00fcnk\u00fc damad\u0131n\u0131z Abd\u00fclhamit Bey ben bu hikayeyi anlatt\u0131\u011f\u0131mda \u2018Vah vah, daha iyisini bulaca\u011f\u0131z? Bu kadar e\u011fitimli, yeti\u015fmi\u015f, annesi bakanl\u0131\u011f\u0131n mensubu. Daha iyisini mi bulaca\u011f\u0131z?\u2019 demi\u015fti de bir mekanizma yine de daha da y\u00fcksek puan almas\u0131na ra\u011fmen H\u00fcseyin\u2019i bir daha al\u0131p elemi\u015fti.\u2019<\/p>\n\n\n\n<p>O H\u00fcseyin avukat oldu, b\u00fct\u00fcn davalar\u0131m\u0131 ona verdim. H\u00fcseyin avukat oldu, hepimiz kendisine g\u00fcvendik. O H\u00fcseyin avukat oldu, kazan\u0131lamaz denen davalar\u0131 kazand\u0131. \u00d6nemli ba\u015far\u0131lar g\u00f6sterdi. O H\u00fcseyin avukat oldu, anas\u0131 halen daha m\u00fctevaz\u0131 zor g\u00f6revini yapmaya, m\u00fctevaz\u0131 hayat\u0131n\u0131 ya\u015famaya devam etti.\u201d<\/p>\n\n\n\n<figure class=\"wp-block-embed is-type-rich is-provider-x wp-block-embed-x\"><div class=\"wp-block-embed__wrapper\">\nhttps:\/\/twitter.com\/eczozgurozel\/status\/2076715909507616768\n<\/div><\/figure>\n\n\n\n<h4 class=\"wp-block-heading\">&#8220;Uzun s\u00fcredir sipari\u015f edilen bir k\u00f6t\u00fcl\u00fc\u011f\u00fcn hayata ge\u00e7irilmesinden ba\u015fkas\u0131 de\u011fildir&#8221;<\/h4>\n\n\n\n<p>Ben Genel Ba\u015fkan olunca her yerde adaylar\u0131, Ankara\u2019da Ba\u015fkan\u0131m \u00e7al\u0131\u015ft\u0131, anketlerle \u00e7al\u0131\u015ft\u0131, milleti dinleyerek \u00e7al\u0131\u015ft\u0131. Ankara\u2019da sadece \u00c7ankaya&#8217;daki ki, Cumhuriyet Halk Partisi\u2019nin Genel Ba\u015fkanlar\u0131 gece yat\u0131nca, yast\u0131\u011fa ba\u015f\u0131n\u0131 koyunca g\u00f6z\u00fcne uyku girmesi i\u00e7in \u00c7ankaya\u2019y\u0131, \u00f6yle \u015faka de\u011fil, Birinci Meclis\u2019i, \u0130kinci Meclis\u2019i, T\u00fcrkiye B\u00fcy\u00fck Millet Meclisi\u2019ni, partisinin ve partilerin genel merkezlerini, \u00c7ankaya K\u00f6\u015fk\u00fc\u2019n\u00fc ve An\u0131tkabir\u2019i \u00c7ankaya Belediye Ba\u015fkan\u0131na emanet ederek uyurlar.<\/p>\n\n\n\n<p>\u00c7ankaya\u2019ya en gencimizi, en g\u00fcvendi\u011fimizi, tertemiz evlad\u0131m\u0131z\u0131 biz aday ettik, sizler de takdir ettiniz, g\u00f6reve getirdiniz. E\u011fri oturup do\u011fru konu\u015fal\u0131m say\u0131n Erdo\u011fan. \u0130ki senedir Ankara\u2019da \u2018\u00c7ankaya\u2019ya operasyon yap\u0131n, \u00c7ankaya\u2019y\u0131 al\u0131n. \u00c7ankaya\u2019ya operasyon yaparak \u00d6zg\u00fcr \u00d6zel\u2019in can\u0131n\u0131 yak\u0131n\u2019 laf\u0131n\u0131 duymayan, bilmeyen kimse yok.<\/p>\n\n\n\n<p>Son atamalara kadar, konu\u015faca\u011f\u0131z, e\u011fri oturup do\u011fru konu\u015faca\u011f\u0131z. Sonra son atamalara kadar Ankara\u2019daki ba\u015fsavc\u0131, vekilleri, savc\u0131lar \u2018Biz belediyelerin usul\u00fcne uygun denetimle \u00f6n\u00fcm\u00fcze gelen raporuna dava a\u00e7\u0131lmas\u0131na g\u00f6re bakar\u0131z. Su\u00e7\u00fcst\u00fc olmadan, r\u00fc\u015fvete su\u00e7\u00fcst\u00fc falan olmadan iddia ile, gizli tan\u0131kla, onunla bununla ne yapal\u0131m?\u2019 dediler diye yarg\u0131daki \u00e7etenin hedefi oldular.<\/p>\n\n\n\n<p>Son atamalarda Ankara\u2019da yeni bir d\u00fczen kuruldu. O d\u00fczen \u0130stanbul\u2019daki sistemi Ankara\u2019ya getirmenin d\u00fczeniydi. Bug\u00fcn \u00c7ankaya Belediyesi\u2019ne yap\u0131lan operasyon bir sipari\u015fin, uzun s\u00fcredir sipari\u015f edilen bir k\u00f6t\u00fcl\u00fc\u011f\u00fcn hayata ge\u00e7irilmesinden ba\u015fkas\u0131 de\u011fildir.<\/p>\n\n\n\n<h4 class=\"wp-block-heading\">&#8220;Bilal Bey&#8217;e yap\u0131lsa bu ne hissedersen sen Tayyip Efendi, onu hissediyorum \u015fu anda&#8221;<\/h4>\n\n\n\n<p>\u015eimdi buradan Say\u0131n Erdo\u011fan\u2019a sesleniyorum. Rakibiz ya, bir g\u00fcn g\u00fc\u00e7 elimde olsa, elimdeki g\u00fc\u00e7le su\u00e7u ve g\u00fcnah\u0131 yokken ben geldiysem Bilal Bey\u2019i evinden, \u00e7ocu\u011funun ve e\u015finin \u00f6n\u00fcnden ald\u0131rsam, haks\u0131z yere i\u00e7eri koysam, s\u0131rf sana kinimden, seni yenemedim diye, seninle ba\u015f edemedim diye evlad\u0131na sald\u0131rsam, torununa sald\u0131rsam, t\u00f6vbe h\u00e2\u015f\u00e2 yapmam, yapmayaca\u011f\u0131m ama bu yap\u0131lsa ne hissedersen sen Tayyip Efendi, onu hissediyorum \u015fu anda. \u015eu kadarc\u0131k vicdan varsa, \u015fu kadarc\u0131k Allah korkusu varsa, \u015fu kadarc\u0131k yi\u011fitlik varsa b\u0131rak H\u00fcseyin\u2019i. Gel hesapla\u015f, \u00d6zg\u00fcr \u00d6zel burada.\u201d<\/p>\n\n\n\n<p><strong>&#8220;Bunun ad\u0131 siyaseten Cumhuriyet Halk Partisi ile, \u00d6zg\u00fcr \u00d6zel\u2019le u\u011fra\u015fmak i\u00e7in kul hakk\u0131na<br \/>girmektir<\/strong>&#8220;<\/p>\n\n\n\n<p>Ankara\u2019dan, milletin ve \u00fclkenin kalbinde milletin huzurunda s\u00f6yl\u00fcyorum; 2024\u2019te yap\u0131lm\u0131\u015f bir ihale. O ihaleyi alm\u0131\u015f bir firma s\u00f6ylenenin bir t\u0131k alt\u0131na.<\/p>\n\n\n\n<p>\u015e\u00fcphelenmi\u015fler, \u2018Pahal\u0131 ald\u0131\u2019 demi\u015fler. \u0130ptal edip iki ay sonra ihale yenilemi\u015fler ve \u00e7ok daha d\u00fc\u015f\u00fck bir fiyata al\u0131nm\u0131\u015f. Bunu birileri \u0130stanbul\u2019a \u015fikayet yollam\u0131\u015f. Ankara denetlensin diye m\u00fcfetti\u015f yollam\u0131\u015f, m\u00fcfetti\u015f kusur bulmam\u0131\u015f.<br \/>Say\u0131\u015ftay yazarken belediye bu uygulamayla kara ge\u00e7mi\u015ftir diye d\u00fc\u015fm\u00fc\u015f. \u015eimdi birileri dosyay\u0131 \u0130stanbul\u2019dan koltu\u011funun alt\u0131na al\u0131p, Ankara\u2019ya gelip bu operasyonu ba\u015flatm\u0131\u015f.<\/p>\n\n\n\n<p>Bunun ad\u0131 siyaseten Cumhuriyet Halk Partisi ile, \u00d6zg\u00fcr \u00d6zel\u2019le u\u011fra\u015fmak i\u00e7in kul hakk\u0131na girmektir. Buradan hepinizin huzurunda yemin ederim ki; e\u011fer H\u00fcseyin Can G\u00fcner\u2019in burada bir haks\u0131zl\u0131\u011f\u0131, bir hukuksuzlu\u011fu varsa Allah benim can\u0131m\u0131 als\u0131n.<\/p>\n\n\n\n<p>Ama burada yap\u0131lan benim can\u0131m\u0131 yakmak i\u00e7in bu masum evlada iftira atmaksa, Allah bunu yapanlardan da g\u00fcn\u00fc gelsin en k\u00f6t\u00fc \u015fekilde hesab\u0131n\u0131 sorsun.\u201d<\/p>\n\n\n\n<h4 class=\"wp-block-heading\">&#8220;Derdi olan gelsin benimle u\u011fra\u015fs\u0131n&#8221;<\/h4>\n\n\n\n<p>Ne savc\u0131 beye, ne ba\u015fkas\u0131na bir \u015fey diyecek de\u011filim. Olay\u0131n taraflar\u0131 bellidir. Vicdan varsa, ahlak varsa bu i\u015fin taraflar\u0131 bellidir. Bug\u00fcn H\u00fcseyin\u2019e yap\u0131lan \u00d6zg\u00fcr \u00d6zel\u2019in evlad\u0131na yap\u0131lan bir \u015feydir. Benim i\u00e7in halen daha bu devlette infaz koruma memuru olarak \u00e7al\u0131\u015fan ve bu i\u015f ba\u015flamadan \u00f6nce g\u00f6rev yeri de\u011fi\u015ftirilen, \u015fu anda evde g\u00f6z\u00fc ya\u015fl\u0131 oturan Perihan Annemin akan g\u00f6zya\u015flar\u0131na asla ve asla tahamm\u00fcl edemiyorum.<br \/>Derdi olan gelsin benimle u\u011fra\u015fs\u0131n.<\/p>\n\n\n\n<p>Perihan Anneyi b\u0131rak\u0131n. Bunun i\u00e7in buradan art\u0131k yeter. 1,5 y\u0131ld\u0131r yap\u0131lan i\u015fin ne oldu\u011funu biliyoruz. \u015eimdi \u2018Ankara\u2019ya s\u0131ra geldi\u2019 deyip, Ankara\u2019ya korku yaymaya \u00e7al\u0131\u015fmak, Ankara\u2019n\u0131n ba\u015fkanlar\u0131na ve meclis \u00fcyelerine korku yaymaya \u00e7al\u0131\u015fmak ki bu T\u00fcrkiye\u2019nin en iyi yerlere gelmesi i\u00e7in, en b\u00fcy\u00fck umudumdur, Mansur Yava\u015f\u2019a leke \u00e7almaya \u00e7al\u0131\u015fmak kimsenin hakk\u0131 de\u011fildir.<\/p>\n\n\n\n<p>Bu millet buna izin vermeyecek. A\u00e7\u0131k ve net s\u00f6yl\u00fcyorum.<\/p>\n\n\n\n<p>Su\u00e7suz, g\u00fcnahs\u0131z insanlar\u0131n kul hakk\u0131na girmeyin. Herkesin ailesi var, e\u015fi-\u00e7ocu\u011fu var. Benimle u\u011fra\u015faca\u011f\u0131m diye CHP\u2019nin iktidar y\u00fcr\u00fcy\u00fc\u015f\u00fcn\u00fc durduraca\u011f\u0131z diye, \u00d6zg\u00fcr \u00d6zel\u2019in arkada\u015flar\u0131n\u0131n akl\u0131m\u0131zca \u00f6n\u00fcn\u00fc, sesini kesece\u011fiz, onlar\u0131 susturaca\u011f\u0131z, sindirece\u011fiz diye su\u00e7suzlara, g\u00fcnahs\u0131zlara y\u00fcr\u00fcmeyin.<br \/>Bu y\u00fcr\u00fcd\u00fc\u011f\u00fcn\u00fcz yol, yol de\u011fildir. Bu yol sizi bu d\u00fcnyada da \u00f6b\u00fcr d\u00fcnyada da do\u011fru bir yere g\u00f6t\u00fcrmez. Kul hakk\u0131 yiyenlere sesleniyorum. \u2018Haberim yoktu\u2019 diyorsan Erdo\u011fan, \u00f6n\u00fcnde koca bir gece var. A\u00e7t\u0131racaks\u0131n, bakt\u0131rcaks\u0131n, bu yarg\u0131 \u00e7etesinin ne yapt\u0131\u011f\u0131n\u0131 anlayacaks\u0131n. Yoksa bunun b\u00fct\u00fcn sorumlulu\u011funu yar\u0131n sabah sen alacaks\u0131n.\u201d<\/p>\n\n\n\n<figure class=\"wp-block-embed is-type-rich is-provider-x wp-block-embed-x\"><div class=\"wp-block-embed__wrapper\">\n<blockquote class=\"twitter-tweet\" data-width=\"550\" data-dnt=\"true\"><p lang=\"tr\" dir=\"ltr\">Ku\u011fulu Park\u2019tan \u00c7ankaya Belediyemize milletin iradesi i\u00e7in y\u00fcr\u00fcyoruz.<br><br>Halk\u0131n co\u015fkun akan selinin kar\u015f\u0131s\u0131nda hi\u00e7bir g\u00fc\u00e7 duramaz! <a href=\"https:\/\/t.co\/pCGMe5kvvu\">pic.twitter.com\/pCGMe5kvvu<\/a><\/p>&mdash; \u00d6zg\u00fcr \u00d6zel (@eczozgurozel) <a href=\"https:\/\/x.com\/eczozgurozel\/status\/2076711580826304992?ref_src=twsrc%5Etfw\">July 13, 2026<\/a><\/blockquote><script async src=\"https:\/\/platform.x.com\/widgets.js\" charset=\"utf-8\"><\/script>\n<\/div><\/figure>\n\n\n\n<h4 class=\"wp-block-heading\">&#8220;Yarg\u0131 kullan\u0131larak, polis kullan\u0131larak, devlet g\u00fcc\u00fcyle iftira atarak bu i\u015fler olamaz&#8221;<\/h4>\n\n\n\n<p>Buradan sonra Ankara\u2019da yarg\u0131da \u2018Efendim eskisi gibi de\u011fil, \u0130stanbul gibi olacak\u2019 diyenlere \u015funu s\u00f6yl\u00fcyorum. \u0130stanbul gibisi \u00f6v\u00fcn\u00fclecek bir \u015fey de\u011fil. Tel tel d\u00f6k\u00fcld\u00fc. B\u00fct\u00fcn gizli tan\u0131klar \u00e7ekildi. \u0130ftirac\u0131lar helallik istedi. 1,5 y\u0131l at\u0131lan yalanlar ya iddianameye giremedi, ya da girene kan\u0131t konulamad\u0131. Bunlara cevap vermek isteyenlerin savunma haklar\u0131 k\u0131s\u0131tland\u0131. Darbe d\u00f6neminde susturulmayan san\u0131k avukatlar\u0131 yar\u0131da kesildi.<\/p>\n\n\n\n<p>Kendisini ifade etmek i\u00e7in \u00fc\u00e7-d\u00f6rt g\u00fcne ihtiyac\u0131 olan Ekrem Ba\u015fkana avukatlar\u0131yla bir yar\u0131m g\u00fcn s\u00fcre verildi, savunma hakk\u0131 engellendi. Bu kadar yanl\u0131\u015f i\u015fin yap\u0131ld\u0131\u011f\u0131 bir yer \u00f6rnek olamaz. Gidilen bu yol, yol olamaz.<\/p>\n\n\n\n<p>Millet bu kadar haks\u0131zl\u0131\u011fa tahamm\u00fcl edemez. Bir kez daha s\u00f6yl\u00fcyorum, siyasi hesapla\u015fman\u0131n taraf\u0131 aileler, evlatlar olamaz. Olunacaksa mert\u00e7e rakip olunur, m\u00fccadele edilir.<\/p>\n\n\n\n<p>Yarg\u0131 kullan\u0131larak, polis kullan\u0131larak, devlet g\u00fcc\u00fcyle iftira atarak bu i\u015fler olamaz. Bundan sonras\u0131 i\u00e7in tek g\u00fcvencem bu milletin vicdan\u0131d\u0131r, bu milletin insaf\u0131d\u0131r. Televizyonu ba\u015f\u0131nda bu haks\u0131zl\u0131klar\u0131 g\u00f6ren, \u00fcz\u00fclen, \u2018Ben ne yapabilirim?\u2019 diyen varsa, ona sizi g\u00f6steriyorum. Bunu yapabilirsiniz, bunu. Olman\u0131z gereken, \u00e7a\u011fr\u0131ld\u0131\u011f\u0131n\u0131z yere gelin. \u0130radenize sahip \u00e7\u0131k\u0131n. Se\u00e7tiklerinize sahip \u00e7\u0131k\u0131n.<\/p>\n\n\n\n<p>Bundan sonra haks\u0131zl\u0131klar b\u00fcy\u00fcyebilir. Haks\u0131zl\u0131klar b\u00fcy\u00fcrse meydanlar\u0131 b\u00fcy\u00fctmeye var m\u0131y\u0131z? Haks\u0131zl\u0131k,<br \/>hukuksuzluk b\u00fcy\u00fcrse sokaklarda, meydanlarda, olmam\u0131z gereken her noktada \u00e7o\u011falmaya var m\u0131y\u0131z? B\u00fct\u00fcn T\u00fcrkiye\u2019de adalet talebi sel olup ak\u0131yor. Halk\u0131n co\u015fkun akan selini kimse durduramaz. Bu selin i\u00e7inde yerimizi alacak m\u0131y\u0131z? B\u00fct\u00fcn haks\u0131zl\u0131klara kar\u015f\u0131 hakl\u0131n\u0131n, ma\u011fdurun, mazlumun arkas\u0131nda duracak m\u0131y\u0131z?<\/p>\n\n\n\n<h4 class=\"wp-block-heading\">&#8220;Yast\u0131\u011fa ba\u015f\u0131n\u0131 koyup bu haks\u0131zl\u0131\u011fa ra\u011fmen uyuyabilecek misin&#8221;<\/h4>\n\n\n\n<p>Buradan, Ankara\u2019dan t\u00fcm T\u00fcrkiye\u2019ye sesleniyorum. Sadece T\u00fcrkiye\u2019nin sosyal demokratlar\u0131na de\u011fil demokrat olan, haks\u0131zl\u0131\u011fa kar\u015f\u0131 olan t\u00fcm demokratlara, ge\u00e7mi\u015fte AK Parti\u2019ye oy vermi\u015f, kul hakk\u0131ndan korkanlara Tayyip Erdo\u011fan\u2019\u0131n yapt\u0131klar\u0131n\u0131 \u015fikayet ediyorum. Milliyet\u00e7i Hareket Partisi\u2019ne oy vermi\u015f, bu \u00fclkeyi y\u00fcrekten seven insanlara yap\u0131lan bu haks\u0131zl\u0131\u011f\u0131 \u015fikayet ediyorum.<\/p>\n\n\n\n<p>T\u00fcrk\u2019\u00fcyle K\u00fcrt\u2019\u00fcyle, Alevisi ile S\u00fcnnisi ile bu millet bir ve b\u00fct\u00fcnd\u00fcr. Vicdanl\u0131d\u0131r, insafl\u0131d\u0131r. Bu milletin vicdan\u0131na sesleniyorum. Kurtulu\u015f yok tek ba\u015f\u0131na, ya hep beraber ya hi\u00e7birimiz. S\u0131ra bizim evlad\u0131m\u0131za gelmeden vatan evlatlar\u0131na sahip \u00e7\u0131kal\u0131m. \u00c7\u0131kal\u0131m ki art\u0131k bu haks\u0131zl\u0131klar, bu hukuksuzluklar bir yerde dursun.<\/p>\n\n\n\n<p>Buraya geldi\u011finiz i\u00e7in, bug\u00fcn H\u00fcseyin Can\u0131m\u0131za sahip \u00e7\u0131kt\u0131\u011f\u0131n\u0131z i\u00e7in, demokrasiden taraf oldu\u011funuz i\u00e7in, cesaretle burada bulundu\u011funuz i\u00e7in her birinizi aln\u0131ndan \u00f6p\u00fcyorum. Tayyip Bey, Say\u0131n Erdo\u011fan ben bu ak\u015fam yast\u0131\u011fa bas\u0131m\u0131 koydu\u011fumda ne yapt\u0131\u011f\u0131m\u0131 bilerek, se\u00e7ti\u011fime g\u00fcvenerek, evlad\u0131ma inanarak uyuyaca\u011f\u0131m. Sen bu ak\u015fam ba\u015f\u0131n\u0131 yast\u0131\u011fa koydu\u011funda ve senin ad\u0131na yar\u0131n karar verecekler.<\/p>\n\n\n\n<p>Yast\u0131\u011fa ba\u015f\u0131n\u0131 koydu\u011funda, bu dosyadan bir gencin \u00f6zg\u00fcrl\u00fc\u011f\u00fcn\u00fcn k\u0131s\u0131tlanmas\u0131n\u0131 bir iktidar yar\u0131\u015f\u0131na kurban edeceklerse, onlar bu ak\u015fam rahat uyuyacaklar m\u0131? Say\u0131n Erdo\u011fan sana soruyorum. Yast\u0131\u011fa ba\u015f\u0131n\u0131 koyup bu haks\u0131zl\u0131\u011fa ra\u011fmen uyuyabilecek misin?<\/p>\n\n\n\n<p>Senin torunun neyse H\u00fcseyin Can benim evlad\u0131md\u0131r. Sana yapmayaca\u011f\u0131m\u0131z\u0131 bize yapma. Bundan sonra da bir daha masumlar\u0131n can\u0131n\u0131 yakma. Son s\u00f6z\u00fcm budur.<\/p>\n\n\n\n<p>Hepinize te\u015fekk\u00fcr ediyorum. Adalet i\u00e7in, demokrasi i\u00e7in, m\u00fccadele i\u00e7in her zaman sizi bu kararl\u0131l\u0131kla yan\u0131m\u0131zda g\u00f6rmek, omuz omuza ve kol kola olmak, birlikte g\u00fczel yar\u0131nlara y\u00fcr\u00fcmek istiyoruz. \u0130yi ki vars\u0131n\u0131z. Hepinizi \u00e7ok seviyorum. Sa\u011f olun, var olun.\u201d<\/p>\n","protected":false},"excerpt":{"rendered":"<p>\u00d6zg\u00fcr \u00d6zel, g\u00f6zalt\u0131na al\u0131nan \u00c7ankaya Belediye Ba\u015fkan\u0131 H\u00fcseyin Can G\u00fcner&#8217;e destek amac\u0131yla yurtta\u015flarla birlikte belediye binas\u0131na y\u00fcr\u00fcd\u00fc. \u00d6zel, \u00c7ankaya Belediye Ba\u015fkan\u0131 H\u00fcseyin Can G\u00fcner&#8217;in g\u00f6zalt\u0131na al\u0131nmas\u0131n\u0131n ard\u0131ndan, G\u00fcner&#8217;e destek amac\u0131yla Ku\u011fulu Park&#8217;tan belediye binas\u0131na y\u00fcr\u00fcd\u00fc. Y\u00fcr\u00fcy\u00fc\u015fe se\u00e7ilmi\u015f CHP Genel Ba\u015fkan\u0131 \u00d6zg\u00fcr \u00d6zel&#8217;in yan\u0131 s\u0131ra milletvekilleri Veli A\u011fbaba, Mahmut Tanal, Sezgin Tanr\u0131kulu, Asu Kaya, Ali Mahir [&hellip;]<\/p>\n","protected":false},"author":12791,"featured_media":168641,"comment_status":"open","ping_status":"open","sticky":false,"template":"","format":"standard","meta":{"_yoast_wpseo_focuskw":"\u00f6zg\u00fcr - H\u00fcseyin Can","_yoast_wpseo_title":"","_yoast_wpseo_metadesc":"\u00d6zg\u00fcr \u00d6zel, g\u00f6zalt\u0131na al\u0131nan \u00c7ankaya Belediye Ba\u015fkan\u0131 H\u00fcseyin Can G\u00fcner'e destek amac\u0131yla yurtta\u015flarla birlikte belediye binas\u0131na y\u00fcr\u00fcd\u00fc.","_bbp_topic_count":0,"_bbp_reply_count":0,"_bbp_total_topic_count":0,"_bbp_total_reply_count":0,"_bbp_voice_count":0,"_bbp_anonymous_reply_count":0,"_bbp_topic_count_hidden":0,"_bbp_reply_count_hidden":0,"_bbp_forum_subforum_count":0,"footnotes":"","_yoast_wpseo_focuskw_text_input":""},"categories":[1,8138,8226,37],"tags":[11695,1326,11716,8492],"yoast_head":"<!-- This site is optimized with the Yoast SEO plugin v23.0 - https:\/\/yoast.com\/wordpress\/plugins\/seo\/ -->\n<title>\u00d6zg\u00fcr \u00d6zel&#039;den H\u00fcseyin Can G\u00fcner&#039;e Destek Y\u00fcr\u00fcy\u00fc\u015f\u00fc - The Epoch Times TR<\/title>\n<meta name=\"description\" content=\"\u00d6zg\u00fcr \u00d6zel, g\u00f6zalt\u0131na al\u0131nan \u00c7ankaya Belediye Ba\u015fkan\u0131 H\u00fcseyin Can G\u00fcner&#039;e destek amac\u0131yla yurtta\u015flarla birlikte belediye binas\u0131na y\u00fcr\u00fcd\u00fc.\" \/>\n<meta name=\"robots\" content=\"index, follow, max-snippet:-1, max-image-preview:large, max-video-preview:-1\" \/>\n<link rel=\"canonical\" href=\"https:\/\/epochtimestr.com\/index.php\/ozgur-ozelden-huseyin-can-gunere-destek-yuruyusu\" \/>\n<meta property=\"og:locale\" content=\"tr_TR\" \/>\n<meta property=\"og:type\" content=\"article\" \/>\n<meta property=\"og:title\" content=\"\u00d6zg\u00fcr \u00d6zel&#039;den H\u00fcseyin Can G\u00fcner&#039;e Destek Y\u00fcr\u00fcy\u00fc\u015f\u00fc - The Epoch Times TR\" \/>\n<meta property=\"og:description\" content=\"\u00d6zg\u00fcr \u00d6zel, g\u00f6zalt\u0131na al\u0131nan \u00c7ankaya Belediye Ba\u015fkan\u0131 H\u00fcseyin Can G\u00fcner&#039;e destek amac\u0131yla yurtta\u015flarla birlikte belediye binas\u0131na y\u00fcr\u00fcd\u00fc.\" \/>\n<meta property=\"og:url\" content=\"https:\/\/epochtimestr.com\/index.php\/ozgur-ozelden-huseyin-can-gunere-destek-yuruyusu\" \/>\n<meta property=\"og:site_name\" content=\"The Epoch Times TR\" \/>\n<meta property=\"article:publisher\" content=\"https:\/\/www.facebook.com\/theepochtimestr\" \/>\n<meta property=\"article:published_time\" content=\"2026-07-14T08:39:50+00:00\" \/>\n<meta property=\"article:modified_time\" content=\"2026-07-14T08:39:52+00:00\" \/>\n<meta property=\"og:image\" content=\"https:\/\/epochtimestr.com\/wp-content\/uploads\/2011y\/ozgur-ozel-38.jpg\" \/>\n\t<meta property=\"og:image:width\" content=\"1280\" \/>\n\t<meta property=\"og:image:height\" content=\"720\" \/>\n\t<meta property=\"og:image:type\" content=\"image\/jpeg\" \/>\n<meta name=\"author\" content=\"Haber Merkezi\" \/>\n<meta name=\"twitter:card\" content=\"summary_large_image\" \/>\n<meta name=\"twitter:creator\" content=\"@TheEpochTimesTR\" \/>\n<meta name=\"twitter:site\" content=\"@TheEpochTimesTR\" \/>\n<meta name=\"twitter:label1\" content=\"Yazan:\" \/>\n\t<meta name=\"twitter:data1\" content=\"Haber Merkezi\" \/>\n\t<meta name=\"twitter:label2\" content=\"Tahmini okuma s\u00fcresi\" \/>\n\t<meta name=\"twitter:data2\" content=\"13 dakika\" \/>\n<script type=\"application\/ld+json\" class=\"yoast-schema-graph\">{\"@context\":\"https:\/\/schema.org\",\"@graph\":[{\"@type\":\"Article\",\"@id\":\"https:\/\/epochtimestr.com\/index.php\/ozgur-ozelden-huseyin-can-gunere-destek-yuruyusu#article\",\"isPartOf\":{\"@id\":\"https:\/\/epochtimestr.com\/index.php\/ozgur-ozelden-huseyin-can-gunere-destek-yuruyusu\"},\"author\":{\"name\":\"Haber Merkezi\",\"@id\":\"https:\/\/epochtimestr.com\/#\/schema\/person\/3dc5c3adeb9f43923c5aa85889172fdd\"},\"headline\":\"\u00d6zg\u00fcr \u00d6zel&#8217;den H\u00fcseyin Can G\u00fcner&#8217;e Destek Y\u00fcr\u00fcy\u00fc\u015f\u00fc\",\"datePublished\":\"2026-07-14T08:39:50+00:00\",\"dateModified\":\"2026-07-14T08:39:52+00:00\",\"mainEntityOfPage\":{\"@id\":\"https:\/\/epochtimestr.com\/index.php\/ozgur-ozelden-huseyin-can-gunere-destek-yuruyusu\"},\"wordCount\":2930,\"commentCount\":0,\"publisher\":{\"@id\":\"https:\/\/epochtimestr.com\/#organization\"},\"image\":{\"@id\":\"https:\/\/epochtimestr.com\/index.php\/ozgur-ozelden-huseyin-can-gunere-destek-yuruyusu#primaryimage\"},\"thumbnailUrl\":\"https:\/\/epochtimestr.com\/wp-content\/uploads\/2011y\/ozgur-ozel-38.jpg\",\"keywords\":[\"\u00c7ankaya Belediyesi\",\"g\u00f6zalt\u0131\",\"H\u00fcseyin Can G\u00fcner\",\"\u00d6zg\u00fcr \u00d6zel\"],\"articleSection\":[\"G\u00dcNDEM\",\"MAN\u015eET\",\"Siyaset\",\"T\u00dcRK\u0130YE\"],\"inLanguage\":\"tr\",\"potentialAction\":[{\"@type\":\"CommentAction\",\"name\":\"Comment\",\"target\":[\"https:\/\/epochtimestr.com\/index.php\/ozgur-ozelden-huseyin-can-gunere-destek-yuruyusu#respond\"]}]},{\"@type\":\"WebPage\",\"@id\":\"https:\/\/epochtimestr.com\/index.php\/ozgur-ozelden-huseyin-can-gunere-destek-yuruyusu\",\"url\":\"https:\/\/epochtimestr.com\/index.php\/ozgur-ozelden-huseyin-can-gunere-destek-yuruyusu\",\"name\":\"\u00d6zg\u00fcr \u00d6zel'den H\u00fcseyin Can G\u00fcner'e Destek Y\u00fcr\u00fcy\u00fc\u015f\u00fc - The Epoch Times TR\",\"isPartOf\":{\"@id\":\"https:\/\/epochtimestr.com\/#website\"},\"primaryImageOfPage\":{\"@id\":\"https:\/\/epochtimestr.com\/index.php\/ozgur-ozelden-huseyin-can-gunere-destek-yuruyusu#primaryimage\"},\"image\":{\"@id\":\"https:\/\/epochtimestr.com\/index.php\/ozgur-ozelden-huseyin-can-gunere-destek-yuruyusu#primaryimage\"},\"thumbnailUrl\":\"https:\/\/epochtimestr.com\/wp-content\/uploads\/2011y\/ozgur-ozel-38.jpg\",\"datePublished\":\"2026-07-14T08:39:50+00:00\",\"dateModified\":\"2026-07-14T08:39:52+00:00\",\"description\":\"\u00d6zg\u00fcr \u00d6zel, g\u00f6zalt\u0131na al\u0131nan \u00c7ankaya Belediye Ba\u015fkan\u0131 H\u00fcseyin Can G\u00fcner'e destek amac\u0131yla yurtta\u015flarla birlikte belediye binas\u0131na y\u00fcr\u00fcd\u00fc.\",\"inLanguage\":\"tr\",\"potentialAction\":[{\"@type\":\"ReadAction\",\"target\":[\"https:\/\/epochtimestr.com\/index.php\/ozgur-ozelden-huseyin-can-gunere-destek-yuruyusu\"]}]},{\"@type\":\"ImageObject\",\"inLanguage\":\"tr\",\"@id\":\"https:\/\/epochtimestr.com\/index.php\/ozgur-ozelden-huseyin-can-gunere-destek-yuruyusu#primaryimage\",\"url\":\"https:\/\/epochtimestr.com\/wp-content\/uploads\/2011y\/ozgur-ozel-38.jpg\",\"contentUrl\":\"https:\/\/epochtimestr.com\/wp-content\/uploads\/2011y\/ozgur-ozel-38.jpg\",\"width\":1280,\"height\":720},{\"@type\":\"WebSite\",\"@id\":\"https:\/\/epochtimestr.com\/#website\",\"url\":\"https:\/\/epochtimestr.com\/\",\"name\":\"The Epoch Times TR\",\"description\":\"De\u011fi\u015fen D\u00fcnyam\u0131za Taze Bir Bak\u0131\u015f\",\"publisher\":{\"@id\":\"https:\/\/epochtimestr.com\/#organization\"},\"potentialAction\":[{\"@type\":\"SearchAction\",\"target\":{\"@type\":\"EntryPoint\",\"urlTemplate\":\"https:\/\/epochtimestr.com\/?s={search_term_string}\"},\"query-input\":\"required name=search_term_string\"}],\"inLanguage\":\"tr\"},{\"@type\":\"Organization\",\"@id\":\"https:\/\/epochtimestr.com\/#organization\",\"name\":\"The EpochTimes T\u00fcrkiye\",\"url\":\"https:\/\/epochtimestr.com\/\",\"logo\":{\"@type\":\"ImageObject\",\"inLanguage\":\"tr\",\"@id\":\"https:\/\/epochtimestr.com\/#\/schema\/logo\/image\/\",\"url\":\"https:\/\/epochtimestr.com\/wp-content\/uploads\/2011y\/ET-Logo-YG.jpg\",\"contentUrl\":\"https:\/\/epochtimestr.com\/wp-content\/uploads\/2011y\/ET-Logo-YG.jpg\",\"width\":346,\"height\":29,\"caption\":\"The EpochTimes T\u00fcrkiye\"},\"image\":{\"@id\":\"https:\/\/epochtimestr.com\/#\/schema\/logo\/image\/\"},\"sameAs\":[\"https:\/\/www.facebook.com\/theepochtimestr\",\"https:\/\/x.com\/TheEpochTimesTR\",\"https:\/\/www.instagram.com\/epochtimestr\"]},{\"@type\":\"Person\",\"@id\":\"https:\/\/epochtimestr.com\/#\/schema\/person\/3dc5c3adeb9f43923c5aa85889172fdd\",\"name\":\"Haber Merkezi\",\"image\":{\"@type\":\"ImageObject\",\"inLanguage\":\"tr\",\"@id\":\"https:\/\/epochtimestr.com\/#\/schema\/person\/image\/\",\"url\":\"https:\/\/secure.gravatar.com\/avatar\/d73f772ba5a74f28601361e17c2f93e6?s=96&d=mm&r=g\",\"contentUrl\":\"https:\/\/secure.gravatar.com\/avatar\/d73f772ba5a74f28601361e17c2f93e6?s=96&d=mm&r=g\",\"caption\":\"Haber Merkezi\"},\"url\":\"https:\/\/epochtimestr.com\/index.php\/author\/sendag\"}]}<\/script>\n<!-- \/ Yoast SEO plugin. -->","yoast_head_json":{"title":"\u00d6zg\u00fcr \u00d6zel'den H\u00fcseyin Can G\u00fcner'e Destek Y\u00fcr\u00fcy\u00fc\u015f\u00fc - The Epoch Times TR","description":"\u00d6zg\u00fcr \u00d6zel, g\u00f6zalt\u0131na al\u0131nan \u00c7ankaya Belediye Ba\u015fkan\u0131 H\u00fcseyin Can G\u00fcner'e destek amac\u0131yla yurtta\u015flarla birlikte belediye binas\u0131na y\u00fcr\u00fcd\u00fc.","robots":{"index":"index","follow":"follow","max-snippet":"max-snippet:-1","max-image-preview":"max-image-preview:large","max-video-preview":"max-video-preview:-1"},"canonical":"https:\/\/epochtimestr.com\/index.php\/ozgur-ozelden-huseyin-can-gunere-destek-yuruyusu","og_locale":"tr_TR","og_type":"article","og_title":"\u00d6zg\u00fcr \u00d6zel'den H\u00fcseyin Can G\u00fcner'e Destek Y\u00fcr\u00fcy\u00fc\u015f\u00fc - The Epoch Times TR","og_description":"\u00d6zg\u00fcr \u00d6zel, g\u00f6zalt\u0131na al\u0131nan \u00c7ankaya Belediye Ba\u015fkan\u0131 H\u00fcseyin Can G\u00fcner'e destek amac\u0131yla yurtta\u015flarla birlikte belediye binas\u0131na y\u00fcr\u00fcd\u00fc.","og_url":"https:\/\/epochtimestr.com\/index.php\/ozgur-ozelden-huseyin-can-gunere-destek-yuruyusu","og_site_name":"The Epoch Times TR","article_publisher":"https:\/\/www.facebook.com\/theepochtimestr","article_published_time":"2026-07-14T08:39:50+00:00","article_modified_time":"2026-07-14T08:39:52+00:00","og_image":[{"width":1280,"height":720,"url":"https:\/\/epochtimestr.com\/wp-content\/uploads\/2011y\/ozgur-ozel-38.jpg","type":"image\/jpeg"}],"author":"Haber Merkezi","twitter_card":"summary_large_image","twitter_creator":"@TheEpochTimesTR","twitter_site":"@TheEpochTimesTR","twitter_misc":{"Yazan:":"Haber Merkezi","Tahmini okuma s\u00fcresi":"13 dakika"},"schema":{"@context":"https:\/\/schema.org","@graph":[{"@type":"Article","@id":"https:\/\/epochtimestr.com\/index.php\/ozgur-ozelden-huseyin-can-gunere-destek-yuruyusu#article","isPartOf":{"@id":"https:\/\/epochtimestr.com\/index.php\/ozgur-ozelden-huseyin-can-gunere-destek-yuruyusu"},"author":{"name":"Haber Merkezi","@id":"https:\/\/epochtimestr.com\/#\/schema\/person\/3dc5c3adeb9f43923c5aa85889172fdd"},"headline":"\u00d6zg\u00fcr \u00d6zel&#8217;den H\u00fcseyin Can G\u00fcner&#8217;e Destek Y\u00fcr\u00fcy\u00fc\u015f\u00fc","datePublished":"2026-07-14T08:39:50+00:00","dateModified":"2026-07-14T08:39:52+00:00","mainEntityOfPage":{"@id":"https:\/\/epochtimestr.com\/index.php\/ozgur-ozelden-huseyin-can-gunere-destek-yuruyusu"},"wordCount":2930,"commentCount":0,"publisher":{"@id":"https:\/\/epochtimestr.com\/#organization"},"image":{"@id":"https:\/\/epochtimestr.com\/index.php\/ozgur-ozelden-huseyin-can-gunere-destek-yuruyusu#primaryimage"},"thumbnailUrl":"https:\/\/epochtimestr.com\/wp-content\/uploads\/2011y\/ozgur-ozel-38.jpg","keywords":["\u00c7ankaya Belediyesi","g\u00f6zalt\u0131","H\u00fcseyin Can G\u00fcner","\u00d6zg\u00fcr \u00d6zel"],"articleSection":["G\u00dcNDEM","MAN\u015eET","Siyaset","T\u00dcRK\u0130YE"],"inLanguage":"tr","potentialAction":[{"@type":"CommentAction","name":"Comment","target":["https:\/\/epochtimestr.com\/index.php\/ozgur-ozelden-huseyin-can-gunere-destek-yuruyusu#respond"]}]},{"@type":"WebPage","@id":"https:\/\/epochtimestr.com\/index.php\/ozgur-ozelden-huseyin-can-gunere-destek-yuruyusu","url":"https:\/\/epochtimestr.com\/index.php\/ozgur-ozelden-huseyin-can-gunere-destek-yuruyusu","name":"\u00d6zg\u00fcr \u00d6zel'den H\u00fcseyin Can G\u00fcner'e Destek Y\u00fcr\u00fcy\u00fc\u015f\u00fc - The Epoch Times TR","isPartOf":{"@id":"https:\/\/epochtimestr.com\/#website"},"primaryImageOfPage":{"@id":"https:\/\/epochtimestr.com\/index.php\/ozgur-ozelden-huseyin-can-gunere-destek-yuruyusu#primaryimage"},"image":{"@id":"https:\/\/epochtimestr.com\/index.php\/ozgur-ozelden-huseyin-can-gunere-destek-yuruyusu#primaryimage"},"thumbnailUrl":"https:\/\/epochtimestr.com\/wp-content\/uploads\/2011y\/ozgur-ozel-38.jpg","datePublished":"2026-07-14T08:39:50+00:00","dateModified":"2026-07-14T08:39:52+00:00","description":"\u00d6zg\u00fcr \u00d6zel, g\u00f6zalt\u0131na al\u0131nan \u00c7ankaya Belediye Ba\u015fkan\u0131 H\u00fcseyin Can G\u00fcner'e destek amac\u0131yla yurtta\u015flarla birlikte belediye binas\u0131na y\u00fcr\u00fcd\u00fc.","inLanguage":"tr","potentialAction":[{"@type":"ReadAction","target":["https:\/\/epochtimestr.com\/index.php\/ozgur-ozelden-huseyin-can-gunere-destek-yuruyusu"]}]},{"@type":"ImageObject","inLanguage":"tr","@id":"https:\/\/epochtimestr.com\/index.php\/ozgur-ozelden-huseyin-can-gunere-destek-yuruyusu#primaryimage","url":"https:\/\/epochtimestr.com\/wp-content\/uploads\/2011y\/ozgur-ozel-38.jpg","contentUrl":"https:\/\/epochtimestr.com\/wp-content\/uploads\/2011y\/ozgur-ozel-38.jpg","width":1280,"height":720},{"@type":"WebSite","@id":"https:\/\/epochtimestr.com\/#website","url":"https:\/\/epochtimestr.com\/","name":"The Epoch Times TR","description":"De\u011fi\u015fen D\u00fcnyam\u0131za Taze Bir Bak\u0131\u015f","publisher":{"@id":"https:\/\/epochtimestr.com\/#organization"},"potentialAction":[{"@type":"SearchAction","target":{"@type":"EntryPoint","urlTemplate":"https:\/\/epochtimestr.com\/?s={search_term_string}"},"query-input":"required name=search_term_string"}],"inLanguage":"tr"},{"@type":"Organization","@id":"https:\/\/epochtimestr.com\/#organization","name":"The EpochTimes T\u00fcrkiye","url":"https:\/\/epochtimestr.com\/","logo":{"@type":"ImageObject","inLanguage":"tr","@id":"https:\/\/epochtimestr.com\/#\/schema\/logo\/image\/","url":"https:\/\/epochtimestr.com\/wp-content\/uploads\/2011y\/ET-Logo-YG.jpg","contentUrl":"https:\/\/epochtimestr.com\/wp-content\/uploads\/2011y\/ET-Logo-YG.jpg","width":346,"height":29,"caption":"The EpochTimes T\u00fcrkiye"},"image":{"@id":"https:\/\/epochtimestr.com\/#\/schema\/logo\/image\/"},"sameAs":["https:\/\/www.facebook.com\/theepochtimestr","https:\/\/x.com\/TheEpochTimesTR","https:\/\/www.instagram.com\/epochtimestr"]},{"@type":"Person","@id":"https:\/\/epochtimestr.com\/#\/schema\/person\/3dc5c3adeb9f43923c5aa85889172fdd","name":"Haber Merkezi","image":{"@type":"ImageObject","inLanguage":"tr","@id":"https:\/\/epochtimestr.com\/#\/schema\/person\/image\/","url":"https:\/\/secure.gravatar.com\/avatar\/d73f772ba5a74f28601361e17c2f93e6?s=96&d=mm&r=g","contentUrl":"https:\/\/secure.gravatar.com\/avatar\/d73f772ba5a74f28601361e17c2f93e6?s=96&d=mm&r=g","caption":"Haber Merkezi"},"url":"https:\/\/epochtimestr.com\/index.php\/author\/sendag"}]}},"_links":{"self":[{"href":"https:\/\/epochtimestr.com\/index.php\/wp-json\/wp\/v2\/posts\/168638"}],"collection":[{"href":"https:\/\/epochtimestr.com\/index.php\/wp-json\/wp\/v2\/posts"}],"about":[{"href":"https:\/\/epochtimestr.com\/index.php\/wp-json\/wp\/v2\/types\/post"}],"author":[{"embeddable":true,"href":"https:\/\/epochtimestr.com\/index.php\/wp-json\/wp\/v2\/users\/12791"}],"replies":[{"embeddable":true,"href":"https:\/\/epochtimestr.com\/index.php\/wp-json\/wp\/v2\/comments?post=168638"}],"version-history":[{"count":2,"href":"https:\/\/epochtimestr.com\/index.php\/wp-json\/wp\/v2\/posts\/168638\/revisions"}],"predecessor-version":[{"id":168650,"href":"https:\/\/epochtimestr.com\/index.php\/wp-json\/wp\/v2\/posts\/168638\/revisions\/168650"}],"wp:featuredmedia":[{"embeddable":true,"href":"https:\/\/epochtimestr.com\/index.php\/wp-json\/wp\/v2\/media\/168641"}],"wp:attachment":[{"href":"https:\/\/epochtimestr.com\/index.php\/wp-json\/wp\/v2\/media?parent=168638"}],"wp:term":[{"taxonomy":"category","embeddable":true,"href":"https:\/\/epochtimestr.com\/index.php\/wp-json\/wp\/v2\/categories?post=168638"},{"taxonomy":"post_tag","embeddable":true,"href":"https:\/\/epochtimestr.com\/index.php\/wp-json\/wp\/v2\/tags?post=168638"}],"curies":[{"name":"wp","href":"https:\/\/api.w.org\/{rel}","templated":true}]}}