{"id":168664,"date":"2026-07-14T23:18:51","date_gmt":"2026-07-14T20:18:51","guid":{"rendered":"https:\/\/epochtimestr.com\/?p=168664"},"modified":"2026-07-14T23:24:15","modified_gmt":"2026-07-14T20:24:15","slug":"devlet-bahceli-mhp-grup-toplantisinda-konustu","status":"publish","type":"post","link":"https:\/\/epochtimestr.com\/index.php\/devlet-bahceli-mhp-grup-toplantisinda-konustu","title":{"rendered":"Devlet Bah\u00e7eli MHP Grup Toplant\u0131s\u0131nda Konu\u015ftu"},"content":{"rendered":"<div class=\"wp-block-image\">\n<figure class=\"aligncenter size-full\"><img loading=\"lazy\" decoding=\"async\" width=\"1200\" height=\"630\" src=\"https:\/\/epochtimestr.com\/wp-content\/uploads\/2011y\/MHP-sitesi.webp\" alt=\"MHP lideri Devlet Bah\u00e7eli, partisinin grup toplant\u0131s\u0131nda konu\u015ftu. (Foto\u011fraf: MHP web sitesi)\" class=\"wp-image-168665\" srcset=\"https:\/\/epochtimestr.com\/wp-content\/uploads\/2011y\/MHP-sitesi.webp 1200w, https:\/\/epochtimestr.com\/wp-content\/uploads\/2011y\/MHP-sitesi-300x158.webp 300w, https:\/\/epochtimestr.com\/wp-content\/uploads\/2011y\/MHP-sitesi-150x79.webp 150w, https:\/\/epochtimestr.com\/wp-content\/uploads\/2011y\/MHP-sitesi-768x403.webp 768w\" sizes=\"(max-width: 1200px) 100vw, 1200px\" \/><figcaption class=\"wp-element-caption\">MHP lideri Devlet Bah\u00e7eli, partisinin grup toplant\u0131s\u0131nda konu\u015ftu. (Foto\u011fraf: MHP web sitesi)<\/figcaption><\/figure><\/div>\n\n\n<h2 class=\"wp-block-heading\">MHP Genel Ba\u015fkan\u0131 Devlet Bah\u00e7eli, partisinin TBMM grup toplant\u0131s\u0131nda g\u00fcndeme ili\u015fkin a\u00e7\u0131klamalarda bulundu.<\/h2>\n\n\n\n<p>MHP Genel Ba\u015fkan\u0131 <a href=\"https:\/\/epochtimestr.com\/index.php\/milliyetci-hareket-partisi-genel-baskani-devlet-bahceliden-saldiri-aciklamasi\" target=\"_blank\" rel=\"noreferrer noopener\">Devlet Bah\u00e7eli<\/a>, partisinin <a href=\"https:\/\/epochtimestr.com\/index.php\/chp-genel-baskani-ozgur-ozel-partisinin-tbmm-grup-toplantisinda-emekliye-yok-dedikleri-paranin-17-katini-imamoglu-korkusuyla-yaktilar\" target=\"_blank\" rel=\"noreferrer noopener\">TBMM grup toplant\u0131s\u0131<\/a>nda g\u00fcndeme ili\u015fkin a\u00e7\u0131klamalarda bulundu. Bah\u00e7eli, FET\u00d6, NATO Zirvesi, ABD-\u0130ran gerilimi, T\u00fcrkiye-AB ili\u015fkileri ve 15 Temmuz\u2019un 10. y\u0131l d\u00f6n\u00fcm\u00fcne dair de\u011ferlendirmeler yapt\u0131.<\/p>\n\n\n\n<p><strong>Bah\u00e7eli&#8217;nin konu\u015fmas\u0131ndan \u00f6ne \u00e7\u0131kanlar \u015f\u00f6yle:<\/strong><\/p>\n\n\n\n<p>Ankara k\u00fcresel siyasetin pusulas\u0131n\u0131 \u00e7izdi. T\u00fcrkiye, yeni d\u00f6nemin stratejik tart\u0131\u015fmalar\u0131n\u0131n merkezi.<\/p>\n\n\n\n<p>T\u00fcrkiye, NATO&#8217;da tarihi birikimi, siyasi iradesi ve milli kudretiyle yeni d\u00f6nemin kurucu akt\u00f6rlerinden biri haline gelmi\u015ftir.<\/p>\n\n\n\n<p>Ankara&#8217;da toplanan NATO Zirvesi&#8217;ni alelade bir diplomasi faaliyeti gibi okumak eksik, s\u0131\u011f ve sakat bir de\u011ferlendirme olacakt\u0131r.<\/p>\n\n\n\n<p>Ankara&#8217;da 70 y\u0131l\u0131 a\u015fan ittifak hukukunun muhasebesi yap\u0131lm\u0131\u015f So\u011fuk Sava\u015f y\u0131llar\u0131n\u0131n hayalet cephe hatlar\u0131ndan bug\u00fcn\u00fcn \u00e7ok katmanl\u0131 g\u00fcvenlik bunal\u0131mlar\u0131na uzanan uzun yolun hesab\u0131 g\u00f6r\u00fclm\u00fc\u015ft\u00fcr.<\/p>\n\n\n\n<p>Ankara&#8217;dan, 5. maddenin m\u00fc\u015fterek savunma ruhundan Ukrayna&#8217;ya verilen asker\u00ee deste\u011fin gelece\u011fine, 50 milyar dolar\u0131 a\u015fan yeni tedarik hamlelerinden savunma sanayiinde ortak \u00fcretim aray\u0131\u015flar\u0131na, Avrupa&#8217;n\u0131n y\u0131llarca erteledi\u011fi cayd\u0131r\u0131c\u0131l\u0131k a\u00e7\u0131klar\u0131ndan m\u00fcttefikler aras\u0131ndaki ambargo ve k\u0131s\u0131tlama \u00e7eli\u015fkilerine, \u0130ran&#8217;\u0131n n\u00fckleer program\u0131ndan H\u00fcrm\u00fcz Bo\u011faz\u0131&#8217;ndaki seyr\u00fcsefer emniyetine, Suriye&#8217;de a\u00e7\u0131lmak istenen yeni sayfadan Do\u011fu Akdeniz ve Mavi Vatan hassasiyetlerine kadar geni\u015f bir g\u00fcvenlik ku\u015fa\u011f\u0131n\u0131n b\u00fct\u00fcn a\u00e7mazlar\u0131 ayn\u0131 anda ele al\u0131nm\u0131\u015ft\u0131r.<\/p>\n\n\n\n<h4 class=\"wp-block-heading\">&#8220;Savunma sanayiini birka\u00e7 \u00fclkenin imtiyazl\u0131 alan\u0131 gibi g\u00f6rmekten vazge\u00e7ecek midir?&#8221;<\/h4>\n\n\n\n<p>T\u00fcrkiye, makroda yaln\u0131zca stratejik konumuyla de\u011fil, tarih\u00ee birikimi, devlet tecr\u00fcbesi, siyasi iradesi ve mill\u00ee kudretiyle yeni d\u00f6nemin kurucu akt\u00f6rlerinden biri h\u00e2line gelmi\u015ftir. T\u00fcrkiye Cumhuriyeti&#8217;nin eri\u015fti\u011fi siyasi ve stratejik seviye, Ankara Zirvesi&#8217;nde bir kez daha tebar\u00fcz etmi\u015ftir. Bug\u00fcn NATO yeni bir devrin \u015fafa\u011f\u0131ndad\u0131r. Bu devir yaln\u0131zca savunma b\u00fct\u00e7elerinin sa\u011f\u0131na s\u0131f\u0131rlar\u0131n eklenip rakamlar\u0131n b\u00fcy\u00fct\u00fcld\u00fc\u011f\u00fc bir devir de\u011fildir. Bu devir, k\u00e2\u011f\u0131ttaki taahh\u00fcd\u00fcn fabrikada \u00fcretime, \u00fcretimin sahada kabiliyete, kabiliyetin cayd\u0131r\u0131c\u0131l\u0131\u011fa, cayd\u0131r\u0131c\u0131l\u0131\u011f\u0131n da bar\u0131\u015f\u0131n teminat\u0131na d\u00f6n\u00fc\u015fece\u011fi yeni bir merhaledir. B\u00f6ylesi bir \u00e7a\u011fda g\u00fcvenlik yaln\u0131zca b\u00fct\u00e7enin b\u00fcy\u00fckl\u00fc\u011f\u00fcyle de\u011fil, o b\u00fct\u00e7eyi kabiliyete \u00e7evirecek \u00fcretim s\u00fcreklili\u011fiyle \u00f6l\u00e7\u00fclecektir. <\/p>\n\n\n\n<p>Bug\u00fcn NATO&#8217;nun \u00f6n\u00fcndeki mevzu asl\u0131nda budur. \u0130ttifak bu yeni g\u00fcvenlik \u00e7a\u011f\u0131n\u0131n idrakine varm\u0131\u015f m\u0131d\u0131r? K\u00fclfet ve y\u00fck payla\u015f\u0131m\u0131n\u0131 ger\u00e7ek bir adalet zeminine oturtacak m\u0131d\u0131r? Savunma sanayiini birka\u00e7 \u00fclkenin imtiyazl\u0131 alan\u0131 gibi g\u00f6rmekten vazge\u00e7ecek midir? M\u00fcttefikler aras\u0131nda \u00f6rt\u00fcl\u00fc ambargo, lisans k\u0131s\u0131tlamas\u0131, siyasi blokaj ve tedarik engeli gibi ittifak hukukunu yaralayan \u00e7eli\u015fkileri ortadan kald\u0131rabilecek midir? Ankara Zirvesi i\u015fte bu sorular\u0131 NATO&#8217;nun \u00f6n\u00fcne koymu\u015ftur. NATO yeni bir devrin \u015fafa\u011f\u0131ndad\u0131r\u201d diyen Bah\u00e7eli, ittifak\u0131n savunma sanayini birka\u00e7 \u00fclkenin imtiyazl\u0131 alan\u0131 gibi g\u00f6rmekten vazge\u00e7mesi gerekti\u011fini vurgulad\u0131. <\/p>\n\n\n\n<p>Cumhurba\u015fkan\u0131 Recep Tayyip Erdo\u011fan&#8217;\u0131n savunma sanayi k\u0131s\u0131tlamalar\u0131n\u0131n sona erdirilmesine dair \u00e7a\u011fr\u0131s\u0131n\u0131n, Ankara Zirvesi&#8217;nin ba\u015fl\u0131ca ikazlar\u0131ndan biri oldu\u011funu belirtti. CAATSA yapt\u0131r\u0131mlar\u0131 ve F-35 s\u00fcrecine ili\u015fkin de de\u011ferlendirmelerde bulunan Bah\u00e7eli, \u201cT\u00fcrk devleti, kendi \u00f6z cevherine r\u00fccu ederek etraf\u0131ndaki muhasara \u00e7emberini parampar\u00e7a etmi\u015ftir.<\/p>\n\n\n\n<h4 class=\"wp-block-heading\">&#8220;FET\u00d6 tehdidinin tamamen ortadan kalkt\u0131\u011f\u0131n\u0131 d\u00fc\u015f\u00fcnmek ciddi bir yan\u0131lg\u0131d\u0131r.&#8221;<\/h4>\n\n\n\n<p>15 Temmuz, \u00c7anakkale&#8217;yi ge\u00e7emeyenlerin ba\u015fka yollar aramas\u0131d\u0131r. 15 Temmuz, Milli M\u00fccadele&#8217;de dize getiremediklerini i\u00e7eriden \u00e7\u00f6zme te\u015febb\u00fcs\u00fcd\u00fcr. 15 Temmuz, Sevr&#8217;i kabul ettiremeyenlerin farkl\u0131 y\u00f6ntemlerle ayn\u0131 hedefe ula\u015fma aray\u0131\u015f\u0131d\u0131r.<\/p>\n\n\n\n<p>FET\u00d6 tehdidinin tamamen ortadan kalkt\u0131\u011f\u0131n\u0131 d\u00fc\u015f\u00fcnmek ciddi bir yan\u0131lg\u0131d\u0131r. \u0130hanetin y\u00f6ntem de\u011fi\u015ftirmesi, ihanetin sona erdi\u011fi anlam\u0131na gelmez. Tehdidin g\u00f6r\u00fcnmez hale gelmesi, tehdidin yok oldu\u011fu anlam\u0131na gelmez. D\u00fcn himmet ad\u0131 alt\u0131nda \u00f6rg\u00fctlenenler vard\u0131. Bug\u00fcn ba\u015fka maskelerle ortaya \u00e7\u0131kmak isteyenler olabilir. D\u00fcn e\u011fitim kisvesi kullananlar vard\u0131. Bug\u00fcn farkl\u0131 alanlarda benzer y\u00f6ntemlere ba\u015fvuranlar olabilir. D\u00fcn devletin mahrem yap\u0131lar\u0131na s\u0131zmaya \u00e7al\u0131\u015fanlar vard\u0131. Yar\u0131n ba\u015fka yollar deneyenler olabilir. Bu sebeple devlet haf\u0131zas\u0131n\u0131n diri tutulmas\u0131, kurumsal tedbirlerin tavizsiz s\u00fcrd\u00fcr\u00fclmesi ve milli \u015fuurun canl\u0131 tutulmas\u0131 hayati \u00f6nemdedir. Unutulmamal\u0131d\u0131r ki, millet haf\u0131zas\u0131n\u0131 kaybetti\u011fi g\u00fcn tehditler yeniden g\u00fc\u00e7 kazan\u0131r\u201d dedi.<\/p>\n\n\n\n<figure class=\"wp-block-embed is-type-rich is-provider-x wp-block-embed-x\"><div class=\"wp-block-embed__wrapper\">\n<blockquote class=\"twitter-tweet\" data-width=\"550\" data-dnt=\"true\"><p lang=\"tr\" dir=\"ltr\">Genel Ba\u015fkan\u0131m\u0131z Say\u0131n Devlet BAH\u00c7EL\u0130 <a href=\"https:\/\/x.com\/dbdevletbahceli?ref_src=twsrc%5Etfw\">@dbdevletbahceli<\/a> TBMM Grup toplant\u0131m\u0131z\u0131 ger\u00e7ekle\u015ftirdi. <br>14.07.2026 <a href=\"https:\/\/t.co\/e7eZzHn48b\">pic.twitter.com\/e7eZzHn48b<\/a><\/p>&mdash; MHP TBMM Grubu #MHP (@MhpTbmmGrubu) <a href=\"https:\/\/x.com\/MhpTbmmGrubu\/status\/2076965123105681622?ref_src=twsrc%5Etfw\">July 14, 2026<\/a><\/blockquote><script async src=\"https:\/\/platform.x.com\/widgets.js\" charset=\"utf-8\"><\/script>\n<\/div><\/figure>\n","protected":false},"excerpt":{"rendered":"<p>MHP Genel Ba\u015fkan\u0131 Devlet Bah\u00e7eli, partisinin TBMM grup toplant\u0131s\u0131nda g\u00fcndeme ili\u015fkin a\u00e7\u0131klamalarda bulundu. MHP Genel Ba\u015fkan\u0131 Devlet Bah\u00e7eli, partisinin TBMM grup toplant\u0131s\u0131nda g\u00fcndeme ili\u015fkin a\u00e7\u0131klamalarda bulundu. Bah\u00e7eli, FET\u00d6, NATO Zirvesi, ABD-\u0130ran gerilimi, T\u00fcrkiye-AB ili\u015fkileri ve 15 Temmuz\u2019un 10. y\u0131l d\u00f6n\u00fcm\u00fcne dair de\u011ferlendirmeler yapt\u0131. Bah\u00e7eli&#8217;nin konu\u015fmas\u0131ndan \u00f6ne \u00e7\u0131kanlar \u015f\u00f6yle: Ankara k\u00fcresel siyasetin pusulas\u0131n\u0131 \u00e7izdi. T\u00fcrkiye, yeni [&hellip;]<\/p>\n","protected":false},"author":12791,"featured_media":168665,"comment_status":"open","ping_status":"open","sticky":false,"template":"","format":"standard","meta":{"_yoast_wpseo_focuskw":"MHP - Devlet Bah\u00e7eli","_yoast_wpseo_title":"","_yoast_wpseo_metadesc":"MHP Genel Ba\u015fkan\u0131 Devlet Bah\u00e7eli, partisinin TBMM grup toplant\u0131s\u0131nda g\u00fcndeme ili\u015fkin a\u00e7\u0131klamalarda bulundu.","_bbp_topic_count":0,"_bbp_reply_count":0,"_bbp_total_topic_count":0,"_bbp_total_reply_count":0,"_bbp_voice_count":0,"_bbp_anonymous_reply_count":0,"_bbp_topic_count_hidden":0,"_bbp_reply_count_hidden":0,"_bbp_forum_subforum_count":0,"footnotes":"","_yoast_wpseo_focuskw_text_input":""},"categories":[1,8138,8226,37],"tags":[6048,11610,1018,1200],"yoast_head":"<!-- This site is optimized with the Yoast SEO plugin v23.0 - https:\/\/yoast.com\/wordpress\/plugins\/seo\/ -->\n<title>Devlet Bah\u00e7eli MHP Grup Toplant\u0131s\u0131nda Konu\u015ftu - The Epoch Times TR<\/title>\n<meta name=\"description\" content=\"MHP Genel Ba\u015fkan\u0131 Devlet Bah\u00e7eli, partisinin TBMM grup toplant\u0131s\u0131nda g\u00fcndeme ili\u015fkin a\u00e7\u0131klamalarda bulundu.\" \/>\n<meta name=\"robots\" content=\"index, follow, max-snippet:-1, max-image-preview:large, max-video-preview:-1\" \/>\n<link rel=\"canonical\" href=\"https:\/\/epochtimestr.com\/index.php\/devlet-bahceli-mhp-grup-toplantisinda-konustu\" \/>\n<meta property=\"og:locale\" content=\"tr_TR\" \/>\n<meta property=\"og:type\" content=\"article\" \/>\n<meta property=\"og:title\" content=\"Devlet Bah\u00e7eli MHP Grup Toplant\u0131s\u0131nda Konu\u015ftu - The Epoch Times TR\" \/>\n<meta property=\"og:description\" content=\"MHP Genel Ba\u015fkan\u0131 Devlet Bah\u00e7eli, partisinin TBMM grup toplant\u0131s\u0131nda g\u00fcndeme ili\u015fkin a\u00e7\u0131klamalarda bulundu.\" \/>\n<meta property=\"og:url\" content=\"https:\/\/epochtimestr.com\/index.php\/devlet-bahceli-mhp-grup-toplantisinda-konustu\" \/>\n<meta property=\"og:site_name\" content=\"The Epoch Times TR\" \/>\n<meta property=\"article:publisher\" content=\"https:\/\/www.facebook.com\/theepochtimestr\" \/>\n<meta property=\"article:published_time\" content=\"2026-07-14T20:18:51+00:00\" \/>\n<meta property=\"article:modified_time\" content=\"2026-07-14T20:24:15+00:00\" \/>\n<meta property=\"og:image\" content=\"https:\/\/epochtimestr.com\/wp-content\/uploads\/2011y\/MHP-sitesi.webp\" \/>\n\t<meta property=\"og:image:width\" content=\"1200\" \/>\n\t<meta property=\"og:image:height\" content=\"630\" \/>\n\t<meta property=\"og:image:type\" content=\"image\/webp\" \/>\n<meta name=\"author\" content=\"Haber Merkezi\" \/>\n<meta name=\"twitter:card\" content=\"summary_large_image\" \/>\n<meta name=\"twitter:creator\" content=\"@TheEpochTimesTR\" \/>\n<meta name=\"twitter:site\" content=\"@TheEpochTimesTR\" \/>\n<meta name=\"twitter:label1\" content=\"Yazan:\" \/>\n\t<meta name=\"twitter:data1\" content=\"Haber Merkezi\" \/>\n\t<meta name=\"twitter:label2\" content=\"Tahmini okuma s\u00fcresi\" \/>\n\t<meta name=\"twitter:data2\" content=\"4 dakika\" \/>\n<script type=\"application\/ld+json\" class=\"yoast-schema-graph\">{\"@context\":\"https:\/\/schema.org\",\"@graph\":[{\"@type\":\"Article\",\"@id\":\"https:\/\/epochtimestr.com\/index.php\/devlet-bahceli-mhp-grup-toplantisinda-konustu#article\",\"isPartOf\":{\"@id\":\"https:\/\/epochtimestr.com\/index.php\/devlet-bahceli-mhp-grup-toplantisinda-konustu\"},\"author\":{\"name\":\"Haber Merkezi\",\"@id\":\"https:\/\/epochtimestr.com\/#\/schema\/person\/3dc5c3adeb9f43923c5aa85889172fdd\"},\"headline\":\"Devlet Bah\u00e7eli MHP Grup Toplant\u0131s\u0131nda Konu\u015ftu\",\"datePublished\":\"2026-07-14T20:18:51+00:00\",\"dateModified\":\"2026-07-14T20:24:15+00:00\",\"mainEntityOfPage\":{\"@id\":\"https:\/\/epochtimestr.com\/index.php\/devlet-bahceli-mhp-grup-toplantisinda-konustu\"},\"wordCount\":830,\"commentCount\":0,\"publisher\":{\"@id\":\"https:\/\/epochtimestr.com\/#organization\"},\"image\":{\"@id\":\"https:\/\/epochtimestr.com\/index.php\/devlet-bahceli-mhp-grup-toplantisinda-konustu#primaryimage\"},\"thumbnailUrl\":\"https:\/\/epochtimestr.com\/wp-content\/uploads\/2011y\/MHP-sitesi.webp\",\"keywords\":[\"bah\u00e7eli\",\"Grup Toplant\u0131s\u0131\",\"MHP\",\"tbmm\"],\"articleSection\":[\"G\u00dcNDEM\",\"MAN\u015eET\",\"Siyaset\",\"T\u00dcRK\u0130YE\"],\"inLanguage\":\"tr\",\"potentialAction\":[{\"@type\":\"CommentAction\",\"name\":\"Comment\",\"target\":[\"https:\/\/epochtimestr.com\/index.php\/devlet-bahceli-mhp-grup-toplantisinda-konustu#respond\"]}]},{\"@type\":\"WebPage\",\"@id\":\"https:\/\/epochtimestr.com\/index.php\/devlet-bahceli-mhp-grup-toplantisinda-konustu\",\"url\":\"https:\/\/epochtimestr.com\/index.php\/devlet-bahceli-mhp-grup-toplantisinda-konustu\",\"name\":\"Devlet Bah\u00e7eli MHP Grup Toplant\u0131s\u0131nda Konu\u015ftu - The Epoch Times TR\",\"isPartOf\":{\"@id\":\"https:\/\/epochtimestr.com\/#website\"},\"primaryImageOfPage\":{\"@id\":\"https:\/\/epochtimestr.com\/index.php\/devlet-bahceli-mhp-grup-toplantisinda-konustu#primaryimage\"},\"image\":{\"@id\":\"https:\/\/epochtimestr.com\/index.php\/devlet-bahceli-mhp-grup-toplantisinda-konustu#primaryimage\"},\"thumbnailUrl\":\"https:\/\/epochtimestr.com\/wp-content\/uploads\/2011y\/MHP-sitesi.webp\",\"datePublished\":\"2026-07-14T20:18:51+00:00\",\"dateModified\":\"2026-07-14T20:24:15+00:00\",\"description\":\"MHP Genel Ba\u015fkan\u0131 Devlet Bah\u00e7eli, partisinin TBMM grup toplant\u0131s\u0131nda g\u00fcndeme ili\u015fkin a\u00e7\u0131klamalarda bulundu.\",\"inLanguage\":\"tr\",\"potentialAction\":[{\"@type\":\"ReadAction\",\"target\":[\"https:\/\/epochtimestr.com\/index.php\/devlet-bahceli-mhp-grup-toplantisinda-konustu\"]}]},{\"@type\":\"ImageObject\",\"inLanguage\":\"tr\",\"@id\":\"https:\/\/epochtimestr.com\/index.php\/devlet-bahceli-mhp-grup-toplantisinda-konustu#primaryimage\",\"url\":\"https:\/\/epochtimestr.com\/wp-content\/uploads\/2011y\/MHP-sitesi.webp\",\"contentUrl\":\"https:\/\/epochtimestr.com\/wp-content\/uploads\/2011y\/MHP-sitesi.webp\",\"width\":1200,\"height\":630},{\"@type\":\"WebSite\",\"@id\":\"https:\/\/epochtimestr.com\/#website\",\"url\":\"https:\/\/epochtimestr.com\/\",\"name\":\"The Epoch Times TR\",\"description\":\"De\u011fi\u015fen D\u00fcnyam\u0131za Taze Bir Bak\u0131\u015f\",\"publisher\":{\"@id\":\"https:\/\/epochtimestr.com\/#organization\"},\"potentialAction\":[{\"@type\":\"SearchAction\",\"target\":{\"@type\":\"EntryPoint\",\"urlTemplate\":\"https:\/\/epochtimestr.com\/?s={search_term_string}\"},\"query-input\":\"required name=search_term_string\"}],\"inLanguage\":\"tr\"},{\"@type\":\"Organization\",\"@id\":\"https:\/\/epochtimestr.com\/#organization\",\"name\":\"The EpochTimes T\u00fcrkiye\",\"url\":\"https:\/\/epochtimestr.com\/\",\"logo\":{\"@type\":\"ImageObject\",\"inLanguage\":\"tr\",\"@id\":\"https:\/\/epochtimestr.com\/#\/schema\/logo\/image\/\",\"url\":\"https:\/\/epochtimestr.com\/wp-content\/uploads\/2011y\/ET-Logo-YG.jpg\",\"contentUrl\":\"https:\/\/epochtimestr.com\/wp-content\/uploads\/2011y\/ET-Logo-YG.jpg\",\"width\":346,\"height\":29,\"caption\":\"The EpochTimes T\u00fcrkiye\"},\"image\":{\"@id\":\"https:\/\/epochtimestr.com\/#\/schema\/logo\/image\/\"},\"sameAs\":[\"https:\/\/www.facebook.com\/theepochtimestr\",\"https:\/\/x.com\/TheEpochTimesTR\",\"https:\/\/www.instagram.com\/epochtimestr\"]},{\"@type\":\"Person\",\"@id\":\"https:\/\/epochtimestr.com\/#\/schema\/person\/3dc5c3adeb9f43923c5aa85889172fdd\",\"name\":\"Haber Merkezi\",\"image\":{\"@type\":\"ImageObject\",\"inLanguage\":\"tr\",\"@id\":\"https:\/\/epochtimestr.com\/#\/schema\/person\/image\/\",\"url\":\"https:\/\/secure.gravatar.com\/avatar\/d73f772ba5a74f28601361e17c2f93e6?s=96&d=mm&r=g\",\"contentUrl\":\"https:\/\/secure.gravatar.com\/avatar\/d73f772ba5a74f28601361e17c2f93e6?s=96&d=mm&r=g\",\"caption\":\"Haber Merkezi\"},\"url\":\"https:\/\/epochtimestr.com\/index.php\/author\/sendag\"}]}<\/script>\n<!-- \/ Yoast SEO plugin. -->","yoast_head_json":{"title":"Devlet Bah\u00e7eli MHP Grup Toplant\u0131s\u0131nda Konu\u015ftu - The Epoch Times TR","description":"MHP Genel Ba\u015fkan\u0131 Devlet Bah\u00e7eli, partisinin TBMM grup toplant\u0131s\u0131nda g\u00fcndeme ili\u015fkin a\u00e7\u0131klamalarda bulundu.","robots":{"index":"index","follow":"follow","max-snippet":"max-snippet:-1","max-image-preview":"max-image-preview:large","max-video-preview":"max-video-preview:-1"},"canonical":"https:\/\/epochtimestr.com\/index.php\/devlet-bahceli-mhp-grup-toplantisinda-konustu","og_locale":"tr_TR","og_type":"article","og_title":"Devlet Bah\u00e7eli MHP Grup Toplant\u0131s\u0131nda Konu\u015ftu - The Epoch Times TR","og_description":"MHP Genel Ba\u015fkan\u0131 Devlet Bah\u00e7eli, partisinin TBMM grup toplant\u0131s\u0131nda g\u00fcndeme ili\u015fkin a\u00e7\u0131klamalarda bulundu.","og_url":"https:\/\/epochtimestr.com\/index.php\/devlet-bahceli-mhp-grup-toplantisinda-konustu","og_site_name":"The Epoch Times TR","article_publisher":"https:\/\/www.facebook.com\/theepochtimestr","article_published_time":"2026-07-14T20:18:51+00:00","article_modified_time":"2026-07-14T20:24:15+00:00","og_image":[{"width":1200,"height":630,"url":"https:\/\/epochtimestr.com\/wp-content\/uploads\/2011y\/MHP-sitesi.webp","type":"image\/webp"}],"author":"Haber Merkezi","twitter_card":"summary_large_image","twitter_creator":"@TheEpochTimesTR","twitter_site":"@TheEpochTimesTR","twitter_misc":{"Yazan:":"Haber Merkezi","Tahmini okuma s\u00fcresi":"4 dakika"},"schema":{"@context":"https:\/\/schema.org","@graph":[{"@type":"Article","@id":"https:\/\/epochtimestr.com\/index.php\/devlet-bahceli-mhp-grup-toplantisinda-konustu#article","isPartOf":{"@id":"https:\/\/epochtimestr.com\/index.php\/devlet-bahceli-mhp-grup-toplantisinda-konustu"},"author":{"name":"Haber Merkezi","@id":"https:\/\/epochtimestr.com\/#\/schema\/person\/3dc5c3adeb9f43923c5aa85889172fdd"},"headline":"Devlet Bah\u00e7eli MHP Grup Toplant\u0131s\u0131nda Konu\u015ftu","datePublished":"2026-07-14T20:18:51+00:00","dateModified":"2026-07-14T20:24:15+00:00","mainEntityOfPage":{"@id":"https:\/\/epochtimestr.com\/index.php\/devlet-bahceli-mhp-grup-toplantisinda-konustu"},"wordCount":830,"commentCount":0,"publisher":{"@id":"https:\/\/epochtimestr.com\/#organization"},"image":{"@id":"https:\/\/epochtimestr.com\/index.php\/devlet-bahceli-mhp-grup-toplantisinda-konustu#primaryimage"},"thumbnailUrl":"https:\/\/epochtimestr.com\/wp-content\/uploads\/2011y\/MHP-sitesi.webp","keywords":["bah\u00e7eli","Grup Toplant\u0131s\u0131","MHP","tbmm"],"articleSection":["G\u00dcNDEM","MAN\u015eET","Siyaset","T\u00dcRK\u0130YE"],"inLanguage":"tr","potentialAction":[{"@type":"CommentAction","name":"Comment","target":["https:\/\/epochtimestr.com\/index.php\/devlet-bahceli-mhp-grup-toplantisinda-konustu#respond"]}]},{"@type":"WebPage","@id":"https:\/\/epochtimestr.com\/index.php\/devlet-bahceli-mhp-grup-toplantisinda-konustu","url":"https:\/\/epochtimestr.com\/index.php\/devlet-bahceli-mhp-grup-toplantisinda-konustu","name":"Devlet Bah\u00e7eli MHP Grup Toplant\u0131s\u0131nda Konu\u015ftu - The Epoch Times TR","isPartOf":{"@id":"https:\/\/epochtimestr.com\/#website"},"primaryImageOfPage":{"@id":"https:\/\/epochtimestr.com\/index.php\/devlet-bahceli-mhp-grup-toplantisinda-konustu#primaryimage"},"image":{"@id":"https:\/\/epochtimestr.com\/index.php\/devlet-bahceli-mhp-grup-toplantisinda-konustu#primaryimage"},"thumbnailUrl":"https:\/\/epochtimestr.com\/wp-content\/uploads\/2011y\/MHP-sitesi.webp","datePublished":"2026-07-14T20:18:51+00:00","dateModified":"2026-07-14T20:24:15+00:00","description":"MHP Genel Ba\u015fkan\u0131 Devlet Bah\u00e7eli, partisinin TBMM grup toplant\u0131s\u0131nda g\u00fcndeme ili\u015fkin a\u00e7\u0131klamalarda bulundu.","inLanguage":"tr","potentialAction":[{"@type":"ReadAction","target":["https:\/\/epochtimestr.com\/index.php\/devlet-bahceli-mhp-grup-toplantisinda-konustu"]}]},{"@type":"ImageObject","inLanguage":"tr","@id":"https:\/\/epochtimestr.com\/index.php\/devlet-bahceli-mhp-grup-toplantisinda-konustu#primaryimage","url":"https:\/\/epochtimestr.com\/wp-content\/uploads\/2011y\/MHP-sitesi.webp","contentUrl":"https:\/\/epochtimestr.com\/wp-content\/uploads\/2011y\/MHP-sitesi.webp","width":1200,"height":630},{"@type":"WebSite","@id":"https:\/\/epochtimestr.com\/#website","url":"https:\/\/epochtimestr.com\/","name":"The Epoch Times TR","description":"De\u011fi\u015fen D\u00fcnyam\u0131za Taze Bir Bak\u0131\u015f","publisher":{"@id":"https:\/\/epochtimestr.com\/#organization"},"potentialAction":[{"@type":"SearchAction","target":{"@type":"EntryPoint","urlTemplate":"https:\/\/epochtimestr.com\/?s={search_term_string}"},"query-input":"required name=search_term_string"}],"inLanguage":"tr"},{"@type":"Organization","@id":"https:\/\/epochtimestr.com\/#organization","name":"The EpochTimes T\u00fcrkiye","url":"https:\/\/epochtimestr.com\/","logo":{"@type":"ImageObject","inLanguage":"tr","@id":"https:\/\/epochtimestr.com\/#\/schema\/logo\/image\/","url":"https:\/\/epochtimestr.com\/wp-content\/uploads\/2011y\/ET-Logo-YG.jpg","contentUrl":"https:\/\/epochtimestr.com\/wp-content\/uploads\/2011y\/ET-Logo-YG.jpg","width":346,"height":29,"caption":"The EpochTimes T\u00fcrkiye"},"image":{"@id":"https:\/\/epochtimestr.com\/#\/schema\/logo\/image\/"},"sameAs":["https:\/\/www.facebook.com\/theepochtimestr","https:\/\/x.com\/TheEpochTimesTR","https:\/\/www.instagram.com\/epochtimestr"]},{"@type":"Person","@id":"https:\/\/epochtimestr.com\/#\/schema\/person\/3dc5c3adeb9f43923c5aa85889172fdd","name":"Haber Merkezi","image":{"@type":"ImageObject","inLanguage":"tr","@id":"https:\/\/epochtimestr.com\/#\/schema\/person\/image\/","url":"https:\/\/secure.gravatar.com\/avatar\/d73f772ba5a74f28601361e17c2f93e6?s=96&d=mm&r=g","contentUrl":"https:\/\/secure.gravatar.com\/avatar\/d73f772ba5a74f28601361e17c2f93e6?s=96&d=mm&r=g","caption":"Haber Merkezi"},"url":"https:\/\/epochtimestr.com\/index.php\/author\/sendag"}]}},"_links":{"self":[{"href":"https:\/\/epochtimestr.com\/index.php\/wp-json\/wp\/v2\/posts\/168664"}],"collection":[{"href":"https:\/\/epochtimestr.com\/index.php\/wp-json\/wp\/v2\/posts"}],"about":[{"href":"https:\/\/epochtimestr.com\/index.php\/wp-json\/wp\/v2\/types\/post"}],"author":[{"embeddable":true,"href":"https:\/\/epochtimestr.com\/index.php\/wp-json\/wp\/v2\/users\/12791"}],"replies":[{"embeddable":true,"href":"https:\/\/epochtimestr.com\/index.php\/wp-json\/wp\/v2\/comments?post=168664"}],"version-history":[{"count":3,"href":"https:\/\/epochtimestr.com\/index.php\/wp-json\/wp\/v2\/posts\/168664\/revisions"}],"predecessor-version":[{"id":168678,"href":"https:\/\/epochtimestr.com\/index.php\/wp-json\/wp\/v2\/posts\/168664\/revisions\/168678"}],"wp:featuredmedia":[{"embeddable":true,"href":"https:\/\/epochtimestr.com\/index.php\/wp-json\/wp\/v2\/media\/168665"}],"wp:attachment":[{"href":"https:\/\/epochtimestr.com\/index.php\/wp-json\/wp\/v2\/media?parent=168664"}],"wp:term":[{"taxonomy":"category","embeddable":true,"href":"https:\/\/epochtimestr.com\/index.php\/wp-json\/wp\/v2\/categories?post=168664"},{"taxonomy":"post_tag","embeddable":true,"href":"https:\/\/epochtimestr.com\/index.php\/wp-json\/wp\/v2\/tags?post=168664"}],"curies":[{"name":"wp","href":"https:\/\/api.w.org\/{rel}","templated":true}]}}