{"id":168702,"date":"2026-07-15T20:33:51","date_gmt":"2026-07-15T17:33:51","guid":{"rendered":"https:\/\/epochtimestr.com\/?p=168702"},"modified":"2026-07-15T20:33:53","modified_gmt":"2026-07-15T17:33:53","slug":"olen-esinden-dul-ayligi-alirken-onceki-esiyle-yasadigi-ortaya-cikti","status":"publish","type":"post","link":"https:\/\/epochtimestr.com\/index.php\/olen-esinden-dul-ayligi-alirken-onceki-esiyle-yasadigi-ortaya-cikti","title":{"rendered":"\u00d6len E\u015finden Dul Ayl\u0131\u011f\u0131 Al\u0131rken \u00d6nceki E\u015fiyle Ya\u015fad\u0131\u011f\u0131 Ortaya \u00c7\u0131kt\u0131"},"content":{"rendered":"<div class=\"wp-block-image\">\n<figure class=\"aligncenter size-full is-resized\"><img loading=\"lazy\" decoding=\"async\" width=\"645\" height=\"310\" src=\"https:\/\/epochtimestr.com\/wp-content\/uploads\/2011y\/sgk.png\" alt=\"Bart\u0131n'da bir kad\u0131n\u0131n ikinci e\u015finin vefat\u0131yla dul ayl\u0131\u011f\u0131 ba\u011flatt\u0131\u011f\u0131 ancak ilk e\u015fiyle ayn\u0131 evde ya\u015famaya devam etti\u011fi ortaya \u00e7\u0131kt\u0131. (Foto\u011fraf: SGK resmi web sitesi)\" class=\"wp-image-168703\" style=\"width:645px;height:auto\" srcset=\"https:\/\/epochtimestr.com\/wp-content\/uploads\/2011y\/sgk.png 645w, https:\/\/epochtimestr.com\/wp-content\/uploads\/2011y\/sgk-300x144.png 300w, https:\/\/epochtimestr.com\/wp-content\/uploads\/2011y\/sgk-150x72.png 150w\" sizes=\"(max-width: 645px) 100vw, 645px\" \/><figcaption class=\"wp-element-caption\">Bart\u0131n&#8217;da bir kad\u0131n\u0131n ikinci e\u015finin vefat\u0131yla dul ayl\u0131\u011f\u0131 ba\u011flatt\u0131\u011f\u0131 ancak ilk e\u015fiyle ayn\u0131 evde ya\u015famaya devam etti\u011fi ortaya \u00e7\u0131kt\u0131. (Foto\u011fraf: SGK resmi web sitesi)<\/figcaption><\/figure><\/div>\n\n\n<h2 class=\"wp-block-heading\">Bart\u0131n&#8217;da bir kad\u0131n\u0131n ikinci e\u015finin vefat\u0131yla dul ayl\u0131\u011f\u0131 ba\u011flatt\u0131\u011f\u0131 ancak ilk e\u015fiyle ayn\u0131 evde ya\u015famaya devam etti\u011fi ortaya \u00e7\u0131kt\u0131.<\/h2>\n\n\n\n<p>Halk TV&#8217;nin haberine g\u00f6re, olay Bart\u0131n&#8217;da ya\u015fand\u0131. \u0130lk e\u015finden 2005 y\u0131l\u0131nda bo\u015fanan kad\u0131n, daha sonra yapt\u0131\u011f\u0131 ikinci evlili\u011finde e\u015finin 2007 y\u0131l\u0131nda vefat etmesi \u00fczerine \u00f6l\u00fcm ayl\u0131\u011f\u0131 almaya ba\u015flad\u0131. Ancak SGK denetmenleri, kad\u0131n\u0131n bo\u015fand\u0131\u011f\u0131 ilk e\u015fiyle ayn\u0131 evde ya\u015famay\u0131 s\u00fcrd\u00fcrd\u00fc\u011f\u00fcn\u00fc belirledi. Bunun \u00fczerine SGK, ba\u011flanan ayl\u0131\u011f\u0131 durdururken 206 bin 764 lira 79 kuru\u015f tutar\u0131nda yersiz \u00f6deme borcu \u00e7\u0131kard\u0131.<\/p>\n\n\n\n<p><a href=\"https:\/\/epochtimestr.com\/index.php\/sgk-seker-olcum-cubuklarini-2016-fiyatindan-odeyecek\" target=\"_blank\" rel=\"noreferrer noopener\">SGK<\/a> sosyal g\u00fcvenlik denetmenleri, kad\u0131n\u0131n asl\u0131nda ilk e\u015fiyle fiilen ayn\u0131 evde ya\u015famaya devam etti\u011fini tespit etti. SGK, kad\u0131na tam 206.764,79 TL bor\u00e7 \u00e7\u0131kard\u0131 ve maa\u015f\u0131n\u0131 kesti.<\/p>\n\n\n\n<p>\u00d6len sigortal\u0131n\u0131n dul e\u015fine \u00f6l\u00fcm ayl\u0131\u011f\u0131 ba\u011flanmas\u0131 i\u00e7in aranan tek ko\u015ful, \u00f6len sigortal\u0131 ile \u00f6l\u00fcm tarihinde resmi nik\u00e2h akdinin bulunmas\u0131d\u0131r. 1479 say\u0131l\u0131 <a href=\"https:\/\/epochtimestr.com\/index.php\/ssk-ve-bag-kur-emeklilerinin-maas-zamlarina-yonelik-calismada-sona-gelindi\" target=\"_blank\" rel=\"noreferrer noopener\">Ba\u011f-Kur<\/a> Kanunu kapsam\u0131nda sigortal\u0131 olup vefat eden ki\u015filerin geride kalan hak sahiplerine, bahse konu kanunun 40. maddesinin (a) bendi \u00e7er\u00e7evesinde &#8216;\u00d6l\u00fcm Ayl\u0131\u011f\u0131&#8217; ba\u011flanmaktad\u0131r. M\u00fcteveffa sigortas\u0131n\u0131n ayl\u0131\u011fa ayr\u0131lan hak sahipleri ile ilgili olarak, 1479 say\u0131l\u0131 Kanun&#8217;un 46. maddesinde say\u0131lan \u00f6l\u00fcm ayl\u0131\u011f\u0131n\u0131n kesilmesine ili\u015fkin muhafazan\u0131n s\u00f6z konusu olmas\u0131 durumunda hak sahibi ayl\u0131\u011f\u0131 kesilmektedir.<\/p>\n\n\n\n<p>Kad\u0131n, SGK&#8217;n\u0131n i\u015fleminin iptali i\u00e7in dava a\u00e7t\u0131. \u0130lk derece mahkemesi, bo\u015fanman\u0131n muvazaal\u0131 olmad\u0131\u011f\u0131 gerek\u00e7esiyle davay\u0131 kabul ederek SGK&#8217;n\u0131n i\u015flemini iptal etti ve ayl\u0131\u011f\u0131n yeniden ba\u011flanmas\u0131na karar verdi.<\/p>\n\n\n\n<h3 class=\"wp-block-heading\">&#8220;Sakarya B\u00f6lge Adliye Mahkemesi ise farkl\u0131 bir sonuca ula\u015ft\u0131&#8221;<\/h3>\n\n\n\n<p>SGK&#8217;n\u0131n itiraz\u0131 \u00fczerine dosyay\u0131 inceleyen Sakarya B\u00f6lge Adliye Mahkemesi ise farkl\u0131 bir sonuca ula\u015ft\u0131. Mahkeme, kad\u0131n\u0131n SGK denetmenine verdi\u011fi ifadede 2006 y\u0131l\u0131ndan itibaren eski e\u015fiyle birlikte ya\u015fad\u0131\u011f\u0131n\u0131 kabul etti\u011fine dikkat \u00e7ekti.<\/p>\n\n\n\n<p>Kom\u015fu beyanlar\u0131, adres kay\u0131tlar\u0131 ve sa\u011fl\u0131k kay\u0131tlar\u0131n\u0131n da bu durumu do\u011frulad\u0131\u011f\u0131n\u0131 belirten mahkeme, yerel mahkeme karar\u0131n\u0131 kald\u0131rarak davay\u0131 reddetti.<\/p>\n\n\n\n<p><strong>&#8220;Maa\u015f\u0131 kesilen kad\u0131n, bu kez karar\u0131 Yarg\u0131tay\u2019a ta\u015f\u0131d\u0131<\/strong>&#8220;<\/p>\n\n\n\n<p>\u0130sa Karaka\u015f, Sosyal G\u00fcvenlik Kurumu (SGK) Ba\u015fm\u00fcfetti\u015fi, Sosyal G\u00fcvenlik Ba\u015fuzman\u0131, gazeteci, yazar ve ba\u011f\u0131ms\u0131z dan\u0131\u015fmand\u0131r. Karaka\u015f, Yarg\u0131tay&#8217;\u0131n koydu\u011fu son noktay\u0131 \u015f\u00f6yle anlatt\u0131: &#8220;Maa\u015f\u0131 kesilen kad\u0131n, bu kez karar\u0131 Yarg\u0131tay\u2019a ta\u015f\u0131d\u0131. Avukat\u0131, &#8220;M\u00fcvekkilim hak kayb\u0131na u\u011framas\u0131n diye adresi eski e\u015fiyle ayn\u0131 g\u00f6r\u00fcn\u00fcyordu, t\u00fcnel in\u015faatlar\u0131nda \u00e7al\u0131\u015fan eski e\u015fi sadece \u00e7ocuklar\u0131n\u0131 g\u00f6rmeye geliyordu&#8221; dese de bu savunma y\u00fcksek mahkemeyi ikna etmeye yetmedi.&#8221;<\/p>\n\n\n\n<p>Dosyay\u0131 inceleyen Yarg\u0131tay 10. Hukuk Dairesi, 05.05.2026 tarihinde oy birli\u011fi ile son noktay\u0131 koydu. Yarg\u0131tay, Sakarya B\u00f6lge Adliye Mahkemesi\u2019nin verdi\u011fi karar\u0131n kanuna, usule ve hayat\u0131n ola\u011fan ak\u0131\u015f\u0131na tamamen uygun oldu\u011funa h\u00fckmetti.<\/p>\n\n\n\n<p>Kad\u0131n\u0131n temyiz talebi reddedildi ve istinaf\u0131n &#8220;maa\u015f kesme ve bor\u00e7 \u00e7\u0131karma&#8221; karar\u0131 onand\u0131. \u00dcstelik davac\u0131 kad\u0131n, 40.000,00 TL&#8217;lik duru\u015fma vekalet \u00fccretini de \u00f6demeye mahk\u00fbm edildi.<\/p>\n","protected":false},"excerpt":{"rendered":"<p>Bart\u0131n&#8217;da bir kad\u0131n\u0131n ikinci e\u015finin vefat\u0131yla dul ayl\u0131\u011f\u0131 ba\u011flatt\u0131\u011f\u0131 ancak ilk e\u015fiyle ayn\u0131 evde ya\u015famaya devam etti\u011fi ortaya \u00e7\u0131kt\u0131. Halk TV&#8217;nin haberine g\u00f6re, olay Bart\u0131n&#8217;da ya\u015fand\u0131. \u0130lk e\u015finden 2005 y\u0131l\u0131nda bo\u015fanan kad\u0131n, daha sonra yapt\u0131\u011f\u0131 ikinci evlili\u011finde e\u015finin 2007 y\u0131l\u0131nda vefat etmesi \u00fczerine \u00f6l\u00fcm ayl\u0131\u011f\u0131 almaya ba\u015flad\u0131. Ancak SGK denetmenleri, kad\u0131n\u0131n bo\u015fand\u0131\u011f\u0131 ilk e\u015fiyle ayn\u0131 [&hellip;]<\/p>\n","protected":false},"author":12791,"featured_media":168703,"comment_status":"open","ping_status":"open","sticky":false,"template":"","format":"standard","meta":{"_yoast_wpseo_focuskw":"dul ayl\u0131\u011f\u0131","_yoast_wpseo_title":"","_yoast_wpseo_metadesc":"Bart\u0131n'da bir kad\u0131n\u0131n ikinci e\u015finin vefat\u0131yla dul ayl\u0131\u011f\u0131 ba\u011flatt\u0131\u011f\u0131 ancak ilk e\u015fiyle ayn\u0131 evde ya\u015famaya devam etti\u011fi ortaya \u00e7\u0131kt\u0131.","_bbp_topic_count":0,"_bbp_reply_count":0,"_bbp_total_topic_count":0,"_bbp_total_reply_count":0,"_bbp_voice_count":0,"_bbp_anonymous_reply_count":0,"_bbp_topic_count_hidden":0,"_bbp_reply_count_hidden":0,"_bbp_forum_subforum_count":0,"footnotes":"","_yoast_wpseo_focuskw_text_input":""},"categories":[1,8138,8226,37],"tags":[11733,11732,4648,2150,11731,11735,3142],"yoast_head":"<!-- This site is optimized with the Yoast SEO plugin v23.0 - https:\/\/yoast.com\/wordpress\/plugins\/seo\/ -->\n<title>\u00d6len E\u015finden Dul Ayl\u0131\u011f\u0131 Al\u0131rken \u00d6nceki E\u015fiyle Ya\u015fad\u0131\u011f\u0131 Ortaya \u00c7\u0131kt\u0131 - The Epoch Times TR<\/title>\n<meta name=\"description\" content=\"Bart\u0131n&#039;da bir kad\u0131n\u0131n ikinci e\u015finin vefat\u0131yla dul ayl\u0131\u011f\u0131 ba\u011flatt\u0131\u011f\u0131 ancak ilk e\u015fiyle ayn\u0131 evde ya\u015famaya devam etti\u011fi ortaya \u00e7\u0131kt\u0131.\" \/>\n<meta name=\"robots\" content=\"index, follow, max-snippet:-1, max-image-preview:large, max-video-preview:-1\" \/>\n<link rel=\"canonical\" href=\"https:\/\/epochtimestr.com\/index.php\/olen-esinden-dul-ayligi-alirken-onceki-esiyle-yasadigi-ortaya-cikti\" \/>\n<meta property=\"og:locale\" content=\"tr_TR\" \/>\n<meta property=\"og:type\" content=\"article\" \/>\n<meta property=\"og:title\" content=\"\u00d6len E\u015finden Dul Ayl\u0131\u011f\u0131 Al\u0131rken \u00d6nceki E\u015fiyle Ya\u015fad\u0131\u011f\u0131 Ortaya \u00c7\u0131kt\u0131 - The Epoch Times TR\" \/>\n<meta property=\"og:description\" content=\"Bart\u0131n&#039;da bir kad\u0131n\u0131n ikinci e\u015finin vefat\u0131yla dul ayl\u0131\u011f\u0131 ba\u011flatt\u0131\u011f\u0131 ancak ilk e\u015fiyle ayn\u0131 evde ya\u015famaya devam etti\u011fi ortaya \u00e7\u0131kt\u0131.\" \/>\n<meta property=\"og:url\" content=\"https:\/\/epochtimestr.com\/index.php\/olen-esinden-dul-ayligi-alirken-onceki-esiyle-yasadigi-ortaya-cikti\" \/>\n<meta property=\"og:site_name\" content=\"The Epoch Times TR\" \/>\n<meta property=\"article:publisher\" content=\"https:\/\/www.facebook.com\/theepochtimestr\" \/>\n<meta property=\"article:published_time\" content=\"2026-07-15T17:33:51+00:00\" \/>\n<meta property=\"article:modified_time\" content=\"2026-07-15T17:33:53+00:00\" \/>\n<meta property=\"og:image\" content=\"https:\/\/epochtimestr.com\/wp-content\/uploads\/2011y\/sgk.png\" \/>\n\t<meta property=\"og:image:width\" content=\"645\" \/>\n\t<meta property=\"og:image:height\" content=\"310\" \/>\n\t<meta property=\"og:image:type\" content=\"image\/png\" \/>\n<meta name=\"author\" content=\"Haber Merkezi\" \/>\n<meta name=\"twitter:card\" content=\"summary_large_image\" \/>\n<meta name=\"twitter:creator\" content=\"@TheEpochTimesTR\" \/>\n<meta name=\"twitter:site\" content=\"@TheEpochTimesTR\" \/>\n<meta name=\"twitter:label1\" content=\"Yazan:\" \/>\n\t<meta name=\"twitter:data1\" content=\"Haber Merkezi\" \/>\n\t<meta name=\"twitter:label2\" content=\"Tahmini okuma s\u00fcresi\" \/>\n\t<meta name=\"twitter:data2\" content=\"3 dakika\" \/>\n<script type=\"application\/ld+json\" class=\"yoast-schema-graph\">{\"@context\":\"https:\/\/schema.org\",\"@graph\":[{\"@type\":\"Article\",\"@id\":\"https:\/\/epochtimestr.com\/index.php\/olen-esinden-dul-ayligi-alirken-onceki-esiyle-yasadigi-ortaya-cikti#article\",\"isPartOf\":{\"@id\":\"https:\/\/epochtimestr.com\/index.php\/olen-esinden-dul-ayligi-alirken-onceki-esiyle-yasadigi-ortaya-cikti\"},\"author\":{\"name\":\"Haber Merkezi\",\"@id\":\"https:\/\/epochtimestr.com\/#\/schema\/person\/3dc5c3adeb9f43923c5aa85889172fdd\"},\"headline\":\"\u00d6len E\u015finden Dul Ayl\u0131\u011f\u0131 Al\u0131rken \u00d6nceki E\u015fiyle Ya\u015fad\u0131\u011f\u0131 Ortaya \u00c7\u0131kt\u0131\",\"datePublished\":\"2026-07-15T17:33:51+00:00\",\"dateModified\":\"2026-07-15T17:33:53+00:00\",\"mainEntityOfPage\":{\"@id\":\"https:\/\/epochtimestr.com\/index.php\/olen-esinden-dul-ayligi-alirken-onceki-esiyle-yasadigi-ortaya-cikti\"},\"wordCount\":587,\"commentCount\":0,\"publisher\":{\"@id\":\"https:\/\/epochtimestr.com\/#organization\"},\"image\":{\"@id\":\"https:\/\/epochtimestr.com\/index.php\/olen-esinden-dul-ayligi-alirken-onceki-esiyle-yasadigi-ortaya-cikti#primaryimage\"},\"thumbnailUrl\":\"https:\/\/epochtimestr.com\/wp-content\/uploads\/2011y\/sgk.png\",\"keywords\":[\"ayl\u0131k\",\"dul ve yetim maa\u015f\u0131\",\"maa\u015f\",\"sgk\",\"sgk ba\u011f-kur\",\"Sosyal G\u00fcvenlik\",\"Yarg\u0131tay\"],\"articleSection\":[\"G\u00dcNDEM\",\"MAN\u015eET\",\"Siyaset\",\"T\u00dcRK\u0130YE\"],\"inLanguage\":\"tr\",\"potentialAction\":[{\"@type\":\"CommentAction\",\"name\":\"Comment\",\"target\":[\"https:\/\/epochtimestr.com\/index.php\/olen-esinden-dul-ayligi-alirken-onceki-esiyle-yasadigi-ortaya-cikti#respond\"]}]},{\"@type\":\"WebPage\",\"@id\":\"https:\/\/epochtimestr.com\/index.php\/olen-esinden-dul-ayligi-alirken-onceki-esiyle-yasadigi-ortaya-cikti\",\"url\":\"https:\/\/epochtimestr.com\/index.php\/olen-esinden-dul-ayligi-alirken-onceki-esiyle-yasadigi-ortaya-cikti\",\"name\":\"\u00d6len E\u015finden Dul Ayl\u0131\u011f\u0131 Al\u0131rken \u00d6nceki E\u015fiyle Ya\u015fad\u0131\u011f\u0131 Ortaya \u00c7\u0131kt\u0131 - The Epoch Times TR\",\"isPartOf\":{\"@id\":\"https:\/\/epochtimestr.com\/#website\"},\"primaryImageOfPage\":{\"@id\":\"https:\/\/epochtimestr.com\/index.php\/olen-esinden-dul-ayligi-alirken-onceki-esiyle-yasadigi-ortaya-cikti#primaryimage\"},\"image\":{\"@id\":\"https:\/\/epochtimestr.com\/index.php\/olen-esinden-dul-ayligi-alirken-onceki-esiyle-yasadigi-ortaya-cikti#primaryimage\"},\"thumbnailUrl\":\"https:\/\/epochtimestr.com\/wp-content\/uploads\/2011y\/sgk.png\",\"datePublished\":\"2026-07-15T17:33:51+00:00\",\"dateModified\":\"2026-07-15T17:33:53+00:00\",\"description\":\"Bart\u0131n'da bir kad\u0131n\u0131n ikinci e\u015finin vefat\u0131yla dul ayl\u0131\u011f\u0131 ba\u011flatt\u0131\u011f\u0131 ancak ilk e\u015fiyle ayn\u0131 evde ya\u015famaya devam etti\u011fi ortaya \u00e7\u0131kt\u0131.\",\"inLanguage\":\"tr\",\"potentialAction\":[{\"@type\":\"ReadAction\",\"target\":[\"https:\/\/epochtimestr.com\/index.php\/olen-esinden-dul-ayligi-alirken-onceki-esiyle-yasadigi-ortaya-cikti\"]}]},{\"@type\":\"ImageObject\",\"inLanguage\":\"tr\",\"@id\":\"https:\/\/epochtimestr.com\/index.php\/olen-esinden-dul-ayligi-alirken-onceki-esiyle-yasadigi-ortaya-cikti#primaryimage\",\"url\":\"https:\/\/epochtimestr.com\/wp-content\/uploads\/2011y\/sgk.png\",\"contentUrl\":\"https:\/\/epochtimestr.com\/wp-content\/uploads\/2011y\/sgk.png\",\"width\":645,\"height\":310},{\"@type\":\"WebSite\",\"@id\":\"https:\/\/epochtimestr.com\/#website\",\"url\":\"https:\/\/epochtimestr.com\/\",\"name\":\"The Epoch Times TR\",\"description\":\"De\u011fi\u015fen D\u00fcnyam\u0131za Taze Bir Bak\u0131\u015f\",\"publisher\":{\"@id\":\"https:\/\/epochtimestr.com\/#organization\"},\"potentialAction\":[{\"@type\":\"SearchAction\",\"target\":{\"@type\":\"EntryPoint\",\"urlTemplate\":\"https:\/\/epochtimestr.com\/?s={search_term_string}\"},\"query-input\":\"required name=search_term_string\"}],\"inLanguage\":\"tr\"},{\"@type\":\"Organization\",\"@id\":\"https:\/\/epochtimestr.com\/#organization\",\"name\":\"The EpochTimes T\u00fcrkiye\",\"url\":\"https:\/\/epochtimestr.com\/\",\"logo\":{\"@type\":\"ImageObject\",\"inLanguage\":\"tr\",\"@id\":\"https:\/\/epochtimestr.com\/#\/schema\/logo\/image\/\",\"url\":\"https:\/\/epochtimestr.com\/wp-content\/uploads\/2011y\/ET-Logo-YG.jpg\",\"contentUrl\":\"https:\/\/epochtimestr.com\/wp-content\/uploads\/2011y\/ET-Logo-YG.jpg\",\"width\":346,\"height\":29,\"caption\":\"The EpochTimes T\u00fcrkiye\"},\"image\":{\"@id\":\"https:\/\/epochtimestr.com\/#\/schema\/logo\/image\/\"},\"sameAs\":[\"https:\/\/www.facebook.com\/theepochtimestr\",\"https:\/\/x.com\/TheEpochTimesTR\",\"https:\/\/www.instagram.com\/epochtimestr\"]},{\"@type\":\"Person\",\"@id\":\"https:\/\/epochtimestr.com\/#\/schema\/person\/3dc5c3adeb9f43923c5aa85889172fdd\",\"name\":\"Haber Merkezi\",\"image\":{\"@type\":\"ImageObject\",\"inLanguage\":\"tr\",\"@id\":\"https:\/\/epochtimestr.com\/#\/schema\/person\/image\/\",\"url\":\"https:\/\/secure.gravatar.com\/avatar\/d73f772ba5a74f28601361e17c2f93e6?s=96&d=mm&r=g\",\"contentUrl\":\"https:\/\/secure.gravatar.com\/avatar\/d73f772ba5a74f28601361e17c2f93e6?s=96&d=mm&r=g\",\"caption\":\"Haber Merkezi\"},\"url\":\"https:\/\/epochtimestr.com\/index.php\/author\/sendag\"}]}<\/script>\n<!-- \/ Yoast SEO plugin. -->","yoast_head_json":{"title":"\u00d6len E\u015finden Dul Ayl\u0131\u011f\u0131 Al\u0131rken \u00d6nceki E\u015fiyle Ya\u015fad\u0131\u011f\u0131 Ortaya \u00c7\u0131kt\u0131 - The Epoch Times TR","description":"Bart\u0131n'da bir kad\u0131n\u0131n ikinci e\u015finin vefat\u0131yla dul ayl\u0131\u011f\u0131 ba\u011flatt\u0131\u011f\u0131 ancak ilk e\u015fiyle ayn\u0131 evde ya\u015famaya devam etti\u011fi ortaya \u00e7\u0131kt\u0131.","robots":{"index":"index","follow":"follow","max-snippet":"max-snippet:-1","max-image-preview":"max-image-preview:large","max-video-preview":"max-video-preview:-1"},"canonical":"https:\/\/epochtimestr.com\/index.php\/olen-esinden-dul-ayligi-alirken-onceki-esiyle-yasadigi-ortaya-cikti","og_locale":"tr_TR","og_type":"article","og_title":"\u00d6len E\u015finden Dul Ayl\u0131\u011f\u0131 Al\u0131rken \u00d6nceki E\u015fiyle Ya\u015fad\u0131\u011f\u0131 Ortaya \u00c7\u0131kt\u0131 - The Epoch Times TR","og_description":"Bart\u0131n'da bir kad\u0131n\u0131n ikinci e\u015finin vefat\u0131yla dul ayl\u0131\u011f\u0131 ba\u011flatt\u0131\u011f\u0131 ancak ilk e\u015fiyle ayn\u0131 evde ya\u015famaya devam etti\u011fi ortaya \u00e7\u0131kt\u0131.","og_url":"https:\/\/epochtimestr.com\/index.php\/olen-esinden-dul-ayligi-alirken-onceki-esiyle-yasadigi-ortaya-cikti","og_site_name":"The Epoch Times TR","article_publisher":"https:\/\/www.facebook.com\/theepochtimestr","article_published_time":"2026-07-15T17:33:51+00:00","article_modified_time":"2026-07-15T17:33:53+00:00","og_image":[{"width":645,"height":310,"url":"https:\/\/epochtimestr.com\/wp-content\/uploads\/2011y\/sgk.png","type":"image\/png"}],"author":"Haber Merkezi","twitter_card":"summary_large_image","twitter_creator":"@TheEpochTimesTR","twitter_site":"@TheEpochTimesTR","twitter_misc":{"Yazan:":"Haber Merkezi","Tahmini okuma s\u00fcresi":"3 dakika"},"schema":{"@context":"https:\/\/schema.org","@graph":[{"@type":"Article","@id":"https:\/\/epochtimestr.com\/index.php\/olen-esinden-dul-ayligi-alirken-onceki-esiyle-yasadigi-ortaya-cikti#article","isPartOf":{"@id":"https:\/\/epochtimestr.com\/index.php\/olen-esinden-dul-ayligi-alirken-onceki-esiyle-yasadigi-ortaya-cikti"},"author":{"name":"Haber Merkezi","@id":"https:\/\/epochtimestr.com\/#\/schema\/person\/3dc5c3adeb9f43923c5aa85889172fdd"},"headline":"\u00d6len E\u015finden Dul Ayl\u0131\u011f\u0131 Al\u0131rken \u00d6nceki E\u015fiyle Ya\u015fad\u0131\u011f\u0131 Ortaya \u00c7\u0131kt\u0131","datePublished":"2026-07-15T17:33:51+00:00","dateModified":"2026-07-15T17:33:53+00:00","mainEntityOfPage":{"@id":"https:\/\/epochtimestr.com\/index.php\/olen-esinden-dul-ayligi-alirken-onceki-esiyle-yasadigi-ortaya-cikti"},"wordCount":587,"commentCount":0,"publisher":{"@id":"https:\/\/epochtimestr.com\/#organization"},"image":{"@id":"https:\/\/epochtimestr.com\/index.php\/olen-esinden-dul-ayligi-alirken-onceki-esiyle-yasadigi-ortaya-cikti#primaryimage"},"thumbnailUrl":"https:\/\/epochtimestr.com\/wp-content\/uploads\/2011y\/sgk.png","keywords":["ayl\u0131k","dul ve yetim maa\u015f\u0131","maa\u015f","sgk","sgk ba\u011f-kur","Sosyal G\u00fcvenlik","Yarg\u0131tay"],"articleSection":["G\u00dcNDEM","MAN\u015eET","Siyaset","T\u00dcRK\u0130YE"],"inLanguage":"tr","potentialAction":[{"@type":"CommentAction","name":"Comment","target":["https:\/\/epochtimestr.com\/index.php\/olen-esinden-dul-ayligi-alirken-onceki-esiyle-yasadigi-ortaya-cikti#respond"]}]},{"@type":"WebPage","@id":"https:\/\/epochtimestr.com\/index.php\/olen-esinden-dul-ayligi-alirken-onceki-esiyle-yasadigi-ortaya-cikti","url":"https:\/\/epochtimestr.com\/index.php\/olen-esinden-dul-ayligi-alirken-onceki-esiyle-yasadigi-ortaya-cikti","name":"\u00d6len E\u015finden Dul Ayl\u0131\u011f\u0131 Al\u0131rken \u00d6nceki E\u015fiyle Ya\u015fad\u0131\u011f\u0131 Ortaya \u00c7\u0131kt\u0131 - The Epoch Times TR","isPartOf":{"@id":"https:\/\/epochtimestr.com\/#website"},"primaryImageOfPage":{"@id":"https:\/\/epochtimestr.com\/index.php\/olen-esinden-dul-ayligi-alirken-onceki-esiyle-yasadigi-ortaya-cikti#primaryimage"},"image":{"@id":"https:\/\/epochtimestr.com\/index.php\/olen-esinden-dul-ayligi-alirken-onceki-esiyle-yasadigi-ortaya-cikti#primaryimage"},"thumbnailUrl":"https:\/\/epochtimestr.com\/wp-content\/uploads\/2011y\/sgk.png","datePublished":"2026-07-15T17:33:51+00:00","dateModified":"2026-07-15T17:33:53+00:00","description":"Bart\u0131n'da bir kad\u0131n\u0131n ikinci e\u015finin vefat\u0131yla dul ayl\u0131\u011f\u0131 ba\u011flatt\u0131\u011f\u0131 ancak ilk e\u015fiyle ayn\u0131 evde ya\u015famaya devam etti\u011fi ortaya \u00e7\u0131kt\u0131.","inLanguage":"tr","potentialAction":[{"@type":"ReadAction","target":["https:\/\/epochtimestr.com\/index.php\/olen-esinden-dul-ayligi-alirken-onceki-esiyle-yasadigi-ortaya-cikti"]}]},{"@type":"ImageObject","inLanguage":"tr","@id":"https:\/\/epochtimestr.com\/index.php\/olen-esinden-dul-ayligi-alirken-onceki-esiyle-yasadigi-ortaya-cikti#primaryimage","url":"https:\/\/epochtimestr.com\/wp-content\/uploads\/2011y\/sgk.png","contentUrl":"https:\/\/epochtimestr.com\/wp-content\/uploads\/2011y\/sgk.png","width":645,"height":310},{"@type":"WebSite","@id":"https:\/\/epochtimestr.com\/#website","url":"https:\/\/epochtimestr.com\/","name":"The Epoch Times TR","description":"De\u011fi\u015fen D\u00fcnyam\u0131za Taze Bir Bak\u0131\u015f","publisher":{"@id":"https:\/\/epochtimestr.com\/#organization"},"potentialAction":[{"@type":"SearchAction","target":{"@type":"EntryPoint","urlTemplate":"https:\/\/epochtimestr.com\/?s={search_term_string}"},"query-input":"required name=search_term_string"}],"inLanguage":"tr"},{"@type":"Organization","@id":"https:\/\/epochtimestr.com\/#organization","name":"The EpochTimes T\u00fcrkiye","url":"https:\/\/epochtimestr.com\/","logo":{"@type":"ImageObject","inLanguage":"tr","@id":"https:\/\/epochtimestr.com\/#\/schema\/logo\/image\/","url":"https:\/\/epochtimestr.com\/wp-content\/uploads\/2011y\/ET-Logo-YG.jpg","contentUrl":"https:\/\/epochtimestr.com\/wp-content\/uploads\/2011y\/ET-Logo-YG.jpg","width":346,"height":29,"caption":"The EpochTimes T\u00fcrkiye"},"image":{"@id":"https:\/\/epochtimestr.com\/#\/schema\/logo\/image\/"},"sameAs":["https:\/\/www.facebook.com\/theepochtimestr","https:\/\/x.com\/TheEpochTimesTR","https:\/\/www.instagram.com\/epochtimestr"]},{"@type":"Person","@id":"https:\/\/epochtimestr.com\/#\/schema\/person\/3dc5c3adeb9f43923c5aa85889172fdd","name":"Haber Merkezi","image":{"@type":"ImageObject","inLanguage":"tr","@id":"https:\/\/epochtimestr.com\/#\/schema\/person\/image\/","url":"https:\/\/secure.gravatar.com\/avatar\/d73f772ba5a74f28601361e17c2f93e6?s=96&d=mm&r=g","contentUrl":"https:\/\/secure.gravatar.com\/avatar\/d73f772ba5a74f28601361e17c2f93e6?s=96&d=mm&r=g","caption":"Haber Merkezi"},"url":"https:\/\/epochtimestr.com\/index.php\/author\/sendag"}]}},"_links":{"self":[{"href":"https:\/\/epochtimestr.com\/index.php\/wp-json\/wp\/v2\/posts\/168702"}],"collection":[{"href":"https:\/\/epochtimestr.com\/index.php\/wp-json\/wp\/v2\/posts"}],"about":[{"href":"https:\/\/epochtimestr.com\/index.php\/wp-json\/wp\/v2\/types\/post"}],"author":[{"embeddable":true,"href":"https:\/\/epochtimestr.com\/index.php\/wp-json\/wp\/v2\/users\/12791"}],"replies":[{"embeddable":true,"href":"https:\/\/epochtimestr.com\/index.php\/wp-json\/wp\/v2\/comments?post=168702"}],"version-history":[{"count":2,"href":"https:\/\/epochtimestr.com\/index.php\/wp-json\/wp\/v2\/posts\/168702\/revisions"}],"predecessor-version":[{"id":168709,"href":"https:\/\/epochtimestr.com\/index.php\/wp-json\/wp\/v2\/posts\/168702\/revisions\/168709"}],"wp:featuredmedia":[{"embeddable":true,"href":"https:\/\/epochtimestr.com\/index.php\/wp-json\/wp\/v2\/media\/168703"}],"wp:attachment":[{"href":"https:\/\/epochtimestr.com\/index.php\/wp-json\/wp\/v2\/media?parent=168702"}],"wp:term":[{"taxonomy":"category","embeddable":true,"href":"https:\/\/epochtimestr.com\/index.php\/wp-json\/wp\/v2\/categories?post=168702"},{"taxonomy":"post_tag","embeddable":true,"href":"https:\/\/epochtimestr.com\/index.php\/wp-json\/wp\/v2\/tags?post=168702"}],"curies":[{"name":"wp","href":"https:\/\/api.w.org\/{rel}","templated":true}]}}