{"id":168705,"date":"2026-07-15T20:52:46","date_gmt":"2026-07-15T17:52:46","guid":{"rendered":"https:\/\/epochtimestr.com\/?p=168705"},"modified":"2026-07-15T20:54:34","modified_gmt":"2026-07-15T17:54:34","slug":"akpli-ilce-baskani-avukat-cihan-yavuz-gorevden-alindi","status":"publish","type":"post","link":"https:\/\/epochtimestr.com\/index.php\/akpli-ilce-baskani-avukat-cihan-yavuz-gorevden-alindi","title":{"rendered":"AKP&#8217;li \u0130l\u00e7e Ba\u015fkan\u0131 Avukat Cihan Yavuz G\u00f6revden Al\u0131nd\u0131"},"content":{"rendered":"<div class=\"wp-block-image\">\n<figure class=\"aligncenter size-full is-resized\"><img loading=\"lazy\" decoding=\"async\" width=\"1280\" height=\"720\" src=\"https:\/\/epochtimestr.com\/wp-content\/uploads\/2011y\/tanju-ozcan.webp\" alt=\"Tanju \u00d6zcan'\u0131n '\u015eantaj' davas\u0131nda AKP'li \u0130l\u00e7e Ba\u015fkan\u0131 avukat Cihan Yavuz g\u00f6revden al\u0131nd\u0131 (Foto\u011fraf: Bolu Belediyesi web sitesi)\" class=\"wp-image-168706\" style=\"width:840px;height:auto\" srcset=\"https:\/\/epochtimestr.com\/wp-content\/uploads\/2011y\/tanju-ozcan.webp 1280w, https:\/\/epochtimestr.com\/wp-content\/uploads\/2011y\/tanju-ozcan-300x169.webp 300w, https:\/\/epochtimestr.com\/wp-content\/uploads\/2011y\/tanju-ozcan-150x84.webp 150w, https:\/\/epochtimestr.com\/wp-content\/uploads\/2011y\/tanju-ozcan-768x432.webp 768w\" sizes=\"(max-width: 1280px) 100vw, 1280px\" \/><figcaption class=\"wp-element-caption\">Tanju \u00d6zcan&#8217;\u0131n &#8216;\u015eantaj&#8217; davas\u0131nda AKP&#8217;li \u0130l\u00e7e Ba\u015fkan\u0131 avukat Cihan Yavuz g\u00f6revden al\u0131nd\u0131 (Foto\u011fraf: Bolu Belediyesi web sitesi)<\/figcaption><\/figure><\/div>\n\n\n<h2 class=\"wp-block-heading\">Bolu belediye ba\u015fkan\u0131 Tanju \u00d6zcan&#8217;\u0131n hem \u015fikayet\u00e7i hem san\u0131k oldu\u011fu \u015fantaj davas\u0131nda bir geli\u015fme ya\u015fand\u0131.<\/h2>\n\n\n\n<p>G\u00f6revden uzakla\u015ft\u0131r\u0131lan ve halihaz\u0131rda Sincan Cezaevi&#8217;nde tutuklu bulunan Bolu Belediye Ba\u015fkan\u0131 <a href=\"https:\/\/epochtimestr.com\/index.php\/hakkinda-sorusturma-acilan-tanju-ozcandan-aciklama\">Tanju \u00d6zcan&#8217;<\/a>\u0131n yarg\u0131land\u0131\u011f\u0131 \u015fantaj ve cinsel istismar dosyas\u0131 d\u0131\u015f\u0131nda, &#8220;irtikap&#8221; ve &#8220;nitelikli doland\u0131r\u0131c\u0131l\u0131k&#8221; dosyalar\u0131 nedeniyle cezaevindeki tutuklulu\u011fu s\u00fcr\u00fcyor. \u00d6zcan taraf\u0131ndan cinsel sald\u0131r\u0131ya u\u011frad\u0131\u011f\u0131n\u0131 iddia eden kad\u0131n belediye \u00e7al\u0131\u015fan\u0131n\u0131n avukatl\u0131\u011f\u0131n\u0131 \u00fcstlenen AKP Bolu Merkez \u0130l\u00e7e Ba\u015fkan\u0131 Cihan Yavuz, partisindeki<br \/>g\u00f6revinden al\u0131nd\u0131.<\/p>\n\n\n\n<p>Bolu Belediye Ba\u015fkan\u0131 Tanju \u00d6zcan hakk\u0131nda y\u00fcr\u00fct\u00fclen &#8220;kamu g\u00f6revinin sa\u011flad\u0131\u011f\u0131 n\u00fcfuzu k\u00f6t\u00fcye kullanmak suretiyle nitelikli cinsel sald\u0131r\u0131&#8221; soru\u015fturmas\u0131nda avukatlar\u0131n\u0131n s\u00f6z konusu dosya kapsam\u0131nda yap\u0131lan tutuklulu\u011fa itiraz ba\u015fvurusu <a href=\"https:\/\/epochtimestr.com\/index.php\/huseyin-can-guner-tutuklama-talebi-ile-mahkemeye-sevk-edildi\" target=\"_blank\" rel=\"noreferrer noopener\">mahkeme<\/a> taraf\u0131ndan de\u011ferlendirildi.<\/p>\n\n\n\n<p>G\u00f6revden uzakla\u015ft\u0131r\u0131lan ve halihaz\u0131rda Sincan Cezaevi&#8217;nde tutuklu bulunan Bolu Belediye Ba\u015fkan\u0131 Tanju \u00d6zcan&#8217;\u0131n yarg\u0131land\u0131\u011f\u0131 \u015fantaj ve cinsel sald\u0131r\u0131 davas\u0131nda, mahkemeler aras\u0131 dosya birle\u015ftirme uyu\u015fmazl\u0131\u011f\u0131n\u0131n \u00e7\u00f6z\u00fcm\u00fc B\u00f6lge Adliye Mahkemesi&#8217;ne b\u0131rak\u0131ld\u0131.<\/p>\n\n\n\n<p>Bolu 6. Asliye Ceza Mahkemesi, \u00d6zcan&#8217;\u0131n \u015fantaj ve cinsel sald\u0131r\u0131 dosyalar\u0131n\u0131 tek bir \u00e7at\u0131 alt\u0131nda birle\u015ftirmek amac\u0131yla Bolu 2. A\u011f\u0131r Ceza Mahkemesi\u2019ne sevk etmi\u015fti. Ya\u015fanan \u00e7ok y\u00f6nl\u00fc hukuki geli\u015fmelerin ard\u0131ndan mahkeme heyeti, davay\u0131 25 Aral\u0131k tarihine erteledi.<\/p>\n\n\n\n<p>Bolu yerel medya bas\u0131n\u0131nda yer alan haberlere g\u00f6re;<\/p>\n\n\n\n<p>Bolu Belediye Ba\u015fkan\u0131 Tanju \u00d6zcan\u2019\u0131n \u015fikayeti \u00fczerine a\u00e7\u0131lan ve kamuoyunda &#8220;Mavi\u015f davas\u0131&#8221; olarak bilinen \u015fantaj davas\u0131nda, san\u0131k \u00d6znur \u00c7a\u011fal\u0131\u2019n\u0131n avukatl\u0131\u011f\u0131n\u0131 \u00fcstlenerek \u015fim\u015fekleri \u00fczerine \u00e7eken <a href=\"https:\/\/epochtimestr.com\/index.php\/chp-genel-baskani-ozgur-ozel-ak-parti-artik-iktidar-degil-bir-vesayet-odagidir\" target=\"_blank\" rel=\"noreferrer noopener\">AK Parti <\/a>Bolu Merkez \u0130l\u00e7e Ba\u015fkan\u0131 Cihan Yavuz g\u00f6revden al\u0131nd\u0131.<\/p>\n\n\n\n<p>Bolu Belediye Ba\u015fkan\u0131 Tanju \u00d6zcan&#8217;\u0131n bizzat \u015fikayet\u00e7i oldu\u011fu ve kamuoyunun yak\u0131ndan takip etti\u011fi &#8220;Mavi\u015f&#8221; lakapl\u0131 \u015fantaj davas\u0131, siyasi arenada beklenmedik bir cephe a\u00e7t\u0131. Davada yarg\u0131lanan san\u0131k \u00d6znur \u00c7a\u011fal\u0131&#8217;n\u0131n savunmas\u0131n\u0131, iktidar partisinin kilit isimlerinden biri olan AK Parti Merkez \u0130l\u00e7e Ba\u015fkan\u0131 Cihan Yavuz&#8217;un \u00fcstlenmesi b\u00fcy\u00fck bir tepki \u00e7ekti.<\/p>\n\n\n\n<p>Gelen yo\u011fun tepkiler ve Bolu kamuoyunda olu\u015fan rahats\u0131zl\u0131k \u00fczerine AK Parti Genel Merkezi siyasi etik ve parti disiplini \u00e7er\u00e7evesinde yap\u0131lan de\u011ferlendirmeler sonucunda, Cihan Yavuz&#8217;un tak\u0131nd\u0131\u011f\u0131 bu tutumun partinin kurumsal kimli\u011fine zarar verdi\u011fi kanaatine vard\u0131. Yavuz&#8217;un, &#8220;parti disiplinine ayk\u0131r\u0131 hareket etmesi&#8221; temel gerek\u00e7e g\u00f6sterilerek Merkez \u0130l\u00e7e Ba\u015fkanl\u0131\u011f\u0131 g\u00f6revinden istifas\u0131 al\u0131nd\u0131.<\/p>\n","protected":false},"excerpt":{"rendered":"<p>Bolu belediye ba\u015fkan\u0131 Tanju \u00d6zcan&#8217;\u0131n hem \u015fikayet\u00e7i hem san\u0131k oldu\u011fu \u015fantaj davas\u0131nda bir geli\u015fme ya\u015fand\u0131. G\u00f6revden uzakla\u015ft\u0131r\u0131lan ve halihaz\u0131rda Sincan Cezaevi&#8217;nde tutuklu bulunan Bolu Belediye Ba\u015fkan\u0131 Tanju \u00d6zcan&#8217;\u0131n yarg\u0131land\u0131\u011f\u0131 \u015fantaj ve cinsel istismar dosyas\u0131 d\u0131\u015f\u0131nda, &#8220;irtikap&#8221; ve &#8220;nitelikli doland\u0131r\u0131c\u0131l\u0131k&#8221; dosyalar\u0131 nedeniyle cezaevindeki tutuklulu\u011fu s\u00fcr\u00fcyor. \u00d6zcan taraf\u0131ndan cinsel sald\u0131r\u0131ya u\u011frad\u0131\u011f\u0131n\u0131 iddia eden kad\u0131n belediye \u00e7al\u0131\u015fan\u0131n\u0131n avukatl\u0131\u011f\u0131n\u0131 [&hellip;]<\/p>\n","protected":false},"author":12791,"featured_media":168706,"comment_status":"open","ping_status":"open","sticky":false,"template":"","format":"standard","meta":{"_yoast_wpseo_focuskw":"Cihan Yavuz","_yoast_wpseo_title":"","_yoast_wpseo_metadesc":"Bolu belediye ba\u015fkan\u0131 Tanju \u00d6zcan davas\u0131nda avukatl\u0131k yapan AKP Bolu Merkez \u0130l\u00e7e Ba\u015fkan\u0131 Cihan Yavuz, partisindeki g\u00f6revinden al\u0131nd\u0131.","_bbp_topic_count":0,"_bbp_reply_count":0,"_bbp_total_topic_count":0,"_bbp_total_reply_count":0,"_bbp_voice_count":0,"_bbp_anonymous_reply_count":0,"_bbp_topic_count_hidden":0,"_bbp_reply_count_hidden":0,"_bbp_forum_subforum_count":0,"footnotes":"","_yoast_wpseo_focuskw_text_input":""},"categories":[1,8138,8226,37],"tags":[1017,11734,11736,6464],"yoast_head":"<!-- This site is optimized with the Yoast SEO plugin v23.0 - https:\/\/yoast.com\/wordpress\/plugins\/seo\/ -->\n<title>AKP&#039;li \u0130l\u00e7e Ba\u015fkan\u0131 Avukat Cihan Yavuz G\u00f6revden Al\u0131nd\u0131 - The Epoch Times TR<\/title>\n<meta name=\"description\" content=\"Bolu belediye ba\u015fkan\u0131 Tanju \u00d6zcan davas\u0131nda avukatl\u0131k yapan AKP Bolu Merkez \u0130l\u00e7e Ba\u015fkan\u0131 Cihan Yavuz, partisindeki g\u00f6revinden al\u0131nd\u0131.\" \/>\n<meta name=\"robots\" content=\"index, follow, max-snippet:-1, max-image-preview:large, max-video-preview:-1\" \/>\n<link rel=\"canonical\" href=\"https:\/\/epochtimestr.com\/index.php\/akpli-ilce-baskani-avukat-cihan-yavuz-gorevden-alindi\" \/>\n<meta property=\"og:locale\" content=\"tr_TR\" \/>\n<meta property=\"og:type\" content=\"article\" \/>\n<meta property=\"og:title\" content=\"AKP&#039;li \u0130l\u00e7e Ba\u015fkan\u0131 Avukat Cihan Yavuz G\u00f6revden Al\u0131nd\u0131 - The Epoch Times TR\" \/>\n<meta property=\"og:description\" content=\"Bolu belediye ba\u015fkan\u0131 Tanju \u00d6zcan davas\u0131nda avukatl\u0131k yapan AKP Bolu Merkez \u0130l\u00e7e Ba\u015fkan\u0131 Cihan Yavuz, partisindeki g\u00f6revinden al\u0131nd\u0131.\" \/>\n<meta property=\"og:url\" content=\"https:\/\/epochtimestr.com\/index.php\/akpli-ilce-baskani-avukat-cihan-yavuz-gorevden-alindi\" \/>\n<meta property=\"og:site_name\" content=\"The Epoch Times TR\" \/>\n<meta property=\"article:publisher\" content=\"https:\/\/www.facebook.com\/theepochtimestr\" \/>\n<meta property=\"article:published_time\" content=\"2026-07-15T17:52:46+00:00\" \/>\n<meta property=\"article:modified_time\" content=\"2026-07-15T17:54:34+00:00\" \/>\n<meta property=\"og:image\" content=\"https:\/\/epochtimestr.com\/wp-content\/uploads\/2011y\/tanju-ozcan.webp\" \/>\n\t<meta property=\"og:image:width\" content=\"1280\" \/>\n\t<meta property=\"og:image:height\" content=\"720\" \/>\n\t<meta property=\"og:image:type\" content=\"image\/webp\" \/>\n<meta name=\"author\" content=\"Haber Merkezi\" \/>\n<meta name=\"twitter:card\" content=\"summary_large_image\" \/>\n<meta name=\"twitter:creator\" content=\"@TheEpochTimesTR\" \/>\n<meta name=\"twitter:site\" content=\"@TheEpochTimesTR\" \/>\n<meta name=\"twitter:label1\" content=\"Yazan:\" \/>\n\t<meta name=\"twitter:data1\" content=\"Haber Merkezi\" \/>\n\t<meta name=\"twitter:label2\" content=\"Tahmini okuma s\u00fcresi\" \/>\n\t<meta name=\"twitter:data2\" content=\"3 dakika\" \/>\n<script type=\"application\/ld+json\" class=\"yoast-schema-graph\">{\"@context\":\"https:\/\/schema.org\",\"@graph\":[{\"@type\":\"Article\",\"@id\":\"https:\/\/epochtimestr.com\/index.php\/akpli-ilce-baskani-avukat-cihan-yavuz-gorevden-alindi#article\",\"isPartOf\":{\"@id\":\"https:\/\/epochtimestr.com\/index.php\/akpli-ilce-baskani-avukat-cihan-yavuz-gorevden-alindi\"},\"author\":{\"name\":\"Haber Merkezi\",\"@id\":\"https:\/\/epochtimestr.com\/#\/schema\/person\/3dc5c3adeb9f43923c5aa85889172fdd\"},\"headline\":\"AKP&#8217;li \u0130l\u00e7e Ba\u015fkan\u0131 Avukat Cihan Yavuz G\u00f6revden Al\u0131nd\u0131\",\"datePublished\":\"2026-07-15T17:52:46+00:00\",\"dateModified\":\"2026-07-15T17:54:34+00:00\",\"mainEntityOfPage\":{\"@id\":\"https:\/\/epochtimestr.com\/index.php\/akpli-ilce-baskani-avukat-cihan-yavuz-gorevden-alindi\"},\"wordCount\":476,\"commentCount\":0,\"publisher\":{\"@id\":\"https:\/\/epochtimestr.com\/#organization\"},\"image\":{\"@id\":\"https:\/\/epochtimestr.com\/index.php\/akpli-ilce-baskani-avukat-cihan-yavuz-gorevden-alindi#primaryimage\"},\"thumbnailUrl\":\"https:\/\/epochtimestr.com\/wp-content\/uploads\/2011y\/tanju-ozcan.webp\",\"keywords\":[\"AKP\",\"bolu belediyesi\",\"Cihan Yavuz\",\"Tanju \u00c7olak\"],\"articleSection\":[\"G\u00dcNDEM\",\"MAN\u015eET\",\"Siyaset\",\"T\u00dcRK\u0130YE\"],\"inLanguage\":\"tr\",\"potentialAction\":[{\"@type\":\"CommentAction\",\"name\":\"Comment\",\"target\":[\"https:\/\/epochtimestr.com\/index.php\/akpli-ilce-baskani-avukat-cihan-yavuz-gorevden-alindi#respond\"]}]},{\"@type\":\"WebPage\",\"@id\":\"https:\/\/epochtimestr.com\/index.php\/akpli-ilce-baskani-avukat-cihan-yavuz-gorevden-alindi\",\"url\":\"https:\/\/epochtimestr.com\/index.php\/akpli-ilce-baskani-avukat-cihan-yavuz-gorevden-alindi\",\"name\":\"AKP'li \u0130l\u00e7e Ba\u015fkan\u0131 Avukat Cihan Yavuz G\u00f6revden Al\u0131nd\u0131 - The Epoch Times TR\",\"isPartOf\":{\"@id\":\"https:\/\/epochtimestr.com\/#website\"},\"primaryImageOfPage\":{\"@id\":\"https:\/\/epochtimestr.com\/index.php\/akpli-ilce-baskani-avukat-cihan-yavuz-gorevden-alindi#primaryimage\"},\"image\":{\"@id\":\"https:\/\/epochtimestr.com\/index.php\/akpli-ilce-baskani-avukat-cihan-yavuz-gorevden-alindi#primaryimage\"},\"thumbnailUrl\":\"https:\/\/epochtimestr.com\/wp-content\/uploads\/2011y\/tanju-ozcan.webp\",\"datePublished\":\"2026-07-15T17:52:46+00:00\",\"dateModified\":\"2026-07-15T17:54:34+00:00\",\"description\":\"Bolu belediye ba\u015fkan\u0131 Tanju \u00d6zcan davas\u0131nda avukatl\u0131k yapan AKP Bolu Merkez \u0130l\u00e7e Ba\u015fkan\u0131 Cihan Yavuz, partisindeki g\u00f6revinden al\u0131nd\u0131.\",\"inLanguage\":\"tr\",\"potentialAction\":[{\"@type\":\"ReadAction\",\"target\":[\"https:\/\/epochtimestr.com\/index.php\/akpli-ilce-baskani-avukat-cihan-yavuz-gorevden-alindi\"]}]},{\"@type\":\"ImageObject\",\"inLanguage\":\"tr\",\"@id\":\"https:\/\/epochtimestr.com\/index.php\/akpli-ilce-baskani-avukat-cihan-yavuz-gorevden-alindi#primaryimage\",\"url\":\"https:\/\/epochtimestr.com\/wp-content\/uploads\/2011y\/tanju-ozcan.webp\",\"contentUrl\":\"https:\/\/epochtimestr.com\/wp-content\/uploads\/2011y\/tanju-ozcan.webp\",\"width\":1280,\"height\":720},{\"@type\":\"WebSite\",\"@id\":\"https:\/\/epochtimestr.com\/#website\",\"url\":\"https:\/\/epochtimestr.com\/\",\"name\":\"The Epoch Times TR\",\"description\":\"De\u011fi\u015fen D\u00fcnyam\u0131za Taze Bir Bak\u0131\u015f\",\"publisher\":{\"@id\":\"https:\/\/epochtimestr.com\/#organization\"},\"potentialAction\":[{\"@type\":\"SearchAction\",\"target\":{\"@type\":\"EntryPoint\",\"urlTemplate\":\"https:\/\/epochtimestr.com\/?s={search_term_string}\"},\"query-input\":\"required name=search_term_string\"}],\"inLanguage\":\"tr\"},{\"@type\":\"Organization\",\"@id\":\"https:\/\/epochtimestr.com\/#organization\",\"name\":\"The EpochTimes T\u00fcrkiye\",\"url\":\"https:\/\/epochtimestr.com\/\",\"logo\":{\"@type\":\"ImageObject\",\"inLanguage\":\"tr\",\"@id\":\"https:\/\/epochtimestr.com\/#\/schema\/logo\/image\/\",\"url\":\"https:\/\/epochtimestr.com\/wp-content\/uploads\/2011y\/ET-Logo-YG.jpg\",\"contentUrl\":\"https:\/\/epochtimestr.com\/wp-content\/uploads\/2011y\/ET-Logo-YG.jpg\",\"width\":346,\"height\":29,\"caption\":\"The EpochTimes T\u00fcrkiye\"},\"image\":{\"@id\":\"https:\/\/epochtimestr.com\/#\/schema\/logo\/image\/\"},\"sameAs\":[\"https:\/\/www.facebook.com\/theepochtimestr\",\"https:\/\/x.com\/TheEpochTimesTR\",\"https:\/\/www.instagram.com\/epochtimestr\"]},{\"@type\":\"Person\",\"@id\":\"https:\/\/epochtimestr.com\/#\/schema\/person\/3dc5c3adeb9f43923c5aa85889172fdd\",\"name\":\"Haber Merkezi\",\"image\":{\"@type\":\"ImageObject\",\"inLanguage\":\"tr\",\"@id\":\"https:\/\/epochtimestr.com\/#\/schema\/person\/image\/\",\"url\":\"https:\/\/secure.gravatar.com\/avatar\/d73f772ba5a74f28601361e17c2f93e6?s=96&d=mm&r=g\",\"contentUrl\":\"https:\/\/secure.gravatar.com\/avatar\/d73f772ba5a74f28601361e17c2f93e6?s=96&d=mm&r=g\",\"caption\":\"Haber Merkezi\"},\"url\":\"https:\/\/epochtimestr.com\/index.php\/author\/sendag\"}]}<\/script>\n<!-- \/ Yoast SEO plugin. -->","yoast_head_json":{"title":"AKP'li \u0130l\u00e7e Ba\u015fkan\u0131 Avukat Cihan Yavuz G\u00f6revden Al\u0131nd\u0131 - The Epoch Times TR","description":"Bolu belediye ba\u015fkan\u0131 Tanju \u00d6zcan davas\u0131nda avukatl\u0131k yapan AKP Bolu Merkez \u0130l\u00e7e Ba\u015fkan\u0131 Cihan Yavuz, partisindeki g\u00f6revinden al\u0131nd\u0131.","robots":{"index":"index","follow":"follow","max-snippet":"max-snippet:-1","max-image-preview":"max-image-preview:large","max-video-preview":"max-video-preview:-1"},"canonical":"https:\/\/epochtimestr.com\/index.php\/akpli-ilce-baskani-avukat-cihan-yavuz-gorevden-alindi","og_locale":"tr_TR","og_type":"article","og_title":"AKP'li \u0130l\u00e7e Ba\u015fkan\u0131 Avukat Cihan Yavuz G\u00f6revden Al\u0131nd\u0131 - The Epoch Times TR","og_description":"Bolu belediye ba\u015fkan\u0131 Tanju \u00d6zcan davas\u0131nda avukatl\u0131k yapan AKP Bolu Merkez \u0130l\u00e7e Ba\u015fkan\u0131 Cihan Yavuz, partisindeki g\u00f6revinden al\u0131nd\u0131.","og_url":"https:\/\/epochtimestr.com\/index.php\/akpli-ilce-baskani-avukat-cihan-yavuz-gorevden-alindi","og_site_name":"The Epoch Times TR","article_publisher":"https:\/\/www.facebook.com\/theepochtimestr","article_published_time":"2026-07-15T17:52:46+00:00","article_modified_time":"2026-07-15T17:54:34+00:00","og_image":[{"width":1280,"height":720,"url":"https:\/\/epochtimestr.com\/wp-content\/uploads\/2011y\/tanju-ozcan.webp","type":"image\/webp"}],"author":"Haber Merkezi","twitter_card":"summary_large_image","twitter_creator":"@TheEpochTimesTR","twitter_site":"@TheEpochTimesTR","twitter_misc":{"Yazan:":"Haber Merkezi","Tahmini okuma s\u00fcresi":"3 dakika"},"schema":{"@context":"https:\/\/schema.org","@graph":[{"@type":"Article","@id":"https:\/\/epochtimestr.com\/index.php\/akpli-ilce-baskani-avukat-cihan-yavuz-gorevden-alindi#article","isPartOf":{"@id":"https:\/\/epochtimestr.com\/index.php\/akpli-ilce-baskani-avukat-cihan-yavuz-gorevden-alindi"},"author":{"name":"Haber Merkezi","@id":"https:\/\/epochtimestr.com\/#\/schema\/person\/3dc5c3adeb9f43923c5aa85889172fdd"},"headline":"AKP&#8217;li \u0130l\u00e7e Ba\u015fkan\u0131 Avukat Cihan Yavuz G\u00f6revden Al\u0131nd\u0131","datePublished":"2026-07-15T17:52:46+00:00","dateModified":"2026-07-15T17:54:34+00:00","mainEntityOfPage":{"@id":"https:\/\/epochtimestr.com\/index.php\/akpli-ilce-baskani-avukat-cihan-yavuz-gorevden-alindi"},"wordCount":476,"commentCount":0,"publisher":{"@id":"https:\/\/epochtimestr.com\/#organization"},"image":{"@id":"https:\/\/epochtimestr.com\/index.php\/akpli-ilce-baskani-avukat-cihan-yavuz-gorevden-alindi#primaryimage"},"thumbnailUrl":"https:\/\/epochtimestr.com\/wp-content\/uploads\/2011y\/tanju-ozcan.webp","keywords":["AKP","bolu belediyesi","Cihan Yavuz","Tanju \u00c7olak"],"articleSection":["G\u00dcNDEM","MAN\u015eET","Siyaset","T\u00dcRK\u0130YE"],"inLanguage":"tr","potentialAction":[{"@type":"CommentAction","name":"Comment","target":["https:\/\/epochtimestr.com\/index.php\/akpli-ilce-baskani-avukat-cihan-yavuz-gorevden-alindi#respond"]}]},{"@type":"WebPage","@id":"https:\/\/epochtimestr.com\/index.php\/akpli-ilce-baskani-avukat-cihan-yavuz-gorevden-alindi","url":"https:\/\/epochtimestr.com\/index.php\/akpli-ilce-baskani-avukat-cihan-yavuz-gorevden-alindi","name":"AKP'li \u0130l\u00e7e Ba\u015fkan\u0131 Avukat Cihan Yavuz G\u00f6revden Al\u0131nd\u0131 - The Epoch Times TR","isPartOf":{"@id":"https:\/\/epochtimestr.com\/#website"},"primaryImageOfPage":{"@id":"https:\/\/epochtimestr.com\/index.php\/akpli-ilce-baskani-avukat-cihan-yavuz-gorevden-alindi#primaryimage"},"image":{"@id":"https:\/\/epochtimestr.com\/index.php\/akpli-ilce-baskani-avukat-cihan-yavuz-gorevden-alindi#primaryimage"},"thumbnailUrl":"https:\/\/epochtimestr.com\/wp-content\/uploads\/2011y\/tanju-ozcan.webp","datePublished":"2026-07-15T17:52:46+00:00","dateModified":"2026-07-15T17:54:34+00:00","description":"Bolu belediye ba\u015fkan\u0131 Tanju \u00d6zcan davas\u0131nda avukatl\u0131k yapan AKP Bolu Merkez \u0130l\u00e7e Ba\u015fkan\u0131 Cihan Yavuz, partisindeki g\u00f6revinden al\u0131nd\u0131.","inLanguage":"tr","potentialAction":[{"@type":"ReadAction","target":["https:\/\/epochtimestr.com\/index.php\/akpli-ilce-baskani-avukat-cihan-yavuz-gorevden-alindi"]}]},{"@type":"ImageObject","inLanguage":"tr","@id":"https:\/\/epochtimestr.com\/index.php\/akpli-ilce-baskani-avukat-cihan-yavuz-gorevden-alindi#primaryimage","url":"https:\/\/epochtimestr.com\/wp-content\/uploads\/2011y\/tanju-ozcan.webp","contentUrl":"https:\/\/epochtimestr.com\/wp-content\/uploads\/2011y\/tanju-ozcan.webp","width":1280,"height":720},{"@type":"WebSite","@id":"https:\/\/epochtimestr.com\/#website","url":"https:\/\/epochtimestr.com\/","name":"The Epoch Times TR","description":"De\u011fi\u015fen D\u00fcnyam\u0131za Taze Bir Bak\u0131\u015f","publisher":{"@id":"https:\/\/epochtimestr.com\/#organization"},"potentialAction":[{"@type":"SearchAction","target":{"@type":"EntryPoint","urlTemplate":"https:\/\/epochtimestr.com\/?s={search_term_string}"},"query-input":"required name=search_term_string"}],"inLanguage":"tr"},{"@type":"Organization","@id":"https:\/\/epochtimestr.com\/#organization","name":"The EpochTimes T\u00fcrkiye","url":"https:\/\/epochtimestr.com\/","logo":{"@type":"ImageObject","inLanguage":"tr","@id":"https:\/\/epochtimestr.com\/#\/schema\/logo\/image\/","url":"https:\/\/epochtimestr.com\/wp-content\/uploads\/2011y\/ET-Logo-YG.jpg","contentUrl":"https:\/\/epochtimestr.com\/wp-content\/uploads\/2011y\/ET-Logo-YG.jpg","width":346,"height":29,"caption":"The EpochTimes T\u00fcrkiye"},"image":{"@id":"https:\/\/epochtimestr.com\/#\/schema\/logo\/image\/"},"sameAs":["https:\/\/www.facebook.com\/theepochtimestr","https:\/\/x.com\/TheEpochTimesTR","https:\/\/www.instagram.com\/epochtimestr"]},{"@type":"Person","@id":"https:\/\/epochtimestr.com\/#\/schema\/person\/3dc5c3adeb9f43923c5aa85889172fdd","name":"Haber Merkezi","image":{"@type":"ImageObject","inLanguage":"tr","@id":"https:\/\/epochtimestr.com\/#\/schema\/person\/image\/","url":"https:\/\/secure.gravatar.com\/avatar\/d73f772ba5a74f28601361e17c2f93e6?s=96&d=mm&r=g","contentUrl":"https:\/\/secure.gravatar.com\/avatar\/d73f772ba5a74f28601361e17c2f93e6?s=96&d=mm&r=g","caption":"Haber Merkezi"},"url":"https:\/\/epochtimestr.com\/index.php\/author\/sendag"}]}},"_links":{"self":[{"href":"https:\/\/epochtimestr.com\/index.php\/wp-json\/wp\/v2\/posts\/168705"}],"collection":[{"href":"https:\/\/epochtimestr.com\/index.php\/wp-json\/wp\/v2\/posts"}],"about":[{"href":"https:\/\/epochtimestr.com\/index.php\/wp-json\/wp\/v2\/types\/post"}],"author":[{"embeddable":true,"href":"https:\/\/epochtimestr.com\/index.php\/wp-json\/wp\/v2\/users\/12791"}],"replies":[{"embeddable":true,"href":"https:\/\/epochtimestr.com\/index.php\/wp-json\/wp\/v2\/comments?post=168705"}],"version-history":[{"count":5,"href":"https:\/\/epochtimestr.com\/index.php\/wp-json\/wp\/v2\/posts\/168705\/revisions"}],"predecessor-version":[{"id":168714,"href":"https:\/\/epochtimestr.com\/index.php\/wp-json\/wp\/v2\/posts\/168705\/revisions\/168714"}],"wp:featuredmedia":[{"embeddable":true,"href":"https:\/\/epochtimestr.com\/index.php\/wp-json\/wp\/v2\/media\/168706"}],"wp:attachment":[{"href":"https:\/\/epochtimestr.com\/index.php\/wp-json\/wp\/v2\/media?parent=168705"}],"wp:term":[{"taxonomy":"category","embeddable":true,"href":"https:\/\/epochtimestr.com\/index.php\/wp-json\/wp\/v2\/categories?post=168705"},{"taxonomy":"post_tag","embeddable":true,"href":"https:\/\/epochtimestr.com\/index.php\/wp-json\/wp\/v2\/tags?post=168705"}],"curies":[{"name":"wp","href":"https:\/\/api.w.org\/{rel}","templated":true}]}}