{"id":168725,"date":"2026-07-16T08:21:19","date_gmt":"2026-07-16T05:21:19","guid":{"rendered":"https:\/\/epochtimestr.com\/?p=168725"},"modified":"2026-07-16T08:21:21","modified_gmt":"2026-07-16T05:21:21","slug":"btknin-yetkileri-siber-guvenlik-baskanligina-geciyor","status":"publish","type":"post","link":"https:\/\/epochtimestr.com\/index.php\/btknin-yetkileri-siber-guvenlik-baskanligina-geciyor","title":{"rendered":"BTK&#8217;n\u0131n Yetkileri Siber G\u00fcvenlik Ba\u015fkanl\u0131\u011f\u0131&#8217;na Ge\u00e7iyor"},"content":{"rendered":"<div class=\"wp-block-image\">\n<figure class=\"aligncenter size-full\"><img loading=\"lazy\" decoding=\"async\" width=\"1280\" height=\"854\" src=\"https:\/\/epochtimestr.com\/wp-content\/uploads\/2011y\/btk.jpg\" alt=\"\" class=\"wp-image-168726\" srcset=\"https:\/\/epochtimestr.com\/wp-content\/uploads\/2011y\/btk.jpg 1280w, https:\/\/epochtimestr.com\/wp-content\/uploads\/2011y\/btk-300x200.jpg 300w, https:\/\/epochtimestr.com\/wp-content\/uploads\/2011y\/btk-150x100.jpg 150w, https:\/\/epochtimestr.com\/wp-content\/uploads\/2011y\/btk-768x512.jpg 768w\" sizes=\"(max-width: 1280px) 100vw, 1280px\" \/><figcaption class=\"wp-element-caption\">BTK&#8217;n\u0131n yetkileri Siber G\u00fcvenlik Ba\u015fkanl\u0131\u011f\u0131&#8217;na ge\u00e7iyor. (Foto\u011fraf: r-q, Pixabay)<\/figcaption><\/figure><\/div>\n\n\n<h2 class=\"wp-block-heading\">Bilgi Teknolojileri ve \u0130leti\u015fim Kurumu (BTK)&#8217;nun internet yetkilerini Siber G\u00fcvenlik Ba\u015fkanl\u0131\u011f\u0131&#8217;na devreden maddeler Komisyon&#8217;dan ge\u00e7ti.<\/h2>\n\n\n\n<p><a href=\"https:\/\/epochtimestr.com\/index.php\/x-hesabi-engellenen-imamoglundan-ilk-aciklama\" target=\"_blank\" rel=\"noreferrer noopener\">Bilgi Teknolojileri ve \u0130leti\u015fim Kurumu<\/a>&#8216;nun (BTK) internet yetkilerini <a href=\"https:\/\/epochtimestr.com\/index.php\/yeni-tehlike-siber-feto\" target=\"_blank\" rel=\"noreferrer noopener\">Siber G\u00fcvenlik Ba\u015fkanl\u0131\u011f\u0131<\/a>&#8216;na devreden maddeler Komisyon&#8217;dan ge\u00e7ti. TBMM\u2019ye sunulan yeni kanun teklifiyle birlikte, siber g\u00fcvenlik, veri ak\u0131\u015f\u0131 ve dijital g\u00fcvenlik s\u00fcre\u00e7lerinde oyun sekt\u00f6r\u00fc, Cumhurba\u015fkanl\u0131\u011f\u0131 b\u00fcnyesinde yeni kurulan Siber G\u00fcvenlik Ba\u015fkanl\u0131\u011f\u0131&#8217;n\u0131n kontrol\u00fcnde olacak.<\/p>\n\n\n\n<p>T\u00fcrkiye\u2019nin siber g\u00fcvenlik mimarisini tek bir \u00e7at\u0131 alt\u0131nda toplama amac\u0131 do\u011frultusunda, bug\u00fcne kadar \u00f6zel bir kurum olan BTK b\u00fcnyesinde bulunan siber g\u00fcvenlik altyap\u0131s\u0131 ile bu alanda uzmanla\u015fm\u0131\u015f personel kademeli olarak yeni kurulan Siber G\u00fcvenlik Ba\u015fkanl\u0131\u011f\u0131\u2019na devrediliyor.<\/p>\n\n\n\n<p>D\u00fczenleme, internet \u00fczerindeki denetim ve m\u00fcdahale yetkilerinin tek elde toplanaca\u011f\u0131 gerek\u00e7esiyle muhalefet ve dijital haklar savunucular\u0131n\u0131n ele\u015ftirilerine konu oldu. Ele\u015ftirilerde, teklifin ifade \u00f6zg\u00fcrl\u00fc\u011f\u00fc ve ki\u015fisel verilerin korunmas\u0131 a\u00e7\u0131s\u0131ndan riskler bar\u0131nd\u0131rd\u0131\u011f\u0131 belirtilirken, d\u00fczenleme i\u00e7in &#8220;sans\u00fcr ve g\u00f6zetim mekanizmas\u0131n\u0131 g\u00fc\u00e7lendirece\u011fi&#8221; de\u011ferlendirmeleri yap\u0131ld\u0131.<\/p>\n\n\n\n<p>\u0130fade \u00d6zg\u00fcrl\u00fc\u011f\u00fc Derne\u011fi (\u0130F\u00d6D), BTK\u2019n\u0131n \u0130nternet \u00fczerindeki yetkilerinin Siber G\u00fcvenlik Ba\u015fkanl\u0131\u011f\u0131na devredilerek eri\u015fim engelleme, i\u00e7erik denetimi, bant daraltma ve altyap\u0131 m\u00fcdahalesi yetkilerinin g\u00fcvenlik b\u00fcrokrasisinin elinde toplanmas\u0131na ili\u015fkin bir bas\u0131n a\u00e7\u0131klamas\u0131 yay\u0131mlayarak, teklifin denetimsiz bir \u201cu\u00e7tan uca sans\u00fcr ve g\u00f6zetim omurgas\u0131\u201d olu\u015fturdu\u011funu belirtti.<\/p>\n\n\n<div class=\"wp-block-image\">\n<figure class=\"aligncenter size-full\"><img loading=\"lazy\" decoding=\"async\" width=\"1715\" height=\"869\" src=\"https:\/\/epochtimestr.com\/wp-content\/uploads\/2011y\/ifod-1.png\" alt=\"\" class=\"wp-image-168729\" srcset=\"https:\/\/epochtimestr.com\/wp-content\/uploads\/2011y\/ifod-1.png 1715w, https:\/\/epochtimestr.com\/wp-content\/uploads\/2011y\/ifod-1-300x152.png 300w, https:\/\/epochtimestr.com\/wp-content\/uploads\/2011y\/ifod-1-150x76.png 150w, https:\/\/epochtimestr.com\/wp-content\/uploads\/2011y\/ifod-1-768x389.png 768w, https:\/\/epochtimestr.com\/wp-content\/uploads\/2011y\/ifod-1-1536x778.png 1536w\" sizes=\"(max-width: 1715px) 100vw, 1715px\" \/><figcaption class=\"wp-element-caption\">                                                                                     (Foto\u011fraf: \u0130F\u00d6D web sitesi)<\/figcaption><\/figure><\/div>\n\n\n<p><strong>\u0130F\u00d6D\u2019\u00fcn teklifi anlatt\u0131\u011f\u0131 ve sonu\u00e7lar\u0131 de\u011ferlendirdi\u011fi bas\u0131n a\u00e7\u0131klamas\u0131 \u00f6zetle \u015f\u00f6yle:<\/strong><\/p>\n\n\n\n<h3 class=\"wp-block-heading\">S\u0131n\u0131r\u0131 belirsiz \u2018tedbir\u2019 yetkisi<\/h3>\n\n\n\n<p>Teklifin 19\u2019uncu maddesiyle SGB g\u00fcvenlik ve istihbarat kurumlar\u0131n\u0131n talebi \u00fczerine veya resen, Anayasa\u2019n\u0131n 22. maddesindeki sebeplere dayanarak \u2018al\u0131nmas\u0131 gereken tedbirleri\u2019 belirleme yetkisine sahip olacak. Kanun metninde bu \u2018tedbir\u2019 kavram\u0131n\u0131n ne oldu\u011fu tan\u0131mlanmam\u0131\u015f, m\u00fcdahalenin t\u00fcr\u00fc ve s\u0131n\u0131rlar\u0131 tamamen SGB\u2019nin takdirine b\u0131rak\u0131lm\u0131\u015f.<\/p>\n\n\n\n<p>Bu a\u00e7\u0131k u\u00e7lu yetki; uygulama ve protokol engelleme, trafik filtreleme, DNS ve alan ad\u0131 altyap\u0131s\u0131na m\u00fcdahale etme ve veri merkezleri \u00fczerinden hizmet durdurma gibi eri\u015fim engellemenin \u00e7ok \u00f6tesinde bir dijital ola\u011fan\u00fcst\u00fc h\u00e2l yetkisi yaratmaktad\u0131r. Ad\u0131 ve s\u0131n\u0131r\u0131 belli bir koruma tedbiri yerine, idarenin i\u00e7eri\u011fini bizzat kendisinin dolduraca\u011f\u0131 keyfi bir mekanizma in\u015fa edilmektedir.<\/p>\n\n\n\n<p>Yasa teklifiyle SGB, ba\u015fka hi\u00e7bir kurumdan talep gelmesini beklemeden kendili\u011finden karar verebilecek ve bu karar\u0131n gere\u011fi, bildirim an\u0131ndan itibaren en ge\u00e7 iki saat i\u00e7inde yerine getirilecek. Bu tedbir karar\u0131n\u0131n hukuki dayana\u011f\u0131n\u0131 ve orant\u0131l\u0131l\u0131\u011f\u0131n\u0131 iki saat gibi k\u0131sa bir s\u00fcrede de\u011ferlendirmek fiilen imk\u00e2ns\u0131z.<\/p>\n\n\n\n<p>SGB kararlar\u0131 yaln\u0131zca eri\u015fim sa\u011flay\u0131c\u0131lara de\u011fil do\u011frudan elektronik haberle\u015fme i\u015fletmecilerine, i\u00e7erik ve yer sa\u011flay\u0131c\u0131lara ve veri merkezlerine bildirilebilecek. Tek bir veri merkezine y\u00f6neltilecek belirsiz bir m\u00fcdahale, o altyap\u0131y\u0131 kullanan binlerce ilgisiz web sitesini ve hizmeti ayn\u0131 anda eri\u015filemez h\u00e2le getirebilir.<\/p>\n\n\n\n<h3 class=\"wp-block-heading\">Bant daraltman\u0131n yasal dayana\u011f\u0131n\u0131n ilgas\u0131<\/h3>\n\n\n\n<p>Teklifin en az eri\u015fim engelleme yetkisinin devri kadar kritik boyutu, bant geni\u015fli\u011fi daraltma (throttling) rejimiyle olan do\u011frudan ba\u011flant\u0131s\u0131. Burada teklifin yapt\u0131\u011f\u0131 i\u015flem, yetkinin sadece BTK\u2019dan SGB\u2019ye \u2018devri\u2019 de\u011fildir. Teklifin 25\u2019inci maddesinin 5809 say\u0131l\u0131 Kanun\u2019a ili\u015fkin (f) bendi, bant daraltma yapt\u0131r\u0131m\u0131n\u0131n bug\u00fcne kadarki tek a\u00e7\u0131k yasal dayana\u011f\u0131 olan 60\u2019\u0131nc\u0131 maddenin 10\u2019uncu f\u0131kras\u0131n\u0131 do\u011frudan y\u00fcr\u00fcrl\u00fckten kald\u0131r\u0131yor. Bunun yerineyse ayn\u0131 teklifin 19\u2019uncu maddesiyle getirilen ve t\u00fcr\u00fc, s\u0131n\u0131r\u0131 ve i\u00e7eri\u011fi tan\u0131ms\u0131z \u2018tedbir\u2019 yetkisini i\u00e7eren 60\/A maddesi ikame ediliyor. Dolay\u0131s\u0131yla dar da olsa tan\u0131ml\u0131 bir hukuki zemin ortadan kald\u0131r\u0131l\u0131yor, yerine idarenin i\u00e7eri\u011fini bizzat dolduraca\u011f\u0131 s\u0131n\u0131rs\u0131z bir \u00e7er\u00e7eve konuluyor.<\/p>\n\n\n\n<p><strong>Oyun platformlar\u0131 da SGB denetimine al\u0131n\u0131yor<\/strong><\/p>\n\n\n\n<p>Oyun platformlar\u0131 da teklifle do\u011frudan SGB\u2019nin denetimine giriyor. SGB oyun platformlar\u0131ndan bilgi isteyebilecek, temsilci bulundurma y\u00fck\u00fcml\u00fcl\u00fc\u011f\u00fcn\u00fc denetleyebilecek, ya\u015f derecelendirmesini inceleyebilecek ve bant daraltma s\u00fcre\u00e7lerini y\u00fcr\u00fctebilecek. Sosyal a\u011flar ve devlet aras\u0131ndaki d\u00fczenleyici ili\u015fkiyi tamamen g\u00fcvenlik merkezli bir emir-komuta ili\u015fkisine d\u00f6n\u00fc\u015f\u00fcyor.<\/p>\n","protected":false},"excerpt":{"rendered":"<p>Bilgi Teknolojileri ve \u0130leti\u015fim Kurumu (BTK)&#8217;nun internet yetkilerini Siber G\u00fcvenlik Ba\u015fkanl\u0131\u011f\u0131&#8217;na devreden maddeler Komisyon&#8217;dan ge\u00e7ti. Bilgi Teknolojileri ve \u0130leti\u015fim Kurumu&#8216;nun (BTK) internet yetkilerini Siber G\u00fcvenlik Ba\u015fkanl\u0131\u011f\u0131&#8216;na devreden maddeler Komisyon&#8217;dan ge\u00e7ti. TBMM\u2019ye sunulan yeni kanun teklifiyle birlikte, siber g\u00fcvenlik, veri ak\u0131\u015f\u0131 ve dijital g\u00fcvenlik s\u00fcre\u00e7lerinde oyun sekt\u00f6r\u00fc, Cumhurba\u015fkanl\u0131\u011f\u0131 b\u00fcnyesinde yeni kurulan Siber G\u00fcvenlik Ba\u015fkanl\u0131\u011f\u0131&#8217;n\u0131n kontrol\u00fcnde olacak. [&hellip;]<\/p>\n","protected":false},"author":12791,"featured_media":168726,"comment_status":"open","ping_status":"open","sticky":false,"template":"","format":"standard","meta":{"_yoast_wpseo_focuskw":"siber g\u00fcvenlik","_yoast_wpseo_title":"","_yoast_wpseo_metadesc":"Bilgi Teknolojileri ve \u0130leti\u015fim Kurumu (BTK)'nun internet yetkilerini Siber G\u00fcvenlik Ba\u015fkanl\u0131\u011f\u0131'na devreden maddeler Komisyon'dan ge\u00e7ti.","_bbp_topic_count":0,"_bbp_reply_count":0,"_bbp_total_topic_count":0,"_bbp_total_reply_count":0,"_bbp_voice_count":0,"_bbp_anonymous_reply_count":0,"_bbp_topic_count_hidden":0,"_bbp_reply_count_hidden":0,"_bbp_forum_subforum_count":0,"footnotes":"","_yoast_wpseo_focuskw_text_input":""},"categories":[1,8138,8226,6907,37],"tags":[11740,11739,11738,7000,11741],"yoast_head":"<!-- This site is optimized with the Yoast SEO plugin v23.0 - https:\/\/yoast.com\/wordpress\/plugins\/seo\/ -->\n<title>BTK&#039;n\u0131n Yetkileri Siber G\u00fcvenlik Ba\u015fkanl\u0131\u011f\u0131&#039;na Ge\u00e7iyor - The Epoch Times TR<\/title>\n<meta name=\"description\" content=\"Bilgi Teknolojileri ve \u0130leti\u015fim Kurumu (BTK)&#039;nun internet yetkilerini Siber G\u00fcvenlik Ba\u015fkanl\u0131\u011f\u0131&#039;na devreden maddeler Komisyon&#039;dan ge\u00e7ti.\" \/>\n<meta name=\"robots\" content=\"index, follow, max-snippet:-1, max-image-preview:large, max-video-preview:-1\" \/>\n<link rel=\"canonical\" href=\"https:\/\/epochtimestr.com\/index.php\/btknin-yetkileri-siber-guvenlik-baskanligina-geciyor\" \/>\n<meta property=\"og:locale\" content=\"tr_TR\" \/>\n<meta property=\"og:type\" content=\"article\" \/>\n<meta property=\"og:title\" content=\"BTK&#039;n\u0131n Yetkileri Siber G\u00fcvenlik Ba\u015fkanl\u0131\u011f\u0131&#039;na Ge\u00e7iyor - The Epoch Times TR\" \/>\n<meta property=\"og:description\" content=\"Bilgi Teknolojileri ve \u0130leti\u015fim Kurumu (BTK)&#039;nun internet yetkilerini Siber G\u00fcvenlik Ba\u015fkanl\u0131\u011f\u0131&#039;na devreden maddeler Komisyon&#039;dan ge\u00e7ti.\" \/>\n<meta property=\"og:url\" content=\"https:\/\/epochtimestr.com\/index.php\/btknin-yetkileri-siber-guvenlik-baskanligina-geciyor\" \/>\n<meta property=\"og:site_name\" content=\"The Epoch Times TR\" \/>\n<meta property=\"article:publisher\" content=\"https:\/\/www.facebook.com\/theepochtimestr\" \/>\n<meta property=\"article:published_time\" content=\"2026-07-16T05:21:19+00:00\" \/>\n<meta property=\"article:modified_time\" content=\"2026-07-16T05:21:21+00:00\" \/>\n<meta property=\"og:image\" content=\"https:\/\/epochtimestr.com\/wp-content\/uploads\/2011y\/btk.jpg\" \/>\n\t<meta property=\"og:image:width\" content=\"1280\" \/>\n\t<meta property=\"og:image:height\" content=\"854\" \/>\n\t<meta property=\"og:image:type\" content=\"image\/jpeg\" \/>\n<meta name=\"author\" content=\"Haber Merkezi\" \/>\n<meta name=\"twitter:card\" content=\"summary_large_image\" \/>\n<meta name=\"twitter:creator\" content=\"@TheEpochTimesTR\" \/>\n<meta name=\"twitter:site\" content=\"@TheEpochTimesTR\" \/>\n<meta name=\"twitter:label1\" content=\"Yazan:\" \/>\n\t<meta name=\"twitter:data1\" content=\"Haber Merkezi\" \/>\n\t<meta name=\"twitter:label2\" content=\"Tahmini okuma s\u00fcresi\" \/>\n\t<meta name=\"twitter:data2\" content=\"4 dakika\" \/>\n<script type=\"application\/ld+json\" class=\"yoast-schema-graph\">{\"@context\":\"https:\/\/schema.org\",\"@graph\":[{\"@type\":\"Article\",\"@id\":\"https:\/\/epochtimestr.com\/index.php\/btknin-yetkileri-siber-guvenlik-baskanligina-geciyor#article\",\"isPartOf\":{\"@id\":\"https:\/\/epochtimestr.com\/index.php\/btknin-yetkileri-siber-guvenlik-baskanligina-geciyor\"},\"author\":{\"name\":\"Haber Merkezi\",\"@id\":\"https:\/\/epochtimestr.com\/#\/schema\/person\/3dc5c3adeb9f43923c5aa85889172fdd\"},\"headline\":\"BTK&#8217;n\u0131n Yetkileri Siber G\u00fcvenlik Ba\u015fkanl\u0131\u011f\u0131&#8217;na Ge\u00e7iyor\",\"datePublished\":\"2026-07-16T05:21:19+00:00\",\"dateModified\":\"2026-07-16T05:21:21+00:00\",\"mainEntityOfPage\":{\"@id\":\"https:\/\/epochtimestr.com\/index.php\/btknin-yetkileri-siber-guvenlik-baskanligina-geciyor\"},\"wordCount\":764,\"commentCount\":0,\"publisher\":{\"@id\":\"https:\/\/epochtimestr.com\/#organization\"},\"image\":{\"@id\":\"https:\/\/epochtimestr.com\/index.php\/btknin-yetkileri-siber-guvenlik-baskanligina-geciyor#primaryimage\"},\"thumbnailUrl\":\"https:\/\/epochtimestr.com\/wp-content\/uploads\/2011y\/btk.jpg\",\"keywords\":[\"Bilgi Teknolojileri ve \u0130leti\u015fim Kurumu\",\"bili\u015fim\",\"\u0130F\u00d6D\",\"internet\",\"siber g\u00fcvenlik ba\u015fkanl\u0131\u011f\u0131\"],\"articleSection\":[\"G\u00dcNDEM\",\"MAN\u015eET\",\"Siyaset\",\"Teknoloji\",\"T\u00dcRK\u0130YE\"],\"inLanguage\":\"tr\",\"potentialAction\":[{\"@type\":\"CommentAction\",\"name\":\"Comment\",\"target\":[\"https:\/\/epochtimestr.com\/index.php\/btknin-yetkileri-siber-guvenlik-baskanligina-geciyor#respond\"]}]},{\"@type\":\"WebPage\",\"@id\":\"https:\/\/epochtimestr.com\/index.php\/btknin-yetkileri-siber-guvenlik-baskanligina-geciyor\",\"url\":\"https:\/\/epochtimestr.com\/index.php\/btknin-yetkileri-siber-guvenlik-baskanligina-geciyor\",\"name\":\"BTK'n\u0131n Yetkileri Siber G\u00fcvenlik Ba\u015fkanl\u0131\u011f\u0131'na Ge\u00e7iyor - The Epoch Times TR\",\"isPartOf\":{\"@id\":\"https:\/\/epochtimestr.com\/#website\"},\"primaryImageOfPage\":{\"@id\":\"https:\/\/epochtimestr.com\/index.php\/btknin-yetkileri-siber-guvenlik-baskanligina-geciyor#primaryimage\"},\"image\":{\"@id\":\"https:\/\/epochtimestr.com\/index.php\/btknin-yetkileri-siber-guvenlik-baskanligina-geciyor#primaryimage\"},\"thumbnailUrl\":\"https:\/\/epochtimestr.com\/wp-content\/uploads\/2011y\/btk.jpg\",\"datePublished\":\"2026-07-16T05:21:19+00:00\",\"dateModified\":\"2026-07-16T05:21:21+00:00\",\"description\":\"Bilgi Teknolojileri ve \u0130leti\u015fim Kurumu (BTK)'nun internet yetkilerini Siber G\u00fcvenlik Ba\u015fkanl\u0131\u011f\u0131'na devreden maddeler Komisyon'dan ge\u00e7ti.\",\"inLanguage\":\"tr\",\"potentialAction\":[{\"@type\":\"ReadAction\",\"target\":[\"https:\/\/epochtimestr.com\/index.php\/btknin-yetkileri-siber-guvenlik-baskanligina-geciyor\"]}]},{\"@type\":\"ImageObject\",\"inLanguage\":\"tr\",\"@id\":\"https:\/\/epochtimestr.com\/index.php\/btknin-yetkileri-siber-guvenlik-baskanligina-geciyor#primaryimage\",\"url\":\"https:\/\/epochtimestr.com\/wp-content\/uploads\/2011y\/btk.jpg\",\"contentUrl\":\"https:\/\/epochtimestr.com\/wp-content\/uploads\/2011y\/btk.jpg\",\"width\":1280,\"height\":854},{\"@type\":\"WebSite\",\"@id\":\"https:\/\/epochtimestr.com\/#website\",\"url\":\"https:\/\/epochtimestr.com\/\",\"name\":\"The Epoch Times TR\",\"description\":\"De\u011fi\u015fen D\u00fcnyam\u0131za Taze Bir Bak\u0131\u015f\",\"publisher\":{\"@id\":\"https:\/\/epochtimestr.com\/#organization\"},\"potentialAction\":[{\"@type\":\"SearchAction\",\"target\":{\"@type\":\"EntryPoint\",\"urlTemplate\":\"https:\/\/epochtimestr.com\/?s={search_term_string}\"},\"query-input\":\"required name=search_term_string\"}],\"inLanguage\":\"tr\"},{\"@type\":\"Organization\",\"@id\":\"https:\/\/epochtimestr.com\/#organization\",\"name\":\"The EpochTimes T\u00fcrkiye\",\"url\":\"https:\/\/epochtimestr.com\/\",\"logo\":{\"@type\":\"ImageObject\",\"inLanguage\":\"tr\",\"@id\":\"https:\/\/epochtimestr.com\/#\/schema\/logo\/image\/\",\"url\":\"https:\/\/epochtimestr.com\/wp-content\/uploads\/2011y\/ET-Logo-YG.jpg\",\"contentUrl\":\"https:\/\/epochtimestr.com\/wp-content\/uploads\/2011y\/ET-Logo-YG.jpg\",\"width\":346,\"height\":29,\"caption\":\"The EpochTimes T\u00fcrkiye\"},\"image\":{\"@id\":\"https:\/\/epochtimestr.com\/#\/schema\/logo\/image\/\"},\"sameAs\":[\"https:\/\/www.facebook.com\/theepochtimestr\",\"https:\/\/x.com\/TheEpochTimesTR\",\"https:\/\/www.instagram.com\/epochtimestr\"]},{\"@type\":\"Person\",\"@id\":\"https:\/\/epochtimestr.com\/#\/schema\/person\/3dc5c3adeb9f43923c5aa85889172fdd\",\"name\":\"Haber Merkezi\",\"image\":{\"@type\":\"ImageObject\",\"inLanguage\":\"tr\",\"@id\":\"https:\/\/epochtimestr.com\/#\/schema\/person\/image\/\",\"url\":\"https:\/\/secure.gravatar.com\/avatar\/d73f772ba5a74f28601361e17c2f93e6?s=96&d=mm&r=g\",\"contentUrl\":\"https:\/\/secure.gravatar.com\/avatar\/d73f772ba5a74f28601361e17c2f93e6?s=96&d=mm&r=g\",\"caption\":\"Haber Merkezi\"},\"url\":\"https:\/\/epochtimestr.com\/index.php\/author\/sendag\"}]}<\/script>\n<!-- \/ Yoast SEO plugin. -->","yoast_head_json":{"title":"BTK'n\u0131n Yetkileri Siber G\u00fcvenlik Ba\u015fkanl\u0131\u011f\u0131'na Ge\u00e7iyor - The Epoch Times TR","description":"Bilgi Teknolojileri ve \u0130leti\u015fim Kurumu (BTK)'nun internet yetkilerini Siber G\u00fcvenlik Ba\u015fkanl\u0131\u011f\u0131'na devreden maddeler Komisyon'dan ge\u00e7ti.","robots":{"index":"index","follow":"follow","max-snippet":"max-snippet:-1","max-image-preview":"max-image-preview:large","max-video-preview":"max-video-preview:-1"},"canonical":"https:\/\/epochtimestr.com\/index.php\/btknin-yetkileri-siber-guvenlik-baskanligina-geciyor","og_locale":"tr_TR","og_type":"article","og_title":"BTK'n\u0131n Yetkileri Siber G\u00fcvenlik Ba\u015fkanl\u0131\u011f\u0131'na Ge\u00e7iyor - The Epoch Times TR","og_description":"Bilgi Teknolojileri ve \u0130leti\u015fim Kurumu (BTK)'nun internet yetkilerini Siber G\u00fcvenlik Ba\u015fkanl\u0131\u011f\u0131'na devreden maddeler Komisyon'dan ge\u00e7ti.","og_url":"https:\/\/epochtimestr.com\/index.php\/btknin-yetkileri-siber-guvenlik-baskanligina-geciyor","og_site_name":"The Epoch Times TR","article_publisher":"https:\/\/www.facebook.com\/theepochtimestr","article_published_time":"2026-07-16T05:21:19+00:00","article_modified_time":"2026-07-16T05:21:21+00:00","og_image":[{"width":1280,"height":854,"url":"https:\/\/epochtimestr.com\/wp-content\/uploads\/2011y\/btk.jpg","type":"image\/jpeg"}],"author":"Haber Merkezi","twitter_card":"summary_large_image","twitter_creator":"@TheEpochTimesTR","twitter_site":"@TheEpochTimesTR","twitter_misc":{"Yazan:":"Haber Merkezi","Tahmini okuma s\u00fcresi":"4 dakika"},"schema":{"@context":"https:\/\/schema.org","@graph":[{"@type":"Article","@id":"https:\/\/epochtimestr.com\/index.php\/btknin-yetkileri-siber-guvenlik-baskanligina-geciyor#article","isPartOf":{"@id":"https:\/\/epochtimestr.com\/index.php\/btknin-yetkileri-siber-guvenlik-baskanligina-geciyor"},"author":{"name":"Haber Merkezi","@id":"https:\/\/epochtimestr.com\/#\/schema\/person\/3dc5c3adeb9f43923c5aa85889172fdd"},"headline":"BTK&#8217;n\u0131n Yetkileri Siber G\u00fcvenlik Ba\u015fkanl\u0131\u011f\u0131&#8217;na Ge\u00e7iyor","datePublished":"2026-07-16T05:21:19+00:00","dateModified":"2026-07-16T05:21:21+00:00","mainEntityOfPage":{"@id":"https:\/\/epochtimestr.com\/index.php\/btknin-yetkileri-siber-guvenlik-baskanligina-geciyor"},"wordCount":764,"commentCount":0,"publisher":{"@id":"https:\/\/epochtimestr.com\/#organization"},"image":{"@id":"https:\/\/epochtimestr.com\/index.php\/btknin-yetkileri-siber-guvenlik-baskanligina-geciyor#primaryimage"},"thumbnailUrl":"https:\/\/epochtimestr.com\/wp-content\/uploads\/2011y\/btk.jpg","keywords":["Bilgi Teknolojileri ve \u0130leti\u015fim Kurumu","bili\u015fim","\u0130F\u00d6D","internet","siber g\u00fcvenlik ba\u015fkanl\u0131\u011f\u0131"],"articleSection":["G\u00dcNDEM","MAN\u015eET","Siyaset","Teknoloji","T\u00dcRK\u0130YE"],"inLanguage":"tr","potentialAction":[{"@type":"CommentAction","name":"Comment","target":["https:\/\/epochtimestr.com\/index.php\/btknin-yetkileri-siber-guvenlik-baskanligina-geciyor#respond"]}]},{"@type":"WebPage","@id":"https:\/\/epochtimestr.com\/index.php\/btknin-yetkileri-siber-guvenlik-baskanligina-geciyor","url":"https:\/\/epochtimestr.com\/index.php\/btknin-yetkileri-siber-guvenlik-baskanligina-geciyor","name":"BTK'n\u0131n Yetkileri Siber G\u00fcvenlik Ba\u015fkanl\u0131\u011f\u0131'na Ge\u00e7iyor - The Epoch Times TR","isPartOf":{"@id":"https:\/\/epochtimestr.com\/#website"},"primaryImageOfPage":{"@id":"https:\/\/epochtimestr.com\/index.php\/btknin-yetkileri-siber-guvenlik-baskanligina-geciyor#primaryimage"},"image":{"@id":"https:\/\/epochtimestr.com\/index.php\/btknin-yetkileri-siber-guvenlik-baskanligina-geciyor#primaryimage"},"thumbnailUrl":"https:\/\/epochtimestr.com\/wp-content\/uploads\/2011y\/btk.jpg","datePublished":"2026-07-16T05:21:19+00:00","dateModified":"2026-07-16T05:21:21+00:00","description":"Bilgi Teknolojileri ve \u0130leti\u015fim Kurumu (BTK)'nun internet yetkilerini Siber G\u00fcvenlik Ba\u015fkanl\u0131\u011f\u0131'na devreden maddeler Komisyon'dan ge\u00e7ti.","inLanguage":"tr","potentialAction":[{"@type":"ReadAction","target":["https:\/\/epochtimestr.com\/index.php\/btknin-yetkileri-siber-guvenlik-baskanligina-geciyor"]}]},{"@type":"ImageObject","inLanguage":"tr","@id":"https:\/\/epochtimestr.com\/index.php\/btknin-yetkileri-siber-guvenlik-baskanligina-geciyor#primaryimage","url":"https:\/\/epochtimestr.com\/wp-content\/uploads\/2011y\/btk.jpg","contentUrl":"https:\/\/epochtimestr.com\/wp-content\/uploads\/2011y\/btk.jpg","width":1280,"height":854},{"@type":"WebSite","@id":"https:\/\/epochtimestr.com\/#website","url":"https:\/\/epochtimestr.com\/","name":"The Epoch Times TR","description":"De\u011fi\u015fen D\u00fcnyam\u0131za Taze Bir Bak\u0131\u015f","publisher":{"@id":"https:\/\/epochtimestr.com\/#organization"},"potentialAction":[{"@type":"SearchAction","target":{"@type":"EntryPoint","urlTemplate":"https:\/\/epochtimestr.com\/?s={search_term_string}"},"query-input":"required name=search_term_string"}],"inLanguage":"tr"},{"@type":"Organization","@id":"https:\/\/epochtimestr.com\/#organization","name":"The EpochTimes T\u00fcrkiye","url":"https:\/\/epochtimestr.com\/","logo":{"@type":"ImageObject","inLanguage":"tr","@id":"https:\/\/epochtimestr.com\/#\/schema\/logo\/image\/","url":"https:\/\/epochtimestr.com\/wp-content\/uploads\/2011y\/ET-Logo-YG.jpg","contentUrl":"https:\/\/epochtimestr.com\/wp-content\/uploads\/2011y\/ET-Logo-YG.jpg","width":346,"height":29,"caption":"The EpochTimes T\u00fcrkiye"},"image":{"@id":"https:\/\/epochtimestr.com\/#\/schema\/logo\/image\/"},"sameAs":["https:\/\/www.facebook.com\/theepochtimestr","https:\/\/x.com\/TheEpochTimesTR","https:\/\/www.instagram.com\/epochtimestr"]},{"@type":"Person","@id":"https:\/\/epochtimestr.com\/#\/schema\/person\/3dc5c3adeb9f43923c5aa85889172fdd","name":"Haber Merkezi","image":{"@type":"ImageObject","inLanguage":"tr","@id":"https:\/\/epochtimestr.com\/#\/schema\/person\/image\/","url":"https:\/\/secure.gravatar.com\/avatar\/d73f772ba5a74f28601361e17c2f93e6?s=96&d=mm&r=g","contentUrl":"https:\/\/secure.gravatar.com\/avatar\/d73f772ba5a74f28601361e17c2f93e6?s=96&d=mm&r=g","caption":"Haber Merkezi"},"url":"https:\/\/epochtimestr.com\/index.php\/author\/sendag"}]}},"_links":{"self":[{"href":"https:\/\/epochtimestr.com\/index.php\/wp-json\/wp\/v2\/posts\/168725"}],"collection":[{"href":"https:\/\/epochtimestr.com\/index.php\/wp-json\/wp\/v2\/posts"}],"about":[{"href":"https:\/\/epochtimestr.com\/index.php\/wp-json\/wp\/v2\/types\/post"}],"author":[{"embeddable":true,"href":"https:\/\/epochtimestr.com\/index.php\/wp-json\/wp\/v2\/users\/12791"}],"replies":[{"embeddable":true,"href":"https:\/\/epochtimestr.com\/index.php\/wp-json\/wp\/v2\/comments?post=168725"}],"version-history":[{"count":2,"href":"https:\/\/epochtimestr.com\/index.php\/wp-json\/wp\/v2\/posts\/168725\/revisions"}],"predecessor-version":[{"id":168745,"href":"https:\/\/epochtimestr.com\/index.php\/wp-json\/wp\/v2\/posts\/168725\/revisions\/168745"}],"wp:featuredmedia":[{"embeddable":true,"href":"https:\/\/epochtimestr.com\/index.php\/wp-json\/wp\/v2\/media\/168726"}],"wp:attachment":[{"href":"https:\/\/epochtimestr.com\/index.php\/wp-json\/wp\/v2\/media?parent=168725"}],"wp:term":[{"taxonomy":"category","embeddable":true,"href":"https:\/\/epochtimestr.com\/index.php\/wp-json\/wp\/v2\/categories?post=168725"},{"taxonomy":"post_tag","embeddable":true,"href":"https:\/\/epochtimestr.com\/index.php\/wp-json\/wp\/v2\/tags?post=168725"}],"curies":[{"name":"wp","href":"https:\/\/api.w.org\/{rel}","templated":true}]}}