{"id":168733,"date":"2026-07-16T08:26:29","date_gmt":"2026-07-16T05:26:29","guid":{"rendered":"https:\/\/epochtimestr.com\/?p=168733"},"modified":"2026-07-16T08:26:30","modified_gmt":"2026-07-16T05:26:30","slug":"huseyin-can-guner-gorevinden-uzaklastirildi","status":"publish","type":"post","link":"https:\/\/epochtimestr.com\/index.php\/huseyin-can-guner-gorevinden-uzaklastirildi","title":{"rendered":"H\u00fcseyin Can G\u00fcner G\u00f6revinden Uzakla\u015ft\u0131r\u0131ld\u0131"},"content":{"rendered":"<div class=\"wp-block-image\">\n<figure class=\"aligncenter size-full\"><img loading=\"lazy\" decoding=\"async\" width=\"1280\" height=\"720\" src=\"https:\/\/epochtimestr.com\/wp-content\/uploads\/2011y\/huseyin-can-guner.webp\" alt=\"\u00c7ankaya Belediye Ba\u015fkan\u0131 H\u00fcseyin Can G\u00fcner g\u00f6revinden uzakla\u015ft\u0131r\u0131ld\u0131. (Foto\u011fraf: \u00c7ankaya Belediyesi web sitesi)\" class=\"wp-image-168734\" srcset=\"https:\/\/epochtimestr.com\/wp-content\/uploads\/2011y\/huseyin-can-guner.webp 1280w, https:\/\/epochtimestr.com\/wp-content\/uploads\/2011y\/huseyin-can-guner-300x169.webp 300w, https:\/\/epochtimestr.com\/wp-content\/uploads\/2011y\/huseyin-can-guner-150x84.webp 150w, https:\/\/epochtimestr.com\/wp-content\/uploads\/2011y\/huseyin-can-guner-768x432.webp 768w\" sizes=\"(max-width: 1280px) 100vw, 1280px\" \/><figcaption class=\"wp-element-caption\">\u00c7ankaya Belediye Ba\u015fkan\u0131 H\u00fcseyin Can G\u00fcner g\u00f6revinden uzakla\u015ft\u0131r\u0131ld\u0131. (Foto\u011fraf: \u00c7ankaya Belediyesi web sitesi)<\/figcaption><\/figure><\/div>\n\n\n<h2 class=\"wp-block-heading\">\u0130\u00e7i\u015fleri Bakanl\u0131\u011f\u0131, bug\u00fcn sabah saatlerinde tutuklanan \u00c7ankaya Belediye Ba\u015fkan\u0131 H\u00fcseyin Can G\u00fcner&#8217;in g\u00f6revinden uzakla\u015ft\u0131r\u0131ld\u0131\u011f\u0131n\u0131 duyurdu.<\/h2>\n\n\n\n<p>N\u00f6bet\u00e7i Sulh Ceza Hakimli\u011fi\u2019nde gece ge\u00e7 saatlere kadar s\u00fcren sorguda G\u00fcner ve avukatlar\u0131 savunmalar\u0131n\u0131 yineledi. M\u00fcdafi avukatlar, ortada somut hi\u00e7bir delil bulunmad\u0131\u011f\u0131n\u0131, m\u00fcfetti\u015f incelemesi tamamlanmadan ve \u0130\u00e7i\u015fleri Bakanl\u0131\u011f\u0131&#8217;ndan soru\u015fturma izni al\u0131nmadan adli i\u015flem yap\u0131lmas\u0131n\u0131n hukuka ayk\u0131r\u0131 oldu\u011funu savundu.<\/p>\n\n\n\n<p>Savunmalar\u0131 de\u011ferlendiren Sulh Ceza Hakimli\u011fi, su\u00e7un vas\u0131f ve mahiyeti ile dosyadaki mevcut delil durumunu gerek\u00e7e g\u00f6stererek \u00c7ankaya Belediye Ba\u015fkan\u0131 H\u00fcseyin Can G\u00fcner\u2019in ve beraberindeki 23 ki\u015finin tutuklanmas\u0131na h\u00fckmetti.<\/p>\n\n\n\n<p>G\u00fcner, &#8220;su\u00e7 i\u015flemek amac\u0131yla \u00f6rg\u00fct kurma&#8221;, &#8220;r\u00fc\u015fvet alma&#8221; ve &#8220;ihaleye fesat kar\u0131\u015ft\u0131rma&#8221; su\u00e7lar\u0131ndan tutuklan\u0131rken di\u011fer ki\u015filer ise &#8220;ihaleye fesat kar\u0131\u015ft\u0131rma&#8221;, &#8220;su\u00e7 i\u015flemek amac\u0131yla kurulan \u00f6rg\u00fcte \u00fcye olma&#8221; su\u00e7lar\u0131ndan tutukland\u0131.<\/p>\n\n\n\n<p>Bakanl\u0131ktan yap\u0131lan a\u00e7\u0131klamada, &#8220;\u00c7ankaya Belediye Ba\u015fkan\u0131 H\u00fcseyin Can G\u00fcner, hakk\u0131nda &#8216;Su\u00e7 \u0130\u015flemek Amac\u0131yla \u00d6rg\u00fct Kurma, R\u00fc\u015fvet Almak, Kamu Kurum ve Kurulu\u015flar\u0131n\u0131n \u0130halesine Fesat Kar\u0131\u015ft\u0131rmak&#8217; su\u00e7lar\u0131 nedeniyle y\u00fcr\u00fct\u00fclen soru\u015fturma kapsam\u0131nda tutuklanmas\u0131 \u00fczerine tedbir olarak g\u00f6revden uzakla\u015ft\u0131r\u0131lm\u0131\u015ft\u0131r&#8221; denildi.<\/p>\n\n\n\n<figure class=\"wp-block-embed is-type-rich is-provider-x wp-block-embed-x\"><div class=\"wp-block-embed__wrapper\">\n<blockquote class=\"twitter-tweet\" data-width=\"550\" data-dnt=\"true\"><p lang=\"tr\" dir=\"ltr\">ANKARA \u0130L\u0130 \u00c7ANKAYA BELED\u0130YE <br>BA\u015eKANI H\u00dcSEY\u0130N CAN G\u00dcNER\u2019\u0130N&#13;\u0130\u00c7\u0130\u015eLER\u0130 BAKANLI\u011eINCA G\u00d6REVDEN UZAKLA\u015eTIRILMASINA DA\u0130R BASIN A\u00c7IKLAMASI<br><br>Ankara ili \u00c7ankaya Belediye Ba\u015fkan\u0131 H\u00fcseyin Can G\u00dcNER,<br>Hakk\u0131nda \u201cSu\u00e7 \u0130\u015flemek Amac\u0131yla \u00d6rg\u00fct Kurma, R\u00fc\u015fvet Almak, Kamu Kurum ve Kurulu\u015flar\u0131n\u0131n\u2026<\/p>&mdash; T.C. \u0130\u00e7i\u015fleri Bakanl\u0131\u011f\u0131 (@TC_icisleri) <a href=\"https:\/\/x.com\/TC_icisleri\/status\/2077378836874829834?ref_src=twsrc%5Etfw\">July 15, 2026<\/a><\/blockquote><script async src=\"https:\/\/platform.x.com\/widgets.js\" charset=\"utf-8\"><\/script>\n<\/div><\/figure>\n\n\n\n<p>\u00c7ankaya Belediye Ba\u015fkan\u0131 H\u00fcseyin Can G\u00fcner&#8217;in de aralar\u0131nda bulundu\u011fu 30 ki\u015fi, savc\u0131l\u0131ktaki ifade i\u015flemlerinin ard\u0131ndan 14 Temmuz&#8217;da ak\u015fam saatlerinde tutuklama talebiyle n\u00f6bet\u00e7i sulh ceza hakimli\u011fine <a href=\"https:\/\/epochtimestr.com\/index.php\/huseyin-can-guner-tutuklama-talebi-ile-mahkemeye-sevk-edildi\" target=\"_blank\" rel=\"noreferrer noopener\">sevk edilmi\u015fti<\/a>. Aralar\u0131nda G\u00fcner&#8217;in de oldu\u011fu 24 ki\u015fi n\u00f6bet\u00e7i Sulh Ceza Hakimli\u011fi&#8217;nce tutuklan\u0131rken, alt\u0131 ki\u015fi serbest b\u0131rak\u0131ld\u0131.<\/p>\n\n\n\n<p>\u00c7ankaya Belediye Ba\u015fkan\u0131 H\u00fcseyin Can G\u00fcner, hakimlik sorgusunda \u00fczerine at\u0131l\u0131 su\u00e7lamalar\u0131n tamam\u0131n\u0131 reddetti ve \u201cr\u00fc\u015fvet\u201d su\u00e7lamas\u0131 \u201c\u00f6rg\u00fct kurma\u201d su\u00e7lamalar\u0131na ili\u015fkin hi\u00e7bir soru y\u00f6neltilmedi\u011finin alt\u0131n\u0131 \u00e7izerek \u015funlar\u0131 s\u00f6yledi:<\/p>\n\n\n\n<p>\u201c11 Temmuz 2026 tarihinde kendi r\u0131zamla yurtd\u0131\u015f\u0131ndan gelip teslim oldum. Bu su\u00e7lamalarla tutuklamaya sevk edilmemin b\u00fcy\u00fck bir haks\u0131zl\u0131k oldu\u011funu d\u00fc\u015f\u00fcnmekteyim. \u00c7ankaya halk\u0131n\u0131n hakk\u0131n\u0131 savundu\u011fum i\u00e7in buraday\u0131m. R\u00fc\u015fvet alma ile ilgili herhangi bir soru ve su\u00e7lamalarda bulunulmad\u0131. \u00d6rg\u00fct kurma su\u00e7u ile ilgili herhangi bir soru da sorulmad\u0131. Cumhuriyet Savc\u0131l\u0131\u011f\u0131&#8217;na sordu\u011fumda \u00f6rg\u00fct \u015femas\u0131n\u0131n daha sonra \u00e7izilece\u011fi s\u00f6ylendi. Gizli tan\u0131k ifadesi tutuklama sevk yaz\u0131s\u0131na der\u00e7 edilmi\u015f.<\/p>\n\n\n\n<h3 class=\"wp-block-heading\">&#8220;Yap\u0131lan su\u00e7lamalar\u0131n aksine kamu yarar\u0131 s\u00f6z konusu&#8221;<\/h3>\n\n\n\n<p>Herhangi bir somut isnat s\u00f6z konusu de\u011fildir. Bu firmalar\u0131n hi\u00e7birisini tan\u0131mam. Herhangi bir ki\u015fiye herhangi bir konuda talimat\u0131m s\u00f6z konusu olmam\u0131\u015ft\u0131r. Bana y\u00f6nelik isnat, bir ihalenin iptali konusundad\u0131r. Hi\u00e7bir kimseye iptal talimat\u0131 vermedim. Milyonlarca lira kamu zarar\u0131na u\u011frat\u0131lmas\u0131 s\u00f6z konusu de\u011fildir aksine kamu yarar\u0131 s\u00f6z konusudur. Bu dosyan\u0131n m\u00fc\u015ftekisi \u015fikayette bulunmu\u015f ancak bir sonraki ihaleye davet edilmi\u015ftir ancak kendisi kat\u0131lmam\u0131\u015ft\u0131r. Hukuki olarak herhangi bir \u015fey oldu\u011funu d\u00fc\u015f\u00fcnm\u00fcyorum. Savunmama ekleyece\u011fim ba\u015fkaca bir husus yoktur. Tutuksuz yarg\u0131lanmak \u00fczere serbest b\u0131rak\u0131lmam\u0131 talep ederim.&#8221;<\/p>\n","protected":false},"excerpt":{"rendered":"<p>\u0130\u00e7i\u015fleri Bakanl\u0131\u011f\u0131, bug\u00fcn sabah saatlerinde tutuklanan \u00c7ankaya Belediye Ba\u015fkan\u0131 H\u00fcseyin Can G\u00fcner&#8217;in g\u00f6revinden uzakla\u015ft\u0131r\u0131ld\u0131\u011f\u0131n\u0131 duyurdu. N\u00f6bet\u00e7i Sulh Ceza Hakimli\u011fi\u2019nde gece ge\u00e7 saatlere kadar s\u00fcren sorguda G\u00fcner ve avukatlar\u0131 savunmalar\u0131n\u0131 yineledi. M\u00fcdafi avukatlar, ortada somut hi\u00e7bir delil bulunmad\u0131\u011f\u0131n\u0131, m\u00fcfetti\u015f incelemesi tamamlanmadan ve \u0130\u00e7i\u015fleri Bakanl\u0131\u011f\u0131&#8217;ndan soru\u015fturma izni al\u0131nmadan adli i\u015flem yap\u0131lmas\u0131n\u0131n hukuka ayk\u0131r\u0131 oldu\u011funu savundu. Savunmalar\u0131 de\u011ferlendiren [&hellip;]<\/p>\n","protected":false},"author":12791,"featured_media":168734,"comment_status":"open","ping_status":"open","sticky":false,"template":"","format":"standard","meta":{"_yoast_wpseo_focuskw":"\u00c7ankaya - H\u00fcseyin Can","_yoast_wpseo_title":"","_yoast_wpseo_metadesc":"\u0130\u00e7i\u015fleri Bakanl\u0131\u011f\u0131, bug\u00fcn sabah saatlerinde tutuklanan \u00c7ankaya Belediye Ba\u015fkan\u0131 H\u00fcseyin Can G\u00fcner'in g\u00f6revinden uzakla\u015ft\u0131r\u0131ld\u0131\u011f\u0131n\u0131 duyurdu.","_bbp_topic_count":0,"_bbp_reply_count":0,"_bbp_total_topic_count":0,"_bbp_total_reply_count":0,"_bbp_voice_count":0,"_bbp_anonymous_reply_count":0,"_bbp_topic_count_hidden":0,"_bbp_reply_count_hidden":0,"_bbp_forum_subforum_count":0,"footnotes":"","_yoast_wpseo_focuskw_text_input":""},"categories":[1,8138,8226,37],"tags":[11695,6476,11716,11743,9050],"yoast_head":"<!-- This site is optimized with the Yoast SEO plugin v23.0 - https:\/\/yoast.com\/wordpress\/plugins\/seo\/ -->\n<title>H\u00fcseyin Can G\u00fcner G\u00f6revinden Uzakla\u015ft\u0131r\u0131ld\u0131 - The Epoch Times TR<\/title>\n<meta name=\"description\" content=\"\u0130\u00e7i\u015fleri Bakanl\u0131\u011f\u0131, bug\u00fcn sabah saatlerinde tutuklanan \u00c7ankaya Belediye Ba\u015fkan\u0131 H\u00fcseyin Can G\u00fcner&#039;in g\u00f6revinden uzakla\u015ft\u0131r\u0131ld\u0131\u011f\u0131n\u0131 duyurdu.\" \/>\n<meta name=\"robots\" content=\"index, follow, max-snippet:-1, max-image-preview:large, max-video-preview:-1\" \/>\n<link rel=\"canonical\" href=\"https:\/\/epochtimestr.com\/index.php\/huseyin-can-guner-gorevinden-uzaklastirildi\" \/>\n<meta property=\"og:locale\" content=\"tr_TR\" \/>\n<meta property=\"og:type\" content=\"article\" \/>\n<meta property=\"og:title\" content=\"H\u00fcseyin Can G\u00fcner G\u00f6revinden Uzakla\u015ft\u0131r\u0131ld\u0131 - The Epoch Times TR\" \/>\n<meta property=\"og:description\" content=\"\u0130\u00e7i\u015fleri Bakanl\u0131\u011f\u0131, bug\u00fcn sabah saatlerinde tutuklanan \u00c7ankaya Belediye Ba\u015fkan\u0131 H\u00fcseyin Can G\u00fcner&#039;in g\u00f6revinden uzakla\u015ft\u0131r\u0131ld\u0131\u011f\u0131n\u0131 duyurdu.\" \/>\n<meta property=\"og:url\" content=\"https:\/\/epochtimestr.com\/index.php\/huseyin-can-guner-gorevinden-uzaklastirildi\" \/>\n<meta property=\"og:site_name\" content=\"The Epoch Times TR\" \/>\n<meta property=\"article:publisher\" content=\"https:\/\/www.facebook.com\/theepochtimestr\" \/>\n<meta property=\"article:published_time\" content=\"2026-07-16T05:26:29+00:00\" \/>\n<meta property=\"article:modified_time\" content=\"2026-07-16T05:26:30+00:00\" \/>\n<meta property=\"og:image\" content=\"https:\/\/epochtimestr.com\/wp-content\/uploads\/2011y\/huseyin-can-guner.webp\" \/>\n\t<meta property=\"og:image:width\" content=\"1280\" \/>\n\t<meta property=\"og:image:height\" content=\"720\" \/>\n\t<meta property=\"og:image:type\" content=\"image\/webp\" \/>\n<meta name=\"author\" content=\"Haber Merkezi\" \/>\n<meta name=\"twitter:card\" content=\"summary_large_image\" \/>\n<meta name=\"twitter:creator\" content=\"@TheEpochTimesTR\" \/>\n<meta name=\"twitter:site\" content=\"@TheEpochTimesTR\" \/>\n<meta name=\"twitter:label1\" content=\"Yazan:\" \/>\n\t<meta name=\"twitter:data1\" content=\"Haber Merkezi\" \/>\n\t<meta name=\"twitter:label2\" content=\"Tahmini okuma s\u00fcresi\" \/>\n\t<meta name=\"twitter:data2\" content=\"3 dakika\" \/>\n<script type=\"application\/ld+json\" class=\"yoast-schema-graph\">{\"@context\":\"https:\/\/schema.org\",\"@graph\":[{\"@type\":\"Article\",\"@id\":\"https:\/\/epochtimestr.com\/index.php\/huseyin-can-guner-gorevinden-uzaklastirildi#article\",\"isPartOf\":{\"@id\":\"https:\/\/epochtimestr.com\/index.php\/huseyin-can-guner-gorevinden-uzaklastirildi\"},\"author\":{\"name\":\"Haber Merkezi\",\"@id\":\"https:\/\/epochtimestr.com\/#\/schema\/person\/3dc5c3adeb9f43923c5aa85889172fdd\"},\"headline\":\"H\u00fcseyin Can G\u00fcner G\u00f6revinden Uzakla\u015ft\u0131r\u0131ld\u0131\",\"datePublished\":\"2026-07-16T05:26:29+00:00\",\"dateModified\":\"2026-07-16T05:26:30+00:00\",\"mainEntityOfPage\":{\"@id\":\"https:\/\/epochtimestr.com\/index.php\/huseyin-can-guner-gorevinden-uzaklastirildi\"},\"wordCount\":598,\"commentCount\":0,\"publisher\":{\"@id\":\"https:\/\/epochtimestr.com\/#organization\"},\"image\":{\"@id\":\"https:\/\/epochtimestr.com\/index.php\/huseyin-can-guner-gorevinden-uzaklastirildi#primaryimage\"},\"thumbnailUrl\":\"https:\/\/epochtimestr.com\/wp-content\/uploads\/2011y\/huseyin-can-guner.webp\",\"keywords\":[\"\u00c7ankaya Belediyesi\",\"g\u00f6revden alma\",\"H\u00fcseyin Can G\u00fcner\",\"Sulh Ceza Hakimli\u011fi\",\"tutukluluk\"],\"articleSection\":[\"G\u00dcNDEM\",\"MAN\u015eET\",\"Siyaset\",\"T\u00dcRK\u0130YE\"],\"inLanguage\":\"tr\",\"potentialAction\":[{\"@type\":\"CommentAction\",\"name\":\"Comment\",\"target\":[\"https:\/\/epochtimestr.com\/index.php\/huseyin-can-guner-gorevinden-uzaklastirildi#respond\"]}]},{\"@type\":\"WebPage\",\"@id\":\"https:\/\/epochtimestr.com\/index.php\/huseyin-can-guner-gorevinden-uzaklastirildi\",\"url\":\"https:\/\/epochtimestr.com\/index.php\/huseyin-can-guner-gorevinden-uzaklastirildi\",\"name\":\"H\u00fcseyin Can G\u00fcner G\u00f6revinden Uzakla\u015ft\u0131r\u0131ld\u0131 - The Epoch Times TR\",\"isPartOf\":{\"@id\":\"https:\/\/epochtimestr.com\/#website\"},\"primaryImageOfPage\":{\"@id\":\"https:\/\/epochtimestr.com\/index.php\/huseyin-can-guner-gorevinden-uzaklastirildi#primaryimage\"},\"image\":{\"@id\":\"https:\/\/epochtimestr.com\/index.php\/huseyin-can-guner-gorevinden-uzaklastirildi#primaryimage\"},\"thumbnailUrl\":\"https:\/\/epochtimestr.com\/wp-content\/uploads\/2011y\/huseyin-can-guner.webp\",\"datePublished\":\"2026-07-16T05:26:29+00:00\",\"dateModified\":\"2026-07-16T05:26:30+00:00\",\"description\":\"\u0130\u00e7i\u015fleri Bakanl\u0131\u011f\u0131, bug\u00fcn sabah saatlerinde tutuklanan \u00c7ankaya Belediye Ba\u015fkan\u0131 H\u00fcseyin Can G\u00fcner'in g\u00f6revinden uzakla\u015ft\u0131r\u0131ld\u0131\u011f\u0131n\u0131 duyurdu.\",\"inLanguage\":\"tr\",\"potentialAction\":[{\"@type\":\"ReadAction\",\"target\":[\"https:\/\/epochtimestr.com\/index.php\/huseyin-can-guner-gorevinden-uzaklastirildi\"]}]},{\"@type\":\"ImageObject\",\"inLanguage\":\"tr\",\"@id\":\"https:\/\/epochtimestr.com\/index.php\/huseyin-can-guner-gorevinden-uzaklastirildi#primaryimage\",\"url\":\"https:\/\/epochtimestr.com\/wp-content\/uploads\/2011y\/huseyin-can-guner.webp\",\"contentUrl\":\"https:\/\/epochtimestr.com\/wp-content\/uploads\/2011y\/huseyin-can-guner.webp\",\"width\":1280,\"height\":720},{\"@type\":\"WebSite\",\"@id\":\"https:\/\/epochtimestr.com\/#website\",\"url\":\"https:\/\/epochtimestr.com\/\",\"name\":\"The Epoch Times TR\",\"description\":\"De\u011fi\u015fen D\u00fcnyam\u0131za Taze Bir Bak\u0131\u015f\",\"publisher\":{\"@id\":\"https:\/\/epochtimestr.com\/#organization\"},\"potentialAction\":[{\"@type\":\"SearchAction\",\"target\":{\"@type\":\"EntryPoint\",\"urlTemplate\":\"https:\/\/epochtimestr.com\/?s={search_term_string}\"},\"query-input\":\"required name=search_term_string\"}],\"inLanguage\":\"tr\"},{\"@type\":\"Organization\",\"@id\":\"https:\/\/epochtimestr.com\/#organization\",\"name\":\"The EpochTimes T\u00fcrkiye\",\"url\":\"https:\/\/epochtimestr.com\/\",\"logo\":{\"@type\":\"ImageObject\",\"inLanguage\":\"tr\",\"@id\":\"https:\/\/epochtimestr.com\/#\/schema\/logo\/image\/\",\"url\":\"https:\/\/epochtimestr.com\/wp-content\/uploads\/2011y\/ET-Logo-YG.jpg\",\"contentUrl\":\"https:\/\/epochtimestr.com\/wp-content\/uploads\/2011y\/ET-Logo-YG.jpg\",\"width\":346,\"height\":29,\"caption\":\"The EpochTimes T\u00fcrkiye\"},\"image\":{\"@id\":\"https:\/\/epochtimestr.com\/#\/schema\/logo\/image\/\"},\"sameAs\":[\"https:\/\/www.facebook.com\/theepochtimestr\",\"https:\/\/x.com\/TheEpochTimesTR\",\"https:\/\/www.instagram.com\/epochtimestr\"]},{\"@type\":\"Person\",\"@id\":\"https:\/\/epochtimestr.com\/#\/schema\/person\/3dc5c3adeb9f43923c5aa85889172fdd\",\"name\":\"Haber Merkezi\",\"image\":{\"@type\":\"ImageObject\",\"inLanguage\":\"tr\",\"@id\":\"https:\/\/epochtimestr.com\/#\/schema\/person\/image\/\",\"url\":\"https:\/\/secure.gravatar.com\/avatar\/d73f772ba5a74f28601361e17c2f93e6?s=96&d=mm&r=g\",\"contentUrl\":\"https:\/\/secure.gravatar.com\/avatar\/d73f772ba5a74f28601361e17c2f93e6?s=96&d=mm&r=g\",\"caption\":\"Haber Merkezi\"},\"url\":\"https:\/\/epochtimestr.com\/index.php\/author\/sendag\"}]}<\/script>\n<!-- \/ Yoast SEO plugin. -->","yoast_head_json":{"title":"H\u00fcseyin Can G\u00fcner G\u00f6revinden Uzakla\u015ft\u0131r\u0131ld\u0131 - The Epoch Times TR","description":"\u0130\u00e7i\u015fleri Bakanl\u0131\u011f\u0131, bug\u00fcn sabah saatlerinde tutuklanan \u00c7ankaya Belediye Ba\u015fkan\u0131 H\u00fcseyin Can G\u00fcner'in g\u00f6revinden uzakla\u015ft\u0131r\u0131ld\u0131\u011f\u0131n\u0131 duyurdu.","robots":{"index":"index","follow":"follow","max-snippet":"max-snippet:-1","max-image-preview":"max-image-preview:large","max-video-preview":"max-video-preview:-1"},"canonical":"https:\/\/epochtimestr.com\/index.php\/huseyin-can-guner-gorevinden-uzaklastirildi","og_locale":"tr_TR","og_type":"article","og_title":"H\u00fcseyin Can G\u00fcner G\u00f6revinden Uzakla\u015ft\u0131r\u0131ld\u0131 - The Epoch Times TR","og_description":"\u0130\u00e7i\u015fleri Bakanl\u0131\u011f\u0131, bug\u00fcn sabah saatlerinde tutuklanan \u00c7ankaya Belediye Ba\u015fkan\u0131 H\u00fcseyin Can G\u00fcner'in g\u00f6revinden uzakla\u015ft\u0131r\u0131ld\u0131\u011f\u0131n\u0131 duyurdu.","og_url":"https:\/\/epochtimestr.com\/index.php\/huseyin-can-guner-gorevinden-uzaklastirildi","og_site_name":"The Epoch Times TR","article_publisher":"https:\/\/www.facebook.com\/theepochtimestr","article_published_time":"2026-07-16T05:26:29+00:00","article_modified_time":"2026-07-16T05:26:30+00:00","og_image":[{"width":1280,"height":720,"url":"https:\/\/epochtimestr.com\/wp-content\/uploads\/2011y\/huseyin-can-guner.webp","type":"image\/webp"}],"author":"Haber Merkezi","twitter_card":"summary_large_image","twitter_creator":"@TheEpochTimesTR","twitter_site":"@TheEpochTimesTR","twitter_misc":{"Yazan:":"Haber Merkezi","Tahmini okuma s\u00fcresi":"3 dakika"},"schema":{"@context":"https:\/\/schema.org","@graph":[{"@type":"Article","@id":"https:\/\/epochtimestr.com\/index.php\/huseyin-can-guner-gorevinden-uzaklastirildi#article","isPartOf":{"@id":"https:\/\/epochtimestr.com\/index.php\/huseyin-can-guner-gorevinden-uzaklastirildi"},"author":{"name":"Haber Merkezi","@id":"https:\/\/epochtimestr.com\/#\/schema\/person\/3dc5c3adeb9f43923c5aa85889172fdd"},"headline":"H\u00fcseyin Can G\u00fcner G\u00f6revinden Uzakla\u015ft\u0131r\u0131ld\u0131","datePublished":"2026-07-16T05:26:29+00:00","dateModified":"2026-07-16T05:26:30+00:00","mainEntityOfPage":{"@id":"https:\/\/epochtimestr.com\/index.php\/huseyin-can-guner-gorevinden-uzaklastirildi"},"wordCount":598,"commentCount":0,"publisher":{"@id":"https:\/\/epochtimestr.com\/#organization"},"image":{"@id":"https:\/\/epochtimestr.com\/index.php\/huseyin-can-guner-gorevinden-uzaklastirildi#primaryimage"},"thumbnailUrl":"https:\/\/epochtimestr.com\/wp-content\/uploads\/2011y\/huseyin-can-guner.webp","keywords":["\u00c7ankaya Belediyesi","g\u00f6revden alma","H\u00fcseyin Can G\u00fcner","Sulh Ceza Hakimli\u011fi","tutukluluk"],"articleSection":["G\u00dcNDEM","MAN\u015eET","Siyaset","T\u00dcRK\u0130YE"],"inLanguage":"tr","potentialAction":[{"@type":"CommentAction","name":"Comment","target":["https:\/\/epochtimestr.com\/index.php\/huseyin-can-guner-gorevinden-uzaklastirildi#respond"]}]},{"@type":"WebPage","@id":"https:\/\/epochtimestr.com\/index.php\/huseyin-can-guner-gorevinden-uzaklastirildi","url":"https:\/\/epochtimestr.com\/index.php\/huseyin-can-guner-gorevinden-uzaklastirildi","name":"H\u00fcseyin Can G\u00fcner G\u00f6revinden Uzakla\u015ft\u0131r\u0131ld\u0131 - The Epoch Times TR","isPartOf":{"@id":"https:\/\/epochtimestr.com\/#website"},"primaryImageOfPage":{"@id":"https:\/\/epochtimestr.com\/index.php\/huseyin-can-guner-gorevinden-uzaklastirildi#primaryimage"},"image":{"@id":"https:\/\/epochtimestr.com\/index.php\/huseyin-can-guner-gorevinden-uzaklastirildi#primaryimage"},"thumbnailUrl":"https:\/\/epochtimestr.com\/wp-content\/uploads\/2011y\/huseyin-can-guner.webp","datePublished":"2026-07-16T05:26:29+00:00","dateModified":"2026-07-16T05:26:30+00:00","description":"\u0130\u00e7i\u015fleri Bakanl\u0131\u011f\u0131, bug\u00fcn sabah saatlerinde tutuklanan \u00c7ankaya Belediye Ba\u015fkan\u0131 H\u00fcseyin Can G\u00fcner'in g\u00f6revinden uzakla\u015ft\u0131r\u0131ld\u0131\u011f\u0131n\u0131 duyurdu.","inLanguage":"tr","potentialAction":[{"@type":"ReadAction","target":["https:\/\/epochtimestr.com\/index.php\/huseyin-can-guner-gorevinden-uzaklastirildi"]}]},{"@type":"ImageObject","inLanguage":"tr","@id":"https:\/\/epochtimestr.com\/index.php\/huseyin-can-guner-gorevinden-uzaklastirildi#primaryimage","url":"https:\/\/epochtimestr.com\/wp-content\/uploads\/2011y\/huseyin-can-guner.webp","contentUrl":"https:\/\/epochtimestr.com\/wp-content\/uploads\/2011y\/huseyin-can-guner.webp","width":1280,"height":720},{"@type":"WebSite","@id":"https:\/\/epochtimestr.com\/#website","url":"https:\/\/epochtimestr.com\/","name":"The Epoch Times TR","description":"De\u011fi\u015fen D\u00fcnyam\u0131za Taze Bir Bak\u0131\u015f","publisher":{"@id":"https:\/\/epochtimestr.com\/#organization"},"potentialAction":[{"@type":"SearchAction","target":{"@type":"EntryPoint","urlTemplate":"https:\/\/epochtimestr.com\/?s={search_term_string}"},"query-input":"required name=search_term_string"}],"inLanguage":"tr"},{"@type":"Organization","@id":"https:\/\/epochtimestr.com\/#organization","name":"The EpochTimes T\u00fcrkiye","url":"https:\/\/epochtimestr.com\/","logo":{"@type":"ImageObject","inLanguage":"tr","@id":"https:\/\/epochtimestr.com\/#\/schema\/logo\/image\/","url":"https:\/\/epochtimestr.com\/wp-content\/uploads\/2011y\/ET-Logo-YG.jpg","contentUrl":"https:\/\/epochtimestr.com\/wp-content\/uploads\/2011y\/ET-Logo-YG.jpg","width":346,"height":29,"caption":"The EpochTimes T\u00fcrkiye"},"image":{"@id":"https:\/\/epochtimestr.com\/#\/schema\/logo\/image\/"},"sameAs":["https:\/\/www.facebook.com\/theepochtimestr","https:\/\/x.com\/TheEpochTimesTR","https:\/\/www.instagram.com\/epochtimestr"]},{"@type":"Person","@id":"https:\/\/epochtimestr.com\/#\/schema\/person\/3dc5c3adeb9f43923c5aa85889172fdd","name":"Haber Merkezi","image":{"@type":"ImageObject","inLanguage":"tr","@id":"https:\/\/epochtimestr.com\/#\/schema\/person\/image\/","url":"https:\/\/secure.gravatar.com\/avatar\/d73f772ba5a74f28601361e17c2f93e6?s=96&d=mm&r=g","contentUrl":"https:\/\/secure.gravatar.com\/avatar\/d73f772ba5a74f28601361e17c2f93e6?s=96&d=mm&r=g","caption":"Haber Merkezi"},"url":"https:\/\/epochtimestr.com\/index.php\/author\/sendag"}]}},"_links":{"self":[{"href":"https:\/\/epochtimestr.com\/index.php\/wp-json\/wp\/v2\/posts\/168733"}],"collection":[{"href":"https:\/\/epochtimestr.com\/index.php\/wp-json\/wp\/v2\/posts"}],"about":[{"href":"https:\/\/epochtimestr.com\/index.php\/wp-json\/wp\/v2\/types\/post"}],"author":[{"embeddable":true,"href":"https:\/\/epochtimestr.com\/index.php\/wp-json\/wp\/v2\/users\/12791"}],"replies":[{"embeddable":true,"href":"https:\/\/epochtimestr.com\/index.php\/wp-json\/wp\/v2\/comments?post=168733"}],"version-history":[{"count":2,"href":"https:\/\/epochtimestr.com\/index.php\/wp-json\/wp\/v2\/posts\/168733\/revisions"}],"predecessor-version":[{"id":168747,"href":"https:\/\/epochtimestr.com\/index.php\/wp-json\/wp\/v2\/posts\/168733\/revisions\/168747"}],"wp:featuredmedia":[{"embeddable":true,"href":"https:\/\/epochtimestr.com\/index.php\/wp-json\/wp\/v2\/media\/168734"}],"wp:attachment":[{"href":"https:\/\/epochtimestr.com\/index.php\/wp-json\/wp\/v2\/media?parent=168733"}],"wp:term":[{"taxonomy":"category","embeddable":true,"href":"https:\/\/epochtimestr.com\/index.php\/wp-json\/wp\/v2\/categories?post=168733"},{"taxonomy":"post_tag","embeddable":true,"href":"https:\/\/epochtimestr.com\/index.php\/wp-json\/wp\/v2\/tags?post=168733"}],"curies":[{"name":"wp","href":"https:\/\/api.w.org\/{rel}","templated":true}]}}