{"id":168736,"date":"2026-07-16T08:31:36","date_gmt":"2026-07-16T05:31:36","guid":{"rendered":"https:\/\/epochtimestr.com\/?p=168736"},"modified":"2026-07-17T00:05:11","modified_gmt":"2026-07-16T21:05:11","slug":"mansur-yavastan-tepki-huseyin-baskanin-yanindayiz","status":"publish","type":"post","link":"https:\/\/epochtimestr.com\/index.php\/mansur-yavastan-tepki-huseyin-baskanin-yanindayiz","title":{"rendered":"Mansur Yava\u015f&#8217;tan Tepki: &#8216;H\u00fcseyin Ba\u015fkan&#8217;\u0131n Yan\u0131nday\u0131z&#8217;"},"content":{"rendered":"<div class=\"wp-block-image\">\n<figure class=\"aligncenter size-full\"><img loading=\"lazy\" decoding=\"async\" width=\"1280\" height=\"720\" src=\"https:\/\/epochtimestr.com\/wp-content\/uploads\/2011y\/mansur-yavas.webp\" alt=\"Mansur Yava\u015f'tan tepki: 'H\u00fcseyin Ba\u015fkan'\u0131n yan\u0131nday\u0131z'. (Foto\u011fraf: Mansur Yava\u015f X hesab\u0131)\" class=\"wp-image-168737\" srcset=\"https:\/\/epochtimestr.com\/wp-content\/uploads\/2011y\/mansur-yavas.webp 1280w, https:\/\/epochtimestr.com\/wp-content\/uploads\/2011y\/mansur-yavas-300x169.webp 300w, https:\/\/epochtimestr.com\/wp-content\/uploads\/2011y\/mansur-yavas-150x84.webp 150w, https:\/\/epochtimestr.com\/wp-content\/uploads\/2011y\/mansur-yavas-768x432.webp 768w\" sizes=\"(max-width: 1280px) 100vw, 1280px\" \/><figcaption class=\"wp-element-caption\">Mansur Yava\u015f&#8217;tan tepki: &#8216;H\u00fcseyin Ba\u015fkan&#8217;\u0131n yan\u0131nday\u0131z&#8217;. (Foto\u011fraf: Mansur Yava\u015f X hesab\u0131)<\/figcaption><\/figure><\/div>\n\n\n<h2 class=\"wp-block-heading\">Ankara B\u00fcy\u00fck\u015fehir Belediye Ba\u015fkan\u0131 Mansur Yava\u015f, \u00c7ankaya Belediye Ba\u015fkan\u0131 H\u00fcseyin Can G\u00fcner\u2019in tutuklanmas\u0131na tepki g\u00f6sterdi.<\/h2>\n\n\n\n<p>Mansur Yava\u015f, sosyal medya hesab\u0131ndan yapt\u0131\u011f\u0131 a\u00e7\u0131klamada, H\u00fcseyin Can G\u00fcner\u2019in <a href=\"https:\/\/epochtimestr.com\/index.php\/huseyin-can-guner-gorevinden-uzaklastirildi\" target=\"_blank\" rel=\"noreferrer noopener\">g\u00f6zalt\u0131 karar\u0131<\/a> verildi\u011fi s\u0131rada yurtd\u0131\u015f\u0131nda oldu\u011funu ancak hemen T\u00fcrkiye\u2019ye d\u00f6nd\u00fc\u011f\u00fcn\u00fc belirtti. Yava\u015f, payla\u015f\u0131m\u0131nda \u015fu ifadeleri kulland\u0131:<\/p>\n\n\n\n<p>&#8220;\u00c7ankaya Belediye Ba\u015fkan\u0131m\u0131z H\u00fcseyin Can G\u00fcner tutukland\u0131. Oysa g\u00f6zalt\u0131 karar\u0131 verildi\u011fi anda yurtd\u0131\u015f\u0131ndayken hemen T\u00fcrkiye\u2019ye d\u00f6nen, \u00e7a\u011fr\u0131ld\u0131\u011f\u0131 her an gidip ifadesini verecek, g\u00f6revinin ba\u015f\u0131nda olan bir belediye ba\u015fkan\u0131ndan s\u00f6z ediyoruz. Evinde yap\u0131lacak aramalar i\u00e7in yedek anahtar\u0131n\u0131 dahi teslim edecek kadar s\u00fcrece a\u00e7\u0131k ve \u015feffaf davrand\u0131\u2026 Soruyorum: ka\u00e7ma \u015f\u00fcphesi nerede? Delilleri karartma ihtimali nerede? Deliller ortada. Belgeler ortada. Hi\u00e7biri bir yere ka\u00e7m\u0131yor. Tutuksuz yarg\u0131lama m\u00fcmk\u00fcnken neden ki\u015fi \u00f6zg\u00fcrl\u00fc\u011f\u00fcn\u00fc ortadan kald\u0131ran en a\u011f\u0131r tedbire ba\u015fvuruluyor? <\/p>\n\n\n\n<p>Unutulmamas\u0131 gereken temel ilke \u015fudur: Tutukluluk bir tedbirdir ve cezaya d\u00f6nmemelidir.<\/p>\n\n\n\n<figure class=\"wp-block-embed is-type-rich is-provider-x wp-block-embed-x\"><div class=\"wp-block-embed__wrapper\">\n<blockquote class=\"twitter-tweet\" data-width=\"550\" data-dnt=\"true\"><p lang=\"tr\" dir=\"ltr\">\u00c7ankaya Belediye Ba\u015fkan\u0131m\u0131z H\u00fcseyin Can G\u00fcner tutukland\u0131.<br><br>Oysa g\u00f6zalt\u0131 karar\u0131 verildi\u011fi anda yurt d\u0131\u015f\u0131ndayken hemen T\u00fcrkiye\u2019ye d\u00f6nen, \u00e7a\u011fr\u0131ld\u0131\u011f\u0131 her an gidip ifadesini verecek, g\u00f6revinin ba\u015f\u0131nda olan bir belediye ba\u015fkan\u0131ndan s\u00f6z ediyoruz. Evinde yap\u0131lacak aramalar i\u00e7in yedek\u2026 <a href=\"https:\/\/t.co\/kVSsoCI32I\">pic.twitter.com\/kVSsoCI32I<\/a><\/p>&mdash; Mansur Yava\u015f (@mansuryavas06) <a href=\"https:\/\/x.com\/mansuryavas06\/status\/2077188893477130643?ref_src=twsrc%5Etfw\">July 15, 2026<\/a><\/blockquote><script async src=\"https:\/\/platform.x.com\/widgets.js\" charset=\"utf-8\"><\/script>\n<\/div><\/figure>\n\n\n\n<p>Yaln\u0131zca ba\u015fka hi\u00e7bir tedbirin yeterli olmayaca\u011f\u0131 zorunlu h\u00e2llerde ba\u015fvurulabilecek son \u00e7aredir. Bug\u00fcn ise ne yaz\u0131k ki son \u00e7are olmas\u0131 gereken tutuklama, ilk tercih h\u00e2line getiriliyor. Oysa tutuklulukta ge\u00e7en tek bir saatin bile telafisi yoktur. Kaybedilen zaman\u0131 hi\u00e7bir mahkeme karar\u0131 geri getiremez. Ailelerin ya\u015fad\u0131\u011f\u0131 ac\u0131y\u0131 hi\u00e7bir gerek\u00e7e ortadan kald\u0131ramaz. <\/p>\n\n\n\n<p>Adalet; \u00f6zg\u00fcrl\u00fc\u011f\u00fc kolayca elinden almak de\u011fil, hukuk devletinin g\u00fcvencesi alt\u0131nda adil yarg\u0131lamay\u0131 sa\u011flamakt\u0131r. H\u00fcseyin Ba\u015fkan\u0131n yan\u0131nday\u0131z.&#8221;<\/p>\n","protected":false},"excerpt":{"rendered":"<p>Ankara B\u00fcy\u00fck\u015fehir Belediye Ba\u015fkan\u0131 Mansur Yava\u015f, \u00c7ankaya Belediye Ba\u015fkan\u0131 H\u00fcseyin Can G\u00fcner\u2019in tutuklanmas\u0131na tepki g\u00f6sterdi. Mansur Yava\u015f, sosyal medya hesab\u0131ndan yapt\u0131\u011f\u0131 a\u00e7\u0131klamada, H\u00fcseyin Can G\u00fcner\u2019in g\u00f6zalt\u0131 karar\u0131 verildi\u011fi s\u0131rada yurtd\u0131\u015f\u0131nda oldu\u011funu ancak hemen T\u00fcrkiye\u2019ye d\u00f6nd\u00fc\u011f\u00fcn\u00fc belirtti. Yava\u015f, payla\u015f\u0131m\u0131nda \u015fu ifadeleri kulland\u0131: &#8220;\u00c7ankaya Belediye Ba\u015fkan\u0131m\u0131z H\u00fcseyin Can G\u00fcner tutukland\u0131. Oysa g\u00f6zalt\u0131 karar\u0131 verildi\u011fi anda yurtd\u0131\u015f\u0131ndayken hemen [&hellip;]<\/p>\n","protected":false},"author":12791,"featured_media":168737,"comment_status":"open","ping_status":"open","sticky":false,"template":"","format":"standard","meta":{"_yoast_wpseo_focuskw":"Mansur - H\u00fcseyin","_yoast_wpseo_title":"","_yoast_wpseo_metadesc":"Ankara B\u00fcy\u00fck\u015fehir Belediye Ba\u015fkan\u0131 Mansur Yava\u015f, \u00c7ankaya Belediye Ba\u015fkan\u0131 H\u00fcseyin Can G\u00fcner\u2019in tutuklanmas\u0131na tepki g\u00f6sterdi.","_bbp_topic_count":0,"_bbp_reply_count":0,"_bbp_total_topic_count":0,"_bbp_total_reply_count":0,"_bbp_voice_count":0,"_bbp_anonymous_reply_count":0,"_bbp_topic_count_hidden":0,"_bbp_reply_count_hidden":0,"_bbp_forum_subforum_count":0,"footnotes":"","_yoast_wpseo_focuskw_text_input":""},"categories":[1,8138,8226,37],"tags":[11716,7628,2355,8717],"yoast_head":"<!-- This site is optimized with the Yoast SEO plugin v23.0 - https:\/\/yoast.com\/wordpress\/plugins\/seo\/ -->\n<title>Mansur Yava\u015f&#039;tan Tepki: &#039;H\u00fcseyin Ba\u015fkan&#039;\u0131n Yan\u0131nday\u0131z&#039; - The Epoch Times TR<\/title>\n<meta name=\"description\" content=\"Ankara B\u00fcy\u00fck\u015fehir Belediye Ba\u015fkan\u0131 Mansur Yava\u015f, \u00c7ankaya Belediye Ba\u015fkan\u0131 H\u00fcseyin Can G\u00fcner\u2019in tutuklanmas\u0131na tepki g\u00f6sterdi.\" \/>\n<meta name=\"robots\" content=\"index, follow, max-snippet:-1, max-image-preview:large, max-video-preview:-1\" \/>\n<link rel=\"canonical\" href=\"https:\/\/epochtimestr.com\/index.php\/mansur-yavastan-tepki-huseyin-baskanin-yanindayiz\" \/>\n<meta property=\"og:locale\" content=\"tr_TR\" \/>\n<meta property=\"og:type\" content=\"article\" \/>\n<meta property=\"og:title\" content=\"Mansur Yava\u015f&#039;tan Tepki: &#039;H\u00fcseyin Ba\u015fkan&#039;\u0131n Yan\u0131nday\u0131z&#039; - The Epoch Times TR\" \/>\n<meta property=\"og:description\" content=\"Ankara B\u00fcy\u00fck\u015fehir Belediye Ba\u015fkan\u0131 Mansur Yava\u015f, \u00c7ankaya Belediye Ba\u015fkan\u0131 H\u00fcseyin Can G\u00fcner\u2019in tutuklanmas\u0131na tepki g\u00f6sterdi.\" \/>\n<meta property=\"og:url\" content=\"https:\/\/epochtimestr.com\/index.php\/mansur-yavastan-tepki-huseyin-baskanin-yanindayiz\" \/>\n<meta property=\"og:site_name\" content=\"The Epoch Times TR\" \/>\n<meta property=\"article:publisher\" content=\"https:\/\/www.facebook.com\/theepochtimestr\" \/>\n<meta property=\"article:published_time\" content=\"2026-07-16T05:31:36+00:00\" \/>\n<meta property=\"article:modified_time\" content=\"2026-07-16T21:05:11+00:00\" \/>\n<meta property=\"og:image\" content=\"https:\/\/epochtimestr.com\/wp-content\/uploads\/2011y\/mansur-yavas.webp\" \/>\n\t<meta property=\"og:image:width\" content=\"1280\" \/>\n\t<meta property=\"og:image:height\" content=\"720\" \/>\n\t<meta property=\"og:image:type\" content=\"image\/webp\" \/>\n<meta name=\"author\" content=\"Haber Merkezi\" \/>\n<meta name=\"twitter:card\" content=\"summary_large_image\" \/>\n<meta name=\"twitter:creator\" content=\"@TheEpochTimesTR\" \/>\n<meta name=\"twitter:site\" content=\"@TheEpochTimesTR\" \/>\n<meta name=\"twitter:label1\" content=\"Yazan:\" \/>\n\t<meta name=\"twitter:data1\" content=\"Haber Merkezi\" \/>\n\t<meta name=\"twitter:label2\" content=\"Tahmini okuma s\u00fcresi\" \/>\n\t<meta name=\"twitter:data2\" content=\"2 dakika\" \/>\n<script type=\"application\/ld+json\" class=\"yoast-schema-graph\">{\"@context\":\"https:\/\/schema.org\",\"@graph\":[{\"@type\":\"Article\",\"@id\":\"https:\/\/epochtimestr.com\/index.php\/mansur-yavastan-tepki-huseyin-baskanin-yanindayiz#article\",\"isPartOf\":{\"@id\":\"https:\/\/epochtimestr.com\/index.php\/mansur-yavastan-tepki-huseyin-baskanin-yanindayiz\"},\"author\":{\"name\":\"Haber Merkezi\",\"@id\":\"https:\/\/epochtimestr.com\/#\/schema\/person\/3dc5c3adeb9f43923c5aa85889172fdd\"},\"headline\":\"Mansur Yava\u015f&#8217;tan Tepki: &#8216;H\u00fcseyin Ba\u015fkan&#8217;\u0131n Yan\u0131nday\u0131z&#8217;\",\"datePublished\":\"2026-07-16T05:31:36+00:00\",\"dateModified\":\"2026-07-16T21:05:11+00:00\",\"mainEntityOfPage\":{\"@id\":\"https:\/\/epochtimestr.com\/index.php\/mansur-yavastan-tepki-huseyin-baskanin-yanindayiz\"},\"wordCount\":314,\"commentCount\":0,\"publisher\":{\"@id\":\"https:\/\/epochtimestr.com\/#organization\"},\"image\":{\"@id\":\"https:\/\/epochtimestr.com\/index.php\/mansur-yavastan-tepki-huseyin-baskanin-yanindayiz#primaryimage\"},\"thumbnailUrl\":\"https:\/\/epochtimestr.com\/wp-content\/uploads\/2011y\/mansur-yavas.webp\",\"keywords\":[\"H\u00fcseyin Can G\u00fcner\",\"mansur yava\u015f\",\"tepki\",\"Tutuklu\"],\"articleSection\":[\"G\u00dcNDEM\",\"MAN\u015eET\",\"Siyaset\",\"T\u00dcRK\u0130YE\"],\"inLanguage\":\"tr\",\"potentialAction\":[{\"@type\":\"CommentAction\",\"name\":\"Comment\",\"target\":[\"https:\/\/epochtimestr.com\/index.php\/mansur-yavastan-tepki-huseyin-baskanin-yanindayiz#respond\"]}]},{\"@type\":\"WebPage\",\"@id\":\"https:\/\/epochtimestr.com\/index.php\/mansur-yavastan-tepki-huseyin-baskanin-yanindayiz\",\"url\":\"https:\/\/epochtimestr.com\/index.php\/mansur-yavastan-tepki-huseyin-baskanin-yanindayiz\",\"name\":\"Mansur Yava\u015f'tan Tepki: 'H\u00fcseyin Ba\u015fkan'\u0131n Yan\u0131nday\u0131z' - The Epoch Times TR\",\"isPartOf\":{\"@id\":\"https:\/\/epochtimestr.com\/#website\"},\"primaryImageOfPage\":{\"@id\":\"https:\/\/epochtimestr.com\/index.php\/mansur-yavastan-tepki-huseyin-baskanin-yanindayiz#primaryimage\"},\"image\":{\"@id\":\"https:\/\/epochtimestr.com\/index.php\/mansur-yavastan-tepki-huseyin-baskanin-yanindayiz#primaryimage\"},\"thumbnailUrl\":\"https:\/\/epochtimestr.com\/wp-content\/uploads\/2011y\/mansur-yavas.webp\",\"datePublished\":\"2026-07-16T05:31:36+00:00\",\"dateModified\":\"2026-07-16T21:05:11+00:00\",\"description\":\"Ankara B\u00fcy\u00fck\u015fehir Belediye Ba\u015fkan\u0131 Mansur Yava\u015f, \u00c7ankaya Belediye Ba\u015fkan\u0131 H\u00fcseyin Can G\u00fcner\u2019in tutuklanmas\u0131na tepki g\u00f6sterdi.\",\"inLanguage\":\"tr\",\"potentialAction\":[{\"@type\":\"ReadAction\",\"target\":[\"https:\/\/epochtimestr.com\/index.php\/mansur-yavastan-tepki-huseyin-baskanin-yanindayiz\"]}]},{\"@type\":\"ImageObject\",\"inLanguage\":\"tr\",\"@id\":\"https:\/\/epochtimestr.com\/index.php\/mansur-yavastan-tepki-huseyin-baskanin-yanindayiz#primaryimage\",\"url\":\"https:\/\/epochtimestr.com\/wp-content\/uploads\/2011y\/mansur-yavas.webp\",\"contentUrl\":\"https:\/\/epochtimestr.com\/wp-content\/uploads\/2011y\/mansur-yavas.webp\",\"width\":1280,\"height\":720},{\"@type\":\"WebSite\",\"@id\":\"https:\/\/epochtimestr.com\/#website\",\"url\":\"https:\/\/epochtimestr.com\/\",\"name\":\"The Epoch Times TR\",\"description\":\"De\u011fi\u015fen D\u00fcnyam\u0131za Taze Bir Bak\u0131\u015f\",\"publisher\":{\"@id\":\"https:\/\/epochtimestr.com\/#organization\"},\"potentialAction\":[{\"@type\":\"SearchAction\",\"target\":{\"@type\":\"EntryPoint\",\"urlTemplate\":\"https:\/\/epochtimestr.com\/?s={search_term_string}\"},\"query-input\":\"required name=search_term_string\"}],\"inLanguage\":\"tr\"},{\"@type\":\"Organization\",\"@id\":\"https:\/\/epochtimestr.com\/#organization\",\"name\":\"The EpochTimes T\u00fcrkiye\",\"url\":\"https:\/\/epochtimestr.com\/\",\"logo\":{\"@type\":\"ImageObject\",\"inLanguage\":\"tr\",\"@id\":\"https:\/\/epochtimestr.com\/#\/schema\/logo\/image\/\",\"url\":\"https:\/\/epochtimestr.com\/wp-content\/uploads\/2011y\/ET-Logo-YG.jpg\",\"contentUrl\":\"https:\/\/epochtimestr.com\/wp-content\/uploads\/2011y\/ET-Logo-YG.jpg\",\"width\":346,\"height\":29,\"caption\":\"The EpochTimes T\u00fcrkiye\"},\"image\":{\"@id\":\"https:\/\/epochtimestr.com\/#\/schema\/logo\/image\/\"},\"sameAs\":[\"https:\/\/www.facebook.com\/theepochtimestr\",\"https:\/\/x.com\/TheEpochTimesTR\",\"https:\/\/www.instagram.com\/epochtimestr\"]},{\"@type\":\"Person\",\"@id\":\"https:\/\/epochtimestr.com\/#\/schema\/person\/3dc5c3adeb9f43923c5aa85889172fdd\",\"name\":\"Haber Merkezi\",\"image\":{\"@type\":\"ImageObject\",\"inLanguage\":\"tr\",\"@id\":\"https:\/\/epochtimestr.com\/#\/schema\/person\/image\/\",\"url\":\"https:\/\/secure.gravatar.com\/avatar\/d73f772ba5a74f28601361e17c2f93e6?s=96&d=mm&r=g\",\"contentUrl\":\"https:\/\/secure.gravatar.com\/avatar\/d73f772ba5a74f28601361e17c2f93e6?s=96&d=mm&r=g\",\"caption\":\"Haber Merkezi\"},\"url\":\"https:\/\/epochtimestr.com\/index.php\/author\/sendag\"}]}<\/script>\n<!-- \/ Yoast SEO plugin. -->","yoast_head_json":{"title":"Mansur Yava\u015f'tan Tepki: 'H\u00fcseyin Ba\u015fkan'\u0131n Yan\u0131nday\u0131z' - The Epoch Times TR","description":"Ankara B\u00fcy\u00fck\u015fehir Belediye Ba\u015fkan\u0131 Mansur Yava\u015f, \u00c7ankaya Belediye Ba\u015fkan\u0131 H\u00fcseyin Can G\u00fcner\u2019in tutuklanmas\u0131na tepki g\u00f6sterdi.","robots":{"index":"index","follow":"follow","max-snippet":"max-snippet:-1","max-image-preview":"max-image-preview:large","max-video-preview":"max-video-preview:-1"},"canonical":"https:\/\/epochtimestr.com\/index.php\/mansur-yavastan-tepki-huseyin-baskanin-yanindayiz","og_locale":"tr_TR","og_type":"article","og_title":"Mansur Yava\u015f'tan Tepki: 'H\u00fcseyin Ba\u015fkan'\u0131n Yan\u0131nday\u0131z' - The Epoch Times TR","og_description":"Ankara B\u00fcy\u00fck\u015fehir Belediye Ba\u015fkan\u0131 Mansur Yava\u015f, \u00c7ankaya Belediye Ba\u015fkan\u0131 H\u00fcseyin Can G\u00fcner\u2019in tutuklanmas\u0131na tepki g\u00f6sterdi.","og_url":"https:\/\/epochtimestr.com\/index.php\/mansur-yavastan-tepki-huseyin-baskanin-yanindayiz","og_site_name":"The Epoch Times TR","article_publisher":"https:\/\/www.facebook.com\/theepochtimestr","article_published_time":"2026-07-16T05:31:36+00:00","article_modified_time":"2026-07-16T21:05:11+00:00","og_image":[{"width":1280,"height":720,"url":"https:\/\/epochtimestr.com\/wp-content\/uploads\/2011y\/mansur-yavas.webp","type":"image\/webp"}],"author":"Haber Merkezi","twitter_card":"summary_large_image","twitter_creator":"@TheEpochTimesTR","twitter_site":"@TheEpochTimesTR","twitter_misc":{"Yazan:":"Haber Merkezi","Tahmini okuma s\u00fcresi":"2 dakika"},"schema":{"@context":"https:\/\/schema.org","@graph":[{"@type":"Article","@id":"https:\/\/epochtimestr.com\/index.php\/mansur-yavastan-tepki-huseyin-baskanin-yanindayiz#article","isPartOf":{"@id":"https:\/\/epochtimestr.com\/index.php\/mansur-yavastan-tepki-huseyin-baskanin-yanindayiz"},"author":{"name":"Haber Merkezi","@id":"https:\/\/epochtimestr.com\/#\/schema\/person\/3dc5c3adeb9f43923c5aa85889172fdd"},"headline":"Mansur Yava\u015f&#8217;tan Tepki: &#8216;H\u00fcseyin Ba\u015fkan&#8217;\u0131n Yan\u0131nday\u0131z&#8217;","datePublished":"2026-07-16T05:31:36+00:00","dateModified":"2026-07-16T21:05:11+00:00","mainEntityOfPage":{"@id":"https:\/\/epochtimestr.com\/index.php\/mansur-yavastan-tepki-huseyin-baskanin-yanindayiz"},"wordCount":314,"commentCount":0,"publisher":{"@id":"https:\/\/epochtimestr.com\/#organization"},"image":{"@id":"https:\/\/epochtimestr.com\/index.php\/mansur-yavastan-tepki-huseyin-baskanin-yanindayiz#primaryimage"},"thumbnailUrl":"https:\/\/epochtimestr.com\/wp-content\/uploads\/2011y\/mansur-yavas.webp","keywords":["H\u00fcseyin Can G\u00fcner","mansur yava\u015f","tepki","Tutuklu"],"articleSection":["G\u00dcNDEM","MAN\u015eET","Siyaset","T\u00dcRK\u0130YE"],"inLanguage":"tr","potentialAction":[{"@type":"CommentAction","name":"Comment","target":["https:\/\/epochtimestr.com\/index.php\/mansur-yavastan-tepki-huseyin-baskanin-yanindayiz#respond"]}]},{"@type":"WebPage","@id":"https:\/\/epochtimestr.com\/index.php\/mansur-yavastan-tepki-huseyin-baskanin-yanindayiz","url":"https:\/\/epochtimestr.com\/index.php\/mansur-yavastan-tepki-huseyin-baskanin-yanindayiz","name":"Mansur Yava\u015f'tan Tepki: 'H\u00fcseyin Ba\u015fkan'\u0131n Yan\u0131nday\u0131z' - The Epoch Times TR","isPartOf":{"@id":"https:\/\/epochtimestr.com\/#website"},"primaryImageOfPage":{"@id":"https:\/\/epochtimestr.com\/index.php\/mansur-yavastan-tepki-huseyin-baskanin-yanindayiz#primaryimage"},"image":{"@id":"https:\/\/epochtimestr.com\/index.php\/mansur-yavastan-tepki-huseyin-baskanin-yanindayiz#primaryimage"},"thumbnailUrl":"https:\/\/epochtimestr.com\/wp-content\/uploads\/2011y\/mansur-yavas.webp","datePublished":"2026-07-16T05:31:36+00:00","dateModified":"2026-07-16T21:05:11+00:00","description":"Ankara B\u00fcy\u00fck\u015fehir Belediye Ba\u015fkan\u0131 Mansur Yava\u015f, \u00c7ankaya Belediye Ba\u015fkan\u0131 H\u00fcseyin Can G\u00fcner\u2019in tutuklanmas\u0131na tepki g\u00f6sterdi.","inLanguage":"tr","potentialAction":[{"@type":"ReadAction","target":["https:\/\/epochtimestr.com\/index.php\/mansur-yavastan-tepki-huseyin-baskanin-yanindayiz"]}]},{"@type":"ImageObject","inLanguage":"tr","@id":"https:\/\/epochtimestr.com\/index.php\/mansur-yavastan-tepki-huseyin-baskanin-yanindayiz#primaryimage","url":"https:\/\/epochtimestr.com\/wp-content\/uploads\/2011y\/mansur-yavas.webp","contentUrl":"https:\/\/epochtimestr.com\/wp-content\/uploads\/2011y\/mansur-yavas.webp","width":1280,"height":720},{"@type":"WebSite","@id":"https:\/\/epochtimestr.com\/#website","url":"https:\/\/epochtimestr.com\/","name":"The Epoch Times TR","description":"De\u011fi\u015fen D\u00fcnyam\u0131za Taze Bir Bak\u0131\u015f","publisher":{"@id":"https:\/\/epochtimestr.com\/#organization"},"potentialAction":[{"@type":"SearchAction","target":{"@type":"EntryPoint","urlTemplate":"https:\/\/epochtimestr.com\/?s={search_term_string}"},"query-input":"required name=search_term_string"}],"inLanguage":"tr"},{"@type":"Organization","@id":"https:\/\/epochtimestr.com\/#organization","name":"The EpochTimes T\u00fcrkiye","url":"https:\/\/epochtimestr.com\/","logo":{"@type":"ImageObject","inLanguage":"tr","@id":"https:\/\/epochtimestr.com\/#\/schema\/logo\/image\/","url":"https:\/\/epochtimestr.com\/wp-content\/uploads\/2011y\/ET-Logo-YG.jpg","contentUrl":"https:\/\/epochtimestr.com\/wp-content\/uploads\/2011y\/ET-Logo-YG.jpg","width":346,"height":29,"caption":"The EpochTimes T\u00fcrkiye"},"image":{"@id":"https:\/\/epochtimestr.com\/#\/schema\/logo\/image\/"},"sameAs":["https:\/\/www.facebook.com\/theepochtimestr","https:\/\/x.com\/TheEpochTimesTR","https:\/\/www.instagram.com\/epochtimestr"]},{"@type":"Person","@id":"https:\/\/epochtimestr.com\/#\/schema\/person\/3dc5c3adeb9f43923c5aa85889172fdd","name":"Haber Merkezi","image":{"@type":"ImageObject","inLanguage":"tr","@id":"https:\/\/epochtimestr.com\/#\/schema\/person\/image\/","url":"https:\/\/secure.gravatar.com\/avatar\/d73f772ba5a74f28601361e17c2f93e6?s=96&d=mm&r=g","contentUrl":"https:\/\/secure.gravatar.com\/avatar\/d73f772ba5a74f28601361e17c2f93e6?s=96&d=mm&r=g","caption":"Haber Merkezi"},"url":"https:\/\/epochtimestr.com\/index.php\/author\/sendag"}]}},"_links":{"self":[{"href":"https:\/\/epochtimestr.com\/index.php\/wp-json\/wp\/v2\/posts\/168736"}],"collection":[{"href":"https:\/\/epochtimestr.com\/index.php\/wp-json\/wp\/v2\/posts"}],"about":[{"href":"https:\/\/epochtimestr.com\/index.php\/wp-json\/wp\/v2\/types\/post"}],"author":[{"embeddable":true,"href":"https:\/\/epochtimestr.com\/index.php\/wp-json\/wp\/v2\/users\/12791"}],"replies":[{"embeddable":true,"href":"https:\/\/epochtimestr.com\/index.php\/wp-json\/wp\/v2\/comments?post=168736"}],"version-history":[{"count":3,"href":"https:\/\/epochtimestr.com\/index.php\/wp-json\/wp\/v2\/posts\/168736\/revisions"}],"predecessor-version":[{"id":168751,"href":"https:\/\/epochtimestr.com\/index.php\/wp-json\/wp\/v2\/posts\/168736\/revisions\/168751"}],"wp:featuredmedia":[{"embeddable":true,"href":"https:\/\/epochtimestr.com\/index.php\/wp-json\/wp\/v2\/media\/168737"}],"wp:attachment":[{"href":"https:\/\/epochtimestr.com\/index.php\/wp-json\/wp\/v2\/media?parent=168736"}],"wp:term":[{"taxonomy":"category","embeddable":true,"href":"https:\/\/epochtimestr.com\/index.php\/wp-json\/wp\/v2\/categories?post=168736"},{"taxonomy":"post_tag","embeddable":true,"href":"https:\/\/epochtimestr.com\/index.php\/wp-json\/wp\/v2\/tags?post=168736"}],"curies":[{"name":"wp","href":"https:\/\/api.w.org\/{rel}","templated":true}]}}