{"id":168757,"date":"2026-07-17T08:17:08","date_gmt":"2026-07-17T05:17:08","guid":{"rendered":"https:\/\/epochtimestr.com\/?p=168757"},"modified":"2026-07-17T08:17:19","modified_gmt":"2026-07-17T05:17:19","slug":"ak-parti-genel-baskanvekili-efkan-ala-imrali-heyeti-ile-gorustu","status":"publish","type":"post","link":"https:\/\/epochtimestr.com\/index.php\/ak-parti-genel-baskanvekili-efkan-ala-imrali-heyeti-ile-gorustu","title":{"rendered":"AK Parti Genel Ba\u015fkanvekili Efkan Ala \u0130mral\u0131 Heyeti \u0130le G\u00f6r\u00fc\u015ft\u00fc"},"content":{"rendered":"<div class=\"wp-block-image\">\n<figure class=\"aligncenter size-large\"><img loading=\"lazy\" decoding=\"async\" width=\"1827\" height=\"1200\" src=\"https:\/\/epochtimestr.com\/wp-content\/uploads\/2011y\/hdp-erdogan-1827x1200.jpg\" alt=\"AK Parti Genel Ba\u015fkanvekili Efkan Ala \u0130mral\u0131 Heyeti ile g\u00f6r\u00fc\u015ft\u00fc. (Foto\u011fraf: TC Cumhurba\u015fkanl\u0131\u011f\u0131 sitesi)\" class=\"wp-image-168758\" srcset=\"https:\/\/epochtimestr.com\/wp-content\/uploads\/2011y\/hdp-erdogan-1827x1200.jpg 1827w, https:\/\/epochtimestr.com\/wp-content\/uploads\/2011y\/hdp-erdogan-300x197.jpg 300w, https:\/\/epochtimestr.com\/wp-content\/uploads\/2011y\/hdp-erdogan-150x98.jpg 150w, https:\/\/epochtimestr.com\/wp-content\/uploads\/2011y\/hdp-erdogan-768x504.jpg 768w, https:\/\/epochtimestr.com\/wp-content\/uploads\/2011y\/hdp-erdogan-1536x1009.jpg 1536w, https:\/\/epochtimestr.com\/wp-content\/uploads\/2011y\/hdp-erdogan-2048x1345.jpg 2048w\" sizes=\"(max-width: 1827px) 100vw, 1827px\" \/><figcaption class=\"wp-element-caption\">AK Parti Genel Ba\u015fkanvekili Efkan Ala \u0130mral\u0131 Heyeti ile g\u00f6r\u00fc\u015ft\u00fc. (Foto\u011fraf: TC Cumhurba\u015fkanl\u0131\u011f\u0131 sitesi)<\/figcaption><\/figure><\/div>\n\n\n<h2 class=\"wp-block-heading\">AK Parti Genel Ba\u015fkan Vekili Efkan Ala, AKP Grup Ba\u015fkan\u0131 Abdullah G\u00fcler \u0130mral\u0131 Heyeti \u00fcyeleri Pervin Buldan ve Mithat Sancar ile g\u00f6r\u00fc\u015ft\u00fc.<\/h2>\n\n\n\n<p>TBMM&#8217;de &#8220;Ter\u00f6rs\u00fcz T\u00fcrkiye&#8221; s\u00fcreci kapsam\u0131nda kurulacak komisyonun \u00e7al\u0131\u015fmalar\u0131 ve Meclis tatile girmeden bir \u00e7er\u00e7eve yasa \u00e7\u0131kar\u0131lmas\u0131na y\u00f6nelik beklentiler s\u00fcrerken, <a href=\"https:\/\/epochtimestr.com\/index.php\/erdogan-ve-dem-parti-imrali-heyetiyle-biraraya-geldi\" target=\"_blank\" rel=\"noreferrer noopener\">\u0130mral\u0131 Heyeti<\/a> ile <a href=\"https:\/\/epochtimestr.com\/index.php\/chp-genel-baskani-ozgur-ozel-ak-parti-artik-iktidar-degil-bir-vesayet-odagidir\" target=\"_blank\" rel=\"noreferrer noopener\">AK Parti<\/a> aras\u0131nda yap\u0131lmas\u0131 beklenen g\u00f6r\u00fc\u015fme ge\u00e7 saatlerde olsa da ger\u00e7ekle\u015fti. Meclisteki g\u00f6r\u00fc\u015fmeye Pervin Buldan, Mithat Sancar, Faik Erol, Efkan Ala ve Abdullah G\u00fcler kat\u0131ld\u0131. G\u00f6r\u00fc\u015fme yakla\u015f\u0131k 1.5 saat s\u00fcrd\u00fc.<\/p>\n\n\n\n<p>Halklar\u0131n E\u015fitlik ve Demokrasi Partisi (DEM Parti) \u0130mral\u0131 Heyeti \u00dcyesi Pervin Buldan, Bar\u0131\u015f ve Demokratik Toplum S\u00fcreci kapsam\u0131nda DEM Parti \u0130mral\u0131 Heyeti \u00dcyesi Mithat Sancar ile birlikte AKP Genel Ba\u015fkanvekili Efkan Ala ve AKP Grup Ba\u015fkan\u0131 Abdullah G\u00fcler g\u00f6r\u00fc\u015ft\u00fc. G\u00f6r\u00fc\u015fme sonras\u0131;<\/p>\n\n\n\n<p><strong>DEM Parti \u0130mral\u0131 Heyeti, Bah\u00e7eli ve AK Parti ziyaretleriyle ilgili a\u00e7\u0131klama yapt\u0131<\/strong><\/p>\n\n\n\n<p>DEM Parti \u0130mral\u0131 heyeti, ziyaret sonras\u0131 yaz\u0131l\u0131 a\u00e7\u0131klama yay\u0131mlad\u0131. A\u00e7\u0131klamada \u015funlar kaydedildi:<\/p>\n\n\n\n<p>&#8220;DEM Parti \u0130mral\u0131 heyeti olarak, 15 Temmuz\u2019da AK Parti heyetiyle ve 16 Temmuz\u2019da da Say\u0131n Devlet Bah\u00e7eli\u2019yle Bar\u0131\u015f ve Demokratik Toplum S\u00fcrecine ili\u015fkin g\u00fcndemde yer alan konular\u0131 de\u011ferlendirmek \u00fczere g\u00f6r\u00fc\u015fmeler ger\u00e7ekle\u015ftirdik.<\/p>\n\n\n\n<p>G\u00f6r\u00fc\u015fmelerde, s\u00fcrecin mevcut a\u015famas\u0131, yasal \u00e7er\u00e7evenin bir an \u00f6nce hayata ge\u00e7irilmesi ve bunun ihtiya\u00e7lara cevap verebilecek nitelikte olmas\u0131 hususlar\u0131nda fikir al\u0131\u015fveri\u015finde bulunduk. Bu do\u011frultudaki isti\u015farelerimiz devam edecektir.<\/p>\n\n\n\n<p>Temaslar\u0131m\u0131z\u0131n ard\u0131ndan, \u0130mral\u0131\u2019da Say\u0131n Abdullah \u00d6calan\u2019la en k\u0131sa zamanda bir g\u00f6r\u00fc\u015fme ger\u00e7ekle\u015ftirmeyi hedeflemekteyiz.<\/p>\n\n\n\n<p>Kamuoyuna sayg\u0131yla duyururuz.&#8221;<\/p>\n\n\n\n<p><strong>DEM Parti Grup Ba\u015fkan Vekili Sezai Temelli:<\/strong><\/p>\n\n\n\n<p>\u201cBizimle ve heyetimizle yap\u0131lan g\u00f6r\u00fc\u015fmelerde bu yasan\u0131n Temmuz ay\u0131 bitmeden gelmesi konusunda bir mutabakat sa\u011fland\u0131. \u015eu anda d\u00f6rt tane paket var Meclis\u2019in g\u00fcndeminde, be\u015finci paket olarak da bu \u00e7er\u00e7eve yasa gelecek. B\u00fct\u00fcn partiler Temmuz ay\u0131 sonuna kadar bunlar\u0131n gelip yasalla\u015fmas\u0131 konusunda bir anla\u015fmaya vard\u0131.\u201d<\/p>\n\n\n\n<p>\u00d6te yandan MHP Lideri <a href=\"https:\/\/epochtimestr.com\/index.php\/devlet-bahceli-mhp-grup-toplantisinda-konustu\" target=\"_blank\" rel=\"noreferrer noopener\">Devlet Bah\u00e7eli<\/a>, TBMM\u2019deki makam odas\u0131nda DEM Parti \u0130mral\u0131 Heyetini kabul etti. Bah\u00e7eli de s\u00fcrecin arkas\u0131nda oldu\u011funu bir kez daha vurgulad\u0131.<\/p>\n\n\n<div class=\"wp-block-image\">\n<figure class=\"aligncenter size-full\"><img loading=\"lazy\" decoding=\"async\" width=\"1200\" height=\"1200\" src=\"https:\/\/epochtimestr.com\/wp-content\/uploads\/2011y\/dem-1.jpg\" alt=\"\" class=\"wp-image-168759\" srcset=\"https:\/\/epochtimestr.com\/wp-content\/uploads\/2011y\/dem-1.jpg 1200w, https:\/\/epochtimestr.com\/wp-content\/uploads\/2011y\/dem-1-300x300.jpg 300w, https:\/\/epochtimestr.com\/wp-content\/uploads\/2011y\/dem-1-150x150.jpg 150w, https:\/\/epochtimestr.com\/wp-content\/uploads\/2011y\/dem-1-768x768.jpg 768w\" sizes=\"(max-width: 1200px) 100vw, 1200px\" \/><\/figure><\/div>","protected":false},"excerpt":{"rendered":"<p>AK Parti Genel Ba\u015fkan Vekili Efkan Ala, AKP Grup Ba\u015fkan\u0131 Abdullah G\u00fcler \u0130mral\u0131 Heyeti \u00fcyeleri Pervin Buldan ve Mithat Sancar ile g\u00f6r\u00fc\u015ft\u00fc. TBMM&#8217;de &#8220;Ter\u00f6rs\u00fcz T\u00fcrkiye&#8221; s\u00fcreci kapsam\u0131nda kurulacak komisyonun \u00e7al\u0131\u015fmalar\u0131 ve Meclis tatile girmeden bir \u00e7er\u00e7eve yasa \u00e7\u0131kar\u0131lmas\u0131na y\u00f6nelik beklentiler s\u00fcrerken, \u0130mral\u0131 Heyeti ile AK Parti aras\u0131nda yap\u0131lmas\u0131 beklenen g\u00f6r\u00fc\u015fme ge\u00e7 saatlerde olsa da ger\u00e7ekle\u015fti. [&hellip;]<\/p>\n","protected":false},"author":12791,"featured_media":168758,"comment_status":"open","ping_status":"open","sticky":false,"template":"","format":"standard","meta":{"_yoast_wpseo_focuskw":"Ak Parti - Efkan Ala","_yoast_wpseo_title":"","_yoast_wpseo_metadesc":"AK Parti Genel Ba\u015fkan Vekili Efkan Ala, AKP Grup Ba\u015fkan\u0131 Abdullah G\u00fcler \u0130mral\u0131 Heyeti \u00fcyeleri Pervin Buldan ve Mithat Sancar ile g\u00f6r\u00fc\u015ft\u00fc.","_bbp_topic_count":0,"_bbp_reply_count":0,"_bbp_total_topic_count":0,"_bbp_total_reply_count":0,"_bbp_voice_count":0,"_bbp_anonymous_reply_count":0,"_bbp_topic_count_hidden":0,"_bbp_reply_count_hidden":0,"_bbp_forum_subforum_count":0,"footnotes":"","_yoast_wpseo_focuskw_text_input":""},"categories":[1,8138,8226,37],"tags":[1017,8561,2126,11748],"yoast_head":"<!-- This site is optimized with the Yoast SEO plugin v23.0 - https:\/\/yoast.com\/wordpress\/plugins\/seo\/ -->\n<title>AK Parti Genel Ba\u015fkanvekili Efkan Ala \u0130mral\u0131 Heyeti \u0130le G\u00f6r\u00fc\u015ft\u00fc - The Epoch Times TR<\/title>\n<meta name=\"description\" content=\"AK Parti Genel Ba\u015fkan Vekili Efkan Ala, AKP Grup Ba\u015fkan\u0131 Abdullah G\u00fcler \u0130mral\u0131 Heyeti \u00fcyeleri Pervin Buldan ve Mithat Sancar ile g\u00f6r\u00fc\u015ft\u00fc.\" \/>\n<meta name=\"robots\" content=\"index, follow, max-snippet:-1, max-image-preview:large, max-video-preview:-1\" \/>\n<link rel=\"canonical\" href=\"https:\/\/epochtimestr.com\/index.php\/ak-parti-genel-baskanvekili-efkan-ala-imrali-heyeti-ile-gorustu\" \/>\n<meta property=\"og:locale\" content=\"tr_TR\" \/>\n<meta property=\"og:type\" content=\"article\" \/>\n<meta property=\"og:title\" content=\"AK Parti Genel Ba\u015fkanvekili Efkan Ala \u0130mral\u0131 Heyeti \u0130le G\u00f6r\u00fc\u015ft\u00fc - The Epoch Times TR\" \/>\n<meta property=\"og:description\" content=\"AK Parti Genel Ba\u015fkan Vekili Efkan Ala, AKP Grup Ba\u015fkan\u0131 Abdullah G\u00fcler \u0130mral\u0131 Heyeti \u00fcyeleri Pervin Buldan ve Mithat Sancar ile g\u00f6r\u00fc\u015ft\u00fc.\" \/>\n<meta property=\"og:url\" content=\"https:\/\/epochtimestr.com\/index.php\/ak-parti-genel-baskanvekili-efkan-ala-imrali-heyeti-ile-gorustu\" \/>\n<meta property=\"og:site_name\" content=\"The Epoch Times TR\" \/>\n<meta property=\"article:publisher\" content=\"https:\/\/www.facebook.com\/theepochtimestr\" \/>\n<meta property=\"article:published_time\" content=\"2026-07-17T05:17:08+00:00\" \/>\n<meta property=\"article:modified_time\" content=\"2026-07-17T05:17:19+00:00\" \/>\n<meta property=\"og:image\" content=\"https:\/\/epochtimestr.com\/wp-content\/uploads\/2011y\/hdp-erdogan.jpg\" \/>\n\t<meta property=\"og:image:width\" content=\"2560\" \/>\n\t<meta property=\"og:image:height\" content=\"1681\" \/>\n\t<meta property=\"og:image:type\" content=\"image\/jpeg\" \/>\n<meta name=\"author\" content=\"Haber Merkezi\" \/>\n<meta name=\"twitter:card\" content=\"summary_large_image\" \/>\n<meta name=\"twitter:creator\" content=\"@TheEpochTimesTR\" \/>\n<meta name=\"twitter:site\" content=\"@TheEpochTimesTR\" \/>\n<meta name=\"twitter:label1\" content=\"Yazan:\" \/>\n\t<meta name=\"twitter:data1\" content=\"Haber Merkezi\" \/>\n\t<meta name=\"twitter:label2\" content=\"Tahmini okuma s\u00fcresi\" \/>\n\t<meta name=\"twitter:data2\" content=\"3 dakika\" \/>\n<script type=\"application\/ld+json\" class=\"yoast-schema-graph\">{\"@context\":\"https:\/\/schema.org\",\"@graph\":[{\"@type\":\"Article\",\"@id\":\"https:\/\/epochtimestr.com\/index.php\/ak-parti-genel-baskanvekili-efkan-ala-imrali-heyeti-ile-gorustu#article\",\"isPartOf\":{\"@id\":\"https:\/\/epochtimestr.com\/index.php\/ak-parti-genel-baskanvekili-efkan-ala-imrali-heyeti-ile-gorustu\"},\"author\":{\"name\":\"Haber Merkezi\",\"@id\":\"https:\/\/epochtimestr.com\/#\/schema\/person\/3dc5c3adeb9f43923c5aa85889172fdd\"},\"headline\":\"AK Parti Genel Ba\u015fkanvekili Efkan Ala \u0130mral\u0131 Heyeti \u0130le G\u00f6r\u00fc\u015ft\u00fc\",\"datePublished\":\"2026-07-17T05:17:08+00:00\",\"dateModified\":\"2026-07-17T05:17:19+00:00\",\"mainEntityOfPage\":{\"@id\":\"https:\/\/epochtimestr.com\/index.php\/ak-parti-genel-baskanvekili-efkan-ala-imrali-heyeti-ile-gorustu\"},\"wordCount\":425,\"commentCount\":0,\"publisher\":{\"@id\":\"https:\/\/epochtimestr.com\/#organization\"},\"image\":{\"@id\":\"https:\/\/epochtimestr.com\/index.php\/ak-parti-genel-baskanvekili-efkan-ala-imrali-heyeti-ile-gorustu#primaryimage\"},\"thumbnailUrl\":\"https:\/\/epochtimestr.com\/wp-content\/uploads\/2011y\/hdp-erdogan.jpg\",\"keywords\":[\"AKP\",\"dem parti\",\"Devlet bah\u00e7eli\",\"\u0130mral\u0131 Heyeti\"],\"articleSection\":[\"G\u00dcNDEM\",\"MAN\u015eET\",\"Siyaset\",\"T\u00dcRK\u0130YE\"],\"inLanguage\":\"tr\",\"potentialAction\":[{\"@type\":\"CommentAction\",\"name\":\"Comment\",\"target\":[\"https:\/\/epochtimestr.com\/index.php\/ak-parti-genel-baskanvekili-efkan-ala-imrali-heyeti-ile-gorustu#respond\"]}]},{\"@type\":\"WebPage\",\"@id\":\"https:\/\/epochtimestr.com\/index.php\/ak-parti-genel-baskanvekili-efkan-ala-imrali-heyeti-ile-gorustu\",\"url\":\"https:\/\/epochtimestr.com\/index.php\/ak-parti-genel-baskanvekili-efkan-ala-imrali-heyeti-ile-gorustu\",\"name\":\"AK Parti Genel Ba\u015fkanvekili Efkan Ala \u0130mral\u0131 Heyeti \u0130le G\u00f6r\u00fc\u015ft\u00fc - The Epoch Times TR\",\"isPartOf\":{\"@id\":\"https:\/\/epochtimestr.com\/#website\"},\"primaryImageOfPage\":{\"@id\":\"https:\/\/epochtimestr.com\/index.php\/ak-parti-genel-baskanvekili-efkan-ala-imrali-heyeti-ile-gorustu#primaryimage\"},\"image\":{\"@id\":\"https:\/\/epochtimestr.com\/index.php\/ak-parti-genel-baskanvekili-efkan-ala-imrali-heyeti-ile-gorustu#primaryimage\"},\"thumbnailUrl\":\"https:\/\/epochtimestr.com\/wp-content\/uploads\/2011y\/hdp-erdogan.jpg\",\"datePublished\":\"2026-07-17T05:17:08+00:00\",\"dateModified\":\"2026-07-17T05:17:19+00:00\",\"description\":\"AK Parti Genel Ba\u015fkan Vekili Efkan Ala, AKP Grup Ba\u015fkan\u0131 Abdullah G\u00fcler \u0130mral\u0131 Heyeti \u00fcyeleri Pervin Buldan ve Mithat Sancar ile g\u00f6r\u00fc\u015ft\u00fc.\",\"inLanguage\":\"tr\",\"potentialAction\":[{\"@type\":\"ReadAction\",\"target\":[\"https:\/\/epochtimestr.com\/index.php\/ak-parti-genel-baskanvekili-efkan-ala-imrali-heyeti-ile-gorustu\"]}]},{\"@type\":\"ImageObject\",\"inLanguage\":\"tr\",\"@id\":\"https:\/\/epochtimestr.com\/index.php\/ak-parti-genel-baskanvekili-efkan-ala-imrali-heyeti-ile-gorustu#primaryimage\",\"url\":\"https:\/\/epochtimestr.com\/wp-content\/uploads\/2011y\/hdp-erdogan.jpg\",\"contentUrl\":\"https:\/\/epochtimestr.com\/wp-content\/uploads\/2011y\/hdp-erdogan.jpg\",\"width\":2560,\"height\":1681},{\"@type\":\"WebSite\",\"@id\":\"https:\/\/epochtimestr.com\/#website\",\"url\":\"https:\/\/epochtimestr.com\/\",\"name\":\"The Epoch Times TR\",\"description\":\"De\u011fi\u015fen D\u00fcnyam\u0131za Taze Bir Bak\u0131\u015f\",\"publisher\":{\"@id\":\"https:\/\/epochtimestr.com\/#organization\"},\"potentialAction\":[{\"@type\":\"SearchAction\",\"target\":{\"@type\":\"EntryPoint\",\"urlTemplate\":\"https:\/\/epochtimestr.com\/?s={search_term_string}\"},\"query-input\":\"required name=search_term_string\"}],\"inLanguage\":\"tr\"},{\"@type\":\"Organization\",\"@id\":\"https:\/\/epochtimestr.com\/#organization\",\"name\":\"The EpochTimes T\u00fcrkiye\",\"url\":\"https:\/\/epochtimestr.com\/\",\"logo\":{\"@type\":\"ImageObject\",\"inLanguage\":\"tr\",\"@id\":\"https:\/\/epochtimestr.com\/#\/schema\/logo\/image\/\",\"url\":\"https:\/\/epochtimestr.com\/wp-content\/uploads\/2011y\/ET-Logo-YG.jpg\",\"contentUrl\":\"https:\/\/epochtimestr.com\/wp-content\/uploads\/2011y\/ET-Logo-YG.jpg\",\"width\":346,\"height\":29,\"caption\":\"The EpochTimes T\u00fcrkiye\"},\"image\":{\"@id\":\"https:\/\/epochtimestr.com\/#\/schema\/logo\/image\/\"},\"sameAs\":[\"https:\/\/www.facebook.com\/theepochtimestr\",\"https:\/\/x.com\/TheEpochTimesTR\",\"https:\/\/www.instagram.com\/epochtimestr\"]},{\"@type\":\"Person\",\"@id\":\"https:\/\/epochtimestr.com\/#\/schema\/person\/3dc5c3adeb9f43923c5aa85889172fdd\",\"name\":\"Haber Merkezi\",\"image\":{\"@type\":\"ImageObject\",\"inLanguage\":\"tr\",\"@id\":\"https:\/\/epochtimestr.com\/#\/schema\/person\/image\/\",\"url\":\"https:\/\/secure.gravatar.com\/avatar\/d73f772ba5a74f28601361e17c2f93e6?s=96&d=mm&r=g\",\"contentUrl\":\"https:\/\/secure.gravatar.com\/avatar\/d73f772ba5a74f28601361e17c2f93e6?s=96&d=mm&r=g\",\"caption\":\"Haber Merkezi\"},\"url\":\"https:\/\/epochtimestr.com\/index.php\/author\/sendag\"}]}<\/script>\n<!-- \/ Yoast SEO plugin. -->","yoast_head_json":{"title":"AK Parti Genel Ba\u015fkanvekili Efkan Ala \u0130mral\u0131 Heyeti \u0130le G\u00f6r\u00fc\u015ft\u00fc - The Epoch Times TR","description":"AK Parti Genel Ba\u015fkan Vekili Efkan Ala, AKP Grup Ba\u015fkan\u0131 Abdullah G\u00fcler \u0130mral\u0131 Heyeti \u00fcyeleri Pervin Buldan ve Mithat Sancar ile g\u00f6r\u00fc\u015ft\u00fc.","robots":{"index":"index","follow":"follow","max-snippet":"max-snippet:-1","max-image-preview":"max-image-preview:large","max-video-preview":"max-video-preview:-1"},"canonical":"https:\/\/epochtimestr.com\/index.php\/ak-parti-genel-baskanvekili-efkan-ala-imrali-heyeti-ile-gorustu","og_locale":"tr_TR","og_type":"article","og_title":"AK Parti Genel Ba\u015fkanvekili Efkan Ala \u0130mral\u0131 Heyeti \u0130le G\u00f6r\u00fc\u015ft\u00fc - The Epoch Times TR","og_description":"AK Parti Genel Ba\u015fkan Vekili Efkan Ala, AKP Grup Ba\u015fkan\u0131 Abdullah G\u00fcler \u0130mral\u0131 Heyeti \u00fcyeleri Pervin Buldan ve Mithat Sancar ile g\u00f6r\u00fc\u015ft\u00fc.","og_url":"https:\/\/epochtimestr.com\/index.php\/ak-parti-genel-baskanvekili-efkan-ala-imrali-heyeti-ile-gorustu","og_site_name":"The Epoch Times TR","article_publisher":"https:\/\/www.facebook.com\/theepochtimestr","article_published_time":"2026-07-17T05:17:08+00:00","article_modified_time":"2026-07-17T05:17:19+00:00","og_image":[{"width":2560,"height":1681,"url":"https:\/\/epochtimestr.com\/wp-content\/uploads\/2011y\/hdp-erdogan.jpg","type":"image\/jpeg"}],"author":"Haber Merkezi","twitter_card":"summary_large_image","twitter_creator":"@TheEpochTimesTR","twitter_site":"@TheEpochTimesTR","twitter_misc":{"Yazan:":"Haber Merkezi","Tahmini okuma s\u00fcresi":"3 dakika"},"schema":{"@context":"https:\/\/schema.org","@graph":[{"@type":"Article","@id":"https:\/\/epochtimestr.com\/index.php\/ak-parti-genel-baskanvekili-efkan-ala-imrali-heyeti-ile-gorustu#article","isPartOf":{"@id":"https:\/\/epochtimestr.com\/index.php\/ak-parti-genel-baskanvekili-efkan-ala-imrali-heyeti-ile-gorustu"},"author":{"name":"Haber Merkezi","@id":"https:\/\/epochtimestr.com\/#\/schema\/person\/3dc5c3adeb9f43923c5aa85889172fdd"},"headline":"AK Parti Genel Ba\u015fkanvekili Efkan Ala \u0130mral\u0131 Heyeti \u0130le G\u00f6r\u00fc\u015ft\u00fc","datePublished":"2026-07-17T05:17:08+00:00","dateModified":"2026-07-17T05:17:19+00:00","mainEntityOfPage":{"@id":"https:\/\/epochtimestr.com\/index.php\/ak-parti-genel-baskanvekili-efkan-ala-imrali-heyeti-ile-gorustu"},"wordCount":425,"commentCount":0,"publisher":{"@id":"https:\/\/epochtimestr.com\/#organization"},"image":{"@id":"https:\/\/epochtimestr.com\/index.php\/ak-parti-genel-baskanvekili-efkan-ala-imrali-heyeti-ile-gorustu#primaryimage"},"thumbnailUrl":"https:\/\/epochtimestr.com\/wp-content\/uploads\/2011y\/hdp-erdogan.jpg","keywords":["AKP","dem parti","Devlet bah\u00e7eli","\u0130mral\u0131 Heyeti"],"articleSection":["G\u00dcNDEM","MAN\u015eET","Siyaset","T\u00dcRK\u0130YE"],"inLanguage":"tr","potentialAction":[{"@type":"CommentAction","name":"Comment","target":["https:\/\/epochtimestr.com\/index.php\/ak-parti-genel-baskanvekili-efkan-ala-imrali-heyeti-ile-gorustu#respond"]}]},{"@type":"WebPage","@id":"https:\/\/epochtimestr.com\/index.php\/ak-parti-genel-baskanvekili-efkan-ala-imrali-heyeti-ile-gorustu","url":"https:\/\/epochtimestr.com\/index.php\/ak-parti-genel-baskanvekili-efkan-ala-imrali-heyeti-ile-gorustu","name":"AK Parti Genel Ba\u015fkanvekili Efkan Ala \u0130mral\u0131 Heyeti \u0130le G\u00f6r\u00fc\u015ft\u00fc - The Epoch Times TR","isPartOf":{"@id":"https:\/\/epochtimestr.com\/#website"},"primaryImageOfPage":{"@id":"https:\/\/epochtimestr.com\/index.php\/ak-parti-genel-baskanvekili-efkan-ala-imrali-heyeti-ile-gorustu#primaryimage"},"image":{"@id":"https:\/\/epochtimestr.com\/index.php\/ak-parti-genel-baskanvekili-efkan-ala-imrali-heyeti-ile-gorustu#primaryimage"},"thumbnailUrl":"https:\/\/epochtimestr.com\/wp-content\/uploads\/2011y\/hdp-erdogan.jpg","datePublished":"2026-07-17T05:17:08+00:00","dateModified":"2026-07-17T05:17:19+00:00","description":"AK Parti Genel Ba\u015fkan Vekili Efkan Ala, AKP Grup Ba\u015fkan\u0131 Abdullah G\u00fcler \u0130mral\u0131 Heyeti \u00fcyeleri Pervin Buldan ve Mithat Sancar ile g\u00f6r\u00fc\u015ft\u00fc.","inLanguage":"tr","potentialAction":[{"@type":"ReadAction","target":["https:\/\/epochtimestr.com\/index.php\/ak-parti-genel-baskanvekili-efkan-ala-imrali-heyeti-ile-gorustu"]}]},{"@type":"ImageObject","inLanguage":"tr","@id":"https:\/\/epochtimestr.com\/index.php\/ak-parti-genel-baskanvekili-efkan-ala-imrali-heyeti-ile-gorustu#primaryimage","url":"https:\/\/epochtimestr.com\/wp-content\/uploads\/2011y\/hdp-erdogan.jpg","contentUrl":"https:\/\/epochtimestr.com\/wp-content\/uploads\/2011y\/hdp-erdogan.jpg","width":2560,"height":1681},{"@type":"WebSite","@id":"https:\/\/epochtimestr.com\/#website","url":"https:\/\/epochtimestr.com\/","name":"The Epoch Times TR","description":"De\u011fi\u015fen D\u00fcnyam\u0131za Taze Bir Bak\u0131\u015f","publisher":{"@id":"https:\/\/epochtimestr.com\/#organization"},"potentialAction":[{"@type":"SearchAction","target":{"@type":"EntryPoint","urlTemplate":"https:\/\/epochtimestr.com\/?s={search_term_string}"},"query-input":"required name=search_term_string"}],"inLanguage":"tr"},{"@type":"Organization","@id":"https:\/\/epochtimestr.com\/#organization","name":"The EpochTimes T\u00fcrkiye","url":"https:\/\/epochtimestr.com\/","logo":{"@type":"ImageObject","inLanguage":"tr","@id":"https:\/\/epochtimestr.com\/#\/schema\/logo\/image\/","url":"https:\/\/epochtimestr.com\/wp-content\/uploads\/2011y\/ET-Logo-YG.jpg","contentUrl":"https:\/\/epochtimestr.com\/wp-content\/uploads\/2011y\/ET-Logo-YG.jpg","width":346,"height":29,"caption":"The EpochTimes T\u00fcrkiye"},"image":{"@id":"https:\/\/epochtimestr.com\/#\/schema\/logo\/image\/"},"sameAs":["https:\/\/www.facebook.com\/theepochtimestr","https:\/\/x.com\/TheEpochTimesTR","https:\/\/www.instagram.com\/epochtimestr"]},{"@type":"Person","@id":"https:\/\/epochtimestr.com\/#\/schema\/person\/3dc5c3adeb9f43923c5aa85889172fdd","name":"Haber Merkezi","image":{"@type":"ImageObject","inLanguage":"tr","@id":"https:\/\/epochtimestr.com\/#\/schema\/person\/image\/","url":"https:\/\/secure.gravatar.com\/avatar\/d73f772ba5a74f28601361e17c2f93e6?s=96&d=mm&r=g","contentUrl":"https:\/\/secure.gravatar.com\/avatar\/d73f772ba5a74f28601361e17c2f93e6?s=96&d=mm&r=g","caption":"Haber Merkezi"},"url":"https:\/\/epochtimestr.com\/index.php\/author\/sendag"}]}},"_links":{"self":[{"href":"https:\/\/epochtimestr.com\/index.php\/wp-json\/wp\/v2\/posts\/168757"}],"collection":[{"href":"https:\/\/epochtimestr.com\/index.php\/wp-json\/wp\/v2\/posts"}],"about":[{"href":"https:\/\/epochtimestr.com\/index.php\/wp-json\/wp\/v2\/types\/post"}],"author":[{"embeddable":true,"href":"https:\/\/epochtimestr.com\/index.php\/wp-json\/wp\/v2\/users\/12791"}],"replies":[{"embeddable":true,"href":"https:\/\/epochtimestr.com\/index.php\/wp-json\/wp\/v2\/comments?post=168757"}],"version-history":[{"count":2,"href":"https:\/\/epochtimestr.com\/index.php\/wp-json\/wp\/v2\/posts\/168757\/revisions"}],"predecessor-version":[{"id":168769,"href":"https:\/\/epochtimestr.com\/index.php\/wp-json\/wp\/v2\/posts\/168757\/revisions\/168769"}],"wp:featuredmedia":[{"embeddable":true,"href":"https:\/\/epochtimestr.com\/index.php\/wp-json\/wp\/v2\/media\/168758"}],"wp:attachment":[{"href":"https:\/\/epochtimestr.com\/index.php\/wp-json\/wp\/v2\/media?parent=168757"}],"wp:term":[{"taxonomy":"category","embeddable":true,"href":"https:\/\/epochtimestr.com\/index.php\/wp-json\/wp\/v2\/categories?post=168757"},{"taxonomy":"post_tag","embeddable":true,"href":"https:\/\/epochtimestr.com\/index.php\/wp-json\/wp\/v2\/tags?post=168757"}],"curies":[{"name":"wp","href":"https:\/\/api.w.org\/{rel}","templated":true}]}}