{"id":168777,"date":"2026-07-18T19:04:09","date_gmt":"2026-07-18T16:04:09","guid":{"rendered":"https:\/\/epochtimestr.com\/?p=168777"},"modified":"2026-08-01T11:29:01","modified_gmt":"2026-08-01T08:29:01","slug":"anamur-ve-bozyazililar-anader-altinda-birlesti","status":"publish","type":"post","link":"https:\/\/epochtimestr.com\/index.php\/anamur-ve-bozyazililar-anader-altinda-birlesti","title":{"rendered":"Anamur ve Bozyaz\u0131l\u0131lar ANADER Alt\u0131nda Birle\u015fti"},"content":{"rendered":"\n<figure class=\"wp-block-image size-large\"><img loading=\"lazy\" decoding=\"async\" width=\"1600\" height=\"1200\" src=\"https:\/\/epochtimestr.com\/wp-content\/uploads\/2011y\/138376-1600x1200.jpg\" alt=\"\" class=\"wp-image-168856\" srcset=\"https:\/\/epochtimestr.com\/wp-content\/uploads\/2011y\/138376-1600x1200.jpg 1600w, https:\/\/epochtimestr.com\/wp-content\/uploads\/2011y\/138376-300x225.jpg 300w, https:\/\/epochtimestr.com\/wp-content\/uploads\/2011y\/138376-150x113.jpg 150w, https:\/\/epochtimestr.com\/wp-content\/uploads\/2011y\/138376-768x576.jpg 768w, https:\/\/epochtimestr.com\/wp-content\/uploads\/2011y\/138376-1536x1152.jpg 1536w, https:\/\/epochtimestr.com\/wp-content\/uploads\/2011y\/138376-86x64.jpg 86w, https:\/\/epochtimestr.com\/wp-content\/uploads\/2011y\/138376.jpg 2048w\" sizes=\"(max-width: 1600px) 100vw, 1600px\" \/><\/figure>\n\n\n\n<p><strong>Mersin&#8217;de Anamurlular ve Bozyaz\u0131l\u0131lar Anamurlular Derne\u011fi (ANADER) a\u00e7\u0131l\u0131\u015f\u0131nda bulu\u015ftu.  <\/strong><\/p>\n\n\n\n<p>Mersin&#8217;de ya\u015fayan Anamurlu ve Bozyaz\u0131l\u0131lar\u0131n uzun y\u0131llard\u0131r dile getirdi\u011fi ortak bulu\u015fma noktas\u0131 hayali ger\u00e7e\u011fe d\u00f6n\u00fc\u015ft\u00fc. Mersin Anamurlular Derne\u011fi (ANADER), d\u00fczenlenen geni\u015f kat\u0131l\u0131ml\u0131 t\u00f6renle kap\u0131lar\u0131n\u0131 a\u00e7t\u0131. A\u00e7\u0131l\u0131\u015f bir t\u00f6renden \u00f6te ortak haf\u0131zan\u0131n g\u00fc\u00e7lendirilmesi ad\u0131na \u00f6nemli bir bulu\u015fmaya d\u00f6n\u00fc\u015ft\u00fc.<\/p>\n\n\n\n<p>Anamur Kaymakam\u0131 Kemal Duru, Anamur Belediye Ba\u015fkan\u0131 Durmu\u015f Deniz, Mersin 21. D\u00f6nem Milletvekili Cahit Tekelio\u011flu, Mersin Ticaret ve Sanayi Odas\u0131 Ba\u015fkan\u0131 Hakan Sefa \u00c7ak\u0131r, Mersin Barosu Ba\u015fkan\u0131 Gazi \u00d6zdemir, Anamur Ticaret ve Sanayi Odas\u0131 Y\u00f6netim Kurulu Ba\u015fkan\u0131 Mehmet Tuna, Yeni\u015fehir Belediyesi K\u00fclt\u00fcr, Sanat ve Sosyal \u0130\u015fler M\u00fcd\u00fcr\u00fc Suzan Kaya Altunba\u015f, Mersin Ticaret ve Sanayi Odas\u0131 eski Ba\u015fkan\u0131 Ayhan K\u0131z\u0131ltan&#8217;\u0131n yan\u0131 s\u0131ra \u00e7ok say\u0131da kamu kurumu temsilcisi, sivil toplum kurulu\u015fu y\u00f6neticisi, muhtar ve y\u00fczlerce Anamurlu ile Bozyaz\u0131l\u0131 vatanda\u015f a\u00e7\u0131l\u0131\u015fta yer ald\u0131.<\/p>\n\n\n\n<p>Konu\u015fmalar\u0131n ortak paydas\u0131nda ise d\u00f6rt temel kavram \u00f6ne \u00e7\u0131kt\u0131: <strong>birlik, dayan\u0131\u015fma, aidiyet ve Anamur&#8217;un gelece\u011fi.<\/strong><\/p>\n\n\n<div class=\"wp-block-image\">\n<figure class=\"aligncenter size-large\"><img loading=\"lazy\" decoding=\"async\" width=\"1600\" height=\"1200\" src=\"https:\/\/epochtimestr.com\/wp-content\/uploads\/2011y\/Tarkan-1600x1200.jpeg\" alt=\"\" class=\"wp-image-168778\" srcset=\"https:\/\/epochtimestr.com\/wp-content\/uploads\/2011y\/Tarkan-1600x1200.jpeg 1600w, https:\/\/epochtimestr.com\/wp-content\/uploads\/2011y\/Tarkan-300x225.jpeg 300w, https:\/\/epochtimestr.com\/wp-content\/uploads\/2011y\/Tarkan-150x113.jpeg 150w, https:\/\/epochtimestr.com\/wp-content\/uploads\/2011y\/Tarkan-768x576.jpeg 768w, https:\/\/epochtimestr.com\/wp-content\/uploads\/2011y\/Tarkan-1536x1152.jpeg 1536w, https:\/\/epochtimestr.com\/wp-content\/uploads\/2011y\/Tarkan-86x64.jpeg 86w, https:\/\/epochtimestr.com\/wp-content\/uploads\/2011y\/Tarkan.jpeg 2048w\" sizes=\"(max-width: 1600px) 100vw, 1600px\" \/><figcaption class=\"wp-element-caption\">ANADER Ba\u015fkan\u0131 Hasan Tarkan G\u00fcndo\u011fmu\u015f <\/figcaption><\/figure><\/div>\n\n\n<h2 class=\"wp-block-heading\">&#8220;Bug\u00fcn yaln\u0131zca bir derne\u011fin kap\u0131lar\u0131n\u0131 a\u00e7m\u0131yoruz.&#8221; <\/h2>\n\n\n\n<p>T\u00f6renin ev sahibi ANADER Ba\u015fkan\u0131 Avukat Hasan Tarkan G\u00fcndo\u011fmu\u015f, konu\u015fmas\u0131na Anamur ile Bozyaz\u0131&#8217;n\u0131n birbirinden ayr\u0131lmaz iki karde\u015f oldu\u011funu vurgulayarak ba\u015flad\u0131.<\/p>\n\n\n\n<p>1987 y\u0131l\u0131nda idari olarak ayr\u0131lm\u0131\u015f olsalar da iki il\u00e7enin ayn\u0131 k\u00fclt\u00fcr\u00fc, ayn\u0131 gelenekleri ve ayn\u0131 ya\u015fam bi\u00e7imini payla\u015ft\u0131\u011f\u0131n\u0131 belirtti. Derne\u011fin bu ortak kimli\u011fi ya\u015fatmak amac\u0131yla kuruldu\u011funu s\u00f6yledi.<\/p>\n\n\n\n<p>&#8220;Bug\u00fcn yaln\u0131zca bir derne\u011fin kap\u0131lar\u0131n\u0131 a\u00e7m\u0131yoruz.&#8221; diyen G\u00fcndo\u011fmu\u015f, &#8220;Hem\u015fehrilik ruhumuzu yeniden aya\u011fa kald\u0131r\u0131yoruz.&#8221; s\u00f6zleriyle alk\u0131\u015f ald\u0131.<\/p>\n\n\n\n<p>Derne\u011fin yaln\u0131zca sosyal etkinlikler d\u00fczenleyen bir yap\u0131 olmayaca\u011f\u0131n\u0131 ifade eden G\u00fcndo\u011fmu\u015f, e\u011fitim g\u00f6ren gen\u00e7lerden sa\u011fl\u0131k nedeniyle Mersin&#8217;e gelen hastalara, ekonomik s\u0131k\u0131nt\u0131 ya\u015fayan ailelerden ya\u015fl\u0131 vatanda\u015flara kadar ihtiya\u00e7 duyan herkese ula\u015fmay\u0131 hedeflediklerini s\u00f6yledi.<\/p>\n\n\n<div class=\"wp-block-image\">\n<figure class=\"aligncenter size-full\"><img loading=\"lazy\" decoding=\"async\" width=\"719\" height=\"539\" src=\"https:\/\/epochtimestr.com\/wp-content\/uploads\/2011y\/Cahit-Tekelioglu.jpeg\" alt=\"\" class=\"wp-image-168779\" srcset=\"https:\/\/epochtimestr.com\/wp-content\/uploads\/2011y\/Cahit-Tekelioglu.jpeg 719w, https:\/\/epochtimestr.com\/wp-content\/uploads\/2011y\/Cahit-Tekelioglu-300x225.jpeg 300w, https:\/\/epochtimestr.com\/wp-content\/uploads\/2011y\/Cahit-Tekelioglu-150x112.jpeg 150w, https:\/\/epochtimestr.com\/wp-content\/uploads\/2011y\/Cahit-Tekelioglu-86x64.jpeg 86w\" sizes=\"(max-width: 719px) 100vw, 719px\" \/><figcaption class=\"wp-element-caption\">21. D\u00f6nem Mersin Milletvekili Cahit Tekelio\u011flu<\/figcaption><\/figure><\/div>\n\n\n<h2 class=\"wp-block-heading\"><strong>&#8220;Sivil toplum \u015fehirlerin vicdan\u0131d\u0131r&#8221;<\/strong><\/h2>\n\n\n\n<p>Mersin 21. D\u00f6nem Milletvekili Cahit Tekelio\u011flu, konu\u015fmas\u0131nda g\u00fc\u00e7l\u00fc toplumlar\u0131n g\u00fc\u00e7l\u00fc sivil toplum kurulu\u015flar\u0131yla ayakta durdu\u011funu ifade etti.<\/p>\n\n\n\n<p>Dernek kurman\u0131n b\u00fcy\u00fck emek ve fedak\u00e2rl\u0131k istedi\u011fini belirten Tekelio\u011flu, Tekeli Y\u00f6r\u00fckleri Derne\u011fi olarak benzer s\u00fcre\u00e7lerden ge\u00e7tiklerini anlatarak ANADER y\u00f6netiminin \u00fcstlendi\u011fi sorumlulu\u011fun \u00f6nemine dikkat \u00e7ekti.<\/p>\n\n\n\n<p>Farkl\u0131 hem\u015fehri derneklerinin birbirini rakip de\u011fil, tamamlay\u0131c\u0131 yap\u0131lar olarak g\u00f6rmesi gerekti\u011fini s\u00f6yleyen Tekelio\u011flu, ortak k\u00fclt\u00fcr\u00fcn ya\u015fat\u0131lmas\u0131 ve dayan\u0131\u015fman\u0131n b\u00fcy\u00fct\u00fclmesi konusunda ANADER&#8217;in \u00f6nemli g\u00f6revler \u00fcstlenece\u011fine inand\u0131\u011f\u0131n\u0131 dile getirdi.<\/p>\n\n\n<div class=\"wp-block-image\">\n<figure class=\"aligncenter size-full\"><img loading=\"lazy\" decoding=\"async\" width=\"627\" height=\"470\" src=\"https:\/\/epochtimestr.com\/wp-content\/uploads\/2011y\/Anamur-Belediye-Baskani-Durmus.jpeg\" alt=\"\" class=\"wp-image-168780\" srcset=\"https:\/\/epochtimestr.com\/wp-content\/uploads\/2011y\/Anamur-Belediye-Baskani-Durmus.jpeg 627w, https:\/\/epochtimestr.com\/wp-content\/uploads\/2011y\/Anamur-Belediye-Baskani-Durmus-300x225.jpeg 300w, https:\/\/epochtimestr.com\/wp-content\/uploads\/2011y\/Anamur-Belediye-Baskani-Durmus-150x112.jpeg 150w, https:\/\/epochtimestr.com\/wp-content\/uploads\/2011y\/Anamur-Belediye-Baskani-Durmus-86x64.jpeg 86w\" sizes=\"(max-width: 627px) 100vw, 627px\" \/><figcaption class=\"wp-element-caption\">Anamur Belediye Ba\u015fkan\u0131 Durmu\u015f Deniz<\/figcaption><\/figure><\/div>\n\n\n<h2 class=\"wp-block-heading\"><strong>Anamur&#8217;un sesi daha g\u00fc\u00e7l\u00fc \u00e7\u0131kacak<\/strong><\/h2>\n\n\n\n<p>Anamur Belediye Ba\u015fkan\u0131 Durmu\u015f Deniz ise konu\u015fmas\u0131nda il\u00e7enin yaln\u0131zca muz \u00fcretimindeki ba\u015far\u0131s\u0131yla de\u011fil, binlerce y\u0131ll\u0131k tarihi ve k\u00fclt\u00fcrel miras\u0131yla da T\u00fcrkiye&#8217;nin \u00f6nemli merkezlerinden biri oldu\u011funu s\u00f6yledi.<\/p>\n\n\n\n<p>Derne\u011fin Anamur&#8217;un tan\u0131t\u0131m\u0131na \u00f6nemli katk\u0131lar sunaca\u011f\u0131n\u0131 belirten Deniz, \u00f6zellikle Ankara nezdinde y\u00fcr\u00fct\u00fclecek lobi faaliyetlerinin il\u00e7enin gelece\u011fi a\u00e7\u0131s\u0131ndan b\u00fcy\u00fck \u00f6nem ta\u015f\u0131d\u0131\u011f\u0131n\u0131 ifade etti.<\/p>\n\n\n\n<p>Deniz, \u00fcreticilerin ya\u015fad\u0131\u011f\u0131 sorunlardan turizm yat\u0131r\u0131mlar\u0131na kadar bir\u00e7ok konuda ortak akl\u0131n olu\u015fturulabilece\u011fi bir platformun art\u0131k Mersin&#8217;de bulundu\u011funu s\u00f6yledi.<\/p>\n\n\n<div class=\"wp-block-image\">\n<figure class=\"aligncenter size-full\"><img loading=\"lazy\" decoding=\"async\" width=\"1448\" height=\"1086\" src=\"https:\/\/epochtimestr.com\/wp-content\/uploads\/2011y\/Cakir-2.3.png\" alt=\"\" class=\"wp-image-168782\" srcset=\"https:\/\/epochtimestr.com\/wp-content\/uploads\/2011y\/Cakir-2.3.png 1448w, https:\/\/epochtimestr.com\/wp-content\/uploads\/2011y\/Cakir-2.3-300x225.png 300w, https:\/\/epochtimestr.com\/wp-content\/uploads\/2011y\/Cakir-2.3-150x113.png 150w, https:\/\/epochtimestr.com\/wp-content\/uploads\/2011y\/Cakir-2.3-768x576.png 768w, https:\/\/epochtimestr.com\/wp-content\/uploads\/2011y\/Cakir-2.3-86x64.png 86w\" sizes=\"(max-width: 1448px) 100vw, 1448px\" \/><figcaption class=\"wp-element-caption\">Mersin Ticaret ve Sanayi Odas\u0131 Ba\u015fkan\u0131 Hakan Sefa \u00c7ak\u0131r<\/figcaption><\/figure><\/div>\n\n\n<h2 class=\"wp-block-heading\"><strong>&#8220;Toplant\u0131 yapan de\u011fil, \u00e7\u00f6z\u00fcm \u00fcreten dernek&#8221;<\/strong><\/h2>\n\n\n\n<p>Mersin Ticaret ve Sanayi Odas\u0131 Ba\u015fkan\u0131 Hakan Sefa \u00c7ak\u0131r konu\u015fmas\u0131nda al\u0131\u015f\u0131lm\u0131\u015f dernek anlay\u0131\u015f\u0131n\u0131n de\u011fi\u015fmesi gerekti\u011fine dikkat \u00e7ekti.<\/p>\n\n\n\n<p>ANADER&#8217;in yaln\u0131zca insanlar\u0131n bir araya gelip sohbet etti\u011fi bir mek\u00e2n olmamas\u0131 gerekti\u011fini belirten \u00c7ak\u0131r, tar\u0131m, turizm, ticaret ve yat\u0131r\u0131m ba\u015fta olmak \u00fczere Anamur&#8217;un gelece\u011fine ili\u015fkin projelerin \u00fcretilece\u011fi bir fikir platformuna d\u00f6n\u00fc\u015fmesini arzulad\u0131\u011f\u0131n\u0131 s\u00f6yledi.<\/p>\n\n\n\n<p>Belirli aral\u0131klarla farkl\u0131 meslek gruplar\u0131n\u0131n bir araya gelmesini \u00f6neren \u00c7ak\u0131r, &#8220;\u00d6yle bir dernek olsun ki T\u00fcrkiye&#8217;deki hem\u015fehri derneklerine \u00f6rnek g\u00f6sterilsin.&#8221; mesaj\u0131n\u0131 verdi.<\/p>\n\n\n<div class=\"wp-block-image\">\n<figure class=\"aligncenter size-full\"><img loading=\"lazy\" decoding=\"async\" width=\"1265\" height=\"949\" src=\"https:\/\/epochtimestr.com\/wp-content\/uploads\/2011y\/Anamur-Kaymakami-Kemal-Duru.jpeg\" alt=\"\" class=\"wp-image-168781\" srcset=\"https:\/\/epochtimestr.com\/wp-content\/uploads\/2011y\/Anamur-Kaymakami-Kemal-Duru.jpeg 1265w, https:\/\/epochtimestr.com\/wp-content\/uploads\/2011y\/Anamur-Kaymakami-Kemal-Duru-300x225.jpeg 300w, https:\/\/epochtimestr.com\/wp-content\/uploads\/2011y\/Anamur-Kaymakami-Kemal-Duru-150x113.jpeg 150w, https:\/\/epochtimestr.com\/wp-content\/uploads\/2011y\/Anamur-Kaymakami-Kemal-Duru-768x576.jpeg 768w, https:\/\/epochtimestr.com\/wp-content\/uploads\/2011y\/Anamur-Kaymakami-Kemal-Duru-86x64.jpeg 86w\" sizes=\"(max-width: 1265px) 100vw, 1265px\" \/><figcaption class=\"wp-element-caption\">Anamur Kaymakam\u0131 Kemal Duru<\/figcaption><\/figure><\/div>\n\n\n<h2 class=\"wp-block-heading\"><strong>Aidiyetin adresi<\/strong><\/h2>\n\n\n\n<p>Anamur Kaymakam\u0131 Kemal Duru ise konu\u015fmas\u0131na insan\u0131n en temel ihtiya\u00e7lar\u0131ndan birinin aidiyet duygusu oldu\u011funu s\u00f6yleyerek ba\u015flad\u0131.<\/p>\n\n\n\n<p>Bir kente, bir il\u00e7eye, bir k\u00fclt\u00fcre ait olman\u0131n insanlar aras\u0131ndaki karde\u015fli\u011fi g\u00fc\u00e7lendirdi\u011fini belirtti.  Kaymakam Duru, ANADER&#8217;in Mersin&#8217;de ya\u015fayan Anamurlu ve Bozyaz\u0131l\u0131lar i\u00e7in yaln\u0131zca bir dernek binas\u0131 de\u011fil, ortak haf\u0131zan\u0131n ya\u015fat\u0131laca\u011f\u0131 bir bulu\u015fma noktas\u0131 olaca\u011f\u0131n\u0131 ifade etti.<\/p>\n\n\n\n<p>Derne\u011fin farkl\u0131 il\u00e7elerde ya\u015fayan vatanda\u015flar aras\u0131nda da yeni dostluklar\u0131n kurulmas\u0131na katk\u0131 sa\u011flayaca\u011f\u0131n\u0131 s\u00f6yleyen Kaymakam, sivil toplumun birlik ve beraberli\u011fi g\u00fc\u00e7lendiren en \u00f6nemli yap\u0131lardan biri oldu\u011funu vurgulad\u0131.<\/p>\n\n\n\n<figure class=\"wp-block-image size-large\"><img loading=\"lazy\" decoding=\"async\" width=\"1600\" height=\"1200\" src=\"https:\/\/epochtimestr.com\/wp-content\/uploads\/2011y\/136987-1600x1200.jpg\" alt=\"\" class=\"wp-image-168858\" srcset=\"https:\/\/epochtimestr.com\/wp-content\/uploads\/2011y\/136987-1600x1200.jpg 1600w, https:\/\/epochtimestr.com\/wp-content\/uploads\/2011y\/136987-300x225.jpg 300w, https:\/\/epochtimestr.com\/wp-content\/uploads\/2011y\/136987-150x113.jpg 150w, https:\/\/epochtimestr.com\/wp-content\/uploads\/2011y\/136987-768x576.jpg 768w, https:\/\/epochtimestr.com\/wp-content\/uploads\/2011y\/136987-1536x1152.jpg 1536w, https:\/\/epochtimestr.com\/wp-content\/uploads\/2011y\/136987-86x64.jpg 86w, https:\/\/epochtimestr.com\/wp-content\/uploads\/2011y\/136987.jpg 2000w\" sizes=\"(max-width: 1600px) 100vw, 1600px\" \/><figcaption class=\"wp-element-caption\">\u00c7\u0131nar Ar\u0131kan ve Fatma Ar\u0131kan <\/figcaption><\/figure>\n\n\n\n<h2 class=\"wp-block-heading\"><strong>Ayn\u0131 sofran\u0131n etraf\u0131nda<\/strong><\/h2>\n\n\n\n<p>A\u00e7\u0131l\u0131\u015fta boyunca yaln\u0131zca protokol de\u011fil, farkl\u0131 ku\u015faklardan pek \u00e7ok Anamurlu ve Bozyaz\u0131l\u0131 da ayn\u0131 heyecan\u0131 payla\u015ft\u0131. A\u00e7\u0131l\u0131\u015fta uzun zamand\u0131r birbirini g\u00f6rmeyen hem\u015fehriler hasret giderdi. T\u00f6rende davetlilere ke\u015fkek, bat\u0131r\u0131k, yo\u011furtlu d\u00f6vme \u00e7orbas\u0131, Anamur muzu ve yay\u0131k ayran\u0131 ikram edildi. Anamur Halk Oyunlar\u0131 Toplulu\u011fu y\u00f6resel halk oyunlar\u0131n\u0131 sergilerken Yazar \u00c7\u0131nar Ar\u0131kan ve e\u015fi \u015eair Fatma Ar\u0131kan davetlilere \u201cBu Herif Kimin?\u201d \u015firini seslendirdi.<\/p>\n\n\n\n<h2 class=\"wp-block-heading\"><strong>Yeni bir ba\u015flang\u0131\u00e7<\/strong><\/h2>\n\n\n\n<p>ANADER&#8217;in kurulu\u015fuyla birlikte Mersin&#8217;deki Anamurlular art\u0131k yaln\u0131zca \u00f6zel g\u00fcnlerde bir araya gelen bir topluluk olmaktan \u00e7\u0131k\u0131p, ortak projeler geli\u015ftiren, sosyal dayan\u0131\u015fmay\u0131 b\u00fcy\u00fcten ve Anamur&#8217;un sesi olmay\u0131 hedefleyen kurumsal bir yap\u0131ya kavu\u015fmu\u015f oldu.<\/p>\n\n\n\n<p>Yap\u0131lan konu\u015fmalar g\u00f6sterdi ki, bu dernek sadece bug\u00fcn\u00fcn ihtiya\u00e7lar\u0131na cevap vermek i\u00e7in de\u011fil, gelecek ku\u015faklar\u0131n da memleketleriyle ba\u011flar\u0131n\u0131 koparmadan ya\u015fayabilmeleri i\u00e7in kurulmu\u015f uzun soluklu bir dayan\u0131\u015fma k\u00f6pr\u00fcs\u00fc olmay\u0131 hedefliyor.<\/p>\n","protected":false},"excerpt":{"rendered":"<p>Mersin&#8217;de Anamurlular ve Bozyaz\u0131l\u0131lar Anamurlular Derne\u011fi (ANADER) a\u00e7\u0131l\u0131\u015f\u0131nda bulu\u015ftu. Mersin&#8217;de ya\u015fayan Anamurlu ve Bozyaz\u0131l\u0131lar\u0131n uzun y\u0131llard\u0131r dile getirdi\u011fi ortak bulu\u015fma noktas\u0131 hayali ger\u00e7e\u011fe d\u00f6n\u00fc\u015ft\u00fc. Mersin Anamurlular Derne\u011fi (ANADER), d\u00fczenlenen geni\u015f kat\u0131l\u0131ml\u0131 t\u00f6renle kap\u0131lar\u0131n\u0131 a\u00e7t\u0131. A\u00e7\u0131l\u0131\u015f bir t\u00f6renden \u00f6te ortak haf\u0131zan\u0131n g\u00fc\u00e7lendirilmesi ad\u0131na \u00f6nemli bir bulu\u015fmaya d\u00f6n\u00fc\u015ft\u00fc. Anamur Kaymakam\u0131 Kemal Duru, Anamur Belediye Ba\u015fkan\u0131 Durmu\u015f Deniz, [&hellip;]<\/p>\n","protected":false},"author":12791,"featured_media":168856,"comment_status":"open","ping_status":"open","sticky":false,"template":"","format":"standard","meta":{"_yoast_wpseo_focuskw":"Anamur","_yoast_wpseo_title":"","_yoast_wpseo_metadesc":"Mersin'de Anamurlular ve Bozyaz\u0131l\u0131lar Anamurlular Derne\u011fi (ANADER) a\u00e7\u0131l\u0131\u015f\u0131nda bri araaya gelerek birlik, dayan\u0131\u015fma, mesaj\u0131 verdi.","_bbp_topic_count":0,"_bbp_reply_count":0,"_bbp_total_topic_count":0,"_bbp_total_reply_count":0,"_bbp_voice_count":0,"_bbp_anonymous_reply_count":0,"_bbp_topic_count_hidden":0,"_bbp_reply_count_hidden":0,"_bbp_forum_subforum_count":0,"footnotes":"","_yoast_wpseo_focuskw_text_input":""},"categories":[8419],"tags":[],"yoast_head":"<!-- This site is optimized with the Yoast SEO plugin v23.0 - https:\/\/yoast.com\/wordpress\/plugins\/seo\/ -->\n<title>Anamur ve Bozyaz\u0131l\u0131lar ANADER Alt\u0131nda Birle\u015fti - The Epoch Times TR<\/title>\n<meta name=\"description\" content=\"Mersin&#039;de Anamurlular ve Bozyaz\u0131l\u0131lar Anamurlular Derne\u011fi (ANADER) a\u00e7\u0131l\u0131\u015f\u0131nda bri araaya gelerek birlik, dayan\u0131\u015fma, mesaj\u0131 verdi.\" \/>\n<meta name=\"robots\" content=\"index, follow, max-snippet:-1, max-image-preview:large, max-video-preview:-1\" \/>\n<link rel=\"canonical\" href=\"https:\/\/epochtimestr.com\/index.php\/anamur-ve-bozyazililar-anader-altinda-birlesti\" \/>\n<meta property=\"og:locale\" content=\"tr_TR\" \/>\n<meta property=\"og:type\" content=\"article\" \/>\n<meta property=\"og:title\" content=\"Anamur ve Bozyaz\u0131l\u0131lar ANADER Alt\u0131nda Birle\u015fti - The Epoch Times TR\" \/>\n<meta property=\"og:description\" content=\"Mersin&#039;de Anamurlular ve Bozyaz\u0131l\u0131lar Anamurlular Derne\u011fi (ANADER) a\u00e7\u0131l\u0131\u015f\u0131nda bri araaya gelerek birlik, dayan\u0131\u015fma, mesaj\u0131 verdi.\" \/>\n<meta property=\"og:url\" content=\"https:\/\/epochtimestr.com\/index.php\/anamur-ve-bozyazililar-anader-altinda-birlesti\" \/>\n<meta property=\"og:site_name\" content=\"The Epoch Times TR\" \/>\n<meta property=\"article:publisher\" content=\"https:\/\/www.facebook.com\/theepochtimestr\" \/>\n<meta property=\"article:published_time\" content=\"2026-07-18T16:04:09+00:00\" \/>\n<meta property=\"article:modified_time\" content=\"2026-08-01T08:29:01+00:00\" \/>\n<meta property=\"og:image\" content=\"https:\/\/epochtimestr.com\/wp-content\/uploads\/2011y\/138376.jpg\" \/>\n\t<meta property=\"og:image:width\" content=\"2048\" \/>\n\t<meta property=\"og:image:height\" content=\"1536\" \/>\n\t<meta property=\"og:image:type\" content=\"image\/jpeg\" \/>\n<meta name=\"author\" content=\"Haber Merkezi\" \/>\n<meta name=\"twitter:card\" content=\"summary_large_image\" \/>\n<meta name=\"twitter:creator\" content=\"@TheEpochTimesTR\" \/>\n<meta name=\"twitter:site\" content=\"@TheEpochTimesTR\" \/>\n<meta name=\"twitter:label1\" content=\"Yazan:\" \/>\n\t<meta name=\"twitter:data1\" content=\"Haber Merkezi\" \/>\n\t<meta name=\"twitter:label2\" content=\"Tahmini okuma s\u00fcresi\" \/>\n\t<meta name=\"twitter:data2\" content=\"6 dakika\" \/>\n<script type=\"application\/ld+json\" class=\"yoast-schema-graph\">{\"@context\":\"https:\/\/schema.org\",\"@graph\":[{\"@type\":\"Article\",\"@id\":\"https:\/\/epochtimestr.com\/index.php\/anamur-ve-bozyazililar-anader-altinda-birlesti#article\",\"isPartOf\":{\"@id\":\"https:\/\/epochtimestr.com\/index.php\/anamur-ve-bozyazililar-anader-altinda-birlesti\"},\"author\":{\"name\":\"Haber Merkezi\",\"@id\":\"https:\/\/epochtimestr.com\/#\/schema\/person\/3dc5c3adeb9f43923c5aa85889172fdd\"},\"headline\":\"Anamur ve Bozyaz\u0131l\u0131lar ANADER Alt\u0131nda Birle\u015fti\",\"datePublished\":\"2026-07-18T16:04:09+00:00\",\"dateModified\":\"2026-08-01T08:29:01+00:00\",\"mainEntityOfPage\":{\"@id\":\"https:\/\/epochtimestr.com\/index.php\/anamur-ve-bozyazililar-anader-altinda-birlesti\"},\"wordCount\":1084,\"commentCount\":0,\"publisher\":{\"@id\":\"https:\/\/epochtimestr.com\/#organization\"},\"image\":{\"@id\":\"https:\/\/epochtimestr.com\/index.php\/anamur-ve-bozyazililar-anader-altinda-birlesti#primaryimage\"},\"thumbnailUrl\":\"https:\/\/epochtimestr.com\/wp-content\/uploads\/2011y\/138376.jpg\",\"articleSection\":[\"Ya\u015fam\"],\"inLanguage\":\"tr\",\"potentialAction\":[{\"@type\":\"CommentAction\",\"name\":\"Comment\",\"target\":[\"https:\/\/epochtimestr.com\/index.php\/anamur-ve-bozyazililar-anader-altinda-birlesti#respond\"]}]},{\"@type\":\"WebPage\",\"@id\":\"https:\/\/epochtimestr.com\/index.php\/anamur-ve-bozyazililar-anader-altinda-birlesti\",\"url\":\"https:\/\/epochtimestr.com\/index.php\/anamur-ve-bozyazililar-anader-altinda-birlesti\",\"name\":\"Anamur ve Bozyaz\u0131l\u0131lar ANADER Alt\u0131nda Birle\u015fti - The Epoch Times TR\",\"isPartOf\":{\"@id\":\"https:\/\/epochtimestr.com\/#website\"},\"primaryImageOfPage\":{\"@id\":\"https:\/\/epochtimestr.com\/index.php\/anamur-ve-bozyazililar-anader-altinda-birlesti#primaryimage\"},\"image\":{\"@id\":\"https:\/\/epochtimestr.com\/index.php\/anamur-ve-bozyazililar-anader-altinda-birlesti#primaryimage\"},\"thumbnailUrl\":\"https:\/\/epochtimestr.com\/wp-content\/uploads\/2011y\/138376.jpg\",\"datePublished\":\"2026-07-18T16:04:09+00:00\",\"dateModified\":\"2026-08-01T08:29:01+00:00\",\"description\":\"Mersin'de Anamurlular ve Bozyaz\u0131l\u0131lar Anamurlular Derne\u011fi (ANADER) a\u00e7\u0131l\u0131\u015f\u0131nda bri araaya gelerek birlik, dayan\u0131\u015fma, mesaj\u0131 verdi.\",\"inLanguage\":\"tr\",\"potentialAction\":[{\"@type\":\"ReadAction\",\"target\":[\"https:\/\/epochtimestr.com\/index.php\/anamur-ve-bozyazililar-anader-altinda-birlesti\"]}]},{\"@type\":\"ImageObject\",\"inLanguage\":\"tr\",\"@id\":\"https:\/\/epochtimestr.com\/index.php\/anamur-ve-bozyazililar-anader-altinda-birlesti#primaryimage\",\"url\":\"https:\/\/epochtimestr.com\/wp-content\/uploads\/2011y\/138376.jpg\",\"contentUrl\":\"https:\/\/epochtimestr.com\/wp-content\/uploads\/2011y\/138376.jpg\",\"width\":2048,\"height\":1536},{\"@type\":\"WebSite\",\"@id\":\"https:\/\/epochtimestr.com\/#website\",\"url\":\"https:\/\/epochtimestr.com\/\",\"name\":\"The Epoch Times TR\",\"description\":\"De\u011fi\u015fen D\u00fcnyam\u0131za Taze Bir Bak\u0131\u015f\",\"publisher\":{\"@id\":\"https:\/\/epochtimestr.com\/#organization\"},\"potentialAction\":[{\"@type\":\"SearchAction\",\"target\":{\"@type\":\"EntryPoint\",\"urlTemplate\":\"https:\/\/epochtimestr.com\/?s={search_term_string}\"},\"query-input\":\"required name=search_term_string\"}],\"inLanguage\":\"tr\"},{\"@type\":\"Organization\",\"@id\":\"https:\/\/epochtimestr.com\/#organization\",\"name\":\"The EpochTimes T\u00fcrkiye\",\"url\":\"https:\/\/epochtimestr.com\/\",\"logo\":{\"@type\":\"ImageObject\",\"inLanguage\":\"tr\",\"@id\":\"https:\/\/epochtimestr.com\/#\/schema\/logo\/image\/\",\"url\":\"https:\/\/epochtimestr.com\/wp-content\/uploads\/2011y\/ET-Logo-YG.jpg\",\"contentUrl\":\"https:\/\/epochtimestr.com\/wp-content\/uploads\/2011y\/ET-Logo-YG.jpg\",\"width\":346,\"height\":29,\"caption\":\"The EpochTimes T\u00fcrkiye\"},\"image\":{\"@id\":\"https:\/\/epochtimestr.com\/#\/schema\/logo\/image\/\"},\"sameAs\":[\"https:\/\/www.facebook.com\/theepochtimestr\",\"https:\/\/x.com\/TheEpochTimesTR\",\"https:\/\/www.instagram.com\/epochtimestr\"]},{\"@type\":\"Person\",\"@id\":\"https:\/\/epochtimestr.com\/#\/schema\/person\/3dc5c3adeb9f43923c5aa85889172fdd\",\"name\":\"Haber Merkezi\",\"image\":{\"@type\":\"ImageObject\",\"inLanguage\":\"tr\",\"@id\":\"https:\/\/epochtimestr.com\/#\/schema\/person\/image\/\",\"url\":\"https:\/\/secure.gravatar.com\/avatar\/d73f772ba5a74f28601361e17c2f93e6?s=96&d=mm&r=g\",\"contentUrl\":\"https:\/\/secure.gravatar.com\/avatar\/d73f772ba5a74f28601361e17c2f93e6?s=96&d=mm&r=g\",\"caption\":\"Haber Merkezi\"},\"url\":\"https:\/\/epochtimestr.com\/index.php\/author\/sendag\"}]}<\/script>\n<!-- \/ Yoast SEO plugin. -->","yoast_head_json":{"title":"Anamur ve Bozyaz\u0131l\u0131lar ANADER Alt\u0131nda Birle\u015fti - The Epoch Times TR","description":"Mersin'de Anamurlular ve Bozyaz\u0131l\u0131lar Anamurlular Derne\u011fi (ANADER) a\u00e7\u0131l\u0131\u015f\u0131nda bri araaya gelerek birlik, dayan\u0131\u015fma, mesaj\u0131 verdi.","robots":{"index":"index","follow":"follow","max-snippet":"max-snippet:-1","max-image-preview":"max-image-preview:large","max-video-preview":"max-video-preview:-1"},"canonical":"https:\/\/epochtimestr.com\/index.php\/anamur-ve-bozyazililar-anader-altinda-birlesti","og_locale":"tr_TR","og_type":"article","og_title":"Anamur ve Bozyaz\u0131l\u0131lar ANADER Alt\u0131nda Birle\u015fti - The Epoch Times TR","og_description":"Mersin'de Anamurlular ve Bozyaz\u0131l\u0131lar Anamurlular Derne\u011fi (ANADER) a\u00e7\u0131l\u0131\u015f\u0131nda bri araaya gelerek birlik, dayan\u0131\u015fma, mesaj\u0131 verdi.","og_url":"https:\/\/epochtimestr.com\/index.php\/anamur-ve-bozyazililar-anader-altinda-birlesti","og_site_name":"The Epoch Times TR","article_publisher":"https:\/\/www.facebook.com\/theepochtimestr","article_published_time":"2026-07-18T16:04:09+00:00","article_modified_time":"2026-08-01T08:29:01+00:00","og_image":[{"width":2048,"height":1536,"url":"https:\/\/epochtimestr.com\/wp-content\/uploads\/2011y\/138376.jpg","type":"image\/jpeg"}],"author":"Haber Merkezi","twitter_card":"summary_large_image","twitter_creator":"@TheEpochTimesTR","twitter_site":"@TheEpochTimesTR","twitter_misc":{"Yazan:":"Haber Merkezi","Tahmini okuma s\u00fcresi":"6 dakika"},"schema":{"@context":"https:\/\/schema.org","@graph":[{"@type":"Article","@id":"https:\/\/epochtimestr.com\/index.php\/anamur-ve-bozyazililar-anader-altinda-birlesti#article","isPartOf":{"@id":"https:\/\/epochtimestr.com\/index.php\/anamur-ve-bozyazililar-anader-altinda-birlesti"},"author":{"name":"Haber Merkezi","@id":"https:\/\/epochtimestr.com\/#\/schema\/person\/3dc5c3adeb9f43923c5aa85889172fdd"},"headline":"Anamur ve Bozyaz\u0131l\u0131lar ANADER Alt\u0131nda Birle\u015fti","datePublished":"2026-07-18T16:04:09+00:00","dateModified":"2026-08-01T08:29:01+00:00","mainEntityOfPage":{"@id":"https:\/\/epochtimestr.com\/index.php\/anamur-ve-bozyazililar-anader-altinda-birlesti"},"wordCount":1084,"commentCount":0,"publisher":{"@id":"https:\/\/epochtimestr.com\/#organization"},"image":{"@id":"https:\/\/epochtimestr.com\/index.php\/anamur-ve-bozyazililar-anader-altinda-birlesti#primaryimage"},"thumbnailUrl":"https:\/\/epochtimestr.com\/wp-content\/uploads\/2011y\/138376.jpg","articleSection":["Ya\u015fam"],"inLanguage":"tr","potentialAction":[{"@type":"CommentAction","name":"Comment","target":["https:\/\/epochtimestr.com\/index.php\/anamur-ve-bozyazililar-anader-altinda-birlesti#respond"]}]},{"@type":"WebPage","@id":"https:\/\/epochtimestr.com\/index.php\/anamur-ve-bozyazililar-anader-altinda-birlesti","url":"https:\/\/epochtimestr.com\/index.php\/anamur-ve-bozyazililar-anader-altinda-birlesti","name":"Anamur ve Bozyaz\u0131l\u0131lar ANADER Alt\u0131nda Birle\u015fti - The Epoch Times TR","isPartOf":{"@id":"https:\/\/epochtimestr.com\/#website"},"primaryImageOfPage":{"@id":"https:\/\/epochtimestr.com\/index.php\/anamur-ve-bozyazililar-anader-altinda-birlesti#primaryimage"},"image":{"@id":"https:\/\/epochtimestr.com\/index.php\/anamur-ve-bozyazililar-anader-altinda-birlesti#primaryimage"},"thumbnailUrl":"https:\/\/epochtimestr.com\/wp-content\/uploads\/2011y\/138376.jpg","datePublished":"2026-07-18T16:04:09+00:00","dateModified":"2026-08-01T08:29:01+00:00","description":"Mersin'de Anamurlular ve Bozyaz\u0131l\u0131lar Anamurlular Derne\u011fi (ANADER) a\u00e7\u0131l\u0131\u015f\u0131nda bri araaya gelerek birlik, dayan\u0131\u015fma, mesaj\u0131 verdi.","inLanguage":"tr","potentialAction":[{"@type":"ReadAction","target":["https:\/\/epochtimestr.com\/index.php\/anamur-ve-bozyazililar-anader-altinda-birlesti"]}]},{"@type":"ImageObject","inLanguage":"tr","@id":"https:\/\/epochtimestr.com\/index.php\/anamur-ve-bozyazililar-anader-altinda-birlesti#primaryimage","url":"https:\/\/epochtimestr.com\/wp-content\/uploads\/2011y\/138376.jpg","contentUrl":"https:\/\/epochtimestr.com\/wp-content\/uploads\/2011y\/138376.jpg","width":2048,"height":1536},{"@type":"WebSite","@id":"https:\/\/epochtimestr.com\/#website","url":"https:\/\/epochtimestr.com\/","name":"The Epoch Times TR","description":"De\u011fi\u015fen D\u00fcnyam\u0131za Taze Bir Bak\u0131\u015f","publisher":{"@id":"https:\/\/epochtimestr.com\/#organization"},"potentialAction":[{"@type":"SearchAction","target":{"@type":"EntryPoint","urlTemplate":"https:\/\/epochtimestr.com\/?s={search_term_string}"},"query-input":"required name=search_term_string"}],"inLanguage":"tr"},{"@type":"Organization","@id":"https:\/\/epochtimestr.com\/#organization","name":"The EpochTimes T\u00fcrkiye","url":"https:\/\/epochtimestr.com\/","logo":{"@type":"ImageObject","inLanguage":"tr","@id":"https:\/\/epochtimestr.com\/#\/schema\/logo\/image\/","url":"https:\/\/epochtimestr.com\/wp-content\/uploads\/2011y\/ET-Logo-YG.jpg","contentUrl":"https:\/\/epochtimestr.com\/wp-content\/uploads\/2011y\/ET-Logo-YG.jpg","width":346,"height":29,"caption":"The EpochTimes T\u00fcrkiye"},"image":{"@id":"https:\/\/epochtimestr.com\/#\/schema\/logo\/image\/"},"sameAs":["https:\/\/www.facebook.com\/theepochtimestr","https:\/\/x.com\/TheEpochTimesTR","https:\/\/www.instagram.com\/epochtimestr"]},{"@type":"Person","@id":"https:\/\/epochtimestr.com\/#\/schema\/person\/3dc5c3adeb9f43923c5aa85889172fdd","name":"Haber Merkezi","image":{"@type":"ImageObject","inLanguage":"tr","@id":"https:\/\/epochtimestr.com\/#\/schema\/person\/image\/","url":"https:\/\/secure.gravatar.com\/avatar\/d73f772ba5a74f28601361e17c2f93e6?s=96&d=mm&r=g","contentUrl":"https:\/\/secure.gravatar.com\/avatar\/d73f772ba5a74f28601361e17c2f93e6?s=96&d=mm&r=g","caption":"Haber Merkezi"},"url":"https:\/\/epochtimestr.com\/index.php\/author\/sendag"}]}},"_links":{"self":[{"href":"https:\/\/epochtimestr.com\/index.php\/wp-json\/wp\/v2\/posts\/168777"}],"collection":[{"href":"https:\/\/epochtimestr.com\/index.php\/wp-json\/wp\/v2\/posts"}],"about":[{"href":"https:\/\/epochtimestr.com\/index.php\/wp-json\/wp\/v2\/types\/post"}],"author":[{"embeddable":true,"href":"https:\/\/epochtimestr.com\/index.php\/wp-json\/wp\/v2\/users\/12791"}],"replies":[{"embeddable":true,"href":"https:\/\/epochtimestr.com\/index.php\/wp-json\/wp\/v2\/comments?post=168777"}],"version-history":[{"count":5,"href":"https:\/\/epochtimestr.com\/index.php\/wp-json\/wp\/v2\/posts\/168777\/revisions"}],"predecessor-version":[{"id":168862,"href":"https:\/\/epochtimestr.com\/index.php\/wp-json\/wp\/v2\/posts\/168777\/revisions\/168862"}],"wp:featuredmedia":[{"embeddable":true,"href":"https:\/\/epochtimestr.com\/index.php\/wp-json\/wp\/v2\/media\/168856"}],"wp:attachment":[{"href":"https:\/\/epochtimestr.com\/index.php\/wp-json\/wp\/v2\/media?parent=168777"}],"wp:term":[{"taxonomy":"category","embeddable":true,"href":"https:\/\/epochtimestr.com\/index.php\/wp-json\/wp\/v2\/categories?post=168777"},{"taxonomy":"post_tag","embeddable":true,"href":"https:\/\/epochtimestr.com\/index.php\/wp-json\/wp\/v2\/tags?post=168777"}],"curies":[{"name":"wp","href":"https:\/\/api.w.org\/{rel}","templated":true}]}}