{"id":168799,"date":"2026-07-17T22:57:04","date_gmt":"2026-07-17T19:57:04","guid":{"rendered":"https:\/\/epochtimestr.com\/?p=168799"},"modified":"2026-07-17T22:57:13","modified_gmt":"2026-07-17T19:57:13","slug":"ozgur-ozel-hakkindaki-fezleke-sayisi-61e-yukseldi","status":"publish","type":"post","link":"https:\/\/epochtimestr.com\/index.php\/ozgur-ozel-hakkindaki-fezleke-sayisi-61e-yukseldi","title":{"rendered":"\u00d6zg\u00fcr \u00d6zel Hakk\u0131ndaki Fezleke Say\u0131s\u0131 61&#8217;e Y\u00fckseldi"},"content":{"rendered":"<div class=\"wp-block-image\">\n<figure class=\"aligncenter size-full\"><img loading=\"lazy\" decoding=\"async\" width=\"600\" height=\"337\" src=\"https:\/\/epochtimestr.com\/wp-content\/uploads\/2011y\/chp-12.jpg\" alt=\"\u00d6zg\u00fcr \u00d6zel hakk\u0131ndaki fezleke say\u0131s\u0131 61'e y\u00fckseldi. (Foto\u011fraf: \u00d6zg\u00fcr \u00d6zel X hesab\u0131)\" class=\"wp-image-160026\" srcset=\"https:\/\/epochtimestr.com\/wp-content\/uploads\/2011y\/chp-12.jpg 600w, https:\/\/epochtimestr.com\/wp-content\/uploads\/2011y\/chp-12-300x169.jpg 300w, https:\/\/epochtimestr.com\/wp-content\/uploads\/2011y\/chp-12-150x84.jpg 150w\" sizes=\"(max-width: 600px) 100vw, 600px\" \/><figcaption class=\"wp-element-caption\">\u00d6zg\u00fcr \u00d6zel hakk\u0131ndaki fezleke say\u0131s\u0131 61&#8217;e y\u00fckseldi. (Foto\u011fraf: \u00d6zg\u00fcr\u00d6zel X hesab\u0131)<\/figcaption><\/figure><\/div>\n\n\n<h2 class=\"wp-block-heading\">CHP lideri \u00d6zg\u00fcr \u00d6zel hakk\u0131ndaki \u00fc\u00e7 dosyan\u0131n da aralar\u0131nda bulundu\u011fu toplam 9 dokunulmazl\u0131k tezkeresi TBMM Ba\u015fkanl\u0131\u011f\u0131\u2019na sunuldu. Tezkereler, g\u00f6r\u00fc\u015f\u00fclmek \u00fczere Karma Komisyona sevk edildi.<\/h2>\n\n\n\n<p>Mutlak butlan karar\u0131yla <a href=\"https:\/\/epochtimestr.com\/index.php\/chp-mutlak-butlan-davasi-56-gun-sonra-yargitaya-ulasti\" target=\"_blank\" rel=\"noreferrer noopener\">CHP<\/a> Genel Ba\u015fkanl\u0131\u011f\u0131 g\u00f6revinden al\u0131nan CHP Grup Ba\u015fkan\u0131 <a href=\"https:\/\/epochtimestr.com\/index.php\/ozgur-ozel-yeni-parti-icin-resmi-adimin-atilacagini-acikladi\" target=\"_blank\" rel=\"noreferrer noopener\">\u00d6zg\u00fcr \u00d6zel<\/a> ve 11 milletvekili hakk\u0131nda, dokunulmazl\u0131klar\u0131n\u0131n kald\u0131r\u0131lmas\u0131 talebiyle haz\u0131rlanan fezlekeler TBMM Ba\u015fkanl\u0131\u011f\u0131&#8217;na sunuldu. TBMM Ba\u015fkanl\u0131\u011f\u0131 bu dosyalar\u0131 prosed\u00fcr gere\u011fi Anayasa ve Adalet Komisyonu \u00fcyelerinden olu\u015fan Karma Komisyona havale etti. B\u00f6ylece \u00d6zel hakk\u0131ndaki fezleke say\u0131s\u0131 61&#8217;e y\u00fckseldi. Daha \u00f6nce d\u00fczenlenen 58 fezlekeye 3 dosya daha eklendi.<\/p>\n\n\n\n<p>Haklar\u0131nda fezleke haz\u0131rlanan vekiller \u015f\u00f6yle:<\/p>\n\n\n\n<p>CHP Grup Ba\u015fkan\u0131 \u00d6zg\u00fcr \u00d6zel (iki ayr\u0131 fezleke)<br \/>CHP Erzincan Milletvekili Mustafa Sar\u0131g\u00fcl (iki ayr\u0131 fezleke)<br \/>CHP \u00c7anakkale Milletvekili \u0130smet G\u00fcne\u015fhan<br \/>CHP Zonguldak Milletvekili Eylem Ertu\u011f Ertu\u011frul<br \/>CHP Sivas Milletvekili Ula\u015f Karasu<br \/>CHP Ayd\u0131n Milletvekili S\u00fcleyman B\u00fclb\u00fcl<br \/>CHP \u0130stanbul Milletvekili Cemal Enginyurt<br \/>CHP Karab\u00fck Milletvekili Cevdet Akay<br \/>\u0130Y\u0130 Parti Grup Ba\u015fkanvekili Turhan \u00c7\u00f6mez<br \/>\u0130Y\u0130 Parti Afyonkarahisar Milletvekili Hakan \u015eeref Olgun<br \/>T\u0130P \u0130stanbul Milletvekili Ahmet \u015e\u0131k<br \/>Yeni Yol Partisi Ankara Milletvekili Mesut Do\u011fa<\/p>\n\n\n\n<p>Fezlekeler hakk\u0131nda gazetecilerin sorular\u0131n\u0131 yan\u0131tlayan \u00d6zel &#8220;Bizim ona ba\u011f\u0131\u015f\u0131kl\u0131\u011f\u0131m\u0131z var, a\u015f\u0131m\u0131z var&#8221; dedi.<\/p>\n\n\n\n<p><strong>Yasama Dokunulmazl\u0131\u011f\u0131n\u0131n Kald\u0131r\u0131lmas\u0131 Hakk\u0131nda Cumhurba\u015fkanl\u0131\u011f\u0131 Tezkereleri<\/strong><\/p>\n\n\n\n<p>Tezkerelere g\u00f6re, hakk\u0131nda yasama dokunulmazl\u0131\u011f\u0131n\u0131n kald\u0131r\u0131lmas\u0131 talep edilen milletvekilleri \u015funlar:<\/p>\n\n\n\n<p>Karma Komisyona, CHP Grup Ba\u015fkan\u0131 \u00d6zg\u00fcr \u00d6zel, CHP Ayd\u0131n Milletvekili H\u00fcseyin Y\u0131ld\u0131z, CHP \u0130stanbul Milletvekili Suat \u00d6z\u00e7a\u011fda\u015f, Yeni Yol Partisi Ankara Milletvekili Mesut Do\u011fan, CHP \u0130stanbul Milletvekili O\u011fuz Kaan Sal\u0131c\u0131, CHP Ordu Milletvekili Mustafa Ad\u0131g\u00fczel ve CHP \u0130zmir Milletvekili Murat Bakan&#8217;\u0131n dosyalar\u0131 sunuldu.<\/p>\n\n\n\n<p>Karma Komisyon, fezlekeleri g\u00fcndemine alarak inceleyecek. Komisyonun haz\u0131rlayaca\u011f\u0131 raporun ard\u0131ndan dosyalar\u0131n TBMM Genel Kurulu&#8217;nda g\u00f6r\u00fc\u015f\u00fcl\u00fcp g\u00f6r\u00fc\u015f\u00fclmeyece\u011fine ili\u015fkin s\u00fcre\u00e7 devam edecek.<\/p>\n","protected":false},"excerpt":{"rendered":"<p>CHP lideri \u00d6zg\u00fcr \u00d6zel hakk\u0131ndaki \u00fc\u00e7 dosyan\u0131n da aralar\u0131nda bulundu\u011fu toplam 9 dokunulmazl\u0131k tezkeresi TBMM Ba\u015fkanl\u0131\u011f\u0131\u2019na sunuldu. Tezkereler, g\u00f6r\u00fc\u015f\u00fclmek \u00fczere Karma Komisyona sevk edildi. Mutlak butlan karar\u0131yla CHP Genel Ba\u015fkanl\u0131\u011f\u0131 g\u00f6revinden al\u0131nan CHP Grup Ba\u015fkan\u0131 \u00d6zg\u00fcr \u00d6zel ve 11 milletvekili hakk\u0131nda, dokunulmazl\u0131klar\u0131n\u0131n kald\u0131r\u0131lmas\u0131 talebiyle haz\u0131rlanan fezlekeler TBMM Ba\u015fkanl\u0131\u011f\u0131&#8217;na sunuldu. TBMM Ba\u015fkanl\u0131\u011f\u0131 bu dosyalar\u0131 prosed\u00fcr gere\u011fi [&hellip;]<\/p>\n","protected":false},"author":12791,"featured_media":160026,"comment_status":"open","ping_status":"open","sticky":false,"template":"","format":"standard","meta":{"_yoast_wpseo_focuskw":"\u00d6zg\u00fcr \u00d6zel","_yoast_wpseo_title":"","_yoast_wpseo_metadesc":"CHP lideri \u00d6zg\u00fcr \u00d6zel hakk\u0131ndaki \u00fc\u00e7 dosyan\u0131n da aralar\u0131nda bulundu\u011fu toplam 9 dokunulmazl\u0131k tezkeresi TBMM Ba\u015fkanl\u0131\u011f\u0131\u2019na sunuldu.","_bbp_topic_count":0,"_bbp_reply_count":0,"_bbp_total_topic_count":0,"_bbp_total_reply_count":0,"_bbp_voice_count":0,"_bbp_anonymous_reply_count":0,"_bbp_topic_count_hidden":0,"_bbp_reply_count_hidden":0,"_bbp_forum_subforum_count":0,"footnotes":"","_yoast_wpseo_focuskw_text_input":""},"categories":[1,8138,8226,37],"tags":[583,5008,4943,8492,1200],"yoast_head":"<!-- This site is optimized with the Yoast SEO plugin v23.0 - https:\/\/yoast.com\/wordpress\/plugins\/seo\/ -->\n<title>\u00d6zg\u00fcr \u00d6zel Hakk\u0131ndaki Fezleke Say\u0131s\u0131 61&#039;e Y\u00fckseldi - The Epoch Times TR<\/title>\n<meta name=\"description\" content=\"CHP lideri \u00d6zg\u00fcr \u00d6zel hakk\u0131ndaki \u00fc\u00e7 dosyan\u0131n da aralar\u0131nda bulundu\u011fu toplam 9 dokunulmazl\u0131k tezkeresi TBMM Ba\u015fkanl\u0131\u011f\u0131\u2019na sunuldu.\" \/>\n<meta name=\"robots\" content=\"index, follow, max-snippet:-1, max-image-preview:large, max-video-preview:-1\" \/>\n<link rel=\"canonical\" href=\"https:\/\/epochtimestr.com\/index.php\/ozgur-ozel-hakkindaki-fezleke-sayisi-61e-yukseldi\" \/>\n<meta property=\"og:locale\" content=\"tr_TR\" \/>\n<meta property=\"og:type\" content=\"article\" \/>\n<meta property=\"og:title\" content=\"\u00d6zg\u00fcr \u00d6zel Hakk\u0131ndaki Fezleke Say\u0131s\u0131 61&#039;e Y\u00fckseldi - The Epoch Times TR\" \/>\n<meta property=\"og:description\" content=\"CHP lideri \u00d6zg\u00fcr \u00d6zel hakk\u0131ndaki \u00fc\u00e7 dosyan\u0131n da aralar\u0131nda bulundu\u011fu toplam 9 dokunulmazl\u0131k tezkeresi TBMM Ba\u015fkanl\u0131\u011f\u0131\u2019na sunuldu.\" \/>\n<meta property=\"og:url\" content=\"https:\/\/epochtimestr.com\/index.php\/ozgur-ozel-hakkindaki-fezleke-sayisi-61e-yukseldi\" \/>\n<meta property=\"og:site_name\" content=\"The Epoch Times TR\" \/>\n<meta property=\"article:publisher\" content=\"https:\/\/www.facebook.com\/theepochtimestr\" \/>\n<meta property=\"article:published_time\" content=\"2026-07-17T19:57:04+00:00\" \/>\n<meta property=\"article:modified_time\" content=\"2026-07-17T19:57:13+00:00\" \/>\n<meta property=\"og:image\" content=\"https:\/\/epochtimestr.com\/wp-content\/uploads\/2011y\/chp-12.jpg\" \/>\n\t<meta property=\"og:image:width\" content=\"600\" \/>\n\t<meta property=\"og:image:height\" content=\"337\" \/>\n\t<meta property=\"og:image:type\" content=\"image\/jpeg\" \/>\n<meta name=\"author\" content=\"Haber Merkezi\" \/>\n<meta name=\"twitter:card\" content=\"summary_large_image\" \/>\n<meta name=\"twitter:creator\" content=\"@TheEpochTimesTR\" \/>\n<meta name=\"twitter:site\" content=\"@TheEpochTimesTR\" \/>\n<meta name=\"twitter:label1\" content=\"Yazan:\" \/>\n\t<meta name=\"twitter:data1\" content=\"Haber Merkezi\" \/>\n\t<meta name=\"twitter:label2\" content=\"Tahmini okuma s\u00fcresi\" \/>\n\t<meta name=\"twitter:data2\" content=\"2 dakika\" \/>\n<script type=\"application\/ld+json\" class=\"yoast-schema-graph\">{\"@context\":\"https:\/\/schema.org\",\"@graph\":[{\"@type\":\"Article\",\"@id\":\"https:\/\/epochtimestr.com\/index.php\/ozgur-ozel-hakkindaki-fezleke-sayisi-61e-yukseldi#article\",\"isPartOf\":{\"@id\":\"https:\/\/epochtimestr.com\/index.php\/ozgur-ozel-hakkindaki-fezleke-sayisi-61e-yukseldi\"},\"author\":{\"name\":\"Haber Merkezi\",\"@id\":\"https:\/\/epochtimestr.com\/#\/schema\/person\/3dc5c3adeb9f43923c5aa85889172fdd\"},\"headline\":\"\u00d6zg\u00fcr \u00d6zel Hakk\u0131ndaki Fezleke Say\u0131s\u0131 61&#8217;e Y\u00fckseldi\",\"datePublished\":\"2026-07-17T19:57:04+00:00\",\"dateModified\":\"2026-07-17T19:57:13+00:00\",\"mainEntityOfPage\":{\"@id\":\"https:\/\/epochtimestr.com\/index.php\/ozgur-ozel-hakkindaki-fezleke-sayisi-61e-yukseldi\"},\"wordCount\":364,\"commentCount\":0,\"publisher\":{\"@id\":\"https:\/\/epochtimestr.com\/#organization\"},\"image\":{\"@id\":\"https:\/\/epochtimestr.com\/index.php\/ozgur-ozel-hakkindaki-fezleke-sayisi-61e-yukseldi#primaryimage\"},\"thumbnailUrl\":\"https:\/\/epochtimestr.com\/wp-content\/uploads\/2011y\/chp-12.jpg\",\"keywords\":[\"CHP\",\"dokunulmazl\u0131k\",\"fezleke\",\"\u00d6zg\u00fcr \u00d6zel\",\"tbmm\"],\"articleSection\":[\"G\u00dcNDEM\",\"MAN\u015eET\",\"Siyaset\",\"T\u00dcRK\u0130YE\"],\"inLanguage\":\"tr\",\"potentialAction\":[{\"@type\":\"CommentAction\",\"name\":\"Comment\",\"target\":[\"https:\/\/epochtimestr.com\/index.php\/ozgur-ozel-hakkindaki-fezleke-sayisi-61e-yukseldi#respond\"]}]},{\"@type\":\"WebPage\",\"@id\":\"https:\/\/epochtimestr.com\/index.php\/ozgur-ozel-hakkindaki-fezleke-sayisi-61e-yukseldi\",\"url\":\"https:\/\/epochtimestr.com\/index.php\/ozgur-ozel-hakkindaki-fezleke-sayisi-61e-yukseldi\",\"name\":\"\u00d6zg\u00fcr \u00d6zel Hakk\u0131ndaki Fezleke Say\u0131s\u0131 61'e Y\u00fckseldi - The Epoch Times TR\",\"isPartOf\":{\"@id\":\"https:\/\/epochtimestr.com\/#website\"},\"primaryImageOfPage\":{\"@id\":\"https:\/\/epochtimestr.com\/index.php\/ozgur-ozel-hakkindaki-fezleke-sayisi-61e-yukseldi#primaryimage\"},\"image\":{\"@id\":\"https:\/\/epochtimestr.com\/index.php\/ozgur-ozel-hakkindaki-fezleke-sayisi-61e-yukseldi#primaryimage\"},\"thumbnailUrl\":\"https:\/\/epochtimestr.com\/wp-content\/uploads\/2011y\/chp-12.jpg\",\"datePublished\":\"2026-07-17T19:57:04+00:00\",\"dateModified\":\"2026-07-17T19:57:13+00:00\",\"description\":\"CHP lideri \u00d6zg\u00fcr \u00d6zel hakk\u0131ndaki \u00fc\u00e7 dosyan\u0131n da aralar\u0131nda bulundu\u011fu toplam 9 dokunulmazl\u0131k tezkeresi TBMM Ba\u015fkanl\u0131\u011f\u0131\u2019na sunuldu.\",\"inLanguage\":\"tr\",\"potentialAction\":[{\"@type\":\"ReadAction\",\"target\":[\"https:\/\/epochtimestr.com\/index.php\/ozgur-ozel-hakkindaki-fezleke-sayisi-61e-yukseldi\"]}]},{\"@type\":\"ImageObject\",\"inLanguage\":\"tr\",\"@id\":\"https:\/\/epochtimestr.com\/index.php\/ozgur-ozel-hakkindaki-fezleke-sayisi-61e-yukseldi#primaryimage\",\"url\":\"https:\/\/epochtimestr.com\/wp-content\/uploads\/2011y\/chp-12.jpg\",\"contentUrl\":\"https:\/\/epochtimestr.com\/wp-content\/uploads\/2011y\/chp-12.jpg\",\"width\":600,\"height\":337,\"caption\":\"CHP Genel Ba\u015fkan\u0131 \u00d6zg\u00fcr \u00d6zel, H\u00fcrriyet Gazetesi'nden Zeynep Bilgehan'\u0131n sorular\u0131n\u0131 yan\u0131tlad\u0131. (Mert G\u00f6khan KO\u00c7\/H\u00fcrriyet\/Ankara\/18042024)\"},{\"@type\":\"WebSite\",\"@id\":\"https:\/\/epochtimestr.com\/#website\",\"url\":\"https:\/\/epochtimestr.com\/\",\"name\":\"The Epoch Times TR\",\"description\":\"De\u011fi\u015fen D\u00fcnyam\u0131za Taze Bir Bak\u0131\u015f\",\"publisher\":{\"@id\":\"https:\/\/epochtimestr.com\/#organization\"},\"potentialAction\":[{\"@type\":\"SearchAction\",\"target\":{\"@type\":\"EntryPoint\",\"urlTemplate\":\"https:\/\/epochtimestr.com\/?s={search_term_string}\"},\"query-input\":\"required name=search_term_string\"}],\"inLanguage\":\"tr\"},{\"@type\":\"Organization\",\"@id\":\"https:\/\/epochtimestr.com\/#organization\",\"name\":\"The EpochTimes T\u00fcrkiye\",\"url\":\"https:\/\/epochtimestr.com\/\",\"logo\":{\"@type\":\"ImageObject\",\"inLanguage\":\"tr\",\"@id\":\"https:\/\/epochtimestr.com\/#\/schema\/logo\/image\/\",\"url\":\"https:\/\/epochtimestr.com\/wp-content\/uploads\/2011y\/ET-Logo-YG.jpg\",\"contentUrl\":\"https:\/\/epochtimestr.com\/wp-content\/uploads\/2011y\/ET-Logo-YG.jpg\",\"width\":346,\"height\":29,\"caption\":\"The EpochTimes T\u00fcrkiye\"},\"image\":{\"@id\":\"https:\/\/epochtimestr.com\/#\/schema\/logo\/image\/\"},\"sameAs\":[\"https:\/\/www.facebook.com\/theepochtimestr\",\"https:\/\/x.com\/TheEpochTimesTR\",\"https:\/\/www.instagram.com\/epochtimestr\"]},{\"@type\":\"Person\",\"@id\":\"https:\/\/epochtimestr.com\/#\/schema\/person\/3dc5c3adeb9f43923c5aa85889172fdd\",\"name\":\"Haber Merkezi\",\"image\":{\"@type\":\"ImageObject\",\"inLanguage\":\"tr\",\"@id\":\"https:\/\/epochtimestr.com\/#\/schema\/person\/image\/\",\"url\":\"https:\/\/secure.gravatar.com\/avatar\/d73f772ba5a74f28601361e17c2f93e6?s=96&d=mm&r=g\",\"contentUrl\":\"https:\/\/secure.gravatar.com\/avatar\/d73f772ba5a74f28601361e17c2f93e6?s=96&d=mm&r=g\",\"caption\":\"Haber Merkezi\"},\"url\":\"https:\/\/epochtimestr.com\/index.php\/author\/sendag\"}]}<\/script>\n<!-- \/ Yoast SEO plugin. -->","yoast_head_json":{"title":"\u00d6zg\u00fcr \u00d6zel Hakk\u0131ndaki Fezleke Say\u0131s\u0131 61'e Y\u00fckseldi - The Epoch Times TR","description":"CHP lideri \u00d6zg\u00fcr \u00d6zel hakk\u0131ndaki \u00fc\u00e7 dosyan\u0131n da aralar\u0131nda bulundu\u011fu toplam 9 dokunulmazl\u0131k tezkeresi TBMM Ba\u015fkanl\u0131\u011f\u0131\u2019na sunuldu.","robots":{"index":"index","follow":"follow","max-snippet":"max-snippet:-1","max-image-preview":"max-image-preview:large","max-video-preview":"max-video-preview:-1"},"canonical":"https:\/\/epochtimestr.com\/index.php\/ozgur-ozel-hakkindaki-fezleke-sayisi-61e-yukseldi","og_locale":"tr_TR","og_type":"article","og_title":"\u00d6zg\u00fcr \u00d6zel Hakk\u0131ndaki Fezleke Say\u0131s\u0131 61'e Y\u00fckseldi - The Epoch Times TR","og_description":"CHP lideri \u00d6zg\u00fcr \u00d6zel hakk\u0131ndaki \u00fc\u00e7 dosyan\u0131n da aralar\u0131nda bulundu\u011fu toplam 9 dokunulmazl\u0131k tezkeresi TBMM Ba\u015fkanl\u0131\u011f\u0131\u2019na sunuldu.","og_url":"https:\/\/epochtimestr.com\/index.php\/ozgur-ozel-hakkindaki-fezleke-sayisi-61e-yukseldi","og_site_name":"The Epoch Times TR","article_publisher":"https:\/\/www.facebook.com\/theepochtimestr","article_published_time":"2026-07-17T19:57:04+00:00","article_modified_time":"2026-07-17T19:57:13+00:00","og_image":[{"width":600,"height":337,"url":"https:\/\/epochtimestr.com\/wp-content\/uploads\/2011y\/chp-12.jpg","type":"image\/jpeg"}],"author":"Haber Merkezi","twitter_card":"summary_large_image","twitter_creator":"@TheEpochTimesTR","twitter_site":"@TheEpochTimesTR","twitter_misc":{"Yazan:":"Haber Merkezi","Tahmini okuma s\u00fcresi":"2 dakika"},"schema":{"@context":"https:\/\/schema.org","@graph":[{"@type":"Article","@id":"https:\/\/epochtimestr.com\/index.php\/ozgur-ozel-hakkindaki-fezleke-sayisi-61e-yukseldi#article","isPartOf":{"@id":"https:\/\/epochtimestr.com\/index.php\/ozgur-ozel-hakkindaki-fezleke-sayisi-61e-yukseldi"},"author":{"name":"Haber Merkezi","@id":"https:\/\/epochtimestr.com\/#\/schema\/person\/3dc5c3adeb9f43923c5aa85889172fdd"},"headline":"\u00d6zg\u00fcr \u00d6zel Hakk\u0131ndaki Fezleke Say\u0131s\u0131 61&#8217;e Y\u00fckseldi","datePublished":"2026-07-17T19:57:04+00:00","dateModified":"2026-07-17T19:57:13+00:00","mainEntityOfPage":{"@id":"https:\/\/epochtimestr.com\/index.php\/ozgur-ozel-hakkindaki-fezleke-sayisi-61e-yukseldi"},"wordCount":364,"commentCount":0,"publisher":{"@id":"https:\/\/epochtimestr.com\/#organization"},"image":{"@id":"https:\/\/epochtimestr.com\/index.php\/ozgur-ozel-hakkindaki-fezleke-sayisi-61e-yukseldi#primaryimage"},"thumbnailUrl":"https:\/\/epochtimestr.com\/wp-content\/uploads\/2011y\/chp-12.jpg","keywords":["CHP","dokunulmazl\u0131k","fezleke","\u00d6zg\u00fcr \u00d6zel","tbmm"],"articleSection":["G\u00dcNDEM","MAN\u015eET","Siyaset","T\u00dcRK\u0130YE"],"inLanguage":"tr","potentialAction":[{"@type":"CommentAction","name":"Comment","target":["https:\/\/epochtimestr.com\/index.php\/ozgur-ozel-hakkindaki-fezleke-sayisi-61e-yukseldi#respond"]}]},{"@type":"WebPage","@id":"https:\/\/epochtimestr.com\/index.php\/ozgur-ozel-hakkindaki-fezleke-sayisi-61e-yukseldi","url":"https:\/\/epochtimestr.com\/index.php\/ozgur-ozel-hakkindaki-fezleke-sayisi-61e-yukseldi","name":"\u00d6zg\u00fcr \u00d6zel Hakk\u0131ndaki Fezleke Say\u0131s\u0131 61'e Y\u00fckseldi - The Epoch Times TR","isPartOf":{"@id":"https:\/\/epochtimestr.com\/#website"},"primaryImageOfPage":{"@id":"https:\/\/epochtimestr.com\/index.php\/ozgur-ozel-hakkindaki-fezleke-sayisi-61e-yukseldi#primaryimage"},"image":{"@id":"https:\/\/epochtimestr.com\/index.php\/ozgur-ozel-hakkindaki-fezleke-sayisi-61e-yukseldi#primaryimage"},"thumbnailUrl":"https:\/\/epochtimestr.com\/wp-content\/uploads\/2011y\/chp-12.jpg","datePublished":"2026-07-17T19:57:04+00:00","dateModified":"2026-07-17T19:57:13+00:00","description":"CHP lideri \u00d6zg\u00fcr \u00d6zel hakk\u0131ndaki \u00fc\u00e7 dosyan\u0131n da aralar\u0131nda bulundu\u011fu toplam 9 dokunulmazl\u0131k tezkeresi TBMM Ba\u015fkanl\u0131\u011f\u0131\u2019na sunuldu.","inLanguage":"tr","potentialAction":[{"@type":"ReadAction","target":["https:\/\/epochtimestr.com\/index.php\/ozgur-ozel-hakkindaki-fezleke-sayisi-61e-yukseldi"]}]},{"@type":"ImageObject","inLanguage":"tr","@id":"https:\/\/epochtimestr.com\/index.php\/ozgur-ozel-hakkindaki-fezleke-sayisi-61e-yukseldi#primaryimage","url":"https:\/\/epochtimestr.com\/wp-content\/uploads\/2011y\/chp-12.jpg","contentUrl":"https:\/\/epochtimestr.com\/wp-content\/uploads\/2011y\/chp-12.jpg","width":600,"height":337,"caption":"CHP Genel Ba\u015fkan\u0131 \u00d6zg\u00fcr \u00d6zel, H\u00fcrriyet Gazetesi'nden Zeynep Bilgehan'\u0131n sorular\u0131n\u0131 yan\u0131tlad\u0131. (Mert G\u00f6khan KO\u00c7\/H\u00fcrriyet\/Ankara\/18042024)"},{"@type":"WebSite","@id":"https:\/\/epochtimestr.com\/#website","url":"https:\/\/epochtimestr.com\/","name":"The Epoch Times TR","description":"De\u011fi\u015fen D\u00fcnyam\u0131za Taze Bir Bak\u0131\u015f","publisher":{"@id":"https:\/\/epochtimestr.com\/#organization"},"potentialAction":[{"@type":"SearchAction","target":{"@type":"EntryPoint","urlTemplate":"https:\/\/epochtimestr.com\/?s={search_term_string}"},"query-input":"required name=search_term_string"}],"inLanguage":"tr"},{"@type":"Organization","@id":"https:\/\/epochtimestr.com\/#organization","name":"The EpochTimes T\u00fcrkiye","url":"https:\/\/epochtimestr.com\/","logo":{"@type":"ImageObject","inLanguage":"tr","@id":"https:\/\/epochtimestr.com\/#\/schema\/logo\/image\/","url":"https:\/\/epochtimestr.com\/wp-content\/uploads\/2011y\/ET-Logo-YG.jpg","contentUrl":"https:\/\/epochtimestr.com\/wp-content\/uploads\/2011y\/ET-Logo-YG.jpg","width":346,"height":29,"caption":"The EpochTimes T\u00fcrkiye"},"image":{"@id":"https:\/\/epochtimestr.com\/#\/schema\/logo\/image\/"},"sameAs":["https:\/\/www.facebook.com\/theepochtimestr","https:\/\/x.com\/TheEpochTimesTR","https:\/\/www.instagram.com\/epochtimestr"]},{"@type":"Person","@id":"https:\/\/epochtimestr.com\/#\/schema\/person\/3dc5c3adeb9f43923c5aa85889172fdd","name":"Haber Merkezi","image":{"@type":"ImageObject","inLanguage":"tr","@id":"https:\/\/epochtimestr.com\/#\/schema\/person\/image\/","url":"https:\/\/secure.gravatar.com\/avatar\/d73f772ba5a74f28601361e17c2f93e6?s=96&d=mm&r=g","contentUrl":"https:\/\/secure.gravatar.com\/avatar\/d73f772ba5a74f28601361e17c2f93e6?s=96&d=mm&r=g","caption":"Haber Merkezi"},"url":"https:\/\/epochtimestr.com\/index.php\/author\/sendag"}]}},"_links":{"self":[{"href":"https:\/\/epochtimestr.com\/index.php\/wp-json\/wp\/v2\/posts\/168799"}],"collection":[{"href":"https:\/\/epochtimestr.com\/index.php\/wp-json\/wp\/v2\/posts"}],"about":[{"href":"https:\/\/epochtimestr.com\/index.php\/wp-json\/wp\/v2\/types\/post"}],"author":[{"embeddable":true,"href":"https:\/\/epochtimestr.com\/index.php\/wp-json\/wp\/v2\/users\/12791"}],"replies":[{"embeddable":true,"href":"https:\/\/epochtimestr.com\/index.php\/wp-json\/wp\/v2\/comments?post=168799"}],"version-history":[{"count":2,"href":"https:\/\/epochtimestr.com\/index.php\/wp-json\/wp\/v2\/posts\/168799\/revisions"}],"predecessor-version":[{"id":168803,"href":"https:\/\/epochtimestr.com\/index.php\/wp-json\/wp\/v2\/posts\/168799\/revisions\/168803"}],"wp:featuredmedia":[{"embeddable":true,"href":"https:\/\/epochtimestr.com\/index.php\/wp-json\/wp\/v2\/media\/160026"}],"wp:attachment":[{"href":"https:\/\/epochtimestr.com\/index.php\/wp-json\/wp\/v2\/media?parent=168799"}],"wp:term":[{"taxonomy":"category","embeddable":true,"href":"https:\/\/epochtimestr.com\/index.php\/wp-json\/wp\/v2\/categories?post=168799"},{"taxonomy":"post_tag","embeddable":true,"href":"https:\/\/epochtimestr.com\/index.php\/wp-json\/wp\/v2\/tags?post=168799"}],"curies":[{"name":"wp","href":"https:\/\/api.w.org\/{rel}","templated":true}]}}