{"id":168817,"date":"2026-07-18T08:43:19","date_gmt":"2026-07-18T05:43:19","guid":{"rendered":"https:\/\/epochtimestr.com\/?p=168817"},"modified":"2026-07-18T08:43:22","modified_gmt":"2026-07-18T05:43:22","slug":"noterlerin-hafta-sonu-calismasina-iptal-karari","status":"publish","type":"post","link":"https:\/\/epochtimestr.com\/index.php\/noterlerin-hafta-sonu-calismasina-iptal-karari","title":{"rendered":"Noterlerin Hafta Sonu \u00c7al\u0131\u015fmas\u0131na  \u0130ptal Karar\u0131"},"content":{"rendered":"<div class=\"wp-block-image\">\n<figure class=\"aligncenter size-full\"><img loading=\"lazy\" decoding=\"async\" width=\"800\" height=\"450\" src=\"https:\/\/epochtimestr.com\/wp-content\/uploads\/2011y\/aym.jpg\" alt=\"Noterlerin hafta sonu ve tatil g\u00fcnlerinde \u00e7al\u0131\u015fmas\u0131na olanak tan\u0131yan d\u00fczenleme iptal edildi. (Foto\u011fraf: Sosyal medyadan al\u0131nm\u0131\u015ft\u0131r.)\" class=\"wp-image-168818\" srcset=\"https:\/\/epochtimestr.com\/wp-content\/uploads\/2011y\/aym.jpg 800w, https:\/\/epochtimestr.com\/wp-content\/uploads\/2011y\/aym-300x169.jpg 300w, https:\/\/epochtimestr.com\/wp-content\/uploads\/2011y\/aym-150x84.jpg 150w, https:\/\/epochtimestr.com\/wp-content\/uploads\/2011y\/aym-768x432.jpg 768w\" sizes=\"(max-width: 800px) 100vw, 800px\" \/><figcaption class=\"wp-element-caption\">Noterlerin hafta sonu ve tatil g\u00fcnlerinde \u00e7al\u0131\u015fmas\u0131na olanak tan\u0131yan d\u00fczenleme iptal edildi. (Foto\u011fraf: Sosyal medyadan al\u0131nm\u0131\u015ft\u0131r.)<\/figcaption><\/figure><\/div>\n\n\n<h3 class=\"wp-block-heading\">Anayasa Mahkemesi CHP&#8217;nin ba\u015fvurusu \u00fczerine noterlerin hafta sonu ve tatil g\u00fcnlerinde \u00e7al\u0131\u015fmas\u0131na olanak tan\u0131yan d\u00fczenlemeyi iptal etti.<\/h3>\n\n\n\n<p><a href=\"https:\/\/epochtimestr.com\/index.php\/atama-ve-gorevden-alma-kararlari-resmi-gazetede-yayimlandi-2\" target=\"_blank\" rel=\"noreferrer noopener\">Resmi Gazete<\/a>&#8216;de yer alan karara g\u00f6re, noterler bundan sonra tatil g\u00fcnlerindeki mesai yapmayacak.<\/p>\n\n\n\n<p><a href=\"https:\/\/epochtimestr.com\/index.php\/chp-mutlak-butlan-davasi-56-gun-sonra-yargitaya-ulasti\" target=\"_blank\" rel=\"noreferrer noopener\">CHP<\/a>, 7532 say\u0131l\u0131 <a href=\"https:\/\/epochtimestr.com\/index.php\/erdogan-4-yargi-reformu-strateji-belgesini-acikladi\" target=\"_blank\" rel=\"noreferrer noopener\">Noterlik Kanunu<\/a> ve Baz\u0131 Kanunlarda De\u011fi\u015fiklik Yap\u0131lmas\u0131na Dair Kanun&#8217;un baz\u0131 h\u00fck\u00fcmlerinin Anayasa&#8217;ya ayk\u0131r\u0131 oldu\u011funu ileri s\u00fcrerek iptali i\u00e7in AYM&#8217;ye ba\u015fvurmu\u015ftu. Y\u00fcksek Mahkeme, noterlerin tatil g\u00fcnlerinde \u00e7al\u0131\u015ft\u0131r\u0131lma usul\u00fcn\u00fc ve san\u0131\u011fa ula\u015f\u0131lamad\u0131\u011f\u0131 durumlarda sadece avukata yap\u0131lan tebligatla dava bitirilmesini \u00f6ng\u00f6ren maddeleri Anayasa&#8217;ya ayk\u0131r\u0131 bularak iptal etti.<\/p>\n\n\n\n<p>Anayasa Mahkemesi, 14 Kas\u0131m 2024 tarihli ve 7532 say\u0131l\u0131 &#8220;Noterlik Kanunu ile Baz\u0131 Kanunlarda De\u011fi\u015fiklik Yap\u0131lmas\u0131na Dair Kanun&#8221;un baz\u0131 kritik maddelerine kar\u015f\u0131 a\u00e7\u0131lan iptal davas\u0131nda nihai karar\u0131n\u0131 verdi. Mahkeme, adil yarg\u0131lanma hakk\u0131 ve \u00e7al\u0131\u015fanlar\u0131n dinlenme hakk\u0131 gibi temel anayasal s\u0131n\u0131rlar\u0131 \u00e7izerek iki \u00f6nemli d\u00fczenlemeyi iptal ederken, kamuda \u00e7al\u0131\u015fanlar\u0131n avukatl\u0131k staj\u0131 ve cezaevindeki e\u011fitim haklar\u0131 gibi d\u00fczenlemeleri ise Anayasa&#8217;ya uygun buldu.<\/p>\n\n\n\n<p><strong>Noterlerin Hafta Sonu \u00c7al\u0131\u015fmas\u0131na &#8220;Kanunilik&#8221; Engeli<\/strong><\/p>\n\n\n\n<p>\u0130ptal edilen en dikkat \u00e7ekici maddelerden biri noterlerin tatil g\u00fcnlerindeki mesaileriyle ilgili oldu. Kanunla, noterlerin hafta sonu ve resmi tatillerde \u00e7al\u0131\u015fma usul ve esaslar\u0131n\u0131 belirleme yetkisi do\u011frudan Adalet Bakanl\u0131\u011f\u0131\u2019n\u0131n \u00e7\u0131karaca\u011f\u0131 bir y\u00f6netmeli\u011fe b\u0131rak\u0131lm\u0131\u015ft\u0131.<\/p>\n\n\n\n<p>\u0130ptal karar\u0131n\u0131n, do\u011fabilecek hukuki bo\u015flu\u011fun giderilebilmesi amac\u0131yla 9 ay sonra y\u00fcr\u00fcrl\u00fc\u011fe girmesi kararla\u015ft\u0131r\u0131ld\u0131.<\/p>\n","protected":false},"excerpt":{"rendered":"<p>Anayasa Mahkemesi CHP&#8217;nin ba\u015fvurusu \u00fczerine noterlerin hafta sonu ve tatil g\u00fcnlerinde \u00e7al\u0131\u015fmas\u0131na olanak tan\u0131yan d\u00fczenlemeyi iptal etti. Resmi Gazete&#8216;de yer alan karara g\u00f6re, noterler bundan sonra tatil g\u00fcnlerindeki mesai yapmayacak. CHP, 7532 say\u0131l\u0131 Noterlik Kanunu ve Baz\u0131 Kanunlarda De\u011fi\u015fiklik Yap\u0131lmas\u0131na Dair Kanun&#8217;un baz\u0131 h\u00fck\u00fcmlerinin Anayasa&#8217;ya ayk\u0131r\u0131 oldu\u011funu ileri s\u00fcrerek iptali i\u00e7in AYM&#8217;ye ba\u015fvurmu\u015ftu. Y\u00fcksek Mahkeme, [&hellip;]<\/p>\n","protected":false},"author":12791,"featured_media":168818,"comment_status":"open","ping_status":"open","sticky":false,"template":"","format":"standard","meta":{"_yoast_wpseo_focuskw":"Hafta Sonu","_yoast_wpseo_title":"","_yoast_wpseo_metadesc":"Anayasa Mahkemesi CHP'nin ba\u015fvurusu \u00fczerine noterlerin hafta sonu ve tatil g\u00fcnlerinde \u00e7al\u0131\u015fmas\u0131na olanak tan\u0131yan d\u00fczenlemeye iptal etti.","_bbp_topic_count":0,"_bbp_reply_count":0,"_bbp_total_topic_count":0,"_bbp_total_reply_count":0,"_bbp_voice_count":0,"_bbp_anonymous_reply_count":0,"_bbp_topic_count_hidden":0,"_bbp_reply_count_hidden":0,"_bbp_forum_subforum_count":0,"footnotes":"","_yoast_wpseo_focuskw_text_input":""},"categories":[1,8138,8226,37],"tags":[4162,6789,4936,583,11766,1642,11765,6042,3391],"yoast_head":"<!-- This site is optimized with the Yoast SEO plugin v23.0 - https:\/\/yoast.com\/wordpress\/plugins\/seo\/ -->\n<title>Noterlerin Hafta Sonu \u00c7al\u0131\u015fmas\u0131na \u0130ptal Karar\u0131 - The Epoch Times TR<\/title>\n<meta name=\"description\" content=\"Anayasa Mahkemesi CHP&#039;nin ba\u015fvurusu \u00fczerine noterlerin hafta sonu ve tatil g\u00fcnlerinde \u00e7al\u0131\u015fmas\u0131na olanak tan\u0131yan d\u00fczenlemeye iptal etti.\" \/>\n<meta name=\"robots\" content=\"index, follow, max-snippet:-1, max-image-preview:large, max-video-preview:-1\" \/>\n<link rel=\"canonical\" href=\"https:\/\/epochtimestr.com\/index.php\/noterlerin-hafta-sonu-calismasina-iptal-karari\" \/>\n<meta property=\"og:locale\" content=\"tr_TR\" \/>\n<meta property=\"og:type\" content=\"article\" \/>\n<meta property=\"og:title\" content=\"Noterlerin Hafta Sonu \u00c7al\u0131\u015fmas\u0131na \u0130ptal Karar\u0131 - The Epoch Times TR\" \/>\n<meta property=\"og:description\" content=\"Anayasa Mahkemesi CHP&#039;nin ba\u015fvurusu \u00fczerine noterlerin hafta sonu ve tatil g\u00fcnlerinde \u00e7al\u0131\u015fmas\u0131na olanak tan\u0131yan d\u00fczenlemeye iptal etti.\" \/>\n<meta property=\"og:url\" content=\"https:\/\/epochtimestr.com\/index.php\/noterlerin-hafta-sonu-calismasina-iptal-karari\" \/>\n<meta property=\"og:site_name\" content=\"The Epoch Times TR\" \/>\n<meta property=\"article:publisher\" content=\"https:\/\/www.facebook.com\/theepochtimestr\" \/>\n<meta property=\"article:published_time\" content=\"2026-07-18T05:43:19+00:00\" \/>\n<meta property=\"article:modified_time\" content=\"2026-07-18T05:43:22+00:00\" \/>\n<meta property=\"og:image\" content=\"https:\/\/epochtimestr.com\/wp-content\/uploads\/2011y\/aym.jpg\" \/>\n\t<meta property=\"og:image:width\" content=\"800\" \/>\n\t<meta property=\"og:image:height\" content=\"450\" \/>\n\t<meta property=\"og:image:type\" content=\"image\/jpeg\" \/>\n<meta name=\"author\" content=\"Haber Merkezi\" \/>\n<meta name=\"twitter:card\" content=\"summary_large_image\" \/>\n<meta name=\"twitter:creator\" content=\"@TheEpochTimesTR\" \/>\n<meta name=\"twitter:site\" content=\"@TheEpochTimesTR\" \/>\n<meta name=\"twitter:label1\" content=\"Yazan:\" \/>\n\t<meta name=\"twitter:data1\" content=\"Haber Merkezi\" \/>\n\t<meta name=\"twitter:label2\" content=\"Tahmini okuma s\u00fcresi\" \/>\n\t<meta name=\"twitter:data2\" content=\"2 dakika\" \/>\n<script type=\"application\/ld+json\" class=\"yoast-schema-graph\">{\"@context\":\"https:\/\/schema.org\",\"@graph\":[{\"@type\":\"Article\",\"@id\":\"https:\/\/epochtimestr.com\/index.php\/noterlerin-hafta-sonu-calismasina-iptal-karari#article\",\"isPartOf\":{\"@id\":\"https:\/\/epochtimestr.com\/index.php\/noterlerin-hafta-sonu-calismasina-iptal-karari\"},\"author\":{\"name\":\"Haber Merkezi\",\"@id\":\"https:\/\/epochtimestr.com\/#\/schema\/person\/3dc5c3adeb9f43923c5aa85889172fdd\"},\"headline\":\"Noterlerin Hafta Sonu \u00c7al\u0131\u015fmas\u0131na \u0130ptal Karar\u0131\",\"datePublished\":\"2026-07-18T05:43:19+00:00\",\"dateModified\":\"2026-07-18T05:43:22+00:00\",\"mainEntityOfPage\":{\"@id\":\"https:\/\/epochtimestr.com\/index.php\/noterlerin-hafta-sonu-calismasina-iptal-karari\"},\"wordCount\":295,\"commentCount\":0,\"publisher\":{\"@id\":\"https:\/\/epochtimestr.com\/#organization\"},\"image\":{\"@id\":\"https:\/\/epochtimestr.com\/index.php\/noterlerin-hafta-sonu-calismasina-iptal-karari#primaryimage\"},\"thumbnailUrl\":\"https:\/\/epochtimestr.com\/wp-content\/uploads\/2011y\/aym.jpg\",\"keywords\":[\"anayasa mahkemesi\",\"avukat\",\"AYM\",\"CHP\",\"de\u011fi\u015fiklik\",\"kanun\",\"Noter\",\"Resmi Gazete\",\"tatil\"],\"articleSection\":[\"G\u00dcNDEM\",\"MAN\u015eET\",\"Siyaset\",\"T\u00dcRK\u0130YE\"],\"inLanguage\":\"tr\",\"potentialAction\":[{\"@type\":\"CommentAction\",\"name\":\"Comment\",\"target\":[\"https:\/\/epochtimestr.com\/index.php\/noterlerin-hafta-sonu-calismasina-iptal-karari#respond\"]}]},{\"@type\":\"WebPage\",\"@id\":\"https:\/\/epochtimestr.com\/index.php\/noterlerin-hafta-sonu-calismasina-iptal-karari\",\"url\":\"https:\/\/epochtimestr.com\/index.php\/noterlerin-hafta-sonu-calismasina-iptal-karari\",\"name\":\"Noterlerin Hafta Sonu \u00c7al\u0131\u015fmas\u0131na \u0130ptal Karar\u0131 - The Epoch Times TR\",\"isPartOf\":{\"@id\":\"https:\/\/epochtimestr.com\/#website\"},\"primaryImageOfPage\":{\"@id\":\"https:\/\/epochtimestr.com\/index.php\/noterlerin-hafta-sonu-calismasina-iptal-karari#primaryimage\"},\"image\":{\"@id\":\"https:\/\/epochtimestr.com\/index.php\/noterlerin-hafta-sonu-calismasina-iptal-karari#primaryimage\"},\"thumbnailUrl\":\"https:\/\/epochtimestr.com\/wp-content\/uploads\/2011y\/aym.jpg\",\"datePublished\":\"2026-07-18T05:43:19+00:00\",\"dateModified\":\"2026-07-18T05:43:22+00:00\",\"description\":\"Anayasa Mahkemesi CHP'nin ba\u015fvurusu \u00fczerine noterlerin hafta sonu ve tatil g\u00fcnlerinde \u00e7al\u0131\u015fmas\u0131na olanak tan\u0131yan d\u00fczenlemeye iptal etti.\",\"inLanguage\":\"tr\",\"potentialAction\":[{\"@type\":\"ReadAction\",\"target\":[\"https:\/\/epochtimestr.com\/index.php\/noterlerin-hafta-sonu-calismasina-iptal-karari\"]}]},{\"@type\":\"ImageObject\",\"inLanguage\":\"tr\",\"@id\":\"https:\/\/epochtimestr.com\/index.php\/noterlerin-hafta-sonu-calismasina-iptal-karari#primaryimage\",\"url\":\"https:\/\/epochtimestr.com\/wp-content\/uploads\/2011y\/aym.jpg\",\"contentUrl\":\"https:\/\/epochtimestr.com\/wp-content\/uploads\/2011y\/aym.jpg\",\"width\":800,\"height\":450},{\"@type\":\"WebSite\",\"@id\":\"https:\/\/epochtimestr.com\/#website\",\"url\":\"https:\/\/epochtimestr.com\/\",\"name\":\"The Epoch Times TR\",\"description\":\"De\u011fi\u015fen D\u00fcnyam\u0131za Taze Bir Bak\u0131\u015f\",\"publisher\":{\"@id\":\"https:\/\/epochtimestr.com\/#organization\"},\"potentialAction\":[{\"@type\":\"SearchAction\",\"target\":{\"@type\":\"EntryPoint\",\"urlTemplate\":\"https:\/\/epochtimestr.com\/?s={search_term_string}\"},\"query-input\":\"required name=search_term_string\"}],\"inLanguage\":\"tr\"},{\"@type\":\"Organization\",\"@id\":\"https:\/\/epochtimestr.com\/#organization\",\"name\":\"The EpochTimes T\u00fcrkiye\",\"url\":\"https:\/\/epochtimestr.com\/\",\"logo\":{\"@type\":\"ImageObject\",\"inLanguage\":\"tr\",\"@id\":\"https:\/\/epochtimestr.com\/#\/schema\/logo\/image\/\",\"url\":\"https:\/\/epochtimestr.com\/wp-content\/uploads\/2011y\/ET-Logo-YG.jpg\",\"contentUrl\":\"https:\/\/epochtimestr.com\/wp-content\/uploads\/2011y\/ET-Logo-YG.jpg\",\"width\":346,\"height\":29,\"caption\":\"The EpochTimes T\u00fcrkiye\"},\"image\":{\"@id\":\"https:\/\/epochtimestr.com\/#\/schema\/logo\/image\/\"},\"sameAs\":[\"https:\/\/www.facebook.com\/theepochtimestr\",\"https:\/\/x.com\/TheEpochTimesTR\",\"https:\/\/www.instagram.com\/epochtimestr\"]},{\"@type\":\"Person\",\"@id\":\"https:\/\/epochtimestr.com\/#\/schema\/person\/3dc5c3adeb9f43923c5aa85889172fdd\",\"name\":\"Haber Merkezi\",\"image\":{\"@type\":\"ImageObject\",\"inLanguage\":\"tr\",\"@id\":\"https:\/\/epochtimestr.com\/#\/schema\/person\/image\/\",\"url\":\"https:\/\/secure.gravatar.com\/avatar\/d73f772ba5a74f28601361e17c2f93e6?s=96&d=mm&r=g\",\"contentUrl\":\"https:\/\/secure.gravatar.com\/avatar\/d73f772ba5a74f28601361e17c2f93e6?s=96&d=mm&r=g\",\"caption\":\"Haber Merkezi\"},\"url\":\"https:\/\/epochtimestr.com\/index.php\/author\/sendag\"}]}<\/script>\n<!-- \/ Yoast SEO plugin. -->","yoast_head_json":{"title":"Noterlerin Hafta Sonu \u00c7al\u0131\u015fmas\u0131na \u0130ptal Karar\u0131 - The Epoch Times TR","description":"Anayasa Mahkemesi CHP'nin ba\u015fvurusu \u00fczerine noterlerin hafta sonu ve tatil g\u00fcnlerinde \u00e7al\u0131\u015fmas\u0131na olanak tan\u0131yan d\u00fczenlemeye iptal etti.","robots":{"index":"index","follow":"follow","max-snippet":"max-snippet:-1","max-image-preview":"max-image-preview:large","max-video-preview":"max-video-preview:-1"},"canonical":"https:\/\/epochtimestr.com\/index.php\/noterlerin-hafta-sonu-calismasina-iptal-karari","og_locale":"tr_TR","og_type":"article","og_title":"Noterlerin Hafta Sonu \u00c7al\u0131\u015fmas\u0131na \u0130ptal Karar\u0131 - The Epoch Times TR","og_description":"Anayasa Mahkemesi CHP'nin ba\u015fvurusu \u00fczerine noterlerin hafta sonu ve tatil g\u00fcnlerinde \u00e7al\u0131\u015fmas\u0131na olanak tan\u0131yan d\u00fczenlemeye iptal etti.","og_url":"https:\/\/epochtimestr.com\/index.php\/noterlerin-hafta-sonu-calismasina-iptal-karari","og_site_name":"The Epoch Times TR","article_publisher":"https:\/\/www.facebook.com\/theepochtimestr","article_published_time":"2026-07-18T05:43:19+00:00","article_modified_time":"2026-07-18T05:43:22+00:00","og_image":[{"width":800,"height":450,"url":"https:\/\/epochtimestr.com\/wp-content\/uploads\/2011y\/aym.jpg","type":"image\/jpeg"}],"author":"Haber Merkezi","twitter_card":"summary_large_image","twitter_creator":"@TheEpochTimesTR","twitter_site":"@TheEpochTimesTR","twitter_misc":{"Yazan:":"Haber Merkezi","Tahmini okuma s\u00fcresi":"2 dakika"},"schema":{"@context":"https:\/\/schema.org","@graph":[{"@type":"Article","@id":"https:\/\/epochtimestr.com\/index.php\/noterlerin-hafta-sonu-calismasina-iptal-karari#article","isPartOf":{"@id":"https:\/\/epochtimestr.com\/index.php\/noterlerin-hafta-sonu-calismasina-iptal-karari"},"author":{"name":"Haber Merkezi","@id":"https:\/\/epochtimestr.com\/#\/schema\/person\/3dc5c3adeb9f43923c5aa85889172fdd"},"headline":"Noterlerin Hafta Sonu \u00c7al\u0131\u015fmas\u0131na \u0130ptal Karar\u0131","datePublished":"2026-07-18T05:43:19+00:00","dateModified":"2026-07-18T05:43:22+00:00","mainEntityOfPage":{"@id":"https:\/\/epochtimestr.com\/index.php\/noterlerin-hafta-sonu-calismasina-iptal-karari"},"wordCount":295,"commentCount":0,"publisher":{"@id":"https:\/\/epochtimestr.com\/#organization"},"image":{"@id":"https:\/\/epochtimestr.com\/index.php\/noterlerin-hafta-sonu-calismasina-iptal-karari#primaryimage"},"thumbnailUrl":"https:\/\/epochtimestr.com\/wp-content\/uploads\/2011y\/aym.jpg","keywords":["anayasa mahkemesi","avukat","AYM","CHP","de\u011fi\u015fiklik","kanun","Noter","Resmi Gazete","tatil"],"articleSection":["G\u00dcNDEM","MAN\u015eET","Siyaset","T\u00dcRK\u0130YE"],"inLanguage":"tr","potentialAction":[{"@type":"CommentAction","name":"Comment","target":["https:\/\/epochtimestr.com\/index.php\/noterlerin-hafta-sonu-calismasina-iptal-karari#respond"]}]},{"@type":"WebPage","@id":"https:\/\/epochtimestr.com\/index.php\/noterlerin-hafta-sonu-calismasina-iptal-karari","url":"https:\/\/epochtimestr.com\/index.php\/noterlerin-hafta-sonu-calismasina-iptal-karari","name":"Noterlerin Hafta Sonu \u00c7al\u0131\u015fmas\u0131na \u0130ptal Karar\u0131 - The Epoch Times TR","isPartOf":{"@id":"https:\/\/epochtimestr.com\/#website"},"primaryImageOfPage":{"@id":"https:\/\/epochtimestr.com\/index.php\/noterlerin-hafta-sonu-calismasina-iptal-karari#primaryimage"},"image":{"@id":"https:\/\/epochtimestr.com\/index.php\/noterlerin-hafta-sonu-calismasina-iptal-karari#primaryimage"},"thumbnailUrl":"https:\/\/epochtimestr.com\/wp-content\/uploads\/2011y\/aym.jpg","datePublished":"2026-07-18T05:43:19+00:00","dateModified":"2026-07-18T05:43:22+00:00","description":"Anayasa Mahkemesi CHP'nin ba\u015fvurusu \u00fczerine noterlerin hafta sonu ve tatil g\u00fcnlerinde \u00e7al\u0131\u015fmas\u0131na olanak tan\u0131yan d\u00fczenlemeye iptal etti.","inLanguage":"tr","potentialAction":[{"@type":"ReadAction","target":["https:\/\/epochtimestr.com\/index.php\/noterlerin-hafta-sonu-calismasina-iptal-karari"]}]},{"@type":"ImageObject","inLanguage":"tr","@id":"https:\/\/epochtimestr.com\/index.php\/noterlerin-hafta-sonu-calismasina-iptal-karari#primaryimage","url":"https:\/\/epochtimestr.com\/wp-content\/uploads\/2011y\/aym.jpg","contentUrl":"https:\/\/epochtimestr.com\/wp-content\/uploads\/2011y\/aym.jpg","width":800,"height":450},{"@type":"WebSite","@id":"https:\/\/epochtimestr.com\/#website","url":"https:\/\/epochtimestr.com\/","name":"The Epoch Times TR","description":"De\u011fi\u015fen D\u00fcnyam\u0131za Taze Bir Bak\u0131\u015f","publisher":{"@id":"https:\/\/epochtimestr.com\/#organization"},"potentialAction":[{"@type":"SearchAction","target":{"@type":"EntryPoint","urlTemplate":"https:\/\/epochtimestr.com\/?s={search_term_string}"},"query-input":"required name=search_term_string"}],"inLanguage":"tr"},{"@type":"Organization","@id":"https:\/\/epochtimestr.com\/#organization","name":"The EpochTimes T\u00fcrkiye","url":"https:\/\/epochtimestr.com\/","logo":{"@type":"ImageObject","inLanguage":"tr","@id":"https:\/\/epochtimestr.com\/#\/schema\/logo\/image\/","url":"https:\/\/epochtimestr.com\/wp-content\/uploads\/2011y\/ET-Logo-YG.jpg","contentUrl":"https:\/\/epochtimestr.com\/wp-content\/uploads\/2011y\/ET-Logo-YG.jpg","width":346,"height":29,"caption":"The EpochTimes T\u00fcrkiye"},"image":{"@id":"https:\/\/epochtimestr.com\/#\/schema\/logo\/image\/"},"sameAs":["https:\/\/www.facebook.com\/theepochtimestr","https:\/\/x.com\/TheEpochTimesTR","https:\/\/www.instagram.com\/epochtimestr"]},{"@type":"Person","@id":"https:\/\/epochtimestr.com\/#\/schema\/person\/3dc5c3adeb9f43923c5aa85889172fdd","name":"Haber Merkezi","image":{"@type":"ImageObject","inLanguage":"tr","@id":"https:\/\/epochtimestr.com\/#\/schema\/person\/image\/","url":"https:\/\/secure.gravatar.com\/avatar\/d73f772ba5a74f28601361e17c2f93e6?s=96&d=mm&r=g","contentUrl":"https:\/\/secure.gravatar.com\/avatar\/d73f772ba5a74f28601361e17c2f93e6?s=96&d=mm&r=g","caption":"Haber Merkezi"},"url":"https:\/\/epochtimestr.com\/index.php\/author\/sendag"}]}},"_links":{"self":[{"href":"https:\/\/epochtimestr.com\/index.php\/wp-json\/wp\/v2\/posts\/168817"}],"collection":[{"href":"https:\/\/epochtimestr.com\/index.php\/wp-json\/wp\/v2\/posts"}],"about":[{"href":"https:\/\/epochtimestr.com\/index.php\/wp-json\/wp\/v2\/types\/post"}],"author":[{"embeddable":true,"href":"https:\/\/epochtimestr.com\/index.php\/wp-json\/wp\/v2\/users\/12791"}],"replies":[{"embeddable":true,"href":"https:\/\/epochtimestr.com\/index.php\/wp-json\/wp\/v2\/comments?post=168817"}],"version-history":[{"count":2,"href":"https:\/\/epochtimestr.com\/index.php\/wp-json\/wp\/v2\/posts\/168817\/revisions"}],"predecessor-version":[{"id":168827,"href":"https:\/\/epochtimestr.com\/index.php\/wp-json\/wp\/v2\/posts\/168817\/revisions\/168827"}],"wp:featuredmedia":[{"embeddable":true,"href":"https:\/\/epochtimestr.com\/index.php\/wp-json\/wp\/v2\/media\/168818"}],"wp:attachment":[{"href":"https:\/\/epochtimestr.com\/index.php\/wp-json\/wp\/v2\/media?parent=168817"}],"wp:term":[{"taxonomy":"category","embeddable":true,"href":"https:\/\/epochtimestr.com\/index.php\/wp-json\/wp\/v2\/categories?post=168817"},{"taxonomy":"post_tag","embeddable":true,"href":"https:\/\/epochtimestr.com\/index.php\/wp-json\/wp\/v2\/tags?post=168817"}],"curies":[{"name":"wp","href":"https:\/\/api.w.org\/{rel}","templated":true}]}}