{"id":168841,"date":"2026-07-18T11:47:23","date_gmt":"2026-07-18T08:47:23","guid":{"rendered":"https:\/\/epochtimestr.com\/?p=168841"},"modified":"2026-07-18T11:47:27","modified_gmt":"2026-07-18T08:47:27","slug":"ozgur-ozel-kirikkalede-esnaf-ve-yurttaslarla-bir-araya-geldi","status":"publish","type":"post","link":"https:\/\/epochtimestr.com\/index.php\/ozgur-ozel-kirikkalede-esnaf-ve-yurttaslarla-bir-araya-geldi","title":{"rendered":"\u00d6zg\u00fcr \u00d6zel K\u0131r\u0131kkale&#8217;de Esnaf ve Yurtta\u015flarla Bir Araya Geldi"},"content":{"rendered":"<div class=\"wp-block-image\">\n<figure class=\"aligncenter size-full is-resized\"><img loading=\"lazy\" decoding=\"async\" width=\"980\" height=\"550\" src=\"https:\/\/epochtimestr.com\/wp-content\/uploads\/2011y\/ozgur-ozel-39.jpg\" alt=\"\" class=\"wp-image-168842\" style=\"width:840px;height:auto\" srcset=\"https:\/\/epochtimestr.com\/wp-content\/uploads\/2011y\/ozgur-ozel-39.jpg 980w, https:\/\/epochtimestr.com\/wp-content\/uploads\/2011y\/ozgur-ozel-39-300x168.jpg 300w, https:\/\/epochtimestr.com\/wp-content\/uploads\/2011y\/ozgur-ozel-39-150x84.jpg 150w, https:\/\/epochtimestr.com\/wp-content\/uploads\/2011y\/ozgur-ozel-39-768x431.jpg 768w\" sizes=\"(max-width: 980px) 100vw, 980px\" \/><figcaption class=\"wp-element-caption\">\u00d6zg\u00fcr \u00d6zel, K\u0131r\u0131kkale&#8217;de esnaf ve yurtta\u015flarla bir araya geldi. (Foto\u011fraf: \u00d6zg\u00fcr \u00d6zel X hesab\u0131)<\/figcaption><\/figure><\/div>\n\n\n<h2 class=\"wp-block-heading\">Se\u00e7ilmi\u015f Cumhuriyet Halk Partisi lideri \u00d6zg\u00fcr \u00d6zel, Olcay Baykal&#8217;\u0131n cenaze t\u00f6reninin ard\u0131ndan K\u0131r\u0131kkale&#8217;ye ge\u00e7ti.<\/h2>\n\n\n\n<p>CHP\u2019nin se\u00e7ilmi\u015f genel ba\u015fkan\u0131 <a href=\"https:\/\/epochtimestr.com\/index.php\/ozgur-ozel-hakkindaki-fezleke-sayisi-61e-yukseldi\" target=\"_blank\" rel=\"noreferrer noopener\">\u00d6zg\u00fcr \u00d6zel<\/a> K\u0131r\u0131kkale\u2019de yurtta\u015flarla bir araya geldi, ard\u0131ndan kalabal\u0131\u011fa seslendi. \u00d6zel, <a href=\"https:\/\/epochtimestr.com\/index.php\/kirikkale-ogrencilere-25-milyon-tl-destek-sagladi\" target=\"_blank\" rel=\"noreferrer noopener\">K\u0131r\u0131kkale<\/a> Belediye Ba\u015fkan\u0131 Ahmet \u00d6nal ve atanm\u0131\u015f y\u00f6netimin g\u00f6revden ald\u0131\u011f\u0131 <a href=\"https:\/\/epochtimestr.com\/index.php\/chp-mutlak-butlan-davasi-56-gun-sonra-yargitaya-ulasti\" target=\"_blank\" rel=\"noreferrer noopener\">CHP<\/a> K\u0131r\u0131kkale \u0130l Ba\u015fkan\u0131 Onur Y\u00fcksel ile birlikte Zafer Caddesi\u2019nde y\u00fcr\u00fcd\u00fc. \u00d6zel, Zafer Caddesi\u2019nde bir kamyonet kasas\u0131n\u0131n \u00fczerinden kalabal\u0131\u011fa hitap etti.<\/p>\n\n\n\n<p>CHP Genel Ba\u015fkan\u0131 \u00d6zg\u00fcr \u00d6zel, CHP 38. Ola\u011fan Kongresi hakk\u0131nda verilen ve temyiz edilen &#8220;mutlak butlan&#8221; karar\u0131na ili\u015fkin dosyan\u0131n 57 g\u00fcn bekletildikten sonra adli tatil arifesinde Yarg\u0131tay&#8217;a g\u00f6nderilmesini k\u0131nad\u0131. Bunun &#8220;hukuki de\u011fil siyasi bir tercih&#8221; oldu\u011funu savundu.<\/p>\n\n\n\n<p>\u00d6zel, &#8220;Ya partimizi geri alaca\u011f\u0131z ya yeni bir yol a\u00e7aca\u011f\u0131z&#8221; s\u00f6zleriyle kararl\u0131l\u0131k mesaj\u0131 verdi. Mevcut s\u00fcre\u00e7te her senaryoya haz\u0131r olduklar\u0131n\u0131 ifade eden CHP Grup Ba\u015fkan\u0131, iktidar hedeflerinden vazge\u00e7meyeceklerini belirtti. Kendilerine muhalefette kalman\u0131n \u00f6\u011f\u00fctlendi\u011fini ve bunu reddettiklerini s\u00f6yledi.<\/p>\n\n\n\n<p>\u00d6zel. &#8220;Bize muhalefet teklif ediyorlar, bana diyorlar ki \u2018Ya\u015f\u0131n gen\u00e7, daha 50. 30 sene o koltuktas\u0131n.\u2019 \u00d6yle 80 ya\u015f\u0131na kadar muhalefet koltu\u011funda oturaca\u011f\u0131ma, yar\u0131n sabah b\u0131rak\u0131r iktidar koltu\u011fu i\u00e7in yola \u00e7\u0131kar\u0131m.<br \/>CHP y\u00fczde 25&#8217;lerde kalsa, yerel se\u00e7imleri silip s\u00fcp\u00fcrmese, yap\u0131lacak ilk se\u00e7imde iktidar olaca\u011f\u0131 g\u00f6r\u00fclmese kimse bizimle u\u011fra\u015fmazd\u0131. Yap\u0131lan m\u00fcdahale CHP&#8217;nin parti i\u00e7i meselesi de\u011fil; sarayla art\u0131k onlardan yorulmu\u015f millet aras\u0131ndad\u0131r.<\/p>\n\n\n\n<h4 class=\"wp-block-heading\">&#8220;Mahkemenin ba\u015fkan\u0131, yukardan kendisine verilen talimatlara uygun olarak tam 57 g\u00fcn dosyay\u0131 elinde tuttu&#8221;<\/h4>\n\n\n\n<p>Biz sand\u0131\u011fa giderken bizim sand\u0131ktaki aday\u0131m\u0131za, partimize, partinin kurumsal kimli\u011fine, liderine kurulan tuzaklarla kar\u015f\u0131 kar\u015f\u0131yay\u0131z. 2024\u2019\u00fcn 31 Mart\u2019\u0131nda, \u2018\u0130stanbul\u2019u kazanan T\u00fcrkiye\u2019yi kazan\u0131r\u2019 derken Recep Tayyip Erdo\u011fan, o gece \u0130stanbul\u2019u \u00fc\u00e7\u00fcnc\u00fc kez kazanan ve ard\u0131ndan yapt\u0131\u011f\u0131m\u0131z \u00f6n se\u00e7imde Cumhurba\u015fkan\u0131 Aday\u0131m\u0131z olan Ekrem \u0130mamo\u011flu\u2019nun Cumhurba\u015fkanl\u0131\u011f\u0131 \u00fcmidine, adayl\u0131\u011f\u0131na darbe yap\u0131lm\u0131\u015ft\u0131r. 21 May\u0131s 2026\u2019da partimize mutlak butlan atanarak, bug\u00fcnk\u00fc iktidar taraf\u0131ndan bir sonraki iktidara, bug\u00fcnk\u00fc iktidar taraf\u0131ndan Gazi Mustafa Kemal Atat\u00fcrk\u2019\u00fcn partisinin 103 y\u0131ll\u0131k yeniden bu milleti kurtarma umutlar\u0131na darbe yap\u0131lm\u0131\u015ft\u0131r. O y\u00fczden size \u015funu s\u00f6ylemek isterim. Bug\u00fcn 21 May\u0131s darbesinden sonra, yani partinin \u00f6nce adays\u0131zla\u015ft\u0131r\u0131ld\u0131\u011f\u0131, sonra kurumsuzla\u015ft\u0131r\u0131ld\u0131\u011f\u0131 ve lidersizle\u015ftirilmeye \u00e7al\u0131\u015f\u0131ld\u0131\u011f\u0131 21 May\u0131s darbesinden sonra hep birlikte s\u00fcrd\u00fcrd\u00fc\u011f\u00fcm\u00fcz m\u00fccadelede bug\u00fcn ay\u0131n 17\u2019si.<\/p>\n\n\n\n<p>Bug\u00fcn 17 Temmuz, tam 57 g\u00fcn ge\u00e7ti. Normalde butlan karar\u0131 veren istinaf mahkemesinin bir hafta i\u00e7inde karar\u0131 Yarg\u0131tay\u2019a yollamas\u0131, bizim orada hakk\u0131m\u0131z\u0131 aramam\u0131z, Yarg\u0131tay\u2019\u0131n \u00f6zellikle bu kimsenin kabul etmedi\u011fi, ilk g\u00fcnden sonu\u00e7 do\u011furan, Yarg\u0131tay\u2019\u0131 yok sayan, hak aramay\u0131 yok sayan, siyasi partiler d\u00fczenini de ortadan kald\u0131ran bu tedbir karar\u0131n\u0131 h\u0131zla g\u00f6r\u00fc\u015fmesi gerekiyordu. Karar\u0131 alan mahkemenin ba\u015fkan\u0131, yukardan kendisine verilen talimatlara uygun olarak tam 57 g\u00fcn dosyay\u0131 elinde tuttu. Adli tatil pazartesi g\u00fcn\u00fc ba\u015fl\u0131yor. Bug\u00fcn (17 Temmuz) \u00f6\u011fle saatlerinde dosyay\u0131 Yarg\u0131tay\u2019a yollad\u0131 ki hakk\u0131m\u0131z\u0131 arayamayal\u0131m. Yarg\u0131tay dosyay\u0131 adli tatilden \u00f6nce g\u00f6r\u00fc\u015femesin, bundan sonraki s\u00fcre\u00e7te asl\u0131nda bozulaca\u011f\u0131n\u0131 bildi\u011fi, arkas\u0131nda duramad\u0131\u011f\u0131, yukar\u0131dan talimatla ald\u0131\u011f\u0131 o karar\u0131 savunmad\u0131\u011f\u0131n\u0131 tarih \u00f6n\u00fcnde itiraf etti. G\u00f6z\u00fcm\u00fcz, kula\u011f\u0131m\u0131z pazartesi g\u00fcn\u00fc Yarg\u0131tay\u2019da. Yarg\u0131tay ya bu tarihi hatadan d\u00f6necek ya da bu milletin iktidar umutlar\u0131na yap\u0131lm\u0131\u015f olan bu darbeyi g\u00f6r\u00fc\u015fmeden ta sonbahara kadar b\u0131rakacak&#8221; dedi.<\/p>\n\n\n\n<h4 class=\"wp-block-heading\">\u201cBenimle birlikte y\u00fcr\u00fcyecek misin? Bir yol bulaca\u011f\u0131z, buna inan\u0131yor musunuz? Bulamazsak yenisini a\u00e7aca\u011f\u0131m, o yolda y\u00fcr\u00fcyecek miyiz?\u201d<\/h4>\n\n\n\n<p>\u00d6zel konu\u015fmas\u0131n\u0131 &#8220;K\u0131r\u0131kkaleliler, sizin i\u00e7in iktidara y\u00fcr\u00fcy\u00fc\u015f\u00fcm\u00fcz\u00fc, bug\u00fcne kadar oldu\u011fu gibi bundan sonra da destekleyecek misiniz? Benimle birlikte y\u00fcr\u00fcyecek misin? Bir yol bulaca\u011f\u0131z, buna inan\u0131yor musunuz? Bulamazsak yenisini a\u00e7aca\u011f\u0131m, o yolda y\u00fcr\u00fcyecek miyiz? Size s\u00f6z veriyorum. Ben ne emeklilerimizi ne emek\u00e7ilerimizi ne esnaf\u0131m\u0131z\u0131 ne \u00e7ift\u00e7imizi umutsuz b\u0131rakaca\u011f\u0131m. Kimseyi \u00e7aresiz b\u0131rakmayaca\u011f\u0131m. \u0130ki yan\u0131mda iki evlad\u0131n\u0131z, p\u0131rlanta gibi dimdik duruyorlar. Onur Ba\u015fkan\u0131mla birlikte K\u0131r\u0131kkale, Ahmet Ba\u015fkan\u0131mla birlikte K\u0131r\u0131kkale, 81 ildeki onlar gibi p\u0131rlanta evlatlar\u0131m\u0131zla T\u00fcrkiye y\u00fcr\u00fcyecek. <\/p>\n\n\n\n<p>Buradan, K\u0131r\u0131kkale\u2019nin g\u00fczel insanlar\u0131ndan T\u00fcrkiye\u2019ye selam yolluyoruz. Diyoruz ki asla ve asla umutsuzlu\u011fa yer yok. Eninde sonunda biz bu i\u015fi bir \u015fekilde milletten yana \u00e7\u00f6zece\u011fiz. Halktan yana \u00e7\u00f6zece\u011fiz. Korkmadan \u00e7\u00f6zece\u011fiz. Tehditlere teslim olmadan \u00e7\u00f6zece\u011fiz. Bize muhalefet teklif ediyorlar, bana diyorlar ki \u2018Ya\u015f\u0131n gen\u00e7, daha 50. 30 sene o koltuktas\u0131n.\u2019 \u00d6yle 80 ya\u015f\u0131na kadar muhalefet koltu\u011funda oturaca\u011f\u0131ma yar\u0131n sabah b\u0131rak\u0131r iktidar koltu\u011fu i\u00e7in yola \u00e7\u0131kar\u0131m. Bu yolculu\u011fa inan\u0131yor musun? Birlikte y\u00fcr\u00fcyecek miyiz? O zaman hadi bakal\u0131m. Yolun a\u00e7\u0131k olsun K\u0131r\u0131kkale. Yolunuz a\u00e7\u0131k olsun K\u0131r\u0131kkaleliler. Y\u00fcr\u00fcyelim arkada\u015flar.\u201d diye tamamlad\u0131.<\/p>\n\n\n\n<figure class=\"wp-block-embed is-type-rich is-provider-x wp-block-embed-x\"><div class=\"wp-block-embed__wrapper\">\n<blockquote class=\"twitter-tweet\" data-width=\"550\" data-dnt=\"true\"><p lang=\"zxx\" dir=\"ltr\"><a href=\"https:\/\/t.co\/nVqAf9O4iB\">https:\/\/t.co\/nVqAf9O4iB<\/a><\/p>&mdash; \u00d6zg\u00fcr \u00d6zel (@eczozgurozel) <a href=\"https:\/\/x.com\/eczozgurozel\/status\/2078114660016861243?ref_src=twsrc%5Etfw\">July 17, 2026<\/a><\/blockquote><script async src=\"https:\/\/platform.x.com\/widgets.js\" charset=\"utf-8\"><\/script>\n<\/div><\/figure>\n","protected":false},"excerpt":{"rendered":"<p>Se\u00e7ilmi\u015f Cumhuriyet Halk Partisi lideri \u00d6zg\u00fcr \u00d6zel, Olcay Baykal&#8217;\u0131n cenaze t\u00f6reninin ard\u0131ndan K\u0131r\u0131kkale&#8217;ye ge\u00e7ti. CHP\u2019nin se\u00e7ilmi\u015f genel ba\u015fkan\u0131 \u00d6zg\u00fcr \u00d6zel K\u0131r\u0131kkale\u2019de yurtta\u015flarla bir araya geldi, ard\u0131ndan kalabal\u0131\u011fa seslendi. \u00d6zel, K\u0131r\u0131kkale Belediye Ba\u015fkan\u0131 Ahmet \u00d6nal ve atanm\u0131\u015f y\u00f6netimin g\u00f6revden ald\u0131\u011f\u0131 CHP K\u0131r\u0131kkale \u0130l Ba\u015fkan\u0131 Onur Y\u00fcksel ile birlikte Zafer Caddesi\u2019nde y\u00fcr\u00fcd\u00fc. \u00d6zel, Zafer Caddesi\u2019nde bir kamyonet [&hellip;]<\/p>\n","protected":false},"author":12791,"featured_media":168842,"comment_status":"open","ping_status":"open","sticky":false,"template":"","format":"standard","meta":{"_yoast_wpseo_focuskw":"\u00f6zg\u00fcr \u00d6zel","_yoast_wpseo_title":"","_yoast_wpseo_metadesc":"Se\u00e7ilmi\u015f Cumhuriyet Halk Partisi lideri \u00d6zg\u00fcr \u00d6zel, Olcay Baykal'\u0131n cenaze t\u00f6reninin ard\u0131ndan K\u0131r\u0131kkale'ye ge\u00e7ti.","_bbp_topic_count":0,"_bbp_reply_count":0,"_bbp_total_topic_count":0,"_bbp_total_reply_count":0,"_bbp_voice_count":0,"_bbp_anonymous_reply_count":0,"_bbp_topic_count_hidden":0,"_bbp_reply_count_hidden":0,"_bbp_forum_subforum_count":0,"footnotes":"","_yoast_wpseo_focuskw_text_input":""},"categories":[1,8138,8226,37],"tags":[583,6326,8492],"yoast_head":"<!-- This site is optimized with the Yoast SEO plugin v23.0 - https:\/\/yoast.com\/wordpress\/plugins\/seo\/ -->\n<title>\u00d6zg\u00fcr \u00d6zel K\u0131r\u0131kkale&#039;de Esnaf ve Yurtta\u015flarla Bir Araya Geldi - The Epoch Times TR<\/title>\n<meta name=\"description\" content=\"Se\u00e7ilmi\u015f Cumhuriyet Halk Partisi lideri \u00d6zg\u00fcr \u00d6zel, Olcay Baykal&#039;\u0131n cenaze t\u00f6reninin ard\u0131ndan K\u0131r\u0131kkale&#039;ye ge\u00e7ti.\" \/>\n<meta name=\"robots\" content=\"index, follow, max-snippet:-1, max-image-preview:large, max-video-preview:-1\" \/>\n<link rel=\"canonical\" href=\"https:\/\/epochtimestr.com\/index.php\/ozgur-ozel-kirikkalede-esnaf-ve-yurttaslarla-bir-araya-geldi\" \/>\n<meta property=\"og:locale\" content=\"tr_TR\" \/>\n<meta property=\"og:type\" content=\"article\" \/>\n<meta property=\"og:title\" content=\"\u00d6zg\u00fcr \u00d6zel K\u0131r\u0131kkale&#039;de Esnaf ve Yurtta\u015flarla Bir Araya Geldi - The Epoch Times TR\" \/>\n<meta property=\"og:description\" content=\"Se\u00e7ilmi\u015f Cumhuriyet Halk Partisi lideri \u00d6zg\u00fcr \u00d6zel, Olcay Baykal&#039;\u0131n cenaze t\u00f6reninin ard\u0131ndan K\u0131r\u0131kkale&#039;ye ge\u00e7ti.\" \/>\n<meta property=\"og:url\" content=\"https:\/\/epochtimestr.com\/index.php\/ozgur-ozel-kirikkalede-esnaf-ve-yurttaslarla-bir-araya-geldi\" \/>\n<meta property=\"og:site_name\" content=\"The Epoch Times TR\" \/>\n<meta property=\"article:publisher\" content=\"https:\/\/www.facebook.com\/theepochtimestr\" \/>\n<meta property=\"article:published_time\" content=\"2026-07-18T08:47:23+00:00\" \/>\n<meta property=\"article:modified_time\" content=\"2026-07-18T08:47:27+00:00\" \/>\n<meta property=\"og:image\" content=\"https:\/\/epochtimestr.com\/wp-content\/uploads\/2011y\/ozgur-ozel-39.jpg\" \/>\n\t<meta property=\"og:image:width\" content=\"980\" \/>\n\t<meta property=\"og:image:height\" content=\"550\" \/>\n\t<meta property=\"og:image:type\" content=\"image\/jpeg\" \/>\n<meta name=\"author\" content=\"Haber Merkezi\" \/>\n<meta name=\"twitter:card\" content=\"summary_large_image\" \/>\n<meta name=\"twitter:creator\" content=\"@TheEpochTimesTR\" \/>\n<meta name=\"twitter:site\" content=\"@TheEpochTimesTR\" \/>\n<meta name=\"twitter:label1\" content=\"Yazan:\" \/>\n\t<meta name=\"twitter:data1\" content=\"Haber Merkezi\" \/>\n\t<meta name=\"twitter:label2\" content=\"Tahmini okuma s\u00fcresi\" \/>\n\t<meta name=\"twitter:data2\" content=\"5 dakika\" \/>\n<script type=\"application\/ld+json\" class=\"yoast-schema-graph\">{\"@context\":\"https:\/\/schema.org\",\"@graph\":[{\"@type\":\"Article\",\"@id\":\"https:\/\/epochtimestr.com\/index.php\/ozgur-ozel-kirikkalede-esnaf-ve-yurttaslarla-bir-araya-geldi#article\",\"isPartOf\":{\"@id\":\"https:\/\/epochtimestr.com\/index.php\/ozgur-ozel-kirikkalede-esnaf-ve-yurttaslarla-bir-araya-geldi\"},\"author\":{\"name\":\"Haber Merkezi\",\"@id\":\"https:\/\/epochtimestr.com\/#\/schema\/person\/3dc5c3adeb9f43923c5aa85889172fdd\"},\"headline\":\"\u00d6zg\u00fcr \u00d6zel K\u0131r\u0131kkale&#8217;de Esnaf ve Yurtta\u015flarla Bir Araya Geldi\",\"datePublished\":\"2026-07-18T08:47:23+00:00\",\"dateModified\":\"2026-07-18T08:47:27+00:00\",\"mainEntityOfPage\":{\"@id\":\"https:\/\/epochtimestr.com\/index.php\/ozgur-ozel-kirikkalede-esnaf-ve-yurttaslarla-bir-araya-geldi\"},\"wordCount\":954,\"commentCount\":0,\"publisher\":{\"@id\":\"https:\/\/epochtimestr.com\/#organization\"},\"image\":{\"@id\":\"https:\/\/epochtimestr.com\/index.php\/ozgur-ozel-kirikkalede-esnaf-ve-yurttaslarla-bir-araya-geldi#primaryimage\"},\"thumbnailUrl\":\"https:\/\/epochtimestr.com\/wp-content\/uploads\/2011y\/ozgur-ozel-39.jpg\",\"keywords\":[\"CHP\",\"k\u0131r\u0131kkale\",\"\u00d6zg\u00fcr \u00d6zel\"],\"articleSection\":[\"G\u00dcNDEM\",\"MAN\u015eET\",\"Siyaset\",\"T\u00dcRK\u0130YE\"],\"inLanguage\":\"tr\",\"potentialAction\":[{\"@type\":\"CommentAction\",\"name\":\"Comment\",\"target\":[\"https:\/\/epochtimestr.com\/index.php\/ozgur-ozel-kirikkalede-esnaf-ve-yurttaslarla-bir-araya-geldi#respond\"]}]},{\"@type\":\"WebPage\",\"@id\":\"https:\/\/epochtimestr.com\/index.php\/ozgur-ozel-kirikkalede-esnaf-ve-yurttaslarla-bir-araya-geldi\",\"url\":\"https:\/\/epochtimestr.com\/index.php\/ozgur-ozel-kirikkalede-esnaf-ve-yurttaslarla-bir-araya-geldi\",\"name\":\"\u00d6zg\u00fcr \u00d6zel K\u0131r\u0131kkale'de Esnaf ve Yurtta\u015flarla Bir Araya Geldi - The Epoch Times TR\",\"isPartOf\":{\"@id\":\"https:\/\/epochtimestr.com\/#website\"},\"primaryImageOfPage\":{\"@id\":\"https:\/\/epochtimestr.com\/index.php\/ozgur-ozel-kirikkalede-esnaf-ve-yurttaslarla-bir-araya-geldi#primaryimage\"},\"image\":{\"@id\":\"https:\/\/epochtimestr.com\/index.php\/ozgur-ozel-kirikkalede-esnaf-ve-yurttaslarla-bir-araya-geldi#primaryimage\"},\"thumbnailUrl\":\"https:\/\/epochtimestr.com\/wp-content\/uploads\/2011y\/ozgur-ozel-39.jpg\",\"datePublished\":\"2026-07-18T08:47:23+00:00\",\"dateModified\":\"2026-07-18T08:47:27+00:00\",\"description\":\"Se\u00e7ilmi\u015f Cumhuriyet Halk Partisi lideri \u00d6zg\u00fcr \u00d6zel, Olcay Baykal'\u0131n cenaze t\u00f6reninin ard\u0131ndan K\u0131r\u0131kkale'ye ge\u00e7ti.\",\"inLanguage\":\"tr\",\"potentialAction\":[{\"@type\":\"ReadAction\",\"target\":[\"https:\/\/epochtimestr.com\/index.php\/ozgur-ozel-kirikkalede-esnaf-ve-yurttaslarla-bir-araya-geldi\"]}]},{\"@type\":\"ImageObject\",\"inLanguage\":\"tr\",\"@id\":\"https:\/\/epochtimestr.com\/index.php\/ozgur-ozel-kirikkalede-esnaf-ve-yurttaslarla-bir-araya-geldi#primaryimage\",\"url\":\"https:\/\/epochtimestr.com\/wp-content\/uploads\/2011y\/ozgur-ozel-39.jpg\",\"contentUrl\":\"https:\/\/epochtimestr.com\/wp-content\/uploads\/2011y\/ozgur-ozel-39.jpg\",\"width\":980,\"height\":550},{\"@type\":\"WebSite\",\"@id\":\"https:\/\/epochtimestr.com\/#website\",\"url\":\"https:\/\/epochtimestr.com\/\",\"name\":\"The Epoch Times TR\",\"description\":\"De\u011fi\u015fen D\u00fcnyam\u0131za Taze Bir Bak\u0131\u015f\",\"publisher\":{\"@id\":\"https:\/\/epochtimestr.com\/#organization\"},\"potentialAction\":[{\"@type\":\"SearchAction\",\"target\":{\"@type\":\"EntryPoint\",\"urlTemplate\":\"https:\/\/epochtimestr.com\/?s={search_term_string}\"},\"query-input\":\"required name=search_term_string\"}],\"inLanguage\":\"tr\"},{\"@type\":\"Organization\",\"@id\":\"https:\/\/epochtimestr.com\/#organization\",\"name\":\"The EpochTimes T\u00fcrkiye\",\"url\":\"https:\/\/epochtimestr.com\/\",\"logo\":{\"@type\":\"ImageObject\",\"inLanguage\":\"tr\",\"@id\":\"https:\/\/epochtimestr.com\/#\/schema\/logo\/image\/\",\"url\":\"https:\/\/epochtimestr.com\/wp-content\/uploads\/2011y\/ET-Logo-YG.jpg\",\"contentUrl\":\"https:\/\/epochtimestr.com\/wp-content\/uploads\/2011y\/ET-Logo-YG.jpg\",\"width\":346,\"height\":29,\"caption\":\"The EpochTimes T\u00fcrkiye\"},\"image\":{\"@id\":\"https:\/\/epochtimestr.com\/#\/schema\/logo\/image\/\"},\"sameAs\":[\"https:\/\/www.facebook.com\/theepochtimestr\",\"https:\/\/x.com\/TheEpochTimesTR\",\"https:\/\/www.instagram.com\/epochtimestr\"]},{\"@type\":\"Person\",\"@id\":\"https:\/\/epochtimestr.com\/#\/schema\/person\/3dc5c3adeb9f43923c5aa85889172fdd\",\"name\":\"Haber Merkezi\",\"image\":{\"@type\":\"ImageObject\",\"inLanguage\":\"tr\",\"@id\":\"https:\/\/epochtimestr.com\/#\/schema\/person\/image\/\",\"url\":\"https:\/\/secure.gravatar.com\/avatar\/d73f772ba5a74f28601361e17c2f93e6?s=96&d=mm&r=g\",\"contentUrl\":\"https:\/\/secure.gravatar.com\/avatar\/d73f772ba5a74f28601361e17c2f93e6?s=96&d=mm&r=g\",\"caption\":\"Haber Merkezi\"},\"url\":\"https:\/\/epochtimestr.com\/index.php\/author\/sendag\"}]}<\/script>\n<!-- \/ Yoast SEO plugin. -->","yoast_head_json":{"title":"\u00d6zg\u00fcr \u00d6zel K\u0131r\u0131kkale'de Esnaf ve Yurtta\u015flarla Bir Araya Geldi - The Epoch Times TR","description":"Se\u00e7ilmi\u015f Cumhuriyet Halk Partisi lideri \u00d6zg\u00fcr \u00d6zel, Olcay Baykal'\u0131n cenaze t\u00f6reninin ard\u0131ndan K\u0131r\u0131kkale'ye ge\u00e7ti.","robots":{"index":"index","follow":"follow","max-snippet":"max-snippet:-1","max-image-preview":"max-image-preview:large","max-video-preview":"max-video-preview:-1"},"canonical":"https:\/\/epochtimestr.com\/index.php\/ozgur-ozel-kirikkalede-esnaf-ve-yurttaslarla-bir-araya-geldi","og_locale":"tr_TR","og_type":"article","og_title":"\u00d6zg\u00fcr \u00d6zel K\u0131r\u0131kkale'de Esnaf ve Yurtta\u015flarla Bir Araya Geldi - The Epoch Times TR","og_description":"Se\u00e7ilmi\u015f Cumhuriyet Halk Partisi lideri \u00d6zg\u00fcr \u00d6zel, Olcay Baykal'\u0131n cenaze t\u00f6reninin ard\u0131ndan K\u0131r\u0131kkale'ye ge\u00e7ti.","og_url":"https:\/\/epochtimestr.com\/index.php\/ozgur-ozel-kirikkalede-esnaf-ve-yurttaslarla-bir-araya-geldi","og_site_name":"The Epoch Times TR","article_publisher":"https:\/\/www.facebook.com\/theepochtimestr","article_published_time":"2026-07-18T08:47:23+00:00","article_modified_time":"2026-07-18T08:47:27+00:00","og_image":[{"width":980,"height":550,"url":"https:\/\/epochtimestr.com\/wp-content\/uploads\/2011y\/ozgur-ozel-39.jpg","type":"image\/jpeg"}],"author":"Haber Merkezi","twitter_card":"summary_large_image","twitter_creator":"@TheEpochTimesTR","twitter_site":"@TheEpochTimesTR","twitter_misc":{"Yazan:":"Haber Merkezi","Tahmini okuma s\u00fcresi":"5 dakika"},"schema":{"@context":"https:\/\/schema.org","@graph":[{"@type":"Article","@id":"https:\/\/epochtimestr.com\/index.php\/ozgur-ozel-kirikkalede-esnaf-ve-yurttaslarla-bir-araya-geldi#article","isPartOf":{"@id":"https:\/\/epochtimestr.com\/index.php\/ozgur-ozel-kirikkalede-esnaf-ve-yurttaslarla-bir-araya-geldi"},"author":{"name":"Haber Merkezi","@id":"https:\/\/epochtimestr.com\/#\/schema\/person\/3dc5c3adeb9f43923c5aa85889172fdd"},"headline":"\u00d6zg\u00fcr \u00d6zel K\u0131r\u0131kkale&#8217;de Esnaf ve Yurtta\u015flarla Bir Araya Geldi","datePublished":"2026-07-18T08:47:23+00:00","dateModified":"2026-07-18T08:47:27+00:00","mainEntityOfPage":{"@id":"https:\/\/epochtimestr.com\/index.php\/ozgur-ozel-kirikkalede-esnaf-ve-yurttaslarla-bir-araya-geldi"},"wordCount":954,"commentCount":0,"publisher":{"@id":"https:\/\/epochtimestr.com\/#organization"},"image":{"@id":"https:\/\/epochtimestr.com\/index.php\/ozgur-ozel-kirikkalede-esnaf-ve-yurttaslarla-bir-araya-geldi#primaryimage"},"thumbnailUrl":"https:\/\/epochtimestr.com\/wp-content\/uploads\/2011y\/ozgur-ozel-39.jpg","keywords":["CHP","k\u0131r\u0131kkale","\u00d6zg\u00fcr \u00d6zel"],"articleSection":["G\u00dcNDEM","MAN\u015eET","Siyaset","T\u00dcRK\u0130YE"],"inLanguage":"tr","potentialAction":[{"@type":"CommentAction","name":"Comment","target":["https:\/\/epochtimestr.com\/index.php\/ozgur-ozel-kirikkalede-esnaf-ve-yurttaslarla-bir-araya-geldi#respond"]}]},{"@type":"WebPage","@id":"https:\/\/epochtimestr.com\/index.php\/ozgur-ozel-kirikkalede-esnaf-ve-yurttaslarla-bir-araya-geldi","url":"https:\/\/epochtimestr.com\/index.php\/ozgur-ozel-kirikkalede-esnaf-ve-yurttaslarla-bir-araya-geldi","name":"\u00d6zg\u00fcr \u00d6zel K\u0131r\u0131kkale'de Esnaf ve Yurtta\u015flarla Bir Araya Geldi - The Epoch Times TR","isPartOf":{"@id":"https:\/\/epochtimestr.com\/#website"},"primaryImageOfPage":{"@id":"https:\/\/epochtimestr.com\/index.php\/ozgur-ozel-kirikkalede-esnaf-ve-yurttaslarla-bir-araya-geldi#primaryimage"},"image":{"@id":"https:\/\/epochtimestr.com\/index.php\/ozgur-ozel-kirikkalede-esnaf-ve-yurttaslarla-bir-araya-geldi#primaryimage"},"thumbnailUrl":"https:\/\/epochtimestr.com\/wp-content\/uploads\/2011y\/ozgur-ozel-39.jpg","datePublished":"2026-07-18T08:47:23+00:00","dateModified":"2026-07-18T08:47:27+00:00","description":"Se\u00e7ilmi\u015f Cumhuriyet Halk Partisi lideri \u00d6zg\u00fcr \u00d6zel, Olcay Baykal'\u0131n cenaze t\u00f6reninin ard\u0131ndan K\u0131r\u0131kkale'ye ge\u00e7ti.","inLanguage":"tr","potentialAction":[{"@type":"ReadAction","target":["https:\/\/epochtimestr.com\/index.php\/ozgur-ozel-kirikkalede-esnaf-ve-yurttaslarla-bir-araya-geldi"]}]},{"@type":"ImageObject","inLanguage":"tr","@id":"https:\/\/epochtimestr.com\/index.php\/ozgur-ozel-kirikkalede-esnaf-ve-yurttaslarla-bir-araya-geldi#primaryimage","url":"https:\/\/epochtimestr.com\/wp-content\/uploads\/2011y\/ozgur-ozel-39.jpg","contentUrl":"https:\/\/epochtimestr.com\/wp-content\/uploads\/2011y\/ozgur-ozel-39.jpg","width":980,"height":550},{"@type":"WebSite","@id":"https:\/\/epochtimestr.com\/#website","url":"https:\/\/epochtimestr.com\/","name":"The Epoch Times TR","description":"De\u011fi\u015fen D\u00fcnyam\u0131za Taze Bir Bak\u0131\u015f","publisher":{"@id":"https:\/\/epochtimestr.com\/#organization"},"potentialAction":[{"@type":"SearchAction","target":{"@type":"EntryPoint","urlTemplate":"https:\/\/epochtimestr.com\/?s={search_term_string}"},"query-input":"required name=search_term_string"}],"inLanguage":"tr"},{"@type":"Organization","@id":"https:\/\/epochtimestr.com\/#organization","name":"The EpochTimes T\u00fcrkiye","url":"https:\/\/epochtimestr.com\/","logo":{"@type":"ImageObject","inLanguage":"tr","@id":"https:\/\/epochtimestr.com\/#\/schema\/logo\/image\/","url":"https:\/\/epochtimestr.com\/wp-content\/uploads\/2011y\/ET-Logo-YG.jpg","contentUrl":"https:\/\/epochtimestr.com\/wp-content\/uploads\/2011y\/ET-Logo-YG.jpg","width":346,"height":29,"caption":"The EpochTimes T\u00fcrkiye"},"image":{"@id":"https:\/\/epochtimestr.com\/#\/schema\/logo\/image\/"},"sameAs":["https:\/\/www.facebook.com\/theepochtimestr","https:\/\/x.com\/TheEpochTimesTR","https:\/\/www.instagram.com\/epochtimestr"]},{"@type":"Person","@id":"https:\/\/epochtimestr.com\/#\/schema\/person\/3dc5c3adeb9f43923c5aa85889172fdd","name":"Haber Merkezi","image":{"@type":"ImageObject","inLanguage":"tr","@id":"https:\/\/epochtimestr.com\/#\/schema\/person\/image\/","url":"https:\/\/secure.gravatar.com\/avatar\/d73f772ba5a74f28601361e17c2f93e6?s=96&d=mm&r=g","contentUrl":"https:\/\/secure.gravatar.com\/avatar\/d73f772ba5a74f28601361e17c2f93e6?s=96&d=mm&r=g","caption":"Haber Merkezi"},"url":"https:\/\/epochtimestr.com\/index.php\/author\/sendag"}]}},"_links":{"self":[{"href":"https:\/\/epochtimestr.com\/index.php\/wp-json\/wp\/v2\/posts\/168841"}],"collection":[{"href":"https:\/\/epochtimestr.com\/index.php\/wp-json\/wp\/v2\/posts"}],"about":[{"href":"https:\/\/epochtimestr.com\/index.php\/wp-json\/wp\/v2\/types\/post"}],"author":[{"embeddable":true,"href":"https:\/\/epochtimestr.com\/index.php\/wp-json\/wp\/v2\/users\/12791"}],"replies":[{"embeddable":true,"href":"https:\/\/epochtimestr.com\/index.php\/wp-json\/wp\/v2\/comments?post=168841"}],"version-history":[{"count":2,"href":"https:\/\/epochtimestr.com\/index.php\/wp-json\/wp\/v2\/posts\/168841\/revisions"}],"predecessor-version":[{"id":168848,"href":"https:\/\/epochtimestr.com\/index.php\/wp-json\/wp\/v2\/posts\/168841\/revisions\/168848"}],"wp:featuredmedia":[{"embeddable":true,"href":"https:\/\/epochtimestr.com\/index.php\/wp-json\/wp\/v2\/media\/168842"}],"wp:attachment":[{"href":"https:\/\/epochtimestr.com\/index.php\/wp-json\/wp\/v2\/media?parent=168841"}],"wp:term":[{"taxonomy":"category","embeddable":true,"href":"https:\/\/epochtimestr.com\/index.php\/wp-json\/wp\/v2\/categories?post=168841"},{"taxonomy":"post_tag","embeddable":true,"href":"https:\/\/epochtimestr.com\/index.php\/wp-json\/wp\/v2\/tags?post=168841"}],"curies":[{"name":"wp","href":"https:\/\/api.w.org\/{rel}","templated":true}]}}