{"id":168893,"date":"2026-07-20T08:13:22","date_gmt":"2026-07-20T05:13:22","guid":{"rendered":"https:\/\/epochtimestr.com\/?p=168893"},"modified":"2026-07-20T08:13:24","modified_gmt":"2026-07-20T05:13:24","slug":"israil-cezaevlerinin-etrafina-yirtici-timsahlar-yerlestirecek","status":"publish","type":"post","link":"https:\/\/epochtimestr.com\/index.php\/israil-cezaevlerinin-etrafina-yirtici-timsahlar-yerlestirecek","title":{"rendered":"\u0130srail Cezaevlerinin Etraf\u0131na Y\u0131rt\u0131c\u0131 Timsahlar Yerle\u015ftirecek"},"content":{"rendered":"<div class=\"wp-block-image\">\n<figure class=\"aligncenter size-full is-resized\"><img loading=\"lazy\" decoding=\"async\" width=\"1280\" height=\"770\" src=\"https:\/\/epochtimestr.com\/wp-content\/uploads\/2011y\/pixabay2.jpg\" alt=\"Filistinli esirlerin bulundu\u011fu cezaevlerinin etraf\u0131na y\u0131rt\u0131c\u0131 timsah t\u00fcrleri yerle\u015ftirilecek. (Foto\u011fraf: miniformat65, Pixabay)\" class=\"wp-image-168894\" style=\"width:840px;height:auto\" srcset=\"https:\/\/epochtimestr.com\/wp-content\/uploads\/2011y\/pixabay2.jpg 1280w, https:\/\/epochtimestr.com\/wp-content\/uploads\/2011y\/pixabay2-300x180.jpg 300w, https:\/\/epochtimestr.com\/wp-content\/uploads\/2011y\/pixabay2-150x90.jpg 150w, https:\/\/epochtimestr.com\/wp-content\/uploads\/2011y\/pixabay2-768x462.jpg 768w\" sizes=\"(max-width: 1280px) 100vw, 1280px\" \/><figcaption class=\"wp-element-caption\">Filistinli esirlerin bulundu\u011fu cezaevlerinin etraf\u0131na y\u0131rt\u0131c\u0131 timsah t\u00fcrleri yerle\u015ftirilecek. (Foto\u011fraf: miniformat65, Pixabay)<\/figcaption><\/figure><\/div>\n\n\n<h2 class=\"wp-block-heading\">\u0130srail, Filistinli mahk\u00fbmlar\u0131n tutuldu\u011fu hapishanelerin \u00e7evresindeki hendeklere timsah yerle\u015ftirmeye haz\u0131rlan\u0131yor.<\/h2>\n\n\n\n<p><a href=\"https:\/\/epochtimestr.com\/index.php\/israil-hukumeti-medya-duzenleyici-kararlarini-tanimiyor\" target=\"_blank\" rel=\"noreferrer noopener\">\u0130srail<\/a>, Filistinli mahk\u00fbmlar\u0131n tutuldu\u011fu hapishanelerin \u00e7evresindeki hendeklere timsah yerle\u015ftirmeye haz\u0131rlan\u0131yor. Filistinli mahk\u00fbmlara y\u00f6nelik <a href=\"https:\/\/epochtimestr.com\/index.php\/cin-komunist-partisi-dindar-insanlara-toplu-tecavuz-ve-iskence-uyguluyor\" target=\"_blank\" rel=\"noreferrer noopener\">i\u015fkence ve cinsel sald\u0131r\u0131<\/a> iddialar\u0131yla uzun s\u00fcredir uluslararas\u0131 insan haklar\u0131 kurulu\u015flar\u0131n\u0131n raporlar\u0131nda yer alan \u0130srail, cezaevlerindeki uygulamalar\u0131na bir yenisini eklemeye haz\u0131rlan\u0131yor.<\/p>\n\n\n\n<p>\u0130srail medyas\u0131nda yer alan haberlere g\u00f6re, \u0130srail h\u00fck\u00fcmeti, Ulusal G\u00fcvenlik Bakan\u0131 Itamar <a href=\"https:\/\/epochtimestr.com\/index.php\/israil-hamastan-iki-rehinenin-daha-cenazesini-teslim-aldi\" target=\"_blank\" rel=\"noreferrer noopener\">Ben-Gvir<\/a>&#8216;in Filistinli mahkumlar\u0131n tutuldu\u011fu g\u00f6zalt\u0131 tesislerinin etraf\u0131ndaki timsah dolu su yollar\u0131n\u0131n kullan\u0131lmas\u0131na y\u00f6nelik \u00f6nerisinin uygulanmas\u0131n\u0131 sa\u011flayabilecek yasal bir ad\u0131m att\u0131.<\/p>\n\n\n\n<p>\u0130srail Kanal 7 Per\u015fembe g\u00fcn\u00fc, \u00c7evre Koruma Bakan\u0131 Idit Silman&#8217;\u0131n timsahlar\u0131n yasal s\u0131n\u0131fland\u0131rmas\u0131n\u0131 &#8220;bak\u0131m alt\u0131ndaki vah\u015fi hayvanlar&#8221; olarak de\u011fi\u015ftiren bir bildiri imzalad\u0131\u011f\u0131n\u0131 bildirdi. Habere g\u00f6re, bu yeniden s\u0131n\u0131fland\u0131rma, \u0130srail Cezaevi Servisi de dahil olmak \u00fczere devlet kurumlar\u0131n\u0131n belirli ko\u015fullar alt\u0131nda tesislerinde timsah bulundurmas\u0131na olanak sa\u011flayacak.<\/p>\n\n\n<div class=\"wp-block-image\">\n<figure class=\"aligncenter size-full\"><img loading=\"lazy\" decoding=\"async\" width=\"1280\" height=\"853\" src=\"https:\/\/epochtimestr.com\/wp-content\/uploads\/2011y\/pixabay-3lemm.jpg\" alt=\"\" class=\"wp-image-168895\" srcset=\"https:\/\/epochtimestr.com\/wp-content\/uploads\/2011y\/pixabay-3lemm.jpg 1280w, https:\/\/epochtimestr.com\/wp-content\/uploads\/2011y\/pixabay-3lemm-300x200.jpg 300w, https:\/\/epochtimestr.com\/wp-content\/uploads\/2011y\/pixabay-3lemm-150x100.jpg 150w, https:\/\/epochtimestr.com\/wp-content\/uploads\/2011y\/pixabay-3lemm-768x512.jpg 768w\" sizes=\"(max-width: 1280px) 100vw, 1280px\" \/><figcaption class=\"wp-element-caption\">(Foto\u011fraf: Matthias_Lemm, Pixabay)<\/figcaption><\/figure><\/div>\n\n\n<p>Raporda, de\u011fi\u015fikli\u011fin daha \u00f6nce \u00f6nerinin ilerlemesini engelleyen yasal bir engeli ortadan kald\u0131rd\u0131\u011f\u0131 belirtildi. Zira timsahlar, koruma alt\u0131ndaki vah\u015fi hayvanlar olarak s\u0131n\u0131fland\u0131r\u0131lm\u0131\u015ft\u0131 ve yasal olarak lisansl\u0131 hayvanat bah\u00e7eleri d\u0131\u015f\u0131nda tutulamazlard\u0131.<\/p>\n\n\n\n<p>Ulusal G\u00fcvenlik Bakan\u0131 olarak g\u00f6rev yapmakta olan Ben-Gvir bu y\u0131l\u0131n ba\u015flar\u0131nda, timsahlar\u0131n bulundu\u011fu su yollar\u0131yla \u00e7evrili y\u00fcksek g\u00fcvenlikli bir hapishane in\u015fa etmeyi \u00f6nermi\u015f ve bu \u00f6nlemin hapishane g\u00fcvenli\u011fini g\u00fc\u00e7lendirece\u011fini ve Filistinli g\u00fcvenlik mahkumlar\u0131n\u0131n ka\u00e7ma giri\u015fimlerini \u00f6nlemeye yard\u0131mc\u0131 olaca\u011f\u0131n\u0131 s\u00f6ylemi\u015fti.<\/p>\n\n\n\n<p>Ulusal G\u00fcvenlik Bakan\u0131 olarak g\u00f6rev yapmakta olan Ben Gvir, sosyal medyada karar\u0131 memnuniyetle kar\u015f\u0131lad\u0131 ve elinde tasmayla bir timsah tutarken g\u00f6steren yapay zeka taraf\u0131ndan olu\u015fturulmu\u015f bir g\u00f6rselin yan\u0131na, &#8220;Ka\u00e7may\u0131 m\u0131 d\u00fc\u015f\u00fcn\u00fcyorsunuz? Bir daha d\u00fc\u015f\u00fcn\u00fcn,&#8221; diye yazd\u0131. E\u015flik eden a\u00e7\u0131klamada ise, &#8220;Bakanlar Ben Gvir ve Silman i\u015fbirli\u011fi yap\u0131yor ve hapishaneleri timsahlarla ku\u015fat\u0131yor!&#8221; ifadeleri yer ald\u0131.<\/p>\n\n\n\n<figure class=\"wp-block-embed is-type-rich is-provider-x wp-block-embed-x\"><div class=\"wp-block-embed__wrapper\">\n<blockquote class=\"twitter-tweet\" data-width=\"550\" data-dnt=\"true\"><p lang=\"iw\" dir=\"rtl\">\u05d1\u05d5\u05d7\u05e8\u05d9\u05dd \u05d1\u05e0\u05d2\u05d1. \u05d1\u05d5\u05d7\u05e8\u05d9\u05dd \u05d1\u05de\u05e9\u05d9\u05dc\u05d5\u05ea!<br>\u05d4\u05e0\u05d2\u05d1 \u05e0\u05de\u05e6\u05d0 \u05d1\u05e0\u05e7\u05d5\u05d3\u05ea \u05de\u05e4\u05e0\u05d4.<br>\u05d4\u05e9\u05ea\u05ea\u05e4\u05e0\u05d5 \u05d1\u05e9\u05e0\u05d9 \u05d3\u05d9\u05d5\u05e0\u05d9 \u05de\u05e2\u05e7\u05d1 \u05d7\u05e9\u05d5\u05d1\u05d9\u05dd \u05e9\u05e7\u05d9\u05d9\u05de\u05d4 \u05d5\u05e2\u05d3\u05ea \u05d4\u05e4\u05e0\u05d9\u05dd \u05d5\u05d4\u05d2\u05e0\u05ea \u05d4\u05e1\u05d1\u05d9\u05d1\u05d4. \u05d1\u05d3\u05d9\u05d5\u05df \u05e0\u05d5\u05e1\u05e3 \u05e2\u05e1\u05e7\u05e0\u05d5 \u05d1\u05e8\u05e4\u05d5\u05e8\u05de\u05ea &quot;\u05d9\u05d9\u05e9\u05d5\u05e8 \u05e7\u05d5&quot;, \u05e9\u05de\u05d5\u05d1\u05d9\u05dc \u05d4\u05e9\u05e8 <a href=\"https:\/\/x.com\/AmichaiChikli?ref_src=twsrc%5Etfw\">@AmichaiChikli<\/a>, \u05e9\u05e0\u05d5\u05e2\u05d3\u05d4 \u05dc\u05d4\u05d0\u05d9\u05e5 \u05d0\u05ea \u05d4\u05e1\u05d3\u05e8\u05ea \u05ea\u05d1\u05d9\u05e2\u05d5\u05ea \u05d4\u05d1\u05e2\u05dc\u05d5\u05ea \u05d5\u05dc\u05e7\u05d3\u05dd \u05d0\u05ea \u05e4\u05d9\u05ea\u05d5\u05d7 \u05d4\u05d9\u05d9\u05e9\u05d5\u05d1\u05d9\u05dd \u05d4\u05d1\u05d3\u05d5\u05d0\u05d9\u05d9\u05dd \u05d4\u05de\u05d5\u05e1\u05d3\u05e8\u05d9\u05dd.<br>\u05d1\u05d3\u05d9\u05d5\u05df \u05e2\u05dc \u05de\u05e6\u05d1 \u05d4\u05d0\u05db\u05d9\u05e4\u05d4\u2026 <a href=\"https:\/\/t.co\/8znzQ6iecN\">pic.twitter.com\/8znzQ6iecN<\/a><\/p>&mdash; \u05ea\u05e0\u05d5\u05e2\u05ea \u05e8\u05d2\u05d1\u05d9\u05dd (@Regavim_IL) <a href=\"https:\/\/x.com\/Regavim_IL\/status\/2078808518363082835?ref_src=twsrc%5Etfw\">July 19, 2026<\/a><\/blockquote><script async src=\"https:\/\/platform.x.com\/widgets.js\" charset=\"utf-8\"><\/script>\n<\/div><\/figure>\n","protected":false},"excerpt":{"rendered":"<p>\u0130srail, Filistinli mahk\u00fbmlar\u0131n tutuldu\u011fu hapishanelerin \u00e7evresindeki hendeklere timsah yerle\u015ftirmeye haz\u0131rlan\u0131yor. \u0130srail, Filistinli mahk\u00fbmlar\u0131n tutuldu\u011fu hapishanelerin \u00e7evresindeki hendeklere timsah yerle\u015ftirmeye haz\u0131rlan\u0131yor. Filistinli mahk\u00fbmlara y\u00f6nelik i\u015fkence ve cinsel sald\u0131r\u0131 iddialar\u0131yla uzun s\u00fcredir uluslararas\u0131 insan haklar\u0131 kurulu\u015flar\u0131n\u0131n raporlar\u0131nda yer alan \u0130srail, cezaevlerindeki uygulamalar\u0131na bir yenisini eklemeye haz\u0131rlan\u0131yor. \u0130srail medyas\u0131nda yer alan haberlere g\u00f6re, \u0130srail h\u00fck\u00fcmeti, Ulusal G\u00fcvenlik Bakan\u0131 [&hellip;]<\/p>\n","protected":false},"author":12791,"featured_media":168894,"comment_status":"open","ping_status":"open","sticky":false,"template":"","format":"standard","meta":{"_yoast_wpseo_focuskw":"timsah","_yoast_wpseo_title":"","_yoast_wpseo_metadesc":"\u0130srail, Filistinli mahk\u00fbmlar\u0131n tutuldu\u011fu hapishanelerin \u00e7evresindeki hendeklere timsah yerle\u015ftirmeye haz\u0131rlan\u0131yor.","_bbp_topic_count":0,"_bbp_reply_count":0,"_bbp_total_topic_count":0,"_bbp_total_reply_count":0,"_bbp_voice_count":0,"_bbp_anonymous_reply_count":0,"_bbp_topic_count_hidden":0,"_bbp_reply_count_hidden":0,"_bbp_forum_subforum_count":0,"footnotes":"","_yoast_wpseo_focuskw_text_input":""},"categories":[5,1,8138],"tags":[11792,972,11801,11793,7874,11795,11796],"yoast_head":"<!-- This site is optimized with the Yoast SEO plugin v23.0 - https:\/\/yoast.com\/wordpress\/plugins\/seo\/ -->\n<title>\u0130srail Cezaevlerinin Etraf\u0131na Y\u0131rt\u0131c\u0131 Timsahlar Yerle\u015ftirecek - The Epoch Times TR<\/title>\n<meta name=\"description\" content=\"\u0130srail, Filistinli mahk\u00fbmlar\u0131n tutuldu\u011fu hapishanelerin \u00e7evresindeki hendeklere timsah yerle\u015ftirmeye haz\u0131rlan\u0131yor.\" \/>\n<meta name=\"robots\" content=\"index, follow, max-snippet:-1, max-image-preview:large, max-video-preview:-1\" \/>\n<link rel=\"canonical\" href=\"https:\/\/epochtimestr.com\/index.php\/israil-cezaevlerinin-etrafina-yirtici-timsahlar-yerlestirecek\" \/>\n<meta property=\"og:locale\" content=\"tr_TR\" \/>\n<meta property=\"og:type\" content=\"article\" \/>\n<meta property=\"og:title\" content=\"\u0130srail Cezaevlerinin Etraf\u0131na Y\u0131rt\u0131c\u0131 Timsahlar Yerle\u015ftirecek - The Epoch Times TR\" \/>\n<meta property=\"og:description\" content=\"\u0130srail, Filistinli mahk\u00fbmlar\u0131n tutuldu\u011fu hapishanelerin \u00e7evresindeki hendeklere timsah yerle\u015ftirmeye haz\u0131rlan\u0131yor.\" \/>\n<meta property=\"og:url\" content=\"https:\/\/epochtimestr.com\/index.php\/israil-cezaevlerinin-etrafina-yirtici-timsahlar-yerlestirecek\" \/>\n<meta property=\"og:site_name\" content=\"The Epoch Times TR\" \/>\n<meta property=\"article:publisher\" content=\"https:\/\/www.facebook.com\/theepochtimestr\" \/>\n<meta property=\"article:published_time\" content=\"2026-07-20T05:13:22+00:00\" \/>\n<meta property=\"article:modified_time\" content=\"2026-07-20T05:13:24+00:00\" \/>\n<meta property=\"og:image\" content=\"https:\/\/epochtimestr.com\/wp-content\/uploads\/2011y\/pixabay2.jpg\" \/>\n\t<meta property=\"og:image:width\" content=\"1280\" \/>\n\t<meta property=\"og:image:height\" content=\"770\" \/>\n\t<meta property=\"og:image:type\" content=\"image\/jpeg\" \/>\n<meta name=\"author\" content=\"Haber Merkezi\" \/>\n<meta name=\"twitter:card\" content=\"summary_large_image\" \/>\n<meta name=\"twitter:creator\" content=\"@TheEpochTimesTR\" \/>\n<meta name=\"twitter:site\" content=\"@TheEpochTimesTR\" \/>\n<meta name=\"twitter:label1\" content=\"Yazan:\" \/>\n\t<meta name=\"twitter:data1\" content=\"Haber Merkezi\" \/>\n\t<meta name=\"twitter:label2\" content=\"Tahmini okuma s\u00fcresi\" \/>\n\t<meta name=\"twitter:data2\" content=\"3 dakika\" \/>\n<script type=\"application\/ld+json\" class=\"yoast-schema-graph\">{\"@context\":\"https:\/\/schema.org\",\"@graph\":[{\"@type\":\"Article\",\"@id\":\"https:\/\/epochtimestr.com\/index.php\/israil-cezaevlerinin-etrafina-yirtici-timsahlar-yerlestirecek#article\",\"isPartOf\":{\"@id\":\"https:\/\/epochtimestr.com\/index.php\/israil-cezaevlerinin-etrafina-yirtici-timsahlar-yerlestirecek\"},\"author\":{\"name\":\"Haber Merkezi\",\"@id\":\"https:\/\/epochtimestr.com\/#\/schema\/person\/3dc5c3adeb9f43923c5aa85889172fdd\"},\"headline\":\"\u0130srail Cezaevlerinin Etraf\u0131na Y\u0131rt\u0131c\u0131 Timsahlar Yerle\u015ftirecek\",\"datePublished\":\"2026-07-20T05:13:22+00:00\",\"dateModified\":\"2026-07-20T05:13:24+00:00\",\"mainEntityOfPage\":{\"@id\":\"https:\/\/epochtimestr.com\/index.php\/israil-cezaevlerinin-etrafina-yirtici-timsahlar-yerlestirecek\"},\"wordCount\":406,\"commentCount\":0,\"publisher\":{\"@id\":\"https:\/\/epochtimestr.com\/#organization\"},\"image\":{\"@id\":\"https:\/\/epochtimestr.com\/index.php\/israil-cezaevlerinin-etrafina-yirtici-timsahlar-yerlestirecek#primaryimage\"},\"thumbnailUrl\":\"https:\/\/epochtimestr.com\/wp-content\/uploads\/2011y\/pixabay2.jpg\",\"keywords\":[\"Ben Gvir\",\"Filistin\",\"Filistinli mahk\u00fbmlar\",\"\u0130dit Silman\",\"\u0130srail\",\"timsah\",\"tutsak\"],\"articleSection\":[\"D\u00dcNYA\",\"G\u00dcNDEM\",\"MAN\u015eET\"],\"inLanguage\":\"tr\",\"potentialAction\":[{\"@type\":\"CommentAction\",\"name\":\"Comment\",\"target\":[\"https:\/\/epochtimestr.com\/index.php\/israil-cezaevlerinin-etrafina-yirtici-timsahlar-yerlestirecek#respond\"]}]},{\"@type\":\"WebPage\",\"@id\":\"https:\/\/epochtimestr.com\/index.php\/israil-cezaevlerinin-etrafina-yirtici-timsahlar-yerlestirecek\",\"url\":\"https:\/\/epochtimestr.com\/index.php\/israil-cezaevlerinin-etrafina-yirtici-timsahlar-yerlestirecek\",\"name\":\"\u0130srail Cezaevlerinin Etraf\u0131na Y\u0131rt\u0131c\u0131 Timsahlar Yerle\u015ftirecek - The Epoch Times TR\",\"isPartOf\":{\"@id\":\"https:\/\/epochtimestr.com\/#website\"},\"primaryImageOfPage\":{\"@id\":\"https:\/\/epochtimestr.com\/index.php\/israil-cezaevlerinin-etrafina-yirtici-timsahlar-yerlestirecek#primaryimage\"},\"image\":{\"@id\":\"https:\/\/epochtimestr.com\/index.php\/israil-cezaevlerinin-etrafina-yirtici-timsahlar-yerlestirecek#primaryimage\"},\"thumbnailUrl\":\"https:\/\/epochtimestr.com\/wp-content\/uploads\/2011y\/pixabay2.jpg\",\"datePublished\":\"2026-07-20T05:13:22+00:00\",\"dateModified\":\"2026-07-20T05:13:24+00:00\",\"description\":\"\u0130srail, Filistinli mahk\u00fbmlar\u0131n tutuldu\u011fu hapishanelerin \u00e7evresindeki hendeklere timsah yerle\u015ftirmeye haz\u0131rlan\u0131yor.\",\"inLanguage\":\"tr\",\"potentialAction\":[{\"@type\":\"ReadAction\",\"target\":[\"https:\/\/epochtimestr.com\/index.php\/israil-cezaevlerinin-etrafina-yirtici-timsahlar-yerlestirecek\"]}]},{\"@type\":\"ImageObject\",\"inLanguage\":\"tr\",\"@id\":\"https:\/\/epochtimestr.com\/index.php\/israil-cezaevlerinin-etrafina-yirtici-timsahlar-yerlestirecek#primaryimage\",\"url\":\"https:\/\/epochtimestr.com\/wp-content\/uploads\/2011y\/pixabay2.jpg\",\"contentUrl\":\"https:\/\/epochtimestr.com\/wp-content\/uploads\/2011y\/pixabay2.jpg\",\"width\":1280,\"height\":770},{\"@type\":\"WebSite\",\"@id\":\"https:\/\/epochtimestr.com\/#website\",\"url\":\"https:\/\/epochtimestr.com\/\",\"name\":\"The Epoch Times TR\",\"description\":\"De\u011fi\u015fen D\u00fcnyam\u0131za Taze Bir Bak\u0131\u015f\",\"publisher\":{\"@id\":\"https:\/\/epochtimestr.com\/#organization\"},\"potentialAction\":[{\"@type\":\"SearchAction\",\"target\":{\"@type\":\"EntryPoint\",\"urlTemplate\":\"https:\/\/epochtimestr.com\/?s={search_term_string}\"},\"query-input\":\"required name=search_term_string\"}],\"inLanguage\":\"tr\"},{\"@type\":\"Organization\",\"@id\":\"https:\/\/epochtimestr.com\/#organization\",\"name\":\"The EpochTimes T\u00fcrkiye\",\"url\":\"https:\/\/epochtimestr.com\/\",\"logo\":{\"@type\":\"ImageObject\",\"inLanguage\":\"tr\",\"@id\":\"https:\/\/epochtimestr.com\/#\/schema\/logo\/image\/\",\"url\":\"https:\/\/epochtimestr.com\/wp-content\/uploads\/2011y\/ET-Logo-YG.jpg\",\"contentUrl\":\"https:\/\/epochtimestr.com\/wp-content\/uploads\/2011y\/ET-Logo-YG.jpg\",\"width\":346,\"height\":29,\"caption\":\"The EpochTimes T\u00fcrkiye\"},\"image\":{\"@id\":\"https:\/\/epochtimestr.com\/#\/schema\/logo\/image\/\"},\"sameAs\":[\"https:\/\/www.facebook.com\/theepochtimestr\",\"https:\/\/x.com\/TheEpochTimesTR\",\"https:\/\/www.instagram.com\/epochtimestr\"]},{\"@type\":\"Person\",\"@id\":\"https:\/\/epochtimestr.com\/#\/schema\/person\/3dc5c3adeb9f43923c5aa85889172fdd\",\"name\":\"Haber Merkezi\",\"image\":{\"@type\":\"ImageObject\",\"inLanguage\":\"tr\",\"@id\":\"https:\/\/epochtimestr.com\/#\/schema\/person\/image\/\",\"url\":\"https:\/\/secure.gravatar.com\/avatar\/d73f772ba5a74f28601361e17c2f93e6?s=96&d=mm&r=g\",\"contentUrl\":\"https:\/\/secure.gravatar.com\/avatar\/d73f772ba5a74f28601361e17c2f93e6?s=96&d=mm&r=g\",\"caption\":\"Haber Merkezi\"},\"url\":\"https:\/\/epochtimestr.com\/index.php\/author\/sendag\"}]}<\/script>\n<!-- \/ Yoast SEO plugin. -->","yoast_head_json":{"title":"\u0130srail Cezaevlerinin Etraf\u0131na Y\u0131rt\u0131c\u0131 Timsahlar Yerle\u015ftirecek - The Epoch Times TR","description":"\u0130srail, Filistinli mahk\u00fbmlar\u0131n tutuldu\u011fu hapishanelerin \u00e7evresindeki hendeklere timsah yerle\u015ftirmeye haz\u0131rlan\u0131yor.","robots":{"index":"index","follow":"follow","max-snippet":"max-snippet:-1","max-image-preview":"max-image-preview:large","max-video-preview":"max-video-preview:-1"},"canonical":"https:\/\/epochtimestr.com\/index.php\/israil-cezaevlerinin-etrafina-yirtici-timsahlar-yerlestirecek","og_locale":"tr_TR","og_type":"article","og_title":"\u0130srail Cezaevlerinin Etraf\u0131na Y\u0131rt\u0131c\u0131 Timsahlar Yerle\u015ftirecek - The Epoch Times TR","og_description":"\u0130srail, Filistinli mahk\u00fbmlar\u0131n tutuldu\u011fu hapishanelerin \u00e7evresindeki hendeklere timsah yerle\u015ftirmeye haz\u0131rlan\u0131yor.","og_url":"https:\/\/epochtimestr.com\/index.php\/israil-cezaevlerinin-etrafina-yirtici-timsahlar-yerlestirecek","og_site_name":"The Epoch Times TR","article_publisher":"https:\/\/www.facebook.com\/theepochtimestr","article_published_time":"2026-07-20T05:13:22+00:00","article_modified_time":"2026-07-20T05:13:24+00:00","og_image":[{"width":1280,"height":770,"url":"https:\/\/epochtimestr.com\/wp-content\/uploads\/2011y\/pixabay2.jpg","type":"image\/jpeg"}],"author":"Haber Merkezi","twitter_card":"summary_large_image","twitter_creator":"@TheEpochTimesTR","twitter_site":"@TheEpochTimesTR","twitter_misc":{"Yazan:":"Haber Merkezi","Tahmini okuma s\u00fcresi":"3 dakika"},"schema":{"@context":"https:\/\/schema.org","@graph":[{"@type":"Article","@id":"https:\/\/epochtimestr.com\/index.php\/israil-cezaevlerinin-etrafina-yirtici-timsahlar-yerlestirecek#article","isPartOf":{"@id":"https:\/\/epochtimestr.com\/index.php\/israil-cezaevlerinin-etrafina-yirtici-timsahlar-yerlestirecek"},"author":{"name":"Haber Merkezi","@id":"https:\/\/epochtimestr.com\/#\/schema\/person\/3dc5c3adeb9f43923c5aa85889172fdd"},"headline":"\u0130srail Cezaevlerinin Etraf\u0131na Y\u0131rt\u0131c\u0131 Timsahlar Yerle\u015ftirecek","datePublished":"2026-07-20T05:13:22+00:00","dateModified":"2026-07-20T05:13:24+00:00","mainEntityOfPage":{"@id":"https:\/\/epochtimestr.com\/index.php\/israil-cezaevlerinin-etrafina-yirtici-timsahlar-yerlestirecek"},"wordCount":406,"commentCount":0,"publisher":{"@id":"https:\/\/epochtimestr.com\/#organization"},"image":{"@id":"https:\/\/epochtimestr.com\/index.php\/israil-cezaevlerinin-etrafina-yirtici-timsahlar-yerlestirecek#primaryimage"},"thumbnailUrl":"https:\/\/epochtimestr.com\/wp-content\/uploads\/2011y\/pixabay2.jpg","keywords":["Ben Gvir","Filistin","Filistinli mahk\u00fbmlar","\u0130dit Silman","\u0130srail","timsah","tutsak"],"articleSection":["D\u00dcNYA","G\u00dcNDEM","MAN\u015eET"],"inLanguage":"tr","potentialAction":[{"@type":"CommentAction","name":"Comment","target":["https:\/\/epochtimestr.com\/index.php\/israil-cezaevlerinin-etrafina-yirtici-timsahlar-yerlestirecek#respond"]}]},{"@type":"WebPage","@id":"https:\/\/epochtimestr.com\/index.php\/israil-cezaevlerinin-etrafina-yirtici-timsahlar-yerlestirecek","url":"https:\/\/epochtimestr.com\/index.php\/israil-cezaevlerinin-etrafina-yirtici-timsahlar-yerlestirecek","name":"\u0130srail Cezaevlerinin Etraf\u0131na Y\u0131rt\u0131c\u0131 Timsahlar Yerle\u015ftirecek - The Epoch Times TR","isPartOf":{"@id":"https:\/\/epochtimestr.com\/#website"},"primaryImageOfPage":{"@id":"https:\/\/epochtimestr.com\/index.php\/israil-cezaevlerinin-etrafina-yirtici-timsahlar-yerlestirecek#primaryimage"},"image":{"@id":"https:\/\/epochtimestr.com\/index.php\/israil-cezaevlerinin-etrafina-yirtici-timsahlar-yerlestirecek#primaryimage"},"thumbnailUrl":"https:\/\/epochtimestr.com\/wp-content\/uploads\/2011y\/pixabay2.jpg","datePublished":"2026-07-20T05:13:22+00:00","dateModified":"2026-07-20T05:13:24+00:00","description":"\u0130srail, Filistinli mahk\u00fbmlar\u0131n tutuldu\u011fu hapishanelerin \u00e7evresindeki hendeklere timsah yerle\u015ftirmeye haz\u0131rlan\u0131yor.","inLanguage":"tr","potentialAction":[{"@type":"ReadAction","target":["https:\/\/epochtimestr.com\/index.php\/israil-cezaevlerinin-etrafina-yirtici-timsahlar-yerlestirecek"]}]},{"@type":"ImageObject","inLanguage":"tr","@id":"https:\/\/epochtimestr.com\/index.php\/israil-cezaevlerinin-etrafina-yirtici-timsahlar-yerlestirecek#primaryimage","url":"https:\/\/epochtimestr.com\/wp-content\/uploads\/2011y\/pixabay2.jpg","contentUrl":"https:\/\/epochtimestr.com\/wp-content\/uploads\/2011y\/pixabay2.jpg","width":1280,"height":770},{"@type":"WebSite","@id":"https:\/\/epochtimestr.com\/#website","url":"https:\/\/epochtimestr.com\/","name":"The Epoch Times TR","description":"De\u011fi\u015fen D\u00fcnyam\u0131za Taze Bir Bak\u0131\u015f","publisher":{"@id":"https:\/\/epochtimestr.com\/#organization"},"potentialAction":[{"@type":"SearchAction","target":{"@type":"EntryPoint","urlTemplate":"https:\/\/epochtimestr.com\/?s={search_term_string}"},"query-input":"required name=search_term_string"}],"inLanguage":"tr"},{"@type":"Organization","@id":"https:\/\/epochtimestr.com\/#organization","name":"The EpochTimes T\u00fcrkiye","url":"https:\/\/epochtimestr.com\/","logo":{"@type":"ImageObject","inLanguage":"tr","@id":"https:\/\/epochtimestr.com\/#\/schema\/logo\/image\/","url":"https:\/\/epochtimestr.com\/wp-content\/uploads\/2011y\/ET-Logo-YG.jpg","contentUrl":"https:\/\/epochtimestr.com\/wp-content\/uploads\/2011y\/ET-Logo-YG.jpg","width":346,"height":29,"caption":"The EpochTimes T\u00fcrkiye"},"image":{"@id":"https:\/\/epochtimestr.com\/#\/schema\/logo\/image\/"},"sameAs":["https:\/\/www.facebook.com\/theepochtimestr","https:\/\/x.com\/TheEpochTimesTR","https:\/\/www.instagram.com\/epochtimestr"]},{"@type":"Person","@id":"https:\/\/epochtimestr.com\/#\/schema\/person\/3dc5c3adeb9f43923c5aa85889172fdd","name":"Haber Merkezi","image":{"@type":"ImageObject","inLanguage":"tr","@id":"https:\/\/epochtimestr.com\/#\/schema\/person\/image\/","url":"https:\/\/secure.gravatar.com\/avatar\/d73f772ba5a74f28601361e17c2f93e6?s=96&d=mm&r=g","contentUrl":"https:\/\/secure.gravatar.com\/avatar\/d73f772ba5a74f28601361e17c2f93e6?s=96&d=mm&r=g","caption":"Haber Merkezi"},"url":"https:\/\/epochtimestr.com\/index.php\/author\/sendag"}]}},"_links":{"self":[{"href":"https:\/\/epochtimestr.com\/index.php\/wp-json\/wp\/v2\/posts\/168893"}],"collection":[{"href":"https:\/\/epochtimestr.com\/index.php\/wp-json\/wp\/v2\/posts"}],"about":[{"href":"https:\/\/epochtimestr.com\/index.php\/wp-json\/wp\/v2\/types\/post"}],"author":[{"embeddable":true,"href":"https:\/\/epochtimestr.com\/index.php\/wp-json\/wp\/v2\/users\/12791"}],"replies":[{"embeddable":true,"href":"https:\/\/epochtimestr.com\/index.php\/wp-json\/wp\/v2\/comments?post=168893"}],"version-history":[{"count":2,"href":"https:\/\/epochtimestr.com\/index.php\/wp-json\/wp\/v2\/posts\/168893\/revisions"}],"predecessor-version":[{"id":168908,"href":"https:\/\/epochtimestr.com\/index.php\/wp-json\/wp\/v2\/posts\/168893\/revisions\/168908"}],"wp:featuredmedia":[{"embeddable":true,"href":"https:\/\/epochtimestr.com\/index.php\/wp-json\/wp\/v2\/media\/168894"}],"wp:attachment":[{"href":"https:\/\/epochtimestr.com\/index.php\/wp-json\/wp\/v2\/media?parent=168893"}],"wp:term":[{"taxonomy":"category","embeddable":true,"href":"https:\/\/epochtimestr.com\/index.php\/wp-json\/wp\/v2\/categories?post=168893"},{"taxonomy":"post_tag","embeddable":true,"href":"https:\/\/epochtimestr.com\/index.php\/wp-json\/wp\/v2\/tags?post=168893"}],"curies":[{"name":"wp","href":"https:\/\/api.w.org\/{rel}","templated":true}]}}