{"id":168927,"date":"2026-07-20T19:41:25","date_gmt":"2026-07-20T16:41:25","guid":{"rendered":"https:\/\/epochtimestr.com\/?p=168927"},"modified":"2026-07-20T19:41:27","modified_gmt":"2026-07-20T16:41:27","slug":"kibris-baris-harekatinin-52nci-yil-donumu-torenlerle-kutlaniyor","status":"publish","type":"post","link":"https:\/\/epochtimestr.com\/index.php\/kibris-baris-harekatinin-52nci-yil-donumu-torenlerle-kutlaniyor","title":{"rendered":"K\u0131br\u0131s Bar\u0131\u015f Harekat\u0131&#8217;n\u0131n 52&#8217;nci Y\u0131l D\u00f6n\u00fcm\u00fc T\u00f6renlerle Kutlan\u0131yor"},"content":{"rendered":"<div class=\"wp-block-image\">\n<figure class=\"aligncenter size-full is-resized\"><img loading=\"lazy\" decoding=\"async\" width=\"640\" height=\"360\" src=\"https:\/\/epochtimestr.com\/wp-content\/uploads\/2011y\/1-30.jpg\" alt=\"K\u0131br\u0131s Bar\u0131\u015f Harekat\u0131'n\u0131n 52'nci y\u0131l d\u00f6n\u00fcm\u00fc t\u00f6renlerle kutlan\u0131yor (Foto\u011fraf: Milli Savunma Bakanl\u0131\u011f\u0131 sitesi)\" class=\"wp-image-168928\" style=\"width:640px;height:auto\" srcset=\"https:\/\/epochtimestr.com\/wp-content\/uploads\/2011y\/1-30.jpg 640w, https:\/\/epochtimestr.com\/wp-content\/uploads\/2011y\/1-30-300x169.jpg 300w, https:\/\/epochtimestr.com\/wp-content\/uploads\/2011y\/1-30-150x84.jpg 150w\" sizes=\"(max-width: 640px) 100vw, 640px\" \/><figcaption class=\"wp-element-caption\">52&#8217;nci y\u0131l d\u00f6n\u00fcm\u00fcnde <em>K\u0131br\u0131s Bar\u0131\u015f Harekat\u0131<\/em> t\u00f6renlerle kutlan\u0131yor (Foto\u011fraf: Milli Savunma Bakanl\u0131\u011f\u0131 sitesi)<\/figcaption><\/figure><\/div>\n\n\n<h2 class=\"wp-block-heading\">K\u0131br\u0131s Bar\u0131\u015f Harekat\u0131\u2019n\u0131n 52\u2019nci y\u0131l d\u00f6n\u00fcm\u00fcnde, d\u00f6nemin T\u00fcrkiye Cumhuriyeti Ba\u015fbakan\u0131 B\u00fclent Ecevit ve Ba\u015fbakan Yard\u0131mc\u0131s\u0131 Necmettin Erbakan i\u00e7in anma t\u00f6reni d\u00fczenlendi.<\/h2>\n\n\n\n<p><a href=\"https:\/\/epochtimestr.com\/index.php\/kibris-baris-harekatinin-46-yil-donumu\" target=\"_blank\" rel=\"noreferrer noopener\">K\u0131br\u0131s Bar\u0131\u015f Harekat\u0131<\/a>\u2019n\u0131n 52\u2019nci y\u0131l d\u00f6n\u00fcm\u00fcnde, d\u00f6nemin T\u00fcrkiye Cumhuriyeti Ba\u015fbakan\u0131 <a href=\"https:\/\/epochtimestr.com\/index.php\/onder-aksakal-bulent-ecevit-hasteneye-rahatsizlanarak-gitti-olmek-uzereyken-kacti\" target=\"_blank\" rel=\"noreferrer noopener\">B\u00fclent Ecevit<\/a> ve Ba\u015fbakan Yard\u0131mc\u0131s\u0131 <a href=\"https:\/\/epochtimestr.com\/index.php\/necmettin-erbakan-88-delegenin-teklifi-ile-sp-genel-baskanligi-icin-aday-gosterildi\" target=\"_blank\" rel=\"noreferrer noopener\">Necmettin Erbakan<\/a> i\u00e7in anma t\u00f6reni d\u00fczenlendi. KKTC&#8217;de &#8220;20 Temmuz Bar\u0131\u015f ve \u00d6zg\u00fcrl\u00fck Bayram\u0131&#8221; olarak kutlanan K\u0131br\u0131s Bar\u0131\u015f Harekat\u0131&#8217;n\u0131n 52&#8217;nci y\u0131l d\u00f6n\u00fcm\u00fcnde ba\u015fkent Lefko\u015fa&#8217;da 21 pare top at\u0131\u015f\u0131 yap\u0131ld\u0131.<\/p>\n\n\n\n<p>K\u0131br\u0131s Harekat\u0131, kod ad\u0131yla \u201cAtilla Hareketi\u201d, T\u00fcrkiye ve Kuzey K\u0131br\u0131s T\u00fcrk Cumhuriyeti\u2019nde bilinen ismiyle \u201cK\u0131br\u0131s Bar\u0131\u015f Harekat\u0131\u201d, 1974 y\u0131l\u0131nda Ba\u015fbakan B\u00fclent Ecevit\u2019in liderli\u011finde ba\u015flam\u0131\u015ft\u0131r. T\u00fcrk Silahl\u0131 Kuvvetleri  Rumlar\u0131n, K\u0131br\u0131sl\u0131 T\u00fcrklere kar\u015f\u0131 uygulad\u0131klar\u0131 bask\u0131 ve zulm\u00fc bitirmek ve bar\u0131\u015f\u0131 sa\u011flamak i\u00e7in d\u00fczenledi\u011fi bir bar\u0131\u015f harekat\u0131 olarak ger\u00e7ekle\u015ftirilmi\u015ftir.<\/p>\n\n\n<div class=\"wp-block-image\">\n<figure class=\"aligncenter size-full\"><img loading=\"lazy\" decoding=\"async\" width=\"889\" height=\"500\" src=\"https:\/\/epochtimestr.com\/wp-content\/uploads\/2011y\/msb-4.jpg\" alt=\"(Foto\u011fraf: Milli Savunma Bakanl\u0131\u011f\u0131 sitesi)\" class=\"wp-image-168929\" srcset=\"https:\/\/epochtimestr.com\/wp-content\/uploads\/2011y\/msb-4.jpg 889w, https:\/\/epochtimestr.com\/wp-content\/uploads\/2011y\/msb-4-300x169.jpg 300w, https:\/\/epochtimestr.com\/wp-content\/uploads\/2011y\/msb-4-150x84.jpg 150w, https:\/\/epochtimestr.com\/wp-content\/uploads\/2011y\/msb-4-768x432.jpg 768w\" sizes=\"(max-width: 889px) 100vw, 889px\" \/><figcaption class=\"wp-element-caption\">(Foto\u011fraf: Milli Savunma Bakanl\u0131\u011f\u0131 sitesi)<\/figcaption><\/figure><\/div>\n\n\n<p>Bug\u00fcn T\u00fcrk tarihinin \u00f6nemli d\u00f6n\u00fcm noktalar\u0131ndan biri olan, K\u0131br\u0131s T\u00fcrkl\u00fc\u011f\u00fcn\u00fc \u00f6zg\u00fcrl\u00fc\u011f\u00fcne kavu\u015fturan 20 Temmuz 1974 K\u0131br\u0131s Bar\u0131\u015f Harekat\u0131\u2019n\u0131n 52. y\u0131l d\u00f6n\u00fcm\u00fc. 1963\u2019ten beri K\u0131br\u0131s\u2019ta T\u00fcrkler aleyhine ya\u015fanan geli\u015fmelere m\u00fcdahalesi engellenen T\u00fcrkiye, 1959 ve 1960 antla\u015fmalar\u0131n\u0131n verdi\u011fi yetkiye dayanarak 20 Temmuz 1974\u2019te K\u0131br\u0131s Bar\u0131\u015f Harek\u00e2t\u0131&#8217;n\u0131 ba\u015flatt\u0131.<\/p>\n\n\n\n<p>EOKA-B liderlerinden Nikos Sampson, Yunanistan&#8217;da iktidarda bulunan cuntan\u0131n deste\u011fiyle ger\u00e7ekle\u015ftirdi\u011fi darbeyle 15 Temmuz 1974&#8217;te K\u0131br\u0131s Cumhurba\u015fkan\u0131 Makarios&#8217;u devirdi. 18 Temmuz&#8217;da Ecevit, Londra&#8217;da ABD D\u0131\u015fi\u015fleri Bakan Yard\u0131mc\u0131s\u0131 Joseph Sisco ile g\u00f6r\u00fc\u015ft\u00fc. Garant\u00f6r \u00fclke pozisyonunda olan T\u00fcrkiye, Yunanistan ve Birle\u015fik Krall\u0131k bir kez daha Cenevre&#8217;de masaya otursa da bu g\u00f6r\u00fc\u015fmeden bir sonu\u00e7 \u00e7\u0131kmad\u0131.<\/p>\n\n\n<div class=\"wp-block-image\">\n<figure class=\"aligncenter size-full\"><img loading=\"lazy\" decoding=\"async\" width=\"640\" height=\"360\" src=\"https:\/\/epochtimestr.com\/wp-content\/uploads\/2011y\/2-32.jpg\" alt=\"(Foto\u011fraf: Milli Savunma Bakanl\u0131\u011f\u0131 sitesi)\" class=\"wp-image-168930\" srcset=\"https:\/\/epochtimestr.com\/wp-content\/uploads\/2011y\/2-32.jpg 640w, https:\/\/epochtimestr.com\/wp-content\/uploads\/2011y\/2-32-300x169.jpg 300w, https:\/\/epochtimestr.com\/wp-content\/uploads\/2011y\/2-32-150x84.jpg 150w\" sizes=\"(max-width: 640px) 100vw, 640px\" \/><figcaption class=\"wp-element-caption\">(Foto\u011fraf: Milli Savunma Bakanl\u0131\u011f\u0131 sitesi)<\/figcaption><\/figure><\/div>\n\n\n<h3 class=\"wp-block-heading\">Harek\u00e2t &#8220;Ay\u015fe Tatile \u00c7\u0131ks\u0131n&#8221; Parolas\u0131yla Ba\u015flad\u0131<\/h3>\n\n\n\n<p>Ba\u015fbakan B\u00fclent Ecevit, toplant\u0131n\u0131n ard\u0131ndan T\u00fcrk Silahl\u0131 Kuvvetlerine K\u0131br\u0131s&#8217;a m\u00fcdahale ihtimaline kar\u015f\u0131 haz\u0131rl\u0131k yap\u0131lmas\u0131 y\u00f6n\u00fcnde talimat verdi. Bunun \u00fczerine 13 A\u011fustos&#8217;u 14&#8217;\u00fcne ba\u011flayan gece &#8220;Ay\u015fe tatile \u00e7\u0131ks\u0131n&#8221; parolas\u0131yla ikinci harek\u00e2t ba\u015flad\u0131.<\/p>\n\n\n\n<p>TRT taraf\u0131ndan 06.30\u2019da radyolarda yay\u0131mlanan bildiride ikinci harek\u00e2t\u0131n amac\u0131 \u015f\u00f6yle a\u00e7\u0131klan\u0131yordu: D\u00f6nemin Ba\u015fbakan\u0131 B\u00fclent Ecevit konu\u015fmas\u0131nda, &#8220;Bu harek\u00e2t milletimize, b\u00fct\u00fcn K\u0131br\u0131sl\u0131lara ve insanl\u0131\u011fa hay\u0131rl\u0131 olsun. Umar\u0131m ki, kuvvetlerimize ate\u015f edilmez ve kanl\u0131 bir \u00e7at\u0131\u015fmaya yol a\u00e7\u0131lmaz. Biz asl\u0131nda sava\u015f i\u00e7in de\u011fil, T\u00fcrklere de Rumlara da bar\u0131\u015f getirmek i\u00e7in adaya gidiyoruz. Bu karara, ancak b\u00fct\u00fcn diplomatik, politik yollar\u0131 denedikten sonra mecbur kalarak vard\u0131k.\u201d dedi.<\/p>\n\n\n\n<p>Ayn\u0131 g\u00fcn Deniz Kuvvetleri Komutanl\u0131\u011f\u0131na ait bir filo, \u00e7\u0131karma gemileriyle Akdeniz&#8217;e a\u00e7\u0131ld\u0131. K\u0131br\u0131s Bar\u0131\u015f Harekat\u0131, TSK&#8217;ye ba\u011fl\u0131 birliklerin Lefko\u015fa-Hamitk\u00f6y-G\u00f6nyeli ve P\u0131narba\u015f\u0131 b\u00f6lgelerine hava indirme, Yavuz Plaj\u0131&#8217;na denizden \u00e7\u0131karma yapmas\u0131yla 20 Temmuz&#8217;da ba\u015flad\u0131. T\u00fcrk askeri 20 Temmuz sabah 06.05 s\u0131ralar\u0131nda hem denizden hem de havadan K\u0131br\u0131s\u2019a \u00e7\u0131kt\u0131. Harekat\u0131n parolas\u0131 ise &#8220;Ay\u015fe tatile \u00e7\u0131ks\u0131n&#8221; olarak belirlendi. Ay\u015fe, Cenevre konferans\u0131na kat\u0131lan d\u00f6nemin D\u0131\u015fi\u015fleri Bakan\u0131 Turan G\u00fcne\u015f&#8217;in k\u0131z\u0131n\u0131n ad\u0131yd\u0131.<\/p>\n\n\n<div class=\"wp-block-image\">\n<figure class=\"aligncenter size-full\"><img loading=\"lazy\" decoding=\"async\" width=\"640\" height=\"360\" src=\"https:\/\/epochtimestr.com\/wp-content\/uploads\/2011y\/msb1.jpg\" alt=\"(Foto\u011fraf: Milli Savunma Bakanl\u0131\u011f\u0131 sitesi)\" class=\"wp-image-168931\" srcset=\"https:\/\/epochtimestr.com\/wp-content\/uploads\/2011y\/msb1.jpg 640w, https:\/\/epochtimestr.com\/wp-content\/uploads\/2011y\/msb1-300x169.jpg 300w, https:\/\/epochtimestr.com\/wp-content\/uploads\/2011y\/msb1-150x84.jpg 150w\" sizes=\"(max-width: 640px) 100vw, 640px\" \/><figcaption class=\"wp-element-caption\">(Foto\u011fraf: Milli Savunma Bakanl\u0131\u011f\u0131 sitesi)<\/figcaption><\/figure><\/div>\n\n\n<p>T\u00fcrk askerinin K\u0131br\u0131s&#8217;a giri\u015finin iki g\u00fcn sonras\u0131nda, 22 Temmuz 1974 tarihinde harek\u00e2t sona erdi.<\/p>\n\n\n\n<p>T\u00fcrkiye, K\u0131br\u0131s devletinin varl\u0131\u011f\u0131n\u0131n, ba\u011f\u0131ms\u0131zl\u0131\u011f\u0131n\u0131n ve toprak b\u00fct\u00fcnl\u00fc\u011f\u00fcn\u00fcn bir daha hi\u00e7bir \u015fekilde tehdit edilemeyece\u011fini ve T\u00fcrk toplumunun haklar\u0131n\u0131n ve g\u00fcvenli\u011finin korunaca\u011f\u0131 bir hukuk d\u00fczeninin korunmas\u0131n\u0131 tek ba\u015f\u0131na sa\u011flamak zorunda kalm\u0131\u015ft\u0131r. Rum ordusu T\u00fcrk k\u00f6ylerini yak\u0131p y\u0131karak geri \u00e7ekildi. K\u0131br\u0131s Bar\u0131\u015f Harekat\u0131 s\u0131ras\u0131nda T\u00fcrk taraf\u0131ndan toplam 498 ki\u015fi \u00f6ld\u00fc, 1200 ki\u015fi yaraland\u0131. Ayr\u0131ca K\u0131br\u0131sl\u0131 T\u00fcrklerden de 270 sivil hayat\u0131n\u0131 kaybetti, 1000 ki\u015fi yaraland\u0131. K\u0131br\u0131s Bar\u0131\u015f Harek\u00e2t\u0131&#8217;n\u0131n 52&#8217;nci y\u0131l d\u00f6n\u00fcm\u00fcnde aziz \u015fehitlerimizi rahmet ve minnetle, kahraman gazilerimizi \u015f\u00fckranla an\u0131yoruz.<\/p>\n","protected":false},"excerpt":{"rendered":"<p>K\u0131br\u0131s Bar\u0131\u015f Harekat\u0131\u2019n\u0131n 52\u2019nci y\u0131l d\u00f6n\u00fcm\u00fcnde, d\u00f6nemin T\u00fcrkiye Cumhuriyeti Ba\u015fbakan\u0131 B\u00fclent Ecevit ve Ba\u015fbakan Yard\u0131mc\u0131s\u0131 Necmettin Erbakan i\u00e7in anma t\u00f6reni d\u00fczenlendi. K\u0131br\u0131s Bar\u0131\u015f Harekat\u0131\u2019n\u0131n 52\u2019nci y\u0131l d\u00f6n\u00fcm\u00fcnde, d\u00f6nemin T\u00fcrkiye Cumhuriyeti Ba\u015fbakan\u0131 B\u00fclent Ecevit ve Ba\u015fbakan Yard\u0131mc\u0131s\u0131 Necmettin Erbakan i\u00e7in anma t\u00f6reni d\u00fczenlendi. KKTC&#8217;de &#8220;20 Temmuz Bar\u0131\u015f ve \u00d6zg\u00fcrl\u00fck Bayram\u0131&#8221; olarak kutlanan K\u0131br\u0131s Bar\u0131\u015f Harekat\u0131&#8217;n\u0131n 52&#8217;nci [&hellip;]<\/p>\n","protected":false},"author":12791,"featured_media":168928,"comment_status":"open","ping_status":"open","sticky":false,"template":"","format":"standard","meta":{"_yoast_wpseo_focuskw":"K\u0131br\u0131s bar\u0131\u015f","_yoast_wpseo_title":"","_yoast_wpseo_metadesc":"K\u0131br\u0131s Bar\u0131\u015f Harekat\u0131\u2019n\u0131n 52\u2019nci y\u0131l d\u00f6n\u00fcm\u00fcnde, B\u00fclent Ecevit ve Necmettin Erbakan i\u00e7in anma t\u00f6reni d\u00fczenlendi.","_bbp_topic_count":0,"_bbp_reply_count":0,"_bbp_total_topic_count":0,"_bbp_total_reply_count":0,"_bbp_voice_count":0,"_bbp_anonymous_reply_count":0,"_bbp_topic_count_hidden":0,"_bbp_reply_count_hidden":0,"_bbp_forum_subforum_count":0,"footnotes":"","_yoast_wpseo_focuskw_text_input":""},"categories":[1,8138,8226,8420,37],"tags":[7007,11816,6565,6425],"yoast_head":"<!-- This site is optimized with the Yoast SEO plugin v23.0 - https:\/\/yoast.com\/wordpress\/plugins\/seo\/ -->\n<title>K\u0131br\u0131s Bar\u0131\u015f Harekat\u0131&#039;n\u0131n 52&#039;nci Y\u0131l D\u00f6n\u00fcm\u00fc T\u00f6renlerle Kutlan\u0131yor - The Epoch Times TR<\/title>\n<meta name=\"description\" content=\"K\u0131br\u0131s Bar\u0131\u015f Harekat\u0131\u2019n\u0131n 52\u2019nci y\u0131l d\u00f6n\u00fcm\u00fcnde, B\u00fclent Ecevit ve Necmettin Erbakan i\u00e7in anma t\u00f6reni d\u00fczenlendi.\" \/>\n<meta name=\"robots\" content=\"index, follow, max-snippet:-1, max-image-preview:large, max-video-preview:-1\" \/>\n<link rel=\"canonical\" href=\"https:\/\/epochtimestr.com\/index.php\/kibris-baris-harekatinin-52nci-yil-donumu-torenlerle-kutlaniyor\" \/>\n<meta property=\"og:locale\" content=\"tr_TR\" \/>\n<meta property=\"og:type\" content=\"article\" \/>\n<meta property=\"og:title\" content=\"K\u0131br\u0131s Bar\u0131\u015f Harekat\u0131&#039;n\u0131n 52&#039;nci Y\u0131l D\u00f6n\u00fcm\u00fc T\u00f6renlerle Kutlan\u0131yor - The Epoch Times TR\" \/>\n<meta property=\"og:description\" content=\"K\u0131br\u0131s Bar\u0131\u015f Harekat\u0131\u2019n\u0131n 52\u2019nci y\u0131l d\u00f6n\u00fcm\u00fcnde, B\u00fclent Ecevit ve Necmettin Erbakan i\u00e7in anma t\u00f6reni d\u00fczenlendi.\" \/>\n<meta property=\"og:url\" content=\"https:\/\/epochtimestr.com\/index.php\/kibris-baris-harekatinin-52nci-yil-donumu-torenlerle-kutlaniyor\" \/>\n<meta property=\"og:site_name\" content=\"The Epoch Times TR\" \/>\n<meta property=\"article:publisher\" content=\"https:\/\/www.facebook.com\/theepochtimestr\" \/>\n<meta property=\"article:published_time\" content=\"2026-07-20T16:41:25+00:00\" \/>\n<meta property=\"article:modified_time\" content=\"2026-07-20T16:41:27+00:00\" \/>\n<meta property=\"og:image\" content=\"https:\/\/epochtimestr.com\/wp-content\/uploads\/2011y\/1-30.jpg\" \/>\n\t<meta property=\"og:image:width\" content=\"640\" \/>\n\t<meta property=\"og:image:height\" content=\"360\" \/>\n\t<meta property=\"og:image:type\" content=\"image\/jpeg\" \/>\n<meta name=\"author\" content=\"Haber Merkezi\" \/>\n<meta name=\"twitter:card\" content=\"summary_large_image\" \/>\n<meta name=\"twitter:creator\" content=\"@TheEpochTimesTR\" \/>\n<meta name=\"twitter:site\" content=\"@TheEpochTimesTR\" \/>\n<meta name=\"twitter:label1\" content=\"Yazan:\" \/>\n\t<meta name=\"twitter:data1\" content=\"Haber Merkezi\" \/>\n\t<meta name=\"twitter:label2\" content=\"Tahmini okuma s\u00fcresi\" \/>\n\t<meta name=\"twitter:data2\" content=\"4 dakika\" \/>\n<script type=\"application\/ld+json\" class=\"yoast-schema-graph\">{\"@context\":\"https:\/\/schema.org\",\"@graph\":[{\"@type\":\"Article\",\"@id\":\"https:\/\/epochtimestr.com\/index.php\/kibris-baris-harekatinin-52nci-yil-donumu-torenlerle-kutlaniyor#article\",\"isPartOf\":{\"@id\":\"https:\/\/epochtimestr.com\/index.php\/kibris-baris-harekatinin-52nci-yil-donumu-torenlerle-kutlaniyor\"},\"author\":{\"name\":\"Haber Merkezi\",\"@id\":\"https:\/\/epochtimestr.com\/#\/schema\/person\/3dc5c3adeb9f43923c5aa85889172fdd\"},\"headline\":\"K\u0131br\u0131s Bar\u0131\u015f Harekat\u0131&#8217;n\u0131n 52&#8217;nci Y\u0131l D\u00f6n\u00fcm\u00fc T\u00f6renlerle Kutlan\u0131yor\",\"datePublished\":\"2026-07-20T16:41:25+00:00\",\"dateModified\":\"2026-07-20T16:41:27+00:00\",\"mainEntityOfPage\":{\"@id\":\"https:\/\/epochtimestr.com\/index.php\/kibris-baris-harekatinin-52nci-yil-donumu-torenlerle-kutlaniyor\"},\"wordCount\":788,\"commentCount\":0,\"publisher\":{\"@id\":\"https:\/\/epochtimestr.com\/#organization\"},\"image\":{\"@id\":\"https:\/\/epochtimestr.com\/index.php\/kibris-baris-harekatinin-52nci-yil-donumu-torenlerle-kutlaniyor#primaryimage\"},\"thumbnailUrl\":\"https:\/\/epochtimestr.com\/wp-content\/uploads\/2011y\/1-30.jpg\",\"keywords\":[\"ecevit\",\"Erbakan\",\"K\u0131br\u0131s bar\u0131\u015f harekat\u0131\",\"t\u00f6ren\"],\"articleSection\":[\"G\u00dcNDEM\",\"MAN\u015eET\",\"Siyaset\",\"T\u00dcRK D\u00dcNYASI\",\"T\u00dcRK\u0130YE\"],\"inLanguage\":\"tr\",\"potentialAction\":[{\"@type\":\"CommentAction\",\"name\":\"Comment\",\"target\":[\"https:\/\/epochtimestr.com\/index.php\/kibris-baris-harekatinin-52nci-yil-donumu-torenlerle-kutlaniyor#respond\"]}]},{\"@type\":\"WebPage\",\"@id\":\"https:\/\/epochtimestr.com\/index.php\/kibris-baris-harekatinin-52nci-yil-donumu-torenlerle-kutlaniyor\",\"url\":\"https:\/\/epochtimestr.com\/index.php\/kibris-baris-harekatinin-52nci-yil-donumu-torenlerle-kutlaniyor\",\"name\":\"K\u0131br\u0131s Bar\u0131\u015f Harekat\u0131'n\u0131n 52'nci Y\u0131l D\u00f6n\u00fcm\u00fc T\u00f6renlerle Kutlan\u0131yor - The Epoch Times TR\",\"isPartOf\":{\"@id\":\"https:\/\/epochtimestr.com\/#website\"},\"primaryImageOfPage\":{\"@id\":\"https:\/\/epochtimestr.com\/index.php\/kibris-baris-harekatinin-52nci-yil-donumu-torenlerle-kutlaniyor#primaryimage\"},\"image\":{\"@id\":\"https:\/\/epochtimestr.com\/index.php\/kibris-baris-harekatinin-52nci-yil-donumu-torenlerle-kutlaniyor#primaryimage\"},\"thumbnailUrl\":\"https:\/\/epochtimestr.com\/wp-content\/uploads\/2011y\/1-30.jpg\",\"datePublished\":\"2026-07-20T16:41:25+00:00\",\"dateModified\":\"2026-07-20T16:41:27+00:00\",\"description\":\"K\u0131br\u0131s Bar\u0131\u015f Harekat\u0131\u2019n\u0131n 52\u2019nci y\u0131l d\u00f6n\u00fcm\u00fcnde, B\u00fclent Ecevit ve Necmettin Erbakan i\u00e7in anma t\u00f6reni d\u00fczenlendi.\",\"inLanguage\":\"tr\",\"potentialAction\":[{\"@type\":\"ReadAction\",\"target\":[\"https:\/\/epochtimestr.com\/index.php\/kibris-baris-harekatinin-52nci-yil-donumu-torenlerle-kutlaniyor\"]}]},{\"@type\":\"ImageObject\",\"inLanguage\":\"tr\",\"@id\":\"https:\/\/epochtimestr.com\/index.php\/kibris-baris-harekatinin-52nci-yil-donumu-torenlerle-kutlaniyor#primaryimage\",\"url\":\"https:\/\/epochtimestr.com\/wp-content\/uploads\/2011y\/1-30.jpg\",\"contentUrl\":\"https:\/\/epochtimestr.com\/wp-content\/uploads\/2011y\/1-30.jpg\",\"width\":640,\"height\":360},{\"@type\":\"WebSite\",\"@id\":\"https:\/\/epochtimestr.com\/#website\",\"url\":\"https:\/\/epochtimestr.com\/\",\"name\":\"The Epoch Times TR\",\"description\":\"De\u011fi\u015fen D\u00fcnyam\u0131za Taze Bir Bak\u0131\u015f\",\"publisher\":{\"@id\":\"https:\/\/epochtimestr.com\/#organization\"},\"potentialAction\":[{\"@type\":\"SearchAction\",\"target\":{\"@type\":\"EntryPoint\",\"urlTemplate\":\"https:\/\/epochtimestr.com\/?s={search_term_string}\"},\"query-input\":\"required name=search_term_string\"}],\"inLanguage\":\"tr\"},{\"@type\":\"Organization\",\"@id\":\"https:\/\/epochtimestr.com\/#organization\",\"name\":\"The EpochTimes T\u00fcrkiye\",\"url\":\"https:\/\/epochtimestr.com\/\",\"logo\":{\"@type\":\"ImageObject\",\"inLanguage\":\"tr\",\"@id\":\"https:\/\/epochtimestr.com\/#\/schema\/logo\/image\/\",\"url\":\"https:\/\/epochtimestr.com\/wp-content\/uploads\/2011y\/ET-Logo-YG.jpg\",\"contentUrl\":\"https:\/\/epochtimestr.com\/wp-content\/uploads\/2011y\/ET-Logo-YG.jpg\",\"width\":346,\"height\":29,\"caption\":\"The EpochTimes T\u00fcrkiye\"},\"image\":{\"@id\":\"https:\/\/epochtimestr.com\/#\/schema\/logo\/image\/\"},\"sameAs\":[\"https:\/\/www.facebook.com\/theepochtimestr\",\"https:\/\/x.com\/TheEpochTimesTR\",\"https:\/\/www.instagram.com\/epochtimestr\"]},{\"@type\":\"Person\",\"@id\":\"https:\/\/epochtimestr.com\/#\/schema\/person\/3dc5c3adeb9f43923c5aa85889172fdd\",\"name\":\"Haber Merkezi\",\"image\":{\"@type\":\"ImageObject\",\"inLanguage\":\"tr\",\"@id\":\"https:\/\/epochtimestr.com\/#\/schema\/person\/image\/\",\"url\":\"https:\/\/secure.gravatar.com\/avatar\/d73f772ba5a74f28601361e17c2f93e6?s=96&d=mm&r=g\",\"contentUrl\":\"https:\/\/secure.gravatar.com\/avatar\/d73f772ba5a74f28601361e17c2f93e6?s=96&d=mm&r=g\",\"caption\":\"Haber Merkezi\"},\"url\":\"https:\/\/epochtimestr.com\/index.php\/author\/sendag\"}]}<\/script>\n<!-- \/ Yoast SEO plugin. -->","yoast_head_json":{"title":"K\u0131br\u0131s Bar\u0131\u015f Harekat\u0131'n\u0131n 52'nci Y\u0131l D\u00f6n\u00fcm\u00fc T\u00f6renlerle Kutlan\u0131yor - The Epoch Times TR","description":"K\u0131br\u0131s Bar\u0131\u015f Harekat\u0131\u2019n\u0131n 52\u2019nci y\u0131l d\u00f6n\u00fcm\u00fcnde, B\u00fclent Ecevit ve Necmettin Erbakan i\u00e7in anma t\u00f6reni d\u00fczenlendi.","robots":{"index":"index","follow":"follow","max-snippet":"max-snippet:-1","max-image-preview":"max-image-preview:large","max-video-preview":"max-video-preview:-1"},"canonical":"https:\/\/epochtimestr.com\/index.php\/kibris-baris-harekatinin-52nci-yil-donumu-torenlerle-kutlaniyor","og_locale":"tr_TR","og_type":"article","og_title":"K\u0131br\u0131s Bar\u0131\u015f Harekat\u0131'n\u0131n 52'nci Y\u0131l D\u00f6n\u00fcm\u00fc T\u00f6renlerle Kutlan\u0131yor - The Epoch Times TR","og_description":"K\u0131br\u0131s Bar\u0131\u015f Harekat\u0131\u2019n\u0131n 52\u2019nci y\u0131l d\u00f6n\u00fcm\u00fcnde, B\u00fclent Ecevit ve Necmettin Erbakan i\u00e7in anma t\u00f6reni d\u00fczenlendi.","og_url":"https:\/\/epochtimestr.com\/index.php\/kibris-baris-harekatinin-52nci-yil-donumu-torenlerle-kutlaniyor","og_site_name":"The Epoch Times TR","article_publisher":"https:\/\/www.facebook.com\/theepochtimestr","article_published_time":"2026-07-20T16:41:25+00:00","article_modified_time":"2026-07-20T16:41:27+00:00","og_image":[{"width":640,"height":360,"url":"https:\/\/epochtimestr.com\/wp-content\/uploads\/2011y\/1-30.jpg","type":"image\/jpeg"}],"author":"Haber Merkezi","twitter_card":"summary_large_image","twitter_creator":"@TheEpochTimesTR","twitter_site":"@TheEpochTimesTR","twitter_misc":{"Yazan:":"Haber Merkezi","Tahmini okuma s\u00fcresi":"4 dakika"},"schema":{"@context":"https:\/\/schema.org","@graph":[{"@type":"Article","@id":"https:\/\/epochtimestr.com\/index.php\/kibris-baris-harekatinin-52nci-yil-donumu-torenlerle-kutlaniyor#article","isPartOf":{"@id":"https:\/\/epochtimestr.com\/index.php\/kibris-baris-harekatinin-52nci-yil-donumu-torenlerle-kutlaniyor"},"author":{"name":"Haber Merkezi","@id":"https:\/\/epochtimestr.com\/#\/schema\/person\/3dc5c3adeb9f43923c5aa85889172fdd"},"headline":"K\u0131br\u0131s Bar\u0131\u015f Harekat\u0131&#8217;n\u0131n 52&#8217;nci Y\u0131l D\u00f6n\u00fcm\u00fc T\u00f6renlerle Kutlan\u0131yor","datePublished":"2026-07-20T16:41:25+00:00","dateModified":"2026-07-20T16:41:27+00:00","mainEntityOfPage":{"@id":"https:\/\/epochtimestr.com\/index.php\/kibris-baris-harekatinin-52nci-yil-donumu-torenlerle-kutlaniyor"},"wordCount":788,"commentCount":0,"publisher":{"@id":"https:\/\/epochtimestr.com\/#organization"},"image":{"@id":"https:\/\/epochtimestr.com\/index.php\/kibris-baris-harekatinin-52nci-yil-donumu-torenlerle-kutlaniyor#primaryimage"},"thumbnailUrl":"https:\/\/epochtimestr.com\/wp-content\/uploads\/2011y\/1-30.jpg","keywords":["ecevit","Erbakan","K\u0131br\u0131s bar\u0131\u015f harekat\u0131","t\u00f6ren"],"articleSection":["G\u00dcNDEM","MAN\u015eET","Siyaset","T\u00dcRK D\u00dcNYASI","T\u00dcRK\u0130YE"],"inLanguage":"tr","potentialAction":[{"@type":"CommentAction","name":"Comment","target":["https:\/\/epochtimestr.com\/index.php\/kibris-baris-harekatinin-52nci-yil-donumu-torenlerle-kutlaniyor#respond"]}]},{"@type":"WebPage","@id":"https:\/\/epochtimestr.com\/index.php\/kibris-baris-harekatinin-52nci-yil-donumu-torenlerle-kutlaniyor","url":"https:\/\/epochtimestr.com\/index.php\/kibris-baris-harekatinin-52nci-yil-donumu-torenlerle-kutlaniyor","name":"K\u0131br\u0131s Bar\u0131\u015f Harekat\u0131'n\u0131n 52'nci Y\u0131l D\u00f6n\u00fcm\u00fc T\u00f6renlerle Kutlan\u0131yor - The Epoch Times TR","isPartOf":{"@id":"https:\/\/epochtimestr.com\/#website"},"primaryImageOfPage":{"@id":"https:\/\/epochtimestr.com\/index.php\/kibris-baris-harekatinin-52nci-yil-donumu-torenlerle-kutlaniyor#primaryimage"},"image":{"@id":"https:\/\/epochtimestr.com\/index.php\/kibris-baris-harekatinin-52nci-yil-donumu-torenlerle-kutlaniyor#primaryimage"},"thumbnailUrl":"https:\/\/epochtimestr.com\/wp-content\/uploads\/2011y\/1-30.jpg","datePublished":"2026-07-20T16:41:25+00:00","dateModified":"2026-07-20T16:41:27+00:00","description":"K\u0131br\u0131s Bar\u0131\u015f Harekat\u0131\u2019n\u0131n 52\u2019nci y\u0131l d\u00f6n\u00fcm\u00fcnde, B\u00fclent Ecevit ve Necmettin Erbakan i\u00e7in anma t\u00f6reni d\u00fczenlendi.","inLanguage":"tr","potentialAction":[{"@type":"ReadAction","target":["https:\/\/epochtimestr.com\/index.php\/kibris-baris-harekatinin-52nci-yil-donumu-torenlerle-kutlaniyor"]}]},{"@type":"ImageObject","inLanguage":"tr","@id":"https:\/\/epochtimestr.com\/index.php\/kibris-baris-harekatinin-52nci-yil-donumu-torenlerle-kutlaniyor#primaryimage","url":"https:\/\/epochtimestr.com\/wp-content\/uploads\/2011y\/1-30.jpg","contentUrl":"https:\/\/epochtimestr.com\/wp-content\/uploads\/2011y\/1-30.jpg","width":640,"height":360},{"@type":"WebSite","@id":"https:\/\/epochtimestr.com\/#website","url":"https:\/\/epochtimestr.com\/","name":"The Epoch Times TR","description":"De\u011fi\u015fen D\u00fcnyam\u0131za Taze Bir Bak\u0131\u015f","publisher":{"@id":"https:\/\/epochtimestr.com\/#organization"},"potentialAction":[{"@type":"SearchAction","target":{"@type":"EntryPoint","urlTemplate":"https:\/\/epochtimestr.com\/?s={search_term_string}"},"query-input":"required name=search_term_string"}],"inLanguage":"tr"},{"@type":"Organization","@id":"https:\/\/epochtimestr.com\/#organization","name":"The EpochTimes T\u00fcrkiye","url":"https:\/\/epochtimestr.com\/","logo":{"@type":"ImageObject","inLanguage":"tr","@id":"https:\/\/epochtimestr.com\/#\/schema\/logo\/image\/","url":"https:\/\/epochtimestr.com\/wp-content\/uploads\/2011y\/ET-Logo-YG.jpg","contentUrl":"https:\/\/epochtimestr.com\/wp-content\/uploads\/2011y\/ET-Logo-YG.jpg","width":346,"height":29,"caption":"The EpochTimes T\u00fcrkiye"},"image":{"@id":"https:\/\/epochtimestr.com\/#\/schema\/logo\/image\/"},"sameAs":["https:\/\/www.facebook.com\/theepochtimestr","https:\/\/x.com\/TheEpochTimesTR","https:\/\/www.instagram.com\/epochtimestr"]},{"@type":"Person","@id":"https:\/\/epochtimestr.com\/#\/schema\/person\/3dc5c3adeb9f43923c5aa85889172fdd","name":"Haber Merkezi","image":{"@type":"ImageObject","inLanguage":"tr","@id":"https:\/\/epochtimestr.com\/#\/schema\/person\/image\/","url":"https:\/\/secure.gravatar.com\/avatar\/d73f772ba5a74f28601361e17c2f93e6?s=96&d=mm&r=g","contentUrl":"https:\/\/secure.gravatar.com\/avatar\/d73f772ba5a74f28601361e17c2f93e6?s=96&d=mm&r=g","caption":"Haber Merkezi"},"url":"https:\/\/epochtimestr.com\/index.php\/author\/sendag"}]}},"_links":{"self":[{"href":"https:\/\/epochtimestr.com\/index.php\/wp-json\/wp\/v2\/posts\/168927"}],"collection":[{"href":"https:\/\/epochtimestr.com\/index.php\/wp-json\/wp\/v2\/posts"}],"about":[{"href":"https:\/\/epochtimestr.com\/index.php\/wp-json\/wp\/v2\/types\/post"}],"author":[{"embeddable":true,"href":"https:\/\/epochtimestr.com\/index.php\/wp-json\/wp\/v2\/users\/12791"}],"replies":[{"embeddable":true,"href":"https:\/\/epochtimestr.com\/index.php\/wp-json\/wp\/v2\/comments?post=168927"}],"version-history":[{"count":2,"href":"https:\/\/epochtimestr.com\/index.php\/wp-json\/wp\/v2\/posts\/168927\/revisions"}],"predecessor-version":[{"id":168944,"href":"https:\/\/epochtimestr.com\/index.php\/wp-json\/wp\/v2\/posts\/168927\/revisions\/168944"}],"wp:featuredmedia":[{"embeddable":true,"href":"https:\/\/epochtimestr.com\/index.php\/wp-json\/wp\/v2\/media\/168928"}],"wp:attachment":[{"href":"https:\/\/epochtimestr.com\/index.php\/wp-json\/wp\/v2\/media?parent=168927"}],"wp:term":[{"taxonomy":"category","embeddable":true,"href":"https:\/\/epochtimestr.com\/index.php\/wp-json\/wp\/v2\/categories?post=168927"},{"taxonomy":"post_tag","embeddable":true,"href":"https:\/\/epochtimestr.com\/index.php\/wp-json\/wp\/v2\/tags?post=168927"}],"curies":[{"name":"wp","href":"https:\/\/api.w.org\/{rel}","templated":true}]}}