{"id":168957,"date":"2026-07-20T22:45:48","date_gmt":"2026-07-20T19:45:48","guid":{"rendered":"https:\/\/epochtimestr.com\/?p=168957"},"modified":"2026-07-20T22:45:49","modified_gmt":"2026-07-20T19:45:49","slug":"izmit-belediye-baskani-fatma-kaplan-hurriyet-gozaltina-alindi","status":"publish","type":"post","link":"https:\/\/epochtimestr.com\/index.php\/izmit-belediye-baskani-fatma-kaplan-hurriyet-gozaltina-alindi","title":{"rendered":"\u0130zmit Belediye Ba\u015fkan\u0131 Fatma Kaplan H\u00fcrriyet G\u00f6zalt\u0131na al\u0131nd\u0131"},"content":{"rendered":"<div class=\"wp-block-image\">\n<figure class=\"aligncenter size-full is-resized\"><img loading=\"lazy\" decoding=\"async\" width=\"1280\" height=\"853\" src=\"https:\/\/epochtimestr.com\/wp-content\/uploads\/2011y\/izmit-bel.jpg\" alt=\"\u0130zmit Belediye Ba\u015fkan\u0131 Fatma Kaplan H\u00fcrriyet g\u00f6zalt\u0131na al\u0131nd\u0131. (Foto\u011fraf: \u0130zmit Belediyesi sitesi)\" class=\"wp-image-168958\" style=\"width:840px;height:auto\" srcset=\"https:\/\/epochtimestr.com\/wp-content\/uploads\/2011y\/izmit-bel.jpg 1280w, https:\/\/epochtimestr.com\/wp-content\/uploads\/2011y\/izmit-bel-300x200.jpg 300w, https:\/\/epochtimestr.com\/wp-content\/uploads\/2011y\/izmit-bel-150x100.jpg 150w, https:\/\/epochtimestr.com\/wp-content\/uploads\/2011y\/izmit-bel-768x512.jpg 768w\" sizes=\"(max-width: 1280px) 100vw, 1280px\" \/><figcaption class=\"wp-element-caption\">\u0130zmit Belediye Ba\u015fkan\u0131 Fatma Kaplan H\u00fcrriyet g\u00f6zalt\u0131na al\u0131nd\u0131. (Foto\u011fraf: \u0130zmit Belediyesi sitesi)<\/figcaption><\/figure><\/div>\n\n\n<h2 class=\"wp-block-heading\">Bu sabah saatlerinde \u0130zmit Belediyesi&#8217;ne d\u00fczenlenen operasyonda Belediye Ba\u015fkan\u0131 Fatma Kaplan H\u00fcrriyet dahil 28 ki\u015fi g\u00f6zalt\u0131na al\u0131nd\u0131.<\/h2>\n\n\n\n<p><a href=\"https:\/\/epochtimestr.com\/index.php\/izmit-belediyesinin-ilk-meclis-toplantisinda-tugva-ve-ensar-vakfi-ile-yapilan-protokoller-iptal-edildi\" target=\"_blank\" rel=\"noreferrer noopener\">\u0130zmit Belediyesi<\/a>&#8216;ne y\u00f6nelik olarak bu sabah saatlerinde d\u00fczenlenen operasyonda, Belediye Ba\u015fkan\u0131 Fatma Kaplan H\u00fcrriyet dahil 28 ki\u015fi <a href=\"https:\/\/epochtimestr.com\/index.php\/chpli-baskan-huseyin-can-guner-dahil-36-kisi-gozaltina-alindi\" target=\"_blank\" rel=\"noreferrer noopener\">g\u00f6zalt\u0131na al\u0131nd\u0131<\/a>. \u0130stanbul Cumhuriyet Ba\u015fsavc\u0131l\u0131\u011f\u0131, \u0130zmit Belediyesi soru\u015fturmas\u0131 kapsam\u0131nda be\u015f ilde e\u015fzamanl\u0131 operasyon d\u00fczenledi. Soru\u015fturma kapsam\u0131nda 31 ki\u015fi hakk\u0131nda g\u00f6zalt\u0131 karar\u0131 verildi.<\/p>\n\n\n\n<p>Savc\u0131l\u0131k taraf\u0131ndan yap\u0131lan a\u00e7\u0131klamada \u015f\u00fcpheli ifadeleri, etkin pi\u015fmanl\u0131k beyanlar\u0131 ve gizli tan\u0131k ifadeleri do\u011frultusunda belediyenin baz\u0131 ihalelerinin incelemeye al\u0131nd\u0131\u011f\u0131 belirtildi. Operasyon, Antalya, K\u0131r\u0131kkale, \u0130zmit, \u0130stanbul ve Ankara illerinde e\u015fzamanl\u0131 y\u00fcr\u00fct\u00fcld\u00fc. \u0130stanbul Cumhuriyet Ba\u015fsavc\u0131l\u0131\u011f\u0131 operasyona ili\u015fkin a\u00e7\u0131klama yay\u0131mlad\u0131.<\/p>\n\n\n\n<p><strong>Ba\u015fsavc\u0131l\u0131k taraf\u0131ndan yay\u0131mlanan a\u00e7\u0131klaman\u0131n tamam\u0131 \u015fu \u015fekilde:<\/strong><\/p>\n\n\n\n<p>&#8221;\u0130stanbul Cumhuriyet Ba\u015fsavc\u0131l\u0131\u011f\u0131n\u0131n 2026\/102274 say\u0131l\u0131 soru\u015fturmas\u0131 kapsam\u0131nda; savc\u0131l\u0131k makam\u0131nca al\u0131nan \u015f\u00fcpheli ifadeleri, etkin pi\u015fmanl\u0131k ifadeleri ve gizli tan\u0131k beyanlar\u0131 do\u011frultusunda y\u00fcr\u00fct\u00fclen \u00e7al\u0131\u015fmalar neticesinde \u0130zmit Belediye Ba\u015fkanl\u0131\u011f\u0131 taraf\u0131ndan d\u00fczenlenen baz\u0131 ihaleler inceleme konusu olmu\u015ftur.<\/p>\n\n\n\n<p>Soru\u015fturma kapsam\u0131nda; \u0130zmit Belediye Ba\u015fkanl\u0131\u011f\u0131 taraf\u0131ndan d\u00fczenlenen ihalelerde, ihaleyi kazanan firmalar ile ihaleye teklif veren firmalar\u0131n belediye yetkilileriyle akrabal\u0131k ili\u015fkilerinin bulundu\u011fu, belediye ile i\u015f yapan firmalardan komisyon ad\u0131 alt\u0131nda para al\u0131nd\u0131\u011f\u0131, belediye ba\u015fkan\u0131n\u0131n e\u015finin ise ihale s\u00fcre\u00e7leri, personel al\u0131mlar\u0131 ve kadro belirlemelerinde do\u011frudan ba\u011flant\u0131s\u0131n\u0131n bulundu\u011fu y\u00f6n\u00fcndeki tespitler \u00fczerine adli s\u00fcre\u00e7 ba\u015flat\u0131lm\u0131\u015ft\u0131r.<\/p>\n\n\n\n<p>Bu kapsamda, \u0130zmit Belediye Ba\u015fkan\u0131 Fatma Kaplan H\u00fcrriyet ve belediye ba\u015fkan\u0131n\u0131n e\u015fi Murat H\u00fcrriyet isimli \u015fah\u0131slar\u0131n da aralar\u0131nda bulundu\u011fu toplam 31 ki\u015fi hakk\u0131nda \u201cSu\u00e7 \u0130\u015flemek Amac\u0131yla \u00d6rg\u00fct Kurmak\u201d, \u201cR\u00fc\u015fvet\u201d ve \u201c\u0130haleye Fesat Kar\u0131\u015ft\u0131rma\u201d su\u00e7lar\u0131ndan savc\u0131l\u0131k talimat\u0131 do\u011frultusunda 20.07.2026 tarihinde Antalya, K\u0131r\u0131kkale, \u0130zmit, \u0130stanbul ve Ankara illerinde e\u015f zamanl\u0131 operasyon ba\u015flat\u0131lm\u0131\u015ft\u0131r.<\/p>\n\n\n\n<p>Soru\u015fturma, \u0130stanbul Cumhuriyet Ba\u015fsavc\u0131l\u0131\u011f\u0131 koordinesinde \u00e7ok y\u00f6nl\u00fc ve titizlikle s\u00fcrd\u00fcr\u00fclmektedir.&#8221;<\/p>\n\n\n<div class=\"wp-block-image\">\n<figure class=\"aligncenter size-full\"><img loading=\"lazy\" decoding=\"async\" width=\"399\" height=\"501\" src=\"https:\/\/epochtimestr.com\/wp-content\/uploads\/2011y\/koca-eli-barosu.jpg\" alt=\"\" class=\"wp-image-168959\" srcset=\"https:\/\/epochtimestr.com\/wp-content\/uploads\/2011y\/koca-eli-barosu.jpg 399w, https:\/\/epochtimestr.com\/wp-content\/uploads\/2011y\/koca-eli-barosu-239x300.jpg 239w, https:\/\/epochtimestr.com\/wp-content\/uploads\/2011y\/koca-eli-barosu-119x150.jpg 119w\" sizes=\"(max-width: 399px) 100vw, 399px\" \/><\/figure><\/div>\n\n\n<p>\u00d6te yandan \u0130zmit Belediyesine y\u00f6nelik yap\u0131lan operasyon hakk\u0131nda yaz\u0131l\u0131 a\u00e7\u0131klama yapan Kocaeli Barosu, &#8220;Kocaeli Barosu olarak, hukuk devleti ilkesinin, adil yarg\u0131lanma hakk\u0131n\u0131n, masumiyet karinesinin ve lekelenmeme hakk\u0131n\u0131n korunmas\u0131 ad\u0131na kentimizde ba\u015flat\u0131lan bu soru\u015fturma s\u00fcrecini yak\u0131ndan takip edece\u011fimizi, hukukun \u00fcst\u00fcnl\u00fc\u011f\u00fcnden ve evrensel hukuk ilkelerinden taviz verilmemesi y\u00f6n\u00fcndeki sorumlulu\u011fumuzu kararl\u0131l\u0131kla s\u00fcrd\u00fcrece\u011fimizi kamuoyuna duyururuz&#8221; ifadelerini kulland\u0131.<\/p>\n","protected":false},"excerpt":{"rendered":"<p>Bu sabah saatlerinde \u0130zmit Belediyesi&#8217;ne d\u00fczenlenen operasyonda Belediye Ba\u015fkan\u0131 Fatma Kaplan H\u00fcrriyet dahil 28 ki\u015fi g\u00f6zalt\u0131na al\u0131nd\u0131. \u0130zmit Belediyesi&#8216;ne y\u00f6nelik olarak bu sabah saatlerinde d\u00fczenlenen operasyonda, Belediye Ba\u015fkan\u0131 Fatma Kaplan H\u00fcrriyet dahil 28 ki\u015fi g\u00f6zalt\u0131na al\u0131nd\u0131. \u0130stanbul Cumhuriyet Ba\u015fsavc\u0131l\u0131\u011f\u0131, \u0130zmit Belediyesi soru\u015fturmas\u0131 kapsam\u0131nda be\u015f ilde e\u015fzamanl\u0131 operasyon d\u00fczenledi. Soru\u015fturma kapsam\u0131nda 31 ki\u015fi hakk\u0131nda g\u00f6zalt\u0131 karar\u0131 [&hellip;]<\/p>\n","protected":false},"author":12791,"featured_media":168958,"comment_status":"open","ping_status":"open","sticky":false,"template":"","format":"standard","meta":{"_yoast_wpseo_focuskw":"Fatma Kaplan H\u00fcrriyet","_yoast_wpseo_title":"","_yoast_wpseo_metadesc":"\u0130zmit Belediyesi'ne y\u00f6nelik d\u00fczenlenen operasyonda belediye ba\u015fkan\u0131 Fatma Kaplan H\u00fcrriyet dahil 28 ki\u015fi g\u00f6zalt\u0131na al\u0131nd\u0131.","_bbp_topic_count":0,"_bbp_reply_count":0,"_bbp_total_topic_count":0,"_bbp_total_reply_count":0,"_bbp_voice_count":0,"_bbp_anonymous_reply_count":0,"_bbp_topic_count_hidden":0,"_bbp_reply_count_hidden":0,"_bbp_forum_subforum_count":0,"footnotes":"","_yoast_wpseo_focuskw_text_input":""},"categories":[1,8138,8226,37],"tags":[11819,11818,1326,11817,833],"yoast_head":"<!-- This site is optimized with the Yoast SEO plugin v23.0 - https:\/\/yoast.com\/wordpress\/plugins\/seo\/ -->\n<title>\u0130zmit Belediye Ba\u015fkan\u0131 Fatma Kaplan H\u00fcrriyet G\u00f6zalt\u0131na al\u0131nd\u0131 - The Epoch Times TR<\/title>\n<meta name=\"description\" content=\"\u0130zmit Belediyesi&#039;ne y\u00f6nelik d\u00fczenlenen operasyonda belediye ba\u015fkan\u0131 Fatma Kaplan H\u00fcrriyet dahil 28 ki\u015fi g\u00f6zalt\u0131na al\u0131nd\u0131.\" \/>\n<meta name=\"robots\" content=\"index, follow, max-snippet:-1, max-image-preview:large, max-video-preview:-1\" \/>\n<link rel=\"canonical\" href=\"https:\/\/epochtimestr.com\/index.php\/izmit-belediye-baskani-fatma-kaplan-hurriyet-gozaltina-alindi\" \/>\n<meta property=\"og:locale\" content=\"tr_TR\" \/>\n<meta property=\"og:type\" content=\"article\" \/>\n<meta property=\"og:title\" content=\"\u0130zmit Belediye Ba\u015fkan\u0131 Fatma Kaplan H\u00fcrriyet G\u00f6zalt\u0131na al\u0131nd\u0131 - The Epoch Times TR\" \/>\n<meta property=\"og:description\" content=\"\u0130zmit Belediyesi&#039;ne y\u00f6nelik d\u00fczenlenen operasyonda belediye ba\u015fkan\u0131 Fatma Kaplan H\u00fcrriyet dahil 28 ki\u015fi g\u00f6zalt\u0131na al\u0131nd\u0131.\" \/>\n<meta property=\"og:url\" content=\"https:\/\/epochtimestr.com\/index.php\/izmit-belediye-baskani-fatma-kaplan-hurriyet-gozaltina-alindi\" \/>\n<meta property=\"og:site_name\" content=\"The Epoch Times TR\" \/>\n<meta property=\"article:publisher\" content=\"https:\/\/www.facebook.com\/theepochtimestr\" \/>\n<meta property=\"article:published_time\" content=\"2026-07-20T19:45:48+00:00\" \/>\n<meta property=\"article:modified_time\" content=\"2026-07-20T19:45:49+00:00\" \/>\n<meta property=\"og:image\" content=\"https:\/\/epochtimestr.com\/wp-content\/uploads\/2011y\/izmit-bel.jpg\" \/>\n\t<meta property=\"og:image:width\" content=\"1280\" \/>\n\t<meta property=\"og:image:height\" content=\"853\" \/>\n\t<meta property=\"og:image:type\" content=\"image\/jpeg\" \/>\n<meta name=\"author\" content=\"Haber Merkezi\" \/>\n<meta name=\"twitter:card\" content=\"summary_large_image\" \/>\n<meta name=\"twitter:creator\" content=\"@TheEpochTimesTR\" \/>\n<meta name=\"twitter:site\" content=\"@TheEpochTimesTR\" \/>\n<meta name=\"twitter:label1\" content=\"Yazan:\" \/>\n\t<meta name=\"twitter:data1\" content=\"Haber Merkezi\" \/>\n\t<meta name=\"twitter:label2\" content=\"Tahmini okuma s\u00fcresi\" \/>\n\t<meta name=\"twitter:data2\" content=\"3 dakika\" \/>\n<script type=\"application\/ld+json\" class=\"yoast-schema-graph\">{\"@context\":\"https:\/\/schema.org\",\"@graph\":[{\"@type\":\"Article\",\"@id\":\"https:\/\/epochtimestr.com\/index.php\/izmit-belediye-baskani-fatma-kaplan-hurriyet-gozaltina-alindi#article\",\"isPartOf\":{\"@id\":\"https:\/\/epochtimestr.com\/index.php\/izmit-belediye-baskani-fatma-kaplan-hurriyet-gozaltina-alindi\"},\"author\":{\"name\":\"Haber Merkezi\",\"@id\":\"https:\/\/epochtimestr.com\/#\/schema\/person\/3dc5c3adeb9f43923c5aa85889172fdd\"},\"headline\":\"\u0130zmit Belediye Ba\u015fkan\u0131 Fatma Kaplan H\u00fcrriyet G\u00f6zalt\u0131na al\u0131nd\u0131\",\"datePublished\":\"2026-07-20T19:45:48+00:00\",\"dateModified\":\"2026-07-20T19:45:49+00:00\",\"mainEntityOfPage\":{\"@id\":\"https:\/\/epochtimestr.com\/index.php\/izmit-belediye-baskani-fatma-kaplan-hurriyet-gozaltina-alindi\"},\"wordCount\":495,\"commentCount\":0,\"publisher\":{\"@id\":\"https:\/\/epochtimestr.com\/#organization\"},\"image\":{\"@id\":\"https:\/\/epochtimestr.com\/index.php\/izmit-belediye-baskani-fatma-kaplan-hurriyet-gozaltina-alindi#primaryimage\"},\"thumbnailUrl\":\"https:\/\/epochtimestr.com\/wp-content\/uploads\/2011y\/izmit-bel.jpg\",\"keywords\":[\"Cumhuriyet Ba\u015fsavc\u0131l\u0131\u011f\u0131\",\"Fatma Kaplan H\u00fcrriyet\",\"g\u00f6zalt\u0131\",\"\u0130zmit Belediyesi\",\"Operasyon\"],\"articleSection\":[\"G\u00dcNDEM\",\"MAN\u015eET\",\"Siyaset\",\"T\u00dcRK\u0130YE\"],\"inLanguage\":\"tr\",\"potentialAction\":[{\"@type\":\"CommentAction\",\"name\":\"Comment\",\"target\":[\"https:\/\/epochtimestr.com\/index.php\/izmit-belediye-baskani-fatma-kaplan-hurriyet-gozaltina-alindi#respond\"]}]},{\"@type\":\"WebPage\",\"@id\":\"https:\/\/epochtimestr.com\/index.php\/izmit-belediye-baskani-fatma-kaplan-hurriyet-gozaltina-alindi\",\"url\":\"https:\/\/epochtimestr.com\/index.php\/izmit-belediye-baskani-fatma-kaplan-hurriyet-gozaltina-alindi\",\"name\":\"\u0130zmit Belediye Ba\u015fkan\u0131 Fatma Kaplan H\u00fcrriyet G\u00f6zalt\u0131na al\u0131nd\u0131 - The Epoch Times TR\",\"isPartOf\":{\"@id\":\"https:\/\/epochtimestr.com\/#website\"},\"primaryImageOfPage\":{\"@id\":\"https:\/\/epochtimestr.com\/index.php\/izmit-belediye-baskani-fatma-kaplan-hurriyet-gozaltina-alindi#primaryimage\"},\"image\":{\"@id\":\"https:\/\/epochtimestr.com\/index.php\/izmit-belediye-baskani-fatma-kaplan-hurriyet-gozaltina-alindi#primaryimage\"},\"thumbnailUrl\":\"https:\/\/epochtimestr.com\/wp-content\/uploads\/2011y\/izmit-bel.jpg\",\"datePublished\":\"2026-07-20T19:45:48+00:00\",\"dateModified\":\"2026-07-20T19:45:49+00:00\",\"description\":\"\u0130zmit Belediyesi'ne y\u00f6nelik d\u00fczenlenen operasyonda belediye ba\u015fkan\u0131 Fatma Kaplan H\u00fcrriyet dahil 28 ki\u015fi g\u00f6zalt\u0131na al\u0131nd\u0131.\",\"inLanguage\":\"tr\",\"potentialAction\":[{\"@type\":\"ReadAction\",\"target\":[\"https:\/\/epochtimestr.com\/index.php\/izmit-belediye-baskani-fatma-kaplan-hurriyet-gozaltina-alindi\"]}]},{\"@type\":\"ImageObject\",\"inLanguage\":\"tr\",\"@id\":\"https:\/\/epochtimestr.com\/index.php\/izmit-belediye-baskani-fatma-kaplan-hurriyet-gozaltina-alindi#primaryimage\",\"url\":\"https:\/\/epochtimestr.com\/wp-content\/uploads\/2011y\/izmit-bel.jpg\",\"contentUrl\":\"https:\/\/epochtimestr.com\/wp-content\/uploads\/2011y\/izmit-bel.jpg\",\"width\":1280,\"height\":853},{\"@type\":\"WebSite\",\"@id\":\"https:\/\/epochtimestr.com\/#website\",\"url\":\"https:\/\/epochtimestr.com\/\",\"name\":\"The Epoch Times TR\",\"description\":\"De\u011fi\u015fen D\u00fcnyam\u0131za Taze Bir Bak\u0131\u015f\",\"publisher\":{\"@id\":\"https:\/\/epochtimestr.com\/#organization\"},\"potentialAction\":[{\"@type\":\"SearchAction\",\"target\":{\"@type\":\"EntryPoint\",\"urlTemplate\":\"https:\/\/epochtimestr.com\/?s={search_term_string}\"},\"query-input\":\"required name=search_term_string\"}],\"inLanguage\":\"tr\"},{\"@type\":\"Organization\",\"@id\":\"https:\/\/epochtimestr.com\/#organization\",\"name\":\"The EpochTimes T\u00fcrkiye\",\"url\":\"https:\/\/epochtimestr.com\/\",\"logo\":{\"@type\":\"ImageObject\",\"inLanguage\":\"tr\",\"@id\":\"https:\/\/epochtimestr.com\/#\/schema\/logo\/image\/\",\"url\":\"https:\/\/epochtimestr.com\/wp-content\/uploads\/2011y\/ET-Logo-YG.jpg\",\"contentUrl\":\"https:\/\/epochtimestr.com\/wp-content\/uploads\/2011y\/ET-Logo-YG.jpg\",\"width\":346,\"height\":29,\"caption\":\"The EpochTimes T\u00fcrkiye\"},\"image\":{\"@id\":\"https:\/\/epochtimestr.com\/#\/schema\/logo\/image\/\"},\"sameAs\":[\"https:\/\/www.facebook.com\/theepochtimestr\",\"https:\/\/x.com\/TheEpochTimesTR\",\"https:\/\/www.instagram.com\/epochtimestr\"]},{\"@type\":\"Person\",\"@id\":\"https:\/\/epochtimestr.com\/#\/schema\/person\/3dc5c3adeb9f43923c5aa85889172fdd\",\"name\":\"Haber Merkezi\",\"image\":{\"@type\":\"ImageObject\",\"inLanguage\":\"tr\",\"@id\":\"https:\/\/epochtimestr.com\/#\/schema\/person\/image\/\",\"url\":\"https:\/\/secure.gravatar.com\/avatar\/d73f772ba5a74f28601361e17c2f93e6?s=96&d=mm&r=g\",\"contentUrl\":\"https:\/\/secure.gravatar.com\/avatar\/d73f772ba5a74f28601361e17c2f93e6?s=96&d=mm&r=g\",\"caption\":\"Haber Merkezi\"},\"url\":\"https:\/\/epochtimestr.com\/index.php\/author\/sendag\"}]}<\/script>\n<!-- \/ Yoast SEO plugin. -->","yoast_head_json":{"title":"\u0130zmit Belediye Ba\u015fkan\u0131 Fatma Kaplan H\u00fcrriyet G\u00f6zalt\u0131na al\u0131nd\u0131 - The Epoch Times TR","description":"\u0130zmit Belediyesi'ne y\u00f6nelik d\u00fczenlenen operasyonda belediye ba\u015fkan\u0131 Fatma Kaplan H\u00fcrriyet dahil 28 ki\u015fi g\u00f6zalt\u0131na al\u0131nd\u0131.","robots":{"index":"index","follow":"follow","max-snippet":"max-snippet:-1","max-image-preview":"max-image-preview:large","max-video-preview":"max-video-preview:-1"},"canonical":"https:\/\/epochtimestr.com\/index.php\/izmit-belediye-baskani-fatma-kaplan-hurriyet-gozaltina-alindi","og_locale":"tr_TR","og_type":"article","og_title":"\u0130zmit Belediye Ba\u015fkan\u0131 Fatma Kaplan H\u00fcrriyet G\u00f6zalt\u0131na al\u0131nd\u0131 - The Epoch Times TR","og_description":"\u0130zmit Belediyesi'ne y\u00f6nelik d\u00fczenlenen operasyonda belediye ba\u015fkan\u0131 Fatma Kaplan H\u00fcrriyet dahil 28 ki\u015fi g\u00f6zalt\u0131na al\u0131nd\u0131.","og_url":"https:\/\/epochtimestr.com\/index.php\/izmit-belediye-baskani-fatma-kaplan-hurriyet-gozaltina-alindi","og_site_name":"The Epoch Times TR","article_publisher":"https:\/\/www.facebook.com\/theepochtimestr","article_published_time":"2026-07-20T19:45:48+00:00","article_modified_time":"2026-07-20T19:45:49+00:00","og_image":[{"width":1280,"height":853,"url":"https:\/\/epochtimestr.com\/wp-content\/uploads\/2011y\/izmit-bel.jpg","type":"image\/jpeg"}],"author":"Haber Merkezi","twitter_card":"summary_large_image","twitter_creator":"@TheEpochTimesTR","twitter_site":"@TheEpochTimesTR","twitter_misc":{"Yazan:":"Haber Merkezi","Tahmini okuma s\u00fcresi":"3 dakika"},"schema":{"@context":"https:\/\/schema.org","@graph":[{"@type":"Article","@id":"https:\/\/epochtimestr.com\/index.php\/izmit-belediye-baskani-fatma-kaplan-hurriyet-gozaltina-alindi#article","isPartOf":{"@id":"https:\/\/epochtimestr.com\/index.php\/izmit-belediye-baskani-fatma-kaplan-hurriyet-gozaltina-alindi"},"author":{"name":"Haber Merkezi","@id":"https:\/\/epochtimestr.com\/#\/schema\/person\/3dc5c3adeb9f43923c5aa85889172fdd"},"headline":"\u0130zmit Belediye Ba\u015fkan\u0131 Fatma Kaplan H\u00fcrriyet G\u00f6zalt\u0131na al\u0131nd\u0131","datePublished":"2026-07-20T19:45:48+00:00","dateModified":"2026-07-20T19:45:49+00:00","mainEntityOfPage":{"@id":"https:\/\/epochtimestr.com\/index.php\/izmit-belediye-baskani-fatma-kaplan-hurriyet-gozaltina-alindi"},"wordCount":495,"commentCount":0,"publisher":{"@id":"https:\/\/epochtimestr.com\/#organization"},"image":{"@id":"https:\/\/epochtimestr.com\/index.php\/izmit-belediye-baskani-fatma-kaplan-hurriyet-gozaltina-alindi#primaryimage"},"thumbnailUrl":"https:\/\/epochtimestr.com\/wp-content\/uploads\/2011y\/izmit-bel.jpg","keywords":["Cumhuriyet Ba\u015fsavc\u0131l\u0131\u011f\u0131","Fatma Kaplan H\u00fcrriyet","g\u00f6zalt\u0131","\u0130zmit Belediyesi","Operasyon"],"articleSection":["G\u00dcNDEM","MAN\u015eET","Siyaset","T\u00dcRK\u0130YE"],"inLanguage":"tr","potentialAction":[{"@type":"CommentAction","name":"Comment","target":["https:\/\/epochtimestr.com\/index.php\/izmit-belediye-baskani-fatma-kaplan-hurriyet-gozaltina-alindi#respond"]}]},{"@type":"WebPage","@id":"https:\/\/epochtimestr.com\/index.php\/izmit-belediye-baskani-fatma-kaplan-hurriyet-gozaltina-alindi","url":"https:\/\/epochtimestr.com\/index.php\/izmit-belediye-baskani-fatma-kaplan-hurriyet-gozaltina-alindi","name":"\u0130zmit Belediye Ba\u015fkan\u0131 Fatma Kaplan H\u00fcrriyet G\u00f6zalt\u0131na al\u0131nd\u0131 - The Epoch Times TR","isPartOf":{"@id":"https:\/\/epochtimestr.com\/#website"},"primaryImageOfPage":{"@id":"https:\/\/epochtimestr.com\/index.php\/izmit-belediye-baskani-fatma-kaplan-hurriyet-gozaltina-alindi#primaryimage"},"image":{"@id":"https:\/\/epochtimestr.com\/index.php\/izmit-belediye-baskani-fatma-kaplan-hurriyet-gozaltina-alindi#primaryimage"},"thumbnailUrl":"https:\/\/epochtimestr.com\/wp-content\/uploads\/2011y\/izmit-bel.jpg","datePublished":"2026-07-20T19:45:48+00:00","dateModified":"2026-07-20T19:45:49+00:00","description":"\u0130zmit Belediyesi'ne y\u00f6nelik d\u00fczenlenen operasyonda belediye ba\u015fkan\u0131 Fatma Kaplan H\u00fcrriyet dahil 28 ki\u015fi g\u00f6zalt\u0131na al\u0131nd\u0131.","inLanguage":"tr","potentialAction":[{"@type":"ReadAction","target":["https:\/\/epochtimestr.com\/index.php\/izmit-belediye-baskani-fatma-kaplan-hurriyet-gozaltina-alindi"]}]},{"@type":"ImageObject","inLanguage":"tr","@id":"https:\/\/epochtimestr.com\/index.php\/izmit-belediye-baskani-fatma-kaplan-hurriyet-gozaltina-alindi#primaryimage","url":"https:\/\/epochtimestr.com\/wp-content\/uploads\/2011y\/izmit-bel.jpg","contentUrl":"https:\/\/epochtimestr.com\/wp-content\/uploads\/2011y\/izmit-bel.jpg","width":1280,"height":853},{"@type":"WebSite","@id":"https:\/\/epochtimestr.com\/#website","url":"https:\/\/epochtimestr.com\/","name":"The Epoch Times TR","description":"De\u011fi\u015fen D\u00fcnyam\u0131za Taze Bir Bak\u0131\u015f","publisher":{"@id":"https:\/\/epochtimestr.com\/#organization"},"potentialAction":[{"@type":"SearchAction","target":{"@type":"EntryPoint","urlTemplate":"https:\/\/epochtimestr.com\/?s={search_term_string}"},"query-input":"required name=search_term_string"}],"inLanguage":"tr"},{"@type":"Organization","@id":"https:\/\/epochtimestr.com\/#organization","name":"The EpochTimes T\u00fcrkiye","url":"https:\/\/epochtimestr.com\/","logo":{"@type":"ImageObject","inLanguage":"tr","@id":"https:\/\/epochtimestr.com\/#\/schema\/logo\/image\/","url":"https:\/\/epochtimestr.com\/wp-content\/uploads\/2011y\/ET-Logo-YG.jpg","contentUrl":"https:\/\/epochtimestr.com\/wp-content\/uploads\/2011y\/ET-Logo-YG.jpg","width":346,"height":29,"caption":"The EpochTimes T\u00fcrkiye"},"image":{"@id":"https:\/\/epochtimestr.com\/#\/schema\/logo\/image\/"},"sameAs":["https:\/\/www.facebook.com\/theepochtimestr","https:\/\/x.com\/TheEpochTimesTR","https:\/\/www.instagram.com\/epochtimestr"]},{"@type":"Person","@id":"https:\/\/epochtimestr.com\/#\/schema\/person\/3dc5c3adeb9f43923c5aa85889172fdd","name":"Haber Merkezi","image":{"@type":"ImageObject","inLanguage":"tr","@id":"https:\/\/epochtimestr.com\/#\/schema\/person\/image\/","url":"https:\/\/secure.gravatar.com\/avatar\/d73f772ba5a74f28601361e17c2f93e6?s=96&d=mm&r=g","contentUrl":"https:\/\/secure.gravatar.com\/avatar\/d73f772ba5a74f28601361e17c2f93e6?s=96&d=mm&r=g","caption":"Haber Merkezi"},"url":"https:\/\/epochtimestr.com\/index.php\/author\/sendag"}]}},"_links":{"self":[{"href":"https:\/\/epochtimestr.com\/index.php\/wp-json\/wp\/v2\/posts\/168957"}],"collection":[{"href":"https:\/\/epochtimestr.com\/index.php\/wp-json\/wp\/v2\/posts"}],"about":[{"href":"https:\/\/epochtimestr.com\/index.php\/wp-json\/wp\/v2\/types\/post"}],"author":[{"embeddable":true,"href":"https:\/\/epochtimestr.com\/index.php\/wp-json\/wp\/v2\/users\/12791"}],"replies":[{"embeddable":true,"href":"https:\/\/epochtimestr.com\/index.php\/wp-json\/wp\/v2\/comments?post=168957"}],"version-history":[{"count":2,"href":"https:\/\/epochtimestr.com\/index.php\/wp-json\/wp\/v2\/posts\/168957\/revisions"}],"predecessor-version":[{"id":168963,"href":"https:\/\/epochtimestr.com\/index.php\/wp-json\/wp\/v2\/posts\/168957\/revisions\/168963"}],"wp:featuredmedia":[{"embeddable":true,"href":"https:\/\/epochtimestr.com\/index.php\/wp-json\/wp\/v2\/media\/168958"}],"wp:attachment":[{"href":"https:\/\/epochtimestr.com\/index.php\/wp-json\/wp\/v2\/media?parent=168957"}],"wp:term":[{"taxonomy":"category","embeddable":true,"href":"https:\/\/epochtimestr.com\/index.php\/wp-json\/wp\/v2\/categories?post=168957"},{"taxonomy":"post_tag","embeddable":true,"href":"https:\/\/epochtimestr.com\/index.php\/wp-json\/wp\/v2\/tags?post=168957"}],"curies":[{"name":"wp","href":"https:\/\/api.w.org\/{rel}","templated":true}]}}