{"id":168969,"date":"2026-07-21T08:35:28","date_gmt":"2026-07-21T05:35:28","guid":{"rendered":"https:\/\/epochtimestr.com\/?p=168969"},"modified":"2026-07-21T08:35:30","modified_gmt":"2026-07-21T05:35:30","slug":"leyla-sahin-usta-mecliste-olaganustu-toplanti-yapilabilir","status":"publish","type":"post","link":"https:\/\/epochtimestr.com\/index.php\/leyla-sahin-usta-mecliste-olaganustu-toplanti-yapilabilir","title":{"rendered":"Leyla \u015eahin Usta: Mecliste Ola\u011fan\u00fcst\u00fc Toplant\u0131 Yap\u0131labilir"},"content":{"rendered":"<div class=\"wp-block-image\">\n<figure class=\"aligncenter size-full is-resized\"><img loading=\"lazy\" decoding=\"async\" width=\"686\" height=\"515\" src=\"https:\/\/epochtimestr.com\/wp-content\/uploads\/2011y\/leyla-sahin-usta-x.jpg\" alt=\"\" class=\"wp-image-168971\" style=\"width:686px;height:auto\" srcset=\"https:\/\/epochtimestr.com\/wp-content\/uploads\/2011y\/leyla-sahin-usta-x.jpg 686w, https:\/\/epochtimestr.com\/wp-content\/uploads\/2011y\/leyla-sahin-usta-x-300x225.jpg 300w, https:\/\/epochtimestr.com\/wp-content\/uploads\/2011y\/leyla-sahin-usta-x-150x113.jpg 150w, https:\/\/epochtimestr.com\/wp-content\/uploads\/2011y\/leyla-sahin-usta-x-86x64.jpg 86w\" sizes=\"(max-width: 686px) 100vw, 686px\" \/><figcaption class=\"wp-element-caption\">Leyla \u015eahin Usta, CHP milletvekillerinin dokunulmazl\u0131klar\u0131n\u0131n kald\u0131r\u0131lmas\u0131 hakk\u0131nda bir soruyu yan\u0131tlarken, &#8220;Meclis ola\u011fan\u00fcst\u00fc bir toplant\u0131 yapabilir&#8221; dedi. (Foto\u011fraf: Leyla \u015eahin Usta x hesab\u0131)<\/figcaption><\/figure><\/div>\n\n\n<h2 class=\"wp-block-heading\">AK Parti Grup Ba\u015fkanvekili Leyla \u015eahin Usta, CHP milletvekillerinin dokunulmazl\u0131klar\u0131n\u0131n kald\u0131r\u0131laca\u011f\u0131 y\u00f6n\u00fcndeki iddialara ili\u015fkin konu\u015ftu.<\/h2>\n\n\n\n<p><a href=\"https:\/\/epochtimestr.com\/index.php\/akpli-ilce-baskani-avukat-cihan-yavuz-gorevden-alindi\">AKP<\/a> Grup Ba\u015fkanvekili Leyla \u015eahin Usta, T\u00fcrkiye Bas\u0131n Federasyonu&#8217;nda (T\u00dcBAF) &#8220;Anadolu Sohbetleri&#8221; kapsam\u0131nda bas\u0131n mensuplar\u0131yla <a href=\"https:\/\/epochtimestr.com\/index.php\/akp-mkyksi-erdogan-baskanliginda-toplandi\" target=\"_blank\" rel=\"noreferrer noopener\">bir araya geldi<\/a>, g\u00fcndeme ili\u015fkin sorular\u0131 yan\u0131tlad\u0131. AK Parti Grup Ba\u015fkanvekili Leyla \u015eahin Usta, CHP milletvekillerinin <a href=\"https:\/\/epochtimestr.com\/index.php\/ukrayna-cumhurbaskani-porosenkodan-dokunulmazliklarin-kaldirilmasi-talebi\" target=\"_blank\" rel=\"noreferrer noopener\">dokunulmazl\u0131k<\/a>lar\u0131n\u0131n kald\u0131r\u0131laca\u011f\u0131 y\u00f6n\u00fcndeki iddialara ili\u015fkin, T\u00fcrkiye B\u00fcy\u00fck Millet Meclisi&#8217;nin (TBMM) g\u00fcndeminde bu y\u00f6nde herhangi bir dosyan\u0131n bulunmad\u0131\u011f\u0131n\u0131 s\u00f6yledi. Milletvekili dokunulmazl\u0131klar\u0131na ili\u015fkin s\u00fcrecin belirli hukuki prosed\u00fcrler \u00e7er\u00e7evesinde y\u00fcr\u00fct\u00fcld\u00fc\u011f\u00fcn\u00fc belirtti.<\/p>\n\n\n\n<p>Dokunulmazl\u0131\u011f\u0131n kald\u0131r\u0131lmas\u0131na y\u00f6nelik i\u015flemlerin savc\u0131l\u0131klar taraf\u0131ndan haz\u0131rlanacak fezlekelerin TBMM&#8217;ye g\u00f6nderilmesiyle ba\u015flayabilece\u011fini ifade eden Usta, &#8220;Bu ki\u015filerin yarg\u0131lanmas\u0131 gerekiyorsa, delillerin savc\u0131l\u0131k taraf\u0131ndan ortaya konulmas\u0131n\u0131n ard\u0131ndan fezlekeler haz\u0131rlan\u0131r ve Meclis&#8217;e gelir. Daha \u00f6nce dokunulmazl\u0131\u011f\u0131 kald\u0131r\u0131lan milletvekilleri oldu. Ancak bunun i\u00e7in \u00f6ncelikle fezlekelerin gelmesi gerekiyor.&#8221; dedi.<\/p>\n\n\n\n<p><strong>S\u00fcre\u00e7 ve yasal d\u00fczenlemelere ili\u015fkin de\u011ferlendirmelere ili\u015fkin soruya:<\/strong><\/p>\n\n\n\n<p>Usta, bu s\u00fcre\u00e7te yaln\u0131zca &#8220;Ter\u00f6rs\u00fcz T\u00fcrkiye&#8221; ba\u015fl\u0131\u011f\u0131yla ola\u011fan\u00fcst\u00fc bir toplant\u0131 yap\u0131labilece\u011fini ifade ederek, bunun d\u0131\u015f\u0131nda dokunulmazl\u0131k dosyalar\u0131na ili\u015fkin Meclis g\u00fcndemine gelmi\u015f herhangi bir \u00e7al\u0131\u015fma bulunmad\u0131\u011f\u0131n\u0131 s\u00f6yledi.<\/p>\n\n\n\n<p>&#8220;\u015eu anda yasal bir d\u00fczenleme ile ilgili \u00e7al\u0131\u015fma devam ediyor. Bu \u00e7al\u0131\u015fmaya asl\u0131nda \u00e7er\u00e7eve bir \u00e7al\u0131\u015fma diyebiliriz \u00e7\u00fcnk\u00fc sadece bizim getirdi\u011fimiz birtak\u0131m teklifler, kanunlar de\u011fil. Burada b\u00fct\u00fcn partilerin uzla\u015f\u0131s\u0131yla birlikte bir s\u00fcrecin y\u00fcr\u00fct\u00fclmesi gerekiyor. Bununla ilgili olarak Numan Bey g\u00f6r\u00fc\u015fmelerini devam ettiriyor. Buradan g\u00fczel ve iyi sonu\u00e7lar\u0131n \u00e7\u0131kaca\u011f\u0131n\u0131 tahmin ediyorum. Hem \u00fclkemizin hem de b\u00f6lgemizin \u00f6n\u00fcn\u00fc a\u00e7acak d\u00fczenlemelerin gelece\u011fini de d\u00fc\u015f\u00fcn\u00fcyorum&#8221; ifadelerini kulland\u0131.<\/p>\n\n\n\n<h3 class=\"wp-block-heading\">&#8220;Parlamenter sisteme d\u00f6nmek bence art\u0131k T\u00fcrkiye&#8217;nin geldi\u011fi bu noktadan sonra do\u011fru bir tart\u0131\u015fma olmaz&#8221;<\/h3>\n\n\n\n<p>AKP&#8217;li Cumhurba\u015fkan\u0131 Recep Tayyip Erdo\u011fan&#8217;\u0131n g\u00f6rev s\u00fcresi, genel se\u00e7imde y\u00fczde 50 art\u0131 1 \u015fart\u0131ndan vazge\u00e7ilmesi, parlamenter sisteme d\u00f6n\u00fclmesi veya Cumhurba\u015fkanl\u0131\u011f\u0131 se\u00e7imlerinin \u00f6ne al\u0131nmas\u0131 gibi tart\u0131\u015fmalara nas\u0131l bakt\u0131\u011f\u0131 sorulan Usta, &#8220;Cumhurba\u015fkan\u0131m\u0131z da a\u00e7\u0131klamay\u0131 yapt\u0131. Se\u00e7imler zaman\u0131nda yap\u0131lacak, 2028 dedik. Anayasa de\u011fi\u015fikli\u011fi olmadan da bunlar\u0131n \u00e7\u00f6z\u00fcmleri vard\u0131r ama \u015fu an i\u00e7in net s\u00f6yledi\u011fimiz 2028 se\u00e7im takvimimiz. 50 art\u0131 1 de\u011fi\u015fir mi de\u011fi\u015fmez mi? Bunlar\u0131n hepsi dedi\u011fim gibi, partilerle yap\u0131lan g\u00f6r\u00fc\u015fmelerde tart\u0131\u015f\u0131l\u0131yor. Art\u0131s\u0131na eksisine bak\u0131labiliyor. Parlamenter sisteme d\u00f6nmek bence art\u0131k T\u00fcrkiye&#8217;nin geldi\u011fi bu noktadan sonra do\u011fru bir tart\u0131\u015fma olmaz&#8221; ifadelerini kulland\u0131.<\/p>\n","protected":false},"excerpt":{"rendered":"<p>AK Parti Grup Ba\u015fkanvekili Leyla \u015eahin Usta, CHP milletvekillerinin dokunulmazl\u0131klar\u0131n\u0131n kald\u0131r\u0131laca\u011f\u0131 y\u00f6n\u00fcndeki iddialara ili\u015fkin konu\u015ftu. AKP Grup Ba\u015fkanvekili Leyla \u015eahin Usta, T\u00fcrkiye Bas\u0131n Federasyonu&#8217;nda (T\u00dcBAF) &#8220;Anadolu Sohbetleri&#8221; kapsam\u0131nda bas\u0131n mensuplar\u0131yla bir araya geldi, g\u00fcndeme ili\u015fkin sorular\u0131 yan\u0131tlad\u0131. AK Parti Grup Ba\u015fkanvekili Leyla \u015eahin Usta, CHP milletvekillerinin dokunulmazl\u0131klar\u0131n\u0131n kald\u0131r\u0131laca\u011f\u0131 y\u00f6n\u00fcndeki iddialara ili\u015fkin, T\u00fcrkiye B\u00fcy\u00fck Millet Meclisi&#8217;nin [&hellip;]<\/p>\n","protected":false},"author":12791,"featured_media":168971,"comment_status":"open","ping_status":"open","sticky":false,"template":"","format":"standard","meta":{"_yoast_wpseo_focuskw":"Leyla \u015eahin Usta","_yoast_wpseo_title":"","_yoast_wpseo_metadesc":"AK Parti Grup Ba\u015fkanvekili Leyla \u015eahin Usta, CHP milletvekillerinin dokunulmazl\u0131klar\u0131n\u0131n kald\u0131r\u0131laca\u011f\u0131 y\u00f6n\u00fcndeki iddialara ili\u015fkin konu\u015ftu.","_bbp_topic_count":0,"_bbp_reply_count":0,"_bbp_total_topic_count":0,"_bbp_total_reply_count":0,"_bbp_voice_count":0,"_bbp_anonymous_reply_count":0,"_bbp_topic_count_hidden":0,"_bbp_reply_count_hidden":0,"_bbp_forum_subforum_count":0,"footnotes":"","_yoast_wpseo_focuskw_text_input":""},"categories":[1,8138,8226,37],"tags":[1017,583,5008,11825,1801],"yoast_head":"<!-- This site is optimized with the Yoast SEO plugin v23.0 - https:\/\/yoast.com\/wordpress\/plugins\/seo\/ -->\n<title>Leyla \u015eahin Usta: Mecliste Ola\u011fan\u00fcst\u00fc Toplant\u0131 Yap\u0131labilir - The Epoch Times TR<\/title>\n<meta name=\"description\" content=\"AK Parti Grup Ba\u015fkanvekili Leyla \u015eahin Usta, CHP milletvekillerinin dokunulmazl\u0131klar\u0131n\u0131n kald\u0131r\u0131laca\u011f\u0131 y\u00f6n\u00fcndeki iddialara ili\u015fkin konu\u015ftu.\" \/>\n<meta name=\"robots\" content=\"index, follow, max-snippet:-1, max-image-preview:large, max-video-preview:-1\" \/>\n<link rel=\"canonical\" href=\"https:\/\/epochtimestr.com\/index.php\/leyla-sahin-usta-mecliste-olaganustu-toplanti-yapilabilir\" \/>\n<meta property=\"og:locale\" content=\"tr_TR\" \/>\n<meta property=\"og:type\" content=\"article\" \/>\n<meta property=\"og:title\" content=\"Leyla \u015eahin Usta: Mecliste Ola\u011fan\u00fcst\u00fc Toplant\u0131 Yap\u0131labilir - The Epoch Times TR\" \/>\n<meta property=\"og:description\" content=\"AK Parti Grup Ba\u015fkanvekili Leyla \u015eahin Usta, CHP milletvekillerinin dokunulmazl\u0131klar\u0131n\u0131n kald\u0131r\u0131laca\u011f\u0131 y\u00f6n\u00fcndeki iddialara ili\u015fkin konu\u015ftu.\" \/>\n<meta property=\"og:url\" content=\"https:\/\/epochtimestr.com\/index.php\/leyla-sahin-usta-mecliste-olaganustu-toplanti-yapilabilir\" \/>\n<meta property=\"og:site_name\" content=\"The Epoch Times TR\" \/>\n<meta property=\"article:publisher\" content=\"https:\/\/www.facebook.com\/theepochtimestr\" \/>\n<meta property=\"article:published_time\" content=\"2026-07-21T05:35:28+00:00\" \/>\n<meta property=\"article:modified_time\" content=\"2026-07-21T05:35:30+00:00\" \/>\n<meta property=\"og:image\" content=\"https:\/\/epochtimestr.com\/wp-content\/uploads\/2011y\/leyla-sahin-usta-x.jpg\" \/>\n\t<meta property=\"og:image:width\" content=\"686\" \/>\n\t<meta property=\"og:image:height\" content=\"515\" \/>\n\t<meta property=\"og:image:type\" content=\"image\/jpeg\" \/>\n<meta name=\"author\" content=\"Haber Merkezi\" \/>\n<meta name=\"twitter:card\" content=\"summary_large_image\" \/>\n<meta name=\"twitter:creator\" content=\"@TheEpochTimesTR\" \/>\n<meta name=\"twitter:site\" content=\"@TheEpochTimesTR\" \/>\n<meta name=\"twitter:label1\" content=\"Yazan:\" \/>\n\t<meta name=\"twitter:data1\" content=\"Haber Merkezi\" \/>\n\t<meta name=\"twitter:label2\" content=\"Tahmini okuma s\u00fcresi\" \/>\n\t<meta name=\"twitter:data2\" content=\"3 dakika\" \/>\n<script type=\"application\/ld+json\" class=\"yoast-schema-graph\">{\"@context\":\"https:\/\/schema.org\",\"@graph\":[{\"@type\":\"Article\",\"@id\":\"https:\/\/epochtimestr.com\/index.php\/leyla-sahin-usta-mecliste-olaganustu-toplanti-yapilabilir#article\",\"isPartOf\":{\"@id\":\"https:\/\/epochtimestr.com\/index.php\/leyla-sahin-usta-mecliste-olaganustu-toplanti-yapilabilir\"},\"author\":{\"name\":\"Haber Merkezi\",\"@id\":\"https:\/\/epochtimestr.com\/#\/schema\/person\/3dc5c3adeb9f43923c5aa85889172fdd\"},\"headline\":\"Leyla \u015eahin Usta: Mecliste Ola\u011fan\u00fcst\u00fc Toplant\u0131 Yap\u0131labilir\",\"datePublished\":\"2026-07-21T05:35:28+00:00\",\"dateModified\":\"2026-07-21T05:35:30+00:00\",\"mainEntityOfPage\":{\"@id\":\"https:\/\/epochtimestr.com\/index.php\/leyla-sahin-usta-mecliste-olaganustu-toplanti-yapilabilir\"},\"wordCount\":540,\"commentCount\":0,\"publisher\":{\"@id\":\"https:\/\/epochtimestr.com\/#organization\"},\"image\":{\"@id\":\"https:\/\/epochtimestr.com\/index.php\/leyla-sahin-usta-mecliste-olaganustu-toplanti-yapilabilir#primaryimage\"},\"thumbnailUrl\":\"https:\/\/epochtimestr.com\/wp-content\/uploads\/2011y\/leyla-sahin-usta-x.jpg\",\"keywords\":[\"AKP\",\"CHP\",\"dokunulmazl\u0131k\",\"Leyla \u015eahin Usta\",\"milletvekili\"],\"articleSection\":[\"G\u00dcNDEM\",\"MAN\u015eET\",\"Siyaset\",\"T\u00dcRK\u0130YE\"],\"inLanguage\":\"tr\",\"potentialAction\":[{\"@type\":\"CommentAction\",\"name\":\"Comment\",\"target\":[\"https:\/\/epochtimestr.com\/index.php\/leyla-sahin-usta-mecliste-olaganustu-toplanti-yapilabilir#respond\"]}]},{\"@type\":\"WebPage\",\"@id\":\"https:\/\/epochtimestr.com\/index.php\/leyla-sahin-usta-mecliste-olaganustu-toplanti-yapilabilir\",\"url\":\"https:\/\/epochtimestr.com\/index.php\/leyla-sahin-usta-mecliste-olaganustu-toplanti-yapilabilir\",\"name\":\"Leyla \u015eahin Usta: Mecliste Ola\u011fan\u00fcst\u00fc Toplant\u0131 Yap\u0131labilir - The Epoch Times TR\",\"isPartOf\":{\"@id\":\"https:\/\/epochtimestr.com\/#website\"},\"primaryImageOfPage\":{\"@id\":\"https:\/\/epochtimestr.com\/index.php\/leyla-sahin-usta-mecliste-olaganustu-toplanti-yapilabilir#primaryimage\"},\"image\":{\"@id\":\"https:\/\/epochtimestr.com\/index.php\/leyla-sahin-usta-mecliste-olaganustu-toplanti-yapilabilir#primaryimage\"},\"thumbnailUrl\":\"https:\/\/epochtimestr.com\/wp-content\/uploads\/2011y\/leyla-sahin-usta-x.jpg\",\"datePublished\":\"2026-07-21T05:35:28+00:00\",\"dateModified\":\"2026-07-21T05:35:30+00:00\",\"description\":\"AK Parti Grup Ba\u015fkanvekili Leyla \u015eahin Usta, CHP milletvekillerinin dokunulmazl\u0131klar\u0131n\u0131n kald\u0131r\u0131laca\u011f\u0131 y\u00f6n\u00fcndeki iddialara ili\u015fkin konu\u015ftu.\",\"inLanguage\":\"tr\",\"potentialAction\":[{\"@type\":\"ReadAction\",\"target\":[\"https:\/\/epochtimestr.com\/index.php\/leyla-sahin-usta-mecliste-olaganustu-toplanti-yapilabilir\"]}]},{\"@type\":\"ImageObject\",\"inLanguage\":\"tr\",\"@id\":\"https:\/\/epochtimestr.com\/index.php\/leyla-sahin-usta-mecliste-olaganustu-toplanti-yapilabilir#primaryimage\",\"url\":\"https:\/\/epochtimestr.com\/wp-content\/uploads\/2011y\/leyla-sahin-usta-x.jpg\",\"contentUrl\":\"https:\/\/epochtimestr.com\/wp-content\/uploads\/2011y\/leyla-sahin-usta-x.jpg\",\"width\":686,\"height\":515},{\"@type\":\"WebSite\",\"@id\":\"https:\/\/epochtimestr.com\/#website\",\"url\":\"https:\/\/epochtimestr.com\/\",\"name\":\"The Epoch Times TR\",\"description\":\"De\u011fi\u015fen D\u00fcnyam\u0131za Taze Bir Bak\u0131\u015f\",\"publisher\":{\"@id\":\"https:\/\/epochtimestr.com\/#organization\"},\"potentialAction\":[{\"@type\":\"SearchAction\",\"target\":{\"@type\":\"EntryPoint\",\"urlTemplate\":\"https:\/\/epochtimestr.com\/?s={search_term_string}\"},\"query-input\":\"required name=search_term_string\"}],\"inLanguage\":\"tr\"},{\"@type\":\"Organization\",\"@id\":\"https:\/\/epochtimestr.com\/#organization\",\"name\":\"The EpochTimes T\u00fcrkiye\",\"url\":\"https:\/\/epochtimestr.com\/\",\"logo\":{\"@type\":\"ImageObject\",\"inLanguage\":\"tr\",\"@id\":\"https:\/\/epochtimestr.com\/#\/schema\/logo\/image\/\",\"url\":\"https:\/\/epochtimestr.com\/wp-content\/uploads\/2011y\/ET-Logo-YG.jpg\",\"contentUrl\":\"https:\/\/epochtimestr.com\/wp-content\/uploads\/2011y\/ET-Logo-YG.jpg\",\"width\":346,\"height\":29,\"caption\":\"The EpochTimes T\u00fcrkiye\"},\"image\":{\"@id\":\"https:\/\/epochtimestr.com\/#\/schema\/logo\/image\/\"},\"sameAs\":[\"https:\/\/www.facebook.com\/theepochtimestr\",\"https:\/\/x.com\/TheEpochTimesTR\",\"https:\/\/www.instagram.com\/epochtimestr\"]},{\"@type\":\"Person\",\"@id\":\"https:\/\/epochtimestr.com\/#\/schema\/person\/3dc5c3adeb9f43923c5aa85889172fdd\",\"name\":\"Haber Merkezi\",\"image\":{\"@type\":\"ImageObject\",\"inLanguage\":\"tr\",\"@id\":\"https:\/\/epochtimestr.com\/#\/schema\/person\/image\/\",\"url\":\"https:\/\/secure.gravatar.com\/avatar\/d73f772ba5a74f28601361e17c2f93e6?s=96&d=mm&r=g\",\"contentUrl\":\"https:\/\/secure.gravatar.com\/avatar\/d73f772ba5a74f28601361e17c2f93e6?s=96&d=mm&r=g\",\"caption\":\"Haber Merkezi\"},\"url\":\"https:\/\/epochtimestr.com\/index.php\/author\/sendag\"}]}<\/script>\n<!-- \/ Yoast SEO plugin. -->","yoast_head_json":{"title":"Leyla \u015eahin Usta: Mecliste Ola\u011fan\u00fcst\u00fc Toplant\u0131 Yap\u0131labilir - The Epoch Times TR","description":"AK Parti Grup Ba\u015fkanvekili Leyla \u015eahin Usta, CHP milletvekillerinin dokunulmazl\u0131klar\u0131n\u0131n kald\u0131r\u0131laca\u011f\u0131 y\u00f6n\u00fcndeki iddialara ili\u015fkin konu\u015ftu.","robots":{"index":"index","follow":"follow","max-snippet":"max-snippet:-1","max-image-preview":"max-image-preview:large","max-video-preview":"max-video-preview:-1"},"canonical":"https:\/\/epochtimestr.com\/index.php\/leyla-sahin-usta-mecliste-olaganustu-toplanti-yapilabilir","og_locale":"tr_TR","og_type":"article","og_title":"Leyla \u015eahin Usta: Mecliste Ola\u011fan\u00fcst\u00fc Toplant\u0131 Yap\u0131labilir - The Epoch Times TR","og_description":"AK Parti Grup Ba\u015fkanvekili Leyla \u015eahin Usta, CHP milletvekillerinin dokunulmazl\u0131klar\u0131n\u0131n kald\u0131r\u0131laca\u011f\u0131 y\u00f6n\u00fcndeki iddialara ili\u015fkin konu\u015ftu.","og_url":"https:\/\/epochtimestr.com\/index.php\/leyla-sahin-usta-mecliste-olaganustu-toplanti-yapilabilir","og_site_name":"The Epoch Times TR","article_publisher":"https:\/\/www.facebook.com\/theepochtimestr","article_published_time":"2026-07-21T05:35:28+00:00","article_modified_time":"2026-07-21T05:35:30+00:00","og_image":[{"width":686,"height":515,"url":"https:\/\/epochtimestr.com\/wp-content\/uploads\/2011y\/leyla-sahin-usta-x.jpg","type":"image\/jpeg"}],"author":"Haber Merkezi","twitter_card":"summary_large_image","twitter_creator":"@TheEpochTimesTR","twitter_site":"@TheEpochTimesTR","twitter_misc":{"Yazan:":"Haber Merkezi","Tahmini okuma s\u00fcresi":"3 dakika"},"schema":{"@context":"https:\/\/schema.org","@graph":[{"@type":"Article","@id":"https:\/\/epochtimestr.com\/index.php\/leyla-sahin-usta-mecliste-olaganustu-toplanti-yapilabilir#article","isPartOf":{"@id":"https:\/\/epochtimestr.com\/index.php\/leyla-sahin-usta-mecliste-olaganustu-toplanti-yapilabilir"},"author":{"name":"Haber Merkezi","@id":"https:\/\/epochtimestr.com\/#\/schema\/person\/3dc5c3adeb9f43923c5aa85889172fdd"},"headline":"Leyla \u015eahin Usta: Mecliste Ola\u011fan\u00fcst\u00fc Toplant\u0131 Yap\u0131labilir","datePublished":"2026-07-21T05:35:28+00:00","dateModified":"2026-07-21T05:35:30+00:00","mainEntityOfPage":{"@id":"https:\/\/epochtimestr.com\/index.php\/leyla-sahin-usta-mecliste-olaganustu-toplanti-yapilabilir"},"wordCount":540,"commentCount":0,"publisher":{"@id":"https:\/\/epochtimestr.com\/#organization"},"image":{"@id":"https:\/\/epochtimestr.com\/index.php\/leyla-sahin-usta-mecliste-olaganustu-toplanti-yapilabilir#primaryimage"},"thumbnailUrl":"https:\/\/epochtimestr.com\/wp-content\/uploads\/2011y\/leyla-sahin-usta-x.jpg","keywords":["AKP","CHP","dokunulmazl\u0131k","Leyla \u015eahin Usta","milletvekili"],"articleSection":["G\u00dcNDEM","MAN\u015eET","Siyaset","T\u00dcRK\u0130YE"],"inLanguage":"tr","potentialAction":[{"@type":"CommentAction","name":"Comment","target":["https:\/\/epochtimestr.com\/index.php\/leyla-sahin-usta-mecliste-olaganustu-toplanti-yapilabilir#respond"]}]},{"@type":"WebPage","@id":"https:\/\/epochtimestr.com\/index.php\/leyla-sahin-usta-mecliste-olaganustu-toplanti-yapilabilir","url":"https:\/\/epochtimestr.com\/index.php\/leyla-sahin-usta-mecliste-olaganustu-toplanti-yapilabilir","name":"Leyla \u015eahin Usta: Mecliste Ola\u011fan\u00fcst\u00fc Toplant\u0131 Yap\u0131labilir - The Epoch Times TR","isPartOf":{"@id":"https:\/\/epochtimestr.com\/#website"},"primaryImageOfPage":{"@id":"https:\/\/epochtimestr.com\/index.php\/leyla-sahin-usta-mecliste-olaganustu-toplanti-yapilabilir#primaryimage"},"image":{"@id":"https:\/\/epochtimestr.com\/index.php\/leyla-sahin-usta-mecliste-olaganustu-toplanti-yapilabilir#primaryimage"},"thumbnailUrl":"https:\/\/epochtimestr.com\/wp-content\/uploads\/2011y\/leyla-sahin-usta-x.jpg","datePublished":"2026-07-21T05:35:28+00:00","dateModified":"2026-07-21T05:35:30+00:00","description":"AK Parti Grup Ba\u015fkanvekili Leyla \u015eahin Usta, CHP milletvekillerinin dokunulmazl\u0131klar\u0131n\u0131n kald\u0131r\u0131laca\u011f\u0131 y\u00f6n\u00fcndeki iddialara ili\u015fkin konu\u015ftu.","inLanguage":"tr","potentialAction":[{"@type":"ReadAction","target":["https:\/\/epochtimestr.com\/index.php\/leyla-sahin-usta-mecliste-olaganustu-toplanti-yapilabilir"]}]},{"@type":"ImageObject","inLanguage":"tr","@id":"https:\/\/epochtimestr.com\/index.php\/leyla-sahin-usta-mecliste-olaganustu-toplanti-yapilabilir#primaryimage","url":"https:\/\/epochtimestr.com\/wp-content\/uploads\/2011y\/leyla-sahin-usta-x.jpg","contentUrl":"https:\/\/epochtimestr.com\/wp-content\/uploads\/2011y\/leyla-sahin-usta-x.jpg","width":686,"height":515},{"@type":"WebSite","@id":"https:\/\/epochtimestr.com\/#website","url":"https:\/\/epochtimestr.com\/","name":"The Epoch Times TR","description":"De\u011fi\u015fen D\u00fcnyam\u0131za Taze Bir Bak\u0131\u015f","publisher":{"@id":"https:\/\/epochtimestr.com\/#organization"},"potentialAction":[{"@type":"SearchAction","target":{"@type":"EntryPoint","urlTemplate":"https:\/\/epochtimestr.com\/?s={search_term_string}"},"query-input":"required name=search_term_string"}],"inLanguage":"tr"},{"@type":"Organization","@id":"https:\/\/epochtimestr.com\/#organization","name":"The EpochTimes T\u00fcrkiye","url":"https:\/\/epochtimestr.com\/","logo":{"@type":"ImageObject","inLanguage":"tr","@id":"https:\/\/epochtimestr.com\/#\/schema\/logo\/image\/","url":"https:\/\/epochtimestr.com\/wp-content\/uploads\/2011y\/ET-Logo-YG.jpg","contentUrl":"https:\/\/epochtimestr.com\/wp-content\/uploads\/2011y\/ET-Logo-YG.jpg","width":346,"height":29,"caption":"The EpochTimes T\u00fcrkiye"},"image":{"@id":"https:\/\/epochtimestr.com\/#\/schema\/logo\/image\/"},"sameAs":["https:\/\/www.facebook.com\/theepochtimestr","https:\/\/x.com\/TheEpochTimesTR","https:\/\/www.instagram.com\/epochtimestr"]},{"@type":"Person","@id":"https:\/\/epochtimestr.com\/#\/schema\/person\/3dc5c3adeb9f43923c5aa85889172fdd","name":"Haber Merkezi","image":{"@type":"ImageObject","inLanguage":"tr","@id":"https:\/\/epochtimestr.com\/#\/schema\/person\/image\/","url":"https:\/\/secure.gravatar.com\/avatar\/d73f772ba5a74f28601361e17c2f93e6?s=96&d=mm&r=g","contentUrl":"https:\/\/secure.gravatar.com\/avatar\/d73f772ba5a74f28601361e17c2f93e6?s=96&d=mm&r=g","caption":"Haber Merkezi"},"url":"https:\/\/epochtimestr.com\/index.php\/author\/sendag"}]}},"_links":{"self":[{"href":"https:\/\/epochtimestr.com\/index.php\/wp-json\/wp\/v2\/posts\/168969"}],"collection":[{"href":"https:\/\/epochtimestr.com\/index.php\/wp-json\/wp\/v2\/posts"}],"about":[{"href":"https:\/\/epochtimestr.com\/index.php\/wp-json\/wp\/v2\/types\/post"}],"author":[{"embeddable":true,"href":"https:\/\/epochtimestr.com\/index.php\/wp-json\/wp\/v2\/users\/12791"}],"replies":[{"embeddable":true,"href":"https:\/\/epochtimestr.com\/index.php\/wp-json\/wp\/v2\/comments?post=168969"}],"version-history":[{"count":2,"href":"https:\/\/epochtimestr.com\/index.php\/wp-json\/wp\/v2\/posts\/168969\/revisions"}],"predecessor-version":[{"id":168982,"href":"https:\/\/epochtimestr.com\/index.php\/wp-json\/wp\/v2\/posts\/168969\/revisions\/168982"}],"wp:featuredmedia":[{"embeddable":true,"href":"https:\/\/epochtimestr.com\/index.php\/wp-json\/wp\/v2\/media\/168971"}],"wp:attachment":[{"href":"https:\/\/epochtimestr.com\/index.php\/wp-json\/wp\/v2\/media?parent=168969"}],"wp:term":[{"taxonomy":"category","embeddable":true,"href":"https:\/\/epochtimestr.com\/index.php\/wp-json\/wp\/v2\/categories?post=168969"},{"taxonomy":"post_tag","embeddable":true,"href":"https:\/\/epochtimestr.com\/index.php\/wp-json\/wp\/v2\/tags?post=168969"}],"curies":[{"name":"wp","href":"https:\/\/api.w.org\/{rel}","templated":true}]}}