{"id":169026,"date":"2026-07-22T19:10:07","date_gmt":"2026-07-22T16:10:07","guid":{"rendered":"https:\/\/epochtimestr.com\/?p=169026"},"modified":"2026-07-22T21:13:15","modified_gmt":"2026-07-22T18:13:15","slug":"tuik-mayis-2026-ucretli-calisan-istatistiklerini-yayimladi","status":"publish","type":"post","link":"https:\/\/epochtimestr.com\/index.php\/tuik-mayis-2026-ucretli-calisan-istatistiklerini-yayimladi","title":{"rendered":"T\u00dc\u0130K May\u0131s 2026 \u00dccretli \u00c7al\u0131\u015fan \u0130statistiklerini Yay\u0131mlad\u0131"},"content":{"rendered":"<div class=\"wp-block-image\">\n<figure class=\"aligncenter size-full is-resized\"><img loading=\"lazy\" decoding=\"async\" width=\"1280\" height=\"904\" src=\"https:\/\/epochtimestr.com\/wp-content\/uploads\/2011y\/pixabay-1.webp\" alt=\"\" class=\"wp-image-169027\" style=\"width:840px;height:auto\" srcset=\"https:\/\/epochtimestr.com\/wp-content\/uploads\/2011y\/pixabay-1.webp 1280w, https:\/\/epochtimestr.com\/wp-content\/uploads\/2011y\/pixabay-1-300x212.webp 300w, https:\/\/epochtimestr.com\/wp-content\/uploads\/2011y\/pixabay-1-150x106.webp 150w, https:\/\/epochtimestr.com\/wp-content\/uploads\/2011y\/pixabay-1-768x542.webp 768w\" sizes=\"(max-width: 1280px) 100vw, 1280px\" \/><figcaption class=\"wp-element-caption\">T\u00dc\u0130K May\u0131s 2026 \u00fccretli \u00e7al\u0131\u015fan istatistiklerini yay\u0131mlad\u0131. (Foto\u011fraf: Geralt, Pixabay)<\/figcaption><\/figure><\/div>\n\n\n<h2 class=\"wp-block-heading\">T\u00dc\u0130K May\u0131s 2026 verilerine g\u00f6re T\u00fcrkiye&#8217;de \u00fccretli \u00e7al\u0131\u015fan say\u0131s\u0131 ge\u00e7en y\u0131la g\u00f6re y\u00fczde 0,5 artarak 15 milyon 970 bin 105&#8217;e y\u00fckseldi.<\/h2>\n\n\n\n<p><a href=\"https:\/\/epochtimestr.com\/index.php\/turkiye-istatistik-kurumu-haziran-ayi-enflasyon-verilerini-acikladi\" target=\"_blank\" rel=\"noreferrer noopener\">T\u00fcrkiye \u0130statistik Kurumu<\/a> (T\u00dc\u0130K) verilerine g\u00f6re, sanayi, in\u015faat ve ticaret-hizmet sekt\u00f6rleri toplam\u0131nda \u00fccretli \u00e7al\u0131\u015fan say\u0131s\u0131 2026 May\u0131s ay\u0131nda 15 milyon 970 bin 105&#8217;e y\u00fckseldi. Bu say\u0131 2025 May\u0131s ay\u0131nda 15 milyon 892 bin 187 ki\u015fiydi.<\/p>\n\n\n\n<p>Sanayi, in\u015faat ve ticaret-hizmet sekt\u00f6rleri toplam\u0131nda <a href=\"https:\/\/epochtimestr.com\/index.php\/tuik-hizmet-sektorunde-ucretli-calisan-sayisi-azaldi\" target=\"_blank\" rel=\"noreferrer noopener\">\u00fccretli \u00e7al\u0131\u015fan say\u0131s\u0131<\/a>, may\u0131sta nisana g\u00f6re y\u00fczde 0,1 azal\u0131\u015f g\u00f6sterdi.<\/p>\n\n\n\n<p>Bu d\u00f6nemde \u00fccretli \u00e7al\u0131\u015fan say\u0131s\u0131, sanayi sekt\u00f6r\u00fcnde y\u00fczde 0,1, in\u015faat sekt\u00f6r\u00fcnde y\u00fczde 1,2 azal\u0131rken, ticaret-hizmet sekt\u00f6r\u00fcnde ayn\u0131 kald\u0131.<\/p>\n\n\n\n<p>S\u00f6z konusu ayda \u00fccretli \u00e7al\u0131\u015fan say\u0131s\u0131, sanayi sekt\u00f6r\u00fcnde y\u0131ll\u0131k bazda y\u00fczde 3,2 azald\u0131. \u0130n\u015faat sekt\u00f6r\u00fcnde y\u00fczde 1,2 ve ticaret-hizmet sekt\u00f6r\u00fcnde y\u00fczde 2,3 artt\u0131.<\/p>\n\n\n\n<p><strong>Sekt\u00f6rel bazda de\u011ferlendirildi\u011finde ise farkl\u0131 bir tablo ortaya \u00e7\u0131kt\u0131<\/strong><\/p>\n\n\n\n<p>May\u0131s ay\u0131nda \u00fccretli \u00e7al\u0131\u015fan say\u0131s\u0131; Sanayi sekt\u00f6r\u00fcnde y\u00fczde 3,2 azald\u0131, in\u015faat sekt\u00f6r\u00fcnde y\u00fczde 1,2 artt\u0131, ticaret ve hizmet sekt\u00f6r\u00fcnde ise y\u00fczde 2,3 y\u00fckseldi.<\/p>\n\n\n\n<p>Veriler, istihdam art\u0131\u015f\u0131n\u0131n a\u011f\u0131rl\u0131kl\u0131 olarak hizmet sekt\u00f6r\u00fcnden kaynakland\u0131\u011f\u0131n\u0131 g\u00f6sterdi.<\/p>\n\n\n\n<p><strong>\u00dccretli \u00e7al\u0131\u015fan say\u0131s\u0131 ayl\u0131k %0,1 azald\u0131<\/strong><\/p>\n\n\n\n<p>Toplam \u00fccretli \u00e7al\u0131\u015fan say\u0131s\u0131, 2026 May\u0131s ay\u0131nda bir \u00f6nceki aya g\u00f6re ise y\u00fczde 0,1 azald\u0131.<\/p>\n\n\n\n<p>Ayl\u0131k de\u011fi\u015fimde sanayi sekt\u00f6r\u00fcnde y\u00fczde 0,1 d\u00fc\u015f\u00fc\u015f, in\u015faat sekt\u00f6r\u00fcnde y\u00fczde 1,2 d\u00fc\u015f\u00fc\u015f ya\u015fan\u0131rken, ticaret ve hizmet sekt\u00f6r\u00fcnde \u00e7al\u0131\u015fan say\u0131s\u0131 de\u011fi\u015fmedi.<\/p>\n\n\n\n<p>A\u00e7\u0131klanan veriler, sanayi sekt\u00f6r\u00fcnde istihdam kayb\u0131n\u0131n s\u00fcrd\u00fc\u011f\u00fcn\u00fc, buna kar\u015f\u0131n ticaret ve hizmet sekt\u00f6r\u00fcn\u00fcn istihdam\u0131 desteklemeye devam etti\u011fini ortaya koydu. \u0130n\u015faat sekt\u00f6r\u00fcnde ise y\u0131ll\u0131k bazda art\u0131\u015f g\u00f6r\u00fclmesine ra\u011fmen ayl\u0131k bazda gerileme dikkat \u00e7ekti.<\/p>\n\n\n\n<figure class=\"wp-block-embed is-type-rich is-provider-x wp-block-embed-x\"><div class=\"wp-block-embed__wrapper\">\n<blockquote class=\"twitter-tweet\" data-width=\"550\" data-dnt=\"true\"><p lang=\"tr\" dir=\"ltr\">\u00dccretli \u00c7al\u0131\u015fan \u0130statistikleri, May\u0131s 2026<br><br>\u00dccretli \u00e7al\u0131\u015fan say\u0131s\u0131 y\u0131ll\u0131k %0,5 artt\u0131<br><br>Detaylar i\u00e7in web sitemizi ziyaret edebilirsiniz. \ud83d\udd0e<br>\u21aa\ufe0f <a href=\"https:\/\/t.co\/GYvgnFQieC\">https:\/\/t.co\/GYvgnFQieC<\/a> <a href=\"https:\/\/t.co\/fR2akn10HJ\">pic.twitter.com\/fR2akn10HJ<\/a><\/p>&mdash; tuik.gov.tr (@tuikbilgi) <a href=\"https:\/\/x.com\/tuikbilgi\/status\/2078012773057921233?ref_src=twsrc%5Etfw\">July 17, 2026<\/a><\/blockquote><script async src=\"https:\/\/platform.x.com\/widgets.js\" charset=\"utf-8\"><\/script>\n<\/div><\/figure>\n","protected":false},"excerpt":{"rendered":"<p>T\u00dc\u0130K May\u0131s 2026 verilerine g\u00f6re T\u00fcrkiye&#8217;de \u00fccretli \u00e7al\u0131\u015fan say\u0131s\u0131 ge\u00e7en y\u0131la g\u00f6re y\u00fczde 0,5 artarak 15 milyon 970 bin 105&#8217;e y\u00fckseldi. T\u00fcrkiye \u0130statistik Kurumu (T\u00dc\u0130K) verilerine g\u00f6re, sanayi, in\u015faat ve ticaret-hizmet sekt\u00f6rleri toplam\u0131nda \u00fccretli \u00e7al\u0131\u015fan say\u0131s\u0131 2026 May\u0131s ay\u0131nda 15 milyon 970 bin 105&#8217;e y\u00fckseldi. Bu say\u0131 2025 May\u0131s ay\u0131nda 15 milyon 892 bin 187 [&hellip;]<\/p>\n","protected":false},"author":12791,"featured_media":169027,"comment_status":"open","ping_status":"open","sticky":false,"template":"","format":"standard","meta":{"_yoast_wpseo_focuskw":"May\u0131s 2026","_yoast_wpseo_title":"","_yoast_wpseo_metadesc":"T\u00dc\u0130K May\u0131s 2026 verilerine g\u00f6re T\u00fcrkiye'de \u00fccretli \u00e7al\u0131\u015fan say\u0131s\u0131 ge\u00e7en y\u0131la g\u00f6re y\u00fczde 0,5 artarak 15 milyon 970 bin 105'e y\u00fckseldi.","_bbp_topic_count":0,"_bbp_reply_count":0,"_bbp_total_topic_count":0,"_bbp_total_reply_count":0,"_bbp_voice_count":0,"_bbp_anonymous_reply_count":0,"_bbp_topic_count_hidden":0,"_bbp_reply_count_hidden":0,"_bbp_forum_subforum_count":0,"footnotes":"","_yoast_wpseo_focuskw_text_input":""},"categories":[8225,1,8138,37],"tags":[1617,11598,9079],"yoast_head":"<!-- This site is optimized with the Yoast SEO plugin v23.0 - https:\/\/yoast.com\/wordpress\/plugins\/seo\/ -->\n<title>T\u00dc\u0130K May\u0131s 2026 \u00dccretli \u00c7al\u0131\u015fan \u0130statistiklerini Yay\u0131mlad\u0131 - The Epoch Times TR<\/title>\n<meta name=\"description\" content=\"T\u00dc\u0130K May\u0131s 2026 verilerine g\u00f6re T\u00fcrkiye&#039;de \u00fccretli \u00e7al\u0131\u015fan say\u0131s\u0131 ge\u00e7en y\u0131la g\u00f6re y\u00fczde 0,5 artarak 15 milyon 970 bin 105&#039;e y\u00fckseldi.\" \/>\n<meta name=\"robots\" content=\"index, follow, max-snippet:-1, max-image-preview:large, max-video-preview:-1\" \/>\n<link rel=\"canonical\" href=\"https:\/\/epochtimestr.com\/index.php\/tuik-mayis-2026-ucretli-calisan-istatistiklerini-yayimladi\" \/>\n<meta property=\"og:locale\" content=\"tr_TR\" \/>\n<meta property=\"og:type\" content=\"article\" \/>\n<meta property=\"og:title\" content=\"T\u00dc\u0130K May\u0131s 2026 \u00dccretli \u00c7al\u0131\u015fan \u0130statistiklerini Yay\u0131mlad\u0131 - The Epoch Times TR\" \/>\n<meta property=\"og:description\" content=\"T\u00dc\u0130K May\u0131s 2026 verilerine g\u00f6re T\u00fcrkiye&#039;de \u00fccretli \u00e7al\u0131\u015fan say\u0131s\u0131 ge\u00e7en y\u0131la g\u00f6re y\u00fczde 0,5 artarak 15 milyon 970 bin 105&#039;e y\u00fckseldi.\" \/>\n<meta property=\"og:url\" content=\"https:\/\/epochtimestr.com\/index.php\/tuik-mayis-2026-ucretli-calisan-istatistiklerini-yayimladi\" \/>\n<meta property=\"og:site_name\" content=\"The Epoch Times TR\" \/>\n<meta property=\"article:publisher\" content=\"https:\/\/www.facebook.com\/theepochtimestr\" \/>\n<meta property=\"article:published_time\" content=\"2026-07-22T16:10:07+00:00\" \/>\n<meta property=\"article:modified_time\" content=\"2026-07-22T18:13:15+00:00\" \/>\n<meta property=\"og:image\" content=\"https:\/\/epochtimestr.com\/wp-content\/uploads\/2011y\/pixabay-1.webp\" \/>\n\t<meta property=\"og:image:width\" content=\"1280\" \/>\n\t<meta property=\"og:image:height\" content=\"904\" \/>\n\t<meta property=\"og:image:type\" content=\"image\/webp\" \/>\n<meta name=\"author\" content=\"Haber Merkezi\" \/>\n<meta name=\"twitter:card\" content=\"summary_large_image\" \/>\n<meta name=\"twitter:creator\" content=\"@TheEpochTimesTR\" \/>\n<meta name=\"twitter:site\" content=\"@TheEpochTimesTR\" \/>\n<meta name=\"twitter:label1\" content=\"Yazan:\" \/>\n\t<meta name=\"twitter:data1\" content=\"Haber Merkezi\" \/>\n\t<meta name=\"twitter:label2\" content=\"Tahmini okuma s\u00fcresi\" \/>\n\t<meta name=\"twitter:data2\" content=\"2 dakika\" \/>\n<script type=\"application\/ld+json\" class=\"yoast-schema-graph\">{\"@context\":\"https:\/\/schema.org\",\"@graph\":[{\"@type\":\"Article\",\"@id\":\"https:\/\/epochtimestr.com\/index.php\/tuik-mayis-2026-ucretli-calisan-istatistiklerini-yayimladi#article\",\"isPartOf\":{\"@id\":\"https:\/\/epochtimestr.com\/index.php\/tuik-mayis-2026-ucretli-calisan-istatistiklerini-yayimladi\"},\"author\":{\"name\":\"Haber Merkezi\",\"@id\":\"https:\/\/epochtimestr.com\/#\/schema\/person\/3dc5c3adeb9f43923c5aa85889172fdd\"},\"headline\":\"T\u00dc\u0130K May\u0131s 2026 \u00dccretli \u00c7al\u0131\u015fan \u0130statistiklerini Yay\u0131mlad\u0131\",\"datePublished\":\"2026-07-22T16:10:07+00:00\",\"dateModified\":\"2026-07-22T18:13:15+00:00\",\"mainEntityOfPage\":{\"@id\":\"https:\/\/epochtimestr.com\/index.php\/tuik-mayis-2026-ucretli-calisan-istatistiklerini-yayimladi\"},\"wordCount\":367,\"commentCount\":0,\"publisher\":{\"@id\":\"https:\/\/epochtimestr.com\/#organization\"},\"image\":{\"@id\":\"https:\/\/epochtimestr.com\/index.php\/tuik-mayis-2026-ucretli-calisan-istatistiklerini-yayimladi#primaryimage\"},\"thumbnailUrl\":\"https:\/\/epochtimestr.com\/wp-content\/uploads\/2011y\/pixabay-1.webp\",\"keywords\":[\"istatistik\",\"TU\u0130K\",\"\u00fccretli \u00e7al\u0131\u015fan\"],\"articleSection\":[\"Ekonomi\",\"G\u00dcNDEM\",\"MAN\u015eET\",\"T\u00dcRK\u0130YE\"],\"inLanguage\":\"tr\",\"potentialAction\":[{\"@type\":\"CommentAction\",\"name\":\"Comment\",\"target\":[\"https:\/\/epochtimestr.com\/index.php\/tuik-mayis-2026-ucretli-calisan-istatistiklerini-yayimladi#respond\"]}]},{\"@type\":\"WebPage\",\"@id\":\"https:\/\/epochtimestr.com\/index.php\/tuik-mayis-2026-ucretli-calisan-istatistiklerini-yayimladi\",\"url\":\"https:\/\/epochtimestr.com\/index.php\/tuik-mayis-2026-ucretli-calisan-istatistiklerini-yayimladi\",\"name\":\"T\u00dc\u0130K May\u0131s 2026 \u00dccretli \u00c7al\u0131\u015fan \u0130statistiklerini Yay\u0131mlad\u0131 - The Epoch Times TR\",\"isPartOf\":{\"@id\":\"https:\/\/epochtimestr.com\/#website\"},\"primaryImageOfPage\":{\"@id\":\"https:\/\/epochtimestr.com\/index.php\/tuik-mayis-2026-ucretli-calisan-istatistiklerini-yayimladi#primaryimage\"},\"image\":{\"@id\":\"https:\/\/epochtimestr.com\/index.php\/tuik-mayis-2026-ucretli-calisan-istatistiklerini-yayimladi#primaryimage\"},\"thumbnailUrl\":\"https:\/\/epochtimestr.com\/wp-content\/uploads\/2011y\/pixabay-1.webp\",\"datePublished\":\"2026-07-22T16:10:07+00:00\",\"dateModified\":\"2026-07-22T18:13:15+00:00\",\"description\":\"T\u00dc\u0130K May\u0131s 2026 verilerine g\u00f6re T\u00fcrkiye'de \u00fccretli \u00e7al\u0131\u015fan say\u0131s\u0131 ge\u00e7en y\u0131la g\u00f6re y\u00fczde 0,5 artarak 15 milyon 970 bin 105'e y\u00fckseldi.\",\"inLanguage\":\"tr\",\"potentialAction\":[{\"@type\":\"ReadAction\",\"target\":[\"https:\/\/epochtimestr.com\/index.php\/tuik-mayis-2026-ucretli-calisan-istatistiklerini-yayimladi\"]}]},{\"@type\":\"ImageObject\",\"inLanguage\":\"tr\",\"@id\":\"https:\/\/epochtimestr.com\/index.php\/tuik-mayis-2026-ucretli-calisan-istatistiklerini-yayimladi#primaryimage\",\"url\":\"https:\/\/epochtimestr.com\/wp-content\/uploads\/2011y\/pixabay-1.webp\",\"contentUrl\":\"https:\/\/epochtimestr.com\/wp-content\/uploads\/2011y\/pixabay-1.webp\",\"width\":1280,\"height\":904},{\"@type\":\"WebSite\",\"@id\":\"https:\/\/epochtimestr.com\/#website\",\"url\":\"https:\/\/epochtimestr.com\/\",\"name\":\"The Epoch Times TR\",\"description\":\"De\u011fi\u015fen D\u00fcnyam\u0131za Taze Bir Bak\u0131\u015f\",\"publisher\":{\"@id\":\"https:\/\/epochtimestr.com\/#organization\"},\"potentialAction\":[{\"@type\":\"SearchAction\",\"target\":{\"@type\":\"EntryPoint\",\"urlTemplate\":\"https:\/\/epochtimestr.com\/?s={search_term_string}\"},\"query-input\":\"required name=search_term_string\"}],\"inLanguage\":\"tr\"},{\"@type\":\"Organization\",\"@id\":\"https:\/\/epochtimestr.com\/#organization\",\"name\":\"The EpochTimes T\u00fcrkiye\",\"url\":\"https:\/\/epochtimestr.com\/\",\"logo\":{\"@type\":\"ImageObject\",\"inLanguage\":\"tr\",\"@id\":\"https:\/\/epochtimestr.com\/#\/schema\/logo\/image\/\",\"url\":\"https:\/\/epochtimestr.com\/wp-content\/uploads\/2011y\/ET-Logo-YG.jpg\",\"contentUrl\":\"https:\/\/epochtimestr.com\/wp-content\/uploads\/2011y\/ET-Logo-YG.jpg\",\"width\":346,\"height\":29,\"caption\":\"The EpochTimes T\u00fcrkiye\"},\"image\":{\"@id\":\"https:\/\/epochtimestr.com\/#\/schema\/logo\/image\/\"},\"sameAs\":[\"https:\/\/www.facebook.com\/theepochtimestr\",\"https:\/\/x.com\/TheEpochTimesTR\",\"https:\/\/www.instagram.com\/epochtimestr\"]},{\"@type\":\"Person\",\"@id\":\"https:\/\/epochtimestr.com\/#\/schema\/person\/3dc5c3adeb9f43923c5aa85889172fdd\",\"name\":\"Haber Merkezi\",\"image\":{\"@type\":\"ImageObject\",\"inLanguage\":\"tr\",\"@id\":\"https:\/\/epochtimestr.com\/#\/schema\/person\/image\/\",\"url\":\"https:\/\/secure.gravatar.com\/avatar\/d73f772ba5a74f28601361e17c2f93e6?s=96&d=mm&r=g\",\"contentUrl\":\"https:\/\/secure.gravatar.com\/avatar\/d73f772ba5a74f28601361e17c2f93e6?s=96&d=mm&r=g\",\"caption\":\"Haber Merkezi\"},\"url\":\"https:\/\/epochtimestr.com\/index.php\/author\/sendag\"}]}<\/script>\n<!-- \/ Yoast SEO plugin. -->","yoast_head_json":{"title":"T\u00dc\u0130K May\u0131s 2026 \u00dccretli \u00c7al\u0131\u015fan \u0130statistiklerini Yay\u0131mlad\u0131 - The Epoch Times TR","description":"T\u00dc\u0130K May\u0131s 2026 verilerine g\u00f6re T\u00fcrkiye'de \u00fccretli \u00e7al\u0131\u015fan say\u0131s\u0131 ge\u00e7en y\u0131la g\u00f6re y\u00fczde 0,5 artarak 15 milyon 970 bin 105'e y\u00fckseldi.","robots":{"index":"index","follow":"follow","max-snippet":"max-snippet:-1","max-image-preview":"max-image-preview:large","max-video-preview":"max-video-preview:-1"},"canonical":"https:\/\/epochtimestr.com\/index.php\/tuik-mayis-2026-ucretli-calisan-istatistiklerini-yayimladi","og_locale":"tr_TR","og_type":"article","og_title":"T\u00dc\u0130K May\u0131s 2026 \u00dccretli \u00c7al\u0131\u015fan \u0130statistiklerini Yay\u0131mlad\u0131 - The Epoch Times TR","og_description":"T\u00dc\u0130K May\u0131s 2026 verilerine g\u00f6re T\u00fcrkiye'de \u00fccretli \u00e7al\u0131\u015fan say\u0131s\u0131 ge\u00e7en y\u0131la g\u00f6re y\u00fczde 0,5 artarak 15 milyon 970 bin 105'e y\u00fckseldi.","og_url":"https:\/\/epochtimestr.com\/index.php\/tuik-mayis-2026-ucretli-calisan-istatistiklerini-yayimladi","og_site_name":"The Epoch Times TR","article_publisher":"https:\/\/www.facebook.com\/theepochtimestr","article_published_time":"2026-07-22T16:10:07+00:00","article_modified_time":"2026-07-22T18:13:15+00:00","og_image":[{"width":1280,"height":904,"url":"https:\/\/epochtimestr.com\/wp-content\/uploads\/2011y\/pixabay-1.webp","type":"image\/webp"}],"author":"Haber Merkezi","twitter_card":"summary_large_image","twitter_creator":"@TheEpochTimesTR","twitter_site":"@TheEpochTimesTR","twitter_misc":{"Yazan:":"Haber Merkezi","Tahmini okuma s\u00fcresi":"2 dakika"},"schema":{"@context":"https:\/\/schema.org","@graph":[{"@type":"Article","@id":"https:\/\/epochtimestr.com\/index.php\/tuik-mayis-2026-ucretli-calisan-istatistiklerini-yayimladi#article","isPartOf":{"@id":"https:\/\/epochtimestr.com\/index.php\/tuik-mayis-2026-ucretli-calisan-istatistiklerini-yayimladi"},"author":{"name":"Haber Merkezi","@id":"https:\/\/epochtimestr.com\/#\/schema\/person\/3dc5c3adeb9f43923c5aa85889172fdd"},"headline":"T\u00dc\u0130K May\u0131s 2026 \u00dccretli \u00c7al\u0131\u015fan \u0130statistiklerini Yay\u0131mlad\u0131","datePublished":"2026-07-22T16:10:07+00:00","dateModified":"2026-07-22T18:13:15+00:00","mainEntityOfPage":{"@id":"https:\/\/epochtimestr.com\/index.php\/tuik-mayis-2026-ucretli-calisan-istatistiklerini-yayimladi"},"wordCount":367,"commentCount":0,"publisher":{"@id":"https:\/\/epochtimestr.com\/#organization"},"image":{"@id":"https:\/\/epochtimestr.com\/index.php\/tuik-mayis-2026-ucretli-calisan-istatistiklerini-yayimladi#primaryimage"},"thumbnailUrl":"https:\/\/epochtimestr.com\/wp-content\/uploads\/2011y\/pixabay-1.webp","keywords":["istatistik","TU\u0130K","\u00fccretli \u00e7al\u0131\u015fan"],"articleSection":["Ekonomi","G\u00dcNDEM","MAN\u015eET","T\u00dcRK\u0130YE"],"inLanguage":"tr","potentialAction":[{"@type":"CommentAction","name":"Comment","target":["https:\/\/epochtimestr.com\/index.php\/tuik-mayis-2026-ucretli-calisan-istatistiklerini-yayimladi#respond"]}]},{"@type":"WebPage","@id":"https:\/\/epochtimestr.com\/index.php\/tuik-mayis-2026-ucretli-calisan-istatistiklerini-yayimladi","url":"https:\/\/epochtimestr.com\/index.php\/tuik-mayis-2026-ucretli-calisan-istatistiklerini-yayimladi","name":"T\u00dc\u0130K May\u0131s 2026 \u00dccretli \u00c7al\u0131\u015fan \u0130statistiklerini Yay\u0131mlad\u0131 - The Epoch Times TR","isPartOf":{"@id":"https:\/\/epochtimestr.com\/#website"},"primaryImageOfPage":{"@id":"https:\/\/epochtimestr.com\/index.php\/tuik-mayis-2026-ucretli-calisan-istatistiklerini-yayimladi#primaryimage"},"image":{"@id":"https:\/\/epochtimestr.com\/index.php\/tuik-mayis-2026-ucretli-calisan-istatistiklerini-yayimladi#primaryimage"},"thumbnailUrl":"https:\/\/epochtimestr.com\/wp-content\/uploads\/2011y\/pixabay-1.webp","datePublished":"2026-07-22T16:10:07+00:00","dateModified":"2026-07-22T18:13:15+00:00","description":"T\u00dc\u0130K May\u0131s 2026 verilerine g\u00f6re T\u00fcrkiye'de \u00fccretli \u00e7al\u0131\u015fan say\u0131s\u0131 ge\u00e7en y\u0131la g\u00f6re y\u00fczde 0,5 artarak 15 milyon 970 bin 105'e y\u00fckseldi.","inLanguage":"tr","potentialAction":[{"@type":"ReadAction","target":["https:\/\/epochtimestr.com\/index.php\/tuik-mayis-2026-ucretli-calisan-istatistiklerini-yayimladi"]}]},{"@type":"ImageObject","inLanguage":"tr","@id":"https:\/\/epochtimestr.com\/index.php\/tuik-mayis-2026-ucretli-calisan-istatistiklerini-yayimladi#primaryimage","url":"https:\/\/epochtimestr.com\/wp-content\/uploads\/2011y\/pixabay-1.webp","contentUrl":"https:\/\/epochtimestr.com\/wp-content\/uploads\/2011y\/pixabay-1.webp","width":1280,"height":904},{"@type":"WebSite","@id":"https:\/\/epochtimestr.com\/#website","url":"https:\/\/epochtimestr.com\/","name":"The Epoch Times TR","description":"De\u011fi\u015fen D\u00fcnyam\u0131za Taze Bir Bak\u0131\u015f","publisher":{"@id":"https:\/\/epochtimestr.com\/#organization"},"potentialAction":[{"@type":"SearchAction","target":{"@type":"EntryPoint","urlTemplate":"https:\/\/epochtimestr.com\/?s={search_term_string}"},"query-input":"required name=search_term_string"}],"inLanguage":"tr"},{"@type":"Organization","@id":"https:\/\/epochtimestr.com\/#organization","name":"The EpochTimes T\u00fcrkiye","url":"https:\/\/epochtimestr.com\/","logo":{"@type":"ImageObject","inLanguage":"tr","@id":"https:\/\/epochtimestr.com\/#\/schema\/logo\/image\/","url":"https:\/\/epochtimestr.com\/wp-content\/uploads\/2011y\/ET-Logo-YG.jpg","contentUrl":"https:\/\/epochtimestr.com\/wp-content\/uploads\/2011y\/ET-Logo-YG.jpg","width":346,"height":29,"caption":"The EpochTimes T\u00fcrkiye"},"image":{"@id":"https:\/\/epochtimestr.com\/#\/schema\/logo\/image\/"},"sameAs":["https:\/\/www.facebook.com\/theepochtimestr","https:\/\/x.com\/TheEpochTimesTR","https:\/\/www.instagram.com\/epochtimestr"]},{"@type":"Person","@id":"https:\/\/epochtimestr.com\/#\/schema\/person\/3dc5c3adeb9f43923c5aa85889172fdd","name":"Haber Merkezi","image":{"@type":"ImageObject","inLanguage":"tr","@id":"https:\/\/epochtimestr.com\/#\/schema\/person\/image\/","url":"https:\/\/secure.gravatar.com\/avatar\/d73f772ba5a74f28601361e17c2f93e6?s=96&d=mm&r=g","contentUrl":"https:\/\/secure.gravatar.com\/avatar\/d73f772ba5a74f28601361e17c2f93e6?s=96&d=mm&r=g","caption":"Haber Merkezi"},"url":"https:\/\/epochtimestr.com\/index.php\/author\/sendag"}]}},"_links":{"self":[{"href":"https:\/\/epochtimestr.com\/index.php\/wp-json\/wp\/v2\/posts\/169026"}],"collection":[{"href":"https:\/\/epochtimestr.com\/index.php\/wp-json\/wp\/v2\/posts"}],"about":[{"href":"https:\/\/epochtimestr.com\/index.php\/wp-json\/wp\/v2\/types\/post"}],"author":[{"embeddable":true,"href":"https:\/\/epochtimestr.com\/index.php\/wp-json\/wp\/v2\/users\/12791"}],"replies":[{"embeddable":true,"href":"https:\/\/epochtimestr.com\/index.php\/wp-json\/wp\/v2\/comments?post=169026"}],"version-history":[{"count":2,"href":"https:\/\/epochtimestr.com\/index.php\/wp-json\/wp\/v2\/posts\/169026\/revisions"}],"predecessor-version":[{"id":169039,"href":"https:\/\/epochtimestr.com\/index.php\/wp-json\/wp\/v2\/posts\/169026\/revisions\/169039"}],"wp:featuredmedia":[{"embeddable":true,"href":"https:\/\/epochtimestr.com\/index.php\/wp-json\/wp\/v2\/media\/169027"}],"wp:attachment":[{"href":"https:\/\/epochtimestr.com\/index.php\/wp-json\/wp\/v2\/media?parent=169026"}],"wp:term":[{"taxonomy":"category","embeddable":true,"href":"https:\/\/epochtimestr.com\/index.php\/wp-json\/wp\/v2\/categories?post=169026"},{"taxonomy":"post_tag","embeddable":true,"href":"https:\/\/epochtimestr.com\/index.php\/wp-json\/wp\/v2\/tags?post=169026"}],"curies":[{"name":"wp","href":"https:\/\/api.w.org\/{rel}","templated":true}]}}