{"id":169029,"date":"2026-07-22T19:10:11","date_gmt":"2026-07-22T16:10:11","guid":{"rendered":"https:\/\/epochtimestr.com\/?p=169029"},"modified":"2026-07-22T19:10:13","modified_gmt":"2026-07-22T16:10:13","slug":"tuik-hanehalki-yurt-ici-turizm-istatistiklerini-yayimladi","status":"publish","type":"post","link":"https:\/\/epochtimestr.com\/index.php\/tuik-hanehalki-yurt-ici-turizm-istatistiklerini-yayimladi","title":{"rendered":"T\u00dc\u0130K Hanehalk\u0131 Yurt \u0130\u00e7i Turizm \u0130statistiklerini Yay\u0131mlad\u0131"},"content":{"rendered":"<div class=\"wp-block-image\">\n<figure class=\"aligncenter size-full is-resized\"><img loading=\"lazy\" decoding=\"async\" width=\"1280\" height=\"876\" src=\"https:\/\/epochtimestr.com\/wp-content\/uploads\/2011y\/pixabay-17.jpg\" alt=\"\" class=\"wp-image-169030\" style=\"width:840px;height:auto\" srcset=\"https:\/\/epochtimestr.com\/wp-content\/uploads\/2011y\/pixabay-17.jpg 1280w, https:\/\/epochtimestr.com\/wp-content\/uploads\/2011y\/pixabay-17-300x205.jpg 300w, https:\/\/epochtimestr.com\/wp-content\/uploads\/2011y\/pixabay-17-150x103.jpg 150w, https:\/\/epochtimestr.com\/wp-content\/uploads\/2011y\/pixabay-17-768x526.jpg 768w\" sizes=\"(max-width: 1280px) 100vw, 1280px\" \/><figcaption class=\"wp-element-caption\">T\u00dc\u0130K hanehalk\u0131 yurt i\u00e7i turizm istatistiklerini yay\u0131mlad\u0131. (Foto\u011fraf: ClickerHappy, Pixabay)<\/figcaption><\/figure><\/div>\n\n\n<h2 class=\"wp-block-heading\">T\u00dc\u0130K yurt i\u00e7i turizm verilerine g\u00f6re, 2026 y\u0131l\u0131n\u0131n ilk \u00e7eyre\u011finde yurt i\u00e7inde ikamet eden 11 milyon 520 bin ki\u015fi seyahate \u00e7\u0131kt\u0131.<\/h2>\n\n\n\n<p>T\u00fcrkiye \u0130statistik Kurumu (T\u00dc\u0130K), 2026 y\u0131l\u0131n\u0131n ocak-mart d\u00f6nemini kapsayan hanehalk\u0131 yurt i\u00e7i turizm istatistiklerini yay\u0131mlad\u0131. Buna g\u00f6re, s\u00f6z konusu d\u00f6nemde yurt i\u00e7inde ikamet eden 11 milyon 520 bin ki\u015fi seyahate \u00e7\u0131kt\u0131. Seyahate \u00e7\u0131kanlar\u0131n bir ve daha fazla geceleme kayd\u0131yla \u00fclke i\u00e7inde yapt\u0131klar\u0131 toplam seyahat say\u0131s\u0131, ge\u00e7en y\u0131l\u0131n ayn\u0131 \u00e7eyre\u011fine g\u00f6re y\u00fczde 12 artarak 14 milyon 168 bine ula\u015ft\u0131. Bu \u00e7eyrekte seyahate \u00e7\u0131kanlar, 73 milyon 622 bin geceleme yapt\u0131. Ortalama geceleme say\u0131s\u0131 5,2 oldu.<\/p>\n\n\n<div class=\"wp-block-image\">\n<figure class=\"aligncenter size-full\"><img loading=\"lazy\" decoding=\"async\" width=\"1200\" height=\"658\" src=\"https:\/\/epochtimestr.com\/wp-content\/uploads\/2011y\/seyahate-cikan-kisi.webp\" alt=\"\" class=\"wp-image-169031\" srcset=\"https:\/\/epochtimestr.com\/wp-content\/uploads\/2011y\/seyahate-cikan-kisi.webp 1200w, https:\/\/epochtimestr.com\/wp-content\/uploads\/2011y\/seyahate-cikan-kisi-300x165.webp 300w, https:\/\/epochtimestr.com\/wp-content\/uploads\/2011y\/seyahate-cikan-kisi-150x82.webp 150w, https:\/\/epochtimestr.com\/wp-content\/uploads\/2011y\/seyahate-cikan-kisi-768x421.webp 768w\" sizes=\"(max-width: 1200px) 100vw, 1200px\" \/><\/figure><\/div>\n\n\n<p>Yerli turistlerin yurt i\u00e7inde yapt\u0131klar\u0131 seyahat harcamalar\u0131n\u0131n tutar\u0131, s\u00f6z konusu d\u00f6nemde y\u00fczde 33,9 artarak 102 milyar 312 milyon 286 bin lira olarak ger\u00e7ekle\u015fti. Yurt i\u00e7i turizm harcamalar\u0131, 2026 y\u0131l\u0131n\u0131n ilk \u00e7eyre\u011finde ge\u00e7en y\u0131l\u0131n ayn\u0131 d\u00f6nemine g\u00f6re y\u00fczde 33,9 art\u0131\u015f g\u00f6sterdi. Verilere g\u00f6re yerli turistlerin yurt i\u00e7inde ger\u00e7ekle\u015ftirdi\u011fi toplam seyahat harcamas\u0131 102 milyar 312 milyon 286 bin TL olarak hesapland\u0131.<\/p>\n\n\n\n<p>Toplam harcamalar\u0131n 94 milyar 552 milyon 386 bin TL&#8217;sini ki\u015fisel harcamalar olu\u015fturdu. Bu tutar toplam harcamalar\u0131n y\u00fczde 92,4&#8217;\u00fcne kar\u015f\u0131l\u0131k geldi. Paket tur harcamalar\u0131 ise 7 milyar 759 milyon 900 bin TL ile toplam\u0131n y\u00fczde 7,6&#8217;s\u0131n\u0131 olu\u015fturdu. A\u00e7\u0131klanan verilere g\u00f6re seyahat ba\u015f\u0131na yap\u0131lan ortalama harcama 7 bin 221 TL olarak belirlendi.<\/p>\n\n\n\n<p><strong>Yeme i\u00e7me harcamalar\u0131 ilk s\u0131rada yer ald\u0131<\/strong><\/p>\n\n\n\n<p>Yurt i\u00e7i turizm harcamalar\u0131 i\u00e7inde en y\u00fcksek pay yeme ve i\u00e7me harcamalar\u0131na ait oldu.<br \/>Harcama t\u00fcrleri incelendi\u011finde toplam seyahat harcamalar\u0131n\u0131n y\u00fczde 30,9&#8217;unu yeme ve i\u00e7me harcamalar\u0131 olu\u015fturdu. Ula\u015ft\u0131rma harcamalar\u0131 y\u00fczde 27,6 ile ikinci s\u0131rada yer al\u0131rken, giyecek ve hediyelik e\u015fya harcamalar\u0131n\u0131n pay\u0131 y\u00fczde 12,4 olarak kaydedildi.<\/p>\n\n\n\n<p>Ge\u00e7en y\u0131l\u0131n ayn\u0131 d\u00f6nemine g\u00f6re yeme ve i\u00e7me harcamalar\u0131nda y\u00fczde 29,1, ula\u015ft\u0131rma harcamalar\u0131nda y\u00fczde 30,1 ve giyecek ile hediyelik e\u015fya harcamalar\u0131nda y\u00fczde 62,2 art\u0131\u015f ger\u00e7ekle\u015fti.<\/p>\n\n\n\n<h3 class=\"wp-block-heading\">Seyahatlerin y\u00fczde 68&#8217;1 i yak\u0131nlar\u0131 ziyaret amac\u0131yla yap\u0131ld\u0131<\/h3>\n\n\n\n<p>T\u00dc\u0130K yurt i\u00e7i turizm istatistiklerine g\u00f6re seyahate \u00e7\u0131k\u0131\u015f nedenleri aras\u0131nda ilk s\u0131ray\u0131 yak\u0131nlar\u0131 ziyaret ald\u0131.<br \/>Verilere g\u00f6re seyahatlerin y\u00fczde 68,1&#8217;i yak\u0131nlar\u0131 ziyaret amac\u0131yla ger\u00e7ekle\u015ftirildi.<\/p>\n\n\n\n<p>Seyahat nedenleri aras\u0131nda ikinci s\u0131rada y\u00fczde 22,3 ile gezi, e\u011flence ve tatil yer ald\u0131. Sa\u011fl\u0131k amac\u0131yla yap\u0131lan seyahatler ise y\u00fczde 4,1 ile \u00fc\u00e7\u00fcnc\u00fc s\u0131rada bulundu.<\/p>\n\n\n\n<p><strong>Yerli turistler en \u00e7ok arkada\u015f veya akraba evinde konaklad\u0131<\/strong><\/p>\n\n\n\n<p>Konaklama tercihleri incelendi\u011finde, y\u0131l\u0131n ilk \u00e7eyre\u011finde en fazla geceleme arkada\u015f veya akraba evlerinde yap\u0131ld\u0131.<\/p>\n\n\n\n<p>Bu d\u00f6nemde arkada\u015f veya akraba evinde toplam 59 milyon 228 bin geceleme ger\u00e7ekle\u015fti.<br \/>Konaklama t\u00fcrleri aras\u0131nda ikinci s\u0131rada 5 milyon 652 bin geceleme ile oteller yer ald\u0131. Kendi evinde yap\u0131lan konaklamalar ise 5 milyon 461 bin geceleme ile \u00fc\u00e7\u00fcnc\u00fc s\u0131rada kaydedildi.<\/p>\n\n\n\n<p>T\u00dc\u0130K taraf\u0131ndan yay\u0131mlanan hanehalk\u0131 yurt i\u00e7i turizm verileri, 2026 y\u0131l\u0131n\u0131n ilk \u00e7eyre\u011finde yurt i\u00e7inde ger\u00e7ekle\u015ftirilen seyahatlerin say\u0131s\u0131, harcamalar\u0131, seyahat ama\u00e7lar\u0131 ve konaklama tercihleri \u00f6zellikle yak\u0131n akraba ziyaretleri, vatanda\u015flar\u0131n seyahat tercihlerinde ilk s\u0131radaki yerini korurken, y\u00fckselen maliyetler harcama kalemlerine de yans\u0131d\u0131.<\/p>\n\n\n\n<figure class=\"wp-block-embed is-type-rich is-provider-x wp-block-embed-x\"><div class=\"wp-block-embed__wrapper\">\n<blockquote class=\"twitter-tweet\" data-width=\"550\" data-dnt=\"true\"><p lang=\"tr\" dir=\"ltr\">Hanehalk\u0131 Yurt \u0130\u00e7i Turizm, II. \u00c7eyrek: Nisan-Haziran 2025<br><br>Yurt i\u00e7inde ikamet eden 13 milyon 938 bin ki\u015fi seyahate \u00e7\u0131kt\u0131  <br><br>Detaylar i\u00e7in web sitemizi ziyaret edebilirsiniz.\ud83d\udd0e <br>\u21aa\ufe0f <a href=\"https:\/\/t.co\/bVfLwd9U9e\">https:\/\/t.co\/bVfLwd9U9e<\/a> <a href=\"https:\/\/t.co\/LYJO4G6GjN\">pic.twitter.com\/LYJO4G6GjN<\/a><\/p>&mdash; tuik.gov.tr (@tuikbilgi) <a href=\"https:\/\/x.com\/tuikbilgi\/status\/1980892788981211373?ref_src=twsrc%5Etfw\">October 22, 2025<\/a><\/blockquote><script async src=\"https:\/\/platform.x.com\/widgets.js\" charset=\"utf-8\"><\/script>\n<\/div><\/figure>\n","protected":false},"excerpt":{"rendered":"<p>T\u00dc\u0130K yurt i\u00e7i turizm verilerine g\u00f6re, 2026 y\u0131l\u0131n\u0131n ilk \u00e7eyre\u011finde yurt i\u00e7inde ikamet eden 11 milyon 520 bin ki\u015fi seyahate \u00e7\u0131kt\u0131. T\u00fcrkiye \u0130statistik Kurumu (T\u00dc\u0130K), 2026 y\u0131l\u0131n\u0131n ocak-mart d\u00f6nemini kapsayan hanehalk\u0131 yurt i\u00e7i turizm istatistiklerini yay\u0131mlad\u0131. Buna g\u00f6re, s\u00f6z konusu d\u00f6nemde yurt i\u00e7inde ikamet eden 11 milyon 520 bin ki\u015fi seyahate \u00e7\u0131kt\u0131. Seyahate \u00e7\u0131kanlar\u0131n bir [&hellip;]<\/p>\n","protected":false},"author":12791,"featured_media":169030,"comment_status":"open","ping_status":"open","sticky":false,"template":"","format":"standard","meta":{"_yoast_wpseo_focuskw":"Hanehalk\u0131 Yurt \u0130\u00e7i Turizm","_yoast_wpseo_title":"","_yoast_wpseo_metadesc":"T\u00dc\u0130K hanehalk\u0131 yurt i\u00e7i turizm verilerine g\u00f6re, 2026 y\u0131l\u0131n\u0131n ilk \u00e7eyre\u011finde yurt i\u00e7inde ikamet eden 11 milyon 520 bin ki\u015fi seyahate \u00e7\u0131kt\u0131.","_bbp_topic_count":0,"_bbp_reply_count":0,"_bbp_total_topic_count":0,"_bbp_total_reply_count":0,"_bbp_voice_count":0,"_bbp_anonymous_reply_count":0,"_bbp_topic_count_hidden":0,"_bbp_reply_count_hidden":0,"_bbp_forum_subforum_count":0,"footnotes":"","_yoast_wpseo_focuskw_text_input":""},"categories":[8225,1,8138,37],"tags":[8540,11846,11847,7209,4573,7451,11849],"yoast_head":"<!-- This site is optimized with the Yoast SEO plugin v23.0 - https:\/\/yoast.com\/wordpress\/plugins\/seo\/ -->\n<title>T\u00dc\u0130K Hanehalk\u0131 Yurt \u0130\u00e7i Turizm \u0130statistiklerini Yay\u0131mlad\u0131 - The Epoch Times TR<\/title>\n<meta name=\"description\" content=\"T\u00dc\u0130K hanehalk\u0131 yurt i\u00e7i turizm verilerine g\u00f6re, 2026 y\u0131l\u0131n\u0131n ilk \u00e7eyre\u011finde yurt i\u00e7inde ikamet eden 11 milyon 520 bin ki\u015fi seyahate \u00e7\u0131kt\u0131.\" \/>\n<meta name=\"robots\" content=\"index, follow, max-snippet:-1, max-image-preview:large, max-video-preview:-1\" \/>\n<link rel=\"canonical\" href=\"https:\/\/epochtimestr.com\/index.php\/tuik-hanehalki-yurt-ici-turizm-istatistiklerini-yayimladi\" \/>\n<meta property=\"og:locale\" content=\"tr_TR\" \/>\n<meta property=\"og:type\" content=\"article\" \/>\n<meta property=\"og:title\" content=\"T\u00dc\u0130K Hanehalk\u0131 Yurt \u0130\u00e7i Turizm \u0130statistiklerini Yay\u0131mlad\u0131 - The Epoch Times TR\" \/>\n<meta property=\"og:description\" content=\"T\u00dc\u0130K hanehalk\u0131 yurt i\u00e7i turizm verilerine g\u00f6re, 2026 y\u0131l\u0131n\u0131n ilk \u00e7eyre\u011finde yurt i\u00e7inde ikamet eden 11 milyon 520 bin ki\u015fi seyahate \u00e7\u0131kt\u0131.\" \/>\n<meta property=\"og:url\" content=\"https:\/\/epochtimestr.com\/index.php\/tuik-hanehalki-yurt-ici-turizm-istatistiklerini-yayimladi\" \/>\n<meta property=\"og:site_name\" content=\"The Epoch Times TR\" \/>\n<meta property=\"article:publisher\" content=\"https:\/\/www.facebook.com\/theepochtimestr\" \/>\n<meta property=\"article:published_time\" content=\"2026-07-22T16:10:11+00:00\" \/>\n<meta property=\"article:modified_time\" content=\"2026-07-22T16:10:13+00:00\" \/>\n<meta property=\"og:image\" content=\"https:\/\/epochtimestr.com\/wp-content\/uploads\/2011y\/pixabay-17.jpg\" \/>\n\t<meta property=\"og:image:width\" content=\"1280\" \/>\n\t<meta property=\"og:image:height\" content=\"876\" \/>\n\t<meta property=\"og:image:type\" content=\"image\/jpeg\" \/>\n<meta name=\"author\" content=\"Haber Merkezi\" \/>\n<meta name=\"twitter:card\" content=\"summary_large_image\" \/>\n<meta name=\"twitter:creator\" content=\"@TheEpochTimesTR\" \/>\n<meta name=\"twitter:site\" content=\"@TheEpochTimesTR\" \/>\n<meta name=\"twitter:label1\" content=\"Yazan:\" \/>\n\t<meta name=\"twitter:data1\" content=\"Haber Merkezi\" \/>\n\t<meta name=\"twitter:label2\" content=\"Tahmini okuma s\u00fcresi\" \/>\n\t<meta name=\"twitter:data2\" content=\"4 dakika\" \/>\n<script type=\"application\/ld+json\" class=\"yoast-schema-graph\">{\"@context\":\"https:\/\/schema.org\",\"@graph\":[{\"@type\":\"Article\",\"@id\":\"https:\/\/epochtimestr.com\/index.php\/tuik-hanehalki-yurt-ici-turizm-istatistiklerini-yayimladi#article\",\"isPartOf\":{\"@id\":\"https:\/\/epochtimestr.com\/index.php\/tuik-hanehalki-yurt-ici-turizm-istatistiklerini-yayimladi\"},\"author\":{\"name\":\"Haber Merkezi\",\"@id\":\"https:\/\/epochtimestr.com\/#\/schema\/person\/3dc5c3adeb9f43923c5aa85889172fdd\"},\"headline\":\"T\u00dc\u0130K Hanehalk\u0131 Yurt \u0130\u00e7i Turizm \u0130statistiklerini Yay\u0131mlad\u0131\",\"datePublished\":\"2026-07-22T16:10:11+00:00\",\"dateModified\":\"2026-07-22T16:10:13+00:00\",\"mainEntityOfPage\":{\"@id\":\"https:\/\/epochtimestr.com\/index.php\/tuik-hanehalki-yurt-ici-turizm-istatistiklerini-yayimladi\"},\"wordCount\":602,\"commentCount\":0,\"publisher\":{\"@id\":\"https:\/\/epochtimestr.com\/#organization\"},\"image\":{\"@id\":\"https:\/\/epochtimestr.com\/index.php\/tuik-hanehalki-yurt-ici-turizm-istatistiklerini-yayimladi#primaryimage\"},\"thumbnailUrl\":\"https:\/\/epochtimestr.com\/wp-content\/uploads\/2011y\/pixabay-17.jpg\",\"keywords\":[\"g\u0131da\",\"hanehalk\u0131\",\"harcama\",\"seyahat\",\"T\u00dc\u0130K\",\"turizm\",\"yeme i\u00e7me\"],\"articleSection\":[\"Ekonomi\",\"G\u00dcNDEM\",\"MAN\u015eET\",\"T\u00dcRK\u0130YE\"],\"inLanguage\":\"tr\",\"potentialAction\":[{\"@type\":\"CommentAction\",\"name\":\"Comment\",\"target\":[\"https:\/\/epochtimestr.com\/index.php\/tuik-hanehalki-yurt-ici-turizm-istatistiklerini-yayimladi#respond\"]}]},{\"@type\":\"WebPage\",\"@id\":\"https:\/\/epochtimestr.com\/index.php\/tuik-hanehalki-yurt-ici-turizm-istatistiklerini-yayimladi\",\"url\":\"https:\/\/epochtimestr.com\/index.php\/tuik-hanehalki-yurt-ici-turizm-istatistiklerini-yayimladi\",\"name\":\"T\u00dc\u0130K Hanehalk\u0131 Yurt \u0130\u00e7i Turizm \u0130statistiklerini Yay\u0131mlad\u0131 - The Epoch Times TR\",\"isPartOf\":{\"@id\":\"https:\/\/epochtimestr.com\/#website\"},\"primaryImageOfPage\":{\"@id\":\"https:\/\/epochtimestr.com\/index.php\/tuik-hanehalki-yurt-ici-turizm-istatistiklerini-yayimladi#primaryimage\"},\"image\":{\"@id\":\"https:\/\/epochtimestr.com\/index.php\/tuik-hanehalki-yurt-ici-turizm-istatistiklerini-yayimladi#primaryimage\"},\"thumbnailUrl\":\"https:\/\/epochtimestr.com\/wp-content\/uploads\/2011y\/pixabay-17.jpg\",\"datePublished\":\"2026-07-22T16:10:11+00:00\",\"dateModified\":\"2026-07-22T16:10:13+00:00\",\"description\":\"T\u00dc\u0130K hanehalk\u0131 yurt i\u00e7i turizm verilerine g\u00f6re, 2026 y\u0131l\u0131n\u0131n ilk \u00e7eyre\u011finde yurt i\u00e7inde ikamet eden 11 milyon 520 bin ki\u015fi seyahate \u00e7\u0131kt\u0131.\",\"inLanguage\":\"tr\",\"potentialAction\":[{\"@type\":\"ReadAction\",\"target\":[\"https:\/\/epochtimestr.com\/index.php\/tuik-hanehalki-yurt-ici-turizm-istatistiklerini-yayimladi\"]}]},{\"@type\":\"ImageObject\",\"inLanguage\":\"tr\",\"@id\":\"https:\/\/epochtimestr.com\/index.php\/tuik-hanehalki-yurt-ici-turizm-istatistiklerini-yayimladi#primaryimage\",\"url\":\"https:\/\/epochtimestr.com\/wp-content\/uploads\/2011y\/pixabay-17.jpg\",\"contentUrl\":\"https:\/\/epochtimestr.com\/wp-content\/uploads\/2011y\/pixabay-17.jpg\",\"width\":1280,\"height\":876},{\"@type\":\"WebSite\",\"@id\":\"https:\/\/epochtimestr.com\/#website\",\"url\":\"https:\/\/epochtimestr.com\/\",\"name\":\"The Epoch Times TR\",\"description\":\"De\u011fi\u015fen D\u00fcnyam\u0131za Taze Bir Bak\u0131\u015f\",\"publisher\":{\"@id\":\"https:\/\/epochtimestr.com\/#organization\"},\"potentialAction\":[{\"@type\":\"SearchAction\",\"target\":{\"@type\":\"EntryPoint\",\"urlTemplate\":\"https:\/\/epochtimestr.com\/?s={search_term_string}\"},\"query-input\":\"required name=search_term_string\"}],\"inLanguage\":\"tr\"},{\"@type\":\"Organization\",\"@id\":\"https:\/\/epochtimestr.com\/#organization\",\"name\":\"The EpochTimes T\u00fcrkiye\",\"url\":\"https:\/\/epochtimestr.com\/\",\"logo\":{\"@type\":\"ImageObject\",\"inLanguage\":\"tr\",\"@id\":\"https:\/\/epochtimestr.com\/#\/schema\/logo\/image\/\",\"url\":\"https:\/\/epochtimestr.com\/wp-content\/uploads\/2011y\/ET-Logo-YG.jpg\",\"contentUrl\":\"https:\/\/epochtimestr.com\/wp-content\/uploads\/2011y\/ET-Logo-YG.jpg\",\"width\":346,\"height\":29,\"caption\":\"The EpochTimes T\u00fcrkiye\"},\"image\":{\"@id\":\"https:\/\/epochtimestr.com\/#\/schema\/logo\/image\/\"},\"sameAs\":[\"https:\/\/www.facebook.com\/theepochtimestr\",\"https:\/\/x.com\/TheEpochTimesTR\",\"https:\/\/www.instagram.com\/epochtimestr\"]},{\"@type\":\"Person\",\"@id\":\"https:\/\/epochtimestr.com\/#\/schema\/person\/3dc5c3adeb9f43923c5aa85889172fdd\",\"name\":\"Haber Merkezi\",\"image\":{\"@type\":\"ImageObject\",\"inLanguage\":\"tr\",\"@id\":\"https:\/\/epochtimestr.com\/#\/schema\/person\/image\/\",\"url\":\"https:\/\/secure.gravatar.com\/avatar\/d73f772ba5a74f28601361e17c2f93e6?s=96&d=mm&r=g\",\"contentUrl\":\"https:\/\/secure.gravatar.com\/avatar\/d73f772ba5a74f28601361e17c2f93e6?s=96&d=mm&r=g\",\"caption\":\"Haber Merkezi\"},\"url\":\"https:\/\/epochtimestr.com\/index.php\/author\/sendag\"}]}<\/script>\n<!-- \/ Yoast SEO plugin. -->","yoast_head_json":{"title":"T\u00dc\u0130K Hanehalk\u0131 Yurt \u0130\u00e7i Turizm \u0130statistiklerini Yay\u0131mlad\u0131 - The Epoch Times TR","description":"T\u00dc\u0130K hanehalk\u0131 yurt i\u00e7i turizm verilerine g\u00f6re, 2026 y\u0131l\u0131n\u0131n ilk \u00e7eyre\u011finde yurt i\u00e7inde ikamet eden 11 milyon 520 bin ki\u015fi seyahate \u00e7\u0131kt\u0131.","robots":{"index":"index","follow":"follow","max-snippet":"max-snippet:-1","max-image-preview":"max-image-preview:large","max-video-preview":"max-video-preview:-1"},"canonical":"https:\/\/epochtimestr.com\/index.php\/tuik-hanehalki-yurt-ici-turizm-istatistiklerini-yayimladi","og_locale":"tr_TR","og_type":"article","og_title":"T\u00dc\u0130K Hanehalk\u0131 Yurt \u0130\u00e7i Turizm \u0130statistiklerini Yay\u0131mlad\u0131 - The Epoch Times TR","og_description":"T\u00dc\u0130K hanehalk\u0131 yurt i\u00e7i turizm verilerine g\u00f6re, 2026 y\u0131l\u0131n\u0131n ilk \u00e7eyre\u011finde yurt i\u00e7inde ikamet eden 11 milyon 520 bin ki\u015fi seyahate \u00e7\u0131kt\u0131.","og_url":"https:\/\/epochtimestr.com\/index.php\/tuik-hanehalki-yurt-ici-turizm-istatistiklerini-yayimladi","og_site_name":"The Epoch Times TR","article_publisher":"https:\/\/www.facebook.com\/theepochtimestr","article_published_time":"2026-07-22T16:10:11+00:00","article_modified_time":"2026-07-22T16:10:13+00:00","og_image":[{"width":1280,"height":876,"url":"https:\/\/epochtimestr.com\/wp-content\/uploads\/2011y\/pixabay-17.jpg","type":"image\/jpeg"}],"author":"Haber Merkezi","twitter_card":"summary_large_image","twitter_creator":"@TheEpochTimesTR","twitter_site":"@TheEpochTimesTR","twitter_misc":{"Yazan:":"Haber Merkezi","Tahmini okuma s\u00fcresi":"4 dakika"},"schema":{"@context":"https:\/\/schema.org","@graph":[{"@type":"Article","@id":"https:\/\/epochtimestr.com\/index.php\/tuik-hanehalki-yurt-ici-turizm-istatistiklerini-yayimladi#article","isPartOf":{"@id":"https:\/\/epochtimestr.com\/index.php\/tuik-hanehalki-yurt-ici-turizm-istatistiklerini-yayimladi"},"author":{"name":"Haber Merkezi","@id":"https:\/\/epochtimestr.com\/#\/schema\/person\/3dc5c3adeb9f43923c5aa85889172fdd"},"headline":"T\u00dc\u0130K Hanehalk\u0131 Yurt \u0130\u00e7i Turizm \u0130statistiklerini Yay\u0131mlad\u0131","datePublished":"2026-07-22T16:10:11+00:00","dateModified":"2026-07-22T16:10:13+00:00","mainEntityOfPage":{"@id":"https:\/\/epochtimestr.com\/index.php\/tuik-hanehalki-yurt-ici-turizm-istatistiklerini-yayimladi"},"wordCount":602,"commentCount":0,"publisher":{"@id":"https:\/\/epochtimestr.com\/#organization"},"image":{"@id":"https:\/\/epochtimestr.com\/index.php\/tuik-hanehalki-yurt-ici-turizm-istatistiklerini-yayimladi#primaryimage"},"thumbnailUrl":"https:\/\/epochtimestr.com\/wp-content\/uploads\/2011y\/pixabay-17.jpg","keywords":["g\u0131da","hanehalk\u0131","harcama","seyahat","T\u00dc\u0130K","turizm","yeme i\u00e7me"],"articleSection":["Ekonomi","G\u00dcNDEM","MAN\u015eET","T\u00dcRK\u0130YE"],"inLanguage":"tr","potentialAction":[{"@type":"CommentAction","name":"Comment","target":["https:\/\/epochtimestr.com\/index.php\/tuik-hanehalki-yurt-ici-turizm-istatistiklerini-yayimladi#respond"]}]},{"@type":"WebPage","@id":"https:\/\/epochtimestr.com\/index.php\/tuik-hanehalki-yurt-ici-turizm-istatistiklerini-yayimladi","url":"https:\/\/epochtimestr.com\/index.php\/tuik-hanehalki-yurt-ici-turizm-istatistiklerini-yayimladi","name":"T\u00dc\u0130K Hanehalk\u0131 Yurt \u0130\u00e7i Turizm \u0130statistiklerini Yay\u0131mlad\u0131 - The Epoch Times TR","isPartOf":{"@id":"https:\/\/epochtimestr.com\/#website"},"primaryImageOfPage":{"@id":"https:\/\/epochtimestr.com\/index.php\/tuik-hanehalki-yurt-ici-turizm-istatistiklerini-yayimladi#primaryimage"},"image":{"@id":"https:\/\/epochtimestr.com\/index.php\/tuik-hanehalki-yurt-ici-turizm-istatistiklerini-yayimladi#primaryimage"},"thumbnailUrl":"https:\/\/epochtimestr.com\/wp-content\/uploads\/2011y\/pixabay-17.jpg","datePublished":"2026-07-22T16:10:11+00:00","dateModified":"2026-07-22T16:10:13+00:00","description":"T\u00dc\u0130K hanehalk\u0131 yurt i\u00e7i turizm verilerine g\u00f6re, 2026 y\u0131l\u0131n\u0131n ilk \u00e7eyre\u011finde yurt i\u00e7inde ikamet eden 11 milyon 520 bin ki\u015fi seyahate \u00e7\u0131kt\u0131.","inLanguage":"tr","potentialAction":[{"@type":"ReadAction","target":["https:\/\/epochtimestr.com\/index.php\/tuik-hanehalki-yurt-ici-turizm-istatistiklerini-yayimladi"]}]},{"@type":"ImageObject","inLanguage":"tr","@id":"https:\/\/epochtimestr.com\/index.php\/tuik-hanehalki-yurt-ici-turizm-istatistiklerini-yayimladi#primaryimage","url":"https:\/\/epochtimestr.com\/wp-content\/uploads\/2011y\/pixabay-17.jpg","contentUrl":"https:\/\/epochtimestr.com\/wp-content\/uploads\/2011y\/pixabay-17.jpg","width":1280,"height":876},{"@type":"WebSite","@id":"https:\/\/epochtimestr.com\/#website","url":"https:\/\/epochtimestr.com\/","name":"The Epoch Times TR","description":"De\u011fi\u015fen D\u00fcnyam\u0131za Taze Bir Bak\u0131\u015f","publisher":{"@id":"https:\/\/epochtimestr.com\/#organization"},"potentialAction":[{"@type":"SearchAction","target":{"@type":"EntryPoint","urlTemplate":"https:\/\/epochtimestr.com\/?s={search_term_string}"},"query-input":"required name=search_term_string"}],"inLanguage":"tr"},{"@type":"Organization","@id":"https:\/\/epochtimestr.com\/#organization","name":"The EpochTimes T\u00fcrkiye","url":"https:\/\/epochtimestr.com\/","logo":{"@type":"ImageObject","inLanguage":"tr","@id":"https:\/\/epochtimestr.com\/#\/schema\/logo\/image\/","url":"https:\/\/epochtimestr.com\/wp-content\/uploads\/2011y\/ET-Logo-YG.jpg","contentUrl":"https:\/\/epochtimestr.com\/wp-content\/uploads\/2011y\/ET-Logo-YG.jpg","width":346,"height":29,"caption":"The EpochTimes T\u00fcrkiye"},"image":{"@id":"https:\/\/epochtimestr.com\/#\/schema\/logo\/image\/"},"sameAs":["https:\/\/www.facebook.com\/theepochtimestr","https:\/\/x.com\/TheEpochTimesTR","https:\/\/www.instagram.com\/epochtimestr"]},{"@type":"Person","@id":"https:\/\/epochtimestr.com\/#\/schema\/person\/3dc5c3adeb9f43923c5aa85889172fdd","name":"Haber Merkezi","image":{"@type":"ImageObject","inLanguage":"tr","@id":"https:\/\/epochtimestr.com\/#\/schema\/person\/image\/","url":"https:\/\/secure.gravatar.com\/avatar\/d73f772ba5a74f28601361e17c2f93e6?s=96&d=mm&r=g","contentUrl":"https:\/\/secure.gravatar.com\/avatar\/d73f772ba5a74f28601361e17c2f93e6?s=96&d=mm&r=g","caption":"Haber Merkezi"},"url":"https:\/\/epochtimestr.com\/index.php\/author\/sendag"}]}},"_links":{"self":[{"href":"https:\/\/epochtimestr.com\/index.php\/wp-json\/wp\/v2\/posts\/169029"}],"collection":[{"href":"https:\/\/epochtimestr.com\/index.php\/wp-json\/wp\/v2\/posts"}],"about":[{"href":"https:\/\/epochtimestr.com\/index.php\/wp-json\/wp\/v2\/types\/post"}],"author":[{"embeddable":true,"href":"https:\/\/epochtimestr.com\/index.php\/wp-json\/wp\/v2\/users\/12791"}],"replies":[{"embeddable":true,"href":"https:\/\/epochtimestr.com\/index.php\/wp-json\/wp\/v2\/comments?post=169029"}],"version-history":[{"count":3,"href":"https:\/\/epochtimestr.com\/index.php\/wp-json\/wp\/v2\/posts\/169029\/revisions"}],"predecessor-version":[{"id":169040,"href":"https:\/\/epochtimestr.com\/index.php\/wp-json\/wp\/v2\/posts\/169029\/revisions\/169040"}],"wp:featuredmedia":[{"embeddable":true,"href":"https:\/\/epochtimestr.com\/index.php\/wp-json\/wp\/v2\/media\/169030"}],"wp:attachment":[{"href":"https:\/\/epochtimestr.com\/index.php\/wp-json\/wp\/v2\/media?parent=169029"}],"wp:term":[{"taxonomy":"category","embeddable":true,"href":"https:\/\/epochtimestr.com\/index.php\/wp-json\/wp\/v2\/categories?post=169029"},{"taxonomy":"post_tag","embeddable":true,"href":"https:\/\/epochtimestr.com\/index.php\/wp-json\/wp\/v2\/tags?post=169029"}],"curies":[{"name":"wp","href":"https:\/\/api.w.org\/{rel}","templated":true}]}}