{"id":169041,"date":"2026-07-22T22:28:02","date_gmt":"2026-07-22T19:28:02","guid":{"rendered":"https:\/\/epochtimestr.com\/?p=169041"},"modified":"2026-07-22T22:28:04","modified_gmt":"2026-07-22T19:28:04","slug":"ankarada-tusasa-ait-egitim-helikopteri-dustu","status":"publish","type":"post","link":"https:\/\/epochtimestr.com\/index.php\/ankarada-tusasa-ait-egitim-helikopteri-dustu","title":{"rendered":"Ankara\u2019da TUSA\u015e&#8217;a Ait E\u011fitim Helikopteri D\u00fc\u015ft\u00fc"},"content":{"rendered":"<div class=\"wp-block-image\">\n<figure class=\"aligncenter size-full\"><img loading=\"lazy\" decoding=\"async\" width=\"1280\" height=\"884\" src=\"https:\/\/epochtimestr.com\/wp-content\/uploads\/2011y\/helikopter.webp\" alt=\"\" class=\"wp-image-169042\" srcset=\"https:\/\/epochtimestr.com\/wp-content\/uploads\/2011y\/helikopter.webp 1280w, https:\/\/epochtimestr.com\/wp-content\/uploads\/2011y\/helikopter-300x207.webp 300w, https:\/\/epochtimestr.com\/wp-content\/uploads\/2011y\/helikopter-150x104.webp 150w, https:\/\/epochtimestr.com\/wp-content\/uploads\/2011y\/helikopter-768x530.webp 768w\" sizes=\"(max-width: 1280px) 100vw, 1280px\" \/><figcaption class=\"wp-element-caption\">Ankara\u2019da TUSA\u015e&#8217;a ait e\u011fitim helikopteri d\u00fc\u015ft\u00fc. (Foto\u011fraf: OpenClipart-Vectors, Pixabay)<\/figcaption><\/figure><\/div>\n\n\n<h2 class=\"wp-block-heading\">Ankara&#8217;da TUSA\u015e&#8217;a ait e\u011fitim helikopteri, Ankara-Eski\u015fehir karayolu Temelli mevkisinde hen\u00fcz belirlenemeyen nedenle araziye d\u00fc\u015ft\u00fc.<\/h2>\n\n\n\n<p>Ankara&#8217;da <a href=\"https:\/\/epochtimestr.com\/index.php\/tusas-hurjet-ile-kuresel-pazarda-yukseliyor\" target=\"_blank\" rel=\"noreferrer noopener\">TUSA\u015e<\/a>&#8216;a ait bir e\u011fitim helikopteri, Ankara-Eski\u015fehir karayolu Temelli mevkisinde hen\u00fcz belirlenemeyen nedenle araziye d\u00fc\u015ft\u00fc. TUSA\u015e&#8217;a ait R-44 tipi e\u011fitim helikopterinin d\u00fc\u015fmesi sonucu Pilot Emekli Albay Yasa\u00f6zden Bakkal hayat\u0131n\u0131 kaybetti, Hava Kuvvetleri personeli Binba\u015f\u0131 Bilgehan Kurto\u011flu ise yaraland\u0131. \u0130lk a\u00e7\u0131klamalarda helikopterde bulunan iki personelin de yaral\u0131 olarak hastaneye kald\u0131r\u0131ld\u0131\u011f\u0131 bildirilirken, daha sonra pilotun ya\u015fam\u0131n\u0131 yitirdi\u011fi resmen a\u00e7\u0131kland\u0131. Ankara Bat\u0131 Cumhuriyet Ba\u015fsavc\u0131l\u0131\u011f\u0131 kazayla ilgili adli soru\u015fturma ba\u015flatt\u0131.<\/p>\n\n\n\n<p>Adalet Bakan\u0131 <a href=\"https:\/\/epochtimestr.com\/index.php\/imamoglunun-hedef-gosterme-sucundan-beraatina-karar-verildi\" target=\"_blank\" rel=\"noreferrer noopener\">Ak\u0131n G\u00fcrlek<\/a> Pilot Emekli Albay Yasa\u00f6zden Bakkal&#8217;\u0131n ya\u015fam\u0131n\u0131 yitirdi\u011fini, Hava Kuvvetleri personeli Binba\u015f\u0131 Bilgehan Kurto\u011flu&#8217;nun yaraland\u0131\u011f\u0131n\u0131 a\u00e7\u0131klad\u0131. Bakan G\u00fcrlek sosyal medya payla\u015f\u0131m\u0131nda \u015fu ifadeleri kulland\u0131:<\/p>\n\n\n\n<p>&#8220;Ankara&#8217;n\u0131n Sincan il\u00e7esinde e\u011fitim u\u00e7u\u015fu s\u0131ras\u0131nda kaza k\u0131r\u0131ma u\u011frayan bir e\u011fitim helikopterinde bulunan Pilot Emekli Albay Yasa \u00f6zden Bakkal&#8217;\u0131n hayat\u0131n\u0131 kaybetti\u011fini derin bir \u00fcz\u00fcnt\u00fcyle \u00f6\u011frendim. Merhuma Y\u00fcce Allah&#8217;tan rahmet; ailesine ve yak\u0131nlar\u0131na ba\u015fsa\u011fl\u0131\u011f\u0131 diliyorum. Yaralanan Hava Kuvvetleri personeli Binba\u015f\u0131 Bilgehan Kurto\u011flu&#8217;na acil \u015fifalar temenni ediyorum. Kazayla ilgili Ankara Bat\u0131 Cumhuriyet Ba\u015fsavc\u0131l\u0131\u011f\u0131m\u0131z taraf\u0131ndan 1 Cumhuriyet ba\u015fsavc\u0131 vekili koordinesinde 2 Cumhuriyet savc\u0131s\u0131 g\u00f6revlendirilmi\u015f olup adli soru\u015fturma t\u00fcm y\u00f6nleriyle titizlikle s\u00fcrd\u00fcr\u00fclmektedir.&#8221;<\/p>\n\n\n<div class=\"wp-block-image\">\n<figure class=\"aligncenter size-large\"><img loading=\"lazy\" decoding=\"async\" width=\"882\" height=\"1200\" src=\"https:\/\/epochtimestr.com\/wp-content\/uploads\/2011y\/ankara-valiligi-882x1200.webp\" alt=\"\" class=\"wp-image-169043\" srcset=\"https:\/\/epochtimestr.com\/wp-content\/uploads\/2011y\/ankara-valiligi-882x1200.webp 882w, https:\/\/epochtimestr.com\/wp-content\/uploads\/2011y\/ankara-valiligi-221x300.webp 221w, https:\/\/epochtimestr.com\/wp-content\/uploads\/2011y\/ankara-valiligi-110x150.webp 110w, https:\/\/epochtimestr.com\/wp-content\/uploads\/2011y\/ankara-valiligi-768x1044.webp 768w, https:\/\/epochtimestr.com\/wp-content\/uploads\/2011y\/ankara-valiligi-1130x1536.webp 1130w, https:\/\/epochtimestr.com\/wp-content\/uploads\/2011y\/ankara-valiligi.webp 1284w\" sizes=\"(max-width: 882px) 100vw, 882px\" \/><\/figure><\/div>\n\n\n<p>Ankara Valili\u011fi, kazan\u0131n ard\u0131ndan yapt\u0131\u011f\u0131 ilk a\u00e7\u0131klama \u015fu \u015fekilde:<\/p>\n\n\n\n<p>&#8220;Bug\u00fcn saat 10.02\u2019de, Sincan il\u00e7emize ba\u011fl\u0131 Temelli Mahallesi s\u0131n\u0131rlar\u0131 i\u00e7erisinde R-44 tipi e\u011fitim helikopterinin d\u00fc\u015ft\u00fc\u011f\u00fc bilgisi al\u0131nm\u0131\u015ft\u0131r.<\/p>\n\n\n\n<p>\u0130lk belirlemelere g\u00f6re helikopterde bulunan iki personel kazadan yaral\u0131 olarak kurtar\u0131lm\u0131\u015ft\u0131r. Yaral\u0131lara olay yerinde ilk m\u00fcdahalelerinden sonra bir yaral\u0131 ambulansla di\u011fer yaral\u0131 ise ambulans helikopterle hastaneye sevk edilmi\u015ftir.<\/p>\n\n\n\n<p>Olay\u0131n ard\u0131ndan b\u00f6lgeye sevk edilen \u0130l Jandarma Komutanl\u0131\u011f\u0131 ekiplerince gerekli g\u00fcvenlik tedbirleri al\u0131narak olay yeri emniyet alt\u0131na al\u0131nm\u0131\u015ft\u0131r. Kazan\u0131n nedeninin belirlenmesine y\u00f6nelik inceleme ve ara\u015ft\u0131rma \u00e7al\u0131\u015fmalar\u0131 ilgili kurumlarca s\u00fcrd\u00fcr\u00fclmektedir.&#8221;<\/p>\n","protected":false},"excerpt":{"rendered":"<p>Ankara&#8217;da TUSA\u015e&#8217;a ait e\u011fitim helikopteri, Ankara-Eski\u015fehir karayolu Temelli mevkisinde hen\u00fcz belirlenemeyen nedenle araziye d\u00fc\u015ft\u00fc. Ankara&#8217;da TUSA\u015e&#8216;a ait bir e\u011fitim helikopteri, Ankara-Eski\u015fehir karayolu Temelli mevkisinde hen\u00fcz belirlenemeyen nedenle araziye d\u00fc\u015ft\u00fc. TUSA\u015e&#8217;a ait R-44 tipi e\u011fitim helikopterinin d\u00fc\u015fmesi sonucu Pilot Emekli Albay Yasa\u00f6zden Bakkal hayat\u0131n\u0131 kaybetti, Hava Kuvvetleri personeli Binba\u015f\u0131 Bilgehan Kurto\u011flu ise yaraland\u0131. \u0130lk a\u00e7\u0131klamalarda helikopterde [&hellip;]<\/p>\n","protected":false},"author":12791,"featured_media":169042,"comment_status":"open","ping_status":"open","sticky":false,"template":"","format":"standard","meta":{"_yoast_wpseo_focuskw":"e\u011fitim helikopteri - d\u00fc\u015ft\u00fc","_yoast_wpseo_title":"","_yoast_wpseo_metadesc":"Ankara'da TUSA\u015e'a ait e\u011fitim helikopteri, Ankara-Eski\u015fehir karayolu Temelli mevkisinde hen\u00fcz belirlenemeyen nedenle araziye d\u00fc\u015ft\u00fc.","_bbp_topic_count":0,"_bbp_reply_count":0,"_bbp_total_topic_count":0,"_bbp_total_reply_count":0,"_bbp_voice_count":0,"_bbp_anonymous_reply_count":0,"_bbp_topic_count_hidden":0,"_bbp_reply_count_hidden":0,"_bbp_forum_subforum_count":0,"footnotes":"","_yoast_wpseo_focuskw_text_input":""},"categories":[1,8138,37,8419],"tags":[8769,7850,161,8968],"yoast_head":"<!-- This site is optimized with the Yoast SEO plugin v23.0 - https:\/\/yoast.com\/wordpress\/plugins\/seo\/ -->\n<title>Ankara\u2019da TUSA\u015e&#039;a Ait E\u011fitim Helikopteri D\u00fc\u015ft\u00fc - The Epoch Times TR<\/title>\n<meta name=\"description\" content=\"Ankara&#039;da TUSA\u015e&#039;a ait e\u011fitim helikopteri, Ankara-Eski\u015fehir karayolu Temelli mevkisinde hen\u00fcz belirlenemeyen nedenle araziye d\u00fc\u015ft\u00fc.\" \/>\n<meta name=\"robots\" content=\"index, follow, max-snippet:-1, max-image-preview:large, max-video-preview:-1\" \/>\n<link rel=\"canonical\" href=\"https:\/\/epochtimestr.com\/index.php\/ankarada-tusasa-ait-egitim-helikopteri-dustu\" \/>\n<meta property=\"og:locale\" content=\"tr_TR\" \/>\n<meta property=\"og:type\" content=\"article\" \/>\n<meta property=\"og:title\" content=\"Ankara\u2019da TUSA\u015e&#039;a Ait E\u011fitim Helikopteri D\u00fc\u015ft\u00fc - The Epoch Times TR\" \/>\n<meta property=\"og:description\" content=\"Ankara&#039;da TUSA\u015e&#039;a ait e\u011fitim helikopteri, Ankara-Eski\u015fehir karayolu Temelli mevkisinde hen\u00fcz belirlenemeyen nedenle araziye d\u00fc\u015ft\u00fc.\" \/>\n<meta property=\"og:url\" content=\"https:\/\/epochtimestr.com\/index.php\/ankarada-tusasa-ait-egitim-helikopteri-dustu\" \/>\n<meta property=\"og:site_name\" content=\"The Epoch Times TR\" \/>\n<meta property=\"article:publisher\" content=\"https:\/\/www.facebook.com\/theepochtimestr\" \/>\n<meta property=\"article:published_time\" content=\"2026-07-22T19:28:02+00:00\" \/>\n<meta property=\"article:modified_time\" content=\"2026-07-22T19:28:04+00:00\" \/>\n<meta property=\"og:image\" content=\"https:\/\/epochtimestr.com\/wp-content\/uploads\/2011y\/helikopter.webp\" \/>\n\t<meta property=\"og:image:width\" content=\"1280\" \/>\n\t<meta property=\"og:image:height\" content=\"884\" \/>\n\t<meta property=\"og:image:type\" content=\"image\/webp\" \/>\n<meta name=\"author\" content=\"Haber Merkezi\" \/>\n<meta name=\"twitter:card\" content=\"summary_large_image\" \/>\n<meta name=\"twitter:creator\" content=\"@TheEpochTimesTR\" \/>\n<meta name=\"twitter:site\" content=\"@TheEpochTimesTR\" \/>\n<meta name=\"twitter:label1\" content=\"Yazan:\" \/>\n\t<meta name=\"twitter:data1\" content=\"Haber Merkezi\" \/>\n\t<meta name=\"twitter:label2\" content=\"Tahmini okuma s\u00fcresi\" \/>\n\t<meta name=\"twitter:data2\" content=\"3 dakika\" \/>\n<script type=\"application\/ld+json\" class=\"yoast-schema-graph\">{\"@context\":\"https:\/\/schema.org\",\"@graph\":[{\"@type\":\"Article\",\"@id\":\"https:\/\/epochtimestr.com\/index.php\/ankarada-tusasa-ait-egitim-helikopteri-dustu#article\",\"isPartOf\":{\"@id\":\"https:\/\/epochtimestr.com\/index.php\/ankarada-tusasa-ait-egitim-helikopteri-dustu\"},\"author\":{\"name\":\"Haber Merkezi\",\"@id\":\"https:\/\/epochtimestr.com\/#\/schema\/person\/3dc5c3adeb9f43923c5aa85889172fdd\"},\"headline\":\"Ankara\u2019da TUSA\u015e&#8217;a Ait E\u011fitim Helikopteri D\u00fc\u015ft\u00fc\",\"datePublished\":\"2026-07-22T19:28:02+00:00\",\"dateModified\":\"2026-07-22T19:28:04+00:00\",\"mainEntityOfPage\":{\"@id\":\"https:\/\/epochtimestr.com\/index.php\/ankarada-tusasa-ait-egitim-helikopteri-dustu\"},\"wordCount\":397,\"commentCount\":0,\"publisher\":{\"@id\":\"https:\/\/epochtimestr.com\/#organization\"},\"image\":{\"@id\":\"https:\/\/epochtimestr.com\/index.php\/ankarada-tusasa-ait-egitim-helikopteri-dustu#primaryimage\"},\"thumbnailUrl\":\"https:\/\/epochtimestr.com\/wp-content\/uploads\/2011y\/helikopter.webp\",\"keywords\":[\"Ak\u0131n G\u00fcrlek\",\"ankara valili\u011fi\",\"helikopter\",\"TUSA\u015e\"],\"articleSection\":[\"G\u00dcNDEM\",\"MAN\u015eET\",\"T\u00dcRK\u0130YE\",\"Ya\u015fam\"],\"inLanguage\":\"tr\",\"potentialAction\":[{\"@type\":\"CommentAction\",\"name\":\"Comment\",\"target\":[\"https:\/\/epochtimestr.com\/index.php\/ankarada-tusasa-ait-egitim-helikopteri-dustu#respond\"]}]},{\"@type\":\"WebPage\",\"@id\":\"https:\/\/epochtimestr.com\/index.php\/ankarada-tusasa-ait-egitim-helikopteri-dustu\",\"url\":\"https:\/\/epochtimestr.com\/index.php\/ankarada-tusasa-ait-egitim-helikopteri-dustu\",\"name\":\"Ankara\u2019da TUSA\u015e'a Ait E\u011fitim Helikopteri D\u00fc\u015ft\u00fc - The Epoch Times TR\",\"isPartOf\":{\"@id\":\"https:\/\/epochtimestr.com\/#website\"},\"primaryImageOfPage\":{\"@id\":\"https:\/\/epochtimestr.com\/index.php\/ankarada-tusasa-ait-egitim-helikopteri-dustu#primaryimage\"},\"image\":{\"@id\":\"https:\/\/epochtimestr.com\/index.php\/ankarada-tusasa-ait-egitim-helikopteri-dustu#primaryimage\"},\"thumbnailUrl\":\"https:\/\/epochtimestr.com\/wp-content\/uploads\/2011y\/helikopter.webp\",\"datePublished\":\"2026-07-22T19:28:02+00:00\",\"dateModified\":\"2026-07-22T19:28:04+00:00\",\"description\":\"Ankara'da TUSA\u015e'a ait e\u011fitim helikopteri, Ankara-Eski\u015fehir karayolu Temelli mevkisinde hen\u00fcz belirlenemeyen nedenle araziye d\u00fc\u015ft\u00fc.\",\"inLanguage\":\"tr\",\"potentialAction\":[{\"@type\":\"ReadAction\",\"target\":[\"https:\/\/epochtimestr.com\/index.php\/ankarada-tusasa-ait-egitim-helikopteri-dustu\"]}]},{\"@type\":\"ImageObject\",\"inLanguage\":\"tr\",\"@id\":\"https:\/\/epochtimestr.com\/index.php\/ankarada-tusasa-ait-egitim-helikopteri-dustu#primaryimage\",\"url\":\"https:\/\/epochtimestr.com\/wp-content\/uploads\/2011y\/helikopter.webp\",\"contentUrl\":\"https:\/\/epochtimestr.com\/wp-content\/uploads\/2011y\/helikopter.webp\",\"width\":1280,\"height\":884},{\"@type\":\"WebSite\",\"@id\":\"https:\/\/epochtimestr.com\/#website\",\"url\":\"https:\/\/epochtimestr.com\/\",\"name\":\"The Epoch Times TR\",\"description\":\"De\u011fi\u015fen D\u00fcnyam\u0131za Taze Bir Bak\u0131\u015f\",\"publisher\":{\"@id\":\"https:\/\/epochtimestr.com\/#organization\"},\"potentialAction\":[{\"@type\":\"SearchAction\",\"target\":{\"@type\":\"EntryPoint\",\"urlTemplate\":\"https:\/\/epochtimestr.com\/?s={search_term_string}\"},\"query-input\":\"required name=search_term_string\"}],\"inLanguage\":\"tr\"},{\"@type\":\"Organization\",\"@id\":\"https:\/\/epochtimestr.com\/#organization\",\"name\":\"The EpochTimes T\u00fcrkiye\",\"url\":\"https:\/\/epochtimestr.com\/\",\"logo\":{\"@type\":\"ImageObject\",\"inLanguage\":\"tr\",\"@id\":\"https:\/\/epochtimestr.com\/#\/schema\/logo\/image\/\",\"url\":\"https:\/\/epochtimestr.com\/wp-content\/uploads\/2011y\/ET-Logo-YG.jpg\",\"contentUrl\":\"https:\/\/epochtimestr.com\/wp-content\/uploads\/2011y\/ET-Logo-YG.jpg\",\"width\":346,\"height\":29,\"caption\":\"The EpochTimes T\u00fcrkiye\"},\"image\":{\"@id\":\"https:\/\/epochtimestr.com\/#\/schema\/logo\/image\/\"},\"sameAs\":[\"https:\/\/www.facebook.com\/theepochtimestr\",\"https:\/\/x.com\/TheEpochTimesTR\",\"https:\/\/www.instagram.com\/epochtimestr\"]},{\"@type\":\"Person\",\"@id\":\"https:\/\/epochtimestr.com\/#\/schema\/person\/3dc5c3adeb9f43923c5aa85889172fdd\",\"name\":\"Haber Merkezi\",\"image\":{\"@type\":\"ImageObject\",\"inLanguage\":\"tr\",\"@id\":\"https:\/\/epochtimestr.com\/#\/schema\/person\/image\/\",\"url\":\"https:\/\/secure.gravatar.com\/avatar\/d73f772ba5a74f28601361e17c2f93e6?s=96&d=mm&r=g\",\"contentUrl\":\"https:\/\/secure.gravatar.com\/avatar\/d73f772ba5a74f28601361e17c2f93e6?s=96&d=mm&r=g\",\"caption\":\"Haber Merkezi\"},\"url\":\"https:\/\/epochtimestr.com\/index.php\/author\/sendag\"}]}<\/script>\n<!-- \/ Yoast SEO plugin. -->","yoast_head_json":{"title":"Ankara\u2019da TUSA\u015e'a Ait E\u011fitim Helikopteri D\u00fc\u015ft\u00fc - The Epoch Times TR","description":"Ankara'da TUSA\u015e'a ait e\u011fitim helikopteri, Ankara-Eski\u015fehir karayolu Temelli mevkisinde hen\u00fcz belirlenemeyen nedenle araziye d\u00fc\u015ft\u00fc.","robots":{"index":"index","follow":"follow","max-snippet":"max-snippet:-1","max-image-preview":"max-image-preview:large","max-video-preview":"max-video-preview:-1"},"canonical":"https:\/\/epochtimestr.com\/index.php\/ankarada-tusasa-ait-egitim-helikopteri-dustu","og_locale":"tr_TR","og_type":"article","og_title":"Ankara\u2019da TUSA\u015e'a Ait E\u011fitim Helikopteri D\u00fc\u015ft\u00fc - The Epoch Times TR","og_description":"Ankara'da TUSA\u015e'a ait e\u011fitim helikopteri, Ankara-Eski\u015fehir karayolu Temelli mevkisinde hen\u00fcz belirlenemeyen nedenle araziye d\u00fc\u015ft\u00fc.","og_url":"https:\/\/epochtimestr.com\/index.php\/ankarada-tusasa-ait-egitim-helikopteri-dustu","og_site_name":"The Epoch Times TR","article_publisher":"https:\/\/www.facebook.com\/theepochtimestr","article_published_time":"2026-07-22T19:28:02+00:00","article_modified_time":"2026-07-22T19:28:04+00:00","og_image":[{"width":1280,"height":884,"url":"https:\/\/epochtimestr.com\/wp-content\/uploads\/2011y\/helikopter.webp","type":"image\/webp"}],"author":"Haber Merkezi","twitter_card":"summary_large_image","twitter_creator":"@TheEpochTimesTR","twitter_site":"@TheEpochTimesTR","twitter_misc":{"Yazan:":"Haber Merkezi","Tahmini okuma s\u00fcresi":"3 dakika"},"schema":{"@context":"https:\/\/schema.org","@graph":[{"@type":"Article","@id":"https:\/\/epochtimestr.com\/index.php\/ankarada-tusasa-ait-egitim-helikopteri-dustu#article","isPartOf":{"@id":"https:\/\/epochtimestr.com\/index.php\/ankarada-tusasa-ait-egitim-helikopteri-dustu"},"author":{"name":"Haber Merkezi","@id":"https:\/\/epochtimestr.com\/#\/schema\/person\/3dc5c3adeb9f43923c5aa85889172fdd"},"headline":"Ankara\u2019da TUSA\u015e&#8217;a Ait E\u011fitim Helikopteri D\u00fc\u015ft\u00fc","datePublished":"2026-07-22T19:28:02+00:00","dateModified":"2026-07-22T19:28:04+00:00","mainEntityOfPage":{"@id":"https:\/\/epochtimestr.com\/index.php\/ankarada-tusasa-ait-egitim-helikopteri-dustu"},"wordCount":397,"commentCount":0,"publisher":{"@id":"https:\/\/epochtimestr.com\/#organization"},"image":{"@id":"https:\/\/epochtimestr.com\/index.php\/ankarada-tusasa-ait-egitim-helikopteri-dustu#primaryimage"},"thumbnailUrl":"https:\/\/epochtimestr.com\/wp-content\/uploads\/2011y\/helikopter.webp","keywords":["Ak\u0131n G\u00fcrlek","ankara valili\u011fi","helikopter","TUSA\u015e"],"articleSection":["G\u00dcNDEM","MAN\u015eET","T\u00dcRK\u0130YE","Ya\u015fam"],"inLanguage":"tr","potentialAction":[{"@type":"CommentAction","name":"Comment","target":["https:\/\/epochtimestr.com\/index.php\/ankarada-tusasa-ait-egitim-helikopteri-dustu#respond"]}]},{"@type":"WebPage","@id":"https:\/\/epochtimestr.com\/index.php\/ankarada-tusasa-ait-egitim-helikopteri-dustu","url":"https:\/\/epochtimestr.com\/index.php\/ankarada-tusasa-ait-egitim-helikopteri-dustu","name":"Ankara\u2019da TUSA\u015e'a Ait E\u011fitim Helikopteri D\u00fc\u015ft\u00fc - The Epoch Times TR","isPartOf":{"@id":"https:\/\/epochtimestr.com\/#website"},"primaryImageOfPage":{"@id":"https:\/\/epochtimestr.com\/index.php\/ankarada-tusasa-ait-egitim-helikopteri-dustu#primaryimage"},"image":{"@id":"https:\/\/epochtimestr.com\/index.php\/ankarada-tusasa-ait-egitim-helikopteri-dustu#primaryimage"},"thumbnailUrl":"https:\/\/epochtimestr.com\/wp-content\/uploads\/2011y\/helikopter.webp","datePublished":"2026-07-22T19:28:02+00:00","dateModified":"2026-07-22T19:28:04+00:00","description":"Ankara'da TUSA\u015e'a ait e\u011fitim helikopteri, Ankara-Eski\u015fehir karayolu Temelli mevkisinde hen\u00fcz belirlenemeyen nedenle araziye d\u00fc\u015ft\u00fc.","inLanguage":"tr","potentialAction":[{"@type":"ReadAction","target":["https:\/\/epochtimestr.com\/index.php\/ankarada-tusasa-ait-egitim-helikopteri-dustu"]}]},{"@type":"ImageObject","inLanguage":"tr","@id":"https:\/\/epochtimestr.com\/index.php\/ankarada-tusasa-ait-egitim-helikopteri-dustu#primaryimage","url":"https:\/\/epochtimestr.com\/wp-content\/uploads\/2011y\/helikopter.webp","contentUrl":"https:\/\/epochtimestr.com\/wp-content\/uploads\/2011y\/helikopter.webp","width":1280,"height":884},{"@type":"WebSite","@id":"https:\/\/epochtimestr.com\/#website","url":"https:\/\/epochtimestr.com\/","name":"The Epoch Times TR","description":"De\u011fi\u015fen D\u00fcnyam\u0131za Taze Bir Bak\u0131\u015f","publisher":{"@id":"https:\/\/epochtimestr.com\/#organization"},"potentialAction":[{"@type":"SearchAction","target":{"@type":"EntryPoint","urlTemplate":"https:\/\/epochtimestr.com\/?s={search_term_string}"},"query-input":"required name=search_term_string"}],"inLanguage":"tr"},{"@type":"Organization","@id":"https:\/\/epochtimestr.com\/#organization","name":"The EpochTimes T\u00fcrkiye","url":"https:\/\/epochtimestr.com\/","logo":{"@type":"ImageObject","inLanguage":"tr","@id":"https:\/\/epochtimestr.com\/#\/schema\/logo\/image\/","url":"https:\/\/epochtimestr.com\/wp-content\/uploads\/2011y\/ET-Logo-YG.jpg","contentUrl":"https:\/\/epochtimestr.com\/wp-content\/uploads\/2011y\/ET-Logo-YG.jpg","width":346,"height":29,"caption":"The EpochTimes T\u00fcrkiye"},"image":{"@id":"https:\/\/epochtimestr.com\/#\/schema\/logo\/image\/"},"sameAs":["https:\/\/www.facebook.com\/theepochtimestr","https:\/\/x.com\/TheEpochTimesTR","https:\/\/www.instagram.com\/epochtimestr"]},{"@type":"Person","@id":"https:\/\/epochtimestr.com\/#\/schema\/person\/3dc5c3adeb9f43923c5aa85889172fdd","name":"Haber Merkezi","image":{"@type":"ImageObject","inLanguage":"tr","@id":"https:\/\/epochtimestr.com\/#\/schema\/person\/image\/","url":"https:\/\/secure.gravatar.com\/avatar\/d73f772ba5a74f28601361e17c2f93e6?s=96&d=mm&r=g","contentUrl":"https:\/\/secure.gravatar.com\/avatar\/d73f772ba5a74f28601361e17c2f93e6?s=96&d=mm&r=g","caption":"Haber Merkezi"},"url":"https:\/\/epochtimestr.com\/index.php\/author\/sendag"}]}},"_links":{"self":[{"href":"https:\/\/epochtimestr.com\/index.php\/wp-json\/wp\/v2\/posts\/169041"}],"collection":[{"href":"https:\/\/epochtimestr.com\/index.php\/wp-json\/wp\/v2\/posts"}],"about":[{"href":"https:\/\/epochtimestr.com\/index.php\/wp-json\/wp\/v2\/types\/post"}],"author":[{"embeddable":true,"href":"https:\/\/epochtimestr.com\/index.php\/wp-json\/wp\/v2\/users\/12791"}],"replies":[{"embeddable":true,"href":"https:\/\/epochtimestr.com\/index.php\/wp-json\/wp\/v2\/comments?post=169041"}],"version-history":[{"count":2,"href":"https:\/\/epochtimestr.com\/index.php\/wp-json\/wp\/v2\/posts\/169041\/revisions"}],"predecessor-version":[{"id":169054,"href":"https:\/\/epochtimestr.com\/index.php\/wp-json\/wp\/v2\/posts\/169041\/revisions\/169054"}],"wp:featuredmedia":[{"embeddable":true,"href":"https:\/\/epochtimestr.com\/index.php\/wp-json\/wp\/v2\/media\/169042"}],"wp:attachment":[{"href":"https:\/\/epochtimestr.com\/index.php\/wp-json\/wp\/v2\/media?parent=169041"}],"wp:term":[{"taxonomy":"category","embeddable":true,"href":"https:\/\/epochtimestr.com\/index.php\/wp-json\/wp\/v2\/categories?post=169041"},{"taxonomy":"post_tag","embeddable":true,"href":"https:\/\/epochtimestr.com\/index.php\/wp-json\/wp\/v2\/tags?post=169041"}],"curies":[{"name":"wp","href":"https:\/\/api.w.org\/{rel}","templated":true}]}}