{"id":169057,"date":"2026-07-23T08:03:41","date_gmt":"2026-07-23T05:03:41","guid":{"rendered":"https:\/\/epochtimestr.com\/?p=169057"},"modified":"2026-07-23T08:03:42","modified_gmt":"2026-07-23T05:03:42","slug":"nikaragua-diktatoru-ortega-ulkesinde-secimleri-iptal-etti","status":"publish","type":"post","link":"https:\/\/epochtimestr.com\/index.php\/nikaragua-diktatoru-ortega-ulkesinde-secimleri-iptal-etti","title":{"rendered":"Nikaragua Diktat\u00f6r\u00fc Ortega \u00dclkesinde Se\u00e7imleri \u0130ptal Etti"},"content":{"rendered":"<div class=\"wp-block-image\">\n<figure class=\"aligncenter size-full\"><img loading=\"lazy\" decoding=\"async\" width=\"576\" height=\"324\" src=\"https:\/\/epochtimestr.com\/wp-content\/uploads\/2011y\/ortega.jpg\" alt=\"Nikaragua diktat\u00f6r\u00fc Daniel Ortega, \u00fclkesinde se\u00e7imleri iptal etti. (Foto\u011fraf: c El Reporte youtube)\" class=\"wp-image-169058\" srcset=\"https:\/\/epochtimestr.com\/wp-content\/uploads\/2011y\/ortega.jpg 576w, https:\/\/epochtimestr.com\/wp-content\/uploads\/2011y\/ortega-300x169.jpg 300w, https:\/\/epochtimestr.com\/wp-content\/uploads\/2011y\/ortega-150x84.jpg 150w\" sizes=\"(max-width: 576px) 100vw, 576px\" \/><figcaption class=\"wp-element-caption\">Nikaragua diktat\u00f6r\u00fc Daniel Ortega, \u00fclkesinde se\u00e7imleri iptal etti. (Foto\u011fraf: c El Reporte youtube)<\/figcaption><\/figure><\/div>\n\n\n<h2 class=\"wp-block-heading\">Daniel Ortega \u201cArt\u0131k se\u00e7im olmayacak\u201d diyerek 2027 se\u00e7imlerini iptal etti\u011fini a\u00e7\u0131klad\u0131 ve muhalefeti ABD destekli darbeciler olmakla su\u00e7lad\u0131.<\/h2>\n\n\n\n<p>Orta Amerika \u00fclkesi <a href=\"https:\/\/epochtimestr.com\/index.php\/abd-yemenlilerin-gecici-koruma-statusunu-sonlandirdi\" target=\"_blank\" rel=\"noreferrer noopener\">Nikaragua<\/a>\u2019da 2007\u2019den bu yana iktidarda olan Devlet Ba\u015fkan\u0131 Daniel Ortega, \u00fclkede bir daha se\u00e7im yap\u0131lmayaca\u011f\u0131n\u0131 duyurdu. Daniel Ortega&#8217;n\u0131n Ocak 2007&#8217;de Nikaragua ba\u015fkanl\u0131\u011f\u0131na geri d\u00f6nmesinden bu yana, y\u00f6netimi giderek artan bir otokrasi ile y\u00f6netmektedir. <\/p>\n\n\n\n<p>Ortega, 1980&#8217;de suikaste u\u011frayan ABD destekli diktat\u00f6r Anastasio Somoza Debayle&#8217;nin destek\u00e7ilerinin iktidara geri d\u00f6nmesini engellemek i\u00e7in se\u00e7imleri ask\u0131ya almas\u0131 gerekti\u011fini iddia etti. 1979 Sandinista Devrimi\u2019nin y\u0131l d\u00f6n\u00fcm\u00fcnde yapt\u0131\u011f\u0131 konu\u015fmada \u201cAmerika Birle\u015fik Devletleri destekli partilerin iktidara d\u00f6nece\u011fi g\u00fcnler geride kald\u0131, bir daha asla\u201d dedi.<\/p>\n\n\n\n<p><strong>&#8220;Seksen ya\u015f\u0131ndaki Devlet Ba\u015fkan\u0131 Ortega, \u00fclkede bir daha se\u00e7im yap\u0131lmayaca\u011f\u0131n\u0131 duyurdu<\/strong>&#8220;<\/p>\n\n\n\n<p>Ortega muhalefetin y\u00f6netimi ele ge\u00e7irmesine izin vermeyeceklerini s\u00f6yleyerek, gelecek y\u0131l sona erecek g\u00f6rev s\u00fcresinin ard\u0131ndan sand\u0131k kap\u0131s\u0131n\u0131 tamamen kapatt\u0131. Seksen ya\u015f\u0131ndaki Devlet Ba\u015fkan\u0131 Ortega, \u00fclkede bir daha se\u00e7im yap\u0131lmayaca\u011f\u0131n\u0131 duyurdu. S\u00f6z konusu devrimde ABD destekli Somoza diktat\u00f6rl\u00fc\u011f\u00fcn\u00fcn devrilmesine yard\u0131mc\u0131 olan Ortega, ilan etti\u011fi se\u00e7im yasa\u011f\u0131n\u0131n nas\u0131l uygulanaca\u011f\u0131na dair ise ayr\u0131nt\u0131 vermedi.<\/p>\n\n\n\n<p>&#8220;<strong>2021 se\u00e7im kampanyas\u0131 s\u0131ras\u0131nda partileri yasaklad\u0131 ve t\u00fcm muhalif ba\u015fkan adaylar\u0131n\u0131 hapse att\u0131<\/strong>&#8220;<\/p>\n\n\n\n<p>2024&#8217;te Nikaragua yasama organ\u0131, Ortega&#8217;n\u0131n e\u015fi Rosario Murillo&#8217;yu &#8220;e\u015f ba\u015fkan&#8221; makam\u0131na y\u00fckseltti. Ortega&#8217;ya yerli ele\u015ftirmenlerin Nikaragua vatanda\u015fl\u0131\u011f\u0131n\u0131 elinden alma yetkisi veren bir anayasa de\u011fi\u015fikli\u011fini onaylad\u0131. \u0130nsan Haklar\u0131 \u0130zleme \u00d6rg\u00fct\u00fc dahil \u00e7e\u015fitli kurulu\u015flara g\u00f6re Nikaragua\u2019da yakla\u015f\u0131k 50 siyasi mahk\u00fbm bulunuyor. Ortega y\u00f6netimi bug\u00fcne kadar 546 ki\u015fiyi vatanda\u015fl\u0131ktan \u00e7\u0131kard\u0131. Ayr\u0131ca 5 bin 600\u2019den fazla sivil toplum kurulu\u015funu, 29 \u00fcniversiteyi ve 58 medya kurulu\u015funu kapatt\u0131. 2021 se\u00e7im kampanyas\u0131 s\u0131ras\u0131nda Ortega rejimi, partileri yasaklad\u0131 ve t\u00fcm muhalif ba\u015fkan adaylar\u0131n\u0131 hapse att\u0131.<\/p>\n\n\n\n<p>Birle\u015fmi\u015f Milletler dahil uluslararas\u0131 kurulu\u015flara g\u00f6re Ortega y\u00f6netiminin 2018\u2019de \u00fclke genelindeki protestolara m\u00fcdahalesinde 350\u2019den fazla ki\u015fi hayat\u0131n\u0131 kaybetti. Bunun yan\u0131 s\u0131ra binlerce ki\u015fi cezaevine g\u00f6nderildi ve yakla\u015f\u0131k 1 milyon Nikaragual\u0131 \u00fclkeyi terk etmek zorunda kald\u0131.<\/p>\n","protected":false},"excerpt":{"rendered":"<p>Daniel Ortega \u201cArt\u0131k se\u00e7im olmayacak\u201d diyerek 2027 se\u00e7imlerini iptal etti\u011fini a\u00e7\u0131klad\u0131 ve muhalefeti ABD destekli darbeciler olmakla su\u00e7lad\u0131. Orta Amerika \u00fclkesi Nikaragua\u2019da 2007\u2019den bu yana iktidarda olan Devlet Ba\u015fkan\u0131 Daniel Ortega, \u00fclkede bir daha se\u00e7im yap\u0131lmayaca\u011f\u0131n\u0131 duyurdu. Daniel Ortega&#8217;n\u0131n Ocak 2007&#8217;de Nikaragua ba\u015fkanl\u0131\u011f\u0131na geri d\u00f6nmesinden bu yana, y\u00f6netimi giderek artan bir otokrasi ile y\u00f6netmektedir. Ortega, [&hellip;]<\/p>\n","protected":false},"author":12791,"featured_media":169058,"comment_status":"open","ping_status":"open","sticky":false,"template":"","format":"standard","meta":{"_yoast_wpseo_focuskw":"Daniel Ortega","_yoast_wpseo_title":"","_yoast_wpseo_metadesc":"Daniel Ortega \u201cArt\u0131k se\u00e7im olmayacak\u201d diyerek 2027 se\u00e7imlerini iptal etti\u011fini a\u00e7\u0131klad\u0131 ve muhalefeti ABD destekli darbeciler olmakla su\u00e7lad\u0131.","_bbp_topic_count":0,"_bbp_reply_count":0,"_bbp_total_topic_count":0,"_bbp_total_reply_count":0,"_bbp_voice_count":0,"_bbp_anonymous_reply_count":0,"_bbp_topic_count_hidden":0,"_bbp_reply_count_hidden":0,"_bbp_forum_subforum_count":0,"footnotes":"","_yoast_wpseo_focuskw_text_input":""},"categories":[5,1,8138],"tags":[11855,11857,11854,11856,724],"yoast_head":"<!-- This site is optimized with the Yoast SEO plugin v23.0 - https:\/\/yoast.com\/wordpress\/plugins\/seo\/ -->\n<title>Nikaragua Diktat\u00f6r\u00fc Ortega \u00dclkesinde Se\u00e7imleri \u0130ptal Etti - The Epoch Times TR<\/title>\n<meta name=\"description\" content=\"Daniel Ortega \u201cArt\u0131k se\u00e7im olmayacak\u201d diyerek 2027 se\u00e7imlerini iptal etti\u011fini a\u00e7\u0131klad\u0131 ve muhalefeti ABD destekli darbeciler olmakla su\u00e7lad\u0131.\" \/>\n<meta name=\"robots\" content=\"index, follow, max-snippet:-1, max-image-preview:large, max-video-preview:-1\" \/>\n<link rel=\"canonical\" href=\"https:\/\/epochtimestr.com\/index.php\/nikaragua-diktatoru-ortega-ulkesinde-secimleri-iptal-etti\" \/>\n<meta property=\"og:locale\" content=\"tr_TR\" \/>\n<meta property=\"og:type\" content=\"article\" \/>\n<meta property=\"og:title\" content=\"Nikaragua Diktat\u00f6r\u00fc Ortega \u00dclkesinde Se\u00e7imleri \u0130ptal Etti - The Epoch Times TR\" \/>\n<meta property=\"og:description\" content=\"Daniel Ortega \u201cArt\u0131k se\u00e7im olmayacak\u201d diyerek 2027 se\u00e7imlerini iptal etti\u011fini a\u00e7\u0131klad\u0131 ve muhalefeti ABD destekli darbeciler olmakla su\u00e7lad\u0131.\" \/>\n<meta property=\"og:url\" content=\"https:\/\/epochtimestr.com\/index.php\/nikaragua-diktatoru-ortega-ulkesinde-secimleri-iptal-etti\" \/>\n<meta property=\"og:site_name\" content=\"The Epoch Times TR\" \/>\n<meta property=\"article:publisher\" content=\"https:\/\/www.facebook.com\/theepochtimestr\" \/>\n<meta property=\"article:published_time\" content=\"2026-07-23T05:03:41+00:00\" \/>\n<meta property=\"article:modified_time\" content=\"2026-07-23T05:03:42+00:00\" \/>\n<meta property=\"og:image\" content=\"https:\/\/epochtimestr.com\/wp-content\/uploads\/2011y\/ortega.jpg\" \/>\n\t<meta property=\"og:image:width\" content=\"576\" \/>\n\t<meta property=\"og:image:height\" content=\"324\" \/>\n\t<meta property=\"og:image:type\" content=\"image\/jpeg\" \/>\n<meta name=\"author\" content=\"Haber Merkezi\" \/>\n<meta name=\"twitter:card\" content=\"summary_large_image\" \/>\n<meta name=\"twitter:creator\" content=\"@TheEpochTimesTR\" \/>\n<meta name=\"twitter:site\" content=\"@TheEpochTimesTR\" \/>\n<meta name=\"twitter:label1\" content=\"Yazan:\" \/>\n\t<meta name=\"twitter:data1\" content=\"Haber Merkezi\" \/>\n\t<meta name=\"twitter:label2\" content=\"Tahmini okuma s\u00fcresi\" \/>\n\t<meta name=\"twitter:data2\" content=\"3 dakika\" \/>\n<script type=\"application\/ld+json\" class=\"yoast-schema-graph\">{\"@context\":\"https:\/\/schema.org\",\"@graph\":[{\"@type\":\"Article\",\"@id\":\"https:\/\/epochtimestr.com\/index.php\/nikaragua-diktatoru-ortega-ulkesinde-secimleri-iptal-etti#article\",\"isPartOf\":{\"@id\":\"https:\/\/epochtimestr.com\/index.php\/nikaragua-diktatoru-ortega-ulkesinde-secimleri-iptal-etti\"},\"author\":{\"name\":\"Haber Merkezi\",\"@id\":\"https:\/\/epochtimestr.com\/#\/schema\/person\/3dc5c3adeb9f43923c5aa85889172fdd\"},\"headline\":\"Nikaragua Diktat\u00f6r\u00fc Ortega \u00dclkesinde Se\u00e7imleri \u0130ptal Etti\",\"datePublished\":\"2026-07-23T05:03:41+00:00\",\"dateModified\":\"2026-07-23T05:03:42+00:00\",\"mainEntityOfPage\":{\"@id\":\"https:\/\/epochtimestr.com\/index.php\/nikaragua-diktatoru-ortega-ulkesinde-secimleri-iptal-etti\"},\"wordCount\":415,\"commentCount\":0,\"publisher\":{\"@id\":\"https:\/\/epochtimestr.com\/#organization\"},\"image\":{\"@id\":\"https:\/\/epochtimestr.com\/index.php\/nikaragua-diktatoru-ortega-ulkesinde-secimleri-iptal-etti#primaryimage\"},\"thumbnailUrl\":\"https:\/\/epochtimestr.com\/wp-content\/uploads\/2011y\/ortega.jpg\",\"keywords\":[\"Daniel Ortega\",\"diktat\u00f6r\",\"Nikaragua\",\"Rosario Murillo\",\"se\u00e7im\"],\"articleSection\":[\"D\u00dcNYA\",\"G\u00dcNDEM\",\"MAN\u015eET\"],\"inLanguage\":\"tr\",\"potentialAction\":[{\"@type\":\"CommentAction\",\"name\":\"Comment\",\"target\":[\"https:\/\/epochtimestr.com\/index.php\/nikaragua-diktatoru-ortega-ulkesinde-secimleri-iptal-etti#respond\"]}]},{\"@type\":\"WebPage\",\"@id\":\"https:\/\/epochtimestr.com\/index.php\/nikaragua-diktatoru-ortega-ulkesinde-secimleri-iptal-etti\",\"url\":\"https:\/\/epochtimestr.com\/index.php\/nikaragua-diktatoru-ortega-ulkesinde-secimleri-iptal-etti\",\"name\":\"Nikaragua Diktat\u00f6r\u00fc Ortega \u00dclkesinde Se\u00e7imleri \u0130ptal Etti - The Epoch Times TR\",\"isPartOf\":{\"@id\":\"https:\/\/epochtimestr.com\/#website\"},\"primaryImageOfPage\":{\"@id\":\"https:\/\/epochtimestr.com\/index.php\/nikaragua-diktatoru-ortega-ulkesinde-secimleri-iptal-etti#primaryimage\"},\"image\":{\"@id\":\"https:\/\/epochtimestr.com\/index.php\/nikaragua-diktatoru-ortega-ulkesinde-secimleri-iptal-etti#primaryimage\"},\"thumbnailUrl\":\"https:\/\/epochtimestr.com\/wp-content\/uploads\/2011y\/ortega.jpg\",\"datePublished\":\"2026-07-23T05:03:41+00:00\",\"dateModified\":\"2026-07-23T05:03:42+00:00\",\"description\":\"Daniel Ortega \u201cArt\u0131k se\u00e7im olmayacak\u201d diyerek 2027 se\u00e7imlerini iptal etti\u011fini a\u00e7\u0131klad\u0131 ve muhalefeti ABD destekli darbeciler olmakla su\u00e7lad\u0131.\",\"inLanguage\":\"tr\",\"potentialAction\":[{\"@type\":\"ReadAction\",\"target\":[\"https:\/\/epochtimestr.com\/index.php\/nikaragua-diktatoru-ortega-ulkesinde-secimleri-iptal-etti\"]}]},{\"@type\":\"ImageObject\",\"inLanguage\":\"tr\",\"@id\":\"https:\/\/epochtimestr.com\/index.php\/nikaragua-diktatoru-ortega-ulkesinde-secimleri-iptal-etti#primaryimage\",\"url\":\"https:\/\/epochtimestr.com\/wp-content\/uploads\/2011y\/ortega.jpg\",\"contentUrl\":\"https:\/\/epochtimestr.com\/wp-content\/uploads\/2011y\/ortega.jpg\",\"width\":576,\"height\":324},{\"@type\":\"WebSite\",\"@id\":\"https:\/\/epochtimestr.com\/#website\",\"url\":\"https:\/\/epochtimestr.com\/\",\"name\":\"The Epoch Times TR\",\"description\":\"De\u011fi\u015fen D\u00fcnyam\u0131za Taze Bir Bak\u0131\u015f\",\"publisher\":{\"@id\":\"https:\/\/epochtimestr.com\/#organization\"},\"potentialAction\":[{\"@type\":\"SearchAction\",\"target\":{\"@type\":\"EntryPoint\",\"urlTemplate\":\"https:\/\/epochtimestr.com\/?s={search_term_string}\"},\"query-input\":\"required name=search_term_string\"}],\"inLanguage\":\"tr\"},{\"@type\":\"Organization\",\"@id\":\"https:\/\/epochtimestr.com\/#organization\",\"name\":\"The EpochTimes T\u00fcrkiye\",\"url\":\"https:\/\/epochtimestr.com\/\",\"logo\":{\"@type\":\"ImageObject\",\"inLanguage\":\"tr\",\"@id\":\"https:\/\/epochtimestr.com\/#\/schema\/logo\/image\/\",\"url\":\"https:\/\/epochtimestr.com\/wp-content\/uploads\/2011y\/ET-Logo-YG.jpg\",\"contentUrl\":\"https:\/\/epochtimestr.com\/wp-content\/uploads\/2011y\/ET-Logo-YG.jpg\",\"width\":346,\"height\":29,\"caption\":\"The EpochTimes T\u00fcrkiye\"},\"image\":{\"@id\":\"https:\/\/epochtimestr.com\/#\/schema\/logo\/image\/\"},\"sameAs\":[\"https:\/\/www.facebook.com\/theepochtimestr\",\"https:\/\/x.com\/TheEpochTimesTR\",\"https:\/\/www.instagram.com\/epochtimestr\"]},{\"@type\":\"Person\",\"@id\":\"https:\/\/epochtimestr.com\/#\/schema\/person\/3dc5c3adeb9f43923c5aa85889172fdd\",\"name\":\"Haber Merkezi\",\"image\":{\"@type\":\"ImageObject\",\"inLanguage\":\"tr\",\"@id\":\"https:\/\/epochtimestr.com\/#\/schema\/person\/image\/\",\"url\":\"https:\/\/secure.gravatar.com\/avatar\/d73f772ba5a74f28601361e17c2f93e6?s=96&d=mm&r=g\",\"contentUrl\":\"https:\/\/secure.gravatar.com\/avatar\/d73f772ba5a74f28601361e17c2f93e6?s=96&d=mm&r=g\",\"caption\":\"Haber Merkezi\"},\"url\":\"https:\/\/epochtimestr.com\/index.php\/author\/sendag\"}]}<\/script>\n<!-- \/ Yoast SEO plugin. -->","yoast_head_json":{"title":"Nikaragua Diktat\u00f6r\u00fc Ortega \u00dclkesinde Se\u00e7imleri \u0130ptal Etti - The Epoch Times TR","description":"Daniel Ortega \u201cArt\u0131k se\u00e7im olmayacak\u201d diyerek 2027 se\u00e7imlerini iptal etti\u011fini a\u00e7\u0131klad\u0131 ve muhalefeti ABD destekli darbeciler olmakla su\u00e7lad\u0131.","robots":{"index":"index","follow":"follow","max-snippet":"max-snippet:-1","max-image-preview":"max-image-preview:large","max-video-preview":"max-video-preview:-1"},"canonical":"https:\/\/epochtimestr.com\/index.php\/nikaragua-diktatoru-ortega-ulkesinde-secimleri-iptal-etti","og_locale":"tr_TR","og_type":"article","og_title":"Nikaragua Diktat\u00f6r\u00fc Ortega \u00dclkesinde Se\u00e7imleri \u0130ptal Etti - The Epoch Times TR","og_description":"Daniel Ortega \u201cArt\u0131k se\u00e7im olmayacak\u201d diyerek 2027 se\u00e7imlerini iptal etti\u011fini a\u00e7\u0131klad\u0131 ve muhalefeti ABD destekli darbeciler olmakla su\u00e7lad\u0131.","og_url":"https:\/\/epochtimestr.com\/index.php\/nikaragua-diktatoru-ortega-ulkesinde-secimleri-iptal-etti","og_site_name":"The Epoch Times TR","article_publisher":"https:\/\/www.facebook.com\/theepochtimestr","article_published_time":"2026-07-23T05:03:41+00:00","article_modified_time":"2026-07-23T05:03:42+00:00","og_image":[{"width":576,"height":324,"url":"https:\/\/epochtimestr.com\/wp-content\/uploads\/2011y\/ortega.jpg","type":"image\/jpeg"}],"author":"Haber Merkezi","twitter_card":"summary_large_image","twitter_creator":"@TheEpochTimesTR","twitter_site":"@TheEpochTimesTR","twitter_misc":{"Yazan:":"Haber Merkezi","Tahmini okuma s\u00fcresi":"3 dakika"},"schema":{"@context":"https:\/\/schema.org","@graph":[{"@type":"Article","@id":"https:\/\/epochtimestr.com\/index.php\/nikaragua-diktatoru-ortega-ulkesinde-secimleri-iptal-etti#article","isPartOf":{"@id":"https:\/\/epochtimestr.com\/index.php\/nikaragua-diktatoru-ortega-ulkesinde-secimleri-iptal-etti"},"author":{"name":"Haber Merkezi","@id":"https:\/\/epochtimestr.com\/#\/schema\/person\/3dc5c3adeb9f43923c5aa85889172fdd"},"headline":"Nikaragua Diktat\u00f6r\u00fc Ortega \u00dclkesinde Se\u00e7imleri \u0130ptal Etti","datePublished":"2026-07-23T05:03:41+00:00","dateModified":"2026-07-23T05:03:42+00:00","mainEntityOfPage":{"@id":"https:\/\/epochtimestr.com\/index.php\/nikaragua-diktatoru-ortega-ulkesinde-secimleri-iptal-etti"},"wordCount":415,"commentCount":0,"publisher":{"@id":"https:\/\/epochtimestr.com\/#organization"},"image":{"@id":"https:\/\/epochtimestr.com\/index.php\/nikaragua-diktatoru-ortega-ulkesinde-secimleri-iptal-etti#primaryimage"},"thumbnailUrl":"https:\/\/epochtimestr.com\/wp-content\/uploads\/2011y\/ortega.jpg","keywords":["Daniel Ortega","diktat\u00f6r","Nikaragua","Rosario Murillo","se\u00e7im"],"articleSection":["D\u00dcNYA","G\u00dcNDEM","MAN\u015eET"],"inLanguage":"tr","potentialAction":[{"@type":"CommentAction","name":"Comment","target":["https:\/\/epochtimestr.com\/index.php\/nikaragua-diktatoru-ortega-ulkesinde-secimleri-iptal-etti#respond"]}]},{"@type":"WebPage","@id":"https:\/\/epochtimestr.com\/index.php\/nikaragua-diktatoru-ortega-ulkesinde-secimleri-iptal-etti","url":"https:\/\/epochtimestr.com\/index.php\/nikaragua-diktatoru-ortega-ulkesinde-secimleri-iptal-etti","name":"Nikaragua Diktat\u00f6r\u00fc Ortega \u00dclkesinde Se\u00e7imleri \u0130ptal Etti - The Epoch Times TR","isPartOf":{"@id":"https:\/\/epochtimestr.com\/#website"},"primaryImageOfPage":{"@id":"https:\/\/epochtimestr.com\/index.php\/nikaragua-diktatoru-ortega-ulkesinde-secimleri-iptal-etti#primaryimage"},"image":{"@id":"https:\/\/epochtimestr.com\/index.php\/nikaragua-diktatoru-ortega-ulkesinde-secimleri-iptal-etti#primaryimage"},"thumbnailUrl":"https:\/\/epochtimestr.com\/wp-content\/uploads\/2011y\/ortega.jpg","datePublished":"2026-07-23T05:03:41+00:00","dateModified":"2026-07-23T05:03:42+00:00","description":"Daniel Ortega \u201cArt\u0131k se\u00e7im olmayacak\u201d diyerek 2027 se\u00e7imlerini iptal etti\u011fini a\u00e7\u0131klad\u0131 ve muhalefeti ABD destekli darbeciler olmakla su\u00e7lad\u0131.","inLanguage":"tr","potentialAction":[{"@type":"ReadAction","target":["https:\/\/epochtimestr.com\/index.php\/nikaragua-diktatoru-ortega-ulkesinde-secimleri-iptal-etti"]}]},{"@type":"ImageObject","inLanguage":"tr","@id":"https:\/\/epochtimestr.com\/index.php\/nikaragua-diktatoru-ortega-ulkesinde-secimleri-iptal-etti#primaryimage","url":"https:\/\/epochtimestr.com\/wp-content\/uploads\/2011y\/ortega.jpg","contentUrl":"https:\/\/epochtimestr.com\/wp-content\/uploads\/2011y\/ortega.jpg","width":576,"height":324},{"@type":"WebSite","@id":"https:\/\/epochtimestr.com\/#website","url":"https:\/\/epochtimestr.com\/","name":"The Epoch Times TR","description":"De\u011fi\u015fen D\u00fcnyam\u0131za Taze Bir Bak\u0131\u015f","publisher":{"@id":"https:\/\/epochtimestr.com\/#organization"},"potentialAction":[{"@type":"SearchAction","target":{"@type":"EntryPoint","urlTemplate":"https:\/\/epochtimestr.com\/?s={search_term_string}"},"query-input":"required name=search_term_string"}],"inLanguage":"tr"},{"@type":"Organization","@id":"https:\/\/epochtimestr.com\/#organization","name":"The EpochTimes T\u00fcrkiye","url":"https:\/\/epochtimestr.com\/","logo":{"@type":"ImageObject","inLanguage":"tr","@id":"https:\/\/epochtimestr.com\/#\/schema\/logo\/image\/","url":"https:\/\/epochtimestr.com\/wp-content\/uploads\/2011y\/ET-Logo-YG.jpg","contentUrl":"https:\/\/epochtimestr.com\/wp-content\/uploads\/2011y\/ET-Logo-YG.jpg","width":346,"height":29,"caption":"The EpochTimes T\u00fcrkiye"},"image":{"@id":"https:\/\/epochtimestr.com\/#\/schema\/logo\/image\/"},"sameAs":["https:\/\/www.facebook.com\/theepochtimestr","https:\/\/x.com\/TheEpochTimesTR","https:\/\/www.instagram.com\/epochtimestr"]},{"@type":"Person","@id":"https:\/\/epochtimestr.com\/#\/schema\/person\/3dc5c3adeb9f43923c5aa85889172fdd","name":"Haber Merkezi","image":{"@type":"ImageObject","inLanguage":"tr","@id":"https:\/\/epochtimestr.com\/#\/schema\/person\/image\/","url":"https:\/\/secure.gravatar.com\/avatar\/d73f772ba5a74f28601361e17c2f93e6?s=96&d=mm&r=g","contentUrl":"https:\/\/secure.gravatar.com\/avatar\/d73f772ba5a74f28601361e17c2f93e6?s=96&d=mm&r=g","caption":"Haber Merkezi"},"url":"https:\/\/epochtimestr.com\/index.php\/author\/sendag"}]}},"_links":{"self":[{"href":"https:\/\/epochtimestr.com\/index.php\/wp-json\/wp\/v2\/posts\/169057"}],"collection":[{"href":"https:\/\/epochtimestr.com\/index.php\/wp-json\/wp\/v2\/posts"}],"about":[{"href":"https:\/\/epochtimestr.com\/index.php\/wp-json\/wp\/v2\/types\/post"}],"author":[{"embeddable":true,"href":"https:\/\/epochtimestr.com\/index.php\/wp-json\/wp\/v2\/users\/12791"}],"replies":[{"embeddable":true,"href":"https:\/\/epochtimestr.com\/index.php\/wp-json\/wp\/v2\/comments?post=169057"}],"version-history":[{"count":2,"href":"https:\/\/epochtimestr.com\/index.php\/wp-json\/wp\/v2\/posts\/169057\/revisions"}],"predecessor-version":[{"id":169073,"href":"https:\/\/epochtimestr.com\/index.php\/wp-json\/wp\/v2\/posts\/169057\/revisions\/169073"}],"wp:featuredmedia":[{"embeddable":true,"href":"https:\/\/epochtimestr.com\/index.php\/wp-json\/wp\/v2\/media\/169058"}],"wp:attachment":[{"href":"https:\/\/epochtimestr.com\/index.php\/wp-json\/wp\/v2\/media?parent=169057"}],"wp:term":[{"taxonomy":"category","embeddable":true,"href":"https:\/\/epochtimestr.com\/index.php\/wp-json\/wp\/v2\/categories?post=169057"},{"taxonomy":"post_tag","embeddable":true,"href":"https:\/\/epochtimestr.com\/index.php\/wp-json\/wp\/v2\/tags?post=169057"}],"curies":[{"name":"wp","href":"https:\/\/api.w.org\/{rel}","templated":true}]}}