{"id":169060,"date":"2026-07-23T08:22:37","date_gmt":"2026-07-23T05:22:37","guid":{"rendered":"https:\/\/epochtimestr.com\/?p=169060"},"modified":"2026-07-23T08:22:38","modified_gmt":"2026-07-23T05:22:38","slug":"chpde-mutlak-butlan-yonetimi-4-il-baskanini-gorevden-aldi","status":"publish","type":"post","link":"https:\/\/epochtimestr.com\/index.php\/chpde-mutlak-butlan-yonetimi-4-il-baskanini-gorevden-aldi","title":{"rendered":"CHP&#8217;de Mutlak Butlan Y\u00f6netimi 4 \u0130l Ba\u015fkan\u0131n\u0131 G\u00f6revden Ald\u0131"},"content":{"rendered":"<div class=\"wp-block-image\">\n<figure class=\"aligncenter size-full\"><img loading=\"lazy\" decoding=\"async\" width=\"1199\" height=\"800\" src=\"https:\/\/epochtimestr.com\/wp-content\/uploads\/2011y\/chp-15.jpg\" alt=\"CHP'de mutlak butlan y\u00f6netimi 4 il ba\u015fkan\u0131n\u0131 g\u00f6revden ald\u0131. (Foto\u011fraf: CHP x hesab\u0131)\" class=\"wp-image-169061\" srcset=\"https:\/\/epochtimestr.com\/wp-content\/uploads\/2011y\/chp-15.jpg 1199w, https:\/\/epochtimestr.com\/wp-content\/uploads\/2011y\/chp-15-300x200.jpg 300w, https:\/\/epochtimestr.com\/wp-content\/uploads\/2011y\/chp-15-150x100.jpg 150w, https:\/\/epochtimestr.com\/wp-content\/uploads\/2011y\/chp-15-768x512.jpg 768w\" sizes=\"(max-width: 1199px) 100vw, 1199px\" \/><figcaption class=\"wp-element-caption\">CHP&#8217;de mutlak butlan y\u00f6netimi 4 il ba\u015fkan\u0131n\u0131 g\u00f6revden ald\u0131. (Foto\u011fraf: CHP x hesab\u0131)<\/figcaption><\/figure><\/div>\n\n\n<p>Mahkeme karar\u0131yla <a href=\"https:\/\/epochtimestr.com\/index.php\/murat-bakan-chpden-istifa-eden-ilk-isim-oldu\">CHP <\/a>Genel Ba\u015fkanl\u0131\u011f\u0131&#8217;na atanan <a href=\"https:\/\/epochtimestr.com\/index.php\/kemal-kilicdaroglundan-suriye-mesaji-dugmeyi-yanlis-iliklemeyin\">Kemal K\u0131l\u0131\u00e7daro\u011flu<\/a> y\u00f6netimindeki Merkez Y\u00f6netme Kurulu (MYK) 22 Temmuz&#8217;da CHP Genel Merkezi&#8217;nde topland\u0131. Toplant\u0131n\u0131n ard\u0131ndan mutlak butlan y\u00f6netimi parti s\u00f6zc\u00fcs\u00fc M\u00fcslim Sar\u0131 a\u00e7\u0131klamalarda bulundu. Sar\u0131, 4 <a href=\"https:\/\/epochtimestr.com\/index.php\/chpnin-81-il-baskanindan-ortak-aciklama\" target=\"_blank\" rel=\"noreferrer noopener\">il ba\u015fkan\u0131<\/a>n\u0131n g\u00f6revden al\u0131nd\u0131\u011f\u0131n\u0131 duyurdu.<\/p>\n\n\n\n<p><strong>CHP S\u00f6zc\u00fcs\u00fc M\u00fcslim Sar\u0131 g\u00fcndeme ili\u015fkin a\u00e7\u0131klamalarda bulundu<\/strong>.<\/p>\n\n\n\n<p>Sar\u0131, 4 il ba\u015fkanl\u0131\u011f\u0131n\u0131n g\u00f6revlerinden ayr\u0131ld\u0131\u011f\u0131n\u0131 5 ilde ise yeni atama yap\u0131ld\u0131\u011f\u0131n\u0131 duyurdu. Eski\u015fehir, Karaman, Sivas, K\u0131r\u015fehir ve U\u015fak&#8217;ta yeni il ba\u015fkanl\u0131\u011f\u0131 g\u00f6revlendirmesi yap\u0131ld\u0131\u011f\u0131n\u0131 a\u00e7\u0131klad\u0131. Sar\u0131, \u00f6n\u00fcm\u00fczdeki g\u00fcnlerde il ba\u015fkanlar\u0131 toplant\u0131s\u0131 yapacaklar\u0131n\u0131 s\u00f6zlerine ekledi.<\/p>\n\n\n\n<p>Ayr\u0131ca, se\u00e7ilmi\u015f lider \u00d6zg\u00fcr \u00d6zel&#8217;in yeni parti karar\u0131n\u0131 duyurmas\u0131n\u0131n ard\u0131ndan ya\u015fanan CHP&#8217;deki \u00fcye istifalar\u0131n\u0131n ger\u00e7e\u011fi yans\u0131tmad\u0131\u011f\u0131n\u0131 iddia etti. &#8220;CHP \u00fcyelerinin onda birine bile ula\u015fmam\u0131\u015ft\u0131r istifalar&#8221; ifadelerini kulland\u0131.<\/p>\n\n\n\n<figure class=\"wp-block-embed is-type-rich is-provider-x wp-block-embed-x\"><div class=\"wp-block-embed__wrapper\">\n<blockquote class=\"twitter-tweet\" data-width=\"550\" data-dnt=\"true\"><p lang=\"tr\" dir=\"ltr\">Parti S\u00f6zc\u00fcm\u00fcz M\u00fcslim Sar\u0131, Merkez Y\u00f6netim Kurulu g\u00fcndemine ili\u015fkin bas\u0131n toplant\u0131s\u0131 d\u00fczenledi. <a href=\"https:\/\/t.co\/aGQ7Tv58Da\">pic.twitter.com\/aGQ7Tv58Da<\/a><\/p>&mdash; CHP \ud83c\uddf9\ud83c\uddf7 (@herkesicinCHP) <a href=\"https:\/\/x.com\/herkesicinCHP\/status\/2079940605879214422?ref_src=twsrc%5Etfw\">July 22, 2026<\/a><\/blockquote><script async src=\"https:\/\/platform.x.com\/widgets.js\" charset=\"utf-8\"><\/script>\n<\/div><\/figure>\n","protected":false},"excerpt":{"rendered":"<p>Mahkeme karar\u0131yla CHP Genel Ba\u015fkanl\u0131\u011f\u0131&#8217;na atanan Kemal K\u0131l\u0131\u00e7daro\u011flu y\u00f6netimindeki Merkez Y\u00f6netme Kurulu (MYK) 22 Temmuz&#8217;da CHP Genel Merkezi&#8217;nde topland\u0131. Toplant\u0131n\u0131n ard\u0131ndan mutlak butlan y\u00f6netimi parti s\u00f6zc\u00fcs\u00fc M\u00fcslim Sar\u0131 a\u00e7\u0131klamalarda bulundu. Sar\u0131, 4 il ba\u015fkan\u0131n\u0131n g\u00f6revden al\u0131nd\u0131\u011f\u0131n\u0131 duyurdu. CHP S\u00f6zc\u00fcs\u00fc M\u00fcslim Sar\u0131 g\u00fcndeme ili\u015fkin a\u00e7\u0131klamalarda bulundu. Sar\u0131, 4 il ba\u015fkanl\u0131\u011f\u0131n\u0131n g\u00f6revlerinden ayr\u0131ld\u0131\u011f\u0131n\u0131 5 ilde ise yeni [&hellip;]<\/p>\n","protected":false},"author":12791,"featured_media":169061,"comment_status":"open","ping_status":"open","sticky":false,"template":"","format":"standard","meta":{"_yoast_wpseo_focuskw":"Mutlak Butlan Y\u00f6netimi","_yoast_wpseo_title":"","_yoast_wpseo_metadesc":"CHP mutlak butlan y\u00f6netimi parti s\u00f6zc\u00fcs\u00fc M\u00fcslim Sar\u0131 a\u00e7\u0131klamalarda bulundu. Sar\u0131, 4 il ba\u015fkan\u0131n\u0131n g\u00f6revden al\u0131nd\u0131\u011f\u0131n\u0131 duyurdu.","_bbp_topic_count":0,"_bbp_reply_count":0,"_bbp_total_topic_count":0,"_bbp_total_reply_count":0,"_bbp_voice_count":0,"_bbp_anonymous_reply_count":0,"_bbp_topic_count_hidden":0,"_bbp_reply_count_hidden":0,"_bbp_forum_subforum_count":0,"footnotes":"","_yoast_wpseo_focuskw_text_input":""},"categories":[1,8138,8226,37],"tags":[583,11858,2129,11859,11865,6215],"yoast_head":"<!-- This site is optimized with the Yoast SEO plugin v23.0 - https:\/\/yoast.com\/wordpress\/plugins\/seo\/ -->\n<title>CHP&#039;de Mutlak Butlan Y\u00f6netimi 4 \u0130l Ba\u015fkan\u0131n\u0131 G\u00f6revden Ald\u0131 - The Epoch Times TR<\/title>\n<meta name=\"description\" content=\"CHP mutlak butlan y\u00f6netimi parti s\u00f6zc\u00fcs\u00fc M\u00fcslim Sar\u0131 a\u00e7\u0131klamalarda bulundu. Sar\u0131, 4 il ba\u015fkan\u0131n\u0131n g\u00f6revden al\u0131nd\u0131\u011f\u0131n\u0131 duyurdu.\" \/>\n<meta name=\"robots\" content=\"index, follow, max-snippet:-1, max-image-preview:large, max-video-preview:-1\" \/>\n<link rel=\"canonical\" href=\"https:\/\/epochtimestr.com\/index.php\/chpde-mutlak-butlan-yonetimi-4-il-baskanini-gorevden-aldi\" \/>\n<meta property=\"og:locale\" content=\"tr_TR\" \/>\n<meta property=\"og:type\" content=\"article\" \/>\n<meta property=\"og:title\" content=\"CHP&#039;de Mutlak Butlan Y\u00f6netimi 4 \u0130l Ba\u015fkan\u0131n\u0131 G\u00f6revden Ald\u0131 - The Epoch Times TR\" \/>\n<meta property=\"og:description\" content=\"CHP mutlak butlan y\u00f6netimi parti s\u00f6zc\u00fcs\u00fc M\u00fcslim Sar\u0131 a\u00e7\u0131klamalarda bulundu. Sar\u0131, 4 il ba\u015fkan\u0131n\u0131n g\u00f6revden al\u0131nd\u0131\u011f\u0131n\u0131 duyurdu.\" \/>\n<meta property=\"og:url\" content=\"https:\/\/epochtimestr.com\/index.php\/chpde-mutlak-butlan-yonetimi-4-il-baskanini-gorevden-aldi\" \/>\n<meta property=\"og:site_name\" content=\"The Epoch Times TR\" \/>\n<meta property=\"article:publisher\" content=\"https:\/\/www.facebook.com\/theepochtimestr\" \/>\n<meta property=\"article:published_time\" content=\"2026-07-23T05:22:37+00:00\" \/>\n<meta property=\"article:modified_time\" content=\"2026-07-23T05:22:38+00:00\" \/>\n<meta property=\"og:image\" content=\"https:\/\/epochtimestr.com\/wp-content\/uploads\/2011y\/chp-15.jpg\" \/>\n\t<meta property=\"og:image:width\" content=\"1199\" \/>\n\t<meta property=\"og:image:height\" content=\"800\" \/>\n\t<meta property=\"og:image:type\" content=\"image\/jpeg\" \/>\n<meta name=\"author\" content=\"Haber Merkezi\" \/>\n<meta name=\"twitter:card\" content=\"summary_large_image\" \/>\n<meta name=\"twitter:creator\" content=\"@TheEpochTimesTR\" \/>\n<meta name=\"twitter:site\" content=\"@TheEpochTimesTR\" \/>\n<meta name=\"twitter:label1\" content=\"Yazan:\" \/>\n\t<meta name=\"twitter:data1\" content=\"Haber Merkezi\" \/>\n\t<meta name=\"twitter:label2\" content=\"Tahmini okuma s\u00fcresi\" \/>\n\t<meta name=\"twitter:data2\" content=\"2 dakika\" \/>\n<script type=\"application\/ld+json\" class=\"yoast-schema-graph\">{\"@context\":\"https:\/\/schema.org\",\"@graph\":[{\"@type\":\"Article\",\"@id\":\"https:\/\/epochtimestr.com\/index.php\/chpde-mutlak-butlan-yonetimi-4-il-baskanini-gorevden-aldi#article\",\"isPartOf\":{\"@id\":\"https:\/\/epochtimestr.com\/index.php\/chpde-mutlak-butlan-yonetimi-4-il-baskanini-gorevden-aldi\"},\"author\":{\"name\":\"Haber Merkezi\",\"@id\":\"https:\/\/epochtimestr.com\/#\/schema\/person\/3dc5c3adeb9f43923c5aa85889172fdd\"},\"headline\":\"CHP&#8217;de Mutlak Butlan Y\u00f6netimi 4 \u0130l Ba\u015fkan\u0131n\u0131 G\u00f6revden Ald\u0131\",\"datePublished\":\"2026-07-23T05:22:37+00:00\",\"dateModified\":\"2026-07-23T05:22:38+00:00\",\"mainEntityOfPage\":{\"@id\":\"https:\/\/epochtimestr.com\/index.php\/chpde-mutlak-butlan-yonetimi-4-il-baskanini-gorevden-aldi\"},\"wordCount\":205,\"commentCount\":0,\"publisher\":{\"@id\":\"https:\/\/epochtimestr.com\/#organization\"},\"image\":{\"@id\":\"https:\/\/epochtimestr.com\/index.php\/chpde-mutlak-butlan-yonetimi-4-il-baskanini-gorevden-aldi#primaryimage\"},\"thumbnailUrl\":\"https:\/\/epochtimestr.com\/wp-content\/uploads\/2011y\/chp-15.jpg\",\"keywords\":[\"CHP\",\"\u0130l Ba\u015fkan\u0131\",\"Kemal K\u0131l\u0131\u00e7daro\u011flu\",\"M\u00fcslim Sar\u0131\",\"mutlak butlan y\u00f6netimi\",\"myk\"],\"articleSection\":[\"G\u00dcNDEM\",\"MAN\u015eET\",\"Siyaset\",\"T\u00dcRK\u0130YE\"],\"inLanguage\":\"tr\",\"potentialAction\":[{\"@type\":\"CommentAction\",\"name\":\"Comment\",\"target\":[\"https:\/\/epochtimestr.com\/index.php\/chpde-mutlak-butlan-yonetimi-4-il-baskanini-gorevden-aldi#respond\"]}]},{\"@type\":\"WebPage\",\"@id\":\"https:\/\/epochtimestr.com\/index.php\/chpde-mutlak-butlan-yonetimi-4-il-baskanini-gorevden-aldi\",\"url\":\"https:\/\/epochtimestr.com\/index.php\/chpde-mutlak-butlan-yonetimi-4-il-baskanini-gorevden-aldi\",\"name\":\"CHP'de Mutlak Butlan Y\u00f6netimi 4 \u0130l Ba\u015fkan\u0131n\u0131 G\u00f6revden Ald\u0131 - The Epoch Times TR\",\"isPartOf\":{\"@id\":\"https:\/\/epochtimestr.com\/#website\"},\"primaryImageOfPage\":{\"@id\":\"https:\/\/epochtimestr.com\/index.php\/chpde-mutlak-butlan-yonetimi-4-il-baskanini-gorevden-aldi#primaryimage\"},\"image\":{\"@id\":\"https:\/\/epochtimestr.com\/index.php\/chpde-mutlak-butlan-yonetimi-4-il-baskanini-gorevden-aldi#primaryimage\"},\"thumbnailUrl\":\"https:\/\/epochtimestr.com\/wp-content\/uploads\/2011y\/chp-15.jpg\",\"datePublished\":\"2026-07-23T05:22:37+00:00\",\"dateModified\":\"2026-07-23T05:22:38+00:00\",\"description\":\"CHP mutlak butlan y\u00f6netimi parti s\u00f6zc\u00fcs\u00fc M\u00fcslim Sar\u0131 a\u00e7\u0131klamalarda bulundu. Sar\u0131, 4 il ba\u015fkan\u0131n\u0131n g\u00f6revden al\u0131nd\u0131\u011f\u0131n\u0131 duyurdu.\",\"inLanguage\":\"tr\",\"potentialAction\":[{\"@type\":\"ReadAction\",\"target\":[\"https:\/\/epochtimestr.com\/index.php\/chpde-mutlak-butlan-yonetimi-4-il-baskanini-gorevden-aldi\"]}]},{\"@type\":\"ImageObject\",\"inLanguage\":\"tr\",\"@id\":\"https:\/\/epochtimestr.com\/index.php\/chpde-mutlak-butlan-yonetimi-4-il-baskanini-gorevden-aldi#primaryimage\",\"url\":\"https:\/\/epochtimestr.com\/wp-content\/uploads\/2011y\/chp-15.jpg\",\"contentUrl\":\"https:\/\/epochtimestr.com\/wp-content\/uploads\/2011y\/chp-15.jpg\",\"width\":1199,\"height\":800},{\"@type\":\"WebSite\",\"@id\":\"https:\/\/epochtimestr.com\/#website\",\"url\":\"https:\/\/epochtimestr.com\/\",\"name\":\"The Epoch Times TR\",\"description\":\"De\u011fi\u015fen D\u00fcnyam\u0131za Taze Bir Bak\u0131\u015f\",\"publisher\":{\"@id\":\"https:\/\/epochtimestr.com\/#organization\"},\"potentialAction\":[{\"@type\":\"SearchAction\",\"target\":{\"@type\":\"EntryPoint\",\"urlTemplate\":\"https:\/\/epochtimestr.com\/?s={search_term_string}\"},\"query-input\":\"required name=search_term_string\"}],\"inLanguage\":\"tr\"},{\"@type\":\"Organization\",\"@id\":\"https:\/\/epochtimestr.com\/#organization\",\"name\":\"The EpochTimes T\u00fcrkiye\",\"url\":\"https:\/\/epochtimestr.com\/\",\"logo\":{\"@type\":\"ImageObject\",\"inLanguage\":\"tr\",\"@id\":\"https:\/\/epochtimestr.com\/#\/schema\/logo\/image\/\",\"url\":\"https:\/\/epochtimestr.com\/wp-content\/uploads\/2011y\/ET-Logo-YG.jpg\",\"contentUrl\":\"https:\/\/epochtimestr.com\/wp-content\/uploads\/2011y\/ET-Logo-YG.jpg\",\"width\":346,\"height\":29,\"caption\":\"The EpochTimes T\u00fcrkiye\"},\"image\":{\"@id\":\"https:\/\/epochtimestr.com\/#\/schema\/logo\/image\/\"},\"sameAs\":[\"https:\/\/www.facebook.com\/theepochtimestr\",\"https:\/\/x.com\/TheEpochTimesTR\",\"https:\/\/www.instagram.com\/epochtimestr\"]},{\"@type\":\"Person\",\"@id\":\"https:\/\/epochtimestr.com\/#\/schema\/person\/3dc5c3adeb9f43923c5aa85889172fdd\",\"name\":\"Haber Merkezi\",\"image\":{\"@type\":\"ImageObject\",\"inLanguage\":\"tr\",\"@id\":\"https:\/\/epochtimestr.com\/#\/schema\/person\/image\/\",\"url\":\"https:\/\/secure.gravatar.com\/avatar\/d73f772ba5a74f28601361e17c2f93e6?s=96&d=mm&r=g\",\"contentUrl\":\"https:\/\/secure.gravatar.com\/avatar\/d73f772ba5a74f28601361e17c2f93e6?s=96&d=mm&r=g\",\"caption\":\"Haber Merkezi\"},\"url\":\"https:\/\/epochtimestr.com\/index.php\/author\/sendag\"}]}<\/script>\n<!-- \/ Yoast SEO plugin. -->","yoast_head_json":{"title":"CHP'de Mutlak Butlan Y\u00f6netimi 4 \u0130l Ba\u015fkan\u0131n\u0131 G\u00f6revden Ald\u0131 - The Epoch Times TR","description":"CHP mutlak butlan y\u00f6netimi parti s\u00f6zc\u00fcs\u00fc M\u00fcslim Sar\u0131 a\u00e7\u0131klamalarda bulundu. Sar\u0131, 4 il ba\u015fkan\u0131n\u0131n g\u00f6revden al\u0131nd\u0131\u011f\u0131n\u0131 duyurdu.","robots":{"index":"index","follow":"follow","max-snippet":"max-snippet:-1","max-image-preview":"max-image-preview:large","max-video-preview":"max-video-preview:-1"},"canonical":"https:\/\/epochtimestr.com\/index.php\/chpde-mutlak-butlan-yonetimi-4-il-baskanini-gorevden-aldi","og_locale":"tr_TR","og_type":"article","og_title":"CHP'de Mutlak Butlan Y\u00f6netimi 4 \u0130l Ba\u015fkan\u0131n\u0131 G\u00f6revden Ald\u0131 - The Epoch Times TR","og_description":"CHP mutlak butlan y\u00f6netimi parti s\u00f6zc\u00fcs\u00fc M\u00fcslim Sar\u0131 a\u00e7\u0131klamalarda bulundu. Sar\u0131, 4 il ba\u015fkan\u0131n\u0131n g\u00f6revden al\u0131nd\u0131\u011f\u0131n\u0131 duyurdu.","og_url":"https:\/\/epochtimestr.com\/index.php\/chpde-mutlak-butlan-yonetimi-4-il-baskanini-gorevden-aldi","og_site_name":"The Epoch Times TR","article_publisher":"https:\/\/www.facebook.com\/theepochtimestr","article_published_time":"2026-07-23T05:22:37+00:00","article_modified_time":"2026-07-23T05:22:38+00:00","og_image":[{"width":1199,"height":800,"url":"https:\/\/epochtimestr.com\/wp-content\/uploads\/2011y\/chp-15.jpg","type":"image\/jpeg"}],"author":"Haber Merkezi","twitter_card":"summary_large_image","twitter_creator":"@TheEpochTimesTR","twitter_site":"@TheEpochTimesTR","twitter_misc":{"Yazan:":"Haber Merkezi","Tahmini okuma s\u00fcresi":"2 dakika"},"schema":{"@context":"https:\/\/schema.org","@graph":[{"@type":"Article","@id":"https:\/\/epochtimestr.com\/index.php\/chpde-mutlak-butlan-yonetimi-4-il-baskanini-gorevden-aldi#article","isPartOf":{"@id":"https:\/\/epochtimestr.com\/index.php\/chpde-mutlak-butlan-yonetimi-4-il-baskanini-gorevden-aldi"},"author":{"name":"Haber Merkezi","@id":"https:\/\/epochtimestr.com\/#\/schema\/person\/3dc5c3adeb9f43923c5aa85889172fdd"},"headline":"CHP&#8217;de Mutlak Butlan Y\u00f6netimi 4 \u0130l Ba\u015fkan\u0131n\u0131 G\u00f6revden Ald\u0131","datePublished":"2026-07-23T05:22:37+00:00","dateModified":"2026-07-23T05:22:38+00:00","mainEntityOfPage":{"@id":"https:\/\/epochtimestr.com\/index.php\/chpde-mutlak-butlan-yonetimi-4-il-baskanini-gorevden-aldi"},"wordCount":205,"commentCount":0,"publisher":{"@id":"https:\/\/epochtimestr.com\/#organization"},"image":{"@id":"https:\/\/epochtimestr.com\/index.php\/chpde-mutlak-butlan-yonetimi-4-il-baskanini-gorevden-aldi#primaryimage"},"thumbnailUrl":"https:\/\/epochtimestr.com\/wp-content\/uploads\/2011y\/chp-15.jpg","keywords":["CHP","\u0130l Ba\u015fkan\u0131","Kemal K\u0131l\u0131\u00e7daro\u011flu","M\u00fcslim Sar\u0131","mutlak butlan y\u00f6netimi","myk"],"articleSection":["G\u00dcNDEM","MAN\u015eET","Siyaset","T\u00dcRK\u0130YE"],"inLanguage":"tr","potentialAction":[{"@type":"CommentAction","name":"Comment","target":["https:\/\/epochtimestr.com\/index.php\/chpde-mutlak-butlan-yonetimi-4-il-baskanini-gorevden-aldi#respond"]}]},{"@type":"WebPage","@id":"https:\/\/epochtimestr.com\/index.php\/chpde-mutlak-butlan-yonetimi-4-il-baskanini-gorevden-aldi","url":"https:\/\/epochtimestr.com\/index.php\/chpde-mutlak-butlan-yonetimi-4-il-baskanini-gorevden-aldi","name":"CHP'de Mutlak Butlan Y\u00f6netimi 4 \u0130l Ba\u015fkan\u0131n\u0131 G\u00f6revden Ald\u0131 - The Epoch Times TR","isPartOf":{"@id":"https:\/\/epochtimestr.com\/#website"},"primaryImageOfPage":{"@id":"https:\/\/epochtimestr.com\/index.php\/chpde-mutlak-butlan-yonetimi-4-il-baskanini-gorevden-aldi#primaryimage"},"image":{"@id":"https:\/\/epochtimestr.com\/index.php\/chpde-mutlak-butlan-yonetimi-4-il-baskanini-gorevden-aldi#primaryimage"},"thumbnailUrl":"https:\/\/epochtimestr.com\/wp-content\/uploads\/2011y\/chp-15.jpg","datePublished":"2026-07-23T05:22:37+00:00","dateModified":"2026-07-23T05:22:38+00:00","description":"CHP mutlak butlan y\u00f6netimi parti s\u00f6zc\u00fcs\u00fc M\u00fcslim Sar\u0131 a\u00e7\u0131klamalarda bulundu. Sar\u0131, 4 il ba\u015fkan\u0131n\u0131n g\u00f6revden al\u0131nd\u0131\u011f\u0131n\u0131 duyurdu.","inLanguage":"tr","potentialAction":[{"@type":"ReadAction","target":["https:\/\/epochtimestr.com\/index.php\/chpde-mutlak-butlan-yonetimi-4-il-baskanini-gorevden-aldi"]}]},{"@type":"ImageObject","inLanguage":"tr","@id":"https:\/\/epochtimestr.com\/index.php\/chpde-mutlak-butlan-yonetimi-4-il-baskanini-gorevden-aldi#primaryimage","url":"https:\/\/epochtimestr.com\/wp-content\/uploads\/2011y\/chp-15.jpg","contentUrl":"https:\/\/epochtimestr.com\/wp-content\/uploads\/2011y\/chp-15.jpg","width":1199,"height":800},{"@type":"WebSite","@id":"https:\/\/epochtimestr.com\/#website","url":"https:\/\/epochtimestr.com\/","name":"The Epoch Times TR","description":"De\u011fi\u015fen D\u00fcnyam\u0131za Taze Bir Bak\u0131\u015f","publisher":{"@id":"https:\/\/epochtimestr.com\/#organization"},"potentialAction":[{"@type":"SearchAction","target":{"@type":"EntryPoint","urlTemplate":"https:\/\/epochtimestr.com\/?s={search_term_string}"},"query-input":"required name=search_term_string"}],"inLanguage":"tr"},{"@type":"Organization","@id":"https:\/\/epochtimestr.com\/#organization","name":"The EpochTimes T\u00fcrkiye","url":"https:\/\/epochtimestr.com\/","logo":{"@type":"ImageObject","inLanguage":"tr","@id":"https:\/\/epochtimestr.com\/#\/schema\/logo\/image\/","url":"https:\/\/epochtimestr.com\/wp-content\/uploads\/2011y\/ET-Logo-YG.jpg","contentUrl":"https:\/\/epochtimestr.com\/wp-content\/uploads\/2011y\/ET-Logo-YG.jpg","width":346,"height":29,"caption":"The EpochTimes T\u00fcrkiye"},"image":{"@id":"https:\/\/epochtimestr.com\/#\/schema\/logo\/image\/"},"sameAs":["https:\/\/www.facebook.com\/theepochtimestr","https:\/\/x.com\/TheEpochTimesTR","https:\/\/www.instagram.com\/epochtimestr"]},{"@type":"Person","@id":"https:\/\/epochtimestr.com\/#\/schema\/person\/3dc5c3adeb9f43923c5aa85889172fdd","name":"Haber Merkezi","image":{"@type":"ImageObject","inLanguage":"tr","@id":"https:\/\/epochtimestr.com\/#\/schema\/person\/image\/","url":"https:\/\/secure.gravatar.com\/avatar\/d73f772ba5a74f28601361e17c2f93e6?s=96&d=mm&r=g","contentUrl":"https:\/\/secure.gravatar.com\/avatar\/d73f772ba5a74f28601361e17c2f93e6?s=96&d=mm&r=g","caption":"Haber Merkezi"},"url":"https:\/\/epochtimestr.com\/index.php\/author\/sendag"}]}},"_links":{"self":[{"href":"https:\/\/epochtimestr.com\/index.php\/wp-json\/wp\/v2\/posts\/169060"}],"collection":[{"href":"https:\/\/epochtimestr.com\/index.php\/wp-json\/wp\/v2\/posts"}],"about":[{"href":"https:\/\/epochtimestr.com\/index.php\/wp-json\/wp\/v2\/types\/post"}],"author":[{"embeddable":true,"href":"https:\/\/epochtimestr.com\/index.php\/wp-json\/wp\/v2\/users\/12791"}],"replies":[{"embeddable":true,"href":"https:\/\/epochtimestr.com\/index.php\/wp-json\/wp\/v2\/comments?post=169060"}],"version-history":[{"count":2,"href":"https:\/\/epochtimestr.com\/index.php\/wp-json\/wp\/v2\/posts\/169060\/revisions"}],"predecessor-version":[{"id":169079,"href":"https:\/\/epochtimestr.com\/index.php\/wp-json\/wp\/v2\/posts\/169060\/revisions\/169079"}],"wp:featuredmedia":[{"embeddable":true,"href":"https:\/\/epochtimestr.com\/index.php\/wp-json\/wp\/v2\/media\/169061"}],"wp:attachment":[{"href":"https:\/\/epochtimestr.com\/index.php\/wp-json\/wp\/v2\/media?parent=169060"}],"wp:term":[{"taxonomy":"category","embeddable":true,"href":"https:\/\/epochtimestr.com\/index.php\/wp-json\/wp\/v2\/categories?post=169060"},{"taxonomy":"post_tag","embeddable":true,"href":"https:\/\/epochtimestr.com\/index.php\/wp-json\/wp\/v2\/tags?post=169060"}],"curies":[{"name":"wp","href":"https:\/\/api.w.org\/{rel}","templated":true}]}}