{"id":169066,"date":"2026-07-23T08:17:18","date_gmt":"2026-07-23T05:17:18","guid":{"rendered":"https:\/\/epochtimestr.com\/?p=169066"},"modified":"2026-07-23T08:17:20","modified_gmt":"2026-07-23T05:17:20","slug":"ipa-yeterli-ve-kaliteli-gidaya-erisim-arastirmasini-yayimladi","status":"publish","type":"post","link":"https:\/\/epochtimestr.com\/index.php\/ipa-yeterli-ve-kaliteli-gidaya-erisim-arastirmasini-yayimladi","title":{"rendered":"\u0130PA \u201cYeterli ve Kaliteli G\u0131daya Eri\u015fim\u201d Ara\u015ft\u0131rmas\u0131n\u0131 Yay\u0131mlad\u0131"},"content":{"rendered":"<div class=\"wp-block-image\">\n<figure class=\"aligncenter size-full is-resized\"><img loading=\"lazy\" decoding=\"async\" width=\"1280\" height=\"853\" src=\"https:\/\/epochtimestr.com\/wp-content\/uploads\/2011y\/pixabay-18.jpg\" alt=\"\" class=\"wp-image-169067\" style=\"width:840px;height:auto\" srcset=\"https:\/\/epochtimestr.com\/wp-content\/uploads\/2011y\/pixabay-18.jpg 1280w, https:\/\/epochtimestr.com\/wp-content\/uploads\/2011y\/pixabay-18-300x200.jpg 300w, https:\/\/epochtimestr.com\/wp-content\/uploads\/2011y\/pixabay-18-150x100.jpg 150w, https:\/\/epochtimestr.com\/wp-content\/uploads\/2011y\/pixabay-18-768x512.jpg 768w\" sizes=\"(max-width: 1280px) 100vw, 1280px\" \/><figcaption class=\"wp-element-caption\">\u0130PA (\u0130stanbul Planlama Ajans\u0131), \u201cYeterli ve Kaliteli G\u0131daya Eri\u015fim\u201d ara\u015ft\u0131rmas\u0131n\u0131 yay\u0131mlad\u0131. (Foto\u011fraf: YenniVance, Pixabay)<\/figcaption><\/figure><\/div>\n\n\n<h2 class=\"wp-block-heading\">\u0130stanbul Planlama Ajans\u0131 (\u0130PA) taraf\u0131ndan yap\u0131lan ara\u015ft\u0131rma, \u0130stanbullular\u0131n y\u00fczde 51,4&#8217;\u00fcn\u00fcn d\u0131\u015far\u0131da yedi\u011fi g\u0131daya g\u00fcvenmedi\u011fini ortaya koymu\u015ftur.<\/h2>\n\n\n\n<p>\u0130stanbul B\u00fcy\u00fck\u015fehir Belediyesi\u2019ne ba\u011fl\u0131 \u0130stanbul Planlama Ajans\u0131\u2019n\u0131n (\u0130PA) ayl\u0131k veri b\u00fclteni, \u0130stanbul Barometresi\u2019nin Haziran say\u0131s\u0131nda yay\u0131mland\u0131. Yeni say\u0131n\u0131n tematik ara\u015ft\u0131rma konusu \u201cYeterli ve Kaliteli G\u0131daya Eri\u015fim\u201d olarak belirlendi. \u0130stanbul&#8217;un farkl\u0131 sosyo-ekonomik gruplar\u0131n\u0131 temsil eden toplam 761 ki\u015fiyle ger\u00e7ekle\u015ftirilen saha ara\u015ft\u0131rmas\u0131nda; \u0130stanbullular\u0131n yar\u0131dan fazlas\u0131n\u0131n restoran, kafe ve seyyar sat\u0131c\u0131larda sat\u0131lan yemekleri g\u00fcvensiz buldu\u011funu ortaya koydu.<\/p>\n\n\n\n<p><strong>T\u00fcketti\u011fi g\u0131daya g\u00fcvenmedi\u011fini belirtenlerin oran\u0131<\/strong><\/p>\n\n\n\n<p>Ara\u015ft\u0131rma sonu\u00e7lar\u0131na g\u00f6re, kent genelinde d\u0131\u015far\u0131da t\u00fcketti\u011fi g\u0131daya g\u00fcvenmedi\u011fini belirtenlerin oran\u0131 y\u00fczde 51,4\u2019\u00fc buldu. T\u00fcketti\u011fi yeme\u011fe g\u00fcven duyanlar\u0131n oran\u0131 y\u00fczde 21,1\u2019de kal\u0131rken, kat\u0131l\u0131mc\u0131lar\u0131n y\u00fczde 27,5\u2019i ise karars\u0131z oldu\u011funu ifade etti.<\/p>\n\n\n\n<p>\u00d6te yandan, \u0130stanbullular\u0131n yeme-i\u00e7me al\u0131\u015fkanl\u0131klar\u0131ndaki d\u00f6n\u00fc\u015f\u00fcm de dikkat \u00e7ekti:<\/p>\n\n\n\n<p>Haftada birden fazla g\u00fcn d\u0131\u015far\u0131da yiyenler: %26,4<br \/>Ayda birka\u00e7 kez d\u0131\u015far\u0131da yiyenler: %40,9<br \/>D\u0131\u015far\u0131da hi\u00e7 yemek yemeyenler: %32,7<\/p>\n\n\n\n<p><strong>Listenin ilk s\u0131ras\u0131nda geleneksel i\u015fletmeler yer ald\u0131<\/strong><\/p>\n\n\n\n<p>Yeme-i\u00e7me mekanlar\u0131na duyulan g\u00fcven kar\u015f\u0131la\u015ft\u0131r\u0131ld\u0131\u011f\u0131nda, listenin ilk s\u0131ras\u0131nda geleneksel i\u015fletmeler yer ald\u0131. Kat\u0131l\u0131mc\u0131lar\u0131n y\u00fczde 37,5\u2019i en \u00e7ok k\u00fc\u00e7\u00fck esnaf lokantalar\u0131na ve aile i\u015fletmelerine g\u00fcvendi\u011fini belirtti.<\/p>\n\n\n\n<p>Di\u011fer noktalara duyulan g\u00fcven oranlar\u0131 ise \u015fu \u015fekilde s\u0131raland\u0131:<\/p>\n\n\n\n<p>Zincir restoran ve kafeler: %17,2<br \/>Online yemek sipari\u015f uygulamalar\u0131: %17<br \/>Seyyar tezgahlar: %7,4<\/p>\n\n\n\n<p><strong>Mutfak Al\u0131\u015fveri\u015finde S\u00fcpermarket Aray\u0131\u015f\u0131<\/strong><\/p>\n\n\n\n<p>G\u0131da al\u0131\u015fveri\u015fi tercihlerinde s\u00fcpermarketler belirleyici rol oynuyor. \u0130stanbullular\u0131n y\u00fczde 81\u2019i mutfak ihtiya\u00e7lar\u0131 i\u00e7in s\u00fcpermarketleri, y\u00fczde 34\u2019\u00fc ise semt pazarlar\u0131n\u0131 tercih ediyor. Vatanda\u015flar\u0131n al\u0131\u015fveri\u015f yaparken en \u00e7ok dikkat etti\u011fi kriter ise y\u00fczde 64,9 ile \u00fcr\u00fcnlerin son kullanma tarihi oldu.<\/p>\n\n\n\n<p><strong>Her 5 Ki\u015fiden Biri Rahats\u0131zland\u0131: \u015eikayet Eden Yok<\/strong><\/p>\n\n\n\n<p>Ara\u015ft\u0131rman\u0131n bir di\u011fer dikkat \u00e7ekici bulgusu ise g\u0131da kaynakl\u0131 sa\u011fl\u0131k sorunlar\u0131na dair. Kat\u0131l\u0131mc\u0131lar\u0131n y\u00fczde 20\u2019si son bir y\u0131l i\u00e7inde d\u0131\u015far\u0131da yedi\u011fi bir g\u0131da nedeniyle sa\u011fl\u0131k sorunu ya\u015fad\u0131\u011f\u0131n\u0131 aktard\u0131.<\/p>\n\n\n\n<p><strong>Sa\u011fl\u0131k sorunu ya\u015fayanlar\u0131n tepkisizli\u011fi \u00f6n plana \u00e7\u0131kt\u0131:<\/strong><\/p>\n\n\n\n<p>Kendi kendine iyile\u015fmeyi bekleyenler: %53,3<br \/>Hastaneye ba\u015fvuranlar: %30,3<br \/>Re\u00e7etesiz ila\u00e7 kullananlar: %11,2<br \/>\u0130\u015fletmeye \u015fikayette bulunanlar: %4,6<br \/>Resmi kurumlara \u015fikayet edenler: %2,6<br \/>Sosyal medyada payla\u015fanlar: %0,7<\/p>\n\n\n\n<figure class=\"wp-block-embed is-type-rich is-provider-x wp-block-embed-x\"><div class=\"wp-block-embed__wrapper\">\n<blockquote class=\"twitter-tweet\" data-width=\"550\" data-dnt=\"true\"><p lang=\"tr\" dir=\"ltr\">\ud83d\udce2 \u0130PA \u0130stanbul Barometresi Haziran 2026 say\u0131s\u0131 yay\u0131mland\u0131!<br><br>\ud83d\udd0d \u0130stanbul\u2019un ekonomik, toplumsal ve sekt\u00f6rel g\u00f6stergelerini d\u00fczenli olarak izleyen ayl\u0131k veri b\u00fclteni \u0130stanbul Barometresi, kentin nabz\u0131n\u0131 tutmaya devam etti. Her ay farkl\u0131 bir konunun ele al\u0131nd\u0131\u011f\u0131 tematik dosyada da\u2026 <a href=\"https:\/\/t.co\/od3gjv1V6z\">pic.twitter.com\/od3gjv1V6z<\/a><\/p>&mdash; \u0130stanbul Planlama Ajans\u0131 (@ipaistanbul) <a href=\"https:\/\/x.com\/ipaistanbul\/status\/2079506410254033161?ref_src=twsrc%5Etfw\">July 21, 2026<\/a><\/blockquote><script async src=\"https:\/\/platform.x.com\/widgets.js\" charset=\"utf-8\"><\/script>\n<\/div><\/figure>\n","protected":false},"excerpt":{"rendered":"<p>\u0130stanbul Planlama Ajans\u0131 (\u0130PA) taraf\u0131ndan yap\u0131lan ara\u015ft\u0131rma, \u0130stanbullular\u0131n y\u00fczde 51,4&#8217;\u00fcn\u00fcn d\u0131\u015far\u0131da yedi\u011fi g\u0131daya g\u00fcvenmedi\u011fini ortaya koymu\u015ftur. \u0130stanbul B\u00fcy\u00fck\u015fehir Belediyesi\u2019ne ba\u011fl\u0131 \u0130stanbul Planlama Ajans\u0131\u2019n\u0131n (\u0130PA) ayl\u0131k veri b\u00fclteni, \u0130stanbul Barometresi\u2019nin Haziran say\u0131s\u0131nda yay\u0131mland\u0131. Yeni say\u0131n\u0131n tematik ara\u015ft\u0131rma konusu \u201cYeterli ve Kaliteli G\u0131daya Eri\u015fim\u201d olarak belirlendi. \u0130stanbul&#8217;un farkl\u0131 sosyo-ekonomik gruplar\u0131n\u0131 temsil eden toplam 761 ki\u015fiyle ger\u00e7ekle\u015ftirilen saha [&hellip;]<\/p>\n","protected":false},"author":12791,"featured_media":169067,"comment_status":"open","ping_status":"open","sticky":false,"template":"","format":"standard","meta":{"_yoast_wpseo_focuskw":"ipa","_yoast_wpseo_title":"","_yoast_wpseo_metadesc":"\u0130PA taraf\u0131ndan yap\u0131lan ara\u015ft\u0131rma, \u0130stanbullular\u0131n y\u00fczde 51,4'\u00fcn\u00fcn d\u0131\u015far\u0131da yedi\u011fi g\u0131daya g\u00fcvenmedi\u011fini ortaya koymu\u015ftur.","_bbp_topic_count":0,"_bbp_reply_count":0,"_bbp_total_topic_count":0,"_bbp_total_reply_count":0,"_bbp_voice_count":0,"_bbp_anonymous_reply_count":0,"_bbp_topic_count_hidden":0,"_bbp_reply_count_hidden":0,"_bbp_forum_subforum_count":0,"footnotes":"","_yoast_wpseo_focuskw_text_input":""},"categories":[1,8138,37,8419,6912],"tags":[11862,8540,8590,8539,7348,11863],"yoast_head":"<!-- This site is optimized with the Yoast SEO plugin v23.0 - https:\/\/yoast.com\/wordpress\/plugins\/seo\/ -->\n<title>\u0130PA \u201cYeterli ve Kaliteli G\u0131daya Eri\u015fim\u201d Ara\u015ft\u0131rmas\u0131n\u0131 Yay\u0131mlad\u0131 - The Epoch Times TR<\/title>\n<meta name=\"description\" content=\"\u0130PA taraf\u0131ndan yap\u0131lan ara\u015ft\u0131rma, \u0130stanbullular\u0131n y\u00fczde 51,4&#039;\u00fcn\u00fcn d\u0131\u015far\u0131da yedi\u011fi g\u0131daya g\u00fcvenmedi\u011fini ortaya koymu\u015ftur.\" \/>\n<meta name=\"robots\" content=\"index, follow, max-snippet:-1, max-image-preview:large, max-video-preview:-1\" \/>\n<link rel=\"canonical\" href=\"https:\/\/epochtimestr.com\/index.php\/ipa-yeterli-ve-kaliteli-gidaya-erisim-arastirmasini-yayimladi\" \/>\n<meta property=\"og:locale\" content=\"tr_TR\" \/>\n<meta property=\"og:type\" content=\"article\" \/>\n<meta property=\"og:title\" content=\"\u0130PA \u201cYeterli ve Kaliteli G\u0131daya Eri\u015fim\u201d Ara\u015ft\u0131rmas\u0131n\u0131 Yay\u0131mlad\u0131 - The Epoch Times TR\" \/>\n<meta property=\"og:description\" content=\"\u0130PA taraf\u0131ndan yap\u0131lan ara\u015ft\u0131rma, \u0130stanbullular\u0131n y\u00fczde 51,4&#039;\u00fcn\u00fcn d\u0131\u015far\u0131da yedi\u011fi g\u0131daya g\u00fcvenmedi\u011fini ortaya koymu\u015ftur.\" \/>\n<meta property=\"og:url\" content=\"https:\/\/epochtimestr.com\/index.php\/ipa-yeterli-ve-kaliteli-gidaya-erisim-arastirmasini-yayimladi\" \/>\n<meta property=\"og:site_name\" content=\"The Epoch Times TR\" \/>\n<meta property=\"article:publisher\" content=\"https:\/\/www.facebook.com\/theepochtimestr\" \/>\n<meta property=\"article:published_time\" content=\"2026-07-23T05:17:18+00:00\" \/>\n<meta property=\"article:modified_time\" content=\"2026-07-23T05:17:20+00:00\" \/>\n<meta property=\"og:image\" content=\"https:\/\/epochtimestr.com\/wp-content\/uploads\/2011y\/pixabay-18.jpg\" \/>\n\t<meta property=\"og:image:width\" content=\"1280\" \/>\n\t<meta property=\"og:image:height\" content=\"853\" \/>\n\t<meta property=\"og:image:type\" content=\"image\/jpeg\" \/>\n<meta name=\"author\" content=\"Haber Merkezi\" \/>\n<meta name=\"twitter:card\" content=\"summary_large_image\" \/>\n<meta name=\"twitter:creator\" content=\"@TheEpochTimesTR\" \/>\n<meta name=\"twitter:site\" content=\"@TheEpochTimesTR\" \/>\n<meta name=\"twitter:label1\" content=\"Yazan:\" \/>\n\t<meta name=\"twitter:data1\" content=\"Haber Merkezi\" \/>\n\t<meta name=\"twitter:label2\" content=\"Tahmini okuma s\u00fcresi\" \/>\n\t<meta name=\"twitter:data2\" content=\"3 dakika\" \/>\n<script type=\"application\/ld+json\" class=\"yoast-schema-graph\">{\"@context\":\"https:\/\/schema.org\",\"@graph\":[{\"@type\":\"Article\",\"@id\":\"https:\/\/epochtimestr.com\/index.php\/ipa-yeterli-ve-kaliteli-gidaya-erisim-arastirmasini-yayimladi#article\",\"isPartOf\":{\"@id\":\"https:\/\/epochtimestr.com\/index.php\/ipa-yeterli-ve-kaliteli-gidaya-erisim-arastirmasini-yayimladi\"},\"author\":{\"name\":\"Haber Merkezi\",\"@id\":\"https:\/\/epochtimestr.com\/#\/schema\/person\/3dc5c3adeb9f43923c5aa85889172fdd\"},\"headline\":\"\u0130PA \u201cYeterli ve Kaliteli G\u0131daya Eri\u015fim\u201d Ara\u015ft\u0131rmas\u0131n\u0131 Yay\u0131mlad\u0131\",\"datePublished\":\"2026-07-23T05:17:18+00:00\",\"dateModified\":\"2026-07-23T05:17:20+00:00\",\"mainEntityOfPage\":{\"@id\":\"https:\/\/epochtimestr.com\/index.php\/ipa-yeterli-ve-kaliteli-gidaya-erisim-arastirmasini-yayimladi\"},\"wordCount\":496,\"commentCount\":0,\"publisher\":{\"@id\":\"https:\/\/epochtimestr.com\/#organization\"},\"image\":{\"@id\":\"https:\/\/epochtimestr.com\/index.php\/ipa-yeterli-ve-kaliteli-gidaya-erisim-arastirmasini-yayimladi#primaryimage\"},\"thumbnailUrl\":\"https:\/\/epochtimestr.com\/wp-content\/uploads\/2011y\/pixabay-18.jpg\",\"keywords\":[\"al\u0131\u015f veri\u015f\",\"g\u0131da\",\"g\u00fcven\",\"\u0130PA\",\"\u0130stanbul\",\"yiyecek\"],\"articleSection\":[\"G\u00dcNDEM\",\"MAN\u015eET\",\"T\u00dcRK\u0130YE\",\"Ya\u015fam\",\"Yeme &amp; \u0130\u00e7me\"],\"inLanguage\":\"tr\",\"potentialAction\":[{\"@type\":\"CommentAction\",\"name\":\"Comment\",\"target\":[\"https:\/\/epochtimestr.com\/index.php\/ipa-yeterli-ve-kaliteli-gidaya-erisim-arastirmasini-yayimladi#respond\"]}]},{\"@type\":\"WebPage\",\"@id\":\"https:\/\/epochtimestr.com\/index.php\/ipa-yeterli-ve-kaliteli-gidaya-erisim-arastirmasini-yayimladi\",\"url\":\"https:\/\/epochtimestr.com\/index.php\/ipa-yeterli-ve-kaliteli-gidaya-erisim-arastirmasini-yayimladi\",\"name\":\"\u0130PA \u201cYeterli ve Kaliteli G\u0131daya Eri\u015fim\u201d Ara\u015ft\u0131rmas\u0131n\u0131 Yay\u0131mlad\u0131 - The Epoch Times TR\",\"isPartOf\":{\"@id\":\"https:\/\/epochtimestr.com\/#website\"},\"primaryImageOfPage\":{\"@id\":\"https:\/\/epochtimestr.com\/index.php\/ipa-yeterli-ve-kaliteli-gidaya-erisim-arastirmasini-yayimladi#primaryimage\"},\"image\":{\"@id\":\"https:\/\/epochtimestr.com\/index.php\/ipa-yeterli-ve-kaliteli-gidaya-erisim-arastirmasini-yayimladi#primaryimage\"},\"thumbnailUrl\":\"https:\/\/epochtimestr.com\/wp-content\/uploads\/2011y\/pixabay-18.jpg\",\"datePublished\":\"2026-07-23T05:17:18+00:00\",\"dateModified\":\"2026-07-23T05:17:20+00:00\",\"description\":\"\u0130PA taraf\u0131ndan yap\u0131lan ara\u015ft\u0131rma, \u0130stanbullular\u0131n y\u00fczde 51,4'\u00fcn\u00fcn d\u0131\u015far\u0131da yedi\u011fi g\u0131daya g\u00fcvenmedi\u011fini ortaya koymu\u015ftur.\",\"inLanguage\":\"tr\",\"potentialAction\":[{\"@type\":\"ReadAction\",\"target\":[\"https:\/\/epochtimestr.com\/index.php\/ipa-yeterli-ve-kaliteli-gidaya-erisim-arastirmasini-yayimladi\"]}]},{\"@type\":\"ImageObject\",\"inLanguage\":\"tr\",\"@id\":\"https:\/\/epochtimestr.com\/index.php\/ipa-yeterli-ve-kaliteli-gidaya-erisim-arastirmasini-yayimladi#primaryimage\",\"url\":\"https:\/\/epochtimestr.com\/wp-content\/uploads\/2011y\/pixabay-18.jpg\",\"contentUrl\":\"https:\/\/epochtimestr.com\/wp-content\/uploads\/2011y\/pixabay-18.jpg\",\"width\":1280,\"height\":853},{\"@type\":\"WebSite\",\"@id\":\"https:\/\/epochtimestr.com\/#website\",\"url\":\"https:\/\/epochtimestr.com\/\",\"name\":\"The Epoch Times TR\",\"description\":\"De\u011fi\u015fen D\u00fcnyam\u0131za Taze Bir Bak\u0131\u015f\",\"publisher\":{\"@id\":\"https:\/\/epochtimestr.com\/#organization\"},\"potentialAction\":[{\"@type\":\"SearchAction\",\"target\":{\"@type\":\"EntryPoint\",\"urlTemplate\":\"https:\/\/epochtimestr.com\/?s={search_term_string}\"},\"query-input\":\"required name=search_term_string\"}],\"inLanguage\":\"tr\"},{\"@type\":\"Organization\",\"@id\":\"https:\/\/epochtimestr.com\/#organization\",\"name\":\"The EpochTimes T\u00fcrkiye\",\"url\":\"https:\/\/epochtimestr.com\/\",\"logo\":{\"@type\":\"ImageObject\",\"inLanguage\":\"tr\",\"@id\":\"https:\/\/epochtimestr.com\/#\/schema\/logo\/image\/\",\"url\":\"https:\/\/epochtimestr.com\/wp-content\/uploads\/2011y\/ET-Logo-YG.jpg\",\"contentUrl\":\"https:\/\/epochtimestr.com\/wp-content\/uploads\/2011y\/ET-Logo-YG.jpg\",\"width\":346,\"height\":29,\"caption\":\"The EpochTimes T\u00fcrkiye\"},\"image\":{\"@id\":\"https:\/\/epochtimestr.com\/#\/schema\/logo\/image\/\"},\"sameAs\":[\"https:\/\/www.facebook.com\/theepochtimestr\",\"https:\/\/x.com\/TheEpochTimesTR\",\"https:\/\/www.instagram.com\/epochtimestr\"]},{\"@type\":\"Person\",\"@id\":\"https:\/\/epochtimestr.com\/#\/schema\/person\/3dc5c3adeb9f43923c5aa85889172fdd\",\"name\":\"Haber Merkezi\",\"image\":{\"@type\":\"ImageObject\",\"inLanguage\":\"tr\",\"@id\":\"https:\/\/epochtimestr.com\/#\/schema\/person\/image\/\",\"url\":\"https:\/\/secure.gravatar.com\/avatar\/d73f772ba5a74f28601361e17c2f93e6?s=96&d=mm&r=g\",\"contentUrl\":\"https:\/\/secure.gravatar.com\/avatar\/d73f772ba5a74f28601361e17c2f93e6?s=96&d=mm&r=g\",\"caption\":\"Haber Merkezi\"},\"url\":\"https:\/\/epochtimestr.com\/index.php\/author\/sendag\"}]}<\/script>\n<!-- \/ Yoast SEO plugin. -->","yoast_head_json":{"title":"\u0130PA \u201cYeterli ve Kaliteli G\u0131daya Eri\u015fim\u201d Ara\u015ft\u0131rmas\u0131n\u0131 Yay\u0131mlad\u0131 - The Epoch Times TR","description":"\u0130PA taraf\u0131ndan yap\u0131lan ara\u015ft\u0131rma, \u0130stanbullular\u0131n y\u00fczde 51,4'\u00fcn\u00fcn d\u0131\u015far\u0131da yedi\u011fi g\u0131daya g\u00fcvenmedi\u011fini ortaya koymu\u015ftur.","robots":{"index":"index","follow":"follow","max-snippet":"max-snippet:-1","max-image-preview":"max-image-preview:large","max-video-preview":"max-video-preview:-1"},"canonical":"https:\/\/epochtimestr.com\/index.php\/ipa-yeterli-ve-kaliteli-gidaya-erisim-arastirmasini-yayimladi","og_locale":"tr_TR","og_type":"article","og_title":"\u0130PA \u201cYeterli ve Kaliteli G\u0131daya Eri\u015fim\u201d Ara\u015ft\u0131rmas\u0131n\u0131 Yay\u0131mlad\u0131 - The Epoch Times TR","og_description":"\u0130PA taraf\u0131ndan yap\u0131lan ara\u015ft\u0131rma, \u0130stanbullular\u0131n y\u00fczde 51,4'\u00fcn\u00fcn d\u0131\u015far\u0131da yedi\u011fi g\u0131daya g\u00fcvenmedi\u011fini ortaya koymu\u015ftur.","og_url":"https:\/\/epochtimestr.com\/index.php\/ipa-yeterli-ve-kaliteli-gidaya-erisim-arastirmasini-yayimladi","og_site_name":"The Epoch Times TR","article_publisher":"https:\/\/www.facebook.com\/theepochtimestr","article_published_time":"2026-07-23T05:17:18+00:00","article_modified_time":"2026-07-23T05:17:20+00:00","og_image":[{"width":1280,"height":853,"url":"https:\/\/epochtimestr.com\/wp-content\/uploads\/2011y\/pixabay-18.jpg","type":"image\/jpeg"}],"author":"Haber Merkezi","twitter_card":"summary_large_image","twitter_creator":"@TheEpochTimesTR","twitter_site":"@TheEpochTimesTR","twitter_misc":{"Yazan:":"Haber Merkezi","Tahmini okuma s\u00fcresi":"3 dakika"},"schema":{"@context":"https:\/\/schema.org","@graph":[{"@type":"Article","@id":"https:\/\/epochtimestr.com\/index.php\/ipa-yeterli-ve-kaliteli-gidaya-erisim-arastirmasini-yayimladi#article","isPartOf":{"@id":"https:\/\/epochtimestr.com\/index.php\/ipa-yeterli-ve-kaliteli-gidaya-erisim-arastirmasini-yayimladi"},"author":{"name":"Haber Merkezi","@id":"https:\/\/epochtimestr.com\/#\/schema\/person\/3dc5c3adeb9f43923c5aa85889172fdd"},"headline":"\u0130PA \u201cYeterli ve Kaliteli G\u0131daya Eri\u015fim\u201d Ara\u015ft\u0131rmas\u0131n\u0131 Yay\u0131mlad\u0131","datePublished":"2026-07-23T05:17:18+00:00","dateModified":"2026-07-23T05:17:20+00:00","mainEntityOfPage":{"@id":"https:\/\/epochtimestr.com\/index.php\/ipa-yeterli-ve-kaliteli-gidaya-erisim-arastirmasini-yayimladi"},"wordCount":496,"commentCount":0,"publisher":{"@id":"https:\/\/epochtimestr.com\/#organization"},"image":{"@id":"https:\/\/epochtimestr.com\/index.php\/ipa-yeterli-ve-kaliteli-gidaya-erisim-arastirmasini-yayimladi#primaryimage"},"thumbnailUrl":"https:\/\/epochtimestr.com\/wp-content\/uploads\/2011y\/pixabay-18.jpg","keywords":["al\u0131\u015f veri\u015f","g\u0131da","g\u00fcven","\u0130PA","\u0130stanbul","yiyecek"],"articleSection":["G\u00dcNDEM","MAN\u015eET","T\u00dcRK\u0130YE","Ya\u015fam","Yeme &amp; \u0130\u00e7me"],"inLanguage":"tr","potentialAction":[{"@type":"CommentAction","name":"Comment","target":["https:\/\/epochtimestr.com\/index.php\/ipa-yeterli-ve-kaliteli-gidaya-erisim-arastirmasini-yayimladi#respond"]}]},{"@type":"WebPage","@id":"https:\/\/epochtimestr.com\/index.php\/ipa-yeterli-ve-kaliteli-gidaya-erisim-arastirmasini-yayimladi","url":"https:\/\/epochtimestr.com\/index.php\/ipa-yeterli-ve-kaliteli-gidaya-erisim-arastirmasini-yayimladi","name":"\u0130PA \u201cYeterli ve Kaliteli G\u0131daya Eri\u015fim\u201d Ara\u015ft\u0131rmas\u0131n\u0131 Yay\u0131mlad\u0131 - The Epoch Times TR","isPartOf":{"@id":"https:\/\/epochtimestr.com\/#website"},"primaryImageOfPage":{"@id":"https:\/\/epochtimestr.com\/index.php\/ipa-yeterli-ve-kaliteli-gidaya-erisim-arastirmasini-yayimladi#primaryimage"},"image":{"@id":"https:\/\/epochtimestr.com\/index.php\/ipa-yeterli-ve-kaliteli-gidaya-erisim-arastirmasini-yayimladi#primaryimage"},"thumbnailUrl":"https:\/\/epochtimestr.com\/wp-content\/uploads\/2011y\/pixabay-18.jpg","datePublished":"2026-07-23T05:17:18+00:00","dateModified":"2026-07-23T05:17:20+00:00","description":"\u0130PA taraf\u0131ndan yap\u0131lan ara\u015ft\u0131rma, \u0130stanbullular\u0131n y\u00fczde 51,4'\u00fcn\u00fcn d\u0131\u015far\u0131da yedi\u011fi g\u0131daya g\u00fcvenmedi\u011fini ortaya koymu\u015ftur.","inLanguage":"tr","potentialAction":[{"@type":"ReadAction","target":["https:\/\/epochtimestr.com\/index.php\/ipa-yeterli-ve-kaliteli-gidaya-erisim-arastirmasini-yayimladi"]}]},{"@type":"ImageObject","inLanguage":"tr","@id":"https:\/\/epochtimestr.com\/index.php\/ipa-yeterli-ve-kaliteli-gidaya-erisim-arastirmasini-yayimladi#primaryimage","url":"https:\/\/epochtimestr.com\/wp-content\/uploads\/2011y\/pixabay-18.jpg","contentUrl":"https:\/\/epochtimestr.com\/wp-content\/uploads\/2011y\/pixabay-18.jpg","width":1280,"height":853},{"@type":"WebSite","@id":"https:\/\/epochtimestr.com\/#website","url":"https:\/\/epochtimestr.com\/","name":"The Epoch Times TR","description":"De\u011fi\u015fen D\u00fcnyam\u0131za Taze Bir Bak\u0131\u015f","publisher":{"@id":"https:\/\/epochtimestr.com\/#organization"},"potentialAction":[{"@type":"SearchAction","target":{"@type":"EntryPoint","urlTemplate":"https:\/\/epochtimestr.com\/?s={search_term_string}"},"query-input":"required name=search_term_string"}],"inLanguage":"tr"},{"@type":"Organization","@id":"https:\/\/epochtimestr.com\/#organization","name":"The EpochTimes T\u00fcrkiye","url":"https:\/\/epochtimestr.com\/","logo":{"@type":"ImageObject","inLanguage":"tr","@id":"https:\/\/epochtimestr.com\/#\/schema\/logo\/image\/","url":"https:\/\/epochtimestr.com\/wp-content\/uploads\/2011y\/ET-Logo-YG.jpg","contentUrl":"https:\/\/epochtimestr.com\/wp-content\/uploads\/2011y\/ET-Logo-YG.jpg","width":346,"height":29,"caption":"The EpochTimes T\u00fcrkiye"},"image":{"@id":"https:\/\/epochtimestr.com\/#\/schema\/logo\/image\/"},"sameAs":["https:\/\/www.facebook.com\/theepochtimestr","https:\/\/x.com\/TheEpochTimesTR","https:\/\/www.instagram.com\/epochtimestr"]},{"@type":"Person","@id":"https:\/\/epochtimestr.com\/#\/schema\/person\/3dc5c3adeb9f43923c5aa85889172fdd","name":"Haber Merkezi","image":{"@type":"ImageObject","inLanguage":"tr","@id":"https:\/\/epochtimestr.com\/#\/schema\/person\/image\/","url":"https:\/\/secure.gravatar.com\/avatar\/d73f772ba5a74f28601361e17c2f93e6?s=96&d=mm&r=g","contentUrl":"https:\/\/secure.gravatar.com\/avatar\/d73f772ba5a74f28601361e17c2f93e6?s=96&d=mm&r=g","caption":"Haber Merkezi"},"url":"https:\/\/epochtimestr.com\/index.php\/author\/sendag"}]}},"_links":{"self":[{"href":"https:\/\/epochtimestr.com\/index.php\/wp-json\/wp\/v2\/posts\/169066"}],"collection":[{"href":"https:\/\/epochtimestr.com\/index.php\/wp-json\/wp\/v2\/posts"}],"about":[{"href":"https:\/\/epochtimestr.com\/index.php\/wp-json\/wp\/v2\/types\/post"}],"author":[{"embeddable":true,"href":"https:\/\/epochtimestr.com\/index.php\/wp-json\/wp\/v2\/users\/12791"}],"replies":[{"embeddable":true,"href":"https:\/\/epochtimestr.com\/index.php\/wp-json\/wp\/v2\/comments?post=169066"}],"version-history":[{"count":2,"href":"https:\/\/epochtimestr.com\/index.php\/wp-json\/wp\/v2\/posts\/169066\/revisions"}],"predecessor-version":[{"id":169077,"href":"https:\/\/epochtimestr.com\/index.php\/wp-json\/wp\/v2\/posts\/169066\/revisions\/169077"}],"wp:featuredmedia":[{"embeddable":true,"href":"https:\/\/epochtimestr.com\/index.php\/wp-json\/wp\/v2\/media\/169067"}],"wp:attachment":[{"href":"https:\/\/epochtimestr.com\/index.php\/wp-json\/wp\/v2\/media?parent=169066"}],"wp:term":[{"taxonomy":"category","embeddable":true,"href":"https:\/\/epochtimestr.com\/index.php\/wp-json\/wp\/v2\/categories?post=169066"},{"taxonomy":"post_tag","embeddable":true,"href":"https:\/\/epochtimestr.com\/index.php\/wp-json\/wp\/v2\/tags?post=169066"}],"curies":[{"name":"wp","href":"https:\/\/api.w.org\/{rel}","templated":true}]}}