{"id":169097,"date":"2026-07-23T22:43:47","date_gmt":"2026-07-23T19:43:47","guid":{"rendered":"https:\/\/epochtimestr.com\/?p=169097"},"modified":"2026-07-23T22:43:49","modified_gmt":"2026-07-23T19:43:49","slug":"bahceli-hazine-yardimi-milletvekili-sayisina-gore-dagitilmali","status":"publish","type":"post","link":"https:\/\/epochtimestr.com\/index.php\/bahceli-hazine-yardimi-milletvekili-sayisina-gore-dagitilmali","title":{"rendered":"Bah\u00e7eli: &#8220;Hazine Yard\u0131m\u0131 Milletvekili Say\u0131s\u0131na G\u00f6re Da\u011f\u0131t\u0131lmal\u0131&#8221;"},"content":{"rendered":"<div class=\"wp-block-image\">\n<figure class=\"aligncenter size-full\"><img loading=\"lazy\" decoding=\"async\" width=\"1200\" height=\"675\" src=\"https:\/\/epochtimestr.com\/wp-content\/uploads\/2011y\/mhp.webp\" alt=\"\" class=\"wp-image-169098\" srcset=\"https:\/\/epochtimestr.com\/wp-content\/uploads\/2011y\/mhp.webp 1200w, https:\/\/epochtimestr.com\/wp-content\/uploads\/2011y\/mhp-300x169.webp 300w, https:\/\/epochtimestr.com\/wp-content\/uploads\/2011y\/mhp-150x84.webp 150w, https:\/\/epochtimestr.com\/wp-content\/uploads\/2011y\/mhp-768x432.webp 768w\" sizes=\"(max-width: 1200px) 100vw, 1200px\" \/><figcaption class=\"wp-element-caption\">Bah\u00e7eli: &#8220;Hazine yard\u0131m\u0131 milletvekili say\u0131s\u0131na g\u00f6re da\u011f\u0131t\u0131lmal\u0131.&#8221; (Foto\u011fraf: MHP x hesab\u0131)<\/figcaption><\/figure><\/div>\n\n\n<h2 class=\"wp-block-heading\">MHP lideri Devlet Bah\u00e7eli, \u00d6zg\u00fcr \u00d6zel&#8217;in kuraca\u011f\u0131 yeni parti ile ilgili a\u00e7\u0131klamalarda bulundu.<\/h2>\n\n\n\n<p><a href=\"https:\/\/epochtimestr.com\/index.php\/devlet-bahceli-mhp-grup-toplantisinda-konustu\" target=\"_blank\" rel=\"noreferrer noopener\">MHP lideri<\/a> Devlet Bah\u00e7eli, <a href=\"https:\/\/epochtimestr.com\/index.php\/ozgur-ozel-son-kez-chp-grup-toplantisinda-konustu\" target=\"_blank\" rel=\"noreferrer noopener\">\u00d6zg\u00fcr \u00d6zel<\/a>&#8216;in kuraca\u011f\u0131 yeni parti ile ilgili a\u00e7\u0131klamalarda bulundu. Bah\u00e7eli, &#8220;2026 y\u0131l\u0131nda hazineden CHP\u2019ye \u00f6denen 1 milyar 815 milyon liradan, <a href=\"https:\/\/epochtimestr.com\/index.php\/chpde-mutlak-butlan-yonetimi-4-il-baskanini-gorevden-aldi\" target=\"_blank\" rel=\"noreferrer noopener\">CHP<\/a>\u2019den ayr\u0131larak yeni partiye ge\u00e7en milletvekili say\u0131s\u0131 oran\u0131nda hazine yard\u0131m\u0131ndan pay aktar\u0131lmas\u0131 etik olan\u0131d\u0131r&#8221; dedi.<\/p>\n\n\n\n<p><strong>Bah\u00e7eli, bir grup gazetecinin, \u00d6zg\u00fcr \u00d6zel\u2019in CHP\u2019den ayr\u0131larak yeni parti kurmas\u0131na ili\u015fkin sorular\u0131n\u0131 yan\u0131tlad\u0131.<\/strong><\/p>\n\n\n\n<p>Beng\u00fct\u00fcrk\u2019\u00fcn aktard\u0131\u011f\u0131na g\u00f6re MHP lideri gazetecilerin sorular\u0131n\u0131 yan\u0131tlad\u0131.<\/p>\n\n\n\n<p>&#8220;CHP i\u00e7inden yeni bir parti \u00e7\u0131k\u0131yor. Dolay\u0131s\u0131yla bir di\u011fer tart\u0131\u015fma konusu da ka\u00e7 milletvekilinin gidece\u011fi kadar, mal varl\u0131klar\u0131n\u0131n da nas\u0131l payla\u015f\u0131laca\u011f\u0131. Sizin bu konudaki yorumunuz nedir?&#8221; sorusuna:<\/p>\n\n\n\n<p>&#8220;CHP i\u00e7inden yeni bir parti \u00e7\u0131k\u0131yor. Uzun s\u00fcredir bunun da sinyalleri zaten var ve ka\u00e7 milletvekilinin gidece\u011fi ile ilgili de kamuoyunda \u00e7e\u015fitli listeler yay\u0131nlan\u0131yor. 80 diyen var 90 diyen var ama sonu\u00e7ta yeni bir parti kuruluyor. Bunun yan\u0131 s\u0131ra di\u011fer bir tart\u0131\u015fma konusu da sizin de ifade etti\u011finiz gibi mal varl\u0131\u011f\u0131n\u0131n nas\u0131l taksim edilece\u011fi konusudur.&#8221; diye cevap verdi.<\/p>\n\n\n\n<p><strong>&#8220;CHP\u2019den ayr\u0131larak yeni partiye ge\u00e7en milletvekili say\u0131s\u0131 oran\u0131nda hazine yard\u0131m\u0131ndan pay aktar\u0131lmas\u0131 etik olan\u0131d\u0131r.&#8221;<\/strong><\/p>\n\n\n\n<p>Hazineden yeni kurulan partiye pay aktar\u0131lmas\u0131n\u0131n etik olaca\u011f\u0131n\u0131 vurgulayan Bah\u00e7eli, \u015funlar\u0131 s\u00f6yledi:<br \/>\u201cUzun s\u00fcredir bunun da sinyalleri zaten var ve ka\u00e7 milletvekilinin gidece\u011fi ile ilgili de kamuoyunda \u00e7e\u015fitli listeler yay\u0131nlan\u0131yor. 80 diyen var 90 diyen var ama sonu\u00e7ta yeni bir parti kuruluyor. Madem CHP i\u00e7inden yeni bir parti \u00e7\u0131k\u0131yor ve CHP\u2019nin de sahip oldu\u011fu binalar, makam ara\u00e7lar\u0131 gibi varl\u0131klar\u0131 mevcut partide kal\u0131yor ise, b\u00f6yle bir durumda; 2026 y\u0131l\u0131nda hazineden CHP\u2019ye \u00f6denen 1 milyar 815 milyon liradan; CHP\u2019den ayr\u0131larak yeni partiye ge\u00e7en milletvekili say\u0131s\u0131 oran\u0131nda hazine yard\u0131m\u0131ndan pay aktar\u0131lmas\u0131 etik olan\u0131d\u0131r.&#8221;<\/p>\n\n\n\n<figure class=\"wp-block-embed is-type-rich is-provider-x wp-block-embed-x\"><div class=\"wp-block-embed__wrapper\">\n<blockquote class=\"twitter-tweet\" data-width=\"550\" data-dnt=\"true\"><p lang=\"tr\" dir=\"ltr\">\ud83d\udccdMHP Lideri Devlet Bah\u00e7eli&#39;den yeni parti yorumu: &#39;Vekil say\u0131s\u0131 oran\u0131nda hazine yard\u0131m\u0131ndan pay aktar\u0131lmal\u0131&#39; <br><br>\ud83d\udccdMHP Lideri Devlet Bah\u00e7eli, \u00d6zg\u00fcr \u00d6zel\u2019in CHP\u2019den ayr\u0131larak yeni bir siyasi parti kurulaca\u011f\u0131 y\u00f6n\u00fcndeki iddialara ili\u015fkin gazetecilerin sorular\u0131n\u0131 yan\u0131tlad\u0131.\u2026<\/p>&mdash; Beng\u00fc T\u00fcrk (@benguturktv) <a href=\"https:\/\/x.com\/benguturktv\/status\/2080235573898330569?ref_src=twsrc%5Etfw\">July 23, 2026<\/a><\/blockquote><script async src=\"https:\/\/platform.x.com\/widgets.js\" charset=\"utf-8\"><\/script>\n<\/div><\/figure>\n","protected":false},"excerpt":{"rendered":"<p>MHP lideri Devlet Bah\u00e7eli, \u00d6zg\u00fcr \u00d6zel&#8217;in kuraca\u011f\u0131 yeni parti ile ilgili a\u00e7\u0131klamalarda bulundu. MHP lideri Devlet Bah\u00e7eli, \u00d6zg\u00fcr \u00d6zel&#8216;in kuraca\u011f\u0131 yeni parti ile ilgili a\u00e7\u0131klamalarda bulundu. Bah\u00e7eli, &#8220;2026 y\u0131l\u0131nda hazineden CHP\u2019ye \u00f6denen 1 milyar 815 milyon liradan, CHP\u2019den ayr\u0131larak yeni partiye ge\u00e7en milletvekili say\u0131s\u0131 oran\u0131nda hazine yard\u0131m\u0131ndan pay aktar\u0131lmas\u0131 etik olan\u0131d\u0131r&#8221; dedi. Bah\u00e7eli, bir grup [&hellip;]<\/p>\n","protected":false},"author":12791,"featured_media":169098,"comment_status":"open","ping_status":"open","sticky":false,"template":"","format":"standard","meta":{"_yoast_wpseo_focuskw":"Bah\u00e7eli","_yoast_wpseo_title":"","_yoast_wpseo_metadesc":"MHP Genel Ba\u015fkan\u0131 Devlet Bah\u00e7eli, bir grup gazetecinin \u00d6zg\u00fcr \u00d6zel\u2019in CHP\u2019den ayr\u0131larak yeni parti kurmas\u0131na ili\u015fkin sorular\u0131n\u0131 yan\u0131tlad\u0131.","_bbp_topic_count":0,"_bbp_reply_count":0,"_bbp_total_topic_count":0,"_bbp_total_reply_count":0,"_bbp_voice_count":0,"_bbp_anonymous_reply_count":0,"_bbp_topic_count_hidden":0,"_bbp_reply_count_hidden":0,"_bbp_forum_subforum_count":0,"footnotes":"","_yoast_wpseo_focuskw_text_input":""},"categories":[1,8138,8226,37],"tags":[583,2126,11867,1018,6002,8492,11744],"yoast_head":"<!-- This site is optimized with the Yoast SEO plugin v23.0 - https:\/\/yoast.com\/wordpress\/plugins\/seo\/ -->\n<title>Bah\u00e7eli: &quot;Hazine Yard\u0131m\u0131 Milletvekili Say\u0131s\u0131na G\u00f6re Da\u011f\u0131t\u0131lmal\u0131&quot; - The Epoch Times TR<\/title>\n<meta name=\"description\" content=\"MHP Genel Ba\u015fkan\u0131 Devlet Bah\u00e7eli, bir grup gazetecinin \u00d6zg\u00fcr \u00d6zel\u2019in CHP\u2019den ayr\u0131larak yeni parti kurmas\u0131na ili\u015fkin sorular\u0131n\u0131 yan\u0131tlad\u0131.\" \/>\n<meta name=\"robots\" content=\"index, follow, max-snippet:-1, max-image-preview:large, max-video-preview:-1\" \/>\n<link rel=\"canonical\" href=\"https:\/\/epochtimestr.com\/index.php\/bahceli-hazine-yardimi-milletvekili-sayisina-gore-dagitilmali\" \/>\n<meta property=\"og:locale\" content=\"tr_TR\" \/>\n<meta property=\"og:type\" content=\"article\" \/>\n<meta property=\"og:title\" content=\"Bah\u00e7eli: &quot;Hazine Yard\u0131m\u0131 Milletvekili Say\u0131s\u0131na G\u00f6re Da\u011f\u0131t\u0131lmal\u0131&quot; - The Epoch Times TR\" \/>\n<meta property=\"og:description\" content=\"MHP Genel Ba\u015fkan\u0131 Devlet Bah\u00e7eli, bir grup gazetecinin \u00d6zg\u00fcr \u00d6zel\u2019in CHP\u2019den ayr\u0131larak yeni parti kurmas\u0131na ili\u015fkin sorular\u0131n\u0131 yan\u0131tlad\u0131.\" \/>\n<meta property=\"og:url\" content=\"https:\/\/epochtimestr.com\/index.php\/bahceli-hazine-yardimi-milletvekili-sayisina-gore-dagitilmali\" \/>\n<meta property=\"og:site_name\" content=\"The Epoch Times TR\" \/>\n<meta property=\"article:publisher\" content=\"https:\/\/www.facebook.com\/theepochtimestr\" \/>\n<meta property=\"article:published_time\" content=\"2026-07-23T19:43:47+00:00\" \/>\n<meta property=\"article:modified_time\" content=\"2026-07-23T19:43:49+00:00\" \/>\n<meta property=\"og:image\" content=\"https:\/\/epochtimestr.com\/wp-content\/uploads\/2011y\/mhp.webp\" \/>\n\t<meta property=\"og:image:width\" content=\"1200\" \/>\n\t<meta property=\"og:image:height\" content=\"675\" \/>\n\t<meta property=\"og:image:type\" content=\"image\/webp\" \/>\n<meta name=\"author\" content=\"Haber Merkezi\" \/>\n<meta name=\"twitter:card\" content=\"summary_large_image\" \/>\n<meta name=\"twitter:creator\" content=\"@TheEpochTimesTR\" \/>\n<meta name=\"twitter:site\" content=\"@TheEpochTimesTR\" \/>\n<meta name=\"twitter:label1\" content=\"Yazan:\" \/>\n\t<meta name=\"twitter:data1\" content=\"Haber Merkezi\" \/>\n\t<meta name=\"twitter:label2\" content=\"Tahmini okuma s\u00fcresi\" \/>\n\t<meta name=\"twitter:data2\" content=\"3 dakika\" \/>\n<script type=\"application\/ld+json\" class=\"yoast-schema-graph\">{\"@context\":\"https:\/\/schema.org\",\"@graph\":[{\"@type\":\"Article\",\"@id\":\"https:\/\/epochtimestr.com\/index.php\/bahceli-hazine-yardimi-milletvekili-sayisina-gore-dagitilmali#article\",\"isPartOf\":{\"@id\":\"https:\/\/epochtimestr.com\/index.php\/bahceli-hazine-yardimi-milletvekili-sayisina-gore-dagitilmali\"},\"author\":{\"name\":\"Haber Merkezi\",\"@id\":\"https:\/\/epochtimestr.com\/#\/schema\/person\/3dc5c3adeb9f43923c5aa85889172fdd\"},\"headline\":\"Bah\u00e7eli: &#8220;Hazine Yard\u0131m\u0131 Milletvekili Say\u0131s\u0131na G\u00f6re Da\u011f\u0131t\u0131lmal\u0131&#8221;\",\"datePublished\":\"2026-07-23T19:43:47+00:00\",\"dateModified\":\"2026-07-23T19:43:49+00:00\",\"mainEntityOfPage\":{\"@id\":\"https:\/\/epochtimestr.com\/index.php\/bahceli-hazine-yardimi-milletvekili-sayisina-gore-dagitilmali\"},\"wordCount\":398,\"commentCount\":0,\"publisher\":{\"@id\":\"https:\/\/epochtimestr.com\/#organization\"},\"image\":{\"@id\":\"https:\/\/epochtimestr.com\/index.php\/bahceli-hazine-yardimi-milletvekili-sayisina-gore-dagitilmali#primaryimage\"},\"thumbnailUrl\":\"https:\/\/epochtimestr.com\/wp-content\/uploads\/2011y\/mhp.webp\",\"keywords\":[\"CHP\",\"Devlet bah\u00e7eli\",\"hazineden pay\",\"MHP\",\"MHP Genel Ba\u015fkan\u0131 Devlet Bah\u00e7eli\",\"\u00d6zg\u00fcr \u00d6zel\",\"yeni parti\"],\"articleSection\":[\"G\u00dcNDEM\",\"MAN\u015eET\",\"Siyaset\",\"T\u00dcRK\u0130YE\"],\"inLanguage\":\"tr\",\"potentialAction\":[{\"@type\":\"CommentAction\",\"name\":\"Comment\",\"target\":[\"https:\/\/epochtimestr.com\/index.php\/bahceli-hazine-yardimi-milletvekili-sayisina-gore-dagitilmali#respond\"]}]},{\"@type\":\"WebPage\",\"@id\":\"https:\/\/epochtimestr.com\/index.php\/bahceli-hazine-yardimi-milletvekili-sayisina-gore-dagitilmali\",\"url\":\"https:\/\/epochtimestr.com\/index.php\/bahceli-hazine-yardimi-milletvekili-sayisina-gore-dagitilmali\",\"name\":\"Bah\u00e7eli: \\\"Hazine Yard\u0131m\u0131 Milletvekili Say\u0131s\u0131na G\u00f6re Da\u011f\u0131t\u0131lmal\u0131\\\" - The Epoch Times TR\",\"isPartOf\":{\"@id\":\"https:\/\/epochtimestr.com\/#website\"},\"primaryImageOfPage\":{\"@id\":\"https:\/\/epochtimestr.com\/index.php\/bahceli-hazine-yardimi-milletvekili-sayisina-gore-dagitilmali#primaryimage\"},\"image\":{\"@id\":\"https:\/\/epochtimestr.com\/index.php\/bahceli-hazine-yardimi-milletvekili-sayisina-gore-dagitilmali#primaryimage\"},\"thumbnailUrl\":\"https:\/\/epochtimestr.com\/wp-content\/uploads\/2011y\/mhp.webp\",\"datePublished\":\"2026-07-23T19:43:47+00:00\",\"dateModified\":\"2026-07-23T19:43:49+00:00\",\"description\":\"MHP Genel Ba\u015fkan\u0131 Devlet Bah\u00e7eli, bir grup gazetecinin \u00d6zg\u00fcr \u00d6zel\u2019in CHP\u2019den ayr\u0131larak yeni parti kurmas\u0131na ili\u015fkin sorular\u0131n\u0131 yan\u0131tlad\u0131.\",\"inLanguage\":\"tr\",\"potentialAction\":[{\"@type\":\"ReadAction\",\"target\":[\"https:\/\/epochtimestr.com\/index.php\/bahceli-hazine-yardimi-milletvekili-sayisina-gore-dagitilmali\"]}]},{\"@type\":\"ImageObject\",\"inLanguage\":\"tr\",\"@id\":\"https:\/\/epochtimestr.com\/index.php\/bahceli-hazine-yardimi-milletvekili-sayisina-gore-dagitilmali#primaryimage\",\"url\":\"https:\/\/epochtimestr.com\/wp-content\/uploads\/2011y\/mhp.webp\",\"contentUrl\":\"https:\/\/epochtimestr.com\/wp-content\/uploads\/2011y\/mhp.webp\",\"width\":1200,\"height\":675},{\"@type\":\"WebSite\",\"@id\":\"https:\/\/epochtimestr.com\/#website\",\"url\":\"https:\/\/epochtimestr.com\/\",\"name\":\"The Epoch Times TR\",\"description\":\"De\u011fi\u015fen D\u00fcnyam\u0131za Taze Bir Bak\u0131\u015f\",\"publisher\":{\"@id\":\"https:\/\/epochtimestr.com\/#organization\"},\"potentialAction\":[{\"@type\":\"SearchAction\",\"target\":{\"@type\":\"EntryPoint\",\"urlTemplate\":\"https:\/\/epochtimestr.com\/?s={search_term_string}\"},\"query-input\":\"required name=search_term_string\"}],\"inLanguage\":\"tr\"},{\"@type\":\"Organization\",\"@id\":\"https:\/\/epochtimestr.com\/#organization\",\"name\":\"The EpochTimes T\u00fcrkiye\",\"url\":\"https:\/\/epochtimestr.com\/\",\"logo\":{\"@type\":\"ImageObject\",\"inLanguage\":\"tr\",\"@id\":\"https:\/\/epochtimestr.com\/#\/schema\/logo\/image\/\",\"url\":\"https:\/\/epochtimestr.com\/wp-content\/uploads\/2011y\/ET-Logo-YG.jpg\",\"contentUrl\":\"https:\/\/epochtimestr.com\/wp-content\/uploads\/2011y\/ET-Logo-YG.jpg\",\"width\":346,\"height\":29,\"caption\":\"The EpochTimes T\u00fcrkiye\"},\"image\":{\"@id\":\"https:\/\/epochtimestr.com\/#\/schema\/logo\/image\/\"},\"sameAs\":[\"https:\/\/www.facebook.com\/theepochtimestr\",\"https:\/\/x.com\/TheEpochTimesTR\",\"https:\/\/www.instagram.com\/epochtimestr\"]},{\"@type\":\"Person\",\"@id\":\"https:\/\/epochtimestr.com\/#\/schema\/person\/3dc5c3adeb9f43923c5aa85889172fdd\",\"name\":\"Haber Merkezi\",\"image\":{\"@type\":\"ImageObject\",\"inLanguage\":\"tr\",\"@id\":\"https:\/\/epochtimestr.com\/#\/schema\/person\/image\/\",\"url\":\"https:\/\/secure.gravatar.com\/avatar\/d73f772ba5a74f28601361e17c2f93e6?s=96&d=mm&r=g\",\"contentUrl\":\"https:\/\/secure.gravatar.com\/avatar\/d73f772ba5a74f28601361e17c2f93e6?s=96&d=mm&r=g\",\"caption\":\"Haber Merkezi\"},\"url\":\"https:\/\/epochtimestr.com\/index.php\/author\/sendag\"}]}<\/script>\n<!-- \/ Yoast SEO plugin. -->","yoast_head_json":{"title":"Bah\u00e7eli: \"Hazine Yard\u0131m\u0131 Milletvekili Say\u0131s\u0131na G\u00f6re Da\u011f\u0131t\u0131lmal\u0131\" - The Epoch Times TR","description":"MHP Genel Ba\u015fkan\u0131 Devlet Bah\u00e7eli, bir grup gazetecinin \u00d6zg\u00fcr \u00d6zel\u2019in CHP\u2019den ayr\u0131larak yeni parti kurmas\u0131na ili\u015fkin sorular\u0131n\u0131 yan\u0131tlad\u0131.","robots":{"index":"index","follow":"follow","max-snippet":"max-snippet:-1","max-image-preview":"max-image-preview:large","max-video-preview":"max-video-preview:-1"},"canonical":"https:\/\/epochtimestr.com\/index.php\/bahceli-hazine-yardimi-milletvekili-sayisina-gore-dagitilmali","og_locale":"tr_TR","og_type":"article","og_title":"Bah\u00e7eli: \"Hazine Yard\u0131m\u0131 Milletvekili Say\u0131s\u0131na G\u00f6re Da\u011f\u0131t\u0131lmal\u0131\" - The Epoch Times TR","og_description":"MHP Genel Ba\u015fkan\u0131 Devlet Bah\u00e7eli, bir grup gazetecinin \u00d6zg\u00fcr \u00d6zel\u2019in CHP\u2019den ayr\u0131larak yeni parti kurmas\u0131na ili\u015fkin sorular\u0131n\u0131 yan\u0131tlad\u0131.","og_url":"https:\/\/epochtimestr.com\/index.php\/bahceli-hazine-yardimi-milletvekili-sayisina-gore-dagitilmali","og_site_name":"The Epoch Times TR","article_publisher":"https:\/\/www.facebook.com\/theepochtimestr","article_published_time":"2026-07-23T19:43:47+00:00","article_modified_time":"2026-07-23T19:43:49+00:00","og_image":[{"width":1200,"height":675,"url":"https:\/\/epochtimestr.com\/wp-content\/uploads\/2011y\/mhp.webp","type":"image\/webp"}],"author":"Haber Merkezi","twitter_card":"summary_large_image","twitter_creator":"@TheEpochTimesTR","twitter_site":"@TheEpochTimesTR","twitter_misc":{"Yazan:":"Haber Merkezi","Tahmini okuma s\u00fcresi":"3 dakika"},"schema":{"@context":"https:\/\/schema.org","@graph":[{"@type":"Article","@id":"https:\/\/epochtimestr.com\/index.php\/bahceli-hazine-yardimi-milletvekili-sayisina-gore-dagitilmali#article","isPartOf":{"@id":"https:\/\/epochtimestr.com\/index.php\/bahceli-hazine-yardimi-milletvekili-sayisina-gore-dagitilmali"},"author":{"name":"Haber Merkezi","@id":"https:\/\/epochtimestr.com\/#\/schema\/person\/3dc5c3adeb9f43923c5aa85889172fdd"},"headline":"Bah\u00e7eli: &#8220;Hazine Yard\u0131m\u0131 Milletvekili Say\u0131s\u0131na G\u00f6re Da\u011f\u0131t\u0131lmal\u0131&#8221;","datePublished":"2026-07-23T19:43:47+00:00","dateModified":"2026-07-23T19:43:49+00:00","mainEntityOfPage":{"@id":"https:\/\/epochtimestr.com\/index.php\/bahceli-hazine-yardimi-milletvekili-sayisina-gore-dagitilmali"},"wordCount":398,"commentCount":0,"publisher":{"@id":"https:\/\/epochtimestr.com\/#organization"},"image":{"@id":"https:\/\/epochtimestr.com\/index.php\/bahceli-hazine-yardimi-milletvekili-sayisina-gore-dagitilmali#primaryimage"},"thumbnailUrl":"https:\/\/epochtimestr.com\/wp-content\/uploads\/2011y\/mhp.webp","keywords":["CHP","Devlet bah\u00e7eli","hazineden pay","MHP","MHP Genel Ba\u015fkan\u0131 Devlet Bah\u00e7eli","\u00d6zg\u00fcr \u00d6zel","yeni parti"],"articleSection":["G\u00dcNDEM","MAN\u015eET","Siyaset","T\u00dcRK\u0130YE"],"inLanguage":"tr","potentialAction":[{"@type":"CommentAction","name":"Comment","target":["https:\/\/epochtimestr.com\/index.php\/bahceli-hazine-yardimi-milletvekili-sayisina-gore-dagitilmali#respond"]}]},{"@type":"WebPage","@id":"https:\/\/epochtimestr.com\/index.php\/bahceli-hazine-yardimi-milletvekili-sayisina-gore-dagitilmali","url":"https:\/\/epochtimestr.com\/index.php\/bahceli-hazine-yardimi-milletvekili-sayisina-gore-dagitilmali","name":"Bah\u00e7eli: \"Hazine Yard\u0131m\u0131 Milletvekili Say\u0131s\u0131na G\u00f6re Da\u011f\u0131t\u0131lmal\u0131\" - The Epoch Times TR","isPartOf":{"@id":"https:\/\/epochtimestr.com\/#website"},"primaryImageOfPage":{"@id":"https:\/\/epochtimestr.com\/index.php\/bahceli-hazine-yardimi-milletvekili-sayisina-gore-dagitilmali#primaryimage"},"image":{"@id":"https:\/\/epochtimestr.com\/index.php\/bahceli-hazine-yardimi-milletvekili-sayisina-gore-dagitilmali#primaryimage"},"thumbnailUrl":"https:\/\/epochtimestr.com\/wp-content\/uploads\/2011y\/mhp.webp","datePublished":"2026-07-23T19:43:47+00:00","dateModified":"2026-07-23T19:43:49+00:00","description":"MHP Genel Ba\u015fkan\u0131 Devlet Bah\u00e7eli, bir grup gazetecinin \u00d6zg\u00fcr \u00d6zel\u2019in CHP\u2019den ayr\u0131larak yeni parti kurmas\u0131na ili\u015fkin sorular\u0131n\u0131 yan\u0131tlad\u0131.","inLanguage":"tr","potentialAction":[{"@type":"ReadAction","target":["https:\/\/epochtimestr.com\/index.php\/bahceli-hazine-yardimi-milletvekili-sayisina-gore-dagitilmali"]}]},{"@type":"ImageObject","inLanguage":"tr","@id":"https:\/\/epochtimestr.com\/index.php\/bahceli-hazine-yardimi-milletvekili-sayisina-gore-dagitilmali#primaryimage","url":"https:\/\/epochtimestr.com\/wp-content\/uploads\/2011y\/mhp.webp","contentUrl":"https:\/\/epochtimestr.com\/wp-content\/uploads\/2011y\/mhp.webp","width":1200,"height":675},{"@type":"WebSite","@id":"https:\/\/epochtimestr.com\/#website","url":"https:\/\/epochtimestr.com\/","name":"The Epoch Times TR","description":"De\u011fi\u015fen D\u00fcnyam\u0131za Taze Bir Bak\u0131\u015f","publisher":{"@id":"https:\/\/epochtimestr.com\/#organization"},"potentialAction":[{"@type":"SearchAction","target":{"@type":"EntryPoint","urlTemplate":"https:\/\/epochtimestr.com\/?s={search_term_string}"},"query-input":"required name=search_term_string"}],"inLanguage":"tr"},{"@type":"Organization","@id":"https:\/\/epochtimestr.com\/#organization","name":"The EpochTimes T\u00fcrkiye","url":"https:\/\/epochtimestr.com\/","logo":{"@type":"ImageObject","inLanguage":"tr","@id":"https:\/\/epochtimestr.com\/#\/schema\/logo\/image\/","url":"https:\/\/epochtimestr.com\/wp-content\/uploads\/2011y\/ET-Logo-YG.jpg","contentUrl":"https:\/\/epochtimestr.com\/wp-content\/uploads\/2011y\/ET-Logo-YG.jpg","width":346,"height":29,"caption":"The EpochTimes T\u00fcrkiye"},"image":{"@id":"https:\/\/epochtimestr.com\/#\/schema\/logo\/image\/"},"sameAs":["https:\/\/www.facebook.com\/theepochtimestr","https:\/\/x.com\/TheEpochTimesTR","https:\/\/www.instagram.com\/epochtimestr"]},{"@type":"Person","@id":"https:\/\/epochtimestr.com\/#\/schema\/person\/3dc5c3adeb9f43923c5aa85889172fdd","name":"Haber Merkezi","image":{"@type":"ImageObject","inLanguage":"tr","@id":"https:\/\/epochtimestr.com\/#\/schema\/person\/image\/","url":"https:\/\/secure.gravatar.com\/avatar\/d73f772ba5a74f28601361e17c2f93e6?s=96&d=mm&r=g","contentUrl":"https:\/\/secure.gravatar.com\/avatar\/d73f772ba5a74f28601361e17c2f93e6?s=96&d=mm&r=g","caption":"Haber Merkezi"},"url":"https:\/\/epochtimestr.com\/index.php\/author\/sendag"}]}},"_links":{"self":[{"href":"https:\/\/epochtimestr.com\/index.php\/wp-json\/wp\/v2\/posts\/169097"}],"collection":[{"href":"https:\/\/epochtimestr.com\/index.php\/wp-json\/wp\/v2\/posts"}],"about":[{"href":"https:\/\/epochtimestr.com\/index.php\/wp-json\/wp\/v2\/types\/post"}],"author":[{"embeddable":true,"href":"https:\/\/epochtimestr.com\/index.php\/wp-json\/wp\/v2\/users\/12791"}],"replies":[{"embeddable":true,"href":"https:\/\/epochtimestr.com\/index.php\/wp-json\/wp\/v2\/comments?post=169097"}],"version-history":[{"count":3,"href":"https:\/\/epochtimestr.com\/index.php\/wp-json\/wp\/v2\/posts\/169097\/revisions"}],"predecessor-version":[{"id":169105,"href":"https:\/\/epochtimestr.com\/index.php\/wp-json\/wp\/v2\/posts\/169097\/revisions\/169105"}],"wp:featuredmedia":[{"embeddable":true,"href":"https:\/\/epochtimestr.com\/index.php\/wp-json\/wp\/v2\/media\/169098"}],"wp:attachment":[{"href":"https:\/\/epochtimestr.com\/index.php\/wp-json\/wp\/v2\/media?parent=169097"}],"wp:term":[{"taxonomy":"category","embeddable":true,"href":"https:\/\/epochtimestr.com\/index.php\/wp-json\/wp\/v2\/categories?post=169097"},{"taxonomy":"post_tag","embeddable":true,"href":"https:\/\/epochtimestr.com\/index.php\/wp-json\/wp\/v2\/tags?post=169097"}],"curies":[{"name":"wp","href":"https:\/\/api.w.org\/{rel}","templated":true}]}}