{"id":169102,"date":"2026-07-23T22:54:48","date_gmt":"2026-07-23T19:54:48","guid":{"rendered":"https:\/\/epochtimestr.com\/?p=169102"},"modified":"2026-07-23T22:54:51","modified_gmt":"2026-07-23T19:54:51","slug":"murat-emir-mhp-lideri-bahcelinin-aciklamasina-yanit-verdi","status":"publish","type":"post","link":"https:\/\/epochtimestr.com\/index.php\/murat-emir-mhp-lideri-bahcelinin-aciklamasina-yanit-verdi","title":{"rendered":"Murat Emir MHP Lideri Bah\u00e7eli&#8217;nin A\u00e7\u0131klamas\u0131na Yan\u0131t Verdi"},"content":{"rendered":"<div class=\"wp-block-image\">\n<figure class=\"aligncenter size-full\"><img loading=\"lazy\" decoding=\"async\" width=\"800\" height=\"450\" src=\"https:\/\/epochtimestr.com\/wp-content\/uploads\/2011y\/murat-emir-1.webp\" alt=\"Murat Emir MHP Genel Ba\u015fkan\u0131 Devlet Bah\u00e7eli'nin a\u00e7\u0131klamas\u0131na yan\u0131t verdi. (Foto\u011fraf: CHP web sayfas\u0131)\" class=\"wp-image-155296\" srcset=\"https:\/\/epochtimestr.com\/wp-content\/uploads\/2011y\/murat-emir-1.webp 800w, https:\/\/epochtimestr.com\/wp-content\/uploads\/2011y\/murat-emir-1-300x169.webp 300w, https:\/\/epochtimestr.com\/wp-content\/uploads\/2011y\/murat-emir-1-150x84.webp 150w, https:\/\/epochtimestr.com\/wp-content\/uploads\/2011y\/murat-emir-1-768x432.webp 768w\" sizes=\"(max-width: 800px) 100vw, 800px\" \/><figcaption class=\"wp-element-caption\">Murat Emir MHP Genel Ba\u015fkan\u0131 Devlet Bah\u00e7eli&#8217;nin a\u00e7\u0131klamas\u0131na yan\u0131t verdi. (Foto\u011fraf: CHP web sayfas\u0131)<\/figcaption><\/figure><\/div>\n\n\n<h2 class=\"wp-block-heading\">CHP Grup Ba\u015fkanvekili Murat Emir, partisinin TBMM&#8217;de d\u00fczenledi\u011fi kapal\u0131 grup toplant\u0131s\u0131 hakk\u0131nda a\u00e7\u0131klamalarda bulundu.<\/h2>\n\n\n\n<p>CHP Grup Ba\u015fkanvekili Murat Emir, CHP\u2019nin bug\u00fcn yapt\u0131\u011f\u0131 kapal\u0131 grup toplant\u0131s\u0131n\u0131n ard\u0131ndan <a href=\"https:\/\/epochtimestr.com\/index.php\/murat-emir-tbmmde-basin-toplantisi-duzenledi\" target=\"_blank\" rel=\"noreferrer noopener\">TBMM<\/a>\u2019de bas\u0131n toplant\u0131s\u0131 d\u00fczenledi. Emir, \u201cPartimizin b\u00f6l\u00fcnmedi\u011fini, g\u00fc\u00e7l\u00fc bir ba\u015flang\u0131\u00e7 yapt\u0131\u011f\u0131n\u0131 ve \u00e7ok yak\u0131n bir zamanda milletvekili grubu olarak da \u00e7ok g\u00fc\u00e7l\u00fc bir ba\u015flang\u0131\u00e7la yolumuza devam edece\u011fimizi g\u00f6receksiniz\u201d dedi. <\/p>\n\n\n\n<p>Toplant\u0131da grup y\u00f6netimince al\u0131nmas\u0131 gereken mecburi kararlar\u0131n oy birli\u011fiyle al\u0131nd\u0131\u011f\u0131n\u0131 dile getiren Emir, \u201cBunun \u00f6tesinde de kapal\u0131 grupta ba\u015fka bir karar almad\u0131k. Bu grup toplant\u0131s\u0131 ola\u011fan, prosed\u00fcr\u00fcn tamamlanmas\u0131n\u0131 gerektiren, kimi grup faaliyetlerinin grup denetimine sunuldu\u011fu, milletvekillerinin denetledi\u011fi ve ibra etti\u011fi s\u00fcre\u00e7ler var. Dolay\u0131s\u0131yla bunlar\u0131 yapmak gerekiyordu. Bu hukuksuzlukla iktidar y\u00fcr\u00fcy\u00fc\u015f\u00fcm\u00fcz\u00fc durdurabileceklerini sand\u0131lar&#8221; dedi. <\/p>\n\n\n\n<p>Emir ayr\u0131ca, &#8220;Butlan karar\u0131ndan sonra art\u0131k herkes g\u00f6rm\u00fc\u015ft\u00fcr ki, bu plan tutmam\u0131\u015ft\u0131r. Bu kadrolar milletin iktidar olup, gelecekte daha adil, daha demokratik, bereketli bir T\u00fcrkiye&#8217;nin umudu olmaya devam edecektir. Bu y\u00fcr\u00fcy\u00fc\u015f iktidar y\u00fcr\u00fcy\u00fc\u015f\u00fcd\u00fcr. Biz baba oca\u011f\u0131n\u0131 terk etmemek \u00fczere her t\u00fcrl\u00fc m\u00fccadeleyi yapt\u0131k&#8221; ifadelerini kulland\u0131.<\/p>\n\n\n\n<figure class=\"wp-block-embed is-type-rich is-provider-x wp-block-embed-x\"><div class=\"wp-block-embed__wrapper\">\n<blockquote class=\"twitter-tweet\" data-width=\"550\" data-dnt=\"true\"><p lang=\"tr\" dir=\"ltr\">Grup Ba\u015fkanvekilimiz Murat Emir, TBMM&#39;de bas\u0131n a\u00e7\u0131klamas\u0131 yap\u0131yor <a href=\"https:\/\/t.co\/CYyVPUHGtw\">https:\/\/t.co\/CYyVPUHGtw<\/a><\/p>&mdash; TBMM \u00d6zg\u00fcr \u00d6zel (@tbmmozgurozel) <a href=\"https:\/\/x.com\/tbmmozgurozel\/status\/2080239261190939098?ref_src=twsrc%5Etfw\">July 23, 2026<\/a><\/blockquote><script async src=\"https:\/\/platform.x.com\/widgets.js\" charset=\"utf-8\"><\/script>\n<\/div><\/figure>\n\n\n\n<p>MHP lideri <a href=\"https:\/\/epochtimestr.com\/index.php\/bahceli-hazine-yardimi-milletvekili-sayisina-gore-dagitilmali\" target=\"_blank\" rel=\"noreferrer noopener\">Devlet Bah\u00e7eli<\/a> &#8216;yeni parti&#8217; de\u011ferlendirmesi yaparak, &#8220;Madem CHP i\u00e7inden yeni bir parti \u00e7\u0131k\u0131yor b\u00f6yle bir durumda; 2026 y\u0131l\u0131nda hazineden CHP\u2019ye \u00f6denen 1 milyar 815 milyon liradan; CHP\u2019den ayr\u0131larak yeni partiye ge\u00e7en milletvekili say\u0131s\u0131 oran\u0131nda hazine yard\u0131m\u0131ndan pay aktar\u0131lmas\u0131 etik olan\u0131d\u0131r&#8221; demi\u015fti.<\/p>\n\n\n\n<h3 class=\"wp-block-heading\">CHP\u2019li Emir, Bah\u00e7eli\u2019nin yeni parti i\u00e7in Hazine&#8217;den destek verilmesinin etik olaca\u011f\u0131na ili\u015fkin a\u00e7\u0131klamalar\u0131n\u0131n sorulmas\u0131 \u00fczerine \u015funlar\u0131 s\u00f6yledi:<\/h3>\n\n\n\n<p>&#8220;\u015eu andaki yasal \u00e7er\u00e7eve i\u00e7erisinde m\u00fcmk\u00fcn de\u011fil ama say\u0131n Bah\u00e7eli, Cumhur \u0130ttifak\u0131&#8217;n\u0131n bir par\u00e7as\u0131d\u0131r. \u015eu ana kadar e\u011fer b\u00f6yle bir samimi d\u00fc\u015f\u00fcnceleri varsa ad\u0131m atmalar\u0131 \u00e7ok kolayd\u0131r. Bu de\u011ferlendirilebilir ama konunun paradan \u00f6te taraf\u0131 var.<\/p>\n\n\n\n<p>CHP b\u00f6l\u00fcnmeye \u00e7al\u0131\u015f\u0131l\u0131rken, CHP kadrolar\u0131n\u0131n bir b\u00f6l\u00fcm\u00fc iftiralar \u00fczerinden cezaevinde tutulurken, b\u0131rak\u0131n Bah\u00e7eli&#8217;nin dedi\u011fi gibi yarg\u0131lamalar\u0131n TRT&#8217;den yay\u0131nlamas\u0131n\u0131, Say\u0131n \u0130mamo\u011flu&#8217;nun 14 saat dahi savunma yapmas\u0131na izin verilmezken hi\u00e7bir \u015fey yap\u0131lmam\u0131\u015ft\u0131r.<\/p>\n\n\n\n<p>Biz elbette ki hazineden hak etti\u011fimiz yard\u0131m\u0131 almay\u0131 isteriz ama paradan \u00f6nce konu\u015fmam\u0131z gereken \u00e7ok daha \u00f6nemli etik de\u011ferler oldu\u011fu kanaatindeyiz. Ke\u015fke say\u0131n Bah\u00e7eli&#8217;nin m\u00fcdahalesi onlara \u00f6ncelikli olsayd\u0131 diye de sitem ederiz.&#8221;<\/p>\n\n\n\n<p><strong>CHP\u2019nin kapal\u0131 grup toplant\u0131s\u0131na ili\u015fkin \u015funlar\u0131 s\u00f6yledi:<\/strong><\/p>\n\n\n\n<p>&#8220;Kapal\u0131 grup toplant\u0131s\u0131nda \u00f6zellikle grup y\u00f6netimince al\u0131nmas\u0131 gereken mecburi kararlar oy birli\u011fiyle al\u0131nd\u0131. Ve bunun \u00f6tesinde de kapal\u0131 grupta ba\u015fka bir karar almad\u0131k. Bu grup toplant\u0131s\u0131 ola\u011fan, prosed\u00fcr\u00fcn tamamlanmas\u0131n\u0131 gerektiren, kimi grup faaliyetlerinin grup denetimine sunuldu\u011fu, milletvekillerinin denetledi\u011fi ve ibra etti\u011fi s\u00fcre\u00e7ler var. Dolay\u0131s\u0131yla bunlar\u0131 yapmak gerekiyordu. Bu i\u015flemleri tamamlad\u0131k ve mutlulukla ifade etmeliyim ki oy birli\u011fiyle tamamlad\u0131k.<\/p>\n\n\n\n<h3 class=\"wp-block-heading\">&#8220;<strong>Partimize haks\u0131zca, hukuksuzca ve sarayda tasarlanm\u0131\u015f kirli bir kumpas olan butlan kumpas\u0131 uyguland\u0131<\/strong>.&#8221;<\/h3>\n\n\n\n<p>Bilindi\u011fi gibi partimize haks\u0131zca, hukuksuzca ve sarayda tasarlanm\u0131\u015f kirli bir kumpas olan butlan kumpas\u0131 uyguland\u0131. Partimizi b\u00f6lmek, par\u00e7alamak, i\u00e7inden kendilerinin rahat anla\u015fabilece\u011fi bir y\u00f6netim \u00e7\u0131kartmak \u00fczere partimizi 2020 y\u0131l\u0131na \u0131\u015f\u0131nlamay\u0131 d\u00fc\u015f\u00fcnd\u00fcler. Ama CHP\u2019yi bug\u00fcne kadar b\u00f6lemediler, da\u011f\u0131tamad\u0131lar, tart\u0131\u015fma g\u00f6r\u00fcnt\u00fcs\u00fc verdiremediler. Bir avu\u00e7 Genel Merkez\u2019de bulabildikleri kifayetsiz muhterisle ve onlar\u0131n her t\u00fcrl\u00fc hukuksuz uygulamas\u0131yla ve bizim her t\u00fcrl\u00fc hak aray\u0131\u015f\u0131m\u0131za kar\u015f\u0131 koyan hukuksuz mahkeme kararlar\u0131yla bizim iktidar y\u00fcr\u00fcy\u00fc\u015f\u00fcm\u00fcz\u00fc durdurabileceklerini d\u00fc\u015f\u00fcnd\u00fcler. Ama biz hepinizin de g\u00f6rd\u00fc\u011f\u00fc, bildi\u011fi gibi milletimizleyiz, milletimizle y\u00fcr\u00fcyoruz, milletimizin sesine kulak veriyoruz. <\/p>\n\n\n\n<p>Butlan karar\u0131ndan sonra art\u0131k herkes g\u00f6rm\u00fc\u015ft\u00fcr ki sarayda bu kirli plan\u0131 tasarlayanlar da anlam\u0131\u015ft\u0131r ki bu plan tutmam\u0131\u015ft\u0131r. Bu plan b\u00fct\u00fcn par\u00e7ay\u0131 par\u00e7alayamam\u0131\u015ft\u0131r. Bu plan milletin direnciyle, milletin kararl\u0131l\u0131\u011f\u0131yla suya d\u00fc\u015fm\u00fc\u015ft\u00fcr. Ve bu kadrolar, milletin iktidar umudu gelecekte daha adil, daha demokratik, daha herkesin refah i\u00e7inde ya\u015fad\u0131\u011f\u0131, bereketli bir T\u00fcrkiye&#8217;nin umudu olmaya devam edecektir. Bizi Ankara&#8217;da masa ba\u015flar\u0131nda, ofislerde, binalarda birbiriyle kavga eden duruma d\u00fc\u015f\u00fcrmek isteyenler k\u0131sa s\u00fcrede g\u00f6rm\u00fc\u015flerdir ki CHP\u2019liler ve onlara umut ba\u011flayan milyonlar ayaktad\u0131r, yollardad\u0131r, meydanlardad\u0131r. Ve bu y\u00fcr\u00fcy\u00fc\u015f iktidar y\u00fcr\u00fcy\u00fc\u015f\u00fcd\u00fcr.<\/p>\n\n\n\n<p><strong>&#8220;Bizim sizinle payla\u015faca\u011f\u0131m\u0131z herhangi bir somut tarih veya somut bir milletvekili say\u0131s\u0131 \u015fu anda s\u00f6z konusu de\u011fildir.&#8221;<\/strong><\/p>\n\n\n\n<p>Biz baba oca\u011f\u0131n\u0131 terk etmemek \u00fczere her t\u00fcrl\u00fc m\u00fccadeleyi yapt\u0131k. Her t\u00fcrl\u00fc hukuki ba\u015fvuruyu yapt\u0131k, her t\u00fcrl\u00fc siyasi ba\u015fvuruyu yapt\u0131k. Ama yapt\u0131\u011f\u0131m\u0131z her bir giri\u015fim, her birinizin yak\u0131ndan tan\u0131k oldu\u011fu gibi, AKP yarg\u0131s\u0131n\u0131n ve AKP yarg\u0131s\u0131na bel ba\u011flayan Genel Merkez\u2019de fiili i\u015fgal durumunda olan bir avu\u00e7 kifayetsiz muhterisin koltuk h\u0131rs\u0131 dolay\u0131s\u0131yla ba\u015far\u0131s\u0131zl\u0131kla sonu\u00e7lanm\u0131\u015ft\u0131r. Bu nedenle biz yeni bir yolculu\u011fa \u00e7\u0131kmak \u00fczere resmi i\u015flemleri s\u00fcrd\u00fcr\u00fcyoruz. Bizim sizinle payla\u015faca\u011f\u0131m\u0131z herhangi bir somut tarih veya somut bir milletvekili say\u0131s\u0131 \u015fu anda s\u00f6z konusu de\u011fildir. Ama bilinmelidir ki bu s\u00fcre\u00e7, bize umut ba\u011flayan milyonlar\u0131 mutlu edecek, umutland\u0131racak bir noktaya k\u0131sa s\u00fcrede gelecektir. <\/p>\n\n\n\n<p>Herkes bu s\u00fcrecin en do\u011fru \u015fekilde planland\u0131\u011f\u0131n\u0131 ve sonuca ula\u015faca\u011f\u0131n\u0131 bilsin. Herkesin i\u00e7i rahat olsun. \u015eu anda da arkada\u015flar\u0131m\u0131z\u0131n kat\u0131l\u0131mlar\u0131, resmi i\u015flemlerin tamamlanmas\u0131 devam etti\u011fi i\u00e7in giderek b\u00fcy\u00fcyen, giderek g\u00fc\u00e7lenen ve meydanlarda, alanlarda milletten ald\u0131\u011f\u0131 b\u00fcy\u00fck destekle g\u00f6r\u00fcld\u00fc\u011f\u00fc gibi, milletvekili grubumuzla da herkes g\u00f6recek ki bamba\u015fka bir yola \u00e7\u0131k\u0131yoruz. \u00c7ok g\u00fc\u00e7l\u00fc bir yola \u00e7\u0131k\u0131yoruz. Milletimizleyiz ve milletin \u00f6n\u00fcne duranlar\u0131n eninde sonunda milletin ayaklar\u0131 alt\u0131nda ezilece\u011fini g\u00f6sterece\u011fimiz g\u00fcnler \u00e7ok yak\u0131nd\u0131r.&#8221;<\/p>\n\n\n\n<p>Emir, a\u00e7\u0131klamalar\u0131n\u0131n ard\u0131ndan gazetecilerin sorular\u0131n\u0131 yan\u0131tlad\u0131. &#8220;CHP S\u00f6zc\u00fcs\u00fc M\u00fcslim Sar\u0131 d\u00fcn yapt\u0131\u011f\u0131 a\u00e7\u0131klamada sizin koltuk sevdal\u0131s\u0131 oldu\u011funu belirterek, tekrar partiye d\u00f6nece\u011finizi iddia etti. Neler s\u00f6ylersiniz&#8221; sorusunu Emir, &#8220;Onlar muhatab\u0131m\u0131z de\u011fil. Biz milletimizleyiz. Milletimiz her \u015feyi g\u00f6r\u00fcyor&#8221; diye yan\u0131tlad\u0131.<\/p>\n\n\n\n<figure class=\"wp-block-embed is-type-rich is-provider-x wp-block-embed-x\"><div class=\"wp-block-embed__wrapper\">\n<blockquote class=\"twitter-tweet\" data-width=\"550\" data-dnt=\"true\"><p lang=\"tr\" dir=\"ltr\">Saray\u2019\u0131n tasarlad\u0131\u011f\u0131 kirli kumpaslar, milletimizin sars\u0131lmaz kararl\u0131l\u0131\u011f\u0131yla suya d\u00fc\u015ft\u00fc!<br><br>Adil, demokratik ve bereketli bir T\u00fcrkiye i\u00e7in yepyeni ve \u00e7ok g\u00fc\u00e7l\u00fc bir yolculu\u011fa \u00e7\u0131k\u0131yoruz.<br><br>Herkesin i\u00e7i rahat olsun; milletin \u00f6n\u00fcne dikilenlerin milletin iradesi kar\u015f\u0131s\u0131nda ezilece\u011fi\u2026 <a href=\"https:\/\/t.co\/eFiZPVC1D5\">pic.twitter.com\/eFiZPVC1D5<\/a><\/p>&mdash; Murat Emir (@muratemirchp) <a href=\"https:\/\/x.com\/muratemirchp\/status\/2080285136201843189?ref_src=twsrc%5Etfw\">July 23, 2026<\/a><\/blockquote><script async src=\"https:\/\/platform.x.com\/widgets.js\" charset=\"utf-8\"><\/script>\n<\/div><\/figure>\n","protected":false},"excerpt":{"rendered":"<p>CHP Grup Ba\u015fkanvekili Murat Emir, partisinin TBMM&#8217;de d\u00fczenledi\u011fi kapal\u0131 grup toplant\u0131s\u0131 hakk\u0131nda a\u00e7\u0131klamalarda bulundu. CHP Grup Ba\u015fkanvekili Murat Emir, CHP\u2019nin bug\u00fcn yapt\u0131\u011f\u0131 kapal\u0131 grup toplant\u0131s\u0131n\u0131n ard\u0131ndan TBMM\u2019de bas\u0131n toplant\u0131s\u0131 d\u00fczenledi. Emir, \u201cPartimizin b\u00f6l\u00fcnmedi\u011fini, g\u00fc\u00e7l\u00fc bir ba\u015flang\u0131\u00e7 yapt\u0131\u011f\u0131n\u0131 ve \u00e7ok yak\u0131n bir zamanda milletvekili grubu olarak da \u00e7ok g\u00fc\u00e7l\u00fc bir ba\u015flang\u0131\u00e7la yolumuza devam edece\u011fimizi g\u00f6receksiniz\u201d dedi. [&hellip;]<\/p>\n","protected":false},"author":12791,"featured_media":155296,"comment_status":"open","ping_status":"open","sticky":false,"template":"","format":"standard","meta":{"_yoast_wpseo_focuskw":"murat Emir","_yoast_wpseo_title":"","_yoast_wpseo_metadesc":"CHP Grup Ba\u015fkanvekili Murat Emir, partisinin TBMM'de d\u00fczenledi\u011fi kapal\u0131 grup toplant\u0131s\u0131 hakk\u0131nda a\u00e7\u0131klamalarda bulundu.","_bbp_topic_count":0,"_bbp_reply_count":0,"_bbp_total_topic_count":0,"_bbp_total_reply_count":0,"_bbp_voice_count":0,"_bbp_anonymous_reply_count":0,"_bbp_topic_count_hidden":0,"_bbp_reply_count_hidden":0,"_bbp_forum_subforum_count":0,"footnotes":"","_yoast_wpseo_focuskw_text_input":""},"categories":[1,8138,8226,37],"tags":[583,2126,11610,11869,8959,1200,11744],"yoast_head":"<!-- This site is optimized with the Yoast SEO plugin v23.0 - https:\/\/yoast.com\/wordpress\/plugins\/seo\/ -->\n<title>Murat Emir MHP Lideri Bah\u00e7eli&#039;nin A\u00e7\u0131klamas\u0131na Yan\u0131t Verdi - The Epoch Times TR<\/title>\n<meta name=\"description\" content=\"CHP Grup Ba\u015fkanvekili Murat Emir, partisinin TBMM&#039;de d\u00fczenledi\u011fi kapal\u0131 grup toplant\u0131s\u0131 hakk\u0131nda a\u00e7\u0131klamalarda bulundu.\" \/>\n<meta name=\"robots\" content=\"index, follow, max-snippet:-1, max-image-preview:large, max-video-preview:-1\" \/>\n<link rel=\"canonical\" href=\"https:\/\/epochtimestr.com\/index.php\/murat-emir-mhp-lideri-bahcelinin-aciklamasina-yanit-verdi\" \/>\n<meta property=\"og:locale\" content=\"tr_TR\" \/>\n<meta property=\"og:type\" content=\"article\" \/>\n<meta property=\"og:title\" content=\"Murat Emir MHP Lideri Bah\u00e7eli&#039;nin A\u00e7\u0131klamas\u0131na Yan\u0131t Verdi - The Epoch Times TR\" \/>\n<meta property=\"og:description\" content=\"CHP Grup Ba\u015fkanvekili Murat Emir, partisinin TBMM&#039;de d\u00fczenledi\u011fi kapal\u0131 grup toplant\u0131s\u0131 hakk\u0131nda a\u00e7\u0131klamalarda bulundu.\" \/>\n<meta property=\"og:url\" content=\"https:\/\/epochtimestr.com\/index.php\/murat-emir-mhp-lideri-bahcelinin-aciklamasina-yanit-verdi\" \/>\n<meta property=\"og:site_name\" content=\"The Epoch Times TR\" \/>\n<meta property=\"article:publisher\" content=\"https:\/\/www.facebook.com\/theepochtimestr\" \/>\n<meta property=\"article:published_time\" content=\"2026-07-23T19:54:48+00:00\" \/>\n<meta property=\"article:modified_time\" content=\"2026-07-23T19:54:51+00:00\" \/>\n<meta property=\"og:image\" content=\"https:\/\/epochtimestr.com\/wp-content\/uploads\/2011y\/murat-emir-1.webp\" \/>\n\t<meta property=\"og:image:width\" content=\"800\" \/>\n\t<meta property=\"og:image:height\" content=\"450\" \/>\n\t<meta property=\"og:image:type\" content=\"image\/webp\" \/>\n<meta name=\"author\" content=\"Haber Merkezi\" \/>\n<meta name=\"twitter:card\" content=\"summary_large_image\" \/>\n<meta name=\"twitter:creator\" content=\"@TheEpochTimesTR\" \/>\n<meta name=\"twitter:site\" content=\"@TheEpochTimesTR\" \/>\n<meta name=\"twitter:label1\" content=\"Yazan:\" \/>\n\t<meta name=\"twitter:data1\" content=\"Haber Merkezi\" \/>\n\t<meta name=\"twitter:label2\" content=\"Tahmini okuma s\u00fcresi\" \/>\n\t<meta name=\"twitter:data2\" content=\"6 dakika\" \/>\n<script type=\"application\/ld+json\" class=\"yoast-schema-graph\">{\"@context\":\"https:\/\/schema.org\",\"@graph\":[{\"@type\":\"Article\",\"@id\":\"https:\/\/epochtimestr.com\/index.php\/murat-emir-mhp-lideri-bahcelinin-aciklamasina-yanit-verdi#article\",\"isPartOf\":{\"@id\":\"https:\/\/epochtimestr.com\/index.php\/murat-emir-mhp-lideri-bahcelinin-aciklamasina-yanit-verdi\"},\"author\":{\"name\":\"Haber Merkezi\",\"@id\":\"https:\/\/epochtimestr.com\/#\/schema\/person\/3dc5c3adeb9f43923c5aa85889172fdd\"},\"headline\":\"Murat Emir MHP Lideri Bah\u00e7eli&#8217;nin A\u00e7\u0131klamas\u0131na Yan\u0131t Verdi\",\"datePublished\":\"2026-07-23T19:54:48+00:00\",\"dateModified\":\"2026-07-23T19:54:51+00:00\",\"mainEntityOfPage\":{\"@id\":\"https:\/\/epochtimestr.com\/index.php\/murat-emir-mhp-lideri-bahcelinin-aciklamasina-yanit-verdi\"},\"wordCount\":1192,\"commentCount\":0,\"publisher\":{\"@id\":\"https:\/\/epochtimestr.com\/#organization\"},\"image\":{\"@id\":\"https:\/\/epochtimestr.com\/index.php\/murat-emir-mhp-lideri-bahcelinin-aciklamasina-yanit-verdi#primaryimage\"},\"thumbnailUrl\":\"https:\/\/epochtimestr.com\/wp-content\/uploads\/2011y\/murat-emir-1.webp\",\"keywords\":[\"CHP\",\"Devlet bah\u00e7eli\",\"Grup Toplant\u0131s\u0131\",\"hazine yard\u0131m\u0131\",\"Murat Emir\",\"tbmm\",\"yeni parti\"],\"articleSection\":[\"G\u00dcNDEM\",\"MAN\u015eET\",\"Siyaset\",\"T\u00dcRK\u0130YE\"],\"inLanguage\":\"tr\",\"potentialAction\":[{\"@type\":\"CommentAction\",\"name\":\"Comment\",\"target\":[\"https:\/\/epochtimestr.com\/index.php\/murat-emir-mhp-lideri-bahcelinin-aciklamasina-yanit-verdi#respond\"]}]},{\"@type\":\"WebPage\",\"@id\":\"https:\/\/epochtimestr.com\/index.php\/murat-emir-mhp-lideri-bahcelinin-aciklamasina-yanit-verdi\",\"url\":\"https:\/\/epochtimestr.com\/index.php\/murat-emir-mhp-lideri-bahcelinin-aciklamasina-yanit-verdi\",\"name\":\"Murat Emir MHP Lideri Bah\u00e7eli'nin A\u00e7\u0131klamas\u0131na Yan\u0131t Verdi - The Epoch Times TR\",\"isPartOf\":{\"@id\":\"https:\/\/epochtimestr.com\/#website\"},\"primaryImageOfPage\":{\"@id\":\"https:\/\/epochtimestr.com\/index.php\/murat-emir-mhp-lideri-bahcelinin-aciklamasina-yanit-verdi#primaryimage\"},\"image\":{\"@id\":\"https:\/\/epochtimestr.com\/index.php\/murat-emir-mhp-lideri-bahcelinin-aciklamasina-yanit-verdi#primaryimage\"},\"thumbnailUrl\":\"https:\/\/epochtimestr.com\/wp-content\/uploads\/2011y\/murat-emir-1.webp\",\"datePublished\":\"2026-07-23T19:54:48+00:00\",\"dateModified\":\"2026-07-23T19:54:51+00:00\",\"description\":\"CHP Grup Ba\u015fkanvekili Murat Emir, partisinin TBMM'de d\u00fczenledi\u011fi kapal\u0131 grup toplant\u0131s\u0131 hakk\u0131nda a\u00e7\u0131klamalarda bulundu.\",\"inLanguage\":\"tr\",\"potentialAction\":[{\"@type\":\"ReadAction\",\"target\":[\"https:\/\/epochtimestr.com\/index.php\/murat-emir-mhp-lideri-bahcelinin-aciklamasina-yanit-verdi\"]}]},{\"@type\":\"ImageObject\",\"inLanguage\":\"tr\",\"@id\":\"https:\/\/epochtimestr.com\/index.php\/murat-emir-mhp-lideri-bahcelinin-aciklamasina-yanit-verdi#primaryimage\",\"url\":\"https:\/\/epochtimestr.com\/wp-content\/uploads\/2011y\/murat-emir-1.webp\",\"contentUrl\":\"https:\/\/epochtimestr.com\/wp-content\/uploads\/2011y\/murat-emir-1.webp\",\"width\":800,\"height\":450},{\"@type\":\"WebSite\",\"@id\":\"https:\/\/epochtimestr.com\/#website\",\"url\":\"https:\/\/epochtimestr.com\/\",\"name\":\"The Epoch Times TR\",\"description\":\"De\u011fi\u015fen D\u00fcnyam\u0131za Taze Bir Bak\u0131\u015f\",\"publisher\":{\"@id\":\"https:\/\/epochtimestr.com\/#organization\"},\"potentialAction\":[{\"@type\":\"SearchAction\",\"target\":{\"@type\":\"EntryPoint\",\"urlTemplate\":\"https:\/\/epochtimestr.com\/?s={search_term_string}\"},\"query-input\":\"required name=search_term_string\"}],\"inLanguage\":\"tr\"},{\"@type\":\"Organization\",\"@id\":\"https:\/\/epochtimestr.com\/#organization\",\"name\":\"The EpochTimes T\u00fcrkiye\",\"url\":\"https:\/\/epochtimestr.com\/\",\"logo\":{\"@type\":\"ImageObject\",\"inLanguage\":\"tr\",\"@id\":\"https:\/\/epochtimestr.com\/#\/schema\/logo\/image\/\",\"url\":\"https:\/\/epochtimestr.com\/wp-content\/uploads\/2011y\/ET-Logo-YG.jpg\",\"contentUrl\":\"https:\/\/epochtimestr.com\/wp-content\/uploads\/2011y\/ET-Logo-YG.jpg\",\"width\":346,\"height\":29,\"caption\":\"The EpochTimes T\u00fcrkiye\"},\"image\":{\"@id\":\"https:\/\/epochtimestr.com\/#\/schema\/logo\/image\/\"},\"sameAs\":[\"https:\/\/www.facebook.com\/theepochtimestr\",\"https:\/\/x.com\/TheEpochTimesTR\",\"https:\/\/www.instagram.com\/epochtimestr\"]},{\"@type\":\"Person\",\"@id\":\"https:\/\/epochtimestr.com\/#\/schema\/person\/3dc5c3adeb9f43923c5aa85889172fdd\",\"name\":\"Haber Merkezi\",\"image\":{\"@type\":\"ImageObject\",\"inLanguage\":\"tr\",\"@id\":\"https:\/\/epochtimestr.com\/#\/schema\/person\/image\/\",\"url\":\"https:\/\/secure.gravatar.com\/avatar\/d73f772ba5a74f28601361e17c2f93e6?s=96&d=mm&r=g\",\"contentUrl\":\"https:\/\/secure.gravatar.com\/avatar\/d73f772ba5a74f28601361e17c2f93e6?s=96&d=mm&r=g\",\"caption\":\"Haber Merkezi\"},\"url\":\"https:\/\/epochtimestr.com\/index.php\/author\/sendag\"}]}<\/script>\n<!-- \/ Yoast SEO plugin. -->","yoast_head_json":{"title":"Murat Emir MHP Lideri Bah\u00e7eli'nin A\u00e7\u0131klamas\u0131na Yan\u0131t Verdi - The Epoch Times TR","description":"CHP Grup Ba\u015fkanvekili Murat Emir, partisinin TBMM'de d\u00fczenledi\u011fi kapal\u0131 grup toplant\u0131s\u0131 hakk\u0131nda a\u00e7\u0131klamalarda bulundu.","robots":{"index":"index","follow":"follow","max-snippet":"max-snippet:-1","max-image-preview":"max-image-preview:large","max-video-preview":"max-video-preview:-1"},"canonical":"https:\/\/epochtimestr.com\/index.php\/murat-emir-mhp-lideri-bahcelinin-aciklamasina-yanit-verdi","og_locale":"tr_TR","og_type":"article","og_title":"Murat Emir MHP Lideri Bah\u00e7eli'nin A\u00e7\u0131klamas\u0131na Yan\u0131t Verdi - The Epoch Times TR","og_description":"CHP Grup Ba\u015fkanvekili Murat Emir, partisinin TBMM'de d\u00fczenledi\u011fi kapal\u0131 grup toplant\u0131s\u0131 hakk\u0131nda a\u00e7\u0131klamalarda bulundu.","og_url":"https:\/\/epochtimestr.com\/index.php\/murat-emir-mhp-lideri-bahcelinin-aciklamasina-yanit-verdi","og_site_name":"The Epoch Times TR","article_publisher":"https:\/\/www.facebook.com\/theepochtimestr","article_published_time":"2026-07-23T19:54:48+00:00","article_modified_time":"2026-07-23T19:54:51+00:00","og_image":[{"width":800,"height":450,"url":"https:\/\/epochtimestr.com\/wp-content\/uploads\/2011y\/murat-emir-1.webp","type":"image\/webp"}],"author":"Haber Merkezi","twitter_card":"summary_large_image","twitter_creator":"@TheEpochTimesTR","twitter_site":"@TheEpochTimesTR","twitter_misc":{"Yazan:":"Haber Merkezi","Tahmini okuma s\u00fcresi":"6 dakika"},"schema":{"@context":"https:\/\/schema.org","@graph":[{"@type":"Article","@id":"https:\/\/epochtimestr.com\/index.php\/murat-emir-mhp-lideri-bahcelinin-aciklamasina-yanit-verdi#article","isPartOf":{"@id":"https:\/\/epochtimestr.com\/index.php\/murat-emir-mhp-lideri-bahcelinin-aciklamasina-yanit-verdi"},"author":{"name":"Haber Merkezi","@id":"https:\/\/epochtimestr.com\/#\/schema\/person\/3dc5c3adeb9f43923c5aa85889172fdd"},"headline":"Murat Emir MHP Lideri Bah\u00e7eli&#8217;nin A\u00e7\u0131klamas\u0131na Yan\u0131t Verdi","datePublished":"2026-07-23T19:54:48+00:00","dateModified":"2026-07-23T19:54:51+00:00","mainEntityOfPage":{"@id":"https:\/\/epochtimestr.com\/index.php\/murat-emir-mhp-lideri-bahcelinin-aciklamasina-yanit-verdi"},"wordCount":1192,"commentCount":0,"publisher":{"@id":"https:\/\/epochtimestr.com\/#organization"},"image":{"@id":"https:\/\/epochtimestr.com\/index.php\/murat-emir-mhp-lideri-bahcelinin-aciklamasina-yanit-verdi#primaryimage"},"thumbnailUrl":"https:\/\/epochtimestr.com\/wp-content\/uploads\/2011y\/murat-emir-1.webp","keywords":["CHP","Devlet bah\u00e7eli","Grup Toplant\u0131s\u0131","hazine yard\u0131m\u0131","Murat Emir","tbmm","yeni parti"],"articleSection":["G\u00dcNDEM","MAN\u015eET","Siyaset","T\u00dcRK\u0130YE"],"inLanguage":"tr","potentialAction":[{"@type":"CommentAction","name":"Comment","target":["https:\/\/epochtimestr.com\/index.php\/murat-emir-mhp-lideri-bahcelinin-aciklamasina-yanit-verdi#respond"]}]},{"@type":"WebPage","@id":"https:\/\/epochtimestr.com\/index.php\/murat-emir-mhp-lideri-bahcelinin-aciklamasina-yanit-verdi","url":"https:\/\/epochtimestr.com\/index.php\/murat-emir-mhp-lideri-bahcelinin-aciklamasina-yanit-verdi","name":"Murat Emir MHP Lideri Bah\u00e7eli'nin A\u00e7\u0131klamas\u0131na Yan\u0131t Verdi - The Epoch Times TR","isPartOf":{"@id":"https:\/\/epochtimestr.com\/#website"},"primaryImageOfPage":{"@id":"https:\/\/epochtimestr.com\/index.php\/murat-emir-mhp-lideri-bahcelinin-aciklamasina-yanit-verdi#primaryimage"},"image":{"@id":"https:\/\/epochtimestr.com\/index.php\/murat-emir-mhp-lideri-bahcelinin-aciklamasina-yanit-verdi#primaryimage"},"thumbnailUrl":"https:\/\/epochtimestr.com\/wp-content\/uploads\/2011y\/murat-emir-1.webp","datePublished":"2026-07-23T19:54:48+00:00","dateModified":"2026-07-23T19:54:51+00:00","description":"CHP Grup Ba\u015fkanvekili Murat Emir, partisinin TBMM'de d\u00fczenledi\u011fi kapal\u0131 grup toplant\u0131s\u0131 hakk\u0131nda a\u00e7\u0131klamalarda bulundu.","inLanguage":"tr","potentialAction":[{"@type":"ReadAction","target":["https:\/\/epochtimestr.com\/index.php\/murat-emir-mhp-lideri-bahcelinin-aciklamasina-yanit-verdi"]}]},{"@type":"ImageObject","inLanguage":"tr","@id":"https:\/\/epochtimestr.com\/index.php\/murat-emir-mhp-lideri-bahcelinin-aciklamasina-yanit-verdi#primaryimage","url":"https:\/\/epochtimestr.com\/wp-content\/uploads\/2011y\/murat-emir-1.webp","contentUrl":"https:\/\/epochtimestr.com\/wp-content\/uploads\/2011y\/murat-emir-1.webp","width":800,"height":450},{"@type":"WebSite","@id":"https:\/\/epochtimestr.com\/#website","url":"https:\/\/epochtimestr.com\/","name":"The Epoch Times TR","description":"De\u011fi\u015fen D\u00fcnyam\u0131za Taze Bir Bak\u0131\u015f","publisher":{"@id":"https:\/\/epochtimestr.com\/#organization"},"potentialAction":[{"@type":"SearchAction","target":{"@type":"EntryPoint","urlTemplate":"https:\/\/epochtimestr.com\/?s={search_term_string}"},"query-input":"required name=search_term_string"}],"inLanguage":"tr"},{"@type":"Organization","@id":"https:\/\/epochtimestr.com\/#organization","name":"The EpochTimes T\u00fcrkiye","url":"https:\/\/epochtimestr.com\/","logo":{"@type":"ImageObject","inLanguage":"tr","@id":"https:\/\/epochtimestr.com\/#\/schema\/logo\/image\/","url":"https:\/\/epochtimestr.com\/wp-content\/uploads\/2011y\/ET-Logo-YG.jpg","contentUrl":"https:\/\/epochtimestr.com\/wp-content\/uploads\/2011y\/ET-Logo-YG.jpg","width":346,"height":29,"caption":"The EpochTimes T\u00fcrkiye"},"image":{"@id":"https:\/\/epochtimestr.com\/#\/schema\/logo\/image\/"},"sameAs":["https:\/\/www.facebook.com\/theepochtimestr","https:\/\/x.com\/TheEpochTimesTR","https:\/\/www.instagram.com\/epochtimestr"]},{"@type":"Person","@id":"https:\/\/epochtimestr.com\/#\/schema\/person\/3dc5c3adeb9f43923c5aa85889172fdd","name":"Haber Merkezi","image":{"@type":"ImageObject","inLanguage":"tr","@id":"https:\/\/epochtimestr.com\/#\/schema\/person\/image\/","url":"https:\/\/secure.gravatar.com\/avatar\/d73f772ba5a74f28601361e17c2f93e6?s=96&d=mm&r=g","contentUrl":"https:\/\/secure.gravatar.com\/avatar\/d73f772ba5a74f28601361e17c2f93e6?s=96&d=mm&r=g","caption":"Haber Merkezi"},"url":"https:\/\/epochtimestr.com\/index.php\/author\/sendag"}]}},"_links":{"self":[{"href":"https:\/\/epochtimestr.com\/index.php\/wp-json\/wp\/v2\/posts\/169102"}],"collection":[{"href":"https:\/\/epochtimestr.com\/index.php\/wp-json\/wp\/v2\/posts"}],"about":[{"href":"https:\/\/epochtimestr.com\/index.php\/wp-json\/wp\/v2\/types\/post"}],"author":[{"embeddable":true,"href":"https:\/\/epochtimestr.com\/index.php\/wp-json\/wp\/v2\/users\/12791"}],"replies":[{"embeddable":true,"href":"https:\/\/epochtimestr.com\/index.php\/wp-json\/wp\/v2\/comments?post=169102"}],"version-history":[{"count":2,"href":"https:\/\/epochtimestr.com\/index.php\/wp-json\/wp\/v2\/posts\/169102\/revisions"}],"predecessor-version":[{"id":169109,"href":"https:\/\/epochtimestr.com\/index.php\/wp-json\/wp\/v2\/posts\/169102\/revisions\/169109"}],"wp:featuredmedia":[{"embeddable":true,"href":"https:\/\/epochtimestr.com\/index.php\/wp-json\/wp\/v2\/media\/155296"}],"wp:attachment":[{"href":"https:\/\/epochtimestr.com\/index.php\/wp-json\/wp\/v2\/media?parent=169102"}],"wp:term":[{"taxonomy":"category","embeddable":true,"href":"https:\/\/epochtimestr.com\/index.php\/wp-json\/wp\/v2\/categories?post=169102"},{"taxonomy":"post_tag","embeddable":true,"href":"https:\/\/epochtimestr.com\/index.php\/wp-json\/wp\/v2\/tags?post=169102"}],"curies":[{"name":"wp","href":"https:\/\/api.w.org\/{rel}","templated":true}]}}