{"id":169112,"date":"2026-07-24T08:44:10","date_gmt":"2026-07-24T05:44:10","guid":{"rendered":"https:\/\/epochtimestr.com\/?p=169112"},"modified":"2026-07-24T08:44:17","modified_gmt":"2026-07-24T05:44:17","slug":"merkez-bankasi-politika-faizini-yuzde-37de-sabit-tuttu","status":"publish","type":"post","link":"https:\/\/epochtimestr.com\/index.php\/merkez-bankasi-politika-faizini-yuzde-37de-sabit-tuttu","title":{"rendered":"Merkez Bankas\u0131 Politika Faizini Y\u00fczde 37&#8217;de Sabit Tuttu"},"content":{"rendered":"<div class=\"wp-block-image\">\n<figure class=\"aligncenter size-full\"><img loading=\"lazy\" decoding=\"async\" width=\"632\" height=\"362\" src=\"https:\/\/epochtimestr.com\/wp-content\/uploads\/2011y\/ppk-resmi-web.webp\" alt=\"Merkez Bankas\u0131 politika faizini y\u00fczde 37'de sabit tuttu. (Foto\u011fraf: PPK websitesi)\" class=\"wp-image-169113\" srcset=\"https:\/\/epochtimestr.com\/wp-content\/uploads\/2011y\/ppk-resmi-web.webp 632w, https:\/\/epochtimestr.com\/wp-content\/uploads\/2011y\/ppk-resmi-web-300x172.webp 300w, https:\/\/epochtimestr.com\/wp-content\/uploads\/2011y\/ppk-resmi-web-150x86.webp 150w\" sizes=\"(max-width: 632px) 100vw, 632px\" \/><figcaption class=\"wp-element-caption\">Merkez Bankas\u0131 politika faizini y\u00fczde 37&#8217;de sabit tuttu. (Foto\u011fraf: PPK websitesi)<\/figcaption><\/figure><\/div>\n\n\n<h2 class=\"wp-block-heading\">Merkez Bankas\u0131 gecelik vadede bor\u00e7 verme faiz oran\u0131n\u0131 %40&#8217;ta, gecelik vadede bor\u00e7lanma faiz oran\u0131n\u0131 ise %35,5&#8217;te sabit tuttu.<\/h2>\n\n\n\n<p><a href=\"https:\/\/epochtimestr.com\/index.php\/tcmb-mayis-ayi-cari-acik-verisini-acikladi\" target=\"_blank\" rel=\"noreferrer noopener\">TCMB<\/a>&#8216;den faiz oranlar\u0131na ili\u015fkin yap\u0131lan duyuruda, TCMB Ba\u015fkan\u0131 <a href=\"https:\/\/epochtimestr.com\/index.php\/merkez-bankasinin-yeni-baskani-fatih-karahandan-ilk-aciklama\" target=\"_blank\" rel=\"noreferrer noopener\">Fatih Karahan<\/a> ba\u015fkanl\u0131\u011f\u0131nda toplanan Kurul&#8217;un, politika faizinin y\u00fczde 37&#8217;de sabit kalmas\u0131na karar verdi\u011fi bildirildi. Kurul ayr\u0131ca, Merkez Bankas\u0131 gecelik vadede bor\u00e7 verme faiz oran\u0131n\u0131 %40&#8217;ta, gecelik vadede bor\u00e7lanma faiz oran\u0131n\u0131 ise %35,5&#8217;te sabit tuttu.<\/p>\n\n\n\n<p>Bankan\u0131n Para Politikas\u0131 Kurulu PPK metni \u015f\u00f6yle:<\/p>\n\n\n\n<p>&#8220;Para Politikas\u0131 Kurulu (Kurul), politika faizi olan bir hafta vadeli repo ihale faiz oran\u0131n\u0131n y\u00fczde 37\u2019de sabit tutulmas\u0131na karar vermi\u015ftir. Kurul ayr\u0131ca, Merkez Bankas\u0131 gecelik vadede bor\u00e7 verme faiz oran\u0131n\u0131 y\u00fczde 40\u2019ta, gecelik vadede bor\u00e7lanma faiz oran\u0131n\u0131 ise y\u00fczde 35,5\u2019te sabit tutmu\u015ftur.<\/p>\n\n\n\n<p>Enflasyonun ana e\u011filimi, haziran ay\u0131nda s\u0131n\u0131rl\u0131 bir miktar gerilemi\u015ftir. \u00d6nc\u00fc veriler ana e\u011filimin temmuz ay\u0131nda ge\u00e7ici olarak y\u00fckselece\u011fini ima etmektedir. Jeopolitik geli\u015fmeler e\u015fli\u011finde artan belirsizlikler neticesinde enerji fiyatlar\u0131 yeniden y\u00fckselme e\u011filimine girmi\u015ftir. Yak\u0131n d\u00f6neme ili\u015fkin veriler i\u00e7 talepteki zay\u0131f seyrin belirginle\u015fti\u011fine i\u015faret etmektedir. Jeopolitik geli\u015fmelerin maliyet kanal\u0131, iktisadi faaliyet ve beklenti kanal\u0131 \u00fczerinden enflasyon g\u00f6r\u00fcn\u00fcm\u00fcne etkileri yak\u0131ndan takip edilmektedir.<\/p>\n\n\n\n<p>Fiyat istikrar\u0131 sa\u011flanana kadar s\u00fcrd\u00fcr\u00fclecek s\u0131k\u0131 para politikas\u0131 duru\u015fu talep, kur ve beklenti kanallar\u0131 \u00fczerinden dezenflasyon s\u00fcrecini g\u00fc\u00e7lendirecektir. Kurul politika faizine ili\u015fkin at\u0131lacak ad\u0131mlar\u0131; enflasyon ger\u00e7ekle\u015fmelerini, ana e\u011filimini ve beklentilerini g\u00f6z \u00f6n\u00fcnde bulundurarak ara hedeflerle uyumlu bi\u00e7imde dezenflasyonun gerektirdi\u011fi s\u0131k\u0131l\u0131\u011f\u0131 sa\u011flayacak \u015fekilde belirleyecektir. Para politikas\u0131 kararlar\u0131 enflasyon g\u00f6r\u00fcn\u00fcm\u00fc odakl\u0131, toplant\u0131 bazl\u0131 ve ihtiyatl\u0131 bir yakla\u015f\u0131mla al\u0131nmaktad\u0131r. Enflasyon g\u00f6r\u00fcn\u00fcm\u00fcnde belirgin ve kal\u0131c\u0131 bir bozulma olmas\u0131 durumunda para politikas\u0131 duru\u015fu s\u0131k\u0131la\u015ft\u0131r\u0131lacakt\u0131r. Kurul enflasyon \u00fczerindeki yukar\u0131 y\u00f6nl\u00fc risklere kar\u015f\u0131 ihtiyatl\u0131 duru\u015funu vurgulam\u0131\u015ft\u0131r.<\/p>\n\n\n\n<p>Kredi ve mevduat piyasalar\u0131nda \u00f6ng\u00f6r\u00fclenin d\u0131\u015f\u0131nda geli\u015fmeler olmas\u0131 halinde parasal aktar\u0131m mekanizmas\u0131 ilave makroihtiyati ad\u0131mlarla desteklenecektir. Likidite ko\u015fullar\u0131 yak\u0131ndan izlenmeye ve likidite y\u00f6netimi ara\u00e7lar\u0131 etkili \u015fekilde kullan\u0131lmaya devam edilecektir.<\/p>\n\n\n\n<p>Kurul, politika kararlar\u0131n\u0131 enflasyonu orta vadede y\u00fczde 5 hedefine ula\u015ft\u0131racak parasal ve finansal ko\u015fullar\u0131 sa\u011flayacak \u015fekilde belirleyecektir. Kurul, kararlar\u0131n\u0131 \u00f6ng\u00f6r\u00fclebilir, veri odakl\u0131 ve \u015feffaf bir \u00e7er\u00e7evede alacakt\u0131r.&#8221;<\/p>\n\n\n\n<figure class=\"wp-block-embed is-type-rich is-provider-x wp-block-embed-x\"><div class=\"wp-block-embed__wrapper\">\n<blockquote class=\"twitter-tweet\" data-width=\"550\" data-dnt=\"true\"><p lang=\"tr\" dir=\"ltr\">23 Temmuz 2026 Tarihli PPK Karar\u0131: <a href=\"https:\/\/t.co\/VYVxQK95pj\">https:\/\/t.co\/VYVxQK95pj<\/a> <a href=\"https:\/\/t.co\/4y3AkevxMu\">pic.twitter.com\/4y3AkevxMu<\/a><\/p>&mdash; Merkez Bankas\u0131 (@Merkez_Bankasi) <a href=\"https:\/\/x.com\/Merkez_Bankasi\/status\/2080247005943607567?ref_src=twsrc%5Etfw\">July 23, 2026<\/a><\/blockquote><script async src=\"https:\/\/platform.x.com\/widgets.js\" charset=\"utf-8\"><\/script>\n<\/div><\/figure>\n","protected":false},"excerpt":{"rendered":"<p>Merkez Bankas\u0131 gecelik vadede bor\u00e7 verme faiz oran\u0131n\u0131 %40&#8217;ta, gecelik vadede bor\u00e7lanma faiz oran\u0131n\u0131 ise %35,5&#8217;te sabit tuttu. TCMB&#8216;den faiz oranlar\u0131na ili\u015fkin yap\u0131lan duyuruda, TCMB Ba\u015fkan\u0131 Fatih Karahan ba\u015fkanl\u0131\u011f\u0131nda toplanan Kurul&#8217;un, politika faizinin y\u00fczde 37&#8217;de sabit kalmas\u0131na karar verdi\u011fi bildirildi. Kurul ayr\u0131ca, Merkez Bankas\u0131 gecelik vadede bor\u00e7 verme faiz oran\u0131n\u0131 %40&#8217;ta, gecelik vadede bor\u00e7lanma faiz [&hellip;]<\/p>\n","protected":false},"author":12791,"featured_media":169113,"comment_status":"open","ping_status":"open","sticky":false,"template":"","format":"standard","meta":{"_yoast_wpseo_focuskw":"merkez Bankas\u0131","_yoast_wpseo_title":"","_yoast_wpseo_metadesc":"Merkez Bankas\u0131 gecelik vadede bor\u00e7 verme faiz oran\u0131n\u0131 'ta, gecelik vadede bor\u00e7lanma faiz oran\u0131n\u0131 ise ,5'te sabit tuttu.","_bbp_topic_count":0,"_bbp_reply_count":0,"_bbp_total_topic_count":0,"_bbp_total_reply_count":0,"_bbp_voice_count":0,"_bbp_anonymous_reply_count":0,"_bbp_topic_count_hidden":0,"_bbp_reply_count_hidden":0,"_bbp_forum_subforum_count":0,"footnotes":"","_yoast_wpseo_focuskw_text_input":""},"categories":[8225,1,8138,37],"tags":[1616,11870,11871,11872,8604],"yoast_head":"<!-- This site is optimized with the Yoast SEO plugin v23.0 - https:\/\/yoast.com\/wordpress\/plugins\/seo\/ -->\n<title>Merkez Bankas\u0131 Politika Faizini Y\u00fczde 37&#039;de Sabit Tuttu - The Epoch Times TR<\/title>\n<meta name=\"description\" content=\"Merkez Bankas\u0131 gecelik vadede bor\u00e7 verme faiz oran\u0131n\u0131 &#039;ta, gecelik vadede bor\u00e7lanma faiz oran\u0131n\u0131 ise ,5&#039;te sabit tuttu.\" \/>\n<meta name=\"robots\" content=\"index, follow, max-snippet:-1, max-image-preview:large, max-video-preview:-1\" \/>\n<link rel=\"canonical\" href=\"https:\/\/epochtimestr.com\/index.php\/merkez-bankasi-politika-faizini-yuzde-37de-sabit-tuttu\" \/>\n<meta property=\"og:locale\" content=\"tr_TR\" \/>\n<meta property=\"og:type\" content=\"article\" \/>\n<meta property=\"og:title\" content=\"Merkez Bankas\u0131 Politika Faizini Y\u00fczde 37&#039;de Sabit Tuttu - The Epoch Times TR\" \/>\n<meta property=\"og:description\" content=\"Merkez Bankas\u0131 gecelik vadede bor\u00e7 verme faiz oran\u0131n\u0131 &#039;ta, gecelik vadede bor\u00e7lanma faiz oran\u0131n\u0131 ise ,5&#039;te sabit tuttu.\" \/>\n<meta property=\"og:url\" content=\"https:\/\/epochtimestr.com\/index.php\/merkez-bankasi-politika-faizini-yuzde-37de-sabit-tuttu\" \/>\n<meta property=\"og:site_name\" content=\"The Epoch Times TR\" \/>\n<meta property=\"article:publisher\" content=\"https:\/\/www.facebook.com\/theepochtimestr\" \/>\n<meta property=\"article:published_time\" content=\"2026-07-24T05:44:10+00:00\" \/>\n<meta property=\"article:modified_time\" content=\"2026-07-24T05:44:17+00:00\" \/>\n<meta property=\"og:image\" content=\"https:\/\/epochtimestr.com\/wp-content\/uploads\/2011y\/ppk-resmi-web.webp\" \/>\n\t<meta property=\"og:image:width\" content=\"632\" \/>\n\t<meta property=\"og:image:height\" content=\"362\" \/>\n\t<meta property=\"og:image:type\" content=\"image\/webp\" \/>\n<meta name=\"author\" content=\"Haber Merkezi\" \/>\n<meta name=\"twitter:card\" content=\"summary_large_image\" \/>\n<meta name=\"twitter:creator\" content=\"@TheEpochTimesTR\" \/>\n<meta name=\"twitter:site\" content=\"@TheEpochTimesTR\" \/>\n<meta name=\"twitter:label1\" content=\"Yazan:\" \/>\n\t<meta name=\"twitter:data1\" content=\"Haber Merkezi\" \/>\n\t<meta name=\"twitter:label2\" content=\"Tahmini okuma s\u00fcresi\" \/>\n\t<meta name=\"twitter:data2\" content=\"3 dakika\" \/>\n<script type=\"application\/ld+json\" class=\"yoast-schema-graph\">{\"@context\":\"https:\/\/schema.org\",\"@graph\":[{\"@type\":\"Article\",\"@id\":\"https:\/\/epochtimestr.com\/index.php\/merkez-bankasi-politika-faizini-yuzde-37de-sabit-tuttu#article\",\"isPartOf\":{\"@id\":\"https:\/\/epochtimestr.com\/index.php\/merkez-bankasi-politika-faizini-yuzde-37de-sabit-tuttu\"},\"author\":{\"name\":\"Haber Merkezi\",\"@id\":\"https:\/\/epochtimestr.com\/#\/schema\/person\/3dc5c3adeb9f43923c5aa85889172fdd\"},\"headline\":\"Merkez Bankas\u0131 Politika Faizini Y\u00fczde 37&#8217;de Sabit Tuttu\",\"datePublished\":\"2026-07-24T05:44:10+00:00\",\"dateModified\":\"2026-07-24T05:44:17+00:00\",\"mainEntityOfPage\":{\"@id\":\"https:\/\/epochtimestr.com\/index.php\/merkez-bankasi-politika-faizini-yuzde-37de-sabit-tuttu\"},\"wordCount\":454,\"commentCount\":0,\"publisher\":{\"@id\":\"https:\/\/epochtimestr.com\/#organization\"},\"image\":{\"@id\":\"https:\/\/epochtimestr.com\/index.php\/merkez-bankasi-politika-faizini-yuzde-37de-sabit-tuttu#primaryimage\"},\"thumbnailUrl\":\"https:\/\/epochtimestr.com\/wp-content\/uploads\/2011y\/ppk-resmi-web.webp\",\"keywords\":[\"enflasyon\",\"Fatih Karahan\",\"politika faizi\",\"PPK\",\"TCBM\"],\"articleSection\":[\"Ekonomi\",\"G\u00dcNDEM\",\"MAN\u015eET\",\"T\u00dcRK\u0130YE\"],\"inLanguage\":\"tr\",\"potentialAction\":[{\"@type\":\"CommentAction\",\"name\":\"Comment\",\"target\":[\"https:\/\/epochtimestr.com\/index.php\/merkez-bankasi-politika-faizini-yuzde-37de-sabit-tuttu#respond\"]}]},{\"@type\":\"WebPage\",\"@id\":\"https:\/\/epochtimestr.com\/index.php\/merkez-bankasi-politika-faizini-yuzde-37de-sabit-tuttu\",\"url\":\"https:\/\/epochtimestr.com\/index.php\/merkez-bankasi-politika-faizini-yuzde-37de-sabit-tuttu\",\"name\":\"Merkez Bankas\u0131 Politika Faizini Y\u00fczde 37'de Sabit Tuttu - The Epoch Times TR\",\"isPartOf\":{\"@id\":\"https:\/\/epochtimestr.com\/#website\"},\"primaryImageOfPage\":{\"@id\":\"https:\/\/epochtimestr.com\/index.php\/merkez-bankasi-politika-faizini-yuzde-37de-sabit-tuttu#primaryimage\"},\"image\":{\"@id\":\"https:\/\/epochtimestr.com\/index.php\/merkez-bankasi-politika-faizini-yuzde-37de-sabit-tuttu#primaryimage\"},\"thumbnailUrl\":\"https:\/\/epochtimestr.com\/wp-content\/uploads\/2011y\/ppk-resmi-web.webp\",\"datePublished\":\"2026-07-24T05:44:10+00:00\",\"dateModified\":\"2026-07-24T05:44:17+00:00\",\"description\":\"Merkez Bankas\u0131 gecelik vadede bor\u00e7 verme faiz oran\u0131n\u0131 'ta, gecelik vadede bor\u00e7lanma faiz oran\u0131n\u0131 ise ,5'te sabit tuttu.\",\"inLanguage\":\"tr\",\"potentialAction\":[{\"@type\":\"ReadAction\",\"target\":[\"https:\/\/epochtimestr.com\/index.php\/merkez-bankasi-politika-faizini-yuzde-37de-sabit-tuttu\"]}]},{\"@type\":\"ImageObject\",\"inLanguage\":\"tr\",\"@id\":\"https:\/\/epochtimestr.com\/index.php\/merkez-bankasi-politika-faizini-yuzde-37de-sabit-tuttu#primaryimage\",\"url\":\"https:\/\/epochtimestr.com\/wp-content\/uploads\/2011y\/ppk-resmi-web.webp\",\"contentUrl\":\"https:\/\/epochtimestr.com\/wp-content\/uploads\/2011y\/ppk-resmi-web.webp\",\"width\":632,\"height\":362},{\"@type\":\"WebSite\",\"@id\":\"https:\/\/epochtimestr.com\/#website\",\"url\":\"https:\/\/epochtimestr.com\/\",\"name\":\"The Epoch Times TR\",\"description\":\"De\u011fi\u015fen D\u00fcnyam\u0131za Taze Bir Bak\u0131\u015f\",\"publisher\":{\"@id\":\"https:\/\/epochtimestr.com\/#organization\"},\"potentialAction\":[{\"@type\":\"SearchAction\",\"target\":{\"@type\":\"EntryPoint\",\"urlTemplate\":\"https:\/\/epochtimestr.com\/?s={search_term_string}\"},\"query-input\":\"required name=search_term_string\"}],\"inLanguage\":\"tr\"},{\"@type\":\"Organization\",\"@id\":\"https:\/\/epochtimestr.com\/#organization\",\"name\":\"The EpochTimes T\u00fcrkiye\",\"url\":\"https:\/\/epochtimestr.com\/\",\"logo\":{\"@type\":\"ImageObject\",\"inLanguage\":\"tr\",\"@id\":\"https:\/\/epochtimestr.com\/#\/schema\/logo\/image\/\",\"url\":\"https:\/\/epochtimestr.com\/wp-content\/uploads\/2011y\/ET-Logo-YG.jpg\",\"contentUrl\":\"https:\/\/epochtimestr.com\/wp-content\/uploads\/2011y\/ET-Logo-YG.jpg\",\"width\":346,\"height\":29,\"caption\":\"The EpochTimes T\u00fcrkiye\"},\"image\":{\"@id\":\"https:\/\/epochtimestr.com\/#\/schema\/logo\/image\/\"},\"sameAs\":[\"https:\/\/www.facebook.com\/theepochtimestr\",\"https:\/\/x.com\/TheEpochTimesTR\",\"https:\/\/www.instagram.com\/epochtimestr\"]},{\"@type\":\"Person\",\"@id\":\"https:\/\/epochtimestr.com\/#\/schema\/person\/3dc5c3adeb9f43923c5aa85889172fdd\",\"name\":\"Haber Merkezi\",\"image\":{\"@type\":\"ImageObject\",\"inLanguage\":\"tr\",\"@id\":\"https:\/\/epochtimestr.com\/#\/schema\/person\/image\/\",\"url\":\"https:\/\/secure.gravatar.com\/avatar\/d73f772ba5a74f28601361e17c2f93e6?s=96&d=mm&r=g\",\"contentUrl\":\"https:\/\/secure.gravatar.com\/avatar\/d73f772ba5a74f28601361e17c2f93e6?s=96&d=mm&r=g\",\"caption\":\"Haber Merkezi\"},\"url\":\"https:\/\/epochtimestr.com\/index.php\/author\/sendag\"}]}<\/script>\n<!-- \/ Yoast SEO plugin. -->","yoast_head_json":{"title":"Merkez Bankas\u0131 Politika Faizini Y\u00fczde 37'de Sabit Tuttu - The Epoch Times TR","description":"Merkez Bankas\u0131 gecelik vadede bor\u00e7 verme faiz oran\u0131n\u0131 'ta, gecelik vadede bor\u00e7lanma faiz oran\u0131n\u0131 ise ,5'te sabit tuttu.","robots":{"index":"index","follow":"follow","max-snippet":"max-snippet:-1","max-image-preview":"max-image-preview:large","max-video-preview":"max-video-preview:-1"},"canonical":"https:\/\/epochtimestr.com\/index.php\/merkez-bankasi-politika-faizini-yuzde-37de-sabit-tuttu","og_locale":"tr_TR","og_type":"article","og_title":"Merkez Bankas\u0131 Politika Faizini Y\u00fczde 37'de Sabit Tuttu - The Epoch Times TR","og_description":"Merkez Bankas\u0131 gecelik vadede bor\u00e7 verme faiz oran\u0131n\u0131 'ta, gecelik vadede bor\u00e7lanma faiz oran\u0131n\u0131 ise ,5'te sabit tuttu.","og_url":"https:\/\/epochtimestr.com\/index.php\/merkez-bankasi-politika-faizini-yuzde-37de-sabit-tuttu","og_site_name":"The Epoch Times TR","article_publisher":"https:\/\/www.facebook.com\/theepochtimestr","article_published_time":"2026-07-24T05:44:10+00:00","article_modified_time":"2026-07-24T05:44:17+00:00","og_image":[{"width":632,"height":362,"url":"https:\/\/epochtimestr.com\/wp-content\/uploads\/2011y\/ppk-resmi-web.webp","type":"image\/webp"}],"author":"Haber Merkezi","twitter_card":"summary_large_image","twitter_creator":"@TheEpochTimesTR","twitter_site":"@TheEpochTimesTR","twitter_misc":{"Yazan:":"Haber Merkezi","Tahmini okuma s\u00fcresi":"3 dakika"},"schema":{"@context":"https:\/\/schema.org","@graph":[{"@type":"Article","@id":"https:\/\/epochtimestr.com\/index.php\/merkez-bankasi-politika-faizini-yuzde-37de-sabit-tuttu#article","isPartOf":{"@id":"https:\/\/epochtimestr.com\/index.php\/merkez-bankasi-politika-faizini-yuzde-37de-sabit-tuttu"},"author":{"name":"Haber Merkezi","@id":"https:\/\/epochtimestr.com\/#\/schema\/person\/3dc5c3adeb9f43923c5aa85889172fdd"},"headline":"Merkez Bankas\u0131 Politika Faizini Y\u00fczde 37&#8217;de Sabit Tuttu","datePublished":"2026-07-24T05:44:10+00:00","dateModified":"2026-07-24T05:44:17+00:00","mainEntityOfPage":{"@id":"https:\/\/epochtimestr.com\/index.php\/merkez-bankasi-politika-faizini-yuzde-37de-sabit-tuttu"},"wordCount":454,"commentCount":0,"publisher":{"@id":"https:\/\/epochtimestr.com\/#organization"},"image":{"@id":"https:\/\/epochtimestr.com\/index.php\/merkez-bankasi-politika-faizini-yuzde-37de-sabit-tuttu#primaryimage"},"thumbnailUrl":"https:\/\/epochtimestr.com\/wp-content\/uploads\/2011y\/ppk-resmi-web.webp","keywords":["enflasyon","Fatih Karahan","politika faizi","PPK","TCBM"],"articleSection":["Ekonomi","G\u00dcNDEM","MAN\u015eET","T\u00dcRK\u0130YE"],"inLanguage":"tr","potentialAction":[{"@type":"CommentAction","name":"Comment","target":["https:\/\/epochtimestr.com\/index.php\/merkez-bankasi-politika-faizini-yuzde-37de-sabit-tuttu#respond"]}]},{"@type":"WebPage","@id":"https:\/\/epochtimestr.com\/index.php\/merkez-bankasi-politika-faizini-yuzde-37de-sabit-tuttu","url":"https:\/\/epochtimestr.com\/index.php\/merkez-bankasi-politika-faizini-yuzde-37de-sabit-tuttu","name":"Merkez Bankas\u0131 Politika Faizini Y\u00fczde 37'de Sabit Tuttu - The Epoch Times TR","isPartOf":{"@id":"https:\/\/epochtimestr.com\/#website"},"primaryImageOfPage":{"@id":"https:\/\/epochtimestr.com\/index.php\/merkez-bankasi-politika-faizini-yuzde-37de-sabit-tuttu#primaryimage"},"image":{"@id":"https:\/\/epochtimestr.com\/index.php\/merkez-bankasi-politika-faizini-yuzde-37de-sabit-tuttu#primaryimage"},"thumbnailUrl":"https:\/\/epochtimestr.com\/wp-content\/uploads\/2011y\/ppk-resmi-web.webp","datePublished":"2026-07-24T05:44:10+00:00","dateModified":"2026-07-24T05:44:17+00:00","description":"Merkez Bankas\u0131 gecelik vadede bor\u00e7 verme faiz oran\u0131n\u0131 'ta, gecelik vadede bor\u00e7lanma faiz oran\u0131n\u0131 ise ,5'te sabit tuttu.","inLanguage":"tr","potentialAction":[{"@type":"ReadAction","target":["https:\/\/epochtimestr.com\/index.php\/merkez-bankasi-politika-faizini-yuzde-37de-sabit-tuttu"]}]},{"@type":"ImageObject","inLanguage":"tr","@id":"https:\/\/epochtimestr.com\/index.php\/merkez-bankasi-politika-faizini-yuzde-37de-sabit-tuttu#primaryimage","url":"https:\/\/epochtimestr.com\/wp-content\/uploads\/2011y\/ppk-resmi-web.webp","contentUrl":"https:\/\/epochtimestr.com\/wp-content\/uploads\/2011y\/ppk-resmi-web.webp","width":632,"height":362},{"@type":"WebSite","@id":"https:\/\/epochtimestr.com\/#website","url":"https:\/\/epochtimestr.com\/","name":"The Epoch Times TR","description":"De\u011fi\u015fen D\u00fcnyam\u0131za Taze Bir Bak\u0131\u015f","publisher":{"@id":"https:\/\/epochtimestr.com\/#organization"},"potentialAction":[{"@type":"SearchAction","target":{"@type":"EntryPoint","urlTemplate":"https:\/\/epochtimestr.com\/?s={search_term_string}"},"query-input":"required name=search_term_string"}],"inLanguage":"tr"},{"@type":"Organization","@id":"https:\/\/epochtimestr.com\/#organization","name":"The EpochTimes T\u00fcrkiye","url":"https:\/\/epochtimestr.com\/","logo":{"@type":"ImageObject","inLanguage":"tr","@id":"https:\/\/epochtimestr.com\/#\/schema\/logo\/image\/","url":"https:\/\/epochtimestr.com\/wp-content\/uploads\/2011y\/ET-Logo-YG.jpg","contentUrl":"https:\/\/epochtimestr.com\/wp-content\/uploads\/2011y\/ET-Logo-YG.jpg","width":346,"height":29,"caption":"The EpochTimes T\u00fcrkiye"},"image":{"@id":"https:\/\/epochtimestr.com\/#\/schema\/logo\/image\/"},"sameAs":["https:\/\/www.facebook.com\/theepochtimestr","https:\/\/x.com\/TheEpochTimesTR","https:\/\/www.instagram.com\/epochtimestr"]},{"@type":"Person","@id":"https:\/\/epochtimestr.com\/#\/schema\/person\/3dc5c3adeb9f43923c5aa85889172fdd","name":"Haber Merkezi","image":{"@type":"ImageObject","inLanguage":"tr","@id":"https:\/\/epochtimestr.com\/#\/schema\/person\/image\/","url":"https:\/\/secure.gravatar.com\/avatar\/d73f772ba5a74f28601361e17c2f93e6?s=96&d=mm&r=g","contentUrl":"https:\/\/secure.gravatar.com\/avatar\/d73f772ba5a74f28601361e17c2f93e6?s=96&d=mm&r=g","caption":"Haber Merkezi"},"url":"https:\/\/epochtimestr.com\/index.php\/author\/sendag"}]}},"_links":{"self":[{"href":"https:\/\/epochtimestr.com\/index.php\/wp-json\/wp\/v2\/posts\/169112"}],"collection":[{"href":"https:\/\/epochtimestr.com\/index.php\/wp-json\/wp\/v2\/posts"}],"about":[{"href":"https:\/\/epochtimestr.com\/index.php\/wp-json\/wp\/v2\/types\/post"}],"author":[{"embeddable":true,"href":"https:\/\/epochtimestr.com\/index.php\/wp-json\/wp\/v2\/users\/12791"}],"replies":[{"embeddable":true,"href":"https:\/\/epochtimestr.com\/index.php\/wp-json\/wp\/v2\/comments?post=169112"}],"version-history":[{"count":3,"href":"https:\/\/epochtimestr.com\/index.php\/wp-json\/wp\/v2\/posts\/169112\/revisions"}],"predecessor-version":[{"id":169119,"href":"https:\/\/epochtimestr.com\/index.php\/wp-json\/wp\/v2\/posts\/169112\/revisions\/169119"}],"wp:featuredmedia":[{"embeddable":true,"href":"https:\/\/epochtimestr.com\/index.php\/wp-json\/wp\/v2\/media\/169113"}],"wp:attachment":[{"href":"https:\/\/epochtimestr.com\/index.php\/wp-json\/wp\/v2\/media?parent=169112"}],"wp:term":[{"taxonomy":"category","embeddable":true,"href":"https:\/\/epochtimestr.com\/index.php\/wp-json\/wp\/v2\/categories?post=169112"},{"taxonomy":"post_tag","embeddable":true,"href":"https:\/\/epochtimestr.com\/index.php\/wp-json\/wp\/v2\/tags?post=169112"}],"curies":[{"name":"wp","href":"https:\/\/api.w.org\/{rel}","templated":true}]}}