{"id":169120,"date":"2026-07-24T11:56:40","date_gmt":"2026-07-24T08:56:40","guid":{"rendered":"https:\/\/epochtimestr.com\/?p=169120"},"modified":"2026-07-24T17:40:23","modified_gmt":"2026-07-24T14:40:23","slug":"chpli-milletvekilleri-istifa-etmeye-basladi","status":"publish","type":"post","link":"https:\/\/epochtimestr.com\/index.php\/chpli-milletvekilleri-istifa-etmeye-basladi","title":{"rendered":"CHP&#8217;li Milletvekilleri \u0130stifa Etmeye Ba\u015flad\u0131"},"content":{"rendered":"<div class=\"wp-block-image\">\n<figure class=\"aligncenter size-full is-resized\"><img loading=\"lazy\" decoding=\"async\" width=\"800\" height=\"450\" src=\"https:\/\/epochtimestr.com\/wp-content\/uploads\/2011y\/ozel-CHP-arsiv.jpg\" alt=\"CHP'li milletvekilleri istifa etmeye ba\u015flad\u0131. (Foto\u011fraf: CHP ar\u015fiv)\" class=\"wp-image-168988\" style=\"width:800px;height:auto\" srcset=\"https:\/\/epochtimestr.com\/wp-content\/uploads\/2011y\/ozel-CHP-arsiv.jpg 800w, https:\/\/epochtimestr.com\/wp-content\/uploads\/2011y\/ozel-CHP-arsiv-300x169.jpg 300w, https:\/\/epochtimestr.com\/wp-content\/uploads\/2011y\/ozel-CHP-arsiv-150x84.jpg 150w, https:\/\/epochtimestr.com\/wp-content\/uploads\/2011y\/ozel-CHP-arsiv-768x432.jpg 768w\" sizes=\"(max-width: 800px) 100vw, 800px\" \/><figcaption class=\"wp-element-caption\">CHP&#8217;li milletvekilleri istifa etmeye ba\u015flad\u0131. (Foto\u011fraf: CHP ar\u015fiv)<\/figcaption><\/figure><\/div>\n\n\n<h2 class=\"wp-block-heading\">\u00d6zg\u00fcr \u00d6zel&#8217;in yeni bir siyasi parti kurulaca\u011f\u0131n\u0131 a\u00e7\u0131klamas\u0131n\u0131n ard\u0131ndan CHP&#8217;li milletvekilleri istifa etmeye ba\u015flad\u0131.<\/h2>\n\n\n\n<p>\u00d6zg\u00fcr \u00d6zel&#8217;in yeni parti duyurusunun ard\u0131ndan 95 milletvekili partinin kurucular kurulunda yer almak i\u00e7in imza verdi. Edinilen bilgilere g\u00f6re milletvekilleri, parti \u00fcyeliklerinden ayr\u0131lma i\u015flemlerini e-Devlet sistemi \u00fczerinden ger\u00e7ekle\u015ftiriyor. \u0130lk belirlemelere g\u00f6re CHP\u2019den 91 milletvekili 23 Temmuz&#8217;da istifalar\u0131n\u0131 sundu.<\/p>\n\n\n\n<p>\u0130stifa eden milletvekili say\u0131s\u0131n\u0131n \u00f6n\u00fcm\u00fczdeki s\u00fcre\u00e7te artmas\u0131 bekleniyor.<\/p>\n\n\n\n<p>Ayr\u0131ca CHP\u2019den ayr\u0131lan milletvekillerinin, \u00d6zg\u00fcr \u00d6zel\u2019in kurulu\u015funu duyurdu\u011fu Yeni Parti&#8217;ye kat\u0131lmalar\u0131 bekleniyor. Bug\u00fcn (24 Temmuz&#8217;da) 91 milletvekilinin imzas\u0131yla Yeni Parti&#8217;nin kurulu\u015f dilek\u00e7esi \u0130\u00e7i\u015fleri Bakanl\u0131\u011f\u0131\u2019na teslim edildi. Meclis\u2019e AK Parti, DEM Parti, MHP, \u0130Y\u0130 Parti, CHP ve Yeni Yol\u2019dan sonra 7. grup gelecek.<\/p>\n\n\n\n<figure class=\"wp-block-embed is-type-rich is-provider-x wp-block-embed-x\"><div class=\"wp-block-embed__wrapper\">\n<blockquote class=\"twitter-tweet\" data-width=\"550\" data-dnt=\"true\"><p lang=\"tr\" dir=\"ltr\">Yeni Parti\u2019mizin kurulu\u015f s\u00fcrecine ili\u015fkin resmi ba\u015fvurular, ilgili t\u00fcm kurumlar nezdinde eksiksiz \u015fekilde tamamlanm\u0131\u015ft\u0131r.<br><br>Kamuoyuna sayg\u0131yla duyurulur.<br><br>Yeni Parti<br>Kurucular Kurulu <a href=\"https:\/\/t.co\/zbQY4hiJfr\">pic.twitter.com\/zbQY4hiJfr<\/a><\/p>&mdash; Yeni Parti (@YeniPartiorgtr) <a href=\"https:\/\/x.com\/YeniPartiorgtr\/status\/2080292805629382816?ref_src=twsrc%5Etfw\">July 23, 2026<\/a><\/blockquote><script async src=\"https:\/\/platform.x.com\/widgets.js\" charset=\"utf-8\"><\/script>\n<\/div><\/figure>\n","protected":false},"excerpt":{"rendered":"<p>\u00d6zg\u00fcr \u00d6zel&#8217;in yeni bir siyasi parti kurulaca\u011f\u0131n\u0131 a\u00e7\u0131klamas\u0131n\u0131n ard\u0131ndan CHP&#8217;li milletvekilleri istifa etmeye ba\u015flad\u0131. \u00d6zg\u00fcr \u00d6zel&#8217;in yeni parti duyurusunun ard\u0131ndan 95 milletvekili partinin kurucular kurulunda yer almak i\u00e7in imza verdi. Edinilen bilgilere g\u00f6re milletvekilleri, parti \u00fcyeliklerinden ayr\u0131lma i\u015flemlerini e-Devlet sistemi \u00fczerinden ger\u00e7ekle\u015ftiriyor. \u0130lk belirlemelere g\u00f6re CHP\u2019den 91 milletvekili 23 Temmuz&#8217;da istifalar\u0131n\u0131 sundu. \u0130stifa eden milletvekili [&hellip;]<\/p>\n","protected":false},"author":12791,"featured_media":168988,"comment_status":"open","ping_status":"open","sticky":false,"template":"","format":"standard","meta":{"_yoast_wpseo_focuskw":"Milletvekilleri - \u0130stifa","_yoast_wpseo_title":"","_yoast_wpseo_metadesc":"\u00d6zg\u00fcr \u00d6zel'in yeni bir siyasi parti kurulaca\u011f\u0131n\u0131 a\u00e7\u0131klamas\u0131n\u0131n ard\u0131ndan CHP'li milletvekilleri istifa etmeye ba\u015flad\u0131.","_bbp_topic_count":0,"_bbp_reply_count":0,"_bbp_total_topic_count":0,"_bbp_total_reply_count":0,"_bbp_voice_count":0,"_bbp_anonymous_reply_count":0,"_bbp_topic_count_hidden":0,"_bbp_reply_count_hidden":0,"_bbp_forum_subforum_count":0,"footnotes":"","_yoast_wpseo_focuskw_text_input":""},"categories":[1,8138,8226,37],"tags":[583,11836,1801,8492,11873],"yoast_head":"<!-- This site is optimized with the Yoast SEO plugin v23.0 - https:\/\/yoast.com\/wordpress\/plugins\/seo\/ -->\n<title>CHP&#039;li Milletvekilleri \u0130stifa Etmeye Ba\u015flad\u0131 - The Epoch Times TR<\/title>\n<meta name=\"description\" content=\"\u00d6zg\u00fcr \u00d6zel&#039;in yeni bir siyasi parti kurulaca\u011f\u0131n\u0131 a\u00e7\u0131klamas\u0131n\u0131n ard\u0131ndan CHP&#039;li milletvekilleri istifa etmeye ba\u015flad\u0131.\" \/>\n<meta name=\"robots\" content=\"index, follow, max-snippet:-1, max-image-preview:large, max-video-preview:-1\" \/>\n<link rel=\"canonical\" href=\"https:\/\/epochtimestr.com\/index.php\/chpli-milletvekilleri-istifa-etmeye-basladi\" \/>\n<meta property=\"og:locale\" content=\"tr_TR\" \/>\n<meta property=\"og:type\" content=\"article\" \/>\n<meta property=\"og:title\" content=\"CHP&#039;li Milletvekilleri \u0130stifa Etmeye Ba\u015flad\u0131 - The Epoch Times TR\" \/>\n<meta property=\"og:description\" content=\"\u00d6zg\u00fcr \u00d6zel&#039;in yeni bir siyasi parti kurulaca\u011f\u0131n\u0131 a\u00e7\u0131klamas\u0131n\u0131n ard\u0131ndan CHP&#039;li milletvekilleri istifa etmeye ba\u015flad\u0131.\" \/>\n<meta property=\"og:url\" content=\"https:\/\/epochtimestr.com\/index.php\/chpli-milletvekilleri-istifa-etmeye-basladi\" \/>\n<meta property=\"og:site_name\" content=\"The Epoch Times TR\" \/>\n<meta property=\"article:publisher\" content=\"https:\/\/www.facebook.com\/theepochtimestr\" \/>\n<meta property=\"article:published_time\" content=\"2026-07-24T08:56:40+00:00\" \/>\n<meta property=\"article:modified_time\" content=\"2026-07-24T14:40:23+00:00\" \/>\n<meta property=\"og:image\" content=\"https:\/\/epochtimestr.com\/wp-content\/uploads\/2011y\/ozel-CHP-arsiv.jpg\" \/>\n\t<meta property=\"og:image:width\" content=\"800\" \/>\n\t<meta property=\"og:image:height\" content=\"450\" \/>\n\t<meta property=\"og:image:type\" content=\"image\/jpeg\" \/>\n<meta name=\"author\" content=\"Haber Merkezi\" \/>\n<meta name=\"twitter:card\" content=\"summary_large_image\" \/>\n<meta name=\"twitter:creator\" content=\"@TheEpochTimesTR\" \/>\n<meta name=\"twitter:site\" content=\"@TheEpochTimesTR\" \/>\n<meta name=\"twitter:label1\" content=\"Yazan:\" \/>\n\t<meta name=\"twitter:data1\" content=\"Haber Merkezi\" \/>\n\t<meta name=\"twitter:label2\" content=\"Tahmini okuma s\u00fcresi\" \/>\n\t<meta name=\"twitter:data2\" content=\"2 dakika\" \/>\n<script type=\"application\/ld+json\" class=\"yoast-schema-graph\">{\"@context\":\"https:\/\/schema.org\",\"@graph\":[{\"@type\":\"Article\",\"@id\":\"https:\/\/epochtimestr.com\/index.php\/chpli-milletvekilleri-istifa-etmeye-basladi#article\",\"isPartOf\":{\"@id\":\"https:\/\/epochtimestr.com\/index.php\/chpli-milletvekilleri-istifa-etmeye-basladi\"},\"author\":{\"name\":\"Haber Merkezi\",\"@id\":\"https:\/\/epochtimestr.com\/#\/schema\/person\/3dc5c3adeb9f43923c5aa85889172fdd\"},\"headline\":\"CHP&#8217;li Milletvekilleri \u0130stifa Etmeye Ba\u015flad\u0131\",\"datePublished\":\"2026-07-24T08:56:40+00:00\",\"dateModified\":\"2026-07-24T14:40:23+00:00\",\"mainEntityOfPage\":{\"@id\":\"https:\/\/epochtimestr.com\/index.php\/chpli-milletvekilleri-istifa-etmeye-basladi\"},\"wordCount\":158,\"commentCount\":0,\"publisher\":{\"@id\":\"https:\/\/epochtimestr.com\/#organization\"},\"image\":{\"@id\":\"https:\/\/epochtimestr.com\/index.php\/chpli-milletvekilleri-istifa-etmeye-basladi#primaryimage\"},\"thumbnailUrl\":\"https:\/\/epochtimestr.com\/wp-content\/uploads\/2011y\/ozel-CHP-arsiv.jpg\",\"keywords\":[\"CHP\",\"istifa\",\"milletvekili\",\"\u00d6zg\u00fcr \u00d6zel\",\"yeniparti\"],\"articleSection\":[\"G\u00dcNDEM\",\"MAN\u015eET\",\"Siyaset\",\"T\u00dcRK\u0130YE\"],\"inLanguage\":\"tr\",\"potentialAction\":[{\"@type\":\"CommentAction\",\"name\":\"Comment\",\"target\":[\"https:\/\/epochtimestr.com\/index.php\/chpli-milletvekilleri-istifa-etmeye-basladi#respond\"]}]},{\"@type\":\"WebPage\",\"@id\":\"https:\/\/epochtimestr.com\/index.php\/chpli-milletvekilleri-istifa-etmeye-basladi\",\"url\":\"https:\/\/epochtimestr.com\/index.php\/chpli-milletvekilleri-istifa-etmeye-basladi\",\"name\":\"CHP'li Milletvekilleri \u0130stifa Etmeye Ba\u015flad\u0131 - The Epoch Times TR\",\"isPartOf\":{\"@id\":\"https:\/\/epochtimestr.com\/#website\"},\"primaryImageOfPage\":{\"@id\":\"https:\/\/epochtimestr.com\/index.php\/chpli-milletvekilleri-istifa-etmeye-basladi#primaryimage\"},\"image\":{\"@id\":\"https:\/\/epochtimestr.com\/index.php\/chpli-milletvekilleri-istifa-etmeye-basladi#primaryimage\"},\"thumbnailUrl\":\"https:\/\/epochtimestr.com\/wp-content\/uploads\/2011y\/ozel-CHP-arsiv.jpg\",\"datePublished\":\"2026-07-24T08:56:40+00:00\",\"dateModified\":\"2026-07-24T14:40:23+00:00\",\"description\":\"\u00d6zg\u00fcr \u00d6zel'in yeni bir siyasi parti kurulaca\u011f\u0131n\u0131 a\u00e7\u0131klamas\u0131n\u0131n ard\u0131ndan CHP'li milletvekilleri istifa etmeye ba\u015flad\u0131.\",\"inLanguage\":\"tr\",\"potentialAction\":[{\"@type\":\"ReadAction\",\"target\":[\"https:\/\/epochtimestr.com\/index.php\/chpli-milletvekilleri-istifa-etmeye-basladi\"]}]},{\"@type\":\"ImageObject\",\"inLanguage\":\"tr\",\"@id\":\"https:\/\/epochtimestr.com\/index.php\/chpli-milletvekilleri-istifa-etmeye-basladi#primaryimage\",\"url\":\"https:\/\/epochtimestr.com\/wp-content\/uploads\/2011y\/ozel-CHP-arsiv.jpg\",\"contentUrl\":\"https:\/\/epochtimestr.com\/wp-content\/uploads\/2011y\/ozel-CHP-arsiv.jpg\",\"width\":800,\"height\":450,\"caption\":\"Cumhuriyet Halk Partisi Genel Ba\u015fkan\u0131 \u00d6zg\u00fcr \u00d6zel, CHP TBMM Grup toplant\u0131s\u0131nda g\u00fcndemi de\u011ferlendirdi. (Foto\u011fraf: Do\u011fu\u015fan \u00d6zer)\"},{\"@type\":\"WebSite\",\"@id\":\"https:\/\/epochtimestr.com\/#website\",\"url\":\"https:\/\/epochtimestr.com\/\",\"name\":\"The Epoch Times TR\",\"description\":\"De\u011fi\u015fen D\u00fcnyam\u0131za Taze Bir Bak\u0131\u015f\",\"publisher\":{\"@id\":\"https:\/\/epochtimestr.com\/#organization\"},\"potentialAction\":[{\"@type\":\"SearchAction\",\"target\":{\"@type\":\"EntryPoint\",\"urlTemplate\":\"https:\/\/epochtimestr.com\/?s={search_term_string}\"},\"query-input\":\"required name=search_term_string\"}],\"inLanguage\":\"tr\"},{\"@type\":\"Organization\",\"@id\":\"https:\/\/epochtimestr.com\/#organization\",\"name\":\"The EpochTimes T\u00fcrkiye\",\"url\":\"https:\/\/epochtimestr.com\/\",\"logo\":{\"@type\":\"ImageObject\",\"inLanguage\":\"tr\",\"@id\":\"https:\/\/epochtimestr.com\/#\/schema\/logo\/image\/\",\"url\":\"https:\/\/epochtimestr.com\/wp-content\/uploads\/2011y\/ET-Logo-YG.jpg\",\"contentUrl\":\"https:\/\/epochtimestr.com\/wp-content\/uploads\/2011y\/ET-Logo-YG.jpg\",\"width\":346,\"height\":29,\"caption\":\"The EpochTimes T\u00fcrkiye\"},\"image\":{\"@id\":\"https:\/\/epochtimestr.com\/#\/schema\/logo\/image\/\"},\"sameAs\":[\"https:\/\/www.facebook.com\/theepochtimestr\",\"https:\/\/x.com\/TheEpochTimesTR\",\"https:\/\/www.instagram.com\/epochtimestr\"]},{\"@type\":\"Person\",\"@id\":\"https:\/\/epochtimestr.com\/#\/schema\/person\/3dc5c3adeb9f43923c5aa85889172fdd\",\"name\":\"Haber Merkezi\",\"image\":{\"@type\":\"ImageObject\",\"inLanguage\":\"tr\",\"@id\":\"https:\/\/epochtimestr.com\/#\/schema\/person\/image\/\",\"url\":\"https:\/\/secure.gravatar.com\/avatar\/d73f772ba5a74f28601361e17c2f93e6?s=96&d=mm&r=g\",\"contentUrl\":\"https:\/\/secure.gravatar.com\/avatar\/d73f772ba5a74f28601361e17c2f93e6?s=96&d=mm&r=g\",\"caption\":\"Haber Merkezi\"},\"url\":\"https:\/\/epochtimestr.com\/index.php\/author\/sendag\"}]}<\/script>\n<!-- \/ Yoast SEO plugin. -->","yoast_head_json":{"title":"CHP'li Milletvekilleri \u0130stifa Etmeye Ba\u015flad\u0131 - The Epoch Times TR","description":"\u00d6zg\u00fcr \u00d6zel'in yeni bir siyasi parti kurulaca\u011f\u0131n\u0131 a\u00e7\u0131klamas\u0131n\u0131n ard\u0131ndan CHP'li milletvekilleri istifa etmeye ba\u015flad\u0131.","robots":{"index":"index","follow":"follow","max-snippet":"max-snippet:-1","max-image-preview":"max-image-preview:large","max-video-preview":"max-video-preview:-1"},"canonical":"https:\/\/epochtimestr.com\/index.php\/chpli-milletvekilleri-istifa-etmeye-basladi","og_locale":"tr_TR","og_type":"article","og_title":"CHP'li Milletvekilleri \u0130stifa Etmeye Ba\u015flad\u0131 - The Epoch Times TR","og_description":"\u00d6zg\u00fcr \u00d6zel'in yeni bir siyasi parti kurulaca\u011f\u0131n\u0131 a\u00e7\u0131klamas\u0131n\u0131n ard\u0131ndan CHP'li milletvekilleri istifa etmeye ba\u015flad\u0131.","og_url":"https:\/\/epochtimestr.com\/index.php\/chpli-milletvekilleri-istifa-etmeye-basladi","og_site_name":"The Epoch Times TR","article_publisher":"https:\/\/www.facebook.com\/theepochtimestr","article_published_time":"2026-07-24T08:56:40+00:00","article_modified_time":"2026-07-24T14:40:23+00:00","og_image":[{"width":800,"height":450,"url":"https:\/\/epochtimestr.com\/wp-content\/uploads\/2011y\/ozel-CHP-arsiv.jpg","type":"image\/jpeg"}],"author":"Haber Merkezi","twitter_card":"summary_large_image","twitter_creator":"@TheEpochTimesTR","twitter_site":"@TheEpochTimesTR","twitter_misc":{"Yazan:":"Haber Merkezi","Tahmini okuma s\u00fcresi":"2 dakika"},"schema":{"@context":"https:\/\/schema.org","@graph":[{"@type":"Article","@id":"https:\/\/epochtimestr.com\/index.php\/chpli-milletvekilleri-istifa-etmeye-basladi#article","isPartOf":{"@id":"https:\/\/epochtimestr.com\/index.php\/chpli-milletvekilleri-istifa-etmeye-basladi"},"author":{"name":"Haber Merkezi","@id":"https:\/\/epochtimestr.com\/#\/schema\/person\/3dc5c3adeb9f43923c5aa85889172fdd"},"headline":"CHP&#8217;li Milletvekilleri \u0130stifa Etmeye Ba\u015flad\u0131","datePublished":"2026-07-24T08:56:40+00:00","dateModified":"2026-07-24T14:40:23+00:00","mainEntityOfPage":{"@id":"https:\/\/epochtimestr.com\/index.php\/chpli-milletvekilleri-istifa-etmeye-basladi"},"wordCount":158,"commentCount":0,"publisher":{"@id":"https:\/\/epochtimestr.com\/#organization"},"image":{"@id":"https:\/\/epochtimestr.com\/index.php\/chpli-milletvekilleri-istifa-etmeye-basladi#primaryimage"},"thumbnailUrl":"https:\/\/epochtimestr.com\/wp-content\/uploads\/2011y\/ozel-CHP-arsiv.jpg","keywords":["CHP","istifa","milletvekili","\u00d6zg\u00fcr \u00d6zel","yeniparti"],"articleSection":["G\u00dcNDEM","MAN\u015eET","Siyaset","T\u00dcRK\u0130YE"],"inLanguage":"tr","potentialAction":[{"@type":"CommentAction","name":"Comment","target":["https:\/\/epochtimestr.com\/index.php\/chpli-milletvekilleri-istifa-etmeye-basladi#respond"]}]},{"@type":"WebPage","@id":"https:\/\/epochtimestr.com\/index.php\/chpli-milletvekilleri-istifa-etmeye-basladi","url":"https:\/\/epochtimestr.com\/index.php\/chpli-milletvekilleri-istifa-etmeye-basladi","name":"CHP'li Milletvekilleri \u0130stifa Etmeye Ba\u015flad\u0131 - The Epoch Times TR","isPartOf":{"@id":"https:\/\/epochtimestr.com\/#website"},"primaryImageOfPage":{"@id":"https:\/\/epochtimestr.com\/index.php\/chpli-milletvekilleri-istifa-etmeye-basladi#primaryimage"},"image":{"@id":"https:\/\/epochtimestr.com\/index.php\/chpli-milletvekilleri-istifa-etmeye-basladi#primaryimage"},"thumbnailUrl":"https:\/\/epochtimestr.com\/wp-content\/uploads\/2011y\/ozel-CHP-arsiv.jpg","datePublished":"2026-07-24T08:56:40+00:00","dateModified":"2026-07-24T14:40:23+00:00","description":"\u00d6zg\u00fcr \u00d6zel'in yeni bir siyasi parti kurulaca\u011f\u0131n\u0131 a\u00e7\u0131klamas\u0131n\u0131n ard\u0131ndan CHP'li milletvekilleri istifa etmeye ba\u015flad\u0131.","inLanguage":"tr","potentialAction":[{"@type":"ReadAction","target":["https:\/\/epochtimestr.com\/index.php\/chpli-milletvekilleri-istifa-etmeye-basladi"]}]},{"@type":"ImageObject","inLanguage":"tr","@id":"https:\/\/epochtimestr.com\/index.php\/chpli-milletvekilleri-istifa-etmeye-basladi#primaryimage","url":"https:\/\/epochtimestr.com\/wp-content\/uploads\/2011y\/ozel-CHP-arsiv.jpg","contentUrl":"https:\/\/epochtimestr.com\/wp-content\/uploads\/2011y\/ozel-CHP-arsiv.jpg","width":800,"height":450,"caption":"Cumhuriyet Halk Partisi Genel Ba\u015fkan\u0131 \u00d6zg\u00fcr \u00d6zel, CHP TBMM Grup toplant\u0131s\u0131nda g\u00fcndemi de\u011ferlendirdi. (Foto\u011fraf: Do\u011fu\u015fan \u00d6zer)"},{"@type":"WebSite","@id":"https:\/\/epochtimestr.com\/#website","url":"https:\/\/epochtimestr.com\/","name":"The Epoch Times TR","description":"De\u011fi\u015fen D\u00fcnyam\u0131za Taze Bir Bak\u0131\u015f","publisher":{"@id":"https:\/\/epochtimestr.com\/#organization"},"potentialAction":[{"@type":"SearchAction","target":{"@type":"EntryPoint","urlTemplate":"https:\/\/epochtimestr.com\/?s={search_term_string}"},"query-input":"required name=search_term_string"}],"inLanguage":"tr"},{"@type":"Organization","@id":"https:\/\/epochtimestr.com\/#organization","name":"The EpochTimes T\u00fcrkiye","url":"https:\/\/epochtimestr.com\/","logo":{"@type":"ImageObject","inLanguage":"tr","@id":"https:\/\/epochtimestr.com\/#\/schema\/logo\/image\/","url":"https:\/\/epochtimestr.com\/wp-content\/uploads\/2011y\/ET-Logo-YG.jpg","contentUrl":"https:\/\/epochtimestr.com\/wp-content\/uploads\/2011y\/ET-Logo-YG.jpg","width":346,"height":29,"caption":"The EpochTimes T\u00fcrkiye"},"image":{"@id":"https:\/\/epochtimestr.com\/#\/schema\/logo\/image\/"},"sameAs":["https:\/\/www.facebook.com\/theepochtimestr","https:\/\/x.com\/TheEpochTimesTR","https:\/\/www.instagram.com\/epochtimestr"]},{"@type":"Person","@id":"https:\/\/epochtimestr.com\/#\/schema\/person\/3dc5c3adeb9f43923c5aa85889172fdd","name":"Haber Merkezi","image":{"@type":"ImageObject","inLanguage":"tr","@id":"https:\/\/epochtimestr.com\/#\/schema\/person\/image\/","url":"https:\/\/secure.gravatar.com\/avatar\/d73f772ba5a74f28601361e17c2f93e6?s=96&d=mm&r=g","contentUrl":"https:\/\/secure.gravatar.com\/avatar\/d73f772ba5a74f28601361e17c2f93e6?s=96&d=mm&r=g","caption":"Haber Merkezi"},"url":"https:\/\/epochtimestr.com\/index.php\/author\/sendag"}]}},"_links":{"self":[{"href":"https:\/\/epochtimestr.com\/index.php\/wp-json\/wp\/v2\/posts\/169120"}],"collection":[{"href":"https:\/\/epochtimestr.com\/index.php\/wp-json\/wp\/v2\/posts"}],"about":[{"href":"https:\/\/epochtimestr.com\/index.php\/wp-json\/wp\/v2\/types\/post"}],"author":[{"embeddable":true,"href":"https:\/\/epochtimestr.com\/index.php\/wp-json\/wp\/v2\/users\/12791"}],"replies":[{"embeddable":true,"href":"https:\/\/epochtimestr.com\/index.php\/wp-json\/wp\/v2\/comments?post=169120"}],"version-history":[{"count":4,"href":"https:\/\/epochtimestr.com\/index.php\/wp-json\/wp\/v2\/posts\/169120\/revisions"}],"predecessor-version":[{"id":169175,"href":"https:\/\/epochtimestr.com\/index.php\/wp-json\/wp\/v2\/posts\/169120\/revisions\/169175"}],"wp:featuredmedia":[{"embeddable":true,"href":"https:\/\/epochtimestr.com\/index.php\/wp-json\/wp\/v2\/media\/168988"}],"wp:attachment":[{"href":"https:\/\/epochtimestr.com\/index.php\/wp-json\/wp\/v2\/media?parent=169120"}],"wp:term":[{"taxonomy":"category","embeddable":true,"href":"https:\/\/epochtimestr.com\/index.php\/wp-json\/wp\/v2\/categories?post=169120"},{"taxonomy":"post_tag","embeddable":true,"href":"https:\/\/epochtimestr.com\/index.php\/wp-json\/wp\/v2\/tags?post=169120"}],"curies":[{"name":"wp","href":"https:\/\/api.w.org\/{rel}","templated":true}]}}