{"id":169131,"date":"2026-07-24T14:17:38","date_gmt":"2026-07-24T11:17:38","guid":{"rendered":"https:\/\/epochtimestr.com\/?p=169131"},"modified":"2026-07-24T14:17:46","modified_gmt":"2026-07-24T11:17:46","slug":"ozgur-ozel-chpden-istifa-etti-yeni-parti-kuruluyor","status":"publish","type":"post","link":"https:\/\/epochtimestr.com\/index.php\/ozgur-ozel-chpden-istifa-etti-yeni-parti-kuruluyor","title":{"rendered":"\u00d6zg\u00fcr \u00d6zel CHP\u2019den \u0130stifa Etti Yeni Parti Kuruluyor"},"content":{"rendered":"<div class=\"wp-block-image\">\n<figure class=\"aligncenter size-full\"><img loading=\"lazy\" decoding=\"async\" width=\"1280\" height=\"720\" src=\"https:\/\/epochtimestr.com\/wp-content\/uploads\/2011y\/ozgur-ozel-x.jpg\" alt=\"\u00d6zg\u00fcr \u00d6zel CHP\u2019den istifa etti, Yeni Parti kuruluyor. (Foto\u011fraf: Murat Emir x hesab\u0131)\" class=\"wp-image-169132\" srcset=\"https:\/\/epochtimestr.com\/wp-content\/uploads\/2011y\/ozgur-ozel-x.jpg 1280w, https:\/\/epochtimestr.com\/wp-content\/uploads\/2011y\/ozgur-ozel-x-300x169.jpg 300w, https:\/\/epochtimestr.com\/wp-content\/uploads\/2011y\/ozgur-ozel-x-150x84.jpg 150w, https:\/\/epochtimestr.com\/wp-content\/uploads\/2011y\/ozgur-ozel-x-768x432.jpg 768w\" sizes=\"(max-width: 1280px) 100vw, 1280px\" \/><figcaption class=\"wp-element-caption\">\u00d6zg\u00fcr \u00d6zel CHP\u2019den istifa etti, Yeni Parti kuruluyor. (Foto\u011fraf: Murat Emir x hesab\u0131)<\/figcaption><\/figure><\/div>\n\n\n<h2 class=\"wp-block-heading\">&#8216;Mutlak butlan&#8217; karar\u0131ndan 2 ay sonra, se\u00e7ilmi\u015f CHP Genel Ba\u015fkan\u0131 \u00d6zg\u00fcr \u00d6zel partisinden istifa etti\u011fini duyurdu.<\/h2>\n\n\n\n<p>Toplu istifa s\u00fcreci d\u00fcn ak\u015fam (23 Temmuz) saat 20.00\u2019de e-Devlet sistemi \u00fczerinden koordineli bir bi\u00e7imde ba\u015flat\u0131ld\u0131. Saatler ilerledik\u00e7e artan kat\u0131l\u0131mla birlikte, e-Devlet \u00fczerinden partiden ayr\u0131lan milletvekili say\u0131s\u0131 artt\u0131. \u00d6zg\u00fcr \u00d6zel&#8217;in \u201c<a href=\"https:\/\/epochtimestr.com\/index.php\/ozgur-ozel-yeni-parti-icin-resmi-adimin-atilacagini-acikladi\" target=\"_blank\" rel=\"noreferrer noopener\">Yeni Parti<\/a>\u201d duyurusunun ard\u0131ndan 387 bin ki\u015fi de e-Devlet \u00fczerinden <a href=\"https:\/\/epochtimestr.com\/index.php\/chpli-milletvekilleri-istifa-etmeye-basladi\" target=\"_blank\" rel=\"noreferrer noopener\">CHP<\/a> \u00fcyeli\u011finden istifa etti. \u0130stifalar\u0131n say\u0131s\u0131 giderek art\u0131yor. CHP&#8217;li milletvekilleri \u0130\u00e7i\u015fleri Bakanl\u0131\u011f\u0131&#8217;na yap\u0131lacak ba\u015fvuru \u00f6ncesinde sosyal medyadan CHP ibarelerini kald\u0131rd\u0131lar.<\/p>\n\n\n\n<p>&#8216;Mutlak butlan&#8217; karar\u0131ndan 2 ay sonra se\u00e7ilmi\u015f CHP Genel Ba\u015fkan\u0131 \u00d6zg\u00fcr \u00d6zel, <a href=\"https:\/\/epochtimestr.com\/index.php\/ozgur-ozel-son-kez-chp-grup-toplantisinda-konustu\" target=\"_blank\" rel=\"noreferrer noopener\">partisinden istifa etti\u011fini<\/a> duyurdu. \u00d6zg\u00fcr \u00d6zel ile birlikte toplam 91 milletvekili CHP&#8217;den istifa ederek YEN\u0130 Parti Kurucular Kurulu\u2019na kat\u0131ld\u0131. \u00d6zel ve ekibinin YEN\u0130 Parti ile birlikte bask\u0131n se\u00e7im olas\u0131l\u0131\u011f\u0131na kar\u015f\u0131 ikinci bir partiyi de yedek olarak kuraca\u011f\u0131 bildiriliyor.<\/p>\n\n\n\n<figure class=\"wp-block-embed is-type-rich is-provider-x wp-block-embed-x\"><div class=\"wp-block-embed__wrapper\">\n<blockquote class=\"twitter-tweet\" data-width=\"550\" data-dnt=\"true\"><p lang=\"tr\" dir=\"ltr\">Liderimiz \u00d6zg\u00fcr \u00d6zel, \u2018YEN\u0130 Parti\u2019mizin kurulu\u015f evraklar\u0131n\u0131 imzalayarak Cumhuriyet Halk Partisi\u2019nden istifa etti. 91 milletvekilimiz YEN\u0130 Parti Kurucular Kurulu\u2019na kat\u0131ld\u0131.<br><br>Ba\u015fl\u0131yoruz! <a href=\"https:\/\/t.co\/VkXv8Yv50r\">pic.twitter.com\/VkXv8Yv50r<\/a><\/p>&mdash; Murat Emir (@muratemirchp) <a href=\"https:\/\/x.com\/muratemirchp\/status\/2080565409565004148?ref_src=twsrc%5Etfw\">July 24, 2026<\/a><\/blockquote><script async src=\"https:\/\/platform.x.com\/widgets.js\" charset=\"utf-8\"><\/script>\n<\/div><\/figure>\n\n\n\n<p>Yeni Parti Kurucular Kurulu, ilk toplant\u0131s\u0131nda genel ba\u015fkan ve parti organlar\u0131n\u0131 belirleyecek, ard\u0131ndan da Meclis y\u00f6netimini se\u00e7ecek. 91 milletvekili ile CHP\u2019den ayr\u0131larak YEN\u0130 Parti\u2019nin kurulu\u015f dilek\u00e7esine imza atan \u00d6zg\u00fcr \u00d6zel, sosyal medya hesab\u0131ndan ilk de\u011ferlendirmesini yapt\u0131.<\/p>\n\n\n\n<p>\u00d6zel sosyal medya hesab\u0131ndan yapt\u0131\u011f\u0131 a\u00e7\u0131klamada:<\/p>\n\n\n\n<p>&#8220;YEN\u0130 PART\u0130\u2019Y\u0130 KURAN, M\u0130LLET\u0130M\u0130ZD\u0130R&#8221;<\/p>\n\n\n\n<p>Tarihi imzan\u0131n ard\u0131ndan X hesab\u0131ndan ilk payla\u015f\u0131m\u0131n\u0131 yapan \u00d6zel, \u015funlar\u0131 kaydetti:<\/p>\n\n\n\n<p>&#8220;YEN\u0130 Parti\u2019yi kuran, milletimizdir.<br \/>\u0130\u015f\u00e7inin YEN\u0130 Partisi<br \/>Emeklinin YEN\u0130 Partisi<br \/>Memurun YEN\u0130 Partisi<br \/>Esnaf\u0131n YEN\u0130 Partisi<br \/>\u00c7ift\u00e7inin YEN\u0130 Partisi<br \/>Kad\u0131nlar\u0131n YEN\u0130 Partisi<br \/>Gen\u00e7lerin YEN\u0130 Partisi<br \/>T\u00fcrkiye\u2019nin YEN\u0130 Partisi\u2026<br \/>Hay\u0131rl\u0131, u\u011furlu olsun.&#8221;<\/p>\n\n\n\n<figure class=\"wp-block-embed is-type-rich is-provider-x wp-block-embed-x\"><div class=\"wp-block-embed__wrapper\">\n<blockquote class=\"twitter-tweet\" data-width=\"550\" data-dnt=\"true\"><p lang=\"tr\" dir=\"ltr\">YEN\u0130 Parti\u2019yi kuran, milletimizdir.<br><br>\u0130\u015f\u00e7inin YEN\u0130 Partisi<br>Emeklinin YEN\u0130 Partisi<br>Memurun YEN\u0130 Partisi<br>Esnaf\u0131n YEN\u0130 Partisi<br>\u00c7ift\u00e7inin YEN\u0130 Partisi<br>Kad\u0131nlar\u0131n YEN\u0130 Partisi<br>Gen\u00e7lerin YEN\u0130 Partisi<br>T\u00fcrkiye\u2019nin YEN\u0130 Partisi\u2026<br><br>Hay\u0131rl\u0131, u\u011furlu olsun. <a href=\"https:\/\/t.co\/skj4qwIoxd\">pic.twitter.com\/skj4qwIoxd<\/a><\/p>&mdash; \u00d6zg\u00fcr \u00d6zel (@eczozgurozel) <a href=\"https:\/\/x.com\/eczozgurozel\/status\/2080582247812366642?ref_src=twsrc%5Etfw\">July 24, 2026<\/a><\/blockquote><script async src=\"https:\/\/platform.x.com\/widgets.js\" charset=\"utf-8\"><\/script>\n<\/div><\/figure>\n","protected":false},"excerpt":{"rendered":"<p>&#8216;Mutlak butlan&#8217; karar\u0131ndan 2 ay sonra, se\u00e7ilmi\u015f CHP Genel Ba\u015fkan\u0131 \u00d6zg\u00fcr \u00d6zel partisinden istifa etti\u011fini duyurdu. Toplu istifa s\u00fcreci d\u00fcn ak\u015fam (23 Temmuz) saat 20.00\u2019de e-Devlet sistemi \u00fczerinden koordineli bir bi\u00e7imde ba\u015flat\u0131ld\u0131. Saatler ilerledik\u00e7e artan kat\u0131l\u0131mla birlikte, e-Devlet \u00fczerinden partiden ayr\u0131lan milletvekili say\u0131s\u0131 artt\u0131. \u00d6zg\u00fcr \u00d6zel&#8217;in \u201cYeni Parti\u201d duyurusunun ard\u0131ndan 387 bin ki\u015fi de e-Devlet [&hellip;]<\/p>\n","protected":false},"author":12791,"featured_media":169132,"comment_status":"open","ping_status":"open","sticky":false,"template":"","format":"standard","meta":{"_yoast_wpseo_focuskw":"\u00d6zg\u00fcr \u00d6zel","_yoast_wpseo_title":"","_yoast_wpseo_metadesc":"'Mutlak butlan' karar\u0131ndan 2 ay sonra se\u00e7ilmi\u015f CHP Genel Ba\u015fkan\u0131 \u00d6zg\u00fcr \u00d6zel, partisinden istifa etti\u011fini duyurdu.","_bbp_topic_count":0,"_bbp_reply_count":0,"_bbp_total_topic_count":0,"_bbp_total_reply_count":0,"_bbp_voice_count":0,"_bbp_anonymous_reply_count":0,"_bbp_topic_count_hidden":0,"_bbp_reply_count_hidden":0,"_bbp_forum_subforum_count":0,"footnotes":"","_yoast_wpseo_focuskw_text_input":""},"categories":[1,8138,8226,37],"tags":[11836,11757,8492,11744],"yoast_head":"<!-- This site is optimized with the Yoast SEO plugin v23.0 - https:\/\/yoast.com\/wordpress\/plugins\/seo\/ -->\n<title>\u00d6zg\u00fcr \u00d6zel CHP\u2019den \u0130stifa Etti Yeni Parti Kuruluyor - The Epoch Times TR<\/title>\n<meta name=\"description\" content=\"&#039;Mutlak butlan&#039; karar\u0131ndan 2 ay sonra se\u00e7ilmi\u015f CHP Genel Ba\u015fkan\u0131 \u00d6zg\u00fcr \u00d6zel, partisinden istifa etti\u011fini duyurdu.\" \/>\n<meta name=\"robots\" content=\"index, follow, max-snippet:-1, max-image-preview:large, max-video-preview:-1\" \/>\n<link rel=\"canonical\" href=\"https:\/\/epochtimestr.com\/index.php\/ozgur-ozel-chpden-istifa-etti-yeni-parti-kuruluyor\" \/>\n<meta property=\"og:locale\" content=\"tr_TR\" \/>\n<meta property=\"og:type\" content=\"article\" \/>\n<meta property=\"og:title\" content=\"\u00d6zg\u00fcr \u00d6zel CHP\u2019den \u0130stifa Etti Yeni Parti Kuruluyor - The Epoch Times TR\" \/>\n<meta property=\"og:description\" content=\"&#039;Mutlak butlan&#039; karar\u0131ndan 2 ay sonra se\u00e7ilmi\u015f CHP Genel Ba\u015fkan\u0131 \u00d6zg\u00fcr \u00d6zel, partisinden istifa etti\u011fini duyurdu.\" \/>\n<meta property=\"og:url\" content=\"https:\/\/epochtimestr.com\/index.php\/ozgur-ozel-chpden-istifa-etti-yeni-parti-kuruluyor\" \/>\n<meta property=\"og:site_name\" content=\"The Epoch Times TR\" \/>\n<meta property=\"article:publisher\" content=\"https:\/\/www.facebook.com\/theepochtimestr\" \/>\n<meta property=\"article:published_time\" content=\"2026-07-24T11:17:38+00:00\" \/>\n<meta property=\"article:modified_time\" content=\"2026-07-24T11:17:46+00:00\" \/>\n<meta property=\"og:image\" content=\"https:\/\/epochtimestr.com\/wp-content\/uploads\/2011y\/ozgur-ozel-x.jpg\" \/>\n\t<meta property=\"og:image:width\" content=\"1280\" \/>\n\t<meta property=\"og:image:height\" content=\"720\" \/>\n\t<meta property=\"og:image:type\" content=\"image\/jpeg\" \/>\n<meta name=\"author\" content=\"Haber Merkezi\" \/>\n<meta name=\"twitter:card\" content=\"summary_large_image\" \/>\n<meta name=\"twitter:creator\" content=\"@TheEpochTimesTR\" \/>\n<meta name=\"twitter:site\" content=\"@TheEpochTimesTR\" \/>\n<meta name=\"twitter:label1\" content=\"Yazan:\" \/>\n\t<meta name=\"twitter:data1\" content=\"Haber Merkezi\" \/>\n\t<meta name=\"twitter:label2\" content=\"Tahmini okuma s\u00fcresi\" \/>\n\t<meta name=\"twitter:data2\" content=\"2 dakika\" \/>\n<script type=\"application\/ld+json\" class=\"yoast-schema-graph\">{\"@context\":\"https:\/\/schema.org\",\"@graph\":[{\"@type\":\"Article\",\"@id\":\"https:\/\/epochtimestr.com\/index.php\/ozgur-ozel-chpden-istifa-etti-yeni-parti-kuruluyor#article\",\"isPartOf\":{\"@id\":\"https:\/\/epochtimestr.com\/index.php\/ozgur-ozel-chpden-istifa-etti-yeni-parti-kuruluyor\"},\"author\":{\"name\":\"Haber Merkezi\",\"@id\":\"https:\/\/epochtimestr.com\/#\/schema\/person\/3dc5c3adeb9f43923c5aa85889172fdd\"},\"headline\":\"\u00d6zg\u00fcr \u00d6zel CHP\u2019den \u0130stifa Etti Yeni Parti Kuruluyor\",\"datePublished\":\"2026-07-24T11:17:38+00:00\",\"dateModified\":\"2026-07-24T11:17:46+00:00\",\"mainEntityOfPage\":{\"@id\":\"https:\/\/epochtimestr.com\/index.php\/ozgur-ozel-chpden-istifa-etti-yeni-parti-kuruluyor\"},\"wordCount\":315,\"commentCount\":0,\"publisher\":{\"@id\":\"https:\/\/epochtimestr.com\/#organization\"},\"image\":{\"@id\":\"https:\/\/epochtimestr.com\/index.php\/ozgur-ozel-chpden-istifa-etti-yeni-parti-kuruluyor#primaryimage\"},\"thumbnailUrl\":\"https:\/\/epochtimestr.com\/wp-content\/uploads\/2011y\/ozgur-ozel-x.jpg\",\"keywords\":[\"istifa\",\"mutlak butlan\",\"\u00d6zg\u00fcr \u00d6zel\",\"yeni parti\"],\"articleSection\":[\"G\u00dcNDEM\",\"MAN\u015eET\",\"Siyaset\",\"T\u00dcRK\u0130YE\"],\"inLanguage\":\"tr\",\"potentialAction\":[{\"@type\":\"CommentAction\",\"name\":\"Comment\",\"target\":[\"https:\/\/epochtimestr.com\/index.php\/ozgur-ozel-chpden-istifa-etti-yeni-parti-kuruluyor#respond\"]}]},{\"@type\":\"WebPage\",\"@id\":\"https:\/\/epochtimestr.com\/index.php\/ozgur-ozel-chpden-istifa-etti-yeni-parti-kuruluyor\",\"url\":\"https:\/\/epochtimestr.com\/index.php\/ozgur-ozel-chpden-istifa-etti-yeni-parti-kuruluyor\",\"name\":\"\u00d6zg\u00fcr \u00d6zel CHP\u2019den \u0130stifa Etti Yeni Parti Kuruluyor - The Epoch Times TR\",\"isPartOf\":{\"@id\":\"https:\/\/epochtimestr.com\/#website\"},\"primaryImageOfPage\":{\"@id\":\"https:\/\/epochtimestr.com\/index.php\/ozgur-ozel-chpden-istifa-etti-yeni-parti-kuruluyor#primaryimage\"},\"image\":{\"@id\":\"https:\/\/epochtimestr.com\/index.php\/ozgur-ozel-chpden-istifa-etti-yeni-parti-kuruluyor#primaryimage\"},\"thumbnailUrl\":\"https:\/\/epochtimestr.com\/wp-content\/uploads\/2011y\/ozgur-ozel-x.jpg\",\"datePublished\":\"2026-07-24T11:17:38+00:00\",\"dateModified\":\"2026-07-24T11:17:46+00:00\",\"description\":\"'Mutlak butlan' karar\u0131ndan 2 ay sonra se\u00e7ilmi\u015f CHP Genel Ba\u015fkan\u0131 \u00d6zg\u00fcr \u00d6zel, partisinden istifa etti\u011fini duyurdu.\",\"inLanguage\":\"tr\",\"potentialAction\":[{\"@type\":\"ReadAction\",\"target\":[\"https:\/\/epochtimestr.com\/index.php\/ozgur-ozel-chpden-istifa-etti-yeni-parti-kuruluyor\"]}]},{\"@type\":\"ImageObject\",\"inLanguage\":\"tr\",\"@id\":\"https:\/\/epochtimestr.com\/index.php\/ozgur-ozel-chpden-istifa-etti-yeni-parti-kuruluyor#primaryimage\",\"url\":\"https:\/\/epochtimestr.com\/wp-content\/uploads\/2011y\/ozgur-ozel-x.jpg\",\"contentUrl\":\"https:\/\/epochtimestr.com\/wp-content\/uploads\/2011y\/ozgur-ozel-x.jpg\",\"width\":1280,\"height\":720},{\"@type\":\"WebSite\",\"@id\":\"https:\/\/epochtimestr.com\/#website\",\"url\":\"https:\/\/epochtimestr.com\/\",\"name\":\"The Epoch Times TR\",\"description\":\"De\u011fi\u015fen D\u00fcnyam\u0131za Taze Bir Bak\u0131\u015f\",\"publisher\":{\"@id\":\"https:\/\/epochtimestr.com\/#organization\"},\"potentialAction\":[{\"@type\":\"SearchAction\",\"target\":{\"@type\":\"EntryPoint\",\"urlTemplate\":\"https:\/\/epochtimestr.com\/?s={search_term_string}\"},\"query-input\":\"required name=search_term_string\"}],\"inLanguage\":\"tr\"},{\"@type\":\"Organization\",\"@id\":\"https:\/\/epochtimestr.com\/#organization\",\"name\":\"The EpochTimes T\u00fcrkiye\",\"url\":\"https:\/\/epochtimestr.com\/\",\"logo\":{\"@type\":\"ImageObject\",\"inLanguage\":\"tr\",\"@id\":\"https:\/\/epochtimestr.com\/#\/schema\/logo\/image\/\",\"url\":\"https:\/\/epochtimestr.com\/wp-content\/uploads\/2011y\/ET-Logo-YG.jpg\",\"contentUrl\":\"https:\/\/epochtimestr.com\/wp-content\/uploads\/2011y\/ET-Logo-YG.jpg\",\"width\":346,\"height\":29,\"caption\":\"The EpochTimes T\u00fcrkiye\"},\"image\":{\"@id\":\"https:\/\/epochtimestr.com\/#\/schema\/logo\/image\/\"},\"sameAs\":[\"https:\/\/www.facebook.com\/theepochtimestr\",\"https:\/\/x.com\/TheEpochTimesTR\",\"https:\/\/www.instagram.com\/epochtimestr\"]},{\"@type\":\"Person\",\"@id\":\"https:\/\/epochtimestr.com\/#\/schema\/person\/3dc5c3adeb9f43923c5aa85889172fdd\",\"name\":\"Haber Merkezi\",\"image\":{\"@type\":\"ImageObject\",\"inLanguage\":\"tr\",\"@id\":\"https:\/\/epochtimestr.com\/#\/schema\/person\/image\/\",\"url\":\"https:\/\/secure.gravatar.com\/avatar\/d73f772ba5a74f28601361e17c2f93e6?s=96&d=mm&r=g\",\"contentUrl\":\"https:\/\/secure.gravatar.com\/avatar\/d73f772ba5a74f28601361e17c2f93e6?s=96&d=mm&r=g\",\"caption\":\"Haber Merkezi\"},\"url\":\"https:\/\/epochtimestr.com\/index.php\/author\/sendag\"}]}<\/script>\n<!-- \/ Yoast SEO plugin. -->","yoast_head_json":{"title":"\u00d6zg\u00fcr \u00d6zel CHP\u2019den \u0130stifa Etti Yeni Parti Kuruluyor - The Epoch Times TR","description":"'Mutlak butlan' karar\u0131ndan 2 ay sonra se\u00e7ilmi\u015f CHP Genel Ba\u015fkan\u0131 \u00d6zg\u00fcr \u00d6zel, partisinden istifa etti\u011fini duyurdu.","robots":{"index":"index","follow":"follow","max-snippet":"max-snippet:-1","max-image-preview":"max-image-preview:large","max-video-preview":"max-video-preview:-1"},"canonical":"https:\/\/epochtimestr.com\/index.php\/ozgur-ozel-chpden-istifa-etti-yeni-parti-kuruluyor","og_locale":"tr_TR","og_type":"article","og_title":"\u00d6zg\u00fcr \u00d6zel CHP\u2019den \u0130stifa Etti Yeni Parti Kuruluyor - The Epoch Times TR","og_description":"'Mutlak butlan' karar\u0131ndan 2 ay sonra se\u00e7ilmi\u015f CHP Genel Ba\u015fkan\u0131 \u00d6zg\u00fcr \u00d6zel, partisinden istifa etti\u011fini duyurdu.","og_url":"https:\/\/epochtimestr.com\/index.php\/ozgur-ozel-chpden-istifa-etti-yeni-parti-kuruluyor","og_site_name":"The Epoch Times TR","article_publisher":"https:\/\/www.facebook.com\/theepochtimestr","article_published_time":"2026-07-24T11:17:38+00:00","article_modified_time":"2026-07-24T11:17:46+00:00","og_image":[{"width":1280,"height":720,"url":"https:\/\/epochtimestr.com\/wp-content\/uploads\/2011y\/ozgur-ozel-x.jpg","type":"image\/jpeg"}],"author":"Haber Merkezi","twitter_card":"summary_large_image","twitter_creator":"@TheEpochTimesTR","twitter_site":"@TheEpochTimesTR","twitter_misc":{"Yazan:":"Haber Merkezi","Tahmini okuma s\u00fcresi":"2 dakika"},"schema":{"@context":"https:\/\/schema.org","@graph":[{"@type":"Article","@id":"https:\/\/epochtimestr.com\/index.php\/ozgur-ozel-chpden-istifa-etti-yeni-parti-kuruluyor#article","isPartOf":{"@id":"https:\/\/epochtimestr.com\/index.php\/ozgur-ozel-chpden-istifa-etti-yeni-parti-kuruluyor"},"author":{"name":"Haber Merkezi","@id":"https:\/\/epochtimestr.com\/#\/schema\/person\/3dc5c3adeb9f43923c5aa85889172fdd"},"headline":"\u00d6zg\u00fcr \u00d6zel CHP\u2019den \u0130stifa Etti Yeni Parti Kuruluyor","datePublished":"2026-07-24T11:17:38+00:00","dateModified":"2026-07-24T11:17:46+00:00","mainEntityOfPage":{"@id":"https:\/\/epochtimestr.com\/index.php\/ozgur-ozel-chpden-istifa-etti-yeni-parti-kuruluyor"},"wordCount":315,"commentCount":0,"publisher":{"@id":"https:\/\/epochtimestr.com\/#organization"},"image":{"@id":"https:\/\/epochtimestr.com\/index.php\/ozgur-ozel-chpden-istifa-etti-yeni-parti-kuruluyor#primaryimage"},"thumbnailUrl":"https:\/\/epochtimestr.com\/wp-content\/uploads\/2011y\/ozgur-ozel-x.jpg","keywords":["istifa","mutlak butlan","\u00d6zg\u00fcr \u00d6zel","yeni parti"],"articleSection":["G\u00dcNDEM","MAN\u015eET","Siyaset","T\u00dcRK\u0130YE"],"inLanguage":"tr","potentialAction":[{"@type":"CommentAction","name":"Comment","target":["https:\/\/epochtimestr.com\/index.php\/ozgur-ozel-chpden-istifa-etti-yeni-parti-kuruluyor#respond"]}]},{"@type":"WebPage","@id":"https:\/\/epochtimestr.com\/index.php\/ozgur-ozel-chpden-istifa-etti-yeni-parti-kuruluyor","url":"https:\/\/epochtimestr.com\/index.php\/ozgur-ozel-chpden-istifa-etti-yeni-parti-kuruluyor","name":"\u00d6zg\u00fcr \u00d6zel CHP\u2019den \u0130stifa Etti Yeni Parti Kuruluyor - The Epoch Times TR","isPartOf":{"@id":"https:\/\/epochtimestr.com\/#website"},"primaryImageOfPage":{"@id":"https:\/\/epochtimestr.com\/index.php\/ozgur-ozel-chpden-istifa-etti-yeni-parti-kuruluyor#primaryimage"},"image":{"@id":"https:\/\/epochtimestr.com\/index.php\/ozgur-ozel-chpden-istifa-etti-yeni-parti-kuruluyor#primaryimage"},"thumbnailUrl":"https:\/\/epochtimestr.com\/wp-content\/uploads\/2011y\/ozgur-ozel-x.jpg","datePublished":"2026-07-24T11:17:38+00:00","dateModified":"2026-07-24T11:17:46+00:00","description":"'Mutlak butlan' karar\u0131ndan 2 ay sonra se\u00e7ilmi\u015f CHP Genel Ba\u015fkan\u0131 \u00d6zg\u00fcr \u00d6zel, partisinden istifa etti\u011fini duyurdu.","inLanguage":"tr","potentialAction":[{"@type":"ReadAction","target":["https:\/\/epochtimestr.com\/index.php\/ozgur-ozel-chpden-istifa-etti-yeni-parti-kuruluyor"]}]},{"@type":"ImageObject","inLanguage":"tr","@id":"https:\/\/epochtimestr.com\/index.php\/ozgur-ozel-chpden-istifa-etti-yeni-parti-kuruluyor#primaryimage","url":"https:\/\/epochtimestr.com\/wp-content\/uploads\/2011y\/ozgur-ozel-x.jpg","contentUrl":"https:\/\/epochtimestr.com\/wp-content\/uploads\/2011y\/ozgur-ozel-x.jpg","width":1280,"height":720},{"@type":"WebSite","@id":"https:\/\/epochtimestr.com\/#website","url":"https:\/\/epochtimestr.com\/","name":"The Epoch Times TR","description":"De\u011fi\u015fen D\u00fcnyam\u0131za Taze Bir Bak\u0131\u015f","publisher":{"@id":"https:\/\/epochtimestr.com\/#organization"},"potentialAction":[{"@type":"SearchAction","target":{"@type":"EntryPoint","urlTemplate":"https:\/\/epochtimestr.com\/?s={search_term_string}"},"query-input":"required name=search_term_string"}],"inLanguage":"tr"},{"@type":"Organization","@id":"https:\/\/epochtimestr.com\/#organization","name":"The EpochTimes T\u00fcrkiye","url":"https:\/\/epochtimestr.com\/","logo":{"@type":"ImageObject","inLanguage":"tr","@id":"https:\/\/epochtimestr.com\/#\/schema\/logo\/image\/","url":"https:\/\/epochtimestr.com\/wp-content\/uploads\/2011y\/ET-Logo-YG.jpg","contentUrl":"https:\/\/epochtimestr.com\/wp-content\/uploads\/2011y\/ET-Logo-YG.jpg","width":346,"height":29,"caption":"The EpochTimes T\u00fcrkiye"},"image":{"@id":"https:\/\/epochtimestr.com\/#\/schema\/logo\/image\/"},"sameAs":["https:\/\/www.facebook.com\/theepochtimestr","https:\/\/x.com\/TheEpochTimesTR","https:\/\/www.instagram.com\/epochtimestr"]},{"@type":"Person","@id":"https:\/\/epochtimestr.com\/#\/schema\/person\/3dc5c3adeb9f43923c5aa85889172fdd","name":"Haber Merkezi","image":{"@type":"ImageObject","inLanguage":"tr","@id":"https:\/\/epochtimestr.com\/#\/schema\/person\/image\/","url":"https:\/\/secure.gravatar.com\/avatar\/d73f772ba5a74f28601361e17c2f93e6?s=96&d=mm&r=g","contentUrl":"https:\/\/secure.gravatar.com\/avatar\/d73f772ba5a74f28601361e17c2f93e6?s=96&d=mm&r=g","caption":"Haber Merkezi"},"url":"https:\/\/epochtimestr.com\/index.php\/author\/sendag"}]}},"_links":{"self":[{"href":"https:\/\/epochtimestr.com\/index.php\/wp-json\/wp\/v2\/posts\/169131"}],"collection":[{"href":"https:\/\/epochtimestr.com\/index.php\/wp-json\/wp\/v2\/posts"}],"about":[{"href":"https:\/\/epochtimestr.com\/index.php\/wp-json\/wp\/v2\/types\/post"}],"author":[{"embeddable":true,"href":"https:\/\/epochtimestr.com\/index.php\/wp-json\/wp\/v2\/users\/12791"}],"replies":[{"embeddable":true,"href":"https:\/\/epochtimestr.com\/index.php\/wp-json\/wp\/v2\/comments?post=169131"}],"version-history":[{"count":2,"href":"https:\/\/epochtimestr.com\/index.php\/wp-json\/wp\/v2\/posts\/169131\/revisions"}],"predecessor-version":[{"id":169138,"href":"https:\/\/epochtimestr.com\/index.php\/wp-json\/wp\/v2\/posts\/169131\/revisions\/169138"}],"wp:featuredmedia":[{"embeddable":true,"href":"https:\/\/epochtimestr.com\/index.php\/wp-json\/wp\/v2\/media\/169132"}],"wp:attachment":[{"href":"https:\/\/epochtimestr.com\/index.php\/wp-json\/wp\/v2\/media?parent=169131"}],"wp:term":[{"taxonomy":"category","embeddable":true,"href":"https:\/\/epochtimestr.com\/index.php\/wp-json\/wp\/v2\/categories?post=169131"},{"taxonomy":"post_tag","embeddable":true,"href":"https:\/\/epochtimestr.com\/index.php\/wp-json\/wp\/v2\/tags?post=169131"}],"curies":[{"name":"wp","href":"https:\/\/api.w.org\/{rel}","templated":true}]}}