{"id":169155,"date":"2026-07-24T16:22:45","date_gmt":"2026-07-24T13:22:45","guid":{"rendered":"https:\/\/epochtimestr.com\/?p=169155"},"modified":"2026-07-24T16:22:50","modified_gmt":"2026-07-24T13:22:50","slug":"insanlar-neredeler","status":"publish","type":"post","link":"https:\/\/epochtimestr.com\/index.php\/insanlar-neredeler","title":{"rendered":"\u0130nsanlar Neredeler?"},"content":{"rendered":"\n<p>Her \u015fey ta\u015f\u0131 ta\u015f \u00fcst\u00fcne koymakla ba\u015flad\u0131.<\/p>\n\n\n\n<p>\u0130nsanlar do\u011fadan koptu. Bitkilerden, hayvanlardan ve hatta di\u011fer insanlardan&#8230;<\/p>\n\n\n\n<p>\u00d6nce tek, sonra iki, daha sonra \u00fc\u00e7 ve nihayet d\u00f6rt duvar aras\u0131na girdiler. Derken g\u00fcn\u00fcm\u00fczde \u00e7ok duvar aras\u0131na hapsoldular.<\/p>\n\n\n\n<p>Duvarlar \u00e7o\u011fald\u0131, duvarlar yakla\u015ft\u0131, i\u00e7inde ya\u015fayan insanlar ise birbirlerinden uzakla\u015ft\u0131.<\/p>\n\n\n\n<p>G\u00f6kten d\u00fc\u015fen bir elma yeterken, ya\u011fmur gibi ya\u011fan elmalar yetmez oldu. Azla yetinmenin huzuru, \u00e7oklu\u011fun doyumsuzlu\u011funa yenildi. \u00c7okluk artt\u0131k\u00e7a bereket azald\u0131; toklu\u011fun yerini a\u00e7l\u0131k, payla\u015fman\u0131n yerini sahip olma h\u0131rs\u0131 ald\u0131.<\/p>\n\n\n\n<p>\u0130nsanlarla birlikte yaln\u0131zl\u0131k da \u00e7o\u011fald\u0131.<\/p>\n\n\n\n<p>D\u00f6rt duvar aras\u0131nda iki ki\u015fi&#8230;<\/p>\n\n\n\n<p>Tek ki\u015fi&#8230;<\/p>\n\n\n\n<p>Bir ki\u015fi ve kedisi&#8230;<\/p>\n\n\n\n<p>Bir ki\u015fi ve k\u00f6pe\u011fi&#8230;<\/p>\n\n\n\n<p>\u0130nsanlar korkular\u0131n\u0131, cesaretlerini, sevin\u00e7lerini, h\u00fcz\u00fcnlerini d\u00f6rt duvar\u0131n i\u00e7ine toplad\u0131lar. G\u00fcnler birbirine benzemeye ba\u015flad\u0131. Duvarlar aras\u0131nda \u00f6r\u00fclen g\u00f6r\u00fcnmez a\u011flar, insan\u0131 korumaktan \u00e7ok onu kendi i\u00e7ine hapsetti.<\/p>\n\n\n\n<p>Ad\u0131na da &#8220;mutlu yaln\u0131zl\u0131k&#8221; dediler.<\/p>\n\n\n\n<p>Oysa her yaln\u0131zl\u0131k \u00f6zg\u00fcrl\u00fck de\u011fildi.<\/p>\n\n\n\n<p>Denediler&#8230;<\/p>\n\n\n\n<p>\u0130ki \u00f6zg\u00fcr insandan bile \u00e7o\u011fu zaman \u00f6zg\u00fcr bir ya\u015fam \u00e7\u0131km\u0131yordu.<\/p>\n\n\n\n<p>\u00c7\u00fcnk\u00fc \u00f6zg\u00fcrl\u00fck, yaln\u0131z kalmak de\u011fil kendin olabilmek ve ba\u015fkalar\u0131yla anlaml\u0131 ba\u011flar kurabilmekti.<\/p>\n\n\n\n<p>\u0130nsan, milyonlarca y\u0131ll\u0131k yolculu\u011funda ate\u015fi buldu. \u00c7i\u011f yedi\u011fi eti pi\u015firmeyi \u00f6\u011frendi. Yumu\u015fayan besinlerle birlikte \u00e7enesi k\u00fc\u00e7\u00fcld\u00fc, di\u015fleri de\u011fi\u015fti. Bir zamanlar hayatta kalmak i\u00e7in vazge\u00e7ilmez olan yirmilik di\u015fler, bug\u00fcn bir\u00e7ok insan i\u00e7in sorun \u00e7\u0131karan di\u015flere d\u00f6n\u00fc\u015ft\u00fc.<\/p>\n\n\n\n<p>Sonra tekerle\u011fi buldu.<\/p>\n\n\n\n<p>Arabay\u0131 yapt\u0131.<\/p>\n\n\n\n<p>Treni&#8230;<\/p>\n\n\n\n<p>U\u00e7a\u011f\u0131&#8230;<\/p>\n\n\n\n<p>Asans\u00f6r\u00fc&#8230;<\/p>\n\n\n\n<p>Uzaktan kumanday\u0131&#8230;<\/p>\n\n\n\n<p>Bilgisayar\u0131&#8230;<\/p>\n\n\n\n<p>Ak\u0131ll\u0131 telefonu&#8230;<\/p>\n\n\n\n<p>Ve \u015fimdi yapay zek\u00e2y\u0131 konu\u015fuyor.<\/p>\n\n\n\n<p>Teknoloji ba\u015f d\u00f6nd\u00fcr\u00fcc\u00fc bir h\u0131zla ilerliyor.<\/p>\n\n\n\n<p>Peki ya insan?<\/p>\n\n\n\n<p>\u0130nsan da ayn\u0131 h\u0131zla geli\u015febiliyor mu?<\/p>\n\n\n\n<p>Bug\u00fcn bir d\u00fc\u011fmeye dokunarak d\u00fcnyan\u0131n \u00f6b\u00fcr ucundaki biriyle konu\u015fabiliyoruz. Ama ayn\u0131 apartmanda oturan kom\u015fumuzun ad\u0131n\u0131 bilmiyoruz.<\/p>\n\n\n\n<p>Binlerce &#8220;arkada\u015f\u0131m\u0131z&#8221; var, ama i\u00e7imizi a\u00e7abilece\u011fimiz birka\u00e7 dost bulmakta zorlan\u0131yoruz.<\/p>\n\n\n\n<p>\u00c7ocuklar ku\u015f seslerinden \u00e7ok bildirim sesleriyle b\u00fcy\u00fcyor.<\/p>\n\n\n\n<p>Mevsimleri takvimden \u00f6\u011freniyor, topra\u011fa ise ancak saks\u0131larda dokunabiliyorlar.<\/p>\n\n\n\n<p>Oysa do\u011fa acele etmiyor.<\/p>\n\n\n\n<p>Bir tohumun filizlenmesi i\u00e7in zaman\u0131 bekliyor.<\/p>\n\n\n\n<p>Bir a\u011fac\u0131n b\u00fcy\u00fcmesi y\u0131llar al\u0131yor.<\/p>\n\n\n\n<p>Bir derenin denize ula\u015fmas\u0131 sab\u0131r istiyor.<\/p>\n\n\n\n<p>Bulut, ya\u011fmur oluyor.<\/p>\n\n\n\n<p>Ya\u011fmur, dereye kar\u0131\u015f\u0131yor.<\/p>\n\n\n\n<p>Dere, denize ula\u015f\u0131yor.<\/p>\n\n\n\n<p>Deniz yeniden bulut oluyor.<\/p>\n\n\n\n<p>Ne kadar \u00e7omak sokmaya kalksak da do\u011fa, milyonlarca y\u0131ld\u0131r kusursuz d\u00f6ng\u00fcs\u00fcn\u00fc s\u00fcrd\u00fcr\u00fcyor.<\/p>\n\n\n\n<p>Biz ise h\u0131zland\u0131k\u00e7a yoruluyor, \u00e7o\u011fald\u0131k\u00e7a yaln\u0131zla\u015f\u0131yor, sahip olduk\u00e7a eksiliyoruz.<\/p>\n\n\n\n<p>Belki de as\u0131l mesele evrenin gerisinde kalmam\u0131z de\u011fildir.<\/p>\n\n\n\n<p>As\u0131l mesele, kendi insanl\u0131\u011f\u0131m\u0131z\u0131n gerisinde kalmam\u0131zd\u0131r.<\/p>\n\n\n\n<p>Teknoloji geli\u015ftik\u00e7e bedenimizin y\u00fck\u00fc hafifledi.<\/p>\n\n\n\n<p>Peki ya zihnimizin?<\/p>\n\n\n\n<p>Bilgimiz artt\u0131.<\/p>\n\n\n\n<p>Peki ya bilgeli\u011fimiz?<\/p>\n\n\n\n<p>Makineler g\u00fc\u00e7lendik\u00e7e biz de g\u00fc\u00e7leniyor muyuz, yoksa onlara daha ba\u011f\u0131ml\u0131 h\u00e2le mi geliyoruz?<\/p>\n\n\n\n<p>Haf\u0131zam\u0131z\u0131n bir b\u00f6l\u00fcm\u00fcn\u00fc telefonlar\u0131m\u0131za emanet ettik.<\/p>\n\n\n\n<p>Y\u00f6n duygumuzu navigasyona&#8230;<\/p>\n\n\n\n<p>Hesap yapmay\u0131 hesap makinelerine&#8230;<\/p>\n\n\n\n<p>D\u00fc\u015f\u00fcnmeyi ise giderek daha \u00e7ok ekranlara&#8230;<\/p>\n\n\n\n<p>Acaba insan, biyolojik ve sosyal evriminde kendi bulu\u015flar\u0131n\u0131n gerisinde mi kal\u0131yor?<\/p>\n\n\n\n<p>Daha da \u00f6nemlisi&#8230;<\/p>\n\n\n\n<p>Yapt\u0131\u011f\u0131 icatlar\u0131n efendisi mi oluyor, yoksa onlar\u0131n g\u00f6r\u00fcnmez esiri mi?<\/p>\n\n\n\n<p>Belki milyonlarca y\u0131l sonra insan bedeni de bug\u00fcnk\u00fc ya\u015fam bi\u00e7imine uyum sa\u011flayacak.<\/p>\n\n\n\n<p>Belki baz\u0131 organlar\u0131m\u0131z i\u015flevini yitirecek.<\/p>\n\n\n\n<p>Belki beynimizin baz\u0131 b\u00f6l\u00fcmleri daha \u00e7ok geli\u015firken, art\u0131k kullanmad\u0131\u011f\u0131m\u0131z baz\u0131 yetenekler k\u00f6relecek.<\/p>\n\n\n\n<p>Bunu bug\u00fcn kesin olarak bilmiyoruz.<\/p>\n\n\n\n<p>Ama bildi\u011fimiz bir ger\u00e7ek var:<\/p>\n\n\n\n<p>\u0130nsan\u0131 insan yapan yaln\u0131zca beyni de\u011fildir.<\/p>\n\n\n\n<p>Vicdan\u0131d\u0131r.<\/p>\n\n\n\n<p>Merhametidir.<\/p>\n\n\n\n<p>Payla\u015fma duygusudur.<\/p>\n\n\n\n<p>Hayal g\u00fcc\u00fcd\u00fcr.<\/p>\n\n\n\n<p>Do\u011fayla kurdu\u011fu ba\u011fd\u0131r.<\/p>\n\n\n\n<p>Ve ba\u015fka bir insan\u0131n elini tutabilme cesaretidir.<\/p>\n\n\n\n<p>Belki de ger\u00e7ek geli\u015fme, daha ak\u0131ll\u0131 makineler \u00fcretmek de\u011fil, daha bilge insanlar yeti\u015ftirebilmektir.<\/p>\n\n\n\n<p>\u00c7\u00fcnk\u00fc evren de\u011fi\u015fmeye devam edecek.<\/p>\n\n\n\n<p>Do\u011fa kendi d\u00f6ng\u00fcs\u00fcn\u00fc s\u00fcrd\u00fcrmeye devam edecek.<\/p>\n\n\n\n<p>Teknoloji geli\u015fmeye devam edecek.<\/p>\n\n\n\n<p>As\u0131l soru ise hep ayn\u0131 kalacak:<\/p>\n\n\n\n<p>\u0130nsan, kendi \u00fcrettiklerinin \u00f6n\u00fcnde y\u00fcr\u00fcyebilecek mi yoksa onlar\u0131n pe\u015finden s\u00fcr\u00fcklenen bir yolcu olmaya devam m\u0131 edecek?<\/p>\n\n\n\n<p>Belki de gelece\u011fin en b\u00fcy\u00fck bulu\u015fu, yeniden insan kalmay\u0131 becerebilmek olacakt\u0131r.<\/p>\n","protected":false},"excerpt":{"rendered":"<p>Her \u015fey ta\u015f\u0131 ta\u015f \u00fcst\u00fcne koymakla ba\u015flad\u0131. \u0130nsanlar do\u011fadan koptu. Bitkilerden, hayvanlardan ve hatta di\u011fer insanlardan&#8230; \u00d6nce tek, sonra iki, daha sonra \u00fc\u00e7 ve nihayet d\u00f6rt duvar aras\u0131na girdiler. Derken g\u00fcn\u00fcm\u00fczde \u00e7ok duvar aras\u0131na hapsoldular. Duvarlar \u00e7o\u011fald\u0131, duvarlar yakla\u015ft\u0131, i\u00e7inde ya\u015fayan insanlar ise birbirlerinden uzakla\u015ft\u0131. G\u00f6kten d\u00fc\u015fen bir elma yeterken, ya\u011fmur gibi ya\u011fan elmalar yetmez [&hellip;]<\/p>\n","protected":false},"author":14014,"featured_media":167543,"comment_status":"open","ping_status":"open","sticky":false,"template":"","format":"standard","meta":{"_yoast_wpseo_focuskw":"insanlar","_yoast_wpseo_title":"","_yoast_wpseo_metadesc":"Her \u015fey ta\u015f\u0131 ta\u015f \u00fcst\u00fcne koymakla ba\u015flad\u0131. \u0130nsanlar do\u011fadan koptu. Bitkilerden, hayvanlardan ve hatta di\u011fer insanlardan...","_bbp_topic_count":0,"_bbp_reply_count":0,"_bbp_total_topic_count":0,"_bbp_total_reply_count":0,"_bbp_voice_count":0,"_bbp_anonymous_reply_count":0,"_bbp_topic_count_hidden":0,"_bbp_reply_count_hidden":0,"_bbp_forum_subforum_count":0,"footnotes":"","_yoast_wpseo_focuskw_text_input":""},"categories":[11464],"tags":[11729,11752],"yoast_head":"<!-- This site is optimized with the Yoast SEO plugin v23.0 - https:\/\/yoast.com\/wordpress\/plugins\/seo\/ -->\n<title>\u0130nsanlar Neredeler? - The Epoch Times TR<\/title>\n<meta name=\"description\" content=\"Her \u015fey ta\u015f\u0131 ta\u015f \u00fcst\u00fcne koymakla ba\u015flad\u0131. \u0130nsanlar do\u011fadan koptu. Bitkilerden, hayvanlardan ve hatta di\u011fer insanlardan...\" \/>\n<meta name=\"robots\" content=\"index, follow, max-snippet:-1, max-image-preview:large, max-video-preview:-1\" \/>\n<link rel=\"canonical\" href=\"https:\/\/epochtimestr.com\/index.php\/insanlar-neredeler\" \/>\n<meta property=\"og:locale\" content=\"tr_TR\" \/>\n<meta property=\"og:type\" content=\"article\" \/>\n<meta property=\"og:title\" content=\"\u0130nsanlar Neredeler? - The Epoch Times TR\" \/>\n<meta property=\"og:description\" content=\"Her \u015fey ta\u015f\u0131 ta\u015f \u00fcst\u00fcne koymakla ba\u015flad\u0131. \u0130nsanlar do\u011fadan koptu. Bitkilerden, hayvanlardan ve hatta di\u011fer insanlardan...\" \/>\n<meta property=\"og:url\" content=\"https:\/\/epochtimestr.com\/index.php\/insanlar-neredeler\" \/>\n<meta property=\"og:site_name\" content=\"The Epoch Times TR\" \/>\n<meta property=\"article:publisher\" content=\"https:\/\/www.facebook.com\/theepochtimestr\" \/>\n<meta property=\"article:published_time\" content=\"2026-07-24T13:22:45+00:00\" \/>\n<meta property=\"article:modified_time\" content=\"2026-07-24T13:22:50+00:00\" \/>\n<meta property=\"og:image\" content=\"https:\/\/epochtimestr.com\/wp-content\/uploads\/2011y\/Kemal-KIRMIZI-SM.jpg\" \/>\n\t<meta property=\"og:image:width\" content=\"1200\" \/>\n\t<meta property=\"og:image:height\" content=\"630\" \/>\n\t<meta property=\"og:image:type\" content=\"image\/jpeg\" \/>\n<meta name=\"author\" content=\"Kemal K\u0131rm\u0131z\u0131\" \/>\n<meta name=\"twitter:card\" content=\"summary_large_image\" \/>\n<meta name=\"twitter:creator\" content=\"@TheEpochTimesTR\" \/>\n<meta name=\"twitter:site\" content=\"@TheEpochTimesTR\" \/>\n<meta name=\"twitter:label1\" content=\"Yazan:\" \/>\n\t<meta name=\"twitter:data1\" content=\"Kemal K\u0131rm\u0131z\u0131\" \/>\n\t<meta name=\"twitter:label2\" content=\"Tahmini okuma s\u00fcresi\" \/>\n\t<meta name=\"twitter:data2\" content=\"4 dakika\" \/>\n<script type=\"application\/ld+json\" class=\"yoast-schema-graph\">{\"@context\":\"https:\/\/schema.org\",\"@graph\":[{\"@type\":\"Article\",\"@id\":\"https:\/\/epochtimestr.com\/index.php\/insanlar-neredeler#article\",\"isPartOf\":{\"@id\":\"https:\/\/epochtimestr.com\/index.php\/insanlar-neredeler\"},\"author\":{\"name\":\"Kemal K\u0131rm\u0131z\u0131\",\"@id\":\"https:\/\/epochtimestr.com\/#\/schema\/person\/de93b34838de3b9cf1568fef49b786d3\"},\"headline\":\"\u0130nsanlar Neredeler?\",\"datePublished\":\"2026-07-24T13:22:45+00:00\",\"dateModified\":\"2026-07-24T13:22:50+00:00\",\"mainEntityOfPage\":{\"@id\":\"https:\/\/epochtimestr.com\/index.php\/insanlar-neredeler\"},\"wordCount\":776,\"commentCount\":1,\"publisher\":{\"@id\":\"https:\/\/epochtimestr.com\/#organization\"},\"image\":{\"@id\":\"https:\/\/epochtimestr.com\/index.php\/insanlar-neredeler#primaryimage\"},\"thumbnailUrl\":\"https:\/\/epochtimestr.com\/wp-content\/uploads\/2011y\/Kemal-Kirmizi-Profil.png\",\"keywords\":[\"K\u00f6\u015fe\",\"k\u00f6\u015fe sosyoloji\"],\"articleSection\":[\"K\u00f6\u015fe Yaz\u0131lar\u0131 Kemal K\u0131rm\u0131z\u0131\"],\"inLanguage\":\"tr\",\"potentialAction\":[{\"@type\":\"CommentAction\",\"name\":\"Comment\",\"target\":[\"https:\/\/epochtimestr.com\/index.php\/insanlar-neredeler#respond\"]}]},{\"@type\":\"WebPage\",\"@id\":\"https:\/\/epochtimestr.com\/index.php\/insanlar-neredeler\",\"url\":\"https:\/\/epochtimestr.com\/index.php\/insanlar-neredeler\",\"name\":\"\u0130nsanlar Neredeler? - The Epoch Times TR\",\"isPartOf\":{\"@id\":\"https:\/\/epochtimestr.com\/#website\"},\"primaryImageOfPage\":{\"@id\":\"https:\/\/epochtimestr.com\/index.php\/insanlar-neredeler#primaryimage\"},\"image\":{\"@id\":\"https:\/\/epochtimestr.com\/index.php\/insanlar-neredeler#primaryimage\"},\"thumbnailUrl\":\"https:\/\/epochtimestr.com\/wp-content\/uploads\/2011y\/Kemal-Kirmizi-Profil.png\",\"datePublished\":\"2026-07-24T13:22:45+00:00\",\"dateModified\":\"2026-07-24T13:22:50+00:00\",\"description\":\"Her \u015fey ta\u015f\u0131 ta\u015f \u00fcst\u00fcne koymakla ba\u015flad\u0131. \u0130nsanlar do\u011fadan koptu. Bitkilerden, hayvanlardan ve hatta di\u011fer insanlardan...\",\"inLanguage\":\"tr\",\"potentialAction\":[{\"@type\":\"ReadAction\",\"target\":[\"https:\/\/epochtimestr.com\/index.php\/insanlar-neredeler\"]}]},{\"@type\":\"ImageObject\",\"inLanguage\":\"tr\",\"@id\":\"https:\/\/epochtimestr.com\/index.php\/insanlar-neredeler#primaryimage\",\"url\":\"https:\/\/epochtimestr.com\/wp-content\/uploads\/2011y\/Kemal-Kirmizi-Profil.png\",\"contentUrl\":\"https:\/\/epochtimestr.com\/wp-content\/uploads\/2011y\/Kemal-Kirmizi-Profil.png\",\"width\":600,\"height\":600},{\"@type\":\"WebSite\",\"@id\":\"https:\/\/epochtimestr.com\/#website\",\"url\":\"https:\/\/epochtimestr.com\/\",\"name\":\"The Epoch Times TR\",\"description\":\"De\u011fi\u015fen D\u00fcnyam\u0131za Taze Bir Bak\u0131\u015f\",\"publisher\":{\"@id\":\"https:\/\/epochtimestr.com\/#organization\"},\"potentialAction\":[{\"@type\":\"SearchAction\",\"target\":{\"@type\":\"EntryPoint\",\"urlTemplate\":\"https:\/\/epochtimestr.com\/?s={search_term_string}\"},\"query-input\":\"required name=search_term_string\"}],\"inLanguage\":\"tr\"},{\"@type\":\"Organization\",\"@id\":\"https:\/\/epochtimestr.com\/#organization\",\"name\":\"The EpochTimes T\u00fcrkiye\",\"url\":\"https:\/\/epochtimestr.com\/\",\"logo\":{\"@type\":\"ImageObject\",\"inLanguage\":\"tr\",\"@id\":\"https:\/\/epochtimestr.com\/#\/schema\/logo\/image\/\",\"url\":\"https:\/\/epochtimestr.com\/wp-content\/uploads\/2011y\/ET-Logo-YG.jpg\",\"contentUrl\":\"https:\/\/epochtimestr.com\/wp-content\/uploads\/2011y\/ET-Logo-YG.jpg\",\"width\":346,\"height\":29,\"caption\":\"The EpochTimes T\u00fcrkiye\"},\"image\":{\"@id\":\"https:\/\/epochtimestr.com\/#\/schema\/logo\/image\/\"},\"sameAs\":[\"https:\/\/www.facebook.com\/theepochtimestr\",\"https:\/\/x.com\/TheEpochTimesTR\",\"https:\/\/www.instagram.com\/epochtimestr\"]},{\"@type\":\"Person\",\"@id\":\"https:\/\/epochtimestr.com\/#\/schema\/person\/de93b34838de3b9cf1568fef49b786d3\",\"name\":\"Kemal K\u0131rm\u0131z\u0131\",\"image\":{\"@type\":\"ImageObject\",\"inLanguage\":\"tr\",\"@id\":\"https:\/\/epochtimestr.com\/#\/schema\/person\/image\/\",\"url\":\"https:\/\/secure.gravatar.com\/avatar\/e99bdb2e05638e0a06bbe2847468ec66?s=96&d=mm&r=g\",\"contentUrl\":\"https:\/\/secure.gravatar.com\/avatar\/e99bdb2e05638e0a06bbe2847468ec66?s=96&d=mm&r=g\",\"caption\":\"Kemal K\u0131rm\u0131z\u0131\"},\"url\":\"https:\/\/epochtimestr.com\/index.php\/author\/kemal\"}]}<\/script>\n<!-- \/ Yoast SEO plugin. -->","yoast_head_json":{"title":"\u0130nsanlar Neredeler? - The Epoch Times TR","description":"Her \u015fey ta\u015f\u0131 ta\u015f \u00fcst\u00fcne koymakla ba\u015flad\u0131. \u0130nsanlar do\u011fadan koptu. Bitkilerden, hayvanlardan ve hatta di\u011fer insanlardan...","robots":{"index":"index","follow":"follow","max-snippet":"max-snippet:-1","max-image-preview":"max-image-preview:large","max-video-preview":"max-video-preview:-1"},"canonical":"https:\/\/epochtimestr.com\/index.php\/insanlar-neredeler","og_locale":"tr_TR","og_type":"article","og_title":"\u0130nsanlar Neredeler? - The Epoch Times TR","og_description":"Her \u015fey ta\u015f\u0131 ta\u015f \u00fcst\u00fcne koymakla ba\u015flad\u0131. \u0130nsanlar do\u011fadan koptu. Bitkilerden, hayvanlardan ve hatta di\u011fer insanlardan...","og_url":"https:\/\/epochtimestr.com\/index.php\/insanlar-neredeler","og_site_name":"The Epoch Times TR","article_publisher":"https:\/\/www.facebook.com\/theepochtimestr","article_published_time":"2026-07-24T13:22:45+00:00","article_modified_time":"2026-07-24T13:22:50+00:00","og_image":[{"width":1200,"height":630,"url":"https:\/\/epochtimestr.com\/wp-content\/uploads\/2011y\/Kemal-KIRMIZI-SM.jpg","type":"image\/jpeg"}],"author":"Kemal K\u0131rm\u0131z\u0131","twitter_card":"summary_large_image","twitter_creator":"@TheEpochTimesTR","twitter_site":"@TheEpochTimesTR","twitter_misc":{"Yazan:":"Kemal K\u0131rm\u0131z\u0131","Tahmini okuma s\u00fcresi":"4 dakika"},"schema":{"@context":"https:\/\/schema.org","@graph":[{"@type":"Article","@id":"https:\/\/epochtimestr.com\/index.php\/insanlar-neredeler#article","isPartOf":{"@id":"https:\/\/epochtimestr.com\/index.php\/insanlar-neredeler"},"author":{"name":"Kemal K\u0131rm\u0131z\u0131","@id":"https:\/\/epochtimestr.com\/#\/schema\/person\/de93b34838de3b9cf1568fef49b786d3"},"headline":"\u0130nsanlar Neredeler?","datePublished":"2026-07-24T13:22:45+00:00","dateModified":"2026-07-24T13:22:50+00:00","mainEntityOfPage":{"@id":"https:\/\/epochtimestr.com\/index.php\/insanlar-neredeler"},"wordCount":776,"commentCount":1,"publisher":{"@id":"https:\/\/epochtimestr.com\/#organization"},"image":{"@id":"https:\/\/epochtimestr.com\/index.php\/insanlar-neredeler#primaryimage"},"thumbnailUrl":"https:\/\/epochtimestr.com\/wp-content\/uploads\/2011y\/Kemal-Kirmizi-Profil.png","keywords":["K\u00f6\u015fe","k\u00f6\u015fe sosyoloji"],"articleSection":["K\u00f6\u015fe Yaz\u0131lar\u0131 Kemal K\u0131rm\u0131z\u0131"],"inLanguage":"tr","potentialAction":[{"@type":"CommentAction","name":"Comment","target":["https:\/\/epochtimestr.com\/index.php\/insanlar-neredeler#respond"]}]},{"@type":"WebPage","@id":"https:\/\/epochtimestr.com\/index.php\/insanlar-neredeler","url":"https:\/\/epochtimestr.com\/index.php\/insanlar-neredeler","name":"\u0130nsanlar Neredeler? - The Epoch Times TR","isPartOf":{"@id":"https:\/\/epochtimestr.com\/#website"},"primaryImageOfPage":{"@id":"https:\/\/epochtimestr.com\/index.php\/insanlar-neredeler#primaryimage"},"image":{"@id":"https:\/\/epochtimestr.com\/index.php\/insanlar-neredeler#primaryimage"},"thumbnailUrl":"https:\/\/epochtimestr.com\/wp-content\/uploads\/2011y\/Kemal-Kirmizi-Profil.png","datePublished":"2026-07-24T13:22:45+00:00","dateModified":"2026-07-24T13:22:50+00:00","description":"Her \u015fey ta\u015f\u0131 ta\u015f \u00fcst\u00fcne koymakla ba\u015flad\u0131. \u0130nsanlar do\u011fadan koptu. Bitkilerden, hayvanlardan ve hatta di\u011fer insanlardan...","inLanguage":"tr","potentialAction":[{"@type":"ReadAction","target":["https:\/\/epochtimestr.com\/index.php\/insanlar-neredeler"]}]},{"@type":"ImageObject","inLanguage":"tr","@id":"https:\/\/epochtimestr.com\/index.php\/insanlar-neredeler#primaryimage","url":"https:\/\/epochtimestr.com\/wp-content\/uploads\/2011y\/Kemal-Kirmizi-Profil.png","contentUrl":"https:\/\/epochtimestr.com\/wp-content\/uploads\/2011y\/Kemal-Kirmizi-Profil.png","width":600,"height":600},{"@type":"WebSite","@id":"https:\/\/epochtimestr.com\/#website","url":"https:\/\/epochtimestr.com\/","name":"The Epoch Times TR","description":"De\u011fi\u015fen D\u00fcnyam\u0131za Taze Bir Bak\u0131\u015f","publisher":{"@id":"https:\/\/epochtimestr.com\/#organization"},"potentialAction":[{"@type":"SearchAction","target":{"@type":"EntryPoint","urlTemplate":"https:\/\/epochtimestr.com\/?s={search_term_string}"},"query-input":"required name=search_term_string"}],"inLanguage":"tr"},{"@type":"Organization","@id":"https:\/\/epochtimestr.com\/#organization","name":"The EpochTimes T\u00fcrkiye","url":"https:\/\/epochtimestr.com\/","logo":{"@type":"ImageObject","inLanguage":"tr","@id":"https:\/\/epochtimestr.com\/#\/schema\/logo\/image\/","url":"https:\/\/epochtimestr.com\/wp-content\/uploads\/2011y\/ET-Logo-YG.jpg","contentUrl":"https:\/\/epochtimestr.com\/wp-content\/uploads\/2011y\/ET-Logo-YG.jpg","width":346,"height":29,"caption":"The EpochTimes T\u00fcrkiye"},"image":{"@id":"https:\/\/epochtimestr.com\/#\/schema\/logo\/image\/"},"sameAs":["https:\/\/www.facebook.com\/theepochtimestr","https:\/\/x.com\/TheEpochTimesTR","https:\/\/www.instagram.com\/epochtimestr"]},{"@type":"Person","@id":"https:\/\/epochtimestr.com\/#\/schema\/person\/de93b34838de3b9cf1568fef49b786d3","name":"Kemal K\u0131rm\u0131z\u0131","image":{"@type":"ImageObject","inLanguage":"tr","@id":"https:\/\/epochtimestr.com\/#\/schema\/person\/image\/","url":"https:\/\/secure.gravatar.com\/avatar\/e99bdb2e05638e0a06bbe2847468ec66?s=96&d=mm&r=g","contentUrl":"https:\/\/secure.gravatar.com\/avatar\/e99bdb2e05638e0a06bbe2847468ec66?s=96&d=mm&r=g","caption":"Kemal K\u0131rm\u0131z\u0131"},"url":"https:\/\/epochtimestr.com\/index.php\/author\/kemal"}]}},"_links":{"self":[{"href":"https:\/\/epochtimestr.com\/index.php\/wp-json\/wp\/v2\/posts\/169155"}],"collection":[{"href":"https:\/\/epochtimestr.com\/index.php\/wp-json\/wp\/v2\/posts"}],"about":[{"href":"https:\/\/epochtimestr.com\/index.php\/wp-json\/wp\/v2\/types\/post"}],"author":[{"embeddable":true,"href":"https:\/\/epochtimestr.com\/index.php\/wp-json\/wp\/v2\/users\/14014"}],"replies":[{"embeddable":true,"href":"https:\/\/epochtimestr.com\/index.php\/wp-json\/wp\/v2\/comments?post=169155"}],"version-history":[{"count":1,"href":"https:\/\/epochtimestr.com\/index.php\/wp-json\/wp\/v2\/posts\/169155\/revisions"}],"predecessor-version":[{"id":169156,"href":"https:\/\/epochtimestr.com\/index.php\/wp-json\/wp\/v2\/posts\/169155\/revisions\/169156"}],"wp:featuredmedia":[{"embeddable":true,"href":"https:\/\/epochtimestr.com\/index.php\/wp-json\/wp\/v2\/media\/167543"}],"wp:attachment":[{"href":"https:\/\/epochtimestr.com\/index.php\/wp-json\/wp\/v2\/media?parent=169155"}],"wp:term":[{"taxonomy":"category","embeddable":true,"href":"https:\/\/epochtimestr.com\/index.php\/wp-json\/wp\/v2\/categories?post=169155"},{"taxonomy":"post_tag","embeddable":true,"href":"https:\/\/epochtimestr.com\/index.php\/wp-json\/wp\/v2\/tags?post=169155"}],"curies":[{"name":"wp","href":"https:\/\/api.w.org\/{rel}","templated":true}]}}