{"id":169161,"date":"2026-07-24T17:38:05","date_gmt":"2026-07-24T14:38:05","guid":{"rendered":"https:\/\/epochtimestr.com\/?p=169161"},"modified":"2026-07-24T17:38:06","modified_gmt":"2026-07-24T14:38:06","slug":"izmir-b-b-baskani-tugay-akpye-gececegi-iddialarini-yalanladi","status":"publish","type":"post","link":"https:\/\/epochtimestr.com\/index.php\/izmir-b-b-baskani-tugay-akpye-gececegi-iddialarini-yalanladi","title":{"rendered":"\u0130zmir B.B. Ba\u015fkan\u0131 Tugay AKP&#8217;ye Ge\u00e7ece\u011fi \u0130ddialar\u0131n\u0131 Yalanlad\u0131"},"content":{"rendered":"<div class=\"wp-block-image\">\n<figure class=\"aligncenter size-full\"><img loading=\"lazy\" decoding=\"async\" width=\"1600\" height=\"1066\" src=\"https:\/\/epochtimestr.com\/wp-content\/uploads\/2011y\/izmir-buyuksehir-belediyesi.jpg\" alt=\"\u0130zmir B\u00fcy\u00fck\u015fehir Belediye Ba\u015fkan\u0131 Cemil Tugay, AKP'ye ge\u00e7ece\u011fi iddialar\u0131n\u0131 yalanlad\u0131. (Foto\u011fraf: \u0130zmir B.B. web sitesi)\" class=\"wp-image-169162\" srcset=\"https:\/\/epochtimestr.com\/wp-content\/uploads\/2011y\/izmir-buyuksehir-belediyesi.jpg 1600w, https:\/\/epochtimestr.com\/wp-content\/uploads\/2011y\/izmir-buyuksehir-belediyesi-300x200.jpg 300w, https:\/\/epochtimestr.com\/wp-content\/uploads\/2011y\/izmir-buyuksehir-belediyesi-150x100.jpg 150w, https:\/\/epochtimestr.com\/wp-content\/uploads\/2011y\/izmir-buyuksehir-belediyesi-768x512.jpg 768w, https:\/\/epochtimestr.com\/wp-content\/uploads\/2011y\/izmir-buyuksehir-belediyesi-1536x1023.jpg 1536w\" sizes=\"(max-width: 1600px) 100vw, 1600px\" \/><figcaption class=\"wp-element-caption\">\u0130zmir B\u00fcy\u00fck\u015fehir Belediye Ba\u015fkan\u0131 Cemil Tugay, AKP&#8217;ye ge\u00e7ece\u011fi iddialar\u0131n\u0131 yalanlad\u0131. (Foto\u011fraf: \u0130zmir B.B. web sitesi)<\/figcaption><\/figure><\/div>\n\n\n<h2 class=\"wp-block-heading\">CHP&#8217;den bir s\u00fcre \u00f6nce istifa eden \u0130zmir B\u00fcy\u00fck\u015fehir Belediye Ba\u015fkan\u0131 Cemil Tugay, g\u00f6revine ba\u011f\u0131ms\u0131z olarak devam edece\u011fini belirtti.<\/h2>\n\n\n\n<p><a href=\"https:\/\/epochtimestr.com\/index.php\/mersin-chpde-onemli-istifa\" target=\"_blank\" rel=\"noreferrer noopener\">CHP<\/a>&#8216;den bir s\u00fcre \u00f6nce istifa eden \u0130zmir B\u00fcy\u00fck\u015fehir Belediye Ba\u015fkan\u0131 <a href=\"https:\/\/epochtimestr.com\/index.php\/cemil-tugay-ve-deniz-yucelden-izmir-operasyonu-aciklamasi\" target=\"_blank\" rel=\"noreferrer noopener\">Cemil Tugay<\/a>, g\u00f6revine ba\u011f\u0131ms\u0131z olarak devam edece\u011fini belirtti. Tugay, CHP&#8217;den 18 Haziran&#8217;da istifa etmi\u015f, ard\u0131ndan yeni bir &#8220;siyasi olu\u015fuma&#8221; ihtiya\u00e7 duyuldu\u011funu kaydetmi\u015fti.<\/p>\n\n\n\n<p>\u0130zmir B\u00fcy\u00fck\u015fehir Belediye Ba\u015fkan\u0131 Cemil Tugay, <a href=\"https:\/\/epochtimestr.com\/index.php\/akpli-vekil-mehmet-emin-ozden-diyanete-15-temmuz-tepkisi\">AKP<\/a>&#8216;ye ge\u00e7ece\u011fi iddialar\u0131n\u0131 yalanlad\u0131. Tugay, yapt\u0131\u011f\u0131 a\u00e7\u0131klamada, &#8220;Belediye Ba\u015fkanl\u0131\u011f\u0131 g\u00f6revime ba\u011f\u0131ms\u0131z olarak devam edece\u011fim&#8221; dedi. CHP\u2019den ayr\u0131l\u0131\u015f nedeninin ideolojik de\u011fil, \u201cmutlak butlan y\u00f6netimine y\u00f6nelik itiraz\u0131\u201d oldu\u011funu belirten Tugay, ba\u011f\u0131ms\u0131z kalmas\u0131n\u0131n ge\u00e7ici oldu\u011funu s\u00f6yledi.<\/p>\n\n\n\n<p>Siyasi belirsizliklerin \u0130zmir\u2019deki belediye hizmetlerine olumsuz yans\u0131malar\u0131ndan uzak durmaya \u00e7al\u0131\u015ft\u0131\u011f\u0131n\u0131 \u00f6ne s\u00fcren Tugay, &#8220;\u015eehrimizin ve \u00fclkemizin huzuru ve refah\u0131 en \u00f6ncelikli amac\u0131m&#8221; ifadelerini kulland\u0131.<\/p>\n\n\n\n<figure class=\"wp-block-embed is-type-rich is-provider-x wp-block-embed-x\"><div class=\"wp-block-embed__wrapper\">\n<blockquote class=\"twitter-tweet\" data-width=\"550\" data-dnt=\"true\"><p lang=\"tr\" dir=\"ltr\">\u00c7evre, \u015eehircilik ve \u0130klim De\u011fi\u015fikli\u011fi Bakan\u0131m\u0131z Say\u0131n Murat Kurum ile bir araya geldik.<br><br>G\u00f6r\u00fc\u015fmemizde, \u0130zmir\u2019imizin en \u00f6nemli g\u00fcndem ba\u015fl\u0131klar\u0131ndan biri olan kentsel d\u00f6n\u00fc\u015f\u00fcm\u00fc ele ald\u0131k. Deprem riskli yap\u0131lar\u0131n d\u00f6n\u00fc\u015ft\u00fcr\u00fclmesi ve Karaba\u011flar\u2019da planlama yetkisinin Bakanl\u0131\u011f\u0131m\u0131zda\u2026 <a href=\"https:\/\/t.co\/DgIxnoFwl2\">pic.twitter.com\/DgIxnoFwl2<\/a><\/p>&mdash; Dr. Cemil Tugay (@drcemiltugay) <a href=\"https:\/\/x.com\/drcemiltugay\/status\/2080272785121624378?ref_src=twsrc%5Etfw\">July 23, 2026<\/a><\/blockquote><script async src=\"https:\/\/platform.x.com\/widgets.js\" charset=\"utf-8\"><\/script>\n<\/div><\/figure>\n\n\n\n<p><strong>AKP\u2019ye kat\u0131laca\u011f\u0131 iddia edilmi\u015fti<\/strong><\/p>\n\n\n\n<p>Cemil Tugay, d\u00fcn (23 Temmuz) \u00c7evre, \u015eehircilik ve \u0130klim De\u011fi\u015fikli\u011fi Bakan\u0131 Murat Kurum&#8217;u ziyaret etti. Ziyarete ili\u015fkin sosyal medya hesab\u0131ndan yapt\u0131\u011f\u0131 payla\u015f\u0131mda Tugay, &#8220;G\u00f6r\u00fc\u015fmemizde, \u0130zmir\u2019imizin en \u00f6nemli g\u00fcndem ba\u015fl\u0131klar\u0131ndan biri olan kentsel d\u00f6n\u00fc\u015f\u00fcm\u00fc ele ald\u0131k. Deprem riskli yap\u0131lar\u0131n d\u00f6n\u00fc\u015ft\u00fcr\u00fclmesi ve Karaba\u011flar\u2019da planlama yetkisinin Bakanl\u0131\u011f\u0131m\u0131zda bulundu\u011fu 15 mahallemizi ilgilendiren kentsel d\u00f6n\u00fc\u015f\u00fcm alan\u0131na ili\u015fkin mevcut durumu ve Bakanl\u0131\u011f\u0131m\u0131zdan bekledi\u011fimiz destekleri de\u011ferlendirdik. Say\u0131n Bakan\u0131m\u0131za g\u00f6sterdi\u011fi ilgi ve yap\u0131c\u0131 yakla\u015f\u0131m\u0131 i\u00e7in \u00e7ok te\u015fekk\u00fcr ediyorum&#8221; demi\u015fti.<\/p>\n\n\n\n<p>\u0130zmir B\u00fcy\u00fck\u015fehir Belediye Ba\u015fkan\u0131 Cemil Tugay AKP\u2019ye ge\u00e7ece\u011fi iddialar\u0131yla ilgili \u015fu a\u00e7\u0131klamay\u0131 g\u00f6nderdi:<br \/>&#8220;Belediye Ba\u015fkanl\u0131\u011f\u0131 g\u00f6revime ba\u011f\u0131ms\u0131z olarak devam edece\u011fim. Siyasi belirsizliklerin \u0130zmir\u2019deki belediye hizmetlerine olumsuz yans\u0131malar\u0131ndan uzak durmaya \u00e7al\u0131\u015f\u0131yorum. \u015eehrimizin ve \u00fclkemizin huzuru ve refah\u0131 en \u00f6ncelikli amac\u0131m&#8221;<\/p>\n","protected":false},"excerpt":{"rendered":"<p>CHP&#8217;den bir s\u00fcre \u00f6nce istifa eden \u0130zmir B\u00fcy\u00fck\u015fehir Belediye Ba\u015fkan\u0131 Cemil Tugay, g\u00f6revine ba\u011f\u0131ms\u0131z olarak devam edece\u011fini belirtti. CHP&#8216;den bir s\u00fcre \u00f6nce istifa eden \u0130zmir B\u00fcy\u00fck\u015fehir Belediye Ba\u015fkan\u0131 Cemil Tugay, g\u00f6revine ba\u011f\u0131ms\u0131z olarak devam edece\u011fini belirtti. Tugay, CHP&#8217;den 18 Haziran&#8217;da istifa etmi\u015f, ard\u0131ndan yeni bir &#8220;siyasi olu\u015fuma&#8221; ihtiya\u00e7 duyuldu\u011funu kaydetmi\u015fti. \u0130zmir B\u00fcy\u00fck\u015fehir Belediye Ba\u015fkan\u0131 Cemil [&hellip;]<\/p>\n","protected":false},"author":12791,"featured_media":169162,"comment_status":"open","ping_status":"open","sticky":false,"template":"","format":"standard","meta":{"_yoast_wpseo_focuskw":"\u0130zmir - Tugay","_yoast_wpseo_title":"","_yoast_wpseo_metadesc":"CHP'den bir s\u00fcre \u00f6nce istifa eden \u0130zmir B\u00fcy\u00fck\u015fehir Belediye Ba\u015fkan\u0131 Cemil Tugay, g\u00f6revine ba\u011f\u0131ms\u0131z olarak devam edece\u011fini belirtti.","_bbp_topic_count":0,"_bbp_reply_count":0,"_bbp_total_topic_count":0,"_bbp_total_reply_count":0,"_bbp_voice_count":0,"_bbp_anonymous_reply_count":0,"_bbp_topic_count_hidden":0,"_bbp_reply_count_hidden":0,"_bbp_forum_subforum_count":0,"footnotes":"","_yoast_wpseo_focuskw_text_input":""},"categories":[1,8138,8226,37],"tags":[1017,10131,583,11836,11887],"yoast_head":"<!-- This site is optimized with the Yoast SEO plugin v23.0 - https:\/\/yoast.com\/wordpress\/plugins\/seo\/ -->\n<title>\u0130zmir B.B. Ba\u015fkan\u0131 Tugay AKP&#039;ye Ge\u00e7ece\u011fi \u0130ddialar\u0131n\u0131 Yalanlad\u0131 - The Epoch Times TR<\/title>\n<meta name=\"description\" content=\"CHP&#039;den bir s\u00fcre \u00f6nce istifa eden \u0130zmir B\u00fcy\u00fck\u015fehir Belediye Ba\u015fkan\u0131 Cemil Tugay, g\u00f6revine ba\u011f\u0131ms\u0131z olarak devam edece\u011fini belirtti.\" \/>\n<meta name=\"robots\" content=\"index, follow, max-snippet:-1, max-image-preview:large, max-video-preview:-1\" \/>\n<link rel=\"canonical\" href=\"https:\/\/epochtimestr.com\/index.php\/izmir-b-b-baskani-tugay-akpye-gececegi-iddialarini-yalanladi\" \/>\n<meta property=\"og:locale\" content=\"tr_TR\" \/>\n<meta property=\"og:type\" content=\"article\" \/>\n<meta property=\"og:title\" content=\"\u0130zmir B.B. Ba\u015fkan\u0131 Tugay AKP&#039;ye Ge\u00e7ece\u011fi \u0130ddialar\u0131n\u0131 Yalanlad\u0131 - The Epoch Times TR\" \/>\n<meta property=\"og:description\" content=\"CHP&#039;den bir s\u00fcre \u00f6nce istifa eden \u0130zmir B\u00fcy\u00fck\u015fehir Belediye Ba\u015fkan\u0131 Cemil Tugay, g\u00f6revine ba\u011f\u0131ms\u0131z olarak devam edece\u011fini belirtti.\" \/>\n<meta property=\"og:url\" content=\"https:\/\/epochtimestr.com\/index.php\/izmir-b-b-baskani-tugay-akpye-gececegi-iddialarini-yalanladi\" \/>\n<meta property=\"og:site_name\" content=\"The Epoch Times TR\" \/>\n<meta property=\"article:publisher\" content=\"https:\/\/www.facebook.com\/theepochtimestr\" \/>\n<meta property=\"article:published_time\" content=\"2026-07-24T14:38:05+00:00\" \/>\n<meta property=\"article:modified_time\" content=\"2026-07-24T14:38:06+00:00\" \/>\n<meta property=\"og:image\" content=\"https:\/\/epochtimestr.com\/wp-content\/uploads\/2011y\/izmir-buyuksehir-belediyesi.jpg\" \/>\n\t<meta property=\"og:image:width\" content=\"1600\" \/>\n\t<meta property=\"og:image:height\" content=\"1066\" \/>\n\t<meta property=\"og:image:type\" content=\"image\/jpeg\" \/>\n<meta name=\"author\" content=\"Haber Merkezi\" \/>\n<meta name=\"twitter:card\" content=\"summary_large_image\" \/>\n<meta name=\"twitter:creator\" content=\"@TheEpochTimesTR\" \/>\n<meta name=\"twitter:site\" content=\"@TheEpochTimesTR\" \/>\n<meta name=\"twitter:label1\" content=\"Yazan:\" \/>\n\t<meta name=\"twitter:data1\" content=\"Haber Merkezi\" \/>\n\t<meta name=\"twitter:label2\" content=\"Tahmini okuma s\u00fcresi\" \/>\n\t<meta name=\"twitter:data2\" content=\"2 dakika\" \/>\n<script type=\"application\/ld+json\" class=\"yoast-schema-graph\">{\"@context\":\"https:\/\/schema.org\",\"@graph\":[{\"@type\":\"Article\",\"@id\":\"https:\/\/epochtimestr.com\/index.php\/izmir-b-b-baskani-tugay-akpye-gececegi-iddialarini-yalanladi#article\",\"isPartOf\":{\"@id\":\"https:\/\/epochtimestr.com\/index.php\/izmir-b-b-baskani-tugay-akpye-gececegi-iddialarini-yalanladi\"},\"author\":{\"name\":\"Haber Merkezi\",\"@id\":\"https:\/\/epochtimestr.com\/#\/schema\/person\/3dc5c3adeb9f43923c5aa85889172fdd\"},\"headline\":\"\u0130zmir B.B. Ba\u015fkan\u0131 Tugay AKP&#8217;ye Ge\u00e7ece\u011fi \u0130ddialar\u0131n\u0131 Yalanlad\u0131\",\"datePublished\":\"2026-07-24T14:38:05+00:00\",\"dateModified\":\"2026-07-24T14:38:06+00:00\",\"mainEntityOfPage\":{\"@id\":\"https:\/\/epochtimestr.com\/index.php\/izmir-b-b-baskani-tugay-akpye-gececegi-iddialarini-yalanladi\"},\"wordCount\":391,\"commentCount\":0,\"publisher\":{\"@id\":\"https:\/\/epochtimestr.com\/#organization\"},\"image\":{\"@id\":\"https:\/\/epochtimestr.com\/index.php\/izmir-b-b-baskani-tugay-akpye-gececegi-iddialarini-yalanladi#primaryimage\"},\"thumbnailUrl\":\"https:\/\/epochtimestr.com\/wp-content\/uploads\/2011y\/izmir-buyuksehir-belediyesi.jpg\",\"keywords\":[\"AKP\",\"Cemil Tugay\",\"CHP\",\"istifa\",\"\u0130zmir B\u00fcy\u00fck\u015fehir Belediyesi\"],\"articleSection\":[\"G\u00dcNDEM\",\"MAN\u015eET\",\"Siyaset\",\"T\u00dcRK\u0130YE\"],\"inLanguage\":\"tr\",\"potentialAction\":[{\"@type\":\"CommentAction\",\"name\":\"Comment\",\"target\":[\"https:\/\/epochtimestr.com\/index.php\/izmir-b-b-baskani-tugay-akpye-gececegi-iddialarini-yalanladi#respond\"]}]},{\"@type\":\"WebPage\",\"@id\":\"https:\/\/epochtimestr.com\/index.php\/izmir-b-b-baskani-tugay-akpye-gececegi-iddialarini-yalanladi\",\"url\":\"https:\/\/epochtimestr.com\/index.php\/izmir-b-b-baskani-tugay-akpye-gececegi-iddialarini-yalanladi\",\"name\":\"\u0130zmir B.B. Ba\u015fkan\u0131 Tugay AKP'ye Ge\u00e7ece\u011fi \u0130ddialar\u0131n\u0131 Yalanlad\u0131 - The Epoch Times TR\",\"isPartOf\":{\"@id\":\"https:\/\/epochtimestr.com\/#website\"},\"primaryImageOfPage\":{\"@id\":\"https:\/\/epochtimestr.com\/index.php\/izmir-b-b-baskani-tugay-akpye-gececegi-iddialarini-yalanladi#primaryimage\"},\"image\":{\"@id\":\"https:\/\/epochtimestr.com\/index.php\/izmir-b-b-baskani-tugay-akpye-gececegi-iddialarini-yalanladi#primaryimage\"},\"thumbnailUrl\":\"https:\/\/epochtimestr.com\/wp-content\/uploads\/2011y\/izmir-buyuksehir-belediyesi.jpg\",\"datePublished\":\"2026-07-24T14:38:05+00:00\",\"dateModified\":\"2026-07-24T14:38:06+00:00\",\"description\":\"CHP'den bir s\u00fcre \u00f6nce istifa eden \u0130zmir B\u00fcy\u00fck\u015fehir Belediye Ba\u015fkan\u0131 Cemil Tugay, g\u00f6revine ba\u011f\u0131ms\u0131z olarak devam edece\u011fini belirtti.\",\"inLanguage\":\"tr\",\"potentialAction\":[{\"@type\":\"ReadAction\",\"target\":[\"https:\/\/epochtimestr.com\/index.php\/izmir-b-b-baskani-tugay-akpye-gececegi-iddialarini-yalanladi\"]}]},{\"@type\":\"ImageObject\",\"inLanguage\":\"tr\",\"@id\":\"https:\/\/epochtimestr.com\/index.php\/izmir-b-b-baskani-tugay-akpye-gececegi-iddialarini-yalanladi#primaryimage\",\"url\":\"https:\/\/epochtimestr.com\/wp-content\/uploads\/2011y\/izmir-buyuksehir-belediyesi.jpg\",\"contentUrl\":\"https:\/\/epochtimestr.com\/wp-content\/uploads\/2011y\/izmir-buyuksehir-belediyesi.jpg\",\"width\":1600,\"height\":1066},{\"@type\":\"WebSite\",\"@id\":\"https:\/\/epochtimestr.com\/#website\",\"url\":\"https:\/\/epochtimestr.com\/\",\"name\":\"The Epoch Times TR\",\"description\":\"De\u011fi\u015fen D\u00fcnyam\u0131za Taze Bir Bak\u0131\u015f\",\"publisher\":{\"@id\":\"https:\/\/epochtimestr.com\/#organization\"},\"potentialAction\":[{\"@type\":\"SearchAction\",\"target\":{\"@type\":\"EntryPoint\",\"urlTemplate\":\"https:\/\/epochtimestr.com\/?s={search_term_string}\"},\"query-input\":\"required name=search_term_string\"}],\"inLanguage\":\"tr\"},{\"@type\":\"Organization\",\"@id\":\"https:\/\/epochtimestr.com\/#organization\",\"name\":\"The EpochTimes T\u00fcrkiye\",\"url\":\"https:\/\/epochtimestr.com\/\",\"logo\":{\"@type\":\"ImageObject\",\"inLanguage\":\"tr\",\"@id\":\"https:\/\/epochtimestr.com\/#\/schema\/logo\/image\/\",\"url\":\"https:\/\/epochtimestr.com\/wp-content\/uploads\/2011y\/ET-Logo-YG.jpg\",\"contentUrl\":\"https:\/\/epochtimestr.com\/wp-content\/uploads\/2011y\/ET-Logo-YG.jpg\",\"width\":346,\"height\":29,\"caption\":\"The EpochTimes T\u00fcrkiye\"},\"image\":{\"@id\":\"https:\/\/epochtimestr.com\/#\/schema\/logo\/image\/\"},\"sameAs\":[\"https:\/\/www.facebook.com\/theepochtimestr\",\"https:\/\/x.com\/TheEpochTimesTR\",\"https:\/\/www.instagram.com\/epochtimestr\"]},{\"@type\":\"Person\",\"@id\":\"https:\/\/epochtimestr.com\/#\/schema\/person\/3dc5c3adeb9f43923c5aa85889172fdd\",\"name\":\"Haber Merkezi\",\"image\":{\"@type\":\"ImageObject\",\"inLanguage\":\"tr\",\"@id\":\"https:\/\/epochtimestr.com\/#\/schema\/person\/image\/\",\"url\":\"https:\/\/secure.gravatar.com\/avatar\/d73f772ba5a74f28601361e17c2f93e6?s=96&d=mm&r=g\",\"contentUrl\":\"https:\/\/secure.gravatar.com\/avatar\/d73f772ba5a74f28601361e17c2f93e6?s=96&d=mm&r=g\",\"caption\":\"Haber Merkezi\"},\"url\":\"https:\/\/epochtimestr.com\/index.php\/author\/sendag\"}]}<\/script>\n<!-- \/ Yoast SEO plugin. -->","yoast_head_json":{"title":"\u0130zmir B.B. Ba\u015fkan\u0131 Tugay AKP'ye Ge\u00e7ece\u011fi \u0130ddialar\u0131n\u0131 Yalanlad\u0131 - The Epoch Times TR","description":"CHP'den bir s\u00fcre \u00f6nce istifa eden \u0130zmir B\u00fcy\u00fck\u015fehir Belediye Ba\u015fkan\u0131 Cemil Tugay, g\u00f6revine ba\u011f\u0131ms\u0131z olarak devam edece\u011fini belirtti.","robots":{"index":"index","follow":"follow","max-snippet":"max-snippet:-1","max-image-preview":"max-image-preview:large","max-video-preview":"max-video-preview:-1"},"canonical":"https:\/\/epochtimestr.com\/index.php\/izmir-b-b-baskani-tugay-akpye-gececegi-iddialarini-yalanladi","og_locale":"tr_TR","og_type":"article","og_title":"\u0130zmir B.B. Ba\u015fkan\u0131 Tugay AKP'ye Ge\u00e7ece\u011fi \u0130ddialar\u0131n\u0131 Yalanlad\u0131 - The Epoch Times TR","og_description":"CHP'den bir s\u00fcre \u00f6nce istifa eden \u0130zmir B\u00fcy\u00fck\u015fehir Belediye Ba\u015fkan\u0131 Cemil Tugay, g\u00f6revine ba\u011f\u0131ms\u0131z olarak devam edece\u011fini belirtti.","og_url":"https:\/\/epochtimestr.com\/index.php\/izmir-b-b-baskani-tugay-akpye-gececegi-iddialarini-yalanladi","og_site_name":"The Epoch Times TR","article_publisher":"https:\/\/www.facebook.com\/theepochtimestr","article_published_time":"2026-07-24T14:38:05+00:00","article_modified_time":"2026-07-24T14:38:06+00:00","og_image":[{"width":1600,"height":1066,"url":"https:\/\/epochtimestr.com\/wp-content\/uploads\/2011y\/izmir-buyuksehir-belediyesi.jpg","type":"image\/jpeg"}],"author":"Haber Merkezi","twitter_card":"summary_large_image","twitter_creator":"@TheEpochTimesTR","twitter_site":"@TheEpochTimesTR","twitter_misc":{"Yazan:":"Haber Merkezi","Tahmini okuma s\u00fcresi":"2 dakika"},"schema":{"@context":"https:\/\/schema.org","@graph":[{"@type":"Article","@id":"https:\/\/epochtimestr.com\/index.php\/izmir-b-b-baskani-tugay-akpye-gececegi-iddialarini-yalanladi#article","isPartOf":{"@id":"https:\/\/epochtimestr.com\/index.php\/izmir-b-b-baskani-tugay-akpye-gececegi-iddialarini-yalanladi"},"author":{"name":"Haber Merkezi","@id":"https:\/\/epochtimestr.com\/#\/schema\/person\/3dc5c3adeb9f43923c5aa85889172fdd"},"headline":"\u0130zmir B.B. Ba\u015fkan\u0131 Tugay AKP&#8217;ye Ge\u00e7ece\u011fi \u0130ddialar\u0131n\u0131 Yalanlad\u0131","datePublished":"2026-07-24T14:38:05+00:00","dateModified":"2026-07-24T14:38:06+00:00","mainEntityOfPage":{"@id":"https:\/\/epochtimestr.com\/index.php\/izmir-b-b-baskani-tugay-akpye-gececegi-iddialarini-yalanladi"},"wordCount":391,"commentCount":0,"publisher":{"@id":"https:\/\/epochtimestr.com\/#organization"},"image":{"@id":"https:\/\/epochtimestr.com\/index.php\/izmir-b-b-baskani-tugay-akpye-gececegi-iddialarini-yalanladi#primaryimage"},"thumbnailUrl":"https:\/\/epochtimestr.com\/wp-content\/uploads\/2011y\/izmir-buyuksehir-belediyesi.jpg","keywords":["AKP","Cemil Tugay","CHP","istifa","\u0130zmir B\u00fcy\u00fck\u015fehir Belediyesi"],"articleSection":["G\u00dcNDEM","MAN\u015eET","Siyaset","T\u00dcRK\u0130YE"],"inLanguage":"tr","potentialAction":[{"@type":"CommentAction","name":"Comment","target":["https:\/\/epochtimestr.com\/index.php\/izmir-b-b-baskani-tugay-akpye-gececegi-iddialarini-yalanladi#respond"]}]},{"@type":"WebPage","@id":"https:\/\/epochtimestr.com\/index.php\/izmir-b-b-baskani-tugay-akpye-gececegi-iddialarini-yalanladi","url":"https:\/\/epochtimestr.com\/index.php\/izmir-b-b-baskani-tugay-akpye-gececegi-iddialarini-yalanladi","name":"\u0130zmir B.B. Ba\u015fkan\u0131 Tugay AKP'ye Ge\u00e7ece\u011fi \u0130ddialar\u0131n\u0131 Yalanlad\u0131 - The Epoch Times TR","isPartOf":{"@id":"https:\/\/epochtimestr.com\/#website"},"primaryImageOfPage":{"@id":"https:\/\/epochtimestr.com\/index.php\/izmir-b-b-baskani-tugay-akpye-gececegi-iddialarini-yalanladi#primaryimage"},"image":{"@id":"https:\/\/epochtimestr.com\/index.php\/izmir-b-b-baskani-tugay-akpye-gececegi-iddialarini-yalanladi#primaryimage"},"thumbnailUrl":"https:\/\/epochtimestr.com\/wp-content\/uploads\/2011y\/izmir-buyuksehir-belediyesi.jpg","datePublished":"2026-07-24T14:38:05+00:00","dateModified":"2026-07-24T14:38:06+00:00","description":"CHP'den bir s\u00fcre \u00f6nce istifa eden \u0130zmir B\u00fcy\u00fck\u015fehir Belediye Ba\u015fkan\u0131 Cemil Tugay, g\u00f6revine ba\u011f\u0131ms\u0131z olarak devam edece\u011fini belirtti.","inLanguage":"tr","potentialAction":[{"@type":"ReadAction","target":["https:\/\/epochtimestr.com\/index.php\/izmir-b-b-baskani-tugay-akpye-gececegi-iddialarini-yalanladi"]}]},{"@type":"ImageObject","inLanguage":"tr","@id":"https:\/\/epochtimestr.com\/index.php\/izmir-b-b-baskani-tugay-akpye-gececegi-iddialarini-yalanladi#primaryimage","url":"https:\/\/epochtimestr.com\/wp-content\/uploads\/2011y\/izmir-buyuksehir-belediyesi.jpg","contentUrl":"https:\/\/epochtimestr.com\/wp-content\/uploads\/2011y\/izmir-buyuksehir-belediyesi.jpg","width":1600,"height":1066},{"@type":"WebSite","@id":"https:\/\/epochtimestr.com\/#website","url":"https:\/\/epochtimestr.com\/","name":"The Epoch Times TR","description":"De\u011fi\u015fen D\u00fcnyam\u0131za Taze Bir Bak\u0131\u015f","publisher":{"@id":"https:\/\/epochtimestr.com\/#organization"},"potentialAction":[{"@type":"SearchAction","target":{"@type":"EntryPoint","urlTemplate":"https:\/\/epochtimestr.com\/?s={search_term_string}"},"query-input":"required name=search_term_string"}],"inLanguage":"tr"},{"@type":"Organization","@id":"https:\/\/epochtimestr.com\/#organization","name":"The EpochTimes T\u00fcrkiye","url":"https:\/\/epochtimestr.com\/","logo":{"@type":"ImageObject","inLanguage":"tr","@id":"https:\/\/epochtimestr.com\/#\/schema\/logo\/image\/","url":"https:\/\/epochtimestr.com\/wp-content\/uploads\/2011y\/ET-Logo-YG.jpg","contentUrl":"https:\/\/epochtimestr.com\/wp-content\/uploads\/2011y\/ET-Logo-YG.jpg","width":346,"height":29,"caption":"The EpochTimes T\u00fcrkiye"},"image":{"@id":"https:\/\/epochtimestr.com\/#\/schema\/logo\/image\/"},"sameAs":["https:\/\/www.facebook.com\/theepochtimestr","https:\/\/x.com\/TheEpochTimesTR","https:\/\/www.instagram.com\/epochtimestr"]},{"@type":"Person","@id":"https:\/\/epochtimestr.com\/#\/schema\/person\/3dc5c3adeb9f43923c5aa85889172fdd","name":"Haber Merkezi","image":{"@type":"ImageObject","inLanguage":"tr","@id":"https:\/\/epochtimestr.com\/#\/schema\/person\/image\/","url":"https:\/\/secure.gravatar.com\/avatar\/d73f772ba5a74f28601361e17c2f93e6?s=96&d=mm&r=g","contentUrl":"https:\/\/secure.gravatar.com\/avatar\/d73f772ba5a74f28601361e17c2f93e6?s=96&d=mm&r=g","caption":"Haber Merkezi"},"url":"https:\/\/epochtimestr.com\/index.php\/author\/sendag"}]}},"_links":{"self":[{"href":"https:\/\/epochtimestr.com\/index.php\/wp-json\/wp\/v2\/posts\/169161"}],"collection":[{"href":"https:\/\/epochtimestr.com\/index.php\/wp-json\/wp\/v2\/posts"}],"about":[{"href":"https:\/\/epochtimestr.com\/index.php\/wp-json\/wp\/v2\/types\/post"}],"author":[{"embeddable":true,"href":"https:\/\/epochtimestr.com\/index.php\/wp-json\/wp\/v2\/users\/12791"}],"replies":[{"embeddable":true,"href":"https:\/\/epochtimestr.com\/index.php\/wp-json\/wp\/v2\/comments?post=169161"}],"version-history":[{"count":2,"href":"https:\/\/epochtimestr.com\/index.php\/wp-json\/wp\/v2\/posts\/169161\/revisions"}],"predecessor-version":[{"id":169173,"href":"https:\/\/epochtimestr.com\/index.php\/wp-json\/wp\/v2\/posts\/169161\/revisions\/169173"}],"wp:featuredmedia":[{"embeddable":true,"href":"https:\/\/epochtimestr.com\/index.php\/wp-json\/wp\/v2\/media\/169162"}],"wp:attachment":[{"href":"https:\/\/epochtimestr.com\/index.php\/wp-json\/wp\/v2\/media?parent=169161"}],"wp:term":[{"taxonomy":"category","embeddable":true,"href":"https:\/\/epochtimestr.com\/index.php\/wp-json\/wp\/v2\/categories?post=169161"},{"taxonomy":"post_tag","embeddable":true,"href":"https:\/\/epochtimestr.com\/index.php\/wp-json\/wp\/v2\/tags?post=169161"}],"curies":[{"name":"wp","href":"https:\/\/api.w.org\/{rel}","templated":true}]}}