{"id":169178,"date":"2026-07-24T19:41:22","date_gmt":"2026-07-24T16:41:22","guid":{"rendered":"https:\/\/epochtimestr.com\/?p=169178"},"modified":"2026-07-24T19:41:29","modified_gmt":"2026-07-24T16:41:29","slug":"motorinin-litre-fiyatina-zam-yapilmasi-bekleniyor","status":"publish","type":"post","link":"https:\/\/epochtimestr.com\/index.php\/motorinin-litre-fiyatina-zam-yapilmasi-bekleniyor","title":{"rendered":"Motorinin Litre Fiyat\u0131na Zam Yap\u0131lmas\u0131 Bekleniyor"},"content":{"rendered":"<div class=\"wp-block-image\">\n<figure class=\"aligncenter size-large\"><img loading=\"lazy\" decoding=\"async\" width=\"1200\" height=\"1200\" src=\"https:\/\/epochtimestr.com\/wp-content\/uploads\/2011y\/pixabay-2-1200x1200.webp\" alt=\"D\u00f6viz kurundaki hareketlilik ve pe\u015f pe\u015fe gelen \u00d6TV zamlar\u0131, akaryak\u0131t litre fiyat\u0131na zam \u015feklinde yans\u0131maya devam ediyor.\" class=\"wp-image-169179\" srcset=\"https:\/\/epochtimestr.com\/wp-content\/uploads\/2011y\/pixabay-2-1200x1200.webp 1200w, https:\/\/epochtimestr.com\/wp-content\/uploads\/2011y\/pixabay-2-300x300.webp 300w, https:\/\/epochtimestr.com\/wp-content\/uploads\/2011y\/pixabay-2-150x150.webp 150w, https:\/\/epochtimestr.com\/wp-content\/uploads\/2011y\/pixabay-2-768x768.webp 768w, https:\/\/epochtimestr.com\/wp-content\/uploads\/2011y\/pixabay-2.webp 1280w\" sizes=\"(max-width: 1200px) 100vw, 1200px\" \/><figcaption class=\"wp-element-caption\">Akaryak\u0131t \u00fcr\u00fcnlerinden motorinin litre fiyat\u0131na zam yap\u0131lmas\u0131 bekleniyor. (G\u00f6rsel: olenchic, Pixabay)<\/figcaption><\/figure><\/div>\n\n\n<h2 class=\"wp-block-heading\">D\u00f6viz kurundaki hareketlilik ve pe\u015f pe\u015fe gelen \u00d6TV zamlar\u0131, akaryak\u0131t litre fiyat\u0131na zam \u015feklinde yans\u0131maya devam ediyor.<\/h2>\n\n\n\n<p>Global piyasalarda ya\u015fanan dalgalanmalar, d\u00f6viz kurundaki hareketlilik ve pe\u015f pe\u015fe gelen <a href=\"https:\/\/epochtimestr.com\/index.php\/vergide-sira-engelliye-geldi-otvsiz-arac-uygulamasi-kaldirilacak\" target=\"_blank\" rel=\"noreferrer noopener\">\u00d6TV<\/a> zamlar\u0131, akaryak\u0131t fiyatlar\u0131 \u00fczerinde etkili olmaya devam ediyor. Akaryak\u0131t fiyatlar\u0131nda art arda gelen fiyat g\u00fcncellemelerine bir yenisi daha ekleniyor. D\u00fcn (23 Temmuz) benzine yap\u0131lan 1,35 TL&#8217;lik zamm\u0131n ard\u0131ndan bu kez <a href=\"https:\/\/epochtimestr.com\/index.php\/motorinin-litresine-ortalama-3-lira-8-kurus-zam-geldi\" target=\"_blank\" rel=\"noreferrer noopener\">motorin<\/a> grubunda yeni bir fiyat art\u0131\u015f\u0131 bekleniyor.<\/p>\n\n\n\n<p>K\u00fcresel petrol piyasalar\u0131ndaki dalgalanma, T\u00fcrkiye&#8217;de akaryak\u0131t fiyatlar\u0131n\u0131n da yeniden g\u00fcncellenmesine neden oluyor. \u00d6zellikle d\u00f6viz kuru ve uluslararas\u0131 petrol fiyatlar\u0131ndaki de\u011fi\u015fimler, pompa fiyatlar\u0131na do\u011frudan yans\u0131yor. Sekt\u00f6r verilerine g\u00f6re son art\u0131\u015flar\u0131n ard\u0131ndan motorindeki \u00d6TV tutar\u0131 1,27 TL seviyesine kadar d\u00fc\u015ft\u00fc.<\/p>\n\n\n\n<p><strong>24 Temmuz g\u00fcncel akaryak\u0131t fiyatlar\u0131<\/strong><br \/><strong>\u0130stanbul Avrupa Yakas\u0131<\/strong><br \/>Benzinin litresi: 67,00 TL<br \/>Motorinin litresi: 74,28 TL<br \/>LPG&#8217;nin litresi: 31,19 TL<\/p>\n\n\n\n<p><strong>\u0130stanbul Anadolu Yakas\u0131<\/strong><br \/>Benzinin litresi: 66,35 TL<br \/>Motorinin litresi: 74,13 TL<br \/>LPG&#8217;nin litresi: 30,59 TL<\/p>\n\n\n\n<p><strong>Ankara<\/strong><br \/>Benzinin litresi: 67,97 TL<br \/>Motorinin litresi: 75,40 TL<br \/>LPG&#8217;nin litresi: 31,29 TL<\/p>\n\n\n\n<p><strong>\u0130zmir<\/strong><br \/>Benzinin litresi: 68,25 TL<br \/>Motorinin litresi: 75,67 TL<br \/>LPG&#8217;nin litresi: 31,19 TL<\/p>\n\n\n\n<p><\/p>\n","protected":false},"excerpt":{"rendered":"<p>D\u00f6viz kurundaki hareketlilik ve pe\u015f pe\u015fe gelen \u00d6TV zamlar\u0131, akaryak\u0131t litre fiyat\u0131na zam \u015feklinde yans\u0131maya devam ediyor. Global piyasalarda ya\u015fanan dalgalanmalar, d\u00f6viz kurundaki hareketlilik ve pe\u015f pe\u015fe gelen \u00d6TV zamlar\u0131, akaryak\u0131t fiyatlar\u0131 \u00fczerinde etkili olmaya devam ediyor. Akaryak\u0131t fiyatlar\u0131nda art arda gelen fiyat g\u00fcncellemelerine bir yenisi daha ekleniyor. D\u00fcn (23 Temmuz) benzine yap\u0131lan 1,35 TL&#8217;lik [&hellip;]<\/p>\n","protected":false},"author":12791,"featured_media":169179,"comment_status":"open","ping_status":"open","sticky":false,"template":"","format":"standard","meta":{"_yoast_wpseo_focuskw":"Litre Fiyat\u0131na Zam","_yoast_wpseo_title":"","_yoast_wpseo_metadesc":"D\u00f6viz kurundaki hareketlilik ve pe\u015f pe\u015fe gelen \u00d6TV zamlar\u0131, akaryak\u0131t litre fiyat\u0131na zam \u015feklinde yans\u0131maya devam ediyor.","_bbp_topic_count":0,"_bbp_reply_count":0,"_bbp_total_topic_count":0,"_bbp_total_reply_count":0,"_bbp_voice_count":0,"_bbp_anonymous_reply_count":0,"_bbp_topic_count_hidden":0,"_bbp_reply_count_hidden":0,"_bbp_forum_subforum_count":0,"footnotes":"","_yoast_wpseo_focuskw_text_input":""},"categories":[8225,1,8138,37],"tags":[5143,7673,5144,11890,48],"yoast_head":"<!-- This site is optimized with the Yoast SEO plugin v23.0 - https:\/\/yoast.com\/wordpress\/plugins\/seo\/ -->\n<title>Motorinin Litre Fiyat\u0131na Zam Yap\u0131lmas\u0131 Bekleniyor - The Epoch Times TR<\/title>\n<meta name=\"description\" content=\"D\u00f6viz kurundaki hareketlilik ve pe\u015f pe\u015fe gelen \u00d6TV zamlar\u0131, akaryak\u0131t litre fiyat\u0131na zam \u015feklinde yans\u0131maya devam ediyor.\" \/>\n<meta name=\"robots\" content=\"index, follow, max-snippet:-1, max-image-preview:large, max-video-preview:-1\" \/>\n<link rel=\"canonical\" href=\"https:\/\/epochtimestr.com\/index.php\/motorinin-litre-fiyatina-zam-yapilmasi-bekleniyor\" \/>\n<meta property=\"og:locale\" content=\"tr_TR\" \/>\n<meta property=\"og:type\" content=\"article\" \/>\n<meta property=\"og:title\" content=\"Motorinin Litre Fiyat\u0131na Zam Yap\u0131lmas\u0131 Bekleniyor - The Epoch Times TR\" \/>\n<meta property=\"og:description\" content=\"D\u00f6viz kurundaki hareketlilik ve pe\u015f pe\u015fe gelen \u00d6TV zamlar\u0131, akaryak\u0131t litre fiyat\u0131na zam \u015feklinde yans\u0131maya devam ediyor.\" \/>\n<meta property=\"og:url\" content=\"https:\/\/epochtimestr.com\/index.php\/motorinin-litre-fiyatina-zam-yapilmasi-bekleniyor\" \/>\n<meta property=\"og:site_name\" content=\"The Epoch Times TR\" \/>\n<meta property=\"article:publisher\" content=\"https:\/\/www.facebook.com\/theepochtimestr\" \/>\n<meta property=\"article:published_time\" content=\"2026-07-24T16:41:22+00:00\" \/>\n<meta property=\"article:modified_time\" content=\"2026-07-24T16:41:29+00:00\" \/>\n<meta property=\"og:image\" content=\"https:\/\/epochtimestr.com\/wp-content\/uploads\/2011y\/pixabay-2.webp\" \/>\n\t<meta property=\"og:image:width\" content=\"1280\" \/>\n\t<meta property=\"og:image:height\" content=\"1280\" \/>\n\t<meta property=\"og:image:type\" content=\"image\/webp\" \/>\n<meta name=\"author\" content=\"Haber Merkezi\" \/>\n<meta name=\"twitter:card\" content=\"summary_large_image\" \/>\n<meta name=\"twitter:creator\" content=\"@TheEpochTimesTR\" \/>\n<meta name=\"twitter:site\" content=\"@TheEpochTimesTR\" \/>\n<meta name=\"twitter:label1\" content=\"Yazan:\" \/>\n\t<meta name=\"twitter:data1\" content=\"Haber Merkezi\" \/>\n\t<meta name=\"twitter:label2\" content=\"Tahmini okuma s\u00fcresi\" \/>\n\t<meta name=\"twitter:data2\" content=\"2 dakika\" \/>\n<script type=\"application\/ld+json\" class=\"yoast-schema-graph\">{\"@context\":\"https:\/\/schema.org\",\"@graph\":[{\"@type\":\"Article\",\"@id\":\"https:\/\/epochtimestr.com\/index.php\/motorinin-litre-fiyatina-zam-yapilmasi-bekleniyor#article\",\"isPartOf\":{\"@id\":\"https:\/\/epochtimestr.com\/index.php\/motorinin-litre-fiyatina-zam-yapilmasi-bekleniyor\"},\"author\":{\"name\":\"Haber Merkezi\",\"@id\":\"https:\/\/epochtimestr.com\/#\/schema\/person\/3dc5c3adeb9f43923c5aa85889172fdd\"},\"headline\":\"Motorinin Litre Fiyat\u0131na Zam Yap\u0131lmas\u0131 Bekleniyor\",\"datePublished\":\"2026-07-24T16:41:22+00:00\",\"dateModified\":\"2026-07-24T16:41:29+00:00\",\"mainEntityOfPage\":{\"@id\":\"https:\/\/epochtimestr.com\/index.php\/motorinin-litre-fiyatina-zam-yapilmasi-bekleniyor\"},\"wordCount\":203,\"commentCount\":0,\"publisher\":{\"@id\":\"https:\/\/epochtimestr.com\/#organization\"},\"image\":{\"@id\":\"https:\/\/epochtimestr.com\/index.php\/motorinin-litre-fiyatina-zam-yapilmasi-bekleniyor#primaryimage\"},\"thumbnailUrl\":\"https:\/\/epochtimestr.com\/wp-content\/uploads\/2011y\/pixabay-2.webp\",\"keywords\":[\"benzin\",\"D\u00f6viz\",\"motorin\",\"\u00f6tv\",\"zam\"],\"articleSection\":[\"Ekonomi\",\"G\u00dcNDEM\",\"MAN\u015eET\",\"T\u00dcRK\u0130YE\"],\"inLanguage\":\"tr\",\"potentialAction\":[{\"@type\":\"CommentAction\",\"name\":\"Comment\",\"target\":[\"https:\/\/epochtimestr.com\/index.php\/motorinin-litre-fiyatina-zam-yapilmasi-bekleniyor#respond\"]}]},{\"@type\":\"WebPage\",\"@id\":\"https:\/\/epochtimestr.com\/index.php\/motorinin-litre-fiyatina-zam-yapilmasi-bekleniyor\",\"url\":\"https:\/\/epochtimestr.com\/index.php\/motorinin-litre-fiyatina-zam-yapilmasi-bekleniyor\",\"name\":\"Motorinin Litre Fiyat\u0131na Zam Yap\u0131lmas\u0131 Bekleniyor - The Epoch Times TR\",\"isPartOf\":{\"@id\":\"https:\/\/epochtimestr.com\/#website\"},\"primaryImageOfPage\":{\"@id\":\"https:\/\/epochtimestr.com\/index.php\/motorinin-litre-fiyatina-zam-yapilmasi-bekleniyor#primaryimage\"},\"image\":{\"@id\":\"https:\/\/epochtimestr.com\/index.php\/motorinin-litre-fiyatina-zam-yapilmasi-bekleniyor#primaryimage\"},\"thumbnailUrl\":\"https:\/\/epochtimestr.com\/wp-content\/uploads\/2011y\/pixabay-2.webp\",\"datePublished\":\"2026-07-24T16:41:22+00:00\",\"dateModified\":\"2026-07-24T16:41:29+00:00\",\"description\":\"D\u00f6viz kurundaki hareketlilik ve pe\u015f pe\u015fe gelen \u00d6TV zamlar\u0131, akaryak\u0131t litre fiyat\u0131na zam \u015feklinde yans\u0131maya devam ediyor.\",\"inLanguage\":\"tr\",\"potentialAction\":[{\"@type\":\"ReadAction\",\"target\":[\"https:\/\/epochtimestr.com\/index.php\/motorinin-litre-fiyatina-zam-yapilmasi-bekleniyor\"]}]},{\"@type\":\"ImageObject\",\"inLanguage\":\"tr\",\"@id\":\"https:\/\/epochtimestr.com\/index.php\/motorinin-litre-fiyatina-zam-yapilmasi-bekleniyor#primaryimage\",\"url\":\"https:\/\/epochtimestr.com\/wp-content\/uploads\/2011y\/pixabay-2.webp\",\"contentUrl\":\"https:\/\/epochtimestr.com\/wp-content\/uploads\/2011y\/pixabay-2.webp\",\"width\":1280,\"height\":1280},{\"@type\":\"WebSite\",\"@id\":\"https:\/\/epochtimestr.com\/#website\",\"url\":\"https:\/\/epochtimestr.com\/\",\"name\":\"The Epoch Times TR\",\"description\":\"De\u011fi\u015fen D\u00fcnyam\u0131za Taze Bir Bak\u0131\u015f\",\"publisher\":{\"@id\":\"https:\/\/epochtimestr.com\/#organization\"},\"potentialAction\":[{\"@type\":\"SearchAction\",\"target\":{\"@type\":\"EntryPoint\",\"urlTemplate\":\"https:\/\/epochtimestr.com\/?s={search_term_string}\"},\"query-input\":\"required name=search_term_string\"}],\"inLanguage\":\"tr\"},{\"@type\":\"Organization\",\"@id\":\"https:\/\/epochtimestr.com\/#organization\",\"name\":\"The EpochTimes T\u00fcrkiye\",\"url\":\"https:\/\/epochtimestr.com\/\",\"logo\":{\"@type\":\"ImageObject\",\"inLanguage\":\"tr\",\"@id\":\"https:\/\/epochtimestr.com\/#\/schema\/logo\/image\/\",\"url\":\"https:\/\/epochtimestr.com\/wp-content\/uploads\/2011y\/ET-Logo-YG.jpg\",\"contentUrl\":\"https:\/\/epochtimestr.com\/wp-content\/uploads\/2011y\/ET-Logo-YG.jpg\",\"width\":346,\"height\":29,\"caption\":\"The EpochTimes T\u00fcrkiye\"},\"image\":{\"@id\":\"https:\/\/epochtimestr.com\/#\/schema\/logo\/image\/\"},\"sameAs\":[\"https:\/\/www.facebook.com\/theepochtimestr\",\"https:\/\/x.com\/TheEpochTimesTR\",\"https:\/\/www.instagram.com\/epochtimestr\"]},{\"@type\":\"Person\",\"@id\":\"https:\/\/epochtimestr.com\/#\/schema\/person\/3dc5c3adeb9f43923c5aa85889172fdd\",\"name\":\"Haber Merkezi\",\"image\":{\"@type\":\"ImageObject\",\"inLanguage\":\"tr\",\"@id\":\"https:\/\/epochtimestr.com\/#\/schema\/person\/image\/\",\"url\":\"https:\/\/secure.gravatar.com\/avatar\/d73f772ba5a74f28601361e17c2f93e6?s=96&d=mm&r=g\",\"contentUrl\":\"https:\/\/secure.gravatar.com\/avatar\/d73f772ba5a74f28601361e17c2f93e6?s=96&d=mm&r=g\",\"caption\":\"Haber Merkezi\"},\"url\":\"https:\/\/epochtimestr.com\/index.php\/author\/sendag\"}]}<\/script>\n<!-- \/ Yoast SEO plugin. -->","yoast_head_json":{"title":"Motorinin Litre Fiyat\u0131na Zam Yap\u0131lmas\u0131 Bekleniyor - The Epoch Times TR","description":"D\u00f6viz kurundaki hareketlilik ve pe\u015f pe\u015fe gelen \u00d6TV zamlar\u0131, akaryak\u0131t litre fiyat\u0131na zam \u015feklinde yans\u0131maya devam ediyor.","robots":{"index":"index","follow":"follow","max-snippet":"max-snippet:-1","max-image-preview":"max-image-preview:large","max-video-preview":"max-video-preview:-1"},"canonical":"https:\/\/epochtimestr.com\/index.php\/motorinin-litre-fiyatina-zam-yapilmasi-bekleniyor","og_locale":"tr_TR","og_type":"article","og_title":"Motorinin Litre Fiyat\u0131na Zam Yap\u0131lmas\u0131 Bekleniyor - The Epoch Times TR","og_description":"D\u00f6viz kurundaki hareketlilik ve pe\u015f pe\u015fe gelen \u00d6TV zamlar\u0131, akaryak\u0131t litre fiyat\u0131na zam \u015feklinde yans\u0131maya devam ediyor.","og_url":"https:\/\/epochtimestr.com\/index.php\/motorinin-litre-fiyatina-zam-yapilmasi-bekleniyor","og_site_name":"The Epoch Times TR","article_publisher":"https:\/\/www.facebook.com\/theepochtimestr","article_published_time":"2026-07-24T16:41:22+00:00","article_modified_time":"2026-07-24T16:41:29+00:00","og_image":[{"width":1280,"height":1280,"url":"https:\/\/epochtimestr.com\/wp-content\/uploads\/2011y\/pixabay-2.webp","type":"image\/webp"}],"author":"Haber Merkezi","twitter_card":"summary_large_image","twitter_creator":"@TheEpochTimesTR","twitter_site":"@TheEpochTimesTR","twitter_misc":{"Yazan:":"Haber Merkezi","Tahmini okuma s\u00fcresi":"2 dakika"},"schema":{"@context":"https:\/\/schema.org","@graph":[{"@type":"Article","@id":"https:\/\/epochtimestr.com\/index.php\/motorinin-litre-fiyatina-zam-yapilmasi-bekleniyor#article","isPartOf":{"@id":"https:\/\/epochtimestr.com\/index.php\/motorinin-litre-fiyatina-zam-yapilmasi-bekleniyor"},"author":{"name":"Haber Merkezi","@id":"https:\/\/epochtimestr.com\/#\/schema\/person\/3dc5c3adeb9f43923c5aa85889172fdd"},"headline":"Motorinin Litre Fiyat\u0131na Zam Yap\u0131lmas\u0131 Bekleniyor","datePublished":"2026-07-24T16:41:22+00:00","dateModified":"2026-07-24T16:41:29+00:00","mainEntityOfPage":{"@id":"https:\/\/epochtimestr.com\/index.php\/motorinin-litre-fiyatina-zam-yapilmasi-bekleniyor"},"wordCount":203,"commentCount":0,"publisher":{"@id":"https:\/\/epochtimestr.com\/#organization"},"image":{"@id":"https:\/\/epochtimestr.com\/index.php\/motorinin-litre-fiyatina-zam-yapilmasi-bekleniyor#primaryimage"},"thumbnailUrl":"https:\/\/epochtimestr.com\/wp-content\/uploads\/2011y\/pixabay-2.webp","keywords":["benzin","D\u00f6viz","motorin","\u00f6tv","zam"],"articleSection":["Ekonomi","G\u00dcNDEM","MAN\u015eET","T\u00dcRK\u0130YE"],"inLanguage":"tr","potentialAction":[{"@type":"CommentAction","name":"Comment","target":["https:\/\/epochtimestr.com\/index.php\/motorinin-litre-fiyatina-zam-yapilmasi-bekleniyor#respond"]}]},{"@type":"WebPage","@id":"https:\/\/epochtimestr.com\/index.php\/motorinin-litre-fiyatina-zam-yapilmasi-bekleniyor","url":"https:\/\/epochtimestr.com\/index.php\/motorinin-litre-fiyatina-zam-yapilmasi-bekleniyor","name":"Motorinin Litre Fiyat\u0131na Zam Yap\u0131lmas\u0131 Bekleniyor - The Epoch Times TR","isPartOf":{"@id":"https:\/\/epochtimestr.com\/#website"},"primaryImageOfPage":{"@id":"https:\/\/epochtimestr.com\/index.php\/motorinin-litre-fiyatina-zam-yapilmasi-bekleniyor#primaryimage"},"image":{"@id":"https:\/\/epochtimestr.com\/index.php\/motorinin-litre-fiyatina-zam-yapilmasi-bekleniyor#primaryimage"},"thumbnailUrl":"https:\/\/epochtimestr.com\/wp-content\/uploads\/2011y\/pixabay-2.webp","datePublished":"2026-07-24T16:41:22+00:00","dateModified":"2026-07-24T16:41:29+00:00","description":"D\u00f6viz kurundaki hareketlilik ve pe\u015f pe\u015fe gelen \u00d6TV zamlar\u0131, akaryak\u0131t litre fiyat\u0131na zam \u015feklinde yans\u0131maya devam ediyor.","inLanguage":"tr","potentialAction":[{"@type":"ReadAction","target":["https:\/\/epochtimestr.com\/index.php\/motorinin-litre-fiyatina-zam-yapilmasi-bekleniyor"]}]},{"@type":"ImageObject","inLanguage":"tr","@id":"https:\/\/epochtimestr.com\/index.php\/motorinin-litre-fiyatina-zam-yapilmasi-bekleniyor#primaryimage","url":"https:\/\/epochtimestr.com\/wp-content\/uploads\/2011y\/pixabay-2.webp","contentUrl":"https:\/\/epochtimestr.com\/wp-content\/uploads\/2011y\/pixabay-2.webp","width":1280,"height":1280},{"@type":"WebSite","@id":"https:\/\/epochtimestr.com\/#website","url":"https:\/\/epochtimestr.com\/","name":"The Epoch Times TR","description":"De\u011fi\u015fen D\u00fcnyam\u0131za Taze Bir Bak\u0131\u015f","publisher":{"@id":"https:\/\/epochtimestr.com\/#organization"},"potentialAction":[{"@type":"SearchAction","target":{"@type":"EntryPoint","urlTemplate":"https:\/\/epochtimestr.com\/?s={search_term_string}"},"query-input":"required name=search_term_string"}],"inLanguage":"tr"},{"@type":"Organization","@id":"https:\/\/epochtimestr.com\/#organization","name":"The EpochTimes T\u00fcrkiye","url":"https:\/\/epochtimestr.com\/","logo":{"@type":"ImageObject","inLanguage":"tr","@id":"https:\/\/epochtimestr.com\/#\/schema\/logo\/image\/","url":"https:\/\/epochtimestr.com\/wp-content\/uploads\/2011y\/ET-Logo-YG.jpg","contentUrl":"https:\/\/epochtimestr.com\/wp-content\/uploads\/2011y\/ET-Logo-YG.jpg","width":346,"height":29,"caption":"The EpochTimes T\u00fcrkiye"},"image":{"@id":"https:\/\/epochtimestr.com\/#\/schema\/logo\/image\/"},"sameAs":["https:\/\/www.facebook.com\/theepochtimestr","https:\/\/x.com\/TheEpochTimesTR","https:\/\/www.instagram.com\/epochtimestr"]},{"@type":"Person","@id":"https:\/\/epochtimestr.com\/#\/schema\/person\/3dc5c3adeb9f43923c5aa85889172fdd","name":"Haber Merkezi","image":{"@type":"ImageObject","inLanguage":"tr","@id":"https:\/\/epochtimestr.com\/#\/schema\/person\/image\/","url":"https:\/\/secure.gravatar.com\/avatar\/d73f772ba5a74f28601361e17c2f93e6?s=96&d=mm&r=g","contentUrl":"https:\/\/secure.gravatar.com\/avatar\/d73f772ba5a74f28601361e17c2f93e6?s=96&d=mm&r=g","caption":"Haber Merkezi"},"url":"https:\/\/epochtimestr.com\/index.php\/author\/sendag"}]}},"_links":{"self":[{"href":"https:\/\/epochtimestr.com\/index.php\/wp-json\/wp\/v2\/posts\/169178"}],"collection":[{"href":"https:\/\/epochtimestr.com\/index.php\/wp-json\/wp\/v2\/posts"}],"about":[{"href":"https:\/\/epochtimestr.com\/index.php\/wp-json\/wp\/v2\/types\/post"}],"author":[{"embeddable":true,"href":"https:\/\/epochtimestr.com\/index.php\/wp-json\/wp\/v2\/users\/12791"}],"replies":[{"embeddable":true,"href":"https:\/\/epochtimestr.com\/index.php\/wp-json\/wp\/v2\/comments?post=169178"}],"version-history":[{"count":2,"href":"https:\/\/epochtimestr.com\/index.php\/wp-json\/wp\/v2\/posts\/169178\/revisions"}],"predecessor-version":[{"id":169187,"href":"https:\/\/epochtimestr.com\/index.php\/wp-json\/wp\/v2\/posts\/169178\/revisions\/169187"}],"wp:featuredmedia":[{"embeddable":true,"href":"https:\/\/epochtimestr.com\/index.php\/wp-json\/wp\/v2\/media\/169179"}],"wp:attachment":[{"href":"https:\/\/epochtimestr.com\/index.php\/wp-json\/wp\/v2\/media?parent=169178"}],"wp:term":[{"taxonomy":"category","embeddable":true,"href":"https:\/\/epochtimestr.com\/index.php\/wp-json\/wp\/v2\/categories?post=169178"},{"taxonomy":"post_tag","embeddable":true,"href":"https:\/\/epochtimestr.com\/index.php\/wp-json\/wp\/v2\/tags?post=169178"}],"curies":[{"name":"wp","href":"https:\/\/api.w.org\/{rel}","templated":true}]}}