{"id":169183,"date":"2026-07-24T19:10:27","date_gmt":"2026-07-24T16:10:27","guid":{"rendered":"https:\/\/epochtimestr.com\/?p=169183"},"modified":"2026-07-24T19:48:00","modified_gmt":"2026-07-24T16:48:00","slug":"ugc-genel-baskani-ahmet-ozden-ilke-ve-ozgurluk-vurgusu","status":"publish","type":"post","link":"https:\/\/epochtimestr.com\/index.php\/ugc-genel-baskani-ahmet-ozden-ilke-ve-ozgurluk-vurgusu","title":{"rendered":"UGC Genel Ba\u015fkan\u0131 Ahmet \u00d6z&#8217;den \u0130lke ve \u00d6zg\u00fcrl\u00fck  Vurgusu"},"content":{"rendered":"<div class=\"wp-block-image\">\n<figure class=\"aligncenter size-full is-resized\"><img loading=\"lazy\" decoding=\"async\" width=\"800\" height=\"712\" src=\"https:\/\/epochtimestr.com\/wp-content\/uploads\/2011y\/144064.jpg\" alt=\"UGC Genel Ba\u015fkan\u0131 Ahmet \u00d6z (Foto\u011fraf: UGC web sayfas\u0131)\" class=\"wp-image-169184\" style=\"width:800px;height:auto\" srcset=\"https:\/\/epochtimestr.com\/wp-content\/uploads\/2011y\/144064.jpg 800w, https:\/\/epochtimestr.com\/wp-content\/uploads\/2011y\/144064-300x267.jpg 300w, https:\/\/epochtimestr.com\/wp-content\/uploads\/2011y\/144064-150x134.jpg 150w, https:\/\/epochtimestr.com\/wp-content\/uploads\/2011y\/144064-768x684.jpg 768w\" sizes=\"(max-width: 800px) 100vw, 800px\" \/><figcaption class=\"wp-element-caption\">UGC Genel Ba\u015fkan\u0131 Ahmet \u00d6z (Foto\u011fraf: UGC web sayfas\u0131)<\/figcaption><\/figure><\/div>\n\n\n<p>Uluslararas\u0131 Gazeteciler Cemiyeti UGC Genel Ba\u015fkan\u0131 Ahmet \u00d6z, 24 Temmuz Gazeteciler ve Bas\u0131n Bayram\u0131 dolay\u0131s\u0131yla yay\u0131mlad\u0131\u011f\u0131 mesajda, tarafs\u0131z, ilkeli ve \u00f6zg\u00fcr bas\u0131n\u0131n g\u00fc\u00e7l\u00fc demokrasilerin temel unsurlar\u0131ndan biri oldu\u011funu belirterek, t\u00fcm gazetecilerin ve bas\u0131n \u00e7al\u0131\u015fanlar\u0131n\u0131n 24 Temmuz Bas\u0131n Bayram\u0131&#8217;n\u0131 kutlad\u0131<\/p>\n\n\n\n<p><strong>Bas\u0131n kamu ad\u0131na \u00f6nemli bir g\u00f6rev \u00fcstleniyor<\/strong><\/p>\n\n\n\n<p>Genel Ba\u015fkan Ahmet \u00d6z, bas\u0131n mensuplar\u0131n\u0131n kamuoyunu do\u011fru ve tarafs\u0131z bilgilendirmek ad\u0131na b\u00fcy\u00fck bir \u00f6zveriyle g\u00f6rev yapt\u0131\u011f\u0131n\u0131 ifade ederek, gazetecili\u011fin yaln\u0131zca haber \u00fcretmekten ibaret olmad\u0131\u011f\u0131n\u0131, ayn\u0131 zamanda toplumsal sorumluluk ta\u015f\u0131yan kutsal bir meslek oldu\u011funu vurgulad\u0131. \u00d6z, mesaj\u0131nda \u015fu ifadelere yer verdi; &#8220;24 Temmuz, T\u00fcrk bas\u0131n tarihinde sans\u00fcr\u00fcn kald\u0131r\u0131l\u0131\u015f\u0131n\u0131 simgeleyen \u00f6nemli bir d\u00f6n\u00fcm noktas\u0131d\u0131r. Bu anlaml\u0131 g\u00fcn, bas\u0131n \u00f6zg\u00fcrl\u00fc\u011f\u00fcn\u00fcn, halk\u0131n do\u011fru bilgiye ula\u015fma hakk\u0131n\u0131n ve meslek eti\u011finin \u00f6nemini bir kez daha hat\u0131rlatmaktad\u0131r. Zor \u015fartlar alt\u0131nda g\u00f6rev yapan t\u00fcm bas\u0131n emek\u00e7ilerimize te\u015fekk\u00fcr ediyor, g\u00f6revleri ba\u015f\u0131nda hayat\u0131n\u0131 kaybeden gazetecilerimizi rahmetle an\u0131yorum. T\u00fcm meslekta\u015flar\u0131m\u0131z\u0131n 24 Temmuz Gazeteciler ve Bas\u0131n Bayram\u0131&#8217;n\u0131 kutluyor, \u00e7al\u0131\u015fmalar\u0131nda ba\u015far\u0131lar diliyorum.&#8221;<\/p>\n","protected":false},"excerpt":{"rendered":"<p>Uluslararas\u0131 Gazeteciler Cemiyeti UGC Genel Ba\u015fkan\u0131 Ahmet \u00d6z, 24 Temmuz Gazeteciler ve Bas\u0131n Bayram\u0131 dolay\u0131s\u0131yla yay\u0131mlad\u0131\u011f\u0131 mesajda, tarafs\u0131z, ilkeli ve \u00f6zg\u00fcr bas\u0131n\u0131n g\u00fc\u00e7l\u00fc demokrasilerin temel unsurlar\u0131ndan biri oldu\u011funu belirterek, t\u00fcm gazetecilerin ve bas\u0131n \u00e7al\u0131\u015fanlar\u0131n\u0131n 24 Temmuz Bas\u0131n Bayram\u0131&#8217;n\u0131 kutlad\u0131 Bas\u0131n kamu ad\u0131na \u00f6nemli bir g\u00f6rev \u00fcstleniyor Genel Ba\u015fkan Ahmet \u00d6z, bas\u0131n mensuplar\u0131n\u0131n kamuoyunu do\u011fru ve [&hellip;]<\/p>\n","protected":false},"author":12791,"featured_media":169184,"comment_status":"open","ping_status":"open","sticky":false,"template":"","format":"standard","meta":{"_yoast_wpseo_focuskw":"UGC Genel Ba\u015fkan\u0131","_yoast_wpseo_title":"","_yoast_wpseo_metadesc":"Uluslararas\u0131 Gazeteciler Cemiyeti UGC Genel Ba\u015fkan\u0131 Ahmet \u00d6z, 24 Temmuz Gazeteciler ve Bas\u0131n Bayram\u0131 dolay\u0131s\u0131yla mesaj yay\u0131nlad\u0131.","_bbp_topic_count":0,"_bbp_reply_count":0,"_bbp_total_topic_count":0,"_bbp_total_reply_count":0,"_bbp_voice_count":0,"_bbp_anonymous_reply_count":0,"_bbp_topic_count_hidden":0,"_bbp_reply_count_hidden":0,"_bbp_forum_subforum_count":0,"footnotes":"","_yoast_wpseo_focuskw_text_input":""},"categories":[1,8138,8226],"tags":[11894,11893,11892,11891],"yoast_head":"<!-- This site is optimized with the Yoast SEO plugin v23.0 - https:\/\/yoast.com\/wordpress\/plugins\/seo\/ -->\n<title>UGC Genel Ba\u015fkan\u0131 Ahmet \u00d6z&#039;den \u0130lke ve \u00d6zg\u00fcrl\u00fck Vurgusu - The Epoch Times TR<\/title>\n<meta name=\"description\" content=\"Uluslararas\u0131 Gazeteciler Cemiyeti UGC Genel Ba\u015fkan\u0131 Ahmet \u00d6z, 24 Temmuz Gazeteciler ve Bas\u0131n Bayram\u0131 dolay\u0131s\u0131yla mesaj yay\u0131nlad\u0131.\" \/>\n<meta name=\"robots\" content=\"index, follow, max-snippet:-1, max-image-preview:large, max-video-preview:-1\" \/>\n<link rel=\"canonical\" href=\"https:\/\/epochtimestr.com\/index.php\/ugc-genel-baskani-ahmet-ozden-ilke-ve-ozgurluk-vurgusu\" \/>\n<meta property=\"og:locale\" content=\"tr_TR\" \/>\n<meta property=\"og:type\" content=\"article\" \/>\n<meta property=\"og:title\" content=\"UGC Genel Ba\u015fkan\u0131 Ahmet \u00d6z&#039;den \u0130lke ve \u00d6zg\u00fcrl\u00fck Vurgusu - The Epoch Times TR\" \/>\n<meta property=\"og:description\" content=\"Uluslararas\u0131 Gazeteciler Cemiyeti UGC Genel Ba\u015fkan\u0131 Ahmet \u00d6z, 24 Temmuz Gazeteciler ve Bas\u0131n Bayram\u0131 dolay\u0131s\u0131yla mesaj yay\u0131nlad\u0131.\" \/>\n<meta property=\"og:url\" content=\"https:\/\/epochtimestr.com\/index.php\/ugc-genel-baskani-ahmet-ozden-ilke-ve-ozgurluk-vurgusu\" \/>\n<meta property=\"og:site_name\" content=\"The Epoch Times TR\" \/>\n<meta property=\"article:publisher\" content=\"https:\/\/www.facebook.com\/theepochtimestr\" \/>\n<meta property=\"article:published_time\" content=\"2026-07-24T16:10:27+00:00\" \/>\n<meta property=\"article:modified_time\" content=\"2026-07-24T16:48:00+00:00\" \/>\n<meta property=\"og:image\" content=\"https:\/\/epochtimestr.com\/wp-content\/uploads\/2011y\/144064.jpg\" \/>\n\t<meta property=\"og:image:width\" content=\"800\" \/>\n\t<meta property=\"og:image:height\" content=\"712\" \/>\n\t<meta property=\"og:image:type\" content=\"image\/jpeg\" \/>\n<meta name=\"author\" content=\"Haber Merkezi\" \/>\n<meta name=\"twitter:card\" content=\"summary_large_image\" \/>\n<meta name=\"twitter:creator\" content=\"@TheEpochTimesTR\" \/>\n<meta name=\"twitter:site\" content=\"@TheEpochTimesTR\" \/>\n<meta name=\"twitter:label1\" content=\"Yazan:\" \/>\n\t<meta name=\"twitter:data1\" content=\"Haber Merkezi\" \/>\n\t<meta name=\"twitter:label2\" content=\"Tahmini okuma s\u00fcresi\" \/>\n\t<meta name=\"twitter:data2\" content=\"2 dakika\" \/>\n<script type=\"application\/ld+json\" class=\"yoast-schema-graph\">{\"@context\":\"https:\/\/schema.org\",\"@graph\":[{\"@type\":\"Article\",\"@id\":\"https:\/\/epochtimestr.com\/index.php\/ugc-genel-baskani-ahmet-ozden-ilke-ve-ozgurluk-vurgusu#article\",\"isPartOf\":{\"@id\":\"https:\/\/epochtimestr.com\/index.php\/ugc-genel-baskani-ahmet-ozden-ilke-ve-ozgurluk-vurgusu\"},\"author\":{\"name\":\"Haber Merkezi\",\"@id\":\"https:\/\/epochtimestr.com\/#\/schema\/person\/3dc5c3adeb9f43923c5aa85889172fdd\"},\"headline\":\"UGC Genel Ba\u015fkan\u0131 Ahmet \u00d6z&#8217;den \u0130lke ve \u00d6zg\u00fcrl\u00fck Vurgusu\",\"datePublished\":\"2026-07-24T16:10:27+00:00\",\"dateModified\":\"2026-07-24T16:48:00+00:00\",\"mainEntityOfPage\":{\"@id\":\"https:\/\/epochtimestr.com\/index.php\/ugc-genel-baskani-ahmet-ozden-ilke-ve-ozgurluk-vurgusu\"},\"wordCount\":250,\"commentCount\":0,\"publisher\":{\"@id\":\"https:\/\/epochtimestr.com\/#organization\"},\"image\":{\"@id\":\"https:\/\/epochtimestr.com\/index.php\/ugc-genel-baskani-ahmet-ozden-ilke-ve-ozgurluk-vurgusu#primaryimage\"},\"thumbnailUrl\":\"https:\/\/epochtimestr.com\/wp-content\/uploads\/2011y\/144064.jpg\",\"keywords\":[\"24 Temmuz Gazeteciler ve Bas\u0131n Bayram\u0131\",\"Ahmet \u00d6z\",\"UGC\",\"Uluslararas\u0131 Gazeteciler Cemiyeti\"],\"articleSection\":[\"G\u00dcNDEM\",\"MAN\u015eET\",\"Siyaset\"],\"inLanguage\":\"tr\",\"potentialAction\":[{\"@type\":\"CommentAction\",\"name\":\"Comment\",\"target\":[\"https:\/\/epochtimestr.com\/index.php\/ugc-genel-baskani-ahmet-ozden-ilke-ve-ozgurluk-vurgusu#respond\"]}]},{\"@type\":\"WebPage\",\"@id\":\"https:\/\/epochtimestr.com\/index.php\/ugc-genel-baskani-ahmet-ozden-ilke-ve-ozgurluk-vurgusu\",\"url\":\"https:\/\/epochtimestr.com\/index.php\/ugc-genel-baskani-ahmet-ozden-ilke-ve-ozgurluk-vurgusu\",\"name\":\"UGC Genel Ba\u015fkan\u0131 Ahmet \u00d6z'den \u0130lke ve \u00d6zg\u00fcrl\u00fck Vurgusu - The Epoch Times TR\",\"isPartOf\":{\"@id\":\"https:\/\/epochtimestr.com\/#website\"},\"primaryImageOfPage\":{\"@id\":\"https:\/\/epochtimestr.com\/index.php\/ugc-genel-baskani-ahmet-ozden-ilke-ve-ozgurluk-vurgusu#primaryimage\"},\"image\":{\"@id\":\"https:\/\/epochtimestr.com\/index.php\/ugc-genel-baskani-ahmet-ozden-ilke-ve-ozgurluk-vurgusu#primaryimage\"},\"thumbnailUrl\":\"https:\/\/epochtimestr.com\/wp-content\/uploads\/2011y\/144064.jpg\",\"datePublished\":\"2026-07-24T16:10:27+00:00\",\"dateModified\":\"2026-07-24T16:48:00+00:00\",\"description\":\"Uluslararas\u0131 Gazeteciler Cemiyeti UGC Genel Ba\u015fkan\u0131 Ahmet \u00d6z, 24 Temmuz Gazeteciler ve Bas\u0131n Bayram\u0131 dolay\u0131s\u0131yla mesaj yay\u0131nlad\u0131.\",\"inLanguage\":\"tr\",\"potentialAction\":[{\"@type\":\"ReadAction\",\"target\":[\"https:\/\/epochtimestr.com\/index.php\/ugc-genel-baskani-ahmet-ozden-ilke-ve-ozgurluk-vurgusu\"]}]},{\"@type\":\"ImageObject\",\"inLanguage\":\"tr\",\"@id\":\"https:\/\/epochtimestr.com\/index.php\/ugc-genel-baskani-ahmet-ozden-ilke-ve-ozgurluk-vurgusu#primaryimage\",\"url\":\"https:\/\/epochtimestr.com\/wp-content\/uploads\/2011y\/144064.jpg\",\"contentUrl\":\"https:\/\/epochtimestr.com\/wp-content\/uploads\/2011y\/144064.jpg\",\"width\":800,\"height\":712},{\"@type\":\"WebSite\",\"@id\":\"https:\/\/epochtimestr.com\/#website\",\"url\":\"https:\/\/epochtimestr.com\/\",\"name\":\"The Epoch Times TR\",\"description\":\"De\u011fi\u015fen D\u00fcnyam\u0131za Taze Bir Bak\u0131\u015f\",\"publisher\":{\"@id\":\"https:\/\/epochtimestr.com\/#organization\"},\"potentialAction\":[{\"@type\":\"SearchAction\",\"target\":{\"@type\":\"EntryPoint\",\"urlTemplate\":\"https:\/\/epochtimestr.com\/?s={search_term_string}\"},\"query-input\":\"required name=search_term_string\"}],\"inLanguage\":\"tr\"},{\"@type\":\"Organization\",\"@id\":\"https:\/\/epochtimestr.com\/#organization\",\"name\":\"The EpochTimes T\u00fcrkiye\",\"url\":\"https:\/\/epochtimestr.com\/\",\"logo\":{\"@type\":\"ImageObject\",\"inLanguage\":\"tr\",\"@id\":\"https:\/\/epochtimestr.com\/#\/schema\/logo\/image\/\",\"url\":\"https:\/\/epochtimestr.com\/wp-content\/uploads\/2011y\/ET-Logo-YG.jpg\",\"contentUrl\":\"https:\/\/epochtimestr.com\/wp-content\/uploads\/2011y\/ET-Logo-YG.jpg\",\"width\":346,\"height\":29,\"caption\":\"The EpochTimes T\u00fcrkiye\"},\"image\":{\"@id\":\"https:\/\/epochtimestr.com\/#\/schema\/logo\/image\/\"},\"sameAs\":[\"https:\/\/www.facebook.com\/theepochtimestr\",\"https:\/\/x.com\/TheEpochTimesTR\",\"https:\/\/www.instagram.com\/epochtimestr\"]},{\"@type\":\"Person\",\"@id\":\"https:\/\/epochtimestr.com\/#\/schema\/person\/3dc5c3adeb9f43923c5aa85889172fdd\",\"name\":\"Haber Merkezi\",\"image\":{\"@type\":\"ImageObject\",\"inLanguage\":\"tr\",\"@id\":\"https:\/\/epochtimestr.com\/#\/schema\/person\/image\/\",\"url\":\"https:\/\/secure.gravatar.com\/avatar\/d73f772ba5a74f28601361e17c2f93e6?s=96&d=mm&r=g\",\"contentUrl\":\"https:\/\/secure.gravatar.com\/avatar\/d73f772ba5a74f28601361e17c2f93e6?s=96&d=mm&r=g\",\"caption\":\"Haber Merkezi\"},\"url\":\"https:\/\/epochtimestr.com\/index.php\/author\/sendag\"}]}<\/script>\n<!-- \/ Yoast SEO plugin. -->","yoast_head_json":{"title":"UGC Genel Ba\u015fkan\u0131 Ahmet \u00d6z'den \u0130lke ve \u00d6zg\u00fcrl\u00fck Vurgusu - The Epoch Times TR","description":"Uluslararas\u0131 Gazeteciler Cemiyeti UGC Genel Ba\u015fkan\u0131 Ahmet \u00d6z, 24 Temmuz Gazeteciler ve Bas\u0131n Bayram\u0131 dolay\u0131s\u0131yla mesaj yay\u0131nlad\u0131.","robots":{"index":"index","follow":"follow","max-snippet":"max-snippet:-1","max-image-preview":"max-image-preview:large","max-video-preview":"max-video-preview:-1"},"canonical":"https:\/\/epochtimestr.com\/index.php\/ugc-genel-baskani-ahmet-ozden-ilke-ve-ozgurluk-vurgusu","og_locale":"tr_TR","og_type":"article","og_title":"UGC Genel Ba\u015fkan\u0131 Ahmet \u00d6z'den \u0130lke ve \u00d6zg\u00fcrl\u00fck Vurgusu - The Epoch Times TR","og_description":"Uluslararas\u0131 Gazeteciler Cemiyeti UGC Genel Ba\u015fkan\u0131 Ahmet \u00d6z, 24 Temmuz Gazeteciler ve Bas\u0131n Bayram\u0131 dolay\u0131s\u0131yla mesaj yay\u0131nlad\u0131.","og_url":"https:\/\/epochtimestr.com\/index.php\/ugc-genel-baskani-ahmet-ozden-ilke-ve-ozgurluk-vurgusu","og_site_name":"The Epoch Times TR","article_publisher":"https:\/\/www.facebook.com\/theepochtimestr","article_published_time":"2026-07-24T16:10:27+00:00","article_modified_time":"2026-07-24T16:48:00+00:00","og_image":[{"width":800,"height":712,"url":"https:\/\/epochtimestr.com\/wp-content\/uploads\/2011y\/144064.jpg","type":"image\/jpeg"}],"author":"Haber Merkezi","twitter_card":"summary_large_image","twitter_creator":"@TheEpochTimesTR","twitter_site":"@TheEpochTimesTR","twitter_misc":{"Yazan:":"Haber Merkezi","Tahmini okuma s\u00fcresi":"2 dakika"},"schema":{"@context":"https:\/\/schema.org","@graph":[{"@type":"Article","@id":"https:\/\/epochtimestr.com\/index.php\/ugc-genel-baskani-ahmet-ozden-ilke-ve-ozgurluk-vurgusu#article","isPartOf":{"@id":"https:\/\/epochtimestr.com\/index.php\/ugc-genel-baskani-ahmet-ozden-ilke-ve-ozgurluk-vurgusu"},"author":{"name":"Haber Merkezi","@id":"https:\/\/epochtimestr.com\/#\/schema\/person\/3dc5c3adeb9f43923c5aa85889172fdd"},"headline":"UGC Genel Ba\u015fkan\u0131 Ahmet \u00d6z&#8217;den \u0130lke ve \u00d6zg\u00fcrl\u00fck Vurgusu","datePublished":"2026-07-24T16:10:27+00:00","dateModified":"2026-07-24T16:48:00+00:00","mainEntityOfPage":{"@id":"https:\/\/epochtimestr.com\/index.php\/ugc-genel-baskani-ahmet-ozden-ilke-ve-ozgurluk-vurgusu"},"wordCount":250,"commentCount":0,"publisher":{"@id":"https:\/\/epochtimestr.com\/#organization"},"image":{"@id":"https:\/\/epochtimestr.com\/index.php\/ugc-genel-baskani-ahmet-ozden-ilke-ve-ozgurluk-vurgusu#primaryimage"},"thumbnailUrl":"https:\/\/epochtimestr.com\/wp-content\/uploads\/2011y\/144064.jpg","keywords":["24 Temmuz Gazeteciler ve Bas\u0131n Bayram\u0131","Ahmet \u00d6z","UGC","Uluslararas\u0131 Gazeteciler Cemiyeti"],"articleSection":["G\u00dcNDEM","MAN\u015eET","Siyaset"],"inLanguage":"tr","potentialAction":[{"@type":"CommentAction","name":"Comment","target":["https:\/\/epochtimestr.com\/index.php\/ugc-genel-baskani-ahmet-ozden-ilke-ve-ozgurluk-vurgusu#respond"]}]},{"@type":"WebPage","@id":"https:\/\/epochtimestr.com\/index.php\/ugc-genel-baskani-ahmet-ozden-ilke-ve-ozgurluk-vurgusu","url":"https:\/\/epochtimestr.com\/index.php\/ugc-genel-baskani-ahmet-ozden-ilke-ve-ozgurluk-vurgusu","name":"UGC Genel Ba\u015fkan\u0131 Ahmet \u00d6z'den \u0130lke ve \u00d6zg\u00fcrl\u00fck Vurgusu - The Epoch Times TR","isPartOf":{"@id":"https:\/\/epochtimestr.com\/#website"},"primaryImageOfPage":{"@id":"https:\/\/epochtimestr.com\/index.php\/ugc-genel-baskani-ahmet-ozden-ilke-ve-ozgurluk-vurgusu#primaryimage"},"image":{"@id":"https:\/\/epochtimestr.com\/index.php\/ugc-genel-baskani-ahmet-ozden-ilke-ve-ozgurluk-vurgusu#primaryimage"},"thumbnailUrl":"https:\/\/epochtimestr.com\/wp-content\/uploads\/2011y\/144064.jpg","datePublished":"2026-07-24T16:10:27+00:00","dateModified":"2026-07-24T16:48:00+00:00","description":"Uluslararas\u0131 Gazeteciler Cemiyeti UGC Genel Ba\u015fkan\u0131 Ahmet \u00d6z, 24 Temmuz Gazeteciler ve Bas\u0131n Bayram\u0131 dolay\u0131s\u0131yla mesaj yay\u0131nlad\u0131.","inLanguage":"tr","potentialAction":[{"@type":"ReadAction","target":["https:\/\/epochtimestr.com\/index.php\/ugc-genel-baskani-ahmet-ozden-ilke-ve-ozgurluk-vurgusu"]}]},{"@type":"ImageObject","inLanguage":"tr","@id":"https:\/\/epochtimestr.com\/index.php\/ugc-genel-baskani-ahmet-ozden-ilke-ve-ozgurluk-vurgusu#primaryimage","url":"https:\/\/epochtimestr.com\/wp-content\/uploads\/2011y\/144064.jpg","contentUrl":"https:\/\/epochtimestr.com\/wp-content\/uploads\/2011y\/144064.jpg","width":800,"height":712},{"@type":"WebSite","@id":"https:\/\/epochtimestr.com\/#website","url":"https:\/\/epochtimestr.com\/","name":"The Epoch Times TR","description":"De\u011fi\u015fen D\u00fcnyam\u0131za Taze Bir Bak\u0131\u015f","publisher":{"@id":"https:\/\/epochtimestr.com\/#organization"},"potentialAction":[{"@type":"SearchAction","target":{"@type":"EntryPoint","urlTemplate":"https:\/\/epochtimestr.com\/?s={search_term_string}"},"query-input":"required name=search_term_string"}],"inLanguage":"tr"},{"@type":"Organization","@id":"https:\/\/epochtimestr.com\/#organization","name":"The EpochTimes T\u00fcrkiye","url":"https:\/\/epochtimestr.com\/","logo":{"@type":"ImageObject","inLanguage":"tr","@id":"https:\/\/epochtimestr.com\/#\/schema\/logo\/image\/","url":"https:\/\/epochtimestr.com\/wp-content\/uploads\/2011y\/ET-Logo-YG.jpg","contentUrl":"https:\/\/epochtimestr.com\/wp-content\/uploads\/2011y\/ET-Logo-YG.jpg","width":346,"height":29,"caption":"The EpochTimes T\u00fcrkiye"},"image":{"@id":"https:\/\/epochtimestr.com\/#\/schema\/logo\/image\/"},"sameAs":["https:\/\/www.facebook.com\/theepochtimestr","https:\/\/x.com\/TheEpochTimesTR","https:\/\/www.instagram.com\/epochtimestr"]},{"@type":"Person","@id":"https:\/\/epochtimestr.com\/#\/schema\/person\/3dc5c3adeb9f43923c5aa85889172fdd","name":"Haber Merkezi","image":{"@type":"ImageObject","inLanguage":"tr","@id":"https:\/\/epochtimestr.com\/#\/schema\/person\/image\/","url":"https:\/\/secure.gravatar.com\/avatar\/d73f772ba5a74f28601361e17c2f93e6?s=96&d=mm&r=g","contentUrl":"https:\/\/secure.gravatar.com\/avatar\/d73f772ba5a74f28601361e17c2f93e6?s=96&d=mm&r=g","caption":"Haber Merkezi"},"url":"https:\/\/epochtimestr.com\/index.php\/author\/sendag"}]}},"_links":{"self":[{"href":"https:\/\/epochtimestr.com\/index.php\/wp-json\/wp\/v2\/posts\/169183"}],"collection":[{"href":"https:\/\/epochtimestr.com\/index.php\/wp-json\/wp\/v2\/posts"}],"about":[{"href":"https:\/\/epochtimestr.com\/index.php\/wp-json\/wp\/v2\/types\/post"}],"author":[{"embeddable":true,"href":"https:\/\/epochtimestr.com\/index.php\/wp-json\/wp\/v2\/users\/12791"}],"replies":[{"embeddable":true,"href":"https:\/\/epochtimestr.com\/index.php\/wp-json\/wp\/v2\/comments?post=169183"}],"version-history":[{"count":2,"href":"https:\/\/epochtimestr.com\/index.php\/wp-json\/wp\/v2\/posts\/169183\/revisions"}],"predecessor-version":[{"id":169189,"href":"https:\/\/epochtimestr.com\/index.php\/wp-json\/wp\/v2\/posts\/169183\/revisions\/169189"}],"wp:featuredmedia":[{"embeddable":true,"href":"https:\/\/epochtimestr.com\/index.php\/wp-json\/wp\/v2\/media\/169184"}],"wp:attachment":[{"href":"https:\/\/epochtimestr.com\/index.php\/wp-json\/wp\/v2\/media?parent=169183"}],"wp:term":[{"taxonomy":"category","embeddable":true,"href":"https:\/\/epochtimestr.com\/index.php\/wp-json\/wp\/v2\/categories?post=169183"},{"taxonomy":"post_tag","embeddable":true,"href":"https:\/\/epochtimestr.com\/index.php\/wp-json\/wp\/v2\/tags?post=169183"}],"curies":[{"name":"wp","href":"https:\/\/api.w.org\/{rel}","templated":true}]}}